{"id":2202,"date":"2018-10-24T15:38:44","date_gmt":"2018-10-24T15:38:44","guid":{"rendered":"http:\/\/arbuti.com\/?p=2202"},"modified":"2023-01-20T12:11:56","modified_gmt":"2023-01-20T12:11:56","slug":"was-ist-balayage-friseur-muenchen","status":"publish","type":"post","link":"https:\/\/arbuti.com\/sv\/vad-aer-balayage-hairstylist-munich\/","title":{"rendered":"Vad \u00e4r Balayage? Fris\u00f6r M\u00fcnchen f\u00f6rklarar!"},"content":{"rendered":"<h1 class=\"has-text-color wp-block-heading\" id=\"h-was-ist-balayage\" style=\"color:#a18e9e\">Vad \u00e4r Balayage? <\/h1>\n\n\n\n<figure class=\"wp-block-image size-large\"><img loading=\"lazy\" decoding=\"async\" width=\"1006\" height=\"699\" src=\"https:\/\/arbuti.com\/wp-content\/uploads\/2018\/10\/Balayage-Arbuti.jpg\" alt=\"Balayage\" class=\"wp-image-3620\" srcset=\"https:\/\/arbuti.com\/wp-content\/uploads\/2018\/10\/Balayage-Arbuti.jpg 1006w, https:\/\/arbuti.com\/wp-content\/uploads\/2018\/10\/Balayage-Arbuti-300x208.jpg 300w, https:\/\/arbuti.com\/wp-content\/uploads\/2018\/10\/Balayage-Arbuti-768x534.jpg 768w, https:\/\/arbuti.com\/wp-content\/uploads\/2018\/10\/Balayage-Arbuti-200x139.jpg 200w, https:\/\/arbuti.com\/wp-content\/uploads\/2018\/10\/Balayage-Arbuti-400x278.jpg 400w, https:\/\/arbuti.com\/wp-content\/uploads\/2018\/10\/Balayage-Arbuti-600x417.jpg 600w, https:\/\/arbuti.com\/wp-content\/uploads\/2018\/10\/Balayage-Arbuti-800x556.jpg 800w\" sizes=\"auto, (max-width: 1006px) 100vw, 1006px\" \/><\/figure>\n\n\n\n<p id=\"h-star-balayage-friseur-in-m-nchen-erkl-rt\">Star Balayage Fris\u00f6r ARBUTI i M\u00fcnchen f\u00f6rklarar vad du b\u00f6r vara uppm\u00e4rksam p\u00e5 och vad som \u00e4r viktigt f\u00f6r en balayage.<\/p>\n\n\n\n<h2 class=\"wp-block-heading\" id=\"h-balayage\">Balayage<\/h2>\n\n\n\n<p><span class=\"notranslate\"><em>Balayage <a href=\"https:\/\/arbuti.com\/sv\/\">Fris\u00f6r M\u00fcnchen<\/a>, Arbuti Hair Salon f\u00f6rklarade.<\/em> Vi ger dig en liten inblick i <strong>Balayage<\/strong> K\u00e4rlek fr\u00e5n oss \ud83d\ude42 <\/span><\/p>\n\n\n\n<p><span class=\"notranslate\">Balayage har funnits ett tag, men denna tidl\u00f6sa teknik blir alltmer framtr\u00e4dande och \u00e4r nu en av de mest popul\u00e4ra h\u00e5rf\u00e4rgningsteknikerna i v\u00e5r salong.<\/span> <span class=\"notranslate\">H\u00e4r f\u00e5r du en professionell inblick i den blomstrande Balayage-h\u00e5rtrenden.<\/span><\/p>\n\n\n\n<h2 class=\"wp-block-heading\" id=\"h-was-ist-balayage-1\"><span class=\"notranslate\"><strong>Vad \u00e4r Balayage?<\/strong><\/span><\/h2>\n\n\n\n<p><span class=\"notranslate\">Balayage \u00e4r ett franskt ord som betyder att svepa eller m\u00e5la.<\/span>&nbsp;<span class=\"notranslate\">\"Det \u00e4r en teknik f\u00f6r h\u00e5rf\u00e4rgning p\u00e5 fri hand som ger en vacker, naturlig look utan h\u00e5rda eller uppenbara \u00e5terv\u00e4xtlinjer.\" <\/span><span class=\"notranslate\">Balayage ger en solkysst, naturlig h\u00e5rf\u00e4rg med en mjukare, mindre m\u00e4rkbar \u00e5terv\u00e4xt.<\/span> <span class=\"notranslate\">Den grundl\u00e4ggande id\u00e9n \u00e4r att mindre \u00e4r mer n\u00e4r man skapar ett naturligt, flerst\u00e4mmigt slut eller en progression.<\/span> <span class=\"notranslate\">Tekniken anv\u00e4nder ljus- och skuggor f\u00f6r att ge f\u00e4rgen flera dimensioner.<\/span><\/p>\n\n\n\n<h3 class=\"wp-block-heading\" id=\"h-wie-wird-balayage-angewendet\"><span class=\"notranslate\" style=\"color: #a97dad;\"><strong>Hur appliceras Balayage?<\/strong><\/span><\/h3>\n\n\n\n<p><span class=\"notranslate\">Balayage \u00e4r m\u00e5lat p\u00e5 ytan av h\u00e5rstr\u00e5et och inte m\u00e4ttat genom sektionen till topparna.<\/span> <span class=\"notranslate\">Detta garanterar en j\u00e4mn f\u00e4rggradient.<\/span><\/p>\n\n\n\n<figure class=\"wp-block-image size-large is-resized\"><img loading=\"lazy\" decoding=\"async\" src=\"https:\/\/arbuti.com\/wp-content\/uploads\/2018\/10\/Balayage-Muenche-Friseur-2-717x1024.jpg\" alt=\"Fris\u00f6r-Balayage-M\u00fcnchen\" class=\"wp-image-2191\" width=\"502\" height=\"717\" srcset=\"https:\/\/arbuti.com\/wp-content\/uploads\/2018\/10\/Balayage-Muenche-Friseur-2-717x1024.jpg 717w, https:\/\/arbuti.com\/wp-content\/uploads\/2018\/10\/Balayage-Muenche-Friseur-2-210x300.jpg 210w, https:\/\/arbuti.com\/wp-content\/uploads\/2018\/10\/Balayage-Muenche-Friseur-2-768x1097.jpg 768w, https:\/\/arbuti.com\/wp-content\/uploads\/2018\/10\/Balayage-Muenche-Friseur-2-200x286.jpg 200w, https:\/\/arbuti.com\/wp-content\/uploads\/2018\/10\/Balayage-Muenche-Friseur-2-400x571.jpg 400w, https:\/\/arbuti.com\/wp-content\/uploads\/2018\/10\/Balayage-Muenche-Friseur-2-600x857.jpg 600w, https:\/\/arbuti.com\/wp-content\/uploads\/2018\/10\/Balayage-Muenche-Friseur-2-800x1142.jpg 800w, https:\/\/arbuti.com\/wp-content\/uploads\/2018\/10\/Balayage-Muenche-Friseur-2.jpg 900w\" sizes=\"auto, (max-width: 502px) 100vw, 502px\" \/><\/figure>\n\n\n\n<h2 class=\"wp-block-heading\" id=\"h-wie-lange-dauert-eine-balayage\"><span class=\"notranslate\">Hur l\u00e5ng tid tar en balayage?<\/span><\/h2>\n\n\n\n<p><span class=\"notranslate\">Djupet av balayage kan variera fr\u00e5n n\u00e5gra sm\u00e5 highlights som bara tar n\u00e5gra minuter till en tredubbel process som kan ta upp till tre timmar.&nbsp;<\/span><span class=\"notranslate\">\u00c4ven om det kan ta ganska l\u00e5ng tid j\u00e4mf\u00f6rt med vanliga f\u00e4rger att skapa en flerf\u00e4rgad, flerskiktad <span style=\"color: #cc99ff;\"><strong>Balayage<\/strong><\/span> F\u00f6rdelen med att anv\u00e4nda den \u00e4r att du kan stanna l\u00e4ngre mellan n\u00e4sta f\u00e4rgbes\u00f6k.<\/span> <span class=\"notranslate\">Om du vill ha balayage baby lights kan det ta upp till 45 minuter.<\/span><\/p>\n\n\n\n<h2 class=\"wp-block-heading\" id=\"h-was-unterscheidet-balayage-von-haarfarbung\">Vad \u00e4r skillnaden mellan balayage och h\u00e5rf\u00e4rgning?<\/h2>\n\n\n\n<p><span class=\"notranslate\">Balayage skiljer sig mycket fr\u00e5n traditionella highlighters eftersom ingen folie anv\u00e4nds och f\u00e4rgen m\u00e5las p\u00e5 fri hand.<\/span> <span class=\"notranslate\">Resultatet \u00e4r \"mindre enhetligt \u00e4n typiska ljuspunkter\".<\/span> <span class=\"notranslate\">Om du har varit orolig f\u00f6r att f\u00e5 en randig f\u00e4rg efter ett bes\u00f6k hos fris\u00f6ren \u00e4r balayage ett s\u00e4kert s\u00e4tt att undvika den h\u00e5rda kontrasten mellan f\u00e4rgerna.<\/span><\/p>\n\n\n\n<p><span class=\"notranslate\">F\u00e4rgen som skapas \u00e4r helt skr\u00e4ddarsydd f\u00f6r dig och kan till och med placeras s\u00e5 att den drar uppm\u00e4rksamheten fr\u00e5n vissa ansiktsdrag.<\/span><\/p>\n\n\n\n<figure class=\"wp-block-image size-large is-resized\"><img loading=\"lazy\" decoding=\"async\" src=\"https:\/\/arbuti.com\/wp-content\/uploads\/2018\/10\/Friseur-Muenchen-01.jpg\" alt=\"Balayage M\u00fcnchen Fris\u00f6r\" class=\"wp-image-1587\" width=\"610\" height=\"610\" srcset=\"https:\/\/arbuti.com\/wp-content\/uploads\/2018\/10\/Friseur-Muenchen-01.jpg 700w, https:\/\/arbuti.com\/wp-content\/uploads\/2018\/10\/Friseur-Muenchen-01-300x300.jpg 300w, https:\/\/arbuti.com\/wp-content\/uploads\/2018\/10\/Friseur-Muenchen-01-100x100.jpg 100w, https:\/\/arbuti.com\/wp-content\/uploads\/2018\/10\/Friseur-Muenchen-01-600x600.jpg 600w, https:\/\/arbuti.com\/wp-content\/uploads\/2018\/10\/Friseur-Muenchen-01-150x150.jpg 150w, https:\/\/arbuti.com\/wp-content\/uploads\/2018\/10\/Friseur-Muenchen-01-66x66.jpg 66w, https:\/\/arbuti.com\/wp-content\/uploads\/2018\/10\/Friseur-Muenchen-01-200x200.jpg 200w, https:\/\/arbuti.com\/wp-content\/uploads\/2018\/10\/Friseur-Muenchen-01-400x400.jpg 400w\" sizes=\"auto, (max-width: 610px) 100vw, 610px\" \/><\/figure>\n\n\n\n<h2 class=\"wp-block-heading\" id=\"h-was-macht-balayage-so-popular\">Vad g\u00f6r Balayage s\u00e5 popul\u00e4rt?<\/h2>\n\n\n\n<p><span class=\"notranslate\">F\u00f6r tio \u00e5r sedan var balayage inte det f\u00e4rgfenomen som det \u00e4r idag, det \u00e4r en mycket specifik f\u00e4rgningsmetod som f\u00f6rst nyligen har blivit allm\u00e4nt spridd i Storbritannien.<\/span> <span class=\"notranslate\">Balayage \"\u00e4r s\u00e4rskilt popul\u00e4rt bland k\u00e4ndisar och \u00e4r en klassisk look f\u00f6r r\u00f6da mattan\".<\/span>&nbsp;Vi i v\u00e5r fris\u00f6r M\u00fcnchen, <a href=\"https:\/\/arbuti.com\/sv\/\">Arbuti Hair Salon<\/a> - specialiserar oss p\u00e5 balayage och utbildar oss st\u00e4ndigt i denna teknik. <span class=\"notranslate\">Efter att ha sett den p\u00e5 k\u00e4ndisar som Gisele, Chrissy Teigen och Jessica Alba \u00f6kade intresset f\u00f6r tekniken eftersom m\u00e5nga ville ha den h\u00e4r looken.<\/span><\/p>\n\n\n\n<p><span class=\"notranslate\">N\u00e5gra k\u00e4ndisar som \u00e4lskar balayage \u00e4r Rosie Huntington-Whiteley, Olivia Palermo, Jessica Biel, Jennifer Lopez, Kim Kardashian och Amber Heard.<\/span><\/p>\n\n\n\n<h2 class=\"wp-block-heading\" id=\"h-muss-ich-balayage-nachfarben\"><span class=\"notranslate\"><strong>Beh\u00f6ver jag f\u00e4rga om Balayage?<\/strong><\/span><\/h2>\n\n\n\n<p><span class=\"notranslate\">\"Balayage \u00e4r vanligtvis mycket bekv\u00e4mare n\u00e4r det g\u00e4ller omf\u00e4rgning \u00e4n traditionella f\u00e4rger, eftersom de v\u00e4xer tillbaka snyggt och inte har en kraftig \u00e5terv\u00e4xt\", s\u00e4ger jag till salongs\u00e4garen Arbuti, Balayage Hairdresser Munich.<\/span> <span class=\"notranslate\">Det inneb\u00e4r ocks\u00e5 att du kan v\u00e4nta l\u00e4ngre mellan m\u00f6tena, s\u00e5 det \u00e4r den perfekta tekniken f\u00f6r en modern, upptagen kvinna.<\/span><\/p>\n\n\n\n<p><span class=\"notranslate\">\"Om du vill att din balayage ska h\u00e5lla s\u00e5 l\u00e4nge som m\u00f6jligt ska du v\u00e4lja en babylight - det \u00e4r den mest subtila f\u00e4rgen du kan v\u00e4lja\", \u00e4r mitt r\u00e5d.<\/span> <span class=\"notranslate\">Det \u00e4r ocks\u00e5 klokt att investera i n\u00e5gra kvalitetsunderh\u00e5llsprodukter f\u00f6r att h\u00e5lla f\u00e4rgen fr\u00e4sch l\u00e4ngre, eller att komma tillbaka f\u00f6r en glansning.<\/span><\/p>\n\n\n\n<p><span class=\"notranslate\">Om din f\u00e4rg blir blek efter ett tag kan du enkelt fr\u00e4scha upp den med en glossing hos oss.&nbsp;<\/span><\/p>\n\n\n\n<figure class=\"wp-block-image size-large is-resized\"><img loading=\"lazy\" decoding=\"async\" src=\"https:\/\/arbuti.com\/wp-content\/uploads\/2018\/10\/balayage-muenchen-4-768x1024.jpg\" alt=\"Balayage-Hairdresser-Munich\" class=\"wp-image-2192\" width=\"358\" height=\"477\" srcset=\"https:\/\/arbuti.com\/wp-content\/uploads\/2018\/10\/balayage-muenchen-4-768x1024.jpg 768w, https:\/\/arbuti.com\/wp-content\/uploads\/2018\/10\/balayage-muenchen-4-225x300.jpg 225w, https:\/\/arbuti.com\/wp-content\/uploads\/2018\/10\/balayage-muenchen-4-200x267.jpg 200w, https:\/\/arbuti.com\/wp-content\/uploads\/2018\/10\/balayage-muenchen-4-400x533.jpg 400w, https:\/\/arbuti.com\/wp-content\/uploads\/2018\/10\/balayage-muenchen-4-600x800.jpg 600w, https:\/\/arbuti.com\/wp-content\/uploads\/2018\/10\/balayage-muenchen-4-800x1066.jpg 800w, https:\/\/arbuti.com\/wp-content\/uploads\/2018\/10\/balayage-muenchen-4.jpg 850w\" sizes=\"auto, (max-width: 358px) 100vw, 358px\" \/><\/figure>\n\n\n\n<h2 class=\"wp-block-heading\" id=\"h-ist-balayage-fur-alle-haartypen-oder-langen-geeignet\"><span style=\"color: #987ba8;\">Passar Balayage till alla h\u00e5rtyper eller h\u00e5rl\u00e4ngder?<\/span><\/h2>\n\n\n\n<p><span class=\"notranslate\">Den fungerar p\u00e5 b\u00e5de ljust och m\u00f6rkt h\u00e5r, beroende p\u00e5 hur mycket ljusare du vill bli och p\u00e5 alla h\u00e5rstrukturer.<\/span> <span class=\"notranslate\">Rakt, v\u00e5gigt eller lockigt, f\u00e4rgen kommer fortfarande att fungera och se bra ut.<\/span><\/p>\n\n\n\n<p><em><span class=\"notranslate\">Tekniken \u00e4r s\u00e4rskilt popul\u00e4r bland k\u00e4ndisar med l\u00e5ngt, texturerat h\u00e5r eftersom den skapar en vacker strandstil.<\/span><\/em><\/p>\n\n\n\n<h2 class=\"wp-block-heading\" id=\"h-wie-lange-halt-balayage\"><span class=\"notranslate\" style=\"color: #a168a1;\">Hur l\u00e4nge h\u00e5ller Balayage?<\/span><\/h2>\n\n\n\n<p><span class=\"notranslate\">En av de st\u00f6rsta f\u00f6rdelarna med balayage \u00e4r att \"det inte kr\u00e4ver lika mycket underh\u00e5ll som traditionell f\u00e4rg\".<\/span> <span class=\"notranslate\">Den blandade finishen g\u00f6r att du kan stanna l\u00e4ngre mellan dina salongsbes\u00f6k. Beroende p\u00e5 din balayage-stil kan det g\u00e5 upp till 4 m\u00e5nader mellan de olika uppfr\u00e4schningarna.<\/span><\/p>\n\n\n\n<p>Fler bilder av Balayage fr\u00e5n Arbuti Hair Salon <a href=\"https:\/\/arbuti.com\/sv\/bilder\/\"><strong>h\u00e4r<\/strong><\/a><\/p>\n\n\n\n<h2 class=\"wp-block-heading\" id=\"h-alles-uber-balayage\">Allt om Balayage<\/h2>\n\n\n\n<figure class=\"wp-block-image size-large is-resized\"><img loading=\"lazy\" decoding=\"async\" src=\"https:\/\/arbuti.com\/wp-content\/uploads\/2018\/10\/Balayage-Arbuti-Muenchen.jpg\" alt=\"Balayage\" class=\"wp-image-3621\" width=\"525\" height=\"656\" srcset=\"https:\/\/arbuti.com\/wp-content\/uploads\/2018\/10\/Balayage-Arbuti-Muenchen.jpg 564w, https:\/\/arbuti.com\/wp-content\/uploads\/2018\/10\/Balayage-Arbuti-Muenchen-240x300.jpg 240w, https:\/\/arbuti.com\/wp-content\/uploads\/2018\/10\/Balayage-Arbuti-Muenchen-200x250.jpg 200w, https:\/\/arbuti.com\/wp-content\/uploads\/2018\/10\/Balayage-Arbuti-Muenchen-400x500.jpg 400w\" sizes=\"auto, (max-width: 525px) 100vw, 525px\" \/><\/figure>\n\n\n\n<h3 class=\"wp-block-heading\" id=\"h-balayage-trend\"><span style=\"color: #c49f66;\">Balayage Trend<\/span><\/h3>\n\n\n\n<p>Balayage-h\u00e5ret har tagit sociala medier med storm - och det \u00e4r med goda sk\u00e4l. Balayage \u00e4r en teknik f\u00f6r att framh\u00e4va h\u00e5ret p\u00e5 fri hand som utvecklats av franska f\u00e4rgare - och vi kan ber\u00e4tta att det ser helt fantastiskt ut. \u00c4ven om du inte \u00e4r s\u00e4ker p\u00e5 vad balayage \u00e4r, har du definitivt sett dessa highlighters p\u00e5 toppartister n\u00e4r de struttar p\u00e5 r\u00f6da mattan. Man kan till och med s\u00e4ga att den har g\u00e5tt ombr\u00e9-trenden! Om du letar efter ett s\u00e4tt som inte kr\u00e4ver mycket underh\u00e5ll f\u00f6r att \u00e4ndra din h\u00e5rf\u00e4rg och ge dig sj\u00e4lv en ny look, f\u00e5r du h\u00e4r allt du beh\u00f6ver veta om balayage.<\/p>\n\n\n\n<h2 class=\"wp-block-heading\" id=\"h-was-ist-balayage-2\">Vad \u00e4r Balayage?<\/h2>\n\n\n\n<p>L\u00e5t oss b\u00f6rja med grunderna. 70-talet \u00e4r k\u00e4nt f\u00f6r m\u00e5nga saker: L\u00e5rh\u00f6ga st\u00f6vlar, flower power, orden groovy och rad - och det visar sig att det ocks\u00e5 \u00e4r det \u00e5rtionde d\u00e5 balayage highlights utvecklades. Balayage \u00e4r som sagt en highlightingteknik som utvecklades av franska f\u00e4rgmakare p\u00e5 1970-talet. P\u00e5 franska betyder ordet balayage \"svepning\", vilket beskriver hur ljuspunkterna appliceras. Balayage-h\u00f6jningar m\u00e5las p\u00e5 med en pensel. De g\u00f6rs helt p\u00e5 fri hand, det finns inget lock eller n\u00e5gon v\u00e4gledning, utan allt handlar om var f\u00e4rgs\u00e4ttaren tycker att h\u00f6jdpunkterna kommer att se b\u00e4st ut. Syftet med Balayage Highlights \u00e4r att du ska f\u00e5 ett naturligt, solkysst h\u00e5r. F\u00f6r att f\u00f6rklara tekniken mer i detalj kan vi j\u00e4mf\u00f6ra den med tv\u00e5 andra vanliga alternativ f\u00f6r att framh\u00e4va h\u00e5ret.<\/p>\n\n\n\n<h2 class=\"wp-block-heading\" id=\"h-balayage-oder-highlights\">Balayage eller highlights?<\/h2>\n\n\n\n<p>Balayage \u00e4r inte en traditionell folie- eller lockteknik, utan en frihandsteknik. Med folier f\u00e5r du en mycket j\u00e4mn finish, medan balayage ger ett mer naturligt resultat. P\u00e5 s\u00e5 s\u00e4tt kan f\u00e4rgs\u00e4ttaren ocks\u00e5 applicera f\u00e4rgen p\u00e5 vissa omr\u00e5den som han eller hon tror kommer att lysa upp dina drag.<\/p>\n\n\n\n<h2 class=\"wp-block-heading\" id=\"h-balayage-oder-ombre\">Balayage eller Ombre?<\/h2>\n\n\n\n<p>En ombr\u00e9-h\u00e5rf\u00e4rg inneb\u00e4r att h\u00e5ret gradvis \u00f6verg\u00e5r fr\u00e5n m\u00f6rkt till ljust, fr\u00e5n r\u00f6tterna till topparna. Ist\u00e4llet f\u00f6r att skapa en gradient-effekt l\u00e4ggs ljusa toner till p\u00e5 vissa omr\u00e5den i hela manen.<\/p>\n\n\n\n<div class=\"wp-block-buttons is-layout-flex wp-block-buttons-is-layout-flex\">\n<div class=\"wp-block-button\"><a class=\"wp-block-button__link wp-element-button\" href=\"https:\/\/arbuti.com\/sv\/datum\/\">BOKA ETT M\u00d6TE F\u00d6R BALAYAGE!<\/a><\/div>\n<\/div>\n\n\n\n<div style=\"height:24px\" aria-hidden=\"true\" class=\"wp-block-spacer\"><\/div>\n\n\n\n<h2 class=\"wp-block-heading\" id=\"h-faq\"><span style=\"color: #b55aed;\">VANLIGA FR\u00c5GOR<\/span><\/h2>\n\n\n\t\t<section\t\tclass=\"sc_fs_faq sc_card\"\n\t\t\t\t>\n\t\t\t\t<h3>\u00c4r Balayage r\u00e4tt f\u00f6r mig?<\/h3>\t\t\t\t<div>\n\t\t\t\t\t\t<div class=\"sc_fs_faq__content\">\n\t\t\t\t\n\n<p class=\"has-small-font-size\">Ja! S\u00e5 om du gillar trendiga h\u00e5rf\u00e4rger kan Balayage vara v\u00e4rt att prova. F\u00f6r att inte tala om att balayage \u00e4r ett bra alternativ f\u00f6r dig som \u00e4r nyb\u00f6rjare p\u00e5 f\u00e4rgning! Det \u00e4r en subtil highlightingteknik som inte \u00e4r lika drastisk som att byta h\u00e5rf\u00e4rg helt och h\u00e5llet. Balayage fungerar p\u00e5 alla h\u00e5rf\u00e4rger, s\u00e5 det spelar ingen roll om du har brunt, blont eller r\u00f6tt h\u00e5r. Om du letar efter highlights som inte kr\u00e4ver s\u00e5 mycket underh\u00e5ll som m\u00f6jligt, \u00e4r balayage det b\u00e4sta s\u00e4ttet att g\u00f6ra det. Med dessa highlighters beh\u00f6ver du inte springa till salongen med n\u00e5gra veckors mellanrum f\u00f6r att g\u00f6ra en touch-up, eftersom du inte f\u00e4rgar hela ditt h\u00e5r. N\u00e4r ljuspunkterna v\u00e4xer ut ser det ganska avsiktligt ut. Mindre korrigeringar? Ja tack!<\/p>\n\n\t\t\t<\/div>\n\t\t<\/div>\n\t\t<\/section>\n\t\t\t\t<section\t\tclass=\"sc_fs_faq sc_card\"\n\t\t\t\t>\n\t\t\t\t<h3>Hur g\u00f6rs Balayage?<\/h3>\t\t\t\t<div>\n\t\t\t\t\t\t<div class=\"sc_fs_faq__content\">\n\t\t\t\t\n\n<p class=\"has-small-font-size\">Som tidigare n\u00e4mnts g\u00f6rs balayage p\u00e5 fri hand och inte med hj\u00e4lp av verktyg som folier eller kapsyler som ofta anv\u00e4nds vid andra highlightingf\u00f6rfaranden. Detta inneb\u00e4r att f\u00e4rgen appliceras f\u00f6r hand p\u00e5 en person. Som du nu ocks\u00e5 vet betyder balayage svepning p\u00e5 franska. Tekniken har f\u00e5tt sitt namn eftersom f\u00e4rgen sveps genom h\u00e5ret med en borste och en trampdyna. Som du kanske har gissat \u00e4r detta en teknik som b\u00e4st l\u00e4mnas till proffs eftersom det kr\u00e4vs en viss niv\u00e5 av skicklighet f\u00f6r att g\u00f6ra r\u00e4tt. Om du vill hitta r\u00e4tt f\u00e4rgare kan du leta efter en som \u00e4r specialiserad p\u00e5 balayage-teknik och f\u00e5 r\u00e5d innan du f\u00e4rgar h\u00e5ret. Se till att ta med dig inspirationsbilder s\u00e5 att din f\u00e4rgs\u00e4ttare vet exakt vad du vill ha. N\u00e4r din f\u00e4rgs\u00e4ttare ser och h\u00f6r vad du vill ha av dina balayageh\u00e5r kan han\/hon skapa en skr\u00e4ddarsydd look som smickrar dig med sin kunskap om balayage.<\/p>\n\n\t\t\t<\/div>\n\t\t<\/div>\n\t\t<\/section>\n\t\t\t\t<section\t\tclass=\"sc_fs_faq sc_card\"\n\t\t\t\t>\n\t\t\t\t<h3>\u00c4r blond den enda typen av balayage?<\/h3>\t\t\t\t<div>\n\t\t\t\t\t\t<div class=\"sc_fs_faq__content\">\n\t\t\t\t\n\n<p class=\"has-small-font-size\">Nej! \u00c4ven om blond balayage \u00e4r den mer traditionella typen av balayage kan du experimentera med f\u00e4rg. Till exempel \u00e4r omv\u00e4nd balayage en trend just nu - h\u00e4r ser du ljusare h\u00e5r p\u00e5 toppen och m\u00f6rkare h\u00e5r i \u00e4ndarna.<\/p>\n\n\t\t\t<\/div>\n\t\t<\/div>\n\t\t<\/section>\n\t\t\t\t<section\t\tclass=\"sc_fs_faq sc_card\"\n\t\t\t\t>\n\t\t\t\t<h3>Hur mycket kostar en balayage?<\/h3>\t\t\t\t<div>\n\t\t\t\t\t\t<div class=\"sc_fs_faq__content\">\n\t\t\t\t\n\n<p class=\"has-small-font-size\">Kostnaden f\u00f6r balayage highlights kan variera beroende p\u00e5 var du anv\u00e4nder dem och hur erfaren din f\u00e4rgare \u00e4r. L\u00e4ngden p\u00e5 ditt h\u00e5r kan ocks\u00e5 p\u00e5verka priset, eftersom det kan p\u00e5verka hur mycket tid och produkter som kr\u00e4vs f\u00f6r dina highlights. Balayage highlights kostar i genomsnitt cirka 200 euro.<\/p>\n\n\t\t\t<\/div>\n\t\t<\/div>\n\t\t<\/section>\n\t\t\n<script type=\"application\/ld+json\">{\n    \"@context\": \"https:\\\/\\\/schema.org\",\n    \"@type\": \"FAQPage\",\n    \"mainEntity\": [\n        {\n            \"@type\": \"Question\",\n            \"name\": \"Ist Balayage das richtige f\\u00fcr mich?\",\n            \"acceptedAnswer\": {\n                \"@type\": \"Answer\",\n                \"text\": \"<p>Ja! Also, wenn trendige Haarfarben Ihr Ding sind, kann Balayage Haar einen Versuch wert sein. Ganz zu schweigen davon, dass Balayage eine gro\\u00dfartige Option f\\u00fcr Sie ist, wenn Sie ein Farbneuling sind! Es handelt sich um eine subtile Hervorhebungstechnik, die nicht so drastisch ist wie eine vollst\\u00e4ndige \\u00c4nderung Ihrer Haarfarbe. Balayage wirkt auf jede Haarfarbe, es spielt also keine Rolle, ob Sie braunes, blondes oder rotes Haar haben. Wenn Sie nach Highlights suchen, die so wartungsarm wie m\\u00f6glich sind, ist Balayage der richtige Weg. Mit diesen Highlights m\\u00fcssen Sie nicht alle paar Wochen zum Salon zum Ausbessern laufen, da Sie nicht die gesamte L\\u00e4nge Ihrer Haare f\\u00e4rben. Wenn die Highlights herauswachsen, sieht es ganz absichtlich aus. Weniger Ausbesserungen? Ja bitte!<\\\/p>\"\n            }\n        },\n        {\n            \"@type\": \"Question\",\n            \"name\": \"Wie wird Balayage gemacht?\",\n            \"acceptedAnswer\": {\n                \"@type\": \"Answer\",\n                \"text\": \"<p>Wie bereits erw\\u00e4hnt, erfolgt die Balayage freih\\u00e4ndig und nicht mit Werkzeugen wie Folien oder Kappen, die h\\u00e4ufig bei anderen Hervorhebungsverfahren verwendet werden. Das hei\\u00dft, die Farbe wird von Hand auf eine Person aufgetragen. Wie Sie jetzt auch wissen, steht Balayage f\\u00fcr Fegen auf Franz\\u00f6sisch. Diese Technik hat ihren Namen, weil die Farbe mit einer B\\u00fcrste und einem Trittbrett durch das Haar gestrichen wird. Wie Sie vielleicht schon erraten haben, ist dies eine Technik, die am besten Profis \\u00fcberlassen wird, da sie ein gewisses Ma\\u00df an K\\u00f6nnen erfordert, um richtig zu arbeiten. Um den richtigen Koloristen zu finden, suchen Sie einen, der sich auf Balayage-Techniken spezialisiert hat, und lassen Sie sich beraten, bevor Sie sich tats\\u00e4chlich die Haare f\\u00e4rben. Bringen Sie unbedingt Inspirationsfotos mit, damit Ihr Colorist genau wei\\u00df, was Sie wollen. Wenn Ihr Kolorist sieht und h\\u00f6rt, was Sie von Ihren Balayage-Highlights erwarten, kann er einen individuellen Look kreieren, der Ihnen mit seinem Wissen \\u00fcber Balayage schmeichelt.<\\\/p>\"\n            }\n        },\n        {\n            \"@type\": \"Question\",\n            \"name\": \"Ist Blond die einzige Balayage Art?\",\n            \"acceptedAnswer\": {\n                \"@type\": \"Answer\",\n                \"text\": \"<p>Nein! W\\u00e4hrend blonde Balayage die traditionellere Art der Balayage ist, k\\u00f6nnen Sie mit Farbe total experimentieren. Zum Beispiel ist Reverse Balayage heutzutage im Trend - dieser Look zeichnet sich durch helles Haar an der Oberseite und dunkleres Haar an den Enden aus.<\\\/p>\"\n            }\n        },\n        {\n            \"@type\": \"Question\",\n            \"name\": \"Wie viel kostet eine Balayage?\",\n            \"acceptedAnswer\": {\n                \"@type\": \"Answer\",\n                \"text\": \"<p>Die Kosten f\\u00fcr Balayage-Highlights k\\u00f6nnen variieren, je nachdem, wo Sie sie einsetzen und wie viel Erfahrung Ihr Colorist hat. Die L\\u00e4nge Ihres Haares kann sich auch auf den Preis auswirken, da dies Einfluss darauf haben kann, wie viel Zeit und Produkt Ihre Str\\u00e4hnen ben\\u00f6tigen. Balayage-Highlights kosten im Durchschnitt rund 200\\u20ac Euro.<\\\/p>\"\n            }\n        }\n    ]\n}<\/script>\n\n\n\n<p><\/p>","protected":false},"excerpt":{"rendered":"<p>Was ist Balayage? Star Balayage Friseur ARBUTI in M\u00fcnchen erkl\u00e4rt auf was du achten solltest und auf was es bei [&hellip;]<\/p>","protected":false},"author":1,"featured_media":3620,"comment_status":"closed","ping_status":"open","sticky":false,"template":"","format":"standard","meta":{"ub_ctt_via":"","_uag_custom_page_level_css":"","site-sidebar-layout":"right-sidebar","site-content-layout":"default","ast-site-content-layout":"","site-content-style":"default","site-sidebar-style":"default","ast-global-header-display":"","ast-banner-title-visibility":"","ast-main-header-display":"","ast-hfb-above-header-display":"","ast-hfb-below-header-display":"","ast-hfb-mobile-header-display":"","site-post-title":"","ast-breadcrumbs-content":"","ast-featured-img":"","footer-sml-layout":"","theme-transparent-header-meta":"default","adv-header-id-meta":"","stick-header-meta":"default","header-above-stick-meta":"","header-main-stick-meta":"","header-below-stick-meta":"","astra-migrate-meta-layouts":"default","ast-page-background-enabled":"default","ast-page-background-meta":{"desktop":{"background-color":"","background-image":"","background-repeat":"repeat","background-position":"center center","background-size":"auto","background-attachment":"scroll","background-type":"","background-media":"","overlay-type":"","overlay-color":"","overlay-opacity":"","overlay-gradient":""},"tablet":{"background-color":"","background-image":"","background-repeat":"repeat","background-position":"center center","background-size":"auto","background-attachment":"scroll","background-type":"","background-media":"","overlay-type":"","overlay-color":"","overlay-opacity":"","overlay-gradient":""},"mobile":{"background-color":"","background-image":"","background-repeat":"repeat","background-position":"center center","background-size":"auto","background-attachment":"scroll","background-type":"","background-media":"","overlay-type":"","overlay-color":"","overlay-opacity":"","overlay-gradient":""}},"ast-content-background-meta":{"desktop":{"background-color":"var(--ast-global-color-5)","background-image":"","background-repeat":"repeat","background-position":"center center","background-size":"auto","background-attachment":"scroll","background-type":"","background-media":"","overlay-type":"","overlay-color":"","overlay-opacity":"","overlay-gradient":""},"tablet":{"background-color":"var(--ast-global-color-5)","background-image":"","background-repeat":"repeat","background-position":"center center","background-size":"auto","background-attachment":"scroll","background-type":"","background-media":"","overlay-type":"","overlay-color":"","overlay-opacity":"","overlay-gradient":""},"mobile":{"background-color":"var(--ast-global-color-5)","background-image":"","background-repeat":"repeat","background-position":"center center","background-size":"auto","background-attachment":"scroll","background-type":"","background-media":"","overlay-type":"","overlay-color":"","overlay-opacity":"","overlay-gradient":""}},"footnotes":""},"categories":[33,206],"tags":[43,4611],"class_list":["post-2202","post","type-post","status-publish","format-standard","has-post-thumbnail","hentry","category-balayage","category-balayage-muenchen","tag-balayage","tag-balayage-muenchen"],"featured_image_src":"https:\/\/arbuti.com\/wp-content\/uploads\/2018\/10\/Balayage-Arbuti.jpg","author_info":{"display_name":"admin","author_link":"https:\/\/arbuti.com\/sv\/author\/admin\/"},"yoast_head":"<!-- This site is optimized with the Yoast SEO Premium plugin v25.3 (Yoast SEO v25.3) - https:\/\/yoast.com\/wordpress\/plugins\/seo\/ -->\n<title>Balayage - Blonde oder Braune Balayage - ARBUTI Hair Salon<\/title>\n<meta name=\"description\" content=\"Balayage Friseur Arbuti in M\u00fcnchen erkl\u00e4rt dir, warum Balayage f\u00fcr jeden Haartypen von Vorteil ist. Egal ob Blonde Balayage oder Braune. Top Trend!\" \/>\n<meta name=\"robots\" content=\"index, follow, max-snippet:-1, max-image-preview:large, max-video-preview:-1\" \/>\n<link rel=\"canonical\" href=\"https:\/\/arbuti.com\/sv\/vad-aer-balayage-hairstylist-munich\/\" \/>\n<meta property=\"og:locale\" content=\"sv_SE\" \/>\n<meta property=\"og:type\" content=\"article\" \/>\n<meta property=\"og:title\" content=\"Was ist Balayage? Friseur M\u00fcnchen erkl\u00e4rt!\" \/>\n<meta property=\"og:description\" content=\"Was ist Balayage? Star Balayage Friseur ARBUTI in M\u00fcnchen erkl\u00e4rt auf was du achten solltest und auf was es bei einer Balayage ankommt. Balayage Balayage\" \/>\n<meta property=\"og:url\" content=\"https:\/\/arbuti.com\/sv\/vad-aer-balayage-hairstylist-munich\/\" \/>\n<meta property=\"og:site_name\" content=\"ARBUTI Hair Salon\" \/>\n<meta property=\"article:publisher\" content=\"https:\/\/www.facebook.com\/Arbutihairsalon\/\" \/>\n<meta property=\"article:published_time\" content=\"2018-10-24T15:38:44+00:00\" \/>\n<meta property=\"article:modified_time\" content=\"2023-01-20T12:11:56+00:00\" \/>\n<meta property=\"og:image\" content=\"https:\/\/arbuti.com\/wp-content\/uploads\/2018\/10\/Balayage-Arbuti.jpg\" \/>\n\t<meta property=\"og:image:width\" content=\"1006\" \/>\n\t<meta property=\"og:image:height\" content=\"699\" \/>\n\t<meta property=\"og:image:type\" content=\"image\/jpeg\" \/>\n<meta name=\"author\" content=\"admin\" \/>\n<meta name=\"twitter:card\" content=\"summary_large_image\" \/>\n<meta name=\"twitter:label1\" content=\"Skriven av\" \/>\n\t<meta name=\"twitter:data1\" content=\"admin\" \/>\n\t<meta name=\"twitter:label2\" content=\"Ber\u00e4knad l\u00e4stid\" \/>\n\t<meta name=\"twitter:data2\" content=\"9 minuter\" \/>\n<script type=\"application\/ld+json\" class=\"yoast-schema-graph\">{\"@context\":\"https:\/\/schema.org\",\"@graph\":[{\"@type\":\"Article\",\"@id\":\"https:\/\/arbuti.com\/was-ist-balayage-friseur-muenchen\/#article\",\"isPartOf\":{\"@id\":\"https:\/\/arbuti.com\/was-ist-balayage-friseur-muenchen\/\"},\"author\":{\"name\":\"admin\",\"@id\":\"https:\/\/arbuti.com\/fr\/#\/schema\/person\/d85bbf7b442ca0f812c3aa0ed9eece8f\"},\"headline\":\"Was ist Balayage? Friseur M\u00fcnchen erkl\u00e4rt!\",\"datePublished\":\"2018-10-24T15:38:44+00:00\",\"dateModified\":\"2023-01-20T12:11:56+00:00\",\"mainEntityOfPage\":{\"@id\":\"https:\/\/arbuti.com\/was-ist-balayage-friseur-muenchen\/\"},\"wordCount\":1544,\"publisher\":{\"@id\":\"https:\/\/arbuti.com\/fr\/#organization\"},\"image\":{\"@id\":\"https:\/\/arbuti.com\/was-ist-balayage-friseur-muenchen\/#primaryimage\"},\"thumbnailUrl\":\"https:\/\/arbuti.com\/wp-content\/uploads\/2018\/10\/Balayage-Arbuti.jpg\",\"keywords\":[\"balayage\",\"Balayage M\u00fcnchen\"],\"articleSection\":[\"Balayage\",\"Balayage M\u00fcnchen\"],\"inLanguage\":\"sv-SE\"},{\"@type\":\"WebPage\",\"@id\":\"https:\/\/arbuti.com\/was-ist-balayage-friseur-muenchen\/\",\"url\":\"https:\/\/arbuti.com\/was-ist-balayage-friseur-muenchen\/\",\"name\":\"Balayage - Blonde oder Braune Balayage - ARBUTI Hair Salon\",\"isPartOf\":{\"@id\":\"https:\/\/arbuti.com\/fr\/#website\"},\"primaryImageOfPage\":{\"@id\":\"https:\/\/arbuti.com\/was-ist-balayage-friseur-muenchen\/#primaryimage\"},\"image\":{\"@id\":\"https:\/\/arbuti.com\/was-ist-balayage-friseur-muenchen\/#primaryimage\"},\"thumbnailUrl\":\"https:\/\/arbuti.com\/wp-content\/uploads\/2018\/10\/Balayage-Arbuti.jpg\",\"datePublished\":\"2018-10-24T15:38:44+00:00\",\"dateModified\":\"2023-01-20T12:11:56+00:00\",\"description\":\"Balayage Friseur Arbuti in M\u00fcnchen erkl\u00e4rt dir, warum Balayage f\u00fcr jeden Haartypen von Vorteil ist. Egal ob Blonde Balayage oder Braune. Top Trend!\",\"breadcrumb\":{\"@id\":\"https:\/\/arbuti.com\/was-ist-balayage-friseur-muenchen\/#breadcrumb\"},\"inLanguage\":\"sv-SE\",\"potentialAction\":[{\"@type\":\"ReadAction\",\"target\":[\"https:\/\/arbuti.com\/was-ist-balayage-friseur-muenchen\/\"]}]},{\"@type\":\"ImageObject\",\"inLanguage\":\"sv-SE\",\"@id\":\"https:\/\/arbuti.com\/was-ist-balayage-friseur-muenchen\/#primaryimage\",\"url\":\"https:\/\/arbuti.com\/wp-content\/uploads\/2018\/10\/Balayage-Arbuti.jpg\",\"contentUrl\":\"https:\/\/arbuti.com\/wp-content\/uploads\/2018\/10\/Balayage-Arbuti.jpg\",\"width\":1006,\"height\":699,\"caption\":\"Balayage\"},{\"@type\":\"BreadcrumbList\",\"@id\":\"https:\/\/arbuti.com\/was-ist-balayage-friseur-muenchen\/#breadcrumb\",\"itemListElement\":[{\"@type\":\"ListItem\",\"position\":1,\"name\":\"ARBUTI\",\"item\":\"https:\/\/arbuti.com\/\"},{\"@type\":\"ListItem\",\"position\":2,\"name\":\"Balayage\",\"item\":\"https:\/\/arbuti.com\/en\/balayage\/\"},{\"@type\":\"ListItem\",\"position\":3,\"name\":\"Was ist Balayage? Friseur M\u00fcnchen erkl\u00e4rt!\"}]},{\"@type\":\"WebSite\",\"@id\":\"https:\/\/arbuti.com\/fr\/#website\",\"url\":\"https:\/\/arbuti.com\/fr\/\",\"name\":\"ARBUTI Hair Salon\",\"description\":\"Friseur M\u00fcnchen\",\"publisher\":{\"@id\":\"https:\/\/arbuti.com\/fr\/#organization\"},\"alternateName\":\"ARBUTI\",\"potentialAction\":[{\"@type\":\"SearchAction\",\"target\":{\"@type\":\"EntryPoint\",\"urlTemplate\":\"https:\/\/arbuti.com\/fr\/?s={search_term_string}\"},\"query-input\":{\"@type\":\"PropertyValueSpecification\",\"valueRequired\":true,\"valueName\":\"search_term_string\"}}],\"inLanguage\":\"sv-SE\"},{\"@type\":\"Organization\",\"@id\":\"https:\/\/arbuti.com\/fr\/#organization\",\"name\":\"ARBUTI Hair Salon\",\"alternateName\":\"ARBUTI\",\"url\":\"https:\/\/arbuti.com\/fr\/\",\"logo\":{\"@type\":\"ImageObject\",\"inLanguage\":\"sv-SE\",\"@id\":\"https:\/\/arbuti.com\/fr\/#\/schema\/logo\/image\/\",\"url\":\"https:\/\/arbuti.com\/wp-content\/uploads\/2020\/04\/cropped-Arbuti-Friseur-Muenchen.jpg\",\"contentUrl\":\"https:\/\/arbuti.com\/wp-content\/uploads\/2020\/04\/cropped-Arbuti-Friseur-Muenchen.jpg\",\"width\":512,\"height\":512,\"caption\":\"ARBUTI Hair Salon\"},\"image\":{\"@id\":\"https:\/\/arbuti.com\/fr\/#\/schema\/logo\/image\/\"},\"sameAs\":[\"https:\/\/www.facebook.com\/Arbutihairsalon\/\",\"https:\/\/www.instagram.com\/arbutihairsalon\/\",\"https:\/\/www.pinterest.de\/arbutihairsalon\/arbuti-hair-salon\/\"]},{\"@type\":\"Person\",\"@id\":\"https:\/\/arbuti.com\/fr\/#\/schema\/person\/d85bbf7b442ca0f812c3aa0ed9eece8f\",\"name\":\"admin\",\"image\":{\"@type\":\"ImageObject\",\"inLanguage\":\"sv-SE\",\"@id\":\"https:\/\/arbuti.com\/fr\/#\/schema\/person\/image\/\",\"url\":\"https:\/\/secure.gravatar.com\/avatar\/a5ca7376327017715559ffb9b376df51?s=96&d=mm&r=g\",\"contentUrl\":\"https:\/\/secure.gravatar.com\/avatar\/a5ca7376327017715559ffb9b376df51?s=96&d=mm&r=g\",\"caption\":\"admin\"}}]}<\/script>\n<!-- \/ Yoast SEO Premium plugin. -->","yoast_head_json":{"title":"Balayage - Blonde oder Braune Balayage - ARBUTI Hair Salon","description":"Balayage Friseur Arbuti in M\u00fcnchen erkl\u00e4rt dir, warum Balayage f\u00fcr jeden Haartypen von Vorteil ist. Egal ob Blonde Balayage oder Braune. Top Trend!","robots":{"index":"index","follow":"follow","max-snippet":"max-snippet:-1","max-image-preview":"max-image-preview:large","max-video-preview":"max-video-preview:-1"},"canonical":"https:\/\/arbuti.com\/sv\/vad-aer-balayage-hairstylist-munich\/","og_locale":"sv_SE","og_type":"article","og_title":"Was ist Balayage? Friseur M\u00fcnchen erkl\u00e4rt!","og_description":"Was ist Balayage? Star Balayage Friseur ARBUTI in M\u00fcnchen erkl\u00e4rt auf was du achten solltest und auf was es bei einer Balayage ankommt. Balayage Balayage","og_url":"https:\/\/arbuti.com\/sv\/vad-aer-balayage-hairstylist-munich\/","og_site_name":"ARBUTI Hair Salon","article_publisher":"https:\/\/www.facebook.com\/Arbutihairsalon\/","article_published_time":"2018-10-24T15:38:44+00:00","article_modified_time":"2023-01-20T12:11:56+00:00","og_image":[{"width":1006,"height":699,"url":"https:\/\/arbuti.com\/wp-content\/uploads\/2018\/10\/Balayage-Arbuti.jpg","type":"image\/jpeg"}],"author":"admin","twitter_card":"summary_large_image","twitter_misc":{"Skriven av":"admin","Ber\u00e4knad l\u00e4stid":"9 minuter"},"schema":{"@context":"https:\/\/schema.org","@graph":[{"@type":"Article","@id":"https:\/\/arbuti.com\/was-ist-balayage-friseur-muenchen\/#article","isPartOf":{"@id":"https:\/\/arbuti.com\/was-ist-balayage-friseur-muenchen\/"},"author":{"name":"admin","@id":"https:\/\/arbuti.com\/fr\/#\/schema\/person\/d85bbf7b442ca0f812c3aa0ed9eece8f"},"headline":"Was ist Balayage? Friseur M\u00fcnchen erkl\u00e4rt!","datePublished":"2018-10-24T15:38:44+00:00","dateModified":"2023-01-20T12:11:56+00:00","mainEntityOfPage":{"@id":"https:\/\/arbuti.com\/was-ist-balayage-friseur-muenchen\/"},"wordCount":1544,"publisher":{"@id":"https:\/\/arbuti.com\/fr\/#organization"},"image":{"@id":"https:\/\/arbuti.com\/was-ist-balayage-friseur-muenchen\/#primaryimage"},"thumbnailUrl":"https:\/\/arbuti.com\/wp-content\/uploads\/2018\/10\/Balayage-Arbuti.jpg","keywords":["balayage","Balayage M\u00fcnchen"],"articleSection":["Balayage","Balayage M\u00fcnchen"],"inLanguage":"sv-SE"},{"@type":"WebPage","@id":"https:\/\/arbuti.com\/was-ist-balayage-friseur-muenchen\/","url":"https:\/\/arbuti.com\/was-ist-balayage-friseur-muenchen\/","name":"Balayage - Blonde oder Braune Balayage - ARBUTI Hair Salon","isPartOf":{"@id":"https:\/\/arbuti.com\/fr\/#website"},"primaryImageOfPage":{"@id":"https:\/\/arbuti.com\/was-ist-balayage-friseur-muenchen\/#primaryimage"},"image":{"@id":"https:\/\/arbuti.com\/was-ist-balayage-friseur-muenchen\/#primaryimage"},"thumbnailUrl":"https:\/\/arbuti.com\/wp-content\/uploads\/2018\/10\/Balayage-Arbuti.jpg","datePublished":"2018-10-24T15:38:44+00:00","dateModified":"2023-01-20T12:11:56+00:00","description":"Balayage Friseur Arbuti in M\u00fcnchen erkl\u00e4rt dir, warum Balayage f\u00fcr jeden Haartypen von Vorteil ist. Egal ob Blonde Balayage oder Braune. Top Trend!","breadcrumb":{"@id":"https:\/\/arbuti.com\/was-ist-balayage-friseur-muenchen\/#breadcrumb"},"inLanguage":"sv-SE","potentialAction":[{"@type":"ReadAction","target":["https:\/\/arbuti.com\/was-ist-balayage-friseur-muenchen\/"]}]},{"@type":"ImageObject","inLanguage":"sv-SE","@id":"https:\/\/arbuti.com\/was-ist-balayage-friseur-muenchen\/#primaryimage","url":"https:\/\/arbuti.com\/wp-content\/uploads\/2018\/10\/Balayage-Arbuti.jpg","contentUrl":"https:\/\/arbuti.com\/wp-content\/uploads\/2018\/10\/Balayage-Arbuti.jpg","width":1006,"height":699,"caption":"Balayage"},{"@type":"BreadcrumbList","@id":"https:\/\/arbuti.com\/was-ist-balayage-friseur-muenchen\/#breadcrumb","itemListElement":[{"@type":"ListItem","position":1,"name":"ARBUTI","item":"https:\/\/arbuti.com\/"},{"@type":"ListItem","position":2,"name":"Balayage","item":"https:\/\/arbuti.com\/en\/balayage\/"},{"@type":"ListItem","position":3,"name":"Was ist Balayage? Friseur M\u00fcnchen erkl\u00e4rt!"}]},{"@type":"WebSite","@id":"https:\/\/arbuti.com\/fr\/#website","url":"https:\/\/arbuti.com\/fr\/","name":"ARBUTI Hair Salon","description":"Friseur M\u00fcnchen","publisher":{"@id":"https:\/\/arbuti.com\/fr\/#organization"},"alternateName":"ARBUTI","potentialAction":[{"@type":"SearchAction","target":{"@type":"EntryPoint","urlTemplate":"https:\/\/arbuti.com\/fr\/?s={search_term_string}"},"query-input":{"@type":"PropertyValueSpecification","valueRequired":true,"valueName":"search_term_string"}}],"inLanguage":"sv-SE"},{"@type":"Organization","@id":"https:\/\/arbuti.com\/fr\/#organization","name":"ARBUTI Hair Salon","alternateName":"ARBUTI","url":"https:\/\/arbuti.com\/fr\/","logo":{"@type":"ImageObject","inLanguage":"sv-SE","@id":"https:\/\/arbuti.com\/fr\/#\/schema\/logo\/image\/","url":"https:\/\/arbuti.com\/wp-content\/uploads\/2020\/04\/cropped-Arbuti-Friseur-Muenchen.jpg","contentUrl":"https:\/\/arbuti.com\/wp-content\/uploads\/2020\/04\/cropped-Arbuti-Friseur-Muenchen.jpg","width":512,"height":512,"caption":"ARBUTI Hair Salon"},"image":{"@id":"https:\/\/arbuti.com\/fr\/#\/schema\/logo\/image\/"},"sameAs":["https:\/\/www.facebook.com\/Arbutihairsalon\/","https:\/\/www.instagram.com\/arbutihairsalon\/","https:\/\/www.pinterest.de\/arbutihairsalon\/arbuti-hair-salon\/"]},{"@type":"Person","@id":"https:\/\/arbuti.com\/fr\/#\/schema\/person\/d85bbf7b442ca0f812c3aa0ed9eece8f","name":"admin","image":{"@type":"ImageObject","inLanguage":"sv-SE","@id":"https:\/\/arbuti.com\/fr\/#\/schema\/person\/image\/","url":"https:\/\/secure.gravatar.com\/avatar\/a5ca7376327017715559ffb9b376df51?s=96&d=mm&r=g","contentUrl":"https:\/\/secure.gravatar.com\/avatar\/a5ca7376327017715559ffb9b376df51?s=96&d=mm&r=g","caption":"admin"}}]}},"uagb_featured_image_src":{"full":["https:\/\/arbuti.com\/wp-content\/uploads\/2018\/10\/Balayage-Arbuti.jpg",1006,699,false],"thumbnail":["https:\/\/arbuti.com\/wp-content\/uploads\/2018\/10\/Balayage-Arbuti-150x150.jpg",150,150,true],"medium":["https:\/\/arbuti.com\/wp-content\/uploads\/2018\/10\/Balayage-Arbuti-300x208.jpg",300,208,true],"medium_large":["https:\/\/arbuti.com\/wp-content\/uploads\/2018\/10\/Balayage-Arbuti-768x534.jpg",768,534,true],"large":["https:\/\/arbuti.com\/wp-content\/uploads\/2018\/10\/Balayage-Arbuti.jpg",1006,699,false],"1536x1536":["https:\/\/arbuti.com\/wp-content\/uploads\/2018\/10\/Balayage-Arbuti.jpg",1006,699,false],"2048x2048":["https:\/\/arbuti.com\/wp-content\/uploads\/2018\/10\/Balayage-Arbuti.jpg",1006,699,false],"trp-custom-language-flag":["https:\/\/arbuti.com\/wp-content\/uploads\/2018\/10\/Balayage-Arbuti.jpg",18,12,false],"wp_review_large":["https:\/\/arbuti.com\/wp-content\/uploads\/2018\/10\/Balayage-Arbuti.jpg",288,200,false],"wp_review_small":["https:\/\/arbuti.com\/wp-content\/uploads\/2018\/10\/Balayage-Arbuti.jpg",65,45,false]},"uagb_author_info":{"display_name":"admin","author_link":"https:\/\/arbuti.com\/sv\/author\/admin\/"},"uagb_comment_info":1,"uagb_excerpt":"Was ist Balayage? Star Balayage Friseur ARBUTI in M\u00fcnchen erkl\u00e4rt auf was du achten solltest und auf was es bei [&hellip;]","_links":{"self":[{"href":"https:\/\/arbuti.com\/sv\/wp-json\/wp\/v2\/posts\/2202","targetHints":{"allow":["GET"]}}],"collection":[{"href":"https:\/\/arbuti.com\/sv\/wp-json\/wp\/v2\/posts"}],"about":[{"href":"https:\/\/arbuti.com\/sv\/wp-json\/wp\/v2\/types\/post"}],"author":[{"embeddable":true,"href":"https:\/\/arbuti.com\/sv\/wp-json\/wp\/v2\/users\/1"}],"replies":[{"embeddable":true,"href":"https:\/\/arbuti.com\/sv\/wp-json\/wp\/v2\/comments?post=2202"}],"version-history":[{"count":16,"href":"https:\/\/arbuti.com\/sv\/wp-json\/wp\/v2\/posts\/2202\/revisions"}],"predecessor-version":[{"id":10965,"href":"https:\/\/arbuti.com\/sv\/wp-json\/wp\/v2\/posts\/2202\/revisions\/10965"}],"wp:featuredmedia":[{"embeddable":true,"href":"https:\/\/arbuti.com\/sv\/wp-json\/wp\/v2\/media\/3620"}],"wp:attachment":[{"href":"https:\/\/arbuti.com\/sv\/wp-json\/wp\/v2\/media?parent=2202"}],"wp:term":[{"taxonomy":"category","embeddable":true,"href":"https:\/\/arbuti.com\/sv\/wp-json\/wp\/v2\/categories?post=2202"},{"taxonomy":"post_tag","embeddable":true,"href":"https:\/\/arbuti.com\/sv\/wp-json\/wp\/v2\/tags?post=2202"}],"curies":[{"name":"wp","href":"https:\/\/api.w.org\/{rel}","templated":true}]}}