{"id":8480,"date":"2021-03-13T12:44:33","date_gmt":"2021-03-13T12:44:33","guid":{"rendered":"https:\/\/arbuti.com\/?p=8480"},"modified":"2023-01-17T11:58:39","modified_gmt":"2023-01-17T11:58:39","slug":"haarausfall-stress","status":"publish","type":"post","link":"https:\/\/arbuti.com\/sl\/stres-zaradi-izpadanja-las\/","title":{"rendered":"Stres zaradi izpadanja las"},"content":{"rendered":"<h1 class=\"wp-block-heading\" id=\"h-haarausfall-stress-was-kann-ich-tun\">Stres zaradi izpadanja las: kaj lahko storim?<\/h1>\n\n\n\n<p>Stres je velik in za nekatere lahko pomeni manj las na glavi. Znanost namre\u010d potrjuje domnevo, da je velik \u010dustveni stres lahko povezan z vsaj eno vrsto izpadanja las: Telogen effluvium. Ve\u010d o Izpadanju Las zaradi stresa si preberite tukaj!<\/p>\n\n\n\n\n\n\n<figure class=\"wp-block-image aligncenter size-large is-resized\"><a href=\"https:\/\/arbuti.com\/wp-content\/uploads\/2021\/03\/Haarausfall-Stress.jpg\"><img loading=\"lazy\" decoding=\"async\" src=\"https:\/\/arbuti.com\/wp-content\/uploads\/2021\/03\/Haarausfall-Stress.jpg\" alt=\"Stres zaradi izpadanja las\" class=\"wp-image-8483\" width=\"557\" height=\"433\" srcset=\"https:\/\/arbuti.com\/wp-content\/uploads\/2021\/03\/Haarausfall-Stress.jpg 1000w, https:\/\/arbuti.com\/wp-content\/uploads\/2021\/03\/Haarausfall-Stress-300x233.jpg 300w, https:\/\/arbuti.com\/wp-content\/uploads\/2021\/03\/Haarausfall-Stress-768x598.jpg 768w\" sizes=\"auto, (max-width: 557px) 100vw, 557px\" \/><\/a><\/figure>\n\n\n\n<h2 class=\"wp-block-heading\">Povezava med stresom in lasnim ciklusom<\/h2>\n\n\n\n<p>Na lasi\u0161\u010du odraslega \u010dloveka je pribli\u017eno 100.000 lasnih me\u0161i\u010dkov (\u010deprav se to \u0161tevilo lahko razlikuje glede na barvo las). Vsak <a href=\"https:\/\/arbuti.com\/sl\/lasni-mesicek\/\">Lasni Me\u0161i\u010dek<\/a> nenehno menja rast in po\u010ditek. Ve\u010dina teh lasnih me\u0161i\u010dkov je v dolo\u010denem trenutku v fazi rasti (anagen). Ko lasni me\u0161i\u010dek preide v telogensko fazo ali fazo mirovanja, lasje izpadejo. Med epizodo telogenega efluvija spro\u017eilec povzro\u010di nenaden, nenormalen premik las v telogeno fazo naenkrat. Eden od mo\u017enih vzrokov za to nenadno spremembo?&nbsp;<em>velik \u010dustveni stres.&nbsp;<\/em><\/p>\n\n\n\n<h2 class=\"wp-block-heading\" id=\"h-kann-haarausfall-durch-stress-kommen\">Ali je izpadanje las lahko posledica stresa?<\/h2>\n\n\n\n<p>Kaj se \u0161teje za velik \u010dustveni stres? Pomislite na ve\u010dji negativni \u017eivljenjski dogodek (npr. izgubo ljubljene osebe ali lo\u010ditev). Medtem ko en sam slab delovni dan ne bi smel dosegati tega praga, pa bi ga na primer hud in dolgotrajen stres zaradi pandemije Covid 19 lahko izpolnjeval.<\/p>\n\n\n\n<p>Da bi razumeli razmerje med pomembnimi <strong>Test stresa in izpadanja las<\/strong>raziskovalci so mi\u0161i umetno izpostavili zvo\u010dnemu stresu (oblika psihosocialnega stresa) in ugotovili, da se je zaradi tega pred\u010dasno kon\u010dala anagenska ali rastna faza lasnega cikla. Ta \u0161tudija je potrdila domnevo, da stres moti normalen cikel lasnega me\u0161i\u010dka in lahko povzro\u010di izpadanje las zaradi stresa.&nbsp;<\/p>\n\n\n\n<h2 class=\"wp-block-heading\" id=\"h-die-anzeichen-von-telogenausfluss\">Znaki telogenega izliva&nbsp;<\/h2>\n\n\n\n<p>Izpadanje las, povezano s telogenim efluvijem&nbsp;<em>razpr\u0161eni<\/em>in&nbsp;<em>Za\u010dasno<\/em>.<\/p>\n\n\n\n<p><em>Nenaden za\u010detek<\/em><\/p>\n\n\n\n<p>Za telogeni efluvium je zna\u010dilna&nbsp;<em>nenadno<\/em>&nbsp;Beginn des Haarausfalls gekennzeichnet &#8211; aber es gibt einen Haken.&nbsp;Der Haarausfall beginnt normalerweise erst etwa drei Monate nach dem ausl\u00f6senden Ereignis.&nbsp;Warum?&nbsp;Sobald die Haarfollikel vorzeitig in die Telogenphase eintreten, dauert es ungef\u00e4hr drei Monate, bis der Zyklus abgeschlossen ist und das Haar abgesto\u00dfen ist.&nbsp;Stress ist einer von mehreren Ausl\u00f6sern des Telogen-Effluviums.&nbsp;Medikamente, schwere Krankheiten und&nbsp;Geburt&nbsp;k\u00f6nnen ebenfalls eine Episode ausl\u00f6sen.&nbsp;<\/p>\n\n\n\n<p><em>Difuzno stanj\u0161anje<\/em><\/p>\n\n\n\n<p>Vzorec izpadanja las, ki je povezan s telogenim iztekanjem, je&nbsp;<em>razpr\u0161eni<\/em>&nbsp;. Izpadanje las ali raz\u0161iritev linije dela na splo\u0161no ka\u017ee na druge diagnoze, kot sta alopecija areata ali izpadanje las po \u017eenskem vzorcu . Osebe s telogenim izpadanjem las lahko opazijo tanj\u0161anje kit ali nenadno pove\u010danje izpadanja las pod tu\u0161em, na vzglavniku ali v hi\u0161i. Za normalno se \u0161teje, da na dan izpade pribli\u017eno 100 do 200 las, da si predstavljate, kako je videti 200 izpadlih las), vendar se to\u010dno \u0161tevilo spreminja glede na osebo ali <a href=\"https:\/\/arbuti.com\/sl\/izdelki-za-nego-las\/\">Nega las<\/a>. \u010ceprav med telogenim izlivijem lasi\u0161\u010da neredko izpade do 50% las, pa to stanje ne povzro\u010di popolne ple\u0161avosti.&nbsp;&nbsp;<\/p>\n\n\n\n<p><em>Za\u010dasna narava<\/em><\/p>\n\n\n\n<p>Druga dobra novica? Izpadanje las je&nbsp;<em>Za\u010dasno<\/em>&nbsp;in bi se morala vrniti na gostoto pred efluvijem, \u010deprav je ta proces na splo\u0161no po\u010dasen. Izpadanje las se lahko ustavi \u0161ele \u010dez nekaj mesecev (obi\u010dajno manj kot 6), nato pa lahko traja ve\u010d mesecev do let, da izgubljeni lasje ponovno zrastejo po\u010dasi (~ \u00bd palca na mesec).<\/p>\n\n\n\n<p>V dolo\u010denih okoli\u0161\u010dinah se lasje ne povrnejo v normalno gostoto. Po eni strani lahko telogen effluvium razkrije druge vrste dolgotrajnega izpadanja las (kot je \u017eenski vzorec). Poleg tega naj bi se gostota las s starostjo po\u010dasi zmanj\u0161evala, pri nekaterih (obi\u010dajno pri \u017eenskah, starih od 30 do 60 let) pa je lahko telogeni efluvium kroni\u010den in traja ve\u010d let.<\/p>\n\n\n\n<h2 class=\"wp-block-heading\">Ali lahko prepre\u010dimo izpadanje las zaradi stresa?<\/h2>\n\n\n\n<p>Na \u017ealost ni dokazanega na\u010dina, kako prepre\u010diti ali zaustaviti telogeni efluvium, zato naj bi s\u010dasoma sam izzvenel. Ali pa bi se morali izogniti stresu in <strong>Izpadanje las zaradi stresa<\/strong> da se ustavi!<\/p>\n\n\n\n<p>Vendar pa lahko z nekaterimi stvarmi pripomorete k splo\u0161nemu zdravju las. U\u017eivajte uravnote\u017eeno prehrano in zlasti zadostno koli\u010dino beljakovin (0,8 grama na kilogram na dan). Lasje so ve\u010dinoma sestavljeni iz beljakovin (keratina), zato ni presenetljivo, da je za ohranjanje in rast las pomembna zadostna koli\u010dina beljakovin. Izogibajte se tudi zelo tesnim pri\u010deskam, pretirani vro\u010dini ali kemi\u010dnim postopkom, saj ti prispevajo k izpadanju las. <a href=\"https:\/\/arbuti.com\/sl\/vzroki-za-izpadanje-las\/\">Povzro\u010dajo izpadanje las<\/a> lahko. Priporo\u010damo na\u0161e naravne <a href=\"https:\/\/arbuti.com\/sl\/obnovitelj-las\/\">Izdelki za rast las<\/a> Zmagovalec testa.<\/p>\n\n\n\n<p>Pri zmanj\u0161evanju u\u010dinkov stresorja lahko pomagata tudi ohranjanje \u010dustvenega zdravja in izvajanje strategij za spoprijemanje s stresom, kot je meditacija.<\/p>\n\n\n\n<p>\u010ce je izpadanje las kroni\u010dno, neenakomerno ali povezano z rde\u010dico, srbenjem ali bole\u010dino, obi\u0161\u010dite zdravnika .<\/p>\n\n\n\n<h2 class=\"wp-block-heading\" id=\"h-faq\">POGOSTA VPRA\u0160ANJA<\/h2>\n\n\n\t\t<section\t\tclass=\"sc_fs_faq sc_card\"\n\t\t\t\t>\n\t\t\t\t<h3>Ali lahko stres povzro\u010di izpadanje las in ali lasje zrastejo nazaj?<\/h3>\t\t\t\t<div>\n\t\t\t\t\t\t<div class=\"sc_fs_faq__content\">\n\t\t\t\t\n\n<p>Stres in izpadanje las nista nujno trajna. \u010ce nadzorujete stres, vam lahko lasje zrastejo nazaj. \u010ce opazite nenadno ali neenakomerno izpadanje las ali \u010de pri \u010desanju ali umivanju las izpadate bolj kot obi\u010dajno, se posvetujte s svojim zdravnikom. Preberite \u010dlanek in izvedeli boste ve\u010d o tem, kaj storiti!<\/p>\n\n\t\t\t<\/div>\n\t\t<\/div>\n\t\t<\/section>\n\t\t\t\t<section\t\tclass=\"sc_fs_faq sc_card\"\n\t\t\t\t>\n\t\t\t\t<h3>Kako je videti izpadanje las zaradi stresa?<\/h3>\t\t\t\t<div>\n\t\t\t\t\t\t<div class=\"sc_fs_faq__content\">\n\t\t\t\t\n\n<p>Kako vem, ali mi lasje izpadajo zaradi stresa? Ve\u010d kot 100 pramenov las, ki zama\u0161ijo odtok pod tu\u0161em ali krta\u010do za lase, je zanesljiv znak izpadanja las. Pri telogenem izlivu opazite, da se lasje na lasi\u0161\u010du tanj\u0161ajo. Pri alopeciji lahko na lasi\u0161\u010du opazite ple\u0161aste pramene las.<\/p>\n\n\t\t\t<\/div>\n\t\t<\/div>\n\t\t<\/section>\n\t\t\t\t<section\t\tclass=\"sc_fs_faq sc_card\"\n\t\t\t\t>\n\t\t\t\t<h3>Kako dolgo traja izpadanje las zaradi stresa?<\/h3>\t\t\t\t<div>\n\t\t\t\t\t\t<div class=\"sc_fs_faq__content\">\n\t\t\t\t\n\n<p>Izpadanje las se obi\u010dajno za\u010dne dva do \u0161tiri mesece po dogodku, ki je povzro\u010dil te\u017eave, in traja pribli\u017eno \u0161est mesecev. Novi lasje za\u010dnejo rasti takoj po izpadanju, vendar lahko ob\u010dutno rast opazite \u0161ele \u010dez nekaj mesecev.<\/p>\n\n\t\t\t<\/div>\n\t\t<\/div>\n\t\t<\/section>\n\t\t\n<script type=\"application\/ld+json\">{\n    \"@context\": \"https:\\\/\\\/schema.org\",\n    \"@type\": \"FAQPage\",\n    \"mainEntity\": [\n        {\n            \"@type\": \"Question\",\n            \"name\": \"Kann Stress Haarausfall verursachen und w\\u00e4chst er nach?\",\n            \"acceptedAnswer\": {\n                \"@type\": \"Answer\",\n                \"text\": \"<p>Stress und Haarausfall m\\u00fcssen nicht dauerhaft sein. Wenn Sie Ihren Stress unter Kontrolle haben, k\\u00f6nnen Ihre Haare nachwachsen. Wenn Sie beim K\\u00e4mmen oder Waschen Ihrer Haare einen pl\\u00f6tzlichen oder fleckigen Haarausfall oder mehr als den \\u00fcblichen Haarausfall bemerken, sprechen Sie mit Ihrem Arzt. In dem Artikel erfahren Sie mehr was zu tun ist!<\\\/p>\"\n            }\n        },\n        {\n            \"@type\": \"Question\",\n            \"name\": \"Wie sieht Haarausfall durch Stress aus?\",\n            \"acceptedAnswer\": {\n                \"@type\": \"Answer\",\n                \"text\": \"<p>Woher wei\\u00df ich, ob mein Haar aufgrund von Stress ausf\\u00e4llt? Mehr als 100 Haarstr\\u00e4hnen, die Ihren Duschabfluss oder die Haarb\\u00fcrste verstopfen, sind ein sicheres Zeichen f\\u00fcr Haarausfall. Im Telogen-Effluvium werden Sie feststellen, dass die Haare auf der Kopfhaut d\\u00fcnner werden. Bei Alopezie k\\u00f6nnen Sie kahle Haarstr\\u00e4hnen auf der Kopfhaut bemerken.<\\\/p>\"\n            }\n        },\n        {\n            \"@type\": \"Question\",\n            \"name\": \"Wie lange h\\u00e4lt der Haarausfall durch Stress an?\",\n            \"acceptedAnswer\": {\n                \"@type\": \"Answer\",\n                \"text\": \"<p>Normalerweise beginnt der Haarausfall zwei bis vier Monate nach dem Ereignis, das das Problem ausgel\\u00f6st hat, und dauert ungef\\u00e4hr sechs Monate. Neue Haare beginnen unmittelbar nach dem Haarausfall zu wachsen, aber ein deutliches Wachstum kann mehrere Monate lang nicht bemerkt werden.<\\\/p>\"\n            }\n        }\n    ]\n}<\/script>","protected":false},"excerpt":{"rendered":"<p>Haarausfall Stress: Was kann ich tun? Der Stress ist hoch und f\u00fcr einige k\u00f6nnte dies weniger Haare auf dem Kopf [&hellip;]<\/p>","protected":false},"author":1,"featured_media":8483,"comment_status":"closed","ping_status":"open","sticky":false,"template":"","format":"standard","meta":{"ub_ctt_via":"","_uag_custom_page_level_css":"","site-sidebar-layout":"default","site-content-layout":"default","ast-site-content-layout":"","site-content-style":"default","site-sidebar-style":"default","ast-global-header-display":"","ast-banner-title-visibility":"","ast-main-header-display":"","ast-hfb-above-header-display":"","ast-hfb-below-header-display":"","ast-hfb-mobile-header-display":"","site-post-title":"","ast-breadcrumbs-content":"","ast-featured-img":"","footer-sml-layout":"","theme-transparent-header-meta":"default","adv-header-id-meta":"","stick-header-meta":"default","header-above-stick-meta":"","header-main-stick-meta":"","header-below-stick-meta":"","astra-migrate-meta-layouts":"default","ast-page-background-enabled":"default","ast-page-background-meta":{"desktop":{"background-color":"","background-image":"","background-repeat":"repeat","background-position":"center center","background-size":"auto","background-attachment":"scroll","background-type":"","background-media":"","overlay-type":"","overlay-color":"","overlay-opacity":"","overlay-gradient":""},"tablet":{"background-color":"","background-image":"","background-repeat":"repeat","background-position":"center center","background-size":"auto","background-attachment":"scroll","background-type":"","background-media":"","overlay-type":"","overlay-color":"","overlay-opacity":"","overlay-gradient":""},"mobile":{"background-color":"","background-image":"","background-repeat":"repeat","background-position":"center center","background-size":"auto","background-attachment":"scroll","background-type":"","background-media":"","overlay-type":"","overlay-color":"","overlay-opacity":"","overlay-gradient":""}},"ast-content-background-meta":{"desktop":{"background-color":"var(--ast-global-color-5)","background-image":"","background-repeat":"repeat","background-position":"center center","background-size":"auto","background-attachment":"scroll","background-type":"","background-media":"","overlay-type":"","overlay-color":"","overlay-opacity":"","overlay-gradient":""},"tablet":{"background-color":"var(--ast-global-color-5)","background-image":"","background-repeat":"repeat","background-position":"center center","background-size":"auto","background-attachment":"scroll","background-type":"","background-media":"","overlay-type":"","overlay-color":"","overlay-opacity":"","overlay-gradient":""},"mobile":{"background-color":"var(--ast-global-color-5)","background-image":"","background-repeat":"repeat","background-position":"center center","background-size":"auto","background-attachment":"scroll","background-type":"","background-media":"","overlay-type":"","overlay-color":"","overlay-opacity":"","overlay-gradient":""}},"footnotes":""},"categories":[6329],"tags":[],"class_list":["post-8480","post","type-post","status-publish","format-standard","has-post-thumbnail","hentry","category-haarausfall"],"featured_image_src":"https:\/\/arbuti.com\/wp-content\/uploads\/2021\/03\/Haarausfall-Stress.jpg","author_info":{"display_name":"admin","author_link":"https:\/\/arbuti.com\/sl\/author\/admin\/"},"yoast_head":"<!-- This site is optimized with the Yoast SEO Premium plugin v25.3 (Yoast SEO v25.3) - https:\/\/yoast.com\/wordpress\/plugins\/seo\/ -->\n<title>Haarausfall Stress: Kann Stress zu Haarausfall f\u00fchren? Was tun?<\/title>\n<meta name=\"description\" content=\"Haarausfall durch Stress was tun? Wir haben alle Fakten in Bezug auf Stress und Haarausfall und was hilft!\" \/>\n<meta name=\"robots\" content=\"index, follow, max-snippet:-1, max-image-preview:large, max-video-preview:-1\" \/>\n<link rel=\"canonical\" href=\"https:\/\/arbuti.com\/sl\/stres-zaradi-izpadanja-las\/\" \/>\n<meta property=\"og:locale\" content=\"sl_SI\" \/>\n<meta property=\"og:type\" content=\"article\" \/>\n<meta property=\"og:title\" content=\"Haarausfall Stress\" \/>\n<meta property=\"og:description\" content=\"Haarausfall Stress: Was kann ich tun? Der Stress ist hoch und f\u00fcr einige k\u00f6nnte dies weniger Haare auf dem Kopf bedeuten. In der Tat unterst\u00fctzt die\" \/>\n<meta property=\"og:url\" content=\"https:\/\/arbuti.com\/sl\/stres-zaradi-izpadanja-las\/\" \/>\n<meta property=\"og:site_name\" content=\"ARBUTI Hair Salon\" \/>\n<meta property=\"article:publisher\" content=\"https:\/\/www.facebook.com\/Arbutihairsalon\/\" \/>\n<meta property=\"article:published_time\" content=\"2021-03-13T12:44:33+00:00\" \/>\n<meta property=\"article:modified_time\" content=\"2023-01-17T11:58:39+00:00\" \/>\n<meta property=\"og:image\" content=\"https:\/\/arbuti.com\/wp-content\/uploads\/2021\/03\/Haarausfall-Stress.jpg\" \/>\n\t<meta property=\"og:image:width\" content=\"1000\" \/>\n\t<meta property=\"og:image:height\" content=\"778\" \/>\n\t<meta property=\"og:image:type\" content=\"image\/jpeg\" \/>\n<meta name=\"author\" content=\"admin\" \/>\n<meta name=\"twitter:card\" content=\"summary_large_image\" \/>\n<meta name=\"twitter:label1\" content=\"Written by\" \/>\n\t<meta name=\"twitter:data1\" content=\"admin\" \/>\n\t<meta name=\"twitter:label2\" content=\"Est. reading time\" \/>\n\t<meta name=\"twitter:data2\" content=\"6 minut\" \/>\n<script type=\"application\/ld+json\" class=\"yoast-schema-graph\">{\"@context\":\"https:\/\/schema.org\",\"@graph\":[{\"@type\":\"Article\",\"@id\":\"https:\/\/arbuti.com\/haarausfall-stress\/#article\",\"isPartOf\":{\"@id\":\"https:\/\/arbuti.com\/haarausfall-stress\/\"},\"author\":{\"name\":\"admin\",\"@id\":\"https:\/\/arbuti.com\/fr\/#\/schema\/person\/d85bbf7b442ca0f812c3aa0ed9eece8f\"},\"headline\":\"Haarausfall Stress\",\"datePublished\":\"2021-03-13T12:44:33+00:00\",\"dateModified\":\"2023-01-17T11:58:39+00:00\",\"mainEntityOfPage\":{\"@id\":\"https:\/\/arbuti.com\/haarausfall-stress\/\"},\"wordCount\":1023,\"publisher\":{\"@id\":\"https:\/\/arbuti.com\/fr\/#organization\"},\"image\":{\"@id\":\"https:\/\/arbuti.com\/haarausfall-stress\/#primaryimage\"},\"thumbnailUrl\":\"https:\/\/arbuti.com\/wp-content\/uploads\/2021\/03\/Haarausfall-Stress.jpg\",\"articleSection\":[\"Haarausfall\"],\"inLanguage\":\"sl-SI\"},{\"@type\":\"WebPage\",\"@id\":\"https:\/\/arbuti.com\/haarausfall-stress\/\",\"url\":\"https:\/\/arbuti.com\/haarausfall-stress\/\",\"name\":\"Haarausfall Stress: Kann Stress zu Haarausfall f\u00fchren? Was tun?\",\"isPartOf\":{\"@id\":\"https:\/\/arbuti.com\/fr\/#website\"},\"primaryImageOfPage\":{\"@id\":\"https:\/\/arbuti.com\/haarausfall-stress\/#primaryimage\"},\"image\":{\"@id\":\"https:\/\/arbuti.com\/haarausfall-stress\/#primaryimage\"},\"thumbnailUrl\":\"https:\/\/arbuti.com\/wp-content\/uploads\/2021\/03\/Haarausfall-Stress.jpg\",\"datePublished\":\"2021-03-13T12:44:33+00:00\",\"dateModified\":\"2023-01-17T11:58:39+00:00\",\"description\":\"Haarausfall durch Stress was tun? Wir haben alle Fakten in Bezug auf Stress und Haarausfall und was hilft!\",\"breadcrumb\":{\"@id\":\"https:\/\/arbuti.com\/haarausfall-stress\/#breadcrumb\"},\"inLanguage\":\"sl-SI\",\"potentialAction\":[{\"@type\":\"ReadAction\",\"target\":[\"https:\/\/arbuti.com\/haarausfall-stress\/\"]}]},{\"@type\":\"ImageObject\",\"inLanguage\":\"sl-SI\",\"@id\":\"https:\/\/arbuti.com\/haarausfall-stress\/#primaryimage\",\"url\":\"https:\/\/arbuti.com\/wp-content\/uploads\/2021\/03\/Haarausfall-Stress.jpg\",\"contentUrl\":\"https:\/\/arbuti.com\/wp-content\/uploads\/2021\/03\/Haarausfall-Stress.jpg\",\"width\":1000,\"height\":778,\"caption\":\"Haarausfall-Stress\"},{\"@type\":\"BreadcrumbList\",\"@id\":\"https:\/\/arbuti.com\/haarausfall-stress\/#breadcrumb\",\"itemListElement\":[{\"@type\":\"ListItem\",\"position\":1,\"name\":\"ARBUTI\",\"item\":\"https:\/\/arbuti.com\/\"},{\"@type\":\"ListItem\",\"position\":2,\"name\":\"Haarausfall\",\"item\":\"https:\/\/arbuti.com\/fr\/categorie\/haarausfall\/\"},{\"@type\":\"ListItem\",\"position\":3,\"name\":\"Haarausfall Stress\"}]},{\"@type\":\"WebSite\",\"@id\":\"https:\/\/arbuti.com\/fr\/#website\",\"url\":\"https:\/\/arbuti.com\/fr\/\",\"name\":\"ARBUTI Hair Salon\",\"description\":\"Friseur M\u00fcnchen\",\"publisher\":{\"@id\":\"https:\/\/arbuti.com\/fr\/#organization\"},\"alternateName\":\"ARBUTI\",\"potentialAction\":[{\"@type\":\"SearchAction\",\"target\":{\"@type\":\"EntryPoint\",\"urlTemplate\":\"https:\/\/arbuti.com\/fr\/?s={search_term_string}\"},\"query-input\":{\"@type\":\"PropertyValueSpecification\",\"valueRequired\":true,\"valueName\":\"search_term_string\"}}],\"inLanguage\":\"sl-SI\"},{\"@type\":\"Organization\",\"@id\":\"https:\/\/arbuti.com\/fr\/#organization\",\"name\":\"ARBUTI Hair Salon\",\"alternateName\":\"ARBUTI\",\"url\":\"https:\/\/arbuti.com\/fr\/\",\"logo\":{\"@type\":\"ImageObject\",\"inLanguage\":\"sl-SI\",\"@id\":\"https:\/\/arbuti.com\/fr\/#\/schema\/logo\/image\/\",\"url\":\"https:\/\/arbuti.com\/wp-content\/uploads\/2020\/04\/cropped-Arbuti-Friseur-Muenchen.jpg\",\"contentUrl\":\"https:\/\/arbuti.com\/wp-content\/uploads\/2020\/04\/cropped-Arbuti-Friseur-Muenchen.jpg\",\"width\":512,\"height\":512,\"caption\":\"ARBUTI Hair Salon\"},\"image\":{\"@id\":\"https:\/\/arbuti.com\/fr\/#\/schema\/logo\/image\/\"},\"sameAs\":[\"https:\/\/www.facebook.com\/Arbutihairsalon\/\",\"https:\/\/www.instagram.com\/arbutihairsalon\/\",\"https:\/\/www.pinterest.de\/arbutihairsalon\/arbuti-hair-salon\/\"]},{\"@type\":\"Person\",\"@id\":\"https:\/\/arbuti.com\/fr\/#\/schema\/person\/d85bbf7b442ca0f812c3aa0ed9eece8f\",\"name\":\"admin\",\"image\":{\"@type\":\"ImageObject\",\"inLanguage\":\"sl-SI\",\"@id\":\"https:\/\/arbuti.com\/fr\/#\/schema\/person\/image\/\",\"url\":\"https:\/\/secure.gravatar.com\/avatar\/a5ca7376327017715559ffb9b376df51?s=96&d=mm&r=g\",\"contentUrl\":\"https:\/\/secure.gravatar.com\/avatar\/a5ca7376327017715559ffb9b376df51?s=96&d=mm&r=g\",\"caption\":\"admin\"}}]}<\/script>\n<!-- \/ Yoast SEO Premium plugin. -->","yoast_head_json":{"title":"Haarausfall Stress: Kann Stress zu Haarausfall f\u00fchren? Was tun?","description":"Haarausfall durch Stress was tun? Wir haben alle Fakten in Bezug auf Stress und Haarausfall und was hilft!","robots":{"index":"index","follow":"follow","max-snippet":"max-snippet:-1","max-image-preview":"max-image-preview:large","max-video-preview":"max-video-preview:-1"},"canonical":"https:\/\/arbuti.com\/sl\/stres-zaradi-izpadanja-las\/","og_locale":"sl_SI","og_type":"article","og_title":"Haarausfall Stress","og_description":"Haarausfall Stress: Was kann ich tun? Der Stress ist hoch und f\u00fcr einige k\u00f6nnte dies weniger Haare auf dem Kopf bedeuten. In der Tat unterst\u00fctzt die","og_url":"https:\/\/arbuti.com\/sl\/stres-zaradi-izpadanja-las\/","og_site_name":"ARBUTI Hair Salon","article_publisher":"https:\/\/www.facebook.com\/Arbutihairsalon\/","article_published_time":"2021-03-13T12:44:33+00:00","article_modified_time":"2023-01-17T11:58:39+00:00","og_image":[{"width":1000,"height":778,"url":"https:\/\/arbuti.com\/wp-content\/uploads\/2021\/03\/Haarausfall-Stress.jpg","type":"image\/jpeg"}],"author":"admin","twitter_card":"summary_large_image","twitter_misc":{"Written by":"admin","Est. reading time":"6 minut"},"schema":{"@context":"https:\/\/schema.org","@graph":[{"@type":"Article","@id":"https:\/\/arbuti.com\/haarausfall-stress\/#article","isPartOf":{"@id":"https:\/\/arbuti.com\/haarausfall-stress\/"},"author":{"name":"admin","@id":"https:\/\/arbuti.com\/fr\/#\/schema\/person\/d85bbf7b442ca0f812c3aa0ed9eece8f"},"headline":"Haarausfall Stress","datePublished":"2021-03-13T12:44:33+00:00","dateModified":"2023-01-17T11:58:39+00:00","mainEntityOfPage":{"@id":"https:\/\/arbuti.com\/haarausfall-stress\/"},"wordCount":1023,"publisher":{"@id":"https:\/\/arbuti.com\/fr\/#organization"},"image":{"@id":"https:\/\/arbuti.com\/haarausfall-stress\/#primaryimage"},"thumbnailUrl":"https:\/\/arbuti.com\/wp-content\/uploads\/2021\/03\/Haarausfall-Stress.jpg","articleSection":["Haarausfall"],"inLanguage":"sl-SI"},{"@type":"WebPage","@id":"https:\/\/arbuti.com\/haarausfall-stress\/","url":"https:\/\/arbuti.com\/haarausfall-stress\/","name":"Haarausfall Stress: Kann Stress zu Haarausfall f\u00fchren? Was tun?","isPartOf":{"@id":"https:\/\/arbuti.com\/fr\/#website"},"primaryImageOfPage":{"@id":"https:\/\/arbuti.com\/haarausfall-stress\/#primaryimage"},"image":{"@id":"https:\/\/arbuti.com\/haarausfall-stress\/#primaryimage"},"thumbnailUrl":"https:\/\/arbuti.com\/wp-content\/uploads\/2021\/03\/Haarausfall-Stress.jpg","datePublished":"2021-03-13T12:44:33+00:00","dateModified":"2023-01-17T11:58:39+00:00","description":"Haarausfall durch Stress was tun? Wir haben alle Fakten in Bezug auf Stress und Haarausfall und was hilft!","breadcrumb":{"@id":"https:\/\/arbuti.com\/haarausfall-stress\/#breadcrumb"},"inLanguage":"sl-SI","potentialAction":[{"@type":"ReadAction","target":["https:\/\/arbuti.com\/haarausfall-stress\/"]}]},{"@type":"ImageObject","inLanguage":"sl-SI","@id":"https:\/\/arbuti.com\/haarausfall-stress\/#primaryimage","url":"https:\/\/arbuti.com\/wp-content\/uploads\/2021\/03\/Haarausfall-Stress.jpg","contentUrl":"https:\/\/arbuti.com\/wp-content\/uploads\/2021\/03\/Haarausfall-Stress.jpg","width":1000,"height":778,"caption":"Haarausfall-Stress"},{"@type":"BreadcrumbList","@id":"https:\/\/arbuti.com\/haarausfall-stress\/#breadcrumb","itemListElement":[{"@type":"ListItem","position":1,"name":"ARBUTI","item":"https:\/\/arbuti.com\/"},{"@type":"ListItem","position":2,"name":"Haarausfall","item":"https:\/\/arbuti.com\/fr\/categorie\/haarausfall\/"},{"@type":"ListItem","position":3,"name":"Haarausfall Stress"}]},{"@type":"WebSite","@id":"https:\/\/arbuti.com\/fr\/#website","url":"https:\/\/arbuti.com\/fr\/","name":"ARBUTI Hair Salon","description":"Friseur M\u00fcnchen","publisher":{"@id":"https:\/\/arbuti.com\/fr\/#organization"},"alternateName":"ARBUTI","potentialAction":[{"@type":"SearchAction","target":{"@type":"EntryPoint","urlTemplate":"https:\/\/arbuti.com\/fr\/?s={search_term_string}"},"query-input":{"@type":"PropertyValueSpecification","valueRequired":true,"valueName":"search_term_string"}}],"inLanguage":"sl-SI"},{"@type":"Organization","@id":"https:\/\/arbuti.com\/fr\/#organization","name":"ARBUTI Hair Salon","alternateName":"ARBUTI","url":"https:\/\/arbuti.com\/fr\/","logo":{"@type":"ImageObject","inLanguage":"sl-SI","@id":"https:\/\/arbuti.com\/fr\/#\/schema\/logo\/image\/","url":"https:\/\/arbuti.com\/wp-content\/uploads\/2020\/04\/cropped-Arbuti-Friseur-Muenchen.jpg","contentUrl":"https:\/\/arbuti.com\/wp-content\/uploads\/2020\/04\/cropped-Arbuti-Friseur-Muenchen.jpg","width":512,"height":512,"caption":"ARBUTI Hair Salon"},"image":{"@id":"https:\/\/arbuti.com\/fr\/#\/schema\/logo\/image\/"},"sameAs":["https:\/\/www.facebook.com\/Arbutihairsalon\/","https:\/\/www.instagram.com\/arbutihairsalon\/","https:\/\/www.pinterest.de\/arbutihairsalon\/arbuti-hair-salon\/"]},{"@type":"Person","@id":"https:\/\/arbuti.com\/fr\/#\/schema\/person\/d85bbf7b442ca0f812c3aa0ed9eece8f","name":"admin","image":{"@type":"ImageObject","inLanguage":"sl-SI","@id":"https:\/\/arbuti.com\/fr\/#\/schema\/person\/image\/","url":"https:\/\/secure.gravatar.com\/avatar\/a5ca7376327017715559ffb9b376df51?s=96&d=mm&r=g","contentUrl":"https:\/\/secure.gravatar.com\/avatar\/a5ca7376327017715559ffb9b376df51?s=96&d=mm&r=g","caption":"admin"}}]}},"uagb_featured_image_src":{"full":["https:\/\/arbuti.com\/wp-content\/uploads\/2021\/03\/Haarausfall-Stress.jpg",1000,778,false],"thumbnail":["https:\/\/arbuti.com\/wp-content\/uploads\/2021\/03\/Haarausfall-Stress-150x150.jpg",150,150,true],"medium":["https:\/\/arbuti.com\/wp-content\/uploads\/2021\/03\/Haarausfall-Stress-300x233.jpg",300,233,true],"medium_large":["https:\/\/arbuti.com\/wp-content\/uploads\/2021\/03\/Haarausfall-Stress-768x598.jpg",768,598,true],"large":["https:\/\/arbuti.com\/wp-content\/uploads\/2021\/03\/Haarausfall-Stress.jpg",1000,778,false],"1536x1536":["https:\/\/arbuti.com\/wp-content\/uploads\/2021\/03\/Haarausfall-Stress.jpg",1000,778,false],"2048x2048":["https:\/\/arbuti.com\/wp-content\/uploads\/2021\/03\/Haarausfall-Stress.jpg",1000,778,false],"trp-custom-language-flag":["https:\/\/arbuti.com\/wp-content\/uploads\/2021\/03\/Haarausfall-Stress.jpg",15,12,false],"wp_review_large":["https:\/\/arbuti.com\/wp-content\/uploads\/2021\/03\/Haarausfall-Stress-320x200.jpg",320,200,true],"wp_review_small":["https:\/\/arbuti.com\/wp-content\/uploads\/2021\/03\/Haarausfall-Stress-65x65.jpg",65,65,true]},"uagb_author_info":{"display_name":"admin","author_link":"https:\/\/arbuti.com\/sl\/author\/admin\/"},"uagb_comment_info":0,"uagb_excerpt":"Haarausfall Stress: Was kann ich tun? Der Stress ist hoch und f\u00fcr einige k\u00f6nnte dies weniger Haare auf dem Kopf [&hellip;]","_links":{"self":[{"href":"https:\/\/arbuti.com\/sl\/wp-json\/wp\/v2\/posts\/8480","targetHints":{"allow":["GET"]}}],"collection":[{"href":"https:\/\/arbuti.com\/sl\/wp-json\/wp\/v2\/posts"}],"about":[{"href":"https:\/\/arbuti.com\/sl\/wp-json\/wp\/v2\/types\/post"}],"author":[{"embeddable":true,"href":"https:\/\/arbuti.com\/sl\/wp-json\/wp\/v2\/users\/1"}],"replies":[{"embeddable":true,"href":"https:\/\/arbuti.com\/sl\/wp-json\/wp\/v2\/comments?post=8480"}],"version-history":[{"count":7,"href":"https:\/\/arbuti.com\/sl\/wp-json\/wp\/v2\/posts\/8480\/revisions"}],"predecessor-version":[{"id":13565,"href":"https:\/\/arbuti.com\/sl\/wp-json\/wp\/v2\/posts\/8480\/revisions\/13565"}],"wp:featuredmedia":[{"embeddable":true,"href":"https:\/\/arbuti.com\/sl\/wp-json\/wp\/v2\/media\/8483"}],"wp:attachment":[{"href":"https:\/\/arbuti.com\/sl\/wp-json\/wp\/v2\/media?parent=8480"}],"wp:term":[{"taxonomy":"category","embeddable":true,"href":"https:\/\/arbuti.com\/sl\/wp-json\/wp\/v2\/categories?post=8480"},{"taxonomy":"post_tag","embeddable":true,"href":"https:\/\/arbuti.com\/sl\/wp-json\/wp\/v2\/tags?post=8480"}],"curies":[{"name":"wp","href":"https:\/\/api.w.org\/{rel}","templated":true}]}}