{"id":8268,"date":"2021-03-11T09:57:11","date_gmt":"2021-03-11T09:57:11","guid":{"rendered":"https:\/\/arbuti.com\/?p=8268"},"modified":"2023-01-17T12:00:03","modified_gmt":"2023-01-17T12:00:03","slug":"redensyl","status":"publish","type":"post","link":"https:\/\/arbuti.com\/sl\/redensyl\/","title":{"rendered":"Redensyl"},"content":{"rendered":"<h1 class=\"has-text-align-center wp-block-heading\" id=\"h-redensyl\">Redensyl<\/h1>\n\n\n\n<p class=\"has-text-align-center\">Ali Redensyl res podpira <a href=\"https:\/\/arbuti.com\/sl\/obnovitelj-las\/\">Rast Las<\/a> in pomaga zmanj\u0161ati izpadanje las? Tukaj smo za vas pripravili povzetek zdravila Redensyl.<\/p>\n\n\n\n\n\n\n<figure class=\"wp-block-image aligncenter size-large is-resized\"><img loading=\"lazy\" decoding=\"async\" src=\"https:\/\/arbuti.com\/wp-content\/uploads\/2021\/03\/Redensyl.jpg\" alt=\"Redensyl\" class=\"wp-image-8271\" width=\"758\" height=\"590\" srcset=\"https:\/\/arbuti.com\/wp-content\/uploads\/2021\/03\/Redensyl.jpg 1000w, https:\/\/arbuti.com\/wp-content\/uploads\/2021\/03\/Redensyl-300x233.jpg 300w, https:\/\/arbuti.com\/wp-content\/uploads\/2021\/03\/Redensyl-768x598.jpg 768w\" sizes=\"auto, (max-width: 758px) 100vw, 758px\" \/><\/figure>\n\n\n\n<h2 class=\"wp-block-heading\">Kaj je zdravilo Redensyl?<\/h2>\n\n\n\n<p>Redensyl je najnovej\u0161i preboj v boju proti izpadanju las in naj bi bil alternativa presaditvi las. Je ena prvih kozmeti\u010dnih sestavin za nego las, ki temelji na raziskavah regenerativne medicine in lahko v 84 dneh zagotovi bolj\u0161e rezultate kot operacija za <a href=\"https:\/\/arbuti.com\/sl\/presaditev-las\/\">Presaditev las<\/a>. Redensyl je nov \u010dude\u017e biotehnologije, ki spodbuja rast las, prepre\u010duje izpadanje las in zdravi alopecijo. Dokazano je tudi, da deluje bolje kot minoksidil, in za razliko od minoksidila ne povzro\u010da dra\u017eenja.<\/p>\n\n\n\n<p>Redensyl vsebuje \u0161tiri klju\u010dne sestavine, ki skupaj tvorijo popoln recept za rast las:<\/p>\n\n\n\n<ol class=\"wp-block-list\">\n<li><strong>Dihidrokvercetin glukozid (DHQG):<\/strong>&nbsp;Spojina rastlinskih izvle\u010dkov, ki je usmerjena na mati\u010dne celice v lasnih me\u0161i\u010dkih in spodbuja delitev celic.<\/li>\n\n\n\n<li><strong>Epigalokatehin galatni glukozid (EGCG2):&nbsp;<\/strong>Protivnetno sredstvo, ki z odstranjevanjem prostih radikalov poskrbi za zdravo in veselo lasi\u0161\u010de.<\/li>\n\n\n\n<li><strong>Glicin<\/strong>aminokislina, ki tvori beljakovine las in je povezana s keratinom.<\/li>\n\n\n\n<li><strong>Cink<\/strong>ki krepi strukturo lasne gredi in jo naredi mo\u010dnej\u0161o.<\/li>\n<\/ol>\n\n\n\n<h2 class=\"wp-block-heading\" id=\"h-fragen-und-antworten\">Vpra\u0161anja in odgovori<\/h2>\n\n\n\t\t<section\t\tclass=\"sc_fs_faq sc_card\"\n\t\t\t\t>\n\t\t\t\t<h3>Kateri so ne\u017eeleni u\u010dinki zdravila Redensyl?<\/h3>\t\t\t\t<div>\n\t\t\t\t\t\t<div class=\"sc_fs_faq__content\">\n\t\t\t\t\n\n<p>Pri uporabi izdelkov, ki vsebujejo u\u010dinkovino Redensyl, ni znanih ne\u017eelenih u\u010dinkov. Vendar pa so pogosti ne\u017eeleni u\u010dinki pri uporabi <a href=\"https:\/\/arbuti.com\/sl\/minoksidil\/\">Minoksidil<\/a>vklju\u010dno s peko\u010dim ali dra\u017ee\u010dim o\u010desom, srbenjem, rde\u010dico ali dra\u017eenjem na tretiranem obmo\u010dju in ne\u017eelenimi <a href=\"https:\/\/arbuti.com\/sl\/obnovitelj-las\/\">rasti las<\/a> v drugih delih telesa.<\/p>\n\n\t\t\t<\/div>\n\t\t<\/div>\n\t\t<\/section>\n\t\t\t\t<section\t\tclass=\"sc_fs_faq sc_card\"\n\t\t\t\t>\n\t\t\t\t<h3>Kako dolgo traja, da zdravilo Redensyl za\u010dne delovati?<\/h3>\t\t\t\t<div>\n\t\t\t\t\t\t<div class=\"sc_fs_faq__content\">\n\t\t\t\t\n\n<p>Uporabite ga lahko tudi za obrvi. Ker cikli rasti las lahko trajajo vsaj od enega do \u0161tirih mesecev, je za opazne pozitivne u\u010dinke potrebno ve\u010d kot tri do \u0161est mesecev uporabe zdravila Redensyl.<\/p>\n\n\t\t\t<\/div>\n\t\t<\/div>\n\t\t<\/section>\n\t\t\t\t<section\t\tclass=\"sc_fs_faq sc_card\"\n\t\t\t\t>\n\t\t\t\t<h3>Je Redensyl naraven?<\/h3>\t\t\t\t<div>\n\t\t\t\t\t\t<div class=\"sc_fs_faq__content\">\n\t\t\t\t\n\n<p>Redensyl velja za najbolj\u0161o alternativo <a href=\"https:\/\/arbuti.com\/sl\/presaditev-las\/\">Presaditev las<\/a> saj je naravna sestavina. Ne vsebuje hormonov. Spodbuja rast las na celi\u010dni ravni.<\/p>\n\n\t\t\t<\/div>\n\t\t<\/div>\n\t\t<\/section>\n\t\t\t\t<section\t\tclass=\"sc_fs_faq sc_card\"\n\t\t\t\t>\n\t\t\t\t<h3>Ali Redensyl pomaga pri rasti brade?<\/h3>\t\t\t\t<div>\n\t\t\t\t\t\t<div class=\"sc_fs_faq__content\">\n\t\t\t\t\n\n<p>To olje ne vsebuje \u0161kodljivih kemikalij, kot so sulfati in parabeni, ter vsebuje redensil, ki dokazano izbolj\u0161uje <a href=\"https:\/\/arbuti.com\/sl\/lasni-mesicek\/\">Lasni Me\u0161i\u010dek<\/a> krepi in s tem podpira rast brade.<\/p>\n\n\t\t\t<\/div>\n\t\t<\/div>\n\t\t<\/section>\n\t\t\n<script type=\"application\/ld+json\">{\n    \"@context\": \"https:\\\/\\\/schema.org\",\n    \"@type\": \"FAQPage\",\n    \"mainEntity\": [\n        {\n            \"@type\": \"Question\",\n            \"name\": \"Was sind die Nebenwirkungen von Redensyl?\",\n            \"acceptedAnswer\": {\n                \"@type\": \"Answer\",\n                \"text\": \"<p>Es sind keine Nebenwirkungen bei der Verwendung von Produkten bekannt, die den Wirkstoff Redensyl enthalten. Es gibt jedoch h\\u00e4ufige Nebenwirkungen bei der Verwendung von Minoxidil, einschlie\\u00dflich Brennen oder Reizung des Auges, Juckreiz, R\\u00f6tung oder Reizung im behandelten Bereich sowie unerw\\u00fcnschtes Haarwachstum an anderen Stellen des K\\u00f6rpers.<\\\/p>\"\n            }\n        },\n        {\n            \"@type\": \"Question\",\n            \"name\": \"Wie lange dauert es, bis Redensyl wirkt?\",\n            \"acceptedAnswer\": {\n                \"@type\": \"Answer\",\n                \"text\": \"<p>Kann auch auf die Augenbrauen aufgetragen werden. Da Haarwuchszyklen mindestens ein bis vier Monate dauern k\\u00f6nnen, dauert es mehr als drei bis sechs Monate, bis Redensyl verwendet wird, um positive Auswirkungen zu bemerken.<\\\/p>\"\n            }\n        },\n        {\n            \"@type\": \"Question\",\n            \"name\": \"Ist Redensyl nat\\u00fcrlich?\",\n            \"acceptedAnswer\": {\n                \"@type\": \"Answer\",\n                \"text\": \"<p>Redensyl wird als die beste Alternative zu Haartransplantationen angepriesen, da es ein nat\\u00fcrlicher Inhaltsstoff ist. Es enth\\u00e4lt keine Hormone. Es f\\u00f6rdert das Haarwachstum auf zellul\\u00e4rer Ebene.<\\\/p>\"\n            }\n        },\n        {\n            \"@type\": \"Question\",\n            \"name\": \"Hilft Redensyl beim Bartwachstum?\",\n            \"acceptedAnswer\": {\n                \"@type\": \"Answer\",\n                \"text\": \"<p>Dieses \\u00d6l ist frei von sch\\u00e4dlichen Chemikalien wie Sulfaten und Parabenen und enth\\u00e4lt Redensyl, das nachweislich die Haarfollikel st\\u00e4rkt und so das Bartwachstum unterst\\u00fctzt.<\\\/p>\"\n            }\n        }\n    ]\n}<\/script>\n\n\n\n<h2 class=\"wp-block-heading\">Izguba las v \u0161tevilkah<\/h2>\n\n\n\n<p>\u010clove\u0161ko lasi\u0161\u010de ima povpre\u010dno 110.000 dlak, ki rastejo in odpadajo vsak dan. Ko se ravnovesje med rasto\u010dimi in padajo\u010dimi lasmi spremeni, se za\u010dne izpadanje las in pojavi se ple\u0161avost. Pojavi se lahko v vseh starostnih obdobjih in je namenjena predvsem mo\u0161kim. Znano je, da bo 40% mo\u0161kih do 35. leta starosti imelo opazno izpadanje las, do 60. leta pa ta \u0161tevilka dose\u017ee 65%. Ta proces mo\u010dno prizadene tudi \u017eenske, saj jih 50-75% do 65. leta starosti opazno izgubi lase. To lahko uni\u010dujo\u010de vpliva na samopodobo in \u010dustveno po\u010dutje osebe.<\/p>\n\n\n\n<p>Po podatkih Mednarodnega zdru\u017eenja za kirurgijo Serum za Rast Las je bilo leta 2012 po vsem svetu skoraj milijon bolnikov zdravljenih s kirur\u0161kimi in nekirur\u0161kimi na\u010dini obnove las. 93% postopkov obnove las, opravljenih v letu 2012, je vklju\u010devalo lasi\u0161\u010de, 4,5% pa obrvi. Mo\u0161ki predstavljajo 86% pacientov za presaditev las in 67% pacientov za nekirur\u0161ko obnovo las. Tak\u0161no zdravljenje za\u010dnejo v povpre\u010dju pri 38 letih.<\/p>\n\n\n\n<p>Vsaka operacija las omogo\u010da prehod 2016 presadkov, kar predstavlja pribli\u017eno 8100 las, ki jih presadijo na pacientovo lasi\u0161\u010de. Bolniki za operacijo las v povpre\u010dju porabijo 6.200 evrov. Na splo\u0161no so za ponovno vzpostavitev ustrezne gostote las potrebni vsaj trije postopki. Podatki ka\u017eejo, da se 64% prito\u017eb pacientov po operaciji nana\u0161a na kon\u010dno gostoto las.<\/p>\n\n\n\n<h2 class=\"wp-block-heading\">U\u010dinek redensila<\/h2>\n\n\n\n<p><strong>Odli\u010dna u\u010dinkovitost:<\/strong><\/p>\n\n\n\n<p>Prvi test na alopeci\u010dnih laseh v referen\u010dnem Philpottovem testu je pokazal, da zdravilo Redensyl zagotavlja skoraj dvakrat bolj\u0161e rezultate od svetovnega referen\u010dnega minoksidila in spodbuja rast las.<\/p>\n\n\n\n<h2 class=\"wp-block-heading\">Bolj\u0161i u\u010dinek kot presaditev las<\/h2>\n\n\n\n<p>Zdravilo Redensyl je bilo podrobno preu\u010deno v dvojno slepem klini\u010dnem presku\u0161anju s placebom pri prostovoljcih z alopecijo tretje do \u010detrte stopnje po Norwoodovi medicinski klasifikaciji.<\/p>\n\n\n\n<p>Klini\u010dni rezultati, dose\u017eeni z zdravilom Redensyl, so zaradi njegovega edinstvenega biolo\u0161kega koncepta odgovor na neizpolnjeno zahtevo potro\u0161nikov:<\/p>\n\n\n\n<ul class=\"wp-block-list\">\n<li>V 84 dneh imajo prostovoljci ve\u010d las (do + 17%).<\/li>\n\n\n\n<li>Pove\u010da se \u0161tevilo anagenskih (rasto\u010dih) dlak (+ 9%).<\/li>\n\n\n\n<li>hkrati pa zmanj\u0161a \u0161tevilo izpadlih dlak (-17%).<\/li>\n<\/ul>\n\n\n\n<p>85% prostovoljcev je imelo ob\u010dutno in vidno rast las, v 84 dneh je bilo pridobljenih do 28 200 novih las, kar ustreza trem popolnim postopkom presaditve las.<\/p>\n\n\n\n<blockquote class=\"wp-block-quote is-layout-flow wp-block-quote-is-layout-flow\">\n<p>84 DNI Z REDENSYLOM = DO +28.200 NOVIH LAS = 3 PRESADITVE LAS<\/p>\n<\/blockquote>\n\n\n\n<h2 class=\"wp-block-heading\">Inovativno in trajnostno<\/h2>\n\n\n\n<p>Redensyl je rezultat patentiranega postopka zelene kemije (glikozilacija brez organskih topil), ki omogo\u010da sintezo DHQG in EGCG2, stabilnih in topnih derivatov dihidrokvercetina in EGCG. Ta postopek prepre\u010duje uporabo velikih koli\u010din energije, zmanj\u0161uje \u0161tevilo korakov in uporabo nevarnih kemikalij, ki bi bile potrebne pri obi\u010dajnem postopku proizvodnje organske sinteze.<\/p>\n\n\n\n<h2 class=\"wp-block-heading\">Prednosti uporabe zdravila Redensyl<\/h2>\n\n\n\n<p>Ve\u010dina sestavin za rast las, ki so na voljo na trgu kozmeti\u010dne industrije, so rastlinski izvle\u010dki ali peptidi. Nasprotno, Redensyl predstavlja novo generacijo molekul, ki spodbujajo rast las. Razvit je bil na podlagi racionalne analize delovanja mati\u010dnih celic v <a href=\"https:\/\/arbuti.com\/sl\/lasni-mesicek\/\">Lasni me\u0161i\u010dki<\/a> razvit in je rezultat edinstvenega patentiranega postopka sinteze (postopek encimske glikozilacije brez organskih topil). Edinstven na\u010din delovanja (aktivacija mati\u010dnih celic ORSc, stimulacija papilarnih ko\u017enih fibroblastov HFDPc, zmanj\u0161anje vnetja) pri prostovoljcih z androgeno alopecijo v treh mesecih povzro\u010di hitro in trajno tvorbo novih zdravih las.<\/p>\n\n\n\n<p>Redensyl je biotehnolo\u0161ka aktivna kozmeti\u010dna sestavina (ACI) s \u010distostjo ve\u010d kot 97% in kozmeti\u010dni ekvivalent API (aktivne farmacevtske sestavine) iz farmacevtske industrije.<\/p>\n\n\n\n<h2 class=\"wp-block-heading\">Sestavine zdravila Redensyl<\/h2>\n\n\n\n<p>Aktivna sestavina Redensyl ima lepo zlato rumeno barvo, vendar ne vpliva na barvo formule. Redensyl ne vsebuje konzervansov in je brez vonja ter zdru\u017eljiv z alkoholom za losjone za nego las. Redensyl omogo\u010da izdelavo nove generacije izdelkov za nego las proti staranju za proizvajalce ter izdelkov za spodbujanje rasti trepalnic in obnovo obrvi. Ta sestavina je topna v vodi, zato jo je enostavno vklju\u010diti v katero koli tipi\u010dno formulo za nego las in se lahko uporablja tudi v pr\u0161ilih za lase.<\/p>","protected":false},"excerpt":{"rendered":"<p>Redensyl Unterst\u00fctzt Redensyl wirklich den Haarwuchs und hilft den&nbsp;Haarausfall&nbsp;zu reduzieren? Hier haben wir eine Zusammenfassung \u00fcber Redensyl f\u00fcr dich zusammengestellt. [&hellip;]<\/p>","protected":false},"author":1,"featured_media":8271,"comment_status":"closed","ping_status":"open","sticky":false,"template":"","format":"standard","meta":{"ub_ctt_via":"","_uag_custom_page_level_css":"","site-sidebar-layout":"default","site-content-layout":"default","ast-site-content-layout":"","site-content-style":"default","site-sidebar-style":"default","ast-global-header-display":"","ast-banner-title-visibility":"","ast-main-header-display":"","ast-hfb-above-header-display":"","ast-hfb-below-header-display":"","ast-hfb-mobile-header-display":"","site-post-title":"","ast-breadcrumbs-content":"","ast-featured-img":"","footer-sml-layout":"","theme-transparent-header-meta":"default","adv-header-id-meta":"","stick-header-meta":"default","header-above-stick-meta":"","header-main-stick-meta":"","header-below-stick-meta":"","astra-migrate-meta-layouts":"default","ast-page-background-enabled":"default","ast-page-background-meta":{"desktop":{"background-color":"","background-image":"","background-repeat":"repeat","background-position":"center center","background-size":"auto","background-attachment":"scroll","background-type":"","background-media":"","overlay-type":"","overlay-color":"","overlay-opacity":"","overlay-gradient":""},"tablet":{"background-color":"","background-image":"","background-repeat":"repeat","background-position":"center center","background-size":"auto","background-attachment":"scroll","background-type":"","background-media":"","overlay-type":"","overlay-color":"","overlay-opacity":"","overlay-gradient":""},"mobile":{"background-color":"","background-image":"","background-repeat":"repeat","background-position":"center center","background-size":"auto","background-attachment":"scroll","background-type":"","background-media":"","overlay-type":"","overlay-color":"","overlay-opacity":"","overlay-gradient":""}},"ast-content-background-meta":{"desktop":{"background-color":"var(--ast-global-color-5)","background-image":"","background-repeat":"repeat","background-position":"center center","background-size":"auto","background-attachment":"scroll","background-type":"","background-media":"","overlay-type":"","overlay-color":"","overlay-opacity":"","overlay-gradient":""},"tablet":{"background-color":"var(--ast-global-color-5)","background-image":"","background-repeat":"repeat","background-position":"center center","background-size":"auto","background-attachment":"scroll","background-type":"","background-media":"","overlay-type":"","overlay-color":"","overlay-opacity":"","overlay-gradient":""},"mobile":{"background-color":"var(--ast-global-color-5)","background-image":"","background-repeat":"repeat","background-position":"center center","background-size":"auto","background-attachment":"scroll","background-type":"","background-media":"","overlay-type":"","overlay-color":"","overlay-opacity":"","overlay-gradient":""}},"footnotes":""},"categories":[6329],"tags":[],"class_list":["post-8268","post","type-post","status-publish","format-standard","has-post-thumbnail","hentry","category-haarausfall"],"featured_image_src":"https:\/\/arbuti.com\/wp-content\/uploads\/2021\/03\/Redensyl.jpg","author_info":{"display_name":"admin","author_link":"https:\/\/arbuti.com\/sl\/author\/admin\/"},"yoast_head":"<!-- This site is optimized with the Yoast SEO Premium plugin v25.3 (Yoast SEO v25.3) - https:\/\/yoast.com\/wordpress\/plugins\/seo\/ -->\n<title>Redensyl: Unterst\u00fctzt Redensyl Haarwuchs und stoppt Haarausfall?<\/title>\n<meta name=\"description\" content=\"Ist Redensyl eine alternative zu einer Haartransplantation? Ein kosmetischer Wirkstoff f\u00fcr die Haarpflege und Haarausfall. Redensyl und Haarwuchs.\" \/>\n<meta name=\"robots\" content=\"index, follow, max-snippet:-1, max-image-preview:large, max-video-preview:-1\" \/>\n<link rel=\"canonical\" href=\"https:\/\/arbuti.com\/sl\/redensyl\/\" \/>\n<meta property=\"og:locale\" content=\"sl_SI\" \/>\n<meta property=\"og:type\" content=\"article\" \/>\n<meta property=\"og:title\" content=\"Redensyl\" \/>\n<meta property=\"og:description\" content=\"Redensyl Unterst\u00fctzt Redensyl wirklich den Haarwuchs und hilft den&nbsp;Haarausfall&nbsp;zu reduzieren? Hier haben wir eine Zusammenfassung \u00fcber Redensyl\" \/>\n<meta property=\"og:url\" content=\"https:\/\/arbuti.com\/sl\/redensyl\/\" \/>\n<meta property=\"og:site_name\" content=\"ARBUTI Hair Salon\" \/>\n<meta property=\"article:publisher\" content=\"https:\/\/www.facebook.com\/Arbutihairsalon\/\" \/>\n<meta property=\"article:published_time\" content=\"2021-03-11T09:57:11+00:00\" \/>\n<meta property=\"article:modified_time\" content=\"2023-01-17T12:00:03+00:00\" \/>\n<meta property=\"og:image\" content=\"https:\/\/arbuti.com\/wp-content\/uploads\/2021\/03\/Redensyl.jpg\" \/>\n\t<meta property=\"og:image:width\" content=\"1000\" \/>\n\t<meta property=\"og:image:height\" content=\"778\" \/>\n\t<meta property=\"og:image:type\" content=\"image\/jpeg\" \/>\n<meta name=\"author\" content=\"admin\" \/>\n<meta name=\"twitter:card\" content=\"summary_large_image\" \/>\n<meta name=\"twitter:label1\" content=\"Written by\" \/>\n\t<meta name=\"twitter:data1\" content=\"admin\" \/>\n\t<meta name=\"twitter:label2\" content=\"Est. reading time\" \/>\n\t<meta name=\"twitter:data2\" content=\"6 minut\" \/>\n<script type=\"application\/ld+json\" class=\"yoast-schema-graph\">{\"@context\":\"https:\/\/schema.org\",\"@graph\":[{\"@type\":\"Article\",\"@id\":\"https:\/\/arbuti.com\/redensyl\/#article\",\"isPartOf\":{\"@id\":\"https:\/\/arbuti.com\/redensyl\/\"},\"author\":{\"name\":\"admin\",\"@id\":\"https:\/\/arbuti.com\/fr\/#\/schema\/person\/d85bbf7b442ca0f812c3aa0ed9eece8f\"},\"headline\":\"Redensyl\",\"datePublished\":\"2021-03-11T09:57:11+00:00\",\"dateModified\":\"2023-01-17T12:00:03+00:00\",\"mainEntityOfPage\":{\"@id\":\"https:\/\/arbuti.com\/redensyl\/\"},\"wordCount\":1015,\"publisher\":{\"@id\":\"https:\/\/arbuti.com\/fr\/#organization\"},\"image\":{\"@id\":\"https:\/\/arbuti.com\/redensyl\/#primaryimage\"},\"thumbnailUrl\":\"https:\/\/arbuti.com\/wp-content\/uploads\/2021\/03\/Redensyl.jpg\",\"articleSection\":[\"Haarausfall\"],\"inLanguage\":\"sl-SI\"},{\"@type\":\"WebPage\",\"@id\":\"https:\/\/arbuti.com\/redensyl\/\",\"url\":\"https:\/\/arbuti.com\/redensyl\/\",\"name\":\"Redensyl: Unterst\u00fctzt Redensyl Haarwuchs und stoppt Haarausfall?\",\"isPartOf\":{\"@id\":\"https:\/\/arbuti.com\/fr\/#website\"},\"primaryImageOfPage\":{\"@id\":\"https:\/\/arbuti.com\/redensyl\/#primaryimage\"},\"image\":{\"@id\":\"https:\/\/arbuti.com\/redensyl\/#primaryimage\"},\"thumbnailUrl\":\"https:\/\/arbuti.com\/wp-content\/uploads\/2021\/03\/Redensyl.jpg\",\"datePublished\":\"2021-03-11T09:57:11+00:00\",\"dateModified\":\"2023-01-17T12:00:03+00:00\",\"description\":\"Ist Redensyl eine alternative zu einer Haartransplantation? Ein kosmetischer Wirkstoff f\u00fcr die Haarpflege und Haarausfall. Redensyl und Haarwuchs.\",\"breadcrumb\":{\"@id\":\"https:\/\/arbuti.com\/redensyl\/#breadcrumb\"},\"inLanguage\":\"sl-SI\",\"potentialAction\":[{\"@type\":\"ReadAction\",\"target\":[\"https:\/\/arbuti.com\/redensyl\/\"]}]},{\"@type\":\"ImageObject\",\"inLanguage\":\"sl-SI\",\"@id\":\"https:\/\/arbuti.com\/redensyl\/#primaryimage\",\"url\":\"https:\/\/arbuti.com\/wp-content\/uploads\/2021\/03\/Redensyl.jpg\",\"contentUrl\":\"https:\/\/arbuti.com\/wp-content\/uploads\/2021\/03\/Redensyl.jpg\",\"width\":1000,\"height\":778,\"caption\":\"Redensyl\"},{\"@type\":\"BreadcrumbList\",\"@id\":\"https:\/\/arbuti.com\/redensyl\/#breadcrumb\",\"itemListElement\":[{\"@type\":\"ListItem\",\"position\":1,\"name\":\"ARBUTI\",\"item\":\"https:\/\/arbuti.com\/\"},{\"@type\":\"ListItem\",\"position\":2,\"name\":\"Haarausfall\",\"item\":\"https:\/\/arbuti.com\/fr\/categorie\/haarausfall\/\"},{\"@type\":\"ListItem\",\"position\":3,\"name\":\"Redensyl\"}]},{\"@type\":\"WebSite\",\"@id\":\"https:\/\/arbuti.com\/fr\/#website\",\"url\":\"https:\/\/arbuti.com\/fr\/\",\"name\":\"ARBUTI Hair Salon\",\"description\":\"Friseur M\u00fcnchen\",\"publisher\":{\"@id\":\"https:\/\/arbuti.com\/fr\/#organization\"},\"alternateName\":\"ARBUTI\",\"potentialAction\":[{\"@type\":\"SearchAction\",\"target\":{\"@type\":\"EntryPoint\",\"urlTemplate\":\"https:\/\/arbuti.com\/fr\/?s={search_term_string}\"},\"query-input\":{\"@type\":\"PropertyValueSpecification\",\"valueRequired\":true,\"valueName\":\"search_term_string\"}}],\"inLanguage\":\"sl-SI\"},{\"@type\":\"Organization\",\"@id\":\"https:\/\/arbuti.com\/fr\/#organization\",\"name\":\"ARBUTI Hair Salon\",\"alternateName\":\"ARBUTI\",\"url\":\"https:\/\/arbuti.com\/fr\/\",\"logo\":{\"@type\":\"ImageObject\",\"inLanguage\":\"sl-SI\",\"@id\":\"https:\/\/arbuti.com\/fr\/#\/schema\/logo\/image\/\",\"url\":\"https:\/\/arbuti.com\/wp-content\/uploads\/2020\/04\/cropped-Arbuti-Friseur-Muenchen.jpg\",\"contentUrl\":\"https:\/\/arbuti.com\/wp-content\/uploads\/2020\/04\/cropped-Arbuti-Friseur-Muenchen.jpg\",\"width\":512,\"height\":512,\"caption\":\"ARBUTI Hair Salon\"},\"image\":{\"@id\":\"https:\/\/arbuti.com\/fr\/#\/schema\/logo\/image\/\"},\"sameAs\":[\"https:\/\/www.facebook.com\/Arbutihairsalon\/\",\"https:\/\/www.instagram.com\/arbutihairsalon\/\",\"https:\/\/www.pinterest.de\/arbutihairsalon\/arbuti-hair-salon\/\"]},{\"@type\":\"Person\",\"@id\":\"https:\/\/arbuti.com\/fr\/#\/schema\/person\/d85bbf7b442ca0f812c3aa0ed9eece8f\",\"name\":\"admin\",\"image\":{\"@type\":\"ImageObject\",\"inLanguage\":\"sl-SI\",\"@id\":\"https:\/\/arbuti.com\/fr\/#\/schema\/person\/image\/\",\"url\":\"https:\/\/secure.gravatar.com\/avatar\/a5ca7376327017715559ffb9b376df51?s=96&d=mm&r=g\",\"contentUrl\":\"https:\/\/secure.gravatar.com\/avatar\/a5ca7376327017715559ffb9b376df51?s=96&d=mm&r=g\",\"caption\":\"admin\"}}]}<\/script>\n<!-- \/ Yoast SEO Premium plugin. -->","yoast_head_json":{"title":"Redensyl: Unterst\u00fctzt Redensyl Haarwuchs und stoppt Haarausfall?","description":"Ist Redensyl eine alternative zu einer Haartransplantation? Ein kosmetischer Wirkstoff f\u00fcr die Haarpflege und Haarausfall. Redensyl und Haarwuchs.","robots":{"index":"index","follow":"follow","max-snippet":"max-snippet:-1","max-image-preview":"max-image-preview:large","max-video-preview":"max-video-preview:-1"},"canonical":"https:\/\/arbuti.com\/sl\/redensyl\/","og_locale":"sl_SI","og_type":"article","og_title":"Redensyl","og_description":"Redensyl Unterst\u00fctzt Redensyl wirklich den Haarwuchs und hilft den&nbsp;Haarausfall&nbsp;zu reduzieren? Hier haben wir eine Zusammenfassung \u00fcber Redensyl","og_url":"https:\/\/arbuti.com\/sl\/redensyl\/","og_site_name":"ARBUTI Hair Salon","article_publisher":"https:\/\/www.facebook.com\/Arbutihairsalon\/","article_published_time":"2021-03-11T09:57:11+00:00","article_modified_time":"2023-01-17T12:00:03+00:00","og_image":[{"width":1000,"height":778,"url":"https:\/\/arbuti.com\/wp-content\/uploads\/2021\/03\/Redensyl.jpg","type":"image\/jpeg"}],"author":"admin","twitter_card":"summary_large_image","twitter_misc":{"Written by":"admin","Est. reading time":"6 minut"},"schema":{"@context":"https:\/\/schema.org","@graph":[{"@type":"Article","@id":"https:\/\/arbuti.com\/redensyl\/#article","isPartOf":{"@id":"https:\/\/arbuti.com\/redensyl\/"},"author":{"name":"admin","@id":"https:\/\/arbuti.com\/fr\/#\/schema\/person\/d85bbf7b442ca0f812c3aa0ed9eece8f"},"headline":"Redensyl","datePublished":"2021-03-11T09:57:11+00:00","dateModified":"2023-01-17T12:00:03+00:00","mainEntityOfPage":{"@id":"https:\/\/arbuti.com\/redensyl\/"},"wordCount":1015,"publisher":{"@id":"https:\/\/arbuti.com\/fr\/#organization"},"image":{"@id":"https:\/\/arbuti.com\/redensyl\/#primaryimage"},"thumbnailUrl":"https:\/\/arbuti.com\/wp-content\/uploads\/2021\/03\/Redensyl.jpg","articleSection":["Haarausfall"],"inLanguage":"sl-SI"},{"@type":"WebPage","@id":"https:\/\/arbuti.com\/redensyl\/","url":"https:\/\/arbuti.com\/redensyl\/","name":"Redensyl: Unterst\u00fctzt Redensyl Haarwuchs und stoppt Haarausfall?","isPartOf":{"@id":"https:\/\/arbuti.com\/fr\/#website"},"primaryImageOfPage":{"@id":"https:\/\/arbuti.com\/redensyl\/#primaryimage"},"image":{"@id":"https:\/\/arbuti.com\/redensyl\/#primaryimage"},"thumbnailUrl":"https:\/\/arbuti.com\/wp-content\/uploads\/2021\/03\/Redensyl.jpg","datePublished":"2021-03-11T09:57:11+00:00","dateModified":"2023-01-17T12:00:03+00:00","description":"Ist Redensyl eine alternative zu einer Haartransplantation? Ein kosmetischer Wirkstoff f\u00fcr die Haarpflege und Haarausfall. Redensyl und Haarwuchs.","breadcrumb":{"@id":"https:\/\/arbuti.com\/redensyl\/#breadcrumb"},"inLanguage":"sl-SI","potentialAction":[{"@type":"ReadAction","target":["https:\/\/arbuti.com\/redensyl\/"]}]},{"@type":"ImageObject","inLanguage":"sl-SI","@id":"https:\/\/arbuti.com\/redensyl\/#primaryimage","url":"https:\/\/arbuti.com\/wp-content\/uploads\/2021\/03\/Redensyl.jpg","contentUrl":"https:\/\/arbuti.com\/wp-content\/uploads\/2021\/03\/Redensyl.jpg","width":1000,"height":778,"caption":"Redensyl"},{"@type":"BreadcrumbList","@id":"https:\/\/arbuti.com\/redensyl\/#breadcrumb","itemListElement":[{"@type":"ListItem","position":1,"name":"ARBUTI","item":"https:\/\/arbuti.com\/"},{"@type":"ListItem","position":2,"name":"Haarausfall","item":"https:\/\/arbuti.com\/fr\/categorie\/haarausfall\/"},{"@type":"ListItem","position":3,"name":"Redensyl"}]},{"@type":"WebSite","@id":"https:\/\/arbuti.com\/fr\/#website","url":"https:\/\/arbuti.com\/fr\/","name":"ARBUTI Hair Salon","description":"Friseur M\u00fcnchen","publisher":{"@id":"https:\/\/arbuti.com\/fr\/#organization"},"alternateName":"ARBUTI","potentialAction":[{"@type":"SearchAction","target":{"@type":"EntryPoint","urlTemplate":"https:\/\/arbuti.com\/fr\/?s={search_term_string}"},"query-input":{"@type":"PropertyValueSpecification","valueRequired":true,"valueName":"search_term_string"}}],"inLanguage":"sl-SI"},{"@type":"Organization","@id":"https:\/\/arbuti.com\/fr\/#organization","name":"ARBUTI Hair Salon","alternateName":"ARBUTI","url":"https:\/\/arbuti.com\/fr\/","logo":{"@type":"ImageObject","inLanguage":"sl-SI","@id":"https:\/\/arbuti.com\/fr\/#\/schema\/logo\/image\/","url":"https:\/\/arbuti.com\/wp-content\/uploads\/2020\/04\/cropped-Arbuti-Friseur-Muenchen.jpg","contentUrl":"https:\/\/arbuti.com\/wp-content\/uploads\/2020\/04\/cropped-Arbuti-Friseur-Muenchen.jpg","width":512,"height":512,"caption":"ARBUTI Hair Salon"},"image":{"@id":"https:\/\/arbuti.com\/fr\/#\/schema\/logo\/image\/"},"sameAs":["https:\/\/www.facebook.com\/Arbutihairsalon\/","https:\/\/www.instagram.com\/arbutihairsalon\/","https:\/\/www.pinterest.de\/arbutihairsalon\/arbuti-hair-salon\/"]},{"@type":"Person","@id":"https:\/\/arbuti.com\/fr\/#\/schema\/person\/d85bbf7b442ca0f812c3aa0ed9eece8f","name":"admin","image":{"@type":"ImageObject","inLanguage":"sl-SI","@id":"https:\/\/arbuti.com\/fr\/#\/schema\/person\/image\/","url":"https:\/\/secure.gravatar.com\/avatar\/a5ca7376327017715559ffb9b376df51?s=96&d=mm&r=g","contentUrl":"https:\/\/secure.gravatar.com\/avatar\/a5ca7376327017715559ffb9b376df51?s=96&d=mm&r=g","caption":"admin"}}]}},"uagb_featured_image_src":{"full":["https:\/\/arbuti.com\/wp-content\/uploads\/2021\/03\/Redensyl.jpg",1000,778,false],"thumbnail":["https:\/\/arbuti.com\/wp-content\/uploads\/2021\/03\/Redensyl-150x150.jpg",150,150,true],"medium":["https:\/\/arbuti.com\/wp-content\/uploads\/2021\/03\/Redensyl-300x233.jpg",300,233,true],"medium_large":["https:\/\/arbuti.com\/wp-content\/uploads\/2021\/03\/Redensyl-768x598.jpg",768,598,true],"large":["https:\/\/arbuti.com\/wp-content\/uploads\/2021\/03\/Redensyl.jpg",1000,778,false],"1536x1536":["https:\/\/arbuti.com\/wp-content\/uploads\/2021\/03\/Redensyl.jpg",1000,778,false],"2048x2048":["https:\/\/arbuti.com\/wp-content\/uploads\/2021\/03\/Redensyl.jpg",1000,778,false],"trp-custom-language-flag":["https:\/\/arbuti.com\/wp-content\/uploads\/2021\/03\/Redensyl.jpg",15,12,false],"wp_review_large":["https:\/\/arbuti.com\/wp-content\/uploads\/2021\/03\/Redensyl-320x200.jpg",320,200,true],"wp_review_small":["https:\/\/arbuti.com\/wp-content\/uploads\/2021\/03\/Redensyl-65x65.jpg",65,65,true]},"uagb_author_info":{"display_name":"admin","author_link":"https:\/\/arbuti.com\/sl\/author\/admin\/"},"uagb_comment_info":0,"uagb_excerpt":"Redensyl Unterst\u00fctzt Redensyl wirklich den Haarwuchs und hilft den&nbsp;Haarausfall&nbsp;zu reduzieren? Hier haben wir eine Zusammenfassung \u00fcber Redensyl f\u00fcr dich zusammengestellt. [&hellip;]","_links":{"self":[{"href":"https:\/\/arbuti.com\/sl\/wp-json\/wp\/v2\/posts\/8268","targetHints":{"allow":["GET"]}}],"collection":[{"href":"https:\/\/arbuti.com\/sl\/wp-json\/wp\/v2\/posts"}],"about":[{"href":"https:\/\/arbuti.com\/sl\/wp-json\/wp\/v2\/types\/post"}],"author":[{"embeddable":true,"href":"https:\/\/arbuti.com\/sl\/wp-json\/wp\/v2\/users\/1"}],"replies":[{"embeddable":true,"href":"https:\/\/arbuti.com\/sl\/wp-json\/wp\/v2\/comments?post=8268"}],"version-history":[{"count":3,"href":"https:\/\/arbuti.com\/sl\/wp-json\/wp\/v2\/posts\/8268\/revisions"}],"predecessor-version":[{"id":10920,"href":"https:\/\/arbuti.com\/sl\/wp-json\/wp\/v2\/posts\/8268\/revisions\/10920"}],"wp:featuredmedia":[{"embeddable":true,"href":"https:\/\/arbuti.com\/sl\/wp-json\/wp\/v2\/media\/8271"}],"wp:attachment":[{"href":"https:\/\/arbuti.com\/sl\/wp-json\/wp\/v2\/media?parent=8268"}],"wp:term":[{"taxonomy":"category","embeddable":true,"href":"https:\/\/arbuti.com\/sl\/wp-json\/wp\/v2\/categories?post=8268"},{"taxonomy":"post_tag","embeddable":true,"href":"https:\/\/arbuti.com\/sl\/wp-json\/wp\/v2\/tags?post=8268"}],"curies":[{"name":"wp","href":"https:\/\/api.w.org\/{rel}","templated":true}]}}