{"id":415,"date":"2018-10-14T18:28:41","date_gmt":"2018-10-14T18:28:41","guid":{"rendered":"http:\/\/muenchenfriseur.com_demos\/travel\/?p=415"},"modified":"2021-04-07T14:08:58","modified_gmt":"2021-04-07T14:08:58","slug":"balayagemuenchen","status":"publish","type":"post","link":"https:\/\/arbuti.com\/sl\/balayagemuenchen\/","title":{"rendered":"Balayage"},"content":{"rendered":"<h1 class=\"wp-block-heading\" id=\"h-balayage-in-m-nchen\">Balayage v M\u00fcnchnu<\/h1>\n\n\n\n<figure class=\"wp-block-image size-large is-resized\"><img loading=\"lazy\" decoding=\"async\" src=\"https:\/\/arbuti.com\/wp-content\/uploads\/2015\/02\/Friseur-Mu\u0308nchen-1024x1024.jpg\" alt=\"Frizerski salon M\u00fcnchen Balayage\" class=\"wp-image-1193\" width=\"704\" height=\"704\" srcset=\"https:\/\/arbuti.com\/wp-content\/uploads\/2015\/02\/Friseur-Mu\u0308nchen-1024x1024.jpg 1024w, https:\/\/arbuti.com\/wp-content\/uploads\/2015\/02\/Friseur-Mu\u0308nchen-300x300.jpg 300w, https:\/\/arbuti.com\/wp-content\/uploads\/2015\/02\/Friseur-Mu\u0308nchen-100x100.jpg 100w, https:\/\/arbuti.com\/wp-content\/uploads\/2015\/02\/Friseur-Mu\u0308nchen-600x600.jpg 600w, https:\/\/arbuti.com\/wp-content\/uploads\/2015\/02\/Friseur-Mu\u0308nchen-150x150.jpg 150w, https:\/\/arbuti.com\/wp-content\/uploads\/2015\/02\/Friseur-Mu\u0308nchen-768x768.jpg 768w, https:\/\/arbuti.com\/wp-content\/uploads\/2015\/02\/Friseur-Mu\u0308nchen-66x66.jpg 66w, https:\/\/arbuti.com\/wp-content\/uploads\/2015\/02\/Friseur-Mu\u0308nchen-200x200.jpg 200w, https:\/\/arbuti.com\/wp-content\/uploads\/2015\/02\/Friseur-Mu\u0308nchen-400x400.jpg 400w, https:\/\/arbuti.com\/wp-content\/uploads\/2015\/02\/Friseur-Mu\u0308nchen-800x800.jpg 800w, https:\/\/arbuti.com\/wp-content\/uploads\/2015\/02\/Friseur-Mu\u0308nchen.jpg 1080w\" sizes=\"auto, (max-width: 704px) 100vw, 704px\" \/><\/figure>\n\n\n\n<h2 class=\"wp-block-heading\" id=\"h-was-ist-der-balayage-effekt\"><span style=\"color: #906d9c;\">Kaj je u\u010dinek balayage?<\/span><\/h2>\n\n\n\n<p>S strokovnjakinjo za barvanje Ebru iz frizerskega salona Arbuti v M\u00fcnchnu smo izvedeli vse, kar morate vedeti o tej priljubljeni tehniki.<\/p>\n\n\n\n<h2 class=\"wp-block-heading\" id=\"h-was-ist-balayage\">Kaj je balayage?<\/h2>\n\n\n\n<p>Balayage je francoska tehnika barvanja, razvita v sedemdesetih letih prej\u0161njega stoletja. Gre za prostoro\u010dno tehniko, pri kateri se barva nana\u0161a ro\u010dno, namesto da bi se uporabljale tradicionalne tehnike poudarjanja s folijami ali kapicami. Balayage lahko uporabite tudi za najkraj\u0161i pixie izrez. Najbolj\u0161i rezultati so dose\u017eeni pri laseh pod rameni.<\/p>\n\n\n\n<h2 class=\"wp-block-heading\" id=\"h-wie-genau-wird-eine-balayage-aufgetragen\">Kako se uporablja balayage?<\/h2>\n\n\n\n<figure class=\"wp-block-image size-large is-resized\"><img loading=\"lazy\" decoding=\"async\" src=\"https:\/\/arbuti.com\/wp-content\/uploads\/2018\/10\/Balayage.jpg\" alt=\"Balayage\" class=\"wp-image-3617\" width=\"506\" height=\"662\" srcset=\"https:\/\/arbuti.com\/wp-content\/uploads\/2018\/10\/Balayage.jpg 563w, https:\/\/arbuti.com\/wp-content\/uploads\/2018\/10\/Balayage-229x300.jpg 229w, https:\/\/arbuti.com\/wp-content\/uploads\/2018\/10\/Balayage-200x261.jpg 200w, https:\/\/arbuti.com\/wp-content\/uploads\/2018\/10\/Balayage-400x523.jpg 400w\" sizes=\"auto, (max-width: 506px) 100vw, 506px\" \/><\/figure>\n\n\n\n<p>Postopek je odvisen od dol\u017eine las in \u017eelenega rezultata. Pri\u010dakovati je, da se posamezni prameni obarvajo s \u010dopi\u010dem in blazinico. Nekateri barvarji radi lo\u010dijo pramene las z vato ali folijo, drugi pa lase najprej razdelijo na dele in nato barvajo konice prostoro\u010dno.<\/p>\n\n\n\n<p>Ugotavljam, da imajo vse moje stranke, ki uporabljajo balayage, razli\u010den videz in ga morajo vzdr\u017eevati razli\u010dno hitro. Da bi se barva na za\u010detku resni\u010dno pove\u010dala, morate opraviti vsaj tri obiske. Ti obiski so v razmaku \u0161estih tednov. Nato lahko brez dodatnih stro\u0161kov uporabljate do \u0161tiri mesece. Za osve\u017eitev barve med posameznimi obiski morate naro\u010diti le en tonik in en tretma.<\/p>\n\n\n\n<h2 class=\"wp-block-heading\" id=\"h-ist-balayage-f-r-mich-geeignet\"><span style=\"color: #a23ec9;\">Ali je balajage primeren zame?<\/span><\/h2>\n\n\n\n<p>Balayage je najbolje narediti na naravnih laseh, vendar ne skrbite, ve\u010dino dela, ki ga opravim za videz balayage, sprva opravim s folijami, dokler lasje niso samo balayage. Za ustvarjanje tega videza se uporablja veliko razli\u010dnih tehnik. Ko obi\u0161\u010dete strokovnjaka za barvanje, vam mora vedno znati poiskati tehniko, ki vam bo omogo\u010dila \u017eeleni videz, ki najbolj ustreza va\u0161emu tipu las in zgodovini barvanja.<\/p>\n\n\n\n<h2 class=\"wp-block-heading\" id=\"h-die-besten-frisuren-f-r-balayage\">Najbolj\u0161e pri\u010deske za balayage<\/h2>\n\n\n\n<p>Vedno rada vidim balayage z razpu\u0161\u010denimi kodri ali razmr\u0161enim videzom na pla\u017ei, pri katerem so vidne barvne spremembe, ki se raztezajo po laseh. Za ostre in drzne frizure, kot so bobi, je potrebna izrazitej\u0161a barva ali barva v bloku, ki poudari stri\u017eenje. Balayage je najbolje prepustiti bolj teko\u010dim pri\u010deskam.<\/p>\n\n\n\n<h2 class=\"wp-block-heading\" id=\"h-gibt-es-alternativen-zu-balayage\">Ali obstajajo alternative balayage?<\/h2>\n\n\n\n<p>V frizerskem salonu Arbuti rada uporabljam razli\u010dne tehnike folije, da ustvarim teksturiran u\u010dinek postopnega bledenja. Uporabila sem bolj trakaste preplete s svetlej\u0161o barvo, ki sem jih prepletla po notranjem delu las, nato pa sem pre\u0161la na globlje barve in mehkej\u0161e preplete, ko sem se spustila do linije las in deloma navzdol. To je res lep na\u010din za ustvarjanje barvnih sprememb, hkrati pa ohranja bolj teksturirano tehniko, ki jo lahko nosite v razli\u010dnih slogih.<\/p>\n\n\n\n<h2 class=\"wp-block-heading\" id=\"h-balayage-blond\">Balayage Blonde<\/h2>\n\n\n\n<figure class=\"wp-block-image size-large is-resized\"><img loading=\"lazy\" decoding=\"async\" src=\"https:\/\/arbuti.com\/wp-content\/uploads\/2020\/12\/Blonde-Balayage.jpg\" alt=\"Balayage-Munich\" class=\"wp-image-6280\" width=\"509\" height=\"679\" srcset=\"https:\/\/arbuti.com\/wp-content\/uploads\/2020\/12\/Blonde-Balayage.jpg 564w, https:\/\/arbuti.com\/wp-content\/uploads\/2020\/12\/Blonde-Balayage-225x300.jpg 225w, https:\/\/arbuti.com\/wp-content\/uploads\/2020\/12\/Blonde-Balayage-200x267.jpg 200w, https:\/\/arbuti.com\/wp-content\/uploads\/2020\/12\/Blonde-Balayage-400x533.jpg 400w\" sizes=\"auto, (max-width: 509px) 100vw, 509px\" \/><\/figure>\n\n\n\n<h3 class=\"wp-block-heading\" id=\"h-balayage-blond-im-arbuti-friseur-m-nchen\"><span style=\"color: #986d9e;\">Balayage blond v frizerskem salonu Arbuti v M\u00fcnchnu<\/span><\/h3>\n\n\n\n<p>\u010ce blond odtenek zme\u0161amo z rjavim ali drugim blond odtenkom, dobimo dimenzionalno barvo las z globino in dinamiko, ki jo vsi i\u0161\u010dejo v sodobnih pri\u010deskah. V frizerskem salonu Arbuti smo strokovnjaki za balayage blondinke.<\/p>\n\n\n\n<p>Recimo, kaj ho\u010de\u0161 o tem, da naj bodo tvoji lasje svetli, vendar je nekaj posebnega, \u010de iz salona odide\u0161 s sve\u017eim, novim odtenkom blond barve, zaradi katerega bodo vse pomanjkljivosti posvetlitve tvojih las izginile. Na sre\u010do za tiste, ki si ve\u010dno prizadevajo za popolno barvo, je v tej sezoni najbolj priljubljena tehnika - poznate jo pod imenom balayage -, ki zmanj\u0161uje tveganje za posvetlitev in hkrati pove\u010duje dobro vzdu\u0161je, ki ga prina\u0161a.<br>Stilist Ebru nam je povedal, da je balayage blond barva njegov najljub\u0161i na\u010din poudarjanja, saj je zasnovana tako, da je videti naravno. \"Najsvetlej\u0161i poudarki so ne\u017eni pri koreninah, proti koncem pa postopoma postajajo gostej\u0161i in bolj nasi\u010deni,\" pravi. \"Najbolj osredoto\u010deni morajo biti okoli aureole obraza, skozi katero se sveti veliko naravne osnovne barve, da dobite dimenzijo in kontrast, ki <strong>Blonde Balayage<\/strong> lasje so tako lepi.\"<br>Vnaprej si oglejte fotografski dokaz, da svetlolasa balayage prevladuje v trendih na podro\u010dju las, in si preberite zanesljive nasvete, kako jo zahtevati na naslednjem obisku. Naj vam obljuba svetle, son\u010dne blondinke v trenutku izbolj\u0161a razpolo\u017eenje v tej sezoni.<\/p>\n\n\n\n<h2 class=\"wp-block-heading\" id=\"h-balayage-braun\"><span style=\"color: #ab9372;\">Balayage Brown<\/span><\/h2>\n\n\n\n<p><em>Balayage za temne lase ali temno rjave lase.<\/em><\/p>\n\n\n\n<p>Rjava balayage je \u010dudovita tehnika barvanja las, pri kateri se ne\u017eno prelijemo s svetlimi in naravnimi barvami brunete, obi\u010dajno v temnej\u0161o podlago, in tako dose\u017eemo lahkoten, s soncem poljubljen videz.<\/p>\n\n\n\n<p>Neverjetna zna\u010dilnost te trendovske tehnike poudarjanja je, da daje kontrasten videz, ki lepo ustvari ve\u010ddimenzionalni videz!<\/p>\n\n\n\n<p>Balayage pomeni tudi manj vzdr\u017eevanja in lahkotno oblikovanje. (To je enostavno za va\u0161e \ud83d\udcb0 in va\u0161e \u23f0).<\/p>\n\n\n\n<p>\u0160e en razlog, da se zaljubite v ta barvni trend, je, da je tekstura las v naravni, svetli svetlobi videti jasnej\u0161a in bolj\u0161a. Svoje pramene oblikujte z valovi ali kodri za \u010dudovito voluminozno me\u0161anico ali z ravnimi lasmi za gladek prehod barve.<\/p>\n\n\n\n<p>Oglejte si na\u0161o stran na Instagramu in si oglejte \u0161tevilne rezultate na\u0161ega svetlolasega ali rjavega balayagea.<\/p>\n\n\n\n<p><a href=\"https:\/\/www.instagram.com\/arbutihairsalon\/\"><span style=\"color: #2f9999;\">Frizerski salon ARBUTI Instagram<\/span><\/a><\/p>\n\n\n\n<p>V lase in barvo se lahko zaljubite! Ena od teh las, da gredo, prosim! Na\u0161a ekipa v frizerskem salonu Arbuti v M\u00fcnchnu je spet navdu\u0161ila \ud83d\ude42 Ve\u010d na\u0161ih odli\u010dnih rezultatov balayage si oglejte na <a href=\"https:\/\/www.instagram.com\/arbutihairsalon\/\">INSTAGRAM <\/a><\/p>\n\n\n\n<h2 class=\"wp-block-heading\" id=\"h-faq-fragen-und-antworten\">Pogosta vpra\u0161anja in odgovori - Vpra\u0161anja in odgovori<\/h2>\n\n\n\t\t<section\t\tclass=\"sc_fs_faq sc_card\"\n\t\t\t\t>\n\t\t\t\t<h3>Kaj je balayage?<\/h3>\t\t\t\t<div>\n\t\t\t\t\t\t<div class=\"sc_fs_faq__content\">\n\t\t\t\t\n\n<p class=\"has-large-font-size\">Balayage, ki se izgovarja BAH-LEE-AHGE, je pravzaprav francoska beseda, ki pomeni - pometanje - dodajanje poudarkov z osvetljevalcem za lase. Balayage je tehnika ro\u010dnega slikanja svetle\u010dih odtenkov na laseh, s \u010dimer se ustvari mehko in naravno stopnjevanje svetlosti proti koncem las. Naro\u010dite se pri nas prek spleta!<\/p>\n\n\t\t\t<\/div>\n\t\t<\/div>\n\t\t<\/section>\n\t\t\t\t<section\t\tclass=\"sc_fs_faq sc_card\"\n\t\t\t\t>\n\t\t\t\t<h3>Ali sta balayage in ombre ista stvar?<\/h3>\t\t\t\t<div>\n\t\t\t\t\t\t<div class=\"sc_fs_faq__content\">\n\t\t\t\t\n\n<p class=\"has-large-font-size\">Skratka, ombre je bolj slog. Balayage je tehnika. Oba na\u010dina zagotavljata dokaj nezahtevno rutino vzdr\u017eevanja, saj barva las ni stroga, temve\u010d postopna (pri ombre) ali razpr\u0161ena (pri balayage). Redni poudarki s folijo, na primer, zahtevajo bolj redne obiske salona. Salon Arbuti je specializiran za balayage.<\/p>\n\n\t\t\t<\/div>\n\t\t<\/div>\n\t\t<\/section>\n\t\t\t\t<section\t\tclass=\"sc_fs_faq sc_card\"\n\t\t\t\t>\n\t\t\t\t<h3>Ali je balajage \u0161kodljiv za va\u0161e lase?<\/h3>\t\t\t\t<div>\n\t\t\t\t\t\t<div class=\"sc_fs_faq__content\">\n\t\t\t\t\n\n<p class=\"has-large-font-size\">Ali je balayage \u0161kodljiv za lase ali obstajajo na\u010dini, kako ga dose\u010di, ne da bi lase opekli? Absolutno. To nikakor ni \u0161kodljivo in tudi ne bi smelo biti. Celoten postopek je mogo\u010de opraviti brez amoniaka, zato ni ni\u010d bolj \u0161kodljiv kot katera koli druga barva ali postopek.<\/p>\n\n\t\t\t<\/div>\n\t\t<\/div>\n\t\t<\/section>\n\t\t\t\t<section\t\tclass=\"sc_fs_faq sc_card\"\n\t\t\t\t>\n\t\t\t\t<h3>Koliko stane Balayage<\/h3>\t\t\t\t<div>\n\t\t\t\t\t\t<div class=\"sc_fs_faq__content\">\n\t\t\t\t\n\n<p class=\"has-large-font-size\">Balayage je ena najdra\u017ejih oblik barvanja las, saj je njegova izvedba zelo zamudna. Medtem ko lahko osvetlitev stane le 100 evrov, morate za balayage v povpre\u010dju od\u0161teti 200 evrov.<\/p>\n\n\t\t\t<\/div>\n\t\t<\/div>\n\t\t<\/section>\n\t\t\n<script type=\"application\/ld+json\">{\n    \"@context\": \"https:\\\/\\\/schema.org\",\n    \"@type\": \"FAQPage\",\n    \"mainEntity\": [\n        {\n            \"@type\": \"Question\",\n            \"name\": \"Was ist eine Balayage?\",\n            \"acceptedAnswer\": {\n                \"@type\": \"Answer\",\n                \"text\": \"<p>Ausgesprochen BAH-LEE-AHGE, ist Balayage eigentlich ein franz\\u00f6sisches Wort, das - Kehren - bedeutet, um mit einem Haaraufheller Glanzlichter zu setzen. Balayage ist die Technik, bei der mit der Hand Glanzlichter auf das Haar gemalt werden, um eine weiche und nat\\u00fcrliche Helligkeitsabstufung zu den Enden hin zu erzielen. Mach bei uns dein Termin Online aus!<\\\/p>\"\n            }\n        },\n        {\n            \"@type\": \"Question\",\n            \"name\": \"Ist Balayage und Ombre dasselbe?\",\n            \"acceptedAnswer\": {\n                \"@type\": \"Answer\",\n                \"text\": \"<p>Kurz gesagt, Ombre ist eher ein Stil. Balayage ist eine Technik. Beide f\\u00fchren zu einer ziemlich wartungsarmen Routine, da die Platzierung der Haarfarbe nicht streng ist, sondern schrittweise (f\\u00fcr Ombre) oder kehrend (f\\u00fcr Balayage) erfolgt. Regelm\\u00e4\\u00dfige Folienhighlights erfordern beispielsweise regelm\\u00e4\\u00dfigere Besuche im Salon. Arbuti Salon ist spezialisiert auf Balayage.<\\\/p>\"\n            }\n        },\n        {\n            \"@type\": \"Question\",\n            \"name\": \"Ist Balayage schlecht f\\u00fcr dein Haar?\",\n            \"acceptedAnswer\": {\n                \"@type\": \"Answer\",\n                \"text\": \"<p>Ist Balayage sch\\u00e4dlich f\\u00fcr Ihr Haar oder gibt es M\\u00f6glichkeiten, dies zu erreichen, ohne Ihr Haar zu braten? Absolut. Es ist \\u00fcberhaupt nicht sch\\u00e4dlich und sollte es auch nicht sein. Der gesamte Prozess kann ohne Ammoniak durchgef\\u00fchrt werden, daher ist er nicht sch\\u00e4dlicher als jede andere Farbe oder jeder andere Prozess.<\\\/p>\"\n            }\n        },\n        {\n            \"@type\": \"Question\",\n            \"name\": \"Was kostet Balayage\",\n            \"acceptedAnswer\": {\n                \"@type\": \"Answer\",\n                \"text\": \"<p>Balayage ist eine der teuersten Formen der Haarf\\u00e4rbung, weil es so zeitaufwendig ist, es zu vervollst\\u00e4ndigen. W\\u00e4hrend das Hervorheben m\\u00f6glicherweise nur 100 Euro kostet, m\\u00fcssen Sie mit durchschnittlich 200 Euro f\\u00fcr Balayage rechnen.<\\\/p>\"\n            }\n        }\n    ]\n}<\/script>","protected":false},"excerpt":{"rendered":"<p>Balayage in M\u00fcnchen Was ist der Balayage Effekt? Wir sprechen mit der Farbexpertin Ebru von Arbuti Hair Salon M\u00fcnchen, um [&hellip;]<\/p>","protected":false},"author":1,"featured_media":1193,"comment_status":"closed","ping_status":"open","sticky":false,"template":"","format":"standard","meta":{"ub_ctt_via":"","_uag_custom_page_level_css":"","site-sidebar-layout":"right-sidebar","site-content-layout":"default","ast-site-content-layout":"","site-content-style":"default","site-sidebar-style":"default","ast-global-header-display":"","ast-banner-title-visibility":"","ast-main-header-display":"","ast-hfb-above-header-display":"","ast-hfb-below-header-display":"","ast-hfb-mobile-header-display":"","site-post-title":"","ast-breadcrumbs-content":"","ast-featured-img":"","footer-sml-layout":"","theme-transparent-header-meta":"default","adv-header-id-meta":"","stick-header-meta":"default","header-above-stick-meta":"","header-main-stick-meta":"","header-below-stick-meta":"","astra-migrate-meta-layouts":"default","ast-page-background-enabled":"default","ast-page-background-meta":{"desktop":{"background-color":"","background-image":"","background-repeat":"repeat","background-position":"center center","background-size":"auto","background-attachment":"scroll","background-type":"","background-media":"","overlay-type":"","overlay-color":"","overlay-opacity":"","overlay-gradient":""},"tablet":{"background-color":"","background-image":"","background-repeat":"repeat","background-position":"center center","background-size":"auto","background-attachment":"scroll","background-type":"","background-media":"","overlay-type":"","overlay-color":"","overlay-opacity":"","overlay-gradient":""},"mobile":{"background-color":"","background-image":"","background-repeat":"repeat","background-position":"center center","background-size":"auto","background-attachment":"scroll","background-type":"","background-media":"","overlay-type":"","overlay-color":"","overlay-opacity":"","overlay-gradient":""}},"ast-content-background-meta":{"desktop":{"background-color":"var(--ast-global-color-5)","background-image":"","background-repeat":"repeat","background-position":"center center","background-size":"auto","background-attachment":"scroll","background-type":"","background-media":"","overlay-type":"","overlay-color":"","overlay-opacity":"","overlay-gradient":""},"tablet":{"background-color":"var(--ast-global-color-5)","background-image":"","background-repeat":"repeat","background-position":"center center","background-size":"auto","background-attachment":"scroll","background-type":"","background-media":"","overlay-type":"","overlay-color":"","overlay-opacity":"","overlay-gradient":""},"mobile":{"background-color":"var(--ast-global-color-5)","background-image":"","background-repeat":"repeat","background-position":"center center","background-size":"auto","background-attachment":"scroll","background-type":"","background-media":"","overlay-type":"","overlay-color":"","overlay-opacity":"","overlay-gradient":""}},"footnotes":""},"categories":[33,206,173],"tags":[43,4611,50],"class_list":["post-415","post","type-post","status-publish","format-standard","has-post-thumbnail","hentry","category-balayage","category-balayage-muenchen","category-start","tag-balayage","tag-balayage-muenchen","tag-blond"],"featured_image_src":"https:\/\/arbuti.com\/wp-content\/uploads\/2015\/02\/Friseur-Mu\u0308nchen.jpg","author_info":{"display_name":"admin","author_link":"https:\/\/arbuti.com\/sl\/author\/admin\/"},"yoast_head":"<!-- This site is optimized with the Yoast SEO Premium plugin v25.3 (Yoast SEO v25.3) - https:\/\/yoast.com\/wordpress\/plugins\/seo\/ -->\n<title>Balayage Blond oder Braun - Alles \u00fcber Balayage - ARBUTI Hair Salon<\/title>\n<meta name=\"description\" content=\"Blonde oder braune Balayage? Wir beantworten dir alle Balayage fragen! Arbuti Hair Salon ist spezialisiert auf Balayage. Welche Balayage passt zu dir?\" \/>\n<meta name=\"robots\" content=\"index, follow, max-snippet:-1, max-image-preview:large, max-video-preview:-1\" \/>\n<link rel=\"canonical\" href=\"https:\/\/arbuti.com\/sl\/balayagemuenchen\/\" \/>\n<meta property=\"og:locale\" content=\"sl_SI\" \/>\n<meta property=\"og:type\" content=\"article\" \/>\n<meta property=\"og:title\" content=\"Balayage\" \/>\n<meta property=\"og:description\" content=\"Balayage in M\u00fcnchen Was ist der Balayage Effekt? Wir sprechen mit der Farbexpertin Ebru von Arbuti Hair Salon M\u00fcnchen, um alles zu erfahren, was Sie \u00fcber\" \/>\n<meta property=\"og:url\" content=\"https:\/\/arbuti.com\/sl\/balayagemuenchen\/\" \/>\n<meta property=\"og:site_name\" content=\"ARBUTI Hair Salon\" \/>\n<meta property=\"article:publisher\" content=\"https:\/\/www.facebook.com\/Arbutihairsalon\/\" \/>\n<meta property=\"article:published_time\" content=\"2018-10-14T18:28:41+00:00\" \/>\n<meta property=\"article:modified_time\" content=\"2021-04-07T14:08:58+00:00\" \/>\n<meta property=\"og:image\" content=\"https:\/\/arbuti.com\/wp-content\/uploads\/2015\/02\/Friseur-Mu\u0308nchen.jpg\" \/>\n\t<meta property=\"og:image:width\" content=\"1080\" \/>\n\t<meta property=\"og:image:height\" content=\"1080\" \/>\n\t<meta property=\"og:image:type\" content=\"image\/jpeg\" \/>\n<meta name=\"author\" content=\"admin\" \/>\n<meta name=\"twitter:card\" content=\"summary_large_image\" \/>\n<meta name=\"twitter:label1\" content=\"Written by\" \/>\n\t<meta name=\"twitter:data1\" content=\"admin\" \/>\n\t<meta name=\"twitter:label2\" content=\"Est. reading time\" \/>\n\t<meta name=\"twitter:data2\" content=\"6 minut\" \/>\n<script type=\"application\/ld+json\" class=\"yoast-schema-graph\">{\"@context\":\"https:\/\/schema.org\",\"@graph\":[{\"@type\":\"Article\",\"@id\":\"https:\/\/arbuti.com\/en\/balayagemuenchen\/#article\",\"isPartOf\":{\"@id\":\"https:\/\/arbuti.com\/en\/balayagemuenchen\/\"},\"author\":{\"name\":\"admin\",\"@id\":\"https:\/\/arbuti.com\/fr\/#\/schema\/person\/d85bbf7b442ca0f812c3aa0ed9eece8f\"},\"headline\":\"Balayage\",\"datePublished\":\"2018-10-14T18:28:41+00:00\",\"dateModified\":\"2021-04-07T14:08:58+00:00\",\"mainEntityOfPage\":{\"@id\":\"https:\/\/arbuti.com\/en\/balayagemuenchen\/\"},\"wordCount\":1113,\"publisher\":{\"@id\":\"https:\/\/arbuti.com\/fr\/#organization\"},\"image\":{\"@id\":\"https:\/\/arbuti.com\/en\/balayagemuenchen\/#primaryimage\"},\"thumbnailUrl\":\"https:\/\/arbuti.com\/wp-content\/uploads\/2015\/02\/Friseur-Mu\u0308nchen.jpg\",\"keywords\":[\"balayage\",\"Balayage M\u00fcnchen\",\"blond\"],\"articleSection\":[\"Balayage\",\"Balayage M\u00fcnchen\",\"start\"],\"inLanguage\":\"sl-SI\"},{\"@type\":\"WebPage\",\"@id\":\"https:\/\/arbuti.com\/en\/balayagemuenchen\/\",\"url\":\"https:\/\/arbuti.com\/en\/balayagemuenchen\/\",\"name\":\"Balayage Blond oder Braun - Alles \u00fcber Balayage - ARBUTI Hair Salon\",\"isPartOf\":{\"@id\":\"https:\/\/arbuti.com\/fr\/#website\"},\"primaryImageOfPage\":{\"@id\":\"https:\/\/arbuti.com\/en\/balayagemuenchen\/#primaryimage\"},\"image\":{\"@id\":\"https:\/\/arbuti.com\/en\/balayagemuenchen\/#primaryimage\"},\"thumbnailUrl\":\"https:\/\/arbuti.com\/wp-content\/uploads\/2015\/02\/Friseur-Mu\u0308nchen.jpg\",\"datePublished\":\"2018-10-14T18:28:41+00:00\",\"dateModified\":\"2021-04-07T14:08:58+00:00\",\"description\":\"Blonde oder braune Balayage? Wir beantworten dir alle Balayage fragen! Arbuti Hair Salon ist spezialisiert auf Balayage. Welche Balayage passt zu dir?\",\"breadcrumb\":{\"@id\":\"https:\/\/arbuti.com\/en\/balayagemuenchen\/#breadcrumb\"},\"inLanguage\":\"sl-SI\",\"potentialAction\":[{\"@type\":\"ReadAction\",\"target\":[\"https:\/\/arbuti.com\/en\/balayagemuenchen\/\"]}]},{\"@type\":\"ImageObject\",\"inLanguage\":\"sl-SI\",\"@id\":\"https:\/\/arbuti.com\/en\/balayagemuenchen\/#primaryimage\",\"url\":\"https:\/\/arbuti.com\/wp-content\/uploads\/2015\/02\/Friseur-Mu\u0308nchen.jpg\",\"contentUrl\":\"https:\/\/arbuti.com\/wp-content\/uploads\/2015\/02\/Friseur-Mu\u0308nchen.jpg\",\"width\":1080,\"height\":1080,\"caption\":\"Arbuti Hair Salon, Friseur M\u00fcnchen\"},{\"@type\":\"BreadcrumbList\",\"@id\":\"https:\/\/arbuti.com\/en\/balayagemuenchen\/#breadcrumb\",\"itemListElement\":[{\"@type\":\"ListItem\",\"position\":1,\"name\":\"ARBUTI\",\"item\":\"https:\/\/arbuti.com\/\"},{\"@type\":\"ListItem\",\"position\":2,\"name\":\"Balayage\",\"item\":\"https:\/\/arbuti.com\/en\/balayage\/\"},{\"@type\":\"ListItem\",\"position\":3,\"name\":\"Balayage\"}]},{\"@type\":\"WebSite\",\"@id\":\"https:\/\/arbuti.com\/fr\/#website\",\"url\":\"https:\/\/arbuti.com\/fr\/\",\"name\":\"ARBUTI Hair Salon\",\"description\":\"Friseur M\u00fcnchen\",\"publisher\":{\"@id\":\"https:\/\/arbuti.com\/fr\/#organization\"},\"alternateName\":\"ARBUTI\",\"potentialAction\":[{\"@type\":\"SearchAction\",\"target\":{\"@type\":\"EntryPoint\",\"urlTemplate\":\"https:\/\/arbuti.com\/fr\/?s={search_term_string}\"},\"query-input\":{\"@type\":\"PropertyValueSpecification\",\"valueRequired\":true,\"valueName\":\"search_term_string\"}}],\"inLanguage\":\"sl-SI\"},{\"@type\":\"Organization\",\"@id\":\"https:\/\/arbuti.com\/fr\/#organization\",\"name\":\"ARBUTI Hair Salon\",\"alternateName\":\"ARBUTI\",\"url\":\"https:\/\/arbuti.com\/fr\/\",\"logo\":{\"@type\":\"ImageObject\",\"inLanguage\":\"sl-SI\",\"@id\":\"https:\/\/arbuti.com\/fr\/#\/schema\/logo\/image\/\",\"url\":\"https:\/\/arbuti.com\/wp-content\/uploads\/2020\/04\/cropped-Arbuti-Friseur-Muenchen.jpg\",\"contentUrl\":\"https:\/\/arbuti.com\/wp-content\/uploads\/2020\/04\/cropped-Arbuti-Friseur-Muenchen.jpg\",\"width\":512,\"height\":512,\"caption\":\"ARBUTI Hair Salon\"},\"image\":{\"@id\":\"https:\/\/arbuti.com\/fr\/#\/schema\/logo\/image\/\"},\"sameAs\":[\"https:\/\/www.facebook.com\/Arbutihairsalon\/\",\"https:\/\/www.instagram.com\/arbutihairsalon\/\",\"https:\/\/www.pinterest.de\/arbutihairsalon\/arbuti-hair-salon\/\"]},{\"@type\":\"Person\",\"@id\":\"https:\/\/arbuti.com\/fr\/#\/schema\/person\/d85bbf7b442ca0f812c3aa0ed9eece8f\",\"name\":\"admin\",\"image\":{\"@type\":\"ImageObject\",\"inLanguage\":\"sl-SI\",\"@id\":\"https:\/\/arbuti.com\/fr\/#\/schema\/person\/image\/\",\"url\":\"https:\/\/secure.gravatar.com\/avatar\/a5ca7376327017715559ffb9b376df51?s=96&d=mm&r=g\",\"contentUrl\":\"https:\/\/secure.gravatar.com\/avatar\/a5ca7376327017715559ffb9b376df51?s=96&d=mm&r=g\",\"caption\":\"admin\"}}]}<\/script>\n<!-- \/ Yoast SEO Premium plugin. -->","yoast_head_json":{"title":"Balayage Blond oder Braun - Alles \u00fcber Balayage - ARBUTI Hair Salon","description":"Blonde oder braune Balayage? Wir beantworten dir alle Balayage fragen! Arbuti Hair Salon ist spezialisiert auf Balayage. Welche Balayage passt zu dir?","robots":{"index":"index","follow":"follow","max-snippet":"max-snippet:-1","max-image-preview":"max-image-preview:large","max-video-preview":"max-video-preview:-1"},"canonical":"https:\/\/arbuti.com\/sl\/balayagemuenchen\/","og_locale":"sl_SI","og_type":"article","og_title":"Balayage","og_description":"Balayage in M\u00fcnchen Was ist der Balayage Effekt? Wir sprechen mit der Farbexpertin Ebru von Arbuti Hair Salon M\u00fcnchen, um alles zu erfahren, was Sie \u00fcber","og_url":"https:\/\/arbuti.com\/sl\/balayagemuenchen\/","og_site_name":"ARBUTI Hair Salon","article_publisher":"https:\/\/www.facebook.com\/Arbutihairsalon\/","article_published_time":"2018-10-14T18:28:41+00:00","article_modified_time":"2021-04-07T14:08:58+00:00","og_image":[{"width":1080,"height":1080,"url":"https:\/\/arbuti.com\/wp-content\/uploads\/2015\/02\/Friseur-Mu\u0308nchen.jpg","type":"image\/jpeg"}],"author":"admin","twitter_card":"summary_large_image","twitter_misc":{"Written by":"admin","Est. reading time":"6 minut"},"schema":{"@context":"https:\/\/schema.org","@graph":[{"@type":"Article","@id":"https:\/\/arbuti.com\/en\/balayagemuenchen\/#article","isPartOf":{"@id":"https:\/\/arbuti.com\/en\/balayagemuenchen\/"},"author":{"name":"admin","@id":"https:\/\/arbuti.com\/fr\/#\/schema\/person\/d85bbf7b442ca0f812c3aa0ed9eece8f"},"headline":"Balayage","datePublished":"2018-10-14T18:28:41+00:00","dateModified":"2021-04-07T14:08:58+00:00","mainEntityOfPage":{"@id":"https:\/\/arbuti.com\/en\/balayagemuenchen\/"},"wordCount":1113,"publisher":{"@id":"https:\/\/arbuti.com\/fr\/#organization"},"image":{"@id":"https:\/\/arbuti.com\/en\/balayagemuenchen\/#primaryimage"},"thumbnailUrl":"https:\/\/arbuti.com\/wp-content\/uploads\/2015\/02\/Friseur-Mu\u0308nchen.jpg","keywords":["balayage","Balayage M\u00fcnchen","blond"],"articleSection":["Balayage","Balayage M\u00fcnchen","start"],"inLanguage":"sl-SI"},{"@type":"WebPage","@id":"https:\/\/arbuti.com\/en\/balayagemuenchen\/","url":"https:\/\/arbuti.com\/en\/balayagemuenchen\/","name":"Balayage Blond oder Braun - Alles \u00fcber Balayage - ARBUTI Hair Salon","isPartOf":{"@id":"https:\/\/arbuti.com\/fr\/#website"},"primaryImageOfPage":{"@id":"https:\/\/arbuti.com\/en\/balayagemuenchen\/#primaryimage"},"image":{"@id":"https:\/\/arbuti.com\/en\/balayagemuenchen\/#primaryimage"},"thumbnailUrl":"https:\/\/arbuti.com\/wp-content\/uploads\/2015\/02\/Friseur-Mu\u0308nchen.jpg","datePublished":"2018-10-14T18:28:41+00:00","dateModified":"2021-04-07T14:08:58+00:00","description":"Blonde oder braune Balayage? Wir beantworten dir alle Balayage fragen! Arbuti Hair Salon ist spezialisiert auf Balayage. Welche Balayage passt zu dir?","breadcrumb":{"@id":"https:\/\/arbuti.com\/en\/balayagemuenchen\/#breadcrumb"},"inLanguage":"sl-SI","potentialAction":[{"@type":"ReadAction","target":["https:\/\/arbuti.com\/en\/balayagemuenchen\/"]}]},{"@type":"ImageObject","inLanguage":"sl-SI","@id":"https:\/\/arbuti.com\/en\/balayagemuenchen\/#primaryimage","url":"https:\/\/arbuti.com\/wp-content\/uploads\/2015\/02\/Friseur-Mu\u0308nchen.jpg","contentUrl":"https:\/\/arbuti.com\/wp-content\/uploads\/2015\/02\/Friseur-Mu\u0308nchen.jpg","width":1080,"height":1080,"caption":"Arbuti Hair Salon, Friseur M\u00fcnchen"},{"@type":"BreadcrumbList","@id":"https:\/\/arbuti.com\/en\/balayagemuenchen\/#breadcrumb","itemListElement":[{"@type":"ListItem","position":1,"name":"ARBUTI","item":"https:\/\/arbuti.com\/"},{"@type":"ListItem","position":2,"name":"Balayage","item":"https:\/\/arbuti.com\/en\/balayage\/"},{"@type":"ListItem","position":3,"name":"Balayage"}]},{"@type":"WebSite","@id":"https:\/\/arbuti.com\/fr\/#website","url":"https:\/\/arbuti.com\/fr\/","name":"ARBUTI Hair Salon","description":"Friseur M\u00fcnchen","publisher":{"@id":"https:\/\/arbuti.com\/fr\/#organization"},"alternateName":"ARBUTI","potentialAction":[{"@type":"SearchAction","target":{"@type":"EntryPoint","urlTemplate":"https:\/\/arbuti.com\/fr\/?s={search_term_string}"},"query-input":{"@type":"PropertyValueSpecification","valueRequired":true,"valueName":"search_term_string"}}],"inLanguage":"sl-SI"},{"@type":"Organization","@id":"https:\/\/arbuti.com\/fr\/#organization","name":"ARBUTI Hair Salon","alternateName":"ARBUTI","url":"https:\/\/arbuti.com\/fr\/","logo":{"@type":"ImageObject","inLanguage":"sl-SI","@id":"https:\/\/arbuti.com\/fr\/#\/schema\/logo\/image\/","url":"https:\/\/arbuti.com\/wp-content\/uploads\/2020\/04\/cropped-Arbuti-Friseur-Muenchen.jpg","contentUrl":"https:\/\/arbuti.com\/wp-content\/uploads\/2020\/04\/cropped-Arbuti-Friseur-Muenchen.jpg","width":512,"height":512,"caption":"ARBUTI Hair Salon"},"image":{"@id":"https:\/\/arbuti.com\/fr\/#\/schema\/logo\/image\/"},"sameAs":["https:\/\/www.facebook.com\/Arbutihairsalon\/","https:\/\/www.instagram.com\/arbutihairsalon\/","https:\/\/www.pinterest.de\/arbutihairsalon\/arbuti-hair-salon\/"]},{"@type":"Person","@id":"https:\/\/arbuti.com\/fr\/#\/schema\/person\/d85bbf7b442ca0f812c3aa0ed9eece8f","name":"admin","image":{"@type":"ImageObject","inLanguage":"sl-SI","@id":"https:\/\/arbuti.com\/fr\/#\/schema\/person\/image\/","url":"https:\/\/secure.gravatar.com\/avatar\/a5ca7376327017715559ffb9b376df51?s=96&d=mm&r=g","contentUrl":"https:\/\/secure.gravatar.com\/avatar\/a5ca7376327017715559ffb9b376df51?s=96&d=mm&r=g","caption":"admin"}}]}},"uagb_featured_image_src":{"full":["https:\/\/arbuti.com\/wp-content\/uploads\/2015\/02\/Friseur-Mu\u0308nchen.jpg",1080,1080,false],"thumbnail":["https:\/\/arbuti.com\/wp-content\/uploads\/2015\/02\/Friseur-Mu\u0308nchen-150x150.jpg",150,150,true],"medium":["https:\/\/arbuti.com\/wp-content\/uploads\/2015\/02\/Friseur-Mu\u0308nchen-300x300.jpg",300,300,true],"medium_large":["https:\/\/arbuti.com\/wp-content\/uploads\/2015\/02\/Friseur-Mu\u0308nchen-768x768.jpg",768,768,true],"large":["https:\/\/arbuti.com\/wp-content\/uploads\/2015\/02\/Friseur-Mu\u0308nchen-1024x1024.jpg",1024,1024,true],"1536x1536":["https:\/\/arbuti.com\/wp-content\/uploads\/2015\/02\/Friseur-Mu\u0308nchen.jpg",1080,1080,false],"2048x2048":["https:\/\/arbuti.com\/wp-content\/uploads\/2015\/02\/Friseur-Mu\u0308nchen.jpg",1080,1080,false],"trp-custom-language-flag":["https:\/\/arbuti.com\/wp-content\/uploads\/2015\/02\/Friseur-Mu\u0308nchen.jpg",12,12,false],"wp_review_large":["https:\/\/arbuti.com\/wp-content\/uploads\/2015\/02\/Friseur-Mu\u0308nchen.jpg",200,200,false],"wp_review_small":["https:\/\/arbuti.com\/wp-content\/uploads\/2015\/02\/Friseur-Mu\u0308nchen.jpg",65,65,false]},"uagb_author_info":{"display_name":"admin","author_link":"https:\/\/arbuti.com\/sl\/author\/admin\/"},"uagb_comment_info":1,"uagb_excerpt":"Balayage in M\u00fcnchen Was ist der Balayage Effekt? Wir sprechen mit der Farbexpertin Ebru von Arbuti Hair Salon M\u00fcnchen, um [&hellip;]","_links":{"self":[{"href":"https:\/\/arbuti.com\/sl\/wp-json\/wp\/v2\/posts\/415","targetHints":{"allow":["GET"]}}],"collection":[{"href":"https:\/\/arbuti.com\/sl\/wp-json\/wp\/v2\/posts"}],"about":[{"href":"https:\/\/arbuti.com\/sl\/wp-json\/wp\/v2\/types\/post"}],"author":[{"embeddable":true,"href":"https:\/\/arbuti.com\/sl\/wp-json\/wp\/v2\/users\/1"}],"replies":[{"embeddable":true,"href":"https:\/\/arbuti.com\/sl\/wp-json\/wp\/v2\/comments?post=415"}],"version-history":[{"count":17,"href":"https:\/\/arbuti.com\/sl\/wp-json\/wp\/v2\/posts\/415\/revisions"}],"predecessor-version":[{"id":9107,"href":"https:\/\/arbuti.com\/sl\/wp-json\/wp\/v2\/posts\/415\/revisions\/9107"}],"wp:featuredmedia":[{"embeddable":true,"href":"https:\/\/arbuti.com\/sl\/wp-json\/wp\/v2\/media\/1193"}],"wp:attachment":[{"href":"https:\/\/arbuti.com\/sl\/wp-json\/wp\/v2\/media?parent=415"}],"wp:term":[{"taxonomy":"category","embeddable":true,"href":"https:\/\/arbuti.com\/sl\/wp-json\/wp\/v2\/categories?post=415"},{"taxonomy":"post_tag","embeddable":true,"href":"https:\/\/arbuti.com\/sl\/wp-json\/wp\/v2\/tags?post=415"}],"curies":[{"name":"wp","href":"https:\/\/api.w.org\/{rel}","templated":true}]}}