{"id":6611,"date":"2021-01-10T08:24:34","date_gmt":"2021-01-10T08:24:34","guid":{"rendered":"https:\/\/arbuti.com\/?p=6611"},"modified":"2021-04-07T14:17:25","modified_gmt":"2021-04-07T14:17:25","slug":"duennes-haar-styling","status":"publish","type":"post","link":"https:\/\/arbuti.com\/sk\/duennes-haar-styling\/","title":{"rendered":"Styling tenk\u00fdch vlasov"},"content":{"rendered":"<p><a href=\"https:\/\/arbuti.com\/wp-admin\/edit.php?post_type=post\"><\/a><\/p>\n\n\n<div class=\"lede-background\">\n<header class=\"content-header content-header--align-left content-header--media-small content-header--position-above content-header--short content-header--reduced-spacings article__content-header content-header__caption-style--default content-header--publish-date-top\" data-event-boundary=\"click\" data-event-click=\"{&quot;pattern&quot;:&quot;ContentHeader&quot;}\" data-in-view=\"{&quot;pattern&quot;:&quot;ContentHeader&quot;}\" data-include-experiments=\"true\">\n<div class=\"content-header__container content-header__container-theme-standard\">\n<div class=\"content-header__row content-header__title-block\" data-event-boundary=\"click\" data-event-click=\"{&quot;pattern&quot;:&quot;TitleBlock&quot;}\" data-in-view=\"{&quot;pattern&quot;:&quot;TitleBlock&quot;}\" data-include-experiments=\"true\">\n<h1 class=\"content-header__row content-header__hed\" data-testid=\"ContentHeaderHed\">10 tipov na styling pre ten\u0161ie vlasy<\/h1>\n<\/div>\n<div class=\"content-header__row content-header__accreditation\">\n<div class=\"content-header__row content-header__byline\">\n<div class=\"content-header__byline__content\">\n<div class=\"sc-pNWxx sc-fbIXFq eymBHI iCzlAK bylines content-header__bylines\" data-testid=\"BylinesWrapper\">&nbsp;<\/div>\n<\/div>\n<\/div>\n<\/div>\n<div class=\"lead-asset lead-asset--landscape content-header__lead-asset lead-asset--width-small\" data-testid=\"ContentHeaderLeadAsset\">\n<figure class=\"lead-asset__content\">\n<div class=\"lead-asset__content__media lead-asset__content__photo\">\n<figure id=\"attachment_6613\" aria-describedby=\"caption-attachment-6613\" style=\"width: 422px\" class=\"wp-caption alignnone\"><a href=\"https:\/\/arbuti.com\/wp-content\/uploads\/2021\/01\/duenne-haare-styling.jpg\"><img loading=\"lazy\" decoding=\"async\" class=\"wp-image-6613\" src=\"https:\/\/arbuti.com\/wp-content\/uploads\/2021\/01\/duenne-haare-styling.jpg\" alt=\"tenk\u00fd styling vlasov\" width=\"422\" height=\"523\" srcset=\"https:\/\/arbuti.com\/wp-content\/uploads\/2021\/01\/duenne-haare-styling.jpg 928w, https:\/\/arbuti.com\/wp-content\/uploads\/2021\/01\/duenne-haare-styling-242x300.jpg 242w, https:\/\/arbuti.com\/wp-content\/uploads\/2021\/01\/duenne-haare-styling-826x1024.jpg 826w, https:\/\/arbuti.com\/wp-content\/uploads\/2021\/01\/duenne-haare-styling-768x952.jpg 768w, https:\/\/arbuti.com\/wp-content\/uploads\/2021\/01\/duenne-haare-styling-200x248.jpg 200w, https:\/\/arbuti.com\/wp-content\/uploads\/2021\/01\/duenne-haare-styling-400x496.jpg 400w, https:\/\/arbuti.com\/wp-content\/uploads\/2021\/01\/duenne-haare-styling-600x744.jpg 600w, https:\/\/arbuti.com\/wp-content\/uploads\/2021\/01\/duenne-haare-styling-800x991.jpg 800w\" sizes=\"auto, (max-width: 422px) 100vw, 422px\" \/><\/a><figcaption id=\"caption-attachment-6613\" class=\"wp-caption-text\">Styling a farba od kadern\u00edckeho sal\u00f3nu Arbuti<\/figcaption><\/figure><p><\/p>\n<h2>Z tenk\u00fdch vlasov na hust\u00e9 vlasy za p\u00e1r min\u00fat<\/h2>\n<\/div>\n<\/figure>\n<\/div>\n<\/div>\n<\/header>\n<\/div>\n<div class=\"content-background\" data-attribute-verso-pattern=\"article-body\">\n<div class=\"\" data-event-boundary=\"click\" data-event-click=\"{&quot;pattern&quot;:&quot;ChunkedArticleContent&quot;}\" data-in-view=\"{&quot;pattern&quot;:&quot;ChunkedArticleContent&quot;}\" data-include-experiments=\"true\">\n<div class=\"article__chunks\">\n<div class=\"grid grid-margins grid-items-2 grid-layout--adrail narrow wide-adrail\">\n<div class=\"grid--item body body__container article__body grid-layout__content\">\n<p>Tenk\u00e9 vlasy maj\u00fa svoje v\u00fdhody: R\u00fdchlo schne na vzduchu, vy\u017eaduje menej pr\u00edpravku a r\u00fdchlej\u0161ie sa upravuje. Ak v\u0161ak chcete dosiahnu\u0165 mega \u017eiariv\u00fd vzh\u013ead, tenk\u00e9 vlasy m\u00f4\u017eu predstavova\u0165 ur\u010dit\u00fa v\u00fdzvu. Dobr\u00e1 spr\u00e1va? Spr\u00e1vnymi technikami stylingu m\u00f4\u017eete dosiahnu\u0165 ove\u013ea pln\u0161\u00ed efekt, aj ke\u010f ste sa nenarodili s ve\u013ek\u00fdm mno\u017estvom vlasov. M\u00e1me pre v\u00e1s nieko\u013eko najlep\u0161\u00edch tipov, ako dosiahnu\u0165, aby hustej\u0161ie vlasy vyzerali dobre. Pre\u010d\u00edtajte si 10 \u00faplne uskuto\u010dnite\u013en\u00fdch a r\u00fdchlych sp\u00f4sobov, ako z jemn\u00fdch vlasov vytvori\u0165 pln\u00fa, pru\u017en\u00fa hrivu.<\/p>\n<h2>1. pridajte vlny.<\/h2>\n<p>Rovn\u00e9, jemne \u0161trukt\u00farovan\u00e9 vlasy le\u017eia na hlave. Ak chcete dosiahnu\u0165 okam\u017eit\u00fd \u00fa\u010dinok, sk\u00faste vlasy uhladi\u0165 <a href=\"https:\/\/arbuti.com\/sk\/kulma-na-vlasy-2\/\">Kulma na vlasy<\/a> alebo <a href=\"https:\/\/arbuti.com\/sk\/sklarske-zelezo\/\">Vyrovn\u00e1va\u010d<\/a> na \u0161t\u00fdl. \"Pridanie vlnitej text\u00fary takmer zdvojn\u00e1sob\u00ed hustotu jemn\u00fdch vlasov,\" hovor\u00ed Mo, umeleck\u00e1 riadite\u013eka stylistka spolo\u010dnosti ARBUTI v Mn\u00edchove. Pr\u00edpravu za\u010dnite <a href=\"https:\/\/arbuti.com\/sk\/sprej-na-ochranu-pred-teplom\/\">Sprej na ochranu pred teplom<\/a> ako <a href=\"https:\/\/amzn.to\/3bCzXeX\">Sprej John Frieda<\/a>. \"Tieto produkty nielen\u017ee chr\u00e1nia prame\u0148 vlasov pred teplom, ale z\u00e1rove\u0148 ho aj fixuj\u00fa, aby sa dlh\u0161ie nat\u00e1\u010dal,\" hovor\u00ed.<\/p>\n<h2>2. nenech\u00e1vajte su\u0161i\u010d vlasov vypnut\u00fd.<\/h2>\n<p>Ak m\u00e1te jemn\u00e9 vlasy, su\u0161enie vzduchom je ove\u013ea r\u00fdchlej\u0161ie, ale <a href=\"https:\/\/arbuti.com\/sk\/foehn\/\">F\u00e9novanie<\/a> sa m\u00f4\u017ee oplati\u0165. Spr\u00e1vnou technikou m\u00f4\u017eete dosiahnu\u0165 ove\u013ea pln\u0161\u00ed vzh\u013ead . Stylistka a majite\u013eka Ebru odpor\u00fa\u010da za\u010da\u0165 s pr\u00edpravkom na zv\u00e4\u010d\u0161enie objemu vlasov (m\u00e1 rada pr\u00edpravok <a href=\"https:\/\/amzn.to\/3sbdDid\">Redken Aerate<\/a> ). Odpor\u00fa\u010da <a href=\"https:\/\/amzn.to\/3set6OG\">Braun Satin Hair 7<\/a>. Tu m\u00e1me \u010fal\u0161\u00ed test <a href=\"https:\/\/arbuti.com\/sk\/foehn\/\">Najlep\u0161\u00ed su\u0161i\u010d vlasov<\/a> V\u00fdhercovia testov, ktor\u00ed miluj\u00fa kadern\u00edkov.<\/p>\n<h2>3. rockov\u00e1 ofina alebo bob.<\/h2>\n<p>V\u00fdber spr\u00e1vneho \u00fa\u010desu dok\u00e1\u017ee urobi\u0165 z\u00e1zraky a vytvori\u0165 il\u00faziu hustej\u0161\u00edch vlasov. Ak ste na vrchnej strane chud\u00ed, zv\u00e1\u017ete mo\u017enos\u0165 zaobstara\u0165 si strapce, aby ste zamaskovali riedku l\u00edniu vlasov. \"Bu\u010f tup\u00fd strih, alebo jemnej\u0161ie, dlh\u0161ie strapce s bo\u010dnou \u010das\u0165ou zakryj\u00fa alebo vyhladia redn\u00facu l\u00edniu vlasov,\" hovor\u00ed Heidhorn. Upozor\u0148uje tie\u017e, \u017ee dlh\u00e9 \u00fa\u010desy s\u00fa s\u00edce pekn\u00e9, ale m\u00f4\u017eu za\u0165a\u017eova\u0165 jemn\u00e9 vlasy. Namiesto toho zvo\u013ete d\u013a\u017eku, v\u010faka ktorej bud\u00fa va\u0161e kon\u010deky vyzera\u0165 pln\u0161ie, napr\u00edklad skr\u00e1ten\u00fd bob. A \u010do vrstvy? \"Existuje m\u00fdtus, \u017ee vrstvy vytv\u00e1raj\u00fa objem, preto\u017ee s\u00fa menej \u0165a\u017ek\u00e9 a neza\u0165a\u017euj\u00fa vlasy,\" hovor\u00ed Heidorn. Hoci \u013eahk\u00e9 vrstvy m\u00f4\u017eu vlasom doda\u0165 \u0161trukt\u00faru, pohyb a nadvihnutie, m\u00f4\u017eu by\u0165 obzvl\u00e1\u0161\u0165 n\u00e1ro\u010dn\u00e9 pre jemn\u00e9 vlasy, ktor\u00e9 maj\u00fa tendenciu le\u017ea\u0165 plocho a beztvaro, ak nie s\u00fa spr\u00e1vne upraven\u00e9. Pri v\u00fdbere vrstven\u00e9ho \u00fa\u010desu nezab\u00fadajte, \u017ee ka\u017edodenn\u00e1 \u00faprava si m\u00f4\u017ee vy\u017eadova\u0165 trochu viac n\u00e1mahy. Heidhorn odpor\u00fa\u010da obr\u00e1ti\u0165 sa na svojho kadern\u00edka, ktor\u00fd v\u00e1m poskytne podrobn\u00e9 tipy.<\/p>\n<h2>4. vysk\u00fa\u0161ajte pred\u013a\u017eenia s klipom.<\/h2>\n<p>Sn\u00edvali ste niekedy o vysokom konskom chvoste, ktor\u00fd by bol tak\u00fd hust\u00fd a dlh\u00fd ako ten Ariany Grande? Ak m\u00e1te riedke vlasy, m\u00f4\u017eete tento objemn\u00fd vzh\u013ead dosiahnu\u0165 pomocou d\u00f4veryhodn\u00fdch predl\u017eovac\u00edch klipov. \"Clip-iny poskytuj\u00fa okam\u017eit\u00fa d\u013a\u017eku a plnos\u0165,\" hovor\u00ed Mo. \"Navy\u0161e sa daj\u00fa \u013eahko odstr\u00e1ni\u0165, aby sa va\u0161e prirodzen\u00e9 vlasy \u010do najmenej po\u0161kodili.\" Predl\u017eovanie pomocou lepidla, lepen\u00fdch alebo mikrospojen\u00fdch vlasov nemus\u00ed by\u0165 najvhodnej\u0161ie pre jemn\u00e9 vlasy, ktor\u00e9 b\u00fdvaj\u00fa krehkej\u0161ie. Preto sa dr\u017ete nez\u00e1v\u00e4zn\u00fdch klipov. Vysk\u00fa\u0161ajte str\u00e1nku <a href=\"https:\/\/amzn.to\/38uGG8A\">Bohat\u00e9 mo\u017enosti<\/a>-V skuto\u010dn\u00fdch pred\u013a\u017een\u00fdch vlasoch, ako prisah\u00e1 sl\u00e1vny kadern\u00edk Mo .<\/p>\n<h2>Pridajte svetl\u00e1 alebo rozjas\u0148ova\u010de.<\/h2>\n<p>Trochu farby je ve\u013emi d\u00f4le\u017eit\u00e9 pre rozvoj ve\u013ekosti vlasov. \"Vo v\u0161eobecnosti plat\u00ed, \u017ee \u010d\u00edm tmav\u0161\u00ed je, t\u00fdm v\u00e4\u010d\u0161iu h\u013abku vytvor\u00edte,\" hovor\u00ed Ebru, ktor\u00e1 navrhuje zv\u00fdrazni\u0165 va\u0161u prirodzen\u00fa farbu slab\u00fdm svetlom. Naopak, dobre umiestnen\u00fd mel\u00edr m\u00f4\u017ee tmav\u0161\u00edm vlasom doda\u0165 teplo a \u0161trukt\u00faru. Ak sa rozhodnete pre mel\u00edr, najlep\u0161ou vo\u013ebou je po\u017eiada\u0165 svojho kadern\u00edka o prirodzene vyzeraj\u00facu, hladko zmie\u0161an\u00fa farbu, <a href=\"https:\/\/arbuti.com\/sk\/category\/balayage-muenchen\/\">Balayage<\/a> vykon\u00e1va\u0165 - ru\u010dne ma\u013eovan\u00fa techniku zv\u00fdraz\u0148ovania .<\/p>\n<h2>6. nastriekajte kore\u0148ov\u00fd korektor.<\/h2>\n<p>Wir verraten Ihnen ein Geheimnis &#8211; Root <a href=\"https:\/\/arbuti.com\/sk\/korektor\/\">Korektor<\/a> nesl\u00fa\u017ei&nbsp;<em>iba<\/em> na \u00fapravu \u0161edej farby. Sprej na zakrytie kore\u0148ov m\u00f4\u017ee by\u0165 najr\u00fdchlej\u0161\u00edm sp\u00f4sobom, ako dosiahnu\u0165 pln\u0161\u00ed vzh\u013ead korunky. Odpor\u00fa\u010dame Rita Hazan's Root Concealer Touch-Up Spray Temporary Grey Concealer na zamaskovanie odhalen\u00fdch \u010dast\u00ed a tenk\u00fdch l\u00edni\u00ed vlasov.<\/p>\n<h2>7. oto\u010dte svoju \u010das\u0165.<\/h2>\n<p>Niekedy je najlep\u0161ie rie\u0161enie to najjednoduch\u0161ie. Zmena \u00fa\u010desu je r\u00fdchly a jednoduch\u00fd sp\u00f4sob, ako doda\u0165 jemn\u00fdm a rovn\u00fdm vlasom objem. Po rokoch rozde\u013eovania vlasov na rovnakej strane s\u00fa vlasy v podstate nau\u010den\u00e9 le\u017ea\u0165 bezvl\u00e1dne. \"Prevr\u00e1tenie \u00fa\u010desu vytvor\u00ed ve\u013ek\u00fd objem a plnos\u0165, preto\u017ee vlasy vyrad\u00edte z ich prirodzen\u00e9ho p\u00e1du,\" hovor\u00ed Nordstromov\u00e1. Sk\u00faste oto\u010di\u0165 veci hore nohami a budete prekvapen\u00ed, ako r\u00fdchlo sa va\u0161e z\u00e1mky zdvihn\u00fa.<\/p>\n<h2>Navrch nasypte nieko\u013eko vl\u00e1kien na tvorbu vlasov.<\/h2>\n<p>Ak m\u00e1te roz\u0161\u00edren\u00fa \u010das\u0165 vlasov alebo redn\u00facu l\u00edniu vlasov, pou\u017eite vl\u00e1kna Toppik Hair Building Fibers. Va\u0161a nov\u00e1 tajn\u00e1 zbra\u0148. Toppik je vyroben\u00fd z kerat\u00ednu, ktor\u00fd je k\u013e\u00fa\u010dov\u00fdm prote\u00ednom vlasov, poko\u017eky a nechtov. Obsahuje staticky nabit\u00e9 vl\u00e1kna, ktor\u00e9 sa via\u017eu priamo na va\u0161e pramene a neznate\u013ene spl\u00fdvaj\u00fa s va\u0161imi prirodzen\u00fdmi vlasmi, \u010d\u00edm vytv\u00e1raj\u00fa hustej\u0161\u00ed vzh\u013ead. Posypte vl\u00e1kna na riedke miesta vlasov a <em>Voilas<\/em>&nbsp;- okam\u017eit\u00e1 premena. Je tie\u017e odoln\u00fd vo\u010di vetru, da\u017e\u010fu a potu, tak\u017ee sa u\u017e nemus\u00edte ob\u00e1va\u0165 \u00faniku vody.<\/p>\n<h2>9. vyh\u00fdbajte sa v\u00fdrobkom obsahuj\u00facim alkohol.<\/h2>\n<p>Pri \u010fal\u0161om n\u00e1kupe v\u00fdrobku na starostlivos\u0165 o vlasy si skontrolujte zlo\u017eenie. Ak obsahuje alkohol, vynechajte ho. Alkohol vysu\u0161uje poko\u017eku hlavy a vlasov\u00fd stvol a zbavuje vlasy ko\u017en\u00e9ho mazu, ktor\u00fd je prirodzen\u00fdm olejom potrebn\u00fdm na zabr\u00e1nenie l\u00e1mavosti. Jednoducho povedan\u00e9, na udr\u017eanie siln\u00fdch a hydratovan\u00fdch vlasov potrebujete ko\u017en\u00fd maz. Heidhorn dod\u00e1va: \"Ak nepou\u017e\u00edvate produkty na b\u00e1ze oleja a kr\u00e9mu, preto\u017ee sa ob\u00e1vate, \u017ee v\u00e1m vlasy za\u0165a\u017eia, nezabudnite ka\u017ed\u00fd druh\u00fd t\u00fd\u017ede\u0148 pou\u017e\u00edva\u0165 masku na vlasy, aby ste poko\u017eke hlavy vr\u00e1tili vlhkos\u0165.\"<\/p>\n<h2>10. vezmite okr\u00fahlu kefu.<\/h2>\n<p>Hrebene na \u0161tipkanie ste pravdepodobne nechali za sebou v 80. rokoch, ale mo\u017eno je na\u010dase zdokonali\u0165 sa v technike \u010desania. \"Tup\u00edrovanie je klasick\u00fd sp\u00f4sob, ako dosiahnu\u0165 v\u00e4\u010d\u0161\u00ed zdvih koruny,\" hovor\u00ed Nordstromov\u00e1. S rados\u0165ou sa podelila o lekciu Backcombing 101. \"Zdvihnite \u010das\u0165 vlasov priamo za hlavou,\" vysvetlila Nordstromov\u00e1. \"Stla\u010dte s <a href=\"https:\/\/arbuti.com\/sk\/okruhla-kefa\/\">Okr\u00fahla kefa<\/a> tri a\u017e p\u00e4\u0165 hladk\u00fdch, rovnomern\u00fdch \u0165ahov od stredu hlavy k jej z\u00e1kladni, \u010d\u00edm sa vytvor\u00ed \"vank\u00fa\u0161\". Potom vezmite \u010das\u0165 vlasov priamo pred vank\u00fa\u0161om a zato\u010dte nimi dopredu a dozadu. Zakryjete tak natup\u00edrovan\u00fa \u010das\u0165 a z\u00edskate hladk\u00fa v\u00fd\u0161ku a okam\u017eit\u00fa plnos\u0165. \" S\u013eubujeme, \u017ee neskon\u010d\u00edte s nehor\u00e1zne zastaran\u00fdm \u00fa\u010desom!<\/p>\n<\/div>\n<\/div>\n<\/div>\n<\/div>\n<\/div>","protected":false},"excerpt":{"rendered":"<p>10 Styling-Tipps f\u00fcr d\u00fcnnere Haare &nbsp; In wenigen Minuten von D\u00fcnnen Haaren zu dicken Haaren D\u00fcnnes Haar hat seine Vorteile: [&hellip;]<\/p>","protected":false},"author":1,"featured_media":6613,"comment_status":"closed","ping_status":"open","sticky":false,"template":"","format":"standard","meta":{"ub_ctt_via":"","_uag_custom_page_level_css":"","site-sidebar-layout":"default","site-content-layout":"default","ast-site-content-layout":"","site-content-style":"default","site-sidebar-style":"default","ast-global-header-display":"","ast-banner-title-visibility":"","ast-main-header-display":"","ast-hfb-above-header-display":"","ast-hfb-below-header-display":"","ast-hfb-mobile-header-display":"","site-post-title":"","ast-breadcrumbs-content":"","ast-featured-img":"","footer-sml-layout":"","theme-transparent-header-meta":"default","adv-header-id-meta":"","stick-header-meta":"default","header-above-stick-meta":"","header-main-stick-meta":"","header-below-stick-meta":"","astra-migrate-meta-layouts":"default","ast-page-background-enabled":"default","ast-page-background-meta":{"desktop":{"background-color":"","background-image":"","background-repeat":"repeat","background-position":"center center","background-size":"auto","background-attachment":"scroll","background-type":"","background-media":"","overlay-type":"","overlay-color":"","overlay-opacity":"","overlay-gradient":""},"tablet":{"background-color":"","background-image":"","background-repeat":"repeat","background-position":"center center","background-size":"auto","background-attachment":"scroll","background-type":"","background-media":"","overlay-type":"","overlay-color":"","overlay-opacity":"","overlay-gradient":""},"mobile":{"background-color":"","background-image":"","background-repeat":"repeat","background-position":"center center","background-size":"auto","background-attachment":"scroll","background-type":"","background-media":"","overlay-type":"","overlay-color":"","overlay-opacity":"","overlay-gradient":""}},"ast-content-background-meta":{"desktop":{"background-color":"var(--ast-global-color-5)","background-image":"","background-repeat":"repeat","background-position":"center center","background-size":"auto","background-attachment":"scroll","background-type":"","background-media":"","overlay-type":"","overlay-color":"","overlay-opacity":"","overlay-gradient":""},"tablet":{"background-color":"var(--ast-global-color-5)","background-image":"","background-repeat":"repeat","background-position":"center center","background-size":"auto","background-attachment":"scroll","background-type":"","background-media":"","overlay-type":"","overlay-color":"","overlay-opacity":"","overlay-gradient":""},"mobile":{"background-color":"var(--ast-global-color-5)","background-image":"","background-repeat":"repeat","background-position":"center center","background-size":"auto","background-attachment":"scroll","background-type":"","background-media":"","overlay-type":"","overlay-color":"","overlay-opacity":"","overlay-gradient":""}},"footnotes":""},"categories":[6322],"tags":[],"class_list":["post-6611","post","type-post","status-publish","format-standard","has-post-thumbnail","hentry","category-haarstyling"],"featured_image_src":"https:\/\/arbuti.com\/wp-content\/uploads\/2021\/01\/duenne-haare-styling.jpg","author_info":{"display_name":"admin","author_link":"https:\/\/arbuti.com\/sk\/author\/admin\/"},"yoast_head":"<!-- This site is optimized with the Yoast SEO Premium plugin v25.3 (Yoast SEO v25.3) - https:\/\/yoast.com\/wordpress\/plugins\/seo\/ -->\n<title>10 Styling Tipps f\u00fcr d\u00fcnnes Haar | Deine d\u00fcnnen Haare stylen, so gehts!<\/title>\n<meta name=\"description\" content=\"D\u00fcnne Haare stylen, so gehts. D\u00fcnnes Haar hat Vorteile: Es trocknet schnell an der Luft, ben\u00f6tigt weniger Produkt und frisiert schneller.\" \/>\n<meta name=\"robots\" content=\"index, follow, max-snippet:-1, max-image-preview:large, max-video-preview:-1\" \/>\n<link rel=\"canonical\" href=\"https:\/\/arbuti.com\/sk\/duennes-hair-styling\/\" \/>\n<meta property=\"og:locale\" content=\"sk_SK\" \/>\n<meta property=\"og:type\" content=\"article\" \/>\n<meta property=\"og:title\" content=\"D\u00fcnnes Haar Styling\" \/>\n<meta property=\"og:description\" content=\"10 Styling-Tipps f\u00fcr d\u00fcnnere Haare &nbsp; In wenigen Minuten von D\u00fcnnen Haaren zu dicken Haaren D\u00fcnnes Haar hat seine Vorteile: Es trocknet schnell an der\" \/>\n<meta property=\"og:url\" content=\"https:\/\/arbuti.com\/sk\/duennes-hair-styling\/\" \/>\n<meta property=\"og:site_name\" content=\"ARBUTI Hair Salon\" \/>\n<meta property=\"article:publisher\" content=\"https:\/\/www.facebook.com\/Arbutihairsalon\/\" \/>\n<meta property=\"article:published_time\" content=\"2021-01-10T08:24:34+00:00\" \/>\n<meta property=\"article:modified_time\" content=\"2021-04-07T14:17:25+00:00\" \/>\n<meta property=\"og:image\" content=\"https:\/\/arbuti.com\/wp-content\/uploads\/2021\/01\/duenne-haare-styling.jpg\" \/>\n\t<meta property=\"og:image:width\" content=\"928\" \/>\n\t<meta property=\"og:image:height\" content=\"1150\" \/>\n\t<meta property=\"og:image:type\" content=\"image\/jpeg\" \/>\n<meta name=\"author\" content=\"admin\" \/>\n<meta name=\"twitter:card\" content=\"summary_large_image\" \/>\n<meta name=\"twitter:label1\" content=\"Autor\" \/>\n\t<meta name=\"twitter:data1\" content=\"admin\" \/>\n\t<meta name=\"twitter:label2\" content=\"Predpokladan\u00fd \u010das \u010d\u00edtania\" \/>\n\t<meta name=\"twitter:data2\" content=\"5 min\u00fat\" \/>\n<script type=\"application\/ld+json\" class=\"yoast-schema-graph\">{\"@context\":\"https:\/\/schema.org\",\"@graph\":[{\"@type\":\"Article\",\"@id\":\"https:\/\/arbuti.com\/fr\/duennes-hair-styling\/#article\",\"isPartOf\":{\"@id\":\"https:\/\/arbuti.com\/fr\/duennes-hair-styling\/\"},\"author\":{\"name\":\"admin\",\"@id\":\"https:\/\/arbuti.com\/fr\/#\/schema\/person\/d85bbf7b442ca0f812c3aa0ed9eece8f\"},\"headline\":\"D\u00fcnnes Haar Styling\",\"datePublished\":\"2021-01-10T08:24:34+00:00\",\"dateModified\":\"2021-04-07T14:17:25+00:00\",\"mainEntityOfPage\":{\"@id\":\"https:\/\/arbuti.com\/fr\/duennes-hair-styling\/\"},\"wordCount\":1249,\"publisher\":{\"@id\":\"https:\/\/arbuti.com\/fr\/#organization\"},\"image\":{\"@id\":\"https:\/\/arbuti.com\/fr\/duennes-hair-styling\/#primaryimage\"},\"thumbnailUrl\":\"https:\/\/arbuti.com\/wp-content\/uploads\/2021\/01\/duenne-haare-styling.jpg\",\"articleSection\":[\"Haarstyling\"],\"inLanguage\":\"sk-SK\"},{\"@type\":\"WebPage\",\"@id\":\"https:\/\/arbuti.com\/fr\/duennes-hair-styling\/\",\"url\":\"https:\/\/arbuti.com\/fr\/duennes-hair-styling\/\",\"name\":\"10 Styling Tipps f\u00fcr d\u00fcnnes Haar | Deine d\u00fcnnen Haare stylen, so gehts!\",\"isPartOf\":{\"@id\":\"https:\/\/arbuti.com\/fr\/#website\"},\"primaryImageOfPage\":{\"@id\":\"https:\/\/arbuti.com\/fr\/duennes-hair-styling\/#primaryimage\"},\"image\":{\"@id\":\"https:\/\/arbuti.com\/fr\/duennes-hair-styling\/#primaryimage\"},\"thumbnailUrl\":\"https:\/\/arbuti.com\/wp-content\/uploads\/2021\/01\/duenne-haare-styling.jpg\",\"datePublished\":\"2021-01-10T08:24:34+00:00\",\"dateModified\":\"2021-04-07T14:17:25+00:00\",\"description\":\"D\u00fcnne Haare stylen, so gehts. D\u00fcnnes Haar hat Vorteile: Es trocknet schnell an der Luft, ben\u00f6tigt weniger Produkt und frisiert schneller.\",\"breadcrumb\":{\"@id\":\"https:\/\/arbuti.com\/fr\/duennes-hair-styling\/#breadcrumb\"},\"inLanguage\":\"sk-SK\",\"potentialAction\":[{\"@type\":\"ReadAction\",\"target\":[\"https:\/\/arbuti.com\/fr\/duennes-hair-styling\/\"]}]},{\"@type\":\"ImageObject\",\"inLanguage\":\"sk-SK\",\"@id\":\"https:\/\/arbuti.com\/fr\/duennes-hair-styling\/#primaryimage\",\"url\":\"https:\/\/arbuti.com\/wp-content\/uploads\/2021\/01\/duenne-haare-styling.jpg\",\"contentUrl\":\"https:\/\/arbuti.com\/wp-content\/uploads\/2021\/01\/duenne-haare-styling.jpg\",\"width\":928,\"height\":1150,\"caption\":\"duennes-Haar-Styling\"},{\"@type\":\"BreadcrumbList\",\"@id\":\"https:\/\/arbuti.com\/fr\/duennes-hair-styling\/#breadcrumb\",\"itemListElement\":[{\"@type\":\"ListItem\",\"position\":1,\"name\":\"ARBUTI\",\"item\":\"https:\/\/arbuti.com\/\"},{\"@type\":\"ListItem\",\"position\":2,\"name\":\"Haarstyling\",\"item\":\"https:\/\/arbuti.com\/fr\/categorie\/haarstyling\/\"},{\"@type\":\"ListItem\",\"position\":3,\"name\":\"D\u00fcnnes Haar Styling\"}]},{\"@type\":\"WebSite\",\"@id\":\"https:\/\/arbuti.com\/fr\/#website\",\"url\":\"https:\/\/arbuti.com\/fr\/\",\"name\":\"ARBUTI Hair Salon\",\"description\":\"Friseur M\u00fcnchen\",\"publisher\":{\"@id\":\"https:\/\/arbuti.com\/fr\/#organization\"},\"alternateName\":\"ARBUTI\",\"potentialAction\":[{\"@type\":\"SearchAction\",\"target\":{\"@type\":\"EntryPoint\",\"urlTemplate\":\"https:\/\/arbuti.com\/fr\/?s={search_term_string}\"},\"query-input\":{\"@type\":\"PropertyValueSpecification\",\"valueRequired\":true,\"valueName\":\"search_term_string\"}}],\"inLanguage\":\"sk-SK\"},{\"@type\":\"Organization\",\"@id\":\"https:\/\/arbuti.com\/fr\/#organization\",\"name\":\"ARBUTI Hair Salon\",\"alternateName\":\"ARBUTI\",\"url\":\"https:\/\/arbuti.com\/fr\/\",\"logo\":{\"@type\":\"ImageObject\",\"inLanguage\":\"sk-SK\",\"@id\":\"https:\/\/arbuti.com\/fr\/#\/schema\/logo\/image\/\",\"url\":\"https:\/\/arbuti.com\/wp-content\/uploads\/2020\/04\/cropped-Arbuti-Friseur-Muenchen.jpg\",\"contentUrl\":\"https:\/\/arbuti.com\/wp-content\/uploads\/2020\/04\/cropped-Arbuti-Friseur-Muenchen.jpg\",\"width\":512,\"height\":512,\"caption\":\"ARBUTI Hair Salon\"},\"image\":{\"@id\":\"https:\/\/arbuti.com\/fr\/#\/schema\/logo\/image\/\"},\"sameAs\":[\"https:\/\/www.facebook.com\/Arbutihairsalon\/\",\"https:\/\/www.instagram.com\/arbutihairsalon\/\",\"https:\/\/www.pinterest.de\/arbutihairsalon\/arbuti-hair-salon\/\"]},{\"@type\":\"Person\",\"@id\":\"https:\/\/arbuti.com\/fr\/#\/schema\/person\/d85bbf7b442ca0f812c3aa0ed9eece8f\",\"name\":\"admin\",\"image\":{\"@type\":\"ImageObject\",\"inLanguage\":\"sk-SK\",\"@id\":\"https:\/\/arbuti.com\/fr\/#\/schema\/person\/image\/\",\"url\":\"https:\/\/secure.gravatar.com\/avatar\/a5ca7376327017715559ffb9b376df51?s=96&d=mm&r=g\",\"contentUrl\":\"https:\/\/secure.gravatar.com\/avatar\/a5ca7376327017715559ffb9b376df51?s=96&d=mm&r=g\",\"caption\":\"admin\"}}]}<\/script>\n<!-- \/ Yoast SEO Premium plugin. -->","yoast_head_json":{"title":"10 Styling Tipps f\u00fcr d\u00fcnnes Haar | Deine d\u00fcnnen Haare stylen, so gehts!","description":"D\u00fcnne Haare stylen, so gehts. D\u00fcnnes Haar hat Vorteile: Es trocknet schnell an der Luft, ben\u00f6tigt weniger Produkt und frisiert schneller.","robots":{"index":"index","follow":"follow","max-snippet":"max-snippet:-1","max-image-preview":"max-image-preview:large","max-video-preview":"max-video-preview:-1"},"canonical":"https:\/\/arbuti.com\/sk\/duennes-hair-styling\/","og_locale":"sk_SK","og_type":"article","og_title":"D\u00fcnnes Haar Styling","og_description":"10 Styling-Tipps f\u00fcr d\u00fcnnere Haare &nbsp; In wenigen Minuten von D\u00fcnnen Haaren zu dicken Haaren D\u00fcnnes Haar hat seine Vorteile: Es trocknet schnell an der","og_url":"https:\/\/arbuti.com\/sk\/duennes-hair-styling\/","og_site_name":"ARBUTI Hair Salon","article_publisher":"https:\/\/www.facebook.com\/Arbutihairsalon\/","article_published_time":"2021-01-10T08:24:34+00:00","article_modified_time":"2021-04-07T14:17:25+00:00","og_image":[{"width":928,"height":1150,"url":"https:\/\/arbuti.com\/wp-content\/uploads\/2021\/01\/duenne-haare-styling.jpg","type":"image\/jpeg"}],"author":"admin","twitter_card":"summary_large_image","twitter_misc":{"Autor":"admin","Predpokladan\u00fd \u010das \u010d\u00edtania":"5 min\u00fat"},"schema":{"@context":"https:\/\/schema.org","@graph":[{"@type":"Article","@id":"https:\/\/arbuti.com\/fr\/duennes-hair-styling\/#article","isPartOf":{"@id":"https:\/\/arbuti.com\/fr\/duennes-hair-styling\/"},"author":{"name":"admin","@id":"https:\/\/arbuti.com\/fr\/#\/schema\/person\/d85bbf7b442ca0f812c3aa0ed9eece8f"},"headline":"D\u00fcnnes Haar Styling","datePublished":"2021-01-10T08:24:34+00:00","dateModified":"2021-04-07T14:17:25+00:00","mainEntityOfPage":{"@id":"https:\/\/arbuti.com\/fr\/duennes-hair-styling\/"},"wordCount":1249,"publisher":{"@id":"https:\/\/arbuti.com\/fr\/#organization"},"image":{"@id":"https:\/\/arbuti.com\/fr\/duennes-hair-styling\/#primaryimage"},"thumbnailUrl":"https:\/\/arbuti.com\/wp-content\/uploads\/2021\/01\/duenne-haare-styling.jpg","articleSection":["Haarstyling"],"inLanguage":"sk-SK"},{"@type":"WebPage","@id":"https:\/\/arbuti.com\/fr\/duennes-hair-styling\/","url":"https:\/\/arbuti.com\/fr\/duennes-hair-styling\/","name":"10 Styling Tipps f\u00fcr d\u00fcnnes Haar | Deine d\u00fcnnen Haare stylen, so gehts!","isPartOf":{"@id":"https:\/\/arbuti.com\/fr\/#website"},"primaryImageOfPage":{"@id":"https:\/\/arbuti.com\/fr\/duennes-hair-styling\/#primaryimage"},"image":{"@id":"https:\/\/arbuti.com\/fr\/duennes-hair-styling\/#primaryimage"},"thumbnailUrl":"https:\/\/arbuti.com\/wp-content\/uploads\/2021\/01\/duenne-haare-styling.jpg","datePublished":"2021-01-10T08:24:34+00:00","dateModified":"2021-04-07T14:17:25+00:00","description":"D\u00fcnne Haare stylen, so gehts. D\u00fcnnes Haar hat Vorteile: Es trocknet schnell an der Luft, ben\u00f6tigt weniger Produkt und frisiert schneller.","breadcrumb":{"@id":"https:\/\/arbuti.com\/fr\/duennes-hair-styling\/#breadcrumb"},"inLanguage":"sk-SK","potentialAction":[{"@type":"ReadAction","target":["https:\/\/arbuti.com\/fr\/duennes-hair-styling\/"]}]},{"@type":"ImageObject","inLanguage":"sk-SK","@id":"https:\/\/arbuti.com\/fr\/duennes-hair-styling\/#primaryimage","url":"https:\/\/arbuti.com\/wp-content\/uploads\/2021\/01\/duenne-haare-styling.jpg","contentUrl":"https:\/\/arbuti.com\/wp-content\/uploads\/2021\/01\/duenne-haare-styling.jpg","width":928,"height":1150,"caption":"duennes-Haar-Styling"},{"@type":"BreadcrumbList","@id":"https:\/\/arbuti.com\/fr\/duennes-hair-styling\/#breadcrumb","itemListElement":[{"@type":"ListItem","position":1,"name":"ARBUTI","item":"https:\/\/arbuti.com\/"},{"@type":"ListItem","position":2,"name":"Haarstyling","item":"https:\/\/arbuti.com\/fr\/categorie\/haarstyling\/"},{"@type":"ListItem","position":3,"name":"D\u00fcnnes Haar Styling"}]},{"@type":"WebSite","@id":"https:\/\/arbuti.com\/fr\/#website","url":"https:\/\/arbuti.com\/fr\/","name":"ARBUTI Hair Salon","description":"Friseur M\u00fcnchen","publisher":{"@id":"https:\/\/arbuti.com\/fr\/#organization"},"alternateName":"ARBUTI","potentialAction":[{"@type":"SearchAction","target":{"@type":"EntryPoint","urlTemplate":"https:\/\/arbuti.com\/fr\/?s={search_term_string}"},"query-input":{"@type":"PropertyValueSpecification","valueRequired":true,"valueName":"search_term_string"}}],"inLanguage":"sk-SK"},{"@type":"Organization","@id":"https:\/\/arbuti.com\/fr\/#organization","name":"ARBUTI Hair Salon","alternateName":"ARBUTI","url":"https:\/\/arbuti.com\/fr\/","logo":{"@type":"ImageObject","inLanguage":"sk-SK","@id":"https:\/\/arbuti.com\/fr\/#\/schema\/logo\/image\/","url":"https:\/\/arbuti.com\/wp-content\/uploads\/2020\/04\/cropped-Arbuti-Friseur-Muenchen.jpg","contentUrl":"https:\/\/arbuti.com\/wp-content\/uploads\/2020\/04\/cropped-Arbuti-Friseur-Muenchen.jpg","width":512,"height":512,"caption":"ARBUTI Hair Salon"},"image":{"@id":"https:\/\/arbuti.com\/fr\/#\/schema\/logo\/image\/"},"sameAs":["https:\/\/www.facebook.com\/Arbutihairsalon\/","https:\/\/www.instagram.com\/arbutihairsalon\/","https:\/\/www.pinterest.de\/arbutihairsalon\/arbuti-hair-salon\/"]},{"@type":"Person","@id":"https:\/\/arbuti.com\/fr\/#\/schema\/person\/d85bbf7b442ca0f812c3aa0ed9eece8f","name":"admin","image":{"@type":"ImageObject","inLanguage":"sk-SK","@id":"https:\/\/arbuti.com\/fr\/#\/schema\/person\/image\/","url":"https:\/\/secure.gravatar.com\/avatar\/a5ca7376327017715559ffb9b376df51?s=96&d=mm&r=g","contentUrl":"https:\/\/secure.gravatar.com\/avatar\/a5ca7376327017715559ffb9b376df51?s=96&d=mm&r=g","caption":"admin"}}]}},"uagb_featured_image_src":{"full":["https:\/\/arbuti.com\/wp-content\/uploads\/2021\/01\/duenne-haare-styling.jpg",928,1150,false],"thumbnail":["https:\/\/arbuti.com\/wp-content\/uploads\/2021\/01\/duenne-haare-styling-150x150.jpg",150,150,true],"medium":["https:\/\/arbuti.com\/wp-content\/uploads\/2021\/01\/duenne-haare-styling-242x300.jpg",242,300,true],"medium_large":["https:\/\/arbuti.com\/wp-content\/uploads\/2021\/01\/duenne-haare-styling-768x952.jpg",768,952,true],"large":["https:\/\/arbuti.com\/wp-content\/uploads\/2021\/01\/duenne-haare-styling-826x1024.jpg",826,1024,true],"1536x1536":["https:\/\/arbuti.com\/wp-content\/uploads\/2021\/01\/duenne-haare-styling.jpg",928,1150,false],"2048x2048":["https:\/\/arbuti.com\/wp-content\/uploads\/2021\/01\/duenne-haare-styling.jpg",928,1150,false],"trp-custom-language-flag":["https:\/\/arbuti.com\/wp-content\/uploads\/2021\/01\/duenne-haare-styling.jpg",10,12,false],"wp_review_large":["https:\/\/arbuti.com\/wp-content\/uploads\/2021\/01\/duenne-haare-styling-320x200.jpg",320,200,true],"wp_review_small":["https:\/\/arbuti.com\/wp-content\/uploads\/2021\/01\/duenne-haare-styling-65x65.jpg",65,65,true]},"uagb_author_info":{"display_name":"admin","author_link":"https:\/\/arbuti.com\/sk\/author\/admin\/"},"uagb_comment_info":0,"uagb_excerpt":"10 Styling-Tipps f\u00fcr d\u00fcnnere Haare &nbsp; In wenigen Minuten von D\u00fcnnen Haaren zu dicken Haaren D\u00fcnnes Haar hat seine Vorteile: [&hellip;]","_links":{"self":[{"href":"https:\/\/arbuti.com\/sk\/wp-json\/wp\/v2\/posts\/6611","targetHints":{"allow":["GET"]}}],"collection":[{"href":"https:\/\/arbuti.com\/sk\/wp-json\/wp\/v2\/posts"}],"about":[{"href":"https:\/\/arbuti.com\/sk\/wp-json\/wp\/v2\/types\/post"}],"author":[{"embeddable":true,"href":"https:\/\/arbuti.com\/sk\/wp-json\/wp\/v2\/users\/1"}],"replies":[{"embeddable":true,"href":"https:\/\/arbuti.com\/sk\/wp-json\/wp\/v2\/comments?post=6611"}],"version-history":[{"count":10,"href":"https:\/\/arbuti.com\/sk\/wp-json\/wp\/v2\/posts\/6611\/revisions"}],"predecessor-version":[{"id":9138,"href":"https:\/\/arbuti.com\/sk\/wp-json\/wp\/v2\/posts\/6611\/revisions\/9138"}],"wp:featuredmedia":[{"embeddable":true,"href":"https:\/\/arbuti.com\/sk\/wp-json\/wp\/v2\/media\/6613"}],"wp:attachment":[{"href":"https:\/\/arbuti.com\/sk\/wp-json\/wp\/v2\/media?parent=6611"}],"wp:term":[{"taxonomy":"category","embeddable":true,"href":"https:\/\/arbuti.com\/sk\/wp-json\/wp\/v2\/categories?post=6611"},{"taxonomy":"post_tag","embeddable":true,"href":"https:\/\/arbuti.com\/sk\/wp-json\/wp\/v2\/tags?post=6611"}],"curies":[{"name":"wp","href":"https:\/\/api.w.org\/{rel}","templated":true}]}}