{"id":2202,"date":"2018-10-24T15:38:44","date_gmt":"2018-10-24T15:38:44","guid":{"rendered":"http:\/\/arbuti.com\/?p=2202"},"modified":"2023-01-20T12:11:56","modified_gmt":"2023-01-20T12:11:56","slug":"was-ist-balayage-friseur-muenchen","status":"publish","type":"post","link":"https:\/\/arbuti.com\/sk\/co-je-kuzelnik-kuzelnik-mnichov\/","title":{"rendered":"\u010co je balej\u00e1\u017e? Kadern\u00edctvo Mn\u00edchov vysvet\u013euje!"},"content":{"rendered":"<h1 class=\"has-text-color wp-block-heading\" id=\"h-was-ist-balayage\" style=\"color:#a18e9e\">\u010co je balej\u00e1\u017e? <\/h1>\n\n\n\n<figure class=\"wp-block-image size-large\"><img loading=\"lazy\" decoding=\"async\" width=\"1006\" height=\"699\" src=\"https:\/\/arbuti.com\/wp-content\/uploads\/2018\/10\/Balayage-Arbuti.jpg\" alt=\"Balayage\" class=\"wp-image-3620\" srcset=\"https:\/\/arbuti.com\/wp-content\/uploads\/2018\/10\/Balayage-Arbuti.jpg 1006w, https:\/\/arbuti.com\/wp-content\/uploads\/2018\/10\/Balayage-Arbuti-300x208.jpg 300w, https:\/\/arbuti.com\/wp-content\/uploads\/2018\/10\/Balayage-Arbuti-768x534.jpg 768w, https:\/\/arbuti.com\/wp-content\/uploads\/2018\/10\/Balayage-Arbuti-200x139.jpg 200w, https:\/\/arbuti.com\/wp-content\/uploads\/2018\/10\/Balayage-Arbuti-400x278.jpg 400w, https:\/\/arbuti.com\/wp-content\/uploads\/2018\/10\/Balayage-Arbuti-600x417.jpg 600w, https:\/\/arbuti.com\/wp-content\/uploads\/2018\/10\/Balayage-Arbuti-800x556.jpg 800w\" sizes=\"auto, (max-width: 1006px) 100vw, 1006px\" \/><\/figure>\n\n\n\n<p id=\"h-star-balayage-friseur-in-m-nchen-erkl-rt\">Kadern\u00edcka hviezda ARBUTI v Mn\u00edchove vysvet\u013euje, \u010domu by ste mali venova\u0165 pozornos\u0165 a \u010do je d\u00f4le\u017eit\u00e9 pre balayage.<\/p>\n\n\n\n<h2 class=\"wp-block-heading\" id=\"h-balayage\">Balayage<\/h2>\n\n\n\n<p><span class=\"notranslate\"><em>Balayage <a href=\"https:\/\/arbuti.com\/sk\/\">Kadern\u00edctvo Mn\u00edchov<\/a>, kadern\u00edcky sal\u00f3n Arbuti vysvetlil.<\/em> Pon\u00fakame v\u00e1m mal\u00fd n\u00e1h\u013ead do <strong>Balayage<\/strong> S l\u00e1skou od n\u00e1s \ud83d\ude42 <\/span><\/p>\n\n\n\n<p><span class=\"notranslate\">Balayage je tu u\u017e nejak\u00fd \u010das, ale t\u00e1to nad\u010dasov\u00e1 technika sa dost\u00e1va do popredia a v s\u00fa\u010dasnosti je jednou z najob\u013e\u00fabenej\u0161\u00edch techn\u00edk farbenia vlasov v na\u0161om sal\u00f3ne.<\/span> <span class=\"notranslate\">Tu je pre v\u00e1s profesion\u00e1lny poh\u013ead na r\u00fdchlo sa rozv\u00edjaj\u00faci trend balej\u00e1\u017enych vlasov.<\/span><\/p>\n\n\n\n<h2 class=\"wp-block-heading\" id=\"h-was-ist-balayage-1\"><span class=\"notranslate\"><strong>\u010co je balej\u00e1\u017e?<\/strong><\/span><\/h2>\n\n\n\n<p><span class=\"notranslate\">Balayage je franc\u00fazske slovo, ktor\u00e9 znamen\u00e1 zameta\u0165 alebo ma\u013eova\u0165.<\/span>&nbsp;<span class=\"notranslate\">\"Ide o techniku vo\u013en\u00e9ho farbenia vlasov, ktor\u00e1 poskytuje kr\u00e1sny zmie\u0161an\u00fd prirodzen\u00fd vzh\u013ead bez ostr\u00fdch alebo zjavn\u00fdch l\u00edni\u00ed odrastov.\" <\/span><span class=\"notranslate\">Balayage umo\u017e\u0148uje dosiahnu\u0165 prirodzene vyzeraj\u00facu farbu vlasov pobozkan\u00fa slnkom s jemnej\u0161\u00edm a menej n\u00e1padn\u00fdm odrastom.<\/span> <span class=\"notranslate\">Z\u00e1kladnou my\u0161lienkou je, \u017ee menej je viac, ke\u010f sa vytv\u00e1ra prirodzen\u00fd, viact\u00f3nov\u00fd z\u00e1ver alebo postup.<\/span> <span class=\"notranslate\">T\u00e1to technika vyu\u017e\u00edva sveteln\u00e9 a tie\u0148ov\u00e9 \u0161kvrny, ktor\u00e9 dod\u00e1vaj\u00fa farbe viacero rozmerov.<\/span><\/p>\n\n\n\n<h3 class=\"wp-block-heading\" id=\"h-wie-wird-balayage-angewendet\"><span class=\"notranslate\" style=\"color: #a97dad;\"><strong>Ako sa pou\u017e\u00edva balej\u00e1\u017e?<\/strong><\/span><\/h3>\n\n\n\n<p><span class=\"notranslate\">Balayage sa ma\u013euje na povrch prame\u0148a vlasov a nenasycuje sa cez \u010das\u0165 a\u017e ku kon\u010dekom.<\/span> <span class=\"notranslate\">T\u00fdm sa zabezpe\u010d\u00ed rovnomern\u00fd farebn\u00fd gradient.<\/span><\/p>\n\n\n\n<figure class=\"wp-block-image size-large is-resized\"><img loading=\"lazy\" decoding=\"async\" src=\"https:\/\/arbuti.com\/wp-content\/uploads\/2018\/10\/Balayage-Muenche-Friseur-2-717x1024.jpg\" alt=\"Kadern\u00edctvo-Balayage-Mn\u00edchov\" class=\"wp-image-2191\" width=\"502\" height=\"717\" srcset=\"https:\/\/arbuti.com\/wp-content\/uploads\/2018\/10\/Balayage-Muenche-Friseur-2-717x1024.jpg 717w, https:\/\/arbuti.com\/wp-content\/uploads\/2018\/10\/Balayage-Muenche-Friseur-2-210x300.jpg 210w, https:\/\/arbuti.com\/wp-content\/uploads\/2018\/10\/Balayage-Muenche-Friseur-2-768x1097.jpg 768w, https:\/\/arbuti.com\/wp-content\/uploads\/2018\/10\/Balayage-Muenche-Friseur-2-200x286.jpg 200w, https:\/\/arbuti.com\/wp-content\/uploads\/2018\/10\/Balayage-Muenche-Friseur-2-400x571.jpg 400w, https:\/\/arbuti.com\/wp-content\/uploads\/2018\/10\/Balayage-Muenche-Friseur-2-600x857.jpg 600w, https:\/\/arbuti.com\/wp-content\/uploads\/2018\/10\/Balayage-Muenche-Friseur-2-800x1142.jpg 800w, https:\/\/arbuti.com\/wp-content\/uploads\/2018\/10\/Balayage-Muenche-Friseur-2.jpg 900w\" sizes=\"auto, (max-width: 502px) 100vw, 502px\" \/><\/figure>\n\n\n\n<h2 class=\"wp-block-heading\" id=\"h-wie-lange-dauert-eine-balayage\"><span class=\"notranslate\">Ako dlho trv\u00e1 balayage?<\/span><\/h2>\n\n\n\n<p><span class=\"notranslate\">H\u013abka balayage sa m\u00f4\u017ee l\u00ed\u0161i\u0165 od nieko\u013ek\u00fdch mal\u00fdch mel\u00edrov, ktor\u00e9 zaber\u00fa len nieko\u013eko min\u00fat, a\u017e po trojit\u00fd proces, ktor\u00fd m\u00f4\u017ee trva\u0165 a\u017e tri hodiny.&nbsp;<\/span><span class=\"notranslate\">Aj ke\u010f vytvorenie viacfarebn\u00e9ho, viacvrstvov\u00e9ho obrazu m\u00f4\u017ee v porovnan\u00ed s be\u017en\u00fdmi farbami trva\u0165 pomerne dlho. <span style=\"color: #cc99ff;\"><strong>Balayage<\/strong><\/span> V\u00fdhodou jeho pou\u017e\u00edvania je, \u017ee m\u00f4\u017eete zosta\u0165 dlh\u0161ie medzi \u010fal\u0161\u00edmi farebn\u00fdmi sch\u00f4dzkami.<\/span> <span class=\"notranslate\">Ak chcete balayage baby lights, m\u00f4\u017ee to trva\u0165 a\u017e 45 min\u00fat.<\/span><\/p>\n\n\n\n<h2 class=\"wp-block-heading\" id=\"h-was-unterscheidet-balayage-von-haarfarbung\">Ak\u00fd je rozdiel medzi balayage a farben\u00edm vlasov?<\/h2>\n\n\n\n<p><span class=\"notranslate\">Balayage sa ve\u013emi l\u00ed\u0161i od tradi\u010dn\u00e9ho mel\u00edru, preto\u017ee sa nepou\u017e\u00edva \u017eiadna f\u00f3lia a farba sa ma\u013euje vo\u013enou rukou.<\/span> <span class=\"notranslate\">V\u00fdsledok je \"menej rovnomern\u00fd ako typick\u00e9 odlesky\".<\/span> <span class=\"notranslate\">Ak ste sa ob\u00e1vali, \u017ee budete ma\u0165 po n\u00e1v\u0161teve kadern\u00edka pruhovan\u00e9 farby, balayage je spo\u013eahliv\u00fd sp\u00f4sob, ako sa vyhn\u00fa\u0165 ostr\u00e9mu kontrastu medzi farbami.<\/span><\/p>\n\n\n\n<p><span class=\"notranslate\">Vytvoren\u00e1 farba je \u00faplne na mieru a m\u00f4\u017ee by\u0165 dokonca umiestnen\u00e1 tak, aby odp\u00fatala pozornos\u0165 od ur\u010dit\u00fdch \u010d\u0155t tv\u00e1re.<\/span><\/p>\n\n\n\n<figure class=\"wp-block-image size-large is-resized\"><img loading=\"lazy\" decoding=\"async\" src=\"https:\/\/arbuti.com\/wp-content\/uploads\/2018\/10\/Friseur-Muenchen-01.jpg\" alt=\"Balayage Mn\u00edchov Kadern\u00edctvo\" class=\"wp-image-1587\" width=\"610\" height=\"610\" srcset=\"https:\/\/arbuti.com\/wp-content\/uploads\/2018\/10\/Friseur-Muenchen-01.jpg 700w, https:\/\/arbuti.com\/wp-content\/uploads\/2018\/10\/Friseur-Muenchen-01-300x300.jpg 300w, https:\/\/arbuti.com\/wp-content\/uploads\/2018\/10\/Friseur-Muenchen-01-100x100.jpg 100w, https:\/\/arbuti.com\/wp-content\/uploads\/2018\/10\/Friseur-Muenchen-01-600x600.jpg 600w, https:\/\/arbuti.com\/wp-content\/uploads\/2018\/10\/Friseur-Muenchen-01-150x150.jpg 150w, https:\/\/arbuti.com\/wp-content\/uploads\/2018\/10\/Friseur-Muenchen-01-66x66.jpg 66w, https:\/\/arbuti.com\/wp-content\/uploads\/2018\/10\/Friseur-Muenchen-01-200x200.jpg 200w, https:\/\/arbuti.com\/wp-content\/uploads\/2018\/10\/Friseur-Muenchen-01-400x400.jpg 400w\" sizes=\"auto, (max-width: 610px) 100vw, 610px\" \/><\/figure>\n\n\n\n<h2 class=\"wp-block-heading\" id=\"h-was-macht-balayage-so-popular\">Pre\u010do je balej\u00e1\u017e tak\u00e1 popul\u00e1rna?<\/h2>\n\n\n\n<p><span class=\"notranslate\">Pred desiatimi rokmi nebola balayage tak\u00fdm farebn\u00fdm fenom\u00e9nom ako dnes, je to ve\u013emi \u0161pecifick\u00e1 met\u00f3da farbenia, ktor\u00e1 sa v Spojenom kr\u00e1\u013eovstve roz\u0161\u00edrila len ned\u00e1vno.<\/span> <span class=\"notranslate\">Balayage \"je obzvl\u00e1\u0161\u0165 ob\u013e\u00faben\u00fd u celebr\u00edt a je to klasick\u00fd vzh\u013ead na \u010dervenom koberci\".<\/span>&nbsp;My v na\u0161om kadern\u00edctve Mn\u00edchov, <a href=\"https:\/\/arbuti.com\/sk\/\">Kadern\u00edcky sal\u00f3n Arbuti<\/a> - sa \u0161pecializujeme na balej\u00e1\u017e a neust\u00e1le sa v tejto technike vzdel\u00e1vame. <span class=\"notranslate\">Po tom, \u010do ju videli celebrity ako Gisele, Chrissy Teigen a Jessica Alba, z\u00e1ujem o t\u00fato techniku vzr\u00e1stol, preto\u017ee \u013eudia si ju \u017eiadali.<\/span><\/p>\n\n\n\n<p><span class=\"notranslate\">Medzi celebrity, ktor\u00e9 miluj\u00fa balayage, patria Rosie Huntington-Whiteley, Olivia Palermo, Jessica Biel, Jennifer Lopez, Kim Kardashian a Amber Heard.<\/span><\/p>\n\n\n\n<h2 class=\"wp-block-heading\" id=\"h-muss-ich-balayage-nachfarben\"><span class=\"notranslate\"><strong>Mus\u00edm prefarbi\u0165 balej\u00e1\u017e?<\/strong><\/span><\/h2>\n\n\n\n<p><span class=\"notranslate\">\"Balayage je zvy\u010dajne ove\u013ea pohodlnej\u0161\u00ed pri prefarbovan\u00ed ako tradi\u010dn\u00e9 farby, preto\u017ee pekne odrastaj\u00fa a nemaj\u00fa \u0165a\u017ek\u00e9 odrasty,\" hovor\u00edm ako majite\u013eka sal\u00f3nu Arbuti, Balayage Hairdresser Munich.<\/span> <span class=\"notranslate\">Znamen\u00e1 to tie\u017e, \u017ee medzi jednotliv\u00fdmi n\u00e1v\u0161tevami m\u00f4\u017eete \u010daka\u0165 dlh\u0161ie, tak\u017ee ide o dokonal\u00fa techniku pre modern\u00e9, zanepr\u00e1zdnen\u00e9 \u017eeny.<\/span><\/p>\n\n\n\n<p><span class=\"notranslate\">\"Ak chcete, aby v\u00e1m balayage vydr\u017eala \u010do najdlh\u0161ie, vyberte si babylight - je to najjemnej\u0161ia farba, ak\u00fa m\u00f4\u017eete zvoli\u0165,\" rad\u00edm.<\/span> <span class=\"notranslate\">Je tie\u017e rozumn\u00e9 investova\u0165 do niektor\u00fdch kvalitn\u00fdch produktov na \u00fadr\u017ebu, aby va\u0161a farba vyzerala dlh\u0161ie svie\u017eo, alebo sa vr\u00e1ti\u0165 k lesku.<\/span><\/p>\n\n\n\n<p><span class=\"notranslate\">Ak va\u0161a farba po \u010dase zbledne, m\u00f4\u017eete ju u n\u00e1s \u013eahko osvie\u017ei\u0165 leskom.&nbsp;<\/span><\/p>\n\n\n\n<figure class=\"wp-block-image size-large is-resized\"><img loading=\"lazy\" decoding=\"async\" src=\"https:\/\/arbuti.com\/wp-content\/uploads\/2018\/10\/balayage-muenchen-4-768x1024.jpg\" alt=\"Balayage-Kadern\u00edk-Mn\u00edchov\" class=\"wp-image-2192\" width=\"358\" height=\"477\" srcset=\"https:\/\/arbuti.com\/wp-content\/uploads\/2018\/10\/balayage-muenchen-4-768x1024.jpg 768w, https:\/\/arbuti.com\/wp-content\/uploads\/2018\/10\/balayage-muenchen-4-225x300.jpg 225w, https:\/\/arbuti.com\/wp-content\/uploads\/2018\/10\/balayage-muenchen-4-200x267.jpg 200w, https:\/\/arbuti.com\/wp-content\/uploads\/2018\/10\/balayage-muenchen-4-400x533.jpg 400w, https:\/\/arbuti.com\/wp-content\/uploads\/2018\/10\/balayage-muenchen-4-600x800.jpg 600w, https:\/\/arbuti.com\/wp-content\/uploads\/2018\/10\/balayage-muenchen-4-800x1066.jpg 800w, https:\/\/arbuti.com\/wp-content\/uploads\/2018\/10\/balayage-muenchen-4.jpg 850w\" sizes=\"auto, (max-width: 358px) 100vw, 358px\" \/><\/figure>\n\n\n\n<h2 class=\"wp-block-heading\" id=\"h-ist-balayage-fur-alle-haartypen-oder-langen-geeignet\"><span style=\"color: #987ba8;\">Je balej\u00e1\u017e vhodn\u00e1 pre v\u0161etky typy alebo d\u013a\u017eky vlasov?<\/span><\/h2>\n\n\n\n<p><span class=\"notranslate\">Funguje na svetl\u00e9 aj tmav\u00e9 vlasy, v z\u00e1vislosti od toho, o ko\u013eko chcete zosvetli\u0165, a na v\u0161etky text\u00fary vlasov.<\/span> <span class=\"notranslate\">Rovn\u00e1, vlnit\u00e1 alebo ku\u010derav\u00e1 farba bude st\u00e1le fungova\u0165 a vyzera\u0165 dobre.<\/span><\/p>\n\n\n\n<p><em><span class=\"notranslate\">T\u00e1to technika je ob\u013e\u00faben\u00e1 najm\u00e4 u celebr\u00edt s dlh\u00fdmi, \u0161trukt\u00farovan\u00fdmi vlasmi, preto\u017ee vytv\u00e1ra kr\u00e1sny pl\u00e1\u017eov\u00fd \u0161t\u00fdl.<\/span><\/em><\/p>\n\n\n\n<h2 class=\"wp-block-heading\" id=\"h-wie-lange-halt-balayage\"><span class=\"notranslate\" style=\"color: #a168a1;\">Ako dlho trv\u00e1 balej\u00e1\u017e?<\/span><\/h2>\n\n\n\n<p><span class=\"notranslate\">Jednou z najv\u00e4\u010d\u0161\u00edch v\u00fdhod balayage je, \u017ee \"nevy\u017eaduje tak\u00fa \u00fadr\u017ebu ako tradi\u010dn\u00e1 farba\".<\/span> <span class=\"notranslate\">Zmie\u0161an\u00e1 povrchov\u00e1 \u00faprava znamen\u00e1, \u017ee m\u00f4\u017eete zosta\u0165 dlh\u0161ie medzi n\u00e1v\u0161tevami sal\u00f3nu. V z\u00e1vislosti od \u0161t\u00fdlu balayage m\u00f4\u017eete medzi jednotliv\u00fdmi obnovami prejs\u0165 a\u017e na 4 mesiace.<\/span><\/p>\n\n\n\n<p>Viac fotografi\u00ed Balayage od kadern\u00edckeho sal\u00f3nu Arbuti <a href=\"https:\/\/arbuti.com\/sk\/obrazky\/\"><strong>tu<\/strong><\/a><\/p>\n\n\n\n<h2 class=\"wp-block-heading\" id=\"h-alles-uber-balayage\">V\u0161etko o balayage<\/h2>\n\n\n\n<figure class=\"wp-block-image size-large is-resized\"><img loading=\"lazy\" decoding=\"async\" src=\"https:\/\/arbuti.com\/wp-content\/uploads\/2018\/10\/Balayage-Arbuti-Muenchen.jpg\" alt=\"Balayage\" class=\"wp-image-3621\" width=\"525\" height=\"656\" srcset=\"https:\/\/arbuti.com\/wp-content\/uploads\/2018\/10\/Balayage-Arbuti-Muenchen.jpg 564w, https:\/\/arbuti.com\/wp-content\/uploads\/2018\/10\/Balayage-Arbuti-Muenchen-240x300.jpg 240w, https:\/\/arbuti.com\/wp-content\/uploads\/2018\/10\/Balayage-Arbuti-Muenchen-200x250.jpg 200w, https:\/\/arbuti.com\/wp-content\/uploads\/2018\/10\/Balayage-Arbuti-Muenchen-400x500.jpg 400w\" sizes=\"auto, (max-width: 525px) 100vw, 525px\" \/><\/figure>\n\n\n\n<h3 class=\"wp-block-heading\" id=\"h-balayage-trend\"><span style=\"color: #c49f66;\">Balayage Trend<\/span><\/h3>\n\n\n\n<p>Balayage vlasy vzali soci\u00e1lne m\u00e9di\u00e1 \u00fatokom - a to z dobr\u00e9ho d\u00f4vodu. Balayage je technika vo\u013en\u00e9ho zosvet\u013eovania vlasov, ktor\u00fa vyvinuli franc\u00fazski koloristi - a my v\u00e1m chceme poveda\u0165, \u017ee vyzer\u00e1 \u00faplne \u00fa\u017easne. Aj ke\u010f si nie ste ist\u00ed, \u010do je to balayage, ur\u010dite ste u\u017e videli tieto odlesky na hviezdach, ktor\u00e9 sa predv\u00e1dzali na \u010dervenom koberci. Dokonca by sa dalo poveda\u0165, \u017ee predbehol trend ombr\u00e9 vlasov! Ak h\u013ead\u00e1te nen\u00e1ro\u010dn\u00fd sp\u00f4sob, ako zmeni\u0165 farbu vlasov a z\u00edska\u0165 nov\u00fd vzh\u013ead, tu je v\u0161etko, \u010do potrebujete vedie\u0165 o balayage.<\/p>\n\n\n\n<h2 class=\"wp-block-heading\" id=\"h-was-ist-balayage-2\">\u010co je balej\u00e1\u017e?<\/h2>\n\n\n\n<p>Za\u010dnime od z\u00e1kladov. 70. roky s\u00fa zn\u00e1me mnoh\u00fdmi vecami: Vysok\u00e9 \u010di\u017emy, flower power, slov\u00e1 groovy a rad - a uk\u00e1zalo sa, \u017ee je to aj desa\u0165ro\u010die, v ktorom vznikol balayage mel\u00edr. Ako u\u017e bolo spomenut\u00e9, balayage je technika zv\u00fdraz\u0148ovania, ktor\u00fa vyvinuli franc\u00fazski koloristi v 70. rokoch minul\u00e9ho storo\u010dia. Slovo balayage znamen\u00e1 vo franc\u00faz\u0161tine \"\u0161vih\", \u010do opisuje sp\u00f4sob, ak\u00fdm sa aplikuj\u00fa mel\u00edry. Balayage mel\u00edry sa nan\u00e1\u0161aj\u00fa \u0161tetcom. S\u00fa \u00faplne vo\u013en\u00e9, nie je tu \u017eiadny limit ani n\u00e1vod, v\u0161etko je o tom, kde si kolorista mysl\u00ed, \u017ee bud\u00fa odlesky vyzera\u0165 najlep\u0161ie. Cie\u013eom balaj\u00e1\u017eneho mel\u00edru je zanecha\u0165 prirodzene vyzeraj\u00face, slnkom pobozkan\u00e9 vlasy. Ak chcete t\u00fato techniku vysvetli\u0165 podrobnej\u0161ie, m\u00f4\u017eeme ju porovna\u0165 s \u010fal\u0161\u00edmi dvoma be\u017en\u00fdmi mo\u017enos\u0165ami zv\u00fdraznenia vlasov.<\/p>\n\n\n\n<h2 class=\"wp-block-heading\" id=\"h-balayage-oder-highlights\">Balayage alebo mel\u00edr?<\/h2>\n\n\n\n<p>Balayage nie je tradi\u010dn\u00e1 technika f\u00f3lie alebo \u010diapky, ale vo\u013en\u00e1 technika. S f\u00f3liami dosiahnete ve\u013emi rovnomern\u00fd povrch, zatia\u013e \u010do s balayage je v\u00fdsledok prirodzenej\u0161\u00ed. Takto m\u00f4\u017ee kolorista aplikova\u0165 farbu aj v ur\u010dit\u00fdch oblastiach, ktor\u00e9 pod\u013ea neho rozjasnia va\u0161e \u010drty.<\/p>\n\n\n\n<h2 class=\"wp-block-heading\" id=\"h-balayage-oder-ombre\">Balayage alebo Ombre?<\/h2>\n\n\n\n<p>Ombr\u00e9 farba vlasov zah\u0155\u0148a vlasy, ktor\u00e9 postupne prech\u00e1dzaj\u00fa od korienkov ku kon\u010dekom od tmavej po svetl\u00fa farbu. Namiesto vytvorenia gradientn\u00e9ho efektu sa v ur\u010dit\u00fdch oblastiach hrivy prid\u00e1vaj\u00fa odlesky.<\/p>\n\n\n\n<div class=\"wp-block-buttons is-layout-flex wp-block-buttons-is-layout-flex\">\n<div class=\"wp-block-button\"><a class=\"wp-block-button__link wp-element-button\" href=\"https:\/\/arbuti.com\/sk\/datum\/\">REZERVUJTE SI STRETNUTIE NA BALAYAGE!<\/a><\/div>\n<\/div>\n\n\n\n<div style=\"height:24px\" aria-hidden=\"true\" class=\"wp-block-spacer\"><\/div>\n\n\n\n<h2 class=\"wp-block-heading\" id=\"h-faq\"><span style=\"color: #b55aed;\">\u010cASTO KLADEN\u00c9 OT\u00c1ZKY<\/span><\/h2>\n\n\n\t\t<section\t\tclass=\"sc_fs_faq sc_card\"\n\t\t\t\t>\n\t\t\t\t<h3>Je balej\u00e1\u017e pre m\u0148a vhodn\u00e1?<\/h3>\t\t\t\t<div>\n\t\t\t\t\t\t<div class=\"sc_fs_faq__content\">\n\t\t\t\t\n\n<p class=\"has-small-font-size\">\u00c1no! Ak v\u00e1s teda zauj\u00edmaj\u00fa modern\u00e9 farby vlasov, mo\u017eno sa v\u00e1m oplat\u00ed vysk\u00fa\u0161a\u0165 balej\u00e1\u017e. Nehovoriac o tom, \u017ee balayage je skvelou vo\u013ebou pre v\u00e1s, ak ste farebn\u00fd za\u010diato\u010dn\u00edk! Je to jemn\u00e1 technika zv\u00fdraznenia, ktor\u00e1 nie je tak\u00e1 drastick\u00e1 ako \u00fapln\u00e1 zmena farby vlasov. Balayage sa hod\u00ed na ak\u00fako\u013evek farbu vlasov, tak\u017ee nez\u00e1le\u017e\u00ed na tom, \u010di m\u00e1te hned\u00e9, blond alebo ry\u0161av\u00e9 vlasy. Ak h\u013ead\u00e1te mel\u00edr, ktor\u00fd je \u010do najmenej n\u00e1ro\u010dn\u00fd na \u00fadr\u017ebu, balayage je spr\u00e1vna vo\u013eba. S t\u00fdmito mel\u00edrmi nebudete musie\u0165 ka\u017ed\u00fdch p\u00e1r t\u00fd\u017ed\u0148ov beha\u0165 do kadern\u00edckeho sal\u00f3nu na obnovu, preto\u017ee nebudete farbi\u0165 cel\u00fa d\u013a\u017eku vlasov. Ke\u010f odlesky vyrast\u00fa, vyzer\u00e1 to celkom z\u00e1merne. Menej retu\u0161\u00ed? \u00c1no, pros\u00edm!<\/p>\n\n\t\t\t<\/div>\n\t\t<\/div>\n\t\t<\/section>\n\t\t\t\t<section\t\tclass=\"sc_fs_faq sc_card\"\n\t\t\t\t>\n\t\t\t\t<h3>Ako sa rob\u00ed balej\u00e1\u017e?<\/h3>\t\t\t\t<div>\n\t\t\t\t\t\t<div class=\"sc_fs_faq__content\">\n\t\t\t\t\n\n<p class=\"has-small-font-size\">Ako u\u017e bolo spomenut\u00e9, balayage sa rob\u00ed vo\u013enou rukou a nie pomocou n\u00e1strojov, ako s\u00fa f\u00f3lie alebo \u010diapky, ktor\u00e9 sa \u010dasto pou\u017e\u00edvaj\u00fa pri in\u00fdch postupoch zv\u00fdraz\u0148ovania. To znamen\u00e1, \u017ee farba sa na osobu nan\u00e1\u0161a ru\u010dne. Ako u\u017e viete, balayage znamen\u00e1 vo franc\u00faz\u0161tine zametanie. T\u00e1to technika dostala svoj n\u00e1zov preto, lebo farba sa do vlasov vn\u00e1\u0161a pomocou \u0161tetca a \u0161liapacieho stroj\u010deka. Ako ste u\u017e mo\u017eno uh\u00e1dli, t\u00fato techniku je najlep\u0161ie prenecha\u0165 profesion\u00e1lom, preto\u017ee jej spr\u00e1vne zvl\u00e1dnutie si vy\u017eaduje ur\u010dit\u00fa \u00farove\u0148 zru\u010dnosti. Ak chcete n\u00e1js\u0165 spr\u00e1vneho farbiara, vyh\u013eadajte toho, ktor\u00fd sa \u0161pecializuje na techniky balayage, a nechajte si poradi\u0165 e\u0161te pred samotn\u00fdm farben\u00edm vlasov. Nezabudnite si prinies\u0165 in\u0161pira\u010dn\u00e9 fotografie, aby v\u00e1\u0161 kolorista presne vedel, \u010do chcete. Ke\u010f v\u00e1\u0161 kolorista vid\u00ed a po\u010duje, \u010do si \u017eel\u00e1te od svojich balayage mel\u00edrov, m\u00f4\u017ee v\u00e1m v\u010faka svojim znalostiam balayage vytvori\u0165 vlastn\u00fd vzh\u013ead, ktor\u00fd v\u00e1m bude lichoti\u0165.<\/p>\n\n\t\t\t<\/div>\n\t\t<\/div>\n\t\t<\/section>\n\t\t\t\t<section\t\tclass=\"sc_fs_faq sc_card\"\n\t\t\t\t>\n\t\t\t\t<h3>Je blond jedin\u00fdm typom balayage?<\/h3>\t\t\t\t<div>\n\t\t\t\t\t\t<div class=\"sc_fs_faq__content\">\n\t\t\t\t\n\n<p class=\"has-small-font-size\">Nie! Hoci je blond balayage tradi\u010dnej\u0161\u00edm typom balayage, m\u00f4\u017eete s farbou \u00faplne experimentova\u0165. V s\u00fa\u010dasnosti je napr\u00edklad trendom reverzn\u00e1 balayage - tento vzh\u013ead sa vyzna\u010duje svetlej\u0161\u00edmi vlasmi na vrchu a tmav\u0161\u00edmi na koncoch.<\/p>\n\n\t\t\t<\/div>\n\t\t<\/div>\n\t\t<\/section>\n\t\t\t\t<section\t\tclass=\"sc_fs_faq sc_card\"\n\t\t\t\t>\n\t\t\t\t<h3>Ko\u013eko stoj\u00ed balayage?<\/h3>\t\t\t\t<div>\n\t\t\t\t\t\t<div class=\"sc_fs_faq__content\">\n\t\t\t\t\n\n<p class=\"has-small-font-size\">N\u00e1klady na balayage mel\u00edry sa m\u00f4\u017eu l\u00ed\u0161i\u0165 v z\u00e1vislosti od toho, kde ich pou\u017eijete a ak\u00fd sk\u00fasen\u00fd je v\u00e1\u0161 kolorista. Cenu m\u00f4\u017ee ovplyvni\u0165 aj d\u013a\u017eka va\u0161ich vlasov, preto\u017ee t\u00e1 m\u00f4\u017ee ma\u0165 vplyv na to, ko\u013eko \u010dasu a produktu si mel\u00edr vy\u017eiada. Balayage mel\u00edry stoja v priemere okolo 200 EUR.<\/p>\n\n\t\t\t<\/div>\n\t\t<\/div>\n\t\t<\/section>\n\t\t\n<script type=\"application\/ld+json\">{\n    \"@context\": \"https:\\\/\\\/schema.org\",\n    \"@type\": \"FAQPage\",\n    \"mainEntity\": [\n        {\n            \"@type\": \"Question\",\n            \"name\": \"Ist Balayage das richtige f\\u00fcr mich?\",\n            \"acceptedAnswer\": {\n                \"@type\": \"Answer\",\n                \"text\": \"<p>Ja! Also, wenn trendige Haarfarben Ihr Ding sind, kann Balayage Haar einen Versuch wert sein. Ganz zu schweigen davon, dass Balayage eine gro\\u00dfartige Option f\\u00fcr Sie ist, wenn Sie ein Farbneuling sind! Es handelt sich um eine subtile Hervorhebungstechnik, die nicht so drastisch ist wie eine vollst\\u00e4ndige \\u00c4nderung Ihrer Haarfarbe. Balayage wirkt auf jede Haarfarbe, es spielt also keine Rolle, ob Sie braunes, blondes oder rotes Haar haben. Wenn Sie nach Highlights suchen, die so wartungsarm wie m\\u00f6glich sind, ist Balayage der richtige Weg. Mit diesen Highlights m\\u00fcssen Sie nicht alle paar Wochen zum Salon zum Ausbessern laufen, da Sie nicht die gesamte L\\u00e4nge Ihrer Haare f\\u00e4rben. Wenn die Highlights herauswachsen, sieht es ganz absichtlich aus. Weniger Ausbesserungen? Ja bitte!<\\\/p>\"\n            }\n        },\n        {\n            \"@type\": \"Question\",\n            \"name\": \"Wie wird Balayage gemacht?\",\n            \"acceptedAnswer\": {\n                \"@type\": \"Answer\",\n                \"text\": \"<p>Wie bereits erw\\u00e4hnt, erfolgt die Balayage freih\\u00e4ndig und nicht mit Werkzeugen wie Folien oder Kappen, die h\\u00e4ufig bei anderen Hervorhebungsverfahren verwendet werden. Das hei\\u00dft, die Farbe wird von Hand auf eine Person aufgetragen. Wie Sie jetzt auch wissen, steht Balayage f\\u00fcr Fegen auf Franz\\u00f6sisch. Diese Technik hat ihren Namen, weil die Farbe mit einer B\\u00fcrste und einem Trittbrett durch das Haar gestrichen wird. Wie Sie vielleicht schon erraten haben, ist dies eine Technik, die am besten Profis \\u00fcberlassen wird, da sie ein gewisses Ma\\u00df an K\\u00f6nnen erfordert, um richtig zu arbeiten. Um den richtigen Koloristen zu finden, suchen Sie einen, der sich auf Balayage-Techniken spezialisiert hat, und lassen Sie sich beraten, bevor Sie sich tats\\u00e4chlich die Haare f\\u00e4rben. Bringen Sie unbedingt Inspirationsfotos mit, damit Ihr Colorist genau wei\\u00df, was Sie wollen. Wenn Ihr Kolorist sieht und h\\u00f6rt, was Sie von Ihren Balayage-Highlights erwarten, kann er einen individuellen Look kreieren, der Ihnen mit seinem Wissen \\u00fcber Balayage schmeichelt.<\\\/p>\"\n            }\n        },\n        {\n            \"@type\": \"Question\",\n            \"name\": \"Ist Blond die einzige Balayage Art?\",\n            \"acceptedAnswer\": {\n                \"@type\": \"Answer\",\n                \"text\": \"<p>Nein! W\\u00e4hrend blonde Balayage die traditionellere Art der Balayage ist, k\\u00f6nnen Sie mit Farbe total experimentieren. Zum Beispiel ist Reverse Balayage heutzutage im Trend - dieser Look zeichnet sich durch helles Haar an der Oberseite und dunkleres Haar an den Enden aus.<\\\/p>\"\n            }\n        },\n        {\n            \"@type\": \"Question\",\n            \"name\": \"Wie viel kostet eine Balayage?\",\n            \"acceptedAnswer\": {\n                \"@type\": \"Answer\",\n                \"text\": \"<p>Die Kosten f\\u00fcr Balayage-Highlights k\\u00f6nnen variieren, je nachdem, wo Sie sie einsetzen und wie viel Erfahrung Ihr Colorist hat. Die L\\u00e4nge Ihres Haares kann sich auch auf den Preis auswirken, da dies Einfluss darauf haben kann, wie viel Zeit und Produkt Ihre Str\\u00e4hnen ben\\u00f6tigen. Balayage-Highlights kosten im Durchschnitt rund 200\\u20ac Euro.<\\\/p>\"\n            }\n        }\n    ]\n}<\/script>\n\n\n\n<p><\/p>","protected":false},"excerpt":{"rendered":"<p>Was ist Balayage? Star Balayage Friseur ARBUTI in M\u00fcnchen erkl\u00e4rt auf was du achten solltest und auf was es bei [&hellip;]<\/p>","protected":false},"author":1,"featured_media":3620,"comment_status":"closed","ping_status":"open","sticky":false,"template":"","format":"standard","meta":{"ub_ctt_via":"","_uag_custom_page_level_css":"","site-sidebar-layout":"right-sidebar","site-content-layout":"default","ast-site-content-layout":"","site-content-style":"default","site-sidebar-style":"default","ast-global-header-display":"","ast-banner-title-visibility":"","ast-main-header-display":"","ast-hfb-above-header-display":"","ast-hfb-below-header-display":"","ast-hfb-mobile-header-display":"","site-post-title":"","ast-breadcrumbs-content":"","ast-featured-img":"","footer-sml-layout":"","theme-transparent-header-meta":"default","adv-header-id-meta":"","stick-header-meta":"default","header-above-stick-meta":"","header-main-stick-meta":"","header-below-stick-meta":"","astra-migrate-meta-layouts":"default","ast-page-background-enabled":"default","ast-page-background-meta":{"desktop":{"background-color":"","background-image":"","background-repeat":"repeat","background-position":"center center","background-size":"auto","background-attachment":"scroll","background-type":"","background-media":"","overlay-type":"","overlay-color":"","overlay-opacity":"","overlay-gradient":""},"tablet":{"background-color":"","background-image":"","background-repeat":"repeat","background-position":"center center","background-size":"auto","background-attachment":"scroll","background-type":"","background-media":"","overlay-type":"","overlay-color":"","overlay-opacity":"","overlay-gradient":""},"mobile":{"background-color":"","background-image":"","background-repeat":"repeat","background-position":"center center","background-size":"auto","background-attachment":"scroll","background-type":"","background-media":"","overlay-type":"","overlay-color":"","overlay-opacity":"","overlay-gradient":""}},"ast-content-background-meta":{"desktop":{"background-color":"var(--ast-global-color-5)","background-image":"","background-repeat":"repeat","background-position":"center center","background-size":"auto","background-attachment":"scroll","background-type":"","background-media":"","overlay-type":"","overlay-color":"","overlay-opacity":"","overlay-gradient":""},"tablet":{"background-color":"var(--ast-global-color-5)","background-image":"","background-repeat":"repeat","background-position":"center center","background-size":"auto","background-attachment":"scroll","background-type":"","background-media":"","overlay-type":"","overlay-color":"","overlay-opacity":"","overlay-gradient":""},"mobile":{"background-color":"var(--ast-global-color-5)","background-image":"","background-repeat":"repeat","background-position":"center center","background-size":"auto","background-attachment":"scroll","background-type":"","background-media":"","overlay-type":"","overlay-color":"","overlay-opacity":"","overlay-gradient":""}},"footnotes":""},"categories":[33,206],"tags":[43,4611],"class_list":["post-2202","post","type-post","status-publish","format-standard","has-post-thumbnail","hentry","category-balayage","category-balayage-muenchen","tag-balayage","tag-balayage-muenchen"],"featured_image_src":"https:\/\/arbuti.com\/wp-content\/uploads\/2018\/10\/Balayage-Arbuti.jpg","author_info":{"display_name":"admin","author_link":"https:\/\/arbuti.com\/sk\/author\/admin\/"},"yoast_head":"<!-- This site is optimized with the Yoast SEO Premium plugin v25.3 (Yoast SEO v25.3) - https:\/\/yoast.com\/wordpress\/plugins\/seo\/ -->\n<title>Balayage - Blonde oder Braune Balayage - ARBUTI Hair Salon<\/title>\n<meta name=\"description\" content=\"Balayage Friseur Arbuti in M\u00fcnchen erkl\u00e4rt dir, warum Balayage f\u00fcr jeden Haartypen von Vorteil ist. Egal ob Blonde Balayage oder Braune. Top Trend!\" \/>\n<meta name=\"robots\" content=\"index, follow, max-snippet:-1, max-image-preview:large, max-video-preview:-1\" \/>\n<link rel=\"canonical\" href=\"https:\/\/arbuti.com\/sk\/co-je-kuzelnik-kuzelnik-mnichov\/\" \/>\n<meta property=\"og:locale\" content=\"sk_SK\" \/>\n<meta property=\"og:type\" content=\"article\" \/>\n<meta property=\"og:title\" content=\"Was ist Balayage? Friseur M\u00fcnchen erkl\u00e4rt!\" \/>\n<meta property=\"og:description\" content=\"Was ist Balayage? Star Balayage Friseur ARBUTI in M\u00fcnchen erkl\u00e4rt auf was du achten solltest und auf was es bei einer Balayage ankommt. Balayage Balayage\" \/>\n<meta property=\"og:url\" content=\"https:\/\/arbuti.com\/sk\/co-je-kuzelnik-kuzelnik-mnichov\/\" \/>\n<meta property=\"og:site_name\" content=\"ARBUTI Hair Salon\" \/>\n<meta property=\"article:publisher\" content=\"https:\/\/www.facebook.com\/Arbutihairsalon\/\" \/>\n<meta property=\"article:published_time\" content=\"2018-10-24T15:38:44+00:00\" \/>\n<meta property=\"article:modified_time\" content=\"2023-01-20T12:11:56+00:00\" \/>\n<meta property=\"og:image\" content=\"https:\/\/arbuti.com\/wp-content\/uploads\/2018\/10\/Balayage-Arbuti.jpg\" \/>\n\t<meta property=\"og:image:width\" content=\"1006\" \/>\n\t<meta property=\"og:image:height\" content=\"699\" \/>\n\t<meta property=\"og:image:type\" content=\"image\/jpeg\" \/>\n<meta name=\"author\" content=\"admin\" \/>\n<meta name=\"twitter:card\" content=\"summary_large_image\" \/>\n<meta name=\"twitter:label1\" content=\"Autor\" \/>\n\t<meta name=\"twitter:data1\" content=\"admin\" \/>\n\t<meta name=\"twitter:label2\" content=\"Predpokladan\u00fd \u010das \u010d\u00edtania\" \/>\n\t<meta name=\"twitter:data2\" content=\"9 min\u00fat\" \/>\n<script type=\"application\/ld+json\" class=\"yoast-schema-graph\">{\"@context\":\"https:\/\/schema.org\",\"@graph\":[{\"@type\":\"Article\",\"@id\":\"https:\/\/arbuti.com\/was-ist-balayage-friseur-muenchen\/#article\",\"isPartOf\":{\"@id\":\"https:\/\/arbuti.com\/was-ist-balayage-friseur-muenchen\/\"},\"author\":{\"name\":\"admin\",\"@id\":\"https:\/\/arbuti.com\/fr\/#\/schema\/person\/d85bbf7b442ca0f812c3aa0ed9eece8f\"},\"headline\":\"Was ist Balayage? Friseur M\u00fcnchen erkl\u00e4rt!\",\"datePublished\":\"2018-10-24T15:38:44+00:00\",\"dateModified\":\"2023-01-20T12:11:56+00:00\",\"mainEntityOfPage\":{\"@id\":\"https:\/\/arbuti.com\/was-ist-balayage-friseur-muenchen\/\"},\"wordCount\":1544,\"publisher\":{\"@id\":\"https:\/\/arbuti.com\/fr\/#organization\"},\"image\":{\"@id\":\"https:\/\/arbuti.com\/was-ist-balayage-friseur-muenchen\/#primaryimage\"},\"thumbnailUrl\":\"https:\/\/arbuti.com\/wp-content\/uploads\/2018\/10\/Balayage-Arbuti.jpg\",\"keywords\":[\"balayage\",\"Balayage M\u00fcnchen\"],\"articleSection\":[\"Balayage\",\"Balayage M\u00fcnchen\"],\"inLanguage\":\"sk-SK\"},{\"@type\":\"WebPage\",\"@id\":\"https:\/\/arbuti.com\/was-ist-balayage-friseur-muenchen\/\",\"url\":\"https:\/\/arbuti.com\/was-ist-balayage-friseur-muenchen\/\",\"name\":\"Balayage - Blonde oder Braune Balayage - ARBUTI Hair Salon\",\"isPartOf\":{\"@id\":\"https:\/\/arbuti.com\/fr\/#website\"},\"primaryImageOfPage\":{\"@id\":\"https:\/\/arbuti.com\/was-ist-balayage-friseur-muenchen\/#primaryimage\"},\"image\":{\"@id\":\"https:\/\/arbuti.com\/was-ist-balayage-friseur-muenchen\/#primaryimage\"},\"thumbnailUrl\":\"https:\/\/arbuti.com\/wp-content\/uploads\/2018\/10\/Balayage-Arbuti.jpg\",\"datePublished\":\"2018-10-24T15:38:44+00:00\",\"dateModified\":\"2023-01-20T12:11:56+00:00\",\"description\":\"Balayage Friseur Arbuti in M\u00fcnchen erkl\u00e4rt dir, warum Balayage f\u00fcr jeden Haartypen von Vorteil ist. Egal ob Blonde Balayage oder Braune. Top Trend!\",\"breadcrumb\":{\"@id\":\"https:\/\/arbuti.com\/was-ist-balayage-friseur-muenchen\/#breadcrumb\"},\"inLanguage\":\"sk-SK\",\"potentialAction\":[{\"@type\":\"ReadAction\",\"target\":[\"https:\/\/arbuti.com\/was-ist-balayage-friseur-muenchen\/\"]}]},{\"@type\":\"ImageObject\",\"inLanguage\":\"sk-SK\",\"@id\":\"https:\/\/arbuti.com\/was-ist-balayage-friseur-muenchen\/#primaryimage\",\"url\":\"https:\/\/arbuti.com\/wp-content\/uploads\/2018\/10\/Balayage-Arbuti.jpg\",\"contentUrl\":\"https:\/\/arbuti.com\/wp-content\/uploads\/2018\/10\/Balayage-Arbuti.jpg\",\"width\":1006,\"height\":699,\"caption\":\"Balayage\"},{\"@type\":\"BreadcrumbList\",\"@id\":\"https:\/\/arbuti.com\/was-ist-balayage-friseur-muenchen\/#breadcrumb\",\"itemListElement\":[{\"@type\":\"ListItem\",\"position\":1,\"name\":\"ARBUTI\",\"item\":\"https:\/\/arbuti.com\/\"},{\"@type\":\"ListItem\",\"position\":2,\"name\":\"Balayage\",\"item\":\"https:\/\/arbuti.com\/en\/balayage\/\"},{\"@type\":\"ListItem\",\"position\":3,\"name\":\"Was ist Balayage? Friseur M\u00fcnchen erkl\u00e4rt!\"}]},{\"@type\":\"WebSite\",\"@id\":\"https:\/\/arbuti.com\/fr\/#website\",\"url\":\"https:\/\/arbuti.com\/fr\/\",\"name\":\"ARBUTI Hair Salon\",\"description\":\"Friseur M\u00fcnchen\",\"publisher\":{\"@id\":\"https:\/\/arbuti.com\/fr\/#organization\"},\"alternateName\":\"ARBUTI\",\"potentialAction\":[{\"@type\":\"SearchAction\",\"target\":{\"@type\":\"EntryPoint\",\"urlTemplate\":\"https:\/\/arbuti.com\/fr\/?s={search_term_string}\"},\"query-input\":{\"@type\":\"PropertyValueSpecification\",\"valueRequired\":true,\"valueName\":\"search_term_string\"}}],\"inLanguage\":\"sk-SK\"},{\"@type\":\"Organization\",\"@id\":\"https:\/\/arbuti.com\/fr\/#organization\",\"name\":\"ARBUTI Hair Salon\",\"alternateName\":\"ARBUTI\",\"url\":\"https:\/\/arbuti.com\/fr\/\",\"logo\":{\"@type\":\"ImageObject\",\"inLanguage\":\"sk-SK\",\"@id\":\"https:\/\/arbuti.com\/fr\/#\/schema\/logo\/image\/\",\"url\":\"https:\/\/arbuti.com\/wp-content\/uploads\/2020\/04\/cropped-Arbuti-Friseur-Muenchen.jpg\",\"contentUrl\":\"https:\/\/arbuti.com\/wp-content\/uploads\/2020\/04\/cropped-Arbuti-Friseur-Muenchen.jpg\",\"width\":512,\"height\":512,\"caption\":\"ARBUTI Hair Salon\"},\"image\":{\"@id\":\"https:\/\/arbuti.com\/fr\/#\/schema\/logo\/image\/\"},\"sameAs\":[\"https:\/\/www.facebook.com\/Arbutihairsalon\/\",\"https:\/\/www.instagram.com\/arbutihairsalon\/\",\"https:\/\/www.pinterest.de\/arbutihairsalon\/arbuti-hair-salon\/\"]},{\"@type\":\"Person\",\"@id\":\"https:\/\/arbuti.com\/fr\/#\/schema\/person\/d85bbf7b442ca0f812c3aa0ed9eece8f\",\"name\":\"admin\",\"image\":{\"@type\":\"ImageObject\",\"inLanguage\":\"sk-SK\",\"@id\":\"https:\/\/arbuti.com\/fr\/#\/schema\/person\/image\/\",\"url\":\"https:\/\/secure.gravatar.com\/avatar\/a5ca7376327017715559ffb9b376df51?s=96&d=mm&r=g\",\"contentUrl\":\"https:\/\/secure.gravatar.com\/avatar\/a5ca7376327017715559ffb9b376df51?s=96&d=mm&r=g\",\"caption\":\"admin\"}}]}<\/script>\n<!-- \/ Yoast SEO Premium plugin. -->","yoast_head_json":{"title":"Balayage - Blonde oder Braune Balayage - ARBUTI Hair Salon","description":"Balayage Friseur Arbuti in M\u00fcnchen erkl\u00e4rt dir, warum Balayage f\u00fcr jeden Haartypen von Vorteil ist. Egal ob Blonde Balayage oder Braune. Top Trend!","robots":{"index":"index","follow":"follow","max-snippet":"max-snippet:-1","max-image-preview":"max-image-preview:large","max-video-preview":"max-video-preview:-1"},"canonical":"https:\/\/arbuti.com\/sk\/co-je-kuzelnik-kuzelnik-mnichov\/","og_locale":"sk_SK","og_type":"article","og_title":"Was ist Balayage? Friseur M\u00fcnchen erkl\u00e4rt!","og_description":"Was ist Balayage? Star Balayage Friseur ARBUTI in M\u00fcnchen erkl\u00e4rt auf was du achten solltest und auf was es bei einer Balayage ankommt. Balayage Balayage","og_url":"https:\/\/arbuti.com\/sk\/co-je-kuzelnik-kuzelnik-mnichov\/","og_site_name":"ARBUTI Hair Salon","article_publisher":"https:\/\/www.facebook.com\/Arbutihairsalon\/","article_published_time":"2018-10-24T15:38:44+00:00","article_modified_time":"2023-01-20T12:11:56+00:00","og_image":[{"width":1006,"height":699,"url":"https:\/\/arbuti.com\/wp-content\/uploads\/2018\/10\/Balayage-Arbuti.jpg","type":"image\/jpeg"}],"author":"admin","twitter_card":"summary_large_image","twitter_misc":{"Autor":"admin","Predpokladan\u00fd \u010das \u010d\u00edtania":"9 min\u00fat"},"schema":{"@context":"https:\/\/schema.org","@graph":[{"@type":"Article","@id":"https:\/\/arbuti.com\/was-ist-balayage-friseur-muenchen\/#article","isPartOf":{"@id":"https:\/\/arbuti.com\/was-ist-balayage-friseur-muenchen\/"},"author":{"name":"admin","@id":"https:\/\/arbuti.com\/fr\/#\/schema\/person\/d85bbf7b442ca0f812c3aa0ed9eece8f"},"headline":"Was ist Balayage? Friseur M\u00fcnchen erkl\u00e4rt!","datePublished":"2018-10-24T15:38:44+00:00","dateModified":"2023-01-20T12:11:56+00:00","mainEntityOfPage":{"@id":"https:\/\/arbuti.com\/was-ist-balayage-friseur-muenchen\/"},"wordCount":1544,"publisher":{"@id":"https:\/\/arbuti.com\/fr\/#organization"},"image":{"@id":"https:\/\/arbuti.com\/was-ist-balayage-friseur-muenchen\/#primaryimage"},"thumbnailUrl":"https:\/\/arbuti.com\/wp-content\/uploads\/2018\/10\/Balayage-Arbuti.jpg","keywords":["balayage","Balayage M\u00fcnchen"],"articleSection":["Balayage","Balayage M\u00fcnchen"],"inLanguage":"sk-SK"},{"@type":"WebPage","@id":"https:\/\/arbuti.com\/was-ist-balayage-friseur-muenchen\/","url":"https:\/\/arbuti.com\/was-ist-balayage-friseur-muenchen\/","name":"Balayage - Blonde oder Braune Balayage - ARBUTI Hair Salon","isPartOf":{"@id":"https:\/\/arbuti.com\/fr\/#website"},"primaryImageOfPage":{"@id":"https:\/\/arbuti.com\/was-ist-balayage-friseur-muenchen\/#primaryimage"},"image":{"@id":"https:\/\/arbuti.com\/was-ist-balayage-friseur-muenchen\/#primaryimage"},"thumbnailUrl":"https:\/\/arbuti.com\/wp-content\/uploads\/2018\/10\/Balayage-Arbuti.jpg","datePublished":"2018-10-24T15:38:44+00:00","dateModified":"2023-01-20T12:11:56+00:00","description":"Balayage Friseur Arbuti in M\u00fcnchen erkl\u00e4rt dir, warum Balayage f\u00fcr jeden Haartypen von Vorteil ist. Egal ob Blonde Balayage oder Braune. Top Trend!","breadcrumb":{"@id":"https:\/\/arbuti.com\/was-ist-balayage-friseur-muenchen\/#breadcrumb"},"inLanguage":"sk-SK","potentialAction":[{"@type":"ReadAction","target":["https:\/\/arbuti.com\/was-ist-balayage-friseur-muenchen\/"]}]},{"@type":"ImageObject","inLanguage":"sk-SK","@id":"https:\/\/arbuti.com\/was-ist-balayage-friseur-muenchen\/#primaryimage","url":"https:\/\/arbuti.com\/wp-content\/uploads\/2018\/10\/Balayage-Arbuti.jpg","contentUrl":"https:\/\/arbuti.com\/wp-content\/uploads\/2018\/10\/Balayage-Arbuti.jpg","width":1006,"height":699,"caption":"Balayage"},{"@type":"BreadcrumbList","@id":"https:\/\/arbuti.com\/was-ist-balayage-friseur-muenchen\/#breadcrumb","itemListElement":[{"@type":"ListItem","position":1,"name":"ARBUTI","item":"https:\/\/arbuti.com\/"},{"@type":"ListItem","position":2,"name":"Balayage","item":"https:\/\/arbuti.com\/en\/balayage\/"},{"@type":"ListItem","position":3,"name":"Was ist Balayage? Friseur M\u00fcnchen erkl\u00e4rt!"}]},{"@type":"WebSite","@id":"https:\/\/arbuti.com\/fr\/#website","url":"https:\/\/arbuti.com\/fr\/","name":"ARBUTI Hair Salon","description":"Friseur M\u00fcnchen","publisher":{"@id":"https:\/\/arbuti.com\/fr\/#organization"},"alternateName":"ARBUTI","potentialAction":[{"@type":"SearchAction","target":{"@type":"EntryPoint","urlTemplate":"https:\/\/arbuti.com\/fr\/?s={search_term_string}"},"query-input":{"@type":"PropertyValueSpecification","valueRequired":true,"valueName":"search_term_string"}}],"inLanguage":"sk-SK"},{"@type":"Organization","@id":"https:\/\/arbuti.com\/fr\/#organization","name":"ARBUTI Hair Salon","alternateName":"ARBUTI","url":"https:\/\/arbuti.com\/fr\/","logo":{"@type":"ImageObject","inLanguage":"sk-SK","@id":"https:\/\/arbuti.com\/fr\/#\/schema\/logo\/image\/","url":"https:\/\/arbuti.com\/wp-content\/uploads\/2020\/04\/cropped-Arbuti-Friseur-Muenchen.jpg","contentUrl":"https:\/\/arbuti.com\/wp-content\/uploads\/2020\/04\/cropped-Arbuti-Friseur-Muenchen.jpg","width":512,"height":512,"caption":"ARBUTI Hair Salon"},"image":{"@id":"https:\/\/arbuti.com\/fr\/#\/schema\/logo\/image\/"},"sameAs":["https:\/\/www.facebook.com\/Arbutihairsalon\/","https:\/\/www.instagram.com\/arbutihairsalon\/","https:\/\/www.pinterest.de\/arbutihairsalon\/arbuti-hair-salon\/"]},{"@type":"Person","@id":"https:\/\/arbuti.com\/fr\/#\/schema\/person\/d85bbf7b442ca0f812c3aa0ed9eece8f","name":"admin","image":{"@type":"ImageObject","inLanguage":"sk-SK","@id":"https:\/\/arbuti.com\/fr\/#\/schema\/person\/image\/","url":"https:\/\/secure.gravatar.com\/avatar\/a5ca7376327017715559ffb9b376df51?s=96&d=mm&r=g","contentUrl":"https:\/\/secure.gravatar.com\/avatar\/a5ca7376327017715559ffb9b376df51?s=96&d=mm&r=g","caption":"admin"}}]}},"uagb_featured_image_src":{"full":["https:\/\/arbuti.com\/wp-content\/uploads\/2018\/10\/Balayage-Arbuti.jpg",1006,699,false],"thumbnail":["https:\/\/arbuti.com\/wp-content\/uploads\/2018\/10\/Balayage-Arbuti-150x150.jpg",150,150,true],"medium":["https:\/\/arbuti.com\/wp-content\/uploads\/2018\/10\/Balayage-Arbuti-300x208.jpg",300,208,true],"medium_large":["https:\/\/arbuti.com\/wp-content\/uploads\/2018\/10\/Balayage-Arbuti-768x534.jpg",768,534,true],"large":["https:\/\/arbuti.com\/wp-content\/uploads\/2018\/10\/Balayage-Arbuti.jpg",1006,699,false],"1536x1536":["https:\/\/arbuti.com\/wp-content\/uploads\/2018\/10\/Balayage-Arbuti.jpg",1006,699,false],"2048x2048":["https:\/\/arbuti.com\/wp-content\/uploads\/2018\/10\/Balayage-Arbuti.jpg",1006,699,false],"trp-custom-language-flag":["https:\/\/arbuti.com\/wp-content\/uploads\/2018\/10\/Balayage-Arbuti.jpg",18,12,false],"wp_review_large":["https:\/\/arbuti.com\/wp-content\/uploads\/2018\/10\/Balayage-Arbuti.jpg",288,200,false],"wp_review_small":["https:\/\/arbuti.com\/wp-content\/uploads\/2018\/10\/Balayage-Arbuti.jpg",65,45,false]},"uagb_author_info":{"display_name":"admin","author_link":"https:\/\/arbuti.com\/sk\/author\/admin\/"},"uagb_comment_info":1,"uagb_excerpt":"Was ist Balayage? Star Balayage Friseur ARBUTI in M\u00fcnchen erkl\u00e4rt auf was du achten solltest und auf was es bei [&hellip;]","_links":{"self":[{"href":"https:\/\/arbuti.com\/sk\/wp-json\/wp\/v2\/posts\/2202","targetHints":{"allow":["GET"]}}],"collection":[{"href":"https:\/\/arbuti.com\/sk\/wp-json\/wp\/v2\/posts"}],"about":[{"href":"https:\/\/arbuti.com\/sk\/wp-json\/wp\/v2\/types\/post"}],"author":[{"embeddable":true,"href":"https:\/\/arbuti.com\/sk\/wp-json\/wp\/v2\/users\/1"}],"replies":[{"embeddable":true,"href":"https:\/\/arbuti.com\/sk\/wp-json\/wp\/v2\/comments?post=2202"}],"version-history":[{"count":16,"href":"https:\/\/arbuti.com\/sk\/wp-json\/wp\/v2\/posts\/2202\/revisions"}],"predecessor-version":[{"id":10965,"href":"https:\/\/arbuti.com\/sk\/wp-json\/wp\/v2\/posts\/2202\/revisions\/10965"}],"wp:featuredmedia":[{"embeddable":true,"href":"https:\/\/arbuti.com\/sk\/wp-json\/wp\/v2\/media\/3620"}],"wp:attachment":[{"href":"https:\/\/arbuti.com\/sk\/wp-json\/wp\/v2\/media?parent=2202"}],"wp:term":[{"taxonomy":"category","embeddable":true,"href":"https:\/\/arbuti.com\/sk\/wp-json\/wp\/v2\/categories?post=2202"},{"taxonomy":"post_tag","embeddable":true,"href":"https:\/\/arbuti.com\/sk\/wp-json\/wp\/v2\/tags?post=2202"}],"curies":[{"name":"wp","href":"https:\/\/api.w.org\/{rel}","templated":true}]}}