{"id":11888,"date":"2023-03-27T11:02:53","date_gmt":"2023-03-27T11:02:53","guid":{"rendered":"https:\/\/arbuti.com\/?p=11888"},"modified":"2025-04-01T06:54:44","modified_gmt":"2025-04-01T06:54:44","slug":"tagescreme","status":"publish","type":"post","link":"https:\/\/arbuti.com\/sk\/denny-krem\/","title":{"rendered":"Denn\u00fd kr\u00e9m"},"content":{"rendered":"<h1 class=\"wp-block-heading has-text-align-center\" id=\"h-die-10-besten-tagescremes-unser-testergebnis-fur-eine-gepflegte-und-strahlende-haut\">Die 10 besten Tagescremes &#8211; Unser Testergebnis f\u00fcr eine gepflegte und strahlende Haut<\/h1>\n\n\n\n<p class=\"has-text-align-center\">Dobr\u00fd denn\u00fd kr\u00e9m je d\u00f4le\u017eitou s\u00fa\u010das\u0165ou ka\u017edej kozmetickej rutiny. Hydratuje ple\u0165 a zabezpe\u010duje jej ochranu a starostlivos\u0165 po\u010das cel\u00e9ho d\u0148a. Ale ktor\u00e9 denn\u00e9 kr\u00e9my naozaj stoja za odpor\u00fa\u010danie? V na\u0161om sal\u00f3ne sme vykonali test a teraz v\u00e1m predstavujeme 10 najlep\u0161\u00edch denn\u00fdch kr\u00e9mov roka 2025.<\/p>\n\n\n\n\n\n\n<figure class=\"wp-block-image aligncenter size-large is-resized\"><a href=\"https:\/\/arbuti.com\/wp-content\/uploads\/2023\/03\/Tagescreme.jpg\"><img loading=\"lazy\" decoding=\"async\" width=\"1024\" height=\"797\" src=\"https:\/\/arbuti.com\/wp-content\/uploads\/2023\/03\/Tagescreme-1024x797.jpg\" alt=\"Denn\u00fd kr\u00e9m\" class=\"wp-image-11955\" style=\"aspect-ratio:1.285240464344942;width:803px;height:auto\" srcset=\"https:\/\/arbuti.com\/wp-content\/uploads\/2023\/03\/Tagescreme-1024x797.jpg 1024w, https:\/\/arbuti.com\/wp-content\/uploads\/2023\/03\/Tagescreme-300x234.jpg 300w, https:\/\/arbuti.com\/wp-content\/uploads\/2023\/03\/Tagescreme-768x598.jpg 768w, https:\/\/arbuti.com\/wp-content\/uploads\/2023\/03\/Tagescreme-15x12.jpg 15w, https:\/\/arbuti.com\/wp-content\/uploads\/2023\/03\/Tagescreme.jpg 1200w\" sizes=\"auto, (max-width: 1024px) 100vw, 1024px\" \/><\/a><\/figure>\n\n\n\n<h2 class=\"wp-block-heading\" id=\"h-die-top-10-tagescremes-im-test-2025\">Top 10 denn\u00fdch kr\u00e9mov v teste 2025<\/h2>\n\n\n\n<h3 class=\"wp-block-heading\">1. Platz: L&#8217;Oreal Paris Revitalift Filler Tagespflege<\/h3>\n\n\n\n<figure class=\"wp-block-image size-large is-resized\"><a href=\"https:\/\/amzn.to\/3Zo3r5g\" target=\"_blank\" rel=\"noreferrer noopener\"><img loading=\"lazy\" decoding=\"async\" width=\"1024\" height=\"723\" src=\"https:\/\/arbuti.com\/wp-content\/uploads\/2023\/03\/Tagescreme-1-1024x723.jpg\" alt=\"Denn\u00fd kr\u00e9m\" class=\"wp-image-11894\" style=\"width:436px;height:308px\" srcset=\"https:\/\/arbuti.com\/wp-content\/uploads\/2023\/03\/Tagescreme-1-1024x723.jpg 1024w, https:\/\/arbuti.com\/wp-content\/uploads\/2023\/03\/Tagescreme-1-300x212.jpg 300w, https:\/\/arbuti.com\/wp-content\/uploads\/2023\/03\/Tagescreme-1-768x542.jpg 768w, https:\/\/arbuti.com\/wp-content\/uploads\/2023\/03\/Tagescreme-1-18x12.jpg 18w, https:\/\/arbuti.com\/wp-content\/uploads\/2023\/03\/Tagescreme-1.jpg 1500w\" sizes=\"auto, (max-width: 1024px) 100vw, 1024px\" \/><\/a><\/figure>\n\n\n\n<p>Die L&#8217;Oreal Paris Revitalift Filler Tagespflege hat in unserem Test den ersten Platz belegt und ist somit die beste Tagescreme. Sie enth\u00e4lt eine einzigartige Kombination aus Hyalurons\u00e4ure und Fibroxyl, die dazu beitragen kann, die Haut zu pflegen, zu straffen und zu gl\u00e4tten. Hier sind einige weitere Informationen zu diesem Produkt:<\/p>\n\n\n\n<ul class=\"wp-block-list\">\n<li>Kyselina hyalur\u00f3nov\u00e1: Kyselina hyalur\u00f3nov\u00e1 je prirodzenou zlo\u017ekou spojivov\u00e9ho tkaniva a m\u00f4\u017ee pom\u00f4c\u0165 hydratova\u0165 a spevni\u0165 poko\u017eku. Denn\u00e1 starostlivos\u0165 obsahuje kyselinu hyalur\u00f3nov\u00fa vo vysokej koncentr\u00e1cii, ktor\u00e1 m\u00f4\u017ee pom\u00f4c\u0165 udr\u017ea\u0165 vlhkos\u0165 v poko\u017eke a podpori\u0165 tak hladk\u00fd a mladistv\u00fd vzh\u013ead pleti.<\/li>\n\n\n\n<li>Fibroxyl: Fibroxyl ist ein patentierter Wirkstoff von L&#8217;Oreal Paris, der die Haut strafft und gl\u00e4ttet. Er stimuliert die Kollagenproduktion und verbessert die Elastizit\u00e4t der Haut, wodurch Falten reduziert werden k\u00f6nnen. Fibroxyl wurde in klinischen Studien getestet und hat sich als wirksam erwiesen.<\/li>\n\n\n\n<li>Okam\u017eit\u00fd \u00fa\u010dinok: U\u017e po prvej aplik\u00e1cii m\u00f4\u017ee ple\u0165 vyzera\u0165 vidite\u013ene pevnej\u0161ia a hlad\u0161ia. Denn\u00e1 starostlivos\u0165 je \u00fa\u010dinn\u00e1 aj z dlhodob\u00e9ho h\u013eadiska a m\u00f4\u017ee pom\u00f4c\u0165 spomali\u0165 starnutie pleti.<\/li>\n\n\n\n<li>Kompatibilita: Denn\u00e1 starostlivos\u0165 je vhodn\u00e1 pre v\u0161etky typy pleti vr\u00e1tane citlivej. Neobsahuje parab\u00e9ny a bola dermatologicky testovan\u00e1, aby sa zabezpe\u010dila jej kompatibilita.<\/li>\n\n\n\n<li>Pou\u017eitie: R\u00e1no naneste denn\u00fa starostlivos\u0165 na o\u010disten\u00fa tv\u00e1r a krk. Jemne ju vmas\u00edrujte, k\u00fdm sa \u00faplne nevstrebe. Denn\u00e1 starostlivos\u0165 je vhodn\u00e1 aj ako podklad pod make-up a m\u00f4\u017ee sa pou\u017e\u00edva\u0165 denne.<\/li>\n<\/ul>\n\n\n\n<p>Insgesamt bietet die L&#8217;Oreal Paris Revitalift Filler Tagespflege eine wirksame Pflege f\u00fcr die Haut, die Feuchtigkeit spendet, strafft und gl\u00e4ttet. Durch ihre einzigartige Kombination aus Hyalurons\u00e4ure und Fibroxyl kann sie dazu beitragen, ein jugendliches Hautbild zu f\u00f6rdern und Falten zu reduzieren. Aus diesen Gr\u00fcnden haben wir die L&#8217;Oreal Paris Revitalift Filler Tagespflege als unseren Testsieger ausgew\u00e4hlt.<\/p>\n\n\n\n<div class=\"wp-block-buttons is-layout-flex wp-block-buttons-is-layout-flex\">\n<div class=\"wp-block-button\"><a class=\"wp-block-button__link wp-element-button\" href=\"https:\/\/amzn.to\/3Zo3r5g\" target=\"_blank\" rel=\"noreferrer noopener\">O produkte<\/a><\/div>\n<\/div>\n\n\n\n<hr class=\"wp-block-separator has-alpha-channel-opacity is-style-wide\"\/>\n\n\n\n<div style=\"height:58px\" aria-hidden=\"true\" class=\"wp-block-spacer\"><\/div>\n\n\n\n<h3 class=\"wp-block-heading\">2. miesto: Nivea Q10 Power Day Care<\/h3>\n\n\n\n<figure class=\"wp-block-image size-full is-resized\"><a href=\"https:\/\/amzn.to\/3Mbuiif\" target=\"_blank\" rel=\"noreferrer noopener\"><img loading=\"lazy\" decoding=\"async\" width=\"769\" height=\"483\" src=\"https:\/\/arbuti.com\/wp-content\/uploads\/2023\/03\/Tagescreme-2.jpg\" alt=\"Denn\u00fd kr\u00e9m\" class=\"wp-image-11895\" style=\"width:385px;height:242px\" srcset=\"https:\/\/arbuti.com\/wp-content\/uploads\/2023\/03\/Tagescreme-2.jpg 769w, https:\/\/arbuti.com\/wp-content\/uploads\/2023\/03\/Tagescreme-2-300x188.jpg 300w, https:\/\/arbuti.com\/wp-content\/uploads\/2023\/03\/Tagescreme-2-18x12.jpg 18w, https:\/\/arbuti.com\/wp-content\/uploads\/2023\/03\/Tagescreme-2-320x200.jpg 320w\" sizes=\"auto, (max-width: 769px) 100vw, 769px\" \/><\/a><\/figure>\n\n\n\n<p>Nivea Q10 Power Day Care sa v na\u0161om teste umiestnila na druhom mieste. Kr\u00e9m obsahuje Q10 a kreat\u00edn, ktor\u00e9 vyhladzuj\u00fa a vyp\u00ednaj\u00fa ple\u0165. Kr\u00e9m sa r\u00fdchlo vstreb\u00e1va a poskytuje dlhotrvaj\u00facu hydrat\u00e1ciu.<\/p>\n\n\n\n<div class=\"wp-block-buttons is-layout-flex wp-block-buttons-is-layout-flex\">\n<div class=\"wp-block-button\"><a class=\"wp-block-button__link wp-element-button\" href=\"https:\/\/amzn.to\/3Mbuiif\" target=\"_blank\" rel=\"noreferrer noopener\">O produkte<\/a><\/div>\n<\/div>\n\n\n\n<hr class=\"wp-block-separator has-alpha-channel-opacity is-style-wide\"\/>\n\n\n\n<div style=\"height:58px\" aria-hidden=\"true\" class=\"wp-block-spacer\"><\/div>\n\n\n\n<h3 class=\"wp-block-heading\">3. Platz: L&#8217;Oreal Paris Hydra Active 3 Tagespflege<\/h3>\n\n\n\n<figure class=\"wp-block-image size-large is-resized\"><a href=\"https:\/\/amzn.to\/3z9j6uB\" target=\"_blank\" rel=\"noreferrer noopener\"><img loading=\"lazy\" decoding=\"async\" width=\"1024\" height=\"855\" src=\"https:\/\/arbuti.com\/wp-content\/uploads\/2023\/03\/Tagescreme-33-1024x855.jpg\" alt=\"Denn\u00fd kr\u00e9m\" class=\"wp-image-11908\" style=\"width:401px;height:335px\" srcset=\"https:\/\/arbuti.com\/wp-content\/uploads\/2023\/03\/Tagescreme-33-1024x855.jpg 1024w, https:\/\/arbuti.com\/wp-content\/uploads\/2023\/03\/Tagescreme-33-300x250.jpg 300w, https:\/\/arbuti.com\/wp-content\/uploads\/2023\/03\/Tagescreme-33-768x641.jpg 768w, https:\/\/arbuti.com\/wp-content\/uploads\/2023\/03\/Tagescreme-33-14x12.jpg 14w, https:\/\/arbuti.com\/wp-content\/uploads\/2023\/03\/Tagescreme-33.jpg 1500w\" sizes=\"auto, (max-width: 1024px) 100vw, 1024px\" \/><\/a><\/figure>\n\n\n\n<p>Die L&#8217;Oreal Paris Hydra Active 3 Tagespflege belegt den dritten Platz in unserem Test. Die Creme enth\u00e4lt Glycerin, das Feuchtigkeit spendet, sowie Vitamin E, das die Haut pflegt und sch\u00fctzt. Die Creme zieht schnell ein und hinterl\u00e4sst ein angenehmes Hautgef\u00fchl.<\/p>\n\n\n\n<div class=\"wp-block-buttons is-layout-flex wp-block-buttons-is-layout-flex\">\n<div class=\"wp-block-button\"><a class=\"wp-block-button__link wp-element-button\" href=\"https:\/\/amzn.to\/3z9j6uB\" target=\"_blank\" rel=\"noreferrer noopener\">O produkte<\/a><\/div>\n<\/div>\n\n\n\n<hr class=\"wp-block-separator has-alpha-channel-opacity is-style-wide\"\/>\n\n\n\n<div style=\"height:58px\" aria-hidden=\"true\" class=\"wp-block-spacer\"><\/div>\n\n\n\n<h3 class=\"wp-block-heading\">4. miesto: Denn\u00fd kr\u00e9m Garnier Essentials<\/h3>\n\n\n\n<figure class=\"wp-block-image size-large is-resized\"><a href=\"https:\/\/amzn.to\/3z5vqw1\" target=\"_blank\" rel=\"noreferrer noopener\"><img loading=\"lazy\" decoding=\"async\" width=\"956\" height=\"1024\" src=\"https:\/\/arbuti.com\/wp-content\/uploads\/2023\/03\/Tagescreme-4-956x1024.jpg\" alt=\"Denn\u00fd kr\u00e9m\" class=\"wp-image-11897\" style=\"width:323px;height:345px\" srcset=\"https:\/\/arbuti.com\/wp-content\/uploads\/2023\/03\/Tagescreme-4-956x1024.jpg 956w, https:\/\/arbuti.com\/wp-content\/uploads\/2023\/03\/Tagescreme-4-280x300.jpg 280w, https:\/\/arbuti.com\/wp-content\/uploads\/2023\/03\/Tagescreme-4-768x823.jpg 768w, https:\/\/arbuti.com\/wp-content\/uploads\/2023\/03\/Tagescreme-4-11x12.jpg 11w, https:\/\/arbuti.com\/wp-content\/uploads\/2023\/03\/Tagescreme-4.jpg 1400w\" sizes=\"auto, (max-width: 956px) 100vw, 956px\" \/><\/a><\/figure>\n\n\n\n<p>Denn\u00e1 starostlivos\u0165 Garnier Essentials Day Cream sa v na\u0161om teste umiestnila na \u0161tvrtom mieste. Kr\u00e9m obsahuje v\u00fd\u0165a\u017eok z gran\u00e1tov\u00e9ho jablka, ktor\u00fd ple\u0165 hydratuje, a vitam\u00edn C, ktor\u00fd ple\u0165 vyp\u00edna a vyhladzuje. Kr\u00e9m sa r\u00fdchlo vstreb\u00e1va a zanech\u00e1va na pleti pr\u00edjemn\u00fd pocit.<\/p>\n\n\n\n<div class=\"wp-block-buttons is-layout-flex wp-block-buttons-is-layout-flex\">\n<div class=\"wp-block-button\"><a class=\"wp-block-button__link wp-element-button\" href=\"https:\/\/amzn.to\/3z5vqw1\" target=\"_blank\" rel=\"noreferrer noopener\">O produkte<\/a><\/div>\n<\/div>\n\n\n\n<hr class=\"wp-block-separator has-alpha-channel-opacity is-style-wide\"\/>\n\n\n\n<div style=\"height:58px\" aria-hidden=\"true\" class=\"wp-block-spacer\"><\/div>\n\n\n\n<h3 class=\"wp-block-heading\">5. Platz: L&#8217;Oreal Paris Age Perfect Extra-Reichhaltig Tagespflege<\/h3>\n\n\n\n<figure class=\"wp-block-image size-large is-resized\"><a href=\"https:\/\/amzn.to\/3lK5Mtv\" target=\"_blank\" rel=\"noreferrer noopener\"><img loading=\"lazy\" decoding=\"async\" width=\"1024\" height=\"862\" src=\"https:\/\/arbuti.com\/wp-content\/uploads\/2023\/03\/Tagescreme-5-1024x862.jpg\" alt=\"Denn\u00fd kr\u00e9m\" class=\"wp-image-11898\" style=\"width:346px;height:292px\" srcset=\"https:\/\/arbuti.com\/wp-content\/uploads\/2023\/03\/Tagescreme-5-1024x862.jpg 1024w, https:\/\/arbuti.com\/wp-content\/uploads\/2023\/03\/Tagescreme-5-300x253.jpg 300w, https:\/\/arbuti.com\/wp-content\/uploads\/2023\/03\/Tagescreme-5-768x647.jpg 768w, https:\/\/arbuti.com\/wp-content\/uploads\/2023\/03\/Tagescreme-5-14x12.jpg 14w, https:\/\/arbuti.com\/wp-content\/uploads\/2023\/03\/Tagescreme-5.jpg 1500w\" sizes=\"auto, (max-width: 1024px) 100vw, 1024px\" \/><\/a><\/figure>\n\n\n\n<p>Die L&#8217;Oreal Paris Age Perfect Extra-Reichhaltig Tagespflege belegt den f\u00fcnften Platz in unserem Test. Die Creme enth\u00e4lt Calcium, das die Haut st\u00e4rkt und festigt, sowie Bienenwachs, das die Haut pflegt und sch\u00fctzt. Die Creme zieht schnell ein und hinterl\u00e4sst ein angenehmes Hautgef\u00fchl.<\/p>\n\n\n\n<div class=\"wp-block-buttons is-layout-flex wp-block-buttons-is-layout-flex\">\n<div class=\"wp-block-button\"><a class=\"wp-block-button__link wp-element-button\" href=\"https:\/\/amzn.to\/3lK5Mtv\" target=\"_blank\" rel=\"noreferrer noopener\">O produkte<\/a><\/div>\n<\/div>\n\n\n\n<hr class=\"wp-block-separator has-alpha-channel-opacity is-style-wide\"\/>\n\n\n\n<div style=\"height:58px\" aria-hidden=\"true\" class=\"wp-block-spacer\"><\/div>\n\n\n\n<h3 class=\"wp-block-heading\">6. miesto: Neutrogena Hydro Boost Aqua Gel<\/h3>\n\n\n\n<figure class=\"wp-block-image size-full is-resized\"><a href=\"https:\/\/amzn.to\/3FRMNny\" target=\"_blank\" rel=\"noreferrer noopener\"><img loading=\"lazy\" decoding=\"async\" width=\"539\" height=\"619\" src=\"https:\/\/arbuti.com\/wp-content\/uploads\/2023\/03\/Tagescreme-66.jpg\" alt=\"Denn\u00fd kr\u00e9m\" class=\"wp-image-11906\" style=\"width:326px;height:374px\" srcset=\"https:\/\/arbuti.com\/wp-content\/uploads\/2023\/03\/Tagescreme-66.jpg 539w, https:\/\/arbuti.com\/wp-content\/uploads\/2023\/03\/Tagescreme-66-261x300.jpg 261w, https:\/\/arbuti.com\/wp-content\/uploads\/2023\/03\/Tagescreme-66-10x12.jpg 10w\" sizes=\"auto, (max-width: 539px) 100vw, 539px\" \/><\/a><\/figure>\n\n\n\n<p>Neutrogena Hydro Boost Aqua Gel sa v na\u0161om teste umiestnil na \u0161iestom mieste. Kr\u00e9m obsahuje kyselinu hyalur\u00f3nov\u00fa, ktor\u00e1 ple\u0165 hydratuje, a glycer\u00edn, ktor\u00fd ple\u0165 vy\u017eivuje a chr\u00e1ni. Kr\u00e9m sa r\u00fdchlo vstreb\u00e1va a zanech\u00e1va na pleti pr\u00edjemn\u00fd pocit.<\/p>\n\n\n\n<div class=\"wp-block-buttons is-layout-flex wp-block-buttons-is-layout-flex\">\n<div class=\"wp-block-button\"><a class=\"wp-block-button__link wp-element-button\" href=\"https:\/\/amzn.to\/3FRMNny\" target=\"_blank\" rel=\"noreferrer noopener\">O produkte<\/a><\/div>\n<\/div>\n\n\n\n<hr class=\"wp-block-separator has-alpha-channel-opacity is-style-wide\"\/>\n\n\n\n<div style=\"height:58px\" aria-hidden=\"true\" class=\"wp-block-spacer\"><\/div>\n\n\n\n<h3 class=\"wp-block-heading\">7. miesto: Olaz Total Effects 7-in-1 Day Care<\/h3>\n\n\n\n<figure class=\"wp-block-image size-large is-resized\"><a href=\"https:\/\/amzn.to\/3LYZKA9\" target=\"_blank\" rel=\"noreferrer noopener\"><img loading=\"lazy\" decoding=\"async\" width=\"1024\" height=\"810\" src=\"https:\/\/arbuti.com\/wp-content\/uploads\/2023\/03\/Tagescreme-77-1024x810.jpg\" alt=\"Test denn\u00e9ho kr\u00e9mu\" class=\"wp-image-11909\" style=\"width:362px;height:286px\" srcset=\"https:\/\/arbuti.com\/wp-content\/uploads\/2023\/03\/Tagescreme-77-1024x810.jpg 1024w, https:\/\/arbuti.com\/wp-content\/uploads\/2023\/03\/Tagescreme-77-300x237.jpg 300w, https:\/\/arbuti.com\/wp-content\/uploads\/2023\/03\/Tagescreme-77-768x608.jpg 768w, https:\/\/arbuti.com\/wp-content\/uploads\/2023\/03\/Tagescreme-77-15x12.jpg 15w, https:\/\/arbuti.com\/wp-content\/uploads\/2023\/03\/Tagescreme-77.jpg 1500w\" sizes=\"auto, (max-width: 1024px) 100vw, 1024px\" \/><\/a><\/figure>\n\n\n\n<p>Olaz Total Effects 7-in-1 Day Care sa v na\u0161om teste umiestnil na siedmom mieste. Kr\u00e9m obsahuje niac\u00ednamid, ktor\u00fd zlep\u0161uje \u0161trukt\u00faru pleti, a provitam\u00edn B5, ktor\u00fd ple\u0165 hydratuje. Kr\u00e9m sa r\u00fdchlo vstreb\u00e1va a zanech\u00e1va na pleti pr\u00edjemn\u00fd pocit.<\/p>\n\n\n\n<div class=\"wp-block-buttons is-layout-flex wp-block-buttons-is-layout-flex\">\n<div class=\"wp-block-button\"><a class=\"wp-block-button__link wp-element-button\" href=\"https:\/\/amzn.to\/3LYZKA9\" target=\"_blank\" rel=\"noreferrer noopener\">O produkte<\/a><\/div>\n<\/div>\n\n\n\n<hr class=\"wp-block-separator has-alpha-channel-opacity is-style-wide\"\/>\n\n\n\n<div style=\"height:58px\" aria-hidden=\"true\" class=\"wp-block-spacer\"><\/div>\n\n\n\n<h3 class=\"wp-block-heading\">8. miesto: La Roche-Posay Hyalu B5 Day Care<\/h3>\n\n\n\n<figure class=\"wp-block-image size-full is-resized\"><a href=\"https:\/\/amzn.to\/3JFCJiA\" target=\"_blank\" rel=\"noreferrer noopener\"><img loading=\"lazy\" decoding=\"async\" width=\"1000\" height=\"1000\" src=\"https:\/\/arbuti.com\/wp-content\/uploads\/2023\/03\/Tagescreme-8.jpg\" alt=\"Test denn\u00e9ho kr\u00e9mu\" class=\"wp-image-11902\" style=\"width:437px;height:437px\" srcset=\"https:\/\/arbuti.com\/wp-content\/uploads\/2023\/03\/Tagescreme-8.jpg 1000w, https:\/\/arbuti.com\/wp-content\/uploads\/2023\/03\/Tagescreme-8-300x300.jpg 300w, https:\/\/arbuti.com\/wp-content\/uploads\/2023\/03\/Tagescreme-8-150x150.jpg 150w, https:\/\/arbuti.com\/wp-content\/uploads\/2023\/03\/Tagescreme-8-768x768.jpg 768w, https:\/\/arbuti.com\/wp-content\/uploads\/2023\/03\/Tagescreme-8-12x12.jpg 12w, https:\/\/arbuti.com\/wp-content\/uploads\/2023\/03\/Tagescreme-8-65x65.jpg 65w\" sizes=\"auto, (max-width: 1000px) 100vw, 1000px\" \/><\/a><\/figure>\n\n\n\n<p>Denn\u00e1 starostlivos\u0165 La Roche-Posay Hyalu B5 sa v na\u0161om teste umiestnila na \u00f4smom mieste. Kr\u00e9m obsahuje kyselinu hyalur\u00f3nov\u00fa a vitam\u00edn B5, ktor\u00e9 hydratuj\u00fa ple\u0165 a zlep\u0161uj\u00fa jej \u0161trukt\u00faru. Kr\u00e9m sa r\u00fdchlo vstreb\u00e1va a zanech\u00e1va na pleti pr\u00edjemn\u00fd pocit.<\/p>\n\n\n\n<div class=\"wp-block-buttons is-layout-flex wp-block-buttons-is-layout-flex\">\n<div class=\"wp-block-button\"><a class=\"wp-block-button__link wp-element-button\" href=\"https:\/\/amzn.to\/3JFCJiA\" target=\"_blank\" rel=\"noreferrer noopener\">O produkte<\/a><\/div>\n<\/div>\n\n\n\n<hr class=\"wp-block-separator has-alpha-channel-opacity is-style-wide\"\/>\n\n\n\n<div style=\"height:58px\" aria-hidden=\"true\" class=\"wp-block-spacer\"><\/div>\n\n\n\n<h3 class=\"wp-block-heading\">9. Platz: L&#8217;Oreal Paris Age Perfect Zell-Renaissance Tagespflege<\/h3>\n\n\n\n<figure class=\"wp-block-image size-large is-resized\"><a href=\"https:\/\/amzn.to\/3KadwOK\" target=\"_blank\" rel=\"noreferrer noopener\"><img loading=\"lazy\" decoding=\"async\" width=\"1024\" height=\"663\" src=\"https:\/\/arbuti.com\/wp-content\/uploads\/2023\/03\/Tagescreme-9-1024x663.jpg\" alt=\"Test denn\u00e9ho kr\u00e9mu\" class=\"wp-image-11903\" style=\"width:471px;height:305px\" srcset=\"https:\/\/arbuti.com\/wp-content\/uploads\/2023\/03\/Tagescreme-9-1024x663.jpg 1024w, https:\/\/arbuti.com\/wp-content\/uploads\/2023\/03\/Tagescreme-9-300x194.jpg 300w, https:\/\/arbuti.com\/wp-content\/uploads\/2023\/03\/Tagescreme-9-768x497.jpg 768w, https:\/\/arbuti.com\/wp-content\/uploads\/2023\/03\/Tagescreme-9-18x12.jpg 18w, https:\/\/arbuti.com\/wp-content\/uploads\/2023\/03\/Tagescreme-9.jpg 1500w\" sizes=\"auto, (max-width: 1024px) 100vw, 1024px\" \/><\/a><\/figure>\n\n\n\n<p>Die L&#8217;Oreal Paris Age Perfect Zell-Renaissance Tagespflege belegt den neunten Platz in unserem Test. Die Creme enth\u00e4lt Tr\u00e4nenbaum-Extrakt, der die Haut strafft und festigt, sowie Pro-Calcium, das die Haut st\u00e4rkt und regeneriert. Die Creme zieht schnell ein und hinterl\u00e4sst ein angenehmes Hautgef\u00fchl.<\/p>\n\n\n\n<div class=\"wp-block-buttons is-layout-flex wp-block-buttons-is-layout-flex\">\n<div class=\"wp-block-button\"><a class=\"wp-block-button__link wp-element-button\" href=\"https:\/\/amzn.to\/3KadwOK\" target=\"_blank\" rel=\"noreferrer noopener\">O produkte<\/a><\/div>\n<\/div>\n\n\n\n<hr class=\"wp-block-separator has-alpha-channel-opacity is-style-wide\"\/>\n\n\n\n<div style=\"height:58px\" aria-hidden=\"true\" class=\"wp-block-spacer\"><\/div>\n\n\n\n<h3 class=\"wp-block-heading\">10. miesto: Bioderma Hydrabio Gel Cream<\/h3>\n\n\n\n<figure class=\"wp-block-image size-full is-resized\"><a href=\"https:\/\/amzn.to\/3lHo4M7\" target=\"_blank\" rel=\"noreferrer noopener\"><img loading=\"lazy\" decoding=\"async\" width=\"590\" height=\"1000\" src=\"https:\/\/arbuti.com\/wp-content\/uploads\/2023\/03\/Tagescreme-10.jpg\" alt=\"Test denn\u00e9ho kr\u00e9mu\" class=\"wp-image-11905\" style=\"width:299px;height:507px\" srcset=\"https:\/\/arbuti.com\/wp-content\/uploads\/2023\/03\/Tagescreme-10.jpg 590w, https:\/\/arbuti.com\/wp-content\/uploads\/2023\/03\/Tagescreme-10-177x300.jpg 177w, https:\/\/arbuti.com\/wp-content\/uploads\/2023\/03\/Tagescreme-10-7x12.jpg 7w\" sizes=\"auto, (max-width: 590px) 100vw, 590px\" \/><\/a><\/figure>\n\n\n\n<p>Bioderma Hydrabio Gel Cream sa v na\u0161om teste umiestnil na desiatom mieste. Kr\u00e9m obsahuje kyselinu salicylov\u00fa, ktor\u00e1 zbavuje ple\u0165 odumret\u00fdch ko\u017en\u00fdch buniek, a vitam\u00edn E, ktor\u00fd ple\u0165 vy\u017eivuje a chr\u00e1ni. Kr\u00e9m sa r\u00fdchlo vstreb\u00e1va a zanech\u00e1va na pleti pr\u00edjemn\u00fd pocit.<\/p>\n\n\n\n<div class=\"wp-block-buttons is-layout-flex wp-block-buttons-is-layout-flex\">\n<div class=\"wp-block-button\"><a class=\"wp-block-button__link wp-element-button\" href=\"https:\/\/amzn.to\/3lHo4M7\" target=\"_blank\" rel=\"noreferrer noopener\">O produkte<\/a><\/div>\n<\/div>\n\n\n\n<hr class=\"wp-block-separator has-alpha-channel-opacity is-style-wide\"\/>\n\n\n\n<div style=\"height:58px\" aria-hidden=\"true\" class=\"wp-block-spacer\"><\/div>\n\n\n\n<h2 class=\"wp-block-heading\">Z\u00e1ver<\/h2>\n\n\n\n<p>Unser Test hat gezeigt, dass es viele gute Tagescremes auf dem Markt gibt, die f\u00fcr jeden Hauttyp geeignet sind. Die L&#8217;Oreal Paris Revitalift Filler Tagespflege hat dabei den ersten Platz belegt, gefolgt von der Nivea Q10 Power Tagespflege und der L&#8217;Oreal Paris Hydra Active 3 Tagespflege. Alle Produkte haben gezeigt, dass sie die Haut mit Feuchtigkeit versorgen und pflegen, sowie straffen und gl\u00e4tten k\u00f6nnen.<\/p>\n\n\n\n<h2 class=\"wp-block-heading\">Worauf Sie bei der Wahl Ihrer Tagescreme achten sollten &#8211; Tipps f\u00fcr eine optimale Hautpflege<\/h2>\n\n\n\n<p>V\u00fdber spr\u00e1vneho denn\u00e9ho kr\u00e9mu je rozhoduj\u00faci pre dobre upraven\u00fa a \u017eiariv\u00fa ple\u0165. Ak\u00e9 faktory by ste v\u0161ak mali pri v\u00fdbere zoh\u013eadni\u0165?<\/p>\n\n\n\n<ol class=\"wp-block-list\">\n<li><strong>Typ pleti:<\/strong> Ka\u017ed\u00fd typ pleti m\u00e1 individu\u00e1lne potreby. Je d\u00f4le\u017eit\u00e9 vybra\u0165 si denn\u00fd kr\u00e9m, ktor\u00fd je prisp\u00f4soben\u00fd \u0161pecifick\u00fdm potreb\u00e1m pleti. Napr\u00edklad such\u00e1 ple\u0165 potrebuje hydrata\u010dn\u00fd denn\u00fd kr\u00e9m, zatia\u013e \u010do mastn\u00e1 ple\u0165 potrebuje \u013eahk\u00e9 zlo\u017eenie.<\/li>\n\n\n\n<li><strong>Zlo\u017eenie:<\/strong> D\u00f4le\u017eit\u00e9 s\u00fa aj zlo\u017eky denn\u00e9ho kr\u00e9mu. Uistite sa, \u017ee neobsahuje \u017eiadne dr\u00e1\u017ediv\u00e9 alebo \u0161kodliv\u00e9 zlo\u017eky. Ob\u013e\u00faben\u00fdmi zlo\u017ekami, ktor\u00e9 m\u00f4\u017eu podpori\u0165 starostlivos\u0165 o ple\u0165, s\u00fa napr\u00edklad kyselina hyalur\u00f3nov\u00e1 a antioxidanty, ako s\u00fa vitam\u00edny C a E.<\/li>\n\n\n\n<li><strong>Ochrana pred slnkom:<\/strong> Denn\u00e9 kr\u00e9my s integrovanou ochranou proti slnku pom\u00e1haj\u00fa chr\u00e1ni\u0165 poko\u017eku pred \u0161kodliv\u00fdm UV \u017eiaren\u00edm. Uistite sa, \u017ee m\u00e1te dostato\u010dn\u00fd ochrann\u00fd faktor proti slne\u010dn\u00e9mu \u017eiareniu (SPF) aspo\u0148 30 a ka\u017ed\u00fd de\u0148 nan\u00e1\u0161ajte denn\u00fd kr\u00e9m, aby ste ochr\u00e1nili poko\u017eku pred pred\u010dasn\u00fdm starnut\u00edm.<\/li>\n\n\n\n<li><strong>Text\u00fara:<\/strong> Text\u00fara denn\u00e9ho kr\u00e9mu by mala by\u0165 pr\u00edjemn\u00e1 a r\u00fdchlo sa vstreb\u00e1va\u0165 bez toho, aby na pleti zanech\u00e1vala lepkav\u00fd alebo mastn\u00fd pocit. Napr\u00edklad \u013eahk\u00e1 g\u00e9lov\u00e1 text\u00fara je vhodn\u00e1 pre mastn\u00fa ple\u0165, zatia\u013e \u010do bohat\u0161ie kr\u00e9my s\u00fa vhodnej\u0161ie pre such\u00fa ple\u0165.<\/li>\n\n\n\n<li><strong>Kompatibilita:<\/strong> Denn\u00fd kr\u00e9m by mal by\u0165 tie\u017e dobre zn\u00e1\u0161an\u00fd a nemal by sp\u00f4sobova\u0165 podr\u00e1\u017edenie poko\u017eky alebo alergick\u00e9 reakcie. Ak m\u00e1te citliv\u00fa ple\u0165, vyberte si denn\u00fd kr\u00e9m, ktor\u00fd je \u0161peci\u00e1lne vyvinut\u00fd pre citliv\u00fa ple\u0165 a neobsahuje dr\u00e1\u017ediv\u00e9 zlo\u017eky.<\/li>\n<\/ol>\n\n\n\n<p>Zv\u00e1\u017een\u00edm t\u00fdchto faktorov m\u00f4\u017eete n\u00e1js\u0165 ten spr\u00e1vny denn\u00fd kr\u00e9m pre svoju ple\u0165 a dosiahnu\u0165 optim\u00e1lnu starostlivos\u0165 o ple\u0165. Pravideln\u00e9 pou\u017e\u00edvanie denn\u00e9ho kr\u00e9mu m\u00f4\u017ee pom\u00f4c\u0165 spomali\u0165 starnutie pleti, vy\u017eivova\u0165 ple\u0165 a podpori\u0165 jej \u017eiariv\u00fd vzh\u013ead.<\/p>\n\n\n\n<h2 class=\"wp-block-heading\">Ot\u00e1zky a odpovede<\/h2>\n\n\n\t\t<section\t\tclass=\"sc_fs_faq sc_card\"\n\t\t\t\t>\n\t\t\t\t<h3>Ako \u010dasto by som mal pou\u017e\u00edva\u0165 denn\u00fd kr\u00e9m?<\/h3>\t\t\t\t<div>\n\t\t\t\t\t\t<div class=\"sc_fs_faq__content\">\n\t\t\t\t\n\n<p>Denn\u00fd kr\u00e9m by sa mal nan\u00e1\u0161a\u0165 r\u00e1no po o\u010disten\u00ed pleti.<\/p>\n\n\t\t\t<\/div>\n\t\t<\/div>\n\t\t<\/section>\n\t\t\t\t<section\t\tclass=\"sc_fs_faq sc_card\"\n\t\t\t\t>\n\t\t\t\t<h3>M\u00f4\u017eem pou\u017e\u00edva\u0165 denn\u00fd kr\u00e9m aj ako no\u010dn\u00fd kr\u00e9m?<\/h3>\t\t\t\t<div>\n\t\t\t\t\t\t<div class=\"sc_fs_faq__content\">\n\t\t\t\t\n\n<p>Neodpor\u00fa\u010da sa pou\u017e\u00edva\u0165 denn\u00fd kr\u00e9m ako <a href=\"https:\/\/arbuti.com\/sk\/nocny-krem\/\">No\u010dn\u00fd kr\u00e9m<\/a> pou\u017e\u00edva\u0165, preto\u017ee je ur\u010den\u00fd na de\u0148 a nie na regener\u00e1ciu poko\u017eky po\u010das noci.<\/p>\n\n\t\t\t<\/div>\n\t\t<\/div>\n\t\t<\/section>\n\t\t\t\t<section\t\tclass=\"sc_fs_faq sc_card\"\n\t\t\t\t>\n\t\t\t\t<h3>M\u00f4\u017eem pou\u017e\u00edva\u0165 denn\u00fd kr\u00e9m pod make-up?<\/h3>\t\t\t\t<div>\n\t\t\t\t\t\t<div class=\"sc_fs_faq__content\">\n\t\t\t\t\n\n<p>\u00c1no, denn\u00fd kr\u00e9m funguje ako podklad pod make-up a m\u00f4\u017ee pom\u00f4c\u0165 dosiahnu\u0165 hladk\u00fa a rovnomern\u00fa \u0161trukt\u00faru pleti.<\/p>\n\n\t\t\t<\/div>\n\t\t<\/div>\n\t\t<\/section>\n\t\t\n<script type=\"application\/ld+json\">{\n    \"@context\": \"https:\\\/\\\/schema.org\",\n    \"@type\": \"FAQPage\",\n    \"mainEntity\": [\n        {\n            \"@type\": \"Question\",\n            \"name\": \"Wie oft sollte ich eine Tagescreme auftragen?\",\n            \"acceptedAnswer\": {\n                \"@type\": \"Answer\",\n                \"text\": \"<p>Eine Tagescreme sollte morgens nach der Reinigung aufgetragen werden.<\\\/p>\"\n            }\n        },\n        {\n            \"@type\": \"Question\",\n            \"name\": \"Kann ich eine Tagescreme auch als Nachtcreme verwenden?\",\n            \"acceptedAnswer\": {\n                \"@type\": \"Answer\",\n                \"text\": \"<p>Es ist nicht empfehlenswert, eine Tagescreme als Nachtcreme zu verwenden, da sie f\\u00fcr den Tag konzipiert ist und nicht f\\u00fcr die Regeneration der Haut w\\u00e4hrend der Nacht.<\\\/p>\"\n            }\n        },\n        {\n            \"@type\": \"Question\",\n            \"name\": \"Kann ich eine Tagescreme auch unter Make-up tragen?\",\n            \"acceptedAnswer\": {\n                \"@type\": \"Answer\",\n                \"text\": \"<p>Ja, eine Tagescreme eignet sich gut als Basis f\\u00fcr Make-up und kann helfen, ein glattes und ebenm\\u00e4\\u00dfiges Hautbild zu erzielen.<\\\/p>\"\n            }\n        }\n    ]\n}<\/script>","protected":false},"excerpt":{"rendered":"<p>Die 10 besten Tagescremes &#8211; Unser Testergebnis f\u00fcr eine gepflegte und strahlende Haut Eine gute Tagescreme ist ein wichtiger Bestandteil [&hellip;]<\/p>","protected":false},"author":6,"featured_media":11955,"comment_status":"closed","ping_status":"open","sticky":false,"template":"","format":"standard","meta":{"ub_ctt_via":"","_uag_custom_page_level_css":"","site-sidebar-layout":"default","site-content-layout":"","ast-site-content-layout":"default","site-content-style":"default","site-sidebar-style":"default","ast-global-header-display":"","ast-banner-title-visibility":"","ast-main-header-display":"","ast-hfb-above-header-display":"","ast-hfb-below-header-display":"","ast-hfb-mobile-header-display":"","site-post-title":"","ast-breadcrumbs-content":"","ast-featured-img":"","footer-sml-layout":"","theme-transparent-header-meta":"","adv-header-id-meta":"","stick-header-meta":"","header-above-stick-meta":"","header-main-stick-meta":"","header-below-stick-meta":"","astra-migrate-meta-layouts":"set","ast-page-background-enabled":"default","ast-page-background-meta":{"desktop":{"background-color":"","background-image":"","background-repeat":"repeat","background-position":"center center","background-size":"auto","background-attachment":"scroll","background-type":"","background-media":"","overlay-type":"","overlay-color":"","overlay-opacity":"","overlay-gradient":""},"tablet":{"background-color":"","background-image":"","background-repeat":"repeat","background-position":"center center","background-size":"auto","background-attachment":"scroll","background-type":"","background-media":"","overlay-type":"","overlay-color":"","overlay-opacity":"","overlay-gradient":""},"mobile":{"background-color":"","background-image":"","background-repeat":"repeat","background-position":"center center","background-size":"auto","background-attachment":"scroll","background-type":"","background-media":"","overlay-type":"","overlay-color":"","overlay-opacity":"","overlay-gradient":""}},"ast-content-background-meta":{"desktop":{"background-color":"var(--ast-global-color-5)","background-image":"","background-repeat":"repeat","background-position":"center center","background-size":"auto","background-attachment":"scroll","background-type":"","background-media":"","overlay-type":"","overlay-color":"","overlay-opacity":"","overlay-gradient":""},"tablet":{"background-color":"var(--ast-global-color-5)","background-image":"","background-repeat":"repeat","background-position":"center center","background-size":"auto","background-attachment":"scroll","background-type":"","background-media":"","overlay-type":"","overlay-color":"","overlay-opacity":"","overlay-gradient":""},"mobile":{"background-color":"var(--ast-global-color-5)","background-image":"","background-repeat":"repeat","background-position":"center center","background-size":"auto","background-attachment":"scroll","background-type":"","background-media":"","overlay-type":"","overlay-color":"","overlay-opacity":"","overlay-gradient":""}},"footnotes":""},"categories":[6318],"tags":[],"class_list":["post-11888","post","type-post","status-publish","format-standard","has-post-thumbnail","hentry","category-kosmetik"],"featured_image_src":"https:\/\/arbuti.com\/wp-content\/uploads\/2023\/03\/Tagescreme.jpg","author_info":{"display_name":"A. Gladon","author_link":"https:\/\/arbuti.com\/sk\/author\/a-gladon\/"},"yoast_head":"<!-- This site is optimized with the Yoast SEO Premium plugin v25.3 (Yoast SEO v25.3) - https:\/\/yoast.com\/wordpress\/plugins\/seo\/ -->\n<title>Die 10 besten Tagescremes - Unser Testergebnis f\u00fcr eine gepflegte und strahlende Haut<\/title>\n<meta name=\"description\" content=\"Erfahren Sie, welche Tagescremes in unserem Test \u00fcberzeugt haben. Tipps zur Wahl der richtigen Tagescreme f\u00fcr eine optimale Hautpflege.\" \/>\n<meta name=\"robots\" content=\"index, follow, max-snippet:-1, max-image-preview:large, max-video-preview:-1\" \/>\n<link rel=\"canonical\" href=\"https:\/\/arbuti.com\/sk\/denny-krem\/\" \/>\n<meta property=\"og:locale\" content=\"sk_SK\" \/>\n<meta property=\"og:type\" content=\"article\" \/>\n<meta property=\"og:title\" content=\"Tagescreme\" \/>\n<meta property=\"og:description\" content=\"Die 10 besten Tagescremes - Unser Testergebnis f\u00fcr eine gepflegte und strahlende Haut Eine gute Tagescreme ist ein wichtiger Bestandteil jeder\" \/>\n<meta property=\"og:url\" content=\"https:\/\/arbuti.com\/sk\/denny-krem\/\" \/>\n<meta property=\"og:site_name\" content=\"ARBUTI Hair Salon\" \/>\n<meta property=\"article:publisher\" content=\"https:\/\/www.facebook.com\/Arbutihairsalon\/\" \/>\n<meta property=\"article:published_time\" content=\"2023-03-27T11:02:53+00:00\" \/>\n<meta property=\"article:modified_time\" content=\"2025-04-01T06:54:44+00:00\" \/>\n<meta property=\"og:image\" content=\"https:\/\/arbuti.com\/wp-content\/uploads\/2023\/03\/Tagescreme.jpg\" \/>\n\t<meta property=\"og:image:width\" content=\"1200\" \/>\n\t<meta property=\"og:image:height\" content=\"934\" \/>\n\t<meta property=\"og:image:type\" content=\"image\/jpeg\" \/>\n<meta name=\"author\" content=\"A. Gladon\" \/>\n<meta name=\"twitter:card\" content=\"summary_large_image\" \/>\n<meta name=\"twitter:label1\" content=\"Autor\" \/>\n\t<meta name=\"twitter:data1\" content=\"A. Gladon\" \/>\n\t<meta name=\"twitter:label2\" content=\"Predpokladan\u00fd \u010das \u010d\u00edtania\" \/>\n\t<meta name=\"twitter:data2\" content=\"10 min\u00fat\" \/>\n<script type=\"application\/ld+json\" class=\"yoast-schema-graph\">{\"@context\":\"https:\/\/schema.org\",\"@graph\":[{\"@type\":\"Article\",\"@id\":\"https:\/\/arbuti.com\/tagescreme\/#article\",\"isPartOf\":{\"@id\":\"https:\/\/arbuti.com\/tagescreme\/\"},\"author\":{\"name\":\"A. Gladon\",\"@id\":\"https:\/\/arbuti.com\/fr\/#\/schema\/person\/619bba0ce387727cdcf0142253bad655\"},\"headline\":\"Tagescreme\",\"datePublished\":\"2023-03-27T11:02:53+00:00\",\"dateModified\":\"2025-04-01T06:54:44+00:00\",\"mainEntityOfPage\":{\"@id\":\"https:\/\/arbuti.com\/tagescreme\/\"},\"wordCount\":1299,\"publisher\":{\"@id\":\"https:\/\/arbuti.com\/fr\/#organization\"},\"image\":{\"@id\":\"https:\/\/arbuti.com\/tagescreme\/#primaryimage\"},\"thumbnailUrl\":\"https:\/\/arbuti.com\/wp-content\/uploads\/2023\/03\/Tagescreme.jpg\",\"articleSection\":[\"Kosmetik\"],\"inLanguage\":\"sk-SK\"},{\"@type\":\"WebPage\",\"@id\":\"https:\/\/arbuti.com\/tagescreme\/\",\"url\":\"https:\/\/arbuti.com\/tagescreme\/\",\"name\":\"Die 10 besten Tagescremes - Unser Testergebnis f\u00fcr eine gepflegte und strahlende Haut\",\"isPartOf\":{\"@id\":\"https:\/\/arbuti.com\/fr\/#website\"},\"primaryImageOfPage\":{\"@id\":\"https:\/\/arbuti.com\/tagescreme\/#primaryimage\"},\"image\":{\"@id\":\"https:\/\/arbuti.com\/tagescreme\/#primaryimage\"},\"thumbnailUrl\":\"https:\/\/arbuti.com\/wp-content\/uploads\/2023\/03\/Tagescreme.jpg\",\"datePublished\":\"2023-03-27T11:02:53+00:00\",\"dateModified\":\"2025-04-01T06:54:44+00:00\",\"description\":\"Erfahren Sie, welche Tagescremes in unserem Test \u00fcberzeugt haben. Tipps zur Wahl der richtigen Tagescreme f\u00fcr eine optimale Hautpflege.\",\"breadcrumb\":{\"@id\":\"https:\/\/arbuti.com\/tagescreme\/#breadcrumb\"},\"inLanguage\":\"sk-SK\",\"potentialAction\":[{\"@type\":\"ReadAction\",\"target\":[\"https:\/\/arbuti.com\/tagescreme\/\"]}]},{\"@type\":\"ImageObject\",\"inLanguage\":\"sk-SK\",\"@id\":\"https:\/\/arbuti.com\/tagescreme\/#primaryimage\",\"url\":\"https:\/\/arbuti.com\/wp-content\/uploads\/2023\/03\/Tagescreme.jpg\",\"contentUrl\":\"https:\/\/arbuti.com\/wp-content\/uploads\/2023\/03\/Tagescreme.jpg\",\"width\":1200,\"height\":934,\"caption\":\"Tagescreme\"},{\"@type\":\"BreadcrumbList\",\"@id\":\"https:\/\/arbuti.com\/tagescreme\/#breadcrumb\",\"itemListElement\":[{\"@type\":\"ListItem\",\"position\":1,\"name\":\"ARBUTI\",\"item\":\"https:\/\/arbuti.com\/\"},{\"@type\":\"ListItem\",\"position\":2,\"name\":\"Kosmetik\",\"item\":\"https:\/\/arbuti.com\/fr\/categorie\/kosmetik\/\"},{\"@type\":\"ListItem\",\"position\":3,\"name\":\"Tagescreme\"}]},{\"@type\":\"WebSite\",\"@id\":\"https:\/\/arbuti.com\/fr\/#website\",\"url\":\"https:\/\/arbuti.com\/fr\/\",\"name\":\"ARBUTI Hair Salon\",\"description\":\"Friseur M\u00fcnchen\",\"publisher\":{\"@id\":\"https:\/\/arbuti.com\/fr\/#organization\"},\"alternateName\":\"ARBUTI\",\"potentialAction\":[{\"@type\":\"SearchAction\",\"target\":{\"@type\":\"EntryPoint\",\"urlTemplate\":\"https:\/\/arbuti.com\/fr\/?s={search_term_string}\"},\"query-input\":{\"@type\":\"PropertyValueSpecification\",\"valueRequired\":true,\"valueName\":\"search_term_string\"}}],\"inLanguage\":\"sk-SK\"},{\"@type\":\"Organization\",\"@id\":\"https:\/\/arbuti.com\/fr\/#organization\",\"name\":\"ARBUTI Hair Salon\",\"alternateName\":\"ARBUTI\",\"url\":\"https:\/\/arbuti.com\/fr\/\",\"logo\":{\"@type\":\"ImageObject\",\"inLanguage\":\"sk-SK\",\"@id\":\"https:\/\/arbuti.com\/fr\/#\/schema\/logo\/image\/\",\"url\":\"https:\/\/arbuti.com\/wp-content\/uploads\/2020\/04\/cropped-Arbuti-Friseur-Muenchen.jpg\",\"contentUrl\":\"https:\/\/arbuti.com\/wp-content\/uploads\/2020\/04\/cropped-Arbuti-Friseur-Muenchen.jpg\",\"width\":512,\"height\":512,\"caption\":\"ARBUTI Hair Salon\"},\"image\":{\"@id\":\"https:\/\/arbuti.com\/fr\/#\/schema\/logo\/image\/\"},\"sameAs\":[\"https:\/\/www.facebook.com\/Arbutihairsalon\/\",\"https:\/\/www.instagram.com\/arbutihairsalon\/\",\"https:\/\/www.pinterest.de\/arbutihairsalon\/arbuti-hair-salon\/\"]},{\"@type\":\"Person\",\"@id\":\"https:\/\/arbuti.com\/fr\/#\/schema\/person\/619bba0ce387727cdcf0142253bad655\",\"name\":\"A. Gladon\",\"image\":{\"@type\":\"ImageObject\",\"inLanguage\":\"sk-SK\",\"@id\":\"https:\/\/arbuti.com\/fr\/#\/schema\/person\/image\/\",\"url\":\"https:\/\/secure.gravatar.com\/avatar\/01d0389447fdb53dfe70fcb247b9714b?s=96&d=mm&r=g\",\"contentUrl\":\"https:\/\/secure.gravatar.com\/avatar\/01d0389447fdb53dfe70fcb247b9714b?s=96&d=mm&r=g\",\"caption\":\"A. Gladon\"}}]}<\/script>\n<!-- \/ Yoast SEO Premium plugin. -->","yoast_head_json":{"title":"Die 10 besten Tagescremes - Unser Testergebnis f\u00fcr eine gepflegte und strahlende Haut","description":"Erfahren Sie, welche Tagescremes in unserem Test \u00fcberzeugt haben. Tipps zur Wahl der richtigen Tagescreme f\u00fcr eine optimale Hautpflege.","robots":{"index":"index","follow":"follow","max-snippet":"max-snippet:-1","max-image-preview":"max-image-preview:large","max-video-preview":"max-video-preview:-1"},"canonical":"https:\/\/arbuti.com\/sk\/denny-krem\/","og_locale":"sk_SK","og_type":"article","og_title":"Tagescreme","og_description":"Die 10 besten Tagescremes - Unser Testergebnis f\u00fcr eine gepflegte und strahlende Haut Eine gute Tagescreme ist ein wichtiger Bestandteil jeder","og_url":"https:\/\/arbuti.com\/sk\/denny-krem\/","og_site_name":"ARBUTI Hair Salon","article_publisher":"https:\/\/www.facebook.com\/Arbutihairsalon\/","article_published_time":"2023-03-27T11:02:53+00:00","article_modified_time":"2025-04-01T06:54:44+00:00","og_image":[{"width":1200,"height":934,"url":"https:\/\/arbuti.com\/wp-content\/uploads\/2023\/03\/Tagescreme.jpg","type":"image\/jpeg"}],"author":"A. Gladon","twitter_card":"summary_large_image","twitter_misc":{"Autor":"A. Gladon","Predpokladan\u00fd \u010das \u010d\u00edtania":"10 min\u00fat"},"schema":{"@context":"https:\/\/schema.org","@graph":[{"@type":"Article","@id":"https:\/\/arbuti.com\/tagescreme\/#article","isPartOf":{"@id":"https:\/\/arbuti.com\/tagescreme\/"},"author":{"name":"A. Gladon","@id":"https:\/\/arbuti.com\/fr\/#\/schema\/person\/619bba0ce387727cdcf0142253bad655"},"headline":"Tagescreme","datePublished":"2023-03-27T11:02:53+00:00","dateModified":"2025-04-01T06:54:44+00:00","mainEntityOfPage":{"@id":"https:\/\/arbuti.com\/tagescreme\/"},"wordCount":1299,"publisher":{"@id":"https:\/\/arbuti.com\/fr\/#organization"},"image":{"@id":"https:\/\/arbuti.com\/tagescreme\/#primaryimage"},"thumbnailUrl":"https:\/\/arbuti.com\/wp-content\/uploads\/2023\/03\/Tagescreme.jpg","articleSection":["Kosmetik"],"inLanguage":"sk-SK"},{"@type":"WebPage","@id":"https:\/\/arbuti.com\/tagescreme\/","url":"https:\/\/arbuti.com\/tagescreme\/","name":"Die 10 besten Tagescremes - Unser Testergebnis f\u00fcr eine gepflegte und strahlende Haut","isPartOf":{"@id":"https:\/\/arbuti.com\/fr\/#website"},"primaryImageOfPage":{"@id":"https:\/\/arbuti.com\/tagescreme\/#primaryimage"},"image":{"@id":"https:\/\/arbuti.com\/tagescreme\/#primaryimage"},"thumbnailUrl":"https:\/\/arbuti.com\/wp-content\/uploads\/2023\/03\/Tagescreme.jpg","datePublished":"2023-03-27T11:02:53+00:00","dateModified":"2025-04-01T06:54:44+00:00","description":"Erfahren Sie, welche Tagescremes in unserem Test \u00fcberzeugt haben. Tipps zur Wahl der richtigen Tagescreme f\u00fcr eine optimale Hautpflege.","breadcrumb":{"@id":"https:\/\/arbuti.com\/tagescreme\/#breadcrumb"},"inLanguage":"sk-SK","potentialAction":[{"@type":"ReadAction","target":["https:\/\/arbuti.com\/tagescreme\/"]}]},{"@type":"ImageObject","inLanguage":"sk-SK","@id":"https:\/\/arbuti.com\/tagescreme\/#primaryimage","url":"https:\/\/arbuti.com\/wp-content\/uploads\/2023\/03\/Tagescreme.jpg","contentUrl":"https:\/\/arbuti.com\/wp-content\/uploads\/2023\/03\/Tagescreme.jpg","width":1200,"height":934,"caption":"Tagescreme"},{"@type":"BreadcrumbList","@id":"https:\/\/arbuti.com\/tagescreme\/#breadcrumb","itemListElement":[{"@type":"ListItem","position":1,"name":"ARBUTI","item":"https:\/\/arbuti.com\/"},{"@type":"ListItem","position":2,"name":"Kosmetik","item":"https:\/\/arbuti.com\/fr\/categorie\/kosmetik\/"},{"@type":"ListItem","position":3,"name":"Tagescreme"}]},{"@type":"WebSite","@id":"https:\/\/arbuti.com\/fr\/#website","url":"https:\/\/arbuti.com\/fr\/","name":"ARBUTI Hair Salon","description":"Friseur M\u00fcnchen","publisher":{"@id":"https:\/\/arbuti.com\/fr\/#organization"},"alternateName":"ARBUTI","potentialAction":[{"@type":"SearchAction","target":{"@type":"EntryPoint","urlTemplate":"https:\/\/arbuti.com\/fr\/?s={search_term_string}"},"query-input":{"@type":"PropertyValueSpecification","valueRequired":true,"valueName":"search_term_string"}}],"inLanguage":"sk-SK"},{"@type":"Organization","@id":"https:\/\/arbuti.com\/fr\/#organization","name":"ARBUTI Hair Salon","alternateName":"ARBUTI","url":"https:\/\/arbuti.com\/fr\/","logo":{"@type":"ImageObject","inLanguage":"sk-SK","@id":"https:\/\/arbuti.com\/fr\/#\/schema\/logo\/image\/","url":"https:\/\/arbuti.com\/wp-content\/uploads\/2020\/04\/cropped-Arbuti-Friseur-Muenchen.jpg","contentUrl":"https:\/\/arbuti.com\/wp-content\/uploads\/2020\/04\/cropped-Arbuti-Friseur-Muenchen.jpg","width":512,"height":512,"caption":"ARBUTI Hair Salon"},"image":{"@id":"https:\/\/arbuti.com\/fr\/#\/schema\/logo\/image\/"},"sameAs":["https:\/\/www.facebook.com\/Arbutihairsalon\/","https:\/\/www.instagram.com\/arbutihairsalon\/","https:\/\/www.pinterest.de\/arbutihairsalon\/arbuti-hair-salon\/"]},{"@type":"Person","@id":"https:\/\/arbuti.com\/fr\/#\/schema\/person\/619bba0ce387727cdcf0142253bad655","name":"A. Gladon","image":{"@type":"ImageObject","inLanguage":"sk-SK","@id":"https:\/\/arbuti.com\/fr\/#\/schema\/person\/image\/","url":"https:\/\/secure.gravatar.com\/avatar\/01d0389447fdb53dfe70fcb247b9714b?s=96&d=mm&r=g","contentUrl":"https:\/\/secure.gravatar.com\/avatar\/01d0389447fdb53dfe70fcb247b9714b?s=96&d=mm&r=g","caption":"A. Gladon"}}]}},"uagb_featured_image_src":{"full":["https:\/\/arbuti.com\/wp-content\/uploads\/2023\/03\/Tagescreme.jpg",1200,934,false],"thumbnail":["https:\/\/arbuti.com\/wp-content\/uploads\/2023\/03\/Tagescreme-150x150.jpg",150,150,true],"medium":["https:\/\/arbuti.com\/wp-content\/uploads\/2023\/03\/Tagescreme-300x234.jpg",300,234,true],"medium_large":["https:\/\/arbuti.com\/wp-content\/uploads\/2023\/03\/Tagescreme-768x598.jpg",768,598,true],"large":["https:\/\/arbuti.com\/wp-content\/uploads\/2023\/03\/Tagescreme-1024x797.jpg",1024,797,true],"1536x1536":["https:\/\/arbuti.com\/wp-content\/uploads\/2023\/03\/Tagescreme.jpg",1200,934,false],"2048x2048":["https:\/\/arbuti.com\/wp-content\/uploads\/2023\/03\/Tagescreme.jpg",1200,934,false],"trp-custom-language-flag":["https:\/\/arbuti.com\/wp-content\/uploads\/2023\/03\/Tagescreme-15x12.jpg",15,12,true],"wp_review_large":["https:\/\/arbuti.com\/wp-content\/uploads\/2023\/03\/Tagescreme-320x200.jpg",320,200,true],"wp_review_small":["https:\/\/arbuti.com\/wp-content\/uploads\/2023\/03\/Tagescreme-65x65.jpg",65,65,true]},"uagb_author_info":{"display_name":"A. Gladon","author_link":"https:\/\/arbuti.com\/sk\/author\/a-gladon\/"},"uagb_comment_info":0,"uagb_excerpt":"Die 10 besten Tagescremes &#8211; Unser Testergebnis f\u00fcr eine gepflegte und strahlende Haut Eine gute Tagescreme ist ein wichtiger Bestandteil [&hellip;]","_links":{"self":[{"href":"https:\/\/arbuti.com\/sk\/wp-json\/wp\/v2\/posts\/11888","targetHints":{"allow":["GET"]}}],"collection":[{"href":"https:\/\/arbuti.com\/sk\/wp-json\/wp\/v2\/posts"}],"about":[{"href":"https:\/\/arbuti.com\/sk\/wp-json\/wp\/v2\/types\/post"}],"author":[{"embeddable":true,"href":"https:\/\/arbuti.com\/sk\/wp-json\/wp\/v2\/users\/6"}],"replies":[{"embeddable":true,"href":"https:\/\/arbuti.com\/sk\/wp-json\/wp\/v2\/comments?post=11888"}],"version-history":[{"count":6,"href":"https:\/\/arbuti.com\/sk\/wp-json\/wp\/v2\/posts\/11888\/revisions"}],"predecessor-version":[{"id":14320,"href":"https:\/\/arbuti.com\/sk\/wp-json\/wp\/v2\/posts\/11888\/revisions\/14320"}],"wp:featuredmedia":[{"embeddable":true,"href":"https:\/\/arbuti.com\/sk\/wp-json\/wp\/v2\/media\/11955"}],"wp:attachment":[{"href":"https:\/\/arbuti.com\/sk\/wp-json\/wp\/v2\/media?parent=11888"}],"wp:term":[{"taxonomy":"category","embeddable":true,"href":"https:\/\/arbuti.com\/sk\/wp-json\/wp\/v2\/categories?post=11888"},{"taxonomy":"post_tag","embeddable":true,"href":"https:\/\/arbuti.com\/sk\/wp-json\/wp\/v2\/tags?post=11888"}],"curies":[{"name":"wp","href":"https:\/\/api.w.org\/{rel}","templated":true}]}}