{"id":8480,"date":"2021-03-13T12:44:33","date_gmt":"2021-03-13T12:44:33","guid":{"rendered":"https:\/\/arbuti.com\/?p=8480"},"modified":"2023-01-17T11:58:39","modified_gmt":"2023-01-17T11:58:39","slug":"haarausfall-stress","status":"publish","type":"post","link":"https:\/\/arbuti.com\/ro\/pierderea-parului-stres\/","title":{"rendered":"C\u0103derea p\u0103rului stres"},"content":{"rendered":"<h1 class=\"wp-block-heading\" id=\"h-haarausfall-stress-was-kann-ich-tun\">Stresul Caderea Parului: Ce pot face?<\/h1>\n\n\n\n<p>Stresul este ridicat, iar pentru unii acest lucru ar putea \u00eensemna mai pu\u021bin p\u0103r pe cap. De fapt, \u0219tiin\u021ba sus\u021bine ideea c\u0103 un stres emo\u021bional semnificativ poate fi asociat cu cel pu\u021bin un tip de c\u0103dere a p\u0103rului: Telogen effluvium. Afl\u0103 totul despre c\u0103derea p\u0103rului din cauza stresului aici!<\/p>\n\n\n\n\n\n\n<figure class=\"wp-block-image aligncenter size-large is-resized\"><a href=\"https:\/\/arbuti.com\/wp-content\/uploads\/2021\/03\/Haarausfall-Stress.jpg\"><img loading=\"lazy\" decoding=\"async\" src=\"https:\/\/arbuti.com\/wp-content\/uploads\/2021\/03\/Haarausfall-Stress.jpg\" alt=\"C\u0103derea p\u0103rului stres\" class=\"wp-image-8483\" width=\"557\" height=\"433\" srcset=\"https:\/\/arbuti.com\/wp-content\/uploads\/2021\/03\/Haarausfall-Stress.jpg 1000w, https:\/\/arbuti.com\/wp-content\/uploads\/2021\/03\/Haarausfall-Stress-300x233.jpg 300w, https:\/\/arbuti.com\/wp-content\/uploads\/2021\/03\/Haarausfall-Stress-768x598.jpg 768w\" sizes=\"auto, (max-width: 557px) 100vw, 557px\" \/><\/a><\/figure>\n\n\n\n<h2 class=\"wp-block-heading\">Rela\u021bia dintre stres \u0219i ciclul p\u0103rului<\/h2>\n\n\n\n<p>Exist\u0103 aproximativ 100.000 de foliculi de p\u0103r pe scalpul unui adult (de\u0219i acest num\u0103r poate varia \u00een func\u021bie de culoarea p\u0103rului). Fiecare <a href=\"https:\/\/arbuti.com\/ro\/foliculul-de-par\/\">Foliculul de p\u0103r<\/a> alterneaz\u0103 \u00een mod constant \u00eentre cre\u0219tere \u0219i odihn\u0103. Cei mai mul\u021bi dintre ace\u0219ti foliculi de p\u0103r se afl\u0103 la un moment dat \u00een faza de cre\u0219tere (anagen). Atunci c\u00e2nd foliculul de p\u0103r intr\u0103 \u00een faza telogen\u0103 sau de repaus, p\u0103rul este pierdut. \u00cen timpul unui episod de efluviu telogen, un factor declan\u0219ator provoac\u0103 o trecere brusc\u0103 \u0219i anormal\u0103 a p\u0103rului \u00een faza telogen\u0103 dintr-o dat\u0103. Un posibil declan\u0219ator al acestei schimb\u0103ri bru\u0219te?&nbsp;<em>Stres emo\u021bional semnificativ.&nbsp;<\/em><\/p>\n\n\n\n<h2 class=\"wp-block-heading\" id=\"h-kann-haarausfall-durch-stress-kommen\">Poate c\u0103derea p\u0103rului s\u0103 vin\u0103 din cauza stresului?<\/h2>\n\n\n\n<p>Ce se calific\u0103 drept stres emo\u021bional semnificativ? G\u00e2ndi\u021bi-v\u0103 la un eveniment negativ major din via\u021ba dumneavoastr\u0103 (de exemplu, pierderea unei persoane dragi sau un divor\u021b). \u00cen timp ce o singur\u0103 zi proast\u0103 la locul de munc\u0103 nu ar trebui s\u0103 ating\u0103 acest prag, stresul sever \u0219i prelungit care rezult\u0103 din pandemia Covid 19, de exemplu, ar putea fi calificat.<\/p>\n\n\n\n<p>Pentru a \u00een\u021belege rela\u021bia dintre semnifica\u021bia <strong>Testul de stres \u0219i pierderea p\u0103rului<\/strong>, cercet\u0103torii au expus \u00een mod artificial \u0219oarecii la stres sonic (o form\u0103 de stres psihosocial) \u0219i au constatat c\u0103 acest lucru a dus la terminarea prematur\u0103 a fazei anagen sau de cre\u0219tere a ciclului p\u0103rului. Acest studiu a confirmat ipoteza conform c\u0103reia stresul perturb\u0103 ciclul normal al foliculului pilos \u0219i poate duce la c\u0103derea p\u0103rului din cauza stresului.&nbsp;<\/p>\n\n\n\n<h2 class=\"wp-block-heading\" id=\"h-die-anzeichen-von-telogenausfluss\">Semnele efluviului telogen&nbsp;<\/h2>\n\n\n\n<p>C\u0103derea p\u0103rului asociat\u0103 cu efluviul telogen&nbsp;<em>difuz\u0103<\/em>, \u0219i&nbsp;<em>Temporar<\/em>.<\/p>\n\n\n\n<p><em>Start brusc<\/em><\/p>\n\n\n\n<p>Efluviul telogen se caracterizeaz\u0103 prin&nbsp;<em>brusc<\/em>&nbsp;Beginn des Haarausfalls gekennzeichnet &#8211; aber es gibt einen Haken.&nbsp;Der Haarausfall beginnt normalerweise erst etwa drei Monate nach dem ausl\u00f6senden Ereignis.&nbsp;Warum?&nbsp;Sobald die Haarfollikel vorzeitig in die Telogenphase eintreten, dauert es ungef\u00e4hr drei Monate, bis der Zyklus abgeschlossen ist und das Haar abgesto\u00dfen ist.&nbsp;Stress ist einer von mehreren Ausl\u00f6sern des Telogen-Effluviums.&nbsp;Medikamente, schwere Krankheiten und&nbsp;Geburt&nbsp;k\u00f6nnen ebenfalls eine Episode ausl\u00f6sen.&nbsp;<\/p>\n\n\n\n<p><em>Sub\u021bierea difuz\u0103<\/em><\/p>\n\n\n\n<p>Modelul de c\u0103dere a p\u0103rului asociat cu efluxul telogen este&nbsp;<em>difuz\u0103<\/em>&nbsp;. Pierderea p\u0103rului pe alocuri sau l\u0103rgirea liniei p\u0103r\u021bii sugereaz\u0103, \u00een general, alte diagnostice, cum ar fi alopecia areata sau pierderea p\u0103rului de tip feminin. Persoanele cu efluviu telogen pot observa o sub\u021biere a cozii de cal sau o cre\u0219tere brusc\u0103 a c\u0103derii p\u0103rului la du\u0219, pe fa\u021ba de pern\u0103 sau \u00een cas\u0103. Se consider\u0103 c\u0103 este normal s\u0103 se piard\u0103 aproximativ 100 p\u00e2n\u0103 la 200 de fire de p\u0103r pe zi pentru a avea o idee despre cum arat\u0103 200 de fire de p\u0103r c\u0103zute), dar num\u0103rul exact variaz\u0103 \u00een func\u021bie de persoan\u0103 sau de <a href=\"https:\/\/arbuti.com\/ro\/produse-de-ingrijire-a-parului\/\">\u00cengrijirea p\u0103rului<\/a>. De\u0219i nu este neobi\u0219nuit ca p\u00e2n\u0103 la 50% din p\u0103rul de pe scalp s\u0103 fie v\u0103rsat \u00een timpul efluviului telogen, aceast\u0103 afec\u021biune nu cauzeaz\u0103 chelie complet\u0103.&nbsp;&nbsp;<\/p>\n\n\n\n<p><em>De natur\u0103 temporar\u0103<\/em><\/p>\n\n\n\n<p>Cealalt\u0103 veste bun\u0103? C\u0103derea p\u0103rului este&nbsp;<em>Temporar<\/em>&nbsp;\u0219i ar trebui s\u0103 revin\u0103 la densitatea de dinaintea efluviului, de\u0219i acest proces este, \u00een general, lent. Poate dura luni (dar, \u00een general, mai pu\u021bin de 6) pentru ca pierderea p\u0103rului s\u0103 se opreasc\u0103, iar apoi luni sau ani pentru ca p\u0103rul pierdut s\u0103 creasc\u0103 din nou la o rat\u0103 lent\u0103 de ~ \u00bd inch pe lun\u0103.<\/p>\n\n\n\n<p>\u00cen anumite circumstan\u021be, p\u0103rul nu revine complet la densitatea normal\u0103. \u00cen primul r\u00e2nd, efluviul telogen poate dezv\u0103lui alte tipuri de c\u0103dere a p\u0103rului de lung\u0103 durat\u0103 (cum ar fi modelul feminin). \u00cen plus, se a\u0219teapt\u0103 ca densitatea general\u0103 a p\u0103rului s\u0103 scad\u0103 lent odat\u0103 cu v\u00e2rsta, iar la c\u00e2teva persoane (de obicei femei cu v\u00e2rste cuprinse \u00eentre 30 \u0219i 60 de ani) efluviul telogen poate fi cronic \u0219i poate dura mai mul\u021bi ani.<\/p>\n\n\n\n<h2 class=\"wp-block-heading\">Exist\u0103 o modalitate de a preveni c\u0103derea p\u0103rului din cauza stresului?<\/h2>\n\n\n\n<p>Din nefericire, nu exist\u0103 nicio modalitate dovedit\u0103 de a preveni sau de a opri un episod de efluviu telogen \u0219i acesta ar trebui s\u0103 se rezolve de la sine \u00een timp. Sau ar trebui s\u0103 evita\u021bi stresul \u0219i <strong>C\u0103derea p\u0103rului din cauza stresului<\/strong> s\u0103 se opreasc\u0103!<\/p>\n\n\n\n<p>Cu toate acestea, exist\u0103 unele lucruri care pot contribui la sus\u021binerea s\u0103n\u0103t\u0103\u021bii generale a p\u0103rului. Consuma\u021bi o diet\u0103 echilibrat\u0103 \u0219i, \u00een special, consuma\u021bi o cantitate adecvat\u0103 de proteine (0,8 grame\/kilogram\/zi). P\u0103rul este alc\u0103tuit \u00een principal din proteine (cheratin\u0103), a\u0219a c\u0103 nu este surprinz\u0103tor faptul c\u0103 o cantitate suficient\u0103 de proteine este important\u0103 pentru men\u021binerea \u0219i cre\u0219terea p\u0103rului. De asemenea, evita\u021bi coafurile foarte str\u00e2nse, coafurile cu c\u0103ldur\u0103 excesiv\u0103 sau tratamentele pe baz\u0103 de substan\u021be chimice, deoarece acestea contribuie la c\u0103derea p\u0103rului sau <a href=\"https:\/\/arbuti.com\/ro\/cauze-ale-caderii-parului\/\">Cauzeaz\u0103 c\u0103derea p\u0103rului<\/a> poate. V\u0103 recomand\u0103m produsele noastre naturale <a href=\"https:\/\/arbuti.com\/ro\/restaurator-de-par\/\">Produse pentru Cresterea Parului<\/a> C\u00e2\u0219tig\u0103torul testului.<\/p>\n\n\n\n<p>Men\u021binerea s\u0103n\u0103t\u0103\u021bii emo\u021bionale \u0219i practicarea strategiilor de adaptare, cum ar fi medita\u021bia, pot fi, de asemenea, utile \u00een reducerea efectelor unui factor de stres.<\/p>\n\n\n\n<p>Dac\u0103 pierderea p\u0103rului este cronic\u0103, peticit\u0103 sau asociat\u0103 cu ro\u0219ea\u021b\u0103, m\u00e2nc\u0103rime sau durere, consulta\u021bi un medic.<\/p>\n\n\n\n<h2 class=\"wp-block-heading\" id=\"h-faq\">\u00ceNTREB\u0102RI FRECVENTE<\/h2>\n\n\n\t\t<section\t\tclass=\"sc_fs_faq sc_card\"\n\t\t\t\t>\n\t\t\t\t<h3>Poate stresul s\u0103 provoace c\u0103derea p\u0103rului \u0219i cre\u0219te \u00eenapoi?<\/h3>\t\t\t\t<div>\n\t\t\t\t\t\t<div class=\"sc_fs_faq__content\">\n\t\t\t\t\n\n<p>Stresul \u0219i c\u0103derea p\u0103rului nu trebuie s\u0103 fie permanente. Dac\u0103 v\u0103 controla\u021bi stresul, p\u0103rul v\u0103 poate cre\u0219te la loc. Dac\u0103 observa\u021bi c\u0103derea brusc\u0103 sau peticit\u0103 a p\u0103rului sau c\u0103derea p\u0103rului mai mult dec\u00e2t de obicei atunci c\u00e2nd v\u0103 piept\u0103na\u021bi sau v\u0103 sp\u0103la\u021bi p\u0103rul, adresa\u021bi-v\u0103 medicului dumneavoastr\u0103. Cite\u0219te articolul pentru a afla mai multe despre ce trebuie s\u0103 faci!<\/p>\n\n\t\t\t<\/div>\n\t\t<\/div>\n\t\t<\/section>\n\t\t\t\t<section\t\tclass=\"sc_fs_faq sc_card\"\n\t\t\t\t>\n\t\t\t\t<h3>Cum arat\u0103 c\u0103derea p\u0103rului din cauza stresului?<\/h3>\t\t\t\t<div>\n\t\t\t\t\t\t<div class=\"sc_fs_faq__content\">\n\t\t\t\t\n\n<p>Cum \u0219tiu dac\u0103 \u00eemi cade p\u0103rul din cauza stresului? Mai mult de 100 de fire de p\u0103r care v\u0103 \u00eenfund\u0103 scurgerea de la du\u0219 sau peria de p\u0103r este un semn sigur de c\u0103dere a p\u0103rului. \u00cen cazul efluviului telogen, ve\u021bi observa c\u0103 p\u0103rul de pe scalp se sub\u021biaz\u0103. \u00cen cazul alopeciei, este posibil s\u0103 observa\u021bi fire de p\u0103r chel pe scalp.<\/p>\n\n\t\t\t<\/div>\n\t\t<\/div>\n\t\t<\/section>\n\t\t\t\t<section\t\tclass=\"sc_fs_faq sc_card\"\n\t\t\t\t>\n\t\t\t\t<h3>C\u00e2t timp dureaz\u0103 c\u0103derea p\u0103rului din cauza stresului?<\/h3>\t\t\t\t<div>\n\t\t\t\t\t\t<div class=\"sc_fs_faq__content\">\n\t\t\t\t\n\n<p>De obicei, c\u0103derea p\u0103rului \u00eencepe la dou\u0103 p\u00e2n\u0103 la patru luni de la evenimentul care a declan\u0219at problema \u0219i dureaz\u0103 aproximativ \u0219ase luni. P\u0103rul nou \u00eencepe s\u0103 creasc\u0103 imediat dup\u0103 c\u0103derea p\u0103rului, dar este posibil ca o cre\u0219tere semnificativ\u0103 s\u0103 nu fie observat\u0103 timp de c\u00e2teva luni.<\/p>\n\n\t\t\t<\/div>\n\t\t<\/div>\n\t\t<\/section>\n\t\t\n<script type=\"application\/ld+json\">{\n    \"@context\": \"https:\\\/\\\/schema.org\",\n    \"@type\": \"FAQPage\",\n    \"mainEntity\": [\n        {\n            \"@type\": \"Question\",\n            \"name\": \"Kann Stress Haarausfall verursachen und w\\u00e4chst er nach?\",\n            \"acceptedAnswer\": {\n                \"@type\": \"Answer\",\n                \"text\": \"<p>Stress und Haarausfall m\\u00fcssen nicht dauerhaft sein. Wenn Sie Ihren Stress unter Kontrolle haben, k\\u00f6nnen Ihre Haare nachwachsen. Wenn Sie beim K\\u00e4mmen oder Waschen Ihrer Haare einen pl\\u00f6tzlichen oder fleckigen Haarausfall oder mehr als den \\u00fcblichen Haarausfall bemerken, sprechen Sie mit Ihrem Arzt. In dem Artikel erfahren Sie mehr was zu tun ist!<\\\/p>\"\n            }\n        },\n        {\n            \"@type\": \"Question\",\n            \"name\": \"Wie sieht Haarausfall durch Stress aus?\",\n            \"acceptedAnswer\": {\n                \"@type\": \"Answer\",\n                \"text\": \"<p>Woher wei\\u00df ich, ob mein Haar aufgrund von Stress ausf\\u00e4llt? Mehr als 100 Haarstr\\u00e4hnen, die Ihren Duschabfluss oder die Haarb\\u00fcrste verstopfen, sind ein sicheres Zeichen f\\u00fcr Haarausfall. Im Telogen-Effluvium werden Sie feststellen, dass die Haare auf der Kopfhaut d\\u00fcnner werden. Bei Alopezie k\\u00f6nnen Sie kahle Haarstr\\u00e4hnen auf der Kopfhaut bemerken.<\\\/p>\"\n            }\n        },\n        {\n            \"@type\": \"Question\",\n            \"name\": \"Wie lange h\\u00e4lt der Haarausfall durch Stress an?\",\n            \"acceptedAnswer\": {\n                \"@type\": \"Answer\",\n                \"text\": \"<p>Normalerweise beginnt der Haarausfall zwei bis vier Monate nach dem Ereignis, das das Problem ausgel\\u00f6st hat, und dauert ungef\\u00e4hr sechs Monate. Neue Haare beginnen unmittelbar nach dem Haarausfall zu wachsen, aber ein deutliches Wachstum kann mehrere Monate lang nicht bemerkt werden.<\\\/p>\"\n            }\n        }\n    ]\n}<\/script>","protected":false},"excerpt":{"rendered":"<p>Haarausfall Stress: Was kann ich tun? Der Stress ist hoch und f\u00fcr einige k\u00f6nnte dies weniger Haare auf dem Kopf [&hellip;]<\/p>","protected":false},"author":1,"featured_media":8483,"comment_status":"closed","ping_status":"open","sticky":false,"template":"","format":"standard","meta":{"ub_ctt_via":"","_uag_custom_page_level_css":"","site-sidebar-layout":"default","site-content-layout":"default","ast-site-content-layout":"","site-content-style":"default","site-sidebar-style":"default","ast-global-header-display":"","ast-banner-title-visibility":"","ast-main-header-display":"","ast-hfb-above-header-display":"","ast-hfb-below-header-display":"","ast-hfb-mobile-header-display":"","site-post-title":"","ast-breadcrumbs-content":"","ast-featured-img":"","footer-sml-layout":"","theme-transparent-header-meta":"default","adv-header-id-meta":"","stick-header-meta":"default","header-above-stick-meta":"","header-main-stick-meta":"","header-below-stick-meta":"","astra-migrate-meta-layouts":"default","ast-page-background-enabled":"default","ast-page-background-meta":{"desktop":{"background-color":"","background-image":"","background-repeat":"repeat","background-position":"center center","background-size":"auto","background-attachment":"scroll","background-type":"","background-media":"","overlay-type":"","overlay-color":"","overlay-opacity":"","overlay-gradient":""},"tablet":{"background-color":"","background-image":"","background-repeat":"repeat","background-position":"center center","background-size":"auto","background-attachment":"scroll","background-type":"","background-media":"","overlay-type":"","overlay-color":"","overlay-opacity":"","overlay-gradient":""},"mobile":{"background-color":"","background-image":"","background-repeat":"repeat","background-position":"center center","background-size":"auto","background-attachment":"scroll","background-type":"","background-media":"","overlay-type":"","overlay-color":"","overlay-opacity":"","overlay-gradient":""}},"ast-content-background-meta":{"desktop":{"background-color":"var(--ast-global-color-5)","background-image":"","background-repeat":"repeat","background-position":"center center","background-size":"auto","background-attachment":"scroll","background-type":"","background-media":"","overlay-type":"","overlay-color":"","overlay-opacity":"","overlay-gradient":""},"tablet":{"background-color":"var(--ast-global-color-5)","background-image":"","background-repeat":"repeat","background-position":"center center","background-size":"auto","background-attachment":"scroll","background-type":"","background-media":"","overlay-type":"","overlay-color":"","overlay-opacity":"","overlay-gradient":""},"mobile":{"background-color":"var(--ast-global-color-5)","background-image":"","background-repeat":"repeat","background-position":"center center","background-size":"auto","background-attachment":"scroll","background-type":"","background-media":"","overlay-type":"","overlay-color":"","overlay-opacity":"","overlay-gradient":""}},"footnotes":""},"categories":[6329],"tags":[],"class_list":["post-8480","post","type-post","status-publish","format-standard","has-post-thumbnail","hentry","category-haarausfall"],"featured_image_src":"https:\/\/arbuti.com\/wp-content\/uploads\/2021\/03\/Haarausfall-Stress.jpg","author_info":{"display_name":"admin","author_link":"https:\/\/arbuti.com\/ro\/author\/admin\/"},"yoast_head":"<!-- This site is optimized with the Yoast SEO Premium plugin v25.3 (Yoast SEO v25.3) - https:\/\/yoast.com\/wordpress\/plugins\/seo\/ -->\n<title>Haarausfall Stress: Kann Stress zu Haarausfall f\u00fchren? Was tun?<\/title>\n<meta name=\"description\" content=\"Haarausfall durch Stress was tun? Wir haben alle Fakten in Bezug auf Stress und Haarausfall und was hilft!\" \/>\n<meta name=\"robots\" content=\"index, follow, max-snippet:-1, max-image-preview:large, max-video-preview:-1\" \/>\n<link rel=\"canonical\" href=\"https:\/\/arbuti.com\/ro\/pierderea-parului-stres\/\" \/>\n<meta property=\"og:locale\" content=\"ro_RO\" \/>\n<meta property=\"og:type\" content=\"article\" \/>\n<meta property=\"og:title\" content=\"Haarausfall Stress\" \/>\n<meta property=\"og:description\" content=\"Haarausfall Stress: Was kann ich tun? Der Stress ist hoch und f\u00fcr einige k\u00f6nnte dies weniger Haare auf dem Kopf bedeuten. In der Tat unterst\u00fctzt die\" \/>\n<meta property=\"og:url\" content=\"https:\/\/arbuti.com\/ro\/pierderea-parului-stres\/\" \/>\n<meta property=\"og:site_name\" content=\"ARBUTI Hair Salon\" \/>\n<meta property=\"article:publisher\" content=\"https:\/\/www.facebook.com\/Arbutihairsalon\/\" \/>\n<meta property=\"article:published_time\" content=\"2021-03-13T12:44:33+00:00\" \/>\n<meta property=\"article:modified_time\" content=\"2023-01-17T11:58:39+00:00\" \/>\n<meta property=\"og:image\" content=\"https:\/\/arbuti.com\/wp-content\/uploads\/2021\/03\/Haarausfall-Stress.jpg\" \/>\n\t<meta property=\"og:image:width\" content=\"1000\" \/>\n\t<meta property=\"og:image:height\" content=\"778\" \/>\n\t<meta property=\"og:image:type\" content=\"image\/jpeg\" \/>\n<meta name=\"author\" content=\"admin\" \/>\n<meta name=\"twitter:card\" content=\"summary_large_image\" \/>\n<meta name=\"twitter:label1\" content=\"Scris de\" \/>\n\t<meta name=\"twitter:data1\" content=\"admin\" \/>\n\t<meta name=\"twitter:label2\" content=\"Timp estimat pentru citire\" \/>\n\t<meta name=\"twitter:data2\" content=\"6 minute\" \/>\n<script type=\"application\/ld+json\" class=\"yoast-schema-graph\">{\"@context\":\"https:\/\/schema.org\",\"@graph\":[{\"@type\":\"Article\",\"@id\":\"https:\/\/arbuti.com\/haarausfall-stress\/#article\",\"isPartOf\":{\"@id\":\"https:\/\/arbuti.com\/haarausfall-stress\/\"},\"author\":{\"name\":\"admin\",\"@id\":\"https:\/\/arbuti.com\/fr\/#\/schema\/person\/d85bbf7b442ca0f812c3aa0ed9eece8f\"},\"headline\":\"Haarausfall Stress\",\"datePublished\":\"2021-03-13T12:44:33+00:00\",\"dateModified\":\"2023-01-17T11:58:39+00:00\",\"mainEntityOfPage\":{\"@id\":\"https:\/\/arbuti.com\/haarausfall-stress\/\"},\"wordCount\":1023,\"publisher\":{\"@id\":\"https:\/\/arbuti.com\/fr\/#organization\"},\"image\":{\"@id\":\"https:\/\/arbuti.com\/haarausfall-stress\/#primaryimage\"},\"thumbnailUrl\":\"https:\/\/arbuti.com\/wp-content\/uploads\/2021\/03\/Haarausfall-Stress.jpg\",\"articleSection\":[\"Haarausfall\"],\"inLanguage\":\"ro-RO\"},{\"@type\":\"WebPage\",\"@id\":\"https:\/\/arbuti.com\/haarausfall-stress\/\",\"url\":\"https:\/\/arbuti.com\/haarausfall-stress\/\",\"name\":\"Haarausfall Stress: Kann Stress zu Haarausfall f\u00fchren? Was tun?\",\"isPartOf\":{\"@id\":\"https:\/\/arbuti.com\/fr\/#website\"},\"primaryImageOfPage\":{\"@id\":\"https:\/\/arbuti.com\/haarausfall-stress\/#primaryimage\"},\"image\":{\"@id\":\"https:\/\/arbuti.com\/haarausfall-stress\/#primaryimage\"},\"thumbnailUrl\":\"https:\/\/arbuti.com\/wp-content\/uploads\/2021\/03\/Haarausfall-Stress.jpg\",\"datePublished\":\"2021-03-13T12:44:33+00:00\",\"dateModified\":\"2023-01-17T11:58:39+00:00\",\"description\":\"Haarausfall durch Stress was tun? Wir haben alle Fakten in Bezug auf Stress und Haarausfall und was hilft!\",\"breadcrumb\":{\"@id\":\"https:\/\/arbuti.com\/haarausfall-stress\/#breadcrumb\"},\"inLanguage\":\"ro-RO\",\"potentialAction\":[{\"@type\":\"ReadAction\",\"target\":[\"https:\/\/arbuti.com\/haarausfall-stress\/\"]}]},{\"@type\":\"ImageObject\",\"inLanguage\":\"ro-RO\",\"@id\":\"https:\/\/arbuti.com\/haarausfall-stress\/#primaryimage\",\"url\":\"https:\/\/arbuti.com\/wp-content\/uploads\/2021\/03\/Haarausfall-Stress.jpg\",\"contentUrl\":\"https:\/\/arbuti.com\/wp-content\/uploads\/2021\/03\/Haarausfall-Stress.jpg\",\"width\":1000,\"height\":778,\"caption\":\"Haarausfall-Stress\"},{\"@type\":\"BreadcrumbList\",\"@id\":\"https:\/\/arbuti.com\/haarausfall-stress\/#breadcrumb\",\"itemListElement\":[{\"@type\":\"ListItem\",\"position\":1,\"name\":\"ARBUTI\",\"item\":\"https:\/\/arbuti.com\/\"},{\"@type\":\"ListItem\",\"position\":2,\"name\":\"Haarausfall\",\"item\":\"https:\/\/arbuti.com\/fr\/categorie\/haarausfall\/\"},{\"@type\":\"ListItem\",\"position\":3,\"name\":\"Haarausfall Stress\"}]},{\"@type\":\"WebSite\",\"@id\":\"https:\/\/arbuti.com\/fr\/#website\",\"url\":\"https:\/\/arbuti.com\/fr\/\",\"name\":\"ARBUTI Hair Salon\",\"description\":\"Friseur M\u00fcnchen\",\"publisher\":{\"@id\":\"https:\/\/arbuti.com\/fr\/#organization\"},\"alternateName\":\"ARBUTI\",\"potentialAction\":[{\"@type\":\"SearchAction\",\"target\":{\"@type\":\"EntryPoint\",\"urlTemplate\":\"https:\/\/arbuti.com\/fr\/?s={search_term_string}\"},\"query-input\":{\"@type\":\"PropertyValueSpecification\",\"valueRequired\":true,\"valueName\":\"search_term_string\"}}],\"inLanguage\":\"ro-RO\"},{\"@type\":\"Organization\",\"@id\":\"https:\/\/arbuti.com\/fr\/#organization\",\"name\":\"ARBUTI Hair Salon\",\"alternateName\":\"ARBUTI\",\"url\":\"https:\/\/arbuti.com\/fr\/\",\"logo\":{\"@type\":\"ImageObject\",\"inLanguage\":\"ro-RO\",\"@id\":\"https:\/\/arbuti.com\/fr\/#\/schema\/logo\/image\/\",\"url\":\"https:\/\/arbuti.com\/wp-content\/uploads\/2020\/04\/cropped-Arbuti-Friseur-Muenchen.jpg\",\"contentUrl\":\"https:\/\/arbuti.com\/wp-content\/uploads\/2020\/04\/cropped-Arbuti-Friseur-Muenchen.jpg\",\"width\":512,\"height\":512,\"caption\":\"ARBUTI Hair Salon\"},\"image\":{\"@id\":\"https:\/\/arbuti.com\/fr\/#\/schema\/logo\/image\/\"},\"sameAs\":[\"https:\/\/www.facebook.com\/Arbutihairsalon\/\",\"https:\/\/www.instagram.com\/arbutihairsalon\/\",\"https:\/\/www.pinterest.de\/arbutihairsalon\/arbuti-hair-salon\/\"]},{\"@type\":\"Person\",\"@id\":\"https:\/\/arbuti.com\/fr\/#\/schema\/person\/d85bbf7b442ca0f812c3aa0ed9eece8f\",\"name\":\"admin\",\"image\":{\"@type\":\"ImageObject\",\"inLanguage\":\"ro-RO\",\"@id\":\"https:\/\/arbuti.com\/fr\/#\/schema\/person\/image\/\",\"url\":\"https:\/\/secure.gravatar.com\/avatar\/a5ca7376327017715559ffb9b376df51?s=96&d=mm&r=g\",\"contentUrl\":\"https:\/\/secure.gravatar.com\/avatar\/a5ca7376327017715559ffb9b376df51?s=96&d=mm&r=g\",\"caption\":\"admin\"}}]}<\/script>\n<!-- \/ Yoast SEO Premium plugin. -->","yoast_head_json":{"title":"Haarausfall Stress: Kann Stress zu Haarausfall f\u00fchren? Was tun?","description":"Haarausfall durch Stress was tun? Wir haben alle Fakten in Bezug auf Stress und Haarausfall und was hilft!","robots":{"index":"index","follow":"follow","max-snippet":"max-snippet:-1","max-image-preview":"max-image-preview:large","max-video-preview":"max-video-preview:-1"},"canonical":"https:\/\/arbuti.com\/ro\/pierderea-parului-stres\/","og_locale":"ro_RO","og_type":"article","og_title":"Haarausfall Stress","og_description":"Haarausfall Stress: Was kann ich tun? Der Stress ist hoch und f\u00fcr einige k\u00f6nnte dies weniger Haare auf dem Kopf bedeuten. In der Tat unterst\u00fctzt die","og_url":"https:\/\/arbuti.com\/ro\/pierderea-parului-stres\/","og_site_name":"ARBUTI Hair Salon","article_publisher":"https:\/\/www.facebook.com\/Arbutihairsalon\/","article_published_time":"2021-03-13T12:44:33+00:00","article_modified_time":"2023-01-17T11:58:39+00:00","og_image":[{"width":1000,"height":778,"url":"https:\/\/arbuti.com\/wp-content\/uploads\/2021\/03\/Haarausfall-Stress.jpg","type":"image\/jpeg"}],"author":"admin","twitter_card":"summary_large_image","twitter_misc":{"Scris de":"admin","Timp estimat pentru citire":"6 minute"},"schema":{"@context":"https:\/\/schema.org","@graph":[{"@type":"Article","@id":"https:\/\/arbuti.com\/haarausfall-stress\/#article","isPartOf":{"@id":"https:\/\/arbuti.com\/haarausfall-stress\/"},"author":{"name":"admin","@id":"https:\/\/arbuti.com\/fr\/#\/schema\/person\/d85bbf7b442ca0f812c3aa0ed9eece8f"},"headline":"Haarausfall Stress","datePublished":"2021-03-13T12:44:33+00:00","dateModified":"2023-01-17T11:58:39+00:00","mainEntityOfPage":{"@id":"https:\/\/arbuti.com\/haarausfall-stress\/"},"wordCount":1023,"publisher":{"@id":"https:\/\/arbuti.com\/fr\/#organization"},"image":{"@id":"https:\/\/arbuti.com\/haarausfall-stress\/#primaryimage"},"thumbnailUrl":"https:\/\/arbuti.com\/wp-content\/uploads\/2021\/03\/Haarausfall-Stress.jpg","articleSection":["Haarausfall"],"inLanguage":"ro-RO"},{"@type":"WebPage","@id":"https:\/\/arbuti.com\/haarausfall-stress\/","url":"https:\/\/arbuti.com\/haarausfall-stress\/","name":"Haarausfall Stress: Kann Stress zu Haarausfall f\u00fchren? Was tun?","isPartOf":{"@id":"https:\/\/arbuti.com\/fr\/#website"},"primaryImageOfPage":{"@id":"https:\/\/arbuti.com\/haarausfall-stress\/#primaryimage"},"image":{"@id":"https:\/\/arbuti.com\/haarausfall-stress\/#primaryimage"},"thumbnailUrl":"https:\/\/arbuti.com\/wp-content\/uploads\/2021\/03\/Haarausfall-Stress.jpg","datePublished":"2021-03-13T12:44:33+00:00","dateModified":"2023-01-17T11:58:39+00:00","description":"Haarausfall durch Stress was tun? Wir haben alle Fakten in Bezug auf Stress und Haarausfall und was hilft!","breadcrumb":{"@id":"https:\/\/arbuti.com\/haarausfall-stress\/#breadcrumb"},"inLanguage":"ro-RO","potentialAction":[{"@type":"ReadAction","target":["https:\/\/arbuti.com\/haarausfall-stress\/"]}]},{"@type":"ImageObject","inLanguage":"ro-RO","@id":"https:\/\/arbuti.com\/haarausfall-stress\/#primaryimage","url":"https:\/\/arbuti.com\/wp-content\/uploads\/2021\/03\/Haarausfall-Stress.jpg","contentUrl":"https:\/\/arbuti.com\/wp-content\/uploads\/2021\/03\/Haarausfall-Stress.jpg","width":1000,"height":778,"caption":"Haarausfall-Stress"},{"@type":"BreadcrumbList","@id":"https:\/\/arbuti.com\/haarausfall-stress\/#breadcrumb","itemListElement":[{"@type":"ListItem","position":1,"name":"ARBUTI","item":"https:\/\/arbuti.com\/"},{"@type":"ListItem","position":2,"name":"Haarausfall","item":"https:\/\/arbuti.com\/fr\/categorie\/haarausfall\/"},{"@type":"ListItem","position":3,"name":"Haarausfall Stress"}]},{"@type":"WebSite","@id":"https:\/\/arbuti.com\/fr\/#website","url":"https:\/\/arbuti.com\/fr\/","name":"ARBUTI Hair Salon","description":"Friseur M\u00fcnchen","publisher":{"@id":"https:\/\/arbuti.com\/fr\/#organization"},"alternateName":"ARBUTI","potentialAction":[{"@type":"SearchAction","target":{"@type":"EntryPoint","urlTemplate":"https:\/\/arbuti.com\/fr\/?s={search_term_string}"},"query-input":{"@type":"PropertyValueSpecification","valueRequired":true,"valueName":"search_term_string"}}],"inLanguage":"ro-RO"},{"@type":"Organization","@id":"https:\/\/arbuti.com\/fr\/#organization","name":"ARBUTI Hair Salon","alternateName":"ARBUTI","url":"https:\/\/arbuti.com\/fr\/","logo":{"@type":"ImageObject","inLanguage":"ro-RO","@id":"https:\/\/arbuti.com\/fr\/#\/schema\/logo\/image\/","url":"https:\/\/arbuti.com\/wp-content\/uploads\/2020\/04\/cropped-Arbuti-Friseur-Muenchen.jpg","contentUrl":"https:\/\/arbuti.com\/wp-content\/uploads\/2020\/04\/cropped-Arbuti-Friseur-Muenchen.jpg","width":512,"height":512,"caption":"ARBUTI Hair Salon"},"image":{"@id":"https:\/\/arbuti.com\/fr\/#\/schema\/logo\/image\/"},"sameAs":["https:\/\/www.facebook.com\/Arbutihairsalon\/","https:\/\/www.instagram.com\/arbutihairsalon\/","https:\/\/www.pinterest.de\/arbutihairsalon\/arbuti-hair-salon\/"]},{"@type":"Person","@id":"https:\/\/arbuti.com\/fr\/#\/schema\/person\/d85bbf7b442ca0f812c3aa0ed9eece8f","name":"admin","image":{"@type":"ImageObject","inLanguage":"ro-RO","@id":"https:\/\/arbuti.com\/fr\/#\/schema\/person\/image\/","url":"https:\/\/secure.gravatar.com\/avatar\/a5ca7376327017715559ffb9b376df51?s=96&d=mm&r=g","contentUrl":"https:\/\/secure.gravatar.com\/avatar\/a5ca7376327017715559ffb9b376df51?s=96&d=mm&r=g","caption":"admin"}}]}},"uagb_featured_image_src":{"full":["https:\/\/arbuti.com\/wp-content\/uploads\/2021\/03\/Haarausfall-Stress.jpg",1000,778,false],"thumbnail":["https:\/\/arbuti.com\/wp-content\/uploads\/2021\/03\/Haarausfall-Stress-150x150.jpg",150,150,true],"medium":["https:\/\/arbuti.com\/wp-content\/uploads\/2021\/03\/Haarausfall-Stress-300x233.jpg",300,233,true],"medium_large":["https:\/\/arbuti.com\/wp-content\/uploads\/2021\/03\/Haarausfall-Stress-768x598.jpg",768,598,true],"large":["https:\/\/arbuti.com\/wp-content\/uploads\/2021\/03\/Haarausfall-Stress.jpg",1000,778,false],"1536x1536":["https:\/\/arbuti.com\/wp-content\/uploads\/2021\/03\/Haarausfall-Stress.jpg",1000,778,false],"2048x2048":["https:\/\/arbuti.com\/wp-content\/uploads\/2021\/03\/Haarausfall-Stress.jpg",1000,778,false],"trp-custom-language-flag":["https:\/\/arbuti.com\/wp-content\/uploads\/2021\/03\/Haarausfall-Stress.jpg",15,12,false],"wp_review_large":["https:\/\/arbuti.com\/wp-content\/uploads\/2021\/03\/Haarausfall-Stress-320x200.jpg",320,200,true],"wp_review_small":["https:\/\/arbuti.com\/wp-content\/uploads\/2021\/03\/Haarausfall-Stress-65x65.jpg",65,65,true]},"uagb_author_info":{"display_name":"admin","author_link":"https:\/\/arbuti.com\/ro\/author\/admin\/"},"uagb_comment_info":0,"uagb_excerpt":"Haarausfall Stress: Was kann ich tun? Der Stress ist hoch und f\u00fcr einige k\u00f6nnte dies weniger Haare auf dem Kopf [&hellip;]","_links":{"self":[{"href":"https:\/\/arbuti.com\/ro\/wp-json\/wp\/v2\/posts\/8480","targetHints":{"allow":["GET"]}}],"collection":[{"href":"https:\/\/arbuti.com\/ro\/wp-json\/wp\/v2\/posts"}],"about":[{"href":"https:\/\/arbuti.com\/ro\/wp-json\/wp\/v2\/types\/post"}],"author":[{"embeddable":true,"href":"https:\/\/arbuti.com\/ro\/wp-json\/wp\/v2\/users\/1"}],"replies":[{"embeddable":true,"href":"https:\/\/arbuti.com\/ro\/wp-json\/wp\/v2\/comments?post=8480"}],"version-history":[{"count":7,"href":"https:\/\/arbuti.com\/ro\/wp-json\/wp\/v2\/posts\/8480\/revisions"}],"predecessor-version":[{"id":13565,"href":"https:\/\/arbuti.com\/ro\/wp-json\/wp\/v2\/posts\/8480\/revisions\/13565"}],"wp:featuredmedia":[{"embeddable":true,"href":"https:\/\/arbuti.com\/ro\/wp-json\/wp\/v2\/media\/8483"}],"wp:attachment":[{"href":"https:\/\/arbuti.com\/ro\/wp-json\/wp\/v2\/media?parent=8480"}],"wp:term":[{"taxonomy":"category","embeddable":true,"href":"https:\/\/arbuti.com\/ro\/wp-json\/wp\/v2\/categories?post=8480"},{"taxonomy":"post_tag","embeddable":true,"href":"https:\/\/arbuti.com\/ro\/wp-json\/wp\/v2\/tags?post=8480"}],"curies":[{"name":"wp","href":"https:\/\/api.w.org\/{rel}","templated":true}]}}