{"id":6822,"date":"2021-01-25T14:38:21","date_gmt":"2021-01-25T14:38:21","guid":{"rendered":"https:\/\/arbuti.com\/?p=6822"},"modified":"2024-04-18T07:03:28","modified_gmt":"2024-04-18T07:03:28","slug":"haarschneideschere","status":"publish","type":"post","link":"https:\/\/arbuti.com\/ro\/foarfece-de-tuns\/","title":{"rendered":"Foarfec\u0103 de tuns"},"content":{"rendered":"<h1 class=\"wp-block-heading has-text-align-center\" id=\"h-haarschneideschere-die-5-besten-haarscheren\">Foarfec\u0103 de tuns: Cele mai bune 5 foarfeci de p\u0103r<\/h1>\n\n\n\n<p class=\"has-text-align-center\">Dori\u021bi s\u0103 v\u0103 t\u0103ia\u021bi v\u00e2rfurile p\u0103rului \u00een mod profesional sau s\u0103 v\u0103 tunde\u021bi prietenul sau pe dumneavoastr\u0103? Exist\u0103 multe motive pentru a cump\u0103ra foarfece de tuns de \u00eenalt\u0103 calitate. Dar care sunt modelele care v\u0103 ofer\u0103 cel mai bun raport calitate-pre\u021b? \u00ce\u021bi spunem noi, \u00een Top 6 (Nou!)<\/p>\n\n\n\n\n\n\n<figure class=\"wp-block-image aligncenter size-large is-resized\"><img loading=\"lazy\" decoding=\"async\" width=\"900\" height=\"700\" src=\"https:\/\/arbuti.com\/wp-content\/uploads\/2021\/01\/Haarschneideschere.jpg\" alt=\"Foarfec\u0103 de tuns\" class=\"wp-image-6823\" style=\"aspect-ratio:1.2862669245647969;width:659px;height:auto\" srcset=\"https:\/\/arbuti.com\/wp-content\/uploads\/2021\/01\/Haarschneideschere.jpg 900w, https:\/\/arbuti.com\/wp-content\/uploads\/2021\/01\/Haarschneideschere-300x233.jpg 300w, https:\/\/arbuti.com\/wp-content\/uploads\/2021\/01\/Haarschneideschere-768x597.jpg 768w, https:\/\/arbuti.com\/wp-content\/uploads\/2021\/01\/Haarschneideschere-200x156.jpg 200w, https:\/\/arbuti.com\/wp-content\/uploads\/2021\/01\/Haarschneideschere-400x311.jpg 400w, https:\/\/arbuti.com\/wp-content\/uploads\/2021\/01\/Haarschneideschere-600x467.jpg 600w, https:\/\/arbuti.com\/wp-content\/uploads\/2021\/01\/Haarschneideschere-800x622.jpg 800w\" sizes=\"auto, (max-width: 900px) 100vw, 900px\" \/><\/figure>\n\n\n\n<h2 class=\"wp-block-heading\">Foarfec\u0103 de tuns foarfece de p\u0103r Test&nbsp;<\/h2>\n\n\n\n<p>S\u0103 fim sinceri: v-a\u021bi tuns vreodat\u0103 cu o foarfec\u0103? Acest lucru nu numai c\u0103 deterioreaz\u0103 foarfecele, ci \u0219i p\u0103rul. Pentru c\u0103 nu v\u0103 pute\u021bi tunde p\u0103rul dec\u00e2t cu o foarfec\u0103 potrivit\u0103, astfel \u00eenc\u00e2t s\u0103 v\u0103 pute\u021bi bucura de el pentru o perioad\u0103 lung\u0103 de timp. Cu toate acestea, exist\u0103 diferen\u021be mari \u00eentre diferitele foarfeci de tuns, de la pre\u021b la form\u0103 \u0219i func\u021bie. Nu trebuie neap\u0103rat s\u0103 cump\u0103ra\u021bi <strong>Foarfece de p\u0103r coaforii<\/strong> Dac\u0103 folosi\u021bi acela\u0219i model acas\u0103, c\u00e2\u0219tig\u0103torii testului nostru vor fi suficien\u021bi. Ce model este cel mai potrivit pentru utilizarea la domiciliu? \u00ce\u021bi vom spune \u00een testul nostru cu foarfeca de p\u0103r. <\/p>\n\n\n\n<div style=\"height:35px\" aria-hidden=\"true\" class=\"wp-block-spacer\"><\/div>\n\n\n\n<h2 class=\"wp-block-heading has-text-align-center has-text-color\" id=\"h-die-6-besten-haarschneidescheren-fur-zu-hause\" style=\"color:#477880\">Cele mai bune 6 foarfece de tuns pentru cas\u0103<\/h2>\n\n\n\n<hr class=\"wp-block-separator has-css-opacity\"\/>\n\n\n\n<div style=\"height:44px\" aria-hidden=\"true\" class=\"wp-block-spacer\"><\/div>\n\n\n\n<h3 class=\"wp-block-heading has-text-align-center\" id=\"h-1-platz-3-teiliges-haarscheren-set\">Locul 1: Set de foarfece de p\u0103r din 3 piese<\/h3>\n\n\n\n<figure class=\"wp-block-image aligncenter size-large is-resized\"><a href=\"https:\/\/amzn.to\/3KSHA28\" target=\"_blank\" rel=\"nofollow noopener\"><img loading=\"lazy\" decoding=\"async\" width=\"700\" height=\"525\" src=\"https:\/\/arbuti.com\/wp-content\/uploads\/2021\/01\/Haarschneideschere-Test.jpg\" alt=\"Foarfec\u0103 de tuns\" class=\"wp-image-6824\" style=\"aspect-ratio:1.33248730964467;width:519px;height:auto\" srcset=\"https:\/\/arbuti.com\/wp-content\/uploads\/2021\/01\/Haarschneideschere-Test.jpg 700w, https:\/\/arbuti.com\/wp-content\/uploads\/2021\/01\/Haarschneideschere-Test-300x225.jpg 300w, https:\/\/arbuti.com\/wp-content\/uploads\/2021\/01\/Haarschneideschere-Test-200x150.jpg 200w, https:\/\/arbuti.com\/wp-content\/uploads\/2021\/01\/Haarschneideschere-Test-400x300.jpg 400w, https:\/\/arbuti.com\/wp-content\/uploads\/2021\/01\/Haarschneideschere-Test-600x450.jpg 600w\" sizes=\"auto, (max-width: 700px) 100vw, 700px\" \/><\/a><\/figure>\n\n\n\n<p>Acest set de foarfece de p\u0103r este num\u0103rul 1. De ce? Con\u021bine tot ce ai nevoie \u00een materie de foarfece de tuns, de \u00eenalt\u0103 calitate \u0219i la un pre\u021b corect de pu\u021bin sub 35 de euro. Perechea principal\u0103 de foarfece de p\u0103r are o micro-sertare care ajut\u0103 la prevenirea alunec\u0103rii p\u0103rului atunci c\u00e2nd \u00eenchide\u021bi foarfeca, ceea ce reprezint\u0103 un mare avantaj, mai ales pentru cei care nu sunt foarte experimenta\u021bi. Exist\u0103, de asemenea, o pereche de foarfece pe ambele p\u0103r\u021bi. <strong>foarfec\u0103 zim\u021bat\u0103 pentru efigii<\/strong>\u00cel pute\u021bi folosi pentru a v\u0103 sub\u021bia p\u0103rul \u00een mod uniform. Acesta este un avantaj \u00een cazul \u00een care p\u0103rul dvs. pare prea voluminos sau prea gros \u00eentr-o singur\u0103 zon\u0103. Este inclus\u0103 \u0219i o pereche de foarfeci de modelaj cu din\u021bi pe o parte. <\/p>\n\n\n\n<p>Le pute\u021bi folosi, de exemplu, pentru a v\u0103 absolvi p\u0103rul sau pentru a crea tranzi\u021bii. Toate foarfecile sunt fabricate din o\u021bel inoxidabil, suprafe\u021bele sunt mate, iar lungimea total\u0103 a foarfecii este de aproximativ 16,5 cm. Rezultatul t\u0103ierii este conving\u0103tor \u0219i, cu pu\u021bin\u0103 practic\u0103, chiar \u0219i utilizatorii neexperimenta\u021bi se pot descurca foarte bine cu foarfeca. M\u00e2nerele pentru degete, numite \"ochi\", sunt destul de \u00eenguste, ceea ce permite, de asemenea, femeilor cu degete destul de sub\u021biri o bun\u0103 prindere. Dac\u0103 dori\u021bi, pute\u021bi, de asemenea, s\u0103 \u00eendep\u0103rta\u021bi inser\u021biile din plastic negru \u0219i astfel s\u0103 m\u0103ri\u021bi ochii pentru degetele mai groase. Toate produsele noastre accesibile la num\u0103rul 1.<\/p>\n\n\n\n<ul class=\"wp-block-list\">\n<li>Tot ce ave\u021bi nevoie<\/li>\n\n\n\n<li>Calitate ridicat\u0103 la un pre\u021b corect<\/li>\n\n\n\n<li>G\u0103uri pentru degete (ochiuri) potrivite pentru degete sub\u021biri \u0219i mai groase<\/li>\n<\/ul>\n\n\n\n<div class=\"wp-block-buttons is-layout-flex wp-block-buttons-is-layout-flex\">\n<div class=\"wp-block-button\"><a class=\"wp-block-button__link no-border-radius wp-element-button\" href=\"https:\/\/amzn.to\/3KSHA28\" target=\"_blank\" rel=\"nofollow noopener\">Amazon<\/a><\/div>\n<\/div>\n\n\n\n<hr class=\"wp-block-separator has-css-opacity is-style-wide\"\/>\n\n\n\n<div style=\"height:29px\" aria-hidden=\"true\" class=\"wp-block-spacer\"><\/div>\n\n\n\n<h3 class=\"wp-block-heading has-text-align-center\" id=\"h-2-platz-jaguar-haarschneideschere\">Locul 2: Foarfec\u0103 de tuns Jaguar<\/h3>\n\n\n\n<figure class=\"wp-block-image aligncenter size-large is-resized\"><a href=\"https:\/\/amzn.to\/3kMA0f6\"><img loading=\"lazy\" decoding=\"async\" width=\"700\" height=\"525\" src=\"https:\/\/arbuti.com\/wp-content\/uploads\/2021\/01\/Haarschere.jpg\" alt=\"Foarfec\u0103 de p\u0103r\" class=\"wp-image-6825\" style=\"aspect-ratio:1.2857142857142858;width:398px;height:auto\" srcset=\"https:\/\/arbuti.com\/wp-content\/uploads\/2021\/01\/Haarschere.jpg 700w, https:\/\/arbuti.com\/wp-content\/uploads\/2021\/01\/Haarschere-300x225.jpg 300w, https:\/\/arbuti.com\/wp-content\/uploads\/2021\/01\/Haarschere-200x150.jpg 200w, https:\/\/arbuti.com\/wp-content\/uploads\/2021\/01\/Haarschere-400x300.jpg 400w, https:\/\/arbuti.com\/wp-content\/uploads\/2021\/01\/Haarschere-600x450.jpg 600w\" sizes=\"auto, (max-width: 700px) 100vw, 700px\" \/><\/a><\/figure>\n\n\n\n<p>Foarfecele de tuns Jaguar sunt poate cele mai bune din domeniul de testare. Din cauza pre\u021bului destul de ridicat, de pu\u021bin peste 40 de euro, \u00eel plas\u0103m pe locul al doilea. Dac\u0103 dori\u021bi (sau trebuie) s\u0103 v\u0103 tunde\u021bi \u00een mod regulat propriul p\u0103r sau pe cel al unui membru al familiei \u0219i pune\u021bi calitatea mult mai presus de pre\u021b, modelul Jaguar este cea mai bun\u0103 alegere. Standardul profesional poate fi recunoscut, printre altele, prin c\u00e2rligul cu \u0219urub pentru degete, prin opritor \u0219i prin inser\u021biile moi din ochi. Foarfecele Jaguar sunt, de asemenea, micro-dantelate, iar din punct de vedere ergonomic ofer\u0103 avantaje speciale datorit\u0103 ochiului degetului mare decalat \u0219i suportului pentru degete. Compania \u00een sine are sediul \u00een Solingen \u0219i acum face parte din Zwilling, care produce, printre altele, \u0219i cu\u021bite de buc\u0103t\u0103rie pentru uz profesional. Pe l\u00e2ng\u0103 ergonomia pl\u0103cut\u0103, foarfecele impresioneaz\u0103, de asemenea, printr-o t\u0103iere foarte ascu\u021bit\u0103 \u0219i las\u0103 o impresie general\u0103 de foarte bun\u0103 calitate. Foarfece foarte bune la un pre\u021b rezonabil<\/p>\n\n\n\n<ul class=\"wp-block-list\">\n<li>Companii din Germania<\/li>\n\n\n\n<li>Ergonomie pl\u0103cut\u0103<\/li>\n\n\n\n<li>T\u0103ietur\u0103 foarte ascu\u021bit\u0103<\/li>\n<\/ul>\n\n\n\n<div class=\"wp-block-buttons is-layout-flex wp-block-buttons-is-layout-flex\">\n<div class=\"wp-block-button\"><a class=\"wp-block-button__link no-border-radius wp-element-button\" href=\"https:\/\/amzn.to\/3kMA0f6\" target=\"_blank\" rel=\"nofollow noopener\">Amazon<\/a><\/div>\n<\/div>\n\n\n\n<hr class=\"wp-block-separator has-css-opacity is-style-wide\"\/>\n\n\n\n<div style=\"height:29px\" aria-hidden=\"true\" class=\"wp-block-spacer\"><\/div>\n\n\n\n<h3 class=\"wp-block-heading has-text-align-center\" id=\"h-3-platz-dream-reach-haarschere\">Locul 3: Foarfec\u0103 de p\u0103r Dream Reach<\/h3>\n\n\n\n<figure class=\"wp-block-image aligncenter size-large is-resized\"><a href=\"https:\/\/amzn.to\/3y6PihR\" target=\"_blank\" rel=\"nofollow noopener\"><img loading=\"lazy\" decoding=\"async\" width=\"700\" height=\"525\" src=\"https:\/\/arbuti.com\/wp-content\/uploads\/2021\/01\/haarschneideschere-beste.jpg\" alt=\"Foarfec\u0103 de tuns\" class=\"wp-image-6826\" style=\"aspect-ratio:1.273356401384083;width:362px;height:auto\" srcset=\"https:\/\/arbuti.com\/wp-content\/uploads\/2021\/01\/haarschneideschere-beste.jpg 700w, https:\/\/arbuti.com\/wp-content\/uploads\/2021\/01\/haarschneideschere-beste-300x225.jpg 300w, https:\/\/arbuti.com\/wp-content\/uploads\/2021\/01\/haarschneideschere-beste-200x150.jpg 200w, https:\/\/arbuti.com\/wp-content\/uploads\/2021\/01\/haarschneideschere-beste-400x300.jpg 400w, https:\/\/arbuti.com\/wp-content\/uploads\/2021\/01\/haarschneideschere-beste-600x450.jpg 600w\" sizes=\"auto, (max-width: 700px) 100vw, 700px\" \/><\/a><\/figure>\n\n\n\n<p>La 6 inci sau echivalentul a aproximativ 15,2 cm, foarfecele de tuns de la Dream Reach sunt ceva mai mici. Ochii sunt, de asemenea, \u00een mod corespunz\u0103tor mai mici, motiv pentru care foarfecele este deosebit de potrivit pentru persoanele cu degete mai \u00eenguste. Foarfecele sunt fabricate manual \u00een Japonia \u0219i \u00eenc\u00e2nt\u0103 prin calitatea lor \u00eenalt\u0103 \u0219i prin ergonomia asimetric\u0103 reu\u0219it\u0103. La fel ca \u00een cazul modelului Jaguar, exist\u0103 un dop \u0219i un c\u00e2rlig pentru deget, dar acestea nu pot fi de\u0219urubate \u0219i nu exist\u0103 intarsii \u00een inelele pentru ochi. Pe de alt\u0103 parte, modelul este considerabil mai ieftin, la pu\u021bin peste 23 de euro. Alte puncte pozitive includ lama convex\u0103 \u0219i \u0219urubul de reglare fin\u0103 a tensiunii, numit oarecum ciudat, dintre cele dou\u0103 lame, care poate fi folosit pentru a sl\u0103bi sau str\u00e2nge foarfecele \u00een func\u021bie de necesit\u0103\u021bi. Utilizatorii sunt entuziasma\u021bi \u00een general de claritatea ridicat\u0103, de ergonomie \u0219i de echilibru. A\u0219adar, dac\u0103 sunte\u021bi \u00een c\u0103utarea unei perechi de foarfece de tuns cu un raport pre\u021b-performan\u021b\u0103 foarte bun, a\u021bi ajuns la locul potrivit!<\/p>\n\n\n\n<ul class=\"wp-block-list\">\n<li>Raport pre\u021b-performan\u021b\u0103 foarte bun<\/li>\n\n\n\n<li>Design ergonomic<\/li>\n\n\n\n<li>Artizanat japonez<\/li>\n<\/ul>\n\n\n\n<div class=\"wp-block-buttons is-layout-flex wp-block-buttons-is-layout-flex\">\n<div class=\"wp-block-button\"><a class=\"wp-block-button__link no-border-radius wp-element-button\" href=\"https:\/\/amzn.to\/3y6PihR\" target=\"_blank\" rel=\"nofollow noopener\">Amazon<\/a><\/div>\n<\/div>\n\n\n\n<hr class=\"wp-block-separator has-css-opacity is-style-wide\"\/>\n\n\n\n<div style=\"height:29px\" aria-hidden=\"true\" class=\"wp-block-spacer\"><\/div>\n\n\n\n<h3 class=\"wp-block-heading has-text-align-center\" id=\"h-4-platz-dighealth-haarschneidescheren-set\">4.place: Set de foarfece de tuns DigHealth<\/h3>\n\n\n\n<figure class=\"wp-block-image aligncenter size-large is-resized\"><a href=\"https:\/\/amzn.to\/3ya6gf8\" target=\"_blank\" rel=\"nofollow noopener\"><img loading=\"lazy\" decoding=\"async\" width=\"700\" height=\"700\" src=\"https:\/\/arbuti.com\/wp-content\/uploads\/2021\/01\/Haarschneideschere-2.jpg\" alt=\"Foarfec\u0103 de tuns\" class=\"wp-image-10005\" style=\"width:517px;height:auto\" srcset=\"https:\/\/arbuti.com\/wp-content\/uploads\/2021\/01\/Haarschneideschere-2.jpg 700w, https:\/\/arbuti.com\/wp-content\/uploads\/2021\/01\/Haarschneideschere-2-300x300.jpg 300w, https:\/\/arbuti.com\/wp-content\/uploads\/2021\/01\/Haarschneideschere-2-150x150.jpg 150w, https:\/\/arbuti.com\/wp-content\/uploads\/2021\/01\/Haarschneideschere-2-12x12.jpg 12w, https:\/\/arbuti.com\/wp-content\/uploads\/2021\/01\/Haarschneideschere-2-65x65.jpg 65w\" sizes=\"auto, (max-width: 700px) 100vw, 700px\" \/><\/a><\/figure>\n\n\n\n<p>La prima vedere, designul setului de foarfeci DigHealth este deosebit de izbitor. Foarfec\u0103 neagr\u0103 cu \u0219uruburi de culoare aurie - care arat\u0103 nobil \u0219i de \u00eenalt\u0103 calitate. Designul avantajos din punct de vedere ergonomic, cu o parte mai scurt\u0103 \u0219i c\u00e2rligul integrat pentru degete, este, de asemenea, imediat atr\u0103g\u0103tor \u0219i subliniaz\u0103 impresia de \u00eenalt\u0103 calitate. Ca \u0219i \u00een cazul modelului de la Dream Reach, \u0219uruburile de reglare fin\u0103 sunt folosite pentru a face foarfecele mai fin sau pu\u021bin mai str\u00e2ns. Pe l\u00e2ng\u0103 foarfecele normal de tuns, setul include \u0219i o pereche de foarfece cu un singur dinte pentru efigii, precum \u0219i un pieptene, un pieptene pentru \u00eengrijirea hainei \u0219i doi piepteni pentru tuns. <a href=\"https:\/\/arbuti.com\/ro\/agrafe-de-par\/\">Agrafe de p\u0103r<\/a> \u00eenchis\u0103. O hus\u0103 din piele completeaz\u0103 impresia general\u0103 pozitiv\u0103 \u0219i ne permite s\u0103 trecem cu vederea formul\u0103rile oarecum ciudate de pe pagina Amazon cu con\u0219tiin\u021ba \u00eemp\u0103cat\u0103. Ascu\u021bimea \u0219i calitatea sunt, de asemenea, conving\u0103toare, ceea ce face ca setul Sintave s\u0103 fie nu numai ideal pentru t\u0103ierea p\u0103rului acas\u0103, ci \u0219i un cadou frumos \u0219i elegant.<\/p>\n\n\n\n<ul class=\"wp-block-list\">\n<li>Design \u0219ic \u00een negru \u0219i auriu<\/li>\n\n\n\n<li>Set cuprinz\u0103tor<\/li>\n\n\n\n<li>Hus\u0103 din piele inclus\u0103<\/li>\n<\/ul>\n\n\n\n<div class=\"wp-block-buttons is-layout-flex wp-block-buttons-is-layout-flex\">\n<div class=\"wp-block-button\"><a class=\"wp-block-button__link no-border-radius wp-element-button\" href=\"https:\/\/amzn.to\/3ya6gf8\" target=\"_blank\" rel=\"nofollow noopener\">Amazon<\/a><\/div>\n<\/div>\n\n\n\n<hr class=\"wp-block-separator has-css-opacity is-style-wide\"\/>\n\n\n\n<div style=\"height:29px\" aria-hidden=\"true\" class=\"wp-block-spacer\"><\/div>\n\n\n\n<h3 class=\"wp-block-heading has-text-align-center\" id=\"h-5-platz-kinsaro-professionelle-haarschere\">Locul 5: Foarfec\u0103 de p\u0103r profesional\u0103 Kinsaro<\/h3>\n\n\n\n<figure class=\"wp-block-image aligncenter size-large is-resized\"><a href=\"https:\/\/amzn.to\/2MqZdKf\"><img loading=\"lazy\" decoding=\"async\" width=\"700\" height=\"525\" src=\"https:\/\/arbuti.com\/wp-content\/uploads\/2021\/01\/haarschneideschere-1.jpg\" alt=\"foarfece de tuns\" class=\"wp-image-6828\" style=\"aspect-ratio:1.2781456953642385;width:392px;height:auto\" srcset=\"https:\/\/arbuti.com\/wp-content\/uploads\/2021\/01\/haarschneideschere-1.jpg 700w, https:\/\/arbuti.com\/wp-content\/uploads\/2021\/01\/haarschneideschere-1-300x225.jpg 300w, https:\/\/arbuti.com\/wp-content\/uploads\/2021\/01\/haarschneideschere-1-200x150.jpg 200w, https:\/\/arbuti.com\/wp-content\/uploads\/2021\/01\/haarschneideschere-1-400x300.jpg 400w, https:\/\/arbuti.com\/wp-content\/uploads\/2021\/01\/haarschneideschere-1-600x450.jpg 600w\" sizes=\"auto, (max-width: 700px) 100vw, 700px\" \/><\/a><\/figure>\n\n\n\n<p>Foarfecele de la Kinsaro, de asemenea, atrag imediat aten\u021bia, din dou\u0103 motive. \u00cen primul r\u00e2nd, pre\u021bul de pu\u021bin sub 40 de euro este destul de ridicat \u0219i ridic\u0103 a\u0219tept\u0103ri de calitate corespunz\u0103toare. \u00cen al doilea r\u00e2nd, forma lamelor este unic\u0103. Acestea sunt mult mai groase dec\u00e2t cele ale altor produc\u0103tori, iar produc\u0103torul le nume\u0219te \"\u00een form\u0103 de sabie\". Aceast\u0103 form\u0103 ar trebui s\u0103 creeze o presiune de t\u0103iere mai mare \u0219i s\u0103 permit\u0103 astfel o t\u0103iere mai u\u0219oar\u0103, \u00een special a p\u0103rului mai gros. <\/p>\n\n\n\n<p>Conexiunea cu \u0219uruburi cu rulmen\u021bi cu bile este o caracteristic\u0103 pozitiv\u0103, iar designul ergonomic cu c\u00e2rlig pentru degete \u0219i opritor este, de asemenea, imediat atr\u0103g\u0103tor. Lungimea total\u0103 este de 16,7 cm, ceea ce face ca foarfeca s\u0103 fie potrivit\u0103 pentru m\u00e2inile mari. \u00cen ceea ce prive\u0219te materialul, ca \u0219i \u00een cazul modelului Dream Reach, se folose\u0219te o\u021bel japonez 440c. O baz\u0103 bun\u0103 \u0219i solid\u0103 pentru o ascu\u021bime de lung\u0103 durat\u0103. \u00cen ciuda pre\u021bului destul de ridicat, raportul pre\u021b-performan\u021b\u0103 este mai mult dec\u00e2t adecvat. Cu designul s\u0103u unic, foarfeca este deosebit de potrivit\u0103 pentru t\u0103ieturi de mare precizie prin mult p\u0103r sau p\u0103r gros \u0219i uscat.&nbsp;<\/p>\n\n\n\n<ul class=\"wp-block-list\">\n<li>Form\u0103 unic\u0103<\/li>\n\n\n\n<li>Conexiune cu \u0219urub cu rulmen\u021bi cu bile<\/li>\n\n\n\n<li>O\u021bel japonez 440c de \u00eenalt\u0103 rezisten\u021b\u0103<\/li>\n<\/ul>\n\n\n\n<div class=\"wp-block-buttons is-layout-flex wp-block-buttons-is-layout-flex\">\n<div class=\"wp-block-button\"><a class=\"wp-block-button__link no-border-radius wp-element-button\" href=\"https:\/\/amzn.to\/2MqZdKf\" target=\"_blank\" rel=\"nofollow noopener\">Amazon<\/a><\/div>\n<\/div>\n\n\n\n<hr class=\"wp-block-separator has-css-opacity is-style-wide\"\/>\n\n\n\n<div style=\"height:29px\" aria-hidden=\"true\" class=\"wp-block-spacer\"><\/div>\n\n\n\n<h3 class=\"wp-block-heading has-text-align-center\" id=\"h-6-platz-john-professionelle-regenbogen-haarschneideschere\">Locul 6: Foarfecele de tuns JOHN Professional Rainbow Haircutting Scissors<\/h3>\n\n\n\n<figure class=\"wp-block-image aligncenter size-large is-resized\"><a href=\"https:\/\/amzn.to\/2W875Fs\" target=\"_blank\" rel=\"nofollow noopener\"><img loading=\"lazy\" decoding=\"async\" width=\"700\" height=\"525\" src=\"https:\/\/arbuti.com\/wp-content\/uploads\/2021\/01\/haarschneideschere-test-neu.jpg\" alt=\"Foarfec\u0103 de p\u0103r\" class=\"wp-image-6829\" style=\"aspect-ratio:1.3112582781456954;width:398px;height:auto\" srcset=\"https:\/\/arbuti.com\/wp-content\/uploads\/2021\/01\/haarschneideschere-test-neu.jpg 700w, https:\/\/arbuti.com\/wp-content\/uploads\/2021\/01\/haarschneideschere-test-neu-300x225.jpg 300w, https:\/\/arbuti.com\/wp-content\/uploads\/2021\/01\/haarschneideschere-test-neu-200x150.jpg 200w, https:\/\/arbuti.com\/wp-content\/uploads\/2021\/01\/haarschneideschere-test-neu-400x300.jpg 400w, https:\/\/arbuti.com\/wp-content\/uploads\/2021\/01\/haarschneideschere-test-neu-600x450.jpg 600w\" sizes=\"auto, (max-width: 700px) 100vw, 700px\" \/><\/a><\/figure>\n\n\n\n<p>Locul 6 este ocupat de o persoan\u0103 exotic\u0103. Foarfecele John se remarc\u0103 din mai multe motive. Cel mai izbitor este, desigur, designul. Lame de culoarea curcubeului, un \u0219urub de reglare prev\u0103zut cu pietre str\u0103lucitoare - foarfecele este o adev\u0103rat\u0103 atrac\u021bie pentru ochi! Dar mai este ceva ce merit\u0103 men\u021bionat \u0219i din punct de vedere tehnic. Foarfecele sunt fabricate din o\u021bel japonez cu un strat de cobalt, ceea ce ar trebui s\u0103 le men\u021bin\u0103 ascu\u021bite \u0219i mai mult timp. M\u00e2nerul ergonomic \u0219i c\u00e2rligul pentru degete - care, \u00een acest caz, aduce beneficii chiar \u0219i \u00een ceea ce prive\u0219te designul - completeaz\u0103 impresia pozitiv\u0103. Pre\u021bul de 43 de euro nu este neap\u0103rat ieftin, dar dac\u0103 v\u0103 plac pietrele sclipitoare \u0219i culorile curcubeului, cu greu ve\u021bi ocoli foarfeca, mai ales c\u0103 \u0219i \u00een practic\u0103 este conving\u0103toare. Clien\u021bii raporteaz\u0103 o performan\u021b\u0103 de t\u0103iere care poate fi comparat\u0103 cu foarfecele profesionale de coafur\u0103. Singurul punct de critic\u0103 este pre\u021bul. Utilizatorii americani raporteaz\u0103 un pre\u021b de 20 de dolari americani, ceea ce nu reprezint\u0103 nici m\u0103car jum\u0103tate din cei 43 de euro c\u00e2t cost\u0103 foarfecele \u00een Germania.<\/p>\n\n\n\n<ul class=\"wp-block-list\">\n<li>Design extravagant<\/li>\n\n\n\n<li>O\u021bel japonez cu acoperire de cobalt<\/li>\n\n\n\n<li>Cu o lungime de 16,5 cm, potrivit pentru toate dimensiunile m\u00e2inilor<\/li>\n<\/ul>\n\n\n\n<div class=\"wp-block-buttons is-layout-flex wp-block-buttons-is-layout-flex\">\n<div class=\"wp-block-button\"><a class=\"wp-block-button__link no-border-radius wp-element-button\" href=\"https:\/\/amzn.to\/2W875Fs\" target=\"_blank\" rel=\"nofollow noopener\">Amazon<\/a><\/div>\n<\/div>\n\n\n\n<hr class=\"wp-block-separator has-css-opacity is-style-wide\"\/>\n\n\n\n<div style=\"height:78px\" aria-hidden=\"true\" class=\"wp-block-spacer\"><\/div>\n\n\n\n<h2 class=\"wp-block-heading\">Ce este o foarfec\u0103 de tuns?<\/h2>\n\n\n\n<figure class=\"wp-block-image alignleft size-large is-resized\"><img loading=\"lazy\" decoding=\"async\" width=\"1000\" height=\"952\" src=\"https:\/\/arbuti.com\/wp-content\/uploads\/2021\/01\/beste-haarschere-test.jpg\" alt=\"cele mai bune foarfece de p\u0103r\" class=\"wp-image-6831\" style=\"aspect-ratio:1.0521978021978022;width:386px;height:auto\" srcset=\"https:\/\/arbuti.com\/wp-content\/uploads\/2021\/01\/beste-haarschere-test.jpg 1000w, https:\/\/arbuti.com\/wp-content\/uploads\/2021\/01\/beste-haarschere-test-300x286.jpg 300w, https:\/\/arbuti.com\/wp-content\/uploads\/2021\/01\/beste-haarschere-test-768x731.jpg 768w, https:\/\/arbuti.com\/wp-content\/uploads\/2021\/01\/beste-haarschere-test-200x190.jpg 200w, https:\/\/arbuti.com\/wp-content\/uploads\/2021\/01\/beste-haarschere-test-400x381.jpg 400w, https:\/\/arbuti.com\/wp-content\/uploads\/2021\/01\/beste-haarschere-test-600x571.jpg 600w, https:\/\/arbuti.com\/wp-content\/uploads\/2021\/01\/beste-haarschere-test-800x762.jpg 800w\" sizes=\"auto, (max-width: 1000px) 100vw, 1000px\" \/><\/figure>\n\n\n\n<p>Foarfecele de tuns sau foarfecele de coafat sunt foarfeci special concepute pentru t\u0103ierea p\u0103rului. Lamele sunt, de obicei, din o\u021bel inoxidabil \u0219i ofer\u0103 o ascu\u021bime \u0219i o t\u0103iere care provoac\u0103 mult mai pu\u021bine v\u00e2rfuri despicate dec\u00e2t t\u0103ierea cu o foarfec\u0103 obi\u0219nuit\u0103 de uz casnic. Acest lucru este important pentru a men\u021bine p\u0103rul s\u0103n\u0103tos pe termen lung. Alte caracteristici speciale se refer\u0103 la form\u0103. Acestea sunt adesea proiectate ergonomic, adic\u0103 sunt u\u0219or mai scurte pe o parte pentru a evita contorsionarea inutil\u0103 a m\u00e2inilor atunci c\u00e2nd se taie p\u0103rul. \u00cen compara\u021bie cu un <a href=\"https:\/\/arbuti.com\/ro\/masini-de-tuns\/\">Foarfece de tuns<\/a> trebuie s\u0103 fii <a href=\"https:\/\/arbuti.com\/ro\/masini-de-tuns\/\">Foarfece de tuns<\/a> mult mai atent \u0219i necesit\u0103 mai mult\u0103 sensibilitate.<\/p>\n\n\n\n<p>Multe modele au, de asemenea, un c\u00e2rlig pentru degete. Cu toate acestea, cu aceast\u0103 form\u0103 ergonomic\u0103, este important s\u0103 \u0219ti\u021bi dac\u0103 ave\u021bi nevoie de o foarfec\u0103 pentru dreptaci sau pentru st\u00e2ngaci. Unele modele au micro-sertare, ceea ce reprezint\u0103 un avantaj pentru t\u0103ieturi precise, deoarece p\u0103rul nu este \u00eempins din foarfec\u0103 de c\u0103tre sertare atunci c\u00e2nd foarfecele este \u00eenchis. Pe l\u00e2ng\u0103 foarfecele de p\u0103r clasic, exist\u0103 \u0219i foarfeci de efilare care sunt din\u021bate pe ambele p\u0103r\u021bi pentru a sub\u021bia p\u0103rul \u0219i foarfeci de modelare care sunt din\u021bate pe o singur\u0103 parte \u0219i sunt potrivite \u00een special pentru tranzi\u021bii.&nbsp;&nbsp;<\/p>\n\n\n\n<h2 class=\"wp-block-heading\">Ce ar trebui s\u0103 caut atunci c\u00e2nd cump\u0103r o foarfec\u0103 de tuns?<\/h2>\n\n\n\n<p>\u00cen primul r\u00e2nd, trebuie s\u0103 lua\u021bi \u00een considerare c\u00e2teva aspecte de baz\u0103. Acestea se refer\u0103 \u00een principal la dimensiunea foarfecelor \u0219i la ergonomie. Cu c\u00e2t foarfeca este mai mic\u0103, cu at\u00e2t mai mici sunt ochii, adic\u0103 inelele de la degete. A\u0219adar, dac\u0103 ave\u021bi m\u00e2ini mari, cu degete destul de groase, ar trebui s\u0103 alege\u021bi un model mai lung de aproximativ 16,5 cm; dac\u0103 ave\u021bi m\u00e2ini mici \u0219i delicate, este mai potrivit un model cu o lungime de 6 (aproximativ 15,2 cm) sau 5,5 inci. \u00cen plus, mai ales \u00een cazul modelelor cu design asimetric, trebuie s\u0103 acorda\u021bi aten\u021bie dac\u0103 sunt foarfece pentru dreptaci sau pentru st\u00e2ngaci. Spre deosebire de modelele simetrice, acestea nu pot fi \u00eentoarse. <\/p>\n\n\n\n<p>Celelalte caracteristici sunt \u00een primul r\u00e2nd o chestiune de gust. Probabil c\u0103 v\u0103 \u00eentreba\u021bi \u0219i ce foarfece de tuns folosesc coaforii, dar foarfecele de coafor cost\u0103 \u00eentre 500 de euro - 2000 de euro, iar acest lucru nu este necesar pentru uz casnic. Ar trebui ca foarfecele s\u0103 aib\u0103 un c\u00e2rlig de degete cu \u0219urub? Ar trebui s\u0103 fie micro-dantelate (de obicei un avantaj pentru cei neexperimenta\u021bi)? A\u021bi prefera s\u0103 cheltui\u021bi ceva mai mult pentru o pereche de foarfece care v\u0103 va dura ani de zile sau c\u0103uta\u021bi cel mai bun raport calitate-pre\u021b? Poate c\u0103 ave\u021bi deja o pereche normal\u0103 de foarfece \u0219i acum ave\u021bi nevoie de o pereche pentru sub\u021biere? Nu \u00een ultimul r\u00e2nd, este recomandabil s\u0103 arunca\u021bi o privire la materialul utilizat. Cu c\u00e2t duritatea este mai mare (exprimat\u0103 \u00een HRC), cu at\u00e2t mai mult va dura ascu\u021bimea, dar cu at\u00e2t mai sensibil\u0103 va fi muchia de t\u0103iere dac\u0103 sc\u0103pa\u021bi foarfecele sau t\u0103ia\u021bi cu ele altceva dec\u00e2t p\u0103rul. 62 HRC, de exemplu, este o valoare foarte bun\u0103.&nbsp;&nbsp;<\/p>\n\n\n\n<h2 class=\"wp-block-heading\">La ce trebuie s\u0103 fiu atent\u0103 c\u00e2nd m\u0103 tund singur\u0103?<\/h2>\n\n\n\n<p>Prima \u00eentrebare important\u0103 este: ar trebui s\u0103 m\u0103 tund umed sau uscat? Acest lucru depinde de tipul de p\u0103r pe care \u00eel ave\u021bi. Este mai bine s\u0103 t\u0103ia\u021bi buclele \u0219i p\u0103rul gros foarte rebel c\u00e2nd este uscat, deoarece forma lor se poate schimba considerabil atunci c\u00e2nd se usuc\u0103. De asemenea, franjurile se taie cel mai bine uscate. P\u0103rul drept, pe de alt\u0103 parte, poate fi tuns \u0219i c\u00e2nd este umed, f\u0103r\u0103 probleme, dar este indicat s\u0103 face\u021bi detaliile dup\u0103 ce coaforul a terminat. <a href=\"https:\/\/arbuti.com\/ro\/foehn\/\">Blow-dry<\/a> de abordat. <\/p>\n\n\n\n<blockquote class=\"wp-block-quote is-layout-flow wp-block-quote-is-layout-flow\">\n<p>Atunci c\u00e2nd v\u0103 t\u0103ia\u021bi v\u00e2rfurile (sau le face\u021bi s\u0103 fie t\u0103iate), trebuie mai \u00eent\u00e2i s\u0103 v\u0103 desp\u0103r\u021bi\u021bi p\u0103rul \u00een dou\u0103 peste o ram\u0103 central\u0103. <\/p>\n<\/blockquote>\n\n\n\n<p>Se leag\u0103 ambele jum\u0103t\u0103\u021bi cu un <a href=\"https:\/\/arbuti.com\/ro\/guma-de-par\/\">Cravat\u0103 de p\u0103r<\/a> \u00eentr-o coad\u0103 de cal joas\u0103 \u0219i pune\u021bi o a doua cravat\u0103 de p\u0103r direct dedesubt. Trage\u021bi-o \u00een jos p\u00e2n\u0103 c\u00e2nd ajunge la lungimea dorit\u0103. Apoi \u021bine\u021bi p\u0103rul cu degetele ar\u0103t\u0103tor \u0219i mijlociu \u0219i t\u0103ia\u021bi cu grij\u0103 v\u00e2rfurile la aceea\u0219i lungime cu v\u00e2rful foarfecei. \u00cen cele din urm\u0103, pune\u021bi p\u0103rul pe ambele p\u0103r\u021bi \u00een fa\u021b\u0103 \u0219i piept\u0103na\u021bi-l din nou. \u00cen acest fel, pute\u021bi vedea imediat dac\u0103 ambele laturi au aceea\u0219i lungime \u0219i dac\u0103 lungimea este uniform\u0103 \u00een fiecare latur\u0103.&nbsp;<\/p>\n\n\n\n<h2 class=\"wp-block-heading\" id=\"h-haufig-gestellte-fragen-faq\">\u00centreb\u0103ri frecvente: FAQ<\/h2>\n\n\n\t\t<section\t\tclass=\"sc_fs_faq sc_card\"\n\t\t\t\t>\n\t\t\t\t<h3>De ce exist\u0103 diferite tipuri de foarfece de tuns?<\/h3>\t\t\t\t<div>\n\t\t\t\t\t\t<div class=\"sc_fs_faq__content\">\n\t\t\t\t\n\n<p class=\"has-small-font-size\">Foarfecele normale de tuns p\u0103rul cu dou\u0103 lame netede sau lame cu microdantele sunt potrivite pentru t\u0103ierea p\u0103rului. Foarfecele de efilare cu dou\u0103 fe\u021be zim\u021bate se utilizeaz\u0103 pentru sub\u021biere, iar foarfecele de modelare cu o singur\u0103 fa\u021b\u0103 zim\u021bat\u0103 se utilizeaz\u0103 pentru tranzi\u021bii.<\/p>\n\n\t\t\t<\/div>\n\t\t<\/div>\n\t\t<\/section>\n\t\t\t\t<section\t\tclass=\"sc_fs_faq sc_card\"\n\t\t\t\t>\n\t\t\t\t<h3>Care este diferen\u021ba dintre foarfecele de tuns \u0219i foarfecele de uz casnic?<\/h3>\t\t\t\t<div>\n\t\t\t\t\t\t<div class=\"sc_fs_faq__content\">\n\t\t\t\t\n\n<p class=\"has-small-font-size\">Foarfecele de tuns sunt special concepute pentru t\u0103ierea p\u0103rului. Sunt un instrument de precizie \u0219i provoac\u0103 mai pu\u021bine v\u00e2rfuri despicate dec\u00e2t foarfecele de uz casnic, ceea ce este benefic pentru s\u0103n\u0103tatea p\u0103rului t\u0103u.<\/p>\n\n\t\t\t<\/div>\n\t\t<\/div>\n\t\t<\/section>\n\t\t\t\t<section\t\tclass=\"sc_fs_faq sc_card\"\n\t\t\t\t>\n\t\t\t\t<h3>Pentru ce este acest c\u00e2rlig de pe m\u00e2ner?<\/h3>\t\t\t\t<div>\n\t\t\t\t\t\t<div class=\"sc_fs_faq__content\">\n\t\t\t\t\n\n<p class=\"has-small-font-size\">Profesioni\u0219tii \u021bin de obicei foarfecele cu degetul mare \u0219i cu degetul inelar. C\u00e2rligul suplimentar este folosit pentru a pune jos degetele mici.<\/p>\n\n\t\t\t<\/div>\n\t\t<\/div>\n\t\t<\/section>\n\t\t\t\t<section\t\tclass=\"sc_fs_faq sc_card\"\n\t\t\t\t>\n\t\t\t\t<h3>Ce pot regla la o foarfec\u0103 de p\u0103r?<\/h3>\t\t\t\t<div>\n\t\t\t\t\t\t<div class=\"sc_fs_faq__content\">\n\t\t\t\t\n\n<p class=\"has-small-font-size\">La multe modele pute\u021bi sl\u0103bi sau str\u00e2nge \u0219urubul care leag\u0103 cele dou\u0103 lame \u0219i astfel pute\u021bi ajusta senza\u021bia de t\u0103iere la preferin\u021bele dumneavoastr\u0103 individuale. Cu ajutorul unei foarfeci pute\u021bi \u00eendep\u0103rta \u0219i inser\u021bia de plastic din ochi pentru a avea mai mult spa\u021biu pentru degetele mai mari.&nbsp;<\/p>\n\n\t\t\t<\/div>\n\t\t<\/div>\n\t\t<\/section>\n\t\t\n<script type=\"application\/ld+json\">{\n    \"@context\": \"https:\\\/\\\/schema.org\",\n    \"@type\": \"FAQPage\",\n    \"mainEntity\": [\n        {\n            \"@type\": \"Question\",\n            \"name\": \"Wieso gibt es verschiedene Arten von Haarschneidescheren?\",\n            \"acceptedAnswer\": {\n                \"@type\": \"Answer\",\n                \"text\": \"<p>Normale Haarschneidescheren mit zwei glatten Klingen oder Klingen mit Mikroverzahnung eignen sich zum Schneiden der Haare. Effilierscheren mit zwei gezahnten Seiten dienen zum Ausd\\u00fcnnen, Modellierscheren mit einer gezahnten Seite setzt man bei \\u00dcberg\\u00e4ngen ein.<\\\/p>\"\n            }\n        },\n        {\n            \"@type\": \"Question\",\n            \"name\": \"Was unterscheidet eine Haarschneideschere von einer Haushaltsschere?\",\n            \"acceptedAnswer\": {\n                \"@type\": \"Answer\",\n                \"text\": \"<p>Haarschneidescheren sind speziell f\\u00fcr das Schneiden von Haaren ausgelegt. Sie sind ein Pr\\u00e4zisionswerkzeug und verursachen weniger Spliss als eine Haushaltsschere, was Deiner Haargesundheit zugute kommt.<\\\/p>\"\n            }\n        },\n        {\n            \"@type\": \"Question\",\n            \"name\": \"Wozu dient dieser Haken am Griff?\",\n            \"acceptedAnswer\": {\n                \"@type\": \"Answer\",\n                \"text\": \"<p>Profis halten ihre Scheren meist mit Daumen und Ringfinger. Der zus\\u00e4tzliche Haken dient zum Ablegen der kleinen Fingers.<\\\/p>\"\n            }\n        },\n        {\n            \"@type\": \"Question\",\n            \"name\": \"Was kann ich bei einer Haarschere einstellen?\",\n            \"acceptedAnswer\": {\n                \"@type\": \"Answer\",\n                \"text\": \"<p>Bei vielen Modellen kannst Du die Schraube, die die beiden Klingen verbindet, lockerer oder fester stellen und so das Schnittgef\\u00fchl individuell an Deine W\\u00fcnsche anpassen. Bei manchen Scheren kannst Du zudem das Kunststoffinlay in den Augen entfernen, um mehr Platz f\\u00fcr gr\\u00f6\\u00dfere Finger zu haben.&nbsp;<\\\/p>\"\n            }\n        }\n    ]\n}<\/script>","protected":false},"excerpt":{"rendered":"<p>Haarschneideschere: Die 5 besten Haarscheren Du m\u00f6chtest professionell Deine Haarspitzen k\u00fcrzen oder Deinem Freund oder Dir selbst gleich einen neuen [&hellip;]<\/p>","protected":false},"author":1,"featured_media":6823,"comment_status":"closed","ping_status":"open","sticky":false,"template":"","format":"standard","meta":{"ub_ctt_via":"","_uag_custom_page_level_css":"","site-sidebar-layout":"default","site-content-layout":"default","ast-site-content-layout":"default","site-content-style":"default","site-sidebar-style":"default","ast-global-header-display":"","ast-banner-title-visibility":"","ast-main-header-display":"","ast-hfb-above-header-display":"","ast-hfb-below-header-display":"","ast-hfb-mobile-header-display":"","site-post-title":"","ast-breadcrumbs-content":"","ast-featured-img":"","footer-sml-layout":"","theme-transparent-header-meta":"default","adv-header-id-meta":"","stick-header-meta":"default","header-above-stick-meta":"","header-main-stick-meta":"","header-below-stick-meta":"","astra-migrate-meta-layouts":"set","ast-page-background-enabled":"default","ast-page-background-meta":{"desktop":{"background-color":"","background-image":"","background-repeat":"repeat","background-position":"center center","background-size":"auto","background-attachment":"scroll","background-type":"","background-media":"","overlay-type":"","overlay-color":"","overlay-opacity":"","overlay-gradient":""},"tablet":{"background-color":"","background-image":"","background-repeat":"repeat","background-position":"center center","background-size":"auto","background-attachment":"scroll","background-type":"","background-media":"","overlay-type":"","overlay-color":"","overlay-opacity":"","overlay-gradient":""},"mobile":{"background-color":"","background-image":"","background-repeat":"repeat","background-position":"center center","background-size":"auto","background-attachment":"scroll","background-type":"","background-media":"","overlay-type":"","overlay-color":"","overlay-opacity":"","overlay-gradient":""}},"ast-content-background-meta":{"desktop":{"background-color":"var(--ast-global-color-5)","background-image":"","background-repeat":"repeat","background-position":"center center","background-size":"auto","background-attachment":"scroll","background-type":"","background-media":"","overlay-type":"","overlay-color":"","overlay-opacity":"","overlay-gradient":""},"tablet":{"background-color":"var(--ast-global-color-5)","background-image":"","background-repeat":"repeat","background-position":"center center","background-size":"auto","background-attachment":"scroll","background-type":"","background-media":"","overlay-type":"","overlay-color":"","overlay-opacity":"","overlay-gradient":""},"mobile":{"background-color":"var(--ast-global-color-5)","background-image":"","background-repeat":"repeat","background-position":"center center","background-size":"auto","background-attachment":"scroll","background-type":"","background-media":"","overlay-type":"","overlay-color":"","overlay-opacity":"","overlay-gradient":""}},"footnotes":""},"categories":[6322],"tags":[],"class_list":["post-6822","post","type-post","status-publish","format-standard","has-post-thumbnail","hentry","category-haarstyling"],"featured_image_src":"https:\/\/arbuti.com\/wp-content\/uploads\/2021\/01\/Haarschneideschere.jpg","author_info":{"display_name":"admin","author_link":"https:\/\/arbuti.com\/ro\/author\/admin\/"},"yoast_head":"<!-- This site is optimized with the Yoast SEO Premium plugin v25.3 (Yoast SEO v25.3) - https:\/\/yoast.com\/wordpress\/plugins\/seo\/ -->\n<title>Haarschneideschere Top 6: Die besten Haarscheren im Test 2024<\/title>\n<meta name=\"description\" content=\"Haarschneideschere Test 2024: Mit welchen Haarscheren bekommst Du am meisten f\u00fcrs Geld? Wir verraten es Dir, in unseren Top 6.\" \/>\n<meta name=\"robots\" content=\"index, follow, max-snippet:-1, max-image-preview:large, max-video-preview:-1\" \/>\n<link rel=\"canonical\" href=\"https:\/\/arbuti.com\/ro\/foarfece-de-tuns\/\" \/>\n<meta property=\"og:locale\" content=\"ro_RO\" \/>\n<meta property=\"og:type\" content=\"article\" \/>\n<meta property=\"og:title\" content=\"Haarschneideschere\" \/>\n<meta property=\"og:description\" content=\"Haarschneideschere: Die 5 besten Haarscheren Du m\u00f6chtest professionell Deine Haarspitzen k\u00fcrzen oder Deinem Freund oder Dir selbst gleich einen neuen\" \/>\n<meta property=\"og:url\" content=\"https:\/\/arbuti.com\/ro\/foarfece-de-tuns\/\" \/>\n<meta property=\"og:site_name\" content=\"ARBUTI Hair Salon\" \/>\n<meta property=\"article:publisher\" content=\"https:\/\/www.facebook.com\/Arbutihairsalon\/\" \/>\n<meta property=\"article:published_time\" content=\"2021-01-25T14:38:21+00:00\" \/>\n<meta property=\"article:modified_time\" content=\"2024-04-18T07:03:28+00:00\" \/>\n<meta property=\"og:image\" content=\"https:\/\/arbuti.com\/wp-content\/uploads\/2021\/01\/Haarschneideschere.jpg\" \/>\n\t<meta property=\"og:image:width\" content=\"900\" \/>\n\t<meta property=\"og:image:height\" content=\"700\" \/>\n\t<meta property=\"og:image:type\" content=\"image\/jpeg\" \/>\n<meta name=\"author\" content=\"admin\" \/>\n<meta name=\"twitter:card\" content=\"summary_large_image\" \/>\n<meta name=\"twitter:label1\" content=\"Scris de\" \/>\n\t<meta name=\"twitter:data1\" content=\"admin\" \/>\n\t<meta name=\"twitter:label2\" content=\"Timp estimat pentru citire\" \/>\n\t<meta name=\"twitter:data2\" content=\"13 minute\" \/>\n<script type=\"application\/ld+json\" class=\"yoast-schema-graph\">{\"@context\":\"https:\/\/schema.org\",\"@graph\":[{\"@type\":\"Article\",\"@id\":\"https:\/\/arbuti.com\/haarschneideschere\/#article\",\"isPartOf\":{\"@id\":\"https:\/\/arbuti.com\/haarschneideschere\/\"},\"author\":{\"name\":\"admin\",\"@id\":\"https:\/\/arbuti.com\/fr\/#\/schema\/person\/d85bbf7b442ca0f812c3aa0ed9eece8f\"},\"headline\":\"Haarschneideschere\",\"datePublished\":\"2021-01-25T14:38:21+00:00\",\"dateModified\":\"2024-04-18T07:03:28+00:00\",\"mainEntityOfPage\":{\"@id\":\"https:\/\/arbuti.com\/haarschneideschere\/\"},\"wordCount\":2057,\"publisher\":{\"@id\":\"https:\/\/arbuti.com\/fr\/#organization\"},\"image\":{\"@id\":\"https:\/\/arbuti.com\/haarschneideschere\/#primaryimage\"},\"thumbnailUrl\":\"https:\/\/arbuti.com\/wp-content\/uploads\/2021\/01\/Haarschneideschere.jpg\",\"articleSection\":[\"Haarstyling\"],\"inLanguage\":\"ro-RO\"},{\"@type\":\"WebPage\",\"@id\":\"https:\/\/arbuti.com\/haarschneideschere\/\",\"url\":\"https:\/\/arbuti.com\/haarschneideschere\/\",\"name\":\"Haarschneideschere Top 6: Die besten Haarscheren im Test 2024\",\"isPartOf\":{\"@id\":\"https:\/\/arbuti.com\/fr\/#website\"},\"primaryImageOfPage\":{\"@id\":\"https:\/\/arbuti.com\/haarschneideschere\/#primaryimage\"},\"image\":{\"@id\":\"https:\/\/arbuti.com\/haarschneideschere\/#primaryimage\"},\"thumbnailUrl\":\"https:\/\/arbuti.com\/wp-content\/uploads\/2021\/01\/Haarschneideschere.jpg\",\"datePublished\":\"2021-01-25T14:38:21+00:00\",\"dateModified\":\"2024-04-18T07:03:28+00:00\",\"description\":\"Haarschneideschere Test 2024: Mit welchen Haarscheren bekommst Du am meisten f\u00fcrs Geld? Wir verraten es Dir, in unseren Top 6.\",\"breadcrumb\":{\"@id\":\"https:\/\/arbuti.com\/haarschneideschere\/#breadcrumb\"},\"inLanguage\":\"ro-RO\",\"potentialAction\":[{\"@type\":\"ReadAction\",\"target\":[\"https:\/\/arbuti.com\/haarschneideschere\/\"]}]},{\"@type\":\"ImageObject\",\"inLanguage\":\"ro-RO\",\"@id\":\"https:\/\/arbuti.com\/haarschneideschere\/#primaryimage\",\"url\":\"https:\/\/arbuti.com\/wp-content\/uploads\/2021\/01\/Haarschneideschere.jpg\",\"contentUrl\":\"https:\/\/arbuti.com\/wp-content\/uploads\/2021\/01\/Haarschneideschere.jpg\",\"width\":900,\"height\":700,\"caption\":\"Haarschneideschere\"},{\"@type\":\"BreadcrumbList\",\"@id\":\"https:\/\/arbuti.com\/haarschneideschere\/#breadcrumb\",\"itemListElement\":[{\"@type\":\"ListItem\",\"position\":1,\"name\":\"ARBUTI\",\"item\":\"https:\/\/arbuti.com\/\"},{\"@type\":\"ListItem\",\"position\":2,\"name\":\"Haarstyling\",\"item\":\"https:\/\/arbuti.com\/fr\/categorie\/haarstyling\/\"},{\"@type\":\"ListItem\",\"position\":3,\"name\":\"Haarschneideschere\"}]},{\"@type\":\"WebSite\",\"@id\":\"https:\/\/arbuti.com\/fr\/#website\",\"url\":\"https:\/\/arbuti.com\/fr\/\",\"name\":\"ARBUTI Hair Salon\",\"description\":\"Friseur M\u00fcnchen\",\"publisher\":{\"@id\":\"https:\/\/arbuti.com\/fr\/#organization\"},\"alternateName\":\"ARBUTI\",\"potentialAction\":[{\"@type\":\"SearchAction\",\"target\":{\"@type\":\"EntryPoint\",\"urlTemplate\":\"https:\/\/arbuti.com\/fr\/?s={search_term_string}\"},\"query-input\":{\"@type\":\"PropertyValueSpecification\",\"valueRequired\":true,\"valueName\":\"search_term_string\"}}],\"inLanguage\":\"ro-RO\"},{\"@type\":\"Organization\",\"@id\":\"https:\/\/arbuti.com\/fr\/#organization\",\"name\":\"ARBUTI Hair Salon\",\"alternateName\":\"ARBUTI\",\"url\":\"https:\/\/arbuti.com\/fr\/\",\"logo\":{\"@type\":\"ImageObject\",\"inLanguage\":\"ro-RO\",\"@id\":\"https:\/\/arbuti.com\/fr\/#\/schema\/logo\/image\/\",\"url\":\"https:\/\/arbuti.com\/wp-content\/uploads\/2020\/04\/cropped-Arbuti-Friseur-Muenchen.jpg\",\"contentUrl\":\"https:\/\/arbuti.com\/wp-content\/uploads\/2020\/04\/cropped-Arbuti-Friseur-Muenchen.jpg\",\"width\":512,\"height\":512,\"caption\":\"ARBUTI Hair Salon\"},\"image\":{\"@id\":\"https:\/\/arbuti.com\/fr\/#\/schema\/logo\/image\/\"},\"sameAs\":[\"https:\/\/www.facebook.com\/Arbutihairsalon\/\",\"https:\/\/www.instagram.com\/arbutihairsalon\/\",\"https:\/\/www.pinterest.de\/arbutihairsalon\/arbuti-hair-salon\/\"]},{\"@type\":\"Person\",\"@id\":\"https:\/\/arbuti.com\/fr\/#\/schema\/person\/d85bbf7b442ca0f812c3aa0ed9eece8f\",\"name\":\"admin\",\"image\":{\"@type\":\"ImageObject\",\"inLanguage\":\"ro-RO\",\"@id\":\"https:\/\/arbuti.com\/fr\/#\/schema\/person\/image\/\",\"url\":\"https:\/\/secure.gravatar.com\/avatar\/a5ca7376327017715559ffb9b376df51?s=96&d=mm&r=g\",\"contentUrl\":\"https:\/\/secure.gravatar.com\/avatar\/a5ca7376327017715559ffb9b376df51?s=96&d=mm&r=g\",\"caption\":\"admin\"}}]}<\/script>\n<!-- \/ Yoast SEO Premium plugin. -->","yoast_head_json":{"title":"Haarschneideschere Top 6: Die besten Haarscheren im Test 2024","description":"Haarschneideschere Test 2024: Mit welchen Haarscheren bekommst Du am meisten f\u00fcrs Geld? Wir verraten es Dir, in unseren Top 6.","robots":{"index":"index","follow":"follow","max-snippet":"max-snippet:-1","max-image-preview":"max-image-preview:large","max-video-preview":"max-video-preview:-1"},"canonical":"https:\/\/arbuti.com\/ro\/foarfece-de-tuns\/","og_locale":"ro_RO","og_type":"article","og_title":"Haarschneideschere","og_description":"Haarschneideschere: Die 5 besten Haarscheren Du m\u00f6chtest professionell Deine Haarspitzen k\u00fcrzen oder Deinem Freund oder Dir selbst gleich einen neuen","og_url":"https:\/\/arbuti.com\/ro\/foarfece-de-tuns\/","og_site_name":"ARBUTI Hair Salon","article_publisher":"https:\/\/www.facebook.com\/Arbutihairsalon\/","article_published_time":"2021-01-25T14:38:21+00:00","article_modified_time":"2024-04-18T07:03:28+00:00","og_image":[{"width":900,"height":700,"url":"https:\/\/arbuti.com\/wp-content\/uploads\/2021\/01\/Haarschneideschere.jpg","type":"image\/jpeg"}],"author":"admin","twitter_card":"summary_large_image","twitter_misc":{"Scris de":"admin","Timp estimat pentru citire":"13 minute"},"schema":{"@context":"https:\/\/schema.org","@graph":[{"@type":"Article","@id":"https:\/\/arbuti.com\/haarschneideschere\/#article","isPartOf":{"@id":"https:\/\/arbuti.com\/haarschneideschere\/"},"author":{"name":"admin","@id":"https:\/\/arbuti.com\/fr\/#\/schema\/person\/d85bbf7b442ca0f812c3aa0ed9eece8f"},"headline":"Haarschneideschere","datePublished":"2021-01-25T14:38:21+00:00","dateModified":"2024-04-18T07:03:28+00:00","mainEntityOfPage":{"@id":"https:\/\/arbuti.com\/haarschneideschere\/"},"wordCount":2057,"publisher":{"@id":"https:\/\/arbuti.com\/fr\/#organization"},"image":{"@id":"https:\/\/arbuti.com\/haarschneideschere\/#primaryimage"},"thumbnailUrl":"https:\/\/arbuti.com\/wp-content\/uploads\/2021\/01\/Haarschneideschere.jpg","articleSection":["Haarstyling"],"inLanguage":"ro-RO"},{"@type":"WebPage","@id":"https:\/\/arbuti.com\/haarschneideschere\/","url":"https:\/\/arbuti.com\/haarschneideschere\/","name":"Haarschneideschere Top 6: Die besten Haarscheren im Test 2024","isPartOf":{"@id":"https:\/\/arbuti.com\/fr\/#website"},"primaryImageOfPage":{"@id":"https:\/\/arbuti.com\/haarschneideschere\/#primaryimage"},"image":{"@id":"https:\/\/arbuti.com\/haarschneideschere\/#primaryimage"},"thumbnailUrl":"https:\/\/arbuti.com\/wp-content\/uploads\/2021\/01\/Haarschneideschere.jpg","datePublished":"2021-01-25T14:38:21+00:00","dateModified":"2024-04-18T07:03:28+00:00","description":"Haarschneideschere Test 2024: Mit welchen Haarscheren bekommst Du am meisten f\u00fcrs Geld? Wir verraten es Dir, in unseren Top 6.","breadcrumb":{"@id":"https:\/\/arbuti.com\/haarschneideschere\/#breadcrumb"},"inLanguage":"ro-RO","potentialAction":[{"@type":"ReadAction","target":["https:\/\/arbuti.com\/haarschneideschere\/"]}]},{"@type":"ImageObject","inLanguage":"ro-RO","@id":"https:\/\/arbuti.com\/haarschneideschere\/#primaryimage","url":"https:\/\/arbuti.com\/wp-content\/uploads\/2021\/01\/Haarschneideschere.jpg","contentUrl":"https:\/\/arbuti.com\/wp-content\/uploads\/2021\/01\/Haarschneideschere.jpg","width":900,"height":700,"caption":"Haarschneideschere"},{"@type":"BreadcrumbList","@id":"https:\/\/arbuti.com\/haarschneideschere\/#breadcrumb","itemListElement":[{"@type":"ListItem","position":1,"name":"ARBUTI","item":"https:\/\/arbuti.com\/"},{"@type":"ListItem","position":2,"name":"Haarstyling","item":"https:\/\/arbuti.com\/fr\/categorie\/haarstyling\/"},{"@type":"ListItem","position":3,"name":"Haarschneideschere"}]},{"@type":"WebSite","@id":"https:\/\/arbuti.com\/fr\/#website","url":"https:\/\/arbuti.com\/fr\/","name":"ARBUTI Hair Salon","description":"Friseur M\u00fcnchen","publisher":{"@id":"https:\/\/arbuti.com\/fr\/#organization"},"alternateName":"ARBUTI","potentialAction":[{"@type":"SearchAction","target":{"@type":"EntryPoint","urlTemplate":"https:\/\/arbuti.com\/fr\/?s={search_term_string}"},"query-input":{"@type":"PropertyValueSpecification","valueRequired":true,"valueName":"search_term_string"}}],"inLanguage":"ro-RO"},{"@type":"Organization","@id":"https:\/\/arbuti.com\/fr\/#organization","name":"ARBUTI Hair Salon","alternateName":"ARBUTI","url":"https:\/\/arbuti.com\/fr\/","logo":{"@type":"ImageObject","inLanguage":"ro-RO","@id":"https:\/\/arbuti.com\/fr\/#\/schema\/logo\/image\/","url":"https:\/\/arbuti.com\/wp-content\/uploads\/2020\/04\/cropped-Arbuti-Friseur-Muenchen.jpg","contentUrl":"https:\/\/arbuti.com\/wp-content\/uploads\/2020\/04\/cropped-Arbuti-Friseur-Muenchen.jpg","width":512,"height":512,"caption":"ARBUTI Hair Salon"},"image":{"@id":"https:\/\/arbuti.com\/fr\/#\/schema\/logo\/image\/"},"sameAs":["https:\/\/www.facebook.com\/Arbutihairsalon\/","https:\/\/www.instagram.com\/arbutihairsalon\/","https:\/\/www.pinterest.de\/arbutihairsalon\/arbuti-hair-salon\/"]},{"@type":"Person","@id":"https:\/\/arbuti.com\/fr\/#\/schema\/person\/d85bbf7b442ca0f812c3aa0ed9eece8f","name":"admin","image":{"@type":"ImageObject","inLanguage":"ro-RO","@id":"https:\/\/arbuti.com\/fr\/#\/schema\/person\/image\/","url":"https:\/\/secure.gravatar.com\/avatar\/a5ca7376327017715559ffb9b376df51?s=96&d=mm&r=g","contentUrl":"https:\/\/secure.gravatar.com\/avatar\/a5ca7376327017715559ffb9b376df51?s=96&d=mm&r=g","caption":"admin"}}]}},"uagb_featured_image_src":{"full":["https:\/\/arbuti.com\/wp-content\/uploads\/2021\/01\/Haarschneideschere.jpg",900,700,false],"thumbnail":["https:\/\/arbuti.com\/wp-content\/uploads\/2021\/01\/Haarschneideschere-150x150.jpg",150,150,true],"medium":["https:\/\/arbuti.com\/wp-content\/uploads\/2021\/01\/Haarschneideschere-300x233.jpg",300,233,true],"medium_large":["https:\/\/arbuti.com\/wp-content\/uploads\/2021\/01\/Haarschneideschere-768x597.jpg",768,597,true],"large":["https:\/\/arbuti.com\/wp-content\/uploads\/2021\/01\/Haarschneideschere.jpg",900,700,false],"1536x1536":["https:\/\/arbuti.com\/wp-content\/uploads\/2021\/01\/Haarschneideschere.jpg",900,700,false],"2048x2048":["https:\/\/arbuti.com\/wp-content\/uploads\/2021\/01\/Haarschneideschere.jpg",900,700,false],"trp-custom-language-flag":["https:\/\/arbuti.com\/wp-content\/uploads\/2021\/01\/Haarschneideschere.jpg",15,12,false],"wp_review_large":["https:\/\/arbuti.com\/wp-content\/uploads\/2021\/01\/Haarschneideschere-320x200.jpg",320,200,true],"wp_review_small":["https:\/\/arbuti.com\/wp-content\/uploads\/2021\/01\/Haarschneideschere-65x65.jpg",65,65,true]},"uagb_author_info":{"display_name":"admin","author_link":"https:\/\/arbuti.com\/ro\/author\/admin\/"},"uagb_comment_info":0,"uagb_excerpt":"Haarschneideschere: Die 5 besten Haarscheren Du m\u00f6chtest professionell Deine Haarspitzen k\u00fcrzen oder Deinem Freund oder Dir selbst gleich einen neuen [&hellip;]","_links":{"self":[{"href":"https:\/\/arbuti.com\/ro\/wp-json\/wp\/v2\/posts\/6822","targetHints":{"allow":["GET"]}}],"collection":[{"href":"https:\/\/arbuti.com\/ro\/wp-json\/wp\/v2\/posts"}],"about":[{"href":"https:\/\/arbuti.com\/ro\/wp-json\/wp\/v2\/types\/post"}],"author":[{"embeddable":true,"href":"https:\/\/arbuti.com\/ro\/wp-json\/wp\/v2\/users\/1"}],"replies":[{"embeddable":true,"href":"https:\/\/arbuti.com\/ro\/wp-json\/wp\/v2\/comments?post=6822"}],"version-history":[{"count":27,"href":"https:\/\/arbuti.com\/ro\/wp-json\/wp\/v2\/posts\/6822\/revisions"}],"predecessor-version":[{"id":13728,"href":"https:\/\/arbuti.com\/ro\/wp-json\/wp\/v2\/posts\/6822\/revisions\/13728"}],"wp:featuredmedia":[{"embeddable":true,"href":"https:\/\/arbuti.com\/ro\/wp-json\/wp\/v2\/media\/6823"}],"wp:attachment":[{"href":"https:\/\/arbuti.com\/ro\/wp-json\/wp\/v2\/media?parent=6822"}],"wp:term":[{"taxonomy":"category","embeddable":true,"href":"https:\/\/arbuti.com\/ro\/wp-json\/wp\/v2\/categories?post=6822"},{"taxonomy":"post_tag","embeddable":true,"href":"https:\/\/arbuti.com\/ro\/wp-json\/wp\/v2\/tags?post=6822"}],"curies":[{"name":"wp","href":"https:\/\/api.w.org\/{rel}","templated":true}]}}