{"id":8268,"date":"2021-03-11T09:57:11","date_gmt":"2021-03-11T09:57:11","guid":{"rendered":"https:\/\/arbuti.com\/?p=8268"},"modified":"2023-01-17T12:00:03","modified_gmt":"2023-01-17T12:00:03","slug":"redensyl","status":"publish","type":"post","link":"https:\/\/arbuti.com\/pt\/redensyl\/","title":{"rendered":"Redensyl"},"content":{"rendered":"<h1 class=\"has-text-align-center wp-block-heading\" id=\"h-redensyl\">Redensyl<\/h1>\n\n\n\n<p class=\"has-text-align-center\">Ser\u00e1 que Redensyl realmente apoia o <a href=\"https:\/\/arbuti.com\/pt\/restaurador-dos-fios\/\">Crescimento de Cabelo<\/a> e ajuda a reduzir a queda do cabelo? Aqui, fizemos um resumo sobre a Redensyl para si.<\/p>\n\n\n\n\n\n\n<figure class=\"wp-block-image aligncenter size-large is-resized\"><img loading=\"lazy\" decoding=\"async\" src=\"https:\/\/arbuti.com\/wp-content\/uploads\/2021\/03\/Redensyl.jpg\" alt=\"Redensyl\" class=\"wp-image-8271\" width=\"758\" height=\"590\" srcset=\"https:\/\/arbuti.com\/wp-content\/uploads\/2021\/03\/Redensyl.jpg 1000w, https:\/\/arbuti.com\/wp-content\/uploads\/2021\/03\/Redensyl-300x233.jpg 300w, https:\/\/arbuti.com\/wp-content\/uploads\/2021\/03\/Redensyl-768x598.jpg 768w\" sizes=\"auto, (max-width: 758px) 100vw, 758px\" \/><\/figure>\n\n\n\n<h2 class=\"wp-block-heading\">O que \u00e9 Redensyl?<\/h2>\n\n\n\n<p>Redensyl \u00e9 o \u00faltimo avan\u00e7o contra a queda de cabelo e diz-se que \u00e9 uma alternativa ao transplante de cabelo. \u00c9 um dos primeiros ingredientes de cuidados capilares cosm\u00e9ticos baseados na investiga\u00e7\u00e3o da medicina regenerativa e pode dar melhores resultados em 84 dias do que a cirurgia para <a href=\"https:\/\/arbuti.com\/pt\/transplante-capilar\/\">Transplante capilar<\/a>. Redensyl \u00e9 um novo milagre da biotecnologia que afirma promover o crescimento do cabelo, prevenir a queda do cabelo e tamb\u00e9m tratar a alopecia. Tamb\u00e9m est\u00e1 provado que funciona melhor do que o minoxidil e, ao contr\u00e1rio do minoxidil, n\u00e3o \u00e9 irritante.<\/p>\n\n\n\n<p>Redensyl cont\u00e9m quatro ingredientes-chave que trabalham em conjunto para criar a receita perfeita para o crescimento do cabelo:<\/p>\n\n\n\n<ol class=\"wp-block-list\">\n<li><strong>Gluc\u00f3sido de diidroquercetina (DHQG):<\/strong>&nbsp;Um composto de extractos de plantas que visa as c\u00e9lulas estaminais nos fol\u00edculos capilares e promove a divis\u00e3o celular.<\/li>\n\n\n\n<li><strong>Epigalocatequina galato de glucos\u00eddeo (EGCG2):&nbsp;<\/strong>Um anti-inflamat\u00f3rio que mant\u00e9m o couro cabeludo saud\u00e1vel e feliz ao procurar radicais livres.<\/li>\n\n\n\n<li><strong>Glycine<\/strong>um amino\u00e1cido que forma prote\u00ednas capilares e que est\u00e1 associado \u00e0 queratina.<\/li>\n\n\n\n<li><strong>Zinco<\/strong>que fortalece a estrutura do fio de cabelo e o torna mais forte.<\/li>\n<\/ol>\n\n\n\n<h2 class=\"wp-block-heading\" id=\"h-fragen-und-antworten\">Perguntas e respostas<\/h2>\n\n\n\t\t<section\t\tclass=\"sc_fs_faq sc_card\"\n\t\t\t\t>\n\t\t\t\t<h3>Quais s\u00e3o os efeitos colaterais de Redensyl?<\/h3>\t\t\t\t<div>\n\t\t\t\t\t\t<div class=\"sc_fs_faq__content\">\n\t\t\t\t\n\n<p>N\u00e3o existem efeitos secund\u00e1rios conhecidos com a utiliza\u00e7\u00e3o de produtos que contenham o ingrediente activo Redensyl. No entanto, h\u00e1 efeitos secund\u00e1rios comuns com a utiliza\u00e7\u00e3o de <a href=\"https:\/\/arbuti.com\/pt\/minoxidil\/\">Minoxidil<\/a>incluindo queimadura ou irrita\u00e7\u00e3o do olho, prurido, vermelhid\u00e3o ou irrita\u00e7\u00e3o na \u00e1rea tratada, e indesej\u00e1veis <a href=\"https:\/\/arbuti.com\/pt\/restaurador-dos-fios\/\">crescimento capilar<\/a> em outras partes do corpo.<\/p>\n\n\t\t\t<\/div>\n\t\t<\/div>\n\t\t<\/section>\n\t\t\t\t<section\t\tclass=\"sc_fs_faq sc_card\"\n\t\t\t\t>\n\t\t\t\t<h3>Quanto tempo demora a Redensyl a trabalhar?<\/h3>\t\t\t\t<div>\n\t\t\t\t\t\t<div class=\"sc_fs_faq__content\">\n\t\t\t\t\n\n<p>Tamb\u00e9m pode ser aplicado nas sobrancelhas. Como os ciclos de crescimento do cabelo podem levar pelo menos de um a quatro meses, s\u00e3o necess\u00e1rios mais de tr\u00eas a seis meses de uso de Redensyl para notar efeitos positivos.<\/p>\n\n\t\t\t<\/div>\n\t\t<\/div>\n\t\t<\/section>\n\t\t\t\t<section\t\tclass=\"sc_fs_faq sc_card\"\n\t\t\t\t>\n\t\t\t\t<h3>Redensyl \u00e9 natural?<\/h3>\t\t\t\t<div>\n\t\t\t\t\t\t<div class=\"sc_fs_faq__content\">\n\t\t\t\t\n\n<p>Redensyl \u00e9 considerada a melhor alternativa para <a href=\"https:\/\/arbuti.com\/pt\/transplante-capilar\/\">Transplantes capilares<\/a> pois \u00e9 um ingrediente natural. N\u00e3o cont\u00e9m hormonas. Promove o crescimento do cabelo a n\u00edvel celular.<\/p>\n\n\t\t\t<\/div>\n\t\t<\/div>\n\t\t<\/section>\n\t\t\t\t<section\t\tclass=\"sc_fs_faq sc_card\"\n\t\t\t\t>\n\t\t\t\t<h3>Redensyl ajuda com o crescimento da barba?<\/h3>\t\t\t\t<div>\n\t\t\t\t\t\t<div class=\"sc_fs_faq__content\">\n\t\t\t\t\n\n<p>Este \u00f3leo \u00e9 livre de qu\u00edmicos nocivos, como sulfatos e parabenos, e cont\u00e9m Redensyl, que demonstrou melhorar a <a href=\"https:\/\/arbuti.com\/pt\/foliculo-piloso\/\">Fol\u00edculo Piloso<\/a> fortalece e assim apoia o crescimento da barba.<\/p>\n\n\t\t\t<\/div>\n\t\t<\/div>\n\t\t<\/section>\n\t\t\n<script type=\"application\/ld+json\">{\n    \"@context\": \"https:\\\/\\\/schema.org\",\n    \"@type\": \"FAQPage\",\n    \"mainEntity\": [\n        {\n            \"@type\": \"Question\",\n            \"name\": \"Was sind die Nebenwirkungen von Redensyl?\",\n            \"acceptedAnswer\": {\n                \"@type\": \"Answer\",\n                \"text\": \"<p>Es sind keine Nebenwirkungen bei der Verwendung von Produkten bekannt, die den Wirkstoff Redensyl enthalten. Es gibt jedoch h\\u00e4ufige Nebenwirkungen bei der Verwendung von Minoxidil, einschlie\\u00dflich Brennen oder Reizung des Auges, Juckreiz, R\\u00f6tung oder Reizung im behandelten Bereich sowie unerw\\u00fcnschtes Haarwachstum an anderen Stellen des K\\u00f6rpers.<\\\/p>\"\n            }\n        },\n        {\n            \"@type\": \"Question\",\n            \"name\": \"Wie lange dauert es, bis Redensyl wirkt?\",\n            \"acceptedAnswer\": {\n                \"@type\": \"Answer\",\n                \"text\": \"<p>Kann auch auf die Augenbrauen aufgetragen werden. Da Haarwuchszyklen mindestens ein bis vier Monate dauern k\\u00f6nnen, dauert es mehr als drei bis sechs Monate, bis Redensyl verwendet wird, um positive Auswirkungen zu bemerken.<\\\/p>\"\n            }\n        },\n        {\n            \"@type\": \"Question\",\n            \"name\": \"Ist Redensyl nat\\u00fcrlich?\",\n            \"acceptedAnswer\": {\n                \"@type\": \"Answer\",\n                \"text\": \"<p>Redensyl wird als die beste Alternative zu Haartransplantationen angepriesen, da es ein nat\\u00fcrlicher Inhaltsstoff ist. Es enth\\u00e4lt keine Hormone. Es f\\u00f6rdert das Haarwachstum auf zellul\\u00e4rer Ebene.<\\\/p>\"\n            }\n        },\n        {\n            \"@type\": \"Question\",\n            \"name\": \"Hilft Redensyl beim Bartwachstum?\",\n            \"acceptedAnswer\": {\n                \"@type\": \"Answer\",\n                \"text\": \"<p>Dieses \\u00d6l ist frei von sch\\u00e4dlichen Chemikalien wie Sulfaten und Parabenen und enth\\u00e4lt Redensyl, das nachweislich die Haarfollikel st\\u00e4rkt und so das Bartwachstum unterst\\u00fctzt.<\\\/p>\"\n            }\n        }\n    ]\n}<\/script>\n\n\n\n<h2 class=\"wp-block-heading\">Queda de cabelo em n\u00fameros<\/h2>\n\n\n\n<p>O couro cabeludo humano tem uma m\u00e9dia de 110.000 fios de cabelo que crescem e caem todos os dias. Quando o equil\u00edbrio entre o crescimento e a queda dos cabelos muda, come\u00e7a a perda de cabelo e ocorre a calv\u00edcie. Pode ocorrer em qualquer idade e \u00e9 dirigido principalmente aos homens. Sabe-se que 40% dos homens ter\u00e3o queda de cabelo not\u00e1vel aos 35 anos, este n\u00famero atinge 65% aos 60 anos de idade. As mulheres tamb\u00e9m s\u00e3o severamente afetadas por tal processo, sendo que 50-75% delas sofrem de queda de cabelo percept\u00edvel at\u00e9 os 65 anos de idade. Isto pode ser devastador para a auto-imagem e o bem-estar emocional de uma pessoa.<\/p>\n\n\n\n<p>De acordo com a Sociedade Internacional de Cirurgia de Restaura\u00e7\u00e3o Capilar, quase 1 milh\u00e3o de pacientes em todo o mundo foram tratados com meios cir\u00fargicos e n\u00e3o cir\u00fargicos de restaura\u00e7\u00e3o capilar em 2012. 93% de procedimentos de restaura\u00e7\u00e3o capilar realizados em 2012 envolveram o couro cabeludo e 4,5% envolveram as sobrancelhas. Os homens s\u00e3o respons\u00e1veis por 86% de pacientes para transplantes capilares e 67% para restaura\u00e7\u00e3o capilar n\u00e3o cir\u00fargica. Eles come\u00e7am esse tratamento com a idade m\u00e9dia de 38 anos.<\/p>\n\n\n\n<p>Cada cirurgia capilar permite a transi\u00e7\u00e3o dos enxertos de 2016, que representam aproximadamente 8.100 cabelos transplantados para o couro cabeludo do paciente. Os pacientes gastam em m\u00e9dia 6.200 euros em cirurgia capilar. Geralmente, s\u00e3o necess\u00e1rios pelo menos tr\u00eas procedimentos para restaurar a densidade apropriada do cabelo. Os dados mostram que 64% das queixas dos pacientes ap\u00f3s a cirurgia dizem respeito \u00e0 densidade final dos seus cabelos.<\/p>\n\n\n\n<h2 class=\"wp-block-heading\">efeito Redensyl<\/h2>\n\n\n\n<p><strong>Excelente efic\u00e1cia:<\/strong><\/p>\n\n\n\n<p>O primeiro teste em cabelo alopecico no ensaio de refer\u00eancia Philpott mostrou que Redensyl fornece quase o dobro dos resultados do minoxidil de refer\u00eancia global, promovendo o crescimento do cabelo.<\/p>\n\n\n\n<h2 class=\"wp-block-heading\">Melhor efeito do que os transplantes capilares<\/h2>\n\n\n\n<p>Redensyl foi estudado em detalhe durante um ensaio cl\u00ednico duplo-cego ou placebo em volunt\u00e1rios com alopecia de 3\u00ba a 4\u00ba grau de acordo com a classifica\u00e7\u00e3o m\u00e9dica de Norwood.<\/p>\n\n\n\n<p>Devido ao seu conceito biol\u00f3gico \u00fanico, os resultados cl\u00ednicos alcan\u00e7ados com Redensyl respondem a um pedido n\u00e3o atendido do consumidor:<\/p>\n\n\n\n<ul class=\"wp-block-list\">\n<li>Em 84 dias, os volunt\u00e1rios t\u00eam mais cabelo (at\u00e9 + 17%).<\/li>\n\n\n\n<li>O n\u00famero de fios de an\u00e1geno (em crescimento) \u00e9 aumentado (+ 9%).<\/li>\n\n\n\n<li>enquanto reduz o n\u00famero de fios que caem (-17%).<\/li>\n<\/ul>\n\n\n\n<p>85% dos volunt\u00e1rios tiveram um crescimento capilar significativo e vis\u00edvel com at\u00e9 28.200 novos cabelos obtidos em 84 dias, equivalente a tr\u00eas procedimentos completos de transplante capilar.<\/p>\n\n\n\n<blockquote class=\"wp-block-quote is-layout-flow wp-block-quote-is-layout-flow\">\n<p>84 DIAS COM REDENSYL = AT\u00c9 +28.200 NOVOS CABELOS = 3 SESS\u00d5ES DE TRANSPLANTE CAPILAR<\/p>\n<\/blockquote>\n\n\n\n<h2 class=\"wp-block-heading\">Inovador e sustent\u00e1vel<\/h2>\n\n\n\n<p>Redensyl \u00e9 o resultado de um processo qu\u00edmico verde patenteado (glicosila\u00e7\u00e3o sem solventes org\u00e2nicos) que permite a s\u00edntese de DHQG e EGCG2, os derivados est\u00e1veis e sol\u00faveis da dihidroquercetina e do EGCG. Este processo evita o uso de grandes quantidades de energia, reduz o n\u00famero de etapas e o uso de produtos qu\u00edmicos perigosos que teriam sido necess\u00e1rios num processo de fabrica\u00e7\u00e3o de s\u00edntese org\u00e2nica convencional.<\/p>\n\n\n\n<h2 class=\"wp-block-heading\">Vantagens de usar Redensyl<\/h2>\n\n\n\n<p>A maioria dos ingredientes de crescimento capilar dispon\u00edveis no mercado para a ind\u00fastria cosm\u00e9tica s\u00e3o extractos de plantas ou p\u00e9ptidos. Pelo contr\u00e1rio, Redensyl representa uma nova gera\u00e7\u00e3o de mol\u00e9culas activadoras do crescimento do cabelo. Foi desenvolvido a partir da an\u00e1lise racional da fun\u00e7\u00e3o das c\u00e9lulas estaminais em <a href=\"https:\/\/arbuti.com\/pt\/foliculo-piloso\/\">Fol\u00edculos pilosos<\/a> desenvolvido e \u00e9 o resultado de um processo de s\u00edntese patenteado \u00fanico (um processo de glicosila\u00e7\u00e3o enzim\u00e1tica sem solventes org\u00e2nicos). O modo de ac\u00e7\u00e3o \u00fanico (activa\u00e7\u00e3o de c\u00e9lulas estaminais ORSc, estimula\u00e7\u00e3o dos fibroblastos cut\u00e2neos papilares HFDPc, redu\u00e7\u00e3o da inflama\u00e7\u00e3o) resulta na produ\u00e7\u00e3o r\u00e1pida e sustentada de novos cabelos saud\u00e1veis em volunt\u00e1rios que sofrem de alopecia androg\u00e9nica no prazo de tr\u00eas meses.<\/p>\n\n\n\n<p>Redensyl \u00e9 um ACI (Active Cosmetic Ingredient) biotecnol\u00f3gico com uma pureza superior a 97% e o equivalente cosm\u00e9tico de API (Active Pharmaceutical Ingredients) da ind\u00fastria farmac\u00eautica.<\/p>\n\n\n\n<h2 class=\"wp-block-heading\">Redensyl Ingredientes<\/h2>\n\n\n\n<p>O ingrediente activo Redensyl tem uma cor amarelo dourado bem parecido, mas n\u00e3o afecta a cor da f\u00f3rmula. Redensyl \u00e9 sem conservantes, inodoro e compat\u00edvel com o \u00e1lcool para lo\u00e7\u00f5es de tratamento capilar. Redensyl permite a cria\u00e7\u00e3o de uma nova gera\u00e7\u00e3o de produtos anti-envelhecimento para os fabricantes, bem como produtos para promover o crescimento das pestanas e restaurar as sobrancelhas. Este ingrediente \u00e9 sol\u00favel em \u00e1gua, f\u00e1cil de formular em qualquer f\u00f3rmula t\u00edpica de tratamento capilar e pode mesmo ser usado em sprays capilares.<\/p>","protected":false},"excerpt":{"rendered":"<p>Redensyl Unterst\u00fctzt Redensyl wirklich den Haarwuchs und hilft den&nbsp;Haarausfall&nbsp;zu reduzieren? Hier haben wir eine Zusammenfassung \u00fcber Redensyl f\u00fcr dich zusammengestellt. [&hellip;]<\/p>","protected":false},"author":1,"featured_media":8271,"comment_status":"closed","ping_status":"open","sticky":false,"template":"","format":"standard","meta":{"ub_ctt_via":"","_uag_custom_page_level_css":"","site-sidebar-layout":"default","site-content-layout":"default","ast-site-content-layout":"","site-content-style":"default","site-sidebar-style":"default","ast-global-header-display":"","ast-banner-title-visibility":"","ast-main-header-display":"","ast-hfb-above-header-display":"","ast-hfb-below-header-display":"","ast-hfb-mobile-header-display":"","site-post-title":"","ast-breadcrumbs-content":"","ast-featured-img":"","footer-sml-layout":"","theme-transparent-header-meta":"default","adv-header-id-meta":"","stick-header-meta":"default","header-above-stick-meta":"","header-main-stick-meta":"","header-below-stick-meta":"","astra-migrate-meta-layouts":"default","ast-page-background-enabled":"default","ast-page-background-meta":{"desktop":{"background-color":"","background-image":"","background-repeat":"repeat","background-position":"center center","background-size":"auto","background-attachment":"scroll","background-type":"","background-media":"","overlay-type":"","overlay-color":"","overlay-opacity":"","overlay-gradient":""},"tablet":{"background-color":"","background-image":"","background-repeat":"repeat","background-position":"center center","background-size":"auto","background-attachment":"scroll","background-type":"","background-media":"","overlay-type":"","overlay-color":"","overlay-opacity":"","overlay-gradient":""},"mobile":{"background-color":"","background-image":"","background-repeat":"repeat","background-position":"center center","background-size":"auto","background-attachment":"scroll","background-type":"","background-media":"","overlay-type":"","overlay-color":"","overlay-opacity":"","overlay-gradient":""}},"ast-content-background-meta":{"desktop":{"background-color":"var(--ast-global-color-5)","background-image":"","background-repeat":"repeat","background-position":"center center","background-size":"auto","background-attachment":"scroll","background-type":"","background-media":"","overlay-type":"","overlay-color":"","overlay-opacity":"","overlay-gradient":""},"tablet":{"background-color":"var(--ast-global-color-5)","background-image":"","background-repeat":"repeat","background-position":"center center","background-size":"auto","background-attachment":"scroll","background-type":"","background-media":"","overlay-type":"","overlay-color":"","overlay-opacity":"","overlay-gradient":""},"mobile":{"background-color":"var(--ast-global-color-5)","background-image":"","background-repeat":"repeat","background-position":"center center","background-size":"auto","background-attachment":"scroll","background-type":"","background-media":"","overlay-type":"","overlay-color":"","overlay-opacity":"","overlay-gradient":""}},"footnotes":""},"categories":[6329],"tags":[],"class_list":["post-8268","post","type-post","status-publish","format-standard","has-post-thumbnail","hentry","category-haarausfall"],"featured_image_src":"https:\/\/arbuti.com\/wp-content\/uploads\/2021\/03\/Redensyl.jpg","author_info":{"display_name":"admin","author_link":"https:\/\/arbuti.com\/pt\/author\/admin\/"},"yoast_head":"<!-- This site is optimized with the Yoast SEO Premium plugin v25.3 (Yoast SEO v25.3) - https:\/\/yoast.com\/wordpress\/plugins\/seo\/ -->\n<title>Redensyl: Unterst\u00fctzt Redensyl Haarwuchs und stoppt Haarausfall?<\/title>\n<meta name=\"description\" content=\"Ist Redensyl eine alternative zu einer Haartransplantation? Ein kosmetischer Wirkstoff f\u00fcr die Haarpflege und Haarausfall. Redensyl und Haarwuchs.\" \/>\n<meta name=\"robots\" content=\"index, follow, max-snippet:-1, max-image-preview:large, max-video-preview:-1\" \/>\n<link rel=\"canonical\" href=\"https:\/\/arbuti.com\/pt\/redensyl\/\" \/>\n<meta property=\"og:locale\" content=\"pt_PT\" \/>\n<meta property=\"og:type\" content=\"article\" \/>\n<meta property=\"og:title\" content=\"Redensyl\" \/>\n<meta property=\"og:description\" content=\"Redensyl Unterst\u00fctzt Redensyl wirklich den Haarwuchs und hilft den&nbsp;Haarausfall&nbsp;zu reduzieren? Hier haben wir eine Zusammenfassung \u00fcber Redensyl\" \/>\n<meta property=\"og:url\" content=\"https:\/\/arbuti.com\/pt\/redensyl\/\" \/>\n<meta property=\"og:site_name\" content=\"ARBUTI Hair Salon\" \/>\n<meta property=\"article:publisher\" content=\"https:\/\/www.facebook.com\/Arbutihairsalon\/\" \/>\n<meta property=\"article:published_time\" content=\"2021-03-11T09:57:11+00:00\" \/>\n<meta property=\"article:modified_time\" content=\"2023-01-17T12:00:03+00:00\" \/>\n<meta property=\"og:image\" content=\"https:\/\/arbuti.com\/wp-content\/uploads\/2021\/03\/Redensyl.jpg\" \/>\n\t<meta property=\"og:image:width\" content=\"1000\" \/>\n\t<meta property=\"og:image:height\" content=\"778\" \/>\n\t<meta property=\"og:image:type\" content=\"image\/jpeg\" \/>\n<meta name=\"author\" content=\"admin\" \/>\n<meta name=\"twitter:card\" content=\"summary_large_image\" \/>\n<meta name=\"twitter:label1\" content=\"Escrito por\" \/>\n\t<meta name=\"twitter:data1\" content=\"admin\" \/>\n\t<meta name=\"twitter:label2\" content=\"Tempo estimado de leitura\" \/>\n\t<meta name=\"twitter:data2\" content=\"6 minutos\" \/>\n<script type=\"application\/ld+json\" class=\"yoast-schema-graph\">{\"@context\":\"https:\/\/schema.org\",\"@graph\":[{\"@type\":\"Article\",\"@id\":\"https:\/\/arbuti.com\/redensyl\/#article\",\"isPartOf\":{\"@id\":\"https:\/\/arbuti.com\/redensyl\/\"},\"author\":{\"name\":\"admin\",\"@id\":\"https:\/\/arbuti.com\/fr\/#\/schema\/person\/d85bbf7b442ca0f812c3aa0ed9eece8f\"},\"headline\":\"Redensyl\",\"datePublished\":\"2021-03-11T09:57:11+00:00\",\"dateModified\":\"2023-01-17T12:00:03+00:00\",\"mainEntityOfPage\":{\"@id\":\"https:\/\/arbuti.com\/redensyl\/\"},\"wordCount\":1015,\"publisher\":{\"@id\":\"https:\/\/arbuti.com\/fr\/#organization\"},\"image\":{\"@id\":\"https:\/\/arbuti.com\/redensyl\/#primaryimage\"},\"thumbnailUrl\":\"https:\/\/arbuti.com\/wp-content\/uploads\/2021\/03\/Redensyl.jpg\",\"articleSection\":[\"Haarausfall\"],\"inLanguage\":\"pt-PT\"},{\"@type\":\"WebPage\",\"@id\":\"https:\/\/arbuti.com\/redensyl\/\",\"url\":\"https:\/\/arbuti.com\/redensyl\/\",\"name\":\"Redensyl: Unterst\u00fctzt Redensyl Haarwuchs und stoppt Haarausfall?\",\"isPartOf\":{\"@id\":\"https:\/\/arbuti.com\/fr\/#website\"},\"primaryImageOfPage\":{\"@id\":\"https:\/\/arbuti.com\/redensyl\/#primaryimage\"},\"image\":{\"@id\":\"https:\/\/arbuti.com\/redensyl\/#primaryimage\"},\"thumbnailUrl\":\"https:\/\/arbuti.com\/wp-content\/uploads\/2021\/03\/Redensyl.jpg\",\"datePublished\":\"2021-03-11T09:57:11+00:00\",\"dateModified\":\"2023-01-17T12:00:03+00:00\",\"description\":\"Ist Redensyl eine alternative zu einer Haartransplantation? Ein kosmetischer Wirkstoff f\u00fcr die Haarpflege und Haarausfall. Redensyl und Haarwuchs.\",\"breadcrumb\":{\"@id\":\"https:\/\/arbuti.com\/redensyl\/#breadcrumb\"},\"inLanguage\":\"pt-PT\",\"potentialAction\":[{\"@type\":\"ReadAction\",\"target\":[\"https:\/\/arbuti.com\/redensyl\/\"]}]},{\"@type\":\"ImageObject\",\"inLanguage\":\"pt-PT\",\"@id\":\"https:\/\/arbuti.com\/redensyl\/#primaryimage\",\"url\":\"https:\/\/arbuti.com\/wp-content\/uploads\/2021\/03\/Redensyl.jpg\",\"contentUrl\":\"https:\/\/arbuti.com\/wp-content\/uploads\/2021\/03\/Redensyl.jpg\",\"width\":1000,\"height\":778,\"caption\":\"Redensyl\"},{\"@type\":\"BreadcrumbList\",\"@id\":\"https:\/\/arbuti.com\/redensyl\/#breadcrumb\",\"itemListElement\":[{\"@type\":\"ListItem\",\"position\":1,\"name\":\"ARBUTI\",\"item\":\"https:\/\/arbuti.com\/\"},{\"@type\":\"ListItem\",\"position\":2,\"name\":\"Haarausfall\",\"item\":\"https:\/\/arbuti.com\/fr\/categorie\/haarausfall\/\"},{\"@type\":\"ListItem\",\"position\":3,\"name\":\"Redensyl\"}]},{\"@type\":\"WebSite\",\"@id\":\"https:\/\/arbuti.com\/fr\/#website\",\"url\":\"https:\/\/arbuti.com\/fr\/\",\"name\":\"ARBUTI Hair Salon\",\"description\":\"Friseur M\u00fcnchen\",\"publisher\":{\"@id\":\"https:\/\/arbuti.com\/fr\/#organization\"},\"alternateName\":\"ARBUTI\",\"potentialAction\":[{\"@type\":\"SearchAction\",\"target\":{\"@type\":\"EntryPoint\",\"urlTemplate\":\"https:\/\/arbuti.com\/fr\/?s={search_term_string}\"},\"query-input\":{\"@type\":\"PropertyValueSpecification\",\"valueRequired\":true,\"valueName\":\"search_term_string\"}}],\"inLanguage\":\"pt-PT\"},{\"@type\":\"Organization\",\"@id\":\"https:\/\/arbuti.com\/fr\/#organization\",\"name\":\"ARBUTI Hair Salon\",\"alternateName\":\"ARBUTI\",\"url\":\"https:\/\/arbuti.com\/fr\/\",\"logo\":{\"@type\":\"ImageObject\",\"inLanguage\":\"pt-PT\",\"@id\":\"https:\/\/arbuti.com\/fr\/#\/schema\/logo\/image\/\",\"url\":\"https:\/\/arbuti.com\/wp-content\/uploads\/2020\/04\/cropped-Arbuti-Friseur-Muenchen.jpg\",\"contentUrl\":\"https:\/\/arbuti.com\/wp-content\/uploads\/2020\/04\/cropped-Arbuti-Friseur-Muenchen.jpg\",\"width\":512,\"height\":512,\"caption\":\"ARBUTI Hair Salon\"},\"image\":{\"@id\":\"https:\/\/arbuti.com\/fr\/#\/schema\/logo\/image\/\"},\"sameAs\":[\"https:\/\/www.facebook.com\/Arbutihairsalon\/\",\"https:\/\/www.instagram.com\/arbutihairsalon\/\",\"https:\/\/www.pinterest.de\/arbutihairsalon\/arbuti-hair-salon\/\"]},{\"@type\":\"Person\",\"@id\":\"https:\/\/arbuti.com\/fr\/#\/schema\/person\/d85bbf7b442ca0f812c3aa0ed9eece8f\",\"name\":\"admin\",\"image\":{\"@type\":\"ImageObject\",\"inLanguage\":\"pt-PT\",\"@id\":\"https:\/\/arbuti.com\/fr\/#\/schema\/person\/image\/\",\"url\":\"https:\/\/secure.gravatar.com\/avatar\/a5ca7376327017715559ffb9b376df51?s=96&d=mm&r=g\",\"contentUrl\":\"https:\/\/secure.gravatar.com\/avatar\/a5ca7376327017715559ffb9b376df51?s=96&d=mm&r=g\",\"caption\":\"admin\"}}]}<\/script>\n<!-- \/ Yoast SEO Premium plugin. -->","yoast_head_json":{"title":"Redensyl: Unterst\u00fctzt Redensyl Haarwuchs und stoppt Haarausfall?","description":"Ist Redensyl eine alternative zu einer Haartransplantation? Ein kosmetischer Wirkstoff f\u00fcr die Haarpflege und Haarausfall. Redensyl und Haarwuchs.","robots":{"index":"index","follow":"follow","max-snippet":"max-snippet:-1","max-image-preview":"max-image-preview:large","max-video-preview":"max-video-preview:-1"},"canonical":"https:\/\/arbuti.com\/pt\/redensyl\/","og_locale":"pt_PT","og_type":"article","og_title":"Redensyl","og_description":"Redensyl Unterst\u00fctzt Redensyl wirklich den Haarwuchs und hilft den&nbsp;Haarausfall&nbsp;zu reduzieren? Hier haben wir eine Zusammenfassung \u00fcber Redensyl","og_url":"https:\/\/arbuti.com\/pt\/redensyl\/","og_site_name":"ARBUTI Hair Salon","article_publisher":"https:\/\/www.facebook.com\/Arbutihairsalon\/","article_published_time":"2021-03-11T09:57:11+00:00","article_modified_time":"2023-01-17T12:00:03+00:00","og_image":[{"width":1000,"height":778,"url":"https:\/\/arbuti.com\/wp-content\/uploads\/2021\/03\/Redensyl.jpg","type":"image\/jpeg"}],"author":"admin","twitter_card":"summary_large_image","twitter_misc":{"Escrito por":"admin","Tempo estimado de leitura":"6 minutos"},"schema":{"@context":"https:\/\/schema.org","@graph":[{"@type":"Article","@id":"https:\/\/arbuti.com\/redensyl\/#article","isPartOf":{"@id":"https:\/\/arbuti.com\/redensyl\/"},"author":{"name":"admin","@id":"https:\/\/arbuti.com\/fr\/#\/schema\/person\/d85bbf7b442ca0f812c3aa0ed9eece8f"},"headline":"Redensyl","datePublished":"2021-03-11T09:57:11+00:00","dateModified":"2023-01-17T12:00:03+00:00","mainEntityOfPage":{"@id":"https:\/\/arbuti.com\/redensyl\/"},"wordCount":1015,"publisher":{"@id":"https:\/\/arbuti.com\/fr\/#organization"},"image":{"@id":"https:\/\/arbuti.com\/redensyl\/#primaryimage"},"thumbnailUrl":"https:\/\/arbuti.com\/wp-content\/uploads\/2021\/03\/Redensyl.jpg","articleSection":["Haarausfall"],"inLanguage":"pt-PT"},{"@type":"WebPage","@id":"https:\/\/arbuti.com\/redensyl\/","url":"https:\/\/arbuti.com\/redensyl\/","name":"Redensyl: Unterst\u00fctzt Redensyl Haarwuchs und stoppt Haarausfall?","isPartOf":{"@id":"https:\/\/arbuti.com\/fr\/#website"},"primaryImageOfPage":{"@id":"https:\/\/arbuti.com\/redensyl\/#primaryimage"},"image":{"@id":"https:\/\/arbuti.com\/redensyl\/#primaryimage"},"thumbnailUrl":"https:\/\/arbuti.com\/wp-content\/uploads\/2021\/03\/Redensyl.jpg","datePublished":"2021-03-11T09:57:11+00:00","dateModified":"2023-01-17T12:00:03+00:00","description":"Ist Redensyl eine alternative zu einer Haartransplantation? Ein kosmetischer Wirkstoff f\u00fcr die Haarpflege und Haarausfall. Redensyl und Haarwuchs.","breadcrumb":{"@id":"https:\/\/arbuti.com\/redensyl\/#breadcrumb"},"inLanguage":"pt-PT","potentialAction":[{"@type":"ReadAction","target":["https:\/\/arbuti.com\/redensyl\/"]}]},{"@type":"ImageObject","inLanguage":"pt-PT","@id":"https:\/\/arbuti.com\/redensyl\/#primaryimage","url":"https:\/\/arbuti.com\/wp-content\/uploads\/2021\/03\/Redensyl.jpg","contentUrl":"https:\/\/arbuti.com\/wp-content\/uploads\/2021\/03\/Redensyl.jpg","width":1000,"height":778,"caption":"Redensyl"},{"@type":"BreadcrumbList","@id":"https:\/\/arbuti.com\/redensyl\/#breadcrumb","itemListElement":[{"@type":"ListItem","position":1,"name":"ARBUTI","item":"https:\/\/arbuti.com\/"},{"@type":"ListItem","position":2,"name":"Haarausfall","item":"https:\/\/arbuti.com\/fr\/categorie\/haarausfall\/"},{"@type":"ListItem","position":3,"name":"Redensyl"}]},{"@type":"WebSite","@id":"https:\/\/arbuti.com\/fr\/#website","url":"https:\/\/arbuti.com\/fr\/","name":"ARBUTI Hair Salon","description":"Friseur M\u00fcnchen","publisher":{"@id":"https:\/\/arbuti.com\/fr\/#organization"},"alternateName":"ARBUTI","potentialAction":[{"@type":"SearchAction","target":{"@type":"EntryPoint","urlTemplate":"https:\/\/arbuti.com\/fr\/?s={search_term_string}"},"query-input":{"@type":"PropertyValueSpecification","valueRequired":true,"valueName":"search_term_string"}}],"inLanguage":"pt-PT"},{"@type":"Organization","@id":"https:\/\/arbuti.com\/fr\/#organization","name":"ARBUTI Hair Salon","alternateName":"ARBUTI","url":"https:\/\/arbuti.com\/fr\/","logo":{"@type":"ImageObject","inLanguage":"pt-PT","@id":"https:\/\/arbuti.com\/fr\/#\/schema\/logo\/image\/","url":"https:\/\/arbuti.com\/wp-content\/uploads\/2020\/04\/cropped-Arbuti-Friseur-Muenchen.jpg","contentUrl":"https:\/\/arbuti.com\/wp-content\/uploads\/2020\/04\/cropped-Arbuti-Friseur-Muenchen.jpg","width":512,"height":512,"caption":"ARBUTI Hair Salon"},"image":{"@id":"https:\/\/arbuti.com\/fr\/#\/schema\/logo\/image\/"},"sameAs":["https:\/\/www.facebook.com\/Arbutihairsalon\/","https:\/\/www.instagram.com\/arbutihairsalon\/","https:\/\/www.pinterest.de\/arbutihairsalon\/arbuti-hair-salon\/"]},{"@type":"Person","@id":"https:\/\/arbuti.com\/fr\/#\/schema\/person\/d85bbf7b442ca0f812c3aa0ed9eece8f","name":"admin","image":{"@type":"ImageObject","inLanguage":"pt-PT","@id":"https:\/\/arbuti.com\/fr\/#\/schema\/person\/image\/","url":"https:\/\/secure.gravatar.com\/avatar\/a5ca7376327017715559ffb9b376df51?s=96&d=mm&r=g","contentUrl":"https:\/\/secure.gravatar.com\/avatar\/a5ca7376327017715559ffb9b376df51?s=96&d=mm&r=g","caption":"admin"}}]}},"uagb_featured_image_src":{"full":["https:\/\/arbuti.com\/wp-content\/uploads\/2021\/03\/Redensyl.jpg",1000,778,false],"thumbnail":["https:\/\/arbuti.com\/wp-content\/uploads\/2021\/03\/Redensyl-150x150.jpg",150,150,true],"medium":["https:\/\/arbuti.com\/wp-content\/uploads\/2021\/03\/Redensyl-300x233.jpg",300,233,true],"medium_large":["https:\/\/arbuti.com\/wp-content\/uploads\/2021\/03\/Redensyl-768x598.jpg",768,598,true],"large":["https:\/\/arbuti.com\/wp-content\/uploads\/2021\/03\/Redensyl.jpg",1000,778,false],"1536x1536":["https:\/\/arbuti.com\/wp-content\/uploads\/2021\/03\/Redensyl.jpg",1000,778,false],"2048x2048":["https:\/\/arbuti.com\/wp-content\/uploads\/2021\/03\/Redensyl.jpg",1000,778,false],"trp-custom-language-flag":["https:\/\/arbuti.com\/wp-content\/uploads\/2021\/03\/Redensyl.jpg",15,12,false],"wp_review_large":["https:\/\/arbuti.com\/wp-content\/uploads\/2021\/03\/Redensyl-320x200.jpg",320,200,true],"wp_review_small":["https:\/\/arbuti.com\/wp-content\/uploads\/2021\/03\/Redensyl-65x65.jpg",65,65,true]},"uagb_author_info":{"display_name":"admin","author_link":"https:\/\/arbuti.com\/pt\/author\/admin\/"},"uagb_comment_info":0,"uagb_excerpt":"Redensyl Unterst\u00fctzt Redensyl wirklich den Haarwuchs und hilft den&nbsp;Haarausfall&nbsp;zu reduzieren? Hier haben wir eine Zusammenfassung \u00fcber Redensyl f\u00fcr dich zusammengestellt. [&hellip;]","_links":{"self":[{"href":"https:\/\/arbuti.com\/pt\/wp-json\/wp\/v2\/posts\/8268","targetHints":{"allow":["GET"]}}],"collection":[{"href":"https:\/\/arbuti.com\/pt\/wp-json\/wp\/v2\/posts"}],"about":[{"href":"https:\/\/arbuti.com\/pt\/wp-json\/wp\/v2\/types\/post"}],"author":[{"embeddable":true,"href":"https:\/\/arbuti.com\/pt\/wp-json\/wp\/v2\/users\/1"}],"replies":[{"embeddable":true,"href":"https:\/\/arbuti.com\/pt\/wp-json\/wp\/v2\/comments?post=8268"}],"version-history":[{"count":3,"href":"https:\/\/arbuti.com\/pt\/wp-json\/wp\/v2\/posts\/8268\/revisions"}],"predecessor-version":[{"id":10920,"href":"https:\/\/arbuti.com\/pt\/wp-json\/wp\/v2\/posts\/8268\/revisions\/10920"}],"wp:featuredmedia":[{"embeddable":true,"href":"https:\/\/arbuti.com\/pt\/wp-json\/wp\/v2\/media\/8271"}],"wp:attachment":[{"href":"https:\/\/arbuti.com\/pt\/wp-json\/wp\/v2\/media?parent=8268"}],"wp:term":[{"taxonomy":"category","embeddable":true,"href":"https:\/\/arbuti.com\/pt\/wp-json\/wp\/v2\/categories?post=8268"},{"taxonomy":"post_tag","embeddable":true,"href":"https:\/\/arbuti.com\/pt\/wp-json\/wp\/v2\/tags?post=8268"}],"curies":[{"name":"wp","href":"https:\/\/api.w.org\/{rel}","templated":true}]}}