{"id":7256,"date":"2021-02-17T14:28:00","date_gmt":"2021-02-17T14:28:00","guid":{"rendered":"https:\/\/arbuti.com\/?p=7256"},"modified":"2023-01-17T12:06:39","modified_gmt":"2023-01-17T12:06:39","slug":"haarfollikel","status":"publish","type":"post","link":"https:\/\/arbuti.com\/pl\/mieszek-wlosowy\/","title":{"rendered":"Mieszek W\u0142osowy"},"content":{"rendered":"<h1 class=\"has-text-align-center wp-block-heading\" id=\"h-wie-funktionieren-haarfollikel\">Jak dzia\u0142aj\u0105 mieszki w\u0142osowe?<\/h1>\n\n\n\n<p class=\"has-text-align-center\">Mieszki w\u0142osowe to ma\u0142e, przypominaj\u0105ce kieszonki otwory w naszej sk\u00f3rze. Jak sama nazwa wskazuje, hoduj\u0105 one w\u0142osy. Zgodnie z&nbsp;<a href=\"https:\/\/www.aad.org\/public\/kids\/hair\/how-hair-grows\" target=\"_blank\" rel=\"noreferrer noopener\">Ameryka\u0144ska Akademia Dermatologii<\/a>&nbsp;przeci\u0119tny cz\u0142owiek ma oko\u0142o 100 000 mieszk\u00f3w w\u0142osowych na samej sk\u00f3rze g\u0142owy. Przyjrzymy si\u0119, czym s\u0105 mieszki w\u0142osowe i jak rosn\u0105 w\u0142osy.<\/p>\n\n\n\n\n\n\n<figure class=\"wp-block-image aligncenter size-large is-resized\"><img loading=\"lazy\" decoding=\"async\" src=\"https:\/\/arbuti.com\/wp-content\/uploads\/2021\/02\/Haarfollikel.jpg\" alt=\"Mieszek W\u0142osowy\" class=\"wp-image-7258\" width=\"582\" height=\"452\" srcset=\"https:\/\/arbuti.com\/wp-content\/uploads\/2021\/02\/Haarfollikel.jpg 1000w, https:\/\/arbuti.com\/wp-content\/uploads\/2021\/02\/Haarfollikel-300x233.jpg 300w, https:\/\/arbuti.com\/wp-content\/uploads\/2021\/02\/Haarfollikel-768x598.jpg 768w, https:\/\/arbuti.com\/wp-content\/uploads\/2021\/02\/Haarfollikel-200x156.jpg 200w, https:\/\/arbuti.com\/wp-content\/uploads\/2021\/02\/Haarfollikel-400x311.jpg 400w, https:\/\/arbuti.com\/wp-content\/uploads\/2021\/02\/Haarfollikel-600x467.jpg 600w, https:\/\/arbuti.com\/wp-content\/uploads\/2021\/02\/Haarfollikel-800x622.jpg 800w\" sizes=\"auto, (max-width: 582px) 100vw, 582px\" \/><\/figure>\n\n\n\n<div style=\"height:32px\" aria-hidden=\"true\" class=\"wp-block-spacer\"><\/div>\n\n\n\n<h2 class=\"has-text-align-center wp-block-heading\" id=\"h-anatomie-eines-follikels\">Anatomia mieszk\u00f3w w\u0142osowych<\/h2>\n\n\n\n<p>Mieszek w\u0142osowy to struktura w kszta\u0142cie tunelu w nask\u00f3rku (zewn\u0119trznej warstwie) sk\u00f3ry. W\u0142os zaczyna rosn\u0105\u0107 u podstawy mieszka w\u0142osowego. Korze\u0144 w\u0142osa sk\u0142ada si\u0119 z kom\u00f3rek bia\u0142kowych i jest od\u017cywiany przez krew z pobliskich naczy\u0144 krwiono\u015bnych.<\/p>\n\n\n\n<p>W miar\u0119 wytwarzania kolejnych kom\u00f3rek, w\u0142osy wyrastaj\u0105 ze sk\u00f3ry i wychodz\u0105 na powierzchni\u0119. Gruczo\u0142y \u0142ojowe znajduj\u0105ce si\u0119 w pobli\u017cu mieszk\u00f3w w\u0142osowych produkuj\u0105 olej, kt\u00f3ry od\u017cywia w\u0142osy i sk\u00f3r\u0119.<\/p>\n\n\n\n<h2 class=\"wp-block-heading\">Cykl wzrostu w\u0142os\u00f3w<\/h2>\n\n\n\n<p>W\u0142osy odrastaj\u0105 z mieszk\u00f3w w\u0142osowych w cyklach. Istniej\u0105 trzy r\u00f3\u017cne fazy tego cyklu:<\/p>\n\n\n\n<ul class=\"wp-block-list\">\n<li><strong>Faza anagenowa (wzrostu)<\/strong> W\u0142os zaczyna rosn\u0105\u0107 od korzenia. Faza ta trwa zazwyczaj od trzech do siedmiu lat.<\/li>\n\n\n\n<li><strong>Faza katagenu (przej\u015bciowa)<\/strong> W tej fazie wzrost spowalnia si\u0119, a mieszek w\u0142osowy kurczy si\u0119. Trwa to od dw\u00f3ch do czterech miesi\u0119cy.<\/li>\n\n\n\n<li><strong>Faza telogenu (spoczynku)<\/strong>&nbsp;Stare w\u0142osy wypadaj\u0105, a nowe zaczynaj\u0105 rosn\u0105\u0107 z tego samego mieszka w\u0142osowego. Trwa to od trzech do czterech miesi\u0119cy.<\/li>\n<\/ul>\n\n\n\n<p>Po&nbsp;<a href=\"https:\/\/www.ncbi.nlm.nih.gov\/pmc\/articles\/PMC4437968\/\" target=\"_blank\" rel=\"noreferrer noopener\">Artyku\u0142 2015<\/a> Najnowsze badania wykaza\u0142y, \u017ce mieszki w\u0142osowe nie tylko \"odpoczywaj\u0105\" podczas fazy telogenu. Podczas tej fazy ma miejsce du\u017ca aktywno\u015b\u0107 kom\u00f3rkowa, aby tkanka mog\u0142a si\u0119 zregenerowa\u0107 i wyhodowa\u0107 wi\u0119cej w\u0142os\u00f3w. Innymi s\u0142owy, faza telogenu jest kluczowa dla formowania si\u0119 zdrowych w\u0142os\u00f3w.<\/p>\n\n\n\n<p>R\u00f3\u017cne p\u0119cherzyki przechodz\u0105 przez r\u00f3\u017cne fazy cyklu w tym samym czasie. Niekt\u00f3re p\u0119cherzyki s\u0105 w fazie wzrostu, podczas gdy inne mog\u0105 znajdowa\u0107 si\u0119 w fazie spoczynku. Niekt\u00f3re z w\u0142os\u00f3w mog\u0105 rosn\u0105\u0107, podczas gdy inne wypada\u0107.<\/p>\n\n\n\n<p>Zgodnie z&nbsp;<a href=\"https:\/\/www.aocd.org\/page\/TelogenEffluviumHA\" target=\"_blank\" rel=\"noreferrer noopener\">Ameryka\u0144skie Osteopatyczne Kolegium Dermatologiczne<\/a>&nbsp;przeci\u0119tny cz\u0142owiek traci oko\u0142o 100 pasm w\u0142os\u00f3w dziennie. Ponad 90% mieszk\u00f3w w\u0142osowych znajduje si\u0119 w fazie anagenu w danym momencie.<\/p>\n\n\n\n<h2 class=\"wp-block-heading\">\u017bycie mieszk\u00f3w w\u0142osowych<\/h2>\n\n\n\n<p>\u015arednio, w\u0142osy rosn\u0105 oko\u0142o 1,2 cm co miesi\u0105c. Na tempo wzrostu w\u0142os\u00f3w mo\u017ce mie\u0107 wp\u0142yw wiek, rodzaj w\u0142os\u00f3w i og\u00f3lny stan zdrowia.<\/p>\n\n\n\n<blockquote class=\"wp-block-quote is-layout-flow wp-block-quote-is-layout-flow\">\n<p>Mieszki w\u0142osowe s\u0105 nie tylko odpowiedzialne za to, jak bardzo rosn\u0105 w\u0142osy, ale tak\u017ce wp\u0142ywaj\u0105 na ich wygl\u0105d. Kszta\u0142t mieszk\u00f3w w\u0142osowych decyduje o tym, jak bardzo kr\u0119cone s\u0105 Twoje w\u0142osy. Okr\u0105g\u0142e mieszki w\u0142osowe produkuj\u0105 proste w\u0142osy, podczas gdy owalne mieszki wytwarzaj\u0105 w\u0142osy bardziej kr\u0119cone.<\/p>\n<\/blockquote>\n\n\n\n<p>Mieszki w\u0142osowe odgrywaj\u0105 r\u00f3wnie\u017c rol\u0119 w okre\u015blaniu koloru w\u0142os\u00f3w. Podobnie jak sk\u00f3ra, w\u0142osy uzyskuj\u0105 sw\u00f3j pigment dzi\u0119ki obecno\u015bci melaniny. Istniej\u0105 dwa rodzaje melaniny: eumelanina i feomelanina.<\/p>\n\n\n\n<p>Twoje geny decyduj\u0105 o tym, czy masz eumelanin\u0119 czy feomelanin\u0119 i ile masz ka\u017cdego z tych pigment\u00f3w. Du\u017ca ilo\u015b\u0107 eumelaniny powoduje, \u017ce w\u0142osy s\u0105 czarne, umiarkowana ilo\u015b\u0107 eumelaniny powoduje, \u017ce w\u0142osy s\u0105 br\u0105zowe, a bardzo ma\u0142a ilo\u015b\u0107 eumelaniny powoduje, \u017ce w\u0142osy s\u0105 blond. Z kolei feomelanina sprawia, \u017ce w\u0142osy s\u0105 czerwone.<\/p>\n\n\n\n<p>Melanina ta jest przechowywana w kom\u00f3rkach mieszk\u00f3w w\u0142osowych, kt\u00f3re nast\u0119pnie okre\u015blaj\u0105 kolor w\u0142os\u00f3w. Z wiekiem mieszki w\u0142osowe mog\u0105 traci\u0107 zdolno\u015b\u0107 do produkcji melaniny, co prowadzi do wzrostu siwych lub bia\u0142ych w\u0142os\u00f3w.<\/p>\n\n\n\n<p>Po wyrwaniu w\u0142osa z mieszka w\u0142osowego, mo\u017ce on odrosn\u0105\u0107. Mo\u017cliwe jest, \u017ce uszkodzony mieszek w\u0142osowy przestanie produkowa\u0107 w\u0142osy. Niekt\u00f3re choroby, takie jak \u0142ysienie, mog\u0105 powodowa\u0107 ca\u0142kowite zaprzestanie produkcji w\u0142os\u00f3w przez mieszki w\u0142osowe.<\/p>\n\n\n\n<h2 class=\"wp-block-heading\">Problemy z mieszkami w\u0142osowymi<\/h2>\n\n\n\n<figure class=\"wp-block-image alignleft size-large is-resized\"><img loading=\"lazy\" decoding=\"async\" src=\"https:\/\/arbuti.com\/wp-content\/uploads\/2021\/02\/Haarfolikel.jpg\" alt=\"Mieszek W\u0142osowy\" class=\"wp-image-7257\" width=\"303\" height=\"236\" srcset=\"https:\/\/arbuti.com\/wp-content\/uploads\/2021\/02\/Haarfolikel.jpg 1000w, https:\/\/arbuti.com\/wp-content\/uploads\/2021\/02\/Haarfolikel-300x233.jpg 300w, https:\/\/arbuti.com\/wp-content\/uploads\/2021\/02\/Haarfolikel-768x598.jpg 768w, https:\/\/arbuti.com\/wp-content\/uploads\/2021\/02\/Haarfolikel-200x156.jpg 200w, https:\/\/arbuti.com\/wp-content\/uploads\/2021\/02\/Haarfolikel-400x311.jpg 400w, https:\/\/arbuti.com\/wp-content\/uploads\/2021\/02\/Haarfolikel-600x467.jpg 600w, https:\/\/arbuti.com\/wp-content\/uploads\/2021\/02\/Haarfolikel-800x622.jpg 800w\" sizes=\"auto, (max-width: 303px) 100vw, 303px\" \/><\/figure>\n\n\n\n<p>Wiele schorze\u0144 w\u0142os\u00f3w jest spowodowanych problemami z mieszkami w\u0142osowymi. Je\u015bli uwa\u017casz, \u017ce masz problem z w\u0142osami lub je\u015bli masz niewyja\u015bnione objawy, takie jak wypadanie w\u0142os\u00f3w, najlepiej skonsultuj si\u0119 z dermatologiem.<\/p>\n\n\n\n<h3 class=\"wp-block-heading\">\u0141ysienie androgenowe<\/h3>\n\n\n\n<p>\u0141ysienie androgenowe, znane jako \u0142ysienie typu m\u0119skiego u m\u0119\u017cczyzn, jest stanem, kt\u00f3ry wp\u0142ywa na cykl wzrostu mieszk\u00f3w w\u0142osowych na sk\u00f3rze g\u0142owy. Cykl w\u0142osa spowalnia si\u0119 i s\u0142abnie, a\u017c w ko\u0144cu dochodzi do ca\u0142kowitego zatrzymania. Powoduje to, \u017ce mieszki w\u0142osowe nie produkuj\u0105 nowych w\u0142os\u00f3w.<\/p>\n\n\n\n<p>Wed\u0142ug US National Library of Medicine, \u0142ysienie androgenowe dotyka 50 milion\u00f3w m\u0119\u017cczyzn i 30 milion\u00f3w kobiet.<\/p>\n\n\n\n<h3 class=\"wp-block-heading\">\u0141ysienie plackowate (Alopecia areata)<\/h3>\n\n\n\n<p>\u0141ysienie plackowate (Alopecia areata) jest chorob\u0105 autoimmunologiczn\u0105. Uk\u0142ad odporno\u015bciowy myli mieszki w\u0142osowe z obcymi kom\u00f3rkami i atakuje je. Cz\u0119sto powoduje wypadanie w\u0142os\u00f3w w k\u0119pkach. Mo\u017ce prowadzi\u0107 do \u0142ysienia uniwersalnego (alopecia universalis), czyli ca\u0142kowitej utraty w\u0142os\u00f3w na ca\u0142ym ciele.<\/p>\n\n\n\n<p>Nadal nie jest znane lekarstwo na <a href=\"https:\/\/arbuti.com\/pl\/okrezne-wypadanie-wlosow\/\">\u0141ysienie plackowate (Alopecia areata)<\/a>ale zastrzyki sterydowe lub zabiegi miejscowe mog\u0105 spowolni\u0107 wypadanie w\u0142os\u00f3w.<\/p>\n\n\n\n<h3 class=\"wp-block-heading\">Folliculitis<\/h3>\n\n\n\n<p>Folliculitis to zapalenie mieszk\u00f3w w\u0142osowych. Mo\u017ce wyst\u0105pi\u0107 wsz\u0119dzie, gdzie rosn\u0105 w\u0142osy, r\u00f3wnie\u017c u Ciebie:<\/p>\n\n\n\n<ul class=\"wp-block-list\">\n<li>Sk\u00f3ra g\u0142owy<\/li>\n\n\n\n<li>Nogi<\/li>\n\n\n\n<li>Pachy<\/li>\n\n\n\n<li>Twarz<\/li>\n\n\n\n<li>Bro\u0144<\/li>\n<\/ul>\n\n\n\n<p>Zapalenie mieszk\u00f3w w\u0142osowych cz\u0119sto wygl\u0105da jak wysypka ma\u0142ych guzk\u00f3w na sk\u00f3rze. P\u0119cherzyki mog\u0105 by\u0107 czerwone, bia\u0142e lub \u017c\u00f3\u0142te i zawiera\u0107 rop\u0119. Cz\u0119sto zapalenie mieszk\u00f3w w\u0142osowych jest sw\u0119dz\u0105ce i bolesne.<\/p>\n\n\n\n<p>Folliculitis jest cz\u0119sto spowodowane przez zaka\u017cenie gronkowcem . Zapalenie mieszk\u00f3w w\u0142osowych mo\u017ce ust\u0105pi\u0107 bez leczenia, ale lekarz mo\u017ce postawi\u0107 diagnoz\u0119 i poda\u0107 leki na jego leczenie. Mo\u017ce to obejmowa\u0107 leczenie miejscowe lub leki doustne, kt\u00f3re lecz\u0105 przyczyn\u0119 zaka\u017cenia i \u0142agodz\u0105 objawy.<\/p>\n\n\n\n<h3 class=\"wp-block-heading\">Wysi\u0119k telogenowy<\/h3>\n\n\n\n<p>Telogen effluvi to tymczasowa, ale powszechna forma utraty w\u0142os\u00f3w. Stresuj\u0105ce wydarzenie powoduje, \u017ce mieszki w\u0142osowe przedwcze\u015bnie wchodz\u0105 w faz\u0119 telogenu. To powoduje, \u017ce w\u0142osy staj\u0105 si\u0119 cienkie i wypadaj\u0105.<\/p>\n\n\n\n<p>W\u0142osy cz\u0119sto wypadaj\u0105 w \u0142atach na sk\u00f3rze g\u0142owy, ale w skrajnych przypadkach mog\u0105 wypada\u0107 w innych cz\u0119\u015bciach cia\u0142a, w tym na nogach, brwiach i w okolicy \u0142onowej.<\/p>\n\n\n\n<p>Strona <a href=\"https:\/\/arbuti.com\/pl\/wypadanie-wlosow-stres\/\">Stres<\/a> mo\u017ce by\u0107 spowodowana przez:<\/p>\n\n\n\n<ul class=\"wp-block-list\">\n<li>fizycznie traumatyczne wydarzenie<\/li>\n\n\n\n<li>Narodziny<\/li>\n\n\n\n<li>nowy lek<\/li>\n\n\n\n<li>Chirurgia<\/li>\n\n\n\n<li>Choroba<\/li>\n\n\n\n<li>stresuj\u0105ca zmiana w \u017cyciu<\/li>\n<\/ul>\n\n\n\n<p>Szok wywo\u0142any tym wydarzeniem powoduje zmian\u0119 cyklu wzrostu w\u0142osa.<\/p>\n\n\n\n<p>Telogen effluvium jest zazwyczaj przej\u015bciowy i nie wymaga leczenia. Jednak\u017ce, najlepiej jest porozmawia\u0107 z dermatologiem, je\u015bli uwa\u017casz, \u017ce masz telogen effluvium, poniewa\u017c b\u0119dzie on musia\u0142 wykluczy\u0107 inne przyczyny.<\/p>\n\n\n\n<h2 class=\"wp-block-heading\">Odrastanie w\u0142os\u00f3w<\/h2>\n\n\n\n<p>Je\u015bli cierpisz na takie schorzenia jak \u0142ysienie lub \u0142ysienie, mo\u017cesz si\u0119 zastanawia\u0107, czy mo\u017cliwe jest stymulowanie mieszk\u00f3w w\u0142osowych w celu odrastania w\u0142os\u00f3w.<\/p>\n\n\n\n<p>Je\u015bli p\u0119cherzyk zosta\u0142 uszkodzony, nie mo\u017cna go ponownie pobudzi\u0107. Przynajmniej nie wiemy jeszcze, jak go stymulowa\u0107.<\/p>\n\n\n\n<p>Jednak niekt\u00f3re nowe badania nad kom\u00f3rkami macierzystymi daj\u0105 nadziej\u0119. W jednym <a rel=\"noreferrer noopener\" href=\"https:\/\/www.nature.com\/articles\/ncb3575\" target=\"_blank\">Artyku\u0142 2017<\/a> znalaz\u0142 now\u0105 metod\u0119 reaktywacji martwych lub uszkodzonych mieszk\u00f3w w\u0142osowych. Jednak\u017ce, leczenie to nie zosta\u0142o jeszcze przetestowane na ludziach i nie zosta\u0142o zatwierdzone przez Food and Drug Administration (FDA).<\/p>\n\n\n\n<h3 class=\"wp-block-heading\" id=\"h-kann-man-durch-haarwuchsmittel-haarwachstum-beschleunigen\">Czy produkty na porost w\u0142os\u00f3w mog\u0105 przyspieszy\u0107 wzrost w\u0142os\u00f3w? <\/h3>\n\n\n\n<p><a href=\"https:\/\/arbuti.com\/pl\/odbudowujacy-wlosy\/\">Serum na porost W\u0142os\u00f3w bez recepty<\/a> mo\u017ce faktycznie wspiera\u0107 zdrowe <a href=\"https:\/\/arbuti.com\/pl\/odbudowujacy-wlosy\/\">wzrost w\u0142os\u00f3w<\/a> promowa\u0107. R\u00f3wnie\u017c <a href=\"https:\/\/arbuti.com\/pl\/przeszczep-wlosow\/\">Przeszczepy w\u0142os\u00f3w<\/a> sta\u0142y si\u0119 ostatnio bardzo modne, ale nale\u017cy wzi\u0105\u0107 pod uwag\u0119 kilka czynnik\u00f3w: od 10 do 80 procent przeszczepionych w\u0142os\u00f3w odrasta ca\u0142kowicie w ci\u0105gu oko\u0142o trzech do czterech miesi\u0119cy. Podobnie jak normalne w\u0142osy, przeszczepione w\u0142osy przerzedzaj\u0105 si\u0119 z czasem.<\/p>\n\n\n\n<h2 class=\"wp-block-heading\">Streszczenie<\/h2>\n\n\n\n<p>Mieszki w\u0142osowe s\u0105 odpowiedzialne za wzrost w\u0142os\u00f3w, kt\u00f3ry odbywa si\u0119 w cyklach sk\u0142adaj\u0105cych si\u0119 z trzech r\u00f3\u017cnych faz. Te mieszki w\u0142osowe okre\u015blaj\u0105 r\u00f3wnie\u017c typ w\u0142os\u00f3w.<\/p>\n\n\n\n<p>Je\u015bli s\u0105 uszkodzone, mieszki w\u0142osowe mog\u0105 przesta\u0107 produkowa\u0107 w\u0142osy, a cykl wzrostu w\u0142os\u00f3w mo\u017ce ulec spowolnieniu. Je\u015bli masz obawy dotycz\u0105ce wzrostu w\u0142os\u00f3w, skonsultuj si\u0119 z dermatologiem.<\/p>\n\n\n\n<h2 class=\"wp-block-heading\" id=\"h-fragen-und-antworten\">Pytania i odpowiedzi<\/h2>\n\n\n\t\t<section\t\tclass=\"sc_fs_faq sc_card\"\n\t\t\t\t>\n\t\t\t\t<h3>Czy mieszki w\u0142osowe odrastaj\u0105 po ich wyrwaniu?<\/h3>\t\t\t\t<div>\n\t\t\t\t\t\t<div class=\"sc_fs_faq__content\">\n\t\t\t\t\n\n<p class=\"has-small-font-size\">Wreszcie, wyrwane w\u0142osy nie odrastaj\u0105. Wykazano, \u017ce powtarzaj\u0105ce si\u0119 ci\u0105gni\u0119cie w\u0142os\u00f3w uszkadza mieszki w\u0142osowe. Poniewa\u017c trichotillomania powoduje powtarzaj\u0105ce si\u0119 wyrywanie w\u0142os\u00f3w, cz\u0119sto dochodzi do uszkodzenia mieszk\u00f3w w\u0142osowych. Je\u015bli wyrwie si\u0119 wystarczaj\u0105co du\u017co w\u0142os\u00f3w, uszkodzone mieszki w\u0142osowe mog\u0105 wp\u0142ywa\u0107 na odrastanie w\u0142os\u00f3w.<\/p>\n\n\t\t\t<\/div>\n\t\t<\/div>\n\t\t<\/section>\n\t\t\t\t<section\t\tclass=\"sc_fs_faq sc_card\"\n\t\t\t\t>\n\t\t\t\t<h3>Czy mieszki w\u0142osowe obumieraj\u0105?<\/h3>\t\t\t\t<div>\n\t\t\t\t\t\t<div class=\"sc_fs_faq__content\">\n\t\t\t\t\n\n<p class=\"has-small-font-size\">Mieszek w\u0142osowy to worek wy\u015bcielony kom\u00f3rkami, z kt\u00f3rych wyrastaj\u0105 pasma w\u0142os\u00f3w. ... Ale je\u015bli mieszki w\u0142osowe nie s\u0105 dostatecznie od\u017cywiane, mog\u0105 obumrze\u0107. Staj\u0105 si\u0119 coraz cie\u0144sze i cie\u0144sze, a\u017c w ko\u0144cu spadaj\u0105 nam z g\u0142owy. W takiej sytuacji sk\u00f3ra g\u0142owy traci w\u0142osy i pojawia si\u0119 \u0142ysienie.<\/p>\n\n\t\t\t<\/div>\n\t\t<\/div>\n\t\t<\/section>\n\t\t\t\t<section\t\tclass=\"sc_fs_faq sc_card\"\n\t\t\t\t>\n\t\t\t\t<h3>Czy mieszki w\u0142osowe mog\u0105 ulec zapaleniu?<\/h3>\t\t\t\t<div>\n\t\t\t\t\t\t<div class=\"sc_fs_faq__content\">\n\t\t\t\t\n\n<p class=\"has-small-font-size\">Zapalenie mieszk\u00f3w w\u0142osowych lub zapalenie mieszk\u00f3w w\u0142osowych to cz\u0119ste schorzenie sk\u00f3ry, w kt\u00f3rym dochodzi do zapalenia mieszk\u00f3w w\u0142osowych. Zwykle jest ona spowodowana infekcj\u0105 bakteryjn\u0105 lub grzybicz\u0105. Na pierwszy rzut oka mo\u017ce to wygl\u0105da\u0107 jak ma\u0142e czerwone grudki lub bia\u0142awe krostki wok\u00f3\u0142 mieszk\u00f3w w\u0142osowych - male\u0144kich kieszonek, z kt\u00f3rych wyrasta ka\u017cdy w\u0142os.<\/p>\n\n\t\t\t<\/div>\n\t\t<\/div>\n\t\t<\/section>\n\t\t\t\t<section\t\tclass=\"sc_fs_faq sc_card\"\n\t\t\t\t>\n\t\t\t\t<h3>Co sprawia, \u017ce mieszki w\u0142osowe rosn\u0105?<\/h3>\t\t\t\t<div>\n\t\t\t\t\t\t<div class=\"sc_fs_faq__content\">\n\t\t\t\t\n\n<p class=\"has-small-font-size\">W\u0142os zaczyna rosn\u0105\u0107 od korzenia w dolnej cz\u0119\u015bci mieszka w\u0142osowego. Korze\u0144 sk\u0142ada si\u0119 z kom\u00f3rek bia\u0142kowych. Krew z naczy\u0144 krwiono\u015bnych sk\u00f3ry g\u0142owy zasila korze\u0144, tworz\u0105c wi\u0119cej kom\u00f3rek i umo\u017cliwiaj\u0105c wzrost w\u0142osa. W\u0142osy s\u0105 przesuwane przez sk\u00f3r\u0119 w miar\u0119 ich wzrostu, przechodz\u0105c przez gruczo\u0142 olejowy. Mo\u017cna r\u00f3wnie\u017c <a href=\"https:\/\/arbuti.com\/pl\/odbudowujacy-wlosy\/\">Produkty na Porost W\u0142os\u00f3w<\/a> stosowa\u0107 w celu wspierania zdrowego wzrostu w\u0142os\u00f3w.<\/p>\n\n\t\t\t<\/div>\n\t\t<\/div>\n\t\t<\/section>\n\t\t\n<script type=\"application\/ld+json\">{\n    \"@context\": \"https:\\\/\\\/schema.org\",\n    \"@type\": \"FAQPage\",\n    \"mainEntity\": [\n        {\n            \"@type\": \"Question\",\n            \"name\": \"Wachsen Haarfollikel nach, wenn sie herausgezogen werden?\",\n            \"acceptedAnswer\": {\n                \"@type\": \"Answer\",\n                \"text\": \"<p>Schlie\\u00dflich wachsen gezogene Haare nicht nach. Es hat sich gezeigt, dass das wiederholte Herausziehen der Haare die Haarfollikel sch\\u00e4digt. Da Trichotillomanie wiederholtes Haarziehen verursacht, kann es h\\u00e4ufig zu besch\\u00e4digten Follikeln kommen. Wenn gen\\u00fcgend Haare herausgezogen werden, k\\u00f6nnen diese besch\\u00e4digten Haarfollikel das Nachwachsen der Haare beeintr\\u00e4chtigen.<\\\/p>\"\n            }\n        },\n        {\n            \"@type\": \"Question\",\n            \"name\": \"Sterben Haarfollikel?\",\n            \"acceptedAnswer\": {\n                \"@type\": \"Answer\",\n                \"text\": \"<p>Ein Follikel ist im Wesentlichen ein mit Zellen ausgekleideter Sack, aus dem Haarstr\\u00e4hnen wachsen. ... Aber wenn Haarfollikel nicht genug Nahrung bekommen, k\\u00f6nnen sie sterben. Sie werden einfach immer d\\u00fcnner, bis sie schlie\\u00dflich von unseren K\\u00f6pfen fallen. Wenn dies passiert, verliert unsere Kopfhaut Haare und wir sehen Kahlheit.<\\\/p>\"\n            }\n        },\n        {\n            \"@type\": \"Question\",\n            \"name\": \"K\\u00f6nnen sich Haarfollikel entz\\u00fcnden?\",\n            \"acceptedAnswer\": {\n                \"@type\": \"Answer\",\n                \"text\": \"<p>Haarfollikelentz\\u00fcndung bzw. Follikulitis ist eine h\\u00e4ufige Hauterkrankung, bei der sich Haarfollikel entz\\u00fcnden. Es wird normalerweise durch eine bakterielle oder Pilzinfektion verursacht. Auf den ersten Blick mag es wie kleine rote Beulen oder wei\\u00dfk\\u00f6pfige Pickel um die Haarfollikel aussehen - die winzigen Taschen, aus denen jedes Haar w\\u00e4chst.<\\\/p>\"\n            }\n        },\n        {\n            \"@type\": \"Question\",\n            \"name\": \"Was l\\u00e4sst Haarfollikel wachsen?\",\n            \"acceptedAnswer\": {\n                \"@type\": \"Answer\",\n                \"text\": \"<p>Ihr Haar beginnt aus einer Wurzel im unteren Teil des Follikels zu wachsen. Die Wurzel besteht aus Proteinzellen. Blut aus den Blutgef\\u00e4\\u00dfen in Ihrer Kopfhaut speist die Wurzel, wodurch mehr Zellen entstehen und das Haar wachsen kann. Das Haar wird beim Wachsen durch die Haut geschoben und passiert dabei eine \\u00d6ldr\\u00fcse. Sie k\\u00f6nnen auch Haarwuchsmittel nutzen um den Haarwachstum gesund zu unterst\\u00fctzen.<\\\/p>\"\n            }\n        }\n    ]\n}<\/script>\n\n\n\n<p><\/p>","protected":false},"excerpt":{"rendered":"<p>Wie funktionieren Haarfollikel? Haarfollikel sind kleine, taschenartige L\u00f6cher in unserer Haut.&nbsp;Wie der Name schon sagt, wachsen ihnen Haare.&nbsp;Laut der&nbsp;American Academy [&hellip;]<\/p>","protected":false},"author":1,"featured_media":7258,"comment_status":"closed","ping_status":"open","sticky":false,"template":"","format":"standard","meta":{"ub_ctt_via":"","_uag_custom_page_level_css":"","site-sidebar-layout":"right-sidebar","site-content-layout":"default","ast-site-content-layout":"","site-content-style":"default","site-sidebar-style":"default","ast-global-header-display":"","ast-banner-title-visibility":"","ast-main-header-display":"","ast-hfb-above-header-display":"","ast-hfb-below-header-display":"","ast-hfb-mobile-header-display":"","site-post-title":"","ast-breadcrumbs-content":"","ast-featured-img":"","footer-sml-layout":"","theme-transparent-header-meta":"default","adv-header-id-meta":"","stick-header-meta":"default","header-above-stick-meta":"","header-main-stick-meta":"","header-below-stick-meta":"","astra-migrate-meta-layouts":"default","ast-page-background-enabled":"default","ast-page-background-meta":{"desktop":{"background-color":"","background-image":"","background-repeat":"repeat","background-position":"center center","background-size":"auto","background-attachment":"scroll","background-type":"","background-media":"","overlay-type":"","overlay-color":"","overlay-opacity":"","overlay-gradient":""},"tablet":{"background-color":"","background-image":"","background-repeat":"repeat","background-position":"center center","background-size":"auto","background-attachment":"scroll","background-type":"","background-media":"","overlay-type":"","overlay-color":"","overlay-opacity":"","overlay-gradient":""},"mobile":{"background-color":"","background-image":"","background-repeat":"repeat","background-position":"center center","background-size":"auto","background-attachment":"scroll","background-type":"","background-media":"","overlay-type":"","overlay-color":"","overlay-opacity":"","overlay-gradient":""}},"ast-content-background-meta":{"desktop":{"background-color":"var(--ast-global-color-5)","background-image":"","background-repeat":"repeat","background-position":"center center","background-size":"auto","background-attachment":"scroll","background-type":"","background-media":"","overlay-type":"","overlay-color":"","overlay-opacity":"","overlay-gradient":""},"tablet":{"background-color":"var(--ast-global-color-5)","background-image":"","background-repeat":"repeat","background-position":"center center","background-size":"auto","background-attachment":"scroll","background-type":"","background-media":"","overlay-type":"","overlay-color":"","overlay-opacity":"","overlay-gradient":""},"mobile":{"background-color":"var(--ast-global-color-5)","background-image":"","background-repeat":"repeat","background-position":"center center","background-size":"auto","background-attachment":"scroll","background-type":"","background-media":"","overlay-type":"","overlay-color":"","overlay-opacity":"","overlay-gradient":""}},"footnotes":""},"categories":[6356,6329],"tags":[],"class_list":["post-7256","post","type-post","status-publish","format-standard","has-post-thumbnail","hentry","category-gesundheit","category-haarausfall"],"featured_image_src":"https:\/\/arbuti.com\/wp-content\/uploads\/2021\/02\/Haarfollikel.jpg","author_info":{"display_name":"admin","author_link":"https:\/\/arbuti.com\/pl\/author\/admin\/"},"yoast_head":"<!-- This site is optimized with the Yoast SEO Premium plugin v25.3 (Yoast SEO v25.3) - https:\/\/yoast.com\/wordpress\/plugins\/seo\/ -->\n<title>Haarfollikel: Was sind Haarfollikel und wie funktionieren sie? (NEU!)<\/title>\n<meta name=\"description\" content=\"Alles \u00fcber Haarfollikel findest du hier! Wir werden untersuchen, was Haarfollikel sind und wie sie Haare wachsen lassen.\" \/>\n<meta name=\"robots\" content=\"index, follow, max-snippet:-1, max-image-preview:large, max-video-preview:-1\" \/>\n<link rel=\"canonical\" href=\"https:\/\/arbuti.com\/pl\/mieszek-wlosowy\/\" \/>\n<meta property=\"og:locale\" content=\"pl_PL\" \/>\n<meta property=\"og:type\" content=\"article\" \/>\n<meta property=\"og:title\" content=\"Haarfollikel\" \/>\n<meta property=\"og:description\" content=\"Wie funktionieren Haarfollikel? Haarfollikel sind kleine, taschenartige L\u00f6cher in unserer Haut.&nbsp;Wie der Name schon sagt, wachsen ihnen\" \/>\n<meta property=\"og:url\" content=\"https:\/\/arbuti.com\/pl\/mieszek-wlosowy\/\" \/>\n<meta property=\"og:site_name\" content=\"ARBUTI Hair Salon\" \/>\n<meta property=\"article:publisher\" content=\"https:\/\/www.facebook.com\/Arbutihairsalon\/\" \/>\n<meta property=\"article:published_time\" content=\"2021-02-17T14:28:00+00:00\" \/>\n<meta property=\"article:modified_time\" content=\"2023-01-17T12:06:39+00:00\" \/>\n<meta property=\"og:image\" content=\"https:\/\/arbuti.com\/wp-content\/uploads\/2021\/02\/Haarfollikel.jpg\" \/>\n\t<meta property=\"og:image:width\" content=\"1000\" \/>\n\t<meta property=\"og:image:height\" content=\"778\" \/>\n\t<meta property=\"og:image:type\" content=\"image\/jpeg\" \/>\n<meta name=\"author\" content=\"admin\" \/>\n<meta name=\"twitter:card\" content=\"summary_large_image\" \/>\n<meta name=\"twitter:label1\" content=\"Napisane przez\" \/>\n\t<meta name=\"twitter:data1\" content=\"admin\" \/>\n\t<meta name=\"twitter:label2\" content=\"Szacowany czas czytania\" \/>\n\t<meta name=\"twitter:data2\" content=\"8 minut\" \/>\n<script type=\"application\/ld+json\" class=\"yoast-schema-graph\">{\"@context\":\"https:\/\/schema.org\",\"@graph\":[{\"@type\":\"Article\",\"@id\":\"https:\/\/arbuti.com\/haarfollikel\/#article\",\"isPartOf\":{\"@id\":\"https:\/\/arbuti.com\/haarfollikel\/\"},\"author\":{\"name\":\"admin\",\"@id\":\"https:\/\/arbuti.com\/fr\/#\/schema\/person\/d85bbf7b442ca0f812c3aa0ed9eece8f\"},\"headline\":\"Haarfollikel\",\"datePublished\":\"2021-02-17T14:28:00+00:00\",\"dateModified\":\"2023-01-17T12:06:39+00:00\",\"mainEntityOfPage\":{\"@id\":\"https:\/\/arbuti.com\/haarfollikel\/\"},\"wordCount\":1474,\"publisher\":{\"@id\":\"https:\/\/arbuti.com\/fr\/#organization\"},\"image\":{\"@id\":\"https:\/\/arbuti.com\/haarfollikel\/#primaryimage\"},\"thumbnailUrl\":\"https:\/\/arbuti.com\/wp-content\/uploads\/2021\/02\/Haarfollikel.jpg\",\"articleSection\":[\"Gesundheit\",\"Haarausfall\"],\"inLanguage\":\"pl-PL\"},{\"@type\":\"WebPage\",\"@id\":\"https:\/\/arbuti.com\/haarfollikel\/\",\"url\":\"https:\/\/arbuti.com\/haarfollikel\/\",\"name\":\"Haarfollikel: Was sind Haarfollikel und wie funktionieren sie? (NEU!)\",\"isPartOf\":{\"@id\":\"https:\/\/arbuti.com\/fr\/#website\"},\"primaryImageOfPage\":{\"@id\":\"https:\/\/arbuti.com\/haarfollikel\/#primaryimage\"},\"image\":{\"@id\":\"https:\/\/arbuti.com\/haarfollikel\/#primaryimage\"},\"thumbnailUrl\":\"https:\/\/arbuti.com\/wp-content\/uploads\/2021\/02\/Haarfollikel.jpg\",\"datePublished\":\"2021-02-17T14:28:00+00:00\",\"dateModified\":\"2023-01-17T12:06:39+00:00\",\"description\":\"Alles \u00fcber Haarfollikel findest du hier! Wir werden untersuchen, was Haarfollikel sind und wie sie Haare wachsen lassen.\",\"breadcrumb\":{\"@id\":\"https:\/\/arbuti.com\/haarfollikel\/#breadcrumb\"},\"inLanguage\":\"pl-PL\",\"potentialAction\":[{\"@type\":\"ReadAction\",\"target\":[\"https:\/\/arbuti.com\/haarfollikel\/\"]}]},{\"@type\":\"ImageObject\",\"inLanguage\":\"pl-PL\",\"@id\":\"https:\/\/arbuti.com\/haarfollikel\/#primaryimage\",\"url\":\"https:\/\/arbuti.com\/wp-content\/uploads\/2021\/02\/Haarfollikel.jpg\",\"contentUrl\":\"https:\/\/arbuti.com\/wp-content\/uploads\/2021\/02\/Haarfollikel.jpg\",\"width\":1000,\"height\":778,\"caption\":\"Haarfollikel\"},{\"@type\":\"BreadcrumbList\",\"@id\":\"https:\/\/arbuti.com\/haarfollikel\/#breadcrumb\",\"itemListElement\":[{\"@type\":\"ListItem\",\"position\":1,\"name\":\"ARBUTI\",\"item\":\"https:\/\/arbuti.com\/\"},{\"@type\":\"ListItem\",\"position\":2,\"name\":\"Haarausfall\",\"item\":\"https:\/\/arbuti.com\/fr\/categorie\/haarausfall\/\"},{\"@type\":\"ListItem\",\"position\":3,\"name\":\"Haarfollikel\"}]},{\"@type\":\"WebSite\",\"@id\":\"https:\/\/arbuti.com\/fr\/#website\",\"url\":\"https:\/\/arbuti.com\/fr\/\",\"name\":\"ARBUTI Hair Salon\",\"description\":\"Friseur M\u00fcnchen\",\"publisher\":{\"@id\":\"https:\/\/arbuti.com\/fr\/#organization\"},\"alternateName\":\"ARBUTI\",\"potentialAction\":[{\"@type\":\"SearchAction\",\"target\":{\"@type\":\"EntryPoint\",\"urlTemplate\":\"https:\/\/arbuti.com\/fr\/?s={search_term_string}\"},\"query-input\":{\"@type\":\"PropertyValueSpecification\",\"valueRequired\":true,\"valueName\":\"search_term_string\"}}],\"inLanguage\":\"pl-PL\"},{\"@type\":\"Organization\",\"@id\":\"https:\/\/arbuti.com\/fr\/#organization\",\"name\":\"ARBUTI Hair Salon\",\"alternateName\":\"ARBUTI\",\"url\":\"https:\/\/arbuti.com\/fr\/\",\"logo\":{\"@type\":\"ImageObject\",\"inLanguage\":\"pl-PL\",\"@id\":\"https:\/\/arbuti.com\/fr\/#\/schema\/logo\/image\/\",\"url\":\"https:\/\/arbuti.com\/wp-content\/uploads\/2020\/04\/cropped-Arbuti-Friseur-Muenchen.jpg\",\"contentUrl\":\"https:\/\/arbuti.com\/wp-content\/uploads\/2020\/04\/cropped-Arbuti-Friseur-Muenchen.jpg\",\"width\":512,\"height\":512,\"caption\":\"ARBUTI Hair Salon\"},\"image\":{\"@id\":\"https:\/\/arbuti.com\/fr\/#\/schema\/logo\/image\/\"},\"sameAs\":[\"https:\/\/www.facebook.com\/Arbutihairsalon\/\",\"https:\/\/www.instagram.com\/arbutihairsalon\/\",\"https:\/\/www.pinterest.de\/arbutihairsalon\/arbuti-hair-salon\/\"]},{\"@type\":\"Person\",\"@id\":\"https:\/\/arbuti.com\/fr\/#\/schema\/person\/d85bbf7b442ca0f812c3aa0ed9eece8f\",\"name\":\"admin\",\"image\":{\"@type\":\"ImageObject\",\"inLanguage\":\"pl-PL\",\"@id\":\"https:\/\/arbuti.com\/fr\/#\/schema\/person\/image\/\",\"url\":\"https:\/\/secure.gravatar.com\/avatar\/a5ca7376327017715559ffb9b376df51?s=96&d=mm&r=g\",\"contentUrl\":\"https:\/\/secure.gravatar.com\/avatar\/a5ca7376327017715559ffb9b376df51?s=96&d=mm&r=g\",\"caption\":\"admin\"}}]}<\/script>\n<!-- \/ Yoast SEO Premium plugin. -->","yoast_head_json":{"title":"Haarfollikel: Was sind Haarfollikel und wie funktionieren sie? (NEU!)","description":"Alles \u00fcber Haarfollikel findest du hier! Wir werden untersuchen, was Haarfollikel sind und wie sie Haare wachsen lassen.","robots":{"index":"index","follow":"follow","max-snippet":"max-snippet:-1","max-image-preview":"max-image-preview:large","max-video-preview":"max-video-preview:-1"},"canonical":"https:\/\/arbuti.com\/pl\/mieszek-wlosowy\/","og_locale":"pl_PL","og_type":"article","og_title":"Haarfollikel","og_description":"Wie funktionieren Haarfollikel? Haarfollikel sind kleine, taschenartige L\u00f6cher in unserer Haut.&nbsp;Wie der Name schon sagt, wachsen ihnen","og_url":"https:\/\/arbuti.com\/pl\/mieszek-wlosowy\/","og_site_name":"ARBUTI Hair Salon","article_publisher":"https:\/\/www.facebook.com\/Arbutihairsalon\/","article_published_time":"2021-02-17T14:28:00+00:00","article_modified_time":"2023-01-17T12:06:39+00:00","og_image":[{"width":1000,"height":778,"url":"https:\/\/arbuti.com\/wp-content\/uploads\/2021\/02\/Haarfollikel.jpg","type":"image\/jpeg"}],"author":"admin","twitter_card":"summary_large_image","twitter_misc":{"Napisane przez":"admin","Szacowany czas czytania":"8 minut"},"schema":{"@context":"https:\/\/schema.org","@graph":[{"@type":"Article","@id":"https:\/\/arbuti.com\/haarfollikel\/#article","isPartOf":{"@id":"https:\/\/arbuti.com\/haarfollikel\/"},"author":{"name":"admin","@id":"https:\/\/arbuti.com\/fr\/#\/schema\/person\/d85bbf7b442ca0f812c3aa0ed9eece8f"},"headline":"Haarfollikel","datePublished":"2021-02-17T14:28:00+00:00","dateModified":"2023-01-17T12:06:39+00:00","mainEntityOfPage":{"@id":"https:\/\/arbuti.com\/haarfollikel\/"},"wordCount":1474,"publisher":{"@id":"https:\/\/arbuti.com\/fr\/#organization"},"image":{"@id":"https:\/\/arbuti.com\/haarfollikel\/#primaryimage"},"thumbnailUrl":"https:\/\/arbuti.com\/wp-content\/uploads\/2021\/02\/Haarfollikel.jpg","articleSection":["Gesundheit","Haarausfall"],"inLanguage":"pl-PL"},{"@type":"WebPage","@id":"https:\/\/arbuti.com\/haarfollikel\/","url":"https:\/\/arbuti.com\/haarfollikel\/","name":"Haarfollikel: Was sind Haarfollikel und wie funktionieren sie? (NEU!)","isPartOf":{"@id":"https:\/\/arbuti.com\/fr\/#website"},"primaryImageOfPage":{"@id":"https:\/\/arbuti.com\/haarfollikel\/#primaryimage"},"image":{"@id":"https:\/\/arbuti.com\/haarfollikel\/#primaryimage"},"thumbnailUrl":"https:\/\/arbuti.com\/wp-content\/uploads\/2021\/02\/Haarfollikel.jpg","datePublished":"2021-02-17T14:28:00+00:00","dateModified":"2023-01-17T12:06:39+00:00","description":"Alles \u00fcber Haarfollikel findest du hier! Wir werden untersuchen, was Haarfollikel sind und wie sie Haare wachsen lassen.","breadcrumb":{"@id":"https:\/\/arbuti.com\/haarfollikel\/#breadcrumb"},"inLanguage":"pl-PL","potentialAction":[{"@type":"ReadAction","target":["https:\/\/arbuti.com\/haarfollikel\/"]}]},{"@type":"ImageObject","inLanguage":"pl-PL","@id":"https:\/\/arbuti.com\/haarfollikel\/#primaryimage","url":"https:\/\/arbuti.com\/wp-content\/uploads\/2021\/02\/Haarfollikel.jpg","contentUrl":"https:\/\/arbuti.com\/wp-content\/uploads\/2021\/02\/Haarfollikel.jpg","width":1000,"height":778,"caption":"Haarfollikel"},{"@type":"BreadcrumbList","@id":"https:\/\/arbuti.com\/haarfollikel\/#breadcrumb","itemListElement":[{"@type":"ListItem","position":1,"name":"ARBUTI","item":"https:\/\/arbuti.com\/"},{"@type":"ListItem","position":2,"name":"Haarausfall","item":"https:\/\/arbuti.com\/fr\/categorie\/haarausfall\/"},{"@type":"ListItem","position":3,"name":"Haarfollikel"}]},{"@type":"WebSite","@id":"https:\/\/arbuti.com\/fr\/#website","url":"https:\/\/arbuti.com\/fr\/","name":"ARBUTI Hair Salon","description":"Friseur M\u00fcnchen","publisher":{"@id":"https:\/\/arbuti.com\/fr\/#organization"},"alternateName":"ARBUTI","potentialAction":[{"@type":"SearchAction","target":{"@type":"EntryPoint","urlTemplate":"https:\/\/arbuti.com\/fr\/?s={search_term_string}"},"query-input":{"@type":"PropertyValueSpecification","valueRequired":true,"valueName":"search_term_string"}}],"inLanguage":"pl-PL"},{"@type":"Organization","@id":"https:\/\/arbuti.com\/fr\/#organization","name":"ARBUTI Hair Salon","alternateName":"ARBUTI","url":"https:\/\/arbuti.com\/fr\/","logo":{"@type":"ImageObject","inLanguage":"pl-PL","@id":"https:\/\/arbuti.com\/fr\/#\/schema\/logo\/image\/","url":"https:\/\/arbuti.com\/wp-content\/uploads\/2020\/04\/cropped-Arbuti-Friseur-Muenchen.jpg","contentUrl":"https:\/\/arbuti.com\/wp-content\/uploads\/2020\/04\/cropped-Arbuti-Friseur-Muenchen.jpg","width":512,"height":512,"caption":"ARBUTI Hair Salon"},"image":{"@id":"https:\/\/arbuti.com\/fr\/#\/schema\/logo\/image\/"},"sameAs":["https:\/\/www.facebook.com\/Arbutihairsalon\/","https:\/\/www.instagram.com\/arbutihairsalon\/","https:\/\/www.pinterest.de\/arbutihairsalon\/arbuti-hair-salon\/"]},{"@type":"Person","@id":"https:\/\/arbuti.com\/fr\/#\/schema\/person\/d85bbf7b442ca0f812c3aa0ed9eece8f","name":"admin","image":{"@type":"ImageObject","inLanguage":"pl-PL","@id":"https:\/\/arbuti.com\/fr\/#\/schema\/person\/image\/","url":"https:\/\/secure.gravatar.com\/avatar\/a5ca7376327017715559ffb9b376df51?s=96&d=mm&r=g","contentUrl":"https:\/\/secure.gravatar.com\/avatar\/a5ca7376327017715559ffb9b376df51?s=96&d=mm&r=g","caption":"admin"}}]}},"uagb_featured_image_src":{"full":["https:\/\/arbuti.com\/wp-content\/uploads\/2021\/02\/Haarfollikel.jpg",1000,778,false],"thumbnail":["https:\/\/arbuti.com\/wp-content\/uploads\/2021\/02\/Haarfollikel-150x150.jpg",150,150,true],"medium":["https:\/\/arbuti.com\/wp-content\/uploads\/2021\/02\/Haarfollikel-300x233.jpg",300,233,true],"medium_large":["https:\/\/arbuti.com\/wp-content\/uploads\/2021\/02\/Haarfollikel-768x598.jpg",768,598,true],"large":["https:\/\/arbuti.com\/wp-content\/uploads\/2021\/02\/Haarfollikel.jpg",1000,778,false],"1536x1536":["https:\/\/arbuti.com\/wp-content\/uploads\/2021\/02\/Haarfollikel.jpg",1000,778,false],"2048x2048":["https:\/\/arbuti.com\/wp-content\/uploads\/2021\/02\/Haarfollikel.jpg",1000,778,false],"trp-custom-language-flag":["https:\/\/arbuti.com\/wp-content\/uploads\/2021\/02\/Haarfollikel.jpg",15,12,false],"wp_review_large":["https:\/\/arbuti.com\/wp-content\/uploads\/2021\/02\/Haarfollikel-320x200.jpg",320,200,true],"wp_review_small":["https:\/\/arbuti.com\/wp-content\/uploads\/2021\/02\/Haarfollikel-65x65.jpg",65,65,true]},"uagb_author_info":{"display_name":"admin","author_link":"https:\/\/arbuti.com\/pl\/author\/admin\/"},"uagb_comment_info":0,"uagb_excerpt":"Wie funktionieren Haarfollikel? Haarfollikel sind kleine, taschenartige L\u00f6cher in unserer Haut.&nbsp;Wie der Name schon sagt, wachsen ihnen Haare.&nbsp;Laut der&nbsp;American Academy [&hellip;]","_links":{"self":[{"href":"https:\/\/arbuti.com\/pl\/wp-json\/wp\/v2\/posts\/7256","targetHints":{"allow":["GET"]}}],"collection":[{"href":"https:\/\/arbuti.com\/pl\/wp-json\/wp\/v2\/posts"}],"about":[{"href":"https:\/\/arbuti.com\/pl\/wp-json\/wp\/v2\/types\/post"}],"author":[{"embeddable":true,"href":"https:\/\/arbuti.com\/pl\/wp-json\/wp\/v2\/users\/1"}],"replies":[{"embeddable":true,"href":"https:\/\/arbuti.com\/pl\/wp-json\/wp\/v2\/comments?post=7256"}],"version-history":[{"count":9,"href":"https:\/\/arbuti.com\/pl\/wp-json\/wp\/v2\/posts\/7256\/revisions"}],"predecessor-version":[{"id":13584,"href":"https:\/\/arbuti.com\/pl\/wp-json\/wp\/v2\/posts\/7256\/revisions\/13584"}],"wp:featuredmedia":[{"embeddable":true,"href":"https:\/\/arbuti.com\/pl\/wp-json\/wp\/v2\/media\/7258"}],"wp:attachment":[{"href":"https:\/\/arbuti.com\/pl\/wp-json\/wp\/v2\/media?parent=7256"}],"wp:term":[{"taxonomy":"category","embeddable":true,"href":"https:\/\/arbuti.com\/pl\/wp-json\/wp\/v2\/categories?post=7256"},{"taxonomy":"post_tag","embeddable":true,"href":"https:\/\/arbuti.com\/pl\/wp-json\/wp\/v2\/tags?post=7256"}],"curies":[{"name":"wp","href":"https:\/\/api.w.org\/{rel}","templated":true}]}}