{"id":6611,"date":"2021-01-10T08:24:34","date_gmt":"2021-01-10T08:24:34","guid":{"rendered":"https:\/\/arbuti.com\/?p=6611"},"modified":"2021-04-07T14:17:25","modified_gmt":"2021-04-07T14:17:25","slug":"duennes-haar-styling","status":"publish","type":"post","link":"https:\/\/arbuti.com\/pl\/duennes-haar-styling\/","title":{"rendered":"Stylizacja cienkich w\u0142os\u00f3w"},"content":{"rendered":"<p><a href=\"https:\/\/arbuti.com\/wp-admin\/edit.php?post_type=post\"><\/a><\/p>\n\n\n<div class=\"lede-background\">\n<header class=\"content-header content-header--align-left content-header--media-small content-header--position-above content-header--short content-header--reduced-spacings article__content-header content-header__caption-style--default content-header--publish-date-top\" data-event-boundary=\"click\" data-event-click=\"{&quot;pattern&quot;:&quot;ContentHeader&quot;}\" data-in-view=\"{&quot;pattern&quot;:&quot;ContentHeader&quot;}\" data-include-experiments=\"true\">\n<div class=\"content-header__container content-header__container-theme-standard\">\n<div class=\"content-header__row content-header__title-block\" data-event-boundary=\"click\" data-event-click=\"{&quot;pattern&quot;:&quot;TitleBlock&quot;}\" data-in-view=\"{&quot;pattern&quot;:&quot;TitleBlock&quot;}\" data-include-experiments=\"true\">\n<h1 class=\"content-header__row content-header__hed\" data-testid=\"ContentHeaderHed\">10 wskaz\u00f3wek stylizacyjnych dla cie\u0144szych w\u0142os\u00f3w<\/h1>\n<\/div>\n<div class=\"content-header__row content-header__accreditation\">\n<div class=\"content-header__row content-header__byline\">\n<div class=\"content-header__byline__content\">\n<div class=\"sc-pNWxx sc-fbIXFq eymBHI iCzlAK bylines content-header__bylines\" data-testid=\"BylinesWrapper\">&nbsp;<\/div>\n<\/div>\n<\/div>\n<\/div>\n<div class=\"lead-asset lead-asset--landscape content-header__lead-asset lead-asset--width-small\" data-testid=\"ContentHeaderLeadAsset\">\n<figure class=\"lead-asset__content\">\n<div class=\"lead-asset__content__media lead-asset__content__photo\">\n<figure id=\"attachment_6613\" aria-describedby=\"caption-attachment-6613\" style=\"width: 422px\" class=\"wp-caption alignnone\"><a href=\"https:\/\/arbuti.com\/wp-content\/uploads\/2021\/01\/duenne-haare-styling.jpg\"><img loading=\"lazy\" decoding=\"async\" class=\"wp-image-6613\" src=\"https:\/\/arbuti.com\/wp-content\/uploads\/2021\/01\/duenne-haare-styling.jpg\" alt=\"stylizacja cienkich w\u0142os\u00f3w\" width=\"422\" height=\"523\" srcset=\"https:\/\/arbuti.com\/wp-content\/uploads\/2021\/01\/duenne-haare-styling.jpg 928w, https:\/\/arbuti.com\/wp-content\/uploads\/2021\/01\/duenne-haare-styling-242x300.jpg 242w, https:\/\/arbuti.com\/wp-content\/uploads\/2021\/01\/duenne-haare-styling-826x1024.jpg 826w, https:\/\/arbuti.com\/wp-content\/uploads\/2021\/01\/duenne-haare-styling-768x952.jpg 768w, https:\/\/arbuti.com\/wp-content\/uploads\/2021\/01\/duenne-haare-styling-200x248.jpg 200w, https:\/\/arbuti.com\/wp-content\/uploads\/2021\/01\/duenne-haare-styling-400x496.jpg 400w, https:\/\/arbuti.com\/wp-content\/uploads\/2021\/01\/duenne-haare-styling-600x744.jpg 600w, https:\/\/arbuti.com\/wp-content\/uploads\/2021\/01\/duenne-haare-styling-800x991.jpg 800w\" sizes=\"auto, (max-width: 422px) 100vw, 422px\" \/><\/a><figcaption id=\"caption-attachment-6613\" class=\"wp-caption-text\">Stylizacja i koloryzacja: Arbuti Hair Salon<\/figcaption><\/figure><p><\/p>\n<h2>Od cienkich do grubych w\u0142os\u00f3w w kilka minut<\/h2>\n<\/div>\n<\/figure>\n<\/div>\n<\/div>\n<\/header>\n<\/div>\n<div class=\"content-background\" data-attribute-verso-pattern=\"article-body\">\n<div class=\"\" data-event-boundary=\"click\" data-event-click=\"{&quot;pattern&quot;:&quot;ChunkedArticleContent&quot;}\" data-in-view=\"{&quot;pattern&quot;:&quot;ChunkedArticleContent&quot;}\" data-include-experiments=\"true\">\n<div class=\"article__chunks\">\n<div class=\"grid grid-margins grid-items-2 grid-layout--adrail narrow wide-adrail\">\n<div class=\"grid--item body body__container article__body grid-layout__content\">\n<p>Cienkie w\u0142osy maj\u0105 swoje zalety: Szybko schnie na powietrzu, wymaga mniej produktu i szybciej si\u0119 uk\u0142ada. Je\u017celi jednak chcesz uzyska\u0107 efekt mega-wolumenu, cienkie w\u0142osy mog\u0105 stanowi\u0107 pewne wyzwanie. Dobra wiadomo\u015b\u0107? Stosuj\u0105c odpowiednie techniki stylizacji, mo\u017cesz uzyska\u0107 efekt pe\u0142niejszej fryzury, nawet je\u015bli nie urodzi\u0142a\u015b si\u0119 z du\u017c\u0105 ilo\u015bci\u0105 w\u0142os\u00f3w. Mamy dla Ciebie kilka naszych najlepszych wskaz\u00f3wek, jak sprawi\u0107, by grubsze w\u0142osy wygl\u0105da\u0142y na mo\u017cliwe do wykonania. Zapoznaj si\u0119 z 10 \u0142atwymi do wykonania i szybkimi sposobami na przekszta\u0142cenie cienkich w\u0142os\u00f3w w pe\u0142n\u0105, spr\u0119\u017cyst\u0105 grzyw\u0119.<\/p>\n<h2>1. Dodaj troch\u0119 fal.<\/h2>\n<p>Proste, delikatnie teksturowane w\u0142osy le\u017c\u0105 p\u0142asko na g\u0142owie. Aby uzyska\u0107 natychmiastowy efekt, spr\u00f3buj wyg\u0142adzi\u0107 w\u0142osy za pomoc\u0105 <a href=\"https:\/\/arbuti.com\/pl\/lokowka\/\">Lok\u00f3wka<\/a> lub <a href=\"https:\/\/arbuti.com\/pl\/zelazo-do-szyb\/\">Prostownica<\/a> do stylu . \"Dodanie falowanej tekstury prawie podwaja g\u0119sto\u015b\u0107 cienkich w\u0142os\u00f3w\" - m\u00f3wi Mo, dyrektor artystyczny ARBUTI w Monachium. Przygotowanie nale\u017cy rozpocz\u0105\u0107 od <a href=\"https:\/\/arbuti.com\/pl\/spray-chroniacy-przed-wysoka-temperatura\/\">Spray chroni\u0105cy przed ciep\u0142em<\/a> jak <a href=\"https:\/\/amzn.to\/3bCzXeX\">John Frieda Spray<\/a>. \"Produkty te nie tylko chroni\u0105 pasma w\u0142os\u00f3w przed wysok\u0105 temperatur\u0105, ale tak\u017ce zapewniaj\u0105 trwa\u0142o\u015b\u0107 lok\u00f3w\", m\u00f3wi.<\/p>\n<h2>2. nie zostawiaj wy\u0142\u0105czonej suszarki do w\u0142os\u00f3w.<\/h2>\n<p>Suszenie na powietrzu jest znacznie szybsze, je\u015bli masz cienkie w\u0142osy, ale <a href=\"https:\/\/arbuti.com\/pl\/foehn\/\">Suszenie<\/a> mo\u017ce by\u0107 op\u0142acalne. Z w\u0142a\u015bciw\u0105 technik\u0105, mo\u017cna osi\u0105gn\u0105\u0107 znacznie pe\u0142niejszy wygl\u0105d . Stylistka i w\u0142a\u015bcicielka Ebru zaleca, aby zacz\u0105\u0107 od produktu zwi\u0119kszaj\u0105cego obj\u0119to\u015b\u0107 w\u0142os\u00f3w, aby je przygotowa\u0107 (lubi produkt <a href=\"https:\/\/amzn.to\/3sbdDid\">Redken Aerate<\/a> ). Zaleca ona <a href=\"https:\/\/amzn.to\/3set6OG\">Braun Satin Hair 7<\/a>. Tutaj mamy kolejny test <a href=\"https:\/\/arbuti.com\/pl\/foehn\/\">Najlepsza suszarka do w\u0142os\u00f3w<\/a> Zwyci\u0119zcy testu, kt\u00f3rzy kochaj\u0105 fryzjer\u00f3w.<\/p>\n<h2>3. rockowa grzywka lub bob.<\/h2>\n<p>Dob\u00f3r odpowiedniej fryzury mo\u017ce zdzia\u0142a\u0107 cuda i stworzy\u0107 z\u0142udzenie g\u0119stszych w\u0142os\u00f3w. Je\u015bli jeste\u015b szczup\u0142a na czubku g\u0142owy, rozwa\u017c zrobienie grzywki, aby zakamuflowa\u0107 rzadk\u0105 lini\u0119 w\u0142os\u00f3w. \"T\u0119pe ci\u0119cie lub delikatniejsza, d\u0142u\u017csza grzywka z przedzia\u0142kiem na boku zakryje lub wyg\u0142adzi przerzedzon\u0105 lini\u0119 w\u0142os\u00f3w\" - m\u00f3wi Heidhorn. Ostrzega r\u00f3wnie\u017c, \u017ce d\u0142ugie fryzury, cho\u0107 \u0142adne, mog\u0105 obci\u0105\u017ca\u0107 cienkie w\u0142osy. Zamiast tego wybierz d\u0142ugo\u015b\u0107, kt\u00f3ra sprawi, \u017ce Twoje ko\u0144ce b\u0119d\u0105 wydawa\u0142y si\u0119 pe\u0142niejsze, np. \u015bci\u0119ty bob. Co z warstwami? \"Istnieje mit, \u017ce warstwy dodaj\u0105 obj\u0119to\u015bci, poniewa\u017c s\u0105 mniej ci\u0119\u017ckie i nie obci\u0105\u017caj\u0105 w\u0142os\u00f3w\" - m\u00f3wi Heidorn. Chocia\u017c lekkie warstwy mog\u0105 doda\u0107 w\u0142osom tekstury, ruchu i unie\u015b\u0107 je, mog\u0105 by\u0107 szczeg\u00f3lnie trudne do wykonania na w\u0142osach cienkich, kt\u00f3re maj\u0105 tendencj\u0119 do uk\u0142adania si\u0119 p\u0142asko i bezkszta\u0142tnie, je\u017celi nie s\u0105 odpowiednio wystylizowane. Wybieraj\u0105c fryzur\u0119 cieniowan\u0105, pami\u0119taj, \u017ce codzienna stylizacja mo\u017ce wymaga\u0107 od Ciebie nieco wi\u0119cej wysi\u0142ku. Heidhorn zaleca skontaktowanie si\u0119 z fryzjerem w celu uzyskania szczeg\u00f3\u0142owych wskaz\u00f3wek.<\/p>\n<h2>4. spr\u00f3buj przed\u0142u\u017cy\u0107 w\u0142osy metod\u0105 clip-in.<\/h2>\n<p>Czy kiedykolwiek marzy\u0142a\u015b o tak g\u0119stym i d\u0142ugim kucyku jak u Ariany Grande? Je\u017celi masz cienkie w\u0142osy, mo\u017cesz uzyska\u0107 tak\u0105 obj\u0119to\u015b\u0107 z pomoc\u0105 zaufanych klips\u00f3w do przed\u0142u\u017cania. \"Spinki zapewniaj\u0105 natychmiastow\u0105 d\u0142ugo\u015b\u0107 i pe\u0142ni\u0119\" - m\u00f3wi Mo. \"Ponadto, mo\u017cna je \u0142atwo zdj\u0105\u0107, aby zminimalizowa\u0107 uszkodzenia w\u0142os\u00f3w naturalnych\". Przed\u0142u\u017canie w\u0142os\u00f3w metod\u0105 klejenia, wi\u0105zania lub mikropo\u0142\u0105cze\u0144 mo\u017ce nie by\u0107 odpowiednie dla w\u0142os\u00f3w cienkich, kt\u00f3re s\u0105 bardziej delikatne. Dlatego nale\u017cy stosowa\u0107 niewi\u0105\u017c\u0105ce wk\u0142adki zaciskowe. Spr\u00f3buj <a href=\"https:\/\/amzn.to\/38uGG8A\">Bogaty wyb\u00f3r<\/a>-W prawdziwym przed\u0142u\u017caniu w\u0142os\u00f3w, jak przysi\u0119ga s\u0142ynny fryzjer Mo .<\/p>\n<h2>Dodaj pasemka lub roz\u015bwietlacze.<\/h2>\n<p>Odrobina koloru jest bardzo pomocna w kszta\u0142towaniu wielko\u015bci w\u0142os\u00f3w. \"Og\u00f3lnie rzecz bior\u0105c, im ciemniejszy kolor, tym wi\u0119ksz\u0105 g\u0142\u0119bi\u0119 tworzysz\", m\u00f3wi Ebru, kt\u00f3ra sugeruje, aby wzmocni\u0107 sw\u00f3j naturalny kolor przy s\u0142abym o\u015bwietleniu. Z drugiej strony, dobrze rozmieszczone, mu\u015bni\u0119te s\u0142o\u0144cem pasemka mog\u0105 doda\u0107 ciep\u0142a i tekstury ciemniejszym w\u0142osom. Je\u015bli zdecydujesz si\u0119 na pasemka, najlepiej popro\u015b swojego stylist\u0119 o naturalnie wygl\u0105daj\u0105cy, idealnie wymieszany kolor, <a href=\"https:\/\/arbuti.com\/pl\/category\/balayage-muenchen\/\">Balayage<\/a> do wykonania - r\u0119cznie malowana technika podkre\u015blania .<\/p>\n<h2>6. spryska\u0107 korektorem korzeniowym.<\/h2>\n<p>Wir verraten Ihnen ein Geheimnis &#8211; Root <a href=\"https:\/\/arbuti.com\/pl\/korektor\/\">Concealer<\/a> nie s\u0142u\u017cy&nbsp;<em>tylko<\/em> do poprawiania szaro\u015bci. Spray do ukrywania korzeni mo\u017ce by\u0107 najszybszym sposobem na uzyskanie pe\u0142niejszego wygl\u0105du korony. Do maskowania ods\u0142oni\u0119tych partii w\u0142os\u00f3w i cienkich linii polecamy korektor w sprayu Rita Hazan Root Concealer Touch-Up Spray Temporary Grey Concealer.<\/p>\n<h2>7. obr\u00f3\u0107 swoj\u0105 cz\u0119\u015b\u0107.<\/h2>\n<p>Czasami najlepszym rozwi\u0105zaniem jest to najprostsze. Zmiana przedzia\u0142ka to szybki i prosty spos\u00f3b na dodanie cia\u0142a cienkim, prostym w\u0142osom. Po latach przedzielania w\u0142os\u00f3w po tej samej stronie, s\u0105 one w zasadzie wyuczone, by le\u017ce\u0107 wiotko. \"Przerzucanie cz\u0119\u015bci tworzy wielk\u0105 obj\u0119to\u015b\u0107 i pe\u0142ni\u0119, poniewa\u017c wyci\u0105gasz w\u0142osy z ich naturalnego upadku\", m\u00f3wi Nordstrom. Spr\u00f3buj odwr\u00f3ci\u0107 rzeczy do g\u00f3ry nogami, a b\u0119dziesz zaskoczony, jak szybko twoje zamki si\u0119 podnios\u0105.<\/p>\n<h2>8. posypa\u0107 na wierzchu w\u0142\u00f3knami tworz\u0105cymi w\u0142osy.<\/h2>\n<p>Je\u015bli masz poszerzony przedzia\u0142ek lub przerzedzon\u0105 lini\u0119 w\u0142os\u00f3w, Toppik Hair Building Fibers. Twoja nowa tajna bro\u0144. Toppik jest wykonany z keratyny, kluczowego bia\u0142ka we w\u0142osach, sk\u00f3rze i paznokciach. Zawiera statycznie na\u0142adowane w\u0142\u00f3kna, kt\u00f3re \u0142\u0105cz\u0105 si\u0119 bezpo\u015brednio z Twoimi pasmami i w niewidoczny spos\u00f3b \u0142\u0105cz\u0105 si\u0119 z Twoimi naturalnymi w\u0142osami, aby nada\u0107 im g\u0119stszy wygl\u0105d. Rozsyp w\u0142\u00f3kna na rzadkie partie w\u0142os\u00f3w. <em>Voilas<\/em>&nbsp;- natychmiastowa transformacja. Jest r\u00f3wnie\u017c odporna na wiatr, deszcz i pot, wi\u0119c nie musisz si\u0119 ju\u017c martwi\u0107 o sp\u0142ywanie wody.<\/p>\n<h2>9. Unika\u0107 produkt\u00f3w zawieraj\u0105cych alkohol.<\/h2>\n<p>Nast\u0119pnym razem, gdy b\u0119dziesz kupowa\u0107 produkt do piel\u0119gnacji w\u0142os\u00f3w, upewnij si\u0119, \u017ce sprawdzasz jego sk\u0142ad. Je\u015bli zawiera alkohol, pomi\u0144 go. Wysuszaj\u0105c sk\u00f3r\u0119 g\u0142owy i trzon w\u0142osa, alkohol pozbawia w\u0142osy sebum, naturalnego olejku, kt\u00f3ry jest niezb\u0119dny, aby zapobiec ich \u0142amaniu si\u0119. M\u00f3wi\u0105c pro\u015bciej, sebum jest potrzebne w\u0142osom, aby by\u0142y mocne i nawil\u017cone. Dodaje Heidhorn : \"Je\u015bli nie u\u017cywasz produkt\u00f3w na bazie olejk\u00f3w i krem\u00f3w, poniewa\u017c obawiasz si\u0119, \u017ce obci\u0105\u017c\u0105 one Twoje w\u0142osy, upewnij si\u0119, \u017ce co drugi tydzie\u0144 u\u017cywasz maski do w\u0142os\u00f3w, aby przywr\u00f3ci\u0107 wilgo\u0107 sk\u00f3rze g\u0142owy.\"<\/p>\n<h2>10. we\u017a okr\u0105g\u0142\u0105 szczotk\u0119.<\/h2>\n<p>Grzebienie do tapirowania zosta\u0142y prawdopodobnie porzucone w latach 80-tych, ale by\u0107 mo\u017ce nadszed\u0142 czas, aby podszkoli\u0107 swoj\u0105 technik\u0119 tapirowania. \"Tapirowanie to klasyczny spos\u00f3b na uniesienie korony w\u0142os\u00f3w\" - m\u00f3wi Nordstrom. Ch\u0119tnie podzieli\u0142a si\u0119 z nami lekcj\u0105 tapirowania 101. \"Unie\u015b pasmo w\u0142os\u00f3w bezpo\u015brednio za g\u0142ow\u0119\" - wyja\u015bnia Nordstrom. \"Naci\u015bnij w d\u00f3\u0142 za pomoc\u0105 <a href=\"https:\/\/arbuti.com\/pl\/szczotka-okragla\/\">Szczotka okr\u0105g\u0142a<\/a> trzy do pi\u0119ciu g\u0142adkich, r\u00f3wnych poci\u0105gni\u0119\u0107 od \u015brodka g\u0142owy do podstawy, tworz\u0105c \"poduszk\u0119\". Nast\u0119pnie we\u017a pasmo w\u0142os\u00f3w znajduj\u0105ce si\u0119 bezpo\u015brednio przed poduszk\u0105 i skr\u0119\u0107 je do przodu i do ty\u0142u. Ukryje to natapirowan\u0105 cz\u0119\u015b\u0107 w\u0142os\u00f3w i sprawi, \u017ce fryzura b\u0119dzie mia\u0142a g\u0142adk\u0105 wysoko\u015b\u0107 i natychmiastow\u0105 pe\u0142ni\u0119. \"Obiecujemy, \u017ce nie sko\u0144czysz z przestarza\u0142ym buffantem!<\/p>\n<\/div>\n<\/div>\n<\/div>\n<\/div>\n<\/div>","protected":false},"excerpt":{"rendered":"<p>10 Styling-Tipps f\u00fcr d\u00fcnnere Haare &nbsp; In wenigen Minuten von D\u00fcnnen Haaren zu dicken Haaren D\u00fcnnes Haar hat seine Vorteile: [&hellip;]<\/p>","protected":false},"author":1,"featured_media":6613,"comment_status":"closed","ping_status":"open","sticky":false,"template":"","format":"standard","meta":{"ub_ctt_via":"","_uag_custom_page_level_css":"","site-sidebar-layout":"default","site-content-layout":"default","ast-site-content-layout":"","site-content-style":"default","site-sidebar-style":"default","ast-global-header-display":"","ast-banner-title-visibility":"","ast-main-header-display":"","ast-hfb-above-header-display":"","ast-hfb-below-header-display":"","ast-hfb-mobile-header-display":"","site-post-title":"","ast-breadcrumbs-content":"","ast-featured-img":"","footer-sml-layout":"","theme-transparent-header-meta":"default","adv-header-id-meta":"","stick-header-meta":"default","header-above-stick-meta":"","header-main-stick-meta":"","header-below-stick-meta":"","astra-migrate-meta-layouts":"default","ast-page-background-enabled":"default","ast-page-background-meta":{"desktop":{"background-color":"","background-image":"","background-repeat":"repeat","background-position":"center center","background-size":"auto","background-attachment":"scroll","background-type":"","background-media":"","overlay-type":"","overlay-color":"","overlay-opacity":"","overlay-gradient":""},"tablet":{"background-color":"","background-image":"","background-repeat":"repeat","background-position":"center center","background-size":"auto","background-attachment":"scroll","background-type":"","background-media":"","overlay-type":"","overlay-color":"","overlay-opacity":"","overlay-gradient":""},"mobile":{"background-color":"","background-image":"","background-repeat":"repeat","background-position":"center center","background-size":"auto","background-attachment":"scroll","background-type":"","background-media":"","overlay-type":"","overlay-color":"","overlay-opacity":"","overlay-gradient":""}},"ast-content-background-meta":{"desktop":{"background-color":"var(--ast-global-color-5)","background-image":"","background-repeat":"repeat","background-position":"center center","background-size":"auto","background-attachment":"scroll","background-type":"","background-media":"","overlay-type":"","overlay-color":"","overlay-opacity":"","overlay-gradient":""},"tablet":{"background-color":"var(--ast-global-color-5)","background-image":"","background-repeat":"repeat","background-position":"center center","background-size":"auto","background-attachment":"scroll","background-type":"","background-media":"","overlay-type":"","overlay-color":"","overlay-opacity":"","overlay-gradient":""},"mobile":{"background-color":"var(--ast-global-color-5)","background-image":"","background-repeat":"repeat","background-position":"center center","background-size":"auto","background-attachment":"scroll","background-type":"","background-media":"","overlay-type":"","overlay-color":"","overlay-opacity":"","overlay-gradient":""}},"footnotes":""},"categories":[6322],"tags":[],"class_list":["post-6611","post","type-post","status-publish","format-standard","has-post-thumbnail","hentry","category-haarstyling"],"featured_image_src":"https:\/\/arbuti.com\/wp-content\/uploads\/2021\/01\/duenne-haare-styling.jpg","author_info":{"display_name":"admin","author_link":"https:\/\/arbuti.com\/pl\/author\/admin\/"},"yoast_head":"<!-- This site is optimized with the Yoast SEO Premium plugin v25.3 (Yoast SEO v25.3) - https:\/\/yoast.com\/wordpress\/plugins\/seo\/ -->\n<title>10 Styling Tipps f\u00fcr d\u00fcnnes Haar | Deine d\u00fcnnen Haare stylen, so gehts!<\/title>\n<meta name=\"description\" content=\"D\u00fcnne Haare stylen, so gehts. D\u00fcnnes Haar hat Vorteile: Es trocknet schnell an der Luft, ben\u00f6tigt weniger Produkt und frisiert schneller.\" \/>\n<meta name=\"robots\" content=\"index, follow, max-snippet:-1, max-image-preview:large, max-video-preview:-1\" \/>\n<link rel=\"canonical\" href=\"https:\/\/arbuti.com\/pl\/duennes-hair-styling\/\" \/>\n<meta property=\"og:locale\" content=\"pl_PL\" \/>\n<meta property=\"og:type\" content=\"article\" \/>\n<meta property=\"og:title\" content=\"D\u00fcnnes Haar Styling\" \/>\n<meta property=\"og:description\" content=\"10 Styling-Tipps f\u00fcr d\u00fcnnere Haare &nbsp; In wenigen Minuten von D\u00fcnnen Haaren zu dicken Haaren D\u00fcnnes Haar hat seine Vorteile: Es trocknet schnell an der\" \/>\n<meta property=\"og:url\" content=\"https:\/\/arbuti.com\/pl\/duennes-hair-styling\/\" \/>\n<meta property=\"og:site_name\" content=\"ARBUTI Hair Salon\" \/>\n<meta property=\"article:publisher\" content=\"https:\/\/www.facebook.com\/Arbutihairsalon\/\" \/>\n<meta property=\"article:published_time\" content=\"2021-01-10T08:24:34+00:00\" \/>\n<meta property=\"article:modified_time\" content=\"2021-04-07T14:17:25+00:00\" \/>\n<meta property=\"og:image\" content=\"https:\/\/arbuti.com\/wp-content\/uploads\/2021\/01\/duenne-haare-styling.jpg\" \/>\n\t<meta property=\"og:image:width\" content=\"928\" \/>\n\t<meta property=\"og:image:height\" content=\"1150\" \/>\n\t<meta property=\"og:image:type\" content=\"image\/jpeg\" \/>\n<meta name=\"author\" content=\"admin\" \/>\n<meta name=\"twitter:card\" content=\"summary_large_image\" \/>\n<meta name=\"twitter:label1\" content=\"Napisane przez\" \/>\n\t<meta name=\"twitter:data1\" content=\"admin\" \/>\n\t<meta name=\"twitter:label2\" content=\"Szacowany czas czytania\" \/>\n\t<meta name=\"twitter:data2\" content=\"5 minut\" \/>\n<script type=\"application\/ld+json\" class=\"yoast-schema-graph\">{\"@context\":\"https:\/\/schema.org\",\"@graph\":[{\"@type\":\"Article\",\"@id\":\"https:\/\/arbuti.com\/fr\/duennes-hair-styling\/#article\",\"isPartOf\":{\"@id\":\"https:\/\/arbuti.com\/fr\/duennes-hair-styling\/\"},\"author\":{\"name\":\"admin\",\"@id\":\"https:\/\/arbuti.com\/fr\/#\/schema\/person\/d85bbf7b442ca0f812c3aa0ed9eece8f\"},\"headline\":\"D\u00fcnnes Haar Styling\",\"datePublished\":\"2021-01-10T08:24:34+00:00\",\"dateModified\":\"2021-04-07T14:17:25+00:00\",\"mainEntityOfPage\":{\"@id\":\"https:\/\/arbuti.com\/fr\/duennes-hair-styling\/\"},\"wordCount\":1249,\"publisher\":{\"@id\":\"https:\/\/arbuti.com\/fr\/#organization\"},\"image\":{\"@id\":\"https:\/\/arbuti.com\/fr\/duennes-hair-styling\/#primaryimage\"},\"thumbnailUrl\":\"https:\/\/arbuti.com\/wp-content\/uploads\/2021\/01\/duenne-haare-styling.jpg\",\"articleSection\":[\"Haarstyling\"],\"inLanguage\":\"pl-PL\"},{\"@type\":\"WebPage\",\"@id\":\"https:\/\/arbuti.com\/fr\/duennes-hair-styling\/\",\"url\":\"https:\/\/arbuti.com\/fr\/duennes-hair-styling\/\",\"name\":\"10 Styling Tipps f\u00fcr d\u00fcnnes Haar | Deine d\u00fcnnen Haare stylen, so gehts!\",\"isPartOf\":{\"@id\":\"https:\/\/arbuti.com\/fr\/#website\"},\"primaryImageOfPage\":{\"@id\":\"https:\/\/arbuti.com\/fr\/duennes-hair-styling\/#primaryimage\"},\"image\":{\"@id\":\"https:\/\/arbuti.com\/fr\/duennes-hair-styling\/#primaryimage\"},\"thumbnailUrl\":\"https:\/\/arbuti.com\/wp-content\/uploads\/2021\/01\/duenne-haare-styling.jpg\",\"datePublished\":\"2021-01-10T08:24:34+00:00\",\"dateModified\":\"2021-04-07T14:17:25+00:00\",\"description\":\"D\u00fcnne Haare stylen, so gehts. D\u00fcnnes Haar hat Vorteile: Es trocknet schnell an der Luft, ben\u00f6tigt weniger Produkt und frisiert schneller.\",\"breadcrumb\":{\"@id\":\"https:\/\/arbuti.com\/fr\/duennes-hair-styling\/#breadcrumb\"},\"inLanguage\":\"pl-PL\",\"potentialAction\":[{\"@type\":\"ReadAction\",\"target\":[\"https:\/\/arbuti.com\/fr\/duennes-hair-styling\/\"]}]},{\"@type\":\"ImageObject\",\"inLanguage\":\"pl-PL\",\"@id\":\"https:\/\/arbuti.com\/fr\/duennes-hair-styling\/#primaryimage\",\"url\":\"https:\/\/arbuti.com\/wp-content\/uploads\/2021\/01\/duenne-haare-styling.jpg\",\"contentUrl\":\"https:\/\/arbuti.com\/wp-content\/uploads\/2021\/01\/duenne-haare-styling.jpg\",\"width\":928,\"height\":1150,\"caption\":\"duennes-Haar-Styling\"},{\"@type\":\"BreadcrumbList\",\"@id\":\"https:\/\/arbuti.com\/fr\/duennes-hair-styling\/#breadcrumb\",\"itemListElement\":[{\"@type\":\"ListItem\",\"position\":1,\"name\":\"ARBUTI\",\"item\":\"https:\/\/arbuti.com\/\"},{\"@type\":\"ListItem\",\"position\":2,\"name\":\"Haarstyling\",\"item\":\"https:\/\/arbuti.com\/fr\/categorie\/haarstyling\/\"},{\"@type\":\"ListItem\",\"position\":3,\"name\":\"D\u00fcnnes Haar Styling\"}]},{\"@type\":\"WebSite\",\"@id\":\"https:\/\/arbuti.com\/fr\/#website\",\"url\":\"https:\/\/arbuti.com\/fr\/\",\"name\":\"ARBUTI Hair Salon\",\"description\":\"Friseur M\u00fcnchen\",\"publisher\":{\"@id\":\"https:\/\/arbuti.com\/fr\/#organization\"},\"alternateName\":\"ARBUTI\",\"potentialAction\":[{\"@type\":\"SearchAction\",\"target\":{\"@type\":\"EntryPoint\",\"urlTemplate\":\"https:\/\/arbuti.com\/fr\/?s={search_term_string}\"},\"query-input\":{\"@type\":\"PropertyValueSpecification\",\"valueRequired\":true,\"valueName\":\"search_term_string\"}}],\"inLanguage\":\"pl-PL\"},{\"@type\":\"Organization\",\"@id\":\"https:\/\/arbuti.com\/fr\/#organization\",\"name\":\"ARBUTI Hair Salon\",\"alternateName\":\"ARBUTI\",\"url\":\"https:\/\/arbuti.com\/fr\/\",\"logo\":{\"@type\":\"ImageObject\",\"inLanguage\":\"pl-PL\",\"@id\":\"https:\/\/arbuti.com\/fr\/#\/schema\/logo\/image\/\",\"url\":\"https:\/\/arbuti.com\/wp-content\/uploads\/2020\/04\/cropped-Arbuti-Friseur-Muenchen.jpg\",\"contentUrl\":\"https:\/\/arbuti.com\/wp-content\/uploads\/2020\/04\/cropped-Arbuti-Friseur-Muenchen.jpg\",\"width\":512,\"height\":512,\"caption\":\"ARBUTI Hair Salon\"},\"image\":{\"@id\":\"https:\/\/arbuti.com\/fr\/#\/schema\/logo\/image\/\"},\"sameAs\":[\"https:\/\/www.facebook.com\/Arbutihairsalon\/\",\"https:\/\/www.instagram.com\/arbutihairsalon\/\",\"https:\/\/www.pinterest.de\/arbutihairsalon\/arbuti-hair-salon\/\"]},{\"@type\":\"Person\",\"@id\":\"https:\/\/arbuti.com\/fr\/#\/schema\/person\/d85bbf7b442ca0f812c3aa0ed9eece8f\",\"name\":\"admin\",\"image\":{\"@type\":\"ImageObject\",\"inLanguage\":\"pl-PL\",\"@id\":\"https:\/\/arbuti.com\/fr\/#\/schema\/person\/image\/\",\"url\":\"https:\/\/secure.gravatar.com\/avatar\/a5ca7376327017715559ffb9b376df51?s=96&d=mm&r=g\",\"contentUrl\":\"https:\/\/secure.gravatar.com\/avatar\/a5ca7376327017715559ffb9b376df51?s=96&d=mm&r=g\",\"caption\":\"admin\"}}]}<\/script>\n<!-- \/ Yoast SEO Premium plugin. -->","yoast_head_json":{"title":"10 Styling Tipps f\u00fcr d\u00fcnnes Haar | Deine d\u00fcnnen Haare stylen, so gehts!","description":"D\u00fcnne Haare stylen, so gehts. D\u00fcnnes Haar hat Vorteile: Es trocknet schnell an der Luft, ben\u00f6tigt weniger Produkt und frisiert schneller.","robots":{"index":"index","follow":"follow","max-snippet":"max-snippet:-1","max-image-preview":"max-image-preview:large","max-video-preview":"max-video-preview:-1"},"canonical":"https:\/\/arbuti.com\/pl\/duennes-hair-styling\/","og_locale":"pl_PL","og_type":"article","og_title":"D\u00fcnnes Haar Styling","og_description":"10 Styling-Tipps f\u00fcr d\u00fcnnere Haare &nbsp; In wenigen Minuten von D\u00fcnnen Haaren zu dicken Haaren D\u00fcnnes Haar hat seine Vorteile: Es trocknet schnell an der","og_url":"https:\/\/arbuti.com\/pl\/duennes-hair-styling\/","og_site_name":"ARBUTI Hair Salon","article_publisher":"https:\/\/www.facebook.com\/Arbutihairsalon\/","article_published_time":"2021-01-10T08:24:34+00:00","article_modified_time":"2021-04-07T14:17:25+00:00","og_image":[{"width":928,"height":1150,"url":"https:\/\/arbuti.com\/wp-content\/uploads\/2021\/01\/duenne-haare-styling.jpg","type":"image\/jpeg"}],"author":"admin","twitter_card":"summary_large_image","twitter_misc":{"Napisane przez":"admin","Szacowany czas czytania":"5 minut"},"schema":{"@context":"https:\/\/schema.org","@graph":[{"@type":"Article","@id":"https:\/\/arbuti.com\/fr\/duennes-hair-styling\/#article","isPartOf":{"@id":"https:\/\/arbuti.com\/fr\/duennes-hair-styling\/"},"author":{"name":"admin","@id":"https:\/\/arbuti.com\/fr\/#\/schema\/person\/d85bbf7b442ca0f812c3aa0ed9eece8f"},"headline":"D\u00fcnnes Haar Styling","datePublished":"2021-01-10T08:24:34+00:00","dateModified":"2021-04-07T14:17:25+00:00","mainEntityOfPage":{"@id":"https:\/\/arbuti.com\/fr\/duennes-hair-styling\/"},"wordCount":1249,"publisher":{"@id":"https:\/\/arbuti.com\/fr\/#organization"},"image":{"@id":"https:\/\/arbuti.com\/fr\/duennes-hair-styling\/#primaryimage"},"thumbnailUrl":"https:\/\/arbuti.com\/wp-content\/uploads\/2021\/01\/duenne-haare-styling.jpg","articleSection":["Haarstyling"],"inLanguage":"pl-PL"},{"@type":"WebPage","@id":"https:\/\/arbuti.com\/fr\/duennes-hair-styling\/","url":"https:\/\/arbuti.com\/fr\/duennes-hair-styling\/","name":"10 Styling Tipps f\u00fcr d\u00fcnnes Haar | Deine d\u00fcnnen Haare stylen, so gehts!","isPartOf":{"@id":"https:\/\/arbuti.com\/fr\/#website"},"primaryImageOfPage":{"@id":"https:\/\/arbuti.com\/fr\/duennes-hair-styling\/#primaryimage"},"image":{"@id":"https:\/\/arbuti.com\/fr\/duennes-hair-styling\/#primaryimage"},"thumbnailUrl":"https:\/\/arbuti.com\/wp-content\/uploads\/2021\/01\/duenne-haare-styling.jpg","datePublished":"2021-01-10T08:24:34+00:00","dateModified":"2021-04-07T14:17:25+00:00","description":"D\u00fcnne Haare stylen, so gehts. D\u00fcnnes Haar hat Vorteile: Es trocknet schnell an der Luft, ben\u00f6tigt weniger Produkt und frisiert schneller.","breadcrumb":{"@id":"https:\/\/arbuti.com\/fr\/duennes-hair-styling\/#breadcrumb"},"inLanguage":"pl-PL","potentialAction":[{"@type":"ReadAction","target":["https:\/\/arbuti.com\/fr\/duennes-hair-styling\/"]}]},{"@type":"ImageObject","inLanguage":"pl-PL","@id":"https:\/\/arbuti.com\/fr\/duennes-hair-styling\/#primaryimage","url":"https:\/\/arbuti.com\/wp-content\/uploads\/2021\/01\/duenne-haare-styling.jpg","contentUrl":"https:\/\/arbuti.com\/wp-content\/uploads\/2021\/01\/duenne-haare-styling.jpg","width":928,"height":1150,"caption":"duennes-Haar-Styling"},{"@type":"BreadcrumbList","@id":"https:\/\/arbuti.com\/fr\/duennes-hair-styling\/#breadcrumb","itemListElement":[{"@type":"ListItem","position":1,"name":"ARBUTI","item":"https:\/\/arbuti.com\/"},{"@type":"ListItem","position":2,"name":"Haarstyling","item":"https:\/\/arbuti.com\/fr\/categorie\/haarstyling\/"},{"@type":"ListItem","position":3,"name":"D\u00fcnnes Haar Styling"}]},{"@type":"WebSite","@id":"https:\/\/arbuti.com\/fr\/#website","url":"https:\/\/arbuti.com\/fr\/","name":"ARBUTI Hair Salon","description":"Friseur M\u00fcnchen","publisher":{"@id":"https:\/\/arbuti.com\/fr\/#organization"},"alternateName":"ARBUTI","potentialAction":[{"@type":"SearchAction","target":{"@type":"EntryPoint","urlTemplate":"https:\/\/arbuti.com\/fr\/?s={search_term_string}"},"query-input":{"@type":"PropertyValueSpecification","valueRequired":true,"valueName":"search_term_string"}}],"inLanguage":"pl-PL"},{"@type":"Organization","@id":"https:\/\/arbuti.com\/fr\/#organization","name":"ARBUTI Hair Salon","alternateName":"ARBUTI","url":"https:\/\/arbuti.com\/fr\/","logo":{"@type":"ImageObject","inLanguage":"pl-PL","@id":"https:\/\/arbuti.com\/fr\/#\/schema\/logo\/image\/","url":"https:\/\/arbuti.com\/wp-content\/uploads\/2020\/04\/cropped-Arbuti-Friseur-Muenchen.jpg","contentUrl":"https:\/\/arbuti.com\/wp-content\/uploads\/2020\/04\/cropped-Arbuti-Friseur-Muenchen.jpg","width":512,"height":512,"caption":"ARBUTI Hair Salon"},"image":{"@id":"https:\/\/arbuti.com\/fr\/#\/schema\/logo\/image\/"},"sameAs":["https:\/\/www.facebook.com\/Arbutihairsalon\/","https:\/\/www.instagram.com\/arbutihairsalon\/","https:\/\/www.pinterest.de\/arbutihairsalon\/arbuti-hair-salon\/"]},{"@type":"Person","@id":"https:\/\/arbuti.com\/fr\/#\/schema\/person\/d85bbf7b442ca0f812c3aa0ed9eece8f","name":"admin","image":{"@type":"ImageObject","inLanguage":"pl-PL","@id":"https:\/\/arbuti.com\/fr\/#\/schema\/person\/image\/","url":"https:\/\/secure.gravatar.com\/avatar\/a5ca7376327017715559ffb9b376df51?s=96&d=mm&r=g","contentUrl":"https:\/\/secure.gravatar.com\/avatar\/a5ca7376327017715559ffb9b376df51?s=96&d=mm&r=g","caption":"admin"}}]}},"uagb_featured_image_src":{"full":["https:\/\/arbuti.com\/wp-content\/uploads\/2021\/01\/duenne-haare-styling.jpg",928,1150,false],"thumbnail":["https:\/\/arbuti.com\/wp-content\/uploads\/2021\/01\/duenne-haare-styling-150x150.jpg",150,150,true],"medium":["https:\/\/arbuti.com\/wp-content\/uploads\/2021\/01\/duenne-haare-styling-242x300.jpg",242,300,true],"medium_large":["https:\/\/arbuti.com\/wp-content\/uploads\/2021\/01\/duenne-haare-styling-768x952.jpg",768,952,true],"large":["https:\/\/arbuti.com\/wp-content\/uploads\/2021\/01\/duenne-haare-styling-826x1024.jpg",826,1024,true],"1536x1536":["https:\/\/arbuti.com\/wp-content\/uploads\/2021\/01\/duenne-haare-styling.jpg",928,1150,false],"2048x2048":["https:\/\/arbuti.com\/wp-content\/uploads\/2021\/01\/duenne-haare-styling.jpg",928,1150,false],"trp-custom-language-flag":["https:\/\/arbuti.com\/wp-content\/uploads\/2021\/01\/duenne-haare-styling.jpg",10,12,false],"wp_review_large":["https:\/\/arbuti.com\/wp-content\/uploads\/2021\/01\/duenne-haare-styling-320x200.jpg",320,200,true],"wp_review_small":["https:\/\/arbuti.com\/wp-content\/uploads\/2021\/01\/duenne-haare-styling-65x65.jpg",65,65,true]},"uagb_author_info":{"display_name":"admin","author_link":"https:\/\/arbuti.com\/pl\/author\/admin\/"},"uagb_comment_info":0,"uagb_excerpt":"10 Styling-Tipps f\u00fcr d\u00fcnnere Haare &nbsp; In wenigen Minuten von D\u00fcnnen Haaren zu dicken Haaren D\u00fcnnes Haar hat seine Vorteile: [&hellip;]","_links":{"self":[{"href":"https:\/\/arbuti.com\/pl\/wp-json\/wp\/v2\/posts\/6611","targetHints":{"allow":["GET"]}}],"collection":[{"href":"https:\/\/arbuti.com\/pl\/wp-json\/wp\/v2\/posts"}],"about":[{"href":"https:\/\/arbuti.com\/pl\/wp-json\/wp\/v2\/types\/post"}],"author":[{"embeddable":true,"href":"https:\/\/arbuti.com\/pl\/wp-json\/wp\/v2\/users\/1"}],"replies":[{"embeddable":true,"href":"https:\/\/arbuti.com\/pl\/wp-json\/wp\/v2\/comments?post=6611"}],"version-history":[{"count":10,"href":"https:\/\/arbuti.com\/pl\/wp-json\/wp\/v2\/posts\/6611\/revisions"}],"predecessor-version":[{"id":9138,"href":"https:\/\/arbuti.com\/pl\/wp-json\/wp\/v2\/posts\/6611\/revisions\/9138"}],"wp:featuredmedia":[{"embeddable":true,"href":"https:\/\/arbuti.com\/pl\/wp-json\/wp\/v2\/media\/6613"}],"wp:attachment":[{"href":"https:\/\/arbuti.com\/pl\/wp-json\/wp\/v2\/media?parent=6611"}],"wp:term":[{"taxonomy":"category","embeddable":true,"href":"https:\/\/arbuti.com\/pl\/wp-json\/wp\/v2\/categories?post=6611"},{"taxonomy":"post_tag","embeddable":true,"href":"https:\/\/arbuti.com\/pl\/wp-json\/wp\/v2\/tags?post=6611"}],"curies":[{"name":"wp","href":"https:\/\/api.w.org\/{rel}","templated":true}]}}