{"id":415,"date":"2018-10-14T18:28:41","date_gmt":"2018-10-14T18:28:41","guid":{"rendered":"http:\/\/muenchenfriseur.com_demos\/travel\/?p=415"},"modified":"2021-04-07T14:08:58","modified_gmt":"2021-04-07T14:08:58","slug":"balayagemuenchen","status":"publish","type":"post","link":"https:\/\/arbuti.com\/pl\/balayagemuenchen\/","title":{"rendered":"Balayage"},"content":{"rendered":"<h1 class=\"wp-block-heading\" id=\"h-balayage-in-m-nchen\">Balayage w Monachium<\/h1>\n\n\n\n<figure class=\"wp-block-image size-large is-resized\"><img loading=\"lazy\" decoding=\"async\" src=\"https:\/\/arbuti.com\/wp-content\/uploads\/2015\/02\/Friseur-M\u00fcnchen-1024x1024.jpg\" alt=\"Fryzjer Monachium Balayage\" class=\"wp-image-1193\" width=\"704\" height=\"704\" srcset=\"\" sizes=\"auto, (max-width: 704px) 100vw, 704px\" data-srcset=\"\" \/><\/figure>\n\n\n\n<h2 class=\"wp-block-heading\" id=\"h-was-ist-der-balayage-effekt\"><span style=\"color: #906d9c;\">Co to jest efekt Balayage?<\/span><\/h2>\n\n\n\n<p>Rozmawiamy z ekspertem w dziedzinie koloryzacji, Ebru z Arbuti Hair Salon w Monachium, aby dowiedzie\u0107 si\u0119 wszystkiego, co nale\u017cy wiedzie\u0107 o tej popularnej technice.<\/p>\n\n\n\n<h2 class=\"wp-block-heading\" id=\"h-was-ist-balayage\">Co to jest Balayage?<\/h2>\n\n\n\n<p>Balayage to francuska technika koloryzacji opracowana w latach 70. Jest to technika freehand, w kt\u00f3rej kolor nak\u0142adany jest r\u0119cznie, a nie przy u\u017cyciu tradycyjnych technik podkre\u015blania foliami lub nak\u0142adkami. Balayage mo\u017ce by\u0107 r\u00f3wnie\u017c stosowany do najkr\u00f3tszych pixie crop. Najlepsze rezultaty osi\u0105ga si\u0119 jednak na w\u0142osach poni\u017cej ramion.<\/p>\n\n\n\n<h2 class=\"wp-block-heading\" id=\"h-wie-genau-wird-eine-balayage-aufgetragen\">Jak dok\u0142adnie nak\u0142ada si\u0119 balayage?<\/h2>\n\n\n\n<figure class=\"wp-block-image size-large is-resized\"><img loading=\"lazy\" decoding=\"async\" src=\"https:\/\/arbuti.com\/wp-content\/uploads\/2018\/10\/Balayage.jpg\" alt=\"Balayage\" class=\"wp-image-3617\" width=\"506\" height=\"662\" srcset=\"https:\/\/arbuti.com\/wp-content\/uploads\/2018\/10\/Balayage.jpg 563w, https:\/\/arbuti.com\/wp-content\/uploads\/2018\/10\/Balayage-229x300.jpg 229w, https:\/\/arbuti.com\/wp-content\/uploads\/2018\/10\/Balayage-200x261.jpg 200w, https:\/\/arbuti.com\/wp-content\/uploads\/2018\/10\/Balayage-400x523.jpg 400w\" sizes=\"auto, (max-width: 506px) 100vw, 506px\" \/><\/figure>\n\n\n\n<p>Proces ten r\u00f3\u017cni si\u0119 w zale\u017cno\u015bci od d\u0142ugo\u015bci w\u0142os\u00f3w i po\u017c\u0105danego rezultatu. Nale\u017cy si\u0119 spodziewa\u0107, \u017ce poszczeg\u00f3lne pasma s\u0105 farbowane za pomoc\u0105 p\u0119dzelka i tamponu. Niekt\u00f3rzy kolory\u015bci lubi\u0105 oddziela\u0107 pasma w\u0142os\u00f3w wat\u0105 lub foli\u0105, inni najpierw wyci\u0105gaj\u0105 w\u0142osy w partiach, a nast\u0119pnie farbuj\u0105 ko\u0144c\u00f3wki z wolnej r\u0119ki.<\/p>\n\n\n\n<p>Zauwa\u017cy\u0142am, \u017ce wszystkie moje klientki maj\u0105 inny wygl\u0105d i musz\u0105 utrzymywa\u0107 go w r\u00f3\u017cnym tempie. Musisz odby\u0107 co najmniej trzy spotkania, aby naprawd\u0119 zbudowa\u0107 kolor na pocz\u0105tku. Te spotkania odbywaj\u0105 si\u0119 w odst\u0119pie sze\u015bciu tygodni. Od tego momentu, mo\u017cna przej\u015b\u0107 do czterech miesi\u0119cy bez dalszych op\u0142at. Wystarczy zam\u00f3wi\u0107 jeden toner i jeden zabieg, aby od\u015bwie\u017cy\u0107 kolor pomi\u0119dzy wizytami.<\/p>\n\n\n\n<h2 class=\"wp-block-heading\" id=\"h-ist-balayage-f-r-mich-geeignet\"><span style=\"color: #a23ec9;\">Czy Balayage jest odpowiedni dla mnie?<\/span><\/h2>\n\n\n\n<p>Balayage najlepiej jest wykonywa\u0107 na w\u0142osach naturalnych, ale nie martw si\u0119, wi\u0119kszo\u015b\u0107 prac, kt\u00f3re wykonuj\u0119 w celu uzyskania efektu balayage, wykonuj\u0119 pocz\u0105tkowo z u\u017cyciem folii, a\u017c do momentu, gdy w\u0142osy uzyskaj\u0105 tylko balayage. Istnieje wiele r\u00f3\u017cnych technik, kt\u00f3rych ludzie u\u017cywaj\u0105, aby stworzy\u0107 ten wygl\u0105d. Kiedy spotykasz si\u0119 ze specjalist\u0105 od koloryzacji, powinien on zawsze by\u0107 w stanie znale\u017a\u0107 technik\u0119, kt\u00f3ra pozwoli Ci uzyska\u0107 po\u017c\u0105dany wygl\u0105d, najlepiej pasuj\u0105cy do Twojego typu w\u0142os\u00f3w i historii koloru.<\/p>\n\n\n\n<h2 class=\"wp-block-heading\" id=\"h-die-besten-frisuren-f-r-balayage\">Najlepsze fryzury do balayage<\/h2>\n\n\n\n<p>Zawsze lubi\u0119 ogl\u0105da\u0107 balayage w po\u0142\u0105czeniu z lu\u017anymi lokami lub zmierzwion\u0105 fryzur\u0105 pla\u017cow\u0105, w kt\u00f3rej wida\u0107 zmiany koloru na w\u0142osach. Ostre, odwa\u017cne fryzury, takie jak bob, wymagaj\u0105 odwa\u017cniejszego koloru lub koloru w odcieniu block, kt\u00f3ry podkre\u015bli ci\u0119cie. Balayage najlepiej sprawdza si\u0119 w przypadku bardziej p\u0142ynnych fryzur.<\/p>\n\n\n\n<h2 class=\"wp-block-heading\" id=\"h-gibt-es-alternativen-zu-balayage\">Czy istniej\u0105 alternatywy dla Balayage?<\/h2>\n\n\n\n<p>W Salonie Fryzjerskim Arbuti lubi\u0119 stosowa\u0107 r\u00f3\u017cne techniki foliowania, aby uzyska\u0107 teksturowany, stopniowy efekt blakni\u0119cia. U\u017cywam splot\u00f3w wielko\u015bci wst\u0105\u017cki, z ja\u015bniejszym kolorem na wewn\u0119trznej stronie w\u0142os\u00f3w, nast\u0119pnie przechodz\u0119 do g\u0142\u0119bszych kolor\u00f3w i delikatniejszych splot\u00f3w, w miar\u0119 jak schodz\u0119 w d\u00f3\u0142, a\u017c do linii w\u0142os\u00f3w. Jest to naprawd\u0119 fajny spos\u00f3b na stworzenie zr\u00f3\u017cnicowanych kolor\u00f3w przy jednoczesnym zachowaniu bardziej teksturowanej techniki, kt\u00f3ra mo\u017ce by\u0107 noszona w wielu r\u00f3\u017cnych stylach.<\/p>\n\n\n\n<h2 class=\"wp-block-heading\" id=\"h-balayage-blond\">Balayage Blondynka<\/h2>\n\n\n\n<figure class=\"wp-block-image size-large is-resized\"><img loading=\"lazy\" decoding=\"async\" src=\"https:\/\/arbuti.com\/wp-content\/uploads\/2020\/12\/Blonde-Balayage.jpg\" alt=\"Balayage-Munich\" class=\"wp-image-6280\" width=\"509\" height=\"679\" srcset=\"https:\/\/arbuti.com\/wp-content\/uploads\/2020\/12\/Blonde-Balayage.jpg 564w, https:\/\/arbuti.com\/wp-content\/uploads\/2020\/12\/Blonde-Balayage-225x300.jpg 225w, https:\/\/arbuti.com\/wp-content\/uploads\/2020\/12\/Blonde-Balayage-200x267.jpg 200w, https:\/\/arbuti.com\/wp-content\/uploads\/2020\/12\/Blonde-Balayage-400x533.jpg 400w\" sizes=\"auto, (max-width: 509px) 100vw, 509px\" \/><\/figure>\n\n\n\n<h3 class=\"wp-block-heading\" id=\"h-balayage-blond-im-arbuti-friseur-m-nchen\"><span style=\"color: #986d9e;\">Balayage Blond w Arbuti Fryzjer Monachium<\/span><\/h3>\n\n\n\n<p>Kiedy blond miesza si\u0119 z br\u0105zem lub innym odcieniem blondu, otrzymujemy kolor w\u0142os\u00f3w o g\u0142\u0119bi i dynamice, kt\u00f3rej ka\u017cdy szuka w nowoczesnych fryzurach. W Salonie Fryzjerskim Arbuti jeste\u015bmy ekspertami od balayage blond.<\/p>\n\n\n\n<p>M\u00f3w co chcesz o utrzymaniu jasnych pasemek, ale to tylko drobiazg, aby wyj\u015b\u0107 z salonu ze \u015bwie\u017cym, nowym odcieniem blondu, kt\u00f3ry sprawi, \u017ce znikn\u0105 wszelkie wady rozja\u015bniania w\u0142os\u00f3w. Na szcz\u0119\u015bcie dla tych, kt\u00f3rzy zawsze d\u0105\u017c\u0105 do uzyskania idealnego koloru, technika tego sezonu - znana jako balayage - minimalizuje ryzyko rozja\u015bnienia, jednocze\u015bnie maksymalizuj\u0105c dobre wibracje, kt\u00f3re z niej p\u0142yn\u0105.<br>Stylista Ebru m\u00f3wi nam, \u017ce balayage blond jest jego ulubionym podej\u015bciem do podkre\u015blania, poniewa\u017c jest zaprojektowany tak, aby wygl\u0105da\u0107 naturalnie. Najja\u015bniejsze pasemka s\u0105 delikatne u nasady i stopniowo staj\u0105 si\u0119 grubsze i bardziej nasycone na ko\u0144cach\" - m\u00f3wi - \"Powinny by\u0107 najbardziej skoncentrowane wok\u00f3\u0142 aureoli twarzy, z du\u017c\u0105 ilo\u015bci\u0105 naturalnego koloru bazowego prze\u015bwituj\u0105cego, aby nada\u0107 wymiar i kontrast, kt\u00f3ry\". <strong>Blondynka Balayage<\/strong> Spraw, by w\u0142osy by\u0142y tak pi\u0119kne\".<br>Poznaj fotograficzny dow\u00f3d na to, \u017ce blond balayage kr\u00f3luje w trendach fryzjerskich i skorzystaj z niezawodnych wskaz\u00f3wek, jak poprosi\u0107 o niego podczas nast\u0119pnej wizyty. Niech obietnica jasnego, s\u0142onecznego blondu od razu poprawi Ci nastr\u00f3j w tym sezonie<\/p>\n\n\n\n<h2 class=\"wp-block-heading\" id=\"h-balayage-braun\"><span style=\"color: #ab9372;\">Balayage Br\u0105z<\/span><\/h2>\n\n\n\n<p><em>Balayage dla ciemnych w\u0142os\u00f3w lub ciemnobr\u0105zowych w\u0142os\u00f3w.<\/em><\/p>\n\n\n\n<p>Br\u0105zowy balayage jest pi\u0119kn\u0105 technik\u0105 koloryzacji w\u0142os\u00f3w, kt\u00f3ra polega na delikatnym nak\u0142adaniu jasnych i naturalnych kolor\u00f3w brunetek, zazwyczaj na ciemniejszej bazie, aby uzyska\u0107 niewymagaj\u0105cy wysi\u0142ku, mu\u015bni\u0119ty s\u0142o\u0144cem wygl\u0105d.<\/p>\n\n\n\n<p>Niesamowit\u0105 cech\u0105 tej modnej techniki podkre\u015blania jest to, \u017ce dzi\u0119ki niej uzyskuje si\u0119 kontrastowy wygl\u0105d, kt\u00f3ry pi\u0119knie tworzy wielowymiarowy wygl\u0105d!<\/p>\n\n\n\n<p>Balayage to tak\u017ce mniej zabieg\u00f3w piel\u0119gnacyjnych i stylizacja bez wysi\u0142ku. (To jest \u0142atwe dla Ciebie \ud83d\udcb0 i Twojego \u23f0).<\/p>\n\n\n\n<p>Kolejnym powodem, dla kt\u00f3rego warto zakocha\u0107 si\u0119 w tym trendzie kolorystycznym jest fakt, \u017ce struktura w\u0142os\u00f3w wygl\u0105da wyra\u017aniej i lepiej w naturalnym, jasnym \u015bwietle. U\u0142\u00f3\u017c swoje pasma w fale lub loki, aby uzyska\u0107 pi\u0119kn\u0105, pe\u0142n\u0105 obj\u0119to\u015bci mieszank\u0119, lub na proste w\u0142osy, aby uzyska\u0107 g\u0142adkie przej\u015bcie z koloru.<\/p>\n\n\n\n<p>Sprawd\u017a nasz\u0105 stron\u0119 na Instagramie i zobacz wiele z naszych blond lub br\u0105zowych rezultat\u00f3w balayage.<\/p>\n\n\n\n<p><a href=\"https:\/\/www.instagram.com\/arbutihairsalon\/\"><span style=\"color: #2f9999;\">Salon fryzjerski ARBUTI Instagram<\/span><\/a><\/p>\n\n\n\n<p>W\u0142osy i kolor, w kt\u00f3rych mo\u017cna si\u0119 zakocha\u0107! Jeden z tych w\u0142os\u00f3w na wynos prosz\u0119! Nasz zesp\u00f3\u0142 w Arbuti Hair Salon Monachium zn\u00f3w da\u0142 czadu \ud83d\ude42 Zobacz wi\u0119cej naszych wspania\u0142ych efekt\u00f3w Balayage na <a href=\"https:\/\/www.instagram.com\/arbutihairsalon\/\">INSTAGRAM <\/a><\/p>\n\n\n\n<h2 class=\"wp-block-heading\" id=\"h-faq-fragen-und-antworten\">FAQ - Pytania i odpowiedzi<\/h2>\n\n\n\t\t<section\t\tclass=\"sc_fs_faq sc_card\"\n\t\t\t\t>\n\t\t\t\t<h3>Co to jest balayage?<\/h3>\t\t\t\t<div>\n\t\t\t\t\t\t<div class=\"sc_fs_faq__content\">\n\t\t\t\t\n\n<p class=\"has-large-font-size\">Wymawiane jako BAH-LEE-AHGE, Balayage to tak naprawd\u0119 francuskie s\u0142owo, kt\u00f3re oznacza - zamiatanie - dodawanie pasemek za pomoc\u0105 rozja\u015bniacza do w\u0142os\u00f3w. Balayage to technika r\u0119cznego malowania pasemek na w\u0142osach, aby stworzy\u0107 mi\u0119kk\u0105 i naturaln\u0105 gradacj\u0119 jasno\u015bci w kierunku ko\u0144c\u00f3wek. Um\u00f3w si\u0119 z nami na wizyt\u0119 online!<\/p>\n\n\t\t\t<\/div>\n\t\t<\/div>\n\t\t<\/section>\n\t\t\t\t<section\t\tclass=\"sc_fs_faq sc_card\"\n\t\t\t\t>\n\t\t\t\t<h3>Czy Balayage i Ombre to to samo?<\/h3>\t\t\t\t<div>\n\t\t\t\t\t\t<div class=\"sc_fs_faq__content\">\n\t\t\t\t\n\n<p class=\"has-large-font-size\">Kr\u00f3tko m\u00f3wi\u0105c, ombre jest bardziej stylem. Balayage jest technik\u0105. Obydwie metody prowadz\u0105 do tego, \u017ce nie wymagaj\u0105 zbyt cz\u0119stych zabieg\u00f3w piel\u0119gnacyjnych, poniewa\u017c kolor w\u0142os\u00f3w nie jest nak\u0142adany \u015bci\u015ble, lecz stopniowo (w przypadku ombre) lub stopniowo (w przypadku balayage). Regularne pasemka foliowe, na przyk\u0142ad, wymagaj\u0105 bardziej regularnych wizyt w salonie. Salon Arbuti specjalizuje si\u0119 w balayage.<\/p>\n\n\t\t\t<\/div>\n\t\t<\/div>\n\t\t<\/section>\n\t\t\t\t<section\t\tclass=\"sc_fs_faq sc_card\"\n\t\t\t\t>\n\t\t\t\t<h3>Czy balayage jest szkodliwy dla w\u0142os\u00f3w?<\/h3>\t\t\t\t<div>\n\t\t\t\t\t\t<div class=\"sc_fs_faq__content\">\n\t\t\t\t\n\n<p class=\"has-large-font-size\">Czy balayage jest szkodliwy dla w\u0142os\u00f3w, czy s\u0105 sposoby na jego wykonanie bez sma\u017cenia w\u0142os\u00f3w? Absolutnie. Nie jest to wcale szkodliwe, ani nie powinno by\u0107. Ca\u0142y proces mo\u017ce by\u0107 wykonany bez amoniaku, wi\u0119c nie jest bardziej szkodliwy ni\u017c jakikolwiek inny kolor lub proces.<\/p>\n\n\t\t\t<\/div>\n\t\t<\/div>\n\t\t<\/section>\n\t\t\t\t<section\t\tclass=\"sc_fs_faq sc_card\"\n\t\t\t\t>\n\t\t\t\t<h3>Ile kosztuje Balayage<\/h3>\t\t\t\t<div>\n\t\t\t\t\t\t<div class=\"sc_fs_faq__content\">\n\t\t\t\t\n\n<p class=\"has-large-font-size\">Balayage to jedna z najdro\u017cszych form koloryzacji w\u0142os\u00f3w, poniewa\u017c jej wykonanie jest bardzo czasoch\u0142onne. Podkre\u015blanie mo\u017ce kosztowa\u0107 tylko 100 euro, ale za balayage trzeba zap\u0142aci\u0107 \u015brednio 200 euro.<\/p>\n\n\t\t\t<\/div>\n\t\t<\/div>\n\t\t<\/section>\n\t\t\n<script type=\"application\/ld+json\">{\n    \"@context\": \"https:\\\/\\\/schema.org\",\n    \"@type\": \"FAQPage\",\n    \"mainEntity\": [\n        {\n            \"@type\": \"Question\",\n            \"name\": \"Was ist eine Balayage?\",\n            \"acceptedAnswer\": {\n                \"@type\": \"Answer\",\n                \"text\": \"<p>Ausgesprochen BAH-LEE-AHGE, ist Balayage eigentlich ein franz\\u00f6sisches Wort, das - Kehren - bedeutet, um mit einem Haaraufheller Glanzlichter zu setzen. Balayage ist die Technik, bei der mit der Hand Glanzlichter auf das Haar gemalt werden, um eine weiche und nat\\u00fcrliche Helligkeitsabstufung zu den Enden hin zu erzielen. Mach bei uns dein Termin Online aus!<\\\/p>\"\n            }\n        },\n        {\n            \"@type\": \"Question\",\n            \"name\": \"Ist Balayage und Ombre dasselbe?\",\n            \"acceptedAnswer\": {\n                \"@type\": \"Answer\",\n                \"text\": \"<p>Kurz gesagt, Ombre ist eher ein Stil. Balayage ist eine Technik. Beide f\\u00fchren zu einer ziemlich wartungsarmen Routine, da die Platzierung der Haarfarbe nicht streng ist, sondern schrittweise (f\\u00fcr Ombre) oder kehrend (f\\u00fcr Balayage) erfolgt. Regelm\\u00e4\\u00dfige Folienhighlights erfordern beispielsweise regelm\\u00e4\\u00dfigere Besuche im Salon. Arbuti Salon ist spezialisiert auf Balayage.<\\\/p>\"\n            }\n        },\n        {\n            \"@type\": \"Question\",\n            \"name\": \"Ist Balayage schlecht f\\u00fcr dein Haar?\",\n            \"acceptedAnswer\": {\n                \"@type\": \"Answer\",\n                \"text\": \"<p>Ist Balayage sch\\u00e4dlich f\\u00fcr Ihr Haar oder gibt es M\\u00f6glichkeiten, dies zu erreichen, ohne Ihr Haar zu braten? Absolut. Es ist \\u00fcberhaupt nicht sch\\u00e4dlich und sollte es auch nicht sein. Der gesamte Prozess kann ohne Ammoniak durchgef\\u00fchrt werden, daher ist er nicht sch\\u00e4dlicher als jede andere Farbe oder jeder andere Prozess.<\\\/p>\"\n            }\n        },\n        {\n            \"@type\": \"Question\",\n            \"name\": \"Was kostet Balayage\",\n            \"acceptedAnswer\": {\n                \"@type\": \"Answer\",\n                \"text\": \"<p>Balayage ist eine der teuersten Formen der Haarf\\u00e4rbung, weil es so zeitaufwendig ist, es zu vervollst\\u00e4ndigen. W\\u00e4hrend das Hervorheben m\\u00f6glicherweise nur 100 Euro kostet, m\\u00fcssen Sie mit durchschnittlich 200 Euro f\\u00fcr Balayage rechnen.<\\\/p>\"\n            }\n        }\n    ]\n}<\/script>","protected":false},"excerpt":{"rendered":"<p>Balayage in M\u00fcnchen Was ist der Balayage Effekt? Wir sprechen mit der Farbexpertin Ebru von Arbuti Hair Salon M\u00fcnchen, um [&hellip;]<\/p>","protected":false},"author":1,"featured_media":1193,"comment_status":"closed","ping_status":"open","sticky":false,"template":"","format":"standard","meta":{"ub_ctt_via":"","_uag_custom_page_level_css":"","site-sidebar-layout":"right-sidebar","site-content-layout":"default","ast-site-content-layout":"","site-content-style":"default","site-sidebar-style":"default","ast-global-header-display":"","ast-banner-title-visibility":"","ast-main-header-display":"","ast-hfb-above-header-display":"","ast-hfb-below-header-display":"","ast-hfb-mobile-header-display":"","site-post-title":"","ast-breadcrumbs-content":"","ast-featured-img":"","footer-sml-layout":"","theme-transparent-header-meta":"default","adv-header-id-meta":"","stick-header-meta":"default","header-above-stick-meta":"","header-main-stick-meta":"","header-below-stick-meta":"","astra-migrate-meta-layouts":"default","ast-page-background-enabled":"default","ast-page-background-meta":{"desktop":{"background-color":"","background-image":"","background-repeat":"repeat","background-position":"center center","background-size":"auto","background-attachment":"scroll","background-type":"","background-media":"","overlay-type":"","overlay-color":"","overlay-opacity":"","overlay-gradient":""},"tablet":{"background-color":"","background-image":"","background-repeat":"repeat","background-position":"center center","background-size":"auto","background-attachment":"scroll","background-type":"","background-media":"","overlay-type":"","overlay-color":"","overlay-opacity":"","overlay-gradient":""},"mobile":{"background-color":"","background-image":"","background-repeat":"repeat","background-position":"center center","background-size":"auto","background-attachment":"scroll","background-type":"","background-media":"","overlay-type":"","overlay-color":"","overlay-opacity":"","overlay-gradient":""}},"ast-content-background-meta":{"desktop":{"background-color":"var(--ast-global-color-5)","background-image":"","background-repeat":"repeat","background-position":"center center","background-size":"auto","background-attachment":"scroll","background-type":"","background-media":"","overlay-type":"","overlay-color":"","overlay-opacity":"","overlay-gradient":""},"tablet":{"background-color":"var(--ast-global-color-5)","background-image":"","background-repeat":"repeat","background-position":"center center","background-size":"auto","background-attachment":"scroll","background-type":"","background-media":"","overlay-type":"","overlay-color":"","overlay-opacity":"","overlay-gradient":""},"mobile":{"background-color":"var(--ast-global-color-5)","background-image":"","background-repeat":"repeat","background-position":"center center","background-size":"auto","background-attachment":"scroll","background-type":"","background-media":"","overlay-type":"","overlay-color":"","overlay-opacity":"","overlay-gradient":""}},"footnotes":""},"categories":[33,206,173],"tags":[43,4611,50],"class_list":["post-415","post","type-post","status-publish","format-standard","has-post-thumbnail","hentry","category-balayage","category-balayage-muenchen","category-start","tag-balayage","tag-balayage-muenchen","tag-blond"],"featured_image_src":"https:\/\/arbuti.com\/wp-content\/uploads\/2015\/02\/Friseur-Mu\u0308nchen.jpg","author_info":{"display_name":"admin","author_link":"https:\/\/arbuti.com\/pl\/author\/admin\/"},"yoast_head":"<!-- This site is optimized with the Yoast SEO Premium plugin v25.3 (Yoast SEO v25.3) - https:\/\/yoast.com\/wordpress\/plugins\/seo\/ -->\n<title>Balayage Blond oder Braun - Alles \u00fcber Balayage - ARBUTI Hair Salon<\/title>\n<meta name=\"description\" content=\"Blonde oder braune Balayage? Wir beantworten dir alle Balayage fragen! Arbuti Hair Salon ist spezialisiert auf Balayage. Welche Balayage passt zu dir?\" \/>\n<meta name=\"robots\" content=\"index, follow, max-snippet:-1, max-image-preview:large, max-video-preview:-1\" \/>\n<link rel=\"canonical\" href=\"https:\/\/arbuti.com\/pl\/balayagemuenchen\/\" \/>\n<meta property=\"og:locale\" content=\"pl_PL\" \/>\n<meta property=\"og:type\" content=\"article\" \/>\n<meta property=\"og:title\" content=\"Balayage\" \/>\n<meta property=\"og:description\" content=\"Balayage in M\u00fcnchen Was ist der Balayage Effekt? Wir sprechen mit der Farbexpertin Ebru von Arbuti Hair Salon M\u00fcnchen, um alles zu erfahren, was Sie \u00fcber\" \/>\n<meta property=\"og:url\" content=\"https:\/\/arbuti.com\/pl\/balayagemuenchen\/\" \/>\n<meta property=\"og:site_name\" content=\"ARBUTI Hair Salon\" \/>\n<meta property=\"article:publisher\" content=\"https:\/\/www.facebook.com\/Arbutihairsalon\/\" \/>\n<meta property=\"article:published_time\" content=\"2018-10-14T18:28:41+00:00\" \/>\n<meta property=\"article:modified_time\" content=\"2021-04-07T14:08:58+00:00\" \/>\n<meta property=\"og:image\" content=\"https:\/\/arbuti.com\/wp-content\/uploads\/2015\/02\/Friseur-Mu\u0308nchen.jpg\" \/>\n\t<meta property=\"og:image:width\" content=\"1080\" \/>\n\t<meta property=\"og:image:height\" content=\"1080\" \/>\n\t<meta property=\"og:image:type\" content=\"image\/jpeg\" \/>\n<meta name=\"author\" content=\"admin\" \/>\n<meta name=\"twitter:card\" content=\"summary_large_image\" \/>\n<meta name=\"twitter:label1\" content=\"Napisane przez\" \/>\n\t<meta name=\"twitter:data1\" content=\"admin\" \/>\n\t<meta name=\"twitter:label2\" content=\"Szacowany czas czytania\" \/>\n\t<meta name=\"twitter:data2\" content=\"6 minut\" \/>\n<script type=\"application\/ld+json\" class=\"yoast-schema-graph\">{\"@context\":\"https:\/\/schema.org\",\"@graph\":[{\"@type\":\"Article\",\"@id\":\"https:\/\/arbuti.com\/en\/balayagemuenchen\/#article\",\"isPartOf\":{\"@id\":\"https:\/\/arbuti.com\/en\/balayagemuenchen\/\"},\"author\":{\"name\":\"admin\",\"@id\":\"https:\/\/arbuti.com\/fr\/#\/schema\/person\/d85bbf7b442ca0f812c3aa0ed9eece8f\"},\"headline\":\"Balayage\",\"datePublished\":\"2018-10-14T18:28:41+00:00\",\"dateModified\":\"2021-04-07T14:08:58+00:00\",\"mainEntityOfPage\":{\"@id\":\"https:\/\/arbuti.com\/en\/balayagemuenchen\/\"},\"wordCount\":1113,\"publisher\":{\"@id\":\"https:\/\/arbuti.com\/fr\/#organization\"},\"image\":{\"@id\":\"https:\/\/arbuti.com\/en\/balayagemuenchen\/#primaryimage\"},\"thumbnailUrl\":\"https:\/\/arbuti.com\/wp-content\/uploads\/2015\/02\/Friseur-Mu\u0308nchen.jpg\",\"keywords\":[\"balayage\",\"Balayage M\u00fcnchen\",\"blond\"],\"articleSection\":[\"Balayage\",\"Balayage M\u00fcnchen\",\"start\"],\"inLanguage\":\"pl-PL\"},{\"@type\":\"WebPage\",\"@id\":\"https:\/\/arbuti.com\/en\/balayagemuenchen\/\",\"url\":\"https:\/\/arbuti.com\/en\/balayagemuenchen\/\",\"name\":\"Balayage Blond oder Braun - Alles \u00fcber Balayage - ARBUTI Hair Salon\",\"isPartOf\":{\"@id\":\"https:\/\/arbuti.com\/fr\/#website\"},\"primaryImageOfPage\":{\"@id\":\"https:\/\/arbuti.com\/en\/balayagemuenchen\/#primaryimage\"},\"image\":{\"@id\":\"https:\/\/arbuti.com\/en\/balayagemuenchen\/#primaryimage\"},\"thumbnailUrl\":\"https:\/\/arbuti.com\/wp-content\/uploads\/2015\/02\/Friseur-Mu\u0308nchen.jpg\",\"datePublished\":\"2018-10-14T18:28:41+00:00\",\"dateModified\":\"2021-04-07T14:08:58+00:00\",\"description\":\"Blonde oder braune Balayage? Wir beantworten dir alle Balayage fragen! Arbuti Hair Salon ist spezialisiert auf Balayage. Welche Balayage passt zu dir?\",\"breadcrumb\":{\"@id\":\"https:\/\/arbuti.com\/en\/balayagemuenchen\/#breadcrumb\"},\"inLanguage\":\"pl-PL\",\"potentialAction\":[{\"@type\":\"ReadAction\",\"target\":[\"https:\/\/arbuti.com\/en\/balayagemuenchen\/\"]}]},{\"@type\":\"ImageObject\",\"inLanguage\":\"pl-PL\",\"@id\":\"https:\/\/arbuti.com\/en\/balayagemuenchen\/#primaryimage\",\"url\":\"https:\/\/arbuti.com\/wp-content\/uploads\/2015\/02\/Friseur-Mu\u0308nchen.jpg\",\"contentUrl\":\"https:\/\/arbuti.com\/wp-content\/uploads\/2015\/02\/Friseur-Mu\u0308nchen.jpg\",\"width\":1080,\"height\":1080,\"caption\":\"Arbuti Hair Salon, Friseur M\u00fcnchen\"},{\"@type\":\"BreadcrumbList\",\"@id\":\"https:\/\/arbuti.com\/en\/balayagemuenchen\/#breadcrumb\",\"itemListElement\":[{\"@type\":\"ListItem\",\"position\":1,\"name\":\"ARBUTI\",\"item\":\"https:\/\/arbuti.com\/\"},{\"@type\":\"ListItem\",\"position\":2,\"name\":\"Balayage\",\"item\":\"https:\/\/arbuti.com\/en\/balayage\/\"},{\"@type\":\"ListItem\",\"position\":3,\"name\":\"Balayage\"}]},{\"@type\":\"WebSite\",\"@id\":\"https:\/\/arbuti.com\/fr\/#website\",\"url\":\"https:\/\/arbuti.com\/fr\/\",\"name\":\"ARBUTI Hair Salon\",\"description\":\"Friseur M\u00fcnchen\",\"publisher\":{\"@id\":\"https:\/\/arbuti.com\/fr\/#organization\"},\"alternateName\":\"ARBUTI\",\"potentialAction\":[{\"@type\":\"SearchAction\",\"target\":{\"@type\":\"EntryPoint\",\"urlTemplate\":\"https:\/\/arbuti.com\/fr\/?s={search_term_string}\"},\"query-input\":{\"@type\":\"PropertyValueSpecification\",\"valueRequired\":true,\"valueName\":\"search_term_string\"}}],\"inLanguage\":\"pl-PL\"},{\"@type\":\"Organization\",\"@id\":\"https:\/\/arbuti.com\/fr\/#organization\",\"name\":\"ARBUTI Hair Salon\",\"alternateName\":\"ARBUTI\",\"url\":\"https:\/\/arbuti.com\/fr\/\",\"logo\":{\"@type\":\"ImageObject\",\"inLanguage\":\"pl-PL\",\"@id\":\"https:\/\/arbuti.com\/fr\/#\/schema\/logo\/image\/\",\"url\":\"https:\/\/arbuti.com\/wp-content\/uploads\/2020\/04\/cropped-Arbuti-Friseur-Muenchen.jpg\",\"contentUrl\":\"https:\/\/arbuti.com\/wp-content\/uploads\/2020\/04\/cropped-Arbuti-Friseur-Muenchen.jpg\",\"width\":512,\"height\":512,\"caption\":\"ARBUTI Hair Salon\"},\"image\":{\"@id\":\"https:\/\/arbuti.com\/fr\/#\/schema\/logo\/image\/\"},\"sameAs\":[\"https:\/\/www.facebook.com\/Arbutihairsalon\/\",\"https:\/\/www.instagram.com\/arbutihairsalon\/\",\"https:\/\/www.pinterest.de\/arbutihairsalon\/arbuti-hair-salon\/\"]},{\"@type\":\"Person\",\"@id\":\"https:\/\/arbuti.com\/fr\/#\/schema\/person\/d85bbf7b442ca0f812c3aa0ed9eece8f\",\"name\":\"admin\",\"image\":{\"@type\":\"ImageObject\",\"inLanguage\":\"pl-PL\",\"@id\":\"https:\/\/arbuti.com\/fr\/#\/schema\/person\/image\/\",\"url\":\"https:\/\/secure.gravatar.com\/avatar\/a5ca7376327017715559ffb9b376df51?s=96&d=mm&r=g\",\"contentUrl\":\"https:\/\/secure.gravatar.com\/avatar\/a5ca7376327017715559ffb9b376df51?s=96&d=mm&r=g\",\"caption\":\"admin\"}}]}<\/script>\n<!-- \/ Yoast SEO Premium plugin. -->","yoast_head_json":{"title":"Balayage Blond oder Braun - Alles \u00fcber Balayage - ARBUTI Hair Salon","description":"Blonde oder braune Balayage? Wir beantworten dir alle Balayage fragen! Arbuti Hair Salon ist spezialisiert auf Balayage. Welche Balayage passt zu dir?","robots":{"index":"index","follow":"follow","max-snippet":"max-snippet:-1","max-image-preview":"max-image-preview:large","max-video-preview":"max-video-preview:-1"},"canonical":"https:\/\/arbuti.com\/pl\/balayagemuenchen\/","og_locale":"pl_PL","og_type":"article","og_title":"Balayage","og_description":"Balayage in M\u00fcnchen Was ist der Balayage Effekt? Wir sprechen mit der Farbexpertin Ebru von Arbuti Hair Salon M\u00fcnchen, um alles zu erfahren, was Sie \u00fcber","og_url":"https:\/\/arbuti.com\/pl\/balayagemuenchen\/","og_site_name":"ARBUTI Hair Salon","article_publisher":"https:\/\/www.facebook.com\/Arbutihairsalon\/","article_published_time":"2018-10-14T18:28:41+00:00","article_modified_time":"2021-04-07T14:08:58+00:00","og_image":[{"width":1080,"height":1080,"url":"https:\/\/arbuti.com\/wp-content\/uploads\/2015\/02\/Friseur-Mu\u0308nchen.jpg","type":"image\/jpeg"}],"author":"admin","twitter_card":"summary_large_image","twitter_misc":{"Napisane przez":"admin","Szacowany czas czytania":"6 minut"},"schema":{"@context":"https:\/\/schema.org","@graph":[{"@type":"Article","@id":"https:\/\/arbuti.com\/en\/balayagemuenchen\/#article","isPartOf":{"@id":"https:\/\/arbuti.com\/en\/balayagemuenchen\/"},"author":{"name":"admin","@id":"https:\/\/arbuti.com\/fr\/#\/schema\/person\/d85bbf7b442ca0f812c3aa0ed9eece8f"},"headline":"Balayage","datePublished":"2018-10-14T18:28:41+00:00","dateModified":"2021-04-07T14:08:58+00:00","mainEntityOfPage":{"@id":"https:\/\/arbuti.com\/en\/balayagemuenchen\/"},"wordCount":1113,"publisher":{"@id":"https:\/\/arbuti.com\/fr\/#organization"},"image":{"@id":"https:\/\/arbuti.com\/en\/balayagemuenchen\/#primaryimage"},"thumbnailUrl":"https:\/\/arbuti.com\/wp-content\/uploads\/2015\/02\/Friseur-Mu\u0308nchen.jpg","keywords":["balayage","Balayage M\u00fcnchen","blond"],"articleSection":["Balayage","Balayage M\u00fcnchen","start"],"inLanguage":"pl-PL"},{"@type":"WebPage","@id":"https:\/\/arbuti.com\/en\/balayagemuenchen\/","url":"https:\/\/arbuti.com\/en\/balayagemuenchen\/","name":"Balayage Blond oder Braun - Alles \u00fcber Balayage - ARBUTI Hair Salon","isPartOf":{"@id":"https:\/\/arbuti.com\/fr\/#website"},"primaryImageOfPage":{"@id":"https:\/\/arbuti.com\/en\/balayagemuenchen\/#primaryimage"},"image":{"@id":"https:\/\/arbuti.com\/en\/balayagemuenchen\/#primaryimage"},"thumbnailUrl":"https:\/\/arbuti.com\/wp-content\/uploads\/2015\/02\/Friseur-Mu\u0308nchen.jpg","datePublished":"2018-10-14T18:28:41+00:00","dateModified":"2021-04-07T14:08:58+00:00","description":"Blonde oder braune Balayage? Wir beantworten dir alle Balayage fragen! Arbuti Hair Salon ist spezialisiert auf Balayage. Welche Balayage passt zu dir?","breadcrumb":{"@id":"https:\/\/arbuti.com\/en\/balayagemuenchen\/#breadcrumb"},"inLanguage":"pl-PL","potentialAction":[{"@type":"ReadAction","target":["https:\/\/arbuti.com\/en\/balayagemuenchen\/"]}]},{"@type":"ImageObject","inLanguage":"pl-PL","@id":"https:\/\/arbuti.com\/en\/balayagemuenchen\/#primaryimage","url":"https:\/\/arbuti.com\/wp-content\/uploads\/2015\/02\/Friseur-Mu\u0308nchen.jpg","contentUrl":"https:\/\/arbuti.com\/wp-content\/uploads\/2015\/02\/Friseur-Mu\u0308nchen.jpg","width":1080,"height":1080,"caption":"Arbuti Hair Salon, Friseur M\u00fcnchen"},{"@type":"BreadcrumbList","@id":"https:\/\/arbuti.com\/en\/balayagemuenchen\/#breadcrumb","itemListElement":[{"@type":"ListItem","position":1,"name":"ARBUTI","item":"https:\/\/arbuti.com\/"},{"@type":"ListItem","position":2,"name":"Balayage","item":"https:\/\/arbuti.com\/en\/balayage\/"},{"@type":"ListItem","position":3,"name":"Balayage"}]},{"@type":"WebSite","@id":"https:\/\/arbuti.com\/fr\/#website","url":"https:\/\/arbuti.com\/fr\/","name":"ARBUTI Hair Salon","description":"Friseur M\u00fcnchen","publisher":{"@id":"https:\/\/arbuti.com\/fr\/#organization"},"alternateName":"ARBUTI","potentialAction":[{"@type":"SearchAction","target":{"@type":"EntryPoint","urlTemplate":"https:\/\/arbuti.com\/fr\/?s={search_term_string}"},"query-input":{"@type":"PropertyValueSpecification","valueRequired":true,"valueName":"search_term_string"}}],"inLanguage":"pl-PL"},{"@type":"Organization","@id":"https:\/\/arbuti.com\/fr\/#organization","name":"ARBUTI Hair Salon","alternateName":"ARBUTI","url":"https:\/\/arbuti.com\/fr\/","logo":{"@type":"ImageObject","inLanguage":"pl-PL","@id":"https:\/\/arbuti.com\/fr\/#\/schema\/logo\/image\/","url":"https:\/\/arbuti.com\/wp-content\/uploads\/2020\/04\/cropped-Arbuti-Friseur-Muenchen.jpg","contentUrl":"https:\/\/arbuti.com\/wp-content\/uploads\/2020\/04\/cropped-Arbuti-Friseur-Muenchen.jpg","width":512,"height":512,"caption":"ARBUTI Hair Salon"},"image":{"@id":"https:\/\/arbuti.com\/fr\/#\/schema\/logo\/image\/"},"sameAs":["https:\/\/www.facebook.com\/Arbutihairsalon\/","https:\/\/www.instagram.com\/arbutihairsalon\/","https:\/\/www.pinterest.de\/arbutihairsalon\/arbuti-hair-salon\/"]},{"@type":"Person","@id":"https:\/\/arbuti.com\/fr\/#\/schema\/person\/d85bbf7b442ca0f812c3aa0ed9eece8f","name":"admin","image":{"@type":"ImageObject","inLanguage":"pl-PL","@id":"https:\/\/arbuti.com\/fr\/#\/schema\/person\/image\/","url":"https:\/\/secure.gravatar.com\/avatar\/a5ca7376327017715559ffb9b376df51?s=96&d=mm&r=g","contentUrl":"https:\/\/secure.gravatar.com\/avatar\/a5ca7376327017715559ffb9b376df51?s=96&d=mm&r=g","caption":"admin"}}]}},"uagb_featured_image_src":{"full":["https:\/\/arbuti.com\/wp-content\/uploads\/2015\/02\/Friseur-Mu\u0308nchen.jpg",1080,1080,false],"thumbnail":["https:\/\/arbuti.com\/wp-content\/uploads\/2015\/02\/Friseur-Mu\u0308nchen-150x150.jpg",150,150,true],"medium":["https:\/\/arbuti.com\/wp-content\/uploads\/2015\/02\/Friseur-Mu\u0308nchen-300x300.jpg",300,300,true],"medium_large":["https:\/\/arbuti.com\/wp-content\/uploads\/2015\/02\/Friseur-Mu\u0308nchen-768x768.jpg",768,768,true],"large":["https:\/\/arbuti.com\/wp-content\/uploads\/2015\/02\/Friseur-Mu\u0308nchen-1024x1024.jpg",1024,1024,true],"1536x1536":["https:\/\/arbuti.com\/wp-content\/uploads\/2015\/02\/Friseur-Mu\u0308nchen.jpg",1080,1080,false],"2048x2048":["https:\/\/arbuti.com\/wp-content\/uploads\/2015\/02\/Friseur-Mu\u0308nchen.jpg",1080,1080,false],"trp-custom-language-flag":["https:\/\/arbuti.com\/wp-content\/uploads\/2015\/02\/Friseur-Mu\u0308nchen.jpg",12,12,false],"wp_review_large":["https:\/\/arbuti.com\/wp-content\/uploads\/2015\/02\/Friseur-Mu\u0308nchen.jpg",200,200,false],"wp_review_small":["https:\/\/arbuti.com\/wp-content\/uploads\/2015\/02\/Friseur-Mu\u0308nchen.jpg",65,65,false]},"uagb_author_info":{"display_name":"admin","author_link":"https:\/\/arbuti.com\/pl\/author\/admin\/"},"uagb_comment_info":1,"uagb_excerpt":"Balayage in M\u00fcnchen Was ist der Balayage Effekt? Wir sprechen mit der Farbexpertin Ebru von Arbuti Hair Salon M\u00fcnchen, um [&hellip;]","_links":{"self":[{"href":"https:\/\/arbuti.com\/pl\/wp-json\/wp\/v2\/posts\/415","targetHints":{"allow":["GET"]}}],"collection":[{"href":"https:\/\/arbuti.com\/pl\/wp-json\/wp\/v2\/posts"}],"about":[{"href":"https:\/\/arbuti.com\/pl\/wp-json\/wp\/v2\/types\/post"}],"author":[{"embeddable":true,"href":"https:\/\/arbuti.com\/pl\/wp-json\/wp\/v2\/users\/1"}],"replies":[{"embeddable":true,"href":"https:\/\/arbuti.com\/pl\/wp-json\/wp\/v2\/comments?post=415"}],"version-history":[{"count":17,"href":"https:\/\/arbuti.com\/pl\/wp-json\/wp\/v2\/posts\/415\/revisions"}],"predecessor-version":[{"id":9107,"href":"https:\/\/arbuti.com\/pl\/wp-json\/wp\/v2\/posts\/415\/revisions\/9107"}],"wp:featuredmedia":[{"embeddable":true,"href":"https:\/\/arbuti.com\/pl\/wp-json\/wp\/v2\/media\/1193"}],"wp:attachment":[{"href":"https:\/\/arbuti.com\/pl\/wp-json\/wp\/v2\/media?parent=415"}],"wp:term":[{"taxonomy":"category","embeddable":true,"href":"https:\/\/arbuti.com\/pl\/wp-json\/wp\/v2\/categories?post=415"},{"taxonomy":"post_tag","embeddable":true,"href":"https:\/\/arbuti.com\/pl\/wp-json\/wp\/v2\/tags?post=415"}],"curies":[{"name":"wp","href":"https:\/\/api.w.org\/{rel}","templated":true}]}}