{"id":415,"date":"2018-10-14T18:28:41","date_gmt":"2018-10-14T18:28:41","guid":{"rendered":"http:\/\/muenchenfriseur.com_demos\/travel\/?p=415"},"modified":"2021-04-07T14:08:58","modified_gmt":"2021-04-07T14:08:58","slug":"balayagemuenchen","status":"publish","type":"post","link":"https:\/\/arbuti.com\/nb\/balayagemuenchen\/","title":{"rendered":"Balayage"},"content":{"rendered":"<h1 class=\"wp-block-heading\" id=\"h-balayage-in-m-nchen\">Balayage i M\u00fcnchen<\/h1>\n\n\n\n<figure class=\"wp-block-image size-large is-resized\"><img loading=\"lazy\" decoding=\"async\" src=\"https:\/\/arbuti.com\/wp-content\/uploads\/2015\/02\/Friseur-Mu\u0308nchen-1024x1024.jpg\" alt=\"Fris\u00f8r-M\u00fcnchen-Balayage\" class=\"wp-image-1193\" width=\"704\" height=\"704\" srcset=\"https:\/\/arbuti.com\/wp-content\/uploads\/2015\/02\/Friseur-Mu\u0308nchen-1024x1024.jpg 1024w, https:\/\/arbuti.com\/wp-content\/uploads\/2015\/02\/Friseur-Mu\u0308nchen-300x300.jpg 300w, https:\/\/arbuti.com\/wp-content\/uploads\/2015\/02\/Friseur-Mu\u0308nchen-100x100.jpg 100w, https:\/\/arbuti.com\/wp-content\/uploads\/2015\/02\/Friseur-Mu\u0308nchen-600x600.jpg 600w, https:\/\/arbuti.com\/wp-content\/uploads\/2015\/02\/Friseur-Mu\u0308nchen-150x150.jpg 150w, https:\/\/arbuti.com\/wp-content\/uploads\/2015\/02\/Friseur-Mu\u0308nchen-768x768.jpg 768w, https:\/\/arbuti.com\/wp-content\/uploads\/2015\/02\/Friseur-Mu\u0308nchen-66x66.jpg 66w, https:\/\/arbuti.com\/wp-content\/uploads\/2015\/02\/Friseur-Mu\u0308nchen-200x200.jpg 200w, https:\/\/arbuti.com\/wp-content\/uploads\/2015\/02\/Friseur-Mu\u0308nchen-400x400.jpg 400w, https:\/\/arbuti.com\/wp-content\/uploads\/2015\/02\/Friseur-Mu\u0308nchen-800x800.jpg 800w, https:\/\/arbuti.com\/wp-content\/uploads\/2015\/02\/Friseur-Mu\u0308nchen.jpg 1080w\" sizes=\"auto, (max-width: 704px) 100vw, 704px\" \/><\/figure>\n\n\n\n<h2 class=\"wp-block-heading\" id=\"h-was-ist-der-balayage-effekt\"><span style=\"color: #906d9c;\">Hva er balayage-effekten?<\/span><\/h2>\n\n\n\n<p>Vi har snakket med fargeekspert Ebru fra Arbuti Hair Salon M\u00fcnchen for \u00e5 finne ut alt du trenger \u00e5 vite om denne popul\u00e6re teknikken.<\/p>\n\n\n\n<h2 class=\"wp-block-heading\" id=\"h-was-ist-balayage\">Hva er balayage?<\/h2>\n\n\n\n<p>Balayage er en fransk fargeteknikk som ble utviklet p\u00e5 1970-tallet. Det er en frih\u00e5ndsteknikk der fargen p\u00e5f\u00f8res for h\u00e5nd i stedet for \u00e5 bruke de tradisjonelle teknikkene med markeringsfolier eller caps. Balayage kan ogs\u00e5 brukes p\u00e5 den korteste nissefrisyren. Det beste resultatet oppn\u00e5s imidlertid i h\u00e5r under skuldrene.<\/p>\n\n\n\n<h2 class=\"wp-block-heading\" id=\"h-wie-genau-wird-eine-balayage-aufgetragen\">N\u00f8yaktig hvordan p\u00e5f\u00f8res en balayage?<\/h2>\n\n\n\n<figure class=\"wp-block-image size-large is-resized\"><img loading=\"lazy\" decoding=\"async\" src=\"https:\/\/arbuti.com\/wp-content\/uploads\/2018\/10\/Balayage.jpg\" alt=\"Balayage\" class=\"wp-image-3617\" width=\"506\" height=\"662\" srcset=\"https:\/\/arbuti.com\/wp-content\/uploads\/2018\/10\/Balayage.jpg 563w, https:\/\/arbuti.com\/wp-content\/uploads\/2018\/10\/Balayage-229x300.jpg 229w, https:\/\/arbuti.com\/wp-content\/uploads\/2018\/10\/Balayage-200x261.jpg 200w, https:\/\/arbuti.com\/wp-content\/uploads\/2018\/10\/Balayage-400x523.jpg 400w\" sizes=\"auto, (max-width: 506px) 100vw, 506px\" \/><\/figure>\n\n\n\n<p>Prosessen varierer avhengig av h\u00e5rets lengde og \u00f8nsket resultat. Man m\u00e5 regne med at de enkelte h\u00e5rstr\u00e5ene farges med en b\u00f8rste og en base. Noen fargeleggere skiller gjerne h\u00e5rstr\u00e5ene fra hverandre med bomullsull eller folie, andre trekker f\u00f8rst h\u00e5ret opp i seksjoner og farger deretter endene p\u00e5 frih\u00e5nd.<\/p>\n\n\n\n<p>Jeg opplever at alle mine balayage-kunder har forskjellig utseende og m\u00e5 vedlikeholde det i forskjellig tempo. De trenger minst tre konsultasjoner for \u00e5 bygge opp fargen i begynnelsen. Disse timene er med seks ukers mellomrom. Deretter kan du g\u00e5 opptil fire m\u00e5neder uten ytterligere stress. Du trenger bare \u00e5 bestille \u00e9n toner og \u00e9n behandling for \u00e5 friske opp fargen mellom konsultasjonene.<\/p>\n\n\n\n<h2 class=\"wp-block-heading\" id=\"h-ist-balayage-f-r-mich-geeignet\"><span style=\"color: #a23ec9;\">Passer balayage for meg?<\/span><\/h2>\n\n\n\n<p>Balayage gj\u00f8res best p\u00e5 naturlig h\u00e5r, men slapp av, det meste av arbeidet jeg gj\u00f8r for \u00e5 skape en balayage-look, gj\u00f8res med folier f\u00f8rst, til h\u00e5ret bare er balayage. Det finnes mange ulike teknikker for \u00e5 skape denne looken. Hvis du opps\u00f8ker en fargespesialist, b\u00f8r de alltid kunne finne en teknikk som gir deg den looken du \u00f8nsker, og som passer best til din h\u00e5rtype og fargehistorikk.<\/p>\n\n\n\n<h2 class=\"wp-block-heading\" id=\"h-die-besten-frisuren-f-r-balayage\">De beste frisyrene for balayage<\/h2>\n\n\n\n<p>Jeg liker alltid \u00e5 se balayage sammen med l\u00f8se kr\u00f8ller eller en rufsete strandlook der du kan se fargevariasjonene i h\u00e5ret. Skarpe, dristige frisyrer som bobber krever en dristigere farge eller en blokkfarge for \u00e5 fremheve frisyren. Balayage egner seg best til mer flytende frisyrer.<\/p>\n\n\n\n<h2 class=\"wp-block-heading\" id=\"h-gibt-es-alternativen-zu-balayage\">Finnes det alternativer til balayage?<\/h2>\n\n\n\n<p>P\u00e5 Arbuti Hair Salon liker jeg \u00e5 bruke ulike folieringsteknikker for \u00e5 skape en strukturert, gradvis falmingseffekt. Jeg har laget flere b\u00e5ndstore fletter med en lysere farge p\u00e5 innsiden av h\u00e5ret, for s\u00e5 \u00e5 jobbe meg opp til dypere farger og mykere fletter opp mot h\u00e5rfestet og skilningen. Det er en veldig fin m\u00e5te \u00e5 skape variasjon i fargen p\u00e5, samtidig som man beholder en mer strukturert teknikk som kan brukes i mange forskjellige stiler.<\/p>\n\n\n\n<h2 class=\"wp-block-heading\" id=\"h-balayage-blond\">Balayage blond<\/h2>\n\n\n\n<figure class=\"wp-block-image size-large is-resized\"><img loading=\"lazy\" decoding=\"async\" src=\"https:\/\/arbuti.com\/wp-content\/uploads\/2020\/12\/Blonde-Balayage.jpg\" alt=\"Balayage-M\u00fcnchen\" class=\"wp-image-6280\" width=\"509\" height=\"679\" srcset=\"https:\/\/arbuti.com\/wp-content\/uploads\/2020\/12\/Blonde-Balayage.jpg 564w, https:\/\/arbuti.com\/wp-content\/uploads\/2020\/12\/Blonde-Balayage-225x300.jpg 225w, https:\/\/arbuti.com\/wp-content\/uploads\/2020\/12\/Blonde-Balayage-200x267.jpg 200w, https:\/\/arbuti.com\/wp-content\/uploads\/2020\/12\/Blonde-Balayage-400x533.jpg 400w\" sizes=\"auto, (max-width: 509px) 100vw, 509px\" \/><\/figure>\n\n\n\n<h3 class=\"wp-block-heading\" id=\"h-balayage-blond-im-arbuti-friseur-m-nchen\"><span style=\"color: #986d9e;\">Balayage Blond hos Arbuti fris\u00f8rer M\u00fcnchen<\/span><\/h3>\n\n\n\n<p>N\u00e5r en blond nyanse blandes med en brun eller en annen blond nyanse, f\u00e5r vi en dimensjonal h\u00e5rfarge med den dybden og dynamikken som alle er ute etter i moderne frisyrer. Hos Arbuti Hair Salon er vi eksperter p\u00e5 blond balayage.<\/p>\n\n\n\n<p>Sagen Sie, was Sie \u00fcber die Aufrechterhaltung der Glanzlichter wollen, aber es ist nur eine Kleinigkeit, mit einem frischen, neuen Blondton aus dem Salon zu gehen, der jeden Nachteil der Aufhellung Ihrer Haare zum Verschwinden bringt. Zum Gl\u00fcck f\u00fcr alle, die f\u00fcr immer nach der perfekten Farbe streben, minimiert die Go-to-Technik dieser Saison &#8211; Sie kennen sie als Balayage &#8211; die Gefahr, heller zu werden, und maximiert gleichzeitig die guten Schwingungen, die damit einhergehen.<br>Stylistin Ebru sagt uns, dass eine balayage Blondine sein bevorzugter Ansatz zum Hervorheben ist, weil sie so gestaltet ist, dass sie nat\u00fcrlich aussieht. &#8222;Die leichtesten Glanzlichter sind an den Wurzeln zart und werden zu den Enden hin allm\u00e4hlich dicker und ges\u00e4ttigter&#8220;, sagt sie. &#8222;Sie sollten sich am genauesten um den Heiligenschein des Gesichts konzentrieren und viel nat\u00fcrliche Grundfarbe durchschimmern, damit Sie die Dimension und den Kontrast erhalten, die <strong>Blond balayage<\/strong> Haare so wundersch\u00f6n machen.&#8220;<br>F\u00e5 fotografisk bevis p\u00e5 forh\u00e5nd p\u00e5 at blond balayage dominerer h\u00e5rtrendene, og f\u00e5 idiotsikre tips om hvordan du kan be om det ved neste fris\u00f8rbes\u00f8k. M\u00e5tte l\u00f8ftet om lyst, solfylt blondt h\u00e5r \u00f8yeblikkelig l\u00f8fte hum\u00f8ret ditt denne sesongen.<\/p>\n\n\n\n<h2 class=\"wp-block-heading\" id=\"h-balayage-braun\"><span style=\"color: #ab9372;\">Balayage brun<\/span><\/h2>\n\n\n\n<p><em>Balayage for m\u00f8rkt h\u00e5r eller m\u00f8rkebrunt h\u00e5r.<\/em><\/p>\n\n\n\n<p>Brun balayage er en vakker h\u00e5rfargeteknikk som er forsiktig lagdelt i lyse og naturlige brunettefarger, vanligvis i en m\u00f8rkere base, for en uanstrengt, solkysset look.<\/p>\n\n\n\n<p>En fantastisk egenskap ved denne trendy markeringsteknikken er at den gir et kontrastfylt utseende som p\u00e5 en vakker m\u00e5te skaper en flerdimensjonal look!<\/p>\n\n\n\n<p>Balayage betyr selvf\u00f8lgelig ogs\u00e5 mindre vedlikehold og enkel styling. (Det er sk\u00e5nsomt for b\u00e5de \ud83d\udcb0 og \u23f0).<\/p>\n\n\n\n<p>En annen grunn til \u00e5 forelske seg i denne fargetrenden er at h\u00e5rets tekstur ser klarere og bedre ut i naturlig, sterkt lys. Style h\u00e5ret med b\u00f8lger eller kr\u00f8ller for en vakker, volumin\u00f8s blanding, eller med rett h\u00e5r for en myk fargeovergang.<\/p>\n\n\n\n<p>Ta en titt p\u00e5 Instagram-siden v\u00e5r og se mange av v\u00e5re blonde eller brune balayage-resultater.<\/p>\n\n\n\n<p><a href=\"https:\/\/www.instagram.com\/arbutihairsalon\/\"><span style=\"color: #2f9999;\">ARBUTI Fris\u00f8rsalong Instagram<\/span><\/a><\/p>\n\n\n\n<p>H\u00e5r og farge til \u00e5 bli forelsket i! En av disse h\u00e5rfargene, takk! Teamet v\u00e5rt p\u00e5 Arbuti Hair Salon Munich gjorde det bra igjen \ud83d\ude42 Se flere av v\u00e5re flotte balayage-resultater p\u00e5 <a href=\"https:\/\/www.instagram.com\/arbutihairsalon\/\">INSTAGRAM <\/a><\/p>\n\n\n\n<h2 class=\"wp-block-heading\" id=\"h-faq-fragen-und-antworten\">FAQ &#8211; Fragen und Antworten<\/h2>\n\n\n\t\t<section\t\tclass=\"sc_fs_faq sc_card\"\n\t\t\t\t>\n\t\t\t\t<h3>Hva er en balayage?<\/h3>\t\t\t\t<div>\n\t\t\t\t\t\t<div class=\"sc_fs_faq__content\">\n\t\t\t\t\n\n<p class=\"has-large-font-size\">Ausgesprochen BAH-LEE-AHGE, ist Balayage eigentlich ein franz\u00f6sisches Wort, das &#8211; Kehren &#8211; bedeutet, um mit einem Haaraufheller Glanzlichter zu setzen. Balayage ist die Technik, bei der mit der Hand Glanzlichter auf das Haar gemalt werden, um eine weiche und nat\u00fcrliche Helligkeitsabstufung zu den Enden hin zu erzielen. Mach bei uns dein Termin Online aus!<\/p>\n\n\t\t\t<\/div>\n\t\t<\/div>\n\t\t<\/section>\n\t\t\t\t<section\t\tclass=\"sc_fs_faq sc_card\"\n\t\t\t\t>\n\t\t\t\t<h3>Er balayage og ombre det samme?<\/h3>\t\t\t\t<div>\n\t\t\t\t\t\t<div class=\"sc_fs_faq__content\">\n\t\t\t\t\n\n<p class=\"has-large-font-size\">Kort sagt, ombre er mer en stil. Balayage er en teknikk. I begge tilfeller er vedlikeholdsrutinene relativt enkle, ettersom plasseringen av h\u00e5rfargen ikke er streng, men gradvis (for ombre) eller sveipende (for balayage). Regelmessige foliestr\u00e5ler, for eksempel, krever mer regelmessige salongbes\u00f8k. Arbuti Salon har spesialisert seg p\u00e5 balayage.<\/p>\n\n\t\t\t<\/div>\n\t\t<\/div>\n\t\t<\/section>\n\t\t\t\t<section\t\tclass=\"sc_fs_faq sc_card\"\n\t\t\t\t>\n\t\t\t\t<h3>Er balayage skadelig for h\u00e5ret?<\/h3>\t\t\t\t<div>\n\t\t\t\t\t\t<div class=\"sc_fs_faq__content\">\n\t\t\t\t\n\n<p class=\"has-large-font-size\">Er balayage skadelig for h\u00e5ret, eller finnes det m\u00e5ter \u00e5 oppn\u00e5 dette p\u00e5 uten \u00e5 steke h\u00e5ret? Ja, absolutt. Det er ikke skadelig i det hele tatt, og det b\u00f8r det heller ikke v\u00e6re. Hele prosessen kan gj\u00f8res uten ammoniakk, s\u00e5 det er ikke mer skadelig enn noen annen farge eller prosess.<\/p>\n\n\t\t\t<\/div>\n\t\t<\/div>\n\t\t<\/section>\n\t\t\t\t<section\t\tclass=\"sc_fs_faq sc_card\"\n\t\t\t\t>\n\t\t\t\t<h3>Hva koster balayage?<\/h3>\t\t\t\t<div>\n\t\t\t\t\t\t<div class=\"sc_fs_faq__content\">\n\t\t\t\t\n\n<p class=\"has-large-font-size\">Balayage er en av de dyreste formene for h\u00e5rfarging fordi den er s\u00e5 tidkrevende \u00e5 utf\u00f8re. Mens highlighting kanskje bare koster 100 euro, m\u00e5 du regne med \u00e5 betale i gjennomsnitt 200 euro for balayage.<\/p>\n\n\t\t\t<\/div>\n\t\t<\/div>\n\t\t<\/section>\n\t\t\n<script type=\"application\/ld+json\">{\n    \"@context\": \"https:\\\/\\\/schema.org\",\n    \"@type\": \"FAQPage\",\n    \"mainEntity\": [\n        {\n            \"@type\": \"Question\",\n            \"name\": \"Was ist eine Balayage?\",\n            \"acceptedAnswer\": {\n                \"@type\": \"Answer\",\n                \"text\": \"<p>Ausgesprochen BAH-LEE-AHGE, ist Balayage eigentlich ein franz\\u00f6sisches Wort, das - Kehren - bedeutet, um mit einem Haaraufheller Glanzlichter zu setzen. Balayage ist die Technik, bei der mit der Hand Glanzlichter auf das Haar gemalt werden, um eine weiche und nat\\u00fcrliche Helligkeitsabstufung zu den Enden hin zu erzielen. Mach bei uns dein Termin Online aus!<\\\/p>\"\n            }\n        },\n        {\n            \"@type\": \"Question\",\n            \"name\": \"Ist Balayage und Ombre dasselbe?\",\n            \"acceptedAnswer\": {\n                \"@type\": \"Answer\",\n                \"text\": \"<p>Kurz gesagt, Ombre ist eher ein Stil. Balayage ist eine Technik. Beide f\\u00fchren zu einer ziemlich wartungsarmen Routine, da die Platzierung der Haarfarbe nicht streng ist, sondern schrittweise (f\\u00fcr Ombre) oder kehrend (f\\u00fcr Balayage) erfolgt. Regelm\\u00e4\\u00dfige Folienhighlights erfordern beispielsweise regelm\\u00e4\\u00dfigere Besuche im Salon. Arbuti Salon ist spezialisiert auf Balayage.<\\\/p>\"\n            }\n        },\n        {\n            \"@type\": \"Question\",\n            \"name\": \"Ist Balayage schlecht f\\u00fcr dein Haar?\",\n            \"acceptedAnswer\": {\n                \"@type\": \"Answer\",\n                \"text\": \"<p>Ist Balayage sch\\u00e4dlich f\\u00fcr Ihr Haar oder gibt es M\\u00f6glichkeiten, dies zu erreichen, ohne Ihr Haar zu braten? Absolut. Es ist \\u00fcberhaupt nicht sch\\u00e4dlich und sollte es auch nicht sein. Der gesamte Prozess kann ohne Ammoniak durchgef\\u00fchrt werden, daher ist er nicht sch\\u00e4dlicher als jede andere Farbe oder jeder andere Prozess.<\\\/p>\"\n            }\n        },\n        {\n            \"@type\": \"Question\",\n            \"name\": \"Was kostet Balayage\",\n            \"acceptedAnswer\": {\n                \"@type\": \"Answer\",\n                \"text\": \"<p>Balayage ist eine der teuersten Formen der Haarf\\u00e4rbung, weil es so zeitaufwendig ist, es zu vervollst\\u00e4ndigen. W\\u00e4hrend das Hervorheben m\\u00f6glicherweise nur 100 Euro kostet, m\\u00fcssen Sie mit durchschnittlich 200 Euro f\\u00fcr Balayage rechnen.<\\\/p>\"\n            }\n        }\n    ]\n}<\/script>","protected":false},"excerpt":{"rendered":"<p>Balayage in M\u00fcnchen Was ist der Balayage Effekt? Wir sprechen mit der Farbexpertin Ebru von Arbuti Hair Salon M\u00fcnchen, um [&hellip;]<\/p>","protected":false},"author":1,"featured_media":1193,"comment_status":"closed","ping_status":"open","sticky":false,"template":"","format":"standard","meta":{"ub_ctt_via":"","_uag_custom_page_level_css":"","site-sidebar-layout":"right-sidebar","site-content-layout":"default","ast-site-content-layout":"","site-content-style":"default","site-sidebar-style":"default","ast-global-header-display":"","ast-banner-title-visibility":"","ast-main-header-display":"","ast-hfb-above-header-display":"","ast-hfb-below-header-display":"","ast-hfb-mobile-header-display":"","site-post-title":"","ast-breadcrumbs-content":"","ast-featured-img":"","footer-sml-layout":"","theme-transparent-header-meta":"default","adv-header-id-meta":"","stick-header-meta":"default","header-above-stick-meta":"","header-main-stick-meta":"","header-below-stick-meta":"","astra-migrate-meta-layouts":"default","ast-page-background-enabled":"default","ast-page-background-meta":{"desktop":{"background-color":"","background-image":"","background-repeat":"repeat","background-position":"center center","background-size":"auto","background-attachment":"scroll","background-type":"","background-media":"","overlay-type":"","overlay-color":"","overlay-opacity":"","overlay-gradient":""},"tablet":{"background-color":"","background-image":"","background-repeat":"repeat","background-position":"center center","background-size":"auto","background-attachment":"scroll","background-type":"","background-media":"","overlay-type":"","overlay-color":"","overlay-opacity":"","overlay-gradient":""},"mobile":{"background-color":"","background-image":"","background-repeat":"repeat","background-position":"center center","background-size":"auto","background-attachment":"scroll","background-type":"","background-media":"","overlay-type":"","overlay-color":"","overlay-opacity":"","overlay-gradient":""}},"ast-content-background-meta":{"desktop":{"background-color":"var(--ast-global-color-5)","background-image":"","background-repeat":"repeat","background-position":"center center","background-size":"auto","background-attachment":"scroll","background-type":"","background-media":"","overlay-type":"","overlay-color":"","overlay-opacity":"","overlay-gradient":""},"tablet":{"background-color":"var(--ast-global-color-5)","background-image":"","background-repeat":"repeat","background-position":"center center","background-size":"auto","background-attachment":"scroll","background-type":"","background-media":"","overlay-type":"","overlay-color":"","overlay-opacity":"","overlay-gradient":""},"mobile":{"background-color":"var(--ast-global-color-5)","background-image":"","background-repeat":"repeat","background-position":"center center","background-size":"auto","background-attachment":"scroll","background-type":"","background-media":"","overlay-type":"","overlay-color":"","overlay-opacity":"","overlay-gradient":""}},"footnotes":""},"categories":[33,206,173],"tags":[43,4611,50],"class_list":["post-415","post","type-post","status-publish","format-standard","has-post-thumbnail","hentry","category-balayage","category-balayage-muenchen","category-start","tag-balayage","tag-balayage-muenchen","tag-blond"],"featured_image_src":"https:\/\/arbuti.com\/wp-content\/uploads\/2015\/02\/Friseur-Mu\u0308nchen.jpg","author_info":{"display_name":"admin","author_link":"https:\/\/arbuti.com\/nb\/author\/admin\/"},"yoast_head":"<!-- This site is optimized with the Yoast SEO Premium plugin v25.3 (Yoast SEO v25.3) - https:\/\/yoast.com\/wordpress\/plugins\/seo\/ -->\n<title>Balayage Blond oder Braun - Alles \u00fcber Balayage - ARBUTI Hair Salon<\/title>\n<meta name=\"description\" content=\"Blonde oder braune Balayage? Wir beantworten dir alle Balayage fragen! Arbuti Hair Salon ist spezialisiert auf Balayage. Welche Balayage passt zu dir?\" \/>\n<meta name=\"robots\" content=\"index, follow, max-snippet:-1, max-image-preview:large, max-video-preview:-1\" \/>\n<link rel=\"canonical\" href=\"https:\/\/arbuti.com\/nb\/balayagemuenchen\/\" \/>\n<meta property=\"og:locale\" content=\"nb_NO\" \/>\n<meta property=\"og:type\" content=\"article\" \/>\n<meta property=\"og:title\" content=\"Balayage\" \/>\n<meta property=\"og:description\" content=\"Balayage in M\u00fcnchen Was ist der Balayage Effekt? Wir sprechen mit der Farbexpertin Ebru von Arbuti Hair Salon M\u00fcnchen, um alles zu erfahren, was Sie \u00fcber\" \/>\n<meta property=\"og:url\" content=\"https:\/\/arbuti.com\/nb\/balayagemuenchen\/\" \/>\n<meta property=\"og:site_name\" content=\"ARBUTI Hair Salon\" \/>\n<meta property=\"article:publisher\" content=\"https:\/\/www.facebook.com\/Arbutihairsalon\/\" \/>\n<meta property=\"article:published_time\" content=\"2018-10-14T18:28:41+00:00\" \/>\n<meta property=\"article:modified_time\" content=\"2021-04-07T14:08:58+00:00\" \/>\n<meta property=\"og:image\" content=\"https:\/\/arbuti.com\/wp-content\/uploads\/2015\/02\/Friseur-Mu\u0308nchen.jpg\" \/>\n\t<meta property=\"og:image:width\" content=\"1080\" \/>\n\t<meta property=\"og:image:height\" content=\"1080\" \/>\n\t<meta property=\"og:image:type\" content=\"image\/jpeg\" \/>\n<meta name=\"author\" content=\"admin\" \/>\n<meta name=\"twitter:card\" content=\"summary_large_image\" \/>\n<meta name=\"twitter:label1\" content=\"Skrevet av\" \/>\n\t<meta name=\"twitter:data1\" content=\"admin\" \/>\n\t<meta name=\"twitter:label2\" content=\"Ansl. lesetid\" \/>\n\t<meta name=\"twitter:data2\" content=\"6 minutter\" \/>\n<script type=\"application\/ld+json\" class=\"yoast-schema-graph\">{\"@context\":\"https:\/\/schema.org\",\"@graph\":[{\"@type\":\"Article\",\"@id\":\"https:\/\/arbuti.com\/en\/balayagemuenchen\/#article\",\"isPartOf\":{\"@id\":\"https:\/\/arbuti.com\/en\/balayagemuenchen\/\"},\"author\":{\"name\":\"admin\",\"@id\":\"https:\/\/arbuti.com\/fr\/#\/schema\/person\/d85bbf7b442ca0f812c3aa0ed9eece8f\"},\"headline\":\"Balayage\",\"datePublished\":\"2018-10-14T18:28:41+00:00\",\"dateModified\":\"2021-04-07T14:08:58+00:00\",\"mainEntityOfPage\":{\"@id\":\"https:\/\/arbuti.com\/en\/balayagemuenchen\/\"},\"wordCount\":1113,\"publisher\":{\"@id\":\"https:\/\/arbuti.com\/fr\/#organization\"},\"image\":{\"@id\":\"https:\/\/arbuti.com\/en\/balayagemuenchen\/#primaryimage\"},\"thumbnailUrl\":\"https:\/\/arbuti.com\/wp-content\/uploads\/2015\/02\/Friseur-Mu\u0308nchen.jpg\",\"keywords\":[\"balayage\",\"Balayage M\u00fcnchen\",\"blond\"],\"articleSection\":[\"Balayage\",\"Balayage M\u00fcnchen\",\"start\"],\"inLanguage\":\"nb-NO\"},{\"@type\":\"WebPage\",\"@id\":\"https:\/\/arbuti.com\/en\/balayagemuenchen\/\",\"url\":\"https:\/\/arbuti.com\/en\/balayagemuenchen\/\",\"name\":\"Balayage Blond oder Braun - Alles \u00fcber Balayage - ARBUTI Hair Salon\",\"isPartOf\":{\"@id\":\"https:\/\/arbuti.com\/fr\/#website\"},\"primaryImageOfPage\":{\"@id\":\"https:\/\/arbuti.com\/en\/balayagemuenchen\/#primaryimage\"},\"image\":{\"@id\":\"https:\/\/arbuti.com\/en\/balayagemuenchen\/#primaryimage\"},\"thumbnailUrl\":\"https:\/\/arbuti.com\/wp-content\/uploads\/2015\/02\/Friseur-Mu\u0308nchen.jpg\",\"datePublished\":\"2018-10-14T18:28:41+00:00\",\"dateModified\":\"2021-04-07T14:08:58+00:00\",\"description\":\"Blonde oder braune Balayage? Wir beantworten dir alle Balayage fragen! Arbuti Hair Salon ist spezialisiert auf Balayage. Welche Balayage passt zu dir?\",\"breadcrumb\":{\"@id\":\"https:\/\/arbuti.com\/en\/balayagemuenchen\/#breadcrumb\"},\"inLanguage\":\"nb-NO\",\"potentialAction\":[{\"@type\":\"ReadAction\",\"target\":[\"https:\/\/arbuti.com\/en\/balayagemuenchen\/\"]}]},{\"@type\":\"ImageObject\",\"inLanguage\":\"nb-NO\",\"@id\":\"https:\/\/arbuti.com\/en\/balayagemuenchen\/#primaryimage\",\"url\":\"https:\/\/arbuti.com\/wp-content\/uploads\/2015\/02\/Friseur-Mu\u0308nchen.jpg\",\"contentUrl\":\"https:\/\/arbuti.com\/wp-content\/uploads\/2015\/02\/Friseur-Mu\u0308nchen.jpg\",\"width\":1080,\"height\":1080,\"caption\":\"Arbuti Hair Salon, Friseur M\u00fcnchen\"},{\"@type\":\"BreadcrumbList\",\"@id\":\"https:\/\/arbuti.com\/en\/balayagemuenchen\/#breadcrumb\",\"itemListElement\":[{\"@type\":\"ListItem\",\"position\":1,\"name\":\"ARBUTI\",\"item\":\"https:\/\/arbuti.com\/\"},{\"@type\":\"ListItem\",\"position\":2,\"name\":\"Balayage\",\"item\":\"https:\/\/arbuti.com\/en\/balayage\/\"},{\"@type\":\"ListItem\",\"position\":3,\"name\":\"Balayage\"}]},{\"@type\":\"WebSite\",\"@id\":\"https:\/\/arbuti.com\/fr\/#website\",\"url\":\"https:\/\/arbuti.com\/fr\/\",\"name\":\"ARBUTI Hair Salon\",\"description\":\"Friseur M\u00fcnchen\",\"publisher\":{\"@id\":\"https:\/\/arbuti.com\/fr\/#organization\"},\"alternateName\":\"ARBUTI\",\"potentialAction\":[{\"@type\":\"SearchAction\",\"target\":{\"@type\":\"EntryPoint\",\"urlTemplate\":\"https:\/\/arbuti.com\/fr\/?s={search_term_string}\"},\"query-input\":{\"@type\":\"PropertyValueSpecification\",\"valueRequired\":true,\"valueName\":\"search_term_string\"}}],\"inLanguage\":\"nb-NO\"},{\"@type\":\"Organization\",\"@id\":\"https:\/\/arbuti.com\/fr\/#organization\",\"name\":\"ARBUTI Hair Salon\",\"alternateName\":\"ARBUTI\",\"url\":\"https:\/\/arbuti.com\/fr\/\",\"logo\":{\"@type\":\"ImageObject\",\"inLanguage\":\"nb-NO\",\"@id\":\"https:\/\/arbuti.com\/fr\/#\/schema\/logo\/image\/\",\"url\":\"https:\/\/arbuti.com\/wp-content\/uploads\/2020\/04\/cropped-Arbuti-Friseur-Muenchen.jpg\",\"contentUrl\":\"https:\/\/arbuti.com\/wp-content\/uploads\/2020\/04\/cropped-Arbuti-Friseur-Muenchen.jpg\",\"width\":512,\"height\":512,\"caption\":\"ARBUTI Hair Salon\"},\"image\":{\"@id\":\"https:\/\/arbuti.com\/fr\/#\/schema\/logo\/image\/\"},\"sameAs\":[\"https:\/\/www.facebook.com\/Arbutihairsalon\/\",\"https:\/\/www.instagram.com\/arbutihairsalon\/\",\"https:\/\/www.pinterest.de\/arbutihairsalon\/arbuti-hair-salon\/\"]},{\"@type\":\"Person\",\"@id\":\"https:\/\/arbuti.com\/fr\/#\/schema\/person\/d85bbf7b442ca0f812c3aa0ed9eece8f\",\"name\":\"admin\",\"image\":{\"@type\":\"ImageObject\",\"inLanguage\":\"nb-NO\",\"@id\":\"https:\/\/arbuti.com\/fr\/#\/schema\/person\/image\/\",\"url\":\"https:\/\/secure.gravatar.com\/avatar\/a5ca7376327017715559ffb9b376df51?s=96&d=mm&r=g\",\"contentUrl\":\"https:\/\/secure.gravatar.com\/avatar\/a5ca7376327017715559ffb9b376df51?s=96&d=mm&r=g\",\"caption\":\"admin\"}}]}<\/script>\n<!-- \/ Yoast SEO Premium plugin. -->","yoast_head_json":{"title":"Balayage Blond oder Braun - Alles \u00fcber Balayage - ARBUTI Hair Salon","description":"Blonde oder braune Balayage? Wir beantworten dir alle Balayage fragen! Arbuti Hair Salon ist spezialisiert auf Balayage. Welche Balayage passt zu dir?","robots":{"index":"index","follow":"follow","max-snippet":"max-snippet:-1","max-image-preview":"max-image-preview:large","max-video-preview":"max-video-preview:-1"},"canonical":"https:\/\/arbuti.com\/nb\/balayagemuenchen\/","og_locale":"nb_NO","og_type":"article","og_title":"Balayage","og_description":"Balayage in M\u00fcnchen Was ist der Balayage Effekt? Wir sprechen mit der Farbexpertin Ebru von Arbuti Hair Salon M\u00fcnchen, um alles zu erfahren, was Sie \u00fcber","og_url":"https:\/\/arbuti.com\/nb\/balayagemuenchen\/","og_site_name":"ARBUTI Hair Salon","article_publisher":"https:\/\/www.facebook.com\/Arbutihairsalon\/","article_published_time":"2018-10-14T18:28:41+00:00","article_modified_time":"2021-04-07T14:08:58+00:00","og_image":[{"width":1080,"height":1080,"url":"https:\/\/arbuti.com\/wp-content\/uploads\/2015\/02\/Friseur-Mu\u0308nchen.jpg","type":"image\/jpeg"}],"author":"admin","twitter_card":"summary_large_image","twitter_misc":{"Skrevet av":"admin","Ansl. lesetid":"6 minutter"},"schema":{"@context":"https:\/\/schema.org","@graph":[{"@type":"Article","@id":"https:\/\/arbuti.com\/en\/balayagemuenchen\/#article","isPartOf":{"@id":"https:\/\/arbuti.com\/en\/balayagemuenchen\/"},"author":{"name":"admin","@id":"https:\/\/arbuti.com\/fr\/#\/schema\/person\/d85bbf7b442ca0f812c3aa0ed9eece8f"},"headline":"Balayage","datePublished":"2018-10-14T18:28:41+00:00","dateModified":"2021-04-07T14:08:58+00:00","mainEntityOfPage":{"@id":"https:\/\/arbuti.com\/en\/balayagemuenchen\/"},"wordCount":1113,"publisher":{"@id":"https:\/\/arbuti.com\/fr\/#organization"},"image":{"@id":"https:\/\/arbuti.com\/en\/balayagemuenchen\/#primaryimage"},"thumbnailUrl":"https:\/\/arbuti.com\/wp-content\/uploads\/2015\/02\/Friseur-Mu\u0308nchen.jpg","keywords":["balayage","Balayage M\u00fcnchen","blond"],"articleSection":["Balayage","Balayage M\u00fcnchen","start"],"inLanguage":"nb-NO"},{"@type":"WebPage","@id":"https:\/\/arbuti.com\/en\/balayagemuenchen\/","url":"https:\/\/arbuti.com\/en\/balayagemuenchen\/","name":"Balayage Blond oder Braun - Alles \u00fcber Balayage - ARBUTI Hair Salon","isPartOf":{"@id":"https:\/\/arbuti.com\/fr\/#website"},"primaryImageOfPage":{"@id":"https:\/\/arbuti.com\/en\/balayagemuenchen\/#primaryimage"},"image":{"@id":"https:\/\/arbuti.com\/en\/balayagemuenchen\/#primaryimage"},"thumbnailUrl":"https:\/\/arbuti.com\/wp-content\/uploads\/2015\/02\/Friseur-Mu\u0308nchen.jpg","datePublished":"2018-10-14T18:28:41+00:00","dateModified":"2021-04-07T14:08:58+00:00","description":"Blonde oder braune Balayage? Wir beantworten dir alle Balayage fragen! Arbuti Hair Salon ist spezialisiert auf Balayage. Welche Balayage passt zu dir?","breadcrumb":{"@id":"https:\/\/arbuti.com\/en\/balayagemuenchen\/#breadcrumb"},"inLanguage":"nb-NO","potentialAction":[{"@type":"ReadAction","target":["https:\/\/arbuti.com\/en\/balayagemuenchen\/"]}]},{"@type":"ImageObject","inLanguage":"nb-NO","@id":"https:\/\/arbuti.com\/en\/balayagemuenchen\/#primaryimage","url":"https:\/\/arbuti.com\/wp-content\/uploads\/2015\/02\/Friseur-Mu\u0308nchen.jpg","contentUrl":"https:\/\/arbuti.com\/wp-content\/uploads\/2015\/02\/Friseur-Mu\u0308nchen.jpg","width":1080,"height":1080,"caption":"Arbuti Hair Salon, Friseur M\u00fcnchen"},{"@type":"BreadcrumbList","@id":"https:\/\/arbuti.com\/en\/balayagemuenchen\/#breadcrumb","itemListElement":[{"@type":"ListItem","position":1,"name":"ARBUTI","item":"https:\/\/arbuti.com\/"},{"@type":"ListItem","position":2,"name":"Balayage","item":"https:\/\/arbuti.com\/en\/balayage\/"},{"@type":"ListItem","position":3,"name":"Balayage"}]},{"@type":"WebSite","@id":"https:\/\/arbuti.com\/fr\/#website","url":"https:\/\/arbuti.com\/fr\/","name":"ARBUTI Hair Salon","description":"Friseur M\u00fcnchen","publisher":{"@id":"https:\/\/arbuti.com\/fr\/#organization"},"alternateName":"ARBUTI","potentialAction":[{"@type":"SearchAction","target":{"@type":"EntryPoint","urlTemplate":"https:\/\/arbuti.com\/fr\/?s={search_term_string}"},"query-input":{"@type":"PropertyValueSpecification","valueRequired":true,"valueName":"search_term_string"}}],"inLanguage":"nb-NO"},{"@type":"Organization","@id":"https:\/\/arbuti.com\/fr\/#organization","name":"ARBUTI Hair Salon","alternateName":"ARBUTI","url":"https:\/\/arbuti.com\/fr\/","logo":{"@type":"ImageObject","inLanguage":"nb-NO","@id":"https:\/\/arbuti.com\/fr\/#\/schema\/logo\/image\/","url":"https:\/\/arbuti.com\/wp-content\/uploads\/2020\/04\/cropped-Arbuti-Friseur-Muenchen.jpg","contentUrl":"https:\/\/arbuti.com\/wp-content\/uploads\/2020\/04\/cropped-Arbuti-Friseur-Muenchen.jpg","width":512,"height":512,"caption":"ARBUTI Hair Salon"},"image":{"@id":"https:\/\/arbuti.com\/fr\/#\/schema\/logo\/image\/"},"sameAs":["https:\/\/www.facebook.com\/Arbutihairsalon\/","https:\/\/www.instagram.com\/arbutihairsalon\/","https:\/\/www.pinterest.de\/arbutihairsalon\/arbuti-hair-salon\/"]},{"@type":"Person","@id":"https:\/\/arbuti.com\/fr\/#\/schema\/person\/d85bbf7b442ca0f812c3aa0ed9eece8f","name":"admin","image":{"@type":"ImageObject","inLanguage":"nb-NO","@id":"https:\/\/arbuti.com\/fr\/#\/schema\/person\/image\/","url":"https:\/\/secure.gravatar.com\/avatar\/a5ca7376327017715559ffb9b376df51?s=96&d=mm&r=g","contentUrl":"https:\/\/secure.gravatar.com\/avatar\/a5ca7376327017715559ffb9b376df51?s=96&d=mm&r=g","caption":"admin"}}]}},"uagb_featured_image_src":{"full":["https:\/\/arbuti.com\/wp-content\/uploads\/2015\/02\/Friseur-Mu\u0308nchen.jpg",1080,1080,false],"thumbnail":["https:\/\/arbuti.com\/wp-content\/uploads\/2015\/02\/Friseur-Mu\u0308nchen-150x150.jpg",150,150,true],"medium":["https:\/\/arbuti.com\/wp-content\/uploads\/2015\/02\/Friseur-Mu\u0308nchen-300x300.jpg",300,300,true],"medium_large":["https:\/\/arbuti.com\/wp-content\/uploads\/2015\/02\/Friseur-Mu\u0308nchen-768x768.jpg",768,768,true],"large":["https:\/\/arbuti.com\/wp-content\/uploads\/2015\/02\/Friseur-Mu\u0308nchen-1024x1024.jpg",1024,1024,true],"1536x1536":["https:\/\/arbuti.com\/wp-content\/uploads\/2015\/02\/Friseur-Mu\u0308nchen.jpg",1080,1080,false],"2048x2048":["https:\/\/arbuti.com\/wp-content\/uploads\/2015\/02\/Friseur-Mu\u0308nchen.jpg",1080,1080,false],"trp-custom-language-flag":["https:\/\/arbuti.com\/wp-content\/uploads\/2015\/02\/Friseur-Mu\u0308nchen.jpg",12,12,false],"wp_review_large":["https:\/\/arbuti.com\/wp-content\/uploads\/2015\/02\/Friseur-Mu\u0308nchen.jpg",200,200,false],"wp_review_small":["https:\/\/arbuti.com\/wp-content\/uploads\/2015\/02\/Friseur-Mu\u0308nchen.jpg",65,65,false]},"uagb_author_info":{"display_name":"admin","author_link":"https:\/\/arbuti.com\/nb\/author\/admin\/"},"uagb_comment_info":1,"uagb_excerpt":"Balayage in M\u00fcnchen Was ist der Balayage Effekt? Wir sprechen mit der Farbexpertin Ebru von Arbuti Hair Salon M\u00fcnchen, um [&hellip;]","_links":{"self":[{"href":"https:\/\/arbuti.com\/nb\/wp-json\/wp\/v2\/posts\/415","targetHints":{"allow":["GET"]}}],"collection":[{"href":"https:\/\/arbuti.com\/nb\/wp-json\/wp\/v2\/posts"}],"about":[{"href":"https:\/\/arbuti.com\/nb\/wp-json\/wp\/v2\/types\/post"}],"author":[{"embeddable":true,"href":"https:\/\/arbuti.com\/nb\/wp-json\/wp\/v2\/users\/1"}],"replies":[{"embeddable":true,"href":"https:\/\/arbuti.com\/nb\/wp-json\/wp\/v2\/comments?post=415"}],"version-history":[{"count":17,"href":"https:\/\/arbuti.com\/nb\/wp-json\/wp\/v2\/posts\/415\/revisions"}],"predecessor-version":[{"id":9107,"href":"https:\/\/arbuti.com\/nb\/wp-json\/wp\/v2\/posts\/415\/revisions\/9107"}],"wp:featuredmedia":[{"embeddable":true,"href":"https:\/\/arbuti.com\/nb\/wp-json\/wp\/v2\/media\/1193"}],"wp:attachment":[{"href":"https:\/\/arbuti.com\/nb\/wp-json\/wp\/v2\/media?parent=415"}],"wp:term":[{"taxonomy":"category","embeddable":true,"href":"https:\/\/arbuti.com\/nb\/wp-json\/wp\/v2\/categories?post=415"},{"taxonomy":"post_tag","embeddable":true,"href":"https:\/\/arbuti.com\/nb\/wp-json\/wp\/v2\/tags?post=415"}],"curies":[{"name":"wp","href":"https:\/\/api.w.org\/{rel}","templated":true}]}}