{"id":8630,"date":"2021-03-16T13:31:52","date_gmt":"2021-03-16T13:31:52","guid":{"rendered":"https:\/\/arbuti.com\/?p=8630"},"modified":"2025-06-23T11:47:45","modified_gmt":"2025-06-23T11:47:45","slug":"haarspangen","status":"publish","type":"post","link":"https:\/\/arbuti.com\/it\/fermagli-per-capelli\/","title":{"rendered":"Fermagli per capelli"},"content":{"rendered":"<h1 class=\"wp-block-heading has-text-align-center\" id=\"h-haarspangen\">Fermagli per capelli<\/h1>\n\n\n\n<p class=\"has-text-align-center\">Le 10 migliori mollette e fermagli per capelli nel test di tendenza degli accessori per capelli 2025.<\/p>\n\n\n\n\n\n\n<figure class=\"wp-block-image aligncenter size-large is-resized\"><a href=\"https:\/\/arbuti.com\/wp-content\/uploads\/2021\/02\/Haarspangen.jpg\"><img loading=\"lazy\" decoding=\"async\" width=\"1000\" height=\"778\" src=\"https:\/\/arbuti.com\/wp-content\/uploads\/2021\/02\/Haarspangen.jpg\" alt=\"Fermagli per capelli\" class=\"wp-image-7053\" style=\"aspect-ratio:1.285444234404537;width:690px;height:auto\" srcset=\"https:\/\/arbuti.com\/wp-content\/uploads\/2021\/02\/Haarspangen.jpg 1000w, https:\/\/arbuti.com\/wp-content\/uploads\/2021\/02\/Haarspangen-300x233.jpg 300w, https:\/\/arbuti.com\/wp-content\/uploads\/2021\/02\/Haarspangen-768x598.jpg 768w, https:\/\/arbuti.com\/wp-content\/uploads\/2021\/02\/Haarspangen-200x156.jpg 200w, https:\/\/arbuti.com\/wp-content\/uploads\/2021\/02\/Haarspangen-400x311.jpg 400w, https:\/\/arbuti.com\/wp-content\/uploads\/2021\/02\/Haarspangen-600x467.jpg 600w, https:\/\/arbuti.com\/wp-content\/uploads\/2021\/02\/Haarspangen-800x622.jpg 800w\" sizes=\"auto, (max-width: 1000px) 100vw, 1000px\" \/><\/a><\/figure>\n\n\n\n<p>I fermagli per capelli e le mollette sono tornati e sono pi\u00f9 belli che mai. Cosa c'\u00e8 di nuovo qui e, soprattutto, quali resistono bene? Le donne di oggi stanno abbracciando la tendenza degli anni 90 e cambiando l'industria dei capelli con abbellimenti delicati e bottoni automatici sovradimensionati. I fermagli per capelli sono disponibili in tanti stili, con perle finte, parole o forcine. E la parte migliore \u00e8 che puoi indossare i fermagli per capelli in cos\u00ec tanti modi. Se hai i capelli corti, i capelli ricci, o semplicemente vuoi acconciare la tua frangia in un modo unico.<\/p>\n\n\n\n<p>Qui sotto troverai 10 fermagli per capelli e barrette che ogni donna pu\u00f2 indossare, anche se non ne hai mai indossati prima. Abbiamo anche delle semplici forcine per te. L'elenco include gli accessori per capelli di tendenza, da quelli eleganti per il matrimonio ai nostalgici fermagli a farfalla, e come usarli. Sarete stupiti di quanto facilmente possano sollevare la vostra coda di cavallo o l'updo di tutti i giorni!&nbsp;<\/p>\n\n\n\n<div style=\"height:38px\" aria-hidden=\"true\" class=\"wp-block-spacer\"><\/div>\n\n\n\n<h2 class=\"wp-block-heading\" id=\"h-besten-haarspangen-top-10\">I migliori fermagli per capelli Top 10<\/h2>\n\n\n\n<p>Vi mostriamo nel nostro test, quali sono anche i fermagli per capelli a nostro parere, particolarmente raccomandabili e dove si dovrebbe assolutamente accedere.<\/p>\n\n\n\n<div style=\"height:38px\" aria-hidden=\"true\" class=\"wp-block-spacer\"><\/div>\n\n\n\n<h3 class=\"wp-block-heading\" id=\"h-1-wowyesh-haarspangen\">1. <a href=\"https:\/\/amzn.to\/3y9Bq6m\" target=\"_blank\" rel=\"noreferrer noopener nofollow\">Wowyesh<\/a> Fermagli per capelli<\/h3>\n\n\n\n<figure class=\"wp-block-image size-large is-resized\"><a href=\"https:\/\/amzn.to\/3y9Bq6m\" target=\"_blank\" rel=\"nofollow noopener\"><img loading=\"lazy\" decoding=\"async\" width=\"700\" height=\"700\" src=\"https:\/\/arbuti.com\/wp-content\/uploads\/2021\/02\/Haarspangen-Test.jpg\" alt=\"Clip per capelli-wowyesh\" class=\"wp-image-7054\" style=\"width:454px;height:auto\" srcset=\"https:\/\/arbuti.com\/wp-content\/uploads\/2021\/02\/Haarspangen-Test.jpg 700w, https:\/\/arbuti.com\/wp-content\/uploads\/2021\/02\/Haarspangen-Test-300x300.jpg 300w, https:\/\/arbuti.com\/wp-content\/uploads\/2021\/02\/Haarspangen-Test-150x150.jpg 150w, https:\/\/arbuti.com\/wp-content\/uploads\/2021\/02\/Haarspangen-Test-65x65.jpg 65w, https:\/\/arbuti.com\/wp-content\/uploads\/2021\/02\/Haarspangen-Test-66x66.jpg 66w, https:\/\/arbuti.com\/wp-content\/uploads\/2021\/02\/Haarspangen-Test-200x200.jpg 200w, https:\/\/arbuti.com\/wp-content\/uploads\/2021\/02\/Haarspangen-Test-400x400.jpg 400w, https:\/\/arbuti.com\/wp-content\/uploads\/2021\/02\/Haarspangen-Test-600x600.jpg 600w\" sizes=\"auto, (max-width: 700px) 100vw, 700px\" \/><\/a><\/figure>\n\n\n\n<p>Il nostro n. 1 si distingue soprattutto per la sua versatilit\u00e0. Il set di clip per capelli per poco pi\u00f9 di 30 euro viene fornito con 20 clip, da quelle quadrate e grandi a quelle molto discrete e tuttavia eleganti. Contiene modelli con perle, con stella, con diverse pietre e glitter. Questo pu\u00f2 sembrare un po' troppo all'inizio, ma in realt\u00e0 tutte le 20 barrette e fermagli per capelli sono molto eleganti (solo quello con la stella \u00e8 una questione di gusto). La combinazione di materiali comprende resina acrilica, plastica e metallo e lascia un'impressione di alta qualit\u00e0, che \u00e8 anche confermata dagli utenti. Grazie alla grande variet\u00e0 di stili diversi, i fermagli per capelli sono anche ideali per essere combinati con altri gioielli, per esempio gli orecchini. Alcune clip sono incluse due volte e possono quindi essere indossate in coppia a destra e a sinistra, altre sono al centro come prodotti individuali. Un set molto bello - e anche un grande regalo per i tuoi amici!<\/p>\n\n\n\n<ul class=\"wp-block-list\">\n<li>Set elegante di 20 fermagli per capelli<\/li>\n\n\n\n<li>Tutto da piccolo e minimalista a grande con effetto wow<\/li>\n\n\n\n<li>Ottimo rapporto qualit\u00e0\/prezzo<\/li>\n<\/ul>\n\n\n\n<div class=\"wp-block-buttons is-layout-flex wp-block-buttons-is-layout-flex\">\n<div class=\"wp-block-button has-custom-width wp-block-button__width-100\"><a class=\"wp-block-button__link wp-element-button\" href=\"https:\/\/amzn.to\/3y9Bq6m\" target=\"_blank\" rel=\"nofollow noopener\">Amazon<\/a><\/div>\n<\/div>\n\n\n\n<hr class=\"wp-block-separator has-css-opacity is-style-wide\"\/>\n\n\n\n<div style=\"height:63px\" aria-hidden=\"true\" class=\"wp-block-spacer\"><\/div>\n\n\n\n<h3 class=\"wp-block-heading\" id=\"h-2-vathery-haarspangen\">2. <a href=\"https:\/\/amzn.to\/3IJmeBP\" target=\"_blank\" rel=\"noreferrer noopener nofollow\">Vathery<\/a> Fermagli per capelli<\/h3>\n\n\n\n<figure class=\"wp-block-image size-large is-resized\"><a href=\"https:\/\/amzn.to\/3IJmeBP\" target=\"_blank\" rel=\"nofollow noopener\"><img loading=\"lazy\" decoding=\"async\" width=\"700\" height=\"700\" src=\"https:\/\/arbuti.com\/wp-content\/uploads\/2021\/03\/Haarspangen.jpg\" alt=\"Fermagli per capelli\" class=\"wp-image-9860\" style=\"aspect-ratio:0.9974937343358395;width:397px;height:auto\" srcset=\"https:\/\/arbuti.com\/wp-content\/uploads\/2021\/03\/Haarspangen.jpg 700w, https:\/\/arbuti.com\/wp-content\/uploads\/2021\/03\/Haarspangen-300x300.jpg 300w, https:\/\/arbuti.com\/wp-content\/uploads\/2021\/03\/Haarspangen-150x150.jpg 150w, https:\/\/arbuti.com\/wp-content\/uploads\/2021\/03\/Haarspangen-12x12.jpg 12w, https:\/\/arbuti.com\/wp-content\/uploads\/2021\/03\/Haarspangen-65x65.jpg 65w\" sizes=\"auto, (max-width: 700px) 100vw, 700px\" \/><\/a><\/figure>\n\n\n\n<p>Pietre e stelle non sono proprio il tuo genere e ti piace pi\u00f9 floreale in stile francese? Allora questo set di clip per capelli \u00e8 quello che fa per te! Per poco meno di 11 euro, si ottengono 15 belle barrettes in oro, con fiori e motivi di corone. Il look d'oro retr\u00f2 \u00e8 creato mediante elettrodeposizione delle leghe metalliche ed \u00e8 bellissimo! Quello che dovete assolutamente tenere a mente con questo set \u00e8 la piccola dimensione delle clip per capelli, che \u00e8 anche convenientemente indicata per ogni singola clip su una delle immagini del prodotto. Le piccole dimensioni non devono essere uno svantaggio: Puoi acconciarti in modo molto pi\u00f9 discreto e i fermagli si notano appena, soprattutto nei capelli scuri. Come per il set al numero 1, alcuni fermagli per capelli sono in coppia, mentre gli altri sono pezzi singoli. Se questo ti d\u00e0 fastidio, \u00e8 una buona idea comprare due set - in questo modo avrai almeno due di ogni clip.<\/p>\n\n\n\n<ul class=\"wp-block-list\">\n<li>Clip di metallo in look retr\u00f2 oro<\/li>\n\n\n\n<li>Fermagli per capelli abbastanza piccoli<\/li>\n\n\n\n<li>Motivo floreale molto bello<\/li>\n<\/ul>\n\n\n\n<div class=\"wp-block-buttons is-layout-flex wp-block-buttons-is-layout-flex\">\n<div class=\"wp-block-button has-custom-width wp-block-button__width-100\"><a class=\"wp-block-button__link wp-element-button\" href=\"https:\/\/amzn.to\/3IJmeBP\" target=\"_blank\" rel=\"nofollow noopener\">Amazon<\/a><\/div>\n<\/div>\n\n\n\n<hr class=\"wp-block-separator has-css-opacity is-style-wide\"\/>\n\n\n\n<div style=\"height:63px\" aria-hidden=\"true\" class=\"wp-block-spacer\"><\/div>\n\n\n\n<h3 class=\"wp-block-heading\" id=\"h-3-haarstabchen-als-haarspangen\">3. <a href=\"https:\/\/amzn.to\/3KSGTWz\" target=\"_blank\" rel=\"noreferrer noopener nofollow\">Bastoni per capelli<\/a> come i capelli scivolano<\/h3>\n\n\n\n<figure class=\"wp-block-image size-large is-resized\"><a href=\"https:\/\/amzn.to\/3KSGTWz\" target=\"_blank\" rel=\"nofollow noopener\"><img loading=\"lazy\" decoding=\"async\" width=\"700\" height=\"700\" src=\"https:\/\/arbuti.com\/wp-content\/uploads\/2021\/02\/haarstaebchen.jpg\" alt=\"forcine\" class=\"wp-image-7056\" style=\"width:435px;height:auto\" srcset=\"https:\/\/arbuti.com\/wp-content\/uploads\/2021\/02\/haarstaebchen.jpg 700w, https:\/\/arbuti.com\/wp-content\/uploads\/2021\/02\/haarstaebchen-300x300.jpg 300w, https:\/\/arbuti.com\/wp-content\/uploads\/2021\/02\/haarstaebchen-150x150.jpg 150w, https:\/\/arbuti.com\/wp-content\/uploads\/2021\/02\/haarstaebchen-65x65.jpg 65w, https:\/\/arbuti.com\/wp-content\/uploads\/2021\/02\/haarstaebchen-66x66.jpg 66w, https:\/\/arbuti.com\/wp-content\/uploads\/2021\/02\/haarstaebchen-200x200.jpg 200w, https:\/\/arbuti.com\/wp-content\/uploads\/2021\/02\/haarstaebchen-400x400.jpg 400w, https:\/\/arbuti.com\/wp-content\/uploads\/2021\/02\/haarstaebchen-600x600.jpg 600w\" sizes=\"auto, (max-width: 700px) 100vw, 700px\" \/><\/a><\/figure>\n\n\n\n<p>Ancora pi\u00f9 discreto e le clip di capelli, ma tutto il pi\u00f9 nobile \u00e8 con il nostro posto 3: un set di quattro belle <strong>Forcine<\/strong> in ebano in stile giapponese. Il prezzo \u00e8 giusto a poco meno di 15 euro, soprattutto perch\u00e9 i perni in legno scuro brillantemente lucidati potrebbero anche essere un esclusivo pezzo decorativo. Le stesse forcine sono curve per trovare una migliore tenuta nei capelli, le estremit\u00e0 di due delle quattro forcine sono elaboratamente fresate. A differenza dei set precedenti nel test, questo \u00e8 composto da due coppie, non ci sono modelli singoli - il che potrebbe essere in linea con la tradizione giapponese ying-and-yang. Il nome e la descrizione del prodotto non sono davvero da prendere sul serio, ma gli acquirenti sono costantemente convinti della qualit\u00e0 dei fermagli per capelli. Anche la lunghezza \u00e8 piacevole: a 18 cm, le forcine sono pratiche da usare e facili da vedere nei capelli senza essere troppo vistose.&nbsp;<\/p>\n\n\n\n<ul class=\"wp-block-list\">\n<li>18 cm di lunghezza<\/li>\n\n\n\n<li>Prezioso ebano lucidato<\/li>\n\n\n\n<li>Due coppie di forcine<\/li>\n<\/ul>\n\n\n\n<div class=\"wp-block-buttons is-layout-flex wp-block-buttons-is-layout-flex\">\n<div class=\"wp-block-button has-custom-width wp-block-button__width-100\"><a class=\"wp-block-button__link wp-element-button\" href=\"https:\/\/amzn.to\/3KSGTWz\" target=\"_blank\" rel=\"nofollow noopener\">Amazon<\/a><\/div>\n<\/div>\n\n\n\n<hr class=\"wp-block-separator has-css-opacity is-style-wide\"\/>\n\n\n\n<div style=\"height:63px\" aria-hidden=\"true\" class=\"wp-block-spacer\"><\/div>\n\n\n\n<h3 class=\"wp-block-heading\" id=\"h-4-haarnadeln-haarspangen\">4. <a href=\"https:\/\/amzn.to\/3ILHerI\" target=\"_blank\" rel=\"noreferrer noopener nofollow\">Forcine<\/a> Fermagli per capelli<\/h3>\n\n\n\n<figure class=\"wp-block-image size-large is-resized\"><a href=\"https:\/\/amzn.to\/3ILHerI\" target=\"_blank\" rel=\"nofollow noopener\"><img loading=\"lazy\" decoding=\"async\" width=\"700\" height=\"700\" src=\"https:\/\/arbuti.com\/wp-content\/uploads\/2021\/03\/Haarnadeln-Haarspangen.jpg\" alt=\"\" class=\"wp-image-8640\" style=\"width:394px;height:auto\" srcset=\"https:\/\/arbuti.com\/wp-content\/uploads\/2021\/03\/Haarnadeln-Haarspangen.jpg 700w, https:\/\/arbuti.com\/wp-content\/uploads\/2021\/03\/Haarnadeln-Haarspangen-300x300.jpg 300w, https:\/\/arbuti.com\/wp-content\/uploads\/2021\/03\/Haarnadeln-Haarspangen-150x150.jpg 150w, https:\/\/arbuti.com\/wp-content\/uploads\/2021\/03\/Haarnadeln-Haarspangen-65x65.jpg 65w\" sizes=\"auto, (max-width: 700px) 100vw, 700px\" \/><\/a><\/figure>\n\n\n\n<p>I fermagli per capelli fatti a mano sono perfetti per il matrimonio, la festa, l'abito da sera o lo styling dei capelli con questi scintillanti fermagli per capelli di strass, semplici ma belli, eleganti e leggeri. Accentua la tua bellezza anche nelle acconciature pi\u00f9 semplici con le forcine.<\/p>\n\n\n\n<div class=\"wp-block-buttons is-layout-flex wp-block-buttons-is-layout-flex\">\n<div class=\"wp-block-button has-custom-width wp-block-button__width-100\"><a class=\"wp-block-button__link wp-element-button\" href=\"https:\/\/amzn.to\/3ILHerI\" target=\"_blank\" rel=\"nofollow noopener\">Amazon<\/a><\/div>\n<\/div>\n\n\n\n<hr class=\"wp-block-separator has-css-opacity is-style-wide\"\/>\n\n\n\n<div style=\"height:63px\" aria-hidden=\"true\" class=\"wp-block-spacer\"><\/div>\n\n\n\n<h3 class=\"wp-block-heading\" id=\"h-5-nahtlose-haarspange\">5. <a href=\"https:\/\/amzn.to\/3Zj3hNh\" target=\"_blank\" rel=\"noreferrer noopener nofollow\">Senza soluzione di continuit\u00e0<\/a> Fermaglio per capelli<\/h3>\n\n\n\n<figure class=\"wp-block-image size-large is-resized\"><a href=\"https:\/\/amzn.to\/3Zj3hNh\" target=\"_blank\" rel=\"noreferrer noopener\"><img loading=\"lazy\" decoding=\"async\" width=\"800\" height=\"800\" src=\"https:\/\/arbuti.com\/wp-content\/uploads\/2021\/03\/Haar-Spangen.jpg\" alt=\"Fermagli per capelli\" class=\"wp-image-9865\" style=\"width:463px;height:auto\" srcset=\"https:\/\/arbuti.com\/wp-content\/uploads\/2021\/03\/Haar-Spangen.jpg 800w, https:\/\/arbuti.com\/wp-content\/uploads\/2021\/03\/Haar-Spangen-300x300.jpg 300w, https:\/\/arbuti.com\/wp-content\/uploads\/2021\/03\/Haar-Spangen-150x150.jpg 150w, https:\/\/arbuti.com\/wp-content\/uploads\/2021\/03\/Haar-Spangen-768x768.jpg 768w, https:\/\/arbuti.com\/wp-content\/uploads\/2021\/03\/Haar-Spangen-12x12.jpg 12w, https:\/\/arbuti.com\/wp-content\/uploads\/2021\/03\/Haar-Spangen-65x65.jpg 65w\" sizes=\"auto, (max-width: 800px) 100vw, 800px\" \/><\/a><\/figure>\n\n\n\n<p>20 fermagli per capelli non curvi in 3 colori: nero, bianco e rosa. La scatola in PP ti offre pi\u00f9 convenienza quando riponi le forcine. Realizzati in plastica e acciaio inossidabile, questi fermagli per capelli di alta qualit\u00e0 e senza pieghe sono forti e durevoli. Classico ed elegante fermacapelli a forma di foglia senza pieghe, adatto all'uso quotidiano. La cosa bella che abbiamo notato di queste barrette per i capelli \u00e8 che non possono essere piegate.<\/p>\n\n\n\n<div class=\"wp-block-buttons is-layout-flex wp-block-buttons-is-layout-flex\">\n<div class=\"wp-block-button has-custom-width wp-block-button__width-100\"><a class=\"wp-block-button__link wp-element-button\" href=\"https:\/\/amzn.to\/3Zj3hNh\" target=\"_blank\" rel=\"nofollow noopener\">Amazon<\/a><\/div>\n<\/div>\n\n\n\n<hr class=\"wp-block-separator has-css-opacity is-style-wide\"\/>\n\n\n\n<div style=\"height:63px\" aria-hidden=\"true\" class=\"wp-block-spacer\"><\/div>\n\n\n\n<h3 class=\"wp-block-heading\" id=\"h-6-perlen-haarspangen\">6. <a href=\"https:\/\/amzn.to\/3KT8Qh7\" target=\"_blank\" rel=\"noreferrer noopener nofollow\">Perle<\/a> Fermagli per capelli<\/h3>\n\n\n\n<figure class=\"wp-block-image size-large is-resized\"><a href=\"https:\/\/amzn.to\/3KT8Qh7\" target=\"_blank\" rel=\"nofollow noopener\"><img loading=\"lazy\" decoding=\"async\" width=\"800\" height=\"800\" src=\"https:\/\/arbuti.com\/wp-content\/uploads\/2021\/02\/Haarspange-Test-Neu.jpg\" alt=\"Clip per capelli con perline\" class=\"wp-image-7059\" style=\"width:422px;height:auto\" srcset=\"https:\/\/arbuti.com\/wp-content\/uploads\/2021\/02\/Haarspange-Test-Neu.jpg 800w, https:\/\/arbuti.com\/wp-content\/uploads\/2021\/02\/Haarspange-Test-Neu-300x300.jpg 300w, https:\/\/arbuti.com\/wp-content\/uploads\/2021\/02\/Haarspange-Test-Neu-150x150.jpg 150w, https:\/\/arbuti.com\/wp-content\/uploads\/2021\/02\/Haarspange-Test-Neu-768x768.jpg 768w, https:\/\/arbuti.com\/wp-content\/uploads\/2021\/02\/Haarspange-Test-Neu-65x65.jpg 65w\" sizes=\"auto, (max-width: 800px) 100vw, 800px\" \/><\/a><\/figure>\n\n\n\n<p>Ami le perle? Allora il nostro set di fermagli per capelli al posto 6 dovrebbe fare al caso tuo! 12 clip in look oro, 8 di loro con perle, al prezzo di poco meno di 12 euro. A differenza dei set precedenti, ognuno dei 12 pezzi \u00e8 un elemento individuale, non ci sono coppie. Di nuovo, questo significa che se hai bisogno di due fermagli identici, devi comprare due set. Un punto di forza particolarmente grande del set \u00e8 la lavorazione: nonostante il prezzo basso, i fermagli per capelli di perle non sono incollati, ma sono intrecciati a mano con un filo di nylon con la barretta di metallo. <\/p>\n\n\n\n<p>Questo significa che il rischio di perdere le singole perle \u00e8 praticamente nullo. Va notato che le singole chiusure sono abbastanza grandi e si distinguono di conseguenza. E gli acquirenti lo adorano! Sia la qualit\u00e0 che l'aspetto generale incontrano un feedback molto positivo e rendono il set di perline per 12 euro un vero consiglio di prezzo.&nbsp;<\/p>\n\n\n\n<ul class=\"wp-block-list\">\n<li>Perline intrecciate da un cordone di nylon con clip per capelli<\/li>\n\n\n\n<li>Grande e appariscente<\/li>\n\n\n\n<li>Ottimo rapporto qualit\u00e0-prezzo<\/li>\n<\/ul>\n\n\n\n<div class=\"wp-block-buttons is-layout-flex wp-block-buttons-is-layout-flex\">\n<div class=\"wp-block-button has-custom-width wp-block-button__width-100\"><a class=\"wp-block-button__link wp-element-button\" href=\"https:\/\/amzn.to\/3KT8Qh7\" target=\"_blank\" rel=\"nofollow noopener\">Amazon<\/a><\/div>\n<\/div>\n\n\n\n<hr class=\"wp-block-separator has-css-opacity is-style-wide\"\/>\n\n\n\n<div style=\"height:63px\" aria-hidden=\"true\" class=\"wp-block-spacer\"><\/div>\n\n\n\n<h3 class=\"wp-block-heading\" id=\"h-7-makone-perle-haarspangen\">7. <a href=\"https:\/\/amzn.to\/3Zu8v8U\" target=\"_blank\" rel=\"noreferrer noopener nofollow\">Macone<\/a> Fermagli per capelli di perle<\/h3>\n\n\n\n<figure class=\"wp-block-image size-large is-resized\"><a href=\"https:\/\/amzn.to\/3Zu8v8U\" target=\"_blank\" rel=\"nofollow noopener\"><img loading=\"lazy\" decoding=\"async\" width=\"700\" height=\"700\" src=\"https:\/\/arbuti.com\/wp-content\/uploads\/2021\/03\/Perle-Haarspangen.jpg\" alt=\"Fermagli per capelli di perle\" class=\"wp-image-8645\" style=\"width:403px;height:auto\" srcset=\"https:\/\/arbuti.com\/wp-content\/uploads\/2021\/03\/Perle-Haarspangen.jpg 700w, https:\/\/arbuti.com\/wp-content\/uploads\/2021\/03\/Perle-Haarspangen-300x300.jpg 300w, https:\/\/arbuti.com\/wp-content\/uploads\/2021\/03\/Perle-Haarspangen-150x150.jpg 150w, https:\/\/arbuti.com\/wp-content\/uploads\/2021\/03\/Perle-Haarspangen-65x65.jpg 65w\" sizes=\"auto, (max-width: 700px) 100vw, 700px\" \/><\/a><\/figure>\n\n\n\n<p>Questo fermaglio per capelli in perle non ha punti taglienti ed \u00e8 un accessorio morbido e confortevole che riduce al minimo le pieghe e le rotture. Questi fermagli per capelli di perle sono adatti a ragazze e donne e possono essere utilizzati in varie occasioni come matrimoni, feste, cerimonie, compleanni, banchetti e uso quotidiano.<\/p>\n\n\n\n<div class=\"wp-block-buttons is-layout-flex wp-block-buttons-is-layout-flex\">\n<div class=\"wp-block-button has-custom-width wp-block-button__width-100\"><a class=\"wp-block-button__link wp-element-button\" href=\"https:\/\/amzn.to\/3Zu8v8U\" target=\"_blank\" rel=\"nofollow noopener\">Amazon<\/a><\/div>\n<\/div>\n\n\n\n<hr class=\"wp-block-separator has-css-opacity is-style-wide\"\/>\n\n\n\n<div style=\"height:63px\" aria-hidden=\"true\" class=\"wp-block-spacer\"><\/div>\n\n\n\n<h3 class=\"wp-block-heading\" id=\"h-8-hochzeits-haarschmuck-haarspangen\">8. <a href=\"https:\/\/amzn.to\/38KJaQ5\" target=\"_blank\" rel=\"noreferrer noopener nofollow\">Accessori per capelli da sposa<\/a> Fermagli per capelli<\/h3>\n\n\n\n<figure class=\"wp-block-image size-large is-resized\"><a href=\"https:\/\/amzn.to\/38KJaQ5\" target=\"_blank\" rel=\"nofollow noopener\"><img loading=\"lazy\" decoding=\"async\" width=\"700\" height=\"700\" src=\"https:\/\/arbuti.com\/wp-content\/uploads\/2021\/03\/Hochzeit-Haarschmuck.jpg\" alt=\"Accessori per capelli da sposa\" class=\"wp-image-8647\" style=\"width:428px;height:auto\" srcset=\"https:\/\/arbuti.com\/wp-content\/uploads\/2021\/03\/Hochzeit-Haarschmuck.jpg 700w, https:\/\/arbuti.com\/wp-content\/uploads\/2021\/03\/Hochzeit-Haarschmuck-300x300.jpg 300w, https:\/\/arbuti.com\/wp-content\/uploads\/2021\/03\/Hochzeit-Haarschmuck-150x150.jpg 150w, https:\/\/arbuti.com\/wp-content\/uploads\/2021\/03\/Hochzeit-Haarschmuck-65x65.jpg 65w\" sizes=\"auto, (max-width: 700px) 100vw, 700px\" \/><\/a><\/figure>\n\n\n\n<p>Questo \u00e8 un regalo perfetto e sarete molto soddisfatti quando lo riceverete. Un fermaglio per capelli da matrimonio molto bello. Questo metter\u00e0 in mostra i vostri capelli in modo elegante e bello.<\/p>\n\n\n\n<p>Adatto alla sposa, alla damigella d'onore o alla ragazza dei fiori, \u00e8 un bellissimo ornamento per capelli, molto sottile ma elegante. Questo copricapo \u00e8 fatto a mano.<\/p>\n\n\n\n<div class=\"wp-block-buttons is-layout-flex wp-block-buttons-is-layout-flex\">\n<div class=\"wp-block-button has-custom-width wp-block-button__width-100\"><a class=\"wp-block-button__link wp-element-button\" href=\"https:\/\/amzn.to\/38KJaQ5\" target=\"_blank\" rel=\"nofollow noopener\">Amazon<\/a><\/div>\n<\/div>\n\n\n\n<hr class=\"wp-block-separator has-css-opacity is-style-wide\"\/>\n\n\n\n<div style=\"height:63px\" aria-hidden=\"true\" class=\"wp-block-spacer\"><\/div>\n\n\n\n<h3 class=\"wp-block-heading\" id=\"h-9-haarklammern-haarspangen\">9. <a href=\"https:\/\/amzn.to\/30Ujhsp\" target=\"_blank\" rel=\"noreferrer noopener nofollow\">Fermagli per capelli<\/a> Fermagli per capelli<\/h3>\n\n\n\n<figure class=\"wp-block-image size-large is-resized\"><a href=\"https:\/\/amzn.to\/30Ujhsp\" target=\"_blank\" rel=\"nofollow noopener\"><img loading=\"lazy\" decoding=\"async\" width=\"1001\" height=\"1007\" src=\"https:\/\/arbuti.com\/wp-content\/uploads\/2021\/03\/Haarklammern-Haarspangen.jpg\" alt=\"Fermagli per capelli Fermagli per capelli\" class=\"wp-image-8649\" style=\"aspect-ratio:0.9944237918215614;width:507px;height:auto\" srcset=\"https:\/\/arbuti.com\/wp-content\/uploads\/2021\/03\/Haarklammern-Haarspangen.jpg 1001w, https:\/\/arbuti.com\/wp-content\/uploads\/2021\/03\/Haarklammern-Haarspangen-298x300.jpg 298w, https:\/\/arbuti.com\/wp-content\/uploads\/2021\/03\/Haarklammern-Haarspangen-150x150.jpg 150w, https:\/\/arbuti.com\/wp-content\/uploads\/2021\/03\/Haarklammern-Haarspangen-768x773.jpg 768w, https:\/\/arbuti.com\/wp-content\/uploads\/2021\/03\/Haarklammern-Haarspangen-65x65.jpg 65w\" sizes=\"auto, (max-width: 1001px) 100vw, 1001px\" \/><\/a><\/figure>\n\n\n\n<p>Bellissimi fermacapelli di piume nei colori oro, argento e bronzo. Le forcine fatte di foglie di piume in metallo sono molto belle. Questi fermagli per capelli di tendenza sono i tuoi accessori per capelli perfetti per le feste o adatti all'uso quotidiano. Design semplice, pratico e facile da usare.<\/p>\n\n\n\n<div class=\"wp-block-buttons is-layout-flex wp-block-buttons-is-layout-flex\">\n<div class=\"wp-block-button has-custom-width wp-block-button__width-100\"><a class=\"wp-block-button__link wp-element-button\" href=\"https:\/\/amzn.to\/30Ujhsp\" target=\"_blank\" rel=\"nofollow noopener\">Amazon<\/a><\/div>\n<\/div>\n\n\n\n<hr class=\"wp-block-separator has-css-opacity is-style-wide\"\/>\n\n\n\n<div style=\"height:63px\" aria-hidden=\"true\" class=\"wp-block-spacer\"><\/div>\n\n\n\n<h3 class=\"wp-block-heading\" id=\"h-10-fesch-monkey-haarspangen\">10. <a href=\"https:\/\/amzn.to\/3qPJraA\" target=\"_blank\" rel=\"noreferrer noopener nofollow\">Scimmia Posh<\/a> Fermagli per capelli<\/h3>\n\n\n\n<figure class=\"wp-block-image size-large is-resized\"><a href=\"https:\/\/amzn.to\/3qPJraA\" target=\"_blank\" rel=\"nofollow noopener\"><img loading=\"lazy\" decoding=\"async\" width=\"1001\" height=\"1007\" src=\"https:\/\/arbuti.com\/wp-content\/uploads\/2021\/03\/Fesch-Monkey-Haarspangen.jpg\" alt=\"Fesch-Monkey-Hairclips\" class=\"wp-image-8653\" style=\"aspect-ratio:0.9941634241245136;width:504px;height:auto\" srcset=\"https:\/\/arbuti.com\/wp-content\/uploads\/2021\/03\/Fesch-Monkey-Haarspangen.jpg 1001w, https:\/\/arbuti.com\/wp-content\/uploads\/2021\/03\/Fesch-Monkey-Haarspangen-298x300.jpg 298w, https:\/\/arbuti.com\/wp-content\/uploads\/2021\/03\/Fesch-Monkey-Haarspangen-150x150.jpg 150w, https:\/\/arbuti.com\/wp-content\/uploads\/2021\/03\/Fesch-Monkey-Haarspangen-768x773.jpg 768w, https:\/\/arbuti.com\/wp-content\/uploads\/2021\/03\/Fesch-Monkey-Haarspangen-65x65.jpg 65w\" sizes=\"auto, (max-width: 1001px) 100vw, 1001px\" \/><\/a><\/figure>\n\n\n\n<p>I fermagli per capelli sono finemente lavorati e danno ad ogni capello una ferma tenuta. Grazie al rivestimento speciale, sono robusti e mantengono la loro lucentezza con un uso frequente. Stile dei capelli! Fermagli per capelli gommati e denti sottili - cos\u00ec i fermagli rimangono saldamente nei capelli! Ottimi accessori per capelli per tutta la giornata!<\/p>\n\n\n\n<p> Sia per i capelli lunghi che per quelli corti - sempre un'acconciatura top! Ottimi fermagli per capelli in un set! Selezionato con cura! Ideale come regalo di nozze come gioielli da sposa, laurea, battesimo, cresima, compleanno.<\/p>\n\n\n\n<div class=\"wp-block-buttons is-layout-flex wp-block-buttons-is-layout-flex\">\n<div class=\"wp-block-button has-custom-width wp-block-button__width-100\"><a class=\"wp-block-button__link wp-element-button\" href=\"https:\/\/amzn.to\/3qPJraA\" target=\"_blank\" rel=\"nofollow noopener\">Amazon<\/a><\/div>\n<\/div>\n\n\n\n<hr class=\"wp-block-separator has-css-opacity is-style-wide\"\/>\n\n\n\n<div style=\"height:63px\" aria-hidden=\"true\" class=\"wp-block-spacer\"><\/div>\n\n\n\n<h2 class=\"wp-block-heading\" id=\"h-was-sind-haarklammern\">Cosa sono i fermagli per capelli?<\/h2>\n\n\n\n<figure class=\"wp-block-image size-large is-resized\"><a href=\"https:\/\/arbuti.com\/wp-content\/uploads\/2021\/02\/Haarspangen-Frisuren.jpg\"><img loading=\"lazy\" decoding=\"async\" width=\"1000\" height=\"1000\" src=\"https:\/\/arbuti.com\/wp-content\/uploads\/2021\/02\/Haarspangen-Frisuren.jpg\" alt=\"Fermagli per capelli\" class=\"wp-image-7060\" style=\"width:468px;height:auto\" srcset=\"https:\/\/arbuti.com\/wp-content\/uploads\/2021\/02\/Haarspangen-Frisuren.jpg 1000w, https:\/\/arbuti.com\/wp-content\/uploads\/2021\/02\/Haarspangen-Frisuren-300x300.jpg 300w, https:\/\/arbuti.com\/wp-content\/uploads\/2021\/02\/Haarspangen-Frisuren-150x150.jpg 150w, https:\/\/arbuti.com\/wp-content\/uploads\/2021\/02\/Haarspangen-Frisuren-768x768.jpg 768w, https:\/\/arbuti.com\/wp-content\/uploads\/2021\/02\/Haarspangen-Frisuren-65x65.jpg 65w, https:\/\/arbuti.com\/wp-content\/uploads\/2021\/02\/Haarspangen-Frisuren-66x66.jpg 66w, https:\/\/arbuti.com\/wp-content\/uploads\/2021\/02\/Haarspangen-Frisuren-200x200.jpg 200w, https:\/\/arbuti.com\/wp-content\/uploads\/2021\/02\/Haarspangen-Frisuren-400x400.jpg 400w, https:\/\/arbuti.com\/wp-content\/uploads\/2021\/02\/Haarspangen-Frisuren-600x600.jpg 600w, https:\/\/arbuti.com\/wp-content\/uploads\/2021\/02\/Haarspangen-Frisuren-800x800.jpg 800w\" sizes=\"auto, (max-width: 1000px) 100vw, 1000px\" \/><\/a><\/figure>\n\n\n\n<p>Sia come un accessorio di stile accattivante o come un aiutante praticamente invisibile in miniatura, i fermagli per capelli servono prima di tutto a tenere in posizione parti dei capelli del cuoio capelluto. Questo viene fatto collegando queste sezioni di capelli, spesso singole ciocche nella zona del viso o fasci di capelli nella parte posteriore della testa, al resto della testa dei capelli con un fermaglio per capelli e quindi fissandoli in posizione. I fermagli per capelli possono essere fatti di diversi materiali. Sono popolari i modelli di gioielli per capelli con una parte decorativa di plastica, metallo, ma anche legno o corno, la clip stessa \u00e8 di solito fatta di metallo. Diverse tecniche sono utilizzate per la chiusura: i fermagli per capelli pi\u00f9 grandi hanno un fermaglio, altre varianti sono fissate da un'asta di legno spinta attraverso. Le piccole e poco appariscenti bobby pins, che sono particolarmente popolari per fissare acconciature elaborate, sono semplicemente inserite nei capelli. Tuttavia, ci sono alcuni punti da considerare, come imparerete nel prossimo paragrafo.<\/p>\n\n\n\n<h2 class=\"wp-block-heading\">Come usare le forcine?<\/h2>\n\n\n\n<figure class=\"wp-block-image size-large is-resized\"><a href=\"https:\/\/arbuti.com\/wp-content\/uploads\/2021\/03\/Haarnadeln.jpg\"><img loading=\"lazy\" decoding=\"async\" width=\"700\" height=\"700\" src=\"https:\/\/arbuti.com\/wp-content\/uploads\/2021\/03\/Haarnadeln.jpg\" alt=\"Forcine\" class=\"wp-image-8656\" style=\"width:370px;height:auto\" srcset=\"https:\/\/arbuti.com\/wp-content\/uploads\/2021\/03\/Haarnadeln.jpg 700w, https:\/\/arbuti.com\/wp-content\/uploads\/2021\/03\/Haarnadeln-300x300.jpg 300w, https:\/\/arbuti.com\/wp-content\/uploads\/2021\/03\/Haarnadeln-150x150.jpg 150w, https:\/\/arbuti.com\/wp-content\/uploads\/2021\/03\/Haarnadeln-65x65.jpg 65w\" sizes=\"auto, (max-width: 700px) 100vw, 700px\" \/><\/a><\/figure>\n\n\n\n<p>Per le strade e agli eventi, le donne con le bobby pins - le popolari forcine con un lato liscio e uno ondulato - fanno sempre lo stesso errore: il lato ondulato \u00e8 portato all'esterno. Eppure la spilla appartiene esattamente al contrario, con il lato ondulato rivolto verso l'interno. Da un lato, il lato ondulato si adatta meglio alla forma della testa, e dall'altro, l'acconciatura tiene molto meglio in questo modo. Ciononostante, pu\u00f2 succedere che il perno non sia cos\u00ec stretto come si vorrebbe. <\/p>\n\n\n\n<p>Ecco due trucchi in pi\u00f9 che possono aiutarti a sistemare ancora meglio i tuoi capelli. Suggerimento numero 1: <a href=\"https:\/\/arbuti.com\/it\/lacca-per-capelli\/\">Lacca per capelli<\/a> spray all'interno del fermaglio per capelli. Come per i capelli, lo spray aderisce anche alle forcine e quindi fornisce una tenuta molto pi\u00f9 forte. Se non \u00e8 ancora abbastanza, ecco il consiglio numero 2: usa due clip incrociate. Questo li rende pi\u00f9 visibili, ma si tengono l'un l'altro e la vostra acconciatura si siede grazie alle clip di capelli a prova di bomba.&nbsp;<\/p>\n\n\n\n<h2 class=\"wp-block-heading\">Per quali acconciature sono pi\u00f9 adatti i fermagli per capelli?<\/h2>\n\n\n\n<figure class=\"wp-block-image size-large is-resized\"><a href=\"https:\/\/arbuti.com\/wp-content\/uploads\/2021\/02\/Haarspangen-Set.jpg\"><img loading=\"lazy\" decoding=\"async\" width=\"1000\" height=\"1000\" src=\"https:\/\/arbuti.com\/wp-content\/uploads\/2021\/02\/Haarspangen-Set.jpg\" alt=\"Fermagli per capelli\" class=\"wp-image-7061\" style=\"width:605px;height:auto\" srcset=\"https:\/\/arbuti.com\/wp-content\/uploads\/2021\/02\/Haarspangen-Set.jpg 1000w, https:\/\/arbuti.com\/wp-content\/uploads\/2021\/02\/Haarspangen-Set-300x300.jpg 300w, https:\/\/arbuti.com\/wp-content\/uploads\/2021\/02\/Haarspangen-Set-150x150.jpg 150w, https:\/\/arbuti.com\/wp-content\/uploads\/2021\/02\/Haarspangen-Set-768x768.jpg 768w, https:\/\/arbuti.com\/wp-content\/uploads\/2021\/02\/Haarspangen-Set-65x65.jpg 65w, https:\/\/arbuti.com\/wp-content\/uploads\/2021\/02\/Haarspangen-Set-66x66.jpg 66w, https:\/\/arbuti.com\/wp-content\/uploads\/2021\/02\/Haarspangen-Set-200x200.jpg 200w, https:\/\/arbuti.com\/wp-content\/uploads\/2021\/02\/Haarspangen-Set-400x400.jpg 400w, https:\/\/arbuti.com\/wp-content\/uploads\/2021\/02\/Haarspangen-Set-600x600.jpg 600w, https:\/\/arbuti.com\/wp-content\/uploads\/2021\/02\/Haarspangen-Set-800x800.jpg 800w\" sizes=\"auto, (max-width: 1000px) 100vw, 1000px\" \/><\/a><\/figure>\n\n\n\n<p>Hai trovato i fermagli per capelli perfetti per il tuo look e ora stai pensando a quali acconciature puoi inventare con loro? Abbiamo alcuni consigli per voi - a seconda del tipo di clip per capelli. Le bobby pin, per esempio, sono particolarmente adatte per gli updos o anche per uno chignon rigoroso. Questo \u00e8 un classico assoluto e non solo espone la nuca, che ti fa sembrare pi\u00f9 attraente, ma fornisce anche una piacevole brezza fresca nei mesi estivi. Tuttavia, i peli particolarmente fini sul bordo sono difficili da domare. Le spille Bobby sono ideali in questo caso per tenere sotto controllo anche i peli pi\u00f9 piccoli.<\/p>\n\n\n\n<p>Preferisci acconciature piuttosto sciolte? Poi puoi anche combinare lo chignon con un grande fermaglio per capelli con chiusura. Attorciglia i tuoi capelli in uno chignon e fissali direttamente sotto con il fermaglio per capelli. Questo sembra naturale ed elegante. Un altro classico \u00e8 un'acconciatura laterale. Per fare questo, dividete i vostri capelli nel mezzo, metteteli dietro l'orecchio da un lato e fissateli con un fermaglio per capelli - una versione discreta o accattivante, a seconda dei vostri gusti. Per un look pi\u00f9 rilassato, tira indietro le ciocche anteriori in una treccia e fissale con un fermaglio dietro la testa. Questo look semi-aperto espone il tuo viso e sembra naturale e attraente.<\/p>\n\n\n\n<h2 class=\"wp-block-heading\" id=\"h-fragen-und-antworten\">Domande e risposte<\/h2>\n\n\n\t\t<section\t\tclass=\"sc_fs_faq sc_card\"\n\t\t\t\t>\n\t\t\t\t<h3>Di quale lunghezza di capelli ho bisogno per i fermagli?<\/h3>\t\t\t\t<div>\n\t\t\t\t\t\t<div class=\"sc_fs_faq__content\">\n\t\t\t\t\n\n<p>In linea di principio, puoi anche usare i fermagli per capelli come accessorio di styling per le acconciature corte. Il loro uso pratico, tuttavia, soddisfano piuttosto con i capelli medio-lunghi e lunghi.<\/p>\n\n\t\t\t<\/div>\n\t\t<\/div>\n\t\t<\/section>\n\t\t\t\t<section\t\tclass=\"sc_fs_faq sc_card\"\n\t\t\t\t>\n\t\t\t\t<h3>Quale materiale \u00e8 meglio per i fermagli per capelli?<\/h3>\t\t\t\t<div>\n\t\t\t\t\t\t<div class=\"sc_fs_faq__content\">\n\t\t\t\t\n\n<p>Non ci sono specifiche fisse qui. Le chiusure sono per lo pi\u00f9 in metallo, i modelli con bastoni forati sono spesso in legno. Il materiale superiore \u00e8 secondario per la funzione. Vedi solo quello che ti piace!<\/p>\n\n\t\t\t<\/div>\n\t\t<\/div>\n\t\t<\/section>\n\t\t\t\t<section\t\tclass=\"sc_fs_faq sc_card\"\n\t\t\t\t>\n\t\t\t\t<h3>Quanto \u00e8 importante la dimensione di un fermaglio per capelli?<\/h3>\t\t\t\t<div>\n\t\t\t\t\t\t<div class=\"sc_fs_faq__content\">\n\t\t\t\t\n\n<p>Importante! Le piccole bobby pin possono essere posizionate in modo poco appariscente nei capelli, d'altra parte, i modelli pi\u00f9 piccoli con un fermaglio possono non offrire abbastanza spazio per un sacco di capelli spessi. In questo caso dovreste optare per versioni pi\u00f9 grandi.<\/p>\n\n\t\t\t<\/div>\n\t\t<\/div>\n\t\t<\/section>\n\t\t\t\t<section\t\tclass=\"sc_fs_faq sc_card\"\n\t\t\t\t>\n\t\t\t\t<h3>Ha senso combinare diversi fermagli per capelli?<\/h3>\t\t\t\t<div>\n\t\t\t\t\t\t<div class=\"sc_fs_faq__content\">\n\t\t\t\t\n\n<p>Dipende dal tuo gusto personale. Ci sono look molto eleganti in cui i fermagli per capelli (volutamente vistosi) sono messi uno sopra l'altro, o anche sopra e in mezzo alla coda di cavallo.&nbsp;<\/p>\n\n\t\t\t<\/div>\n\t\t<\/div>\n\t\t<\/section>\n\t\t\n<script type=\"application\/ld+json\">{\n    \"@context\": \"https:\\\/\\\/schema.org\",\n    \"@type\": \"FAQPage\",\n    \"mainEntity\": [\n        {\n            \"@type\": \"Question\",\n            \"name\": \"Welche Haarl\\u00e4nge ben\\u00f6tige ich f\\u00fcr Haarspangen?\",\n            \"acceptedAnswer\": {\n                \"@type\": \"Answer\",\n                \"text\": \"<p>Prinzipiell kannst Du Haarspangen als Styling-Accessoire auch bei Kurzhaarfrisuren verwenden. Ihren praktischen Nutzen erf\\u00fcllen sie dagegen eher bei mittellangem bis langem Haar.<\\\/p>\"\n            }\n        },\n        {\n            \"@type\": \"Question\",\n            \"name\": \"Welches Material ist das Beste f\\u00fcr Haarspangen?\",\n            \"acceptedAnswer\": {\n                \"@type\": \"Answer\",\n                \"text\": \"<p>Hier gibt es keine festen Vorgaben. Die Schlie\\u00dfen sind meist aus Metall, Modelle mit durchgesteckten St\\u00e4bchen h\\u00e4ufig aus Holz. Das Obermaterial ist f\\u00fcr die Funktion zweitrangig. Schaue einfach, was Dir gef\\u00e4llt!<\\\/p>\"\n            }\n        },\n        {\n            \"@type\": \"Question\",\n            \"name\": \"Wie wichtig ist die Gr\\u00f6\\u00dfe einer Haarspange?\",\n            \"acceptedAnswer\": {\n                \"@type\": \"Answer\",\n                \"text\": \"<p>Wichtig! Kleine Bobby Pins kannst Du erfreulich unauff\\u00e4llig im Haar platzieren, umgekehrt k\\u00f6nnen kleinere Modelle mit Schlie\\u00dfe f\\u00fcr viele, dicke Haare nicht gen\\u00fcgend Platz bieten. Hier solltest Du dann zu gr\\u00f6\\u00dferen Varianten greifen.<\\\/p>\"\n            }\n        },\n        {\n            \"@type\": \"Question\",\n            \"name\": \"Ist es sinnvoll, mehrere Haarspangen zu kombinieren?\",\n            \"acceptedAnswer\": {\n                \"@type\": \"Answer\",\n                \"text\": \"<p>Das h\\u00e4ngt von Deinem pers\\u00f6nlichen Geschmack ab. Es gibt sehr elegante Looks, bei denen (bewusst auff\\u00e4llige) Haarspangen \\u00fcbereinander angebracht werden, oder auch oben und in der Mitte Deines Pferdeschwanzes.&nbsp;<\\\/p>\"\n            }\n        }\n    ]\n}<\/script>","protected":false},"excerpt":{"rendered":"<p>Fermagli per capelli \u2013 I 10 migliori fermagli e clip di tendenza nel nostro test 2025. Sono tornati, pi\u00f9 belli che mai [\u2026]<\/p>","protected":false},"author":1,"featured_media":7053,"comment_status":"closed","ping_status":"open","sticky":false,"template":"","format":"standard","meta":{"ub_ctt_via":"","_uag_custom_page_level_css":"","site-sidebar-layout":"default","site-content-layout":"default","ast-site-content-layout":"default","site-content-style":"default","site-sidebar-style":"default","ast-global-header-display":"","ast-banner-title-visibility":"","ast-main-header-display":"","ast-hfb-above-header-display":"","ast-hfb-below-header-display":"","ast-hfb-mobile-header-display":"","site-post-title":"","ast-breadcrumbs-content":"","ast-featured-img":"","footer-sml-layout":"","theme-transparent-header-meta":"default","adv-header-id-meta":"","stick-header-meta":"default","header-above-stick-meta":"","header-main-stick-meta":"","header-below-stick-meta":"","astra-migrate-meta-layouts":"set","ast-page-background-enabled":"default","ast-page-background-meta":{"desktop":{"background-color":"","background-image":"","background-repeat":"repeat","background-position":"center center","background-size":"auto","background-attachment":"scroll","background-type":"","background-media":"","overlay-type":"","overlay-color":"","overlay-opacity":"","overlay-gradient":""},"tablet":{"background-color":"","background-image":"","background-repeat":"repeat","background-position":"center center","background-size":"auto","background-attachment":"scroll","background-type":"","background-media":"","overlay-type":"","overlay-color":"","overlay-opacity":"","overlay-gradient":""},"mobile":{"background-color":"","background-image":"","background-repeat":"repeat","background-position":"center center","background-size":"auto","background-attachment":"scroll","background-type":"","background-media":"","overlay-type":"","overlay-color":"","overlay-opacity":"","overlay-gradient":""}},"ast-content-background-meta":{"desktop":{"background-color":"var(--ast-global-color-5)","background-image":"","background-repeat":"repeat","background-position":"center center","background-size":"auto","background-attachment":"scroll","background-type":"","background-media":"","overlay-type":"","overlay-color":"","overlay-opacity":"","overlay-gradient":""},"tablet":{"background-color":"var(--ast-global-color-5)","background-image":"","background-repeat":"repeat","background-position":"center center","background-size":"auto","background-attachment":"scroll","background-type":"","background-media":"","overlay-type":"","overlay-color":"","overlay-opacity":"","overlay-gradient":""},"mobile":{"background-color":"var(--ast-global-color-5)","background-image":"","background-repeat":"repeat","background-position":"center center","background-size":"auto","background-attachment":"scroll","background-type":"","background-media":"","overlay-type":"","overlay-color":"","overlay-opacity":"","overlay-gradient":""}},"footnotes":""},"categories":[6322],"tags":[],"class_list":["post-8630","post","type-post","status-publish","format-standard","has-post-thumbnail","hentry","category-haarstyling"],"featured_image_src":"https:\/\/arbuti.com\/wp-content\/uploads\/2021\/02\/Haarspangen.jpg","author_info":{"display_name":"admin","author_link":"https:\/\/arbuti.com\/it\/author\/admin\/"},"yoast_head":"<!-- This site is optimized with the Yoast SEO Premium plugin v25.3 (Yoast SEO v25.3) - https:\/\/yoast.com\/wordpress\/plugins\/seo\/ -->\n<title>Haarspangen: 10 besten Haarklammern und Haarspangen 2025!<\/title>\n<meta name=\"description\" content=\"Haarspangen und Haarklammern im Trend Test 2025. Wir haben alle Haarnadeln f\u00fcr dich im Vergleich. Welches hat Style und passt zu dir?\" \/>\n<meta name=\"robots\" content=\"index, follow, max-snippet:-1, max-image-preview:large, max-video-preview:-1\" \/>\n<link rel=\"canonical\" href=\"https:\/\/arbuti.com\/it\/fermagli-per-capelli\/\" \/>\n<meta property=\"og:locale\" content=\"it_IT\" \/>\n<meta property=\"og:type\" content=\"article\" \/>\n<meta property=\"og:title\" content=\"Haarspangen\" \/>\n<meta property=\"og:description\" content=\"Haarspangen Die 10 besten Haarspangen und Haarklammern im Trend Haarschmuck Test 2025. Haarspangen und Haarklammern sind zur\u00fcck und besser als je\" \/>\n<meta property=\"og:url\" content=\"https:\/\/arbuti.com\/it\/fermagli-per-capelli\/\" \/>\n<meta property=\"og:site_name\" content=\"ARBUTI Hair Salon\" \/>\n<meta property=\"article:publisher\" content=\"https:\/\/www.facebook.com\/Arbutihairsalon\/\" \/>\n<meta property=\"article:published_time\" content=\"2021-03-16T13:31:52+00:00\" \/>\n<meta property=\"article:modified_time\" content=\"2025-06-23T11:47:45+00:00\" \/>\n<meta property=\"og:image\" content=\"https:\/\/arbuti.com\/wp-content\/uploads\/2021\/02\/Haarspangen.jpg\" \/>\n\t<meta property=\"og:image:width\" content=\"1000\" \/>\n\t<meta property=\"og:image:height\" content=\"778\" \/>\n\t<meta property=\"og:image:type\" content=\"image\/jpeg\" \/>\n<meta name=\"author\" content=\"admin\" \/>\n<meta name=\"twitter:card\" content=\"summary_large_image\" \/>\n<meta name=\"twitter:label1\" content=\"Scritto da\" \/>\n\t<meta name=\"twitter:data1\" content=\"admin\" \/>\n\t<meta name=\"twitter:label2\" content=\"Tempo di lettura stimato\" \/>\n\t<meta name=\"twitter:data2\" content=\"13 minuti\" \/>\n<script type=\"application\/ld+json\" class=\"yoast-schema-graph\">{\"@context\":\"https:\/\/schema.org\",\"@graph\":[{\"@type\":\"Article\",\"@id\":\"https:\/\/arbuti.com\/haarspangen\/#article\",\"isPartOf\":{\"@id\":\"https:\/\/arbuti.com\/haarspangen\/\"},\"author\":{\"name\":\"admin\",\"@id\":\"https:\/\/arbuti.com\/fr\/#\/schema\/person\/d85bbf7b442ca0f812c3aa0ed9eece8f\"},\"headline\":\"Haarspangen\",\"datePublished\":\"2021-03-16T13:31:52+00:00\",\"dateModified\":\"2025-06-23T11:47:45+00:00\",\"mainEntityOfPage\":{\"@id\":\"https:\/\/arbuti.com\/haarspangen\/\"},\"wordCount\":1916,\"publisher\":{\"@id\":\"https:\/\/arbuti.com\/fr\/#organization\"},\"image\":{\"@id\":\"https:\/\/arbuti.com\/haarspangen\/#primaryimage\"},\"thumbnailUrl\":\"https:\/\/arbuti.com\/wp-content\/uploads\/2021\/02\/Haarspangen.jpg\",\"articleSection\":[\"Haarstyling\"],\"inLanguage\":\"it-IT\"},{\"@type\":\"WebPage\",\"@id\":\"https:\/\/arbuti.com\/haarspangen\/\",\"url\":\"https:\/\/arbuti.com\/haarspangen\/\",\"name\":\"Haarspangen: 10 besten Haarklammern und Haarspangen 2025!\",\"isPartOf\":{\"@id\":\"https:\/\/arbuti.com\/fr\/#website\"},\"primaryImageOfPage\":{\"@id\":\"https:\/\/arbuti.com\/haarspangen\/#primaryimage\"},\"image\":{\"@id\":\"https:\/\/arbuti.com\/haarspangen\/#primaryimage\"},\"thumbnailUrl\":\"https:\/\/arbuti.com\/wp-content\/uploads\/2021\/02\/Haarspangen.jpg\",\"datePublished\":\"2021-03-16T13:31:52+00:00\",\"dateModified\":\"2025-06-23T11:47:45+00:00\",\"description\":\"Haarspangen und Haarklammern im Trend Test 2025. Wir haben alle Haarnadeln f\u00fcr dich im Vergleich. Welches hat Style und passt zu dir?\",\"breadcrumb\":{\"@id\":\"https:\/\/arbuti.com\/haarspangen\/#breadcrumb\"},\"inLanguage\":\"it-IT\",\"potentialAction\":[{\"@type\":\"ReadAction\",\"target\":[\"https:\/\/arbuti.com\/haarspangen\/\"]}]},{\"@type\":\"ImageObject\",\"inLanguage\":\"it-IT\",\"@id\":\"https:\/\/arbuti.com\/haarspangen\/#primaryimage\",\"url\":\"https:\/\/arbuti.com\/wp-content\/uploads\/2021\/02\/Haarspangen.jpg\",\"contentUrl\":\"https:\/\/arbuti.com\/wp-content\/uploads\/2021\/02\/Haarspangen.jpg\",\"width\":1000,\"height\":778,\"caption\":\"Haarspangen\"},{\"@type\":\"BreadcrumbList\",\"@id\":\"https:\/\/arbuti.com\/haarspangen\/#breadcrumb\",\"itemListElement\":[{\"@type\":\"ListItem\",\"position\":1,\"name\":\"ARBUTI\",\"item\":\"https:\/\/arbuti.com\/\"},{\"@type\":\"ListItem\",\"position\":2,\"name\":\"Haarstyling\",\"item\":\"https:\/\/arbuti.com\/fr\/categorie\/haarstyling\/\"},{\"@type\":\"ListItem\",\"position\":3,\"name\":\"Haarspangen\"}]},{\"@type\":\"WebSite\",\"@id\":\"https:\/\/arbuti.com\/fr\/#website\",\"url\":\"https:\/\/arbuti.com\/fr\/\",\"name\":\"ARBUTI Hair Salon\",\"description\":\"Friseur M\u00fcnchen\",\"publisher\":{\"@id\":\"https:\/\/arbuti.com\/fr\/#organization\"},\"alternateName\":\"ARBUTI\",\"potentialAction\":[{\"@type\":\"SearchAction\",\"target\":{\"@type\":\"EntryPoint\",\"urlTemplate\":\"https:\/\/arbuti.com\/fr\/?s={search_term_string}\"},\"query-input\":{\"@type\":\"PropertyValueSpecification\",\"valueRequired\":true,\"valueName\":\"search_term_string\"}}],\"inLanguage\":\"it-IT\"},{\"@type\":\"Organization\",\"@id\":\"https:\/\/arbuti.com\/fr\/#organization\",\"name\":\"ARBUTI Hair Salon\",\"alternateName\":\"ARBUTI\",\"url\":\"https:\/\/arbuti.com\/fr\/\",\"logo\":{\"@type\":\"ImageObject\",\"inLanguage\":\"it-IT\",\"@id\":\"https:\/\/arbuti.com\/fr\/#\/schema\/logo\/image\/\",\"url\":\"https:\/\/arbuti.com\/wp-content\/uploads\/2020\/04\/cropped-Arbuti-Friseur-Muenchen.jpg\",\"contentUrl\":\"https:\/\/arbuti.com\/wp-content\/uploads\/2020\/04\/cropped-Arbuti-Friseur-Muenchen.jpg\",\"width\":512,\"height\":512,\"caption\":\"ARBUTI Hair Salon\"},\"image\":{\"@id\":\"https:\/\/arbuti.com\/fr\/#\/schema\/logo\/image\/\"},\"sameAs\":[\"https:\/\/www.facebook.com\/Arbutihairsalon\/\",\"https:\/\/www.instagram.com\/arbutihairsalon\/\",\"https:\/\/www.pinterest.de\/arbutihairsalon\/arbuti-hair-salon\/\"]},{\"@type\":\"Person\",\"@id\":\"https:\/\/arbuti.com\/fr\/#\/schema\/person\/d85bbf7b442ca0f812c3aa0ed9eece8f\",\"name\":\"admin\",\"image\":{\"@type\":\"ImageObject\",\"inLanguage\":\"it-IT\",\"@id\":\"https:\/\/arbuti.com\/fr\/#\/schema\/person\/image\/\",\"url\":\"https:\/\/secure.gravatar.com\/avatar\/a5ca7376327017715559ffb9b376df51?s=96&d=mm&r=g\",\"contentUrl\":\"https:\/\/secure.gravatar.com\/avatar\/a5ca7376327017715559ffb9b376df51?s=96&d=mm&r=g\",\"caption\":\"admin\"}}]}<\/script>\n<!-- \/ Yoast SEO Premium plugin. -->","yoast_head_json":{"title":"Haarspangen: 10 besten Haarklammern und Haarspangen 2025!","description":"Haarspangen und Haarklammern im Trend Test 2025. Wir haben alle Haarnadeln f\u00fcr dich im Vergleich. Welches hat Style und passt zu dir?","robots":{"index":"index","follow":"follow","max-snippet":"max-snippet:-1","max-image-preview":"max-image-preview:large","max-video-preview":"max-video-preview:-1"},"canonical":"https:\/\/arbuti.com\/it\/fermagli-per-capelli\/","og_locale":"it_IT","og_type":"article","og_title":"Haarspangen","og_description":"Haarspangen Die 10 besten Haarspangen und Haarklammern im Trend Haarschmuck Test 2025. Haarspangen und Haarklammern sind zur\u00fcck und besser als je","og_url":"https:\/\/arbuti.com\/it\/fermagli-per-capelli\/","og_site_name":"ARBUTI Hair Salon","article_publisher":"https:\/\/www.facebook.com\/Arbutihairsalon\/","article_published_time":"2021-03-16T13:31:52+00:00","article_modified_time":"2025-06-23T11:47:45+00:00","og_image":[{"width":1000,"height":778,"url":"https:\/\/arbuti.com\/wp-content\/uploads\/2021\/02\/Haarspangen.jpg","type":"image\/jpeg"}],"author":"admin","twitter_card":"summary_large_image","twitter_misc":{"Scritto da":"admin","Tempo di lettura stimato":"13 minuti"},"schema":{"@context":"https:\/\/schema.org","@graph":[{"@type":"Article","@id":"https:\/\/arbuti.com\/haarspangen\/#article","isPartOf":{"@id":"https:\/\/arbuti.com\/haarspangen\/"},"author":{"name":"admin","@id":"https:\/\/arbuti.com\/fr\/#\/schema\/person\/d85bbf7b442ca0f812c3aa0ed9eece8f"},"headline":"Haarspangen","datePublished":"2021-03-16T13:31:52+00:00","dateModified":"2025-06-23T11:47:45+00:00","mainEntityOfPage":{"@id":"https:\/\/arbuti.com\/haarspangen\/"},"wordCount":1916,"publisher":{"@id":"https:\/\/arbuti.com\/fr\/#organization"},"image":{"@id":"https:\/\/arbuti.com\/haarspangen\/#primaryimage"},"thumbnailUrl":"https:\/\/arbuti.com\/wp-content\/uploads\/2021\/02\/Haarspangen.jpg","articleSection":["Haarstyling"],"inLanguage":"it-IT"},{"@type":"WebPage","@id":"https:\/\/arbuti.com\/haarspangen\/","url":"https:\/\/arbuti.com\/haarspangen\/","name":"Haarspangen: 10 besten Haarklammern und Haarspangen 2025!","isPartOf":{"@id":"https:\/\/arbuti.com\/fr\/#website"},"primaryImageOfPage":{"@id":"https:\/\/arbuti.com\/haarspangen\/#primaryimage"},"image":{"@id":"https:\/\/arbuti.com\/haarspangen\/#primaryimage"},"thumbnailUrl":"https:\/\/arbuti.com\/wp-content\/uploads\/2021\/02\/Haarspangen.jpg","datePublished":"2021-03-16T13:31:52+00:00","dateModified":"2025-06-23T11:47:45+00:00","description":"Haarspangen und Haarklammern im Trend Test 2025. Wir haben alle Haarnadeln f\u00fcr dich im Vergleich. Welches hat Style und passt zu dir?","breadcrumb":{"@id":"https:\/\/arbuti.com\/haarspangen\/#breadcrumb"},"inLanguage":"it-IT","potentialAction":[{"@type":"ReadAction","target":["https:\/\/arbuti.com\/haarspangen\/"]}]},{"@type":"ImageObject","inLanguage":"it-IT","@id":"https:\/\/arbuti.com\/haarspangen\/#primaryimage","url":"https:\/\/arbuti.com\/wp-content\/uploads\/2021\/02\/Haarspangen.jpg","contentUrl":"https:\/\/arbuti.com\/wp-content\/uploads\/2021\/02\/Haarspangen.jpg","width":1000,"height":778,"caption":"Haarspangen"},{"@type":"BreadcrumbList","@id":"https:\/\/arbuti.com\/haarspangen\/#breadcrumb","itemListElement":[{"@type":"ListItem","position":1,"name":"ARBUTI","item":"https:\/\/arbuti.com\/"},{"@type":"ListItem","position":2,"name":"Haarstyling","item":"https:\/\/arbuti.com\/fr\/categorie\/haarstyling\/"},{"@type":"ListItem","position":3,"name":"Haarspangen"}]},{"@type":"WebSite","@id":"https:\/\/arbuti.com\/fr\/#website","url":"https:\/\/arbuti.com\/fr\/","name":"ARBUTI Hair Salon","description":"Friseur M\u00fcnchen","publisher":{"@id":"https:\/\/arbuti.com\/fr\/#organization"},"alternateName":"ARBUTI","potentialAction":[{"@type":"SearchAction","target":{"@type":"EntryPoint","urlTemplate":"https:\/\/arbuti.com\/fr\/?s={search_term_string}"},"query-input":{"@type":"PropertyValueSpecification","valueRequired":true,"valueName":"search_term_string"}}],"inLanguage":"it-IT"},{"@type":"Organization","@id":"https:\/\/arbuti.com\/fr\/#organization","name":"ARBUTI Hair Salon","alternateName":"ARBUTI","url":"https:\/\/arbuti.com\/fr\/","logo":{"@type":"ImageObject","inLanguage":"it-IT","@id":"https:\/\/arbuti.com\/fr\/#\/schema\/logo\/image\/","url":"https:\/\/arbuti.com\/wp-content\/uploads\/2020\/04\/cropped-Arbuti-Friseur-Muenchen.jpg","contentUrl":"https:\/\/arbuti.com\/wp-content\/uploads\/2020\/04\/cropped-Arbuti-Friseur-Muenchen.jpg","width":512,"height":512,"caption":"ARBUTI Hair Salon"},"image":{"@id":"https:\/\/arbuti.com\/fr\/#\/schema\/logo\/image\/"},"sameAs":["https:\/\/www.facebook.com\/Arbutihairsalon\/","https:\/\/www.instagram.com\/arbutihairsalon\/","https:\/\/www.pinterest.de\/arbutihairsalon\/arbuti-hair-salon\/"]},{"@type":"Person","@id":"https:\/\/arbuti.com\/fr\/#\/schema\/person\/d85bbf7b442ca0f812c3aa0ed9eece8f","name":"admin","image":{"@type":"ImageObject","inLanguage":"it-IT","@id":"https:\/\/arbuti.com\/fr\/#\/schema\/person\/image\/","url":"https:\/\/secure.gravatar.com\/avatar\/a5ca7376327017715559ffb9b376df51?s=96&d=mm&r=g","contentUrl":"https:\/\/secure.gravatar.com\/avatar\/a5ca7376327017715559ffb9b376df51?s=96&d=mm&r=g","caption":"admin"}}]}},"uagb_featured_image_src":{"full":["https:\/\/arbuti.com\/wp-content\/uploads\/2021\/02\/Haarspangen.jpg",1000,778,false],"thumbnail":["https:\/\/arbuti.com\/wp-content\/uploads\/2021\/02\/Haarspangen-150x150.jpg",150,150,true],"medium":["https:\/\/arbuti.com\/wp-content\/uploads\/2021\/02\/Haarspangen-300x233.jpg",300,233,true],"medium_large":["https:\/\/arbuti.com\/wp-content\/uploads\/2021\/02\/Haarspangen-768x598.jpg",768,598,true],"large":["https:\/\/arbuti.com\/wp-content\/uploads\/2021\/02\/Haarspangen.jpg",1000,778,false],"1536x1536":["https:\/\/arbuti.com\/wp-content\/uploads\/2021\/02\/Haarspangen.jpg",1000,778,false],"2048x2048":["https:\/\/arbuti.com\/wp-content\/uploads\/2021\/02\/Haarspangen.jpg",1000,778,false],"trp-custom-language-flag":["https:\/\/arbuti.com\/wp-content\/uploads\/2021\/02\/Haarspangen.jpg",15,12,false],"wp_review_large":["https:\/\/arbuti.com\/wp-content\/uploads\/2021\/02\/Haarspangen-320x200.jpg",320,200,true],"wp_review_small":["https:\/\/arbuti.com\/wp-content\/uploads\/2021\/02\/Haarspangen-65x65.jpg",65,65,true]},"uagb_author_info":{"display_name":"admin","author_link":"https:\/\/arbuti.com\/it\/author\/admin\/"},"uagb_comment_info":0,"uagb_excerpt":"Haarspangen Die 10 besten Haarspangen und Haarklammern im Trend Haarschmuck Test 2025. Haarspangen und Haarklammern sind zur\u00fcck und besser als [&hellip;]","_links":{"self":[{"href":"https:\/\/arbuti.com\/it\/wp-json\/wp\/v2\/posts\/8630","targetHints":{"allow":["GET"]}}],"collection":[{"href":"https:\/\/arbuti.com\/it\/wp-json\/wp\/v2\/posts"}],"about":[{"href":"https:\/\/arbuti.com\/it\/wp-json\/wp\/v2\/types\/post"}],"author":[{"embeddable":true,"href":"https:\/\/arbuti.com\/it\/wp-json\/wp\/v2\/users\/1"}],"replies":[{"embeddable":true,"href":"https:\/\/arbuti.com\/it\/wp-json\/wp\/v2\/comments?post=8630"}],"version-history":[{"count":47,"href":"https:\/\/arbuti.com\/it\/wp-json\/wp\/v2\/posts\/8630\/revisions"}],"predecessor-version":[{"id":14713,"href":"https:\/\/arbuti.com\/it\/wp-json\/wp\/v2\/posts\/8630\/revisions\/14713"}],"wp:featuredmedia":[{"embeddable":true,"href":"https:\/\/arbuti.com\/it\/wp-json\/wp\/v2\/media\/7053"}],"wp:attachment":[{"href":"https:\/\/arbuti.com\/it\/wp-json\/wp\/v2\/media?parent=8630"}],"wp:term":[{"taxonomy":"category","embeddable":true,"href":"https:\/\/arbuti.com\/it\/wp-json\/wp\/v2\/categories?post=8630"},{"taxonomy":"post_tag","embeddable":true,"href":"https:\/\/arbuti.com\/it\/wp-json\/wp\/v2\/tags?post=8630"}],"curies":[{"name":"wp","href":"https:\/\/api.w.org\/{rel}","templated":true}]}}