{"id":8282,"date":"2021-03-11T10:36:12","date_gmt":"2021-03-11T10:36:12","guid":{"rendered":"https:\/\/arbuti.com\/?p=8282"},"modified":"2023-01-17T11:59:41","modified_gmt":"2023-01-17T11:59:41","slug":"haarausfall-wechseljahre","status":"publish","type":"post","link":"https:\/\/arbuti.com\/it\/perdita-di-capelli-menopausa\/","title":{"rendered":"Perdita di capelli in menopausa"},"content":{"rendered":"<h1 class=\"has-text-align-center wp-block-heading\" id=\"h-haarausfall-wechseljahre-was-tun\">Perdita di capelli in menopausa: cosa fare?<\/h1>\n\n\n\n<p class=\"has-text-align-center\">Problemi di perdita di capelli durante la menopausa? Abbiamo tutto intorno all'argomento. Cosa aiuta e cosa posso fare? La perdita di capelli si fermer\u00e0 di nuovo?<\/p>\n\n\n\n<figure class=\"wp-block-image aligncenter size-large is-resized\"><img loading=\"lazy\" decoding=\"async\" src=\"https:\/\/arbuti.com\/wp-content\/uploads\/2021\/03\/haarausfall-wechseljahre.jpg\" alt=\"perdita di capelli menopausa\" class=\"wp-image-8284\" width=\"645\" height=\"502\" srcset=\"https:\/\/arbuti.com\/wp-content\/uploads\/2021\/03\/haarausfall-wechseljahre.jpg 1000w, https:\/\/arbuti.com\/wp-content\/uploads\/2021\/03\/haarausfall-wechseljahre-300x233.jpg 300w, https:\/\/arbuti.com\/wp-content\/uploads\/2021\/03\/haarausfall-wechseljahre-768x598.jpg 768w\" sizes=\"auto, (max-width: 645px) 100vw, 645px\" \/><\/figure>\n\n\n\n<p>La menopausa \u00e8 un processo biologico naturale che tutte le donne sperimentano ad un certo punto della loro vita. Durante questo periodo, il corpo attraversa numerosi cambiamenti fisici mentre si adatta ai livelli ormonali fluttuanti. Molte donne sperimentano sintomi spiacevoli durante la menopausa, tra cui vampate di calore, sbalzi d'umore e insonnia. La perdita di capelli \u00e8 un altro evento comune.<\/p>\n\n\n\n<p>La perdita di capelli tende ad essere pi\u00f9 sottile nelle donne che negli uomini. Nella maggior parte delle donne, i capelli sono complessivamente pi\u00f9 sottili che nelle zone calve. Il diradamento pu\u00f2 verificarsi sulla parte anteriore, sui lati o sulla parte superiore della testa. Spazzolare e fare la doccia pu\u00f2 anche causare la caduta dei capelli in grossi ciuffi.<\/p>\n\n\n\n<h2 class=\"wp-block-heading\" id=\"h-haarausfall-in-wechseljahren\">perdita di capelli in menopausa<\/h2>\n\n\n\n<p>La ricerca suggerisce che la perdita di capelli durante la menopausa \u00e8 il risultato di uno squilibrio ormonale. In particolare, \u00e8 legato alla diminuzione della produzione di estrogeni e progesterone. Questi ormoni aiutano i capelli a crescere pi\u00f9 velocemente e a rimanere sulla testa pi\u00f9 a lungo. Quando i livelli di estrogeni e progesterone diminuiscono, i capelli crescono pi\u00f9 lentamente e diventano molto pi\u00f9 sottili. Una diminuzione di questi ormoni provoca anche un aumento della produzione di androgeni, un gruppo di ormoni maschili. Gli androgeni riducono il <a href=\"https:\/\/arbuti.com\/it\/follicolo-pilifero\/\">Follicolo Pilifero<\/a>che porta alla perdita di capelli sulla testa. Tuttavia, in alcuni casi, questi ormoni possono far crescere pi\u00f9 peli sul viso. Per questo motivo, alcune donne in menopausa sviluppano una \"peluria\" sul viso e piccoli germogli di peli sul mento.<\/p>\n\n\n\n<p>Nelle donne in menopausa, la causa della perdita di capelli \u00e8 quasi sempre legata ai cambiamenti ormonali. Tuttavia, ci sono molti altri fattori che possono contribuire alla perdita di capelli durante la menopausa. Questi includono livelli di stress estremamente elevati, malattie o una carenza di alcuni nutrienti. Tra gli esami del sangue diagnostici che possono aiutare a identificare altri <a href=\"https:\/\/arbuti.com\/it\/cause-di-perdita-dei-capelli\/\">Cause della perdita di capelli<\/a> includono test della tiroide e\/o un conteggio completo del sangue.<\/p>\n\n\n\n<h2 class=\"wp-block-heading\" id=\"h-was-kann-ich-bei-haarausfall-in-den-wechseljahren-tun\">Cosa posso fare per la perdita di capelli durante la menopausa?<\/h2>\n\n\n\n<p>La perdita dei capelli pu\u00f2 farvi sentire consapevoli del vostro aspetto fisico, ma la condizione non \u00e8 permanente. Ci sono anche dei passi che puoi fare per trattare la perdita di capelli e migliorare la qualit\u00e0 dei tuoi capelli. Segui questi consigli per mantenere le tue ciocche sane e forti durante la menopausa.<\/p>\n\n\n\n<h3 class=\"wp-block-heading\" id=\"h-1-stress-reduzieren\">1. ridurre lo stress<\/h3>\n\n\n\n<p>\u00c8 importante che tu mantenga il tuo <a href=\"https:\/\/arbuti.com\/it\/stress-da-perdita-di-capelli\/\">Stress<\/a> in controllo per evitare lo squilibrio ormonale. La diminuzione della produzione di estrogeni pu\u00f2 influenzare la chimica del cervello e causare sbalzi d'umore, ansia e depressione. Tuttavia, lo yoga e altri metodi di rilassamento respiratorio sono particolarmente efficaci per combattere i sintomi della menopausa. Anche l'esercizio fisico regolare pu\u00f2 aiutare a ridurre lo stress.<\/p>\n\n\n\n<h3 class=\"wp-block-heading\" id=\"h-2-bewegen-sie-sich\">2. muoversi<\/h3>\n\n\n\n<p>Per prevenire la perdita di capelli durante la menopausa, \u00e8 molto importante anche un abbondante esercizio fisico. L'esercizio fisico \u00e8 una componente chiave di uno stile di vita sano. Ti sentirai pi\u00f9 forte e pi\u00f9 felice se incorporerai l'esercizio fisico nella tua routine quotidiana. Aiuta anche a prevenire alcuni degli altri sintomi della menopausa, compresi gli sbalzi d'umore, l'aumento di peso e l'insonnia. Tutti questi fattori sono importanti per mantenere l'equilibrio ormonale che mantiene un sano <a href=\"https:\/\/arbuti.com\/it\/restauratore-di-capelli\/\">ricrescita dei capelli<\/a> promuove.<\/p>\n\n\n\n<p>Scegliete una forma di esercizio che sia adatta a voi. Potresti voler fare una passeggiata con un amico, andare in palestra o fare una corsa.<\/p>\n\n\n\n<h3 class=\"wp-block-heading\" id=\"h-3-gut-essen\">3. mangiare bene<\/h3>\n\n\n\n<p>Una dieta equilibrata e povera di grassi \u00e8 la migliore difesa contro la perdita di capelli. Assicurati di includere una quantit\u00e0 adeguata di cereali integrali, frutta e verdura in ogni pasto. \u00c8 anche importante includere nella dieta oli monosaturi come l'olio d'oliva e l'olio di sesamo. Mangiare sano pu\u00f2 anche essere una buona alternativa per la perdita di capelli in menopausa. Bere t\u00e8 verde e assumere vitamina B6 e acido folico pu\u00f2 anche aiutare a ripristinare la crescita dei capelli. Anche gli acidi grassi essenziali giocano un ruolo cruciale nel mantenimento della salute dei capelli. Questi acidi grassi si trovano nei seguenti alimenti:<\/p>\n\n\n\n<ul class=\"wp-block-list\">\n<li>Salmone<\/li>\n\n\n\n<li>Tonno<\/li>\n\n\n\n<li>Olio di semi di lino<\/li>\n\n\n\n<li>Noci<\/li>\n\n\n\n<li>Mandorle<\/li>\n<\/ul>\n\n\n\n<h3 class=\"wp-block-heading\">4. parli con il suo medico dei suoi farmaci<\/h3>\n\n\n\n<p>Alcuni farmaci hanno effetti collaterali come la perdita dei capelli. Parla con il tuo medico se stai sperimentando una significativa perdita di capelli e pensi che il tuo farmaco possa essere la causa. Il suo medico potrebbe essere in grado di passare a un diverso tipo di medicina senza segnalare gli effetti collaterali. Non smetta di prendere il farmaco prima di averne parlato con il suo medico perch\u00e9 questo potrebbe essere dannoso per la sua salute.<\/p>\n\n\n\n<p>Controlla il nostro naturale <a href=\"https:\/\/arbuti.com\/it\/rimedi-per-la-perdita-dei-capelli\/\">Fiale Anticaduta<\/a> Test Winner 2021 su.<\/p>\n\n\n\n<figure class=\"wp-block-image size-large is-resized\"><img loading=\"lazy\" decoding=\"async\" src=\"https:\/\/arbuti.com\/wp-content\/uploads\/2020\/03\/Haarausfall-Wechseljahre.jpg\" alt=\"Perdita di capelli in menopausa\" class=\"wp-image-4040\" width=\"608\" height=\"456\" srcset=\"https:\/\/arbuti.com\/wp-content\/uploads\/2020\/03\/Haarausfall-Wechseljahre.jpg 800w, https:\/\/arbuti.com\/wp-content\/uploads\/2020\/03\/Haarausfall-Wechseljahre-300x225.jpg 300w, https:\/\/arbuti.com\/wp-content\/uploads\/2020\/03\/Haarausfall-Wechseljahre-768x576.jpg 768w, https:\/\/arbuti.com\/wp-content\/uploads\/2020\/03\/Haarausfall-Wechseljahre-200x150.jpg 200w, https:\/\/arbuti.com\/wp-content\/uploads\/2020\/03\/Haarausfall-Wechseljahre-400x300.jpg 400w, https:\/\/arbuti.com\/wp-content\/uploads\/2020\/03\/Haarausfall-Wechseljahre-600x450.jpg 600w\" sizes=\"auto, (max-width: 608px) 100vw, 608px\" \/><\/figure>\n\n\n\n<h2 class=\"wp-block-heading\">Come influisce la menopausa sui capelli?<\/h2>\n\n\n\n<p>La maggior parte delle donne trovano che i loro capelli perdono volume e lunghezza durante la menopausa. Questo perch\u00e9 la menopausa \u00e8 il momento in cui i tuoi livelli di estrogeni calano, e gli estrogeni sono un ormone amico dei capelli che aiuta a mantenere i tuoi capelli nella fase anagen (crescita) pi\u00f9 a lungo.<\/p>\n\n\n\n<p><br>Si pu\u00f2 anche scoprire che i capelli si spezzano pi\u00f9 facilmente dopo la menopausa. Questo perch\u00e9 i nuovi capelli che i tuoi follicoli producono diventano gradualmente pi\u00f9 fini, e i capelli pi\u00f9 fini sono naturalmente pi\u00f9 fragili.<\/p>\n\n\n\n<p><br>Nelle donne i cui follicoli piliferi sono sensibili al DHT (diidrotestosterone), la perdita di capelli durante la menopausa \u00e8 spesso pi\u00f9 grave.&nbsp;<\/p>\n\n\n\n<h2 class=\"wp-block-heading\" id=\"why-does-menopause-cause-hair-loss\">Perch\u00e9 la menopausa causa la perdita di capelli?<\/h2>\n\n\n\n<p>Anche se la maggior parte delle persone non considererebbe automaticamente la perdita di capelli un sintomo della menopausa, i cambiamenti ormonali che la menopausa provoca possono avere ogni sorta di effetti inaspettati sul corpo.<\/p>\n\n\n\n<p>Gli ormoni estrogeni e testosterone hanno l'influenza pi\u00f9 importante sulla crescita dei capelli. Durante la menopausa, il livello di estrogeni diminuisce. Questo ormone \u00e8 importante per promuovere la crescita dei capelli. Mentre i livelli di estrogeni diminuiscono, i livelli di testosterone aumentano in modo sproporzionato. Questo fa s\u00ec che i peli che crescono siano pi\u00f9 sottili di prima, e pu\u00f2 anche causare peli sul viso.<\/p>\n\n\n\n<p>Tuttavia, ci sono altre cause di perdita di capelli. Questi includono fattori semplici come ci\u00f2 che si mangia e problemi pi\u00f9 gravi come lo stress, alcune malattie e farmaci. \u00c8 importante andare a fondo del problema per trovare il trattamento pi\u00f9 efficace.<\/p>\n\n\n\n<h2 class=\"wp-block-heading\" id=\"h-fragen-und-antworten\">Domande e risposte<\/h2>\n\n\n\t\t<section\t\tclass=\"sc_fs_faq sc_card\"\n\t\t\t\t>\n\t\t\t\t<h3>Ho la perdita di capelli dopo la menopausa?<\/h3>\t\t\t\t<div>\n\t\t\t\t\t\t<div class=\"sc_fs_faq__content\">\n\t\t\t\t\n\n<p>Una funzione importante dei capelli \u00e8 quella di proteggere il cuoio capelluto dalla luce del sole. \u00c8 quindi importante proteggere le zone calve del cuoio capelluto dal sole per evitare scottature e ridurre la probabilit\u00e0 di danni solari a lungo termine. State tranquilli. La maggior parte della perdita di capelli durante la menopausa rallenta con il tempo.<\/p>\n\n\t\t\t<\/div>\n\t\t<\/div>\n\t\t<\/section>\n\t\t\t\t<section\t\tclass=\"sc_fs_faq sc_card\"\n\t\t\t\t>\n\t\t\t\t<h3>Quali vitamine sono buone per la perdita di capelli durante la menopausa?<\/h3>\t\t\t\t<div>\n\t\t\t\t\t\t<div class=\"sc_fs_faq__content\">\n\t\t\t\t\n\n<p>La vitamina C \u00e8 il nutriente che continua a dare ed \u00e8 essenziale per mantenere i capelli sani durante la menopausa. Non solo pu\u00f2 promuovere la crescita dei capelli sani, ma anche stimolare la ricrescita dopo la perdita dei capelli.<\/p>\n\n\t\t\t<\/div>\n\t\t<\/div>\n\t\t<\/section>\n\t\t\n<script type=\"application\/ld+json\">{\n    \"@context\": \"https:\\\/\\\/schema.org\",\n    \"@type\": \"FAQPage\",\n    \"mainEntity\": [\n        {\n            \"@type\": \"Question\",\n            \"name\": \"Habe ich nach den Wechseljahren Haarausfall?\",\n            \"acceptedAnswer\": {\n                \"@type\": \"Answer\",\n                \"text\": \"<p>Eine wichtige Funktion des Haares besteht darin, die Kopfhaut vor Sonnenlicht zu sch\\u00fctzen. Es ist daher wichtig, kahle Stellen Ihrer Kopfhaut vor der Sonne zu sch\\u00fctzen, um Sonnenbrand zu vermeiden und die Wahrscheinlichkeit einer langfristigen Sonnensch\\u00e4digung zu verringern. Seien Sie beruhigt. Der meiste Haarausfall in den Wechseljahren verlangsamt sich mit der Zeit.<\\\/p>\"\n            }\n        },\n        {\n            \"@type\": \"Question\",\n            \"name\": \"Welche Vitamine sind gut gegen Haarausfall in den Wechseljahren?\",\n            \"acceptedAnswer\": {\n                \"@type\": \"Answer\",\n                \"text\": \"<p>Vitamin C ist der N\\u00e4hrstoff, der einfach weitergibt und f\\u00fcr die Aufrechterhaltung eines gesunden Haares in den Wechseljahren unerl\\u00e4sslich ist. Es kann nicht nur das gesunde Haarwachstum f\\u00f6rdern, sondern auch das Nachwachsen nach Haarausfall stimulieren.<\\\/p>\"\n            }\n        }\n    ]\n}<\/script>","protected":false},"excerpt":{"rendered":"<p>Haarausfall Wechseljahre: Was tun? Probleme mit Haarausfall in den Wechseljahren?&nbsp;Wir haben alles rund um das Thema. Was hilft und was [&hellip;]<\/p>","protected":false},"author":1,"featured_media":8284,"comment_status":"closed","ping_status":"open","sticky":false,"template":"","format":"standard","meta":{"ub_ctt_via":"","_uag_custom_page_level_css":"","site-sidebar-layout":"default","site-content-layout":"default","ast-site-content-layout":"","site-content-style":"default","site-sidebar-style":"default","ast-global-header-display":"","ast-banner-title-visibility":"","ast-main-header-display":"","ast-hfb-above-header-display":"","ast-hfb-below-header-display":"","ast-hfb-mobile-header-display":"","site-post-title":"","ast-breadcrumbs-content":"","ast-featured-img":"","footer-sml-layout":"","theme-transparent-header-meta":"default","adv-header-id-meta":"","stick-header-meta":"default","header-above-stick-meta":"","header-main-stick-meta":"","header-below-stick-meta":"","astra-migrate-meta-layouts":"default","ast-page-background-enabled":"default","ast-page-background-meta":{"desktop":{"background-color":"","background-image":"","background-repeat":"repeat","background-position":"center center","background-size":"auto","background-attachment":"scroll","background-type":"","background-media":"","overlay-type":"","overlay-color":"","overlay-opacity":"","overlay-gradient":""},"tablet":{"background-color":"","background-image":"","background-repeat":"repeat","background-position":"center center","background-size":"auto","background-attachment":"scroll","background-type":"","background-media":"","overlay-type":"","overlay-color":"","overlay-opacity":"","overlay-gradient":""},"mobile":{"background-color":"","background-image":"","background-repeat":"repeat","background-position":"center center","background-size":"auto","background-attachment":"scroll","background-type":"","background-media":"","overlay-type":"","overlay-color":"","overlay-opacity":"","overlay-gradient":""}},"ast-content-background-meta":{"desktop":{"background-color":"var(--ast-global-color-5)","background-image":"","background-repeat":"repeat","background-position":"center center","background-size":"auto","background-attachment":"scroll","background-type":"","background-media":"","overlay-type":"","overlay-color":"","overlay-opacity":"","overlay-gradient":""},"tablet":{"background-color":"var(--ast-global-color-5)","background-image":"","background-repeat":"repeat","background-position":"center center","background-size":"auto","background-attachment":"scroll","background-type":"","background-media":"","overlay-type":"","overlay-color":"","overlay-opacity":"","overlay-gradient":""},"mobile":{"background-color":"var(--ast-global-color-5)","background-image":"","background-repeat":"repeat","background-position":"center center","background-size":"auto","background-attachment":"scroll","background-type":"","background-media":"","overlay-type":"","overlay-color":"","overlay-opacity":"","overlay-gradient":""}},"footnotes":""},"categories":[6329],"tags":[],"class_list":["post-8282","post","type-post","status-publish","format-standard","has-post-thumbnail","hentry","category-haarausfall"],"featured_image_src":"https:\/\/arbuti.com\/wp-content\/uploads\/2021\/03\/haarausfall-wechseljahre.jpg","author_info":{"display_name":"admin","author_link":"https:\/\/arbuti.com\/it\/author\/admin\/"},"yoast_head":"<!-- This site is optimized with the Yoast SEO Premium plugin v25.3 (Yoast SEO v25.3) - https:\/\/yoast.com\/wordpress\/plugins\/seo\/ -->\n<title>Haarausfall Wechseljahre: Was kann ich tun, h\u00f6rt das wieder auf?<\/title>\n<meta name=\"description\" content=\"Haarausfall in den Wechseljahren. Was hilft und was kann ich dagegen tun? H\u00f6rt der Ausfall der Haare wieder auf?\" \/>\n<meta name=\"robots\" content=\"index, follow, max-snippet:-1, max-image-preview:large, max-video-preview:-1\" \/>\n<link rel=\"canonical\" href=\"https:\/\/arbuti.com\/it\/perdita-di-capelli-menopausa\/\" \/>\n<meta property=\"og:locale\" content=\"it_IT\" \/>\n<meta property=\"og:type\" content=\"article\" \/>\n<meta property=\"og:title\" content=\"Haarausfall Wechseljahre\" \/>\n<meta property=\"og:description\" content=\"Haarausfall Wechseljahre: Was tun? Probleme mit Haarausfall in den Wechseljahren?&nbsp;Wir haben alles rund um das Thema. Was hilft und was kann ich\" \/>\n<meta property=\"og:url\" content=\"https:\/\/arbuti.com\/it\/perdita-di-capelli-menopausa\/\" \/>\n<meta property=\"og:site_name\" content=\"ARBUTI Hair Salon\" \/>\n<meta property=\"article:publisher\" content=\"https:\/\/www.facebook.com\/Arbutihairsalon\/\" \/>\n<meta property=\"article:published_time\" content=\"2021-03-11T10:36:12+00:00\" \/>\n<meta property=\"article:modified_time\" content=\"2023-01-17T11:59:41+00:00\" \/>\n<meta property=\"og:image\" content=\"https:\/\/arbuti.com\/wp-content\/uploads\/2021\/03\/haarausfall-wechseljahre.jpg\" \/>\n\t<meta property=\"og:image:width\" content=\"1000\" \/>\n\t<meta property=\"og:image:height\" content=\"778\" \/>\n\t<meta property=\"og:image:type\" content=\"image\/jpeg\" \/>\n<meta name=\"author\" content=\"admin\" \/>\n<meta name=\"twitter:card\" content=\"summary_large_image\" \/>\n<meta name=\"twitter:label1\" content=\"Scritto da\" \/>\n\t<meta name=\"twitter:data1\" content=\"admin\" \/>\n\t<meta name=\"twitter:label2\" content=\"Tempo di lettura stimato\" \/>\n\t<meta name=\"twitter:data2\" content=\"7 minuti\" \/>\n<script type=\"application\/ld+json\" class=\"yoast-schema-graph\">{\"@context\":\"https:\/\/schema.org\",\"@graph\":[{\"@type\":\"Article\",\"@id\":\"https:\/\/arbuti.com\/haarausfall-wechseljahre\/#article\",\"isPartOf\":{\"@id\":\"https:\/\/arbuti.com\/haarausfall-wechseljahre\/\"},\"author\":{\"name\":\"admin\",\"@id\":\"https:\/\/arbuti.com\/fr\/#\/schema\/person\/d85bbf7b442ca0f812c3aa0ed9eece8f\"},\"headline\":\"Haarausfall Wechseljahre\",\"datePublished\":\"2021-03-11T10:36:12+00:00\",\"dateModified\":\"2023-01-17T11:59:41+00:00\",\"mainEntityOfPage\":{\"@id\":\"https:\/\/arbuti.com\/haarausfall-wechseljahre\/\"},\"wordCount\":1187,\"publisher\":{\"@id\":\"https:\/\/arbuti.com\/fr\/#organization\"},\"image\":{\"@id\":\"https:\/\/arbuti.com\/haarausfall-wechseljahre\/#primaryimage\"},\"thumbnailUrl\":\"https:\/\/arbuti.com\/wp-content\/uploads\/2021\/03\/haarausfall-wechseljahre.jpg\",\"articleSection\":[\"Haarausfall\"],\"inLanguage\":\"it-IT\"},{\"@type\":\"WebPage\",\"@id\":\"https:\/\/arbuti.com\/haarausfall-wechseljahre\/\",\"url\":\"https:\/\/arbuti.com\/haarausfall-wechseljahre\/\",\"name\":\"Haarausfall Wechseljahre: Was kann ich tun, h\u00f6rt das wieder auf?\",\"isPartOf\":{\"@id\":\"https:\/\/arbuti.com\/fr\/#website\"},\"primaryImageOfPage\":{\"@id\":\"https:\/\/arbuti.com\/haarausfall-wechseljahre\/#primaryimage\"},\"image\":{\"@id\":\"https:\/\/arbuti.com\/haarausfall-wechseljahre\/#primaryimage\"},\"thumbnailUrl\":\"https:\/\/arbuti.com\/wp-content\/uploads\/2021\/03\/haarausfall-wechseljahre.jpg\",\"datePublished\":\"2021-03-11T10:36:12+00:00\",\"dateModified\":\"2023-01-17T11:59:41+00:00\",\"description\":\"Haarausfall in den Wechseljahren. Was hilft und was kann ich dagegen tun? H\u00f6rt der Ausfall der Haare wieder auf?\",\"breadcrumb\":{\"@id\":\"https:\/\/arbuti.com\/haarausfall-wechseljahre\/#breadcrumb\"},\"inLanguage\":\"it-IT\",\"potentialAction\":[{\"@type\":\"ReadAction\",\"target\":[\"https:\/\/arbuti.com\/haarausfall-wechseljahre\/\"]}]},{\"@type\":\"ImageObject\",\"inLanguage\":\"it-IT\",\"@id\":\"https:\/\/arbuti.com\/haarausfall-wechseljahre\/#primaryimage\",\"url\":\"https:\/\/arbuti.com\/wp-content\/uploads\/2021\/03\/haarausfall-wechseljahre.jpg\",\"contentUrl\":\"https:\/\/arbuti.com\/wp-content\/uploads\/2021\/03\/haarausfall-wechseljahre.jpg\",\"width\":1000,\"height\":778,\"caption\":\"haarausfall-wechseljahre\"},{\"@type\":\"BreadcrumbList\",\"@id\":\"https:\/\/arbuti.com\/haarausfall-wechseljahre\/#breadcrumb\",\"itemListElement\":[{\"@type\":\"ListItem\",\"position\":1,\"name\":\"ARBUTI\",\"item\":\"https:\/\/arbuti.com\/\"},{\"@type\":\"ListItem\",\"position\":2,\"name\":\"Haarausfall\",\"item\":\"https:\/\/arbuti.com\/fr\/categorie\/haarausfall\/\"},{\"@type\":\"ListItem\",\"position\":3,\"name\":\"Haarausfall Wechseljahre\"}]},{\"@type\":\"WebSite\",\"@id\":\"https:\/\/arbuti.com\/fr\/#website\",\"url\":\"https:\/\/arbuti.com\/fr\/\",\"name\":\"ARBUTI Hair Salon\",\"description\":\"Friseur M\u00fcnchen\",\"publisher\":{\"@id\":\"https:\/\/arbuti.com\/fr\/#organization\"},\"alternateName\":\"ARBUTI\",\"potentialAction\":[{\"@type\":\"SearchAction\",\"target\":{\"@type\":\"EntryPoint\",\"urlTemplate\":\"https:\/\/arbuti.com\/fr\/?s={search_term_string}\"},\"query-input\":{\"@type\":\"PropertyValueSpecification\",\"valueRequired\":true,\"valueName\":\"search_term_string\"}}],\"inLanguage\":\"it-IT\"},{\"@type\":\"Organization\",\"@id\":\"https:\/\/arbuti.com\/fr\/#organization\",\"name\":\"ARBUTI Hair Salon\",\"alternateName\":\"ARBUTI\",\"url\":\"https:\/\/arbuti.com\/fr\/\",\"logo\":{\"@type\":\"ImageObject\",\"inLanguage\":\"it-IT\",\"@id\":\"https:\/\/arbuti.com\/fr\/#\/schema\/logo\/image\/\",\"url\":\"https:\/\/arbuti.com\/wp-content\/uploads\/2020\/04\/cropped-Arbuti-Friseur-Muenchen.jpg\",\"contentUrl\":\"https:\/\/arbuti.com\/wp-content\/uploads\/2020\/04\/cropped-Arbuti-Friseur-Muenchen.jpg\",\"width\":512,\"height\":512,\"caption\":\"ARBUTI Hair Salon\"},\"image\":{\"@id\":\"https:\/\/arbuti.com\/fr\/#\/schema\/logo\/image\/\"},\"sameAs\":[\"https:\/\/www.facebook.com\/Arbutihairsalon\/\",\"https:\/\/www.instagram.com\/arbutihairsalon\/\",\"https:\/\/www.pinterest.de\/arbutihairsalon\/arbuti-hair-salon\/\"]},{\"@type\":\"Person\",\"@id\":\"https:\/\/arbuti.com\/fr\/#\/schema\/person\/d85bbf7b442ca0f812c3aa0ed9eece8f\",\"name\":\"admin\",\"image\":{\"@type\":\"ImageObject\",\"inLanguage\":\"it-IT\",\"@id\":\"https:\/\/arbuti.com\/fr\/#\/schema\/person\/image\/\",\"url\":\"https:\/\/secure.gravatar.com\/avatar\/a5ca7376327017715559ffb9b376df51?s=96&d=mm&r=g\",\"contentUrl\":\"https:\/\/secure.gravatar.com\/avatar\/a5ca7376327017715559ffb9b376df51?s=96&d=mm&r=g\",\"caption\":\"admin\"}}]}<\/script>\n<!-- \/ Yoast SEO Premium plugin. -->","yoast_head_json":{"title":"Haarausfall Wechseljahre: Was kann ich tun, h\u00f6rt das wieder auf?","description":"Haarausfall in den Wechseljahren. Was hilft und was kann ich dagegen tun? H\u00f6rt der Ausfall der Haare wieder auf?","robots":{"index":"index","follow":"follow","max-snippet":"max-snippet:-1","max-image-preview":"max-image-preview:large","max-video-preview":"max-video-preview:-1"},"canonical":"https:\/\/arbuti.com\/it\/perdita-di-capelli-menopausa\/","og_locale":"it_IT","og_type":"article","og_title":"Haarausfall Wechseljahre","og_description":"Haarausfall Wechseljahre: Was tun? Probleme mit Haarausfall in den Wechseljahren?&nbsp;Wir haben alles rund um das Thema. Was hilft und was kann ich","og_url":"https:\/\/arbuti.com\/it\/perdita-di-capelli-menopausa\/","og_site_name":"ARBUTI Hair Salon","article_publisher":"https:\/\/www.facebook.com\/Arbutihairsalon\/","article_published_time":"2021-03-11T10:36:12+00:00","article_modified_time":"2023-01-17T11:59:41+00:00","og_image":[{"width":1000,"height":778,"url":"https:\/\/arbuti.com\/wp-content\/uploads\/2021\/03\/haarausfall-wechseljahre.jpg","type":"image\/jpeg"}],"author":"admin","twitter_card":"summary_large_image","twitter_misc":{"Scritto da":"admin","Tempo di lettura stimato":"7 minuti"},"schema":{"@context":"https:\/\/schema.org","@graph":[{"@type":"Article","@id":"https:\/\/arbuti.com\/haarausfall-wechseljahre\/#article","isPartOf":{"@id":"https:\/\/arbuti.com\/haarausfall-wechseljahre\/"},"author":{"name":"admin","@id":"https:\/\/arbuti.com\/fr\/#\/schema\/person\/d85bbf7b442ca0f812c3aa0ed9eece8f"},"headline":"Haarausfall Wechseljahre","datePublished":"2021-03-11T10:36:12+00:00","dateModified":"2023-01-17T11:59:41+00:00","mainEntityOfPage":{"@id":"https:\/\/arbuti.com\/haarausfall-wechseljahre\/"},"wordCount":1187,"publisher":{"@id":"https:\/\/arbuti.com\/fr\/#organization"},"image":{"@id":"https:\/\/arbuti.com\/haarausfall-wechseljahre\/#primaryimage"},"thumbnailUrl":"https:\/\/arbuti.com\/wp-content\/uploads\/2021\/03\/haarausfall-wechseljahre.jpg","articleSection":["Haarausfall"],"inLanguage":"it-IT"},{"@type":"WebPage","@id":"https:\/\/arbuti.com\/haarausfall-wechseljahre\/","url":"https:\/\/arbuti.com\/haarausfall-wechseljahre\/","name":"Haarausfall Wechseljahre: Was kann ich tun, h\u00f6rt das wieder auf?","isPartOf":{"@id":"https:\/\/arbuti.com\/fr\/#website"},"primaryImageOfPage":{"@id":"https:\/\/arbuti.com\/haarausfall-wechseljahre\/#primaryimage"},"image":{"@id":"https:\/\/arbuti.com\/haarausfall-wechseljahre\/#primaryimage"},"thumbnailUrl":"https:\/\/arbuti.com\/wp-content\/uploads\/2021\/03\/haarausfall-wechseljahre.jpg","datePublished":"2021-03-11T10:36:12+00:00","dateModified":"2023-01-17T11:59:41+00:00","description":"Haarausfall in den Wechseljahren. Was hilft und was kann ich dagegen tun? H\u00f6rt der Ausfall der Haare wieder auf?","breadcrumb":{"@id":"https:\/\/arbuti.com\/haarausfall-wechseljahre\/#breadcrumb"},"inLanguage":"it-IT","potentialAction":[{"@type":"ReadAction","target":["https:\/\/arbuti.com\/haarausfall-wechseljahre\/"]}]},{"@type":"ImageObject","inLanguage":"it-IT","@id":"https:\/\/arbuti.com\/haarausfall-wechseljahre\/#primaryimage","url":"https:\/\/arbuti.com\/wp-content\/uploads\/2021\/03\/haarausfall-wechseljahre.jpg","contentUrl":"https:\/\/arbuti.com\/wp-content\/uploads\/2021\/03\/haarausfall-wechseljahre.jpg","width":1000,"height":778,"caption":"haarausfall-wechseljahre"},{"@type":"BreadcrumbList","@id":"https:\/\/arbuti.com\/haarausfall-wechseljahre\/#breadcrumb","itemListElement":[{"@type":"ListItem","position":1,"name":"ARBUTI","item":"https:\/\/arbuti.com\/"},{"@type":"ListItem","position":2,"name":"Haarausfall","item":"https:\/\/arbuti.com\/fr\/categorie\/haarausfall\/"},{"@type":"ListItem","position":3,"name":"Haarausfall Wechseljahre"}]},{"@type":"WebSite","@id":"https:\/\/arbuti.com\/fr\/#website","url":"https:\/\/arbuti.com\/fr\/","name":"ARBUTI Hair Salon","description":"Friseur M\u00fcnchen","publisher":{"@id":"https:\/\/arbuti.com\/fr\/#organization"},"alternateName":"ARBUTI","potentialAction":[{"@type":"SearchAction","target":{"@type":"EntryPoint","urlTemplate":"https:\/\/arbuti.com\/fr\/?s={search_term_string}"},"query-input":{"@type":"PropertyValueSpecification","valueRequired":true,"valueName":"search_term_string"}}],"inLanguage":"it-IT"},{"@type":"Organization","@id":"https:\/\/arbuti.com\/fr\/#organization","name":"ARBUTI Hair Salon","alternateName":"ARBUTI","url":"https:\/\/arbuti.com\/fr\/","logo":{"@type":"ImageObject","inLanguage":"it-IT","@id":"https:\/\/arbuti.com\/fr\/#\/schema\/logo\/image\/","url":"https:\/\/arbuti.com\/wp-content\/uploads\/2020\/04\/cropped-Arbuti-Friseur-Muenchen.jpg","contentUrl":"https:\/\/arbuti.com\/wp-content\/uploads\/2020\/04\/cropped-Arbuti-Friseur-Muenchen.jpg","width":512,"height":512,"caption":"ARBUTI Hair Salon"},"image":{"@id":"https:\/\/arbuti.com\/fr\/#\/schema\/logo\/image\/"},"sameAs":["https:\/\/www.facebook.com\/Arbutihairsalon\/","https:\/\/www.instagram.com\/arbutihairsalon\/","https:\/\/www.pinterest.de\/arbutihairsalon\/arbuti-hair-salon\/"]},{"@type":"Person","@id":"https:\/\/arbuti.com\/fr\/#\/schema\/person\/d85bbf7b442ca0f812c3aa0ed9eece8f","name":"admin","image":{"@type":"ImageObject","inLanguage":"it-IT","@id":"https:\/\/arbuti.com\/fr\/#\/schema\/person\/image\/","url":"https:\/\/secure.gravatar.com\/avatar\/a5ca7376327017715559ffb9b376df51?s=96&d=mm&r=g","contentUrl":"https:\/\/secure.gravatar.com\/avatar\/a5ca7376327017715559ffb9b376df51?s=96&d=mm&r=g","caption":"admin"}}]}},"uagb_featured_image_src":{"full":["https:\/\/arbuti.com\/wp-content\/uploads\/2021\/03\/haarausfall-wechseljahre.jpg",1000,778,false],"thumbnail":["https:\/\/arbuti.com\/wp-content\/uploads\/2021\/03\/haarausfall-wechseljahre-150x150.jpg",150,150,true],"medium":["https:\/\/arbuti.com\/wp-content\/uploads\/2021\/03\/haarausfall-wechseljahre-300x233.jpg",300,233,true],"medium_large":["https:\/\/arbuti.com\/wp-content\/uploads\/2021\/03\/haarausfall-wechseljahre-768x598.jpg",768,598,true],"large":["https:\/\/arbuti.com\/wp-content\/uploads\/2021\/03\/haarausfall-wechseljahre.jpg",1000,778,false],"1536x1536":["https:\/\/arbuti.com\/wp-content\/uploads\/2021\/03\/haarausfall-wechseljahre.jpg",1000,778,false],"2048x2048":["https:\/\/arbuti.com\/wp-content\/uploads\/2021\/03\/haarausfall-wechseljahre.jpg",1000,778,false],"trp-custom-language-flag":["https:\/\/arbuti.com\/wp-content\/uploads\/2021\/03\/haarausfall-wechseljahre.jpg",15,12,false],"wp_review_large":["https:\/\/arbuti.com\/wp-content\/uploads\/2021\/03\/haarausfall-wechseljahre-320x200.jpg",320,200,true],"wp_review_small":["https:\/\/arbuti.com\/wp-content\/uploads\/2021\/03\/haarausfall-wechseljahre-65x65.jpg",65,65,true]},"uagb_author_info":{"display_name":"admin","author_link":"https:\/\/arbuti.com\/it\/author\/admin\/"},"uagb_comment_info":0,"uagb_excerpt":"Haarausfall Wechseljahre: Was tun? Probleme mit Haarausfall in den Wechseljahren?&nbsp;Wir haben alles rund um das Thema. Was hilft und was [&hellip;]","_links":{"self":[{"href":"https:\/\/arbuti.com\/it\/wp-json\/wp\/v2\/posts\/8282","targetHints":{"allow":["GET"]}}],"collection":[{"href":"https:\/\/arbuti.com\/it\/wp-json\/wp\/v2\/posts"}],"about":[{"href":"https:\/\/arbuti.com\/it\/wp-json\/wp\/v2\/types\/post"}],"author":[{"embeddable":true,"href":"https:\/\/arbuti.com\/it\/wp-json\/wp\/v2\/users\/1"}],"replies":[{"embeddable":true,"href":"https:\/\/arbuti.com\/it\/wp-json\/wp\/v2\/comments?post=8282"}],"version-history":[{"count":5,"href":"https:\/\/arbuti.com\/it\/wp-json\/wp\/v2\/posts\/8282\/revisions"}],"predecessor-version":[{"id":10918,"href":"https:\/\/arbuti.com\/it\/wp-json\/wp\/v2\/posts\/8282\/revisions\/10918"}],"wp:featuredmedia":[{"embeddable":true,"href":"https:\/\/arbuti.com\/it\/wp-json\/wp\/v2\/media\/8284"}],"wp:attachment":[{"href":"https:\/\/arbuti.com\/it\/wp-json\/wp\/v2\/media?parent=8282"}],"wp:term":[{"taxonomy":"category","embeddable":true,"href":"https:\/\/arbuti.com\/it\/wp-json\/wp\/v2\/categories?post=8282"},{"taxonomy":"post_tag","embeddable":true,"href":"https:\/\/arbuti.com\/it\/wp-json\/wp\/v2\/tags?post=8282"}],"curies":[{"name":"wp","href":"https:\/\/api.w.org\/{rel}","templated":true}]}}