{"id":415,"date":"2018-10-14T18:28:41","date_gmt":"2018-10-14T18:28:41","guid":{"rendered":"http:\/\/muenchenfriseur.com_demos\/travel\/?p=415"},"modified":"2021-04-07T14:08:58","modified_gmt":"2021-04-07T14:08:58","slug":"balayagemuenchen","status":"publish","type":"post","link":"https:\/\/arbuti.com\/it\/balayagemuenchen\/","title":{"rendered":"Balayage"},"content":{"rendered":"<h1 class=\"wp-block-heading\" id=\"h-balayage-in-m-nchen\">Balayage a Monaco<\/h1>\n\n\n\n<figure class=\"wp-block-image size-large is-resized\"><img loading=\"lazy\" decoding=\"async\" src=\"https:\/\/arbuti.com\/wp-content\/uploads\/2015\/02\/Friseur-Mu\u0308nchen-1024x1024.jpg\" alt=\"Parrucchiere-Monaco-Balayage\" class=\"wp-image-1193\" width=\"704\" height=\"704\" srcset=\"https:\/\/arbuti.com\/wp-content\/uploads\/2015\/02\/Friseur-Mu\u0308nchen-1024x1024.jpg 1024w, https:\/\/arbuti.com\/wp-content\/uploads\/2015\/02\/Friseur-Mu\u0308nchen-300x300.jpg 300w, https:\/\/arbuti.com\/wp-content\/uploads\/2015\/02\/Friseur-Mu\u0308nchen-100x100.jpg 100w, https:\/\/arbuti.com\/wp-content\/uploads\/2015\/02\/Friseur-Mu\u0308nchen-600x600.jpg 600w, https:\/\/arbuti.com\/wp-content\/uploads\/2015\/02\/Friseur-Mu\u0308nchen-150x150.jpg 150w, https:\/\/arbuti.com\/wp-content\/uploads\/2015\/02\/Friseur-Mu\u0308nchen-768x768.jpg 768w, https:\/\/arbuti.com\/wp-content\/uploads\/2015\/02\/Friseur-Mu\u0308nchen-66x66.jpg 66w, https:\/\/arbuti.com\/wp-content\/uploads\/2015\/02\/Friseur-Mu\u0308nchen-200x200.jpg 200w, https:\/\/arbuti.com\/wp-content\/uploads\/2015\/02\/Friseur-Mu\u0308nchen-400x400.jpg 400w, https:\/\/arbuti.com\/wp-content\/uploads\/2015\/02\/Friseur-Mu\u0308nchen-800x800.jpg 800w, https:\/\/arbuti.com\/wp-content\/uploads\/2015\/02\/Friseur-Mu\u0308nchen.jpg 1080w\" sizes=\"auto, (max-width: 704px) 100vw, 704px\" \/><\/figure>\n\n\n\n<h2 class=\"wp-block-heading\" id=\"h-was-ist-der-balayage-effekt\"><span style=\"color: #906d9c;\">Cos'\u00e8 l'effetto Balayage?<\/span><\/h2>\n\n\n\n<p>Parliamo con l'esperta di colore Ebru di Arbuti Hair Salon Munich per scoprire tutto quello che c'\u00e8 da sapere su questa tecnica popolare.<\/p>\n\n\n\n<h2 class=\"wp-block-heading\" id=\"h-was-ist-balayage\">Cos'\u00e8 il Balayage?<\/h2>\n\n\n\n<p>Il balayage \u00e8 una tecnica di colorazione francese sviluppata negli anni '70. Si tratta di una tecnica a mano libera in cui il colore viene applicato a mano invece di usare le tecniche tradizionali di evidenziare le lamine o i tappi. Il balayage pu\u00f2 essere applicato anche al pixie crop pi\u00f9 corto. Tuttavia, i migliori risultati si ottengono sui capelli sotto le spalle.<\/p>\n\n\n\n<h2 class=\"wp-block-heading\" id=\"h-wie-genau-wird-eine-balayage-aufgetragen\">Come si applica esattamente un balayage?<\/h2>\n\n\n\n<figure class=\"wp-block-image size-large is-resized\"><img loading=\"lazy\" decoding=\"async\" src=\"https:\/\/arbuti.com\/wp-content\/uploads\/2018\/10\/Balayage.jpg\" alt=\"Balayage\" class=\"wp-image-3617\" width=\"506\" height=\"662\" srcset=\"https:\/\/arbuti.com\/wp-content\/uploads\/2018\/10\/Balayage.jpg 563w, https:\/\/arbuti.com\/wp-content\/uploads\/2018\/10\/Balayage-229x300.jpg 229w, https:\/\/arbuti.com\/wp-content\/uploads\/2018\/10\/Balayage-200x261.jpg 200w, https:\/\/arbuti.com\/wp-content\/uploads\/2018\/10\/Balayage-400x523.jpg 400w\" sizes=\"auto, (max-width: 506px) 100vw, 506px\" \/><\/figure>\n\n\n\n<p>Il processo varia a seconda della lunghezza dei capelli e del risultato desiderato. Ci si aspetta che le singole ciocche siano colorate con un pennello e un tampone. Alcuni coloristi amano separare le ciocche di capelli con cotone idrofilo o carta stagnola, altri tirano prima i capelli in sezioni e poi colorano le punte a mano libera.<\/p>\n\n\n\n<p>Trovo che tutte le mie clienti di balayage hanno un look diverso e devono mantenerlo a ritmi diversi. \u00c8 necessario mantenere almeno tre appuntamenti per costruire davvero il colore inizialmente. Questi appuntamenti sono a sei settimane di distanza l'uno dall'altro. Da l\u00ec, si pu\u00f2 andare fino a quattro mesi senza ulteriore stress. Basta ordinare un toner e un trattamento per rinfrescare il colore tra un appuntamento e l'altro.<\/p>\n\n\n\n<h2 class=\"wp-block-heading\" id=\"h-ist-balayage-f-r-mich-geeignet\"><span style=\"color: #a23ec9;\">Il Balayage \u00e8 adatto a me?<\/span><\/h2>\n\n\n\n<p>Il balayage \u00e8 meglio fatto su capelli naturali, ma non preoccuparti, la maggior parte del lavoro che faccio per un look balayage \u00e8 inizialmente fatto con le lamine fino a quando i capelli sono solo balayage. Ci sono molte tecniche diverse che la gente usa per creare questo look. Quando vai da uno specialista del colore, dovrebbe essere sempre in grado di trovare una tecnica che ti dar\u00e0 l'aspetto che vuoi e che si adatta meglio al tuo tipo di capelli e alla tua storia di colore.<\/p>\n\n\n\n<h2 class=\"wp-block-heading\" id=\"h-die-besten-frisuren-f-r-balayage\">Le migliori acconciature per il balayage<\/h2>\n\n\n\n<p>Mi piace sempre vedere il balayage con riccioli sciolti o un look da spiaggia arruffato dove si possono vedere le variazioni di colore che striano i capelli. Tagli di capelli decisi e audaci come i bob richiedono un colore pi\u00f9 audace o un colore a blocchi per evidenziare il taglio. Il balayage \u00e8 meglio lasciarlo alle acconciature pi\u00f9 fluide.<\/p>\n\n\n\n<h2 class=\"wp-block-heading\" id=\"h-gibt-es-alternativen-zu-balayage\">Ci sono alternative al balayage?<\/h2>\n\n\n\n<p>Da Arbuti Hair Salon, mi piace usare diverse tecniche di lamina per creare un effetto di texture e di dissolvenza graduale. Ho usato trame pi\u00f9 grandi come nastri con un colore pi\u00f9 chiaro spazzato attraverso l'interno dei capelli, poi lavoro fino a colori pi\u00f9 profondi e trame pi\u00f9 morbide mentre lavoro fino all'attaccatura dei capelli e alla scriminatura. \u00c8 un modo davvero carino per creare variazioni di colore mantenendo una tecnica pi\u00f9 strutturata che pu\u00f2 essere indossata in molti stili diversi.<\/p>\n\n\n\n<h2 class=\"wp-block-heading\" id=\"h-balayage-blond\">Balayage biondo<\/h2>\n\n\n\n<figure class=\"wp-block-image size-large is-resized\"><img loading=\"lazy\" decoding=\"async\" src=\"https:\/\/arbuti.com\/wp-content\/uploads\/2020\/12\/Blonde-Balayage.jpg\" alt=\"Balayage Monaco\" class=\"wp-image-6280\" width=\"509\" height=\"679\" srcset=\"https:\/\/arbuti.com\/wp-content\/uploads\/2020\/12\/Blonde-Balayage.jpg 564w, https:\/\/arbuti.com\/wp-content\/uploads\/2020\/12\/Blonde-Balayage-225x300.jpg 225w, https:\/\/arbuti.com\/wp-content\/uploads\/2020\/12\/Blonde-Balayage-200x267.jpg 200w, https:\/\/arbuti.com\/wp-content\/uploads\/2020\/12\/Blonde-Balayage-400x533.jpg 400w\" sizes=\"auto, (max-width: 509px) 100vw, 509px\" \/><\/figure>\n\n\n\n<h3 class=\"wp-block-heading\" id=\"h-balayage-blond-im-arbuti-friseur-m-nchen\"><span style=\"color: #986d9e;\">Balayage biondo al parrucchiere Arbuti di Monaco<\/span><\/h3>\n\n\n\n<p>Quando una tonalit\u00e0 bionda \u00e8 mescolata con un marrone o qualsiasi altra tonalit\u00e0 bionda, si ottiene un colore di capelli dimensionale con la profondit\u00e0 e il dinamismo che tutti cercano nelle acconciature moderne. Noi di Arbuti Hair Salon siamo esperti di balayage biondo.<\/p>\n\n\n\n<p>Dite quello che volete sul mantenere i vostri riflessi luminosi, ma \u00e8 solo una piccola cosa uscire dal salone con una fresca e nuova tonalit\u00e0 di biondo che far\u00e0 scomparire qualsiasi inconveniente di schiarire i vostri capelli. Fortunatamente per coloro che sono sempre alla ricerca del colore perfetto, la tecnica go-to di questa stagione - la conoscete come balayage - minimizza il rischio di andare pi\u00f9 leggeri mentre massimizza le buone vibrazioni che ne derivano.<br>Lo stilista Ebru ci dice che un biondo balayage \u00e8 il suo approccio preferito per evidenziare perch\u00e9 \u00e8 progettato per sembrare naturale. \"I riflessi pi\u00f9 chiari sono delicati alle radici e diventano gradualmente pi\u00f9 spessi e saturi verso le estremit\u00e0\", dice, \"Dovrebbero essere pi\u00f9 concentrati intorno all'alone del viso, con un sacco di colore di base naturale che brilla per dare la dimensione e il contrasto che <strong>Balayage biondo<\/strong> Fai i capelli cos\u00ec belli\".<br>Trova la prova fotografica in anticipo che il balayage biondo sta dominando le tendenze dei capelli, e ottieni consigli infallibili su come chiederlo al tuo prossimo appuntamento. Possa la promessa di una bionda luminosa e soleggiata impostare immediatamente il tuo umore in questa stagione<\/p>\n\n\n\n<h2 class=\"wp-block-heading\" id=\"h-balayage-braun\"><span style=\"color: #ab9372;\">Balayage marrone<\/span><\/h2>\n\n\n\n<p><em>Balayage per capelli scuri o castano scuro.<\/em><\/p>\n\n\n\n<p>Il balayage marrone \u00e8 una bellissima tecnica di colorazione dei capelli che \u00e8 delicatamente spazzata in colori bruni chiari e naturali, di solito in una base pi\u00f9 scura, per un look senza sforzo, baciato dal sole.<\/p>\n\n\n\n<p>Una caratteristica sorprendente di questa tecnica di evidenziazione di tendenza \u00e8 come risulta in un aspetto contrastante che crea meravigliosamente un look multi-dimensionale!<\/p>\n\n\n\n<p>Il balayage, naturalmente, significa anche meno manutenzione e uno styling senza sforzo. (\u00c8 facile per il tuo \ud83d\udcb0 e il tuo \u23f0).<\/p>\n\n\n\n<p>Un'altra ragione per innamorarsi di questa tendenza di colore \u00e8 come la struttura dei capelli sembra pi\u00f9 chiara e migliore in luce naturale e luminosa. Abbina le tue ciocche con onde o riccioli per una miscela splendida e voluminosa o con i capelli lisci per una transizione di colore uniforme.<\/p>\n\n\n\n<p>Controlla la nostra pagina Instagram per vedere molti dei nostri risultati di balayage biondo o marrone.<\/p>\n\n\n\n<p><a href=\"https:\/\/www.instagram.com\/arbutihairsalon\/\"><span style=\"color: #2f9999;\">ARBUTI Hair Salon Instagram<\/span><\/a><\/p>\n\n\n\n<p>Capelli e colore di cui innamorarsi! Una volta che questi capelli per andare per favore! Il nostro team di Arbuti Hair Salon Monaco di Baviera ha spaccato di nuovo \ud83d\ude42 Vedere pi\u00f9 dei nostri grandi risultati Balayage su <a href=\"https:\/\/www.instagram.com\/arbutihairsalon\/\">INSTAGRAM <\/a><\/p>\n\n\n\n<h2 class=\"wp-block-heading\" id=\"h-faq-fragen-und-antworten\">FAQ - Domande e risposte<\/h2>\n\n\n\t\t<section\t\tclass=\"sc_fs_faq sc_card\"\n\t\t\t\t>\n\t\t\t\t<h3>Cos'\u00e8 un balayage?<\/h3>\t\t\t\t<div>\n\t\t\t\t\t\t<div class=\"sc_fs_faq__content\">\n\t\t\t\t\n\n<p class=\"has-large-font-size\">Pronunciato BAH-LEE-AHGE, Balayage \u00e8 in realt\u00e0 una parola francese che significa - spazzare - aggiungere riflessi con uno schiarente per capelli. Il balayage \u00e8 la tecnica di dipingere a mano i riflessi sui capelli per creare una gradazione morbida e naturale di luminosit\u00e0 verso le punte. Prendi il tuo appuntamento online con noi!<\/p>\n\n\t\t\t<\/div>\n\t\t<\/div>\n\t\t<\/section>\n\t\t\t\t<section\t\tclass=\"sc_fs_faq sc_card\"\n\t\t\t\t>\n\t\t\t\t<h3>Balayage e ombre sono la stessa cosa?<\/h3>\t\t\t\t<div>\n\t\t\t\t\t\t<div class=\"sc_fs_faq__content\">\n\t\t\t\t\n\n<p class=\"has-large-font-size\">In breve, l'ombre \u00e8 pi\u00f9 uno stile. Il balayage \u00e8 una tecnica. Entrambi si traducono in una routine di manutenzione abbastanza bassa, poich\u00e9 il posizionamento del colore dei capelli non \u00e8 rigoroso, ma graduale (per l'ombre) o travolgente (per il balayage). I colpi di sole regolari, per esempio, richiedono visite pi\u00f9 regolari al salone. Arbuti Salon \u00e8 specializzato in balayage.<\/p>\n\n\t\t\t<\/div>\n\t\t<\/div>\n\t\t<\/section>\n\t\t\t\t<section\t\tclass=\"sc_fs_faq sc_card\"\n\t\t\t\t>\n\t\t\t\t<h3>Il balayage fa male ai capelli?<\/h3>\t\t\t\t<div>\n\t\t\t\t\t\t<div class=\"sc_fs_faq__content\">\n\t\t\t\t\n\n<p class=\"has-large-font-size\">Il balayage \u00e8 dannoso per i capelli o ci sono modi per ottenerlo senza friggere i capelli? Assolutamente. Non \u00e8 affatto dannoso, n\u00e9 dovrebbe esserlo. L'intero processo pu\u00f2 essere fatto senza ammoniaca, quindi non \u00e8 pi\u00f9 dannoso di qualsiasi altro colore o processo.<\/p>\n\n\t\t\t<\/div>\n\t\t<\/div>\n\t\t<\/section>\n\t\t\t\t<section\t\tclass=\"sc_fs_faq sc_card\"\n\t\t\t\t>\n\t\t\t\t<h3>Cosa costa il balayage<\/h3>\t\t\t\t<div>\n\t\t\t\t\t\t<div class=\"sc_fs_faq__content\">\n\t\t\t\t\n\n<p class=\"has-large-font-size\">Il balayage \u00e8 una delle forme pi\u00f9 costose di colorazione dei capelli perch\u00e9 richiede molto tempo per essere completato. Mentre l'evidenziazione pu\u00f2 costare solo 100 euro, dovresti aspettarti di pagare una media di 200 euro per il balayage.<\/p>\n\n\t\t\t<\/div>\n\t\t<\/div>\n\t\t<\/section>\n\t\t\n<script type=\"application\/ld+json\">{\n    \"@context\": \"https:\\\/\\\/schema.org\",\n    \"@type\": \"FAQPage\",\n    \"mainEntity\": [\n        {\n            \"@type\": \"Question\",\n            \"name\": \"Was ist eine Balayage?\",\n            \"acceptedAnswer\": {\n                \"@type\": \"Answer\",\n                \"text\": \"<p>Ausgesprochen BAH-LEE-AHGE, ist Balayage eigentlich ein franz\\u00f6sisches Wort, das - Kehren - bedeutet, um mit einem Haaraufheller Glanzlichter zu setzen. Balayage ist die Technik, bei der mit der Hand Glanzlichter auf das Haar gemalt werden, um eine weiche und nat\\u00fcrliche Helligkeitsabstufung zu den Enden hin zu erzielen. Mach bei uns dein Termin Online aus!<\\\/p>\"\n            }\n        },\n        {\n            \"@type\": \"Question\",\n            \"name\": \"Ist Balayage und Ombre dasselbe?\",\n            \"acceptedAnswer\": {\n                \"@type\": \"Answer\",\n                \"text\": \"<p>Kurz gesagt, Ombre ist eher ein Stil. Balayage ist eine Technik. Beide f\\u00fchren zu einer ziemlich wartungsarmen Routine, da die Platzierung der Haarfarbe nicht streng ist, sondern schrittweise (f\\u00fcr Ombre) oder kehrend (f\\u00fcr Balayage) erfolgt. Regelm\\u00e4\\u00dfige Folienhighlights erfordern beispielsweise regelm\\u00e4\\u00dfigere Besuche im Salon. Arbuti Salon ist spezialisiert auf Balayage.<\\\/p>\"\n            }\n        },\n        {\n            \"@type\": \"Question\",\n            \"name\": \"Ist Balayage schlecht f\\u00fcr dein Haar?\",\n            \"acceptedAnswer\": {\n                \"@type\": \"Answer\",\n                \"text\": \"<p>Ist Balayage sch\\u00e4dlich f\\u00fcr Ihr Haar oder gibt es M\\u00f6glichkeiten, dies zu erreichen, ohne Ihr Haar zu braten? Absolut. Es ist \\u00fcberhaupt nicht sch\\u00e4dlich und sollte es auch nicht sein. Der gesamte Prozess kann ohne Ammoniak durchgef\\u00fchrt werden, daher ist er nicht sch\\u00e4dlicher als jede andere Farbe oder jeder andere Prozess.<\\\/p>\"\n            }\n        },\n        {\n            \"@type\": \"Question\",\n            \"name\": \"Was kostet Balayage\",\n            \"acceptedAnswer\": {\n                \"@type\": \"Answer\",\n                \"text\": \"<p>Balayage ist eine der teuersten Formen der Haarf\\u00e4rbung, weil es so zeitaufwendig ist, es zu vervollst\\u00e4ndigen. W\\u00e4hrend das Hervorheben m\\u00f6glicherweise nur 100 Euro kostet, m\\u00fcssen Sie mit durchschnittlich 200 Euro f\\u00fcr Balayage rechnen.<\\\/p>\"\n            }\n        }\n    ]\n}<\/script>","protected":false},"excerpt":{"rendered":"<p>Balayage in M\u00fcnchen Was ist der Balayage Effekt? Wir sprechen mit der Farbexpertin Ebru von Arbuti Hair Salon M\u00fcnchen, um [&hellip;]<\/p>","protected":false},"author":1,"featured_media":1193,"comment_status":"closed","ping_status":"open","sticky":false,"template":"","format":"standard","meta":{"ub_ctt_via":"","_uag_custom_page_level_css":"","site-sidebar-layout":"right-sidebar","site-content-layout":"default","ast-site-content-layout":"","site-content-style":"default","site-sidebar-style":"default","ast-global-header-display":"","ast-banner-title-visibility":"","ast-main-header-display":"","ast-hfb-above-header-display":"","ast-hfb-below-header-display":"","ast-hfb-mobile-header-display":"","site-post-title":"","ast-breadcrumbs-content":"","ast-featured-img":"","footer-sml-layout":"","theme-transparent-header-meta":"default","adv-header-id-meta":"","stick-header-meta":"default","header-above-stick-meta":"","header-main-stick-meta":"","header-below-stick-meta":"","astra-migrate-meta-layouts":"default","ast-page-background-enabled":"default","ast-page-background-meta":{"desktop":{"background-color":"","background-image":"","background-repeat":"repeat","background-position":"center center","background-size":"auto","background-attachment":"scroll","background-type":"","background-media":"","overlay-type":"","overlay-color":"","overlay-opacity":"","overlay-gradient":""},"tablet":{"background-color":"","background-image":"","background-repeat":"repeat","background-position":"center center","background-size":"auto","background-attachment":"scroll","background-type":"","background-media":"","overlay-type":"","overlay-color":"","overlay-opacity":"","overlay-gradient":""},"mobile":{"background-color":"","background-image":"","background-repeat":"repeat","background-position":"center center","background-size":"auto","background-attachment":"scroll","background-type":"","background-media":"","overlay-type":"","overlay-color":"","overlay-opacity":"","overlay-gradient":""}},"ast-content-background-meta":{"desktop":{"background-color":"var(--ast-global-color-5)","background-image":"","background-repeat":"repeat","background-position":"center center","background-size":"auto","background-attachment":"scroll","background-type":"","background-media":"","overlay-type":"","overlay-color":"","overlay-opacity":"","overlay-gradient":""},"tablet":{"background-color":"var(--ast-global-color-5)","background-image":"","background-repeat":"repeat","background-position":"center center","background-size":"auto","background-attachment":"scroll","background-type":"","background-media":"","overlay-type":"","overlay-color":"","overlay-opacity":"","overlay-gradient":""},"mobile":{"background-color":"var(--ast-global-color-5)","background-image":"","background-repeat":"repeat","background-position":"center center","background-size":"auto","background-attachment":"scroll","background-type":"","background-media":"","overlay-type":"","overlay-color":"","overlay-opacity":"","overlay-gradient":""}},"footnotes":""},"categories":[33,206,173],"tags":[43,4611,50],"class_list":["post-415","post","type-post","status-publish","format-standard","has-post-thumbnail","hentry","category-balayage","category-balayage-muenchen","category-start","tag-balayage","tag-balayage-muenchen","tag-blond"],"featured_image_src":"https:\/\/arbuti.com\/wp-content\/uploads\/2015\/02\/Friseur-Mu\u0308nchen.jpg","author_info":{"display_name":"admin","author_link":"https:\/\/arbuti.com\/it\/author\/admin\/"},"yoast_head":"<!-- This site is optimized with the Yoast SEO Premium plugin v25.3 (Yoast SEO v25.3) - https:\/\/yoast.com\/wordpress\/plugins\/seo\/ -->\n<title>Balayage Blond oder Braun - Alles \u00fcber Balayage - ARBUTI Hair Salon<\/title>\n<meta name=\"description\" content=\"Blonde oder braune Balayage? Wir beantworten dir alle Balayage fragen! Arbuti Hair Salon ist spezialisiert auf Balayage. Welche Balayage passt zu dir?\" \/>\n<meta name=\"robots\" content=\"index, follow, max-snippet:-1, max-image-preview:large, max-video-preview:-1\" \/>\n<link rel=\"canonical\" href=\"https:\/\/arbuti.com\/it\/balayagemuenchen\/\" \/>\n<meta property=\"og:locale\" content=\"it_IT\" \/>\n<meta property=\"og:type\" content=\"article\" \/>\n<meta property=\"og:title\" content=\"Balayage\" \/>\n<meta property=\"og:description\" content=\"Balayage in M\u00fcnchen Was ist der Balayage Effekt? Wir sprechen mit der Farbexpertin Ebru von Arbuti Hair Salon M\u00fcnchen, um alles zu erfahren, was Sie \u00fcber\" \/>\n<meta property=\"og:url\" content=\"https:\/\/arbuti.com\/it\/balayagemuenchen\/\" \/>\n<meta property=\"og:site_name\" content=\"ARBUTI Hair Salon\" \/>\n<meta property=\"article:publisher\" content=\"https:\/\/www.facebook.com\/Arbutihairsalon\/\" \/>\n<meta property=\"article:published_time\" content=\"2018-10-14T18:28:41+00:00\" \/>\n<meta property=\"article:modified_time\" content=\"2021-04-07T14:08:58+00:00\" \/>\n<meta property=\"og:image\" content=\"https:\/\/arbuti.com\/wp-content\/uploads\/2015\/02\/Friseur-Mu\u0308nchen.jpg\" \/>\n\t<meta property=\"og:image:width\" content=\"1080\" \/>\n\t<meta property=\"og:image:height\" content=\"1080\" \/>\n\t<meta property=\"og:image:type\" content=\"image\/jpeg\" \/>\n<meta name=\"author\" content=\"admin\" \/>\n<meta name=\"twitter:card\" content=\"summary_large_image\" \/>\n<meta name=\"twitter:label1\" content=\"Scritto da\" \/>\n\t<meta name=\"twitter:data1\" content=\"admin\" \/>\n\t<meta name=\"twitter:label2\" content=\"Tempo di lettura stimato\" \/>\n\t<meta name=\"twitter:data2\" content=\"6 minuti\" \/>\n<script type=\"application\/ld+json\" class=\"yoast-schema-graph\">{\"@context\":\"https:\/\/schema.org\",\"@graph\":[{\"@type\":\"Article\",\"@id\":\"https:\/\/arbuti.com\/en\/balayagemuenchen\/#article\",\"isPartOf\":{\"@id\":\"https:\/\/arbuti.com\/en\/balayagemuenchen\/\"},\"author\":{\"name\":\"admin\",\"@id\":\"https:\/\/arbuti.com\/fr\/#\/schema\/person\/d85bbf7b442ca0f812c3aa0ed9eece8f\"},\"headline\":\"Balayage\",\"datePublished\":\"2018-10-14T18:28:41+00:00\",\"dateModified\":\"2021-04-07T14:08:58+00:00\",\"mainEntityOfPage\":{\"@id\":\"https:\/\/arbuti.com\/en\/balayagemuenchen\/\"},\"wordCount\":1113,\"publisher\":{\"@id\":\"https:\/\/arbuti.com\/fr\/#organization\"},\"image\":{\"@id\":\"https:\/\/arbuti.com\/en\/balayagemuenchen\/#primaryimage\"},\"thumbnailUrl\":\"https:\/\/arbuti.com\/wp-content\/uploads\/2015\/02\/Friseur-Mu\u0308nchen.jpg\",\"keywords\":[\"balayage\",\"Balayage M\u00fcnchen\",\"blond\"],\"articleSection\":[\"Balayage\",\"Balayage M\u00fcnchen\",\"start\"],\"inLanguage\":\"it-IT\"},{\"@type\":\"WebPage\",\"@id\":\"https:\/\/arbuti.com\/en\/balayagemuenchen\/\",\"url\":\"https:\/\/arbuti.com\/en\/balayagemuenchen\/\",\"name\":\"Balayage Blond oder Braun - Alles \u00fcber Balayage - ARBUTI Hair Salon\",\"isPartOf\":{\"@id\":\"https:\/\/arbuti.com\/fr\/#website\"},\"primaryImageOfPage\":{\"@id\":\"https:\/\/arbuti.com\/en\/balayagemuenchen\/#primaryimage\"},\"image\":{\"@id\":\"https:\/\/arbuti.com\/en\/balayagemuenchen\/#primaryimage\"},\"thumbnailUrl\":\"https:\/\/arbuti.com\/wp-content\/uploads\/2015\/02\/Friseur-Mu\u0308nchen.jpg\",\"datePublished\":\"2018-10-14T18:28:41+00:00\",\"dateModified\":\"2021-04-07T14:08:58+00:00\",\"description\":\"Blonde oder braune Balayage? Wir beantworten dir alle Balayage fragen! Arbuti Hair Salon ist spezialisiert auf Balayage. Welche Balayage passt zu dir?\",\"breadcrumb\":{\"@id\":\"https:\/\/arbuti.com\/en\/balayagemuenchen\/#breadcrumb\"},\"inLanguage\":\"it-IT\",\"potentialAction\":[{\"@type\":\"ReadAction\",\"target\":[\"https:\/\/arbuti.com\/en\/balayagemuenchen\/\"]}]},{\"@type\":\"ImageObject\",\"inLanguage\":\"it-IT\",\"@id\":\"https:\/\/arbuti.com\/en\/balayagemuenchen\/#primaryimage\",\"url\":\"https:\/\/arbuti.com\/wp-content\/uploads\/2015\/02\/Friseur-Mu\u0308nchen.jpg\",\"contentUrl\":\"https:\/\/arbuti.com\/wp-content\/uploads\/2015\/02\/Friseur-Mu\u0308nchen.jpg\",\"width\":1080,\"height\":1080,\"caption\":\"Arbuti Hair Salon, Friseur M\u00fcnchen\"},{\"@type\":\"BreadcrumbList\",\"@id\":\"https:\/\/arbuti.com\/en\/balayagemuenchen\/#breadcrumb\",\"itemListElement\":[{\"@type\":\"ListItem\",\"position\":1,\"name\":\"ARBUTI\",\"item\":\"https:\/\/arbuti.com\/\"},{\"@type\":\"ListItem\",\"position\":2,\"name\":\"Balayage\",\"item\":\"https:\/\/arbuti.com\/en\/balayage\/\"},{\"@type\":\"ListItem\",\"position\":3,\"name\":\"Balayage\"}]},{\"@type\":\"WebSite\",\"@id\":\"https:\/\/arbuti.com\/fr\/#website\",\"url\":\"https:\/\/arbuti.com\/fr\/\",\"name\":\"ARBUTI Hair Salon\",\"description\":\"Friseur M\u00fcnchen\",\"publisher\":{\"@id\":\"https:\/\/arbuti.com\/fr\/#organization\"},\"alternateName\":\"ARBUTI\",\"potentialAction\":[{\"@type\":\"SearchAction\",\"target\":{\"@type\":\"EntryPoint\",\"urlTemplate\":\"https:\/\/arbuti.com\/fr\/?s={search_term_string}\"},\"query-input\":{\"@type\":\"PropertyValueSpecification\",\"valueRequired\":true,\"valueName\":\"search_term_string\"}}],\"inLanguage\":\"it-IT\"},{\"@type\":\"Organization\",\"@id\":\"https:\/\/arbuti.com\/fr\/#organization\",\"name\":\"ARBUTI Hair Salon\",\"alternateName\":\"ARBUTI\",\"url\":\"https:\/\/arbuti.com\/fr\/\",\"logo\":{\"@type\":\"ImageObject\",\"inLanguage\":\"it-IT\",\"@id\":\"https:\/\/arbuti.com\/fr\/#\/schema\/logo\/image\/\",\"url\":\"https:\/\/arbuti.com\/wp-content\/uploads\/2020\/04\/cropped-Arbuti-Friseur-Muenchen.jpg\",\"contentUrl\":\"https:\/\/arbuti.com\/wp-content\/uploads\/2020\/04\/cropped-Arbuti-Friseur-Muenchen.jpg\",\"width\":512,\"height\":512,\"caption\":\"ARBUTI Hair Salon\"},\"image\":{\"@id\":\"https:\/\/arbuti.com\/fr\/#\/schema\/logo\/image\/\"},\"sameAs\":[\"https:\/\/www.facebook.com\/Arbutihairsalon\/\",\"https:\/\/www.instagram.com\/arbutihairsalon\/\",\"https:\/\/www.pinterest.de\/arbutihairsalon\/arbuti-hair-salon\/\"]},{\"@type\":\"Person\",\"@id\":\"https:\/\/arbuti.com\/fr\/#\/schema\/person\/d85bbf7b442ca0f812c3aa0ed9eece8f\",\"name\":\"admin\",\"image\":{\"@type\":\"ImageObject\",\"inLanguage\":\"it-IT\",\"@id\":\"https:\/\/arbuti.com\/fr\/#\/schema\/person\/image\/\",\"url\":\"https:\/\/secure.gravatar.com\/avatar\/a5ca7376327017715559ffb9b376df51?s=96&d=mm&r=g\",\"contentUrl\":\"https:\/\/secure.gravatar.com\/avatar\/a5ca7376327017715559ffb9b376df51?s=96&d=mm&r=g\",\"caption\":\"admin\"}}]}<\/script>\n<!-- \/ Yoast SEO Premium plugin. -->","yoast_head_json":{"title":"Balayage Blond oder Braun - Alles \u00fcber Balayage - ARBUTI Hair Salon","description":"Blonde oder braune Balayage? Wir beantworten dir alle Balayage fragen! Arbuti Hair Salon ist spezialisiert auf Balayage. Welche Balayage passt zu dir?","robots":{"index":"index","follow":"follow","max-snippet":"max-snippet:-1","max-image-preview":"max-image-preview:large","max-video-preview":"max-video-preview:-1"},"canonical":"https:\/\/arbuti.com\/it\/balayagemuenchen\/","og_locale":"it_IT","og_type":"article","og_title":"Balayage","og_description":"Balayage in M\u00fcnchen Was ist der Balayage Effekt? Wir sprechen mit der Farbexpertin Ebru von Arbuti Hair Salon M\u00fcnchen, um alles zu erfahren, was Sie \u00fcber","og_url":"https:\/\/arbuti.com\/it\/balayagemuenchen\/","og_site_name":"ARBUTI Hair Salon","article_publisher":"https:\/\/www.facebook.com\/Arbutihairsalon\/","article_published_time":"2018-10-14T18:28:41+00:00","article_modified_time":"2021-04-07T14:08:58+00:00","og_image":[{"width":1080,"height":1080,"url":"https:\/\/arbuti.com\/wp-content\/uploads\/2015\/02\/Friseur-Mu\u0308nchen.jpg","type":"image\/jpeg"}],"author":"admin","twitter_card":"summary_large_image","twitter_misc":{"Scritto da":"admin","Tempo di lettura stimato":"6 minuti"},"schema":{"@context":"https:\/\/schema.org","@graph":[{"@type":"Article","@id":"https:\/\/arbuti.com\/en\/balayagemuenchen\/#article","isPartOf":{"@id":"https:\/\/arbuti.com\/en\/balayagemuenchen\/"},"author":{"name":"admin","@id":"https:\/\/arbuti.com\/fr\/#\/schema\/person\/d85bbf7b442ca0f812c3aa0ed9eece8f"},"headline":"Balayage","datePublished":"2018-10-14T18:28:41+00:00","dateModified":"2021-04-07T14:08:58+00:00","mainEntityOfPage":{"@id":"https:\/\/arbuti.com\/en\/balayagemuenchen\/"},"wordCount":1113,"publisher":{"@id":"https:\/\/arbuti.com\/fr\/#organization"},"image":{"@id":"https:\/\/arbuti.com\/en\/balayagemuenchen\/#primaryimage"},"thumbnailUrl":"https:\/\/arbuti.com\/wp-content\/uploads\/2015\/02\/Friseur-Mu\u0308nchen.jpg","keywords":["balayage","Balayage M\u00fcnchen","blond"],"articleSection":["Balayage","Balayage M\u00fcnchen","start"],"inLanguage":"it-IT"},{"@type":"WebPage","@id":"https:\/\/arbuti.com\/en\/balayagemuenchen\/","url":"https:\/\/arbuti.com\/en\/balayagemuenchen\/","name":"Balayage Blond oder Braun - Alles \u00fcber Balayage - ARBUTI Hair Salon","isPartOf":{"@id":"https:\/\/arbuti.com\/fr\/#website"},"primaryImageOfPage":{"@id":"https:\/\/arbuti.com\/en\/balayagemuenchen\/#primaryimage"},"image":{"@id":"https:\/\/arbuti.com\/en\/balayagemuenchen\/#primaryimage"},"thumbnailUrl":"https:\/\/arbuti.com\/wp-content\/uploads\/2015\/02\/Friseur-Mu\u0308nchen.jpg","datePublished":"2018-10-14T18:28:41+00:00","dateModified":"2021-04-07T14:08:58+00:00","description":"Blonde oder braune Balayage? Wir beantworten dir alle Balayage fragen! Arbuti Hair Salon ist spezialisiert auf Balayage. Welche Balayage passt zu dir?","breadcrumb":{"@id":"https:\/\/arbuti.com\/en\/balayagemuenchen\/#breadcrumb"},"inLanguage":"it-IT","potentialAction":[{"@type":"ReadAction","target":["https:\/\/arbuti.com\/en\/balayagemuenchen\/"]}]},{"@type":"ImageObject","inLanguage":"it-IT","@id":"https:\/\/arbuti.com\/en\/balayagemuenchen\/#primaryimage","url":"https:\/\/arbuti.com\/wp-content\/uploads\/2015\/02\/Friseur-Mu\u0308nchen.jpg","contentUrl":"https:\/\/arbuti.com\/wp-content\/uploads\/2015\/02\/Friseur-Mu\u0308nchen.jpg","width":1080,"height":1080,"caption":"Arbuti Hair Salon, Friseur M\u00fcnchen"},{"@type":"BreadcrumbList","@id":"https:\/\/arbuti.com\/en\/balayagemuenchen\/#breadcrumb","itemListElement":[{"@type":"ListItem","position":1,"name":"ARBUTI","item":"https:\/\/arbuti.com\/"},{"@type":"ListItem","position":2,"name":"Balayage","item":"https:\/\/arbuti.com\/en\/balayage\/"},{"@type":"ListItem","position":3,"name":"Balayage"}]},{"@type":"WebSite","@id":"https:\/\/arbuti.com\/fr\/#website","url":"https:\/\/arbuti.com\/fr\/","name":"ARBUTI Hair Salon","description":"Friseur M\u00fcnchen","publisher":{"@id":"https:\/\/arbuti.com\/fr\/#organization"},"alternateName":"ARBUTI","potentialAction":[{"@type":"SearchAction","target":{"@type":"EntryPoint","urlTemplate":"https:\/\/arbuti.com\/fr\/?s={search_term_string}"},"query-input":{"@type":"PropertyValueSpecification","valueRequired":true,"valueName":"search_term_string"}}],"inLanguage":"it-IT"},{"@type":"Organization","@id":"https:\/\/arbuti.com\/fr\/#organization","name":"ARBUTI Hair Salon","alternateName":"ARBUTI","url":"https:\/\/arbuti.com\/fr\/","logo":{"@type":"ImageObject","inLanguage":"it-IT","@id":"https:\/\/arbuti.com\/fr\/#\/schema\/logo\/image\/","url":"https:\/\/arbuti.com\/wp-content\/uploads\/2020\/04\/cropped-Arbuti-Friseur-Muenchen.jpg","contentUrl":"https:\/\/arbuti.com\/wp-content\/uploads\/2020\/04\/cropped-Arbuti-Friseur-Muenchen.jpg","width":512,"height":512,"caption":"ARBUTI Hair Salon"},"image":{"@id":"https:\/\/arbuti.com\/fr\/#\/schema\/logo\/image\/"},"sameAs":["https:\/\/www.facebook.com\/Arbutihairsalon\/","https:\/\/www.instagram.com\/arbutihairsalon\/","https:\/\/www.pinterest.de\/arbutihairsalon\/arbuti-hair-salon\/"]},{"@type":"Person","@id":"https:\/\/arbuti.com\/fr\/#\/schema\/person\/d85bbf7b442ca0f812c3aa0ed9eece8f","name":"admin","image":{"@type":"ImageObject","inLanguage":"it-IT","@id":"https:\/\/arbuti.com\/fr\/#\/schema\/person\/image\/","url":"https:\/\/secure.gravatar.com\/avatar\/a5ca7376327017715559ffb9b376df51?s=96&d=mm&r=g","contentUrl":"https:\/\/secure.gravatar.com\/avatar\/a5ca7376327017715559ffb9b376df51?s=96&d=mm&r=g","caption":"admin"}}]}},"uagb_featured_image_src":{"full":["https:\/\/arbuti.com\/wp-content\/uploads\/2015\/02\/Friseur-Mu\u0308nchen.jpg",1080,1080,false],"thumbnail":["https:\/\/arbuti.com\/wp-content\/uploads\/2015\/02\/Friseur-Mu\u0308nchen-150x150.jpg",150,150,true],"medium":["https:\/\/arbuti.com\/wp-content\/uploads\/2015\/02\/Friseur-Mu\u0308nchen-300x300.jpg",300,300,true],"medium_large":["https:\/\/arbuti.com\/wp-content\/uploads\/2015\/02\/Friseur-Mu\u0308nchen-768x768.jpg",768,768,true],"large":["https:\/\/arbuti.com\/wp-content\/uploads\/2015\/02\/Friseur-Mu\u0308nchen-1024x1024.jpg",1024,1024,true],"1536x1536":["https:\/\/arbuti.com\/wp-content\/uploads\/2015\/02\/Friseur-Mu\u0308nchen.jpg",1080,1080,false],"2048x2048":["https:\/\/arbuti.com\/wp-content\/uploads\/2015\/02\/Friseur-Mu\u0308nchen.jpg",1080,1080,false],"trp-custom-language-flag":["https:\/\/arbuti.com\/wp-content\/uploads\/2015\/02\/Friseur-Mu\u0308nchen.jpg",12,12,false],"wp_review_large":["https:\/\/arbuti.com\/wp-content\/uploads\/2015\/02\/Friseur-Mu\u0308nchen.jpg",200,200,false],"wp_review_small":["https:\/\/arbuti.com\/wp-content\/uploads\/2015\/02\/Friseur-Mu\u0308nchen.jpg",65,65,false]},"uagb_author_info":{"display_name":"admin","author_link":"https:\/\/arbuti.com\/it\/author\/admin\/"},"uagb_comment_info":1,"uagb_excerpt":"Balayage in M\u00fcnchen Was ist der Balayage Effekt? Wir sprechen mit der Farbexpertin Ebru von Arbuti Hair Salon M\u00fcnchen, um [&hellip;]","_links":{"self":[{"href":"https:\/\/arbuti.com\/it\/wp-json\/wp\/v2\/posts\/415","targetHints":{"allow":["GET"]}}],"collection":[{"href":"https:\/\/arbuti.com\/it\/wp-json\/wp\/v2\/posts"}],"about":[{"href":"https:\/\/arbuti.com\/it\/wp-json\/wp\/v2\/types\/post"}],"author":[{"embeddable":true,"href":"https:\/\/arbuti.com\/it\/wp-json\/wp\/v2\/users\/1"}],"replies":[{"embeddable":true,"href":"https:\/\/arbuti.com\/it\/wp-json\/wp\/v2\/comments?post=415"}],"version-history":[{"count":17,"href":"https:\/\/arbuti.com\/it\/wp-json\/wp\/v2\/posts\/415\/revisions"}],"predecessor-version":[{"id":9107,"href":"https:\/\/arbuti.com\/it\/wp-json\/wp\/v2\/posts\/415\/revisions\/9107"}],"wp:featuredmedia":[{"embeddable":true,"href":"https:\/\/arbuti.com\/it\/wp-json\/wp\/v2\/media\/1193"}],"wp:attachment":[{"href":"https:\/\/arbuti.com\/it\/wp-json\/wp\/v2\/media?parent=415"}],"wp:term":[{"taxonomy":"category","embeddable":true,"href":"https:\/\/arbuti.com\/it\/wp-json\/wp\/v2\/categories?post=415"},{"taxonomy":"post_tag","embeddable":true,"href":"https:\/\/arbuti.com\/it\/wp-json\/wp\/v2\/tags?post=415"}],"curies":[{"name":"wp","href":"https:\/\/api.w.org\/{rel}","templated":true}]}}