{"id":8268,"date":"2021-03-11T09:57:11","date_gmt":"2021-03-11T09:57:11","guid":{"rendered":"https:\/\/arbuti.com\/?p=8268"},"modified":"2023-01-17T12:00:03","modified_gmt":"2023-01-17T12:00:03","slug":"redensyl","status":"publish","type":"post","link":"https:\/\/arbuti.com\/hu\/redensyl\/","title":{"rendered":"Redensyl"},"content":{"rendered":"<h1 class=\"has-text-align-center wp-block-heading\" id=\"h-redensyl\">Redensyl<\/h1>\n\n\n\n<p class=\"has-text-align-center\">A Redensyl val\u00f3ban t\u00e1mogatja a <a href=\"https:\/\/arbuti.com\/hu\/hajrestaurator\/\">Hajn\u00f6veked\u00e9s<\/a> \u00e9s seg\u00edt cs\u00f6kkenteni a hajhull\u00e1st? Itt \u00f6ssze\u00e1ll\u00edtottunk egy \u00f6sszefoglal\u00f3t a Redensylr\u0151l az \u00d6n sz\u00e1m\u00e1ra.<\/p>\n\n\n\n\n\n\n<figure class=\"wp-block-image aligncenter size-large is-resized\"><img loading=\"lazy\" decoding=\"async\" src=\"https:\/\/arbuti.com\/wp-content\/uploads\/2021\/03\/Redensyl.jpg\" alt=\"Redensyl\" class=\"wp-image-8271\" width=\"758\" height=\"590\" srcset=\"https:\/\/arbuti.com\/wp-content\/uploads\/2021\/03\/Redensyl.jpg 1000w, https:\/\/arbuti.com\/wp-content\/uploads\/2021\/03\/Redensyl-300x233.jpg 300w, https:\/\/arbuti.com\/wp-content\/uploads\/2021\/03\/Redensyl-768x598.jpg 768w\" sizes=\"auto, (max-width: 758px) 100vw, 758px\" \/><\/figure>\n\n\n\n<h2 class=\"wp-block-heading\">Milyen t\u00edpus\u00fa gy\u00f3gyszer a Redensyl?<\/h2>\n\n\n\n<p>A Redensyl a leg\u00fajabb \u00e1tt\u00f6r\u00e9s a hajhull\u00e1s ellen, \u00e9s \u00e1ll\u00edt\u00f3lag a haj\u00e1t\u00fcltet\u00e9s alternat\u00edv\u00e1ja. Ez az egyik els\u0151 olyan kozmetikai haj\u00e1pol\u00f3 \u00f6sszetev\u0151, amely a regenerat\u00edv gy\u00f3gy\u00e1szati kutat\u00e1sokon alapul, \u00e9s 84 nap alatt jobb eredm\u00e9nyt hozhat, mint a m\u0171t\u00e9ti beavatkoz\u00e1s a <a href=\"https:\/\/arbuti.com\/hu\/hajatueltetes\/\">Haj\u00e1t\u00fcltet\u00e9s<\/a>. A Redensyl a biotechnol\u00f3gia \u00faj csod\u00e1ja, amely azt \u00e1ll\u00edtja, hogy el\u0151seg\u00edti a haj n\u00f6veked\u00e9s\u00e9t, megakad\u00e1lyozza a hajhull\u00e1st \u00e9s kezeli az alopeci\u00e1t. Bizony\u00edtottan jobban m\u0171k\u00f6dik, mint a minoxidil, \u00e9s a minoxidillal ellent\u00e9tben nem irrit\u00e1l.<\/p>\n\n\n\n<p>A Redensyl n\u00e9gy kulcsfontoss\u00e1g\u00fa \u00f6sszetev\u0151t tartalmaz, amelyek egy\u00fcttesen alkotj\u00e1k meg a hajn\u00f6veked\u00e9s t\u00f6k\u00e9letes receptj\u00e9t:<\/p>\n\n\n\n<ol class=\"wp-block-list\">\n<li><strong>Dihidrokercetin-gl\u00fckozid (DHQG):<\/strong>&nbsp;N\u00f6v\u00e9nyi kivonatokb\u00f3l \u00e1ll\u00f3 vegy\u00fclet, amely a hajhagym\u00e1k \u0151ssejtjeit c\u00e9lozza meg, \u00e9s el\u0151seg\u00edti a sejtoszt\u00f3d\u00e1st.<\/li>\n\n\n\n<li><strong>Epigallokatechin-gall\u00e1t-gl\u00fckozid (EGCG2):&nbsp;<\/strong>Gyullad\u00e1scs\u00f6kkent\u0151, amely a szabad gy\u00f6k\u00f6k elpuszt\u00edt\u00e1s\u00e1val eg\u00e9szs\u00e9gesen \u00e9s boldogan tartja a fejb\u0151rt.<\/li>\n\n\n\n<li><strong>Glicin<\/strong>egy aminosav, amely hajfeh\u00e9rj\u00e9ket k\u00e9pez, \u00e9s a keratinnal van kapcsolatban.<\/li>\n\n\n\n<li><strong>Cink<\/strong>amely er\u0151s\u00edti a hajsz\u00e1l szerkezet\u00e9t \u00e9s er\u0151sebb\u00e9 teszi azt.<\/li>\n<\/ol>\n\n\n\n<h2 class=\"wp-block-heading\" id=\"h-fragen-und-antworten\">K\u00e9rd\u00e9sek \u00e9s v\u00e1laszok<\/h2>\n\n\n\t\t<section\t\tclass=\"sc_fs_faq sc_card\"\n\t\t\t\t>\n\t\t\t\t<h3>Milyen mell\u00e9khat\u00e1sai vannak a Redensylnek?<\/h3>\t\t\t\t<div>\n\t\t\t\t\t\t<div class=\"sc_fs_faq__content\">\n\t\t\t\t\n\n<p>A Redensyl hat\u00f3anyagot tartalmaz\u00f3 term\u00e9kek haszn\u00e1lat\u00e1nak nincsenek ismert mell\u00e9khat\u00e1sai. Vannak azonban gyakori mell\u00e9khat\u00e1sok a k\u00f6vetkez\u0151k alkalmaz\u00e1s\u00e1val <a href=\"https:\/\/arbuti.com\/hu\/minoxidil\/\">Minoxidil<\/a>bele\u00e9rtve a szem \u00e9g\u00e9s\u00e9t vagy irrit\u00e1ci\u00f3j\u00e1t, viszket\u00e9st, b\u0151rp\u00edrt vagy irrit\u00e1ci\u00f3t a kezelt ter\u00fcleten, valamint a kezel\u00e9s mell\u00e9khat\u00e1sait. <a href=\"https:\/\/arbuti.com\/hu\/hajrestaurator\/\">hajn\u00f6veked\u00e9sr\u0151l<\/a> a test m\u00e1s r\u00e9szein.<\/p>\n\n\t\t\t<\/div>\n\t\t<\/div>\n\t\t<\/section>\n\t\t\t\t<section\t\tclass=\"sc_fs_faq sc_card\"\n\t\t\t\t>\n\t\t\t\t<h3>Mennyi ideig tart a Redensyl hat\u00e1sa?<\/h3>\t\t\t\t<div>\n\t\t\t\t\t\t<div class=\"sc_fs_faq__content\">\n\t\t\t\t\n\n<p>A szem\u00f6ld\u00f6kre is alkalmazhat\u00f3. Mivel a hajn\u00f6veszt\u0151i ciklusok legal\u00e1bb egy-n\u00e9gy h\u00f3napig tarthatnak, a Redensyl haszn\u00e1lat\u00e1nak t\u00f6bb mint h\u00e1rom-hat h\u00f3napja sz\u00fcks\u00e9ges a pozit\u00edv hat\u00e1sok \u00e9szlel\u00e9s\u00e9hez.<\/p>\n\n\t\t\t<\/div>\n\t\t<\/div>\n\t\t<\/section>\n\t\t\t\t<section\t\tclass=\"sc_fs_faq sc_card\"\n\t\t\t\t>\n\t\t\t\t<h3>A Redensyl term\u00e9szetes?<\/h3>\t\t\t\t<div>\n\t\t\t\t\t\t<div class=\"sc_fs_faq__content\">\n\t\t\t\t\n\n<p>A Redensyl a legjobb alternat\u00edv\u00e1ja a <a href=\"https:\/\/arbuti.com\/hu\/hajatueltetes\/\">Haj\u00e1t\u00fcltet\u00e9s<\/a> mivel ez egy term\u00e9szetes \u00f6sszetev\u0151. Nem tartalmaz hormonokat. El\u0151seg\u00edti a haj n\u00f6veked\u00e9s\u00e9t sejtszinten.<\/p>\n\n\t\t\t<\/div>\n\t\t<\/div>\n\t\t<\/section>\n\t\t\t\t<section\t\tclass=\"sc_fs_faq sc_card\"\n\t\t\t\t>\n\t\t\t\t<h3>Seg\u00edt a Redensyl a szak\u00e1lln\u00f6veked\u00e9sben?<\/h3>\t\t\t\t<div>\n\t\t\t\t\t\t<div class=\"sc_fs_faq__content\">\n\t\t\t\t\n\n<p>Ez az olaj mentes a k\u00e1ros vegyi anyagokt\u00f3l, mint a szulf\u00e1tok \u00e9s parab\u00e9nek, \u00e9s Redensyl-t tartalmaz, amely bizony\u00edtottan jav\u00edtja a <a href=\"https:\/\/arbuti.com\/hu\/szortueszo\/\">Sz\u0151rt\u00fcsz\u0151<\/a> er\u0151s\u00edti \u00e9s ez\u00e1ltal t\u00e1mogatja a szak\u00e1ll n\u00f6veked\u00e9s\u00e9t.<\/p>\n\n\t\t\t<\/div>\n\t\t<\/div>\n\t\t<\/section>\n\t\t\n<script type=\"application\/ld+json\">{\n    \"@context\": \"https:\\\/\\\/schema.org\",\n    \"@type\": \"FAQPage\",\n    \"mainEntity\": [\n        {\n            \"@type\": \"Question\",\n            \"name\": \"Was sind die Nebenwirkungen von Redensyl?\",\n            \"acceptedAnswer\": {\n                \"@type\": \"Answer\",\n                \"text\": \"<p>Es sind keine Nebenwirkungen bei der Verwendung von Produkten bekannt, die den Wirkstoff Redensyl enthalten. Es gibt jedoch h\\u00e4ufige Nebenwirkungen bei der Verwendung von Minoxidil, einschlie\\u00dflich Brennen oder Reizung des Auges, Juckreiz, R\\u00f6tung oder Reizung im behandelten Bereich sowie unerw\\u00fcnschtes Haarwachstum an anderen Stellen des K\\u00f6rpers.<\\\/p>\"\n            }\n        },\n        {\n            \"@type\": \"Question\",\n            \"name\": \"Wie lange dauert es, bis Redensyl wirkt?\",\n            \"acceptedAnswer\": {\n                \"@type\": \"Answer\",\n                \"text\": \"<p>Kann auch auf die Augenbrauen aufgetragen werden. Da Haarwuchszyklen mindestens ein bis vier Monate dauern k\\u00f6nnen, dauert es mehr als drei bis sechs Monate, bis Redensyl verwendet wird, um positive Auswirkungen zu bemerken.<\\\/p>\"\n            }\n        },\n        {\n            \"@type\": \"Question\",\n            \"name\": \"Ist Redensyl nat\\u00fcrlich?\",\n            \"acceptedAnswer\": {\n                \"@type\": \"Answer\",\n                \"text\": \"<p>Redensyl wird als die beste Alternative zu Haartransplantationen angepriesen, da es ein nat\\u00fcrlicher Inhaltsstoff ist. Es enth\\u00e4lt keine Hormone. Es f\\u00f6rdert das Haarwachstum auf zellul\\u00e4rer Ebene.<\\\/p>\"\n            }\n        },\n        {\n            \"@type\": \"Question\",\n            \"name\": \"Hilft Redensyl beim Bartwachstum?\",\n            \"acceptedAnswer\": {\n                \"@type\": \"Answer\",\n                \"text\": \"<p>Dieses \\u00d6l ist frei von sch\\u00e4dlichen Chemikalien wie Sulfaten und Parabenen und enth\\u00e4lt Redensyl, das nachweislich die Haarfollikel st\\u00e4rkt und so das Bartwachstum unterst\\u00fctzt.<\\\/p>\"\n            }\n        }\n    ]\n}<\/script>\n\n\n\n<h2 class=\"wp-block-heading\">Hajhull\u00e1s sz\u00e1mokban<\/h2>\n\n\n\n<p>Az emberi fejb\u0151r\u00f6n \u00e1tlagosan 110 000 hajsz\u00e1l n\u0151 \u00e9s hullik naponta. Amikor a n\u00f6vekv\u0151 \u00e9s a kihull\u00f3 hajsz\u00e1lak k\u00f6z\u00f6tti egyens\u00faly megv\u00e1ltozik, hajhull\u00e1s kezd\u0151dik \u00e9s kopaszod\u00e1s l\u00e9p fel. B\u00e1rmely \u00e9letkorban el\u0151fordulhat, \u00e9s els\u0151sorban a f\u00e9rfiakat c\u00e9lozza. K\u00f6ztudott, hogy a f\u00e9rfiak 40%-\u00e9nek 35 \u00e9ves kor\u00e1ra \u00e9szrevehet\u0151 hajhull\u00e1sa lesz, ez a sz\u00e1m 60 \u00e9ves kor\u00e1ra el\u00e9ri a 65%-et. A n\u0151ket is s\u00falyosan \u00e9rinti ez a folyamat, 65 \u00e9ves korukra 50-75% k\u00f6z\u00fcl\u00fck szenved \u00e9szrevehet\u0151 hajhull\u00e1st\u00f3l. Ez puszt\u00edt\u00f3 hat\u00e1ssal lehet az egy\u00e9n \u00f6nk\u00e9p\u00e9re \u00e9s \u00e9rzelmi j\u00f3l\u00e9t\u00e9re.<\/p>\n\n\n\n<p>A Nemzetk\u00f6zi Hajrestaur\u00e1ci\u00f3s Seb\u00e9szeti T\u00e1rsas\u00e1g szerint 2012-ben vil\u00e1gszerte k\u00f6zel 1 milli\u00f3 p\u00e1cienst kezeltek seb\u00e9szeti \u00e9s nem seb\u00e9szeti hajrestaur\u00e1ci\u00f3s eszk\u00f6z\u00f6kkel. A 2012-ben elv\u00e9gzett hajp\u00f3tl\u00e1si beavatkoz\u00e1sok k\u00f6z\u00fcl 93% a fejb\u0151rt, 4,5% pedig a szem\u00f6ld\u00f6k\u00f6t \u00e9rintette. A haj\u00e1t\u00fcltet\u00e9sen \u00e1tesett betegek k\u00f6z\u00fcl 86% f\u00e9rfi, a nem seb\u00e9szeti hajrestaur\u00e1ci\u00f3n \u00e1tesett betegek k\u00f6z\u00fcl pedig 67% f\u00e9rfi. Az ilyen kezel\u00e9st \u00e1tlagosan 38 \u00e9ves korukban kezdik el.<\/p>\n\n\n\n<p>Minden egyes hajm\u0171t\u00e9t 2016 graft \u00e1t\u00fcltet\u00e9s\u00e9t teszi lehet\u0151v\u00e9, ami k\u00f6r\u00fclbel\u00fcl 8100 hajsz\u00e1lat jelent, amelyeket a p\u00e1ciens fejb\u0151r\u00e9re \u00fcltetnek \u00e1t. A betegek \u00e1tlagosan 6200 eur\u00f3t k\u00f6ltenek hajm\u0171t\u00e9tre. \u00c1ltal\u00e1ban legal\u00e1bb h\u00e1rom elj\u00e1r\u00e1sra van sz\u00fcks\u00e9g a megfelel\u0151 hajs\u0171r\u0171s\u00e9g helyre\u00e1ll\u00edt\u00e1s\u00e1hoz. Az adatok azt mutatj\u00e1k, hogy a betegek m\u0171t\u00e9t ut\u00e1ni panaszai k\u00f6z\u00fcl 64% a haj v\u00e9gs\u0151 s\u0171r\u0171s\u00e9g\u00e9re vonatkozik.<\/p>\n\n\n\n<h2 class=\"wp-block-heading\">Redensyl hat\u00e1s<\/h2>\n\n\n\n<p><strong>Kiv\u00e1l\u00f3 hat\u00e9konys\u00e1g:<\/strong><\/p>\n\n\n\n<p>Az alopec\u00e1s hajon v\u00e9gzett els\u0151 vizsg\u00e1lat a referencia Philpott-tesztben kimutatta, hogy a Redensyl a glob\u00e1lis referencia minoxidilhoz k\u00e9pest csaknem k\u00e9tszeres eredm\u00e9nyt ny\u00fajt, el\u0151seg\u00edtve a haj n\u00f6veked\u00e9s\u00e9t.<\/p>\n\n\n\n<h2 class=\"wp-block-heading\">Jobb hat\u00e1s, mint a haj\u00e1t\u00fcltet\u00e9s<\/h2>\n\n\n\n<p>A Redensyl-t r\u00e9szletesen tanulm\u00e1nyozt\u00e1k egy kett\u0151s vak vagy placebo klinikai vizsg\u00e1lat sor\u00e1n \u00f6nk\u00e9nteseken, akik a Norwood orvosi oszt\u00e1lyoz\u00e1s szerint 3. \u00e9s 4. fok\u00fa alopeci\u00e1ban szenvedtek.<\/p>\n\n\n\n<p>Egyed\u00fcl\u00e1ll\u00f3 biol\u00f3giai koncepci\u00f3j\u00e1nak k\u00f6sz\u00f6nhet\u0151en a Redensyl-lel el\u00e9rt klinikai eredm\u00e9nyek egy eddig kiel\u00e9g\u00edtetlen fogyaszt\u00f3i ig\u00e9nyt el\u00e9g\u00edtenek ki:<\/p>\n\n\n\n<ul class=\"wp-block-list\">\n<li>84 napon bel\u00fcl az \u00f6nk\u00e9nteseknek t\u00f6bb hajuk van (ak\u00e1r + 17%).<\/li>\n\n\n\n<li>Az anag\u00e9n (n\u00f6vekv\u0151) hajsz\u00e1lak sz\u00e1ma megn\u0151 (+ 9%).<\/li>\n\n\n\n<li>mik\u00f6zben cs\u00f6kkenti a kihull\u00f3 hajsz\u00e1lak sz\u00e1m\u00e1t (-17%).<\/li>\n<\/ul>\n\n\n\n<p>Az \u00f6nk\u00e9ntesek k\u00f6z\u00fcl 85%-nek jelent\u0151s \u00e9s l\u00e1that\u00f3 hajn\u00f6veszt\u0151e volt, 84 nap alatt ak\u00e1r 28 200 \u00faj hajsz\u00e1lat is nyertek, ami h\u00e1rom teljes haj\u00e1t\u00fcltet\u00e9si elj\u00e1r\u00e1snak felel meg.<\/p>\n\n\n\n<blockquote class=\"wp-block-quote is-layout-flow wp-block-quote-is-layout-flow\">\n<p>84 NAP A REDENSYL HASZN\u00c1LAT\u00c1VAL = AK\u00c1R +28,200 \u00daJ HAJSZ\u00c1L = 3 HAJ\u00c1T\u00dcLTET\u00c9SI KEZEL\u00c9S<\/p>\n<\/blockquote>\n\n\n\n<h2 class=\"wp-block-heading\">Innovat\u00edv \u00e9s fenntarthat\u00f3<\/h2>\n\n\n\n<p>A Redensyl egy szabadalmaztatott z\u00f6ld k\u00e9miai elj\u00e1r\u00e1s (szerves old\u00f3szermentes glikozilez\u00e9s) eredm\u00e9nye, amely lehet\u0151v\u00e9 teszi a DHQG \u00e9s EGCG2, a dihidrokvercetin \u00e9s EGCG stabil \u00e9s oldhat\u00f3 sz\u00e1rmaz\u00e9kainak szint\u00e9zis\u00e9t. Ezzel az elj\u00e1r\u00e1ssal elker\u00fclhet\u0151 a nagy mennyis\u00e9g\u0171 energia felhaszn\u00e1l\u00e1sa, cs\u00f6kken a l\u00e9p\u00e9sek sz\u00e1ma \u00e9s a vesz\u00e9lyes vegyi anyagok haszn\u00e1lata, amelyekre a hagyom\u00e1nyos szerves szint\u00e9zis gy\u00e1rt\u00e1si folyamat\u00e1ban sz\u00fcks\u00e9g lett volna.<\/p>\n\n\n\n<h2 class=\"wp-block-heading\">A Redensyl haszn\u00e1lat\u00e1nak el\u0151nyei<\/h2>\n\n\n\n<p>A kozmetikai iparban a piacon kaphat\u00f3 hajn\u00f6veszt\u0151 \u00f6sszetev\u0151k t\u00f6bbs\u00e9ge n\u00f6v\u00e9nyi kivonat vagy peptid. Ezzel szemben a Redensyl a hajn\u00f6veked\u00e9st aktiv\u00e1l\u00f3 molekul\u00e1k \u00faj gener\u00e1ci\u00f3j\u00e1t k\u00e9pviseli. Az \u0151ssejtek m\u0171k\u00f6d\u00e9s\u00e9nek racion\u00e1lis elemz\u00e9s\u00e9b\u0151l alakult ki a <a href=\"https:\/\/arbuti.com\/hu\/szortueszo\/\">Hajhagym\u00e1k<\/a> kifejlesztett \u00e9s egy egyed\u00fcl\u00e1ll\u00f3 szabadalmaztatott szint\u00e9zisfolyamat eredm\u00e9nye (szerves old\u00f3szermentes enzimatikus glikozil\u00e1ci\u00f3s elj\u00e1r\u00e1s). Az egyed\u00fcl\u00e1ll\u00f3 hat\u00e1smechanizmus (az ORSc \u0151ssejtek aktiv\u00e1l\u00e1sa, a HFDPc papill\u00e1ris b\u0151rfibroblasztok stimul\u00e1l\u00e1sa, a gyullad\u00e1s cs\u00f6kkent\u00e9se) h\u00e1rom h\u00f3napon bel\u00fcl \u00faj, eg\u00e9szs\u00e9ges haj gyors \u00e9s tart\u00f3s termel\u0151d\u00e9s\u00e9t eredm\u00e9nyezi androg\u00e9n alopeci\u00e1ban szenved\u0151 \u00f6nk\u00e9ntesekn\u00e9l.<\/p>\n\n\n\n<p>A Redensyl egy biotechnol\u00f3giai ACI (akt\u00edv kozmetikai \u00f6sszetev\u0151), amelynek tisztas\u00e1ga meghaladja a 97%-t, \u00e9s a gy\u00f3gyszeripari API (akt\u00edv gy\u00f3gyszer\u00e9szeti \u00f6sszetev\u0151k) kozmetikai megfelel\u0151je.<\/p>\n\n\n\n<h2 class=\"wp-block-heading\">Redensyl \u00f6sszetev\u0151k<\/h2>\n\n\n\n<p>A Redensyl hat\u00f3anyag sz\u00e9p aranys\u00e1rga sz\u00edn\u0171, de nem befoly\u00e1solja a k\u00e9sz\u00edtm\u00e9ny sz\u00edn\u00e9t. A Redensyl tart\u00f3s\u00edt\u00f3szermentes \u00e9s szagtalan, valamint a haj\u00e1pol\u00f3 kr\u00e9mek eset\u00e9ben kompatibilis az alkohollal. A Redensyl lehet\u0151v\u00e9 teszi a gy\u00e1rt\u00f3k sz\u00e1m\u00e1ra az \u00f6reged\u00e9sg\u00e1tl\u00f3 haj\u00e1pol\u00f3 term\u00e9kek \u00faj gener\u00e1ci\u00f3j\u00e1nak l\u00e9trehoz\u00e1s\u00e1t, valamint a szempill\u00e1k n\u00f6veked\u00e9s\u00e9t el\u0151seg\u00edt\u0151 \u00e9s a szem\u00f6ld\u00f6k\u00f6t helyre\u00e1ll\u00edt\u00f3 term\u00e9keket. Ez az \u00f6sszetev\u0151 v\u00edzben old\u00f3dik, k\u00f6nnyen formul\u00e1zhat\u00f3 b\u00e1rmely tipikus haj\u00e1pol\u00f3 formul\u00e1ban, \u00e9s m\u00e9g hajspray-kben is haszn\u00e1lhat\u00f3.<\/p>","protected":false},"excerpt":{"rendered":"<p>Redensyl Unterst\u00fctzt Redensyl wirklich den Haarwuchs und hilft den&nbsp;Haarausfall&nbsp;zu reduzieren? Hier haben wir eine Zusammenfassung \u00fcber Redensyl f\u00fcr dich zusammengestellt. [&hellip;]<\/p>","protected":false},"author":1,"featured_media":8271,"comment_status":"closed","ping_status":"open","sticky":false,"template":"","format":"standard","meta":{"ub_ctt_via":"","_uag_custom_page_level_css":"","site-sidebar-layout":"default","site-content-layout":"default","ast-site-content-layout":"","site-content-style":"default","site-sidebar-style":"default","ast-global-header-display":"","ast-banner-title-visibility":"","ast-main-header-display":"","ast-hfb-above-header-display":"","ast-hfb-below-header-display":"","ast-hfb-mobile-header-display":"","site-post-title":"","ast-breadcrumbs-content":"","ast-featured-img":"","footer-sml-layout":"","theme-transparent-header-meta":"default","adv-header-id-meta":"","stick-header-meta":"default","header-above-stick-meta":"","header-main-stick-meta":"","header-below-stick-meta":"","astra-migrate-meta-layouts":"default","ast-page-background-enabled":"default","ast-page-background-meta":{"desktop":{"background-color":"","background-image":"","background-repeat":"repeat","background-position":"center center","background-size":"auto","background-attachment":"scroll","background-type":"","background-media":"","overlay-type":"","overlay-color":"","overlay-opacity":"","overlay-gradient":""},"tablet":{"background-color":"","background-image":"","background-repeat":"repeat","background-position":"center center","background-size":"auto","background-attachment":"scroll","background-type":"","background-media":"","overlay-type":"","overlay-color":"","overlay-opacity":"","overlay-gradient":""},"mobile":{"background-color":"","background-image":"","background-repeat":"repeat","background-position":"center center","background-size":"auto","background-attachment":"scroll","background-type":"","background-media":"","overlay-type":"","overlay-color":"","overlay-opacity":"","overlay-gradient":""}},"ast-content-background-meta":{"desktop":{"background-color":"var(--ast-global-color-5)","background-image":"","background-repeat":"repeat","background-position":"center center","background-size":"auto","background-attachment":"scroll","background-type":"","background-media":"","overlay-type":"","overlay-color":"","overlay-opacity":"","overlay-gradient":""},"tablet":{"background-color":"var(--ast-global-color-5)","background-image":"","background-repeat":"repeat","background-position":"center center","background-size":"auto","background-attachment":"scroll","background-type":"","background-media":"","overlay-type":"","overlay-color":"","overlay-opacity":"","overlay-gradient":""},"mobile":{"background-color":"var(--ast-global-color-5)","background-image":"","background-repeat":"repeat","background-position":"center center","background-size":"auto","background-attachment":"scroll","background-type":"","background-media":"","overlay-type":"","overlay-color":"","overlay-opacity":"","overlay-gradient":""}},"footnotes":""},"categories":[6329],"tags":[],"class_list":["post-8268","post","type-post","status-publish","format-standard","has-post-thumbnail","hentry","category-haarausfall"],"featured_image_src":"https:\/\/arbuti.com\/wp-content\/uploads\/2021\/03\/Redensyl.jpg","author_info":{"display_name":"admin","author_link":"https:\/\/arbuti.com\/hu\/author\/admin\/"},"yoast_head":"<!-- This site is optimized with the Yoast SEO Premium plugin v25.3 (Yoast SEO v25.3) - https:\/\/yoast.com\/wordpress\/plugins\/seo\/ -->\n<title>Redensyl: Unterst\u00fctzt Redensyl Haarwuchs und stoppt Haarausfall?<\/title>\n<meta name=\"description\" content=\"Ist Redensyl eine alternative zu einer Haartransplantation? Ein kosmetischer Wirkstoff f\u00fcr die Haarpflege und Haarausfall. Redensyl und Haarwuchs.\" \/>\n<meta name=\"robots\" content=\"index, follow, max-snippet:-1, max-image-preview:large, max-video-preview:-1\" \/>\n<link rel=\"canonical\" href=\"https:\/\/arbuti.com\/hu\/redensyl\/\" \/>\n<meta property=\"og:locale\" content=\"hu_HU\" \/>\n<meta property=\"og:type\" content=\"article\" \/>\n<meta property=\"og:title\" content=\"Redensyl\" \/>\n<meta property=\"og:description\" content=\"Redensyl Unterst\u00fctzt Redensyl wirklich den Haarwuchs und hilft den&nbsp;Haarausfall&nbsp;zu reduzieren? Hier haben wir eine Zusammenfassung \u00fcber Redensyl\" \/>\n<meta property=\"og:url\" content=\"https:\/\/arbuti.com\/hu\/redensyl\/\" \/>\n<meta property=\"og:site_name\" content=\"ARBUTI Hair Salon\" \/>\n<meta property=\"article:publisher\" content=\"https:\/\/www.facebook.com\/Arbutihairsalon\/\" \/>\n<meta property=\"article:published_time\" content=\"2021-03-11T09:57:11+00:00\" \/>\n<meta property=\"article:modified_time\" content=\"2023-01-17T12:00:03+00:00\" \/>\n<meta property=\"og:image\" content=\"https:\/\/arbuti.com\/wp-content\/uploads\/2021\/03\/Redensyl.jpg\" \/>\n\t<meta property=\"og:image:width\" content=\"1000\" \/>\n\t<meta property=\"og:image:height\" content=\"778\" \/>\n\t<meta property=\"og:image:type\" content=\"image\/jpeg\" \/>\n<meta name=\"author\" content=\"admin\" \/>\n<meta name=\"twitter:card\" content=\"summary_large_image\" \/>\n<meta name=\"twitter:label1\" content=\"Szerz\u0151:\" \/>\n\t<meta name=\"twitter:data1\" content=\"admin\" \/>\n\t<meta name=\"twitter:label2\" content=\"Becs\u00fclt olvas\u00e1si id\u0151\" \/>\n\t<meta name=\"twitter:data2\" content=\"6 perc\" \/>\n<script type=\"application\/ld+json\" class=\"yoast-schema-graph\">{\"@context\":\"https:\/\/schema.org\",\"@graph\":[{\"@type\":\"Article\",\"@id\":\"https:\/\/arbuti.com\/redensyl\/#article\",\"isPartOf\":{\"@id\":\"https:\/\/arbuti.com\/redensyl\/\"},\"author\":{\"name\":\"admin\",\"@id\":\"https:\/\/arbuti.com\/fr\/#\/schema\/person\/d85bbf7b442ca0f812c3aa0ed9eece8f\"},\"headline\":\"Redensyl\",\"datePublished\":\"2021-03-11T09:57:11+00:00\",\"dateModified\":\"2023-01-17T12:00:03+00:00\",\"mainEntityOfPage\":{\"@id\":\"https:\/\/arbuti.com\/redensyl\/\"},\"wordCount\":1015,\"publisher\":{\"@id\":\"https:\/\/arbuti.com\/fr\/#organization\"},\"image\":{\"@id\":\"https:\/\/arbuti.com\/redensyl\/#primaryimage\"},\"thumbnailUrl\":\"https:\/\/arbuti.com\/wp-content\/uploads\/2021\/03\/Redensyl.jpg\",\"articleSection\":[\"Haarausfall\"],\"inLanguage\":\"hu\"},{\"@type\":\"WebPage\",\"@id\":\"https:\/\/arbuti.com\/redensyl\/\",\"url\":\"https:\/\/arbuti.com\/redensyl\/\",\"name\":\"Redensyl: Unterst\u00fctzt Redensyl Haarwuchs und stoppt Haarausfall?\",\"isPartOf\":{\"@id\":\"https:\/\/arbuti.com\/fr\/#website\"},\"primaryImageOfPage\":{\"@id\":\"https:\/\/arbuti.com\/redensyl\/#primaryimage\"},\"image\":{\"@id\":\"https:\/\/arbuti.com\/redensyl\/#primaryimage\"},\"thumbnailUrl\":\"https:\/\/arbuti.com\/wp-content\/uploads\/2021\/03\/Redensyl.jpg\",\"datePublished\":\"2021-03-11T09:57:11+00:00\",\"dateModified\":\"2023-01-17T12:00:03+00:00\",\"description\":\"Ist Redensyl eine alternative zu einer Haartransplantation? Ein kosmetischer Wirkstoff f\u00fcr die Haarpflege und Haarausfall. Redensyl und Haarwuchs.\",\"breadcrumb\":{\"@id\":\"https:\/\/arbuti.com\/redensyl\/#breadcrumb\"},\"inLanguage\":\"hu\",\"potentialAction\":[{\"@type\":\"ReadAction\",\"target\":[\"https:\/\/arbuti.com\/redensyl\/\"]}]},{\"@type\":\"ImageObject\",\"inLanguage\":\"hu\",\"@id\":\"https:\/\/arbuti.com\/redensyl\/#primaryimage\",\"url\":\"https:\/\/arbuti.com\/wp-content\/uploads\/2021\/03\/Redensyl.jpg\",\"contentUrl\":\"https:\/\/arbuti.com\/wp-content\/uploads\/2021\/03\/Redensyl.jpg\",\"width\":1000,\"height\":778,\"caption\":\"Redensyl\"},{\"@type\":\"BreadcrumbList\",\"@id\":\"https:\/\/arbuti.com\/redensyl\/#breadcrumb\",\"itemListElement\":[{\"@type\":\"ListItem\",\"position\":1,\"name\":\"ARBUTI\",\"item\":\"https:\/\/arbuti.com\/\"},{\"@type\":\"ListItem\",\"position\":2,\"name\":\"Haarausfall\",\"item\":\"https:\/\/arbuti.com\/fr\/categorie\/haarausfall\/\"},{\"@type\":\"ListItem\",\"position\":3,\"name\":\"Redensyl\"}]},{\"@type\":\"WebSite\",\"@id\":\"https:\/\/arbuti.com\/fr\/#website\",\"url\":\"https:\/\/arbuti.com\/fr\/\",\"name\":\"ARBUTI Hair Salon\",\"description\":\"Friseur M\u00fcnchen\",\"publisher\":{\"@id\":\"https:\/\/arbuti.com\/fr\/#organization\"},\"alternateName\":\"ARBUTI\",\"potentialAction\":[{\"@type\":\"SearchAction\",\"target\":{\"@type\":\"EntryPoint\",\"urlTemplate\":\"https:\/\/arbuti.com\/fr\/?s={search_term_string}\"},\"query-input\":{\"@type\":\"PropertyValueSpecification\",\"valueRequired\":true,\"valueName\":\"search_term_string\"}}],\"inLanguage\":\"hu\"},{\"@type\":\"Organization\",\"@id\":\"https:\/\/arbuti.com\/fr\/#organization\",\"name\":\"ARBUTI Hair Salon\",\"alternateName\":\"ARBUTI\",\"url\":\"https:\/\/arbuti.com\/fr\/\",\"logo\":{\"@type\":\"ImageObject\",\"inLanguage\":\"hu\",\"@id\":\"https:\/\/arbuti.com\/fr\/#\/schema\/logo\/image\/\",\"url\":\"https:\/\/arbuti.com\/wp-content\/uploads\/2020\/04\/cropped-Arbuti-Friseur-Muenchen.jpg\",\"contentUrl\":\"https:\/\/arbuti.com\/wp-content\/uploads\/2020\/04\/cropped-Arbuti-Friseur-Muenchen.jpg\",\"width\":512,\"height\":512,\"caption\":\"ARBUTI Hair Salon\"},\"image\":{\"@id\":\"https:\/\/arbuti.com\/fr\/#\/schema\/logo\/image\/\"},\"sameAs\":[\"https:\/\/www.facebook.com\/Arbutihairsalon\/\",\"https:\/\/www.instagram.com\/arbutihairsalon\/\",\"https:\/\/www.pinterest.de\/arbutihairsalon\/arbuti-hair-salon\/\"]},{\"@type\":\"Person\",\"@id\":\"https:\/\/arbuti.com\/fr\/#\/schema\/person\/d85bbf7b442ca0f812c3aa0ed9eece8f\",\"name\":\"admin\",\"image\":{\"@type\":\"ImageObject\",\"inLanguage\":\"hu\",\"@id\":\"https:\/\/arbuti.com\/fr\/#\/schema\/person\/image\/\",\"url\":\"https:\/\/secure.gravatar.com\/avatar\/a5ca7376327017715559ffb9b376df51?s=96&d=mm&r=g\",\"contentUrl\":\"https:\/\/secure.gravatar.com\/avatar\/a5ca7376327017715559ffb9b376df51?s=96&d=mm&r=g\",\"caption\":\"admin\"}}]}<\/script>\n<!-- \/ Yoast SEO Premium plugin. -->","yoast_head_json":{"title":"Redensyl: Unterst\u00fctzt Redensyl Haarwuchs und stoppt Haarausfall?","description":"Ist Redensyl eine alternative zu einer Haartransplantation? Ein kosmetischer Wirkstoff f\u00fcr die Haarpflege und Haarausfall. Redensyl und Haarwuchs.","robots":{"index":"index","follow":"follow","max-snippet":"max-snippet:-1","max-image-preview":"max-image-preview:large","max-video-preview":"max-video-preview:-1"},"canonical":"https:\/\/arbuti.com\/hu\/redensyl\/","og_locale":"hu_HU","og_type":"article","og_title":"Redensyl","og_description":"Redensyl Unterst\u00fctzt Redensyl wirklich den Haarwuchs und hilft den&nbsp;Haarausfall&nbsp;zu reduzieren? Hier haben wir eine Zusammenfassung \u00fcber Redensyl","og_url":"https:\/\/arbuti.com\/hu\/redensyl\/","og_site_name":"ARBUTI Hair Salon","article_publisher":"https:\/\/www.facebook.com\/Arbutihairsalon\/","article_published_time":"2021-03-11T09:57:11+00:00","article_modified_time":"2023-01-17T12:00:03+00:00","og_image":[{"width":1000,"height":778,"url":"https:\/\/arbuti.com\/wp-content\/uploads\/2021\/03\/Redensyl.jpg","type":"image\/jpeg"}],"author":"admin","twitter_card":"summary_large_image","twitter_misc":{"Szerz\u0151:":"admin","Becs\u00fclt olvas\u00e1si id\u0151":"6 perc"},"schema":{"@context":"https:\/\/schema.org","@graph":[{"@type":"Article","@id":"https:\/\/arbuti.com\/redensyl\/#article","isPartOf":{"@id":"https:\/\/arbuti.com\/redensyl\/"},"author":{"name":"admin","@id":"https:\/\/arbuti.com\/fr\/#\/schema\/person\/d85bbf7b442ca0f812c3aa0ed9eece8f"},"headline":"Redensyl","datePublished":"2021-03-11T09:57:11+00:00","dateModified":"2023-01-17T12:00:03+00:00","mainEntityOfPage":{"@id":"https:\/\/arbuti.com\/redensyl\/"},"wordCount":1015,"publisher":{"@id":"https:\/\/arbuti.com\/fr\/#organization"},"image":{"@id":"https:\/\/arbuti.com\/redensyl\/#primaryimage"},"thumbnailUrl":"https:\/\/arbuti.com\/wp-content\/uploads\/2021\/03\/Redensyl.jpg","articleSection":["Haarausfall"],"inLanguage":"hu"},{"@type":"WebPage","@id":"https:\/\/arbuti.com\/redensyl\/","url":"https:\/\/arbuti.com\/redensyl\/","name":"Redensyl: Unterst\u00fctzt Redensyl Haarwuchs und stoppt Haarausfall?","isPartOf":{"@id":"https:\/\/arbuti.com\/fr\/#website"},"primaryImageOfPage":{"@id":"https:\/\/arbuti.com\/redensyl\/#primaryimage"},"image":{"@id":"https:\/\/arbuti.com\/redensyl\/#primaryimage"},"thumbnailUrl":"https:\/\/arbuti.com\/wp-content\/uploads\/2021\/03\/Redensyl.jpg","datePublished":"2021-03-11T09:57:11+00:00","dateModified":"2023-01-17T12:00:03+00:00","description":"Ist Redensyl eine alternative zu einer Haartransplantation? Ein kosmetischer Wirkstoff f\u00fcr die Haarpflege und Haarausfall. Redensyl und Haarwuchs.","breadcrumb":{"@id":"https:\/\/arbuti.com\/redensyl\/#breadcrumb"},"inLanguage":"hu","potentialAction":[{"@type":"ReadAction","target":["https:\/\/arbuti.com\/redensyl\/"]}]},{"@type":"ImageObject","inLanguage":"hu","@id":"https:\/\/arbuti.com\/redensyl\/#primaryimage","url":"https:\/\/arbuti.com\/wp-content\/uploads\/2021\/03\/Redensyl.jpg","contentUrl":"https:\/\/arbuti.com\/wp-content\/uploads\/2021\/03\/Redensyl.jpg","width":1000,"height":778,"caption":"Redensyl"},{"@type":"BreadcrumbList","@id":"https:\/\/arbuti.com\/redensyl\/#breadcrumb","itemListElement":[{"@type":"ListItem","position":1,"name":"ARBUTI","item":"https:\/\/arbuti.com\/"},{"@type":"ListItem","position":2,"name":"Haarausfall","item":"https:\/\/arbuti.com\/fr\/categorie\/haarausfall\/"},{"@type":"ListItem","position":3,"name":"Redensyl"}]},{"@type":"WebSite","@id":"https:\/\/arbuti.com\/fr\/#website","url":"https:\/\/arbuti.com\/fr\/","name":"ARBUTI Hair Salon","description":"Friseur M\u00fcnchen","publisher":{"@id":"https:\/\/arbuti.com\/fr\/#organization"},"alternateName":"ARBUTI","potentialAction":[{"@type":"SearchAction","target":{"@type":"EntryPoint","urlTemplate":"https:\/\/arbuti.com\/fr\/?s={search_term_string}"},"query-input":{"@type":"PropertyValueSpecification","valueRequired":true,"valueName":"search_term_string"}}],"inLanguage":"hu"},{"@type":"Organization","@id":"https:\/\/arbuti.com\/fr\/#organization","name":"ARBUTI Hair Salon","alternateName":"ARBUTI","url":"https:\/\/arbuti.com\/fr\/","logo":{"@type":"ImageObject","inLanguage":"hu","@id":"https:\/\/arbuti.com\/fr\/#\/schema\/logo\/image\/","url":"https:\/\/arbuti.com\/wp-content\/uploads\/2020\/04\/cropped-Arbuti-Friseur-Muenchen.jpg","contentUrl":"https:\/\/arbuti.com\/wp-content\/uploads\/2020\/04\/cropped-Arbuti-Friseur-Muenchen.jpg","width":512,"height":512,"caption":"ARBUTI Hair Salon"},"image":{"@id":"https:\/\/arbuti.com\/fr\/#\/schema\/logo\/image\/"},"sameAs":["https:\/\/www.facebook.com\/Arbutihairsalon\/","https:\/\/www.instagram.com\/arbutihairsalon\/","https:\/\/www.pinterest.de\/arbutihairsalon\/arbuti-hair-salon\/"]},{"@type":"Person","@id":"https:\/\/arbuti.com\/fr\/#\/schema\/person\/d85bbf7b442ca0f812c3aa0ed9eece8f","name":"admin","image":{"@type":"ImageObject","inLanguage":"hu","@id":"https:\/\/arbuti.com\/fr\/#\/schema\/person\/image\/","url":"https:\/\/secure.gravatar.com\/avatar\/a5ca7376327017715559ffb9b376df51?s=96&d=mm&r=g","contentUrl":"https:\/\/secure.gravatar.com\/avatar\/a5ca7376327017715559ffb9b376df51?s=96&d=mm&r=g","caption":"admin"}}]}},"uagb_featured_image_src":{"full":["https:\/\/arbuti.com\/wp-content\/uploads\/2021\/03\/Redensyl.jpg",1000,778,false],"thumbnail":["https:\/\/arbuti.com\/wp-content\/uploads\/2021\/03\/Redensyl-150x150.jpg",150,150,true],"medium":["https:\/\/arbuti.com\/wp-content\/uploads\/2021\/03\/Redensyl-300x233.jpg",300,233,true],"medium_large":["https:\/\/arbuti.com\/wp-content\/uploads\/2021\/03\/Redensyl-768x598.jpg",768,598,true],"large":["https:\/\/arbuti.com\/wp-content\/uploads\/2021\/03\/Redensyl.jpg",1000,778,false],"1536x1536":["https:\/\/arbuti.com\/wp-content\/uploads\/2021\/03\/Redensyl.jpg",1000,778,false],"2048x2048":["https:\/\/arbuti.com\/wp-content\/uploads\/2021\/03\/Redensyl.jpg",1000,778,false],"trp-custom-language-flag":["https:\/\/arbuti.com\/wp-content\/uploads\/2021\/03\/Redensyl.jpg",15,12,false],"wp_review_large":["https:\/\/arbuti.com\/wp-content\/uploads\/2021\/03\/Redensyl-320x200.jpg",320,200,true],"wp_review_small":["https:\/\/arbuti.com\/wp-content\/uploads\/2021\/03\/Redensyl-65x65.jpg",65,65,true]},"uagb_author_info":{"display_name":"admin","author_link":"https:\/\/arbuti.com\/hu\/author\/admin\/"},"uagb_comment_info":0,"uagb_excerpt":"Redensyl Unterst\u00fctzt Redensyl wirklich den Haarwuchs und hilft den&nbsp;Haarausfall&nbsp;zu reduzieren? Hier haben wir eine Zusammenfassung \u00fcber Redensyl f\u00fcr dich zusammengestellt. [&hellip;]","_links":{"self":[{"href":"https:\/\/arbuti.com\/hu\/wp-json\/wp\/v2\/posts\/8268","targetHints":{"allow":["GET"]}}],"collection":[{"href":"https:\/\/arbuti.com\/hu\/wp-json\/wp\/v2\/posts"}],"about":[{"href":"https:\/\/arbuti.com\/hu\/wp-json\/wp\/v2\/types\/post"}],"author":[{"embeddable":true,"href":"https:\/\/arbuti.com\/hu\/wp-json\/wp\/v2\/users\/1"}],"replies":[{"embeddable":true,"href":"https:\/\/arbuti.com\/hu\/wp-json\/wp\/v2\/comments?post=8268"}],"version-history":[{"count":3,"href":"https:\/\/arbuti.com\/hu\/wp-json\/wp\/v2\/posts\/8268\/revisions"}],"predecessor-version":[{"id":10920,"href":"https:\/\/arbuti.com\/hu\/wp-json\/wp\/v2\/posts\/8268\/revisions\/10920"}],"wp:featuredmedia":[{"embeddable":true,"href":"https:\/\/arbuti.com\/hu\/wp-json\/wp\/v2\/media\/8271"}],"wp:attachment":[{"href":"https:\/\/arbuti.com\/hu\/wp-json\/wp\/v2\/media?parent=8268"}],"wp:term":[{"taxonomy":"category","embeddable":true,"href":"https:\/\/arbuti.com\/hu\/wp-json\/wp\/v2\/categories?post=8268"},{"taxonomy":"post_tag","embeddable":true,"href":"https:\/\/arbuti.com\/hu\/wp-json\/wp\/v2\/tags?post=8268"}],"curies":[{"name":"wp","href":"https:\/\/api.w.org\/{rel}","templated":true}]}}