{"id":8256,"date":"2021-03-11T09:22:52","date_gmt":"2021-03-11T09:22:52","guid":{"rendered":"https:\/\/arbuti.com\/?p=8256"},"modified":"2023-01-17T12:04:30","modified_gmt":"2023-01-17T12:04:30","slug":"saegepalmen-haarausfall","status":"publish","type":"post","link":"https:\/\/arbuti.com\/hu\/fureszpalma-hajhullas\/","title":{"rendered":"F\u0171r\u00e9szp\u00e1lma hajhull\u00e1s ellen"},"content":{"rendered":"<h1 class=\"has-text-align-center wp-block-heading\" id=\"h-s-gepalme-gegen-haarausfall-mythos-oder-wunder\">F\u0171r\u00e9szp\u00e1lma hajhull\u00e1s ellen: m\u00edtosz vagy csoda?<\/h1>\n\n\n\n<p class=\"has-text-align-center\">F\u0171r\u00e9szp\u00e1lma vagy <strong>F\u0171r\u00e9szp\u00e1lma<\/strong> n\u00e9pszer\u0171 gy\u00f3gyn\u00f6v\u00e9ny. N\u00e9h\u00e1nyan arra haszn\u00e1lj\u00e1k, hogy&nbsp;<a href=\"https:\/\/arbuti.com\/hu\/haarausfall\/\">Hajhull\u00e1s<\/a>&nbsp;visszaford\u00edtani vagy megel\u0151zni, de van-e el\u00e9g tudom\u00e1nyos bizony\u00edt\u00e9k a meger\u0151s\u00edt\u00e9shez?<\/p>\n\n\n\n\n\n\n<figure class=\"wp-block-image aligncenter size-large is-resized\"><img loading=\"lazy\" decoding=\"async\" src=\"https:\/\/arbuti.com\/wp-content\/uploads\/2021\/03\/Saegepalme.jpg\" alt=\"F\u0171r\u00e9szp\u00e1lma\" class=\"wp-image-8259\" width=\"576\" height=\"448\" srcset=\"https:\/\/arbuti.com\/wp-content\/uploads\/2021\/03\/Saegepalme.jpg 1000w, https:\/\/arbuti.com\/wp-content\/uploads\/2021\/03\/Saegepalme-300x233.jpg 300w, https:\/\/arbuti.com\/wp-content\/uploads\/2021\/03\/Saegepalme-768x598.jpg 768w\" sizes=\"auto, (max-width: 576px) 100vw, 576px\" \/><\/figure>\n\n\n\n<h2 class=\"wp-block-heading\">F\u0171r\u00e9szp\u00e1lma \u00e9s hajhull\u00e1s<\/h2>\n\n\n\n<p>Sz\u00e1mos kezel\u00e9s l\u00e9tezik a hajhull\u00e1s kezel\u00e9s\u00e9re. Az ut\u00f3bbi \u00e9vekben a hajp\u00f3tl\u00e1s \u00e9s a hajhosszabb\u00edt\u00e1s egyre n\u00e9pszer\u0171bb\u00e9 v\u00e1lt. A lok\u00e1lis gy\u00f3gyszerek \u00e9s a sz\u00e1jon \u00e1t szedhet\u0151 gy\u00f3gyszerek a haj elv\u00e9konyod\u00e1s\u00e1nak kezel\u00e9s\u00e9re szolg\u00e1l\u00f3 egy\u00e9b n\u00e9pszer\u0171 m\u00f3dszerek. Az olyan seb\u00e9szeti elj\u00e1r\u00e1sok, mint a hajdug\u00f3k is j\u00f3l m\u0171k\u00f6dnek. A gy\u00f3gyszereknek azonban lehetnek mell\u00e9khat\u00e1sai, a m\u0171t\u00e9t pedig dr\u00e1ga lehet.<\/p>\n\n\n\n<p>A f\u0171r\u00e9szp\u00e1lma a hajhull\u00e1s alternat\u00edv gy\u00f3gym\u00f3dja. Ez egy apr\u00f3 bogy\u00f3kkal rendelkez\u0151 n\u00f6v\u00e9ny, amelyet az amerikai \u0151slakosok \u00e9vsz\u00e1zadok \u00f3ta haszn\u00e1lnak gy\u00f3gyszerk\u00e9nt \u00e9s \u00e9lelmiszerk\u00e9nt. A k\u00f6vetkez\u0151k kezel\u00e9s\u00e9re is alkalmazt\u00e1k:<\/p>\n\n\n\n<ul class=\"wp-block-list\">\n<li>Hajhull\u00e1s<\/li>\n\n\n\n<li>H\u00f3lyagfert\u0151z\u00e9sek<\/li>\n\n\n\n<li>Prosztatar\u00e1k<\/li>\n<\/ul>\n\n\n\n<figure class=\"wp-block-image alignleft size-large is-resized\"><img loading=\"lazy\" decoding=\"async\" src=\"https:\/\/arbuti.com\/wp-content\/uploads\/2020\/05\/Saegepalme.jpg\" alt=\"F\u0171r\u00e9szp\u00e1lma\" class=\"wp-image-4615\" width=\"218\" height=\"156\" srcset=\"https:\/\/arbuti.com\/wp-content\/uploads\/2020\/05\/Saegepalme.jpg 618w, https:\/\/arbuti.com\/wp-content\/uploads\/2020\/05\/Saegepalme-300x214.jpg 300w, https:\/\/arbuti.com\/wp-content\/uploads\/2020\/05\/Saegepalme-200x143.jpg 200w, https:\/\/arbuti.com\/wp-content\/uploads\/2020\/05\/Saegepalme-400x286.jpg 400w, https:\/\/arbuti.com\/wp-content\/uploads\/2020\/05\/Saegepalme-600x429.jpg 600w\" sizes=\"auto, (max-width: 218px) 100vw, 218px\" \/><\/figure>\n\n\n\n<p>A f\u0171r\u00e9szp\u00e1lma hajhull\u00e1s elleni hat\u00e1s\u00e1val kapcsolatos kutat\u00e1sok korl\u00e1tozottak, de \u00edg\u00e9retesek. A f\u0171r\u00e9szp\u00e1lma bogy\u00f3kb\u00f3l sz\u00e1rmaz\u00f3 kivonat blokkolhatja az 5-alfa-redukt\u00e1zt, egy olyan enzimet, amely a tesztoszteront DHT-v\u00e1 alak\u00edtja. A DHT a hajhull\u00e1s\u00e9rt felel\u0151s molekula, \u00e9s a prosztata megnagyobbod\u00e1s\u00e1ban is szerepet j\u00e1tszik.<\/p>\n\n\n\n<p>A&nbsp;<a href=\"https:\/\/www.ncbi.nlm.nih.gov\/pmc\/articles\/PMC4847595\/\">Tanulm\u00e1ny<\/a>&nbsp;A Trusted Source \u00e1ltal k\u00e9sz\u00edtett tanulm\u00e1ny szerint a f\u0171r\u00e9szp\u00e1lma prosztatamegnagyobbod\u00e1s kezel\u00e9s\u00e9re val\u00f3 k\u00e9pess\u00e9ge \u00edg\u00e9retes. A kutat\u00f3k rem\u00e9lik, hogy a hajhull\u00e1st is lass\u00edthatja vagy meg\u00e1ll\u00edthatja. Val\u00f3j\u00e1ban a f\u0171r\u00e9szp\u00e1lma enzimet blokkol\u00f3 \u00f6sszetev\u0151i hasonl\u00f3an m\u0171k\u00f6dnek, mint a hajhull\u00e1s elleni v\u00e9nyk\u00f6teles gy\u00f3gyszerek szintetikus \u00f6sszetev\u0151i.<\/p>\n\n\n\n<p>A f\u0171r\u00e9szp\u00e1lma hat\u00e9konys\u00e1ga a hajhull\u00e1s kezel\u00e9s\u00e9ben azonban korl\u00e1tozott. Mindazon\u00e1ltal egy tanulm\u00e1ny pozit\u00edv eredm\u00e9nyeket mutatott a helyi f\u0171r\u00e9szp\u00e1lm\u00e1val \u00e9s 10 sz\u00e1zal\u00e9kos trichog\u00e9n-n\u00f6v\u00e9nyi komplexszel kezelt f\u00e9rfiak eset\u00e9ben. A 25 r\u00e9sztvev\u0151 majdnem fel\u00e9nek 11,9 sz\u00e1zal\u00e9kkal n\u0151tt a hajsz\u00e1lainak sz\u00e1ma a n\u00e9gy h\u00f3napos kezel\u00e9s ut\u00e1n.<\/p>\n\n\n\n<h2 class=\"wp-block-heading\">A f\u0171r\u00e9szp\u00e1lma k\u00fcl\u00f6nb\u00f6z\u0151 form\u00e1i<\/h2>\n\n\n\n<p>A f\u0171r\u00e9szp\u00e1lma k\u00fcl\u00f6nb\u00f6z\u0151 form\u00e1kban kaphat\u00f3, t\u00f6bbek k\u00f6z\u00f6tt:<\/p>\n\n\n\n<ul class=\"wp-block-list\">\n<li>Eg\u00e9sz sz\u00e1r\u00edtott bogy\u00f3s gy\u00fcm\u00f6lcs\u00f6k<\/li>\n\n\n\n<li>Tablett\u00e1k<\/li>\n\n\n\n<li>foly\u00e9kony kivonatok<\/li>\n\n\n\n<li>Por alak\u00fa kapszul\u00e1k<\/li>\n<\/ul>\n\n\n\n<p>A tablett\u00e1kat \u00e9s a kapszul\u00e1kat a legk\u00f6nnyebb megtal\u00e1lni, \u00e9s ezek az egyetlen olyan form\u00e1k, amelyeket a kutat\u00f3k tanulm\u00e1nyoztak. A sz\u00e1r\u00edtott f\u0171r\u00e9szp\u00e1lma bogy\u00f3kb\u00f3l k\u00e9sz\u00fclt tea val\u00f3sz\u00edn\u0171leg nem hat\u00e9kony, mivel a hat\u00f3anyagok nem v\u00edzben old\u00f3dnak.<\/p>\n\n\n\n<p>Egy \u00faj k\u00e9sz\u00edtm\u00e9ny szed\u00e9se el\u0151tt fontos, hogy t\u00e1j\u00e9koztassa kezel\u0151orvos\u00e1t a biztons\u00e1gos adagol\u00e1si mennyis\u00e9gekr\u0151l. A szak\u00e9rt\u0151k napi k\u00e9tszer 160 milligrammot javasolnak a megnagyobbodott prosztata kezel\u00e9s\u00e9re.<\/p>\n\n\n\n<h2 class=\"wp-block-heading\">Mell\u00e9khat\u00e1sok \u00e9s k\u00f6lcs\u00f6nhat\u00e1sok<\/h2>\n\n\n\n<p>A f\u0171r\u00e9szp\u00e1lma \u00e1ltal\u00e1ban biztons\u00e1gosnak tekinthet\u0151, de gyermekek, terhes \u00e9s szoptat\u00f3 n\u0151k sz\u00e1m\u00e1ra nem aj\u00e1nlott. Ritka mell\u00e9khat\u00e1s az enyhe fejf\u00e1j\u00e1s \u00e9s a hasi f\u00e1jdalom. A gyomorirrit\u00e1ci\u00f3 elker\u00fclhet\u0151, ha a kivonatot \u00e9tkez\u00e9s k\u00f6zben vessz\u00fck be.<\/p>\n\n\n\n<p>A f\u0171r\u00e9szp\u00e1lma elv\u00e9kony\u00edthatja a v\u00e9rt \u00e9s t\u00falzott v\u00e9rz\u00e9st okozhat a m\u0171t\u00e9t sor\u00e1n. Mindig t\u00e1j\u00e9koztassa kezel\u0151orvos\u00e1t a szedett \u00e9trend-kieg\u00e9sz\u00edt\u0151kr\u0151l, miel\u0151tt \u00faj kezel\u00e9st kezd, \u00e9s miel\u0151tt m\u0171t\u00e9tre ker\u00fclne sor.<\/p>\n\n\n\n<p>A f\u0171r\u00e9szp\u00e1lma \u00e9s n\u00e9h\u00e1ny m\u00e1s gy\u00f3gyszer k\u00f6z\u00f6tt k\u00f6lcs\u00f6nhat\u00e1sok l\u00e9phetnek fel. Mivel kimutatt\u00e1k, hogy h\u00edg\u00edtja a v\u00e9rt, a f\u0171r\u00e9szp\u00e1lm\u00e1t soha nem szabad m\u00e1s v\u00e9rh\u00edg\u00edt\u00f3kkal egyidej\u0171leg szedni. K\u00fcl\u00f6n\u00f6sen nem szabad egy\u00fctt szedni aszpirinnel \u00e9s olyan gy\u00f3gyszerekkel, mint a warfarin. M\u00e1s hajregener\u00e1l\u00f3 szereket is megvizsg\u00e1ltunk, amelyekr\u0151l eddig nem \u00e9rkezett jelent\u00e9s mell\u00e9khat\u00e1sokr\u00f3l.<\/p>\n\n\n\n<h2 class=\"wp-block-heading\">K\u00f6vetkeztet\u00e9s<\/h2>\n\n\n\n<p>A korl\u00e1tozott kutat\u00e1sok ellen\u00e9re a f\u0171r\u00e9szp\u00e1lm\u00e1t \u00e9vek \u00f3ta haszn\u00e1lj\u00e1k sok minden gy\u00f3gy\u00edt\u00e1s\u00e1ra, bele\u00e9rtve a hajhull\u00e1st is. Hasonl\u00f3an m\u0171k\u00f6dik, mint egyes hajhull\u00e1s elleni gy\u00f3gyszerek. Mint minden \u00e9trend-kieg\u00e9sz\u00edt\u0151 eset\u00e9ben, a szed\u00e9s el\u0151tt el\u0151sz\u00f6r besz\u00e9ljen orvos\u00e1val. Ha b\u00e1rmilyen s\u00falyos mell\u00e9khat\u00e1st \u00e9szlel, hagyja abba a szed\u00e9s\u00e9t.<\/p>\n\n\n\n<p>Itt a mi <a href=\"https:\/\/arbuti.com\/hu\/hajhullas-jogorvoslatok\/\">Hajhull\u00e1s gy\u00f3gym\u00f3d teszt <\/a>2021!<\/p>","protected":false},"excerpt":{"rendered":"<p>S\u00e4gepalme gegen Haarausfall: Mythos oder Wunder? S\u00e4gepalme oder auch Saw Palmetto ist ein beliebtes Kr\u00e4uterheilmittel. Einige Leute verwenden es, um&nbsp;Haarausfall&nbsp;umzukehren [&hellip;]<\/p>","protected":false},"author":1,"featured_media":8259,"comment_status":"closed","ping_status":"open","sticky":false,"template":"","format":"standard","meta":{"ub_ctt_via":"","_uag_custom_page_level_css":"","site-sidebar-layout":"default","site-content-layout":"default","ast-site-content-layout":"","site-content-style":"default","site-sidebar-style":"default","ast-global-header-display":"","ast-banner-title-visibility":"","ast-main-header-display":"","ast-hfb-above-header-display":"","ast-hfb-below-header-display":"","ast-hfb-mobile-header-display":"","site-post-title":"","ast-breadcrumbs-content":"","ast-featured-img":"","footer-sml-layout":"","theme-transparent-header-meta":"default","adv-header-id-meta":"","stick-header-meta":"default","header-above-stick-meta":"","header-main-stick-meta":"","header-below-stick-meta":"","astra-migrate-meta-layouts":"default","ast-page-background-enabled":"default","ast-page-background-meta":{"desktop":{"background-color":"","background-image":"","background-repeat":"repeat","background-position":"center center","background-size":"auto","background-attachment":"scroll","background-type":"","background-media":"","overlay-type":"","overlay-color":"","overlay-opacity":"","overlay-gradient":""},"tablet":{"background-color":"","background-image":"","background-repeat":"repeat","background-position":"center center","background-size":"auto","background-attachment":"scroll","background-type":"","background-media":"","overlay-type":"","overlay-color":"","overlay-opacity":"","overlay-gradient":""},"mobile":{"background-color":"","background-image":"","background-repeat":"repeat","background-position":"center center","background-size":"auto","background-attachment":"scroll","background-type":"","background-media":"","overlay-type":"","overlay-color":"","overlay-opacity":"","overlay-gradient":""}},"ast-content-background-meta":{"desktop":{"background-color":"var(--ast-global-color-5)","background-image":"","background-repeat":"repeat","background-position":"center center","background-size":"auto","background-attachment":"scroll","background-type":"","background-media":"","overlay-type":"","overlay-color":"","overlay-opacity":"","overlay-gradient":""},"tablet":{"background-color":"var(--ast-global-color-5)","background-image":"","background-repeat":"repeat","background-position":"center center","background-size":"auto","background-attachment":"scroll","background-type":"","background-media":"","overlay-type":"","overlay-color":"","overlay-opacity":"","overlay-gradient":""},"mobile":{"background-color":"var(--ast-global-color-5)","background-image":"","background-repeat":"repeat","background-position":"center center","background-size":"auto","background-attachment":"scroll","background-type":"","background-media":"","overlay-type":"","overlay-color":"","overlay-opacity":"","overlay-gradient":""}},"footnotes":""},"categories":[6329],"tags":[],"class_list":["post-8256","post","type-post","status-publish","format-standard","has-post-thumbnail","hentry","category-haarausfall"],"featured_image_src":"https:\/\/arbuti.com\/wp-content\/uploads\/2021\/03\/Saegepalme.jpg","author_info":{"display_name":"admin","author_link":"https:\/\/arbuti.com\/hu\/author\/admin\/"},"yoast_head":"<!-- This site is optimized with the Yoast SEO Premium plugin v25.3 (Yoast SEO v25.3) - https:\/\/yoast.com\/wordpress\/plugins\/seo\/ -->\n<title>S\u00e4gepalme verhindert Haarausfall: Mythos oder Wunder?<\/title>\n<meta name=\"description\" content=\"Hilft die S\u00e4gepalme den Haarausfall zu verhindern? Gibt es gen\u00fcgend wissenschaftliche Beweise, dass dieses Kr\u00e4utermittel den Haarausfall verhindert?\" \/>\n<meta name=\"robots\" content=\"index, follow, max-snippet:-1, max-image-preview:large, max-video-preview:-1\" \/>\n<link rel=\"canonical\" href=\"https:\/\/arbuti.com\/hu\/fureszpalma-hajhullas\/\" \/>\n<meta property=\"og:locale\" content=\"hu_HU\" \/>\n<meta property=\"og:type\" content=\"article\" \/>\n<meta property=\"og:title\" content=\"S\u00e4gepalme gegen Haarausfall\" \/>\n<meta property=\"og:description\" content=\"S\u00e4gepalme gegen Haarausfall: Mythos oder Wunder? S\u00e4gepalme oder auch Saw Palmetto ist ein beliebtes Kr\u00e4uterheilmittel. Einige Leute verwenden es,\" \/>\n<meta property=\"og:url\" content=\"https:\/\/arbuti.com\/hu\/fureszpalma-hajhullas\/\" \/>\n<meta property=\"og:site_name\" content=\"ARBUTI Hair Salon\" \/>\n<meta property=\"article:publisher\" content=\"https:\/\/www.facebook.com\/Arbutihairsalon\/\" \/>\n<meta property=\"article:published_time\" content=\"2021-03-11T09:22:52+00:00\" \/>\n<meta property=\"article:modified_time\" content=\"2023-01-17T12:04:30+00:00\" \/>\n<meta property=\"og:image\" content=\"https:\/\/arbuti.com\/wp-content\/uploads\/2021\/03\/Saegepalme.jpg\" \/>\n\t<meta property=\"og:image:width\" content=\"1000\" \/>\n\t<meta property=\"og:image:height\" content=\"778\" \/>\n\t<meta property=\"og:image:type\" content=\"image\/jpeg\" \/>\n<meta name=\"author\" content=\"admin\" \/>\n<meta name=\"twitter:card\" content=\"summary_large_image\" \/>\n<meta name=\"twitter:label1\" content=\"Szerz\u0151:\" \/>\n\t<meta name=\"twitter:data1\" content=\"admin\" \/>\n\t<meta name=\"twitter:label2\" content=\"Becs\u00fclt olvas\u00e1si id\u0151\" \/>\n\t<meta name=\"twitter:data2\" content=\"4 perc\" \/>\n<script type=\"application\/ld+json\" class=\"yoast-schema-graph\">{\"@context\":\"https:\/\/schema.org\",\"@graph\":[{\"@type\":\"Article\",\"@id\":\"https:\/\/arbuti.com\/saegepalmen-haarausfall\/#article\",\"isPartOf\":{\"@id\":\"https:\/\/arbuti.com\/saegepalmen-haarausfall\/\"},\"author\":{\"name\":\"admin\",\"@id\":\"https:\/\/arbuti.com\/fr\/#\/schema\/person\/d85bbf7b442ca0f812c3aa0ed9eece8f\"},\"headline\":\"S\u00e4gepalme gegen Haarausfall\",\"datePublished\":\"2021-03-11T09:22:52+00:00\",\"dateModified\":\"2023-01-17T12:04:30+00:00\",\"mainEntityOfPage\":{\"@id\":\"https:\/\/arbuti.com\/saegepalmen-haarausfall\/\"},\"wordCount\":601,\"publisher\":{\"@id\":\"https:\/\/arbuti.com\/fr\/#organization\"},\"image\":{\"@id\":\"https:\/\/arbuti.com\/saegepalmen-haarausfall\/#primaryimage\"},\"thumbnailUrl\":\"https:\/\/arbuti.com\/wp-content\/uploads\/2021\/03\/Saegepalme.jpg\",\"articleSection\":[\"Haarausfall\"],\"inLanguage\":\"hu\"},{\"@type\":\"WebPage\",\"@id\":\"https:\/\/arbuti.com\/saegepalmen-haarausfall\/\",\"url\":\"https:\/\/arbuti.com\/saegepalmen-haarausfall\/\",\"name\":\"S\u00e4gepalme verhindert Haarausfall: Mythos oder Wunder?\",\"isPartOf\":{\"@id\":\"https:\/\/arbuti.com\/fr\/#website\"},\"primaryImageOfPage\":{\"@id\":\"https:\/\/arbuti.com\/saegepalmen-haarausfall\/#primaryimage\"},\"image\":{\"@id\":\"https:\/\/arbuti.com\/saegepalmen-haarausfall\/#primaryimage\"},\"thumbnailUrl\":\"https:\/\/arbuti.com\/wp-content\/uploads\/2021\/03\/Saegepalme.jpg\",\"datePublished\":\"2021-03-11T09:22:52+00:00\",\"dateModified\":\"2023-01-17T12:04:30+00:00\",\"description\":\"Hilft die S\u00e4gepalme den Haarausfall zu verhindern? Gibt es gen\u00fcgend wissenschaftliche Beweise, dass dieses Kr\u00e4utermittel den Haarausfall verhindert?\",\"breadcrumb\":{\"@id\":\"https:\/\/arbuti.com\/saegepalmen-haarausfall\/#breadcrumb\"},\"inLanguage\":\"hu\",\"potentialAction\":[{\"@type\":\"ReadAction\",\"target\":[\"https:\/\/arbuti.com\/saegepalmen-haarausfall\/\"]}]},{\"@type\":\"ImageObject\",\"inLanguage\":\"hu\",\"@id\":\"https:\/\/arbuti.com\/saegepalmen-haarausfall\/#primaryimage\",\"url\":\"https:\/\/arbuti.com\/wp-content\/uploads\/2021\/03\/Saegepalme.jpg\",\"contentUrl\":\"https:\/\/arbuti.com\/wp-content\/uploads\/2021\/03\/Saegepalme.jpg\",\"width\":1000,\"height\":778,\"caption\":\"Saegepalme\"},{\"@type\":\"BreadcrumbList\",\"@id\":\"https:\/\/arbuti.com\/saegepalmen-haarausfall\/#breadcrumb\",\"itemListElement\":[{\"@type\":\"ListItem\",\"position\":1,\"name\":\"ARBUTI\",\"item\":\"https:\/\/arbuti.com\/\"},{\"@type\":\"ListItem\",\"position\":2,\"name\":\"Haarausfall\",\"item\":\"https:\/\/arbuti.com\/fr\/categorie\/haarausfall\/\"},{\"@type\":\"ListItem\",\"position\":3,\"name\":\"S\u00e4gepalme gegen Haarausfall\"}]},{\"@type\":\"WebSite\",\"@id\":\"https:\/\/arbuti.com\/fr\/#website\",\"url\":\"https:\/\/arbuti.com\/fr\/\",\"name\":\"ARBUTI Hair Salon\",\"description\":\"Friseur M\u00fcnchen\",\"publisher\":{\"@id\":\"https:\/\/arbuti.com\/fr\/#organization\"},\"alternateName\":\"ARBUTI\",\"potentialAction\":[{\"@type\":\"SearchAction\",\"target\":{\"@type\":\"EntryPoint\",\"urlTemplate\":\"https:\/\/arbuti.com\/fr\/?s={search_term_string}\"},\"query-input\":{\"@type\":\"PropertyValueSpecification\",\"valueRequired\":true,\"valueName\":\"search_term_string\"}}],\"inLanguage\":\"hu\"},{\"@type\":\"Organization\",\"@id\":\"https:\/\/arbuti.com\/fr\/#organization\",\"name\":\"ARBUTI Hair Salon\",\"alternateName\":\"ARBUTI\",\"url\":\"https:\/\/arbuti.com\/fr\/\",\"logo\":{\"@type\":\"ImageObject\",\"inLanguage\":\"hu\",\"@id\":\"https:\/\/arbuti.com\/fr\/#\/schema\/logo\/image\/\",\"url\":\"https:\/\/arbuti.com\/wp-content\/uploads\/2020\/04\/cropped-Arbuti-Friseur-Muenchen.jpg\",\"contentUrl\":\"https:\/\/arbuti.com\/wp-content\/uploads\/2020\/04\/cropped-Arbuti-Friseur-Muenchen.jpg\",\"width\":512,\"height\":512,\"caption\":\"ARBUTI Hair Salon\"},\"image\":{\"@id\":\"https:\/\/arbuti.com\/fr\/#\/schema\/logo\/image\/\"},\"sameAs\":[\"https:\/\/www.facebook.com\/Arbutihairsalon\/\",\"https:\/\/www.instagram.com\/arbutihairsalon\/\",\"https:\/\/www.pinterest.de\/arbutihairsalon\/arbuti-hair-salon\/\"]},{\"@type\":\"Person\",\"@id\":\"https:\/\/arbuti.com\/fr\/#\/schema\/person\/d85bbf7b442ca0f812c3aa0ed9eece8f\",\"name\":\"admin\",\"image\":{\"@type\":\"ImageObject\",\"inLanguage\":\"hu\",\"@id\":\"https:\/\/arbuti.com\/fr\/#\/schema\/person\/image\/\",\"url\":\"https:\/\/secure.gravatar.com\/avatar\/a5ca7376327017715559ffb9b376df51?s=96&d=mm&r=g\",\"contentUrl\":\"https:\/\/secure.gravatar.com\/avatar\/a5ca7376327017715559ffb9b376df51?s=96&d=mm&r=g\",\"caption\":\"admin\"}}]}<\/script>\n<!-- \/ Yoast SEO Premium plugin. -->","yoast_head_json":{"title":"S\u00e4gepalme verhindert Haarausfall: Mythos oder Wunder?","description":"Hilft die S\u00e4gepalme den Haarausfall zu verhindern? Gibt es gen\u00fcgend wissenschaftliche Beweise, dass dieses Kr\u00e4utermittel den Haarausfall verhindert?","robots":{"index":"index","follow":"follow","max-snippet":"max-snippet:-1","max-image-preview":"max-image-preview:large","max-video-preview":"max-video-preview:-1"},"canonical":"https:\/\/arbuti.com\/hu\/fureszpalma-hajhullas\/","og_locale":"hu_HU","og_type":"article","og_title":"S\u00e4gepalme gegen Haarausfall","og_description":"S\u00e4gepalme gegen Haarausfall: Mythos oder Wunder? S\u00e4gepalme oder auch Saw Palmetto ist ein beliebtes Kr\u00e4uterheilmittel. Einige Leute verwenden es,","og_url":"https:\/\/arbuti.com\/hu\/fureszpalma-hajhullas\/","og_site_name":"ARBUTI Hair Salon","article_publisher":"https:\/\/www.facebook.com\/Arbutihairsalon\/","article_published_time":"2021-03-11T09:22:52+00:00","article_modified_time":"2023-01-17T12:04:30+00:00","og_image":[{"width":1000,"height":778,"url":"https:\/\/arbuti.com\/wp-content\/uploads\/2021\/03\/Saegepalme.jpg","type":"image\/jpeg"}],"author":"admin","twitter_card":"summary_large_image","twitter_misc":{"Szerz\u0151:":"admin","Becs\u00fclt olvas\u00e1si id\u0151":"4 perc"},"schema":{"@context":"https:\/\/schema.org","@graph":[{"@type":"Article","@id":"https:\/\/arbuti.com\/saegepalmen-haarausfall\/#article","isPartOf":{"@id":"https:\/\/arbuti.com\/saegepalmen-haarausfall\/"},"author":{"name":"admin","@id":"https:\/\/arbuti.com\/fr\/#\/schema\/person\/d85bbf7b442ca0f812c3aa0ed9eece8f"},"headline":"S\u00e4gepalme gegen Haarausfall","datePublished":"2021-03-11T09:22:52+00:00","dateModified":"2023-01-17T12:04:30+00:00","mainEntityOfPage":{"@id":"https:\/\/arbuti.com\/saegepalmen-haarausfall\/"},"wordCount":601,"publisher":{"@id":"https:\/\/arbuti.com\/fr\/#organization"},"image":{"@id":"https:\/\/arbuti.com\/saegepalmen-haarausfall\/#primaryimage"},"thumbnailUrl":"https:\/\/arbuti.com\/wp-content\/uploads\/2021\/03\/Saegepalme.jpg","articleSection":["Haarausfall"],"inLanguage":"hu"},{"@type":"WebPage","@id":"https:\/\/arbuti.com\/saegepalmen-haarausfall\/","url":"https:\/\/arbuti.com\/saegepalmen-haarausfall\/","name":"S\u00e4gepalme verhindert Haarausfall: Mythos oder Wunder?","isPartOf":{"@id":"https:\/\/arbuti.com\/fr\/#website"},"primaryImageOfPage":{"@id":"https:\/\/arbuti.com\/saegepalmen-haarausfall\/#primaryimage"},"image":{"@id":"https:\/\/arbuti.com\/saegepalmen-haarausfall\/#primaryimage"},"thumbnailUrl":"https:\/\/arbuti.com\/wp-content\/uploads\/2021\/03\/Saegepalme.jpg","datePublished":"2021-03-11T09:22:52+00:00","dateModified":"2023-01-17T12:04:30+00:00","description":"Hilft die S\u00e4gepalme den Haarausfall zu verhindern? Gibt es gen\u00fcgend wissenschaftliche Beweise, dass dieses Kr\u00e4utermittel den Haarausfall verhindert?","breadcrumb":{"@id":"https:\/\/arbuti.com\/saegepalmen-haarausfall\/#breadcrumb"},"inLanguage":"hu","potentialAction":[{"@type":"ReadAction","target":["https:\/\/arbuti.com\/saegepalmen-haarausfall\/"]}]},{"@type":"ImageObject","inLanguage":"hu","@id":"https:\/\/arbuti.com\/saegepalmen-haarausfall\/#primaryimage","url":"https:\/\/arbuti.com\/wp-content\/uploads\/2021\/03\/Saegepalme.jpg","contentUrl":"https:\/\/arbuti.com\/wp-content\/uploads\/2021\/03\/Saegepalme.jpg","width":1000,"height":778,"caption":"Saegepalme"},{"@type":"BreadcrumbList","@id":"https:\/\/arbuti.com\/saegepalmen-haarausfall\/#breadcrumb","itemListElement":[{"@type":"ListItem","position":1,"name":"ARBUTI","item":"https:\/\/arbuti.com\/"},{"@type":"ListItem","position":2,"name":"Haarausfall","item":"https:\/\/arbuti.com\/fr\/categorie\/haarausfall\/"},{"@type":"ListItem","position":3,"name":"S\u00e4gepalme gegen Haarausfall"}]},{"@type":"WebSite","@id":"https:\/\/arbuti.com\/fr\/#website","url":"https:\/\/arbuti.com\/fr\/","name":"ARBUTI Hair Salon","description":"Friseur M\u00fcnchen","publisher":{"@id":"https:\/\/arbuti.com\/fr\/#organization"},"alternateName":"ARBUTI","potentialAction":[{"@type":"SearchAction","target":{"@type":"EntryPoint","urlTemplate":"https:\/\/arbuti.com\/fr\/?s={search_term_string}"},"query-input":{"@type":"PropertyValueSpecification","valueRequired":true,"valueName":"search_term_string"}}],"inLanguage":"hu"},{"@type":"Organization","@id":"https:\/\/arbuti.com\/fr\/#organization","name":"ARBUTI Hair Salon","alternateName":"ARBUTI","url":"https:\/\/arbuti.com\/fr\/","logo":{"@type":"ImageObject","inLanguage":"hu","@id":"https:\/\/arbuti.com\/fr\/#\/schema\/logo\/image\/","url":"https:\/\/arbuti.com\/wp-content\/uploads\/2020\/04\/cropped-Arbuti-Friseur-Muenchen.jpg","contentUrl":"https:\/\/arbuti.com\/wp-content\/uploads\/2020\/04\/cropped-Arbuti-Friseur-Muenchen.jpg","width":512,"height":512,"caption":"ARBUTI Hair Salon"},"image":{"@id":"https:\/\/arbuti.com\/fr\/#\/schema\/logo\/image\/"},"sameAs":["https:\/\/www.facebook.com\/Arbutihairsalon\/","https:\/\/www.instagram.com\/arbutihairsalon\/","https:\/\/www.pinterest.de\/arbutihairsalon\/arbuti-hair-salon\/"]},{"@type":"Person","@id":"https:\/\/arbuti.com\/fr\/#\/schema\/person\/d85bbf7b442ca0f812c3aa0ed9eece8f","name":"admin","image":{"@type":"ImageObject","inLanguage":"hu","@id":"https:\/\/arbuti.com\/fr\/#\/schema\/person\/image\/","url":"https:\/\/secure.gravatar.com\/avatar\/a5ca7376327017715559ffb9b376df51?s=96&d=mm&r=g","contentUrl":"https:\/\/secure.gravatar.com\/avatar\/a5ca7376327017715559ffb9b376df51?s=96&d=mm&r=g","caption":"admin"}}]}},"uagb_featured_image_src":{"full":["https:\/\/arbuti.com\/wp-content\/uploads\/2021\/03\/Saegepalme.jpg",1000,778,false],"thumbnail":["https:\/\/arbuti.com\/wp-content\/uploads\/2021\/03\/Saegepalme-150x150.jpg",150,150,true],"medium":["https:\/\/arbuti.com\/wp-content\/uploads\/2021\/03\/Saegepalme-300x233.jpg",300,233,true],"medium_large":["https:\/\/arbuti.com\/wp-content\/uploads\/2021\/03\/Saegepalme-768x598.jpg",768,598,true],"large":["https:\/\/arbuti.com\/wp-content\/uploads\/2021\/03\/Saegepalme.jpg",1000,778,false],"1536x1536":["https:\/\/arbuti.com\/wp-content\/uploads\/2021\/03\/Saegepalme.jpg",1000,778,false],"2048x2048":["https:\/\/arbuti.com\/wp-content\/uploads\/2021\/03\/Saegepalme.jpg",1000,778,false],"trp-custom-language-flag":["https:\/\/arbuti.com\/wp-content\/uploads\/2021\/03\/Saegepalme.jpg",15,12,false],"wp_review_large":["https:\/\/arbuti.com\/wp-content\/uploads\/2021\/03\/Saegepalme-320x200.jpg",320,200,true],"wp_review_small":["https:\/\/arbuti.com\/wp-content\/uploads\/2021\/03\/Saegepalme-65x65.jpg",65,65,true]},"uagb_author_info":{"display_name":"admin","author_link":"https:\/\/arbuti.com\/hu\/author\/admin\/"},"uagb_comment_info":0,"uagb_excerpt":"S\u00e4gepalme gegen Haarausfall: Mythos oder Wunder? S\u00e4gepalme oder auch Saw Palmetto ist ein beliebtes Kr\u00e4uterheilmittel. Einige Leute verwenden es, um&nbsp;Haarausfall&nbsp;umzukehren [&hellip;]","_links":{"self":[{"href":"https:\/\/arbuti.com\/hu\/wp-json\/wp\/v2\/posts\/8256","targetHints":{"allow":["GET"]}}],"collection":[{"href":"https:\/\/arbuti.com\/hu\/wp-json\/wp\/v2\/posts"}],"about":[{"href":"https:\/\/arbuti.com\/hu\/wp-json\/wp\/v2\/types\/post"}],"author":[{"embeddable":true,"href":"https:\/\/arbuti.com\/hu\/wp-json\/wp\/v2\/users\/1"}],"replies":[{"embeddable":true,"href":"https:\/\/arbuti.com\/hu\/wp-json\/wp\/v2\/comments?post=8256"}],"version-history":[{"count":4,"href":"https:\/\/arbuti.com\/hu\/wp-json\/wp\/v2\/posts\/8256\/revisions"}],"predecessor-version":[{"id":10926,"href":"https:\/\/arbuti.com\/hu\/wp-json\/wp\/v2\/posts\/8256\/revisions\/10926"}],"wp:featuredmedia":[{"embeddable":true,"href":"https:\/\/arbuti.com\/hu\/wp-json\/wp\/v2\/media\/8259"}],"wp:attachment":[{"href":"https:\/\/arbuti.com\/hu\/wp-json\/wp\/v2\/media?parent=8256"}],"wp:term":[{"taxonomy":"category","embeddable":true,"href":"https:\/\/arbuti.com\/hu\/wp-json\/wp\/v2\/categories?post=8256"},{"taxonomy":"post_tag","embeddable":true,"href":"https:\/\/arbuti.com\/hu\/wp-json\/wp\/v2\/tags?post=8256"}],"curies":[{"name":"wp","href":"https:\/\/api.w.org\/{rel}","templated":true}]}}