{"id":12534,"date":"2025-05-21T10:50:00","date_gmt":"2025-05-21T10:50:00","guid":{"rendered":"https:\/\/arbuti.com\/?p=12534"},"modified":"2025-05-26T11:18:15","modified_gmt":"2025-05-26T11:18:15","slug":"bartbalsam","status":"publish","type":"post","link":"https:\/\/arbuti.com\/hu\/szakallbalzsam\/","title":{"rendered":"Szak\u00e1llbalzsam"},"content":{"rendered":"<h1 class=\"has-text-align-center wp-block-heading\" id=\"h-die-5-besten-bartbalsam-im-test-und-erfahrungen\">Az 5 legjobb szak\u00e1llbalzsam tesztben \u00e9s tapasztalatban<\/h1>\n\n\n\n<p class=\"has-text-align-center\">A szak\u00e1ll \u00e1pol\u00e1sa sor\u00e1n a szak\u00e1llbalzsam elengedhetetlen term\u00e9k. Seg\u00edt puh\u00edtani a szak\u00e1llat \u00e9s eg\u00e9szs\u00e9ges f\u00e9nyt k\u00f6lcs\u00f6n\u00f6z neki. A szak\u00e1llbalzsamok sz\u00e9les v\u00e1laszt\u00e9ka van azonban a piacon, \u00e9s neh\u00e9z lehet kiv\u00e1lasztani a megfelel\u0151 term\u00e9ket. Ez\u00e9rt \u00fagy d\u00f6nt\u00f6tt\u00fcnk, hogy tesztelj\u00fck \u00e9s \u00e1ttekintj\u00fck a piacon kaphat\u00f3 legjobb szak\u00e1llbalzsamokat. Ebben a blogbejegyz\u00e9sben bemutatjuk az 5 legjobb szak\u00e1llbalzsamot, \u00e9s megosztjuk veled a tapasztalatainkat.<\/p>\n\n\n\n\n\n\n<figure class=\"wp-block-image aligncenter size-large is-resized\"><a href=\"https:\/\/arbuti.com\/wp-content\/uploads\/2023\/04\/Bartbalsam.jpeg\"><img loading=\"lazy\" decoding=\"async\" src=\"https:\/\/arbuti.com\/wp-content\/uploads\/2023\/04\/Bartbalsam-1024x797.jpeg\" alt=\"Szak\u00e1llbalzsam\" class=\"wp-image-12667\" width=\"707\" height=\"550\" srcset=\"https:\/\/arbuti.com\/wp-content\/uploads\/2023\/04\/Bartbalsam-1024x797.jpeg 1024w, https:\/\/arbuti.com\/wp-content\/uploads\/2023\/04\/Bartbalsam-300x234.jpeg 300w, https:\/\/arbuti.com\/wp-content\/uploads\/2023\/04\/Bartbalsam-768x598.jpeg 768w, https:\/\/arbuti.com\/wp-content\/uploads\/2023\/04\/Bartbalsam-15x12.jpeg 15w, https:\/\/arbuti.com\/wp-content\/uploads\/2023\/04\/Bartbalsam.jpeg 1200w\" sizes=\"auto, (max-width: 707px) 100vw, 707px\" \/><\/a><\/figure>\n\n\n\n<h2 class=\"wp-block-heading\">Mi\u00e9rt fontos a szak\u00e1llbalzsam a szak\u00e1ll\u00e1pol\u00e1sban?<\/h2>\n\n\n\n<p>Miel\u0151tt r\u00e1t\u00e9rn\u00e9nk a term\u00e9k\u00e9rt\u00e9kel\u00e9sekre, szeretn\u00e9nk n\u00e9h\u00e1ny \u00e1ltal\u00e1nos inform\u00e1ci\u00f3t adni a szak\u00e1llbalzsamokr\u00f3l. A szak\u00e1llbalzsam term\u00e9szetes olajokb\u00f3l \u00e9s viaszokb\u00f3l k\u00e9sz\u00fcl, \u00e9s arra szolg\u00e1l, hogy kondicion\u00e1lja a szak\u00e1llat \u00e9s eg\u00e9szs\u00e9ges f\u00e9nyt adjon neki. A szak\u00e1llbalzsam seg\u00edthet abban is, hogy a szak\u00e1ll form\u00e1n maradjon, \u00e9s megakad\u00e1lyozza, hogy t\u00fals\u00e1gosan g\u00f6nd\u00f6r legyen. Ha szak\u00e1llbalzsamot haszn\u00e1l, gy\u0151z\u0151dj\u00f6n meg r\u00f3la, hogy az nem tartalmaz k\u00e1ros \u00f6sszetev\u0151ket.<\/p>\n\n\n\n<h2 class=\"wp-block-heading\">Top 5 szak\u00e1llbalzsam a tesztben<\/h2>\n\n\n\n<h3 class=\"wp-block-heading\">1. Platz: Honest Amish Bartbalsam &#8211; unser Testsieger<\/h3>\n\n\n\n<figure class=\"wp-block-image size-large is-resized\"><a href=\"https:\/\/amzn.to\/417C7K2\" target=\"_blank\" rel=\"noreferrer noopener\"><img loading=\"lazy\" decoding=\"async\" src=\"https:\/\/arbuti.com\/wp-content\/uploads\/2023\/04\/Bartbalsam-1-1024x928.jpg\" alt=\"Szak\u00e1llbalzsam\" class=\"wp-image-12607\" width=\"442\" height=\"401\" srcset=\"https:\/\/arbuti.com\/wp-content\/uploads\/2023\/04\/Bartbalsam-1-1024x928.jpg 1024w, https:\/\/arbuti.com\/wp-content\/uploads\/2023\/04\/Bartbalsam-1-300x272.jpg 300w, https:\/\/arbuti.com\/wp-content\/uploads\/2023\/04\/Bartbalsam-1-768x696.jpg 768w, https:\/\/arbuti.com\/wp-content\/uploads\/2023\/04\/Bartbalsam-1-13x12.jpg 13w, https:\/\/arbuti.com\/wp-content\/uploads\/2023\/04\/Bartbalsam-1.jpg 1306w\" sizes=\"auto, (max-width: 442px) 100vw, 442px\" \/><\/a><\/figure>\n\n\n\n<p>A Honest Amish az egyik legismertebb piacvezet\u0151 a szak\u00e1ll\u00e1pol\u00f3 term\u00e9kek ter\u00e9n. Szak\u00e1llbalzsamjuk term\u00e9szetes olajok \u00e9s viaszok egyed\u00fcl\u00e1ll\u00f3 kever\u00e9k\u00e9t tartalmazza, amelyek seg\u00edtenek a szak\u00e1ll puh\u00edt\u00e1s\u00e1ban \u00e9s f\u00e9nyes\u00edt\u00e9s\u00e9ben. Letesztelt\u00fck a Honest Amish szak\u00e1llbalzsamj\u00e1t, \u00e9s leny\u0171g\u00f6z\u00f6tt a hat\u00e9konys\u00e1ga. Seg\u00edt form\u00e1ban tartani a szak\u00e1llat, \u00e9s megakad\u00e1lyozza, hogy t\u00fals\u00e1gosan g\u00f6nd\u00f6r legyen. A szak\u00e1ll puh\u00e1bbnak \u00e9rz\u0151dik \u00e9s eg\u00e9szs\u00e9gesebbnek t\u0171nik.<\/p>\n\n\n\n<div class=\"wp-block-buttons is-layout-flex wp-block-buttons-is-layout-flex\">\n<div class=\"wp-block-button\"><a class=\"wp-block-button__link wp-element-button\" href=\"https:\/\/amzn.to\/417C7K2\" target=\"_blank\" rel=\"noreferrer noopener\">Amazon<\/a><\/div>\n<\/div>\n\n\n\n<hr class=\"wp-block-separator has-alpha-channel-opacity is-style-wide\"\/>\n\n\n\n<div style=\"height:58px\" aria-hidden=\"true\" class=\"wp-block-spacer\"><\/div>\n\n\n\n<h3 class=\"wp-block-heading\">2. hely: Camden Barbershop szak\u00e1llbalzsam<\/h3>\n\n\n\n<figure class=\"wp-block-image size-large is-resized\"><a href=\"https:\/\/amzn.to\/3MlWxe7\" target=\"_blank\" rel=\"noreferrer noopener\"><img loading=\"lazy\" decoding=\"async\" src=\"https:\/\/arbuti.com\/wp-content\/uploads\/2023\/04\/Bartbalsam-2-1024x842.jpg\" alt=\"Szak\u00e1llbalzsam\" class=\"wp-image-12608\" width=\"461\" height=\"379\" srcset=\"https:\/\/arbuti.com\/wp-content\/uploads\/2023\/04\/Bartbalsam-2-1024x842.jpg 1024w, https:\/\/arbuti.com\/wp-content\/uploads\/2023\/04\/Bartbalsam-2-300x247.jpg 300w, https:\/\/arbuti.com\/wp-content\/uploads\/2023\/04\/Bartbalsam-2-768x632.jpg 768w, https:\/\/arbuti.com\/wp-content\/uploads\/2023\/04\/Bartbalsam-2-15x12.jpg 15w, https:\/\/arbuti.com\/wp-content\/uploads\/2023\/04\/Bartbalsam-2.jpg 1499w\" sizes=\"auto, (max-width: 461px) 100vw, 461px\" \/><\/a><\/figure>\n\n\n\n<p>A Beardbrand egy m\u00e1sik j\u00f3l ismert vezet\u0151 c\u00e9g a szak\u00e1ll\u00e1pol\u00f3 term\u00e9kek vil\u00e1g\u00e1ban. Szak\u00e1llbalzsamjuk term\u00e9szetes olajok \u00e9s viaszok kever\u00e9ke, amelyek seg\u00edtenek puh\u00edtani a szak\u00e1llat \u00e9s eg\u00e9szs\u00e9ges f\u00e9nyt k\u00f6lcs\u00f6n\u00f6zni neki. Letesztelt\u00fck a Beardbrand szak\u00e1llbalzsamj\u00e1t, \u00e9s leny\u0171g\u00f6z\u00f6tt a hat\u00e9konys\u00e1ga. A szak\u00e1ll puh\u00e1bbnak \u00e9rz\u0151dik \u00e9s eg\u00e9szs\u00e9gesebbnek t\u0171nik.<\/p>\n\n\n\n<div class=\"wp-block-buttons is-layout-flex wp-block-buttons-is-layout-flex\">\n<div class=\"wp-block-button\"><a class=\"wp-block-button__link wp-element-button\" href=\"https:\/\/amzn.to\/3MlWxe7\" target=\"_blank\" rel=\"noreferrer noopener\">Amazon<\/a><\/div>\n<\/div>\n\n\n\n<hr class=\"wp-block-separator has-alpha-channel-opacity is-style-wide\"\/>\n\n\n\n<div style=\"height:58px\" aria-hidden=\"true\" class=\"wp-block-spacer\"><\/div>\n\n\n\n<h3 class=\"wp-block-heading\">3. hely: Grave Before Shave szak\u00e1llbalzsam<\/h3>\n\n\n\n<figure class=\"wp-block-image size-large is-resized\"><a href=\"https:\/\/amzn.to\/3ZNA7p8\" target=\"_blank\" rel=\"noreferrer noopener\"><img loading=\"lazy\" decoding=\"async\" src=\"https:\/\/arbuti.com\/wp-content\/uploads\/2023\/04\/Bartbalsam-3-1024x981.jpg\" alt=\"Szak\u00e1llbalzsam\" class=\"wp-image-12609\" width=\"442\" height=\"424\" srcset=\"https:\/\/arbuti.com\/wp-content\/uploads\/2023\/04\/Bartbalsam-3-1024x981.jpg 1024w, https:\/\/arbuti.com\/wp-content\/uploads\/2023\/04\/Bartbalsam-3-300x287.jpg 300w, https:\/\/arbuti.com\/wp-content\/uploads\/2023\/04\/Bartbalsam-3-768x735.jpg 768w, https:\/\/arbuti.com\/wp-content\/uploads\/2023\/04\/Bartbalsam-3-13x12.jpg 13w, https:\/\/arbuti.com\/wp-content\/uploads\/2023\/04\/Bartbalsam-3.jpg 1461w\" sizes=\"auto, (max-width: 442px) 100vw, 442px\" \/><\/a><\/figure>\n\n\n\n<p>A Grave Before Shave egy n\u00e9pszer\u0171 c\u00e9g, amely sz\u00e1mos szak\u00e1ll\u00e1pol\u00f3 term\u00e9ket k\u00edn\u00e1l. Szak\u00e1llbalzsamjuk term\u00e9szetes olajok \u00e9s viaszok kever\u00e9k\u00e9t tartalmazza, amelyek seg\u00edtenek a szak\u00e1ll puh\u00edt\u00e1s\u00e1ban \u00e9s eg\u00e9szs\u00e9ges f\u00e9nyt k\u00f6lcs\u00f6n\u00f6znek neki. Mi tesztelt\u00fck a Grave Before Shave szak\u00e1llbalzsamj\u00e1t, \u00e9s leny\u0171g\u00f6z\u00f6tt a hat\u00e9konys\u00e1ga. A szak\u00e1ll puh\u00e1bbnak \u00e9rz\u0151dik \u00e9s eg\u00e9szs\u00e9gesebbnek t\u0171nik.<\/p>\n\n\n\n<div class=\"wp-block-buttons is-layout-flex wp-block-buttons-is-layout-flex\">\n<div class=\"wp-block-button\"><a class=\"wp-block-button__link wp-element-button\" href=\"https:\/\/amzn.to\/3ZNA7p8\" target=\"_blank\" rel=\"noreferrer noopener\">Amazon<\/a><\/div>\n<\/div>\n\n\n\n<hr class=\"wp-block-separator has-alpha-channel-opacity is-style-wide\"\/>\n\n\n\n<div style=\"height:58px\" aria-hidden=\"true\" class=\"wp-block-spacer\"><\/div>\n\n\n\n<h3 class=\"wp-block-heading\">4. hely: Zeus szak\u00e1llbalzsam<\/h3>\n\n\n\n<figure class=\"wp-block-image size-full is-resized\"><a href=\"https:\/\/amzn.to\/3Ubl3jX\" target=\"_blank\" rel=\"noreferrer noopener\"><img loading=\"lazy\" decoding=\"async\" src=\"https:\/\/arbuti.com\/wp-content\/uploads\/2023\/04\/Bartbalsam-4.jpg\" alt=\"Szak\u00e1llbalzsam teszt\" class=\"wp-image-12610\" width=\"399\" height=\"394\" srcset=\"https:\/\/arbuti.com\/wp-content\/uploads\/2023\/04\/Bartbalsam-4.jpg 780w, https:\/\/arbuti.com\/wp-content\/uploads\/2023\/04\/Bartbalsam-4-300x296.jpg 300w, https:\/\/arbuti.com\/wp-content\/uploads\/2023\/04\/Bartbalsam-4-768x758.jpg 768w, https:\/\/arbuti.com\/wp-content\/uploads\/2023\/04\/Bartbalsam-4-12x12.jpg 12w, https:\/\/arbuti.com\/wp-content\/uploads\/2023\/04\/Bartbalsam-4-65x65.jpg 65w\" sizes=\"auto, (max-width: 399px) 100vw, 399px\" \/><\/a><\/figure>\n\n\n\n<p>A Zeus egy olyan v\u00e1llalat, amely szak\u00e1ll\u00e1pol\u00f3 term\u00e9kek gy\u00e1rt\u00e1s\u00e1ra szakosodott. A szak\u00e1llbalzsamjuk term\u00e9szetes olajok \u00e9s viaszok kever\u00e9ke, amelyek seg\u00edtenek puh\u00edtani a szak\u00e1llat \u00e9s eg\u00e9szs\u00e9ges f\u00e9nyt k\u00f6lcs\u00f6n\u00f6znek neki. Tesztelt\u00fck a Zeus szak\u00e1llbalzsamj\u00e1t, \u00e9s leny\u0171g\u00f6z\u00f6tt a hat\u00e9konys\u00e1ga. A szak\u00e1ll puh\u00e1bbnak \u00e9rz\u0151dik \u00e9s eg\u00e9szs\u00e9gesebbnek t\u0171nik.<\/p>\n\n\n\n<div class=\"wp-block-buttons is-layout-flex wp-block-buttons-is-layout-flex\">\n<div class=\"wp-block-button\"><a class=\"wp-block-button__link wp-element-button\" href=\"https:\/\/amzn.to\/3Ubl3jX\" target=\"_blank\" rel=\"noreferrer noopener\">Amazon<\/a><\/div>\n<\/div>\n\n\n\n<hr class=\"wp-block-separator has-alpha-channel-opacity is-style-wide\"\/>\n\n\n\n<div style=\"height:58px\" aria-hidden=\"true\" class=\"wp-block-spacer\"><\/div>\n\n\n\n<h3 class=\"wp-block-heading\">5. hely: King C. Gillette szak\u00e1llbalzsam<\/h3>\n\n\n\n<figure class=\"wp-block-image size-large is-resized\"><a href=\"https:\/\/amzn.to\/3UfDzYf\" target=\"_blank\" rel=\"noreferrer noopener\"><img loading=\"lazy\" decoding=\"async\" src=\"https:\/\/arbuti.com\/wp-content\/uploads\/2023\/04\/Bartbalsam-5-1024x1020.jpg\" alt=\"Szak\u00e1llbalzsam teszt\" class=\"wp-image-12611\" width=\"402\" height=\"400\" srcset=\"https:\/\/arbuti.com\/wp-content\/uploads\/2023\/04\/Bartbalsam-5-1024x1020.jpg 1024w, https:\/\/arbuti.com\/wp-content\/uploads\/2023\/04\/Bartbalsam-5-300x300.jpg 300w, https:\/\/arbuti.com\/wp-content\/uploads\/2023\/04\/Bartbalsam-5-150x150.jpg 150w, https:\/\/arbuti.com\/wp-content\/uploads\/2023\/04\/Bartbalsam-5-768x765.jpg 768w, https:\/\/arbuti.com\/wp-content\/uploads\/2023\/04\/Bartbalsam-5-12x12.jpg 12w, https:\/\/arbuti.com\/wp-content\/uploads\/2023\/04\/Bartbalsam-5-65x65.jpg 65w, https:\/\/arbuti.com\/wp-content\/uploads\/2023\/04\/Bartbalsam-5.jpg 1166w\" sizes=\"auto, (max-width: 402px) 100vw, 402px\" \/><\/a><\/figure>\n\n\n\n<p>King C. A Gillette szak\u00e1llbalzsam term\u00e9szetes olajok \u00e9s viaszok kever\u00e9k\u00e9t tartalmazza, amelyek seg\u00edtenek puh\u00edtani a szak\u00e1llat \u00e9s eg\u00e9szs\u00e9ges f\u00e9nyt k\u00f6lcs\u00f6n\u00f6znek neki. Tesztelt\u00fck a King C. szak\u00e1llbalzsamot. Gillette \u00e9s leny\u0171g\u00f6z\u00f6tt a hat\u00e9konys\u00e1ga. A szak\u00e1ll puh\u00e1bbnak \u00e9rz\u0151dik \u00e9s eg\u00e9szs\u00e9gesebbnek t\u0171nik.<\/p>\n\n\n\n<div class=\"wp-block-buttons is-layout-flex wp-block-buttons-is-layout-flex\">\n<div class=\"wp-block-button\"><a class=\"wp-block-button__link wp-element-button\" href=\"https:\/\/amzn.to\/3UfDzYf\" target=\"_blank\" rel=\"noreferrer noopener\">Amazon<\/a><\/div>\n<\/div>\n\n\n\n<hr class=\"wp-block-separator has-alpha-channel-opacity is-style-wide\"\/>\n\n\n\n<div style=\"height:58px\" aria-hidden=\"true\" class=\"wp-block-spacer\"><\/div>\n\n\n\n<h2 class=\"wp-block-heading\">K\u00f6vetkeztet\u00e9s<\/h2>\n\n\n\n<p>Teszt\u00fcnk ut\u00e1n meg\u00e1llap\u00edtottuk, hogy sok kiv\u00e1l\u00f3 min\u0151s\u00e9g\u0171 szak\u00e1llbalzsam van a piacon. A mi top 5 szak\u00e1llbalzsamunk a Honest Amish, a Beardbrand, a Grave Before Shave, a Zeus \u00e9s a Brooklyn Grooming. Mindegyik szak\u00e1llbalzsamnak megvannak a maga el\u0151nyei, \u00e9s seg\u00edthet l\u00e1gy\u00edtani a szak\u00e1llat, \u00e9s eg\u00e9szs\u00e9ges f\u00e9nyt k\u00f6lcs\u00f6n\u00f6zhet neki. Ha min\u0151s\u00e9gi szak\u00e1llbalzsamot keresel, aj\u00e1nljuk, hogy pr\u00f3b\u00e1ld ki a felsorolt term\u00e9kek valamelyik\u00e9t.<\/p>\n\n\n\n<p>\u00d6sszefoglalva, elmondhat\u00f3, hogy a szak\u00e1llbalzsam fontos r\u00e9sze a <a href=\"https:\/\/arbuti.com\/hu\/szakallapolas\/\">Szak\u00e1ll\u00e1pol\u00e1s<\/a> az. Seg\u00edt l\u00e1gy\u00edtani a szak\u00e1llat \u00e9s eg\u00e9szs\u00e9ges f\u00e9nyt adni neki. Ha szak\u00e1llbalzsamot haszn\u00e1l, gy\u0151z\u0151dj\u00f6n meg r\u00f3la, hogy term\u00e9szetes \u00f6sszetev\u0151kb\u0151l k\u00e9sz\u00fclt, \u00e9s nem tartalmaz k\u00e1ros vegyi anyagokat. Rem\u00e9lj\u00fck, hogy teszt\u00fcnk \u00e9s v\u00e9lem\u00e9ny\u00fcnk seg\u00edt megtal\u00e1lni a legjobb szak\u00e1llbalzsamot.<\/p>\n\n\n\n<h2 class=\"wp-block-heading\">Szak\u00e1ll\u00e1pol\u00e1si tippek<\/h2>\n\n\n\n<p>A szak\u00e1llbalzsam haszn\u00e1lata mellett a szak\u00e1ll\u00e1pol\u00e1snak vannak m\u00e1s fontos szempontjai is, amelyeket nem szabad elhanyagolni. P\u00e9ld\u00e1ul a szak\u00e1ll rendszeres ny\u00edr\u00e1sa fontos, hogy a szak\u00e1llat form\u00e1ban tartsa, \u00e9s megakad\u00e1lyozza, hogy t\u00fals\u00e1gosan g\u00f6nd\u00f6r legyen. A szak\u00e1ll mos\u00e1sa enyhe samponnal vagy speci\u00e1lis samponnal szint\u00e9n fontos. <a href=\"https:\/\/arbuti.com\/hu\/szakall-sampon\/\">Szak\u00e1ll sampon<\/a> elengedhetetlen a szennyez\u0151d\u00e9sek \u00e9s t\u00f6rmel\u00e9kek elt\u00e1vol\u00edt\u00e1s\u00e1hoz, valamint a szak\u00e1ll tiszt\u00e1n \u00e9s eg\u00e9szs\u00e9gesen tart\u00e1s\u00e1hoz.<\/p>\n\n\n\n<p>Tov\u00e1bb\u00e1, a <a href=\"https:\/\/arbuti.com\/hu\/bartoel\/\">Szak\u00e1llolaj<\/a> egy m\u00e1sik m\u00f3dja a szak\u00e1ll eg\u00e9szs\u00e9g\u00e9nek \u00e9s megjelen\u00e9s\u00e9nek jav\u00edt\u00e1s\u00e1ra. A szak\u00e1llolaj term\u00e9szetes olajokat is tartalmaz, \u00e9s seg\u00edt puh\u00edtani a szak\u00e1llat, \u00e9s eg\u00e9szs\u00e9ges f\u00e9nyt k\u00f6lcs\u00f6n\u00f6z neki. Seg\u00edthet tov\u00e1bb\u00e1 cs\u00f6kkenteni a viszket\u00e9st \u00e9s a b\u0151rirrit\u00e1ci\u00f3t, valamint el\u0151seg\u00edtheti a szak\u00e1ll n\u00f6veked\u00e9s\u00e9t.<\/p>\n\n\n\n<h2 class=\"wp-block-heading\">A szak\u00e1ll\u00e1pol\u00f3 term\u00e9kek fontoss\u00e1ga<\/h2>\n\n\n\n<p>Napjainkban a szak\u00e1ll\u00e1pol\u00e1s a f\u00e9rfi sz\u00e9ps\u00e9g\u00e1pol\u00e1s fontos r\u00e9sz\u00e9v\u00e9 v\u00e1lt. Egyre t\u00f6bb f\u00e9rfi tulajdon\u00edt jelent\u0151s\u00e9get szak\u00e1ll\u00e1nak \u00e1polt megjelen\u00e9s\u00e9nek, \u00e9s haszn\u00e1l speci\u00e1lis szak\u00e1ll\u00e1pol\u00f3 term\u00e9keket, p\u00e9ld\u00e1ul szak\u00e1llbalzsamot, szak\u00e1llolajat vagy szak\u00e1llsampont.<\/p>\n\n\n\n<p>A megfelel\u0151 szak\u00e1ll\u00e1pol\u00f3 term\u00e9k kiv\u00e1laszt\u00e1sa azonban neh\u00e9z lehet, mivel a piacon a term\u00e9kek sz\u00e9les v\u00e1laszt\u00e9ka l\u00e9tezik. Ez\u00e9rt fontos a k\u00fcl\u00f6nb\u00f6z\u0151 lehet\u0151s\u00e9gek felkutat\u00e1sa, \u00e9s az egy\u00e9ni ig\u00e9nyeknek \u00e9s preferenci\u00e1knak legink\u00e1bb megfelel\u0151 term\u00e9k kiv\u00e1laszt\u00e1sa.<\/p>\n\n\n\n<h2 class=\"wp-block-heading\">K\u00e9rd\u00e9sek \u00e9s v\u00e1laszok<\/h2>\n\n\n\t\t<section\t\tclass=\"sc_fs_faq sc_card\"\n\t\t\t\t>\n\t\t\t\t<h3>Mi az a szak\u00e1llbalzsam \u00e9s milyen betegs\u00e9gek eset\u00e9n alkalmazhat\u00f3?<\/h3>\t\t\t\t<div>\n\t\t\t\t\t\t<div class=\"sc_fs_faq__content\">\n\t\t\t\t\n\n<p>A szak\u00e1llbalzsam term\u00e9szetes olajokb\u00f3l \u00e9s viaszokb\u00f3l \u00e1ll\u00f3 szak\u00e1ll\u00e1pol\u00f3 term\u00e9k. Arra szolg\u00e1l, hogy a szak\u00e1llat l\u00e1gy\u00edtsa, eg\u00e9szs\u00e9ges f\u00e9nyt adjon neki \u00e9s form\u00e1ban tartsa.<\/p>\n\n\t\t\t<\/div>\n\t\t<\/div>\n\t\t<\/section>\n\t\t\t\t<section\t\tclass=\"sc_fs_faq sc_card\"\n\t\t\t\t>\n\t\t\t\t<h3>Milyen gyakran kell haszn\u00e1lni a szak\u00e1llbalzsamot?<\/h3>\t\t\t\t<div>\n\t\t\t\t\t\t<div class=\"sc_fs_faq__content\">\n\t\t\t\t\n\n<p>A szak\u00e1llbalzsam haszn\u00e1lat\u00e1nak gyakoris\u00e1ga a szak\u00e1ll visel\u0151j\u00e9nek egy\u00e9ni ig\u00e9nyeit\u0151l f\u00fcgg. \u00c1ltal\u00e1nos szab\u00e1ly, hogy a szak\u00e1llbalzsamot naponta egyszer aj\u00e1nlott felvinni a szak\u00e1llra.<\/p>\n\n\t\t\t<\/div>\n\t\t<\/div>\n\t\t<\/section>\n\t\t\t\t<section\t\tclass=\"sc_fs_faq sc_card\"\n\t\t\t\t>\n\t\t\t\t<h3>A szak\u00e1llbalzsam minden szak\u00e1llt\u00edpusra alkalmas?<\/h3>\t\t\t\t<div>\n\t\t\t\t\t\t<div class=\"sc_fs_faq__content\">\n\t\t\t\t\n\n<p>Igen, a szak\u00e1llbalzsam minden szak\u00e1llt\u00edpusra alkalmas, legyen az r\u00f6vid vagy hossz\u00fa. Fontos azonban, hogy a szak\u00e1llbalzsamot a szak\u00e1ll hossz\u00e1nak megfelel\u0151en adagolja.<\/p>\n\n\t\t\t<\/div>\n\t\t<\/div>\n\t\t<\/section>\n\t\t\t\t<section\t\tclass=\"sc_fs_faq sc_card\"\n\t\t\t\t>\n\t\t\t\t<h3>Milyen \u00f6sszetev\u0151knek kell szerepelni\u00fck egy j\u00f3 min\u0151s\u00e9g\u0171 szak\u00e1llbalzsamban?<\/h3>\t\t\t\t<div>\n\t\t\t\t\t\t<div class=\"sc_fs_faq__content\">\n\t\t\t\t\n\n<p>A j\u00f3 min\u0151s\u00e9g\u0171 szak\u00e1llbalzsamnak term\u00e9szetes \u00f6sszetev\u0151kb\u0151l, p\u00e9ld\u00e1ul m\u00e9hviaszb\u00f3l, sheavajb\u00f3l, jojobaolajb\u00f3l kell k\u00e9sz\u00fclnie, <a href=\"https:\/\/arbuti.com\/hu\/arganolaj\/\">arganolaj<\/a> vagy k\u00f3kuszolaj. Fontos, hogy a szak\u00e1llbalzsam ne tartalmazzon k\u00e1ros vegyi anyagokat, amelyek irrit\u00e1lhatj\u00e1k a szak\u00e1llat vagy a b\u0151rt.<\/p>\n\n\t\t\t<\/div>\n\t\t<\/div>\n\t\t<\/section>\n\t\t\n<script type=\"application\/ld+json\">{\n    \"@context\": \"https:\\\/\\\/schema.org\",\n    \"@type\": \"FAQPage\",\n    \"mainEntity\": [\n        {\n            \"@type\": \"Question\",\n            \"name\": \"Was ist Bartbalsam und wof\\u00fcr wird er verwendet?\",\n            \"acceptedAnswer\": {\n                \"@type\": \"Answer\",\n                \"text\": \"<p>Bartbalsam ist ein Produkt zur Bartpflege, das aus nat\\u00fcrlichen \\u00d6len und Wachsen besteht. Er wird verwendet, um den Bart weicher zu machen, ihm einen gesunden Glanz zu verleihen und ihn in Form zu halten.<\\\/p>\"\n            }\n        },\n        {\n            \"@type\": \"Question\",\n            \"name\": \"Wie oft sollte man Bartbalsam verwenden?\",\n            \"acceptedAnswer\": {\n                \"@type\": \"Answer\",\n                \"text\": \"<p>Die H\\u00e4ufigkeit der Verwendung von Bartbalsam h\\u00e4ngt von den individuellen Bed\\u00fcrfnissen des Barttr\\u00e4gers ab. In der Regel wird empfohlen, den Bartbalsam einmal t\\u00e4glich auf den Bart aufzutragen.<\\\/p>\"\n            }\n        },\n        {\n            \"@type\": \"Question\",\n            \"name\": \"Ist Bartbalsam f\\u00fcr jeden Barttyp geeignet?\",\n            \"acceptedAnswer\": {\n                \"@type\": \"Answer\",\n                \"text\": \"<p>Ja, Bartbalsam ist f\\u00fcr jeden Barttyp geeignet, egal ob es sich um einen kurzen oder langen Bart handelt. Es ist jedoch wichtig, den Bartbalsam entsprechend der L\\u00e4nge des Bartes zu dosieren.<\\\/p>\"\n            }\n        },\n        {\n            \"@type\": \"Question\",\n            \"name\": \"Welche Inhaltsstoffe sollten in einem hochwertigen Bartbalsam enthalten sein?\",\n            \"acceptedAnswer\": {\n                \"@type\": \"Answer\",\n                \"text\": \"<p>Ein hochwertiger Bartbalsam sollte aus nat\\u00fcrlichen Inhaltsstoffen wie Bienenwachs, Sheabutter, Jojoba\\u00f6l, Argan\\u00f6l oder Kokosnuss\\u00f6l bestehen. Es ist wichtig, dass der Bartbalsam keine sch\\u00e4dlichen Chemikalien enth\\u00e4lt, die den Bart oder die Haut irritieren k\\u00f6nnen.<\\\/p>\"\n            }\n        }\n    ]\n}<\/script>","protected":false},"excerpt":{"rendered":"<p>Die 5 besten Bartbalsam im Test und Erfahrungen Wenn es um die Pflege des Bartes geht, ist ein Bartbalsam ein [&hellip;]<\/p>","protected":false},"author":6,"featured_media":12667,"comment_status":"closed","ping_status":"open","sticky":false,"template":"","format":"standard","meta":{"ub_ctt_via":"","_uag_custom_page_level_css":"","site-sidebar-layout":"default","site-content-layout":"","ast-site-content-layout":"default","site-content-style":"default","site-sidebar-style":"default","ast-global-header-display":"","ast-banner-title-visibility":"","ast-main-header-display":"","ast-hfb-above-header-display":"","ast-hfb-below-header-display":"","ast-hfb-mobile-header-display":"","site-post-title":"","ast-breadcrumbs-content":"","ast-featured-img":"","footer-sml-layout":"","theme-transparent-header-meta":"","adv-header-id-meta":"","stick-header-meta":"","header-above-stick-meta":"","header-main-stick-meta":"","header-below-stick-meta":"","astra-migrate-meta-layouts":"set","ast-page-background-enabled":"default","ast-page-background-meta":{"desktop":{"background-color":"","background-image":"","background-repeat":"repeat","background-position":"center center","background-size":"auto","background-attachment":"scroll","background-type":"","background-media":"","overlay-type":"","overlay-color":"","overlay-opacity":"","overlay-gradient":""},"tablet":{"background-color":"","background-image":"","background-repeat":"repeat","background-position":"center center","background-size":"auto","background-attachment":"scroll","background-type":"","background-media":"","overlay-type":"","overlay-color":"","overlay-opacity":"","overlay-gradient":""},"mobile":{"background-color":"","background-image":"","background-repeat":"repeat","background-position":"center center","background-size":"auto","background-attachment":"scroll","background-type":"","background-media":"","overlay-type":"","overlay-color":"","overlay-opacity":"","overlay-gradient":""}},"ast-content-background-meta":{"desktop":{"background-color":"var(--ast-global-color-5)","background-image":"","background-repeat":"repeat","background-position":"center center","background-size":"auto","background-attachment":"scroll","background-type":"","background-media":"","overlay-type":"","overlay-color":"","overlay-opacity":"","overlay-gradient":""},"tablet":{"background-color":"var(--ast-global-color-5)","background-image":"","background-repeat":"repeat","background-position":"center center","background-size":"auto","background-attachment":"scroll","background-type":"","background-media":"","overlay-type":"","overlay-color":"","overlay-opacity":"","overlay-gradient":""},"mobile":{"background-color":"var(--ast-global-color-5)","background-image":"","background-repeat":"repeat","background-position":"center center","background-size":"auto","background-attachment":"scroll","background-type":"","background-media":"","overlay-type":"","overlay-color":"","overlay-opacity":"","overlay-gradient":""}},"footnotes":""},"categories":[6322],"tags":[],"class_list":["post-12534","post","type-post","status-publish","format-standard","has-post-thumbnail","hentry","category-haarstyling"],"featured_image_src":"https:\/\/arbuti.com\/wp-content\/uploads\/2023\/04\/Bartbalsam.jpeg","author_info":{"display_name":"A. Gladon","author_link":"https:\/\/arbuti.com\/hu\/author\/a-gladon\/"},"yoast_head":"<!-- This site is optimized with the Yoast SEO Premium plugin v25.3 (Yoast SEO v25.3) - https:\/\/yoast.com\/wordpress\/plugins\/seo\/ -->\n<title>Die 5 besten Bartbalsam im Test und Erfahrungen<\/title>\n<meta name=\"description\" content=\"Entdecken Sie die Top 5 Bartbalsame im Test und unsere Erfahrungen. Lesen Sie hier, welche Bartbalsame wir empfehlen und warum Bartpflege wichtig ist.\" \/>\n<meta name=\"robots\" content=\"index, follow, max-snippet:-1, max-image-preview:large, max-video-preview:-1\" \/>\n<link rel=\"canonical\" href=\"https:\/\/arbuti.com\/hu\/szakallbalzsam\/\" \/>\n<meta property=\"og:locale\" content=\"hu_HU\" \/>\n<meta property=\"og:type\" content=\"article\" \/>\n<meta property=\"og:title\" content=\"Bartbalsam\" \/>\n<meta property=\"og:description\" content=\"Die 5 besten Bartbalsam im Test und Erfahrungen Wenn es um die Pflege des Bartes geht, ist ein Bartbalsam ein unverzichtbares Produkt. Es hilft dabei, den\" \/>\n<meta property=\"og:url\" content=\"https:\/\/arbuti.com\/hu\/szakallbalzsam\/\" \/>\n<meta property=\"og:site_name\" content=\"ARBUTI Hair Salon\" \/>\n<meta property=\"article:publisher\" content=\"https:\/\/www.facebook.com\/Arbutihairsalon\/\" \/>\n<meta property=\"article:published_time\" content=\"2025-05-21T10:50:00+00:00\" \/>\n<meta property=\"article:modified_time\" content=\"2025-05-26T11:18:15+00:00\" \/>\n<meta property=\"og:image\" content=\"https:\/\/arbuti.com\/wp-content\/uploads\/2023\/04\/Bartbalsam.jpeg\" \/>\n\t<meta property=\"og:image:width\" content=\"1200\" \/>\n\t<meta property=\"og:image:height\" content=\"934\" \/>\n\t<meta property=\"og:image:type\" content=\"image\/jpeg\" \/>\n<meta name=\"author\" content=\"A. Gladon\" \/>\n<meta name=\"twitter:card\" content=\"summary_large_image\" \/>\n<meta name=\"twitter:label1\" content=\"Szerz\u0151:\" \/>\n\t<meta name=\"twitter:data1\" content=\"A. Gladon\" \/>\n\t<meta name=\"twitter:label2\" content=\"Becs\u00fclt olvas\u00e1si id\u0151\" \/>\n\t<meta name=\"twitter:data2\" content=\"7 perc\" \/>\n<script type=\"application\/ld+json\" class=\"yoast-schema-graph\">{\"@context\":\"https:\/\/schema.org\",\"@graph\":[{\"@type\":\"Article\",\"@id\":\"https:\/\/arbuti.com\/bartbalsam\/#article\",\"isPartOf\":{\"@id\":\"https:\/\/arbuti.com\/bartbalsam\/\"},\"author\":{\"name\":\"A. Gladon\",\"@id\":\"https:\/\/arbuti.com\/fr\/#\/schema\/person\/619bba0ce387727cdcf0142253bad655\"},\"headline\":\"Bartbalsam\",\"datePublished\":\"2025-05-21T10:50:00+00:00\",\"dateModified\":\"2025-05-26T11:18:15+00:00\",\"mainEntityOfPage\":{\"@id\":\"https:\/\/arbuti.com\/bartbalsam\/\"},\"wordCount\":1050,\"publisher\":{\"@id\":\"https:\/\/arbuti.com\/fr\/#organization\"},\"image\":{\"@id\":\"https:\/\/arbuti.com\/bartbalsam\/#primaryimage\"},\"thumbnailUrl\":\"https:\/\/arbuti.com\/wp-content\/uploads\/2023\/04\/Bartbalsam.jpeg\",\"articleSection\":[\"Haarstyling\"],\"inLanguage\":\"hu\"},{\"@type\":\"WebPage\",\"@id\":\"https:\/\/arbuti.com\/bartbalsam\/\",\"url\":\"https:\/\/arbuti.com\/bartbalsam\/\",\"name\":\"Die 5 besten Bartbalsam im Test und Erfahrungen\",\"isPartOf\":{\"@id\":\"https:\/\/arbuti.com\/fr\/#website\"},\"primaryImageOfPage\":{\"@id\":\"https:\/\/arbuti.com\/bartbalsam\/#primaryimage\"},\"image\":{\"@id\":\"https:\/\/arbuti.com\/bartbalsam\/#primaryimage\"},\"thumbnailUrl\":\"https:\/\/arbuti.com\/wp-content\/uploads\/2023\/04\/Bartbalsam.jpeg\",\"datePublished\":\"2025-05-21T10:50:00+00:00\",\"dateModified\":\"2025-05-26T11:18:15+00:00\",\"description\":\"Entdecken Sie die Top 5 Bartbalsame im Test und unsere Erfahrungen. Lesen Sie hier, welche Bartbalsame wir empfehlen und warum Bartpflege wichtig ist.\",\"breadcrumb\":{\"@id\":\"https:\/\/arbuti.com\/bartbalsam\/#breadcrumb\"},\"inLanguage\":\"hu\",\"potentialAction\":[{\"@type\":\"ReadAction\",\"target\":[\"https:\/\/arbuti.com\/bartbalsam\/\"]}]},{\"@type\":\"ImageObject\",\"inLanguage\":\"hu\",\"@id\":\"https:\/\/arbuti.com\/bartbalsam\/#primaryimage\",\"url\":\"https:\/\/arbuti.com\/wp-content\/uploads\/2023\/04\/Bartbalsam.jpeg\",\"contentUrl\":\"https:\/\/arbuti.com\/wp-content\/uploads\/2023\/04\/Bartbalsam.jpeg\",\"width\":1200,\"height\":934,\"caption\":\"Bartbalsam\"},{\"@type\":\"BreadcrumbList\",\"@id\":\"https:\/\/arbuti.com\/bartbalsam\/#breadcrumb\",\"itemListElement\":[{\"@type\":\"ListItem\",\"position\":1,\"name\":\"ARBUTI\",\"item\":\"https:\/\/arbuti.com\/\"},{\"@type\":\"ListItem\",\"position\":2,\"name\":\"Haarstyling\",\"item\":\"https:\/\/arbuti.com\/fr\/categorie\/haarstyling\/\"},{\"@type\":\"ListItem\",\"position\":3,\"name\":\"Bartbalsam\"}]},{\"@type\":\"WebSite\",\"@id\":\"https:\/\/arbuti.com\/fr\/#website\",\"url\":\"https:\/\/arbuti.com\/fr\/\",\"name\":\"ARBUTI Hair Salon\",\"description\":\"Friseur M\u00fcnchen\",\"publisher\":{\"@id\":\"https:\/\/arbuti.com\/fr\/#organization\"},\"alternateName\":\"ARBUTI\",\"potentialAction\":[{\"@type\":\"SearchAction\",\"target\":{\"@type\":\"EntryPoint\",\"urlTemplate\":\"https:\/\/arbuti.com\/fr\/?s={search_term_string}\"},\"query-input\":{\"@type\":\"PropertyValueSpecification\",\"valueRequired\":true,\"valueName\":\"search_term_string\"}}],\"inLanguage\":\"hu\"},{\"@type\":\"Organization\",\"@id\":\"https:\/\/arbuti.com\/fr\/#organization\",\"name\":\"ARBUTI Hair Salon\",\"alternateName\":\"ARBUTI\",\"url\":\"https:\/\/arbuti.com\/fr\/\",\"logo\":{\"@type\":\"ImageObject\",\"inLanguage\":\"hu\",\"@id\":\"https:\/\/arbuti.com\/fr\/#\/schema\/logo\/image\/\",\"url\":\"https:\/\/arbuti.com\/wp-content\/uploads\/2020\/04\/cropped-Arbuti-Friseur-Muenchen.jpg\",\"contentUrl\":\"https:\/\/arbuti.com\/wp-content\/uploads\/2020\/04\/cropped-Arbuti-Friseur-Muenchen.jpg\",\"width\":512,\"height\":512,\"caption\":\"ARBUTI Hair Salon\"},\"image\":{\"@id\":\"https:\/\/arbuti.com\/fr\/#\/schema\/logo\/image\/\"},\"sameAs\":[\"https:\/\/www.facebook.com\/Arbutihairsalon\/\",\"https:\/\/www.instagram.com\/arbutihairsalon\/\",\"https:\/\/www.pinterest.de\/arbutihairsalon\/arbuti-hair-salon\/\"]},{\"@type\":\"Person\",\"@id\":\"https:\/\/arbuti.com\/fr\/#\/schema\/person\/619bba0ce387727cdcf0142253bad655\",\"name\":\"A. Gladon\",\"image\":{\"@type\":\"ImageObject\",\"inLanguage\":\"hu\",\"@id\":\"https:\/\/arbuti.com\/fr\/#\/schema\/person\/image\/\",\"url\":\"https:\/\/secure.gravatar.com\/avatar\/01d0389447fdb53dfe70fcb247b9714b?s=96&d=mm&r=g\",\"contentUrl\":\"https:\/\/secure.gravatar.com\/avatar\/01d0389447fdb53dfe70fcb247b9714b?s=96&d=mm&r=g\",\"caption\":\"A. Gladon\"}}]}<\/script>\n<!-- \/ Yoast SEO Premium plugin. -->","yoast_head_json":{"title":"Die 5 besten Bartbalsam im Test und Erfahrungen","description":"Entdecken Sie die Top 5 Bartbalsame im Test und unsere Erfahrungen. Lesen Sie hier, welche Bartbalsame wir empfehlen und warum Bartpflege wichtig ist.","robots":{"index":"index","follow":"follow","max-snippet":"max-snippet:-1","max-image-preview":"max-image-preview:large","max-video-preview":"max-video-preview:-1"},"canonical":"https:\/\/arbuti.com\/hu\/szakallbalzsam\/","og_locale":"hu_HU","og_type":"article","og_title":"Bartbalsam","og_description":"Die 5 besten Bartbalsam im Test und Erfahrungen Wenn es um die Pflege des Bartes geht, ist ein Bartbalsam ein unverzichtbares Produkt. Es hilft dabei, den","og_url":"https:\/\/arbuti.com\/hu\/szakallbalzsam\/","og_site_name":"ARBUTI Hair Salon","article_publisher":"https:\/\/www.facebook.com\/Arbutihairsalon\/","article_published_time":"2025-05-21T10:50:00+00:00","article_modified_time":"2025-05-26T11:18:15+00:00","og_image":[{"width":1200,"height":934,"url":"https:\/\/arbuti.com\/wp-content\/uploads\/2023\/04\/Bartbalsam.jpeg","type":"image\/jpeg"}],"author":"A. Gladon","twitter_card":"summary_large_image","twitter_misc":{"Szerz\u0151:":"A. Gladon","Becs\u00fclt olvas\u00e1si id\u0151":"7 perc"},"schema":{"@context":"https:\/\/schema.org","@graph":[{"@type":"Article","@id":"https:\/\/arbuti.com\/bartbalsam\/#article","isPartOf":{"@id":"https:\/\/arbuti.com\/bartbalsam\/"},"author":{"name":"A. Gladon","@id":"https:\/\/arbuti.com\/fr\/#\/schema\/person\/619bba0ce387727cdcf0142253bad655"},"headline":"Bartbalsam","datePublished":"2025-05-21T10:50:00+00:00","dateModified":"2025-05-26T11:18:15+00:00","mainEntityOfPage":{"@id":"https:\/\/arbuti.com\/bartbalsam\/"},"wordCount":1050,"publisher":{"@id":"https:\/\/arbuti.com\/fr\/#organization"},"image":{"@id":"https:\/\/arbuti.com\/bartbalsam\/#primaryimage"},"thumbnailUrl":"https:\/\/arbuti.com\/wp-content\/uploads\/2023\/04\/Bartbalsam.jpeg","articleSection":["Haarstyling"],"inLanguage":"hu"},{"@type":"WebPage","@id":"https:\/\/arbuti.com\/bartbalsam\/","url":"https:\/\/arbuti.com\/bartbalsam\/","name":"Die 5 besten Bartbalsam im Test und Erfahrungen","isPartOf":{"@id":"https:\/\/arbuti.com\/fr\/#website"},"primaryImageOfPage":{"@id":"https:\/\/arbuti.com\/bartbalsam\/#primaryimage"},"image":{"@id":"https:\/\/arbuti.com\/bartbalsam\/#primaryimage"},"thumbnailUrl":"https:\/\/arbuti.com\/wp-content\/uploads\/2023\/04\/Bartbalsam.jpeg","datePublished":"2025-05-21T10:50:00+00:00","dateModified":"2025-05-26T11:18:15+00:00","description":"Entdecken Sie die Top 5 Bartbalsame im Test und unsere Erfahrungen. Lesen Sie hier, welche Bartbalsame wir empfehlen und warum Bartpflege wichtig ist.","breadcrumb":{"@id":"https:\/\/arbuti.com\/bartbalsam\/#breadcrumb"},"inLanguage":"hu","potentialAction":[{"@type":"ReadAction","target":["https:\/\/arbuti.com\/bartbalsam\/"]}]},{"@type":"ImageObject","inLanguage":"hu","@id":"https:\/\/arbuti.com\/bartbalsam\/#primaryimage","url":"https:\/\/arbuti.com\/wp-content\/uploads\/2023\/04\/Bartbalsam.jpeg","contentUrl":"https:\/\/arbuti.com\/wp-content\/uploads\/2023\/04\/Bartbalsam.jpeg","width":1200,"height":934,"caption":"Bartbalsam"},{"@type":"BreadcrumbList","@id":"https:\/\/arbuti.com\/bartbalsam\/#breadcrumb","itemListElement":[{"@type":"ListItem","position":1,"name":"ARBUTI","item":"https:\/\/arbuti.com\/"},{"@type":"ListItem","position":2,"name":"Haarstyling","item":"https:\/\/arbuti.com\/fr\/categorie\/haarstyling\/"},{"@type":"ListItem","position":3,"name":"Bartbalsam"}]},{"@type":"WebSite","@id":"https:\/\/arbuti.com\/fr\/#website","url":"https:\/\/arbuti.com\/fr\/","name":"ARBUTI Hair Salon","description":"Friseur M\u00fcnchen","publisher":{"@id":"https:\/\/arbuti.com\/fr\/#organization"},"alternateName":"ARBUTI","potentialAction":[{"@type":"SearchAction","target":{"@type":"EntryPoint","urlTemplate":"https:\/\/arbuti.com\/fr\/?s={search_term_string}"},"query-input":{"@type":"PropertyValueSpecification","valueRequired":true,"valueName":"search_term_string"}}],"inLanguage":"hu"},{"@type":"Organization","@id":"https:\/\/arbuti.com\/fr\/#organization","name":"ARBUTI Hair Salon","alternateName":"ARBUTI","url":"https:\/\/arbuti.com\/fr\/","logo":{"@type":"ImageObject","inLanguage":"hu","@id":"https:\/\/arbuti.com\/fr\/#\/schema\/logo\/image\/","url":"https:\/\/arbuti.com\/wp-content\/uploads\/2020\/04\/cropped-Arbuti-Friseur-Muenchen.jpg","contentUrl":"https:\/\/arbuti.com\/wp-content\/uploads\/2020\/04\/cropped-Arbuti-Friseur-Muenchen.jpg","width":512,"height":512,"caption":"ARBUTI Hair Salon"},"image":{"@id":"https:\/\/arbuti.com\/fr\/#\/schema\/logo\/image\/"},"sameAs":["https:\/\/www.facebook.com\/Arbutihairsalon\/","https:\/\/www.instagram.com\/arbutihairsalon\/","https:\/\/www.pinterest.de\/arbutihairsalon\/arbuti-hair-salon\/"]},{"@type":"Person","@id":"https:\/\/arbuti.com\/fr\/#\/schema\/person\/619bba0ce387727cdcf0142253bad655","name":"A. Gladon","image":{"@type":"ImageObject","inLanguage":"hu","@id":"https:\/\/arbuti.com\/fr\/#\/schema\/person\/image\/","url":"https:\/\/secure.gravatar.com\/avatar\/01d0389447fdb53dfe70fcb247b9714b?s=96&d=mm&r=g","contentUrl":"https:\/\/secure.gravatar.com\/avatar\/01d0389447fdb53dfe70fcb247b9714b?s=96&d=mm&r=g","caption":"A. Gladon"}}]}},"uagb_featured_image_src":{"full":["https:\/\/arbuti.com\/wp-content\/uploads\/2023\/04\/Bartbalsam.jpeg",1200,934,false],"thumbnail":["https:\/\/arbuti.com\/wp-content\/uploads\/2023\/04\/Bartbalsam-150x150.jpeg",150,150,true],"medium":["https:\/\/arbuti.com\/wp-content\/uploads\/2023\/04\/Bartbalsam-300x234.jpeg",300,234,true],"medium_large":["https:\/\/arbuti.com\/wp-content\/uploads\/2023\/04\/Bartbalsam-768x598.jpeg",768,598,true],"large":["https:\/\/arbuti.com\/wp-content\/uploads\/2023\/04\/Bartbalsam-1024x797.jpeg",1024,797,true],"1536x1536":["https:\/\/arbuti.com\/wp-content\/uploads\/2023\/04\/Bartbalsam.jpeg",1200,934,false],"2048x2048":["https:\/\/arbuti.com\/wp-content\/uploads\/2023\/04\/Bartbalsam.jpeg",1200,934,false],"trp-custom-language-flag":["https:\/\/arbuti.com\/wp-content\/uploads\/2023\/04\/Bartbalsam-15x12.jpeg",15,12,true],"wp_review_large":["https:\/\/arbuti.com\/wp-content\/uploads\/2023\/04\/Bartbalsam-320x200.jpeg",320,200,true],"wp_review_small":["https:\/\/arbuti.com\/wp-content\/uploads\/2023\/04\/Bartbalsam-65x65.jpeg",65,65,true]},"uagb_author_info":{"display_name":"A. Gladon","author_link":"https:\/\/arbuti.com\/hu\/author\/a-gladon\/"},"uagb_comment_info":0,"uagb_excerpt":"Die 5 besten Bartbalsam im Test und Erfahrungen Wenn es um die Pflege des Bartes geht, ist ein Bartbalsam ein [&hellip;]","_links":{"self":[{"href":"https:\/\/arbuti.com\/hu\/wp-json\/wp\/v2\/posts\/12534","targetHints":{"allow":["GET"]}}],"collection":[{"href":"https:\/\/arbuti.com\/hu\/wp-json\/wp\/v2\/posts"}],"about":[{"href":"https:\/\/arbuti.com\/hu\/wp-json\/wp\/v2\/types\/post"}],"author":[{"embeddable":true,"href":"https:\/\/arbuti.com\/hu\/wp-json\/wp\/v2\/users\/6"}],"replies":[{"embeddable":true,"href":"https:\/\/arbuti.com\/hu\/wp-json\/wp\/v2\/comments?post=12534"}],"version-history":[{"count":5,"href":"https:\/\/arbuti.com\/hu\/wp-json\/wp\/v2\/posts\/12534\/revisions"}],"predecessor-version":[{"id":13490,"href":"https:\/\/arbuti.com\/hu\/wp-json\/wp\/v2\/posts\/12534\/revisions\/13490"}],"wp:featuredmedia":[{"embeddable":true,"href":"https:\/\/arbuti.com\/hu\/wp-json\/wp\/v2\/media\/12667"}],"wp:attachment":[{"href":"https:\/\/arbuti.com\/hu\/wp-json\/wp\/v2\/media?parent=12534"}],"wp:term":[{"taxonomy":"category","embeddable":true,"href":"https:\/\/arbuti.com\/hu\/wp-json\/wp\/v2\/categories?post=12534"},{"taxonomy":"post_tag","embeddable":true,"href":"https:\/\/arbuti.com\/hu\/wp-json\/wp\/v2\/tags?post=12534"}],"curies":[{"name":"wp","href":"https:\/\/api.w.org\/{rel}","templated":true}]}}