{"id":11705,"date":"2023-03-23T13:01:10","date_gmt":"2023-03-23T13:01:10","guid":{"rendered":"https:\/\/arbuti.com\/?p=11705"},"modified":"2025-06-23T12:25:27","modified_gmt":"2025-06-23T12:25:27","slug":"mascara","status":"publish","type":"post","link":"https:\/\/arbuti.com\/hu\/szempillaspiral\/","title":{"rendered":"Szempillaspir\u00e1l"},"content":{"rendered":"<h1 class=\"wp-block-heading has-text-align-center\" id=\"h-die-top-7-mascara-ein-test-in-unserem-salon\">Die Top 7 Mascara &#8211; Ein Test in unserem Salon<\/h1>\n\n\n\n<p class=\"has-text-align-center\">A szempillaspir\u00e1l sok n\u0151 sminkel\u00e9si rutinj\u00e1nak elengedhetetlen r\u00e9sze. De melyik a legjobb szempillaspir\u00e1l a piacon? Hogy megv\u00e1laszoljuk ezt a k\u00e9rd\u00e9st, szalonunkban tesztet v\u00e9gezt\u00fcnk k\u00fcl\u00f6nb\u00f6z\u0151 szempillaspir\u00e1l term\u00e9kekkel. Az Amazonon kaphat\u00f3 term\u00e9keket v\u00e1lasztottuk ki, \u00e9s egy\u00e9rtelm\u0171 tesztgy\u0151ztest tal\u00e1ltunk. Ebben a bejegyz\u00e9sben bemutatjuk a 7 legjobb szempillaspir\u00e1lt, kezdve az 1. helyezettel, majd az egyes term\u00e9kekr\u0151l sz\u00f3l\u00f3 informat\u00edv sz\u00f6vegek k\u00f6vetkeznek.<\/p>\n\n\n\n\n\n\n<figure class=\"wp-block-image aligncenter size-large is-resized\"><a href=\"https:\/\/arbuti.com\/wp-content\/uploads\/2023\/03\/Mascara.jpg\"><img loading=\"lazy\" decoding=\"async\" width=\"1024\" height=\"797\" src=\"https:\/\/arbuti.com\/wp-content\/uploads\/2023\/03\/Mascara-1024x797.jpg\" alt=\"Szempillaspir\u00e1l\" class=\"wp-image-11777\" style=\"aspect-ratio:1.2857142857142858;width:805px;height:auto\" srcset=\"https:\/\/arbuti.com\/wp-content\/uploads\/2023\/03\/Mascara-1024x797.jpg 1024w, https:\/\/arbuti.com\/wp-content\/uploads\/2023\/03\/Mascara-300x234.jpg 300w, https:\/\/arbuti.com\/wp-content\/uploads\/2023\/03\/Mascara-768x598.jpg 768w, https:\/\/arbuti.com\/wp-content\/uploads\/2023\/03\/Mascara-15x12.jpg 15w, https:\/\/arbuti.com\/wp-content\/uploads\/2023\/03\/Mascara.jpg 1200w\" sizes=\"auto, (max-width: 1024px) 100vw, 1024px\" \/><\/a><\/figure>\n\n\n\n<h2 class=\"wp-block-heading\" id=\"h-7-besten-mascara-2025\">A 7 legjobb szempillaspir\u00e1l 2025-ben<\/h2>\n\n\n\n<h3 class=\"wp-block-heading\">1. hely: Maybelline New York Lash Sensational szempillaspir\u00e1l<\/h3>\n\n\n\n<figure class=\"wp-block-image size-large is-resized\"><a href=\"https:\/\/amzn.to\/3TGg62q\" target=\"_blank\" rel=\"noreferrer noopener\"><img loading=\"lazy\" decoding=\"async\" width=\"484\" height=\"1024\" src=\"https:\/\/arbuti.com\/wp-content\/uploads\/2023\/03\/Mascara-1-484x1024.jpg\" alt=\"Szempillaspir\u00e1l\" class=\"wp-image-11759\" style=\"width:242px;height:512px\" srcset=\"https:\/\/arbuti.com\/wp-content\/uploads\/2023\/03\/Mascara-1-484x1024.jpg 484w, https:\/\/arbuti.com\/wp-content\/uploads\/2023\/03\/Mascara-1-142x300.jpg 142w, https:\/\/arbuti.com\/wp-content\/uploads\/2023\/03\/Mascara-1-6x12.jpg 6w, https:\/\/arbuti.com\/wp-content\/uploads\/2023\/03\/Mascara-1.jpg 709w\" sizes=\"auto, (max-width: 484px) 100vw, 484px\" \/><\/a><\/figure>\n\n\n\n<p>Kozmetikusk\u00e9nt saj\u00e1t tapasztalatb\u00f3l mondhatom, hogy a Maybelline New York Lash Sensational Mascara egy\u00e9rtelm\u0171en az egyik legjobb szempillaspir\u00e1l a piacon. Szalonunk tesztj\u00e9n ez a szempillaspir\u00e1l v\u00e9gzett az els\u0151 helyen, \u00e9s nem v\u00e9letlen\u00fcl.<\/p>\n\n\n\n<p>Der erste Eindruck dieser Mascara ist bereits beeindruckend &#8211; die B\u00fcrste ist geschwungen und mit verschiedenen Borstenl\u00e4ngen ausgestattet, was f\u00fcr eine optimale Verteilung der Mascara auf den Wimpern sorgt. Der Auftrag der Mascara ist einfach und angenehm, und die Wimpern werden sofort getrennt und definiert.<\/p>\n\n\n\n<p>Was die Wirkung betrifft, so ist die Maybelline New York Lash Sensational Mascara einfach unschlagbar. Sie verleiht den Wimpern ein unglaubliches Volumen, ohne dabei zu verklumpen oder zu verschmieren. Auch die Haltbarkeit ist beeindruckend &#8211; selbst nach Stunden sitzt die Mascara noch perfekt.<\/p>\n\n\n\n<p>Ein weiterer gro\u00dfer Pluspunkt dieser Mascara ist, dass sie in verschiedenen Ausf\u00fchrungen erh\u00e4ltlich ist. So gibt es beispielsweise die &#8222;Waterproof&#8220; Variante f\u00fcr besondere Anl\u00e4sse oder die &#8222;Fanned Out&#8220; Version f\u00fcr einen besonders intensiven Wimpernaufschlag.<\/p>\n\n\n\n<p>Insgesamt ist die Maybelline New York Lash Sensational Mascara ein absolutes Must-Have f\u00fcr alle, die auf der Suche nach einem perfekten Wimpernaufschlag sind. Egal, ob f\u00fcr den Alltag oder f\u00fcr besondere Anl\u00e4sse &#8211; mit dieser Mascara werden Ihre Wimpern immer perfekt aussehen.<\/p>\n\n\n\n<div class=\"wp-block-buttons is-layout-flex wp-block-buttons-is-layout-flex\">\n<div class=\"wp-block-button\"><a class=\"wp-block-button__link wp-element-button\" href=\"https:\/\/amzn.to\/3TGg62q\" target=\"_blank\" rel=\"noreferrer noopener\">Amazon<\/a><\/div>\n<\/div>\n\n\n\n<hr class=\"wp-block-separator has-alpha-channel-opacity is-style-wide\"\/>\n\n\n\n<div style=\"height:58px\" aria-hidden=\"true\" class=\"wp-block-spacer\"><\/div>\n\n\n\n<h3 class=\"wp-block-heading\">2. Platz: L&#8217;Or\u00e9al Paris Volume Million Lashes Mascara<\/h3>\n\n\n\n<figure class=\"wp-block-image size-large is-resized\"><a href=\"https:\/\/amzn.to\/3lIuBG6\" target=\"_blank\" rel=\"noreferrer noopener\"><img loading=\"lazy\" decoding=\"async\" width=\"419\" height=\"1024\" src=\"https:\/\/arbuti.com\/wp-content\/uploads\/2023\/03\/Mascara-2-419x1024.jpg\" alt=\"Szempillaspir\u00e1l\" class=\"wp-image-11760\" style=\"width:210px;height:512px\" srcset=\"https:\/\/arbuti.com\/wp-content\/uploads\/2023\/03\/Mascara-2-419x1024.jpg 419w, https:\/\/arbuti.com\/wp-content\/uploads\/2023\/03\/Mascara-2-123x300.jpg 123w, https:\/\/arbuti.com\/wp-content\/uploads\/2023\/03\/Mascara-2-5x12.jpg 5w, https:\/\/arbuti.com\/wp-content\/uploads\/2023\/03\/Mascara-2.jpg 614w\" sizes=\"auto, (max-width: 419px) 100vw, 419px\" \/><\/a><\/figure>\n\n\n\n<p>Der 2. Platz in unserem Mascara-Test geht an die L&#8217;Or\u00e9al Paris Volume Million Lashes Mascara. Als Kosmetiker kann ich sagen, dass diese Mascara definitiv zu den besten Produkten auf dem Markt geh\u00f6rt und sich einen Platz auf unserem Siegertreppchen verdient hat.<\/p>\n\n\n\n<p>Die B\u00fcrste der L&#8217;Or\u00e9al Paris Volume Million Lashes Mascara ist besonders angenehm in der Anwendung und sorgt f\u00fcr einen einfachen und pr\u00e4zisen Auftrag. Die Wimpern werden dabei sanft getrennt und definiert, ohne zu verklumpen. Besonders beeindruckend ist das Volumen, das diese Mascara den Wimpern verleiht &#8211; sie wirken deutlich voller und l\u00e4nger.<\/p>\n\n\n\n<p>Die Haltbarkeit der L&#8217;Or\u00e9al Paris Volume Million Lashes Mascara ist ebenfalls beeindruckend. Auch nach Stunden sitzt die Mascara noch perfekt und verschmiert nicht. Durch die enthaltenen Pflegestoffe f\u00fchlen sich die Wimpern zudem weich und geschmeidig an.<\/p>\n\n\n\n<p>Insgesamt ist die L&#8217;Or\u00e9al Paris Volume Million Lashes Mascara eine ausgezeichnete Wahl f\u00fcr alle, die auf der Suche nach einer Mascara mit intensivem Volumen und einer pr\u00e4zisen Anwendung sind. Mit dieser Mascara k\u00f6nnen Sie Ihre Wimpern perfekt in Szene setzen und einen glamour\u00f6sen Wimpernaufschlag kreieren.<\/p>\n\n\n\n<div class=\"wp-block-buttons is-layout-flex wp-block-buttons-is-layout-flex\">\n<div class=\"wp-block-button\"><a class=\"wp-block-button__link wp-element-button\" href=\"https:\/\/amzn.to\/3lIuBG6\" target=\"_blank\" rel=\"noreferrer noopener\">Amazon<\/a><\/div>\n<\/div>\n\n\n\n<hr class=\"wp-block-separator has-alpha-channel-opacity is-style-wide\"\/>\n\n\n\n<div style=\"height:58px\" aria-hidden=\"true\" class=\"wp-block-spacer\"><\/div>\n\n\n\n<h3 class=\"wp-block-heading\">3. hely: Max Factor False Lash Effect szempillaspir\u00e1l<\/h3>\n\n\n\n<figure class=\"wp-block-image size-large is-resized\"><a href=\"https:\/\/amzn.to\/3JENge1\" target=\"_blank\" rel=\"noreferrer noopener\"><img loading=\"lazy\" decoding=\"async\" width=\"492\" height=\"1024\" src=\"https:\/\/arbuti.com\/wp-content\/uploads\/2023\/03\/Mascara-3-492x1024.jpg\" alt=\"Szempillaspir\u00e1l\" class=\"wp-image-11761\" style=\"width:246px;height:512px\" srcset=\"https:\/\/arbuti.com\/wp-content\/uploads\/2023\/03\/Mascara-3-492x1024.jpg 492w, https:\/\/arbuti.com\/wp-content\/uploads\/2023\/03\/Mascara-3-144x300.jpg 144w, https:\/\/arbuti.com\/wp-content\/uploads\/2023\/03\/Mascara-3-6x12.jpg 6w, https:\/\/arbuti.com\/wp-content\/uploads\/2023\/03\/Mascara-3.jpg 703w\" sizes=\"auto, (max-width: 492px) 100vw, 492px\" \/><\/a><\/figure>\n\n\n\n<p>A szempillaspir\u00e1l teszt\u00fcnk 3. hely\u00e9n a Max Factor False Lash Effect szempillaspir\u00e1l \u00e1ll. Kozmetikusk\u00e9nt elmondhatom, hogy ez a szempillaspir\u00e1l is egy\u00e9rtelm\u0171en az egyik legjobb term\u00e9k a piacon.<\/p>\n\n\n\n<p>Die B\u00fcrste der Max Factor False Lash Effect Mascara ist besonders weich und sanft, was f\u00fcr einen angenehmen Auftrag sorgt. Die Wimpern werden dabei sanft getrennt und verl\u00e4ngert, ohne zu verklumpen. Besonders beeindruckend ist das nat\u00fcrliche Volumen, das diese Mascara den Wimpern verleiht &#8211; sie wirken voller und l\u00e4nger, aber dennoch sehr nat\u00fcrlich.<\/p>\n\n\n\n<p>A Max Factor False Lash Effect szempillaspir\u00e1l tart\u00f3ss\u00e1ga is nagyon j\u00f3. A szempillaspir\u00e1l nem maszatol\u00f3dik \u00e9s eg\u00e9sz nap t\u00f6k\u00e9letesen tart.<\/p>\n\n\n\n<p>\u00d6sszess\u00e9g\u00e9ben a Max Factor False Lash Effect Mascara kiv\u00e1l\u00f3 v\u00e1laszt\u00e1s azoknak, akik term\u00e9szetes hat\u00e1s\u00fa szempillaspir\u00e1lt keresnek. Ezzel a szempillaspir\u00e1llal finoman meghosszabb\u00edthatja szempill\u00e1it, \u00e9s d\u00fasabb\u00e1 teheti \u0151ket an\u00e9lk\u00fcl, hogy t\u00falz\u00f3nak t\u0171nn\u00e9nek.<\/p>\n\n\n\n<div class=\"wp-block-buttons is-layout-flex wp-block-buttons-is-layout-flex\">\n<div class=\"wp-block-button\"><a class=\"wp-block-button__link wp-element-button\" href=\"https:\/\/amzn.to\/3JENge1\" target=\"_blank\" rel=\"noreferrer noopener\">Amazon<\/a><\/div>\n<\/div>\n\n\n\n<hr class=\"wp-block-separator has-alpha-channel-opacity is-style-wide\"\/>\n\n\n\n<div style=\"height:58px\" aria-hidden=\"true\" class=\"wp-block-spacer\"><\/div>\n\n\n\n<h3 class=\"wp-block-heading\">4. hely: Essence Lash Princess szempillaspir\u00e1l<\/h3>\n\n\n\n<figure class=\"wp-block-image size-large is-resized\"><a href=\"https:\/\/amzn.to\/3niB7np\" target=\"_blank\" rel=\"noreferrer noopener\"><img loading=\"lazy\" decoding=\"async\" width=\"611\" height=\"1024\" src=\"https:\/\/arbuti.com\/wp-content\/uploads\/2023\/03\/Mascara-4-611x1024.jpg\" alt=\"Szempillaspir\u00e1l\" class=\"wp-image-11762\" style=\"width:271px;height:453px\" srcset=\"https:\/\/arbuti.com\/wp-content\/uploads\/2023\/03\/Mascara-4-611x1024.jpg 611w, https:\/\/arbuti.com\/wp-content\/uploads\/2023\/03\/Mascara-4-179x300.jpg 179w, https:\/\/arbuti.com\/wp-content\/uploads\/2023\/03\/Mascara-4-768x1288.jpg 768w, https:\/\/arbuti.com\/wp-content\/uploads\/2023\/03\/Mascara-4-7x12.jpg 7w, https:\/\/arbuti.com\/wp-content\/uploads\/2023\/03\/Mascara-4.jpg 811w\" sizes=\"auto, (max-width: 611px) 100vw, 611px\" \/><\/a><\/figure>\n\n\n\n<p>Az Essence Lash Princess Mascara meggy\u0151z\u00f6tt minket verhetetlen \u00e1r-\u00e9rt\u00e9k ar\u00e1ny\u00e1val. D\u00fasabb\u00e1 teszi a szempill\u00e1kat \u00e9s intenz\u00edv szempill\u00e1kat biztos\u00edt. A tart\u00f3ss\u00e1ga is figyelemre m\u00e9lt\u00f3.<\/p>\n\n\n\n<div class=\"wp-block-buttons is-layout-flex wp-block-buttons-is-layout-flex\">\n<div class=\"wp-block-button\"><a class=\"wp-block-button__link wp-element-button\" href=\"https:\/\/amzn.to\/3niB7np\" target=\"_blank\" rel=\"noreferrer noopener\">Amazon<\/a><\/div>\n<\/div>\n\n\n\n<hr class=\"wp-block-separator has-alpha-channel-opacity is-style-wide\"\/>\n\n\n\n<div style=\"height:58px\" aria-hidden=\"true\" class=\"wp-block-spacer\"><\/div>\n\n\n\n<h3 class=\"wp-block-heading\">5. hely: Catrice Glam &amp; Doll szempillaspir\u00e1l<\/h3>\n\n\n\n<figure class=\"wp-block-image size-full\"><a href=\"https:\/\/amzn.to\/3LKHVVo\" target=\"_blank\" rel=\"noreferrer noopener\"><img loading=\"lazy\" decoding=\"async\" width=\"176\" height=\"500\" src=\"https:\/\/arbuti.com\/wp-content\/uploads\/2023\/03\/Mascara-5.jpg\" alt=\"Szempillaspir\u00e1l\" class=\"wp-image-11763\" srcset=\"https:\/\/arbuti.com\/wp-content\/uploads\/2023\/03\/Mascara-5.jpg 176w, https:\/\/arbuti.com\/wp-content\/uploads\/2023\/03\/Mascara-5-106x300.jpg 106w, https:\/\/arbuti.com\/wp-content\/uploads\/2023\/03\/Mascara-5-4x12.jpg 4w\" sizes=\"auto, (max-width: 176px) 100vw, 176px\" \/><\/a><\/figure>\n\n\n\n<p>A Catrice Glam &amp; Doll szempillaspir\u00e1l meggy\u0151z\u00f6tt minket k\u00f6nny\u0171 felvitel\u00e9vel \u00e9s intenz\u00edv hat\u00e1s\u00e1val. Telt \u00e9s hat\u00e1rozott megjelen\u00e9st k\u00f6lcs\u00f6n\u00f6z a szempill\u00e1knak, \u00e9s intenz\u00edv szempillaemel\u00e9st biztos\u00edt.<\/p>\n\n\n\n<div class=\"wp-block-buttons is-layout-flex wp-block-buttons-is-layout-flex\">\n<div class=\"wp-block-button\"><a class=\"wp-block-button__link wp-element-button\" href=\"https:\/\/amzn.to\/3LKHVVo\" target=\"_blank\" rel=\"noreferrer noopener\">Amazon<\/a><\/div>\n<\/div>\n\n\n\n<hr class=\"wp-block-separator has-alpha-channel-opacity is-style-wide\"\/>\n\n\n\n<div style=\"height:58px\" aria-hidden=\"true\" class=\"wp-block-spacer\"><\/div>\n\n\n\n<h3 class=\"wp-block-heading\">6. hely: Manhattan Supersize szempillaspir\u00e1l<\/h3>\n\n\n\n<figure class=\"wp-block-image size-large is-resized\"><a href=\"https:\/\/amzn.to\/3TGmmqH\" target=\"_blank\" rel=\"noreferrer noopener\"><img loading=\"lazy\" decoding=\"async\" width=\"492\" height=\"1024\" src=\"https:\/\/arbuti.com\/wp-content\/uploads\/2023\/03\/Mascara-6-492x1024.jpg\" alt=\"Szempillaspir\u00e1l teszt\" class=\"wp-image-11764\" style=\"width:246px;height:512px\" srcset=\"https:\/\/arbuti.com\/wp-content\/uploads\/2023\/03\/Mascara-6-492x1024.jpg 492w, https:\/\/arbuti.com\/wp-content\/uploads\/2023\/03\/Mascara-6-144x300.jpg 144w, https:\/\/arbuti.com\/wp-content\/uploads\/2023\/03\/Mascara-6-6x12.jpg 6w, https:\/\/arbuti.com\/wp-content\/uploads\/2023\/03\/Mascara-6.jpg 631w\" sizes=\"auto, (max-width: 492px) 100vw, 492px\" \/><\/a><\/figure>\n\n\n\n<p>A Manhattan Supersize szempillaspir\u00e1l k\u00f6nny\u0171 felvitel\u00e9vel \u00e9s gyeng\u00e9d hat\u00e1s\u00e1val gy\u0151z\u00f6tt meg minket. Term\u00e9szetes volument ad a szempill\u00e1knak \u00e9s puh\u00e1v\u00e1 var\u00e1zsolja \u0151ket.<\/p>\n\n\n\n<div class=\"wp-block-buttons is-layout-flex wp-block-buttons-is-layout-flex\">\n<div class=\"wp-block-button\"><a class=\"wp-block-button__link wp-element-button\" href=\"https:\/\/amzn.to\/3TGmmqH\" target=\"_blank\" rel=\"noreferrer noopener\">Amazon<\/a><\/div>\n<\/div>\n\n\n\n<hr class=\"wp-block-separator has-alpha-channel-opacity is-style-wide\"\/>\n\n\n\n<div style=\"height:58px\" aria-hidden=\"true\" class=\"wp-block-spacer\"><\/div>\n\n\n\n<h3 class=\"wp-block-heading\">7. hely: Maybelline New York Great Lash szempillaspir\u00e1l<\/h3>\n\n\n\n<figure class=\"wp-block-image size-full is-resized\"><a href=\"https:\/\/amzn.to\/40ydsOt\" target=\"_blank\" rel=\"noreferrer noopener\"><img loading=\"lazy\" decoding=\"async\" width=\"401\" height=\"957\" src=\"https:\/\/arbuti.com\/wp-content\/uploads\/2023\/03\/Mascara-7.jpg\" alt=\"Szempillaspir\u00e1l teszt\" class=\"wp-image-11765\" style=\"width:201px;height:479px\" srcset=\"https:\/\/arbuti.com\/wp-content\/uploads\/2023\/03\/Mascara-7.jpg 401w, https:\/\/arbuti.com\/wp-content\/uploads\/2023\/03\/Mascara-7-126x300.jpg 126w, https:\/\/arbuti.com\/wp-content\/uploads\/2023\/03\/Mascara-7-5x12.jpg 5w\" sizes=\"auto, (max-width: 401px) 100vw, 401px\" \/><\/a><\/figure>\n\n\n\n<p>A Maybelline New York Great Lash szempillaspir\u00e1l term\u00e9szetes megjelen\u00e9s\u00e9vel \u00e9s k\u00f6nnyed hat\u00e1s\u00e1val gy\u0151z\u00f6tt meg minket. Finom volument ad a szempill\u00e1knak, \u00e9s term\u00e9szetesnek hat.<\/p>\n\n\n\n<div class=\"wp-block-buttons is-layout-flex wp-block-buttons-is-layout-flex\">\n<div class=\"wp-block-button\"><a class=\"wp-block-button__link wp-element-button\" href=\"https:\/\/amzn.to\/40ydsOt\" target=\"_blank\" rel=\"noreferrer noopener\">Amazon<\/a><\/div>\n<\/div>\n\n\n\n<hr class=\"wp-block-separator has-alpha-channel-opacity is-style-wide\"\/>\n\n\n\n<div style=\"height:58px\" aria-hidden=\"true\" class=\"wp-block-spacer\"><\/div>\n\n\n\n<h2 class=\"wp-block-heading\">Wie tr\u00e4gt man Mascara richtig auf? &#8211; Die ultimative Anleitung<\/h2>\n\n\n\n<p>A szempillaspir\u00e1l a napi sminkrutin fontos r\u00e9sze, \u00e9s rendk\u00edv\u00fcl sokat jav\u00edthat a szempill\u00e1k kin\u00e9zet\u00e9n. De hogyan kell helyesen alkalmazni a szempillaspir\u00e1lt? Ebb\u0151l a cikkb\u0151l mindent megtudhatsz, amit tudnod kell.<\/p>\n\n\n\n<h3 class=\"wp-block-heading\">1. l\u00e9p\u00e9s: El\u0151k\u00e9sz\u00edt\u00e9s<\/h3>\n\n\n\n<p>A szempillaspir\u00e1l felvitele el\u0151tt gy\u0151z\u0151dj\u00f6n meg r\u00f3la, hogy szempill\u00e1i tiszt\u00e1k \u00e9s sz\u00e1razak. T\u00e1vol\u00edtsa el a r\u00e9gi sminket egy gyeng\u00e9d tiszt\u00edt\u00f3kend\u0151vel vagy p\u00e1rn\u00e1val.<\/p>\n\n\n\n<h3 class=\"wp-block-heading\">2. l\u00e9p\u00e9s: V\u00e1lassza ki a megfelel\u0151 ecsetet<\/h3>\n\n\n\n<p>A k\u00edv\u00e1nt hat\u00e1st\u00f3l f\u00fcgg\u0151en k\u00fcl\u00f6nb\u00f6z\u0151 szempillaspir\u00e1lkef\u00e9k l\u00e9teznek. A sok finom s\u00f6rt\u00e9vel rendelkez\u0151 kefe ide\u00e1lis a prec\u00edz felvitelhez \u00e9s a hat\u00e1rozott szempill\u00e1khoz. A hosszabb s\u00f6rt\u00e9kkel rendelkez\u0151 volumenes kefe viszont dr\u00e1mai volumenhez \u00e9s intenz\u00edv szempillag\u00f6nd\u00f6r\u00edt\u00e9shez alkalmas.<\/p>\n\n\n\n<h3 class=\"wp-block-heading\">3. l\u00e9p\u00e9s: V\u00e1lassza ki a megfelel\u0151 sz\u00f6get<\/h3>\n\n\n\n<p>Tartsa a kef\u00e9t megfelel\u0151 sz\u00f6gben, \u00e9s helyezze a szempill\u00e1k t\u00f6v\u00e9hez. Lassan h\u00fazza felfel\u00e9 a kef\u00e9t, hogy sz\u00e9tv\u00e1lassza \u00e9s meghat\u00e1rozza a szempill\u00e1kat.<\/p>\n\n\n\n<h3 class=\"wp-block-heading\">4. l\u00e9p\u00e9s: R\u00e9tegek<\/h3>\n\n\n\n<p>Az intenz\u00edvebb eredm\u00e9ny \u00e9rdek\u00e9ben t\u00f6bb r\u00e9teg szempillaspir\u00e1lt is felvihet. A csom\u00f3sod\u00e1s elker\u00fcl\u00e9se \u00e9rdek\u00e9ben azonban minden alkalommal v\u00e1rjon, am\u00edg az el\u0151z\u0151 r\u00e9teg megsz\u00e1rad.<\/p>\n\n\n\n<h3 class=\"wp-block-heading\">5. l\u00e9p\u00e9s: V\u00e9gs\u0151 tippek<\/h3>\n\n\n\n<p>Gy\u0151z\u0151dj\u00f6n meg r\u00f3la, hogy a k\u00fcls\u0151 \u00e9s a bels\u0151 szempill\u00e1kra is felviszi a szempillaspir\u00e1lt, hogy egyenletes eredm\u00e9nyt \u00e9rjen el. Ha a szempill\u00e1it is szeretn\u00e9 g\u00f6nd\u00f6r\u00edteni, haszn\u00e1ljon egy <a href=\"https:\/\/arbuti.com\/hu\/szempilla-goendoerito\/\">Szempilla g\u00f6nd\u00f6r\u00edt\u0151<\/a> a szempillaspir\u00e1l felvitele el\u0151tt.<\/p>\n\n\n\n<h2 class=\"wp-block-heading\">Wie w\u00e4hlt man die perfekte Mascara aus? &#8211; Tipps vom Experten<\/h2>\n\n\n\n<p>A piacon \u00f3ri\u00e1si a v\u00e1laszt\u00e9k szempillaspir\u00e1l term\u00e9kekb\u0151l, \u00e9s neh\u00e9z lehet megtal\u00e1lni a t\u00f6k\u00e9letes szempillaspir\u00e1lt. Szak\u00e9rt\u0151k\u00e9nt k\u00fcl\u00f6nb\u00f6z\u0151 szempillaspir\u00e1l term\u00e9kekkel v\u00e9gezt\u00fcnk tesztet, \u00e9s most tippeket tudunk adni, hogy mire figyelj\u00fcnk a szempillaspir\u00e1l kiv\u00e1laszt\u00e1sakor.<\/p>\n\n\n\n<h3 class=\"wp-block-heading\">1. a szempill\u00e1k t\u00edpusa<\/h3>\n\n\n\n<p>Miel\u0151tt szempillaspir\u00e1lt v\u00e1lasztana, ismernie kell szempillat\u00edpus\u00e1t. Ha p\u00e9ld\u00e1ul r\u00f6vid szempill\u00e1i vannak, akkor olyan szempillaspir\u00e1lt kell v\u00e1lasztania, amely megfelel az \u00d6n szempillat\u00edpus\u00e1nak.<\/p>\n\n\n\n<h3 class=\"wp-block-heading\">2. kefe<\/h3>\n\n\n\n<p>A kefe fontos t\u00e9nyez\u0151 a szempillaspir\u00e1l kiv\u00e1laszt\u00e1sakor. A nagy, volumenes kefe ide\u00e1lis a dr\u00e1mai szempillag\u00f6nd\u00f6r\u00edt\u00e9shez, m\u00edg a keskeny kefe a prec\u00edz felvitelhez.<\/p>\n\n\n\n<h3 class=\"wp-block-heading\">3. \u00f6sszetev\u0151k<\/h3>\n\n\n\n<p>Fontos odafigyelni a szempillaspir\u00e1l \u00f6sszetev\u0151ire, k\u00fcl\u00f6n\u00f6sen, ha \u00e9rz\u00e9keny a szemed. Ha term\u00e9szetesebb megold\u00e1st keresel, v\u00e1lassz olyan szempillaspir\u00e1lt, amely term\u00e9szetes \u00f6sszetev\u0151ket tartalmaz.<\/p>\n\n\n\n<h3 class=\"wp-block-heading\">4. m\u00e1rka<\/h3>\n\n\n\n<p>A m\u00e1rka szint\u00e9n fontos t\u00e9nyez\u0151 lehet a szempillaspir\u00e1l kiv\u00e1laszt\u00e1sakor. V\u00e1lasszon olyan m\u00e1rk\u00e1t, amelyet m\u00e1r ismer \u00e9s amelyben megb\u00edzik.<\/p>\n\n\n\n<h2 class=\"wp-block-heading\">K\u00f6vetkeztet\u00e9s<\/h2>\n\n\n\n<p>Szalonunkban t\u00f6bb szempillaspir\u00e1lt is tesztelt\u00fcnk, \u00e9s arra a k\u00f6vetkeztet\u00e9sre jutottunk, hogy a Maybelline New York Lash Sensational Mascara a teszt egy\u00e9rtelm\u0171 gy\u0151ztese. A szempillaspir\u00e1l d\u00fas \u00e9s hat\u00e1rozott pill\u00e1kat k\u00f6lcs\u00f6n\u00f6z, an\u00e9lk\u00fcl, hogy csom\u00f3sodna vagy elken\u0151dne, \u00e9s t\u00f6k\u00e9letesen tart m\u00e9g \u00f3r\u00e1k m\u00falva is. De a rangsorunkban szerepl\u0151 m\u00e1sik hat term\u00e9k is meggy\u0151z\u00f6tt minket a saj\u00e1t er\u0151ss\u00e9geivel, legyen sz\u00f3 a volumenr\u0151l, a term\u00e9szetes hat\u00e1sr\u00f3l vagy a verhetetlen \u00e1r-\u00e9rt\u00e9k ar\u00e1nyr\u00f3l.<\/p>\n\n\n\n<h2 class=\"wp-block-heading\">K\u00e9rd\u00e9sek \u00e9s v\u00e1laszok<\/h2>\n\n\n\t\t<section\t\tclass=\"sc_fs_faq sc_card\"\n\t\t\t\t>\n\t\t\t\t<h3>Mi a legjobb m\u00f3dja a szempillaspir\u00e1l felvitel\u00e9nek?<\/h3>\t\t\t\t<div>\n\t\t\t\t\t\t<div class=\"sc_fs_faq__content\">\n\t\t\t\t\n\n<p>A szempillaspir\u00e1lt mindig cikcakkos mozdulatokkal kell felvinni az egyenletes eredm\u00e9ny el\u00e9r\u00e9se \u00e9rdek\u00e9ben. Kezdje a t\u00f6v\u00e9n\u00e9l, majd lassan h\u00fazza felfel\u00e9 a kef\u00e9t, hogy sz\u00e9tv\u00e1lassza \u00e9s meghat\u00e1rozza a szempill\u00e1kat. Ha nagyobb volument szeretne, t\u00f6bb r\u00e9tegben is alkalmazhatja.<\/p>\n\n\t\t\t<\/div>\n\t\t<\/div>\n\t\t<\/section>\n\t\t\t\t<section\t\tclass=\"sc_fs_faq sc_card\"\n\t\t\t\t>\n\t\t\t\t<h3>Milyen gyakran kell szempillaspir\u00e1lt cser\u00e9lni?<\/h3>\t\t\t\t<div>\n\t\t\t\t\t\t<div class=\"sc_fs_faq__content\">\n\t\t\t\t\n\n<p>A szempillaspir\u00e1lt h\u00e1rom-hat havonta kell cser\u00e9lni a bakt\u00e9riumok felhalmoz\u00f3d\u00e1s\u00e1nak elker\u00fcl\u00e9se \u00e9rdek\u00e9ben. Ha azonban a szempillaspir\u00e1l kisz\u00e1rad vagy csom\u00f3sodik, azonnal dobja ki.<\/p>\n\n\t\t\t<\/div>\n\t\t<\/div>\n\t\t<\/section>\n\t\t\t\t<section\t\tclass=\"sc_fs_faq sc_card\"\n\t\t\t\t>\n\t\t\t\t<h3>Lehet kapni a feket\u00e9n k\u00edv\u00fcl m\u00e1s sz\u00edn\u0171 szempillaspir\u00e1lt is?<\/h3>\t\t\t\t<div>\n\t\t\t\t\t\t<div class=\"sc_fs_faq__content\">\n\t\t\t\t\n\n<p>Igen, a szempillaspir\u00e1l m\u00e1s sz\u00ednekben is kaphat\u00f3, p\u00e9ld\u00e1ul barna vagy k\u00e9k sz\u00ednben. Az, hogy melyik sz\u00edn illik hozz\u00e1d a legjobban, a b\u0151rt\u00edpusodt\u00f3l \u00e9s a szemed sz\u00edn\u00e9t\u0151l f\u00fcgg. A barna k\u00fcl\u00f6n\u00f6sen a vil\u00e1gos b\u0151rt\u00edpushoz \u00e9s a k\u00e9k szemekhez, m\u00edg a k\u00e9k k\u00fcl\u00f6n\u00f6sen a z\u00f6ld vagy barna szemekhez illik.<\/p>\n\n\t\t\t<\/div>\n\t\t<\/div>\n\t\t<\/section>\n\t\t\n<script type=\"application\/ld+json\">{\n    \"@context\": \"https:\\\/\\\/schema.org\",\n    \"@type\": \"FAQPage\",\n    \"mainEntity\": [\n        {\n            \"@type\": \"Question\",\n            \"name\": \"Wie tr\\u00e4gt man Mascara am besten auf?\",\n            \"acceptedAnswer\": {\n                \"@type\": \"Answer\",\n                \"text\": \"<p>Mascara sollte immer in Zick-Zack-Bewegungen aufgetragen werden, um ein gleichm\\u00e4\\u00dfiges Ergebnis zu erzielen. Beginnen Sie am Ansatz und ziehen Sie die B\\u00fcrste dann langsam nach oben, um die Wimpern zu trennen und zu definieren. Wenn Sie mehr Volumen w\\u00fcnschen, k\\u00f6nnen Sie mehrere Schichten auftragen.<\\\/p>\"\n            }\n        },\n        {\n            \"@type\": \"Question\",\n            \"name\": \"Wie oft sollte man Mascara wechseln?\",\n            \"acceptedAnswer\": {\n                \"@type\": \"Answer\",\n                \"text\": \"<p>Mascara sollte alle drei bis sechs Monate gewechselt werden, um Bakterienbildung zu vermeiden. Wenn die Mascara trocken oder klumpig wird, sollten Sie sie jedoch sofort entsorgen.<\\\/p>\"\n            }\n        },\n        {\n            \"@type\": \"Question\",\n            \"name\": \"Kann man Mascara auch in anderen Farben als Schwarz kaufen?\",\n            \"acceptedAnswer\": {\n                \"@type\": \"Answer\",\n                \"text\": \"<p>Ja, Mascara gibt es auch in anderen Farben wie Braun oder Blau. Welche Farbe am besten zu Ihnen passt, h\\u00e4ngt von Ihrem Hauttyp und Ihrer Augenfarbe ab. Braun eignet sich besonders f\\u00fcr helle Hauttypen und blaue Augen, w\\u00e4hrend Blau besonders bei gr\\u00fcnen oder braunen Augen gut zur Geltung kommt.<\\\/p>\"\n            }\n        }\n    ]\n}<\/script>","protected":false},"excerpt":{"rendered":"<p>Die Top 7 Mascara &#8211; Ein Test in unserem Salon Mascara ist ein unverzichtbarer Bestandteil in der Schminkroutine vieler Frauen. [&hellip;]<\/p>","protected":false},"author":6,"featured_media":11777,"comment_status":"closed","ping_status":"open","sticky":false,"template":"","format":"standard","meta":{"ub_ctt_via":"","_uag_custom_page_level_css":"","site-sidebar-layout":"default","site-content-layout":"","ast-site-content-layout":"default","site-content-style":"default","site-sidebar-style":"default","ast-global-header-display":"","ast-banner-title-visibility":"","ast-main-header-display":"","ast-hfb-above-header-display":"","ast-hfb-below-header-display":"","ast-hfb-mobile-header-display":"","site-post-title":"","ast-breadcrumbs-content":"","ast-featured-img":"","footer-sml-layout":"","theme-transparent-header-meta":"","adv-header-id-meta":"","stick-header-meta":"","header-above-stick-meta":"","header-main-stick-meta":"","header-below-stick-meta":"","astra-migrate-meta-layouts":"set","ast-page-background-enabled":"default","ast-page-background-meta":{"desktop":{"background-color":"","background-image":"","background-repeat":"repeat","background-position":"center center","background-size":"auto","background-attachment":"scroll","background-type":"","background-media":"","overlay-type":"","overlay-color":"","overlay-opacity":"","overlay-gradient":""},"tablet":{"background-color":"","background-image":"","background-repeat":"repeat","background-position":"center center","background-size":"auto","background-attachment":"scroll","background-type":"","background-media":"","overlay-type":"","overlay-color":"","overlay-opacity":"","overlay-gradient":""},"mobile":{"background-color":"","background-image":"","background-repeat":"repeat","background-position":"center center","background-size":"auto","background-attachment":"scroll","background-type":"","background-media":"","overlay-type":"","overlay-color":"","overlay-opacity":"","overlay-gradient":""}},"ast-content-background-meta":{"desktop":{"background-color":"var(--ast-global-color-5)","background-image":"","background-repeat":"repeat","background-position":"center center","background-size":"auto","background-attachment":"scroll","background-type":"","background-media":"","overlay-type":"","overlay-color":"","overlay-opacity":"","overlay-gradient":""},"tablet":{"background-color":"var(--ast-global-color-5)","background-image":"","background-repeat":"repeat","background-position":"center center","background-size":"auto","background-attachment":"scroll","background-type":"","background-media":"","overlay-type":"","overlay-color":"","overlay-opacity":"","overlay-gradient":""},"mobile":{"background-color":"var(--ast-global-color-5)","background-image":"","background-repeat":"repeat","background-position":"center center","background-size":"auto","background-attachment":"scroll","background-type":"","background-media":"","overlay-type":"","overlay-color":"","overlay-opacity":"","overlay-gradient":""}},"footnotes":""},"categories":[6318],"tags":[],"class_list":["post-11705","post","type-post","status-publish","format-standard","has-post-thumbnail","hentry","category-kosmetik"],"featured_image_src":"https:\/\/arbuti.com\/wp-content\/uploads\/2023\/03\/Mascara.jpg","author_info":{"display_name":"A. Gladon","author_link":"https:\/\/arbuti.com\/hu\/author\/a-gladon\/"},"yoast_head":"<!-- This site is optimized with the Yoast SEO Premium plugin v25.3 (Yoast SEO v25.3) - https:\/\/yoast.com\/wordpress\/plugins\/seo\/ -->\n<title>Top 7 Mascara Test 2025! Welcher ist der beste?<\/title>\n<meta name=\"description\" content=\"Erfahren Sie in unserem Mascara-Test, welche Produkte \u00fcberzeugen konnten. Unser Sieger: Maybelline New York Lash Sensational Mascara. Lesen Sie jetzt mehr!\" \/>\n<meta name=\"robots\" content=\"index, follow, max-snippet:-1, max-image-preview:large, max-video-preview:-1\" \/>\n<link rel=\"canonical\" href=\"https:\/\/arbuti.com\/hu\/szempillaspiral\/\" \/>\n<meta property=\"og:locale\" content=\"hu_HU\" \/>\n<meta property=\"og:type\" content=\"article\" \/>\n<meta property=\"og:title\" content=\"Mascara\" \/>\n<meta property=\"og:description\" content=\"Die Top 7 Mascara - Ein Test in unserem Salon Mascara ist ein unverzichtbarer Bestandteil in der Schminkroutine vieler Frauen. Doch welche ist die beste\" \/>\n<meta property=\"og:url\" content=\"https:\/\/arbuti.com\/hu\/szempillaspiral\/\" \/>\n<meta property=\"og:site_name\" content=\"ARBUTI Hair Salon\" \/>\n<meta property=\"article:publisher\" content=\"https:\/\/www.facebook.com\/Arbutihairsalon\/\" \/>\n<meta property=\"article:published_time\" content=\"2023-03-23T13:01:10+00:00\" \/>\n<meta property=\"article:modified_time\" content=\"2025-06-23T12:25:27+00:00\" \/>\n<meta property=\"og:image\" content=\"https:\/\/arbuti.com\/wp-content\/uploads\/2023\/03\/Mascara.jpg\" \/>\n\t<meta property=\"og:image:width\" content=\"1200\" \/>\n\t<meta property=\"og:image:height\" content=\"934\" \/>\n\t<meta property=\"og:image:type\" content=\"image\/jpeg\" \/>\n<meta name=\"author\" content=\"A. Gladon\" \/>\n<meta name=\"twitter:card\" content=\"summary_large_image\" \/>\n<meta name=\"twitter:label1\" content=\"Szerz\u0151:\" \/>\n\t<meta name=\"twitter:data1\" content=\"A. Gladon\" \/>\n\t<meta name=\"twitter:label2\" content=\"Becs\u00fclt olvas\u00e1si id\u0151\" \/>\n\t<meta name=\"twitter:data2\" content=\"10 perc\" \/>\n<script type=\"application\/ld+json\" class=\"yoast-schema-graph\">{\"@context\":\"https:\/\/schema.org\",\"@graph\":[{\"@type\":\"Article\",\"@id\":\"https:\/\/arbuti.com\/mascara\/#article\",\"isPartOf\":{\"@id\":\"https:\/\/arbuti.com\/mascara\/\"},\"author\":{\"name\":\"A. Gladon\",\"@id\":\"https:\/\/arbuti.com\/fr\/#\/schema\/person\/619bba0ce387727cdcf0142253bad655\"},\"headline\":\"Mascara\",\"datePublished\":\"2023-03-23T13:01:10+00:00\",\"dateModified\":\"2025-06-23T12:25:27+00:00\",\"mainEntityOfPage\":{\"@id\":\"https:\/\/arbuti.com\/mascara\/\"},\"wordCount\":1487,\"publisher\":{\"@id\":\"https:\/\/arbuti.com\/fr\/#organization\"},\"image\":{\"@id\":\"https:\/\/arbuti.com\/mascara\/#primaryimage\"},\"thumbnailUrl\":\"https:\/\/arbuti.com\/wp-content\/uploads\/2023\/03\/Mascara.jpg\",\"articleSection\":[\"Kosmetik\"],\"inLanguage\":\"hu\"},{\"@type\":\"WebPage\",\"@id\":\"https:\/\/arbuti.com\/mascara\/\",\"url\":\"https:\/\/arbuti.com\/mascara\/\",\"name\":\"Top 7 Mascara Test 2025! Welcher ist der beste?\",\"isPartOf\":{\"@id\":\"https:\/\/arbuti.com\/fr\/#website\"},\"primaryImageOfPage\":{\"@id\":\"https:\/\/arbuti.com\/mascara\/#primaryimage\"},\"image\":{\"@id\":\"https:\/\/arbuti.com\/mascara\/#primaryimage\"},\"thumbnailUrl\":\"https:\/\/arbuti.com\/wp-content\/uploads\/2023\/03\/Mascara.jpg\",\"datePublished\":\"2023-03-23T13:01:10+00:00\",\"dateModified\":\"2025-06-23T12:25:27+00:00\",\"description\":\"Erfahren Sie in unserem Mascara-Test, welche Produkte \u00fcberzeugen konnten. Unser Sieger: Maybelline New York Lash Sensational Mascara. Lesen Sie jetzt mehr!\",\"breadcrumb\":{\"@id\":\"https:\/\/arbuti.com\/mascara\/#breadcrumb\"},\"inLanguage\":\"hu\",\"potentialAction\":[{\"@type\":\"ReadAction\",\"target\":[\"https:\/\/arbuti.com\/mascara\/\"]}]},{\"@type\":\"ImageObject\",\"inLanguage\":\"hu\",\"@id\":\"https:\/\/arbuti.com\/mascara\/#primaryimage\",\"url\":\"https:\/\/arbuti.com\/wp-content\/uploads\/2023\/03\/Mascara.jpg\",\"contentUrl\":\"https:\/\/arbuti.com\/wp-content\/uploads\/2023\/03\/Mascara.jpg\",\"width\":1200,\"height\":934,\"caption\":\"Mascara\"},{\"@type\":\"BreadcrumbList\",\"@id\":\"https:\/\/arbuti.com\/mascara\/#breadcrumb\",\"itemListElement\":[{\"@type\":\"ListItem\",\"position\":1,\"name\":\"ARBUTI\",\"item\":\"https:\/\/arbuti.com\/\"},{\"@type\":\"ListItem\",\"position\":2,\"name\":\"Kosmetik\",\"item\":\"https:\/\/arbuti.com\/fr\/categorie\/kosmetik\/\"},{\"@type\":\"ListItem\",\"position\":3,\"name\":\"Mascara\"}]},{\"@type\":\"WebSite\",\"@id\":\"https:\/\/arbuti.com\/fr\/#website\",\"url\":\"https:\/\/arbuti.com\/fr\/\",\"name\":\"ARBUTI Hair Salon\",\"description\":\"Friseur M\u00fcnchen\",\"publisher\":{\"@id\":\"https:\/\/arbuti.com\/fr\/#organization\"},\"alternateName\":\"ARBUTI\",\"potentialAction\":[{\"@type\":\"SearchAction\",\"target\":{\"@type\":\"EntryPoint\",\"urlTemplate\":\"https:\/\/arbuti.com\/fr\/?s={search_term_string}\"},\"query-input\":{\"@type\":\"PropertyValueSpecification\",\"valueRequired\":true,\"valueName\":\"search_term_string\"}}],\"inLanguage\":\"hu\"},{\"@type\":\"Organization\",\"@id\":\"https:\/\/arbuti.com\/fr\/#organization\",\"name\":\"ARBUTI Hair Salon\",\"alternateName\":\"ARBUTI\",\"url\":\"https:\/\/arbuti.com\/fr\/\",\"logo\":{\"@type\":\"ImageObject\",\"inLanguage\":\"hu\",\"@id\":\"https:\/\/arbuti.com\/fr\/#\/schema\/logo\/image\/\",\"url\":\"https:\/\/arbuti.com\/wp-content\/uploads\/2020\/04\/cropped-Arbuti-Friseur-Muenchen.jpg\",\"contentUrl\":\"https:\/\/arbuti.com\/wp-content\/uploads\/2020\/04\/cropped-Arbuti-Friseur-Muenchen.jpg\",\"width\":512,\"height\":512,\"caption\":\"ARBUTI Hair Salon\"},\"image\":{\"@id\":\"https:\/\/arbuti.com\/fr\/#\/schema\/logo\/image\/\"},\"sameAs\":[\"https:\/\/www.facebook.com\/Arbutihairsalon\/\",\"https:\/\/www.instagram.com\/arbutihairsalon\/\",\"https:\/\/www.pinterest.de\/arbutihairsalon\/arbuti-hair-salon\/\"]},{\"@type\":\"Person\",\"@id\":\"https:\/\/arbuti.com\/fr\/#\/schema\/person\/619bba0ce387727cdcf0142253bad655\",\"name\":\"A. Gladon\",\"image\":{\"@type\":\"ImageObject\",\"inLanguage\":\"hu\",\"@id\":\"https:\/\/arbuti.com\/fr\/#\/schema\/person\/image\/\",\"url\":\"https:\/\/secure.gravatar.com\/avatar\/01d0389447fdb53dfe70fcb247b9714b?s=96&d=mm&r=g\",\"contentUrl\":\"https:\/\/secure.gravatar.com\/avatar\/01d0389447fdb53dfe70fcb247b9714b?s=96&d=mm&r=g\",\"caption\":\"A. Gladon\"}}]}<\/script>\n<!-- \/ Yoast SEO Premium plugin. -->","yoast_head_json":{"title":"Top 7 Mascara Test 2025! Welcher ist der beste?","description":"Erfahren Sie in unserem Mascara-Test, welche Produkte \u00fcberzeugen konnten. Unser Sieger: Maybelline New York Lash Sensational Mascara. Lesen Sie jetzt mehr!","robots":{"index":"index","follow":"follow","max-snippet":"max-snippet:-1","max-image-preview":"max-image-preview:large","max-video-preview":"max-video-preview:-1"},"canonical":"https:\/\/arbuti.com\/hu\/szempillaspiral\/","og_locale":"hu_HU","og_type":"article","og_title":"Mascara","og_description":"Die Top 7 Mascara - Ein Test in unserem Salon Mascara ist ein unverzichtbarer Bestandteil in der Schminkroutine vieler Frauen. Doch welche ist die beste","og_url":"https:\/\/arbuti.com\/hu\/szempillaspiral\/","og_site_name":"ARBUTI Hair Salon","article_publisher":"https:\/\/www.facebook.com\/Arbutihairsalon\/","article_published_time":"2023-03-23T13:01:10+00:00","article_modified_time":"2025-06-23T12:25:27+00:00","og_image":[{"width":1200,"height":934,"url":"https:\/\/arbuti.com\/wp-content\/uploads\/2023\/03\/Mascara.jpg","type":"image\/jpeg"}],"author":"A. Gladon","twitter_card":"summary_large_image","twitter_misc":{"Szerz\u0151:":"A. Gladon","Becs\u00fclt olvas\u00e1si id\u0151":"10 perc"},"schema":{"@context":"https:\/\/schema.org","@graph":[{"@type":"Article","@id":"https:\/\/arbuti.com\/mascara\/#article","isPartOf":{"@id":"https:\/\/arbuti.com\/mascara\/"},"author":{"name":"A. Gladon","@id":"https:\/\/arbuti.com\/fr\/#\/schema\/person\/619bba0ce387727cdcf0142253bad655"},"headline":"Mascara","datePublished":"2023-03-23T13:01:10+00:00","dateModified":"2025-06-23T12:25:27+00:00","mainEntityOfPage":{"@id":"https:\/\/arbuti.com\/mascara\/"},"wordCount":1487,"publisher":{"@id":"https:\/\/arbuti.com\/fr\/#organization"},"image":{"@id":"https:\/\/arbuti.com\/mascara\/#primaryimage"},"thumbnailUrl":"https:\/\/arbuti.com\/wp-content\/uploads\/2023\/03\/Mascara.jpg","articleSection":["Kosmetik"],"inLanguage":"hu"},{"@type":"WebPage","@id":"https:\/\/arbuti.com\/mascara\/","url":"https:\/\/arbuti.com\/mascara\/","name":"Top 7 Mascara Test 2025! Welcher ist der beste?","isPartOf":{"@id":"https:\/\/arbuti.com\/fr\/#website"},"primaryImageOfPage":{"@id":"https:\/\/arbuti.com\/mascara\/#primaryimage"},"image":{"@id":"https:\/\/arbuti.com\/mascara\/#primaryimage"},"thumbnailUrl":"https:\/\/arbuti.com\/wp-content\/uploads\/2023\/03\/Mascara.jpg","datePublished":"2023-03-23T13:01:10+00:00","dateModified":"2025-06-23T12:25:27+00:00","description":"Erfahren Sie in unserem Mascara-Test, welche Produkte \u00fcberzeugen konnten. Unser Sieger: Maybelline New York Lash Sensational Mascara. Lesen Sie jetzt mehr!","breadcrumb":{"@id":"https:\/\/arbuti.com\/mascara\/#breadcrumb"},"inLanguage":"hu","potentialAction":[{"@type":"ReadAction","target":["https:\/\/arbuti.com\/mascara\/"]}]},{"@type":"ImageObject","inLanguage":"hu","@id":"https:\/\/arbuti.com\/mascara\/#primaryimage","url":"https:\/\/arbuti.com\/wp-content\/uploads\/2023\/03\/Mascara.jpg","contentUrl":"https:\/\/arbuti.com\/wp-content\/uploads\/2023\/03\/Mascara.jpg","width":1200,"height":934,"caption":"Mascara"},{"@type":"BreadcrumbList","@id":"https:\/\/arbuti.com\/mascara\/#breadcrumb","itemListElement":[{"@type":"ListItem","position":1,"name":"ARBUTI","item":"https:\/\/arbuti.com\/"},{"@type":"ListItem","position":2,"name":"Kosmetik","item":"https:\/\/arbuti.com\/fr\/categorie\/kosmetik\/"},{"@type":"ListItem","position":3,"name":"Mascara"}]},{"@type":"WebSite","@id":"https:\/\/arbuti.com\/fr\/#website","url":"https:\/\/arbuti.com\/fr\/","name":"ARBUTI Hair Salon","description":"Friseur M\u00fcnchen","publisher":{"@id":"https:\/\/arbuti.com\/fr\/#organization"},"alternateName":"ARBUTI","potentialAction":[{"@type":"SearchAction","target":{"@type":"EntryPoint","urlTemplate":"https:\/\/arbuti.com\/fr\/?s={search_term_string}"},"query-input":{"@type":"PropertyValueSpecification","valueRequired":true,"valueName":"search_term_string"}}],"inLanguage":"hu"},{"@type":"Organization","@id":"https:\/\/arbuti.com\/fr\/#organization","name":"ARBUTI Hair Salon","alternateName":"ARBUTI","url":"https:\/\/arbuti.com\/fr\/","logo":{"@type":"ImageObject","inLanguage":"hu","@id":"https:\/\/arbuti.com\/fr\/#\/schema\/logo\/image\/","url":"https:\/\/arbuti.com\/wp-content\/uploads\/2020\/04\/cropped-Arbuti-Friseur-Muenchen.jpg","contentUrl":"https:\/\/arbuti.com\/wp-content\/uploads\/2020\/04\/cropped-Arbuti-Friseur-Muenchen.jpg","width":512,"height":512,"caption":"ARBUTI Hair Salon"},"image":{"@id":"https:\/\/arbuti.com\/fr\/#\/schema\/logo\/image\/"},"sameAs":["https:\/\/www.facebook.com\/Arbutihairsalon\/","https:\/\/www.instagram.com\/arbutihairsalon\/","https:\/\/www.pinterest.de\/arbutihairsalon\/arbuti-hair-salon\/"]},{"@type":"Person","@id":"https:\/\/arbuti.com\/fr\/#\/schema\/person\/619bba0ce387727cdcf0142253bad655","name":"A. Gladon","image":{"@type":"ImageObject","inLanguage":"hu","@id":"https:\/\/arbuti.com\/fr\/#\/schema\/person\/image\/","url":"https:\/\/secure.gravatar.com\/avatar\/01d0389447fdb53dfe70fcb247b9714b?s=96&d=mm&r=g","contentUrl":"https:\/\/secure.gravatar.com\/avatar\/01d0389447fdb53dfe70fcb247b9714b?s=96&d=mm&r=g","caption":"A. Gladon"}}]}},"uagb_featured_image_src":{"full":["https:\/\/arbuti.com\/wp-content\/uploads\/2023\/03\/Mascara.jpg",1200,934,false],"thumbnail":["https:\/\/arbuti.com\/wp-content\/uploads\/2023\/03\/Mascara-150x150.jpg",150,150,true],"medium":["https:\/\/arbuti.com\/wp-content\/uploads\/2023\/03\/Mascara-300x234.jpg",300,234,true],"medium_large":["https:\/\/arbuti.com\/wp-content\/uploads\/2023\/03\/Mascara-768x598.jpg",768,598,true],"large":["https:\/\/arbuti.com\/wp-content\/uploads\/2023\/03\/Mascara-1024x797.jpg",1024,797,true],"1536x1536":["https:\/\/arbuti.com\/wp-content\/uploads\/2023\/03\/Mascara.jpg",1200,934,false],"2048x2048":["https:\/\/arbuti.com\/wp-content\/uploads\/2023\/03\/Mascara.jpg",1200,934,false],"trp-custom-language-flag":["https:\/\/arbuti.com\/wp-content\/uploads\/2023\/03\/Mascara-15x12.jpg",15,12,true],"wp_review_large":["https:\/\/arbuti.com\/wp-content\/uploads\/2023\/03\/Mascara-320x200.jpg",320,200,true],"wp_review_small":["https:\/\/arbuti.com\/wp-content\/uploads\/2023\/03\/Mascara-65x65.jpg",65,65,true]},"uagb_author_info":{"display_name":"A. Gladon","author_link":"https:\/\/arbuti.com\/hu\/author\/a-gladon\/"},"uagb_comment_info":0,"uagb_excerpt":"Die Top 7 Mascara &#8211; Ein Test in unserem Salon Mascara ist ein unverzichtbarer Bestandteil in der Schminkroutine vieler Frauen. [&hellip;]","_links":{"self":[{"href":"https:\/\/arbuti.com\/hu\/wp-json\/wp\/v2\/posts\/11705","targetHints":{"allow":["GET"]}}],"collection":[{"href":"https:\/\/arbuti.com\/hu\/wp-json\/wp\/v2\/posts"}],"about":[{"href":"https:\/\/arbuti.com\/hu\/wp-json\/wp\/v2\/types\/post"}],"author":[{"embeddable":true,"href":"https:\/\/arbuti.com\/hu\/wp-json\/wp\/v2\/users\/6"}],"replies":[{"embeddable":true,"href":"https:\/\/arbuti.com\/hu\/wp-json\/wp\/v2\/comments?post=11705"}],"version-history":[{"count":6,"href":"https:\/\/arbuti.com\/hu\/wp-json\/wp\/v2\/posts\/11705\/revisions"}],"predecessor-version":[{"id":14718,"href":"https:\/\/arbuti.com\/hu\/wp-json\/wp\/v2\/posts\/11705\/revisions\/14718"}],"wp:featuredmedia":[{"embeddable":true,"href":"https:\/\/arbuti.com\/hu\/wp-json\/wp\/v2\/media\/11777"}],"wp:attachment":[{"href":"https:\/\/arbuti.com\/hu\/wp-json\/wp\/v2\/media?parent=11705"}],"wp:term":[{"taxonomy":"category","embeddable":true,"href":"https:\/\/arbuti.com\/hu\/wp-json\/wp\/v2\/categories?post=11705"},{"taxonomy":"post_tag","embeddable":true,"href":"https:\/\/arbuti.com\/hu\/wp-json\/wp\/v2\/tags?post=11705"}],"curies":[{"name":"wp","href":"https:\/\/api.w.org\/{rel}","templated":true}]}}