{"id":6760,"date":"2021-01-22T10:50:47","date_gmt":"2021-01-22T10:50:47","guid":{"rendered":"https:\/\/arbuti.com\/?p=6760"},"modified":"2024-04-18T07:04:38","modified_gmt":"2024-04-18T07:04:38","slug":"haargel","status":"publish","type":"post","link":"https:\/\/arbuti.com\/fr\/gel-pour-cheveux\/","title":{"rendered":"Gel pour cheveux"},"content":{"rendered":"<h1 class=\"wp-block-heading has-text-align-center\" id=\"h-haargel-top-8\">Gel pour cheveux Top 8<\/h1>\n\n\n\n<p class=\"has-text-align-center\">Quel gel pour cheveux marque des points dans notre test ? Nous te pr\u00e9sentons les 8 meilleurs 2024 !<\/p>\n\n\n\n\n\n\n<figure class=\"wp-block-image aligncenter size-large is-resized\"><img loading=\"lazy\" decoding=\"async\" width=\"900\" height=\"700\" src=\"https:\/\/arbuti.com\/wp-content\/uploads\/2021\/01\/Haargel.jpg\" alt=\"Gel pour cheveux\" class=\"wp-image-6761\" style=\"aspect-ratio:1.2854077253218885;width:585px;height:auto\" srcset=\"https:\/\/arbuti.com\/wp-content\/uploads\/2021\/01\/Haargel.jpg 900w, https:\/\/arbuti.com\/wp-content\/uploads\/2021\/01\/Haargel-300x233.jpg 300w, https:\/\/arbuti.com\/wp-content\/uploads\/2021\/01\/Haargel-768x597.jpg 768w, https:\/\/arbuti.com\/wp-content\/uploads\/2021\/01\/Haargel-200x156.jpg 200w, https:\/\/arbuti.com\/wp-content\/uploads\/2021\/01\/Haargel-400x311.jpg 400w, https:\/\/arbuti.com\/wp-content\/uploads\/2021\/01\/Haargel-600x467.jpg 600w, https:\/\/arbuti.com\/wp-content\/uploads\/2021\/01\/Haargel-800x622.jpg 800w\" sizes=\"auto, (max-width: 900px) 100vw, 900px\" \/><\/figure>\n\n\n\n<h2 class=\"wp-block-heading\">Test du gel pour les cheveux<\/h2>\n\n\n\n<p>Le gel pour cheveux est un \u00e9ternel favori dans la vie quotidienne, car il permet de cr\u00e9er facilement les looks les plus divers. Mais aussi sur les podiums de ce monde, le produit coiffant f\u00eate son grand retour ! Alors qu'il s'agissait auparavant d'un produit principalement utilis\u00e9 par les hommes, de plus en plus de femmes soucieuses de leur style se tournent aujourd'hui vers le gel pour cheveux ! <\/p>\n\n\n\n<p>Que vous souhaitiez seulement accentuer certaines m\u00e8ches ou sections, ou que vous ayez envie d'un look compl\u00e8tement mouill\u00e9, le gel pour cheveux - utilis\u00e9 habilement - permet de cr\u00e9er une coiffure cool \u00e0 partir de chaque crini\u00e8re sauvage ! Et peu importe que vous ayez les cheveux longs ou courts. Il peut m\u00eame \u00eatre utilis\u00e9 \u00e0 bon escient sur les boucles. Puisque, comme toujours, l'abondance de produits coiffants sur le march\u00e9 nous submerge, nous vous pr\u00e9sentons ici dans notre test les 8 meilleurs gels et vous donnons \u00e9galement de pr\u00e9cieux conseils d'utilisation !<\/p>\n\n\n\n<div style=\"height:20px\" aria-hidden=\"true\" class=\"wp-block-spacer\"><\/div>\n\n\n\n<h2 class=\"wp-block-heading has-text-align-center has-text-color\" id=\"h-die-8-besten-haargels\" style=\"color:#436c73\">Les 8 meilleurs gels capillaires<\/h2>\n\n\n\n<div style=\"height:20px\" aria-hidden=\"true\" class=\"wp-block-spacer\"><\/div>\n\n\n\n<h3 class=\"wp-block-heading has-text-align-center\" id=\"h-1-platz-wella-wp-sculpt-force-flubber-gel\">1\u00e8re place : Wella WP Sculpt Force Flubber Gel<\/h3>\n\n\n\n<figure class=\"wp-block-image aligncenter size-large is-resized\"><a href=\"https:\/\/amzn.to\/41GGg8y\" target=\"_blank\" rel=\"nofollow noopener\"><img loading=\"lazy\" decoding=\"async\" width=\"650\" height=\"650\" src=\"https:\/\/arbuti.com\/wp-content\/uploads\/2021\/01\/Haargel-Test.jpg\" alt=\"Gel pour cheveux\" class=\"wp-image-6762\" style=\"width:369px;height:auto\" srcset=\"https:\/\/arbuti.com\/wp-content\/uploads\/2021\/01\/Haargel-Test.jpg 650w, https:\/\/arbuti.com\/wp-content\/uploads\/2021\/01\/Haargel-Test-300x300.jpg 300w, https:\/\/arbuti.com\/wp-content\/uploads\/2021\/01\/Haargel-Test-150x150.jpg 150w, https:\/\/arbuti.com\/wp-content\/uploads\/2021\/01\/Haargel-Test-65x65.jpg 65w, https:\/\/arbuti.com\/wp-content\/uploads\/2021\/01\/Haargel-Test-66x66.jpg 66w, https:\/\/arbuti.com\/wp-content\/uploads\/2021\/01\/Haargel-Test-200x200.jpg 200w, https:\/\/arbuti.com\/wp-content\/uploads\/2021\/01\/Haargel-Test-400x400.jpg 400w, https:\/\/arbuti.com\/wp-content\/uploads\/2021\/01\/Haargel-Test-600x600.jpg 600w\" sizes=\"auto, (max-width: 650px) 100vw, 650px\" \/><\/a><\/figure>\n\n\n\n<p>Notre coup de c\u0153ur : Nous adorons le gel Flubber Sculpt Force de Wella car il offre une tenue extr\u00eamement longue et ferme ! M\u00eame avec des styles tr\u00e8s d\u00e9finis, vous pouvez compter sur ce produit toute la journ\u00e9e ! De plus, la texture sophistiqu\u00e9e ne dess\u00e8che pas les cheveux. Et contrairement \u00e0 de nombreux autres produits de coiffure, ce gel capillaire offre \u00e9galement une protection fiable contre les dommages caus\u00e9s par les UV ! Lors de l'application, veillez \u00e0 travailler rapidement pour que le gel ne prenne pas pendant que vous l'appliquez ! Normalement, le gel est appliqu\u00e9 sur les cheveux secs. Cependant, si vous souhaitez obtenir un look filiforme, il est pr\u00e9f\u00e9rable de l'appliquer sur cheveux humides et de malaxer les sections de cheveux concern\u00e9es pour leur donner forme. Ce gel est parfait pour tous les types et toutes les longueurs de cheveux. Top !&nbsp;<\/p>\n\n\n\n<ul class=\"wp-block-list\">\n<li>Pour tous les types et toutes les longueurs de cheveux<\/li>\n\n\n\n<li>Protection contre les dommages caus\u00e9s par les UV<\/li>\n\n\n\n<li>Tient \u00e0 l'\u00e9preuve des bombes<\/li>\n<\/ul>\n\n\n\n<div class=\"wp-block-buttons is-layout-flex wp-block-buttons-is-layout-flex\">\n<div class=\"wp-block-button\"><a class=\"wp-block-button__link has-white-color has-text-color has-background no-border-radius wp-element-button\" href=\"https:\/\/amzn.to\/41GGg8y\" style=\"background-color:#4bc3bf\" target=\"_blank\" rel=\"nofollow noopener\">Amazon<\/a><\/div>\n<\/div>\n\n\n\n<hr class=\"wp-block-separator has-css-opacity is-style-wide\"\/>\n\n\n\n<div style=\"height:56px\" aria-hidden=\"true\" class=\"wp-block-spacer\"><\/div>\n\n\n\n<h3 class=\"wp-block-heading has-text-align-center\">2\u00e8me place : gel capillaire Goldwell Style Sign Lagoom Jam<\/h3>\n\n\n\n<figure class=\"wp-block-image aligncenter size-large is-resized\"><a href=\"https:\/\/amzn.to\/3SJHRq4\" target=\"_blank\" rel=\"nofollow noopener\"><img loading=\"lazy\" decoding=\"async\" width=\"650\" height=\"650\" src=\"https:\/\/arbuti.com\/wp-content\/uploads\/2021\/01\/Haargel-beste.jpg\" alt=\"Test du gel pour les cheveux\" class=\"wp-image-6763\" style=\"width:358px;height:auto\" srcset=\"https:\/\/arbuti.com\/wp-content\/uploads\/2021\/01\/Haargel-beste.jpg 650w, https:\/\/arbuti.com\/wp-content\/uploads\/2021\/01\/Haargel-beste-300x300.jpg 300w, https:\/\/arbuti.com\/wp-content\/uploads\/2021\/01\/Haargel-beste-150x150.jpg 150w, https:\/\/arbuti.com\/wp-content\/uploads\/2021\/01\/Haargel-beste-65x65.jpg 65w, https:\/\/arbuti.com\/wp-content\/uploads\/2021\/01\/Haargel-beste-66x66.jpg 66w, https:\/\/arbuti.com\/wp-content\/uploads\/2021\/01\/Haargel-beste-200x200.jpg 200w, https:\/\/arbuti.com\/wp-content\/uploads\/2021\/01\/Haargel-beste-400x400.jpg 400w, https:\/\/arbuti.com\/wp-content\/uploads\/2021\/01\/Haargel-beste-600x600.jpg 600w\" sizes=\"auto, (max-width: 650px) 100vw, 650px\" \/><\/a><\/figure>\n\n\n\n<p>Ce produit g\u00e9nial offre non seulement une tenue forte, mais aussi un volume sans limite ! Le gel capillaire s\u00e8che \u00e9galement tr\u00e8s rapidement et ne laisse aucun r\u00e9sidu ind\u00e9sirable dans les cheveux ! Pratique : Gr\u00e2ce \u00e0 la technologie sophistiqu\u00e9e de Goldwell, ce produit offre, selon le fabricant, en plus des nombreuses possibilit\u00e9s de coiffage, une protection suppl\u00e9mentaire de la couleur et de la chaleur des cheveux et assure ainsi la sant\u00e9 de vos cheveux ! Les ingr\u00e9dients sont tr\u00e8s pr\u00e9cieux : les polym\u00e8res coiffants enrichis en prot\u00e9ines de bambou donnent \u00e0 vos cheveux une tenue flexible et leur conf\u00e8rent une surface lisse et brillante ! Convient aux cheveux courts et longs ! Si vous en utilisez un peu plus, ce gel capillaire vous donne un look mouill\u00e9 parfait. Recommandation !&nbsp;<\/p>\n\n\n\n<ul class=\"wp-block-list\">\n<li>Tenue forte<\/li>\n\n\n\n<li>Volume illimit\u00e9<\/li>\n\n\n\n<li>Protection de la couleur et de la chaleur<\/li>\n<\/ul>\n\n\n\n<div class=\"wp-block-buttons is-layout-flex wp-block-buttons-is-layout-flex\">\n<div class=\"wp-block-button\"><a class=\"wp-block-button__link has-white-color has-text-color has-background no-border-radius wp-element-button\" href=\"https:\/\/amzn.to\/3SJHRq4\" style=\"background-color:#4bc3bf\" target=\"_blank\" rel=\"nofollow noopener\">Amazon<\/a><\/div>\n<\/div>\n\n\n\n<hr class=\"wp-block-separator has-css-opacity is-style-wide\"\/>\n\n\n\n<div style=\"height:56px\" aria-hidden=\"true\" class=\"wp-block-spacer\"><\/div>\n\n\n\n<h3 class=\"wp-block-heading has-text-align-center\">3\u00e8me place : Redken Brews Wax Pomade<\/h3>\n\n\n\n<figure class=\"wp-block-image aligncenter size-large is-resized\"><a href=\"https:\/\/amzn.to\/3SI0afz\" target=\"_blank\" rel=\"nofollow noopener\"><img loading=\"lazy\" decoding=\"async\" width=\"650\" height=\"650\" src=\"https:\/\/arbuti.com\/wp-content\/uploads\/2021\/01\/Pomade.jpg\" alt=\"Pomade\" class=\"wp-image-6764\" style=\"width:401px;height:auto\" srcset=\"https:\/\/arbuti.com\/wp-content\/uploads\/2021\/01\/Pomade.jpg 650w, https:\/\/arbuti.com\/wp-content\/uploads\/2021\/01\/Pomade-300x300.jpg 300w, https:\/\/arbuti.com\/wp-content\/uploads\/2021\/01\/Pomade-150x150.jpg 150w, https:\/\/arbuti.com\/wp-content\/uploads\/2021\/01\/Pomade-65x65.jpg 65w, https:\/\/arbuti.com\/wp-content\/uploads\/2021\/01\/Pomade-66x66.jpg 66w, https:\/\/arbuti.com\/wp-content\/uploads\/2021\/01\/Pomade-200x200.jpg 200w, https:\/\/arbuti.com\/wp-content\/uploads\/2021\/01\/Pomade-400x400.jpg 400w, https:\/\/arbuti.com\/wp-content\/uploads\/2021\/01\/Pomade-600x600.jpg 600w\" sizes=\"auto, (max-width: 650px) 100vw, 650px\" \/><\/a><\/figure>\n\n\n\n<p>Il ne s'agit pas d'un gel capillaire classique, mais d'une pommade - donc en termes de consistance, c'est plut\u00f4t une graisse ou une pommade ! Il a une texture l\u00e9g\u00e8rement plus l\u00e9g\u00e8re que le gel pour cheveux. Ainsi, il ne tue pas les cheveux, mais les entoure d\u00e9licatement et les fixe ainsi jusqu'aux pointes. Il apporte une l\u00e9g\u00e8re brillance, mais sans \u00eatre gras. Il est \u00e0 base d'eau et ne contient pas de substances nocives comme les silicones ou les parab\u00e8nes, ce qui le rend id\u00e9al pour les enfants. Il est donc id\u00e9al pour les enfants ! Il a \u00e9t\u00e9 enrichi de k\u00e9ratine nourrissante et de nombreuses prot\u00e9ines qui renforcent encore les cheveux. <a href=\"https:\/\/arbuti.com\/fr\/reconstituant-capillaire\/\">pousse des cheveux<\/a> stimuler et un cuir chevelu qui d\u00e9mange et <a href=\"https:\/\/arbuti.com\/fr\/shampooing-antipelliculaire\/\">Hangar<\/a> pr\u00e9venir ! Une autre bonne nouvelle est qu'il ne gomme pas du tout vos cheveux ! Il est parfait pour les hommes, car son parfum est assez masculin. Ce produit convient \u00e9galement aux cheveux particuli\u00e8rement \u00e9pais ou ondul\u00e9s.&nbsp;<\/p>\n\n\n\n<ul class=\"wp-block-list\">\n<li>Sans silicones ni parab\u00e8nes<\/li>\n\n\n\n<li>Regt <a href=\"https:\/\/arbuti.com\/fr\/reconstituant-capillaire\/\">Pousse des Cheveux<\/a> \u00e0<\/li>\n\n\n\n<li>Parfum masculin<\/li>\n<\/ul>\n\n\n\n<div class=\"wp-block-buttons is-layout-flex wp-block-buttons-is-layout-flex\">\n<div class=\"wp-block-button\"><a class=\"wp-block-button__link has-white-color has-text-color has-background no-border-radius wp-element-button\" href=\"https:\/\/amzn.to\/3SI0afz\" style=\"background-color:#4bc3bf\" target=\"_blank\" rel=\"nofollow noopener\">Amazon<\/a><\/div>\n<\/div>\n\n\n\n<hr class=\"wp-block-separator has-css-opacity is-style-wide\"\/>\n\n\n\n<div style=\"height:56px\" aria-hidden=\"true\" class=\"wp-block-spacer\"><\/div>\n\n\n\n<h3 class=\"wp-block-heading has-text-align-center\" id=\"h-4-platz-syoss-gel-max-hold\">4\u00e8me place : Syoss Gel Max Hold<\/h3>\n\n\n\n<figure class=\"wp-block-image aligncenter size-large is-resized\"><a href=\"https:\/\/amzn.to\/3KOOLsl\" target=\"_blank\" rel=\"nofollow noopener\"><img loading=\"lazy\" decoding=\"async\" width=\"650\" height=\"650\" src=\"https:\/\/arbuti.com\/wp-content\/uploads\/2021\/01\/syoss.jpg\" alt=\"Gel pour cheveux\" class=\"wp-image-6768\" style=\"width:332px;height:auto\" srcset=\"https:\/\/arbuti.com\/wp-content\/uploads\/2021\/01\/syoss.jpg 650w, https:\/\/arbuti.com\/wp-content\/uploads\/2021\/01\/syoss-300x300.jpg 300w, https:\/\/arbuti.com\/wp-content\/uploads\/2021\/01\/syoss-150x150.jpg 150w, https:\/\/arbuti.com\/wp-content\/uploads\/2021\/01\/syoss-65x65.jpg 65w, https:\/\/arbuti.com\/wp-content\/uploads\/2021\/01\/syoss-66x66.jpg 66w, https:\/\/arbuti.com\/wp-content\/uploads\/2021\/01\/syoss-200x200.jpg 200w, https:\/\/arbuti.com\/wp-content\/uploads\/2021\/01\/syoss-400x400.jpg 400w, https:\/\/arbuti.com\/wp-content\/uploads\/2021\/01\/syoss-600x600.jpg 600w\" sizes=\"auto, (max-width: 650px) 100vw, 650px\" \/><\/a><\/figure>\n\n\n\n<p>Si vous voulez que votre coiffure tienne toute la journ\u00e9e, optez pour le Syoss Gel Max Hold ! En effet, le gel pour les cheveux forme une matrice autour de tes cheveux qui assure une fixation tr\u00e8s forte - sans coller ! De plus, les cheveux sont extr\u00eamement faciles \u00e0 coiffer et \u00e0 modeler. En outre, le gel pour cheveux est facile \u00e0 brosser ou \u00e0 laver et ne laisse pas de r\u00e9sidus g\u00eanants ! Syoss est un produit de soins capillaires professionnel et on peut donc s'attendre \u00e0 un styling de salon en l'utilisant ! Il a une l\u00e9g\u00e8re note parfum\u00e9e qui n'est pas envahissante. Une recommandation de notre part !<\/p>\n\n\n\n<ul class=\"wp-block-list\">\n<li>Prise Megastrong<\/li>\n\n\n\n<li>Ne laisse aucun r\u00e9sidu<\/li>\n\n\n\n<li>Parfum l\u00e9ger et agr\u00e9able<\/li>\n<\/ul>\n\n\n\n<div class=\"wp-block-buttons is-layout-flex wp-block-buttons-is-layout-flex\">\n<div class=\"wp-block-button\"><a class=\"wp-block-button__link has-white-color has-text-color has-background no-border-radius wp-element-button\" href=\"https:\/\/amzn.to\/3KOOLsl\" style=\"background-color:#4bc3bf\" target=\"_blank\" rel=\"nofollow noopener\">Amazon<\/a><\/div>\n<\/div>\n\n\n\n<hr class=\"wp-block-separator has-css-opacity is-style-wide\"\/>\n\n\n\n<div style=\"height:56px\" aria-hidden=\"true\" class=\"wp-block-spacer\"><\/div>\n\n\n\n<h3 class=\"wp-block-heading has-text-align-center\" id=\"h-5-platz-schwarzkopf-got2b-gel-kleber\">5\u00e8me place : Schwarzkopf got2b Gel Glue<\/h3>\n\n\n\n<figure class=\"wp-block-image aligncenter size-large is-resized\"><a href=\"https:\/\/amzn.to\/3JaU58g\" target=\"_blank\" rel=\"nofollow noopener\"><img loading=\"lazy\" decoding=\"async\" width=\"650\" height=\"650\" src=\"https:\/\/arbuti.com\/wp-content\/uploads\/2021\/01\/schwarzkopf.jpg\" alt=\"Gel pour cheveux\" class=\"wp-image-6769\" style=\"width:318px;height:auto\" srcset=\"https:\/\/arbuti.com\/wp-content\/uploads\/2021\/01\/schwarzkopf.jpg 650w, https:\/\/arbuti.com\/wp-content\/uploads\/2021\/01\/schwarzkopf-300x300.jpg 300w, https:\/\/arbuti.com\/wp-content\/uploads\/2021\/01\/schwarzkopf-150x150.jpg 150w, https:\/\/arbuti.com\/wp-content\/uploads\/2021\/01\/schwarzkopf-65x65.jpg 65w, https:\/\/arbuti.com\/wp-content\/uploads\/2021\/01\/schwarzkopf-66x66.jpg 66w, https:\/\/arbuti.com\/wp-content\/uploads\/2021\/01\/schwarzkopf-200x200.jpg 200w, https:\/\/arbuti.com\/wp-content\/uploads\/2021\/01\/schwarzkopf-400x400.jpg 400w, https:\/\/arbuti.com\/wp-content\/uploads\/2021\/01\/schwarzkopf-600x600.jpg 600w\" sizes=\"auto, (max-width: 650px) 100vw, 650px\" \/><\/a><\/figure>\n\n\n\n<p>Le nom dit tout : ce gel capillaire agit vraiment comme une colle ! Lorsque vous l'appliquez, vos cheveux tiennent simplement comme du b\u00e9ton - et vraiment jusqu'\u00e0 ce que le shampooing vienne les laver \u00e0 nouveau. Le produit a m\u00eame \u00e9t\u00e9 test\u00e9 dans une soufflerie. Et rien n'a boug\u00e9 ! Ce b\u00e9tonneur est donc id\u00e9al pour un look de h\u00e9risson tueur : pour ce faire, humidifiez un peu vos pointes et tamponnez une goutte suppl\u00e9mentaire de la \"colle\" sur le dessus. L'effet est optimal lorsque ce gel est appliqu\u00e9 sur des cheveux humides. Les pointes verticales sont \u00e9galement faciles \u00e0 coiffer avec ce gel : il suffit de tirer le gel dans vos cheveux du bout des doigts et de le faire tourner un peu sur les pointes. Le gel est mat et sent tr\u00e8s bon. De plus, il est m\u00eame \u00e9tanche !&nbsp;<\/p>\n\n\n\n<ul class=\"wp-block-list\">\n<li>B\u00e9tonni\u00e8re crasseuse<\/li>\n\n\n\n<li>Pour le look h\u00e9risson et les pointes verticales<\/li>\n\n\n\n<li>Imperm\u00e9able \u00e0 l'eau<\/li>\n<\/ul>\n\n\n\n<div class=\"wp-block-buttons is-layout-flex wp-block-buttons-is-layout-flex\">\n<div class=\"wp-block-button\"><a class=\"wp-block-button__link has-white-color has-text-color has-background no-border-radius wp-element-button\" href=\"https:\/\/amzn.to\/3JaU58g\" style=\"background-color:#4bc3bf\" target=\"_blank\" rel=\"nofollow noopener\">Amazon<\/a><\/div>\n<\/div>\n\n\n\n<hr class=\"wp-block-separator has-css-opacity is-style-wide\"\/>\n\n\n\n<div style=\"height:56px\" aria-hidden=\"true\" class=\"wp-block-spacer\"><\/div>\n\n\n\n<h3 class=\"wp-block-heading has-text-align-center\" id=\"h-6-platz-ingrubar-haarstyling-gel\">6\u00e8me place : gel coiffant INGRUBAR<\/h3>\n\n\n\n<figure class=\"wp-block-image aligncenter size-large is-resized\"><a href=\"https:\/\/amzn.to\/2Y06QKi\" target=\"_blank\" rel=\"nofollow noopener\"><img loading=\"lazy\" decoding=\"async\" width=\"650\" height=\"650\" src=\"https:\/\/arbuti.com\/wp-content\/uploads\/2021\/01\/Styling-Gel.jpg\" alt=\"Gel coiffant\" class=\"wp-image-6766\" style=\"width:345px;height:auto\" srcset=\"https:\/\/arbuti.com\/wp-content\/uploads\/2021\/01\/Styling-Gel.jpg 650w, https:\/\/arbuti.com\/wp-content\/uploads\/2021\/01\/Styling-Gel-300x300.jpg 300w, https:\/\/arbuti.com\/wp-content\/uploads\/2021\/01\/Styling-Gel-150x150.jpg 150w, https:\/\/arbuti.com\/wp-content\/uploads\/2021\/01\/Styling-Gel-65x65.jpg 65w, https:\/\/arbuti.com\/wp-content\/uploads\/2021\/01\/Styling-Gel-66x66.jpg 66w, https:\/\/arbuti.com\/wp-content\/uploads\/2021\/01\/Styling-Gel-200x200.jpg 200w, https:\/\/arbuti.com\/wp-content\/uploads\/2021\/01\/Styling-Gel-400x400.jpg 400w, https:\/\/arbuti.com\/wp-content\/uploads\/2021\/01\/Styling-Gel-600x600.jpg 600w\" sizes=\"auto, (max-width: 650px) 100vw, 650px\" \/><\/a><\/figure>\n\n\n\n<p>Ce produit est une premi\u00e8re mondiale : non seulement il coiffe merveilleusement bien et tient bien, mais il lutte aussi efficacement contre la chute des cheveux ! Il soutient de mani\u00e8re totalement naturelle le <a href=\"https:\/\/arbuti.com\/fr\/reconstituant-capillaire\/\">pousse des cheveux<\/a> et prolonge ainsi la vie ! L'exc\u00e8s de cheveux tomb\u00e9s apr\u00e8s le shampooing dans la serviette appartient d\u00e9sormais au pass\u00e9 ! L'ingr\u00e9dient actif Sphingony est tout nouveau et procure m\u00eame des avantages naturels. <a href=\"https:\/\/arbuti.com\/fr\/epaississement-des-cheveux\/\">\u00c9paississement des cheveux<\/a> - Il nourrit \u00e9galement le cuir chevelu et stimule la formation d'\u00e9l\u00e9ments constitutifs importants tels que les prot\u00e9ines et les c\u00e9ramides. Le gel agit comme une cure sans rin\u00e7age - toute la journ\u00e9e ! Le gel coiffant contient \u00e9galement des extraits de plantes de haute qualit\u00e9 et est exempt de silicones, de f et de parab\u00e8nes. <\/p>\n\n\n\n<ul class=\"wp-block-list\">\n<li>Fort contre la perte de cheveux<\/li>\n\n\n\n<li>Sans silicones, sans produits \u00e0 base d'huile min\u00e9rale et sans parab\u00e8nes.<\/li>\n\n\n\n<li>Qualit\u00e9 de l'Autriche<\/li>\n<\/ul>\n\n\n\n<div class=\"wp-block-buttons is-layout-flex wp-block-buttons-is-layout-flex\">\n<div class=\"wp-block-button\"><a class=\"wp-block-button__link has-white-color has-text-color has-background no-border-radius wp-element-button\" href=\"https:\/\/amzn.to\/2Y06QKi\" style=\"background-color:#4bc3bf\" target=\"_blank\" rel=\"nofollow noopener\">Amazon<\/a><\/div>\n<\/div>\n\n\n\n<hr class=\"wp-block-separator has-css-opacity is-style-wide\"\/>\n\n\n\n<div style=\"height:56px\" aria-hidden=\"true\" class=\"wp-block-spacer\"><\/div>\n\n\n\n<h3 class=\"wp-block-heading has-text-align-center\" id=\"h-7-platz-sante-naturkosmetik-styling-gel\">7e place : Gel coiffant SANTE Natural Cosmetics<\/h3>\n\n\n\n<figure class=\"wp-block-image aligncenter size-large is-resized\"><a href=\"https:\/\/amzn.to\/3ob6GKG\" target=\"_blank\" rel=\"nofollow noopener\"><img loading=\"lazy\" decoding=\"async\" width=\"650\" height=\"650\" src=\"https:\/\/arbuti.com\/wp-content\/uploads\/2021\/01\/Haargel-Test-Neu.jpg\" alt=\"Test du gel pour les cheveux\" class=\"wp-image-6770\" style=\"width:314px;height:auto\" srcset=\"https:\/\/arbuti.com\/wp-content\/uploads\/2021\/01\/Haargel-Test-Neu.jpg 650w, https:\/\/arbuti.com\/wp-content\/uploads\/2021\/01\/Haargel-Test-Neu-300x300.jpg 300w, https:\/\/arbuti.com\/wp-content\/uploads\/2021\/01\/Haargel-Test-Neu-150x150.jpg 150w, https:\/\/arbuti.com\/wp-content\/uploads\/2021\/01\/Haargel-Test-Neu-65x65.jpg 65w, https:\/\/arbuti.com\/wp-content\/uploads\/2021\/01\/Haargel-Test-Neu-66x66.jpg 66w, https:\/\/arbuti.com\/wp-content\/uploads\/2021\/01\/Haargel-Test-Neu-200x200.jpg 200w, https:\/\/arbuti.com\/wp-content\/uploads\/2021\/01\/Haargel-Test-Neu-400x400.jpg 400w, https:\/\/arbuti.com\/wp-content\/uploads\/2021\/01\/Haargel-Test-Neu-600x600.jpg 600w\" sizes=\"auto, (max-width: 650px) 100vw, 650px\" \/><\/a><\/figure>\n\n\n\n<p>Ce produit cosm\u00e9tique naturel v\u00e9g\u00e9talien de la grande marque SANTE mod\u00e8le, fixe et hydrate en m\u00eame temps ! Des ingr\u00e9dients actifs de haute qualit\u00e9 tels que le sucre v\u00e9g\u00e9tal et l'extrait de feuille de bouleau biologique renforcent les cheveux et les nourrissent en m\u00eame temps. La base du cheveu est mieux aliment\u00e9e en sang et donc les racines des cheveux sont aliment\u00e9es de mani\u00e8re optimale. Ainsi, les cheveux sont renforc\u00e9s et aussi plus g\u00eanants. <a href=\"https:\/\/arbuti.com\/fr\/haarausfall\/\">Perte de cheveux<\/a> des combats ! Ce produit cosm\u00e9tique naturel certifi\u00e9 est sans gluten, v\u00e9g\u00e9talien et a \u00e9t\u00e9 produit sans silicones et sans huile min\u00e9rale ni paraffine. Il est \u00e9galement totalement exempt de tests sur les animaux ! Si vous voulez faire quelque chose de bien pour vos cheveux et avoir une coiffure parfaite en m\u00eame temps, ce gel est fortement recommand\u00e9. Convient \u00e0 tous les types de cheveux !&nbsp;<\/p>\n\n\n\n<ul class=\"wp-block-list\">\n<li>Sans silicones, huile min\u00e9rale et paraffine<\/li>\n\n\n\n<li>Vegan et sans animaux<\/li>\n\n\n\n<li>Fabriqu\u00e9 en Allemagne<\/li>\n<\/ul>\n\n\n\n<div class=\"wp-block-buttons is-layout-flex wp-block-buttons-is-layout-flex\">\n<div class=\"wp-block-button\"><a class=\"wp-block-button__link has-white-color has-text-color has-background no-border-radius wp-element-button\" href=\"https:\/\/amzn.to\/3ob6GKG\" style=\"background-color:#4bc3bf\" target=\"_blank\" rel=\"nofollow noopener\">Amazon<\/a><\/div>\n<\/div>\n\n\n\n<hr class=\"wp-block-separator has-css-opacity is-style-wide\"\/>\n\n\n\n<div style=\"height:56px\" aria-hidden=\"true\" class=\"wp-block-spacer\"><\/div>\n\n\n\n<h3 class=\"wp-block-heading has-text-align-center\">8e place : Gel capillaire LOGONA Natural Cosmetics<\/h3>\n\n\n\n<figure class=\"wp-block-image aligncenter size-large is-resized\"><a href=\"https:\/\/amzn.to\/365UW5Y\" target=\"_blank\" rel=\"nofollow noopener\"><img loading=\"lazy\" decoding=\"async\" width=\"650\" height=\"650\" src=\"https:\/\/arbuti.com\/wp-content\/uploads\/2021\/01\/Haargel-Test-01.jpg\" alt=\"Gel pour cheveux\" class=\"wp-image-6765\" style=\"width:352px;height:auto\" srcset=\"https:\/\/arbuti.com\/wp-content\/uploads\/2021\/01\/Haargel-Test-01.jpg 650w, https:\/\/arbuti.com\/wp-content\/uploads\/2021\/01\/Haargel-Test-01-300x300.jpg 300w, https:\/\/arbuti.com\/wp-content\/uploads\/2021\/01\/Haargel-Test-01-150x150.jpg 150w, https:\/\/arbuti.com\/wp-content\/uploads\/2021\/01\/Haargel-Test-01-65x65.jpg 65w, https:\/\/arbuti.com\/wp-content\/uploads\/2021\/01\/Haargel-Test-01-66x66.jpg 66w, https:\/\/arbuti.com\/wp-content\/uploads\/2021\/01\/Haargel-Test-01-200x200.jpg 200w, https:\/\/arbuti.com\/wp-content\/uploads\/2021\/01\/Haargel-Test-01-400x400.jpg 400w, https:\/\/arbuti.com\/wp-content\/uploads\/2021\/01\/Haargel-Test-01-600x600.jpg 600w\" sizes=\"auto, (max-width: 650px) 100vw, 650px\" \/><\/a><\/figure>\n\n\n\n<p>Vous cherchez un gel capillaire compos\u00e9 de 100% d'ingr\u00e9dients naturels ? Alors ce produit est fait pour vous : LOGONA, c'est 40 ans d'exp\u00e9rience dans les cosm\u00e9tiques naturels et une fabrication allemande ! La formule de coiffage de haute qualit\u00e9 \u00e0 l'extrait de bambou et de bouleau biologique ainsi qu'\u00e0 l'arginine renfor\u00e7ante donne \u00e0 vos cheveux une tenue flexible et les soigne intensivement ! Ce gel capillaire tr\u00e8s sp\u00e9cial prot\u00e8ge \u00e9galement contre le dess\u00e8chement. Il convient \u00e0 toutes les structures capillaires et les cheveux boucl\u00e9s obtiennent m\u00eame un nouveau rebond sans coller !&nbsp;<\/p>\n\n\n\n<ul class=\"wp-block-list\">\n<li>Un nouveau rebond pour les boucles<\/li>\n\n\n\n<li>Produits cosm\u00e9tiques naturels<\/li>\n\n\n\n<li>Fabriqu\u00e9 en Allemagne<\/li>\n<\/ul>\n\n\n\n<div class=\"wp-block-buttons is-layout-flex wp-block-buttons-is-layout-flex\">\n<div class=\"wp-block-button\"><a class=\"wp-block-button__link has-white-color has-text-color has-background no-border-radius wp-element-button\" href=\"https:\/\/amzn.to\/365UW5Y\" style=\"background-color:#4bc3bf\" target=\"_blank\" rel=\"nofollow noopener\">Amazon<\/a><\/div>\n<\/div>\n\n\n\n<hr class=\"wp-block-separator has-css-opacity is-style-wide\"\/>\n\n\n\n<div style=\"height:58px\" aria-hidden=\"true\" class=\"wp-block-spacer\"><\/div>\n\n\n\n<h2 class=\"wp-block-heading\">Qu'est-ce que le gel pour cheveux ?<\/h2>\n\n\n\n<p>Le gel capillaire est un agent de fixation populaire \u00e0 base d'eau ou d'alcool sous forme de gel. Il se compose principalement de polym\u00e8res filmog\u00e8nes qui s'enroulent autour du cheveu - contrairement au <a href=\"https:\/\/arbuti.com\/fr\/laque-pour-cheveux\/\">Hairspray<\/a>. Le gel pour cheveux existe en diff\u00e9rents degr\u00e9s de r\u00e9sistance : Selon le type de cheveux, ils peuvent devenir extr\u00eamement fermes et durs apr\u00e8s le s\u00e9chage. Avec certains gels capillaires, la brillance demeure ! Les produits \"wet look\", en particulier, permettent d'obtenir un effet qui donne l'impression que les cheveux sont mouill\u00e9s m\u00eame apr\u00e8s le s\u00e9chage. Le gel capillaire est principalement utilis\u00e9 pour les cheveux courts, mais parfois aussi pour les cheveux longs. Il soutient votre cr\u00e9ativit\u00e9 en mati\u00e8re de stylisme ! Un petit conseil 2en1 : en ce moment, il est absolument tendance que le gel capillaire prenne soin des cheveux et du cuir chevelu en m\u00eame temps !&nbsp;<\/p>\n\n\n\n<h2 class=\"wp-block-heading\">Conseils pour une coiffure au gel parfaite<\/h2>\n\n\n\n<p>La coiffure au gel est pratique car elle est rapide et, dans le meilleur des cas, elle dure toute la journ\u00e9e. Il permet de nombreux looks, du plus strict au plus \u00e9bouriff\u00e9. Mais l'application n'est pas toujours aussi facile. Si vous faites des erreurs, vous pouvez vous retrouver avec des plaques collantes inesth\u00e9tiques ou le r\u00e9sultat peut \u00eatre compromis par une tenue trop faible ou trop forte. C'est pourquoi nous vous donnons ici des conseils pour r\u00e9aliser la coiffure au gel parfaite !<\/p>\n\n\n\n<h3 class=\"wp-block-heading\" id=\"h-1-gute-vorbereitung\"><strong>1. une bonne pr\u00e9paration<\/strong><\/h3>\n\n\n\n<p>Comme toujours dans la vie, une bonne pr\u00e9paration est la moiti\u00e9 de la bataille ! Il en va de m\u00eame pour la coiffure au gel : la base id\u00e9ale est constitu\u00e9e par les cheveux fra\u00eechement lav\u00e9s et encore l\u00e9g\u00e8rement humides ou s\u00e9ch\u00e9s \u00e0 la serviette !&nbsp;<\/p>\n\n\n\n<h3 class=\"wp-block-heading\" id=\"h-2-die-dosis-macht-s\"><strong>2. La dose fait la diff\u00e9rence<\/strong><\/h3>\n\n\n\n<p>Le gel pour cheveux est g\u00e9n\u00e9ralement tr\u00e8s fort, vous devez donc en utiliser moins pour la plupart des styles. Toutefois, la quantit\u00e9 id\u00e9ale d\u00e9pend \u00e9galement de l'\u00e9paisseur et de la longueur de vos cheveux. Nous recommandons une portion de la taille d'une noisette ou d'une noix. Sauf pour les pointes extr\u00eames et le look h\u00e9risson : on peut en faire trop !<\/p>\n\n\n\n<h3 class=\"wp-block-heading\" id=\"h-3-gleichmassiges-auftragen-ist-wichtig\"><strong>3. m\u00eame l'application est importante<\/strong><\/h3>\n\n\n\n<p>Pour qu'il ne vienne pas \u00e0 certains endroits coller des touffes de cheveux, l'application m\u00eame du gel capillaire est extr\u00eamement importante ! De plus, il n'est pas recommand\u00e9 de mettre trop de gel sur les pointes, sinon elles seront alourdies. La seule exception ici est encore une fois les pointes ou le look h\u00e9risson. Mais pour les coiffures plus mod\u00e9r\u00e9es, il est recommand\u00e9 de r\u00e9partir le produit d'abord \u00e0 la racine, puis par la suite, lorsqu'il n'y a plus autant de gel sur les doigts, de passer aux pointes.&nbsp;<\/p>\n\n\n\n<h2 class=\"wp-block-heading\">Comment trouver le gel capillaire qui me convient ?<\/h2>\n\n\n\n<p>Le bon gel pour cheveux est absolument une question de type ! Si vous voulez trouver le gel id\u00e9al pour vous, vous devez absolument pr\u00eater attention \u00e0 votre type de cheveux. Car ce qui fonctionne parfaitement pour une personne peut \u00eatre extr\u00eamement contre-productif pour une autre. Voici nos recommandations pour les diff\u00e9rents types :<\/p>\n\n\n\n<h3 class=\"wp-block-heading\" id=\"h-dunnes-und-glattes-haar\"><strong>Cheveux fins et raides<\/strong><\/h3>\n\n\n\n<p>Nous vous recommandons ici d'utiliser un produit qui, au mieux, remplit visuellement la coiffure et la garde souple.&nbsp;<\/p>\n\n\n\n<h3 class=\"wp-block-heading\" id=\"h-glanzendes-haar-nbsp\"><strong>Cheveux brillants&nbsp;<\/strong><\/h3>\n\n\n\n<p>Les gels capillaires mats aux textures l\u00e9g\u00e8res sont recommand\u00e9s car sinon les cheveux pourraient rapidement para\u00eetre gras.&nbsp;<\/p>\n\n\n\n<h3 class=\"wp-block-heading\" id=\"h-kraftige-und-widerspenstige-haare\"><strong>Cheveux forts et indisciplin\u00e9s<\/strong><\/h3>\n\n\n\n<p>Une fixation extr\u00eamement forte est ici essentielle, car il faut d'abord dompter les cheveux. Les produits trop doux n'ont probablement aucune chance ici.&nbsp;<\/p>\n\n\n\n<h3 class=\"wp-block-heading\" id=\"h-sensible-kopfhaut\"><strong>Cuir chevelu sensible<\/strong><\/h3>\n\n\n\n<p>Veillez \u00e0 utiliser des produits sans parab\u00e8nes et sans lilial. Sinon, le cuir chevelu sera trop irrit\u00e9 et stress\u00e9 !<\/p>\n\n\n\n<div style=\"height:48px\" aria-hidden=\"true\" class=\"wp-block-spacer\"><\/div>\n\n\n\n<h2 class=\"wp-block-heading\">Des faits amusants sur le gel pour cheveux<\/h2>\n\n\n\n<p><strong>L'histoire du gel pour cheveux<\/strong><\/p>\n\n\n\n<p>Le gel pour cheveux a une longue histoire ! La preuve la plus ancienne de l'existence d'un produit ressemblant \u00e0 du gel pour les cheveux provient de l'homme de Clonycavan, un corps de tourbe irlandais datant d'environ 392 \u00e0 201 av. Ce gel \u00e9tait enti\u00e8rement naturel - un m\u00e9lange d'huiles et de r\u00e9sines de pin. Il est cependant tr\u00e8s difficile de d\u00e9terminer aujourd'hui dans quelle mesure le style a vraiment tenu le coup... \ud83d\ude42 ....&nbsp;<\/p>\n\n\n\n<p><strong>Gel pour cheveux \u00e0 manger<\/strong><\/p>\n\n\n\n<p>Autrefois, au lieu du gel pour cheveux, on utilisait de la graisse (sous forme de beurre ou de margarine), de la bi\u00e8re ou de l'eau sucr\u00e9e pour se coiffer. Miam !&nbsp;<\/p>\n\n\n\n<p><strong>Gel pour cheveux \u00e0 Harry Potter<\/strong><\/p>\n\n\n\n<p>Saviez-vous que Fleamont, le fils d'Henry Potter, le grand-p\u00e8re de Harry, a quadrupl\u00e9 la fortune familiale en inventant le \"gel capillaire soyeux\" ?    Hermione a d\u00e9couvert qu'il pouvait \u00eatre utilis\u00e9 pour dompter les boucles tr\u00e8s indisciplin\u00e9es en testant le produit dans le quatri\u00e8me tome ! \ud83d\ude42 .<\/p>\n\n\n\n<h2 class=\"wp-block-heading\" id=\"h-faq-fragen-und-antworten\">FAQ - Questions et r\u00e9ponses<\/h2>\n\n\n\t\t<section\t\tclass=\"sc_fs_faq sc_card\"\n\t\t\t\t>\n\t\t\t\t<h3>Puis-je s\u00e9cher au s\u00e8che-cheveux les cheveux fra\u00eechement g\u00e9lifi\u00e9s pour qu'ils s\u00e8chent plus vite ?<\/h3>\t\t\t\t<div>\n\t\t\t\t\t\t<div class=\"sc_fs_faq__content\">\n\t\t\t\t\n\n<p class=\"has-small-font-size\">Bien s\u00fbr. Mais mettez le <a href=\"https:\/\/arbuti.com\/fr\/foehn\/\">S\u00e8che-cheveux<\/a> de pr\u00e9f\u00e9rence sur un r\u00e9glage doux avec peu d'air. Vous ne voulez pas remodeler la coiffure tout de suite.<\/p>\n\n\t\t\t<\/div>\n\t\t<\/div>\n\t\t<\/section>\n\t\t\t\t<section\t\tclass=\"sc_fs_faq sc_card\"\n\t\t\t\t>\n\t\t\t\t<h3>Est-il important de se laver les cheveux le soir si j'ai eu beaucoup de gel dans les cheveux toute la journ\u00e9e ?<\/h3>\t\t\t\t<div>\n\t\t\t\t\t\t<div class=\"sc_fs_faq__content\">\n\t\t\t\t\n\n<p class=\"has-small-font-size\">Absolument. Si le gel reste dans les cheveux toute la nuit, il peut causer un stress extr\u00eame aux cheveux et au cuir chevelu. Pour que le<\/p>\n\n\t\t\t<\/div>\n\t\t<\/div>\n\t\t<\/section>\n\t\t\t\t<section\t\tclass=\"sc_fs_faq sc_card\"\n\t\t\t\t>\n\t\t\t\t<h3>L'utilisation de gel capillaire peut-elle entra\u00eener la chute des cheveux ?<\/h3>\t\t\t\t<div>\n\t\t\t\t\t\t<div class=\"sc_fs_faq__content\">\n\t\t\t\t\n\n<p class=\"has-small-font-size\">Si vous appliquez le gel non seulement sur les cheveux, mais aussi sur le cuir chevelu et que vous ne le rincez pas le soir, il bouchera les cheveux. <a href=\"https:\/\/arbuti.com\/fr\/depurateur-de-points-noirs\/\">Pores<\/a> et les cheveux ne peuvent plus recevoir suffisamment de nutriments et d'oxyg\u00e8ne. Cela peut en fait entra\u00eener une perte de cheveux. Si vous voulez \u00eatre s\u00fbr, nous vous recommandons d'utiliser un gel capillaire qui pr\u00e9vient \u00e9galement la chute des cheveux. Vous pouvez trouver les bons produits dans notre test !<\/p>\n\n\t\t\t<\/div>\n\t\t<\/div>\n\t\t<\/section>\n\t\t\t\t<section\t\tclass=\"sc_fs_faq sc_card\"\n\t\t\t\t>\n\t\t\t\t<h3>Quelle est la diff\u00e9rence entre le gel et la cire pour cheveux ?<\/h3>\t\t\t\t<div>\n\t\t\t\t\t\t<div class=\"sc_fs_faq__content\">\n\t\t\t\t\n\n<p class=\"has-small-font-size\">Il r\u00e9side dans la flexibilit\u00e9. Le gel pour cheveux se solidifie beaucoup plus rapidement et le style ne peut donc plus \u00eatre corrig\u00e9 aussi facilement par la suite. <a href=\"https:\/\/arbuti.com\/fr\/cire-pour-cheveux\/\">Cire pour cheveux<\/a> peut en revanche \u00eatre fa\u00e7onn\u00e9 \u00e0 chaque fois.<\/p>\n\n\t\t\t<\/div>\n\t\t<\/div>\n\t\t<\/section>\n\t\t\n<script type=\"application\/ld+json\">{\n    \"@context\": \"https:\\\/\\\/schema.org\",\n    \"@type\": \"FAQPage\",\n    \"mainEntity\": [\n        {\n            \"@type\": \"Question\",\n            \"name\": \"Kann ich die frisch gegelten Haare f\\u00f6hnen, damit sie schneller trocknen?\",\n            \"acceptedAnswer\": {\n                \"@type\": \"Answer\",\n                \"text\": \"<p>Klar. Aber stelle den F\\u00f6hn am besten auf eine sanfte Stufe mit wenig Luft. Du willst ja die Frisur nicht gleich wieder umformen.<\\\/p>\"\n            }\n        },\n        {\n            \"@type\": \"Question\",\n            \"name\": \"Ist es wichtig, die Haare abends zu waschen, wenn ich den ganzen Tag viel Gel in den Haaren hatte?\",\n            \"acceptedAnswer\": {\n                \"@type\": \"Answer\",\n                \"text\": \"<p>Auf jeden Fall. Wenn das Gel \\u00fcber Nacht im Haar bleibt, kann es dadurch Haar und Kopfhaut extrem strapazieren. Damit sich das<\\\/p>\"\n            }\n        },\n        {\n            \"@type\": \"Question\",\n            \"name\": \"Kann die Verwendung von Haargel Haarausfall verursachen?\",\n            \"acceptedAnswer\": {\n                \"@type\": \"Answer\",\n                \"text\": \"<p>Wenn du das Gel nicht nur auf das Haar, sondern auch auf die Kopfhaut auftr\\u00e4gst und abends nicht ausw\\u00e4scht, verstopft es die Poren und die Haare k\\u00f6nnen nicht mehr ausreichend mit N\\u00e4hrstoffen und Sauerstoff versorgt werden. Das kann tats\\u00e4chlich zu Haarausfall f\\u00fchren. Wenn du auf Nummer Sicher gehen willst, empfehlen wir dir, ein Haargel zu verwenden, das gleichzeitig Haarausfall verhindert. Die passenden Produkte findest du in unserem Test!<\\\/p>\"\n            }\n        },\n        {\n            \"@type\": \"Question\",\n            \"name\": \"Was ist der Unterschied zwischen Haargel und Haarwachs?\",\n            \"acceptedAnswer\": {\n                \"@type\": \"Answer\",\n                \"text\": \"<p>Er liegt in der Flexibilit\\u00e4t. Haargel wird wesentlich schneller fest und der Style kann daher nachtr\\u00e4glich nicht mehr so leicht korrigiert werden. Haarwachs kann hingegen immer wieder aufs Neue geformt werden.<\\\/p>\"\n            }\n        }\n    ]\n}<\/script>","protected":false},"excerpt":{"rendered":"<p>Haargel Top 8 Welches Haargel kann in unserem Test punkten? Wir zeigen dir die 8 besten 2024! Haargel Test Das [&hellip;]<\/p>","protected":false},"author":1,"featured_media":6761,"comment_status":"closed","ping_status":"open","sticky":false,"template":"","format":"standard","meta":{"ub_ctt_via":"","_uag_custom_page_level_css":"","site-sidebar-layout":"default","site-content-layout":"default","ast-site-content-layout":"default","site-content-style":"default","site-sidebar-style":"default","ast-global-header-display":"","ast-banner-title-visibility":"","ast-main-header-display":"","ast-hfb-above-header-display":"","ast-hfb-below-header-display":"","ast-hfb-mobile-header-display":"","site-post-title":"","ast-breadcrumbs-content":"","ast-featured-img":"","footer-sml-layout":"","theme-transparent-header-meta":"default","adv-header-id-meta":"","stick-header-meta":"default","header-above-stick-meta":"","header-main-stick-meta":"","header-below-stick-meta":"","astra-migrate-meta-layouts":"set","ast-page-background-enabled":"default","ast-page-background-meta":{"desktop":{"background-color":"","background-image":"","background-repeat":"repeat","background-position":"center center","background-size":"auto","background-attachment":"scroll","background-type":"","background-media":"","overlay-type":"","overlay-color":"","overlay-opacity":"","overlay-gradient":""},"tablet":{"background-color":"","background-image":"","background-repeat":"repeat","background-position":"center center","background-size":"auto","background-attachment":"scroll","background-type":"","background-media":"","overlay-type":"","overlay-color":"","overlay-opacity":"","overlay-gradient":""},"mobile":{"background-color":"","background-image":"","background-repeat":"repeat","background-position":"center center","background-size":"auto","background-attachment":"scroll","background-type":"","background-media":"","overlay-type":"","overlay-color":"","overlay-opacity":"","overlay-gradient":""}},"ast-content-background-meta":{"desktop":{"background-color":"var(--ast-global-color-5)","background-image":"","background-repeat":"repeat","background-position":"center center","background-size":"auto","background-attachment":"scroll","background-type":"","background-media":"","overlay-type":"","overlay-color":"","overlay-opacity":"","overlay-gradient":""},"tablet":{"background-color":"var(--ast-global-color-5)","background-image":"","background-repeat":"repeat","background-position":"center center","background-size":"auto","background-attachment":"scroll","background-type":"","background-media":"","overlay-type":"","overlay-color":"","overlay-opacity":"","overlay-gradient":""},"mobile":{"background-color":"var(--ast-global-color-5)","background-image":"","background-repeat":"repeat","background-position":"center center","background-size":"auto","background-attachment":"scroll","background-type":"","background-media":"","overlay-type":"","overlay-color":"","overlay-opacity":"","overlay-gradient":""}},"footnotes":""},"categories":[6322],"tags":[],"class_list":["post-6760","post","type-post","status-publish","format-standard","has-post-thumbnail","hentry","category-haarstyling"],"featured_image_src":"https:\/\/arbuti.com\/wp-content\/uploads\/2021\/01\/Haargel.jpg","author_info":{"display_name":"admin","author_link":"https:\/\/arbuti.com\/fr\/author\/admin\/"},"yoast_head":"<!-- This site is optimized with the Yoast SEO Premium plugin v25.3 (Yoast SEO v25.3) - https:\/\/yoast.com\/wordpress\/plugins\/seo\/ -->\n<title>Haargel Top 5: Test der besten 2024! Diese Haargels lieben Friseure!<\/title>\n<meta name=\"description\" content=\"Welche Haargel Produkte k\u00f6nnen in unserem Test punkten? Wir zeigen dir die Top 8 Produkte 2024! Auch wir in unserem Salon nutzen diese.\" \/>\n<meta name=\"robots\" content=\"index, follow, max-snippet:-1, max-image-preview:large, max-video-preview:-1\" \/>\n<link rel=\"canonical\" href=\"https:\/\/arbuti.com\/fr\/gel-pour-cheveux\/\" \/>\n<meta property=\"og:locale\" content=\"fr_FR\" \/>\n<meta property=\"og:type\" content=\"article\" \/>\n<meta property=\"og:title\" content=\"Haargel\" \/>\n<meta property=\"og:description\" content=\"Haargel Top 8 Welches Haargel kann in unserem Test punkten? Wir zeigen dir die 8 besten 2024! Haargel Test Das Haargel ist ein absoluter Dauerbrenner im\" \/>\n<meta property=\"og:url\" content=\"https:\/\/arbuti.com\/fr\/gel-pour-cheveux\/\" \/>\n<meta property=\"og:site_name\" content=\"ARBUTI Hair Salon\" \/>\n<meta property=\"article:publisher\" content=\"https:\/\/www.facebook.com\/Arbutihairsalon\/\" \/>\n<meta property=\"article:published_time\" content=\"2021-01-22T10:50:47+00:00\" \/>\n<meta property=\"article:modified_time\" content=\"2024-04-18T07:04:38+00:00\" \/>\n<meta property=\"og:image\" content=\"https:\/\/arbuti.com\/wp-content\/uploads\/2021\/01\/Haargel.jpg\" \/>\n\t<meta property=\"og:image:width\" content=\"900\" \/>\n\t<meta property=\"og:image:height\" content=\"700\" \/>\n\t<meta property=\"og:image:type\" content=\"image\/jpeg\" \/>\n<meta name=\"author\" content=\"admin\" \/>\n<meta name=\"twitter:card\" content=\"summary_large_image\" \/>\n<meta name=\"twitter:label1\" content=\"\u00c9crit par\" \/>\n\t<meta name=\"twitter:data1\" content=\"admin\" \/>\n\t<meta name=\"twitter:label2\" content=\"Dur\u00e9e de lecture estim\u00e9e\" \/>\n\t<meta name=\"twitter:data2\" content=\"13 minutes\" \/>\n<script type=\"application\/ld+json\" class=\"yoast-schema-graph\">{\"@context\":\"https:\/\/schema.org\",\"@graph\":[{\"@type\":\"Article\",\"@id\":\"https:\/\/arbuti.com\/haargel\/#article\",\"isPartOf\":{\"@id\":\"https:\/\/arbuti.com\/haargel\/\"},\"author\":{\"name\":\"admin\",\"@id\":\"https:\/\/arbuti.com\/fr\/#\/schema\/person\/d85bbf7b442ca0f812c3aa0ed9eece8f\"},\"headline\":\"Haargel\",\"datePublished\":\"2021-01-22T10:50:47+00:00\",\"dateModified\":\"2024-04-18T07:04:38+00:00\",\"mainEntityOfPage\":{\"@id\":\"https:\/\/arbuti.com\/haargel\/\"},\"wordCount\":2072,\"publisher\":{\"@id\":\"https:\/\/arbuti.com\/fr\/#organization\"},\"image\":{\"@id\":\"https:\/\/arbuti.com\/haargel\/#primaryimage\"},\"thumbnailUrl\":\"https:\/\/arbuti.com\/wp-content\/uploads\/2021\/01\/Haargel.jpg\",\"articleSection\":[\"Haarstyling\"],\"inLanguage\":\"fr-FR\"},{\"@type\":\"WebPage\",\"@id\":\"https:\/\/arbuti.com\/haargel\/\",\"url\":\"https:\/\/arbuti.com\/haargel\/\",\"name\":\"Haargel Top 5: Test der besten 2024! Diese Haargels lieben Friseure!\",\"isPartOf\":{\"@id\":\"https:\/\/arbuti.com\/fr\/#website\"},\"primaryImageOfPage\":{\"@id\":\"https:\/\/arbuti.com\/haargel\/#primaryimage\"},\"image\":{\"@id\":\"https:\/\/arbuti.com\/haargel\/#primaryimage\"},\"thumbnailUrl\":\"https:\/\/arbuti.com\/wp-content\/uploads\/2021\/01\/Haargel.jpg\",\"datePublished\":\"2021-01-22T10:50:47+00:00\",\"dateModified\":\"2024-04-18T07:04:38+00:00\",\"description\":\"Welche Haargel Produkte k\u00f6nnen in unserem Test punkten? Wir zeigen dir die Top 8 Produkte 2024! Auch wir in unserem Salon nutzen diese.\",\"breadcrumb\":{\"@id\":\"https:\/\/arbuti.com\/haargel\/#breadcrumb\"},\"inLanguage\":\"fr-FR\",\"potentialAction\":[{\"@type\":\"ReadAction\",\"target\":[\"https:\/\/arbuti.com\/haargel\/\"]}]},{\"@type\":\"ImageObject\",\"inLanguage\":\"fr-FR\",\"@id\":\"https:\/\/arbuti.com\/haargel\/#primaryimage\",\"url\":\"https:\/\/arbuti.com\/wp-content\/uploads\/2021\/01\/Haargel.jpg\",\"contentUrl\":\"https:\/\/arbuti.com\/wp-content\/uploads\/2021\/01\/Haargel.jpg\",\"width\":900,\"height\":700,\"caption\":\"Haargel\"},{\"@type\":\"BreadcrumbList\",\"@id\":\"https:\/\/arbuti.com\/haargel\/#breadcrumb\",\"itemListElement\":[{\"@type\":\"ListItem\",\"position\":1,\"name\":\"ARBUTI\",\"item\":\"https:\/\/arbuti.com\/\"},{\"@type\":\"ListItem\",\"position\":2,\"name\":\"Haarstyling\",\"item\":\"https:\/\/arbuti.com\/fr\/categorie\/haarstyling\/\"},{\"@type\":\"ListItem\",\"position\":3,\"name\":\"Haargel\"}]},{\"@type\":\"WebSite\",\"@id\":\"https:\/\/arbuti.com\/fr\/#website\",\"url\":\"https:\/\/arbuti.com\/fr\/\",\"name\":\"ARBUTI Hair Salon\",\"description\":\"Friseur M\u00fcnchen\",\"publisher\":{\"@id\":\"https:\/\/arbuti.com\/fr\/#organization\"},\"alternateName\":\"ARBUTI\",\"potentialAction\":[{\"@type\":\"SearchAction\",\"target\":{\"@type\":\"EntryPoint\",\"urlTemplate\":\"https:\/\/arbuti.com\/fr\/?s={search_term_string}\"},\"query-input\":{\"@type\":\"PropertyValueSpecification\",\"valueRequired\":true,\"valueName\":\"search_term_string\"}}],\"inLanguage\":\"fr-FR\"},{\"@type\":\"Organization\",\"@id\":\"https:\/\/arbuti.com\/fr\/#organization\",\"name\":\"ARBUTI Hair Salon\",\"alternateName\":\"ARBUTI\",\"url\":\"https:\/\/arbuti.com\/fr\/\",\"logo\":{\"@type\":\"ImageObject\",\"inLanguage\":\"fr-FR\",\"@id\":\"https:\/\/arbuti.com\/fr\/#\/schema\/logo\/image\/\",\"url\":\"https:\/\/arbuti.com\/wp-content\/uploads\/2020\/04\/cropped-Arbuti-Friseur-Muenchen.jpg\",\"contentUrl\":\"https:\/\/arbuti.com\/wp-content\/uploads\/2020\/04\/cropped-Arbuti-Friseur-Muenchen.jpg\",\"width\":512,\"height\":512,\"caption\":\"ARBUTI Hair Salon\"},\"image\":{\"@id\":\"https:\/\/arbuti.com\/fr\/#\/schema\/logo\/image\/\"},\"sameAs\":[\"https:\/\/www.facebook.com\/Arbutihairsalon\/\",\"https:\/\/www.instagram.com\/arbutihairsalon\/\",\"https:\/\/www.pinterest.de\/arbutihairsalon\/arbuti-hair-salon\/\"]},{\"@type\":\"Person\",\"@id\":\"https:\/\/arbuti.com\/fr\/#\/schema\/person\/d85bbf7b442ca0f812c3aa0ed9eece8f\",\"name\":\"admin\",\"image\":{\"@type\":\"ImageObject\",\"inLanguage\":\"fr-FR\",\"@id\":\"https:\/\/arbuti.com\/fr\/#\/schema\/person\/image\/\",\"url\":\"https:\/\/secure.gravatar.com\/avatar\/a5ca7376327017715559ffb9b376df51?s=96&d=mm&r=g\",\"contentUrl\":\"https:\/\/secure.gravatar.com\/avatar\/a5ca7376327017715559ffb9b376df51?s=96&d=mm&r=g\",\"caption\":\"admin\"}}]}<\/script>\n<!-- \/ Yoast SEO Premium plugin. -->","yoast_head_json":{"title":"Haargel Top 5: Test der besten 2024! Diese Haargels lieben Friseure!","description":"Welche Haargel Produkte k\u00f6nnen in unserem Test punkten? Wir zeigen dir die Top 8 Produkte 2024! Auch wir in unserem Salon nutzen diese.","robots":{"index":"index","follow":"follow","max-snippet":"max-snippet:-1","max-image-preview":"max-image-preview:large","max-video-preview":"max-video-preview:-1"},"canonical":"https:\/\/arbuti.com\/fr\/gel-pour-cheveux\/","og_locale":"fr_FR","og_type":"article","og_title":"Haargel","og_description":"Haargel Top 8 Welches Haargel kann in unserem Test punkten? Wir zeigen dir die 8 besten 2024! Haargel Test Das Haargel ist ein absoluter Dauerbrenner im","og_url":"https:\/\/arbuti.com\/fr\/gel-pour-cheveux\/","og_site_name":"ARBUTI Hair Salon","article_publisher":"https:\/\/www.facebook.com\/Arbutihairsalon\/","article_published_time":"2021-01-22T10:50:47+00:00","article_modified_time":"2024-04-18T07:04:38+00:00","og_image":[{"width":900,"height":700,"url":"https:\/\/arbuti.com\/wp-content\/uploads\/2021\/01\/Haargel.jpg","type":"image\/jpeg"}],"author":"admin","twitter_card":"summary_large_image","twitter_misc":{"\u00c9crit par":"admin","Dur\u00e9e de lecture estim\u00e9e":"13 minutes"},"schema":{"@context":"https:\/\/schema.org","@graph":[{"@type":"Article","@id":"https:\/\/arbuti.com\/haargel\/#article","isPartOf":{"@id":"https:\/\/arbuti.com\/haargel\/"},"author":{"name":"admin","@id":"https:\/\/arbuti.com\/fr\/#\/schema\/person\/d85bbf7b442ca0f812c3aa0ed9eece8f"},"headline":"Haargel","datePublished":"2021-01-22T10:50:47+00:00","dateModified":"2024-04-18T07:04:38+00:00","mainEntityOfPage":{"@id":"https:\/\/arbuti.com\/haargel\/"},"wordCount":2072,"publisher":{"@id":"https:\/\/arbuti.com\/fr\/#organization"},"image":{"@id":"https:\/\/arbuti.com\/haargel\/#primaryimage"},"thumbnailUrl":"https:\/\/arbuti.com\/wp-content\/uploads\/2021\/01\/Haargel.jpg","articleSection":["Haarstyling"],"inLanguage":"fr-FR"},{"@type":"WebPage","@id":"https:\/\/arbuti.com\/haargel\/","url":"https:\/\/arbuti.com\/haargel\/","name":"Haargel Top 5: Test der besten 2024! Diese Haargels lieben Friseure!","isPartOf":{"@id":"https:\/\/arbuti.com\/fr\/#website"},"primaryImageOfPage":{"@id":"https:\/\/arbuti.com\/haargel\/#primaryimage"},"image":{"@id":"https:\/\/arbuti.com\/haargel\/#primaryimage"},"thumbnailUrl":"https:\/\/arbuti.com\/wp-content\/uploads\/2021\/01\/Haargel.jpg","datePublished":"2021-01-22T10:50:47+00:00","dateModified":"2024-04-18T07:04:38+00:00","description":"Welche Haargel Produkte k\u00f6nnen in unserem Test punkten? Wir zeigen dir die Top 8 Produkte 2024! Auch wir in unserem Salon nutzen diese.","breadcrumb":{"@id":"https:\/\/arbuti.com\/haargel\/#breadcrumb"},"inLanguage":"fr-FR","potentialAction":[{"@type":"ReadAction","target":["https:\/\/arbuti.com\/haargel\/"]}]},{"@type":"ImageObject","inLanguage":"fr-FR","@id":"https:\/\/arbuti.com\/haargel\/#primaryimage","url":"https:\/\/arbuti.com\/wp-content\/uploads\/2021\/01\/Haargel.jpg","contentUrl":"https:\/\/arbuti.com\/wp-content\/uploads\/2021\/01\/Haargel.jpg","width":900,"height":700,"caption":"Haargel"},{"@type":"BreadcrumbList","@id":"https:\/\/arbuti.com\/haargel\/#breadcrumb","itemListElement":[{"@type":"ListItem","position":1,"name":"ARBUTI","item":"https:\/\/arbuti.com\/"},{"@type":"ListItem","position":2,"name":"Haarstyling","item":"https:\/\/arbuti.com\/fr\/categorie\/haarstyling\/"},{"@type":"ListItem","position":3,"name":"Haargel"}]},{"@type":"WebSite","@id":"https:\/\/arbuti.com\/fr\/#website","url":"https:\/\/arbuti.com\/fr\/","name":"ARBUTI Hair Salon","description":"Friseur M\u00fcnchen","publisher":{"@id":"https:\/\/arbuti.com\/fr\/#organization"},"alternateName":"ARBUTI","potentialAction":[{"@type":"SearchAction","target":{"@type":"EntryPoint","urlTemplate":"https:\/\/arbuti.com\/fr\/?s={search_term_string}"},"query-input":{"@type":"PropertyValueSpecification","valueRequired":true,"valueName":"search_term_string"}}],"inLanguage":"fr-FR"},{"@type":"Organization","@id":"https:\/\/arbuti.com\/fr\/#organization","name":"ARBUTI Hair Salon","alternateName":"ARBUTI","url":"https:\/\/arbuti.com\/fr\/","logo":{"@type":"ImageObject","inLanguage":"fr-FR","@id":"https:\/\/arbuti.com\/fr\/#\/schema\/logo\/image\/","url":"https:\/\/arbuti.com\/wp-content\/uploads\/2020\/04\/cropped-Arbuti-Friseur-Muenchen.jpg","contentUrl":"https:\/\/arbuti.com\/wp-content\/uploads\/2020\/04\/cropped-Arbuti-Friseur-Muenchen.jpg","width":512,"height":512,"caption":"ARBUTI Hair Salon"},"image":{"@id":"https:\/\/arbuti.com\/fr\/#\/schema\/logo\/image\/"},"sameAs":["https:\/\/www.facebook.com\/Arbutihairsalon\/","https:\/\/www.instagram.com\/arbutihairsalon\/","https:\/\/www.pinterest.de\/arbutihairsalon\/arbuti-hair-salon\/"]},{"@type":"Person","@id":"https:\/\/arbuti.com\/fr\/#\/schema\/person\/d85bbf7b442ca0f812c3aa0ed9eece8f","name":"admin","image":{"@type":"ImageObject","inLanguage":"fr-FR","@id":"https:\/\/arbuti.com\/fr\/#\/schema\/person\/image\/","url":"https:\/\/secure.gravatar.com\/avatar\/a5ca7376327017715559ffb9b376df51?s=96&d=mm&r=g","contentUrl":"https:\/\/secure.gravatar.com\/avatar\/a5ca7376327017715559ffb9b376df51?s=96&d=mm&r=g","caption":"admin"}}]}},"uagb_featured_image_src":{"full":["https:\/\/arbuti.com\/wp-content\/uploads\/2021\/01\/Haargel.jpg",900,700,false],"thumbnail":["https:\/\/arbuti.com\/wp-content\/uploads\/2021\/01\/Haargel-150x150.jpg",150,150,true],"medium":["https:\/\/arbuti.com\/wp-content\/uploads\/2021\/01\/Haargel-300x233.jpg",300,233,true],"medium_large":["https:\/\/arbuti.com\/wp-content\/uploads\/2021\/01\/Haargel-768x597.jpg",768,597,true],"large":["https:\/\/arbuti.com\/wp-content\/uploads\/2021\/01\/Haargel.jpg",900,700,false],"1536x1536":["https:\/\/arbuti.com\/wp-content\/uploads\/2021\/01\/Haargel.jpg",900,700,false],"2048x2048":["https:\/\/arbuti.com\/wp-content\/uploads\/2021\/01\/Haargel.jpg",900,700,false],"trp-custom-language-flag":["https:\/\/arbuti.com\/wp-content\/uploads\/2021\/01\/Haargel.jpg",15,12,false],"wp_review_large":["https:\/\/arbuti.com\/wp-content\/uploads\/2021\/01\/Haargel-320x200.jpg",320,200,true],"wp_review_small":["https:\/\/arbuti.com\/wp-content\/uploads\/2021\/01\/Haargel-65x65.jpg",65,65,true]},"uagb_author_info":{"display_name":"admin","author_link":"https:\/\/arbuti.com\/fr\/author\/admin\/"},"uagb_comment_info":0,"uagb_excerpt":"Haargel Top 8 Welches Haargel kann in unserem Test punkten? Wir zeigen dir die 8 besten 2024! Haargel Test Das [&hellip;]","_links":{"self":[{"href":"https:\/\/arbuti.com\/fr\/wp-json\/wp\/v2\/posts\/6760","targetHints":{"allow":["GET"]}}],"collection":[{"href":"https:\/\/arbuti.com\/fr\/wp-json\/wp\/v2\/posts"}],"about":[{"href":"https:\/\/arbuti.com\/fr\/wp-json\/wp\/v2\/types\/post"}],"author":[{"embeddable":true,"href":"https:\/\/arbuti.com\/fr\/wp-json\/wp\/v2\/users\/1"}],"replies":[{"embeddable":true,"href":"https:\/\/arbuti.com\/fr\/wp-json\/wp\/v2\/comments?post=6760"}],"version-history":[{"count":21,"href":"https:\/\/arbuti.com\/fr\/wp-json\/wp\/v2\/posts\/6760\/revisions"}],"predecessor-version":[{"id":13730,"href":"https:\/\/arbuti.com\/fr\/wp-json\/wp\/v2\/posts\/6760\/revisions\/13730"}],"wp:featuredmedia":[{"embeddable":true,"href":"https:\/\/arbuti.com\/fr\/wp-json\/wp\/v2\/media\/6761"}],"wp:attachment":[{"href":"https:\/\/arbuti.com\/fr\/wp-json\/wp\/v2\/media?parent=6760"}],"wp:term":[{"taxonomy":"category","embeddable":true,"href":"https:\/\/arbuti.com\/fr\/wp-json\/wp\/v2\/categories?post=6760"},{"taxonomy":"post_tag","embeddable":true,"href":"https:\/\/arbuti.com\/fr\/wp-json\/wp\/v2\/tags?post=6760"}],"curies":[{"name":"wp","href":"https:\/\/api.w.org\/{rel}","templated":true}]}}