{"id":8243,"date":"2021-03-11T09:01:11","date_gmt":"2021-03-11T09:01:11","guid":{"rendered":"https:\/\/arbuti.com\/?p=8243"},"modified":"2023-01-17T12:04:51","modified_gmt":"2023-01-17T12:04:51","slug":"kreisrunder-haarausfall","status":"publish","type":"post","link":"https:\/\/arbuti.com\/fi\/pyoereae-hiustenlaehtoe\/","title":{"rendered":"Py\u00f6re\u00e4 hiustenl\u00e4ht\u00f6"},"content":{"rendered":"<h1 class=\"has-text-align-center wp-block-heading\" id=\"h-kreisrunder-haarausfall-alles-was-sie-wissen-m-ssen-alopecia-areata\">Py\u00f6re\u00e4 hiustenl\u00e4ht\u00f6: kaikki mit\u00e4 sinun tarvitsee tiet\u00e4\u00e4. \"Alopecia Areata\"<\/h1>\n\n\n\n<p class=\"has-text-align-center\">Py\u00f6re\u00e4 hiustenl\u00e4ht\u00f6, jota kutsutaan my\u00f6s alopecia areataksi, on tila: T\u00e4ss\u00e4 ovat syyt, oireet ja diagnoosi.<\/p>\n\n\n\n<figure class=\"wp-block-image aligncenter size-large is-resized\"><img loading=\"lazy\" decoding=\"async\" src=\"https:\/\/arbuti.com\/wp-content\/uploads\/2021\/03\/Kreisrunder-Haarausfall.jpg\" alt=\"Py\u00f6re\u00e4 hiustenl\u00e4ht\u00f6\" class=\"wp-image-8245\" width=\"561\" height=\"436\" srcset=\"https:\/\/arbuti.com\/wp-content\/uploads\/2021\/03\/Kreisrunder-Haarausfall.jpg 1000w, https:\/\/arbuti.com\/wp-content\/uploads\/2021\/03\/Kreisrunder-Haarausfall-300x233.jpg 300w, https:\/\/arbuti.com\/wp-content\/uploads\/2021\/03\/Kreisrunder-Haarausfall-768x598.jpg 768w\" sizes=\"auto, (max-width: 561px) 100vw, 561px\" \/><\/figure>\n\n\n\n<h2 class=\"wp-block-heading\">Mik\u00e4 on py\u00f6re\u00e4 hiustenl\u00e4ht\u00f6?<\/h2>\n\n\n\n<p>Py\u00f6re\u00e4ss\u00e4 hiustenl\u00e4hd\u00f6ss\u00e4 eli alopecia areatassa hiukset putoavat pienin\u00e4 laikkuina, jotka saattavat j\u00e4\u00e4d\u00e4 huomaamatta. N\u00e4m\u00e4 laikut voivat kuitenkin sulautua yhteen ja muuttua huomattaviksi. Tila kehittyy, kun immuunij\u00e4rjestelm\u00e4 hy\u00f6kk\u00e4\u00e4 karvatupen kimppuun, mik\u00e4 johtaa hiustenl\u00e4ht\u00f6\u00f6n.<\/p>\n\n\n\n<p>\u00c4killist\u00e4 hiustenl\u00e4ht\u00f6\u00e4 voi esiinty\u00e4 p\u00e4\u00e4nahassa ja joissakin tapauksissa my\u00f6s kulmakarvoissa, silm\u00e4ripsiss\u00e4 ja kasvoissa sek\u00e4 muissa kehon osissa. Se voi my\u00f6s kehitty\u00e4 hitaasti ja ilmaantua uudelleen vuosien kuluttua.<\/p>\n\n\n\n<p>Tila voi johtaa t\u00e4ydelliseen hiustenl\u00e4ht\u00f6\u00f6n, jota kutsutaan yleiseksi hiustenl\u00e4ht\u00f6ksi (alopecia universalis), ja se voi est\u00e4\u00e4 hiusten uusiutumisen. Kun hiukset kasvavat takaisin, ne voivat pudota uudelleen. Hiustenl\u00e4ht\u00f6 ja hiusten uusiutuminen vaihtelevat henkil\u00f6itt\u00e4in.<\/p>\n\n\n\n<p>T\u00e4ll\u00e4 hetkell\u00e4 alopecia areataa ei voida parantaa. On kuitenkin olemassa hoitoja, jotka voivat auttaa hiuksia kasvamaan takaisin nopeammin ja ehk\u00e4ist\u00e4 tulevaa hiustenl\u00e4ht\u00f6\u00e4, sek\u00e4 ainutlaatuisia tapoja peitt\u00e4\u00e4 hiustenl\u00e4ht\u00f6. Lis\u00e4ksi on olemassa resursseja, jotka auttavat ihmisi\u00e4 selviytym\u00e4\u00e4n seuraavista ongelmista <a href=\"https:\/\/arbuti.com\/fi\/hiustenlaehtoe-stressi\/\">Stressi<\/a> hiustenl\u00e4ht\u00f6\u00f6n liittyen.<\/p>\n\n\n\n<h2 class=\"wp-block-heading\">Hoito<\/h2>\n\n\n\n<p>Hiustenl\u00e4ht\u00f6\u00f6n ei tunneta parannuskeinoa, mutta on olemassa hoitomuotoja, joita voit kokeilla hidastaaksesi tulevaa hiustenl\u00e4ht\u00f6\u00e4 tai kasvattaaksesi hiuksia nopeammin.<\/p>\n\n\n\n<p>Tilaa on vaikea ennustaa, joten voi olla tarpeen kokeilla ja erehty\u00e4, ennen kuin l\u00f6yd\u00e4t itsellesi sopivan l\u00e4\u00e4kkeen. Joillakin ihmisill\u00e4 hiustenl\u00e4ht\u00f6 voi pahentua jopa hoidon j\u00e4lkeen.<\/p>\n\n\n\n<h3 class=\"wp-block-heading\">L\u00e4\u00e4ketieteellinen hoito<\/h3>\n\n\n\n<p>Hiustenl\u00e4ht\u00f6\u00f6n ei tunneta parannuskeinoa, mutta on olemassa hoitomuotoja, joita voit kokeilla hidastaaksesi tulevaa hiustenl\u00e4ht\u00f6\u00e4 tai kasvattaaksesi hiuksia nopeammin.<\/p>\n\n\n\n<p>Tilaa on vaikea ennustaa, joten voi olla tarpeen kokeilla ja erehty\u00e4, ennen kuin l\u00f6yd\u00e4t itsellesi sopivan l\u00e4\u00e4kkeen. Joillakin ihmisill\u00e4 hiustenl\u00e4ht\u00f6 voi pahentua jopa hoidon j\u00e4lkeen.<\/p>\n\n\n\n<h4 class=\"wp-block-heading\">Paikalliset aineet<\/h4>\n\n\n\n<p>Voit hieroa p\u00e4\u00e4nahkaan l\u00e4\u00e4kkeit\u00e4 hiusten kasvun edist\u00e4miseksi. Saatavilla on useita l\u00e4\u00e4kkeit\u00e4, sek\u00e4 k\u00e4sikauppal\u00e4\u00e4kkeit\u00e4 ett\u00e4 reseptil\u00e4\u00e4kkeit\u00e4:<\/p>\n\n\n\n<ul class=\"wp-block-list\">\n<li>Minoksidiili (<a href=\"https:\/\/arbuti.com\/fi\/regaine\/\">Regaine<\/a>) on saatavilla ilman resepti\u00e4, ja sit\u00e4 levitet\u00e4\u00e4n kaksi kertaa p\u00e4iv\u00e4ss\u00e4 p\u00e4\u00e4nahkaan, kulmakarvoihin ja partaan. Se on suhteellisen turvallista, mutta tulosten n\u00e4kyminen voi kest\u00e4\u00e4 vuoden. On vain n\u00e4ytt\u00f6\u00e4 siit\u00e4, ett\u00e4 se on hy\u00f6dyllinen henkil\u00f6ille, joilla on rajallinen alopecia areata.<\/li>\n\n\n\n<li>Anthralin (Dritho scalp) on l\u00e4\u00e4ke, joka \u00e4rsytt\u00e4\u00e4 ihoa edist\u00e4\u00e4kseen hiusten uusiutumista.<\/li>\n\n\n\n<li>Kortikosteroidivoiteiden, kuten klobetatsolin (Impoyz), vaahtojen, voiteiden ja voiteiden ajatellaan toimivan v\u00e4hent\u00e4m\u00e4ll\u00e4 tulehdusta. <a href=\"https:\/\/arbuti.com\/fi\/karvatuppi\/\">Karvatuppi<\/a> ty\u00f6t\u00e4.<\/li>\n\n\n\n<li>Paikallinen immunoterapia on tekniikka, jossa iholle levitet\u00e4\u00e4n kemikaalia, kuten difenypronia, allergisen ihottuman laukaisemiseksi. Ihottuma, joka muistuttaa myrkkytammi, voi kehitty\u00e4 kuuden kuukauden kuluessa uuteen <a href=\"https:\/\/arbuti.com\/fi\/hiusten-korjaaja\/\">Hiusten Kasvatus<\/a> johtaa. Hoitoa on kuitenkin jatkettava kasvun yll\u00e4pit\u00e4miseksi.<\/li>\n<\/ul>\n\n\n\n<h4 class=\"wp-block-heading\">Injektiot<\/h4>\n\n\n\n<p>Steroidi-injektiot ovat yleinen vaihtoehto liev\u00e4n laikittaisen hiustenl\u00e4ht\u00f6isyyden hoitoon, jotta hiukset kasvaisivat uudelleen kaljuihin kohtiin. Pienet neulat ruiskuttavat steroidia sairaiden alueiden paljaaseen ihoon.<\/p>\n\n\n\n<p>Hoito on toistettava yhden tai kahden kuukauden v\u00e4lein hiusten uudelleen kasvattamiseksi. Se ei est\u00e4 uusien hiustenl\u00e4ht\u00f6jen syntymist\u00e4.<\/p>\n\n\n\n<h4 class=\"wp-block-heading\">Suun kautta annettavat hoidot<\/h4>\n\n\n\n<p>Kortisonitabletteja k\u00e4ytet\u00e4\u00e4n joskus laajaan hiustenl\u00e4ht\u00f6\u00f6n. Haittavaikutusten mahdollisuuden vuoksi sinun on kuitenkin keskusteltava t\u00e4st\u00e4 vaihtoehdosta l\u00e4\u00e4k\u00e4rin kanssa.<\/p>\n\n\n\n<p>Suun kautta otettavat immunosuppressantit, kuten metotreksaatti ja siklosporiini, ovat toinen vaihtoehto, jota voit kokeilla. Ne est\u00e4v\u00e4t immuunij\u00e4rjestelm\u00e4n vasteen, mutta ne voivat olla vaarallisia, koska ne voivat aiheuttaa haittavaikutuksia, kuten korkeaa verenpainetta, maksa- ja munuaisvaurioita sek\u00e4 lis\u00e4\u00e4ntynytt\u00e4 riski\u00e4 saada vakavia infektioita ja er\u00e4\u00e4nlaista sy\u00f6p\u00e4\u00e4 eli lymfoomaa.<\/p>\n\n\n\n<h4 class=\"wp-block-heading\">Valohoito<\/h4>\n\n\n\n<p>Valohoitoa kutsutaan my\u00f6s fotokemoterapiaksi tai valohoidoksi. Se on er\u00e4\u00e4nlainen s\u00e4teily, jossa k\u00e4ytet\u00e4\u00e4n psoraleeniksi kutsutun suun kautta otettavan l\u00e4\u00e4kkeen ja UV-valon yhdistelm\u00e4\u00e4.<\/p>\n\n\n\n<h2 class=\"wp-block-heading\">Luonnollinen hoito<\/h2>\n\n\n\n<p>Jotkut alopecia areataa sairastavat valitsevat vaihtoehtoisia hoitomuotoja sairauden hoitoon. N\u00e4it\u00e4 voivat olla:<\/p>\n\n\n\n<ul class=\"wp-block-list\">\n<li>Aromaterapia<\/li>\n\n\n\n<li>Akupunktio<\/li>\n\n\n\n<li>Mikroneulaus<\/li>\n\n\n\n<li>Probiootit<\/li>\n\n\n\n<li>Matalan tason laserhoito (LLLT)<\/li>\n\n\n\n<li><a href=\"https:\/\/arbuti.com\/fi\/hiusten-korjaaja\/\">Hiusten Kasvatus<\/a><\/li>\n\n\n\n<li>Vitamiinit, kuten sinkki ja <a href=\"https:\/\/arbuti.com\/fi\/biotiini-hiustenlaehtoe\/\">Biotiini<\/a><\/li>\n\n\n\n<li>Aloe Vera -juomat ja ajankohtaiset geelit<\/li>\n\n\n\n<li>Sipuli mehu hierotaan p\u00e4\u00e4nahkaan<\/li>\n\n\n\n<li>eteeriset \u00f6ljyt, kuten teepuu, rosmariini, laventeli ja piparminttu.<\/li>\n\n\n\n<li>muut \u00f6ljyt, kuten kookos-, risiini-, oliivi- ja jojoba\u00f6ljyt.<\/li>\n\n\n\n<li>\"Anti-inflammatorinen\" ruokavalio, joka tunnetaan my\u00f6s nimell\u00e4 \"autoimmuuniprotokolla\". T\u00e4m\u00e4 on rajoittava ruokavalio, joka sis\u00e4lt\u00e4\u00e4 p\u00e4\u00e4asiassa lihaa ja<\/li>\n\n\n\n<li>Vihanneksia ovat<\/li>\n\n\n\n<li>P\u00e4\u00e4nahan hieronta<\/li>\n\n\n\n<li>Kasviper\u00e4iset lis\u00e4ravinteet, kuten ginseng, vihre\u00e4 tee, kiinalainen hibiskus ja&nbsp;<a href=\"https:\/\/arbuti.com\/fi\/sahapalmu-hiustenlaehtoe\/\">Sahapalmetto<\/a><\/li>\n<\/ul>\n\n\n\n<p>Useimpia vaihtoehtoisia hoitomuotoja ei ole testattu kliinisiss\u00e4 tutkimuksissa, joten niiden tehoa hiustenl\u00e4hd\u00f6n hoidossa ei tunneta.<\/p>\n\n\n\n<p>Food and Drug Administration (FDA) ei my\u00f6sk\u00e4\u00e4n vaadi ravintolisien valmistajia todistamaan, ett\u00e4 niiden tuotteet ovat turvallisia. Joskus ravintolisien merkinn\u00f6iss\u00e4 olevat tiedot ovat ep\u00e4tarkkoja tai harhaanjohtavia. Keskustele aina l\u00e4\u00e4k\u00e4rin kanssa, ennen kuin kokeilet kasvi- tai vitamiinivalmisteita.<\/p>\n\n\n\n<p>Kunkin hoidon tehokkuus vaihtelee henkil\u00f6st\u00e4 toiseen. Jotkut ihmiset eiv\u00e4t tarvitse hoitoa, koska heid\u00e4n hiuksensa kasvavat takaisin itsest\u00e4\u00e4n. Joissakin tapauksissa tilanne ei kuitenkaan parane, vaikka he ovat kokeilleet kaikkia hoitovaihtoehtoja.<\/p>\n\n\n\n<p>Saatat joutua kokeilemaan useampaa kuin yht\u00e4 hoitokertaa havaitaksesi eron. Muista, ett\u00e4 hiusten uusiutuminen voi olla vain v\u00e4liaikaista. On mahdollista, ett\u00e4 hiukset kasvavat takaisin ja putoavat sitten uudelleen.<\/p>\n\n\n\n<h2 class=\"wp-block-heading\">Syyt py\u00f6re\u00e4 hiustenl\u00e4ht\u00f6<\/h2>\n\n\n\n<p>Py\u00f6re\u00e4 hiustenl\u00e4ht\u00f6 on autoimmuunisairaus. Autoimmuunisairaus syntyy, kun immuunij\u00e4rjestelm\u00e4 erehtyy pit\u00e4m\u00e4\u00e4n terveit\u00e4 soluja vieraina aineina. Normaalisti immuunij\u00e4rjestelm\u00e4 puolustaa kehoa vieraita tunkeutujia, kuten viruksia ja bakteereja, vastaan.<\/p>\n\n\n\n<p>Jos kuitenkin k\u00e4rsit py\u00f6re\u00e4st\u00e4 hiustenl\u00e4hd\u00f6st\u00e4, immuunij\u00e4rjestelm\u00e4si hy\u00f6kk\u00e4\u00e4 virheellisesti hiustuppaasi vastaan. Karvatupet ovat rakenteita, joista hiukset kasvavat. Karvatupet pienenev\u00e4t eiv\u00e4tk\u00e4 en\u00e4\u00e4 tuota hiuksia, mik\u00e4 johtaa hiustenl\u00e4ht\u00f6\u00f6n.<\/p>\n\n\n\n<p>Tutkijat eiv\u00e4t tied\u00e4 tarkkaa syyt\u00e4 t\u00e4h\u00e4n tilaan.<\/p>\n\n\n\n<p>Se on kuitenkin tavallisinta ihmisill\u00e4, joilla on suvussa muita autoimmuunisairauksia, kuten tyypin 1 diabetes tai nivelreuma. T\u00e4st\u00e4 syyst\u00e4 jotkut tutkijat ep\u00e4ilev\u00e4t, ett\u00e4 genetiikka voi vaikuttaa hiustenl\u00e4ht\u00f6\u00f6n.<\/p>\n\n\n\n<p>He uskovat my\u00f6s, ett\u00e4 tietyt ymp\u00e4rist\u00f6tekij\u00e4t ovat v\u00e4ltt\u00e4m\u00e4tt\u00f6mi\u00e4 alopecia areatan laukaisemiseksi ihmisill\u00e4, joilla on siihen geneettinen alttius.<\/p>\n\n\n\n<h2 class=\"wp-block-heading\">Py\u00f6re\u00e4n hiustenl\u00e4hd\u00f6n oireet<\/h2>\n\n\n\n<p>Py\u00f6re\u00e4n hiustenl\u00e4hd\u00f6n t\u00e4rkein oire on tietenkin hiustenl\u00e4ht\u00f6. Hiukset putoavat yleens\u00e4 pienin\u00e4 laikkuina p\u00e4\u00e4nahasta. N\u00e4m\u00e4 laikut ovat usein useita senttimetrej\u00e4 tai v\u00e4hemm\u00e4n.<\/p>\n\n\n\n<p>Hiustenl\u00e4ht\u00f6\u00e4 voi esiinty\u00e4 my\u00f6s muissa kasvojen osissa, kuten kulmakarvoissa, silm\u00e4ripsiss\u00e4 ja parrassa, sek\u00e4 muissa kehon osissa. Jotkut ihmiset menett\u00e4v\u00e4t hiuksia muutamasta paikasta. Toiset menett\u00e4v\u00e4t sen monissa paikoissa.<\/p>\n\n\n\n<p>Saatat ensin huomata hiustupsuja tyynyll\u00e4si tai suihkussa. Jos laastarit ovat takaraivossasi, joku voi osoittaa ne sinulle. Kuitenkin my\u00f6s muut terveydelliset olosuhteet voivat aiheuttaa hiusten putoamista samalla tavalla. Hiustenl\u00e4ht\u00f6\u00e4 ei yksin\u00e4\u00e4n k\u00e4ytet\u00e4 alopecia areatan diagnosointiin.<\/p>\n\n\n\n<p>Harvinaisissa tapauksissa joillakin ihmisill\u00e4 voi esiinty\u00e4 vakavampaa hiustenl\u00e4ht\u00f6\u00e4. T\u00e4m\u00e4 on yleens\u00e4 osoitus toisentyyppisest\u00e4 hiustenl\u00e4ht\u00f6taudista, kuten esim.<\/p>\n\n\n\n<ul class=\"wp-block-list\">\n<li>Alopecia totalis eli kaikkien hiusten katoaminen p\u00e4\u00e4nahasta.<\/li>\n\n\n\n<li>Alopecia universalis, eli kaikkien hiusten katoaminen koko kehosta.<\/li>\n<\/ul>\n\n\n\n<p>L\u00e4\u00e4k\u00e4rit saattavat v\u00e4ltt\u00e4\u00e4 termien \"totalis\" ja \"universalis\" k\u00e4ytt\u00f6\u00e4, koska jotkut ihmiset saattavat kokea jotain n\u00e4iden kahden v\u00e4lilt\u00e4. On mahdollista menett\u00e4\u00e4 kaikki hiukset k\u00e4sivarsista, jaloista ja p\u00e4\u00e4nahasta, mutta ei rintakeh\u00e4st\u00e4.<\/p>\n\n\n\n<p>Alopecia areataan liittyv\u00e4 hiustenl\u00e4ht\u00f6 on arvaamatonta, ja l\u00e4\u00e4k\u00e4rien ja tutkijoiden k\u00e4sityksen mukaan se n\u00e4ytt\u00e4\u00e4 olevan spontaania. Hiukset voivat kasvaa takaisin milloin tahansa ja pudota sitten uudelleen. Hiustenl\u00e4ht\u00f6 ja -kasvu vaihtelevat suuresti henkil\u00f6itt\u00e4in.<\/p>\n\n\n\n<h2 class=\"wp-block-heading\">Py\u00f6re\u00e4 hiustenl\u00e4ht\u00f6 miehill\u00e4<\/h2>\n\n\n\n<p>Alopecia areataa esiintyy sek\u00e4 miehill\u00e4 ett\u00e4 naisilla, mutta hiustenl\u00e4ht\u00f6 on todenn\u00e4k\u00f6isesti merkitt\u00e4v\u00e4mp\u00e4\u00e4 miehill\u00e4. Miehill\u00e4 on my\u00f6s todenn\u00e4k\u00f6isemmin suvussa esiintynyt hiustenl\u00e4ht\u00f6\u00e4.<\/p>\n\n\n\n<p>Miehill\u00e4 voi esiinty\u00e4 hiustenl\u00e4ht\u00f6\u00e4 sek\u00e4 kasvojen hiuksissa ett\u00e4 p\u00e4\u00e4nahassa, rintakeh\u00e4ss\u00e4 ja selk\u00e4karvoissa. Verrattuna miesten kaljuuntumiseen, jossa hiukset harvenevat v\u00e4hitellen, <a href=\"https:\/\/arbuti.com\/fi\/hiustenlaehtoeoen-johtavat-syyt\/\">Aiheuttaa hiustenl\u00e4ht\u00f6\u00e4<\/a> laikukas hiustenl\u00e4ht\u00f6 t\u00e4m\u00e4n tilan vuoksi.<\/p>\n\n\n\n<h2 class=\"wp-block-heading\">Py\u00f6re\u00e4 hiustenl\u00e4ht\u00f6 naisilla<\/h2>\n\n\n\n<p>Naisilla esiintyy hiustenl\u00e4ht\u00f6\u00e4 useammin kuin miehill\u00e4, mutta ei ole selv\u00e4\u00e4, miksi. Hiustenl\u00e4ht\u00f6\u00e4 voi esiinty\u00e4 sek\u00e4 p\u00e4\u00e4nahassa ett\u00e4 kulmakarvoissa ja silm\u00e4ripseiss\u00e4.<\/p>\n\n\n\n<p>Toisin kuin naisten hiustenl\u00e4ht\u00f6, joka on hiusten asteittaista ohenemista laajalla alueella, py\u00f6re\u00e4 hiustenl\u00e4ht\u00f6 voi rajoittua pienelle alueelle. Hiustenl\u00e4ht\u00f6 voi tapahtua my\u00f6s kerralla. Alue voi v\u00e4hitellen laajentua, mik\u00e4 lis\u00e4\u00e4 hiustenl\u00e4ht\u00f6\u00e4.<\/p>\n\n\n\n<h2 class=\"wp-block-heading\">Py\u00f6re\u00e4 hiustenl\u00e4ht\u00f6 lapsilla<\/h2>\n\n\n\n<p>Lapsille voi kehitty\u00e4 py\u00f6re\u00e4 hiustenl\u00e4ht\u00f6. Itse asiassa useimmat t\u00e4t\u00e4 sairautta sairastavat kokevat ensimm\u00e4isen hiustenl\u00e4hd\u00f6n ennen 30 ik\u00e4vuotta.<\/p>\n\n\n\n<p>Vaikka alopecia areatalla on perinn\u00f6llinen komponentti, t\u00e4t\u00e4 sairautta sairastavat vanhemmat eiv\u00e4t aina siirr\u00e4 sit\u00e4 lapsilleen. Vastaavasti lapsilla, joilla on t\u00e4m\u00e4ntyyppinen hiustenl\u00e4ht\u00f6, ei v\u00e4ltt\u00e4m\u00e4tt\u00e4 ole vanhempaa, jolla on hiustenl\u00e4ht\u00f6.<\/p>\n\n\n\n<p>Hiustenl\u00e4hd\u00f6n lis\u00e4ksi lapsilla voi olla kynsivikoja, kuten kuoppia tai vaurioita. T\u00e4m\u00e4 lis\u00e4oire voi esiinty\u00e4 my\u00f6s aikuisilla, mutta se on yleisempi lapsilla.<\/p>\n\n\n\n<p>National Alopecia Areata -j\u00e4rjest\u00f6n mukaan <a href=\"https:\/\/arbuti.com\/fi\/saeaetioe\/\">S\u00e4\u00e4ti\u00f6<\/a> Alle 5-vuotiailla lapsilla ei yleens\u00e4 ole juurikaan emotionaalisia vaikutuksia hiustenl\u00e4ht\u00f6\u00f6n. Viiden vuoden i\u00e4n j\u00e4lkeen hiustenl\u00e4ht\u00f6 voi kuitenkin olla traumaattinen pienille lapsille, kun he huomaavat, miten he eroavat muista.<\/p>\n\n\n\n<p>Jos lapsesi vaikuttaa stressaantuneelta tai masentuneelta, pyyd\u00e4 lastenl\u00e4\u00e4k\u00e4ri\u00e4 suosittelemaan neuvonantajaa, jolla on kokemusta lasten kanssa.<\/p>\n\n\n\n<h2 class=\"wp-block-heading\">Laji<\/h2>\n\n\n\n<p>On olemassa erilaisia py\u00f6reit\u00e4 hiustenl\u00e4ht\u00f6tapoja. Kullekin tyypille on ominaista hiustenl\u00e4hd\u00f6n laajuus ja muut mahdolliset oireet. Kunkin tyypin hoito ja ennuste voi my\u00f6s olla hieman erilainen.<\/p>\n\n\n\n<h3 class=\"wp-block-heading\">Alopecia areata (hajanainen)<\/h3>\n\n\n\n<p>T\u00e4m\u00e4n tyyppisen py\u00f6re\u00e4n hiustenl\u00e4hd\u00f6n p\u00e4\u00e4piirre on yksi tai useampi kolikon kokoinen hiustenl\u00e4isk\u00e4 iholla tai vartalolla. Jos t\u00e4m\u00e4 tila laajenee, siit\u00e4 voi tulla alopecia totalis tai alopecia universalis.<\/p>\n\n\n\n<h3 class=\"wp-block-heading\">Alopecia totalis<\/h3>\n\n\n\n<p>Alopecia totalis tarkoittaa hiustenl\u00e4ht\u00f6\u00e4 koko p\u00e4\u00e4nahasta.<\/p>\n\n\n\n<h3 class=\"wp-block-heading\">Alopecia universalis<\/h3>\n\n\n\n<p>T\u00e4m\u00e4ntyyppist\u00e4 hiustenl\u00e4ht\u00f6\u00e4 sairastavat eiv\u00e4t menet\u00e4 hiuksia ainoastaan p\u00e4\u00e4nahasta, vaan my\u00f6s kaikki kasvojen hiukset - kulmakarvat ja ripset. On my\u00f6s mahdollista menett\u00e4\u00e4 muita kehon karvoja, kuten rinta-, selk\u00e4- ja h\u00e4pykarvoja.<\/p>\n\n\n\n<h3 class=\"wp-block-heading\">Diffuusi alopecia areata<\/h3>\n\n\n\n<p><a href=\"https:\/\/arbuti.com\/fi\/hajanainen-hiustenlaehtoe\/\">Hajanainen hiustenl\u00e4ht\u00f6<\/a>&nbsp;voi olla hyvin samankaltainen nais- tai miespuolisen mallin mukaan. T\u00e4m\u00e4 johtaa \u00e4killiseen ja odottamattomaan hiustenl\u00e4ht\u00f6\u00f6n koko p\u00e4\u00e4nahassa, ei vain yhdell\u00e4 alueella tai laikalla.<\/p>\n\n\n\n<h3 class=\"wp-block-heading\">Ophiasis hiustenl\u00e4ht\u00f6<\/h3>\n\n\n\n<p>Hiustenl\u00e4ht\u00f6\u00e4, joka seuraa kaistaleena p\u00e4\u00e4nahan sivuilla ja alasel\u00e4ss\u00e4, kutsutaan ofiasis-alopesiaksi.<\/p>\n\n\n\n<h2 class=\"wp-block-heading\">Py\u00f6re\u00e4 hiustenl\u00e4ht\u00f6 ennuste<\/h2>\n\n\n\n<p>Alopecia areatan ennuste on erilainen jokaisella henkil\u00f6ll\u00e4. Se on my\u00f6s arvaamaton.<\/p>\n\n\n\n<p>Kun sairastut t\u00e4h\u00e4n autoimmuunisairauteen, voit el\u00e4\u00e4 hiustenl\u00e4hd\u00f6n ja muiden siihen liittyvien oireiden kanssa loppuel\u00e4m\u00e4si ajan. Jotkut ihmiset saattavat kuitenkin k\u00e4rsi\u00e4 hiustenl\u00e4hd\u00f6st\u00e4 vain kerran.<\/p>\n\n\n\n<p>Sama vaihtelu koskee toipumista: joillakin ihmisill\u00e4 hiukset kasvavat kokonaan uudelleen. Toiset eiv\u00e4t pid\u00e4 siit\u00e4. He saattavat jopa kokea ylim\u00e4\u00e4r\u00e4ist\u00e4 hiustenl\u00e4ht\u00f6\u00e4.<\/p>\n\n\n\n<p>Alopecia areataa sairastavilla huonot tulokset liittyv\u00e4t useisiin tekij\u00f6ihin:<\/p>\n\n\n\n<ul class=\"wp-block-list\">\n<li>varhainen sairastuvuus<\/li>\n\n\n\n<li>laaja hiustenl\u00e4ht\u00f6<\/li>\n\n\n\n<li>Kynsien muutos<\/li>\n\n\n\n<li>Perhehistoria<\/li>\n\n\n\n<li>joilla on useita autoimmuunisairauksia<\/li>\n<\/ul>\n\n\n\n<h3 class=\"wp-block-heading\">Miten k\u00e4sitell\u00e4 py\u00f6re\u00e4 hiustenl\u00e4ht\u00f6<\/h3>\n\n\n\n<p>Py\u00f6re\u00e4 hiustenl\u00e4ht\u00f6 voi olla emotionaalisesti haastavaa, varsinkin kun hiustenl\u00e4ht\u00f6 vaikuttaa koko p\u00e4\u00e4nahkaan. T\u00e4t\u00e4 sairautta sairastavat voivat tuntea itsens\u00e4 eristetyiksi tai masentua.<\/p>\n\n\n\n<p>On t\u00e4rke\u00e4\u00e4 muistaa, ett\u00e4 Yhdysvalloissa yli 5 miljoonaa ihmist\u00e4 k\u00e4rsii alopecia areatasta. Et ole yksin. Voit tehd\u00e4 el\u00e4m\u00e4ntapamuutoksia, jotka auttavat hallitsemaan sairautta.<\/p>\n\n\n\n<p>Jos etsit apua peruukkien, ripsienpidennysten tai kulmakarvakuvioiden kanssa, National Alopecia Areata Foundation yll\u00e4pit\u00e4\u00e4 verkkokauppaa, jossa on hiustarvikkeita ja -tuotteita. Peruukkiyritykset, kuten Godiva's Secret Wigs, tarjoavat my\u00f6s verkkovideoita ja opetusohjelmia, jotka auttavat muotoilussa ja yll\u00e4pidossa.<\/p>\n\n\n\n<p>Aktiiviset teini-ik\u00e4iset ja nuoret aikuiset, joilla on t\u00e4ysin kalju p\u00e4\u00e4, voivat kiinnitt\u00e4\u00e4 peruukkeihin ja hiuslis\u00e4kkeisiin imukuppeja, jotta peruukki ei putoa urheilun aikana.<\/p>\n\n\n\n<p>Uudet peruukkiteknologiat, kuten pii- ja imupohjainen tyhji\u00f6peruukki, mahdollistavat jopa hiustenl\u00e4ht\u00f6\u00f6n sairastuneiden ihmisten uimisen peruukkien kanssa. Tyhji\u00f6peruukit ovat kuitenkin yleens\u00e4 kalliimpia.<\/p>\n\n\n\n<p>Jos hiustenl\u00e4ht\u00f6 vaikuttaa kulmakarvoihin, sinun on otettava yhteytt\u00e4 <a href=\"https:\/\/arbuti.com\/fi\/kulmakynae\/\">Kulmakyn\u00e4<\/a>Harkitse microbladingia ja kulmakarvatatuointeja.<\/p>\n\n\n\n<ul class=\"wp-block-list\">\n<li>Microblading on puolikest\u00e4v\u00e4 tatuointitekniikka, joka t\u00e4ytt\u00e4\u00e4 kulmakarvat hiusten kaltaisilla vedoilla. Se n\u00e4ytt\u00e4\u00e4 luonnollisemmalta kuin perinteiset kulmatatuoinnit ja kest\u00e4\u00e4 yhdest\u00e4 kolmeen vuotta.<\/li>\n\n\n\n<li>YouTube on t\u00e4ynn\u00e4 meikkausohjeita kulmakarvojen t\u00e4ytt\u00e4misest\u00e4 ja muotoilusta. Sek\u00e4 naiset ett\u00e4 miehet, jotka ovat menett\u00e4m\u00e4ss\u00e4 kulmakarvojaan, voivat harjoitella niiden t\u00e4ytt\u00e4mist\u00e4 t\u00e4m\u00e4n kaltaisilla aidoilla video-oppailla.<\/li>\n\n\n\n<li>Ripsienpidennyksi\u00e4 on vaikea kiinnitt\u00e4\u00e4, jos sinulla ei ole pintaa, johon ne kiinnittyv\u00e4t. Voit kuitenkin l\u00f6yt\u00e4\u00e4 verkosta opetusohjelmia siit\u00e4, miten ripsienpidennykset laitetaan, jos sinulla ei ole omia ripsi\u00e4.<\/li>\n<\/ul>\n\n\n\n<h2 class=\"wp-block-heading\">Miten py\u00f6re\u00e4 hiustenl\u00e4ht\u00f6 diagnosoidaan?<\/h2>\n\n\n\n<p>L\u00e4\u00e4k\u00e4ri voi pysty\u00e4 diagnosoimaan py\u00f6re\u00e4n hiustenl\u00e4hd\u00f6n yksinkertaisesti tutkimalla hiustenl\u00e4hd\u00f6n laajuutta ja tutkimalla hiusn\u00e4ytteit\u00e4 mikroskoopilla.<\/p>\n\n\n\n<p>L\u00e4\u00e4k\u00e4ri voi my\u00f6s ottaa p\u00e4\u00e4nahan koepalan poistaakseen muut hiustenl\u00e4ht\u00f6\u00e4 aiheuttavat sairaudet, kuten sieni-infektiot, kuten tinea capitis. P\u00e4\u00e4nahan biopsian aikana l\u00e4\u00e4k\u00e4ri poistaa pienen palan ihoa p\u00e4\u00e4nahasta analysoitavaksi.<\/p>\n\n\n\n<p>Verikokeita voidaan tehd\u00e4, jos ep\u00e4ill\u00e4\u00e4n muita autoimmuunisairauksia.<\/p>\n\n\n\n<p>Erityinen verikoe riippuu l\u00e4\u00e4k\u00e4rin ep\u00e4ilem\u00e4st\u00e4 h\u00e4iri\u00f6st\u00e4. L\u00e4\u00e4k\u00e4ri kuitenkin todenn\u00e4k\u00f6isesti testaa yhden tai useamman ep\u00e4normaalin vasta-aineen esiintymisen. Jos n\u00e4it\u00e4 vasta-aineita l\u00f6ytyy verest\u00e4si, se tarkoittaa yleens\u00e4, ett\u00e4 sinulla on autoimmuunisairaus.<\/p>\n\n\n\n<p>Muita verikokeita, jotka voivat auttaa sulkemaan pois muita sairauksia, ovat muun muassa seuraavat:<\/p>\n\n\n\n<ul class=\"wp-block-list\">\n<li>C-reaktiivinen proteiini ja erytrosyyttien laskeutumisnopeus<\/li>\n\n\n\n<li>Rautapitoisuus<\/li>\n\n\n\n<li>ydinvasta-ainetesti<\/li>\n\n\n\n<li>Kilpirauhashormonit<\/li>\n\n\n\n<li>Vapaa ja kokonaistestosteroni<\/li>\n\n\n\n<li>Follikkelia stimuloiva ja luteinisoiva hormoni<\/li>\n<\/ul>\n\n\n\n<h2 class=\"wp-block-heading\">Ravitsemus<\/h2>\n\n\n\n<p>Sokeripitoiset elintarvikkeet, jalostetut v\u00e4lipalat ja alkoholi voivat lis\u00e4t\u00e4 tulehdusta ja \u00e4rsytyst\u00e4 kehossa.<\/p>\n\n\n\n<p>Jotkut ihmiset, joilla on diagnosoitu autoimmuunisairaus, voivat harkita \"anti-inflammatorista\" ruokavaliota. T\u00e4m\u00e4ntyyppinen ruokavaliosuunnitelma on suunniteltu v\u00e4hent\u00e4m\u00e4\u00e4n kehon autoimmuunivastetta ja v\u00e4hent\u00e4m\u00e4\u00e4n toisen hiustenl\u00e4ht\u00f6kohtauksen tai hiustenl\u00e4ht\u00f6n todenn\u00e4k\u00f6isyytt\u00e4.<\/p>\n\n\n\n<p>T\u00e4t\u00e4 varten kannattaa sy\u00f6d\u00e4 elintarvikkeita, joiden tiedet\u00e4\u00e4n helpottavan tulehdusprosessia. T\u00e4m\u00e4n ruokavalion, joka tunnetaan my\u00f6s nimell\u00e4 autoimmuuniprotokolla, peruselintarvikkeita ovat hedelm\u00e4t ja vihannekset, kuten mustikat, p\u00e4hkin\u00e4t, siemenet, parsakaali, punajuuret ja v\u00e4h\u00e4rasvainen liha, kuten luonnonvaraisesti pyydetty lohi.<\/p>\n\n\n\n<p>Tasapainoinen ruokavalio, joka sis\u00e4lt\u00e4\u00e4 t\u00e4ysjyv\u00e4viljaa, hedelmi\u00e4, vihanneksia ja v\u00e4h\u00e4rasvaista lihaa, vaikuttaa my\u00f6nteisesti yleiseen terveyteen monista syist\u00e4, ei vain tulehduksen v\u00e4hent\u00e4miseksi.<\/p>\n\n\n\n<h2 class=\"wp-block-heading\">Est\u00e4 py\u00f6re\u00e4 hiustenl\u00e4ht\u00f6<\/h2>\n\n\n\n<p>Py\u00f6re\u00e4\u00e4 hiustenl\u00e4ht\u00f6\u00e4 ei voida ehk\u00e4ist\u00e4, koska sen syyt\u00e4 ei tunneta.<\/p>\n\n\n\n<p>T\u00e4m\u00e4 autoimmuunisairaus voi johtua useista tekij\u00f6ist\u00e4. N\u00e4it\u00e4 ovat esimerkiksi sukuhistoria, muut autoimmuunisairaudet ja jopa muut ihosairaudet. Kaikki, joilla on jokin n\u00e4ist\u00e4 tekij\u00f6ist\u00e4, eiv\u00e4t kuitenkaan sairastu hiusvaurioon. Siksi sit\u00e4 ei ole viel\u00e4 mahdollista est\u00e4\u00e4.<\/p>\n\n\n\n<h2 class=\"wp-block-heading\" id=\"h-faq-h-ufig-gestellte-fragen\">FAQ - Usein kysytyt kysymykset<\/h2>\n\n\n\t\t<section\t\tclass=\"sc_fs_faq sc_card\"\n\t\t\t\t>\n\t\t\t\t<h3>Mik\u00e4 on py\u00f6re\u00e4n hiustenl\u00e4hd\u00f6n syy?<\/h3>\t\t\t\t<div>\n\t\t\t\t\t\t<div class=\"sc_fs_faq__content\">\n\t\t\t\t\n\n<p>Py\u00f6re\u00e4n hiustenl\u00e4hd\u00f6n syy on todenn\u00e4k\u00f6isesti autoimmuunireaktio. T\u00e4m\u00e4 tarkoittaa, ett\u00e4 elimist\u00f6n immuunij\u00e4rjestelm\u00e4 hy\u00f6kk\u00e4\u00e4 virheellisesti kehon omia soluja vastaan. Kun kyseess\u00e4 on py\u00f6re\u00e4 hiustenl\u00e4ht\u00f6, hy\u00f6k\u00e4nnyt solut sijaitsevat vuonna <a href=\"https:\/\/arbuti.com\/fi\/karvatuppi\/\">Karvatupet<\/a> erityisesti hiuspohjan follikkelissa.<\/p>\n\n\t\t\t<\/div>\n\t\t<\/div>\n\t\t<\/section>\n\t\t\t\t<section\t\tclass=\"sc_fs_faq sc_card\"\n\t\t\t\t>\n\t\t\t\t<h3>Onko py\u00f6re\u00e4 hiustenl\u00e4ht\u00f6 pysyv\u00e4?<\/h3>\t\t\t\t<div>\n\t\t\t\t\t\t<div class=\"sc_fs_faq__content\">\n\t\t\t\t\n\n<p>Py\u00f6re\u00e4 hiustenl\u00e4ht\u00f6 on erityinen hiustenl\u00e4ht\u00f6muoto, joka vaikuttaa yleens\u00e4 p\u00e4\u00e4nahkaan, mutta sit\u00e4 voi esiinty\u00e4 mill\u00e4 tahansa hiuksia kantavalla iholla. Useimmilla potilailla tila h\u00e4vi\u00e4\u00e4 vuoden kuluessa ilman hoitoa, mutta hiustenl\u00e4ht\u00f6 on joskus pysyv\u00e4\u00e4. Monien hoitojen tiedet\u00e4\u00e4n auttavan hiusten uusiutumista.<\/p>\n\n\t\t\t<\/div>\n\t\t<\/div>\n\t\t<\/section>\n\t\t\t\t<section\t\tclass=\"sc_fs_faq sc_card\"\n\t\t\t\t>\n\t\t\t\t<h3>Auttaako sinkki alopecia areatassa?<\/h3>\t\t\t\t<div>\n\t\t\t\t\t\t<div class=\"sc_fs_faq__content\">\n\t\t\t\t\n\n<p>Ei ole merkitt\u00e4v\u00e4\u00e4 n\u00e4ytt\u00f6\u00e4 siit\u00e4, ett\u00e4 sinkkilis\u00e4 voisi hidastaa tai k\u00e4\u00e4nt\u00e4\u00e4 miesten hiustenl\u00e4ht\u00f6\u00e4. On kuitenkin n\u00e4ytt\u00f6\u00e4 siit\u00e4, ett\u00e4 se voi auttaa tietynlaiseen hiustenl\u00e4ht\u00f6\u00f6n, kuten alopecia areataan, joka on autoimmuunisairaus.<\/p>\n\n\t\t\t<\/div>\n\t\t<\/div>\n\t\t<\/section>\n\t\t\t\t<section\t\tclass=\"sc_fs_faq sc_card\"\n\t\t\t\t>\n\t\t\t\t<h3>Mitk\u00e4 ovat py\u00f6re\u00e4n hiustenl\u00e4hd\u00f6n vaiheet?<\/h3>\t\t\t\t<div>\n\t\t\t\t\t\t<div class=\"sc_fs_faq__content\">\n\t\t\t\t\n\n<p>Laikkumaisessa py\u00f6re\u00e4ss\u00e4 hiustenl\u00e4hd\u00f6ss\u00e4 on kolme vaihetta. Kaljuilla laikuilla voi olla sile\u00e4 pinta, t\u00e4ysin karvattomia tai hajanaisia huutomerkkej\u00e4. Huutomerkkikarvat ovat 2-3 mm pitki\u00e4, katkonaisia tai kapenevia, ja niill\u00e4 on keppim\u00e4inen juuri.<\/p>\n\n\t\t\t<\/div>\n\t\t<\/div>\n\t\t<\/section>\n\t\t\n<script type=\"application\/ld+json\">{\n    \"@context\": \"https:\\\/\\\/schema.org\",\n    \"@type\": \"FAQPage\",\n    \"mainEntity\": [\n        {\n            \"@type\": \"Question\",\n            \"name\": \"Was ist die Ursache f\\u00fcr Kreisrunden Haarausfall?\",\n            \"acceptedAnswer\": {\n                \"@type\": \"Answer\",\n                \"text\": \"<p>Die Ursache f\\u00fcr Kreisrunden Haarausfall ist wahrscheinlich eine Autoimmunreaktion. Dies bedeutet, dass das k\\u00f6rpereigene Immunsystem die k\\u00f6rpereigenen Zellen f\\u00e4lschlicherweise angreift. Bei kreisrundem Haarausfall befinden sich die angegriffenen Zellen in den Haarfollikeln insbesondere in den Follikeln innerhalb der Kopfhaut.<\\\/p>\"\n            }\n        },\n        {\n            \"@type\": \"Question\",\n            \"name\": \"Ist Kreisrunder Haarausfall dauerhaft?\",\n            \"acceptedAnswer\": {\n                \"@type\": \"Answer\",\n                \"text\": \"<p>Kreisrunder Haarausfall ist eine besondere Form des Haarausfalls, die normalerweise die Kopfhaut betrifft, aber auf jeder haartragenden Haut auftreten kann. Bei den meisten Patienten verschwindet der Zustand ohne Behandlung innerhalb eines Jahres, aber der Haarausfall ist manchmal dauerhaft. Es ist bekannt, dass viele Behandlungen das Nachwachsen der Haare unterst\\u00fctzen.<\\\/p>\"\n            }\n        },\n        {\n            \"@type\": \"Question\",\n            \"name\": \"Hilft Zink bei Alopecia areata?\",\n            \"acceptedAnswer\": {\n                \"@type\": \"Answer\",\n                \"text\": \"<p>Es gibt keinen signifikanten Beweis daf\\u00fcr, dass eine Zinkerg\\u00e4nzung dazu beitragen kann, den Haarausfall bei M\\u00e4nnern zu verlangsamen oder umzukehren. Es gibt jedoch Hinweise darauf, dass es bei bestimmten Arten von Haarausfall helfen kann, einschlie\\u00dflich Alopecia areata, einer Autoimmunerkrankung.<\\\/p>\"\n            }\n        },\n        {\n            \"@type\": \"Question\",\n            \"name\": \"Was sind die Stadien von Kreisrunder Haarausfall?\",\n            \"acceptedAnswer\": {\n                \"@type\": \"Answer\",\n                \"text\": \"<p>Der fleckige Kreisrunder Haarausfall besteht aus drei Stadien. Die kahlen Stellen k\\u00f6nnen eine glatte Oberfl\\u00e4che haben, v\\u00f6llig ohne Haare oder mit vereinzelten Ausrufezeichen. Ausrufezeichen Haare sind 2 bis 3 mm lang, gebrochen oder verj\\u00fcngt, mit einer keulenf\\u00f6rmigen Wurzel.<\\\/p>\"\n            }\n        }\n    ]\n}<\/script>","protected":false},"excerpt":{"rendered":"<p>Kreisrunder Haarausfall: Alles was Sie wissen m\u00fcssen. &#8222;Alopecia Areata&#8220; Kreisrunder&nbsp;Haarausfall&nbsp;auch Alopecia Areata genannt ist eine Erkrankung: Hier die Ursachen, Symptome [&hellip;]<\/p>","protected":false},"author":1,"featured_media":8245,"comment_status":"closed","ping_status":"open","sticky":false,"template":"","format":"standard","meta":{"ub_ctt_via":"","_uag_custom_page_level_css":"","site-sidebar-layout":"default","site-content-layout":"default","ast-site-content-layout":"","site-content-style":"default","site-sidebar-style":"default","ast-global-header-display":"","ast-banner-title-visibility":"","ast-main-header-display":"","ast-hfb-above-header-display":"","ast-hfb-below-header-display":"","ast-hfb-mobile-header-display":"","site-post-title":"","ast-breadcrumbs-content":"","ast-featured-img":"","footer-sml-layout":"","theme-transparent-header-meta":"default","adv-header-id-meta":"","stick-header-meta":"default","header-above-stick-meta":"","header-main-stick-meta":"","header-below-stick-meta":"","astra-migrate-meta-layouts":"default","ast-page-background-enabled":"default","ast-page-background-meta":{"desktop":{"background-color":"","background-image":"","background-repeat":"repeat","background-position":"center center","background-size":"auto","background-attachment":"scroll","background-type":"","background-media":"","overlay-type":"","overlay-color":"","overlay-opacity":"","overlay-gradient":""},"tablet":{"background-color":"","background-image":"","background-repeat":"repeat","background-position":"center center","background-size":"auto","background-attachment":"scroll","background-type":"","background-media":"","overlay-type":"","overlay-color":"","overlay-opacity":"","overlay-gradient":""},"mobile":{"background-color":"","background-image":"","background-repeat":"repeat","background-position":"center center","background-size":"auto","background-attachment":"scroll","background-type":"","background-media":"","overlay-type":"","overlay-color":"","overlay-opacity":"","overlay-gradient":""}},"ast-content-background-meta":{"desktop":{"background-color":"var(--ast-global-color-5)","background-image":"","background-repeat":"repeat","background-position":"center center","background-size":"auto","background-attachment":"scroll","background-type":"","background-media":"","overlay-type":"","overlay-color":"","overlay-opacity":"","overlay-gradient":""},"tablet":{"background-color":"var(--ast-global-color-5)","background-image":"","background-repeat":"repeat","background-position":"center center","background-size":"auto","background-attachment":"scroll","background-type":"","background-media":"","overlay-type":"","overlay-color":"","overlay-opacity":"","overlay-gradient":""},"mobile":{"background-color":"var(--ast-global-color-5)","background-image":"","background-repeat":"repeat","background-position":"center center","background-size":"auto","background-attachment":"scroll","background-type":"","background-media":"","overlay-type":"","overlay-color":"","overlay-opacity":"","overlay-gradient":""}},"footnotes":""},"categories":[6329],"tags":[],"class_list":["post-8243","post","type-post","status-publish","format-standard","has-post-thumbnail","hentry","category-haarausfall"],"featured_image_src":"https:\/\/arbuti.com\/wp-content\/uploads\/2021\/03\/Kreisrunder-Haarausfall.jpg","author_info":{"display_name":"admin","author_link":"https:\/\/arbuti.com\/fi\/author\/admin\/"},"yoast_head":"<!-- This site is optimized with the Yoast SEO Premium plugin v25.3 (Yoast SEO v25.3) - https:\/\/yoast.com\/wordpress\/plugins\/seo\/ -->\n<title>Kreisrunder Haarausfall: Ursachen, Symptome und Behandlung<\/title>\n<meta name=\"description\" content=\"Kreisrunder Haarausfall ist eine Autoimmunerkrankung, bei der Haare in runden Flecken ausfallen. Erfahre mehr \u00fcber Symptome, Ursachen und Behandlung.\" \/>\n<meta name=\"robots\" content=\"index, follow, max-snippet:-1, max-image-preview:large, max-video-preview:-1\" \/>\n<link rel=\"canonical\" href=\"https:\/\/arbuti.com\/fi\/pyoereae-hiustenlaehtoe\/\" \/>\n<meta property=\"og:locale\" content=\"fi_FI\" \/>\n<meta property=\"og:type\" content=\"article\" \/>\n<meta property=\"og:title\" content=\"Kreisrunder Haarausfall\" \/>\n<meta property=\"og:description\" content=\"Kreisrunder Haarausfall: Alles was Sie wissen m\u00fcssen. &quot;Alopecia Areata&quot; Kreisrunder&nbsp;Haarausfall&nbsp;auch Alopecia Areata genannt ist eine\" \/>\n<meta property=\"og:url\" content=\"https:\/\/arbuti.com\/fi\/pyoereae-hiustenlaehtoe\/\" \/>\n<meta property=\"og:site_name\" content=\"ARBUTI Hair Salon\" \/>\n<meta property=\"article:publisher\" content=\"https:\/\/www.facebook.com\/Arbutihairsalon\/\" \/>\n<meta property=\"article:published_time\" content=\"2021-03-11T09:01:11+00:00\" \/>\n<meta property=\"article:modified_time\" content=\"2023-01-17T12:04:51+00:00\" \/>\n<meta property=\"og:image\" content=\"https:\/\/arbuti.com\/wp-content\/uploads\/2021\/03\/Kreisrunder-Haarausfall.jpg\" \/>\n\t<meta property=\"og:image:width\" content=\"1000\" \/>\n\t<meta property=\"og:image:height\" content=\"778\" \/>\n\t<meta property=\"og:image:type\" content=\"image\/jpeg\" \/>\n<meta name=\"author\" content=\"admin\" \/>\n<meta name=\"twitter:card\" content=\"summary_large_image\" \/>\n<meta name=\"twitter:label1\" content=\"Kirjoittanut\" \/>\n\t<meta name=\"twitter:data1\" content=\"admin\" \/>\n\t<meta name=\"twitter:label2\" content=\"Arvioitu lukuaika\" \/>\n\t<meta name=\"twitter:data2\" content=\"15 minuuttia\" \/>\n<script type=\"application\/ld+json\" class=\"yoast-schema-graph\">{\"@context\":\"https:\/\/schema.org\",\"@graph\":[{\"@type\":\"Article\",\"@id\":\"https:\/\/arbuti.com\/kreisrunder-haarausfall\/#article\",\"isPartOf\":{\"@id\":\"https:\/\/arbuti.com\/kreisrunder-haarausfall\/\"},\"author\":{\"name\":\"admin\",\"@id\":\"https:\/\/arbuti.com\/fr\/#\/schema\/person\/d85bbf7b442ca0f812c3aa0ed9eece8f\"},\"headline\":\"Kreisrunder Haarausfall\",\"datePublished\":\"2021-03-11T09:01:11+00:00\",\"dateModified\":\"2023-01-17T12:04:51+00:00\",\"mainEntityOfPage\":{\"@id\":\"https:\/\/arbuti.com\/kreisrunder-haarausfall\/\"},\"wordCount\":2767,\"publisher\":{\"@id\":\"https:\/\/arbuti.com\/fr\/#organization\"},\"image\":{\"@id\":\"https:\/\/arbuti.com\/kreisrunder-haarausfall\/#primaryimage\"},\"thumbnailUrl\":\"https:\/\/arbuti.com\/wp-content\/uploads\/2021\/03\/Kreisrunder-Haarausfall.jpg\",\"articleSection\":[\"Haarausfall\"],\"inLanguage\":\"fi\"},{\"@type\":\"WebPage\",\"@id\":\"https:\/\/arbuti.com\/kreisrunder-haarausfall\/\",\"url\":\"https:\/\/arbuti.com\/kreisrunder-haarausfall\/\",\"name\":\"Kreisrunder Haarausfall: Ursachen, Symptome und Behandlung\",\"isPartOf\":{\"@id\":\"https:\/\/arbuti.com\/fr\/#website\"},\"primaryImageOfPage\":{\"@id\":\"https:\/\/arbuti.com\/kreisrunder-haarausfall\/#primaryimage\"},\"image\":{\"@id\":\"https:\/\/arbuti.com\/kreisrunder-haarausfall\/#primaryimage\"},\"thumbnailUrl\":\"https:\/\/arbuti.com\/wp-content\/uploads\/2021\/03\/Kreisrunder-Haarausfall.jpg\",\"datePublished\":\"2021-03-11T09:01:11+00:00\",\"dateModified\":\"2023-01-17T12:04:51+00:00\",\"description\":\"Kreisrunder Haarausfall ist eine Autoimmunerkrankung, bei der Haare in runden Flecken ausfallen. Erfahre mehr \u00fcber Symptome, Ursachen und Behandlung.\",\"breadcrumb\":{\"@id\":\"https:\/\/arbuti.com\/kreisrunder-haarausfall\/#breadcrumb\"},\"inLanguage\":\"fi\",\"potentialAction\":[{\"@type\":\"ReadAction\",\"target\":[\"https:\/\/arbuti.com\/kreisrunder-haarausfall\/\"]}]},{\"@type\":\"ImageObject\",\"inLanguage\":\"fi\",\"@id\":\"https:\/\/arbuti.com\/kreisrunder-haarausfall\/#primaryimage\",\"url\":\"https:\/\/arbuti.com\/wp-content\/uploads\/2021\/03\/Kreisrunder-Haarausfall.jpg\",\"contentUrl\":\"https:\/\/arbuti.com\/wp-content\/uploads\/2021\/03\/Kreisrunder-Haarausfall.jpg\",\"width\":1000,\"height\":778,\"caption\":\"Kreisrunder-Haarausfall\"},{\"@type\":\"BreadcrumbList\",\"@id\":\"https:\/\/arbuti.com\/kreisrunder-haarausfall\/#breadcrumb\",\"itemListElement\":[{\"@type\":\"ListItem\",\"position\":1,\"name\":\"ARBUTI\",\"item\":\"https:\/\/arbuti.com\/\"},{\"@type\":\"ListItem\",\"position\":2,\"name\":\"Haarausfall\",\"item\":\"https:\/\/arbuti.com\/fr\/categorie\/haarausfall\/\"},{\"@type\":\"ListItem\",\"position\":3,\"name\":\"Kreisrunder Haarausfall\"}]},{\"@type\":\"WebSite\",\"@id\":\"https:\/\/arbuti.com\/fr\/#website\",\"url\":\"https:\/\/arbuti.com\/fr\/\",\"name\":\"ARBUTI Hair Salon\",\"description\":\"Friseur M\u00fcnchen\",\"publisher\":{\"@id\":\"https:\/\/arbuti.com\/fr\/#organization\"},\"alternateName\":\"ARBUTI\",\"potentialAction\":[{\"@type\":\"SearchAction\",\"target\":{\"@type\":\"EntryPoint\",\"urlTemplate\":\"https:\/\/arbuti.com\/fr\/?s={search_term_string}\"},\"query-input\":{\"@type\":\"PropertyValueSpecification\",\"valueRequired\":true,\"valueName\":\"search_term_string\"}}],\"inLanguage\":\"fi\"},{\"@type\":\"Organization\",\"@id\":\"https:\/\/arbuti.com\/fr\/#organization\",\"name\":\"ARBUTI Hair Salon\",\"alternateName\":\"ARBUTI\",\"url\":\"https:\/\/arbuti.com\/fr\/\",\"logo\":{\"@type\":\"ImageObject\",\"inLanguage\":\"fi\",\"@id\":\"https:\/\/arbuti.com\/fr\/#\/schema\/logo\/image\/\",\"url\":\"https:\/\/arbuti.com\/wp-content\/uploads\/2020\/04\/cropped-Arbuti-Friseur-Muenchen.jpg\",\"contentUrl\":\"https:\/\/arbuti.com\/wp-content\/uploads\/2020\/04\/cropped-Arbuti-Friseur-Muenchen.jpg\",\"width\":512,\"height\":512,\"caption\":\"ARBUTI Hair Salon\"},\"image\":{\"@id\":\"https:\/\/arbuti.com\/fr\/#\/schema\/logo\/image\/\"},\"sameAs\":[\"https:\/\/www.facebook.com\/Arbutihairsalon\/\",\"https:\/\/www.instagram.com\/arbutihairsalon\/\",\"https:\/\/www.pinterest.de\/arbutihairsalon\/arbuti-hair-salon\/\"]},{\"@type\":\"Person\",\"@id\":\"https:\/\/arbuti.com\/fr\/#\/schema\/person\/d85bbf7b442ca0f812c3aa0ed9eece8f\",\"name\":\"admin\",\"image\":{\"@type\":\"ImageObject\",\"inLanguage\":\"fi\",\"@id\":\"https:\/\/arbuti.com\/fr\/#\/schema\/person\/image\/\",\"url\":\"https:\/\/secure.gravatar.com\/avatar\/a5ca7376327017715559ffb9b376df51?s=96&d=mm&r=g\",\"contentUrl\":\"https:\/\/secure.gravatar.com\/avatar\/a5ca7376327017715559ffb9b376df51?s=96&d=mm&r=g\",\"caption\":\"admin\"}}]}<\/script>\n<!-- \/ Yoast SEO Premium plugin. -->","yoast_head_json":{"title":"Kreisrunder Haarausfall: Ursachen, Symptome und Behandlung","description":"Kreisrunder Haarausfall ist eine Autoimmunerkrankung, bei der Haare in runden Flecken ausfallen. Erfahre mehr \u00fcber Symptome, Ursachen und Behandlung.","robots":{"index":"index","follow":"follow","max-snippet":"max-snippet:-1","max-image-preview":"max-image-preview:large","max-video-preview":"max-video-preview:-1"},"canonical":"https:\/\/arbuti.com\/fi\/pyoereae-hiustenlaehtoe\/","og_locale":"fi_FI","og_type":"article","og_title":"Kreisrunder Haarausfall","og_description":"Kreisrunder Haarausfall: Alles was Sie wissen m\u00fcssen. \"Alopecia Areata\" Kreisrunder&nbsp;Haarausfall&nbsp;auch Alopecia Areata genannt ist eine","og_url":"https:\/\/arbuti.com\/fi\/pyoereae-hiustenlaehtoe\/","og_site_name":"ARBUTI Hair Salon","article_publisher":"https:\/\/www.facebook.com\/Arbutihairsalon\/","article_published_time":"2021-03-11T09:01:11+00:00","article_modified_time":"2023-01-17T12:04:51+00:00","og_image":[{"width":1000,"height":778,"url":"https:\/\/arbuti.com\/wp-content\/uploads\/2021\/03\/Kreisrunder-Haarausfall.jpg","type":"image\/jpeg"}],"author":"admin","twitter_card":"summary_large_image","twitter_misc":{"Kirjoittanut":"admin","Arvioitu lukuaika":"15 minuuttia"},"schema":{"@context":"https:\/\/schema.org","@graph":[{"@type":"Article","@id":"https:\/\/arbuti.com\/kreisrunder-haarausfall\/#article","isPartOf":{"@id":"https:\/\/arbuti.com\/kreisrunder-haarausfall\/"},"author":{"name":"admin","@id":"https:\/\/arbuti.com\/fr\/#\/schema\/person\/d85bbf7b442ca0f812c3aa0ed9eece8f"},"headline":"Kreisrunder Haarausfall","datePublished":"2021-03-11T09:01:11+00:00","dateModified":"2023-01-17T12:04:51+00:00","mainEntityOfPage":{"@id":"https:\/\/arbuti.com\/kreisrunder-haarausfall\/"},"wordCount":2767,"publisher":{"@id":"https:\/\/arbuti.com\/fr\/#organization"},"image":{"@id":"https:\/\/arbuti.com\/kreisrunder-haarausfall\/#primaryimage"},"thumbnailUrl":"https:\/\/arbuti.com\/wp-content\/uploads\/2021\/03\/Kreisrunder-Haarausfall.jpg","articleSection":["Haarausfall"],"inLanguage":"fi"},{"@type":"WebPage","@id":"https:\/\/arbuti.com\/kreisrunder-haarausfall\/","url":"https:\/\/arbuti.com\/kreisrunder-haarausfall\/","name":"Kreisrunder Haarausfall: Ursachen, Symptome und Behandlung","isPartOf":{"@id":"https:\/\/arbuti.com\/fr\/#website"},"primaryImageOfPage":{"@id":"https:\/\/arbuti.com\/kreisrunder-haarausfall\/#primaryimage"},"image":{"@id":"https:\/\/arbuti.com\/kreisrunder-haarausfall\/#primaryimage"},"thumbnailUrl":"https:\/\/arbuti.com\/wp-content\/uploads\/2021\/03\/Kreisrunder-Haarausfall.jpg","datePublished":"2021-03-11T09:01:11+00:00","dateModified":"2023-01-17T12:04:51+00:00","description":"Kreisrunder Haarausfall ist eine Autoimmunerkrankung, bei der Haare in runden Flecken ausfallen. Erfahre mehr \u00fcber Symptome, Ursachen und Behandlung.","breadcrumb":{"@id":"https:\/\/arbuti.com\/kreisrunder-haarausfall\/#breadcrumb"},"inLanguage":"fi","potentialAction":[{"@type":"ReadAction","target":["https:\/\/arbuti.com\/kreisrunder-haarausfall\/"]}]},{"@type":"ImageObject","inLanguage":"fi","@id":"https:\/\/arbuti.com\/kreisrunder-haarausfall\/#primaryimage","url":"https:\/\/arbuti.com\/wp-content\/uploads\/2021\/03\/Kreisrunder-Haarausfall.jpg","contentUrl":"https:\/\/arbuti.com\/wp-content\/uploads\/2021\/03\/Kreisrunder-Haarausfall.jpg","width":1000,"height":778,"caption":"Kreisrunder-Haarausfall"},{"@type":"BreadcrumbList","@id":"https:\/\/arbuti.com\/kreisrunder-haarausfall\/#breadcrumb","itemListElement":[{"@type":"ListItem","position":1,"name":"ARBUTI","item":"https:\/\/arbuti.com\/"},{"@type":"ListItem","position":2,"name":"Haarausfall","item":"https:\/\/arbuti.com\/fr\/categorie\/haarausfall\/"},{"@type":"ListItem","position":3,"name":"Kreisrunder Haarausfall"}]},{"@type":"WebSite","@id":"https:\/\/arbuti.com\/fr\/#website","url":"https:\/\/arbuti.com\/fr\/","name":"ARBUTI Hair Salon","description":"Friseur M\u00fcnchen","publisher":{"@id":"https:\/\/arbuti.com\/fr\/#organization"},"alternateName":"ARBUTI","potentialAction":[{"@type":"SearchAction","target":{"@type":"EntryPoint","urlTemplate":"https:\/\/arbuti.com\/fr\/?s={search_term_string}"},"query-input":{"@type":"PropertyValueSpecification","valueRequired":true,"valueName":"search_term_string"}}],"inLanguage":"fi"},{"@type":"Organization","@id":"https:\/\/arbuti.com\/fr\/#organization","name":"ARBUTI Hair Salon","alternateName":"ARBUTI","url":"https:\/\/arbuti.com\/fr\/","logo":{"@type":"ImageObject","inLanguage":"fi","@id":"https:\/\/arbuti.com\/fr\/#\/schema\/logo\/image\/","url":"https:\/\/arbuti.com\/wp-content\/uploads\/2020\/04\/cropped-Arbuti-Friseur-Muenchen.jpg","contentUrl":"https:\/\/arbuti.com\/wp-content\/uploads\/2020\/04\/cropped-Arbuti-Friseur-Muenchen.jpg","width":512,"height":512,"caption":"ARBUTI Hair Salon"},"image":{"@id":"https:\/\/arbuti.com\/fr\/#\/schema\/logo\/image\/"},"sameAs":["https:\/\/www.facebook.com\/Arbutihairsalon\/","https:\/\/www.instagram.com\/arbutihairsalon\/","https:\/\/www.pinterest.de\/arbutihairsalon\/arbuti-hair-salon\/"]},{"@type":"Person","@id":"https:\/\/arbuti.com\/fr\/#\/schema\/person\/d85bbf7b442ca0f812c3aa0ed9eece8f","name":"admin","image":{"@type":"ImageObject","inLanguage":"fi","@id":"https:\/\/arbuti.com\/fr\/#\/schema\/person\/image\/","url":"https:\/\/secure.gravatar.com\/avatar\/a5ca7376327017715559ffb9b376df51?s=96&d=mm&r=g","contentUrl":"https:\/\/secure.gravatar.com\/avatar\/a5ca7376327017715559ffb9b376df51?s=96&d=mm&r=g","caption":"admin"}}]}},"uagb_featured_image_src":{"full":["https:\/\/arbuti.com\/wp-content\/uploads\/2021\/03\/Kreisrunder-Haarausfall.jpg",1000,778,false],"thumbnail":["https:\/\/arbuti.com\/wp-content\/uploads\/2021\/03\/Kreisrunder-Haarausfall-150x150.jpg",150,150,true],"medium":["https:\/\/arbuti.com\/wp-content\/uploads\/2021\/03\/Kreisrunder-Haarausfall-300x233.jpg",300,233,true],"medium_large":["https:\/\/arbuti.com\/wp-content\/uploads\/2021\/03\/Kreisrunder-Haarausfall-768x598.jpg",768,598,true],"large":["https:\/\/arbuti.com\/wp-content\/uploads\/2021\/03\/Kreisrunder-Haarausfall.jpg",1000,778,false],"1536x1536":["https:\/\/arbuti.com\/wp-content\/uploads\/2021\/03\/Kreisrunder-Haarausfall.jpg",1000,778,false],"2048x2048":["https:\/\/arbuti.com\/wp-content\/uploads\/2021\/03\/Kreisrunder-Haarausfall.jpg",1000,778,false],"trp-custom-language-flag":["https:\/\/arbuti.com\/wp-content\/uploads\/2021\/03\/Kreisrunder-Haarausfall.jpg",15,12,false],"wp_review_large":["https:\/\/arbuti.com\/wp-content\/uploads\/2021\/03\/Kreisrunder-Haarausfall-320x200.jpg",320,200,true],"wp_review_small":["https:\/\/arbuti.com\/wp-content\/uploads\/2021\/03\/Kreisrunder-Haarausfall-65x65.jpg",65,65,true]},"uagb_author_info":{"display_name":"admin","author_link":"https:\/\/arbuti.com\/fi\/author\/admin\/"},"uagb_comment_info":0,"uagb_excerpt":"Kreisrunder Haarausfall: Alles was Sie wissen m\u00fcssen. &#8222;Alopecia Areata&#8220; Kreisrunder&nbsp;Haarausfall&nbsp;auch Alopecia Areata genannt ist eine Erkrankung: Hier die Ursachen, Symptome [&hellip;]","_links":{"self":[{"href":"https:\/\/arbuti.com\/fi\/wp-json\/wp\/v2\/posts\/8243","targetHints":{"allow":["GET"]}}],"collection":[{"href":"https:\/\/arbuti.com\/fi\/wp-json\/wp\/v2\/posts"}],"about":[{"href":"https:\/\/arbuti.com\/fi\/wp-json\/wp\/v2\/types\/post"}],"author":[{"embeddable":true,"href":"https:\/\/arbuti.com\/fi\/wp-json\/wp\/v2\/users\/1"}],"replies":[{"embeddable":true,"href":"https:\/\/arbuti.com\/fi\/wp-json\/wp\/v2\/comments?post=8243"}],"version-history":[{"count":6,"href":"https:\/\/arbuti.com\/fi\/wp-json\/wp\/v2\/posts\/8243\/revisions"}],"predecessor-version":[{"id":10928,"href":"https:\/\/arbuti.com\/fi\/wp-json\/wp\/v2\/posts\/8243\/revisions\/10928"}],"wp:featuredmedia":[{"embeddable":true,"href":"https:\/\/arbuti.com\/fi\/wp-json\/wp\/v2\/media\/8245"}],"wp:attachment":[{"href":"https:\/\/arbuti.com\/fi\/wp-json\/wp\/v2\/media?parent=8243"}],"wp:term":[{"taxonomy":"category","embeddable":true,"href":"https:\/\/arbuti.com\/fi\/wp-json\/wp\/v2\/categories?post=8243"},{"taxonomy":"post_tag","embeddable":true,"href":"https:\/\/arbuti.com\/fi\/wp-json\/wp\/v2\/tags?post=8243"}],"curies":[{"name":"wp","href":"https:\/\/api.w.org\/{rel}","templated":true}]}}