{"id":8687,"date":"2021-03-16T15:30:38","date_gmt":"2021-03-16T15:30:38","guid":{"rendered":"https:\/\/arbuti.com\/?p=8687"},"modified":"2025-06-23T11:53:21","modified_gmt":"2025-06-23T11:53:21","slug":"haarmaske","status":"publish","type":"post","link":"https:\/\/arbuti.com\/et\/juuksemask\/","title":{"rendered":"Juuksemask"},"content":{"rendered":"<h1 class=\"wp-block-heading has-text-align-center\" id=\"h-haarmaske-und-haarkur\">Juuksemask ja palsam<\/h1>\n\n\n\n<p class=\"has-text-align-center\"><strong>Juuksemask ja juuksehooldus test 2025!<\/strong> Meie 8 parimat lemmikut, mida me oma juuksurisalongis kasutame ja mis meile v\u00f5rdluses meeldivad.<\/p>\n\n\n\n\n\n\n<figure class=\"wp-block-image aligncenter size-large is-resized\"><a href=\"https:\/\/arbuti.com\/wp-content\/uploads\/2021\/02\/Haarmaske-2.jpg\"><img loading=\"lazy\" decoding=\"async\" width=\"1000\" height=\"778\" src=\"https:\/\/arbuti.com\/wp-content\/uploads\/2021\/02\/Haarmaske-2.jpg\" alt=\"Juuksemask\" class=\"wp-image-7050\" style=\"aspect-ratio:1.2854477611940298;width:687px;height:auto\" srcset=\"https:\/\/arbuti.com\/wp-content\/uploads\/2021\/02\/Haarmaske-2.jpg 1000w, https:\/\/arbuti.com\/wp-content\/uploads\/2021\/02\/Haarmaske-2-300x233.jpg 300w, https:\/\/arbuti.com\/wp-content\/uploads\/2021\/02\/Haarmaske-2-768x598.jpg 768w, https:\/\/arbuti.com\/wp-content\/uploads\/2021\/02\/Haarmaske-2-200x156.jpg 200w, https:\/\/arbuti.com\/wp-content\/uploads\/2021\/02\/Haarmaske-2-400x311.jpg 400w, https:\/\/arbuti.com\/wp-content\/uploads\/2021\/02\/Haarmaske-2-600x467.jpg 600w, https:\/\/arbuti.com\/wp-content\/uploads\/2021\/02\/Haarmaske-2-800x622.jpg 800w\" sizes=\"auto, (max-width: 1000px) 100vw, 1000px\" \/><\/a><\/figure>\n\n\n\n<p id=\"mntl-sc-block_1-0\">On tegureid, mis v\u00f5ivad muuta juuksed kuivaks ja deh\u00fcdraadiks. Me r\u00e4\u00e4gime k\u00f5igest alates juuksev\u00e4rvist kuni kuumuse kujundamiseni ja p\u00e4ikesekiirgusega kokkupuutumiseni. \u00d5nneks, olenemata p\u00f5hjusest, on vastum\u00fcrk ja lahendus kuivanud juuksel\u00f5ngadele lihtne - niisutav juuksemask.&nbsp;<\/p>\n\n\n\n<p id=\"mntl-sc-block_1-0\">Kui teie hooldusvahend lihtsalt ei paku, on need s\u00fcgavalt parandavad valemid suurep\u00e4rased. Kasutage seda mitu korda n\u00e4dalas ja j\u00e4tke see paariks minutiks voolimise ajaks peale (meile meeldib kasutada seda aega millegi produktiivse tegemiseks, n\u00e4iteks <a href=\"https:\/\/arbuti.com\/et\/keha-koorimine\/\">Keha koorimine<\/a> t\u00e4ita). Seej\u00e4rel loputage, et saada pehmemad ja siledamad juuksed... nii lihtne on see.<\/p>\n\n\n\n<p>Kes poleks seda kogenud: Juuksuri juures k\u00e4ies k\u00fcsitakse sageli, kas soovite juuksemaski, sest teie juuksed on v\u00e4ga stressis. Tulemuseks on s\u00e4ravalt ilusad juuksed, mis inspireerivad! Ja iga kord, kui sa k\u00e4id juuksuris, otsustad sa oma juukseid regulaarselt kodus sellise juuksehooldusega hellitada, sest lisahooldus teeb sulle maailma heaks. Kuid kahjuks ei saa enamasti head kavatsused teoks, sest me lihtsalt ei m\u00f5tle sellele oma stressirohkes igap\u00e4evaelus. V\u00f5i: sest erinevate toodete rohkus on nii segadusttekitav, et te l\u00fckkate pidevalt edasi otsustamist, millist neist osta. <\/p>\n\n\n\n<p>Me tahame teid selle otsuse tegemisel aidata - et teie juuksed ei j\u00e4\u00e4ks teelt k\u00f5rvale! <\/p>\n\n\n\n<p>Siinkohal esitame <strong>8 parimat juuksemassi ja juuksehooldust<\/strong> mis kindlasti panevad su juuksed taas vormi ja s\u00e4ravad!<\/p>\n\n\n\n<div style=\"height:60px\" aria-hidden=\"true\" class=\"wp-block-spacer\"><\/div>\n\n\n\n<h2 class=\"wp-block-heading\" id=\"h-beste-haarmaske-top-8\">Parim juuksemask: Top 8<\/h2>\n\n\n\n<div style=\"height:60px\" aria-hidden=\"true\" class=\"wp-block-spacer\"><\/div>\n\n\n\n<h3 class=\"wp-block-heading\" id=\"h-1-wella-haarmaske\">1. <a href=\"https:\/\/amzn.to\/3SIYKRK\" target=\"_blank\" rel=\"noreferrer noopener nofollow\">Wella<\/a> Juuksemask<\/h3>\n\n\n\n<figure class=\"wp-block-image size-large is-resized\"><a href=\"https:\/\/amzn.to\/3SIYKRK\" target=\"_blank\" rel=\"nofollow noopener\"><img loading=\"lazy\" decoding=\"async\" width=\"700\" height=\"700\" src=\"https:\/\/arbuti.com\/wp-content\/uploads\/2021\/02\/Haarmaske.jpg\" alt=\"Wella juuste mask\" class=\"wp-image-7037\" style=\"width:344px;height:344px\" srcset=\"https:\/\/arbuti.com\/wp-content\/uploads\/2021\/02\/Haarmaske.jpg 700w, https:\/\/arbuti.com\/wp-content\/uploads\/2021\/02\/Haarmaske-300x300.jpg 300w, https:\/\/arbuti.com\/wp-content\/uploads\/2021\/02\/Haarmaske-150x150.jpg 150w, https:\/\/arbuti.com\/wp-content\/uploads\/2021\/02\/Haarmaske-65x65.jpg 65w, https:\/\/arbuti.com\/wp-content\/uploads\/2021\/02\/Haarmaske-66x66.jpg 66w, https:\/\/arbuti.com\/wp-content\/uploads\/2021\/02\/Haarmaske-200x200.jpg 200w, https:\/\/arbuti.com\/wp-content\/uploads\/2021\/02\/Haarmaske-400x400.jpg 400w, https:\/\/arbuti.com\/wp-content\/uploads\/2021\/02\/Haarmaske-600x600.jpg 600w\" sizes=\"auto, (max-width: 700px) 100vw, 700px\" \/><\/a><\/figure>\n\n\n\n<p>See on meie absoluutne lemmik toode: Wella Professionals SP Reverse Regenerating Hair Mask! See kvaliteetne juuksemask pakub juustele rikkalikku, kohese hooldust. See on spetsiaalselt v\u00e4lja t\u00f6\u00f6tatud juuste jaoks, mis on stressis ja kahjustatud stiiliga ja on muljetavaldavalt t\u00f5hus!<\/p>\n\n\n\n<p>See annab juustele intensiivsema l\u00e4ike ja tervislikuma v\u00e4limuse kohe p\u00e4rast esimest pealekandmist! Toode annab tohutult niiskust ja tagab samal ajal parema elastsuse ja kammitavuse! See on tingitud kvaliteetsetest koostisosadest, nagu A-, B5-, E- ja F-vitamiinid, samuti kofeiin ja merevetikad. See juuksemask takistab ka juuste s\u00e4risemist. L\u00f5hn on v\u00e4ga meeldiv! Ja professionaalse toote hind 15,95 on \u00fcletamatu. Meie hinna ja kvaliteedi v\u00f5itja!&nbsp;<\/p>\n\n\n\n<ul class=\"wp-block-list\">\n<li>Taastab vitamiinide, kofeiini ja merevetikate abil.<\/li>\n\n\n\n<li>Takistab s\u00e4risemise tekkimist<\/li>\n\n\n\n<li>L\u00f5hnab v\u00e4ga meeldivalt<\/li>\n<\/ul>\n\n\n\n<div class=\"wp-block-buttons is-layout-flex wp-block-buttons-is-layout-flex\">\n<div class=\"wp-block-button has-custom-width wp-block-button__width-100\"><a class=\"wp-block-button__link wp-element-button\" href=\"https:\/\/amzn.to\/3SIYKRK\" target=\"_blank\" rel=\"nofollow noopener\">Amazon<\/a><\/div>\n<\/div>\n\n\n\n<hr class=\"wp-block-separator has-css-opacity is-style-wide\"\/>\n\n\n\n<div style=\"height:81px\" aria-hidden=\"true\" class=\"wp-block-spacer\"><\/div>\n\n\n\n<h3 class=\"wp-block-heading\" id=\"h-2-redken-haarmaske\">2. <a href=\"https:\/\/amzn.to\/3ZAqgmL\" target=\"_blank\" rel=\"noreferrer noopener nofollow\">Redken<\/a> Juuksemask<\/h3>\n\n\n\n<figure class=\"wp-block-image size-large is-resized\"><a href=\"https:\/\/amzn.to\/3ZAqgmL\" target=\"_blank\" rel=\"nofollow noopener\"><img loading=\"lazy\" decoding=\"async\" width=\"1024\" height=\"1024\" src=\"https:\/\/arbuti.com\/wp-content\/uploads\/2021\/03\/Redken-Haarmaske-1-1024x1024.jpg\" alt=\"Redkeni juuksemask\" class=\"wp-image-11153\" style=\"width:359px;height:359px\" srcset=\"https:\/\/arbuti.com\/wp-content\/uploads\/2021\/03\/Redken-Haarmaske-1-1024x1024.jpg 1024w, https:\/\/arbuti.com\/wp-content\/uploads\/2021\/03\/Redken-Haarmaske-1-300x300.jpg 300w, https:\/\/arbuti.com\/wp-content\/uploads\/2021\/03\/Redken-Haarmaske-1-150x150.jpg 150w, https:\/\/arbuti.com\/wp-content\/uploads\/2021\/03\/Redken-Haarmaske-1-768x768.jpg 768w, https:\/\/arbuti.com\/wp-content\/uploads\/2021\/03\/Redken-Haarmaske-1-12x12.jpg 12w, https:\/\/arbuti.com\/wp-content\/uploads\/2021\/03\/Redken-Haarmaske-1-65x65.jpg 65w, https:\/\/arbuti.com\/wp-content\/uploads\/2021\/03\/Redken-Haarmaske-1.jpg 1500w\" sizes=\"auto, (max-width: 1024px) 100vw, 1024px\" \/><\/a><\/figure>\n\n\n\n<p>See suurep\u00e4rane juuksemask Redken 5th Avenue NYC on intensiivne mask, mis taastab juuksed k\u00f5rgeima protsendi parandavate keramiidide abil. See on seega \u00fcmber ehitatud seestpoolt v\u00e4lja! See kvaliteetne juuksemask teeb imet, eriti keemilise v\u00e4rvimise poolt kahjustatud ja v\u00e4sinud juustele! Intensiivhooldus keskendub eelk\u00f5ige juuste pragunenud piirkondadele ja paneb need uuesti paranema. <\/p>\n\n\n\n<p>See annab juustele suurema vastupidavuse ja kaitsva l\u00e4ike, mis muudab need s\u00e4ravaks. V\u00f5rreldes teiste toodetega tugevdab see Redkeni juuksemask juukseid uskumatu 96% v\u00f5rra juba kolme kasutuskorra j\u00e4rel ja lubab 75% v\u00e4hem juuste murdumist. Hea tehing - top soovitus!<\/p>\n\n\n\n<ul class=\"wp-block-list\">\n<li>Ideaalne v\u00e4rvitud juustele<\/li>\n\n\n\n<li>Tugevdab juukseid 96% poolt<\/li>\n\n\n\n<li>75% v\u00e4hem juuste murdumist<\/li>\n<\/ul>\n\n\n\n<div class=\"wp-block-buttons is-layout-flex wp-block-buttons-is-layout-flex\">\n<div class=\"wp-block-button has-custom-width wp-block-button__width-100\"><a class=\"wp-block-button__link wp-element-button\" href=\"https:\/\/amzn.to\/3ZAqgmL\" target=\"_blank\" rel=\"nofollow noopener\">Amazon<\/a><\/div>\n<\/div>\n\n\n\n<hr class=\"wp-block-separator has-css-opacity is-style-wide\"\/>\n\n\n\n<div style=\"height:81px\" aria-hidden=\"true\" class=\"wp-block-spacer\"><\/div>\n\n\n\n<h3 class=\"wp-block-heading\" id=\"h-3-coco-amp-eve-haarmaske\">3. <a href=\"https:\/\/amzn.to\/3EVo9lM\" target=\"_blank\" rel=\"noreferrer noopener nofollow\">Coco &amp; Eve<\/a> Juuksemask<\/h3>\n\n\n\n<figure class=\"wp-block-image size-large is-resized\"><a href=\"https:\/\/amzn.to\/3EVo9lM\" target=\"_blank\" rel=\"nofollow noopener\"><img loading=\"lazy\" decoding=\"async\" width=\"600\" height=\"600\" src=\"https:\/\/arbuti.com\/wp-content\/uploads\/2021\/03\/Coco-Eve-Haarmaske.jpg\" alt=\"CocoEve juuksemask\" class=\"wp-image-8700\" style=\"width:363px;height:363px\" srcset=\"https:\/\/arbuti.com\/wp-content\/uploads\/2021\/03\/Coco-Eve-Haarmaske.jpg 600w, https:\/\/arbuti.com\/wp-content\/uploads\/2021\/03\/Coco-Eve-Haarmaske-300x300.jpg 300w, https:\/\/arbuti.com\/wp-content\/uploads\/2021\/03\/Coco-Eve-Haarmaske-150x150.jpg 150w, https:\/\/arbuti.com\/wp-content\/uploads\/2021\/03\/Coco-Eve-Haarmaske-65x65.jpg 65w\" sizes=\"auto, (max-width: 600px) 100vw, 600px\" \/><\/a><\/figure>\n\n\n\n<p>Kas soovite muuta oma juukseid 100% paremaks juba t\u00e4na? Siis on see toode just teie jaoks! See on m\u00f5jutajate lemmik ja sotsiaalmeedia sensatsioon p\u00f5hjusega! Coco &amp; Eve mask pakub t\u00e4ielikku 5-in-1 hooldust: see niisutab, hooldab, parandab juuste tekstuuri, ravib l\u00f5henenud otsi ja taltsutab juukseid vaid 10 minutiga! Nii et v\u00f5ite kustutada s\u00f5na \"halb juuste p\u00e4ev\" oma s\u00f5navarast igaveseks! P\u00e4rast hooldust l\u00f5hnavad teie juuksed kogu p\u00e4eva maitsvalt kookosp\u00e4hkli ja viigimarja j\u00e4rele.<\/p>\n\n\n\n<p>Toode sisaldab ainult looduslikke koostisosi ning ei sisalda sulfaate, f\u00fctalaate ega parabeene. See on 100% vegan ja loomavaba! Super boonus: Coco &amp; Eve annab teile hooldustoodete ostmisel ka laheda Tangle Tamer'i, mis sobib ideaalselt juuste lahtiharutamiseks. Kvaliteetne harjaste tehnoloogia aitab ka juuksemaski \u00fchtlaselt peale kanda. Mida sa veel tahaksid...?<\/p>\n\n\n\n<ul class=\"wp-block-list\">\n<li>Looduslikud koostisosad<\/li>\n\n\n\n<li>Vegan ja ilma loomkatseteta<\/li>\n\n\n\n<li>Tasuta Tangle Tamer lisatud<\/li>\n<\/ul>\n\n\n\n<div class=\"wp-block-buttons is-layout-flex wp-block-buttons-is-layout-flex\">\n<div class=\"wp-block-button has-custom-width wp-block-button__width-100\"><a class=\"wp-block-button__link wp-element-button\" href=\"https:\/\/amzn.to\/3EVo9lM\" target=\"_blank\" rel=\"nofollow noopener\">Amazon<\/a><\/div>\n<\/div>\n\n\n\n<hr class=\"wp-block-separator has-css-opacity is-style-wide\"\/>\n\n\n\n<div style=\"height:81px\" aria-hidden=\"true\" class=\"wp-block-spacer\"><\/div>\n\n\n\n<h3 class=\"wp-block-heading\" id=\"h-4-moroccanoil-haarmaske\">4. <a href=\"https:\/\/amzn.to\/3JbXLql\" target=\"_blank\" rel=\"noreferrer noopener nofollow\">Moroccanoil<\/a> Juuksemask<\/h3>\n\n\n\n<figure class=\"wp-block-image size-large is-resized\"><a href=\"https:\/\/amzn.to\/3JbXLql\" target=\"_blank\" rel=\"nofollow noopener\"><img loading=\"lazy\" decoding=\"async\" width=\"600\" height=\"600\" src=\"https:\/\/arbuti.com\/wp-content\/uploads\/2021\/03\/Moroccanoil-Haarmaske.jpg\" alt=\"Moroccanoil juuksemask\" class=\"wp-image-8701\" style=\"width:297px;height:297px\" srcset=\"https:\/\/arbuti.com\/wp-content\/uploads\/2021\/03\/Moroccanoil-Haarmaske.jpg 600w, https:\/\/arbuti.com\/wp-content\/uploads\/2021\/03\/Moroccanoil-Haarmaske-300x300.jpg 300w, https:\/\/arbuti.com\/wp-content\/uploads\/2021\/03\/Moroccanoil-Haarmaske-150x150.jpg 150w, https:\/\/arbuti.com\/wp-content\/uploads\/2021\/03\/Moroccanoil-Haarmaske-65x65.jpg 65w\" sizes=\"auto, (max-width: 600px) 100vw, 600px\" \/><\/a><\/figure>\n\n\n\n<p>See v\u00e4ga k\u00f5rge kontsentratsiooniga juuksemask on t\u00f5eline imerohi ja aitab eriti kr\u00e4ssivate ja eriti taltsutavate juuste puhul! Rikastatud kvaliteetse argaaniv\u00f5i ning argaania- ja kookos\u00f5li asendamatute rasvhapetega, annab see juustele just seda aktiivset toitu, mida nad h\u00e4dasti vajavad. Juuste struktuur muutub kaunilt siledaks ja elastseks. <\/p>\n\n\n\n<p>Juukseid on p\u00e4rast kasutamist ka lihtsam kammida. Toode annab juustele ka kauakestva ja v\u00e4ga intensiivse niiskuse, mis omakorda parandab ka juuste elastsust. Samal ajal parandatakse ja tugevdatakse loomuliku keratiini struktuuri - ja see k\u00f5ik on t\u00e4iesti sulfaat-, fosfaat- ja parabeenivaba. Suurep\u00e4rane toode!&nbsp;<\/p>\n\n\n\n<ul class=\"wp-block-list\">\n<li>Kiharate, korratute juuste puhul<\/li>\n\n\n\n<li>Ilma sulfaatide, fosfaatide ja parabeenideta<\/li>\n\n\n\n<li>V\u00e4ga intensiivne niiskus<\/li>\n<\/ul>\n\n\n\n<div class=\"wp-block-buttons is-layout-flex wp-block-buttons-is-layout-flex\">\n<div class=\"wp-block-button has-custom-width wp-block-button__width-100\"><a class=\"wp-block-button__link wp-element-button\" href=\"https:\/\/amzn.to\/3JbXLql\" target=\"_blank\" rel=\"nofollow noopener\">Amazon<\/a><\/div>\n<\/div>\n\n\n\n<hr class=\"wp-block-separator has-css-opacity is-style-wide\"\/>\n\n\n\n<div style=\"height:81px\" aria-hidden=\"true\" class=\"wp-block-spacer\"><\/div>\n\n\n\n<h3 class=\"wp-block-heading\" id=\"h-5-pantenepro-keratin-haarmaske\">5. <a href=\"https:\/\/amzn.to\/41Jh8xW\" target=\"_blank\" rel=\"noreferrer noopener nofollow\">PantenePro<\/a> Keratiini juuksemask <\/h3>\n\n\n\n<figure class=\"wp-block-image size-large is-resized\"><a href=\"https:\/\/amzn.to\/41Jh8xW\" target=\"_blank\" rel=\"nofollow noopener\"><img loading=\"lazy\" decoding=\"async\" width=\"1024\" height=\"1024\" src=\"https:\/\/arbuti.com\/wp-content\/uploads\/2021\/03\/PantenePro-Haarmaske-1024x1024.jpg\" alt=\"PantenePro juuksemask\" class=\"wp-image-11157\" style=\"width:270px;height:270px\" srcset=\"https:\/\/arbuti.com\/wp-content\/uploads\/2021\/03\/PantenePro-Haarmaske-1024x1024.jpg 1024w, https:\/\/arbuti.com\/wp-content\/uploads\/2021\/03\/PantenePro-Haarmaske-300x300.jpg 300w, https:\/\/arbuti.com\/wp-content\/uploads\/2021\/03\/PantenePro-Haarmaske-150x150.jpg 150w, https:\/\/arbuti.com\/wp-content\/uploads\/2021\/03\/PantenePro-Haarmaske-768x768.jpg 768w, https:\/\/arbuti.com\/wp-content\/uploads\/2021\/03\/PantenePro-Haarmaske-12x12.jpg 12w, https:\/\/arbuti.com\/wp-content\/uploads\/2021\/03\/PantenePro-Haarmaske-65x65.jpg 65w, https:\/\/arbuti.com\/wp-content\/uploads\/2021\/03\/PantenePro-Haarmaske.jpg 1500w\" sizes=\"auto, (max-width: 1024px) 100vw, 1024px\" \/><\/a><\/figure>\n\n\n\n<p>Pantene Pro Keratin juuksemask sisaldab mitmeid koostisosi, mis on spetsiaalselt loodud kahjustatud juuste parandamiseks ja taaselustamiseks. Peamine koostisosa on keratiin, looduslikult esinev kiud, mis on tuntud oma parandavate ja tugevdavate omaduste poolest.<\/p>\n\n\n\n<p>Lisaks keratiinile sisaldab juuksemask ka spetsiaalset valemit, mis niisutab juukseid s\u00fcgavuti ja kaitseb neid edasiste kahjustuste eest. Selle tagavad sellised koostisained nagu gl\u00fctseriin, prop\u00fcleengl\u00fckool ja pantenool. Gl\u00fctseriin ja prop\u00fcleengl\u00fckool on m\u00f5lemad niisutajad, mis tagavad, et juuksed ei kuiva v\u00e4lja ja s\u00e4ilitavad niiskuse. Pantenool on vitamiin B5 ja aitab tugevdada ja taastada juukseid.<\/p>\n\n\n\n<p>Lisaks sellele sisaldab Pantene Pro Keratin juuksemask muid toitvaid koostisosi, nagu tset\u00fc\u00fclalkohol ja stear\u00fc\u00fclalkohol, mis muudavad juuksed siledamaks ja kergemini kammitavaks. Juuksemask sisaldab ka silikooni dimetikonooli, mis silub juukseid ja annab neile rohkem s\u00e4ra.<\/p>\n\n\n\n<p>\u00dcldiselt sisaldab Pantene Pro Keratin juuksemask tasakaalustatud kombinatsiooni koostisosi, mis on spetsiaalselt loodud kahjustatud juuste vajaduste rahuldamiseks.<\/p>\n\n\n\n<ul class=\"wp-block-list\">\n<li>Pantene Pro Keratin Hair Mask parandab kahjustatud juukseid ja lisab s\u00e4ra<\/li>\n\n\n\n<li>Vormel niisutab ja kaitseb juukseid<\/li>\n\n\n\n<li>Muud koostisosad tugevdavad juukseid ja muudavad need siledamaks<\/li>\n\n\n\n<li>Lihtne pealekandmine ja paranenud juuste struktuur<\/li>\n\n\n\n<li>Juuksed tunduvad p\u00e4rast regulaarset kasutamist pehmemad ja n\u00e4evad tervislikumad v\u00e4lja.<\/li>\n<\/ul>\n\n\n\n<div class=\"wp-block-buttons is-layout-flex wp-block-buttons-is-layout-flex\">\n<div class=\"wp-block-button has-custom-width wp-block-button__width-100\"><a class=\"wp-block-button__link wp-element-button\" href=\"https:\/\/amzn.to\/41Jh8xW\" target=\"_blank\" rel=\"nofollow noopener\">Amazon<\/a><\/div>\n<\/div>\n\n\n\n<hr class=\"wp-block-separator has-css-opacity is-style-wide\"\/>\n\n\n\n<div style=\"height:81px\" aria-hidden=\"true\" class=\"wp-block-spacer\"><\/div>\n\n\n\n<h3 class=\"wp-block-heading\" id=\"h-6-argan-deluxe-haarmaske\">6. <a href=\"https:\/\/amzn.to\/3kKwyl4\" target=\"_blank\" rel=\"noreferrer noopener nofollow\">Argan Deluxe<\/a> Juuksemask<\/h3>\n\n\n\n<figure class=\"wp-block-image size-large is-resized\"><a href=\"https:\/\/amzn.to\/3kKwyl4\" target=\"_blank\" rel=\"nofollow noopener\"><img loading=\"lazy\" decoding=\"async\" width=\"684\" height=\"1024\" src=\"https:\/\/arbuti.com\/wp-content\/uploads\/2021\/03\/71cJtHE8AUL._SL1500_-e1677843605449-684x1024.jpg\" alt=\"Argaania\u00f5li juuksemask\" class=\"wp-image-11160\" style=\"width:342px;height:512px\" srcset=\"https:\/\/arbuti.com\/wp-content\/uploads\/2021\/03\/71cJtHE8AUL._SL1500_-e1677843605449-684x1024.jpg 684w, https:\/\/arbuti.com\/wp-content\/uploads\/2021\/03\/71cJtHE8AUL._SL1500_-e1677843605449-200x300.jpg 200w, https:\/\/arbuti.com\/wp-content\/uploads\/2021\/03\/71cJtHE8AUL._SL1500_-e1677843605449-8x12.jpg 8w, https:\/\/arbuti.com\/wp-content\/uploads\/2021\/03\/71cJtHE8AUL._SL1500_-e1677843605449.jpg 731w\" sizes=\"auto, (max-width: 684px) 100vw, 684px\" \/><\/a><\/figure>\n\n\n\n<p>Argan Deluxe juuksemask koos <a href=\"https:\/\/arbuti.com\/et\/argaaniaoli\/\">argaania\u00f5li<\/a> saavutas meie testis kuuenda koha ja me oleme vaimustunud selle professionaalsest koostisest, mis parandab kuivad ja kahjustatud juuksed ning annab neile imelise s\u00e4ra. Meeldiva l\u00f5hna ja puhta pehmusega on see juuksemask t\u00f5eline maiuspala sinu meeltele ning j\u00e4tab juuksed pehmeks ja terveks.<\/p>\n\n\n\n<p>Nii meeste kui ka naiste juuksemaski abil saab ka k\u00f5ige keerulisemad juuksed lahti harutada ja hooldada, muutes need kergesti kammitavaks ja stiliseeritavaks. Sobib ideaalselt ka blondidele juustele. Igap\u00e4evane kasutamine tagab v\u00e4hem juuste k\u00e4haraid ja elavdab juukseid, muutes need siledaks ja l\u00e4ikivaks.<\/p>\n\n\n\n<p>Maroko argaania\u00f5li ei nimetata mitte ilmaasjata vedelaks kullaks. See sisaldab oomega 3, 6 ja 9 ning E-vitamiini, et <a href=\"https:\/\/arbuti.com\/et\/tervislikumad-taeielikumad-karvad\/\">terved juuksed<\/a> ja terve peanahk. Selle juuksemaskiga annad oma juustele v\u00e4\u00e4rilise hoolduse ja lased neil taas s\u00e4rada.<\/p>\n\n\n\n<ul class=\"wp-block-list\">\n<li>Argan Deluxe juuksemask argaania\u00f5liga muudab juuksed pehmeks ja terveks.<\/li>\n\n\n\n<li>Parandab ja silub kuivad ja kahjustatud juuksed<\/li>\n\n\n\n<li>Igap\u00e4evane kasutamine muudab juuksed kergesti kammitavaks ja annab neile sileda ja l\u00e4ikiva v\u00e4limuse.<\/li>\n<\/ul>\n\n\n\n<div class=\"wp-block-buttons is-layout-flex wp-block-buttons-is-layout-flex\">\n<div class=\"wp-block-button has-custom-width wp-block-button__width-100\"><a class=\"wp-block-button__link wp-element-button\" href=\"https:\/\/amzn.to\/3kKwyl4\" target=\"_blank\" rel=\"nofollow noopener\">Amazon<\/a><\/div>\n<\/div>\n\n\n\n<hr class=\"wp-block-separator has-css-opacity is-style-wide\"\/>\n\n\n\n<div style=\"height:81px\" aria-hidden=\"true\" class=\"wp-block-spacer\"><\/div>\n\n\n\n<h3 class=\"wp-block-heading\" id=\"h-7-john-frieda-haarmaske\">7. <a href=\"https:\/\/amzn.to\/3y9xcf0\" target=\"_blank\" rel=\"noreferrer noopener nofollow\">John Frieda<\/a> Juuksemask<\/h3>\n\n\n\n<figure class=\"wp-block-image size-large is-resized\"><a href=\"https:\/\/amzn.to\/3y9xcf0\" target=\"_blank\" rel=\"nofollow noopener\"><img loading=\"lazy\" decoding=\"async\" width=\"600\" height=\"600\" src=\"https:\/\/arbuti.com\/wp-content\/uploads\/2021\/03\/JohnFrieda-Haarmaske.jpg\" alt=\"JohnFrieda juuksemask\" class=\"wp-image-8707\" style=\"width:326px;height:326px\" srcset=\"https:\/\/arbuti.com\/wp-content\/uploads\/2021\/03\/JohnFrieda-Haarmaske.jpg 600w, https:\/\/arbuti.com\/wp-content\/uploads\/2021\/03\/JohnFrieda-Haarmaske-300x300.jpg 300w, https:\/\/arbuti.com\/wp-content\/uploads\/2021\/03\/JohnFrieda-Haarmaske-150x150.jpg 150w, https:\/\/arbuti.com\/wp-content\/uploads\/2021\/03\/JohnFrieda-Haarmaske-65x65.jpg 65w\" sizes=\"auto, (max-width: 600px) 100vw, 600px\" \/><\/a><\/figure>\n\n\n\n<p>See on meie absoluutne lemmik toode: Wella Professionals SP Reverse Regenerating Hair Mask! See kvaliteetne juuksemask pakub juustele rikkalikku, kohese hooldust. See on spetsiaalselt v\u00e4lja t\u00f6\u00f6tatud juuste jaoks, mis on stressis ja kahjustatud stiiliga ja on muljetavaldavalt t\u00f5hus!<\/p>\n\n\n\n<p>See annab juustele intensiivsema l\u00e4ike ja tervislikuma v\u00e4limuse kohe p\u00e4rast esimest pealekandmist! Toode annab tohutult niiskust ja tagab samal ajal parema elastsuse ja kammitavuse! See on tingitud kvaliteetsetest koostisosadest, nagu A-, B5-, E- ja F-vitamiinid, samuti kofeiin ja merevetikad. See juuksemask takistab ka juuste s\u00e4risemist. L\u00f5hn on v\u00e4ga meeldiv! Ja professionaalse toote hind 15,95 on \u00fcletamatu. Meie hinna ja kvaliteedi v\u00f5itja!&nbsp;<\/p>\n\n\n\n<ul class=\"wp-block-list\">\n<li>Taastab vitamiinide, kofeiini ja merevetikate abil.<\/li>\n\n\n\n<li>Takistab s\u00e4risemise tekkimist<\/li>\n\n\n\n<li>L\u00f5hnab v\u00e4ga meeldivalt<\/li>\n<\/ul>\n\n\n\n<div class=\"wp-block-buttons is-layout-flex wp-block-buttons-is-layout-flex\">\n<div class=\"wp-block-button has-custom-width wp-block-button__width-100\"><a class=\"wp-block-button__link wp-element-button\" href=\"https:\/\/amzn.to\/3y9xcf0\" target=\"_blank\" rel=\"nofollow noopener\">Amazon<\/a><\/div>\n<\/div>\n\n\n\n<hr class=\"wp-block-separator has-css-opacity is-style-wide\"\/>\n\n\n\n<div style=\"height:81px\" aria-hidden=\"true\" class=\"wp-block-spacer\"><\/div>\n\n\n\n<h3 class=\"wp-block-heading\" id=\"h-8-dr-schedu-haarmaske\">8. <a href=\"https:\/\/amzn.to\/3qVk3A2\" rel=\"noreferrer noopener nofollow\" target=\"_blank\">Dr.Schedu<\/a> Juuksemask<\/h3>\n\n\n\n<figure class=\"wp-block-image size-large is-resized\"><a href=\"https:\/\/amzn.to\/3qVk3A2\" target=\"_blank\" rel=\"nofollow noopener\"><img loading=\"lazy\" decoding=\"async\" width=\"600\" height=\"600\" src=\"https:\/\/arbuti.com\/wp-content\/uploads\/2021\/03\/Dr.Schedu-Haarmaske.jpg\" alt=\"Dr.Schedu juuksemask\" class=\"wp-image-8698\" style=\"width:336px;height:336px\" srcset=\"https:\/\/arbuti.com\/wp-content\/uploads\/2021\/03\/Dr.Schedu-Haarmaske.jpg 600w, https:\/\/arbuti.com\/wp-content\/uploads\/2021\/03\/Dr.Schedu-Haarmaske-300x300.jpg 300w, https:\/\/arbuti.com\/wp-content\/uploads\/2021\/03\/Dr.Schedu-Haarmaske-150x150.jpg 150w, https:\/\/arbuti.com\/wp-content\/uploads\/2021\/03\/Dr.Schedu-Haarmaske-65x65.jpg 65w\" sizes=\"auto, (max-width: 600px) 100vw, 600px\" \/><\/a><\/figure>\n\n\n\n<p>See Dr. Schedu intensiivne juuksehooldus on absoluutselt tipptasemel, sest see p\u00f5hineb uusimatel teaduslikel tulemustel. Kvaliteetsed toimeained keratiin, kollageen, aloe vera, jojoba\u00f5li, sheav\u00f5i ja argaania\u00f5li annavad juustele p\u00fcsiva s\u00e4ra ja optimaalse niiskuse. <\/p>\n\n\n\n<p>Pingestatud juuksed on kohe eluj\u00f5ulised ja kergemini kammitavad. Toode on t\u00f5eline vitamiinipomm ja kaitseb ka kahjustuste ja l\u00f5henenud otsade eest. See lisahooldus on garanteeritud! See <strong>looduslik juuste mask<\/strong> on t\u00e4iesti vaba kahjulikest silikonidest, parabeenidest ja parafiinidest ning toodetud Saksamaal ilma loomkatseteta. Vasar!&nbsp;<\/p>\n\n\n\n<ul class=\"wp-block-list\">\n<li>Silikooni-, parabeeni- ja parafiinivaba<\/li>\n\n\n\n<li>Ilma loomkatseteta<\/li>\n<\/ul>\n\n\n\n<div class=\"wp-block-buttons is-layout-flex wp-block-buttons-is-layout-flex\">\n<div class=\"wp-block-button has-custom-width wp-block-button__width-100\"><a class=\"wp-block-button__link wp-element-button\" href=\"https:\/\/amzn.to\/3qVk3A2\" target=\"_blank\" rel=\"nofollow noopener\">Amazon<\/a><\/div>\n<\/div>\n\n\n\n<hr class=\"wp-block-separator has-css-opacity is-style-wide\"\/>\n\n\n\n<div style=\"height:81px\" aria-hidden=\"true\" class=\"wp-block-spacer\"><\/div>\n\n\n\n<h2 class=\"wp-block-heading\">Mis on juuksemask v\u00f5i juuksehooldus?<\/h2>\n\n\n\n<figure class=\"wp-block-image size-large is-resized\"><a href=\"https:\/\/arbuti.com\/wp-content\/uploads\/2021\/03\/Haarmaske-Test.jpg\"><img loading=\"lazy\" decoding=\"async\" width=\"700\" height=\"700\" src=\"https:\/\/arbuti.com\/wp-content\/uploads\/2021\/03\/Haarmaske-Test.jpg\" alt=\"Juuksemaskide test\" class=\"wp-image-8711\" style=\"width:483px;height:483px\" srcset=\"https:\/\/arbuti.com\/wp-content\/uploads\/2021\/03\/Haarmaske-Test.jpg 700w, https:\/\/arbuti.com\/wp-content\/uploads\/2021\/03\/Haarmaske-Test-300x300.jpg 300w, https:\/\/arbuti.com\/wp-content\/uploads\/2021\/03\/Haarmaske-Test-150x150.jpg 150w, https:\/\/arbuti.com\/wp-content\/uploads\/2021\/03\/Haarmaske-Test-65x65.jpg 65w\" sizes=\"auto, (max-width: 700px) 100vw, 700px\" \/><\/a><\/figure>\n\n\n\n<p>Nii juuksemask kui ka juuksehooldus hooldavad juukseid intensiivselt. Tegelikult on tooted tavaliselt sarnase koostisega. Ainus erinevus on see, et maskis on tavaliselt suurem osakaal \u00f5lisid, mis niisutavad juukseid veelgi intensiivsemalt. Erinevus on siiski nii v\u00e4ike, et neid kahte ei ole vaja eristada. M\u00f5lemad hooldustooted lubavad intensiivset toimet ja neid masseeritakse p\u00e4rast pesemist veel niisketesse juustele. <\/p>\n\n\n\n<p>Kui kaua neid tuleks optimaalse toime saavutamiseks sisse j\u00e4tta, leiate vastava toote kasutusjuhendist. P\u00e4rast pealekandmise aega loputatakse hooldustoode uuesti v\u00e4lja. P\u00e4rast seda v\u00f5ib <a href=\"https:\/\/arbuti.com\/et\/konditsioneer\/\">Konditsioneer<\/a> kohaldatud.&nbsp;&nbsp;<\/p>\n\n\n\n<h2 class=\"wp-block-heading\">Kui tihti peaksin ma juuksemaski kasutama?<\/h2>\n\n\n\n<p>Kui te arvate: mida sagedamini ma kasutan oma juuksehooldust v\u00f5i juuksemaski, seda parem, siis te kahjuks eksite sel juhul t\u00e4ielikult! Hooldus peaks olema sihip\u00e4rane ja seda ei tohiks kasutada nii sageli kui v\u00f5imalik. Sa v\u00f5id oma juuste eest tegelikult \u00fclehooldada! Ja see ei ole \u00fcldse soovitatav: sest liiga palju hooldust muudab juuksed n\u00f5rgaks ja tuhmiks. Samuti v\u00f5ib see kiiresti kaotada mahtu. <\/p>\n\n\n\n<p>Seep\u00e4rast ei tohiks kunagi liialdada juuksemaskide v\u00f5i -ravi kasutamisega - \u00fcksk\u00f5ik kui hea see ka poleks: \u00fcks kord n\u00e4dalas on piisav. Maksimaalselt kaks korda n\u00e4dalas!<\/p>\n\n\n\n<h2 class=\"wp-block-heading\">Millised tegurid r\u00f5hutavad teie juukseid<\/h2>\n\n\n\n<h4 class=\"wp-block-heading\" id=\"h-chemische-einflusse\"><strong>Keemilised m\u00f5jud<\/strong><\/h4>\n\n\n\n<p>V\u00e4rvimine, pleegitamine ja kestvustamine on teie juustele suur koormus! Need ravimeetodid r\u00fcndavad pikemas perspektiivis teie juuste sisemust. See v\u00f5ib pikemas perspektiivis p\u00f5hjustada t\u00f5siseid kahjustusi ja l\u00f5henenud otsi. Kui te puutute oma juukseid kokku kemikaalidega, siis peaksite nende eest regulaarselt hoolitsema!&nbsp;<\/p>\n\n\n\n<h4 class=\"wp-block-heading\" id=\"h-mechanische-einflusse\"><strong>Mehaanilised m\u00f5jud<\/strong><\/h4>\n\n\n\n<p>See h\u00f5lmab kammimist v\u00f5i toupee'i, aga ka lokirullide kasutamist. Kahjuks v\u00f5ib see p\u00f5hjustada, et juuste k\u00fc\u00fcnenahk muutub aja jooksul \u00e4\u00e4rmiselt krobeliseks ja kahjustatud. Kahjuks on m\u00e4rjad juuksed selle suhtes eriti vastuv\u00f5tlikud, sest k\u00fc\u00fcnenahk on m\u00e4rjalt paisunud, paljastades seestpoolt koore. Seet\u00f5ttu on k\u00f5ige parem oodata, kuni juuksed on kuivanud, enne kui kammida ja harjata. Liigne v\u00f5i vale harjamine sobimatute toodetega v\u00f5ib samuti p\u00f5hjustada juuste v\u00e4ljalangemist v\u00f5i juuste murdumist. Samamoodi ka liiga tihedalt punutud punutud punutised!<\/p>\n\n\n\n<h4 class=\"wp-block-heading\" id=\"h-umwelteinflusse\"><strong>Keskkonnam\u00f5jud<\/strong><\/h4>\n\n\n\n<p>UV-valgus ning soola ja kloori sisaldav vesi on kahjuks m\u00fcrk teie juustele! Need v\u00f5ivad viia juuste struktuuri keemiliste sidemete lahustumiseni. P\u00e4ikesesoojus kuivatab ka juukseid, muutes need vastuv\u00f5tlikumaks v\u00e4listele kahjustustele.&nbsp;<\/p>\n\n\n\n<h4 class=\"wp-block-heading\" id=\"h-hitze\"><strong>Soojus<\/strong><\/h4>\n\n\n\n<p>\u00dcldiselt ei tee kuumus ja eriti kuumus teie juustele head! Selliste stiilitoodete kasutamine nagu&nbsp;<a href=\"https:\/\/arbuti.com\/et\/foehn\/\">F\u00f6\u00f6n<\/a>, <a href=\"https:\/\/arbuti.com\/et\/klaasistunud-raud\/\">Sirgendaja<\/a> v\u00f5i <a href=\"https:\/\/arbuti.com\/et\/lokitriikraud\/\">lokitriikraud<\/a> muudab teie v\u00e4limuse l\u00fchiajaliselt t\u00e4iuslikuks, kuid v\u00f5ib juuste struktuuri p\u00f6\u00f6rdumatult kahjustada. See koormab ka peanahka, mis v\u00f5ib p\u00f5hjustada juuste v\u00e4ljalangemist. Seet\u00f5ttu peaksite enne stiilimuutust alati <a href=\"https:\/\/arbuti.com\/et\/kuumakaitsesprei\/\">Kuumakaitsesprei<\/a> kasutada!<\/p>\n\n\n\n<h2 class=\"wp-block-heading\" id=\"h-fragen-und-antworten\">K\u00fcsimused ja vastused<\/h2>\n\n\n\t\t<section\t\tclass=\"sc_fs_faq sc_card\"\n\t\t\t\t>\n\t\t\t\t<h3>Kas juustele v\u00f5ib olla kahjulik, kui ma j\u00e4tan juuksehooldusvahendi liiga kauaks?<\/h3>\t\t\t\t<div>\n\t\t\t\t\t\t<div class=\"sc_fs_faq__content\">\n\t\t\t\t\n\n<p>Kui see juhtub sagedamini, v\u00f5ib juuste struktuur kahjustada. Seega on parem alati j\u00e4rgida kasutusjuhendit.<\/p>\n\n\t\t\t<\/div>\n\t\t<\/div>\n\t\t<\/section>\n\t\t\t\t<section\t\tclass=\"sc_fs_faq sc_card\"\n\t\t\t\t>\n\t\t\t\t<h3>Ma tahan j\u00e4tta oma juuksemaski \u00f6\u00f6seks. Hea m\u00f5te?<\/h3>\t\t\t\t<div>\n\t\t\t\t\t\t<div class=\"sc_fs_faq__content\">\n\t\t\t\t\n\n<p>See s\u00f5ltub. On olemas spetsiaalsed tooted, mis on spetsiaalselt v\u00e4lja t\u00f6\u00f6tatud \u00f6\u00f6sel kasutamiseks. Siiski ei tohiks tavap\u00e4rast juuksemaski v\u00f5i -ravi nii kauaks j\u00e4tta, sest see on m\u00f5eldud kiireks iluhoolduseks.  Pidage alati kinni toote soovitatud kokkupuuteajast!<\/p>\n\n\t\t\t<\/div>\n\t\t<\/div>\n\t\t<\/section>\n\t\t\t\t<section\t\tclass=\"sc_fs_faq sc_card\"\n\t\t\t\t>\n\t\t\t\t<h3>Mis vahe on juuksemaskil ja palsamil?<\/h3>\t\t\t\t<div>\n\t\t\t\t\t\t<div class=\"sc_fs_faq__content\">\n\t\t\t\t\n\n<p>Juuksemask v\u00f5i -ravi sisaldab k\u00f5rgkontsentreeritud hooldusaineid, mis hooldavad juukseid intensiivsemalt seestpoolt ja kaitsevad neid v\u00e4lism\u00f5jude eest. Konditsioneer muudab juuksed siledamaks ja kergemini kammitavaks.<\/p>\n\n\t\t\t<\/div>\n\t\t<\/div>\n\t\t<\/section>\n\t\t\t\t<section\t\tclass=\"sc_fs_faq sc_card\"\n\t\t\t\t>\n\t\t\t\t<h3>Tehke ise juuksemask?<\/h3>\t\t\t\t<div>\n\t\t\t\t\t\t<div class=\"sc_fs_faq__content\">\n\t\t\t\t\n\n<p>Loomulikult, kuid DIY-ravimite kasutamine on aegan\u00f5udvam, sest enne nende kasutamist tuleb need ise valmistada. See pingutus l\u00fclitab paljud inimesed v\u00e4lja, mis t\u00e4hendab, et nad teevad tihtipeale igap\u00e4evaelus hoolimatut t\u00f6\u00f6d. Aga kui teil on t\u00f5esti aega ja tahtmist, v\u00f5ite leida internetist palju p\u00f5nevaid retsepte \u00f5lle v\u00f5i oliivi\u00f5liga.<\/p>\n\n\t\t\t<\/div>\n\t\t<\/div>\n\t\t<\/section>\n\t\t\n<script type=\"application\/ld+json\">{\n    \"@context\": \"https:\\\/\\\/schema.org\",\n    \"@type\": \"FAQPage\",\n    \"mainEntity\": [\n        {\n            \"@type\": \"Question\",\n            \"name\": \"Kann es sch\\u00e4dlich f\\u00fcr mein Haar sein, wenn ich eine Haarkur zu lange einwirken lasse?\",\n            \"acceptedAnswer\": {\n                \"@type\": \"Answer\",\n                \"text\": \"<p>Wenn es \\u00f6fter passiert, k\\u00f6nnte die Haarstruktur dadurch gesch\\u00e4digt werden. Also besser immer an die Gebrauchsanweisung halten.<\\\/p>\"\n            }\n        },\n        {\n            \"@type\": \"Question\",\n            \"name\": \"Ich m\\u00f6chte meine Haarmaske \\u00fcber Nacht einwirken lassen. Eine gute Idee?\",\n            \"acceptedAnswer\": {\n                \"@type\": \"Answer\",\n                \"text\": \"<p>Das kommt darauf an. Es gibt spezielle Produkte, die extra f\\u00fcr eine Anwendung \\u00fcber Nacht entwickelt worden sind. Eine herk\\u00f6mmliche Haarmaske oder Kur solltest du aber bitte nicht so lange einwirken lassen, weil sie f\\u00fcr den schnellen Beauty-Boost gedacht ist.&nbsp; Immer an die empfohlene Einwirkzeit des Produktes halten!<\\\/p>\"\n            }\n        },\n        {\n            \"@type\": \"Question\",\n            \"name\": \"Was ist der Unterschied zwischen Haarmaske und Conditioner?\",\n            \"acceptedAnswer\": {\n                \"@type\": \"Answer\",\n                \"text\": \"<p>Eine Haarmaske bzw. Kur enth\\u00e4lt hochkonzentrierte Pflegestoffe, die das Haar intensiver von innen pflegen und vor \\u00e4u\\u00dferlichen Einwirkungen sch\\u00fctzen. Ein Conditioner macht die Haare vor allem geschmeidiger und sorgt f\\u00fcr bessere K\\u00e4mmbarkeit.<\\\/p>\"\n            }\n        },\n        {\n            \"@type\": \"Question\",\n            \"name\": \"Haarmaske selber machen?\",\n            \"acceptedAnswer\": {\n                \"@type\": \"Answer\",\n                \"text\": \"<p>Klar, aber DIY Kuren sind nat\\u00fcrlich aufwendiger, weil du sie erst selbst herstellen musst, bevor du sie anwenden kannst. Dieser Aufwand t\\u00f6rnt viele ab, wodurch dann im Alltag oft ganz auf eine Pflege verzichtet wird. Solltest du aber mal wirklich Zeit und Lust haben, findest du viele spannende Rezepte mit z.B. Bier oder Oliven\\u00f6l im Internet.<\\\/p>\"\n            }\n        }\n    ]\n}<\/script>","protected":false},"excerpt":{"rendered":"<p>Haarmaske und Haarkur Haarmaske und Haarkur Test 2025! Unsere 8 besten Favoriten, die wir in unserem Friseur Salon in Anwendung [&hellip;]<\/p>","protected":false},"author":1,"featured_media":7050,"comment_status":"closed","ping_status":"open","sticky":false,"template":"","format":"standard","meta":{"ub_ctt_via":"","_uag_custom_page_level_css":"","site-sidebar-layout":"default","site-content-layout":"default","ast-site-content-layout":"default","site-content-style":"default","site-sidebar-style":"default","ast-global-header-display":"","ast-banner-title-visibility":"","ast-main-header-display":"","ast-hfb-above-header-display":"","ast-hfb-below-header-display":"","ast-hfb-mobile-header-display":"","site-post-title":"","ast-breadcrumbs-content":"","ast-featured-img":"","footer-sml-layout":"","theme-transparent-header-meta":"default","adv-header-id-meta":"","stick-header-meta":"default","header-above-stick-meta":"","header-main-stick-meta":"","header-below-stick-meta":"","astra-migrate-meta-layouts":"set","ast-page-background-enabled":"default","ast-page-background-meta":{"desktop":{"background-color":"","background-image":"","background-repeat":"repeat","background-position":"center center","background-size":"auto","background-attachment":"scroll","background-type":"","background-media":"","overlay-type":"","overlay-color":"","overlay-opacity":"","overlay-gradient":""},"tablet":{"background-color":"","background-image":"","background-repeat":"repeat","background-position":"center center","background-size":"auto","background-attachment":"scroll","background-type":"","background-media":"","overlay-type":"","overlay-color":"","overlay-opacity":"","overlay-gradient":""},"mobile":{"background-color":"","background-image":"","background-repeat":"repeat","background-position":"center center","background-size":"auto","background-attachment":"scroll","background-type":"","background-media":"","overlay-type":"","overlay-color":"","overlay-opacity":"","overlay-gradient":""}},"ast-content-background-meta":{"desktop":{"background-color":"var(--ast-global-color-5)","background-image":"","background-repeat":"repeat","background-position":"center center","background-size":"auto","background-attachment":"scroll","background-type":"","background-media":"","overlay-type":"","overlay-color":"","overlay-opacity":"","overlay-gradient":""},"tablet":{"background-color":"var(--ast-global-color-5)","background-image":"","background-repeat":"repeat","background-position":"center center","background-size":"auto","background-attachment":"scroll","background-type":"","background-media":"","overlay-type":"","overlay-color":"","overlay-opacity":"","overlay-gradient":""},"mobile":{"background-color":"var(--ast-global-color-5)","background-image":"","background-repeat":"repeat","background-position":"center center","background-size":"auto","background-attachment":"scroll","background-type":"","background-media":"","overlay-type":"","overlay-color":"","overlay-opacity":"","overlay-gradient":""}},"footnotes":""},"categories":[6322],"tags":[],"class_list":["post-8687","post","type-post","status-publish","format-standard","has-post-thumbnail","hentry","category-haarstyling"],"featured_image_src":"https:\/\/arbuti.com\/wp-content\/uploads\/2021\/02\/Haarmaske-2.jpg","author_info":{"display_name":"admin","author_link":"https:\/\/arbuti.com\/et\/author\/admin\/"},"yoast_head":"<!-- This site is optimized with the Yoast SEO Premium plugin v25.3 (Yoast SEO v25.3) - https:\/\/yoast.com\/wordpress\/plugins\/seo\/ -->\n<title>Haarmaske Top 8: Die beste Haarkur und Haarmasken im Test 2025!<\/title>\n<meta name=\"description\" content=\"Haarmaske Test 2025 im Friseur Salon. Welche Haarmaske und Haarkur ist die beste? Wir haben den Vergleich gemacht!\" \/>\n<meta name=\"robots\" content=\"index, follow, max-snippet:-1, max-image-preview:large, max-video-preview:-1\" \/>\n<link rel=\"canonical\" href=\"https:\/\/arbuti.com\/et\/juuksemask\/\" \/>\n<meta property=\"og:locale\" content=\"et_EE\" \/>\n<meta property=\"og:type\" content=\"article\" \/>\n<meta property=\"og:title\" content=\"Haarmaske\" \/>\n<meta property=\"og:description\" content=\"Haarmaske und Haarkur Haarmaske und Haarkur Test 2025! Unsere 8 besten Favoriten, die wir in unserem Friseur Salon in Anwendung haben und lieben im\" \/>\n<meta property=\"og:url\" content=\"https:\/\/arbuti.com\/et\/juuksemask\/\" \/>\n<meta property=\"og:site_name\" content=\"ARBUTI Hair Salon\" \/>\n<meta property=\"article:publisher\" content=\"https:\/\/www.facebook.com\/Arbutihairsalon\/\" \/>\n<meta property=\"article:published_time\" content=\"2021-03-16T15:30:38+00:00\" \/>\n<meta property=\"article:modified_time\" content=\"2025-06-23T11:53:21+00:00\" \/>\n<meta property=\"og:image\" content=\"https:\/\/arbuti.com\/wp-content\/uploads\/2021\/02\/Haarmaske-2.jpg\" \/>\n\t<meta property=\"og:image:width\" content=\"1000\" \/>\n\t<meta property=\"og:image:height\" content=\"778\" \/>\n\t<meta property=\"og:image:type\" content=\"image\/jpeg\" \/>\n<meta name=\"author\" content=\"admin\" \/>\n<meta name=\"twitter:card\" content=\"summary_large_image\" \/>\n<meta name=\"twitter:label1\" content=\"Written by\" \/>\n\t<meta name=\"twitter:data1\" content=\"admin\" \/>\n\t<meta name=\"twitter:label2\" content=\"Est. reading time\" \/>\n\t<meta name=\"twitter:data2\" content=\"14 minutit\" \/>\n<script type=\"application\/ld+json\" class=\"yoast-schema-graph\">{\"@context\":\"https:\/\/schema.org\",\"@graph\":[{\"@type\":\"Article\",\"@id\":\"https:\/\/arbuti.com\/haarmaske\/#article\",\"isPartOf\":{\"@id\":\"https:\/\/arbuti.com\/haarmaske\/\"},\"author\":{\"name\":\"admin\",\"@id\":\"https:\/\/arbuti.com\/fr\/#\/schema\/person\/d85bbf7b442ca0f812c3aa0ed9eece8f\"},\"headline\":\"Haarmaske\",\"datePublished\":\"2021-03-16T15:30:38+00:00\",\"dateModified\":\"2025-06-23T11:53:21+00:00\",\"mainEntityOfPage\":{\"@id\":\"https:\/\/arbuti.com\/haarmaske\/\"},\"wordCount\":2247,\"publisher\":{\"@id\":\"https:\/\/arbuti.com\/fr\/#organization\"},\"image\":{\"@id\":\"https:\/\/arbuti.com\/haarmaske\/#primaryimage\"},\"thumbnailUrl\":\"https:\/\/arbuti.com\/wp-content\/uploads\/2021\/02\/Haarmaske-2.jpg\",\"articleSection\":[\"Haarstyling\"],\"inLanguage\":\"et\"},{\"@type\":\"WebPage\",\"@id\":\"https:\/\/arbuti.com\/haarmaske\/\",\"url\":\"https:\/\/arbuti.com\/haarmaske\/\",\"name\":\"Haarmaske Top 8: Die beste Haarkur und Haarmasken im Test 2025!\",\"isPartOf\":{\"@id\":\"https:\/\/arbuti.com\/fr\/#website\"},\"primaryImageOfPage\":{\"@id\":\"https:\/\/arbuti.com\/haarmaske\/#primaryimage\"},\"image\":{\"@id\":\"https:\/\/arbuti.com\/haarmaske\/#primaryimage\"},\"thumbnailUrl\":\"https:\/\/arbuti.com\/wp-content\/uploads\/2021\/02\/Haarmaske-2.jpg\",\"datePublished\":\"2021-03-16T15:30:38+00:00\",\"dateModified\":\"2025-06-23T11:53:21+00:00\",\"description\":\"Haarmaske Test 2025 im Friseur Salon. Welche Haarmaske und Haarkur ist die beste? Wir haben den Vergleich gemacht!\",\"breadcrumb\":{\"@id\":\"https:\/\/arbuti.com\/haarmaske\/#breadcrumb\"},\"inLanguage\":\"et\",\"potentialAction\":[{\"@type\":\"ReadAction\",\"target\":[\"https:\/\/arbuti.com\/haarmaske\/\"]}]},{\"@type\":\"ImageObject\",\"inLanguage\":\"et\",\"@id\":\"https:\/\/arbuti.com\/haarmaske\/#primaryimage\",\"url\":\"https:\/\/arbuti.com\/wp-content\/uploads\/2021\/02\/Haarmaske-2.jpg\",\"contentUrl\":\"https:\/\/arbuti.com\/wp-content\/uploads\/2021\/02\/Haarmaske-2.jpg\",\"width\":1000,\"height\":778,\"caption\":\"Haarmaske\"},{\"@type\":\"BreadcrumbList\",\"@id\":\"https:\/\/arbuti.com\/haarmaske\/#breadcrumb\",\"itemListElement\":[{\"@type\":\"ListItem\",\"position\":1,\"name\":\"ARBUTI\",\"item\":\"https:\/\/arbuti.com\/\"},{\"@type\":\"ListItem\",\"position\":2,\"name\":\"Haarstyling\",\"item\":\"https:\/\/arbuti.com\/fr\/categorie\/haarstyling\/\"},{\"@type\":\"ListItem\",\"position\":3,\"name\":\"Haarmaske\"}]},{\"@type\":\"WebSite\",\"@id\":\"https:\/\/arbuti.com\/fr\/#website\",\"url\":\"https:\/\/arbuti.com\/fr\/\",\"name\":\"ARBUTI Hair Salon\",\"description\":\"Friseur M\u00fcnchen\",\"publisher\":{\"@id\":\"https:\/\/arbuti.com\/fr\/#organization\"},\"alternateName\":\"ARBUTI\",\"potentialAction\":[{\"@type\":\"SearchAction\",\"target\":{\"@type\":\"EntryPoint\",\"urlTemplate\":\"https:\/\/arbuti.com\/fr\/?s={search_term_string}\"},\"query-input\":{\"@type\":\"PropertyValueSpecification\",\"valueRequired\":true,\"valueName\":\"search_term_string\"}}],\"inLanguage\":\"et\"},{\"@type\":\"Organization\",\"@id\":\"https:\/\/arbuti.com\/fr\/#organization\",\"name\":\"ARBUTI Hair Salon\",\"alternateName\":\"ARBUTI\",\"url\":\"https:\/\/arbuti.com\/fr\/\",\"logo\":{\"@type\":\"ImageObject\",\"inLanguage\":\"et\",\"@id\":\"https:\/\/arbuti.com\/fr\/#\/schema\/logo\/image\/\",\"url\":\"https:\/\/arbuti.com\/wp-content\/uploads\/2020\/04\/cropped-Arbuti-Friseur-Muenchen.jpg\",\"contentUrl\":\"https:\/\/arbuti.com\/wp-content\/uploads\/2020\/04\/cropped-Arbuti-Friseur-Muenchen.jpg\",\"width\":512,\"height\":512,\"caption\":\"ARBUTI Hair Salon\"},\"image\":{\"@id\":\"https:\/\/arbuti.com\/fr\/#\/schema\/logo\/image\/\"},\"sameAs\":[\"https:\/\/www.facebook.com\/Arbutihairsalon\/\",\"https:\/\/www.instagram.com\/arbutihairsalon\/\",\"https:\/\/www.pinterest.de\/arbutihairsalon\/arbuti-hair-salon\/\"]},{\"@type\":\"Person\",\"@id\":\"https:\/\/arbuti.com\/fr\/#\/schema\/person\/d85bbf7b442ca0f812c3aa0ed9eece8f\",\"name\":\"admin\",\"image\":{\"@type\":\"ImageObject\",\"inLanguage\":\"et\",\"@id\":\"https:\/\/arbuti.com\/fr\/#\/schema\/person\/image\/\",\"url\":\"https:\/\/secure.gravatar.com\/avatar\/a5ca7376327017715559ffb9b376df51?s=96&d=mm&r=g\",\"contentUrl\":\"https:\/\/secure.gravatar.com\/avatar\/a5ca7376327017715559ffb9b376df51?s=96&d=mm&r=g\",\"caption\":\"admin\"}}]}<\/script>\n<!-- \/ Yoast SEO Premium plugin. -->","yoast_head_json":{"title":"Haarmaske Top 8: Die beste Haarkur und Haarmasken im Test 2025!","description":"Haarmaske Test 2025 im Friseur Salon. Welche Haarmaske und Haarkur ist die beste? Wir haben den Vergleich gemacht!","robots":{"index":"index","follow":"follow","max-snippet":"max-snippet:-1","max-image-preview":"max-image-preview:large","max-video-preview":"max-video-preview:-1"},"canonical":"https:\/\/arbuti.com\/et\/juuksemask\/","og_locale":"et_EE","og_type":"article","og_title":"Haarmaske","og_description":"Haarmaske und Haarkur Haarmaske und Haarkur Test 2025! Unsere 8 besten Favoriten, die wir in unserem Friseur Salon in Anwendung haben und lieben im","og_url":"https:\/\/arbuti.com\/et\/juuksemask\/","og_site_name":"ARBUTI Hair Salon","article_publisher":"https:\/\/www.facebook.com\/Arbutihairsalon\/","article_published_time":"2021-03-16T15:30:38+00:00","article_modified_time":"2025-06-23T11:53:21+00:00","og_image":[{"width":1000,"height":778,"url":"https:\/\/arbuti.com\/wp-content\/uploads\/2021\/02\/Haarmaske-2.jpg","type":"image\/jpeg"}],"author":"admin","twitter_card":"summary_large_image","twitter_misc":{"Written by":"admin","Est. reading time":"14 minutit"},"schema":{"@context":"https:\/\/schema.org","@graph":[{"@type":"Article","@id":"https:\/\/arbuti.com\/haarmaske\/#article","isPartOf":{"@id":"https:\/\/arbuti.com\/haarmaske\/"},"author":{"name":"admin","@id":"https:\/\/arbuti.com\/fr\/#\/schema\/person\/d85bbf7b442ca0f812c3aa0ed9eece8f"},"headline":"Haarmaske","datePublished":"2021-03-16T15:30:38+00:00","dateModified":"2025-06-23T11:53:21+00:00","mainEntityOfPage":{"@id":"https:\/\/arbuti.com\/haarmaske\/"},"wordCount":2247,"publisher":{"@id":"https:\/\/arbuti.com\/fr\/#organization"},"image":{"@id":"https:\/\/arbuti.com\/haarmaske\/#primaryimage"},"thumbnailUrl":"https:\/\/arbuti.com\/wp-content\/uploads\/2021\/02\/Haarmaske-2.jpg","articleSection":["Haarstyling"],"inLanguage":"et"},{"@type":"WebPage","@id":"https:\/\/arbuti.com\/haarmaske\/","url":"https:\/\/arbuti.com\/haarmaske\/","name":"Haarmaske Top 8: Die beste Haarkur und Haarmasken im Test 2025!","isPartOf":{"@id":"https:\/\/arbuti.com\/fr\/#website"},"primaryImageOfPage":{"@id":"https:\/\/arbuti.com\/haarmaske\/#primaryimage"},"image":{"@id":"https:\/\/arbuti.com\/haarmaske\/#primaryimage"},"thumbnailUrl":"https:\/\/arbuti.com\/wp-content\/uploads\/2021\/02\/Haarmaske-2.jpg","datePublished":"2021-03-16T15:30:38+00:00","dateModified":"2025-06-23T11:53:21+00:00","description":"Haarmaske Test 2025 im Friseur Salon. Welche Haarmaske und Haarkur ist die beste? Wir haben den Vergleich gemacht!","breadcrumb":{"@id":"https:\/\/arbuti.com\/haarmaske\/#breadcrumb"},"inLanguage":"et","potentialAction":[{"@type":"ReadAction","target":["https:\/\/arbuti.com\/haarmaske\/"]}]},{"@type":"ImageObject","inLanguage":"et","@id":"https:\/\/arbuti.com\/haarmaske\/#primaryimage","url":"https:\/\/arbuti.com\/wp-content\/uploads\/2021\/02\/Haarmaske-2.jpg","contentUrl":"https:\/\/arbuti.com\/wp-content\/uploads\/2021\/02\/Haarmaske-2.jpg","width":1000,"height":778,"caption":"Haarmaske"},{"@type":"BreadcrumbList","@id":"https:\/\/arbuti.com\/haarmaske\/#breadcrumb","itemListElement":[{"@type":"ListItem","position":1,"name":"ARBUTI","item":"https:\/\/arbuti.com\/"},{"@type":"ListItem","position":2,"name":"Haarstyling","item":"https:\/\/arbuti.com\/fr\/categorie\/haarstyling\/"},{"@type":"ListItem","position":3,"name":"Haarmaske"}]},{"@type":"WebSite","@id":"https:\/\/arbuti.com\/fr\/#website","url":"https:\/\/arbuti.com\/fr\/","name":"ARBUTI Hair Salon","description":"Friseur M\u00fcnchen","publisher":{"@id":"https:\/\/arbuti.com\/fr\/#organization"},"alternateName":"ARBUTI","potentialAction":[{"@type":"SearchAction","target":{"@type":"EntryPoint","urlTemplate":"https:\/\/arbuti.com\/fr\/?s={search_term_string}"},"query-input":{"@type":"PropertyValueSpecification","valueRequired":true,"valueName":"search_term_string"}}],"inLanguage":"et"},{"@type":"Organization","@id":"https:\/\/arbuti.com\/fr\/#organization","name":"ARBUTI Hair Salon","alternateName":"ARBUTI","url":"https:\/\/arbuti.com\/fr\/","logo":{"@type":"ImageObject","inLanguage":"et","@id":"https:\/\/arbuti.com\/fr\/#\/schema\/logo\/image\/","url":"https:\/\/arbuti.com\/wp-content\/uploads\/2020\/04\/cropped-Arbuti-Friseur-Muenchen.jpg","contentUrl":"https:\/\/arbuti.com\/wp-content\/uploads\/2020\/04\/cropped-Arbuti-Friseur-Muenchen.jpg","width":512,"height":512,"caption":"ARBUTI Hair Salon"},"image":{"@id":"https:\/\/arbuti.com\/fr\/#\/schema\/logo\/image\/"},"sameAs":["https:\/\/www.facebook.com\/Arbutihairsalon\/","https:\/\/www.instagram.com\/arbutihairsalon\/","https:\/\/www.pinterest.de\/arbutihairsalon\/arbuti-hair-salon\/"]},{"@type":"Person","@id":"https:\/\/arbuti.com\/fr\/#\/schema\/person\/d85bbf7b442ca0f812c3aa0ed9eece8f","name":"admin","image":{"@type":"ImageObject","inLanguage":"et","@id":"https:\/\/arbuti.com\/fr\/#\/schema\/person\/image\/","url":"https:\/\/secure.gravatar.com\/avatar\/a5ca7376327017715559ffb9b376df51?s=96&d=mm&r=g","contentUrl":"https:\/\/secure.gravatar.com\/avatar\/a5ca7376327017715559ffb9b376df51?s=96&d=mm&r=g","caption":"admin"}}]}},"uagb_featured_image_src":{"full":["https:\/\/arbuti.com\/wp-content\/uploads\/2021\/02\/Haarmaske-2.jpg",1000,778,false],"thumbnail":["https:\/\/arbuti.com\/wp-content\/uploads\/2021\/02\/Haarmaske-2-150x150.jpg",150,150,true],"medium":["https:\/\/arbuti.com\/wp-content\/uploads\/2021\/02\/Haarmaske-2-300x233.jpg",300,233,true],"medium_large":["https:\/\/arbuti.com\/wp-content\/uploads\/2021\/02\/Haarmaske-2-768x598.jpg",768,598,true],"large":["https:\/\/arbuti.com\/wp-content\/uploads\/2021\/02\/Haarmaske-2.jpg",1000,778,false],"1536x1536":["https:\/\/arbuti.com\/wp-content\/uploads\/2021\/02\/Haarmaske-2.jpg",1000,778,false],"2048x2048":["https:\/\/arbuti.com\/wp-content\/uploads\/2021\/02\/Haarmaske-2.jpg",1000,778,false],"trp-custom-language-flag":["https:\/\/arbuti.com\/wp-content\/uploads\/2021\/02\/Haarmaske-2.jpg",15,12,false],"wp_review_large":["https:\/\/arbuti.com\/wp-content\/uploads\/2021\/02\/Haarmaske-2-320x200.jpg",320,200,true],"wp_review_small":["https:\/\/arbuti.com\/wp-content\/uploads\/2021\/02\/Haarmaske-2-65x65.jpg",65,65,true]},"uagb_author_info":{"display_name":"admin","author_link":"https:\/\/arbuti.com\/et\/author\/admin\/"},"uagb_comment_info":12,"uagb_excerpt":"Haarmaske und Haarkur Haarmaske und Haarkur Test 2025! Unsere 8 besten Favoriten, die wir in unserem Friseur Salon in Anwendung [&hellip;]","_links":{"self":[{"href":"https:\/\/arbuti.com\/et\/wp-json\/wp\/v2\/posts\/8687","targetHints":{"allow":["GET"]}}],"collection":[{"href":"https:\/\/arbuti.com\/et\/wp-json\/wp\/v2\/posts"}],"about":[{"href":"https:\/\/arbuti.com\/et\/wp-json\/wp\/v2\/types\/post"}],"author":[{"embeddable":true,"href":"https:\/\/arbuti.com\/et\/wp-json\/wp\/v2\/users\/1"}],"replies":[{"embeddable":true,"href":"https:\/\/arbuti.com\/et\/wp-json\/wp\/v2\/comments?post=8687"}],"version-history":[{"count":32,"href":"https:\/\/arbuti.com\/et\/wp-json\/wp\/v2\/posts\/8687\/revisions"}],"predecessor-version":[{"id":14714,"href":"https:\/\/arbuti.com\/et\/wp-json\/wp\/v2\/posts\/8687\/revisions\/14714"}],"wp:featuredmedia":[{"embeddable":true,"href":"https:\/\/arbuti.com\/et\/wp-json\/wp\/v2\/media\/7050"}],"wp:attachment":[{"href":"https:\/\/arbuti.com\/et\/wp-json\/wp\/v2\/media?parent=8687"}],"wp:term":[{"taxonomy":"category","embeddable":true,"href":"https:\/\/arbuti.com\/et\/wp-json\/wp\/v2\/categories?post=8687"},{"taxonomy":"post_tag","embeddable":true,"href":"https:\/\/arbuti.com\/et\/wp-json\/wp\/v2\/tags?post=8687"}],"curies":[{"name":"wp","href":"https:\/\/api.w.org\/{rel}","templated":true}]}}