{"id":8268,"date":"2021-03-11T09:57:11","date_gmt":"2021-03-11T09:57:11","guid":{"rendered":"https:\/\/arbuti.com\/?p=8268"},"modified":"2023-01-17T12:00:03","modified_gmt":"2023-01-17T12:00:03","slug":"redensyl","status":"publish","type":"post","link":"https:\/\/arbuti.com\/es\/redensyl\/","title":{"rendered":"Redensyl"},"content":{"rendered":"<h1 class=\"has-text-align-center wp-block-heading\" id=\"h-redensyl\">Redensyl<\/h1>\n\n\n\n<p class=\"has-text-align-center\">\u00bfApoya realmente Redensyl <a href=\"https:\/\/arbuti.com\/es\/restaurador-de-cabello\/\">Crecimiento del Cabello<\/a> y ayuda a reducir la ca\u00edda del cabello? Aqu\u00ed hemos recopilado un resumen sobre Redensyl para usted.<\/p>\n\n\n\n\n\n\n<figure class=\"wp-block-image aligncenter size-large is-resized\"><img loading=\"lazy\" decoding=\"async\" src=\"https:\/\/arbuti.com\/wp-content\/uploads\/2021\/03\/Redensyl.jpg\" alt=\"Redensyl\" class=\"wp-image-8271\" width=\"758\" height=\"590\" srcset=\"https:\/\/arbuti.com\/wp-content\/uploads\/2021\/03\/Redensyl.jpg 1000w, https:\/\/arbuti.com\/wp-content\/uploads\/2021\/03\/Redensyl-300x233.jpg 300w, https:\/\/arbuti.com\/wp-content\/uploads\/2021\/03\/Redensyl-768x598.jpg 768w\" sizes=\"auto, (max-width: 758px) 100vw, 758px\" \/><\/figure>\n\n\n\n<h2 class=\"wp-block-heading\">\u00bfQu\u00e9 es Redensyl?<\/h2>\n\n\n\n<p>Redensyl es el \u00faltimo avance contra la ca\u00edda del cabello y se dice que es una alternativa al trasplante capilar. Es uno de los primeros ingredientes cosm\u00e9ticos para el cuidado del cabello basados en la investigaci\u00f3n de la medicina regenerativa y puede ofrecer mejores resultados en 84 d\u00edas que la cirug\u00eda para <a href=\"https:\/\/arbuti.com\/es\/trasplante-de-pelo\/\">Trasplante de pelo<\/a>. Redensyl es un nuevo milagro de la biotecnolog\u00eda que afirma promover el crecimiento del cabello, prevenir su ca\u00edda y tambi\u00e9n tratar la alopecia. Tambi\u00e9n se ha demostrado que funciona mejor que el minoxidil y, a diferencia de \u00e9ste, no es irritante.<\/p>\n\n\n\n<p>Redensyl contiene cuatro ingredientes clave que trabajan juntos para crear la receta perfecta para el crecimiento del cabello:<\/p>\n\n\n\n<ol class=\"wp-block-list\">\n<li><strong>Gluc\u00f3sido de dihidroquercetina (DHQG):<\/strong>&nbsp;Un compuesto de extractos vegetales que se dirige a las c\u00e9lulas madre de los fol\u00edculos pilosos y promueve la divisi\u00f3n celular.<\/li>\n\n\n\n<li><strong>Gluc\u00f3sido de galato de epigalocatequina (EGCG2):&nbsp;<\/strong>Un antiinflamatorio que mantiene el cuero cabelludo sano y feliz al eliminar los radicales libres.<\/li>\n\n\n\n<li><strong>Glicina<\/strong>un amino\u00e1cido que forma las prote\u00ednas del cabello y est\u00e1 asociado a la queratina.<\/li>\n\n\n\n<li><strong>Zinc<\/strong>que refuerza la estructura del tallo del cabello y lo hace m\u00e1s fuerte.<\/li>\n<\/ol>\n\n\n\n<h2 class=\"wp-block-heading\" id=\"h-fragen-und-antworten\">Preguntas y respuestas<\/h2>\n\n\n\t\t<section\t\tclass=\"sc_fs_faq sc_card\"\n\t\t\t\t>\n\t\t\t\t<h3>\u00bfCu\u00e1les son los efectos secundarios de Redensyl?<\/h3>\t\t\t\t<div>\n\t\t\t\t\t\t<div class=\"sc_fs_faq__content\">\n\t\t\t\t\n\n<p>No se conocen efectos secundarios con el uso de productos que contienen el ingrediente activo Redensyl. Sin embargo, hay efectos secundarios comunes con el uso de <a href=\"https:\/\/arbuti.com\/es\/minoxidil\/\">Minoxidil<\/a>incluyendo ardor o irritaci\u00f3n del ojo, picor, enrojecimiento o irritaci\u00f3n en la zona tratada, y <a href=\"https:\/\/arbuti.com\/es\/restaurador-de-cabello\/\">crecimiento del cabello<\/a> en otras partes del cuerpo.<\/p>\n\n\t\t\t<\/div>\n\t\t<\/div>\n\t\t<\/section>\n\t\t\t\t<section\t\tclass=\"sc_fs_faq sc_card\"\n\t\t\t\t>\n\t\t\t\t<h3>\u00bfCu\u00e1nto tiempo tarda Redensyl en hacer efecto?<\/h3>\t\t\t\t<div>\n\t\t\t\t\t\t<div class=\"sc_fs_faq__content\">\n\t\t\t\t\n\n<p>Tambi\u00e9n puede aplicarse a las Cejas. Como los ciclos de crecimiento del cabello pueden durar al menos de uno a cuatro meses, se necesitan m\u00e1s de tres a seis meses de uso de Redensyl para notar los efectos positivos.<\/p>\n\n\t\t\t<\/div>\n\t\t<\/div>\n\t\t<\/section>\n\t\t\t\t<section\t\tclass=\"sc_fs_faq sc_card\"\n\t\t\t\t>\n\t\t\t\t<h3>\u00bfEs Redensyl natural?<\/h3>\t\t\t\t<div>\n\t\t\t\t\t\t<div class=\"sc_fs_faq__content\">\n\t\t\t\t\n\n<p>Redensyl se considera la mejor alternativa a <a href=\"https:\/\/arbuti.com\/es\/trasplante-de-pelo\/\">Trasplantes de pelo<\/a> que se promociona como un ingrediente natural. No contiene hormonas. Promueve el crecimiento del cabello a nivel celular.<\/p>\n\n\t\t\t<\/div>\n\t\t<\/div>\n\t\t<\/section>\n\t\t\t\t<section\t\tclass=\"sc_fs_faq sc_card\"\n\t\t\t\t>\n\t\t\t\t<h3>\u00bfAyuda Redensyl al crecimiento de la barba?<\/h3>\t\t\t\t<div>\n\t\t\t\t\t\t<div class=\"sc_fs_faq__content\">\n\t\t\t\t\n\n<p>Este aceite est\u00e1 libre de productos qu\u00edmicos nocivos como los sulfatos y los parabenos y contiene Redensyl, que ha demostrado mejorar la <a href=\"https:\/\/arbuti.com\/es\/foliculo-piloso\/\">Fol\u00edculo Piloso<\/a> fortalece y favorece el crecimiento de la barba.<\/p>\n\n\t\t\t<\/div>\n\t\t<\/div>\n\t\t<\/section>\n\t\t\n<script type=\"application\/ld+json\">{\n    \"@context\": \"https:\\\/\\\/schema.org\",\n    \"@type\": \"FAQPage\",\n    \"mainEntity\": [\n        {\n            \"@type\": \"Question\",\n            \"name\": \"Was sind die Nebenwirkungen von Redensyl?\",\n            \"acceptedAnswer\": {\n                \"@type\": \"Answer\",\n                \"text\": \"<p>Es sind keine Nebenwirkungen bei der Verwendung von Produkten bekannt, die den Wirkstoff Redensyl enthalten. Es gibt jedoch h\\u00e4ufige Nebenwirkungen bei der Verwendung von Minoxidil, einschlie\\u00dflich Brennen oder Reizung des Auges, Juckreiz, R\\u00f6tung oder Reizung im behandelten Bereich sowie unerw\\u00fcnschtes Haarwachstum an anderen Stellen des K\\u00f6rpers.<\\\/p>\"\n            }\n        },\n        {\n            \"@type\": \"Question\",\n            \"name\": \"Wie lange dauert es, bis Redensyl wirkt?\",\n            \"acceptedAnswer\": {\n                \"@type\": \"Answer\",\n                \"text\": \"<p>Kann auch auf die Augenbrauen aufgetragen werden. Da Haarwuchszyklen mindestens ein bis vier Monate dauern k\\u00f6nnen, dauert es mehr als drei bis sechs Monate, bis Redensyl verwendet wird, um positive Auswirkungen zu bemerken.<\\\/p>\"\n            }\n        },\n        {\n            \"@type\": \"Question\",\n            \"name\": \"Ist Redensyl nat\\u00fcrlich?\",\n            \"acceptedAnswer\": {\n                \"@type\": \"Answer\",\n                \"text\": \"<p>Redensyl wird als die beste Alternative zu Haartransplantationen angepriesen, da es ein nat\\u00fcrlicher Inhaltsstoff ist. Es enth\\u00e4lt keine Hormone. Es f\\u00f6rdert das Haarwachstum auf zellul\\u00e4rer Ebene.<\\\/p>\"\n            }\n        },\n        {\n            \"@type\": \"Question\",\n            \"name\": \"Hilft Redensyl beim Bartwachstum?\",\n            \"acceptedAnswer\": {\n                \"@type\": \"Answer\",\n                \"text\": \"<p>Dieses \\u00d6l ist frei von sch\\u00e4dlichen Chemikalien wie Sulfaten und Parabenen und enth\\u00e4lt Redensyl, das nachweislich die Haarfollikel st\\u00e4rkt und so das Bartwachstum unterst\\u00fctzt.<\\\/p>\"\n            }\n        }\n    ]\n}<\/script>\n\n\n\n<h2 class=\"wp-block-heading\">La ca\u00edda del cabello en cifras<\/h2>\n\n\n\n<p>El cuero cabelludo humano tiene una media de 110.000 pelos que crecen y se caen cada d\u00eda. Cuando el equilibrio entre los cabellos que crecen y los que caen cambia, comienza la ca\u00edda del cabello y se produce la calvicie. Puede aparecer a cualquier edad y se dirige principalmente a los hombres. Se sabe que 40% de los hombres tendr\u00e1n una p\u00e9rdida de cabello notable a la edad de 35 a\u00f1os, esta cifra llega a 65% a la edad de 60 a\u00f1os. Las mujeres tambi\u00e9n se ven muy afectadas por este proceso, ya que entre el 50 y el 75% de ellas sufren una p\u00e9rdida de cabello notable a la edad de 65 a\u00f1os. Esto puede ser devastador para la imagen de s\u00ed mismo y el bienestar emocional de una persona.<\/p>\n\n\n\n<p>Seg\u00fan la Sociedad Internacional de Cirug\u00eda de Restauraci\u00f3n Capilar, casi un mill\u00f3n de pacientes en todo el mundo fueron tratados con medios quir\u00fargicos y no quir\u00fargicos de restauraci\u00f3n capilar en 2012. 93% de los procedimientos de restauraci\u00f3n capilar realizados en 2012 afectaron al cuero cabelludo y 4,5% a las Cejas. Los hombres representan 86% de los pacientes de trasplante capilar y 67% de los de restauraci\u00f3n capilar no quir\u00fargica. Comienzan dicho tratamiento a la edad media de 38 a\u00f1os.<\/p>\n\n\n\n<p>Cada cirug\u00eda capilar permite la transici\u00f3n de 2016 injertos, que representan unos 8.100 cabellos trasplantados en el cuero cabelludo del paciente. Los pacientes gastan una media de 6.200 euros en cirug\u00eda capilar. Por lo general, se requieren al menos tres procedimientos para restaurar la densidad capilar adecuada. Los datos muestran que 64% de las quejas de los pacientes despu\u00e9s de la cirug\u00eda se refieren a la densidad final de su cabello.<\/p>\n\n\n\n<h2 class=\"wp-block-heading\">Efecto Redensyl<\/h2>\n\n\n\n<p><strong>Excelente eficacia:<\/strong><\/p>\n\n\n\n<p>La primera prueba en cabellos alop\u00e9cicos en el ensayo de referencia Philpott ha demostrado que Redensyl proporciona casi el doble de resultados que el Minoxidil de referencia mundial en la promoci\u00f3n del crecimiento del cabello.<\/p>\n\n\n\n<h2 class=\"wp-block-heading\">Mejor efecto que los trasplantes de pelo<\/h2>\n\n\n\n<p>Redensyl se estudi\u00f3 en detalle durante un ensayo cl\u00ednico a doble ciego o con placebo en voluntarios con alopecia de tercer a cuarto grado seg\u00fan la clasificaci\u00f3n m\u00e9dica de Norwood.<\/p>\n\n\n\n<p>Gracias a su concepto biol\u00f3gico \u00fanico, los resultados cl\u00ednicos obtenidos con Redensyl responden a una demanda insatisfecha de los consumidores:<\/p>\n\n\n\n<ul class=\"wp-block-list\">\n<li>En 84 d\u00edas, los voluntarios tienen m\u00e1s pelo (hasta + 17%).<\/li>\n\n\n\n<li>El n\u00famero de pelos an\u00e1genos (en crecimiento) aumenta (+ 9%).<\/li>\n\n\n\n<li>mientras se reduce el n\u00famero de pelos que se caen (-17%)<\/li>\n<\/ul>\n\n\n\n<p>85% de los voluntarios tuvieron un crecimiento capilar significativo y visible con hasta 28.200 nuevos cabellos obtenidos en 84 d\u00edas, lo que equivale a tres procedimientos completos de trasplante capilar.<\/p>\n\n\n\n<blockquote class=\"wp-block-quote is-layout-flow wp-block-quote-is-layout-flow\">\n<p>84 D\u00cdAS CON REDENSYL = HASTA +28.200 NUEVOS CABELLOS = 3 SESIONES DE TRASPLANTE CAPILAR<\/p>\n<\/blockquote>\n\n\n\n<h2 class=\"wp-block-heading\">Innovador y sostenible<\/h2>\n\n\n\n<p>Redensyl es el resultado de un proceso patentado de qu\u00edmica verde (glicosilaci\u00f3n sin disolventes org\u00e1nicos) que permite la s\u00edntesis de DHQG y EGCG2, los derivados estables y solubles de la dihidroquercetina y el EGCG. Este proceso evita el uso de grandes cantidades de energ\u00eda, reduce el n\u00famero de pasos y el uso de sustancias qu\u00edmicas peligrosas que habr\u00edan sido necesarias en un proceso de fabricaci\u00f3n de s\u00edntesis org\u00e1nica convencional.<\/p>\n\n\n\n<h2 class=\"wp-block-heading\">Ventajas del uso de Redensyl<\/h2>\n\n\n\n<p>La mayor\u00eda de los ingredientes para el crecimiento del cabello disponibles en el mercado para la industria cosm\u00e9tica son extractos de plantas o p\u00e9ptidos. Por el contrario, Redensyl representa una nueva generaci\u00f3n de mol\u00e9culas activadoras del crecimiento del cabello. Se desarroll\u00f3 a partir del an\u00e1lisis racional de la funci\u00f3n de las c\u00e9lulas madre en <a href=\"https:\/\/arbuti.com\/es\/foliculo-piloso\/\">Fol\u00edculos pilosos<\/a> desarrollado y es el resultado de un proceso de s\u00edntesis \u00fanico y patentado (un proceso de glucosilaci\u00f3n enzim\u00e1tica sin disolventes org\u00e1nicos). El modo de acci\u00f3n \u00fanico (activaci\u00f3n de las c\u00e9lulas madre ORSc, estimulaci\u00f3n de los fibroblastos de la piel papilar HFDPc, reducci\u00f3n de la inflamaci\u00f3n) da lugar a una producci\u00f3n r\u00e1pida y sostenida de nuevos cabellos sanos en voluntarios que padecen alopecia androg\u00e9nica en un plazo de tres meses.<\/p>\n\n\n\n<p>Redensyl es un IAC (Ingrediente Activo Cosm\u00e9tico) biotecnol\u00f3gico con una pureza superior a 97% y el equivalente cosm\u00e9tico del API (Ingrediente Activo Farmac\u00e9utico) de la industria farmac\u00e9utica.<\/p>\n\n\n\n<h2 class=\"wp-block-heading\">Ingredientes del Redensyl<\/h2>\n\n\n\n<p>El ingrediente activo Redensyl tiene un bonito color amarillo dorado, pero no afecta al color de la f\u00f3rmula. Redensyl no tiene conservantes ni olores y es compatible con el alcohol para las lociones de cuidado del cabello. Redensyl permite crear una nueva generaci\u00f3n de productos antienvejecimiento para el cuidado del cabello de los fabricantes, as\u00ed como productos para promover el crecimiento de las pesta\u00f1as y restaurar las cejas. Este ingrediente es soluble en agua, f\u00e1cil de formular en cualquier f\u00f3rmula t\u00edpica de cuidado del cabello y puede utilizarse incluso en aerosoles para el cabello.<\/p>","protected":false},"excerpt":{"rendered":"<p>Redensyl Unterst\u00fctzt Redensyl wirklich den Haarwuchs und hilft den&nbsp;Haarausfall&nbsp;zu reduzieren? Hier haben wir eine Zusammenfassung \u00fcber Redensyl f\u00fcr dich zusammengestellt. [&hellip;]<\/p>","protected":false},"author":1,"featured_media":8271,"comment_status":"closed","ping_status":"open","sticky":false,"template":"","format":"standard","meta":{"ub_ctt_via":"","_uag_custom_page_level_css":"","site-sidebar-layout":"default","site-content-layout":"default","ast-site-content-layout":"","site-content-style":"default","site-sidebar-style":"default","ast-global-header-display":"","ast-banner-title-visibility":"","ast-main-header-display":"","ast-hfb-above-header-display":"","ast-hfb-below-header-display":"","ast-hfb-mobile-header-display":"","site-post-title":"","ast-breadcrumbs-content":"","ast-featured-img":"","footer-sml-layout":"","theme-transparent-header-meta":"default","adv-header-id-meta":"","stick-header-meta":"default","header-above-stick-meta":"","header-main-stick-meta":"","header-below-stick-meta":"","astra-migrate-meta-layouts":"default","ast-page-background-enabled":"default","ast-page-background-meta":{"desktop":{"background-color":"","background-image":"","background-repeat":"repeat","background-position":"center center","background-size":"auto","background-attachment":"scroll","background-type":"","background-media":"","overlay-type":"","overlay-color":"","overlay-opacity":"","overlay-gradient":""},"tablet":{"background-color":"","background-image":"","background-repeat":"repeat","background-position":"center center","background-size":"auto","background-attachment":"scroll","background-type":"","background-media":"","overlay-type":"","overlay-color":"","overlay-opacity":"","overlay-gradient":""},"mobile":{"background-color":"","background-image":"","background-repeat":"repeat","background-position":"center center","background-size":"auto","background-attachment":"scroll","background-type":"","background-media":"","overlay-type":"","overlay-color":"","overlay-opacity":"","overlay-gradient":""}},"ast-content-background-meta":{"desktop":{"background-color":"var(--ast-global-color-5)","background-image":"","background-repeat":"repeat","background-position":"center center","background-size":"auto","background-attachment":"scroll","background-type":"","background-media":"","overlay-type":"","overlay-color":"","overlay-opacity":"","overlay-gradient":""},"tablet":{"background-color":"var(--ast-global-color-5)","background-image":"","background-repeat":"repeat","background-position":"center center","background-size":"auto","background-attachment":"scroll","background-type":"","background-media":"","overlay-type":"","overlay-color":"","overlay-opacity":"","overlay-gradient":""},"mobile":{"background-color":"var(--ast-global-color-5)","background-image":"","background-repeat":"repeat","background-position":"center center","background-size":"auto","background-attachment":"scroll","background-type":"","background-media":"","overlay-type":"","overlay-color":"","overlay-opacity":"","overlay-gradient":""}},"footnotes":""},"categories":[6329],"tags":[],"class_list":["post-8268","post","type-post","status-publish","format-standard","has-post-thumbnail","hentry","category-haarausfall"],"featured_image_src":"https:\/\/arbuti.com\/wp-content\/uploads\/2021\/03\/Redensyl.jpg","author_info":{"display_name":"admin","author_link":"https:\/\/arbuti.com\/es\/author\/admin\/"},"yoast_head":"<!-- This site is optimized with the Yoast SEO Premium plugin v25.3 (Yoast SEO v25.3) - https:\/\/yoast.com\/wordpress\/plugins\/seo\/ -->\n<title>Redensyl: Unterst\u00fctzt Redensyl Haarwuchs und stoppt Haarausfall?<\/title>\n<meta name=\"description\" content=\"Ist Redensyl eine alternative zu einer Haartransplantation? Ein kosmetischer Wirkstoff f\u00fcr die Haarpflege und Haarausfall. Redensyl und Haarwuchs.\" \/>\n<meta name=\"robots\" content=\"index, follow, max-snippet:-1, max-image-preview:large, max-video-preview:-1\" \/>\n<link rel=\"canonical\" href=\"https:\/\/arbuti.com\/es\/redensyl\/\" \/>\n<meta property=\"og:locale\" content=\"es_ES\" \/>\n<meta property=\"og:type\" content=\"article\" \/>\n<meta property=\"og:title\" content=\"Redensyl\" \/>\n<meta property=\"og:description\" content=\"Redensyl Unterst\u00fctzt Redensyl wirklich den Haarwuchs und hilft den&nbsp;Haarausfall&nbsp;zu reduzieren? Hier haben wir eine Zusammenfassung \u00fcber Redensyl\" \/>\n<meta property=\"og:url\" content=\"https:\/\/arbuti.com\/es\/redensyl\/\" \/>\n<meta property=\"og:site_name\" content=\"ARBUTI Hair Salon\" \/>\n<meta property=\"article:publisher\" content=\"https:\/\/www.facebook.com\/Arbutihairsalon\/\" \/>\n<meta property=\"article:published_time\" content=\"2021-03-11T09:57:11+00:00\" \/>\n<meta property=\"article:modified_time\" content=\"2023-01-17T12:00:03+00:00\" \/>\n<meta property=\"og:image\" content=\"https:\/\/arbuti.com\/wp-content\/uploads\/2021\/03\/Redensyl.jpg\" \/>\n\t<meta property=\"og:image:width\" content=\"1000\" \/>\n\t<meta property=\"og:image:height\" content=\"778\" \/>\n\t<meta property=\"og:image:type\" content=\"image\/jpeg\" \/>\n<meta name=\"author\" content=\"admin\" \/>\n<meta name=\"twitter:card\" content=\"summary_large_image\" \/>\n<meta name=\"twitter:label1\" content=\"Escrito por\" \/>\n\t<meta name=\"twitter:data1\" content=\"admin\" \/>\n\t<meta name=\"twitter:label2\" content=\"Tiempo de lectura\" \/>\n\t<meta name=\"twitter:data2\" content=\"6 minutos\" \/>\n<script type=\"application\/ld+json\" class=\"yoast-schema-graph\">{\"@context\":\"https:\/\/schema.org\",\"@graph\":[{\"@type\":\"Article\",\"@id\":\"https:\/\/arbuti.com\/redensyl\/#article\",\"isPartOf\":{\"@id\":\"https:\/\/arbuti.com\/redensyl\/\"},\"author\":{\"name\":\"admin\",\"@id\":\"https:\/\/arbuti.com\/fr\/#\/schema\/person\/d85bbf7b442ca0f812c3aa0ed9eece8f\"},\"headline\":\"Redensyl\",\"datePublished\":\"2021-03-11T09:57:11+00:00\",\"dateModified\":\"2023-01-17T12:00:03+00:00\",\"mainEntityOfPage\":{\"@id\":\"https:\/\/arbuti.com\/redensyl\/\"},\"wordCount\":1015,\"publisher\":{\"@id\":\"https:\/\/arbuti.com\/fr\/#organization\"},\"image\":{\"@id\":\"https:\/\/arbuti.com\/redensyl\/#primaryimage\"},\"thumbnailUrl\":\"https:\/\/arbuti.com\/wp-content\/uploads\/2021\/03\/Redensyl.jpg\",\"articleSection\":[\"Haarausfall\"],\"inLanguage\":\"es\"},{\"@type\":\"WebPage\",\"@id\":\"https:\/\/arbuti.com\/redensyl\/\",\"url\":\"https:\/\/arbuti.com\/redensyl\/\",\"name\":\"Redensyl: Unterst\u00fctzt Redensyl Haarwuchs und stoppt Haarausfall?\",\"isPartOf\":{\"@id\":\"https:\/\/arbuti.com\/fr\/#website\"},\"primaryImageOfPage\":{\"@id\":\"https:\/\/arbuti.com\/redensyl\/#primaryimage\"},\"image\":{\"@id\":\"https:\/\/arbuti.com\/redensyl\/#primaryimage\"},\"thumbnailUrl\":\"https:\/\/arbuti.com\/wp-content\/uploads\/2021\/03\/Redensyl.jpg\",\"datePublished\":\"2021-03-11T09:57:11+00:00\",\"dateModified\":\"2023-01-17T12:00:03+00:00\",\"description\":\"Ist Redensyl eine alternative zu einer Haartransplantation? Ein kosmetischer Wirkstoff f\u00fcr die Haarpflege und Haarausfall. Redensyl und Haarwuchs.\",\"breadcrumb\":{\"@id\":\"https:\/\/arbuti.com\/redensyl\/#breadcrumb\"},\"inLanguage\":\"es\",\"potentialAction\":[{\"@type\":\"ReadAction\",\"target\":[\"https:\/\/arbuti.com\/redensyl\/\"]}]},{\"@type\":\"ImageObject\",\"inLanguage\":\"es\",\"@id\":\"https:\/\/arbuti.com\/redensyl\/#primaryimage\",\"url\":\"https:\/\/arbuti.com\/wp-content\/uploads\/2021\/03\/Redensyl.jpg\",\"contentUrl\":\"https:\/\/arbuti.com\/wp-content\/uploads\/2021\/03\/Redensyl.jpg\",\"width\":1000,\"height\":778,\"caption\":\"Redensyl\"},{\"@type\":\"BreadcrumbList\",\"@id\":\"https:\/\/arbuti.com\/redensyl\/#breadcrumb\",\"itemListElement\":[{\"@type\":\"ListItem\",\"position\":1,\"name\":\"ARBUTI\",\"item\":\"https:\/\/arbuti.com\/\"},{\"@type\":\"ListItem\",\"position\":2,\"name\":\"Haarausfall\",\"item\":\"https:\/\/arbuti.com\/fr\/categorie\/haarausfall\/\"},{\"@type\":\"ListItem\",\"position\":3,\"name\":\"Redensyl\"}]},{\"@type\":\"WebSite\",\"@id\":\"https:\/\/arbuti.com\/fr\/#website\",\"url\":\"https:\/\/arbuti.com\/fr\/\",\"name\":\"ARBUTI Hair Salon\",\"description\":\"Friseur M\u00fcnchen\",\"publisher\":{\"@id\":\"https:\/\/arbuti.com\/fr\/#organization\"},\"alternateName\":\"ARBUTI\",\"potentialAction\":[{\"@type\":\"SearchAction\",\"target\":{\"@type\":\"EntryPoint\",\"urlTemplate\":\"https:\/\/arbuti.com\/fr\/?s={search_term_string}\"},\"query-input\":{\"@type\":\"PropertyValueSpecification\",\"valueRequired\":true,\"valueName\":\"search_term_string\"}}],\"inLanguage\":\"es\"},{\"@type\":\"Organization\",\"@id\":\"https:\/\/arbuti.com\/fr\/#organization\",\"name\":\"ARBUTI Hair Salon\",\"alternateName\":\"ARBUTI\",\"url\":\"https:\/\/arbuti.com\/fr\/\",\"logo\":{\"@type\":\"ImageObject\",\"inLanguage\":\"es\",\"@id\":\"https:\/\/arbuti.com\/fr\/#\/schema\/logo\/image\/\",\"url\":\"https:\/\/arbuti.com\/wp-content\/uploads\/2020\/04\/cropped-Arbuti-Friseur-Muenchen.jpg\",\"contentUrl\":\"https:\/\/arbuti.com\/wp-content\/uploads\/2020\/04\/cropped-Arbuti-Friseur-Muenchen.jpg\",\"width\":512,\"height\":512,\"caption\":\"ARBUTI Hair Salon\"},\"image\":{\"@id\":\"https:\/\/arbuti.com\/fr\/#\/schema\/logo\/image\/\"},\"sameAs\":[\"https:\/\/www.facebook.com\/Arbutihairsalon\/\",\"https:\/\/www.instagram.com\/arbutihairsalon\/\",\"https:\/\/www.pinterest.de\/arbutihairsalon\/arbuti-hair-salon\/\"]},{\"@type\":\"Person\",\"@id\":\"https:\/\/arbuti.com\/fr\/#\/schema\/person\/d85bbf7b442ca0f812c3aa0ed9eece8f\",\"name\":\"admin\",\"image\":{\"@type\":\"ImageObject\",\"inLanguage\":\"es\",\"@id\":\"https:\/\/arbuti.com\/fr\/#\/schema\/person\/image\/\",\"url\":\"https:\/\/secure.gravatar.com\/avatar\/a5ca7376327017715559ffb9b376df51?s=96&d=mm&r=g\",\"contentUrl\":\"https:\/\/secure.gravatar.com\/avatar\/a5ca7376327017715559ffb9b376df51?s=96&d=mm&r=g\",\"caption\":\"admin\"}}]}<\/script>\n<!-- \/ Yoast SEO Premium plugin. -->","yoast_head_json":{"title":"Redensyl: Unterst\u00fctzt Redensyl Haarwuchs und stoppt Haarausfall?","description":"Ist Redensyl eine alternative zu einer Haartransplantation? Ein kosmetischer Wirkstoff f\u00fcr die Haarpflege und Haarausfall. Redensyl und Haarwuchs.","robots":{"index":"index","follow":"follow","max-snippet":"max-snippet:-1","max-image-preview":"max-image-preview:large","max-video-preview":"max-video-preview:-1"},"canonical":"https:\/\/arbuti.com\/es\/redensyl\/","og_locale":"es_ES","og_type":"article","og_title":"Redensyl","og_description":"Redensyl Unterst\u00fctzt Redensyl wirklich den Haarwuchs und hilft den&nbsp;Haarausfall&nbsp;zu reduzieren? Hier haben wir eine Zusammenfassung \u00fcber Redensyl","og_url":"https:\/\/arbuti.com\/es\/redensyl\/","og_site_name":"ARBUTI Hair Salon","article_publisher":"https:\/\/www.facebook.com\/Arbutihairsalon\/","article_published_time":"2021-03-11T09:57:11+00:00","article_modified_time":"2023-01-17T12:00:03+00:00","og_image":[{"width":1000,"height":778,"url":"https:\/\/arbuti.com\/wp-content\/uploads\/2021\/03\/Redensyl.jpg","type":"image\/jpeg"}],"author":"admin","twitter_card":"summary_large_image","twitter_misc":{"Escrito por":"admin","Tiempo de lectura":"6 minutos"},"schema":{"@context":"https:\/\/schema.org","@graph":[{"@type":"Article","@id":"https:\/\/arbuti.com\/redensyl\/#article","isPartOf":{"@id":"https:\/\/arbuti.com\/redensyl\/"},"author":{"name":"admin","@id":"https:\/\/arbuti.com\/fr\/#\/schema\/person\/d85bbf7b442ca0f812c3aa0ed9eece8f"},"headline":"Redensyl","datePublished":"2021-03-11T09:57:11+00:00","dateModified":"2023-01-17T12:00:03+00:00","mainEntityOfPage":{"@id":"https:\/\/arbuti.com\/redensyl\/"},"wordCount":1015,"publisher":{"@id":"https:\/\/arbuti.com\/fr\/#organization"},"image":{"@id":"https:\/\/arbuti.com\/redensyl\/#primaryimage"},"thumbnailUrl":"https:\/\/arbuti.com\/wp-content\/uploads\/2021\/03\/Redensyl.jpg","articleSection":["Haarausfall"],"inLanguage":"es"},{"@type":"WebPage","@id":"https:\/\/arbuti.com\/redensyl\/","url":"https:\/\/arbuti.com\/redensyl\/","name":"Redensyl: Unterst\u00fctzt Redensyl Haarwuchs und stoppt Haarausfall?","isPartOf":{"@id":"https:\/\/arbuti.com\/fr\/#website"},"primaryImageOfPage":{"@id":"https:\/\/arbuti.com\/redensyl\/#primaryimage"},"image":{"@id":"https:\/\/arbuti.com\/redensyl\/#primaryimage"},"thumbnailUrl":"https:\/\/arbuti.com\/wp-content\/uploads\/2021\/03\/Redensyl.jpg","datePublished":"2021-03-11T09:57:11+00:00","dateModified":"2023-01-17T12:00:03+00:00","description":"Ist Redensyl eine alternative zu einer Haartransplantation? Ein kosmetischer Wirkstoff f\u00fcr die Haarpflege und Haarausfall. Redensyl und Haarwuchs.","breadcrumb":{"@id":"https:\/\/arbuti.com\/redensyl\/#breadcrumb"},"inLanguage":"es","potentialAction":[{"@type":"ReadAction","target":["https:\/\/arbuti.com\/redensyl\/"]}]},{"@type":"ImageObject","inLanguage":"es","@id":"https:\/\/arbuti.com\/redensyl\/#primaryimage","url":"https:\/\/arbuti.com\/wp-content\/uploads\/2021\/03\/Redensyl.jpg","contentUrl":"https:\/\/arbuti.com\/wp-content\/uploads\/2021\/03\/Redensyl.jpg","width":1000,"height":778,"caption":"Redensyl"},{"@type":"BreadcrumbList","@id":"https:\/\/arbuti.com\/redensyl\/#breadcrumb","itemListElement":[{"@type":"ListItem","position":1,"name":"ARBUTI","item":"https:\/\/arbuti.com\/"},{"@type":"ListItem","position":2,"name":"Haarausfall","item":"https:\/\/arbuti.com\/fr\/categorie\/haarausfall\/"},{"@type":"ListItem","position":3,"name":"Redensyl"}]},{"@type":"WebSite","@id":"https:\/\/arbuti.com\/fr\/#website","url":"https:\/\/arbuti.com\/fr\/","name":"ARBUTI Hair Salon","description":"Friseur M\u00fcnchen","publisher":{"@id":"https:\/\/arbuti.com\/fr\/#organization"},"alternateName":"ARBUTI","potentialAction":[{"@type":"SearchAction","target":{"@type":"EntryPoint","urlTemplate":"https:\/\/arbuti.com\/fr\/?s={search_term_string}"},"query-input":{"@type":"PropertyValueSpecification","valueRequired":true,"valueName":"search_term_string"}}],"inLanguage":"es"},{"@type":"Organization","@id":"https:\/\/arbuti.com\/fr\/#organization","name":"ARBUTI Hair Salon","alternateName":"ARBUTI","url":"https:\/\/arbuti.com\/fr\/","logo":{"@type":"ImageObject","inLanguage":"es","@id":"https:\/\/arbuti.com\/fr\/#\/schema\/logo\/image\/","url":"https:\/\/arbuti.com\/wp-content\/uploads\/2020\/04\/cropped-Arbuti-Friseur-Muenchen.jpg","contentUrl":"https:\/\/arbuti.com\/wp-content\/uploads\/2020\/04\/cropped-Arbuti-Friseur-Muenchen.jpg","width":512,"height":512,"caption":"ARBUTI Hair Salon"},"image":{"@id":"https:\/\/arbuti.com\/fr\/#\/schema\/logo\/image\/"},"sameAs":["https:\/\/www.facebook.com\/Arbutihairsalon\/","https:\/\/www.instagram.com\/arbutihairsalon\/","https:\/\/www.pinterest.de\/arbutihairsalon\/arbuti-hair-salon\/"]},{"@type":"Person","@id":"https:\/\/arbuti.com\/fr\/#\/schema\/person\/d85bbf7b442ca0f812c3aa0ed9eece8f","name":"admin","image":{"@type":"ImageObject","inLanguage":"es","@id":"https:\/\/arbuti.com\/fr\/#\/schema\/person\/image\/","url":"https:\/\/secure.gravatar.com\/avatar\/a5ca7376327017715559ffb9b376df51?s=96&d=mm&r=g","contentUrl":"https:\/\/secure.gravatar.com\/avatar\/a5ca7376327017715559ffb9b376df51?s=96&d=mm&r=g","caption":"admin"}}]}},"uagb_featured_image_src":{"full":["https:\/\/arbuti.com\/wp-content\/uploads\/2021\/03\/Redensyl.jpg",1000,778,false],"thumbnail":["https:\/\/arbuti.com\/wp-content\/uploads\/2021\/03\/Redensyl-150x150.jpg",150,150,true],"medium":["https:\/\/arbuti.com\/wp-content\/uploads\/2021\/03\/Redensyl-300x233.jpg",300,233,true],"medium_large":["https:\/\/arbuti.com\/wp-content\/uploads\/2021\/03\/Redensyl-768x598.jpg",768,598,true],"large":["https:\/\/arbuti.com\/wp-content\/uploads\/2021\/03\/Redensyl.jpg",1000,778,false],"1536x1536":["https:\/\/arbuti.com\/wp-content\/uploads\/2021\/03\/Redensyl.jpg",1000,778,false],"2048x2048":["https:\/\/arbuti.com\/wp-content\/uploads\/2021\/03\/Redensyl.jpg",1000,778,false],"trp-custom-language-flag":["https:\/\/arbuti.com\/wp-content\/uploads\/2021\/03\/Redensyl.jpg",15,12,false],"wp_review_large":["https:\/\/arbuti.com\/wp-content\/uploads\/2021\/03\/Redensyl-320x200.jpg",320,200,true],"wp_review_small":["https:\/\/arbuti.com\/wp-content\/uploads\/2021\/03\/Redensyl-65x65.jpg",65,65,true]},"uagb_author_info":{"display_name":"admin","author_link":"https:\/\/arbuti.com\/es\/author\/admin\/"},"uagb_comment_info":0,"uagb_excerpt":"Redensyl Unterst\u00fctzt Redensyl wirklich den Haarwuchs und hilft den&nbsp;Haarausfall&nbsp;zu reduzieren? Hier haben wir eine Zusammenfassung \u00fcber Redensyl f\u00fcr dich zusammengestellt. [&hellip;]","_links":{"self":[{"href":"https:\/\/arbuti.com\/es\/wp-json\/wp\/v2\/posts\/8268","targetHints":{"allow":["GET"]}}],"collection":[{"href":"https:\/\/arbuti.com\/es\/wp-json\/wp\/v2\/posts"}],"about":[{"href":"https:\/\/arbuti.com\/es\/wp-json\/wp\/v2\/types\/post"}],"author":[{"embeddable":true,"href":"https:\/\/arbuti.com\/es\/wp-json\/wp\/v2\/users\/1"}],"replies":[{"embeddable":true,"href":"https:\/\/arbuti.com\/es\/wp-json\/wp\/v2\/comments?post=8268"}],"version-history":[{"count":3,"href":"https:\/\/arbuti.com\/es\/wp-json\/wp\/v2\/posts\/8268\/revisions"}],"predecessor-version":[{"id":10920,"href":"https:\/\/arbuti.com\/es\/wp-json\/wp\/v2\/posts\/8268\/revisions\/10920"}],"wp:featuredmedia":[{"embeddable":true,"href":"https:\/\/arbuti.com\/es\/wp-json\/wp\/v2\/media\/8271"}],"wp:attachment":[{"href":"https:\/\/arbuti.com\/es\/wp-json\/wp\/v2\/media?parent=8268"}],"wp:term":[{"taxonomy":"category","embeddable":true,"href":"https:\/\/arbuti.com\/es\/wp-json\/wp\/v2\/categories?post=8268"},{"taxonomy":"post_tag","embeddable":true,"href":"https:\/\/arbuti.com\/es\/wp-json\/wp\/v2\/tags?post=8268"}],"curies":[{"name":"wp","href":"https:\/\/api.w.org\/{rel}","templated":true}]}}