{"id":10595,"date":"2022-02-06T19:09:50","date_gmt":"2022-02-06T19:09:50","guid":{"rendered":"https:\/\/arbuti.com\/?p=10595"},"modified":"2025-06-23T16:21:25","modified_gmt":"2025-06-23T16:21:25","slug":"augenbrauenserum","status":"publish","type":"post","link":"https:\/\/arbuti.com\/es\/suero-para-cejas\/","title":{"rendered":"Serum Cejas"},"content":{"rendered":"<h1 class=\"wp-block-heading has-text-align-center\" id=\"h-augenbrauenserum-top-10\">Serum Cejas Top 10<\/h1>\n\n\n\n<p class=\"has-text-align-center\">\u00bfQu\u00e9 s\u00e9rums para cejas fueron los mejores en nuestra prueba de 2025? \u00a1Descubre aqu\u00ed nuestro top 10 comparativo!<\/p>\n\n\n\n\n\n\n<figure class=\"wp-block-image aligncenter size-full is-resized\"><a href=\"https:\/\/arbuti.com\/wp-content\/uploads\/2022\/02\/Augenbrauenserum.jpg\"><img loading=\"lazy\" decoding=\"async\" width=\"1000\" height=\"778\" src=\"https:\/\/arbuti.com\/wp-content\/uploads\/2022\/02\/Augenbrauenserum.jpg\" alt=\"Serum Cejas\" class=\"wp-image-10601\" style=\"width:510px;height:auto\" srcset=\"https:\/\/arbuti.com\/wp-content\/uploads\/2022\/02\/Augenbrauenserum.jpg 1000w, https:\/\/arbuti.com\/wp-content\/uploads\/2022\/02\/Augenbrauenserum-300x233.jpg 300w, https:\/\/arbuti.com\/wp-content\/uploads\/2022\/02\/Augenbrauenserum-768x598.jpg 768w, https:\/\/arbuti.com\/wp-content\/uploads\/2022\/02\/Augenbrauenserum-15x12.jpg 15w\" sizes=\"auto, (max-width: 1000px) 100vw, 1000px\" \/><\/a><\/figure>\n\n\n\n<h2 class=\"wp-block-heading has-text-align-center\" id=\"h-augenbrauenserum-test-2025\">Serum Cejas <br>Prueba 2025<\/h2>\n\n\n\n<p>Las Cejas son extremadamente importantes para el aspecto general de nuestro rostro porque lo enmarcan. Dan car\u00e1cter y expresi\u00f3n a nuestros rasgos faciales. Por lo tanto, no hay que descuidar el cuidado de nuestras Cejas. Deben ser tupidas, llenas y naturales en el mejor de los casos. <\/p>\n\n\n\n<p>Por desgracia, no todo el mundo ha sido bendecido naturalmente con unas Cejas sim\u00e9tricas y gruesas como las de la supermodelo Cara Delevingne. O tal vez has utilizado las pinzas con demasiada frecuencia en los \u00faltimos a\u00f1os, y ahora lo est\u00e1s pagando con calvas porque las ra\u00edces del pelo se han da\u00f1ado y las Cejas no vuelven a crecer en algunos lugares. Que no cunda el p\u00e1nico. Con el s\u00e9rum para Cejas adecuado, puedes ayudar a que tus Cejas vuelvan a crecer: Hacer que las Cejas tengan m\u00e1s forma y que el pelo sea m\u00e1s fuerte y sano, as\u00ed como la <a href=\"https:\/\/arbuti.com\/es\/restaurador-de-cabello\/\">crecimiento del cabello<\/a> estimular. <\/p>\n\n\n\n<p>Hemos analizado los productos m\u00e1s populares del mercado y aqu\u00ed est\u00e1n los 10 s\u00e9rums para Cejas m\u00e1s eficaces de 2023 para que tu sue\u00f1o de tener unas Cejas perfectas se haga realidad.<\/p>\n\n\n\n<div style=\"height:43px\" aria-hidden=\"true\" class=\"wp-block-spacer\"><\/div>\n\n\n\n<h2 class=\"wp-block-heading has-text-align-center has-black-color has-text-color\" id=\"h-die-10-besten-augenbrauenserum\"><strong>Los 10 mejores sueros para Cejas<\/strong><\/h2>\n\n\n\n<p class=\"has-text-align-center\" style=\"font-size:15px\">Nuevo <span style=\"color:#6892a3\" class=\"has-inline-color\">27 Abr, 2026<\/span><\/p>\n\n\n\n<hr class=\"wp-block-separator has-css-opacity aligncenter\"\/>\n\n\n\n<div style=\"height:60px\" aria-hidden=\"true\" class=\"wp-block-spacer\"><\/div>\n\n\n\n<h3 class=\"wp-block-heading\" id=\"h-1-platz-lazru-augenbrauenserum\"><strong>1er puesto: Lazru - Suero para Cejas<\/strong><\/h3>\n\n\n\n<figure class=\"wp-block-image size-full is-resized\"><a href=\"https:\/\/lazru.com\/es\/\"><img loading=\"lazy\" decoding=\"async\" width=\"1000\" height=\"1000\" src=\"https:\/\/arbuti.com\/wp-content\/uploads\/2022\/02\/Augenbrauen-Serum-1.jpg\" alt=\"Suero para Cejas\" class=\"wp-image-10706\" style=\"width:398px;height:398px\" srcset=\"https:\/\/arbuti.com\/wp-content\/uploads\/2022\/02\/Augenbrauen-Serum-1.jpg 1000w, https:\/\/arbuti.com\/wp-content\/uploads\/2022\/02\/Augenbrauen-Serum-1-300x300.jpg 300w, https:\/\/arbuti.com\/wp-content\/uploads\/2022\/02\/Augenbrauen-Serum-1-150x150.jpg 150w, https:\/\/arbuti.com\/wp-content\/uploads\/2022\/02\/Augenbrauen-Serum-1-768x768.jpg 768w, https:\/\/arbuti.com\/wp-content\/uploads\/2022\/02\/Augenbrauen-Serum-1-12x12.jpg 12w, https:\/\/arbuti.com\/wp-content\/uploads\/2022\/02\/Augenbrauen-Serum-1-65x65.jpg 65w\" sizes=\"auto, (max-width: 1000px) 100vw, 1000px\" \/><\/a><\/figure>\n\n\n\n<p>\u00bfLleva tiempo insatisfecha con la forma y la textura de sus Cejas? Entonces, nuestra principal recomendaci\u00f3n es el suero para Cejas altamente efectivo de Lazru. Con este s\u00e9rum, el crecimiento de tus Cejas volver\u00e1 a ser seguro. Y todo ello sin hormonas ni ingredientes nocivos. Es el \u00fanico <a href=\"https:\/\/arbuti.com\/es\/suero-para-pestanas\/\">Serum Pesta\u00f1as<\/a> en el mercado que equilibra perfectamente m\u00e1s de 50 ingredientes de forma natural. <\/p>\n\n\n\n<p>Ayuda a apoyar \u00f3ptimamente las sensibles ra\u00edces del pelo en el \u00e1rea de los ojos en su proceso de crecimiento. Lazru no s\u00f3lo garantiza un crecimiento m\u00e1s r\u00e1pido de las Cejas, sino que tambi\u00e9n impulsa el crecimiento natural de las Pesta\u00f1as. Esto es posible gracias a los preciosos aceites de lavanda real, enebro, jengibre y el \u00e1rbol del cord\u00f3n japon\u00e9s. Estos ingredientes se mezclan con otras sustancias activadas en el laboratorio. \u00a1Un verdadero super refuerzo para el cabello alrededor de los ojos! Agita bien el frasco de Lazru antes de usarlo por primera vez. <\/p>\n\n\n\n<p>A continuaci\u00f3n, el producto debe utilizarse una o dos veces al d\u00eda. Para ello, basta con aplicar una peque\u00f1a cantidad de manera uniforme en las Cejas y en la ra\u00edz de las Pesta\u00f1as hacia las puntas. Guarde el suero a temperatura ambiente fuera del alcance de los ni\u00f1os.&nbsp;&nbsp;<\/p>\n\n\n\n<p>Resultados a trav\u00e9s de la aplicaci\u00f3n: <\/p>\n\n\n\n<figure class=\"wp-block-gallery has-nested-images columns-default is-cropped wp-block-gallery-1 is-layout-flex wp-block-gallery-is-layout-flex\">\n<figure class=\"wp-block-image size-large\"><img loading=\"lazy\" decoding=\"async\" width=\"696\" height=\"673\" data-id=\"10579\" src=\"https:\/\/arbuti.com\/wp-content\/uploads\/2018\/06\/Augenbrauen-Serum-Test.jpg\" alt=\"Prueba de suero para Cejas\" class=\"wp-image-10579\" srcset=\"https:\/\/arbuti.com\/wp-content\/uploads\/2018\/06\/Augenbrauen-Serum-Test.jpg 696w, https:\/\/arbuti.com\/wp-content\/uploads\/2018\/06\/Augenbrauen-Serum-Test-300x290.jpg 300w, https:\/\/arbuti.com\/wp-content\/uploads\/2018\/06\/Augenbrauen-Serum-Test-12x12.jpg 12w\" sizes=\"auto, (max-width: 696px) 100vw, 696px\" \/><\/figure>\n\n\n\n<figure class=\"wp-block-image size-large\"><img loading=\"lazy\" decoding=\"async\" width=\"696\" height=\"673\" data-id=\"10580\" src=\"https:\/\/arbuti.com\/wp-content\/uploads\/2018\/06\/Beste-Augenbrauenserum.jpg\" alt=\"Mejor suero para Cejas\" class=\"wp-image-10580\" srcset=\"https:\/\/arbuti.com\/wp-content\/uploads\/2018\/06\/Beste-Augenbrauenserum.jpg 696w, https:\/\/arbuti.com\/wp-content\/uploads\/2018\/06\/Beste-Augenbrauenserum-300x290.jpg 300w, https:\/\/arbuti.com\/wp-content\/uploads\/2018\/06\/Beste-Augenbrauenserum-12x12.jpg 12w\" sizes=\"auto, (max-width: 696px) 100vw, 696px\" \/><\/figure>\n<\/figure>\n\n\n\n<ul class=\"wp-block-list\">\n<li>Sin hormonas<\/li>\n\n\n\n<li>Formulaci\u00f3n liposomal<\/li>\n<\/ul>\n\n\n\n<div class=\"wp-block-buttons is-layout-flex wp-block-buttons-is-layout-flex\">\n<div class=\"wp-block-button has-custom-width wp-block-button__width-100\"><a class=\"wp-block-button__link has-background wp-element-button\" href=\"https:\/\/lazru.com\/es\/\" style=\"background-color:#52a3a5\">Al producto<\/a><\/div>\n<\/div>\n\n\n<div style=\"gap: 20px; \" class=\"ub-star-rating ub-star-rating-text-bottom ub-star-rating-align-left wp-block-ub-star-rating-block\" id=\"ub-star-rating-0ba3186b-dd3f-4244-83fa-f96f97efcf00\">\n\t\t\t<div class=\"ub-star-outer-container\" style=\"justify-content: flex-start; \">\n\t\t\t\t<div class=\"ub-star-inner-container\"><div class=\"\"><svg xmlns=\"http:\/\/www.w3.org\/2000\/svg\" height=\"20\" width=\"20\" viewbox=\"0 0 150 150\">\n\t\t\t<defs><mask id=\"ub_star_rating_filter-0ba3186b-dd3f-4244-83fa-f96f97efcf00-0\"><rect height=\"150\" width=\"150\" y=\"0\" x=\"0\" fill=\"#fff\"><\/rect><\/mask><\/defs> <path fill=\"none\" stroke-width=\"2.5\" d=\"m0.75,56.89914l56.02207,0l17.31126,-56.14914l17.31126,56.14914l56.02206,0l-45.32273,34.70168l17.31215,56.14914l-45.32274,-34.70262l-45.32274,34.70262l17.31215,-56.14914l-45.32274,-34.70168z\" stroke=\"#ffb901\"><\/path><path class=\"star\" id=\"star0\" mask=\"url(#ub_star_rating_filter-0ba3186b-dd3f-4244-83fa-f96f97efcf00-0)\" fill=\"#ffb901\" strokewidth=\"2.5\" d=\"m0.75,56.89914l56.02207,0l17.31126,-56.14914l17.31126,56.14914l56.02206,0l-45.32273,34.70168l17.31215,56.14914l-45.32274,-34.70262l-45.32274,34.70262l17.31215,-56.14914l-45.32274,-34.70168z\" stroke=\"#ffb901\"><\/path>\n\t\t\t<\/svg><svg xmlns=\"http:\/\/www.w3.org\/2000\/svg\" height=\"20\" width=\"20\" viewbox=\"0 0 150 150\">\n\t\t\t<defs><mask id=\"ub_star_rating_filter-0ba3186b-dd3f-4244-83fa-f96f97efcf00-1\"><rect height=\"150\" width=\"150\" y=\"0\" x=\"0\" fill=\"#fff\"><\/rect><\/mask><\/defs> <path fill=\"none\" stroke-width=\"2.5\" d=\"m0.75,56.89914l56.02207,0l17.31126,-56.14914l17.31126,56.14914l56.02206,0l-45.32273,34.70168l17.31215,56.14914l-45.32274,-34.70262l-45.32274,34.70262l17.31215,-56.14914l-45.32274,-34.70168z\" stroke=\"#ffb901\"><\/path><path class=\"star\" id=\"star1\" mask=\"url(#ub_star_rating_filter-0ba3186b-dd3f-4244-83fa-f96f97efcf00-1)\" fill=\"#ffb901\" strokewidth=\"2.5\" d=\"m0.75,56.89914l56.02207,0l17.31126,-56.14914l17.31126,56.14914l56.02206,0l-45.32273,34.70168l17.31215,56.14914l-45.32274,-34.70262l-45.32274,34.70262l17.31215,-56.14914l-45.32274,-34.70168z\" stroke=\"#ffb901\"><\/path>\n\t\t\t<\/svg><svg xmlns=\"http:\/\/www.w3.org\/2000\/svg\" height=\"20\" width=\"20\" viewbox=\"0 0 150 150\">\n\t\t\t<defs><mask id=\"ub_star_rating_filter-0ba3186b-dd3f-4244-83fa-f96f97efcf00-2\"><rect height=\"150\" width=\"150\" y=\"0\" x=\"0\" fill=\"#fff\"><\/rect><\/mask><\/defs> <path fill=\"none\" stroke-width=\"2.5\" d=\"m0.75,56.89914l56.02207,0l17.31126,-56.14914l17.31126,56.14914l56.02206,0l-45.32273,34.70168l17.31215,56.14914l-45.32274,-34.70262l-45.32274,34.70262l17.31215,-56.14914l-45.32274,-34.70168z\" stroke=\"#ffb901\"><\/path><path class=\"star\" id=\"star2\" mask=\"url(#ub_star_rating_filter-0ba3186b-dd3f-4244-83fa-f96f97efcf00-2)\" fill=\"#ffb901\" strokewidth=\"2.5\" d=\"m0.75,56.89914l56.02207,0l17.31126,-56.14914l17.31126,56.14914l56.02206,0l-45.32273,34.70168l17.31215,56.14914l-45.32274,-34.70262l-45.32274,34.70262l17.31215,-56.14914l-45.32274,-34.70168z\" stroke=\"#ffb901\"><\/path>\n\t\t\t<\/svg><svg xmlns=\"http:\/\/www.w3.org\/2000\/svg\" height=\"20\" width=\"20\" viewbox=\"0 0 150 150\">\n\t\t\t<defs><mask id=\"ub_star_rating_filter-0ba3186b-dd3f-4244-83fa-f96f97efcf00-3\"><rect height=\"150\" width=\"150\" y=\"0\" x=\"0\" fill=\"#fff\"><\/rect><\/mask><\/defs> <path fill=\"none\" stroke-width=\"2.5\" d=\"m0.75,56.89914l56.02207,0l17.31126,-56.14914l17.31126,56.14914l56.02206,0l-45.32273,34.70168l17.31215,56.14914l-45.32274,-34.70262l-45.32274,34.70262l17.31215,-56.14914l-45.32274,-34.70168z\" stroke=\"#ffb901\"><\/path><path class=\"star\" id=\"star3\" mask=\"url(#ub_star_rating_filter-0ba3186b-dd3f-4244-83fa-f96f97efcf00-3)\" fill=\"#ffb901\" strokewidth=\"2.5\" d=\"m0.75,56.89914l56.02207,0l17.31126,-56.14914l17.31126,56.14914l56.02206,0l-45.32273,34.70168l17.31215,56.14914l-45.32274,-34.70262l-45.32274,34.70262l17.31215,-56.14914l-45.32274,-34.70168z\" stroke=\"#ffb901\"><\/path>\n\t\t\t<\/svg><svg xmlns=\"http:\/\/www.w3.org\/2000\/svg\" height=\"20\" width=\"20\" viewbox=\"0 0 150 150\">\n\t\t\t<defs><mask id=\"ub_star_rating_filter-0ba3186b-dd3f-4244-83fa-f96f97efcf00-4\"><rect height=\"150\" width=\"75\" y=\"0\" x=\"0\" fill=\"#fff\"><\/rect><\/mask><\/defs> <path fill=\"none\" stroke-width=\"2.5\" d=\"m0.75,56.89914l56.02207,0l17.31126,-56.14914l17.31126,56.14914l56.02206,0l-45.32273,34.70168l17.31215,56.14914l-45.32274,-34.70262l-45.32274,34.70262l17.31215,-56.14914l-45.32274,-34.70168z\" stroke=\"#ffb901\"><\/path><path class=\"star\" id=\"star4\" mask=\"url(#ub_star_rating_filter-0ba3186b-dd3f-4244-83fa-f96f97efcf00-4)\" fill=\"#ffb901\" strokewidth=\"2.5\" d=\"m0.75,56.89914l56.02207,0l17.31126,-56.14914l17.31126,56.14914l56.02206,0l-45.32273,34.70168l17.31215,56.14914l-45.32274,-34.70262l-45.32274,34.70262l17.31215,-56.14914l-45.32274,-34.70168z\" stroke=\"#ffb901\"><\/path>\n\t\t\t<\/svg><\/div><\/div>\n\t\t\t<\/div><div class=\"ub-review-text\" style=\"text-align: left; \">1097 valoraciones<\/div>\n\t\t<\/div>\n\n\n<div style=\"height:15px\" aria-hidden=\"true\" class=\"wp-block-spacer\"><\/div>\n\n\n\n<h5 class=\"wp-block-heading\" id=\"h-lazru-auch-empfohlen-von\">Lazru tambi\u00e9n recomendado por:<\/h5>\n\n\n\n<figure class=\"wp-block-image size-large is-resized\"><a href=\"https:\/\/arbuti.com\/wp-content\/uploads\/2021\/06\/Sponsor.jpg\"><img loading=\"lazy\" decoding=\"async\" width=\"600\" height=\"53\" src=\"https:\/\/arbuti.com\/wp-content\/uploads\/2021\/06\/Sponsor.jpg\" alt=\"\" class=\"wp-image-9670\" style=\"width:442px;height:39px\" srcset=\"https:\/\/arbuti.com\/wp-content\/uploads\/2021\/06\/Sponsor.jpg 600w, https:\/\/arbuti.com\/wp-content\/uploads\/2021\/06\/Sponsor-300x27.jpg 300w\" sizes=\"auto, (max-width: 600px) 100vw, 600px\" \/><\/a><\/figure>\n\n\n\n<hr class=\"wp-block-separator has-css-opacity is-style-wide\"\/>\n\n\n\n<div style=\"height:62px\" aria-hidden=\"true\" class=\"wp-block-spacer\"><\/div>\n\n\n\n<h3 class=\"wp-block-heading\" id=\"h-2-platz-bionoble-bio-rizinusol\"><strong>2\u00ba puesto: Aceite de ricino ecol\u00f3gico BIONOBLE<\/strong><\/h3>\n\n\n\n<figure class=\"wp-block-image size-full is-resized\"><a href=\"https:\/\/amzn.to\/3KK0OHn\" target=\"_blank\" rel=\"nofollow noopener\"><img loading=\"lazy\" decoding=\"async\" width=\"600\" height=\"706\" src=\"https:\/\/arbuti.com\/wp-content\/uploads\/2022\/02\/Augenbrauen-Serum.jpg\" alt=\"Suero para Cejas\" class=\"wp-image-10606\" style=\"width:217px;height:256px\" srcset=\"https:\/\/arbuti.com\/wp-content\/uploads\/2022\/02\/Augenbrauen-Serum.jpg 600w, https:\/\/arbuti.com\/wp-content\/uploads\/2022\/02\/Augenbrauen-Serum-255x300.jpg 255w, https:\/\/arbuti.com\/wp-content\/uploads\/2022\/02\/Augenbrauen-Serum-10x12.jpg 10w\" sizes=\"auto, (max-width: 600px) 100vw, 600px\" \/><\/a><\/figure>\n\n\n\n<p>La textura calmante del aceite de ricino, naturalmente espeso, es muy eficaz para fortalecer todo el vello facial, como las Cejas, las Pesta\u00f1as y la barba, hasta las puntas. El suero es por tanto vers\u00e1til - tambi\u00e9n como mascarilla para un crecimiento m\u00e1s r\u00e1pido del cabello y <a href=\"https:\/\/arbuti.com\/es\/productos-para-el-cuidado-del-cabello\/\">Cuidado del cabello<\/a>. Pero tambi\u00e9n puede utilizarse para el picor del cuero cabelludo, las u\u00f1as quebradizas, las estr\u00edas y la irritaci\u00f3n de la piel despu\u00e9s del afeitado. Un aut\u00e9ntico todoterreno. <\/p>\n\n\n\n<p>El aceite de ricino se extrae en la India por prensado en fr\u00edo. Sin embargo, el embotellado se realiza en Francia. El producto BIONOBLE es 100% natural, sin hexano y sin conservantes a\u00f1adidos. El producto es completamente vegano y no contiene animales. Se presenta en un frasco de vidrio respetuoso con el medio ambiente y permite una aplicaci\u00f3n sin complicaciones con una pr\u00e1ctica pipeta, bomba y <a href=\"https:\/\/arbuti.com\/es\/mascara\/\">M\u00e1scara de Pesta\u00f1as<\/a> Kit.&nbsp;<\/p>\n\n\n\n<ul class=\"wp-block-list\">\n<li>100% ingredientes naturales<\/li>\n\n\n\n<li>Vegano y sin pruebas en animales<\/li>\n\n\n\n<li>Vers\u00e1til<\/li>\n<\/ul>\n\n\n\n<p>Sin embargo, en comparaci\u00f3n con Lazru, este suero funcion\u00f3 mucho m\u00e1s tarde. Por lo tanto, para un efecto m\u00e1s r\u00e1pido y una aplicaci\u00f3n con ingredientes activos m\u00e1s fuertes, recomendamos el producto de la competencia en nuestro primer lugar Lazru.<\/p>\n\n\n\n<div class=\"wp-block-buttons is-layout-flex wp-block-buttons-is-layout-flex\">\n<div class=\"wp-block-button has-custom-width wp-block-button__width-100\"><a class=\"wp-block-button__link wp-element-button\" href=\"https:\/\/amzn.to\/3KK0OHn\" target=\"_blank\" rel=\"noreferrer noopener\">Amazon<\/a><\/div>\n<\/div>\n\n\n\n<hr class=\"wp-block-separator has-css-opacity is-style-wide\"\/>\n\n\n\n<div style=\"height:50px\" aria-hidden=\"true\" class=\"wp-block-spacer\"><\/div>\n\n\n\n<h3 class=\"wp-block-heading\" id=\"h-3-platz-refectocil-lash-amp-brow-booster\"><strong>3er puesto: RefectoCil Lash &amp; Brow Booster<\/strong><\/h3>\n\n\n\n<figure class=\"wp-block-image size-full is-resized\"><a href=\"https:\/\/amzn.to\/3mewNFo\" target=\"_blank\" rel=\"noreferrer noopener\"><img loading=\"lazy\" decoding=\"async\" width=\"354\" height=\"333\" src=\"https:\/\/arbuti.com\/wp-content\/uploads\/2022\/02\/Refectocil-Serum.jpg\" alt=\"Refectocil\" class=\"wp-image-10614\" style=\"width:244px;height:230px\" srcset=\"https:\/\/arbuti.com\/wp-content\/uploads\/2022\/02\/Refectocil-Serum.jpg 354w, https:\/\/arbuti.com\/wp-content\/uploads\/2022\/02\/Refectocil-Serum-300x282.jpg 300w, https:\/\/arbuti.com\/wp-content\/uploads\/2022\/02\/Refectocil-Serum-13x12.jpg 13w\" sizes=\"auto, (max-width: 354px) 100vw, 354px\" \/><\/a><\/figure>\n\n\n\n<p>Este producto promete unas Cejas m\u00e1s gruesas, anchas y sin huecos y unas Pesta\u00f1as hasta 56% m\u00e1s largas. Con el uso diario, los primeros efectos ya son visibles despu\u00e9s de 6 semanas. Despu\u00e9s de 10 semanas, 93% de los probadores confirman un crecimiento muy claro. El RefectoCil Lash &amp; Brow Booster consigue todo esto gracias a una composici\u00f3n puramente natural de ingredientes activos. Un innovador aplicador ayuda a la aplicaci\u00f3n. El suero para Cejas ha sido probado oftalmol\u00f3gica y dermatol\u00f3gicamente.&nbsp;<\/p>\n\n\n\n<ul class=\"wp-block-list\">\n<li>Composici\u00f3n natural de los ingredientes activos<\/li>\n\n\n\n<li>Probado oftalmol\u00f3gica y dermatol\u00f3gicamente<\/li>\n\n\n\n<li>93% confirman un crecimiento significativo<\/li>\n<\/ul>\n\n\n\n<div class=\"wp-block-buttons is-layout-flex wp-block-buttons-is-layout-flex\">\n<div class=\"wp-block-button has-custom-width wp-block-button__width-100\"><a class=\"wp-block-button__link wp-element-button\" href=\"https:\/\/amzn.to\/3mewNFo\" target=\"_blank\" rel=\"nofollow noopener\">Amazon<\/a><\/div>\n<\/div>\n\n\n\n<hr class=\"wp-block-separator has-css-opacity is-style-wide\"\/>\n\n\n\n<div style=\"height:50px\" aria-hidden=\"true\" class=\"wp-block-spacer\"><\/div>\n\n\n\n<h3 class=\"wp-block-heading\" id=\"h-4-platz-orphica-brow-conditioner\"><strong>4\u00ba puesto: Acondicionador de Cejas ORPHICA<\/strong><\/h3>\n\n\n\n<figure class=\"wp-block-image size-large is-resized\"><a href=\"https:\/\/amzn.to\/3ZPwL5x\" target=\"_blank\" rel=\"nofollow noopener\"><img loading=\"lazy\" decoding=\"async\" width=\"791\" height=\"1024\" src=\"https:\/\/arbuti.com\/wp-content\/uploads\/2022\/02\/Orphica-791x1024.jpg\" alt=\"Orphica-Brow\" class=\"wp-image-10615\" style=\"width:261px;height:337px\" srcset=\"https:\/\/arbuti.com\/wp-content\/uploads\/2022\/02\/Orphica-791x1024.jpg 791w, https:\/\/arbuti.com\/wp-content\/uploads\/2022\/02\/Orphica-232x300.jpg 232w, https:\/\/arbuti.com\/wp-content\/uploads\/2022\/02\/Orphica-768x995.jpg 768w, https:\/\/arbuti.com\/wp-content\/uploads\/2022\/02\/Orphica-9x12.jpg 9w, https:\/\/arbuti.com\/wp-content\/uploads\/2022\/02\/Orphica.jpg 800w\" sizes=\"auto, (max-width: 791px) 100vw, 791px\" \/><\/a><\/figure>\n\n\n\n<p>El popular Brow <a href=\"https:\/\/arbuti.com\/es\/acondicionador\/\">Acondicionador<\/a> de ORPHICA promete unas cejas naturalmente bellas y gruesas, nutriendo el vello y mejorando su estado general mediante extractos naturales de plantas. Este producto es un innovador suero para cejas que penetra muy profundamente en la estructura de la ra\u00edz del pelo, haciendo que las cejas sean m\u00e1s gruesas, oscuras y fuertes. <\/p>\n\n\n\n<p>El acondicionador de Cejas ha sido probado dermatol\u00f3gicamente y no tiene efectos secundarios. Los primeros efectos pueden observarse ya cuatro semanas despu\u00e9s de la primera aplicaci\u00f3n. Sin embargo, se recomienda utilizar el suero durante 8 a 12 semanas para lograr resultados \u00f3ptimos. Basta con integrarlo en su rutina diaria de cuidado facial.&nbsp;<\/p>\n\n\n\n<ul class=\"wp-block-list\">\n<li>Probado dermatol\u00f3gicamente<\/li>\n\n\n\n<li>Sin efectos secundarios<\/li>\n<\/ul>\n\n\n\n<div class=\"wp-block-buttons is-layout-flex wp-block-buttons-is-layout-flex\">\n<div class=\"wp-block-button has-custom-width wp-block-button__width-100\"><a class=\"wp-block-button__link wp-element-button\" href=\"https:\/\/amzn.to\/3ZPwL5x\" target=\"_blank\" rel=\"nofollow noopener\">Amazon<\/a><\/div>\n<\/div>\n\n\n\n<hr class=\"wp-block-separator has-css-opacity is-style-wide\"\/>\n\n\n\n<div style=\"height:50px\" aria-hidden=\"true\" class=\"wp-block-spacer\"><\/div>\n\n\n\n<h3 class=\"wp-block-heading\" id=\"h-5-platz-browcocaine-profi-augenbrauen-serum\"><strong>5\u00ba puesto: Suero profesional para Cejas BROWCOCAINE<\/strong><\/h3>\n\n\n\n<figure class=\"wp-block-image size-full is-resized\"><a href=\"https:\/\/amzn.to\/3Y9MU4h\" target=\"_blank\" rel=\"nofollow noopener\"><img loading=\"lazy\" decoding=\"async\" width=\"268\" height=\"500\" src=\"https:\/\/arbuti.com\/wp-content\/uploads\/2022\/02\/svenjawalberg.jpg\" alt=\"svenjawalberg\" class=\"wp-image-10620\" style=\"width:143px;height:267px\" srcset=\"https:\/\/arbuti.com\/wp-content\/uploads\/2022\/02\/svenjawalberg.jpg 268w, https:\/\/arbuti.com\/wp-content\/uploads\/2022\/02\/svenjawalberg-161x300.jpg 161w, https:\/\/arbuti.com\/wp-content\/uploads\/2022\/02\/svenjawalberg-6x12.jpg 6w\" sizes=\"auto, (max-width: 268px) 100vw, 268px\" \/><\/a><\/figure>\n\n\n\n<p>El s\u00e9rum para Cejas BROWCOCAINE de Svenja Walberg, fabricado con cari\u00f1o en Alemania, promete unas Cejas pobladas y gruesas. Las manchas de calvicie se corrigen sin necesidad de l\u00e1pices correctores ni de color. Incluso se incluyen plantillas para la forma ideal de las Cejas. Las materias primas especiales contenidas en el producto han sido ampliamente probadas y su eficacia ha sido demostrada con una triple acci\u00f3n. El suero tambi\u00e9n incluye un complejo de atenci\u00f3n 24 horas. El producto no contiene parabenos, aceites minerales ni perfume. Se ha producido de forma vegana y sin pruebas en animales.&nbsp;<\/p>\n\n\n\n<ul class=\"wp-block-list\">\n<li>Sin parabenos, aceites minerales ni perfume<\/li>\n\n\n\n<li>Vegano y sin pruebas en animales<\/li>\n\n\n\n<li>Fabricado en Alemania<\/li>\n<\/ul>\n\n\n\n<div class=\"wp-block-buttons is-layout-flex wp-block-buttons-is-layout-flex\">\n<div class=\"wp-block-button has-custom-width wp-block-button__width-100\"><a class=\"wp-block-button__link wp-element-button\" href=\"https:\/\/amzn.to\/3Y9MU4h\" target=\"_blank\" rel=\"noreferrer noopener\">Amazon<\/a><\/div>\n<\/div>\n\n\n\n<hr class=\"wp-block-separator has-css-opacity is-style-wide\"\/>\n\n\n\n<div style=\"height:50px\" aria-hidden=\"true\" class=\"wp-block-spacer\"><\/div>\n\n\n\n<h3 class=\"wp-block-heading\" id=\"h-6-platz-plastimea-augenbrauenserum-meabrow\"><strong>6\u00ba puesto: Plastimea - Suero para Cejas MEABROW<\/strong><\/h3>\n\n\n\n<figure class=\"wp-block-image size-large is-resized\"><a href=\"https:\/\/amzn.to\/3m93gwG\" target=\"_blank\" rel=\"nofollow noopener\"><img loading=\"lazy\" decoding=\"async\" width=\"1024\" height=\"1024\" src=\"https:\/\/arbuti.com\/wp-content\/uploads\/2022\/02\/eyebrow-serum-1024x1024.jpg\" alt=\"suero para Cejas\" class=\"wp-image-10623\" style=\"width:313px;height:313px\" srcset=\"https:\/\/arbuti.com\/wp-content\/uploads\/2022\/02\/eyebrow-serum-1024x1024.jpg 1024w, https:\/\/arbuti.com\/wp-content\/uploads\/2022\/02\/eyebrow-serum-300x300.jpg 300w, https:\/\/arbuti.com\/wp-content\/uploads\/2022\/02\/eyebrow-serum-150x150.jpg 150w, https:\/\/arbuti.com\/wp-content\/uploads\/2022\/02\/eyebrow-serum-768x768.jpg 768w, https:\/\/arbuti.com\/wp-content\/uploads\/2022\/02\/eyebrow-serum-12x12.jpg 12w, https:\/\/arbuti.com\/wp-content\/uploads\/2022\/02\/eyebrow-serum-65x65.jpg 65w, https:\/\/arbuti.com\/wp-content\/uploads\/2022\/02\/eyebrow-serum.jpg 1500w\" sizes=\"auto, (max-width: 1024px) 100vw, 1024px\" \/><\/a><\/figure>\n\n\n\n<p>El s\u00e9rum para Cejas MEABROW de la marca parisina Plastimea se activa con hialur\u00f3n y <a href=\"https:\/\/arbuti.com\/es\/biotina-caida-del-cabello\/\">Biotina<\/a> el crecimiento del vello y, por tanto, garantiza unas Cejas m\u00e1s pobladas y gruesas. El producto es 100% vegano y sin hormonas. Tambi\u00e9n est\u00e1 garantizado que no contiene parabenos ni fragancias. El gel para Cejas permite obtener unas Cejas expresivas y cuidadas de forma natural con un uso regular y diario.<\/p>\n\n\n\n<p>El suero para Cejas ha sido probado dermatol\u00f3gicamente y es bien tolerado incluso por pieles muy sensibles. Da volumen y forma a las Cejas, ya que estimula el crecimiento de la <a href=\"https:\/\/arbuti.com\/es\/foliculo-piloso\/\">Fol\u00edculo Piloso<\/a> estimula. Basta con aplicar el s\u00e9rum sobre las Cejas secas y limpias con el cabezal ergon\u00f3mico. El producto se absorbe r\u00e1pidamente y acelera el crecimiento de las Cejas, preferiblemente durante la noche.&nbsp;<\/p>\n\n\n\n<ul class=\"wp-block-list\">\n<li>Sin hormonas<\/li>\n\n\n\n<li>100% vegano<\/li>\n\n\n\n<li>Con hialur\u00f3n y biotina<\/li>\n<\/ul>\n\n\n\n<div class=\"wp-block-buttons is-layout-flex wp-block-buttons-is-layout-flex\">\n<div class=\"wp-block-button has-custom-width wp-block-button__width-100\"><a class=\"wp-block-button__link wp-element-button\" href=\"https:\/\/amzn.to\/3m93gwG\" target=\"_blank\" rel=\"noreferrer noopener\">Amazon<\/a><\/div>\n<\/div>\n\n\n\n<hr class=\"wp-block-separator has-css-opacity is-style-wide\"\/>\n\n\n\n<div style=\"height:50px\" aria-hidden=\"true\" class=\"wp-block-spacer\"><\/div>\n\n\n\n<h3 class=\"wp-block-heading\" id=\"h-7-platz-nanobrow-augenbrauenserum-nbsp\"><strong>7\u00ba puesto: Suero para Cejas NANOBROW&nbsp;<\/strong><\/h3>\n\n\n\n<figure class=\"wp-block-image size-full is-resized\"><a href=\"https:\/\/amzn.to\/3y1Zl7R\" target=\"_blank\" rel=\"nofollow noopener\"><img loading=\"lazy\" decoding=\"async\" width=\"500\" height=\"607\" src=\"https:\/\/arbuti.com\/wp-content\/uploads\/2022\/02\/Nanobrow.jpg\" alt=\"NanoCejas\" class=\"wp-image-10625\" style=\"width:250px;height:304px\" srcset=\"https:\/\/arbuti.com\/wp-content\/uploads\/2022\/02\/Nanobrow.jpg 500w, https:\/\/arbuti.com\/wp-content\/uploads\/2022\/02\/Nanobrow-247x300.jpg 247w, https:\/\/arbuti.com\/wp-content\/uploads\/2022\/02\/Nanobrow-10x12.jpg 10w\" sizes=\"auto, (max-width: 500px) 100vw, 500px\" \/><\/a><\/figure>\n\n\n\n<p>Este potente producto le proporciona unas Cejas fuertes y suaves sin necesidad de costosos tratamientos de sal\u00f3n. Simplemente aplique NANOBROW Eyebrow Serum en los pelos de las Cejas antes de acostarse y d\u00e9jelo actuar: El s\u00e9rum fortalece los pelos de las Cejas durante la noche, hace que crezcan m\u00e1s r\u00e1pido, los engrosa y adem\u00e1s intensifica el color. Las Cejas se llenan m\u00e1s con cada d\u00eda de tratamiento. Y todo ello de forma totalmente natural: NANOBROW est\u00e1 compuesto por valiosos extractos vegetales (germen de trigo, germen de soja y ginseng) y potentes p\u00e9ptidos, arginina y pantenol. El producto se absorbe r\u00e1pidamente y se tolera bien.<\/p>\n\n\n\n<ul class=\"wp-block-list\">\n<li>El cabello crece m\u00e1s r\u00e1pido y el color se intensifica<\/li>\n\n\n\n<li>Las Cejas se llenan cada d\u00eda m\u00e1s<\/li>\n\n\n\n<li>Se absorbe r\u00e1pidamente<\/li>\n<\/ul>\n\n\n\n<div class=\"wp-block-buttons is-layout-flex wp-block-buttons-is-layout-flex\">\n<div class=\"wp-block-button has-custom-width wp-block-button__width-100\"><a class=\"wp-block-button__link wp-element-button\" href=\"https:\/\/amzn.to\/3y1Zl7R\" target=\"_blank\" rel=\"nofollow noopener\">Amazon<\/a><\/div>\n<\/div>\n\n\n\n<hr class=\"wp-block-separator has-css-opacity is-style-wide\"\/>\n\n\n\n<div style=\"height:50px\" aria-hidden=\"true\" class=\"wp-block-spacer\"><\/div>\n\n\n\n<h3 class=\"wp-block-heading\" id=\"h-8-platz-ko-hair-augenbrauenserum-booster\"><strong>8\u00ba puesto: K\u00d6-HAIR Eyebrow Serum Booster<\/strong><\/h3>\n\n\n\n<figure class=\"wp-block-image size-full is-resized\"><a href=\"https:\/\/amzn.to\/3EJGCBF\" target=\"_blank\" rel=\"nofollow noopener\"><img loading=\"lazy\" decoding=\"async\" width=\"598\" height=\"867\" src=\"https:\/\/arbuti.com\/wp-content\/uploads\/2022\/02\/Ko-hair.jpg\" alt=\"Koe-hair\" class=\"wp-image-10627\" style=\"width:203px;height:295px\" srcset=\"https:\/\/arbuti.com\/wp-content\/uploads\/2022\/02\/Ko-hair.jpg 598w, https:\/\/arbuti.com\/wp-content\/uploads\/2022\/02\/Ko-hair-207x300.jpg 207w, https:\/\/arbuti.com\/wp-content\/uploads\/2022\/02\/Ko-hair-8x12.jpg 8w\" sizes=\"auto, (max-width: 598px) 100vw, 598px\" \/><\/a><\/figure>\n\n\n\n<p>Este suero para Cejas altamente eficaz de K\u00d6-Hair aumenta la densidad y el n\u00famero de pelos de las Cejas y tambi\u00e9n refuerza el color natural. Se basa en ingredientes naturales. El suero nutre las ra\u00edces del cabello. Los principios activos extra\u00eddos estimulan el cabello directamente en la ra\u00edz y prolongan as\u00ed la fase de crecimiento natural. Despu\u00e9s de s\u00f3lo 6 a 8 semanas de uso diario, puede sorprenderse de los resultados superiores. <\/p>\n\n\n\n<p>La aplicaci\u00f3n es muy sencilla e higi\u00e9nica, y el aplicador facilita una aplicaci\u00f3n moderada. Los especialistas de la K\u00d6-Hair Klinik recomiendan este suero para Cejas.<\/p>\n\n\n\n<ul class=\"wp-block-list\">\n<li>Aplicador pr\u00e1ctico<\/li>\n\n\n\n<li>Ingredientes naturales<\/li>\n\n\n\n<li>La fase de crecimiento se prolonga<\/li>\n<\/ul>\n\n\n\n<hr class=\"wp-block-separator has-css-opacity is-style-wide\"\/>\n\n\n\n<div style=\"height:50px\" aria-hidden=\"true\" class=\"wp-block-spacer\"><\/div>\n\n\n\n<h3 class=\"wp-block-heading\" id=\"h-9-platz-revitalash-revitabrow-eye-brow-conditioner\"><strong>9\u00ba puesto: RevitaLash RevitaBrow Eye Brow Conditioner<\/strong><\/h3>\n\n\n\n<figure class=\"wp-block-image size-full is-resized\"><a href=\"https:\/\/amzn.to\/3SKa6VU\" target=\"_blank\" rel=\"nofollow noopener\"><img loading=\"lazy\" decoding=\"async\" width=\"1000\" height=\"1000\" src=\"https:\/\/arbuti.com\/wp-content\/uploads\/2022\/02\/Revitabrow.jpg\" alt=\"Revitabrow\" class=\"wp-image-10629\" style=\"width:323px;height:323px\" srcset=\"https:\/\/arbuti.com\/wp-content\/uploads\/2022\/02\/Revitabrow.jpg 1000w, https:\/\/arbuti.com\/wp-content\/uploads\/2022\/02\/Revitabrow-300x300.jpg 300w, https:\/\/arbuti.com\/wp-content\/uploads\/2022\/02\/Revitabrow-150x150.jpg 150w, https:\/\/arbuti.com\/wp-content\/uploads\/2022\/02\/Revitabrow-768x768.jpg 768w, https:\/\/arbuti.com\/wp-content\/uploads\/2022\/02\/Revitabrow-12x12.jpg 12w, https:\/\/arbuti.com\/wp-content\/uploads\/2022\/02\/Revitabrow-65x65.jpg 65w\" sizes=\"auto, (max-width: 1000px) 100vw, 1000px\" \/><\/a><\/figure>\n\n\n\n<p>Este producto promete un peinado sencillo y \u00f3ptimo para las Cejas. El cuidado suaviza las Cejas para que puedan moldearse f\u00e1cilmente a la perfecci\u00f3n, dando al rostro el contorno ideal. Adem\u00e1s, se estimula el crecimiento de las Cejas. Despu\u00e9s de unas pocas semanas, parecen m\u00e1s llenos y m\u00e1s fuertes. El acondicionador de Cejas debe aplicarse sobre las Cejas secas y limpias una vez al d\u00eda, idealmente por la noche despu\u00e9s de desmaquillarlas. A continuaci\u00f3n, los pelos brotar\u00e1n durante la noche como por arte de magia.&nbsp;<\/p>\n\n\n\n<ul class=\"wp-block-list\">\n<li>Nutre y suaviza las Cejas<\/li>\n\n\n\n<li>El producto puede utilizarse para dar una forma perfecta a las Cejas<\/li>\n\n\n\n<li>Utilizar s\u00f3lo una vez al d\u00eda<\/li>\n<\/ul>\n\n\n\n<div class=\"wp-block-buttons is-layout-flex wp-block-buttons-is-layout-flex\">\n<div class=\"wp-block-button has-custom-width wp-block-button__width-100\"><a class=\"wp-block-button__link wp-element-button\" href=\"https:\/\/amzn.to\/3SKa6VU\" target=\"_blank\" rel=\"nofollow noopener\">Amazon<\/a><\/div>\n<\/div>\n\n\n\n<hr class=\"wp-block-separator has-css-opacity is-style-wide\"\/>\n\n\n\n<div style=\"height:50px\" aria-hidden=\"true\" class=\"wp-block-spacer\"><\/div>\n\n\n\n<h3 class=\"wp-block-heading\" id=\"h-10-platz-m2-beaute-eyebrow-renewing-serum\"><strong>10\u00ba puesto: M2 Beaut\u00e9 Eyebrow Renewing Serum<\/strong><\/h3>\n\n\n\n<figure class=\"wp-block-image size-full is-resized\"><a href=\"https:\/\/amzn.to\/3J7c92M\" target=\"_blank\" rel=\"nofollow noopener\"><img loading=\"lazy\" decoding=\"async\" width=\"300\" height=\"740\" src=\"https:\/\/arbuti.com\/wp-content\/uploads\/2022\/02\/M2Beaute.jpg\" alt=\"M2Beaute\" class=\"wp-image-10633\" style=\"width:117px;height:288px\" srcset=\"https:\/\/arbuti.com\/wp-content\/uploads\/2022\/02\/M2Beaute.jpg 300w, https:\/\/arbuti.com\/wp-content\/uploads\/2022\/02\/M2Beaute-122x300.jpg 122w, https:\/\/arbuti.com\/wp-content\/uploads\/2022\/02\/M2Beaute-5x12.jpg 5w\" sizes=\"auto, (max-width: 300px) 100vw, 300px\" \/><\/a><\/figure>\n\n\n\n<p>El suero renovador de Cejas de <a href=\"https:\/\/arbuti.com\/es\/m2-beaute\/\">M2 Beaut\u00e9<\/a> se basa en complejos de ingredientes activos innovadores y altamente potentes que se adaptan perfectamente a la zona de las Cejas. El eficaz s\u00e9rum para Cejas con base no grasa engrosa y fortalece las Cejas. En combinaci\u00f3n con ingredientes nutritivos como el hialur\u00f3n y la biotina, estimula tanto las ra\u00edces activas como las inactivas del cabello gracias al Aceite de Vara del Mar Negro. De este modo, se estimula de forma demostrable el crecimiento natural.&nbsp;<\/p>\n\n\n\n<ul class=\"wp-block-list\">\n<li>Con hialur\u00f3n y biotina<\/li>\n\n\n\n<li>No grasa<\/li>\n\n\n\n<li>Activa las ra\u00edces activas e inactivas del cabello<\/li>\n<\/ul>\n\n\n\n<div class=\"wp-block-buttons is-layout-flex wp-block-buttons-is-layout-flex\">\n<div class=\"wp-block-button has-custom-width wp-block-button__width-100\"><a class=\"wp-block-button__link wp-element-button\" href=\"https:\/\/amzn.to\/3J7c92M\" target=\"_blank\" rel=\"nofollow noopener\">El m\u00e1s barato de Amazon<\/a><\/div>\n<\/div>\n\n\n\n<hr class=\"wp-block-separator has-css-opacity is-style-wide\"\/>\n\n\n\n<div style=\"height:50px\" aria-hidden=\"true\" class=\"wp-block-spacer\"><\/div>\n\n\n\n<h2 class=\"wp-block-heading\">\u00bfC\u00f3mo funciona un s\u00e9rum para Cejas?<\/h2>\n\n\n\n<p>Los sueros para Cejas contienen ingredientes activos que estimulan el crecimiento de los pelos de las Cejas cuando se usan regularmente. Con el tratamiento a largo plazo, los pelos finos vuelven a crecer m\u00e1s gruesos y m\u00e1s r\u00e1pido. Los ingredientes activos que suelen utilizarse con gran eficacia en los s\u00e9rums para Cejas son, por ejemplo, el aceite de vara del mar negro, un extracto de coral. La biotina, el \u00e1cido hialur\u00f3nico y el aceite de ricino tambi\u00e9n desempe\u00f1an un papel importante en el sector de las Cejas. La buena noticia: la mayor\u00eda de los sueros para Cejas no s\u00f3lo empujan el <a href=\"https:\/\/arbuti.com\/es\/restaurador-de-cabello\/\">Crecimiento del Cabello<\/a> de las Cejas, sino tambi\u00e9n de las Pesta\u00f1as. Al fin y al cabo, el look de ojos perfecto tambi\u00e9n incluye unas Pesta\u00f1as largas y espesas.&nbsp;<\/p>\n\n\n\n<h2 class=\"wp-block-heading\">\u00bfC\u00f3mo se aplica un suero para Cejas?<\/h2>\n\n\n\n<p>Para obtener resultados r\u00e1pidamente visibles, se recomienda definitivamente aplicar el suero diariamente. Lo ideal es aplicarlo antes de acostarse. El s\u00e9rum para Cejas puede ser m\u00e1s eficaz durante la noche. Es importante eliminar previamente los restos de maquillaje y la suciedad de las Cejas. La mayor\u00eda de los sueros para Cejas vienen con un aplicador que puede utilizarse para aplicar f\u00e1cilmente el producto en las Cejas. Tambi\u00e9n se puede aplicar el s\u00e9rum en las Cejas, o en las calvas, con un pincel.&nbsp;<\/p>\n\n\n\n<h2 class=\"wp-block-heading\">\u00bfLa depilaci\u00f3n frecuente puede arruinar las Cejas?<\/h2>\n\n\n\n<p>Claro, todos usamos pinzas para el barrido perfecto de las Cejas. Las Cejas finas y fuertemente arqueadas sol\u00edan estar de moda, por lo que puede que nos hayamos pasado un poco con la depilaci\u00f3n de vez en cuando. Por desgracia, esto tiene consecuencias: El desplume hace que se arranquen los pelos individuales junto con sus ra\u00edces. Lo que queda es un extremo en forma de cebolla, la llamada papila pilosa. Este necesita hasta seis semanas para regenerarse y conectar una nueva ra\u00edz capilar con el ciclo natural de nutrientes. <\/p>\n\n\n\n<p>Sin embargo, si se depila con demasiada frecuencia, se destruye este mecanismo de renovaci\u00f3n a largo plazo. La papila se lesiona de nuevo cada vez. El resultado es la cicatrizaci\u00f3n y el cabello acabar\u00e1 por dejar de crecer. Un s\u00e9rum para Cejas puede ayudar en este caso, pero es mejor no abusar de la depilaci\u00f3n.&nbsp;<\/p>\n\n\n\n<h2 class=\"wp-block-heading\">Preguntas y respuestas<\/h2>\n\n\n\t\t<section\t\tclass=\"sc_fs_faq sc_card\"\n\t\t\t\t>\n\t\t\t\t<h3>Sol\u00eda tener las Cejas llenas. Hoy, por desgracia, no. \u00bfEs un signo natural de la edad?<\/h3>\t\t\t\t<div>\n\t\t\t\t\t\t<div class=\"sc_fs_faq__content\">\n\t\t\t\t\n\n<p>Por desgracia, s\u00ed. Debido al envejecimiento y a los cambios hormonales que lo acompa\u00f1an, la estructura del cabello y su crecimiento se ven afectados. Pero un suero para Cejas puede ayudar.<\/p>\n\n\t\t\t<\/div>\n\t\t<\/div>\n\t\t<\/section>\n\t\t\t\t<section\t\tclass=\"sc_fs_faq sc_card\"\n\t\t\t\t>\n\t\t\t\t<h3>\u00bfExisten tambi\u00e9n remedios caseros para conseguir unas Cejas m\u00e1s pobladas?<\/h3>\t\t\t\t<div>\n\t\t\t\t\t\t<div class=\"sc_fs_faq__content\">\n\t\t\t\t\n\n<p>\u00a1Vaselina! No s\u00f3lo mantiene la flexibilidad de las Cejas, sino que tambi\u00e9n asegura que vuelvan a crecer m\u00e1s gruesas y m\u00e1s r\u00e1pido. Sin embargo, a veces puede provocar reacciones al\u00e9rgicas e irritaciones cut\u00e1neas. En este sentido, se recomienda un s\u00e9rum profesional para Cejas, que se adapta perfectamente a las necesidades de la zona del contorno de los ojos.<\/p>\n\n\t\t\t<\/div>\n\t\t<\/div>\n\t\t<\/section>\n\t\t\t\t<section\t\tclass=\"sc_fs_faq sc_card\"\n\t\t\t\t>\n\t\t\t\t<h3>\u00bfQu\u00e9 forma deben tener las Cejas perfectas?<\/h3>\t\t\t\t<div>\n\t\t\t\t\t\t<div class=\"sc_fs_faq__content\">\n\t\t\t\t\n\n<p>Esto depende totalmente de la forma individual de su cara. Cuanto m\u00e1s suaves sean sus rasgos faciales, m\u00e1s angulosas deben ser sus Cejas. Si tienes una forma de cara prominente, las Cejas deben depilarse en forma redondeada, porque esto hace que la cara parezca m\u00e1s suave.<\/p>\n\n\t\t\t<\/div>\n\t\t<\/div>\n\t\t<\/section>\n\t\t\n<script type=\"application\/ld+json\">{\n    \"@context\": \"https:\\\/\\\/schema.org\",\n    \"@type\": \"FAQPage\",\n    \"mainEntity\": [\n        {\n            \"@type\": \"Question\",\n            \"name\": \"Fr\\u00fcher hatte ich volle Augenbrauen. Heute leider nicht mehr. Ist das eine nat\\u00fcrliche Alterserscheinung?\",\n            \"acceptedAnswer\": {\n                \"@type\": \"Answer\",\n                \"text\": \"<p>Leider ja. Durch das \\u00c4lterwerden und die damit einhergehenden hormonellen Ver\\u00e4nderungen, werden die Haarstruktur und das Haarwachstum beeinflusst. Ein Augenbrauenserum kann da aber Abhilfe schaffen!<\\\/p>\"\n            }\n        },\n        {\n            \"@type\": \"Question\",\n            \"name\": \"Gibt es auch Hausmittel f\\u00fcr vollere Augenbrauen?\",\n            \"acceptedAnswer\": {\n                \"@type\": \"Answer\",\n                \"text\": \"<p>Vaseline! Es h\\u00e4lt die Augenbrauen nicht nur geschmeidig, sondern sorgt auch daf\\u00fcr, dass sie dichter und schneller nachwachsen. Allerdings kann es ab und an allergische Reaktionen und Hautreizungen ausl\\u00f6sen. Insofern ist ein professionelles Augenbrauenserum empfehlenswert, da es perfekt auf die Bed\\u00fcrfnisse der Partie um die Augen abgestimmt ist.<\\\/p>\"\n            }\n        },\n        {\n            \"@type\": \"Question\",\n            \"name\": \"Welche Form sollten die perfekten Augenbrauen haben?\",\n            \"acceptedAnswer\": {\n                \"@type\": \"Answer\",\n                \"text\": \"<p>Das h\\u00e4ngt ganz von deiner individuellen Gesichtsform ab. Je weicher deine Gesichtsz\\u00fcge sind, desto eckiger d\\u00fcrfen die Augenbrauen sind. Bei einer markanten Gesichtsform sollten die Augenbrauen eher rund gezupft werden, weil dies das Gesicht wiederum weicher wirken l\\u00e4sst.<\\\/p>\"\n            }\n        }\n    ]\n}<\/script>","protected":false},"excerpt":{"rendered":"<p>Augenbrauenserum Top 10 Welche Augenbrauenseren gehen in unserem Test 2025 als die Top-Produkte hervor? Hier findest du unsere Top 10 [&hellip;]<\/p>","protected":false},"author":1,"featured_media":10601,"comment_status":"closed","ping_status":"open","sticky":false,"template":"","format":"standard","meta":{"ub_ctt_via":"","_uag_custom_page_level_css":"","site-sidebar-layout":"right-sidebar","site-content-layout":"default","ast-site-content-layout":"default","site-content-style":"default","site-sidebar-style":"default","ast-global-header-display":"","ast-banner-title-visibility":"","ast-main-header-display":"","ast-hfb-above-header-display":"","ast-hfb-below-header-display":"","ast-hfb-mobile-header-display":"","site-post-title":"","ast-breadcrumbs-content":"disabled","ast-featured-img":"","footer-sml-layout":"","theme-transparent-header-meta":"default","adv-header-id-meta":"","stick-header-meta":"default","header-above-stick-meta":"","header-main-stick-meta":"","header-below-stick-meta":"","astra-migrate-meta-layouts":"set","ast-page-background-enabled":"default","ast-page-background-meta":{"desktop":{"background-color":"","background-image":"","background-repeat":"repeat","background-position":"center center","background-size":"auto","background-attachment":"scroll","background-type":"","background-media":"","overlay-type":"","overlay-color":"","overlay-opacity":"","overlay-gradient":""},"tablet":{"background-color":"","background-image":"","background-repeat":"repeat","background-position":"center center","background-size":"auto","background-attachment":"scroll","background-type":"","background-media":"","overlay-type":"","overlay-color":"","overlay-opacity":"","overlay-gradient":""},"mobile":{"background-color":"","background-image":"","background-repeat":"repeat","background-position":"center center","background-size":"auto","background-attachment":"scroll","background-type":"","background-media":"","overlay-type":"","overlay-color":"","overlay-opacity":"","overlay-gradient":""}},"ast-content-background-meta":{"desktop":{"background-color":"var(--ast-global-color-5)","background-image":"","background-repeat":"repeat","background-position":"center center","background-size":"auto","background-attachment":"scroll","background-type":"","background-media":"","overlay-type":"","overlay-color":"","overlay-opacity":"","overlay-gradient":""},"tablet":{"background-color":"var(--ast-global-color-5)","background-image":"","background-repeat":"repeat","background-position":"center center","background-size":"auto","background-attachment":"scroll","background-type":"","background-media":"","overlay-type":"","overlay-color":"","overlay-opacity":"","overlay-gradient":""},"mobile":{"background-color":"var(--ast-global-color-5)","background-image":"","background-repeat":"repeat","background-position":"center center","background-size":"auto","background-attachment":"scroll","background-type":"","background-media":"","overlay-type":"","overlay-color":"","overlay-opacity":"","overlay-gradient":""}},"footnotes":""},"categories":[6356],"tags":[],"class_list":["post-10595","post","type-post","status-publish","format-standard","has-post-thumbnail","hentry","category-gesundheit"],"featured_image_src":"https:\/\/arbuti.com\/wp-content\/uploads\/2022\/02\/Augenbrauenserum.jpg","author_info":{"display_name":"admin","author_link":"https:\/\/arbuti.com\/es\/author\/admin\/"},"yoast_head":"<!-- This site is optimized with the Yoast SEO Premium plugin v25.3 (Yoast SEO v25.3) - https:\/\/yoast.com\/wordpress\/plugins\/seo\/ -->\n<title>Augenbrauenserum: Die 10 besten im Test! Neu<\/title>\n<meta name=\"description\" content=\"Welche Augenbrauenserum wirken wirklich? Wir haben die besten Seren im neuen Vergleich. So wachsen deine Augenbrauen wirklich!\" \/>\n<meta name=\"robots\" content=\"index, follow, max-snippet:-1, max-image-preview:large, max-video-preview:-1\" \/>\n<link rel=\"canonical\" href=\"https:\/\/arbuti.com\/es\/suero-para-cejas\/\" \/>\n<meta property=\"og:locale\" content=\"es_ES\" \/>\n<meta property=\"og:type\" content=\"article\" \/>\n<meta property=\"og:title\" content=\"Augenbrauenserum\" \/>\n<meta property=\"og:description\" content=\"Augenbrauenserum Top 10 Welche Augenbrauenseren gehen in unserem Test 2025 als die Top-Produkte hervor? Hier findest du unsere Top 10 im Vergleich!\" \/>\n<meta property=\"og:url\" content=\"https:\/\/arbuti.com\/es\/suero-para-cejas\/\" \/>\n<meta property=\"og:site_name\" content=\"ARBUTI Hair Salon\" \/>\n<meta property=\"article:publisher\" content=\"https:\/\/www.facebook.com\/Arbutihairsalon\/\" \/>\n<meta property=\"article:published_time\" content=\"2022-02-06T19:09:50+00:00\" \/>\n<meta property=\"article:modified_time\" content=\"2025-06-23T16:21:25+00:00\" \/>\n<meta property=\"og:image\" content=\"https:\/\/arbuti.com\/wp-content\/uploads\/2022\/02\/Augenbrauenserum.jpg\" \/>\n\t<meta property=\"og:image:width\" content=\"1000\" \/>\n\t<meta property=\"og:image:height\" content=\"778\" \/>\n\t<meta property=\"og:image:type\" content=\"image\/jpeg\" \/>\n<meta name=\"author\" content=\"admin\" \/>\n<meta name=\"twitter:card\" content=\"summary_large_image\" \/>\n<meta name=\"twitter:label1\" content=\"Escrito por\" \/>\n\t<meta name=\"twitter:data1\" content=\"admin\" \/>\n\t<meta name=\"twitter:label2\" content=\"Tiempo de lectura\" \/>\n\t<meta name=\"twitter:data2\" content=\"13 minutos\" \/>\n<script type=\"application\/ld+json\" class=\"yoast-schema-graph\">{\"@context\":\"https:\/\/schema.org\",\"@graph\":[{\"@type\":\"Article\",\"@id\":\"https:\/\/arbuti.com\/augenbrauenserum\/#article\",\"isPartOf\":{\"@id\":\"https:\/\/arbuti.com\/augenbrauenserum\/\"},\"author\":{\"name\":\"admin\",\"@id\":\"https:\/\/arbuti.com\/fr\/#\/schema\/person\/d85bbf7b442ca0f812c3aa0ed9eece8f\"},\"headline\":\"Augenbrauenserum\",\"datePublished\":\"2022-02-06T19:09:50+00:00\",\"dateModified\":\"2025-06-23T16:21:25+00:00\",\"mainEntityOfPage\":{\"@id\":\"https:\/\/arbuti.com\/augenbrauenserum\/\"},\"wordCount\":1878,\"publisher\":{\"@id\":\"https:\/\/arbuti.com\/fr\/#organization\"},\"image\":{\"@id\":\"https:\/\/arbuti.com\/augenbrauenserum\/#primaryimage\"},\"thumbnailUrl\":\"https:\/\/arbuti.com\/wp-content\/uploads\/2022\/02\/Augenbrauenserum.jpg\",\"articleSection\":[\"Gesundheit\"],\"inLanguage\":\"es\"},{\"@type\":\"WebPage\",\"@id\":\"https:\/\/arbuti.com\/augenbrauenserum\/\",\"url\":\"https:\/\/arbuti.com\/augenbrauenserum\/\",\"name\":\"Augenbrauenserum: Die 10 besten im Test! Neu\",\"isPartOf\":{\"@id\":\"https:\/\/arbuti.com\/fr\/#website\"},\"primaryImageOfPage\":{\"@id\":\"https:\/\/arbuti.com\/augenbrauenserum\/#primaryimage\"},\"image\":{\"@id\":\"https:\/\/arbuti.com\/augenbrauenserum\/#primaryimage\"},\"thumbnailUrl\":\"https:\/\/arbuti.com\/wp-content\/uploads\/2022\/02\/Augenbrauenserum.jpg\",\"datePublished\":\"2022-02-06T19:09:50+00:00\",\"dateModified\":\"2025-06-23T16:21:25+00:00\",\"description\":\"Welche Augenbrauenserum wirken wirklich? Wir haben die besten Seren im neuen Vergleich. So wachsen deine Augenbrauen wirklich!\",\"breadcrumb\":{\"@id\":\"https:\/\/arbuti.com\/augenbrauenserum\/#breadcrumb\"},\"inLanguage\":\"es\",\"potentialAction\":[{\"@type\":\"ReadAction\",\"target\":[\"https:\/\/arbuti.com\/augenbrauenserum\/\"]}]},{\"@type\":\"ImageObject\",\"inLanguage\":\"es\",\"@id\":\"https:\/\/arbuti.com\/augenbrauenserum\/#primaryimage\",\"url\":\"https:\/\/arbuti.com\/wp-content\/uploads\/2022\/02\/Augenbrauenserum.jpg\",\"contentUrl\":\"https:\/\/arbuti.com\/wp-content\/uploads\/2022\/02\/Augenbrauenserum.jpg\",\"width\":1000,\"height\":778,\"caption\":\"Augenbrauenserum\"},{\"@type\":\"BreadcrumbList\",\"@id\":\"https:\/\/arbuti.com\/augenbrauenserum\/#breadcrumb\",\"itemListElement\":[{\"@type\":\"ListItem\",\"position\":1,\"name\":\"ARBUTI\",\"item\":\"https:\/\/arbuti.com\/\"},{\"@type\":\"ListItem\",\"position\":2,\"name\":\"Gesundheit\",\"item\":\"https:\/\/arbuti.com\/fr\/categorie\/gesundheit\/\"},{\"@type\":\"ListItem\",\"position\":3,\"name\":\"Augenbrauenserum\"}]},{\"@type\":\"WebSite\",\"@id\":\"https:\/\/arbuti.com\/fr\/#website\",\"url\":\"https:\/\/arbuti.com\/fr\/\",\"name\":\"ARBUTI Hair Salon\",\"description\":\"Friseur M\u00fcnchen\",\"publisher\":{\"@id\":\"https:\/\/arbuti.com\/fr\/#organization\"},\"alternateName\":\"ARBUTI\",\"potentialAction\":[{\"@type\":\"SearchAction\",\"target\":{\"@type\":\"EntryPoint\",\"urlTemplate\":\"https:\/\/arbuti.com\/fr\/?s={search_term_string}\"},\"query-input\":{\"@type\":\"PropertyValueSpecification\",\"valueRequired\":true,\"valueName\":\"search_term_string\"}}],\"inLanguage\":\"es\"},{\"@type\":\"Organization\",\"@id\":\"https:\/\/arbuti.com\/fr\/#organization\",\"name\":\"ARBUTI Hair Salon\",\"alternateName\":\"ARBUTI\",\"url\":\"https:\/\/arbuti.com\/fr\/\",\"logo\":{\"@type\":\"ImageObject\",\"inLanguage\":\"es\",\"@id\":\"https:\/\/arbuti.com\/fr\/#\/schema\/logo\/image\/\",\"url\":\"https:\/\/arbuti.com\/wp-content\/uploads\/2020\/04\/cropped-Arbuti-Friseur-Muenchen.jpg\",\"contentUrl\":\"https:\/\/arbuti.com\/wp-content\/uploads\/2020\/04\/cropped-Arbuti-Friseur-Muenchen.jpg\",\"width\":512,\"height\":512,\"caption\":\"ARBUTI Hair Salon\"},\"image\":{\"@id\":\"https:\/\/arbuti.com\/fr\/#\/schema\/logo\/image\/\"},\"sameAs\":[\"https:\/\/www.facebook.com\/Arbutihairsalon\/\",\"https:\/\/www.instagram.com\/arbutihairsalon\/\",\"https:\/\/www.pinterest.de\/arbutihairsalon\/arbuti-hair-salon\/\"]},{\"@type\":\"Person\",\"@id\":\"https:\/\/arbuti.com\/fr\/#\/schema\/person\/d85bbf7b442ca0f812c3aa0ed9eece8f\",\"name\":\"admin\",\"image\":{\"@type\":\"ImageObject\",\"inLanguage\":\"es\",\"@id\":\"https:\/\/arbuti.com\/fr\/#\/schema\/person\/image\/\",\"url\":\"https:\/\/secure.gravatar.com\/avatar\/a5ca7376327017715559ffb9b376df51?s=96&d=mm&r=g\",\"contentUrl\":\"https:\/\/secure.gravatar.com\/avatar\/a5ca7376327017715559ffb9b376df51?s=96&d=mm&r=g\",\"caption\":\"admin\"}}]}<\/script>\n<!-- \/ Yoast SEO Premium plugin. -->","yoast_head_json":{"title":"Augenbrauenserum: Die 10 besten im Test! Neu","description":"Welche Augenbrauenserum wirken wirklich? Wir haben die besten Seren im neuen Vergleich. So wachsen deine Augenbrauen wirklich!","robots":{"index":"index","follow":"follow","max-snippet":"max-snippet:-1","max-image-preview":"max-image-preview:large","max-video-preview":"max-video-preview:-1"},"canonical":"https:\/\/arbuti.com\/es\/suero-para-cejas\/","og_locale":"es_ES","og_type":"article","og_title":"Augenbrauenserum","og_description":"Augenbrauenserum Top 10 Welche Augenbrauenseren gehen in unserem Test 2025 als die Top-Produkte hervor? Hier findest du unsere Top 10 im Vergleich!","og_url":"https:\/\/arbuti.com\/es\/suero-para-cejas\/","og_site_name":"ARBUTI Hair Salon","article_publisher":"https:\/\/www.facebook.com\/Arbutihairsalon\/","article_published_time":"2022-02-06T19:09:50+00:00","article_modified_time":"2025-06-23T16:21:25+00:00","og_image":[{"width":1000,"height":778,"url":"https:\/\/arbuti.com\/wp-content\/uploads\/2022\/02\/Augenbrauenserum.jpg","type":"image\/jpeg"}],"author":"admin","twitter_card":"summary_large_image","twitter_misc":{"Escrito por":"admin","Tiempo de lectura":"13 minutos"},"schema":{"@context":"https:\/\/schema.org","@graph":[{"@type":"Article","@id":"https:\/\/arbuti.com\/augenbrauenserum\/#article","isPartOf":{"@id":"https:\/\/arbuti.com\/augenbrauenserum\/"},"author":{"name":"admin","@id":"https:\/\/arbuti.com\/fr\/#\/schema\/person\/d85bbf7b442ca0f812c3aa0ed9eece8f"},"headline":"Augenbrauenserum","datePublished":"2022-02-06T19:09:50+00:00","dateModified":"2025-06-23T16:21:25+00:00","mainEntityOfPage":{"@id":"https:\/\/arbuti.com\/augenbrauenserum\/"},"wordCount":1878,"publisher":{"@id":"https:\/\/arbuti.com\/fr\/#organization"},"image":{"@id":"https:\/\/arbuti.com\/augenbrauenserum\/#primaryimage"},"thumbnailUrl":"https:\/\/arbuti.com\/wp-content\/uploads\/2022\/02\/Augenbrauenserum.jpg","articleSection":["Gesundheit"],"inLanguage":"es"},{"@type":"WebPage","@id":"https:\/\/arbuti.com\/augenbrauenserum\/","url":"https:\/\/arbuti.com\/augenbrauenserum\/","name":"Augenbrauenserum: Die 10 besten im Test! Neu","isPartOf":{"@id":"https:\/\/arbuti.com\/fr\/#website"},"primaryImageOfPage":{"@id":"https:\/\/arbuti.com\/augenbrauenserum\/#primaryimage"},"image":{"@id":"https:\/\/arbuti.com\/augenbrauenserum\/#primaryimage"},"thumbnailUrl":"https:\/\/arbuti.com\/wp-content\/uploads\/2022\/02\/Augenbrauenserum.jpg","datePublished":"2022-02-06T19:09:50+00:00","dateModified":"2025-06-23T16:21:25+00:00","description":"Welche Augenbrauenserum wirken wirklich? Wir haben die besten Seren im neuen Vergleich. So wachsen deine Augenbrauen wirklich!","breadcrumb":{"@id":"https:\/\/arbuti.com\/augenbrauenserum\/#breadcrumb"},"inLanguage":"es","potentialAction":[{"@type":"ReadAction","target":["https:\/\/arbuti.com\/augenbrauenserum\/"]}]},{"@type":"ImageObject","inLanguage":"es","@id":"https:\/\/arbuti.com\/augenbrauenserum\/#primaryimage","url":"https:\/\/arbuti.com\/wp-content\/uploads\/2022\/02\/Augenbrauenserum.jpg","contentUrl":"https:\/\/arbuti.com\/wp-content\/uploads\/2022\/02\/Augenbrauenserum.jpg","width":1000,"height":778,"caption":"Augenbrauenserum"},{"@type":"BreadcrumbList","@id":"https:\/\/arbuti.com\/augenbrauenserum\/#breadcrumb","itemListElement":[{"@type":"ListItem","position":1,"name":"ARBUTI","item":"https:\/\/arbuti.com\/"},{"@type":"ListItem","position":2,"name":"Gesundheit","item":"https:\/\/arbuti.com\/fr\/categorie\/gesundheit\/"},{"@type":"ListItem","position":3,"name":"Augenbrauenserum"}]},{"@type":"WebSite","@id":"https:\/\/arbuti.com\/fr\/#website","url":"https:\/\/arbuti.com\/fr\/","name":"ARBUTI Hair Salon","description":"Friseur M\u00fcnchen","publisher":{"@id":"https:\/\/arbuti.com\/fr\/#organization"},"alternateName":"ARBUTI","potentialAction":[{"@type":"SearchAction","target":{"@type":"EntryPoint","urlTemplate":"https:\/\/arbuti.com\/fr\/?s={search_term_string}"},"query-input":{"@type":"PropertyValueSpecification","valueRequired":true,"valueName":"search_term_string"}}],"inLanguage":"es"},{"@type":"Organization","@id":"https:\/\/arbuti.com\/fr\/#organization","name":"ARBUTI Hair Salon","alternateName":"ARBUTI","url":"https:\/\/arbuti.com\/fr\/","logo":{"@type":"ImageObject","inLanguage":"es","@id":"https:\/\/arbuti.com\/fr\/#\/schema\/logo\/image\/","url":"https:\/\/arbuti.com\/wp-content\/uploads\/2020\/04\/cropped-Arbuti-Friseur-Muenchen.jpg","contentUrl":"https:\/\/arbuti.com\/wp-content\/uploads\/2020\/04\/cropped-Arbuti-Friseur-Muenchen.jpg","width":512,"height":512,"caption":"ARBUTI Hair Salon"},"image":{"@id":"https:\/\/arbuti.com\/fr\/#\/schema\/logo\/image\/"},"sameAs":["https:\/\/www.facebook.com\/Arbutihairsalon\/","https:\/\/www.instagram.com\/arbutihairsalon\/","https:\/\/www.pinterest.de\/arbutihairsalon\/arbuti-hair-salon\/"]},{"@type":"Person","@id":"https:\/\/arbuti.com\/fr\/#\/schema\/person\/d85bbf7b442ca0f812c3aa0ed9eece8f","name":"admin","image":{"@type":"ImageObject","inLanguage":"es","@id":"https:\/\/arbuti.com\/fr\/#\/schema\/person\/image\/","url":"https:\/\/secure.gravatar.com\/avatar\/a5ca7376327017715559ffb9b376df51?s=96&d=mm&r=g","contentUrl":"https:\/\/secure.gravatar.com\/avatar\/a5ca7376327017715559ffb9b376df51?s=96&d=mm&r=g","caption":"admin"}}]}},"uagb_featured_image_src":{"full":["https:\/\/arbuti.com\/wp-content\/uploads\/2022\/02\/Augenbrauenserum.jpg",1000,778,false],"thumbnail":["https:\/\/arbuti.com\/wp-content\/uploads\/2022\/02\/Augenbrauenserum-150x150.jpg",150,150,true],"medium":["https:\/\/arbuti.com\/wp-content\/uploads\/2022\/02\/Augenbrauenserum-300x233.jpg",300,233,true],"medium_large":["https:\/\/arbuti.com\/wp-content\/uploads\/2022\/02\/Augenbrauenserum-768x598.jpg",768,598,true],"large":["https:\/\/arbuti.com\/wp-content\/uploads\/2022\/02\/Augenbrauenserum.jpg",1000,778,false],"1536x1536":["https:\/\/arbuti.com\/wp-content\/uploads\/2022\/02\/Augenbrauenserum.jpg",1000,778,false],"2048x2048":["https:\/\/arbuti.com\/wp-content\/uploads\/2022\/02\/Augenbrauenserum.jpg",1000,778,false],"trp-custom-language-flag":["https:\/\/arbuti.com\/wp-content\/uploads\/2022\/02\/Augenbrauenserum-15x12.jpg",15,12,true],"wp_review_large":["https:\/\/arbuti.com\/wp-content\/uploads\/2022\/02\/Augenbrauenserum-320x200.jpg",320,200,true],"wp_review_small":["https:\/\/arbuti.com\/wp-content\/uploads\/2022\/02\/Augenbrauenserum-65x65.jpg",65,65,true]},"uagb_author_info":{"display_name":"admin","author_link":"https:\/\/arbuti.com\/es\/author\/admin\/"},"uagb_comment_info":0,"uagb_excerpt":"Augenbrauenserum Top 10 Welche Augenbrauenseren gehen in unserem Test 2025 als die Top-Produkte hervor? Hier findest du unsere Top 10 [&hellip;]","_links":{"self":[{"href":"https:\/\/arbuti.com\/es\/wp-json\/wp\/v2\/posts\/10595","targetHints":{"allow":["GET"]}}],"collection":[{"href":"https:\/\/arbuti.com\/es\/wp-json\/wp\/v2\/posts"}],"about":[{"href":"https:\/\/arbuti.com\/es\/wp-json\/wp\/v2\/types\/post"}],"author":[{"embeddable":true,"href":"https:\/\/arbuti.com\/es\/wp-json\/wp\/v2\/users\/1"}],"replies":[{"embeddable":true,"href":"https:\/\/arbuti.com\/es\/wp-json\/wp\/v2\/comments?post=10595"}],"version-history":[{"count":46,"href":"https:\/\/arbuti.com\/es\/wp-json\/wp\/v2\/posts\/10595\/revisions"}],"predecessor-version":[{"id":14722,"href":"https:\/\/arbuti.com\/es\/wp-json\/wp\/v2\/posts\/10595\/revisions\/14722"}],"wp:featuredmedia":[{"embeddable":true,"href":"https:\/\/arbuti.com\/es\/wp-json\/wp\/v2\/media\/10601"}],"wp:attachment":[{"href":"https:\/\/arbuti.com\/es\/wp-json\/wp\/v2\/media?parent=10595"}],"wp:term":[{"taxonomy":"category","embeddable":true,"href":"https:\/\/arbuti.com\/es\/wp-json\/wp\/v2\/categories?post=10595"},{"taxonomy":"post_tag","embeddable":true,"href":"https:\/\/arbuti.com\/es\/wp-json\/wp\/v2\/tags?post=10595"}],"curies":[{"name":"wp","href":"https:\/\/api.w.org\/{rel}","templated":true}]}}