{"id":8268,"date":"2021-03-11T09:57:11","date_gmt":"2021-03-11T09:57:11","guid":{"rendered":"https:\/\/arbuti.com\/?p=8268"},"modified":"2023-01-17T12:00:03","modified_gmt":"2023-01-17T12:00:03","slug":"redensyl","status":"publish","type":"post","link":"https:\/\/arbuti.com\/da\/redensyl\/","title":{"rendered":"Redensyl"},"content":{"rendered":"<h1 class=\"has-text-align-center wp-block-heading\" id=\"h-redensyl\">Redensyl<\/h1>\n\n\n\n<p class=\"has-text-align-center\">Underst\u00f8tter Redensyl virkelig den <a href=\"https:\/\/arbuti.com\/da\/har-restaurator\/\">H\u00e5rv\u00e6kst<\/a> og hj\u00e6lper med at reducere h\u00e5rtab? Her har vi samlet et resum\u00e9 af Redensyl til dig.<\/p>\n\n\n\n\n\n\n<figure class=\"wp-block-image aligncenter size-large is-resized\"><img loading=\"lazy\" decoding=\"async\" src=\"https:\/\/arbuti.com\/wp-content\/uploads\/2021\/03\/Redensyl.jpg\" alt=\"Redensyl\" class=\"wp-image-8271\" width=\"758\" height=\"590\" srcset=\"https:\/\/arbuti.com\/wp-content\/uploads\/2021\/03\/Redensyl.jpg 1000w, https:\/\/arbuti.com\/wp-content\/uploads\/2021\/03\/Redensyl-300x233.jpg 300w, https:\/\/arbuti.com\/wp-content\/uploads\/2021\/03\/Redensyl-768x598.jpg 768w\" sizes=\"auto, (max-width: 758px) 100vw, 758px\" \/><\/figure>\n\n\n\n<h2 class=\"wp-block-heading\">Hvad er Redensyl?<\/h2>\n\n\n\n<p>Redensyl er det seneste gennembrud mod h\u00e5rtab og siges at v\u00e6re et alternativ til h\u00e5rtransplantation. Det er en af de f\u00f8rste kosmetiske h\u00e5rplejeingredienser baseret p\u00e5 forskning i regenerativ medicin og kan give bedre resultater p\u00e5 84 dage end kirurgi for <a href=\"https:\/\/arbuti.com\/da\/hartransplantation\/\">H\u00e5rtransplantation<\/a>. Redensyl er et nyt mirakel af bioteknologi, der h\u00e6vder at fremme h\u00e5rv\u00e6kst, forhindre h\u00e5rtab og ogs\u00e5 behandle alopecia. Det har ogs\u00e5 vist sig at virke bedre end minoxidil, og i mods\u00e6tning til minoxidil er det ikke irriterende.<\/p>\n\n\n\n<p>Redensyl indeholder fire n\u00f8gleingredienser, der arbejder sammen for at skabe den perfekte opskrift p\u00e5 h\u00e5rv\u00e6kst:<\/p>\n\n\n\n<ol class=\"wp-block-list\">\n<li><strong>Dihydroquercetin glucosid (DHQG):<\/strong>&nbsp;En sammens\u00e6tning af planteekstrakter, der er rettet mod stamcellerne i h\u00e5rs\u00e6kkene og fremmer celledeling.<\/li>\n\n\n\n<li><strong>Epigallocatechin gallatglucosid (EGCG2):&nbsp;<\/strong>En antiinflammatorisk ingrediens, der holder hovedbunden sund og glad ved at fjerne frie radikaler.<\/li>\n\n\n\n<li><strong>Glycine<\/strong>en aminosyre, der danner h\u00e5rproteiner og er forbundet med keratin.<\/li>\n\n\n\n<li><strong>Zink<\/strong>som styrker h\u00e5rskaftets struktur og g\u00f8r det st\u00e6rkere.<\/li>\n<\/ol>\n\n\n\n<h2 class=\"wp-block-heading\" id=\"h-fragen-und-antworten\">Sp\u00f8rgsm\u00e5l og svar<\/h2>\n\n\n\t\t<section\t\tclass=\"sc_fs_faq sc_card\"\n\t\t\t\t>\n\t\t\t\t<h3>Hvad er bivirkningerne af Redensyl?<\/h3>\t\t\t\t<div>\n\t\t\t\t\t\t<div class=\"sc_fs_faq__content\">\n\t\t\t\t\n\n<p>Der er ingen kendte bivirkninger ved brug af produkter, der indeholder den aktive ingrediens Redensyl. Der er dog almindelige bivirkninger ved brugen af <a href=\"https:\/\/arbuti.com\/da\/minoxidil\/\">Minoxidil<\/a>herunder svie eller irritation i \u00f8jet, kl\u00f8e, r\u00f8dme eller irritation i det behandlede omr\u00e5de og bivirkninger til behandlingen. <a href=\"https:\/\/arbuti.com\/da\/har-restaurator\/\">h\u00e5rv\u00e6kst<\/a> i andre dele af kroppen.<\/p>\n\n\t\t\t<\/div>\n\t\t<\/div>\n\t\t<\/section>\n\t\t\t\t<section\t\tclass=\"sc_fs_faq sc_card\"\n\t\t\t\t>\n\t\t\t\t<h3>Hvor lang tid tager det for Redensyl at virke?<\/h3>\t\t\t\t<div>\n\t\t\t\t\t\t<div class=\"sc_fs_faq__content\">\n\t\t\t\t\n\n<p>Kan ogs\u00e5 anvendes p\u00e5 \u00f8jenbrynene. Da h\u00e5rv\u00e6kstcyklusser kan tage mindst en til fire m\u00e5neder, tager det mere end tre til seks m\u00e5neder at bruge Redensyl for at m\u00e6rke positive virkninger.<\/p>\n\n\t\t\t<\/div>\n\t\t<\/div>\n\t\t<\/section>\n\t\t\t\t<section\t\tclass=\"sc_fs_faq sc_card\"\n\t\t\t\t>\n\t\t\t\t<h3>Er Redensyl naturligt?<\/h3>\t\t\t\t<div>\n\t\t\t\t\t\t<div class=\"sc_fs_faq__content\">\n\t\t\t\t\n\n<p>Redensyl anses for at v\u00e6re det bedste alternativ til <a href=\"https:\/\/arbuti.com\/da\/hartransplantation\/\">H\u00e5rtransplantationer<\/a> da det er en naturlig bestanddel. Det indeholder ikke hormoner. Det fremmer h\u00e5rv\u00e6kst p\u00e5 celleniveau.<\/p>\n\n\t\t\t<\/div>\n\t\t<\/div>\n\t\t<\/section>\n\t\t\t\t<section\t\tclass=\"sc_fs_faq sc_card\"\n\t\t\t\t>\n\t\t\t\t<h3>Hj\u00e6lper Redensyl med sk\u00e6gv\u00e6kst?<\/h3>\t\t\t\t<div>\n\t\t\t\t\t\t<div class=\"sc_fs_faq__content\">\n\t\t\t\t\n\n<p>Denne olie er fri for skadelige kemikalier som sulfater og parabener og indeholder Redensyl, som har vist sig at forbedre den <a href=\"https:\/\/arbuti.com\/da\/harsaek\/\">H\u00e5rfollikel<\/a> styrker og st\u00f8tter dermed sk\u00e6gv\u00e6ksten.<\/p>\n\n\t\t\t<\/div>\n\t\t<\/div>\n\t\t<\/section>\n\t\t\n<script type=\"application\/ld+json\">{\n    \"@context\": \"https:\\\/\\\/schema.org\",\n    \"@type\": \"FAQPage\",\n    \"mainEntity\": [\n        {\n            \"@type\": \"Question\",\n            \"name\": \"Was sind die Nebenwirkungen von Redensyl?\",\n            \"acceptedAnswer\": {\n                \"@type\": \"Answer\",\n                \"text\": \"<p>Es sind keine Nebenwirkungen bei der Verwendung von Produkten bekannt, die den Wirkstoff Redensyl enthalten. Es gibt jedoch h\\u00e4ufige Nebenwirkungen bei der Verwendung von Minoxidil, einschlie\\u00dflich Brennen oder Reizung des Auges, Juckreiz, R\\u00f6tung oder Reizung im behandelten Bereich sowie unerw\\u00fcnschtes Haarwachstum an anderen Stellen des K\\u00f6rpers.<\\\/p>\"\n            }\n        },\n        {\n            \"@type\": \"Question\",\n            \"name\": \"Wie lange dauert es, bis Redensyl wirkt?\",\n            \"acceptedAnswer\": {\n                \"@type\": \"Answer\",\n                \"text\": \"<p>Kann auch auf die Augenbrauen aufgetragen werden. Da Haarwuchszyklen mindestens ein bis vier Monate dauern k\\u00f6nnen, dauert es mehr als drei bis sechs Monate, bis Redensyl verwendet wird, um positive Auswirkungen zu bemerken.<\\\/p>\"\n            }\n        },\n        {\n            \"@type\": \"Question\",\n            \"name\": \"Ist Redensyl nat\\u00fcrlich?\",\n            \"acceptedAnswer\": {\n                \"@type\": \"Answer\",\n                \"text\": \"<p>Redensyl wird als die beste Alternative zu Haartransplantationen angepriesen, da es ein nat\\u00fcrlicher Inhaltsstoff ist. Es enth\\u00e4lt keine Hormone. Es f\\u00f6rdert das Haarwachstum auf zellul\\u00e4rer Ebene.<\\\/p>\"\n            }\n        },\n        {\n            \"@type\": \"Question\",\n            \"name\": \"Hilft Redensyl beim Bartwachstum?\",\n            \"acceptedAnswer\": {\n                \"@type\": \"Answer\",\n                \"text\": \"<p>Dieses \\u00d6l ist frei von sch\\u00e4dlichen Chemikalien wie Sulfaten und Parabenen und enth\\u00e4lt Redensyl, das nachweislich die Haarfollikel st\\u00e4rkt und so das Bartwachstum unterst\\u00fctzt.<\\\/p>\"\n            }\n        }\n    ]\n}<\/script>\n\n\n\n<h2 class=\"wp-block-heading\">H\u00e5rtab i tal<\/h2>\n\n\n\n<p>Den menneskelige hovedbund har i gennemsnit 110.000 h\u00e5r, der vokser og falder ned hver dag. N\u00e5r balancen mellem voksende og faldende h\u00e5r \u00e6ndres, begynder h\u00e5rtab og skaldethed opst\u00e5r. Den kan opst\u00e5 i alle aldre og er prim\u00e6rt rettet mod m\u00e6nd. Det er kendt, at 40% af m\u00e6nd vil have m\u00e6rkbart h\u00e5rtab i 35-\u00e5rsalderen, og dette tal n\u00e5r 65% i 60-\u00e5rsalderen. Kvinder er ogs\u00e5 h\u00e5rdt ramt af en s\u00e5dan proces, idet 50-75% af dem lider af m\u00e6rkbart h\u00e5rtab i en alder af 65 \u00e5r. Dette kan v\u00e6re \u00f8del\u00e6ggende for en persons selvbillede og f\u00f8lelsesm\u00e6ssige velbefindende.<\/p>\n\n\n\n<p>If\u00f8lge International Society of Hair Restoration Surgery blev n\u00e6sten 1 million patienter p\u00e5 verdensplan behandlet med kirurgiske og ikke-kirurgiske metoder til h\u00e5rrestaurering i 2012. 93% af de h\u00e5rreparationer, der blev udf\u00f8rt i 2012, vedr\u00f8rte hovedbunden, og 4,5% vedr\u00f8rte \u00f8jenbrynene. M\u00e6nd udg\u00f8r 86% af patienterne til h\u00e5rtransplantationer og 67% til ikke-kirurgisk h\u00e5rrestaurering. De p\u00e5begynder denne behandling i en gennemsnitlig alder af 38 \u00e5r.<\/p>\n\n\n\n<p>Hver h\u00e5roperation giver mulighed for at overf\u00f8re 2016 grafts, hvilket svarer til ca. 8.100 h\u00e5r, der transplanteres p\u00e5 patientens hovedbund. Patienterne bruger i gennemsnit 6.200 euro p\u00e5 h\u00e5rkirurgi. Generelt kr\u00e6ves der mindst tre procedurer for at genoprette den rette h\u00e5rt\u00e6thed. Dataene viser, at 64% af patienternes klager efter operationen vedr\u00f8rer den endelige t\u00e6thed af deres h\u00e5r.<\/p>\n\n\n\n<h2 class=\"wp-block-heading\">Redensyl effekt<\/h2>\n\n\n\n<p><strong>Fremragende effektivitet:<\/strong><\/p>\n\n\n\n<p>Den f\u00f8rste test p\u00e5 alopecic h\u00e5r i reference Philpott assay har vist, at Redensyl giver n\u00e6sten dobbelt s\u00e5 gode resultater som den globale reference minoxidil og fremmer h\u00e5rv\u00e6kst.<\/p>\n\n\n\n<h2 class=\"wp-block-heading\">Bedre effekt end h\u00e5rtransplantationer<\/h2>\n\n\n\n<p>Redensyl blev unders\u00f8gt i detaljer under et dobbeltblindet klinisk fors\u00f8g med placebo p\u00e5 frivillige med alopeci af 3. til 4. grad i henhold til Norwoods medicinske klassifikation.<\/p>\n\n\n\n<p>P\u00e5 grund af det unikke biologiske koncept opfylder de kliniske resultater, der opn\u00e5s med Redensyl, et uopfyldt forbruger\u00f8nske:<\/p>\n\n\n\n<ul class=\"wp-block-list\">\n<li>Inden for 84 dage har de frivillige f\u00e5et mere h\u00e5r (op til + 17%).<\/li>\n\n\n\n<li>Antallet af anagenh\u00e5r (voksende h\u00e5r) er \u00f8get (+ 9%).<\/li>\n\n\n\n<li>samtidig med at antallet af h\u00e5r, der falder ud, reduceres (-17%).<\/li>\n<\/ul>\n\n\n\n<p>85% af de frivillige havde en betydelig og synlig h\u00e5rv\u00e6kst med op til 28.200 nye h\u00e5r p\u00e5 84 dage, hvilket svarer til tre komplette h\u00e5rtransplantationer.<\/p>\n\n\n\n<blockquote class=\"wp-block-quote is-layout-flow wp-block-quote-is-layout-flow\">\n<p>84 DAGE MED REDENSYL = OP TIL +28.200 NYE H\u00c5R = 3 H\u00c5RTRANSPLANTATIONSSESSIONER<\/p>\n<\/blockquote>\n\n\n\n<h2 class=\"wp-block-heading\">Innovativ og b\u00e6redygtig<\/h2>\n\n\n\n<p>Redensyl er resultatet af en patenteret gr\u00f8n kemi-proces (organisk opl\u00f8sningsmiddelfri glykosylering), der g\u00f8r det muligt at syntetisere DHQG og EGCG2, de stabile og opl\u00f8selige derivater af dihydroquercetin og EGCG. Denne proces undg\u00e5r brug af store m\u00e6ngder energi, reducerer antallet af trin og brugen af farlige kemikalier, som ville have v\u00e6ret n\u00f8dvendige i en konventionel fremstillingsproces med organisk syntese.<\/p>\n\n\n\n<h2 class=\"wp-block-heading\">Fordele ved at bruge Redensyl<\/h2>\n\n\n\n<p>De fleste af de ingredienser til h\u00e5rv\u00e6kst, der findes p\u00e5 markedet for kosmetikindustrien, er planteekstrakter eller peptider. Tv\u00e6rtimod repr\u00e6senterer Redensyl en ny generation af h\u00e5rv\u00e6kstaktiverende molekyler. Den blev udviklet ud fra en rationel analyse af stamcellers funktion i <a href=\"https:\/\/arbuti.com\/da\/harsaek\/\">H\u00e5rfollikler<\/a> udviklet og er resultatet af en unik patenteret synteseproces (en organisk opl\u00f8sningsmiddelfri enzymatisk glykosyleringsproces). Den unikke virkem\u00e5de (aktivering af ORSc stamceller, stimulering af HFDPc papill\u00e6re hudfibroblaster, reduktion af inflammation) resulterer i hurtig og vedvarende produktion af nyt sundt h\u00e5r hos frivillige, der lider af androgen alopeci, inden for tre m\u00e5neder.<\/p>\n\n\n\n<p>Redensyl er en bioteknologisk ACI (Active Cosmetic Ingredient) med en renhed p\u00e5 over 97% og den kosmetiske \u00e6kvivalent til API (Active Pharmaceutical Ingredients) fra den farmaceutiske industri.<\/p>\n\n\n\n<h2 class=\"wp-block-heading\">Redensyl Ingredienser<\/h2>\n\n\n\n<p>Den aktive ingrediens Redensyl har en flot gyldengul farve, men p\u00e5virker ikke farven p\u00e5 formlen. Redensyl er fri for konserveringsmidler og lugtfri og er kompatibel med alkohol til h\u00e5rplejelotioner. Redensyl g\u00f8r det muligt at skabe en ny generation af anti-ageing h\u00e5rplejeprodukter til producenter samt produkter til at fremme \u00f8jenvippernes v\u00e6kst og genoprette \u00f8jenbrynene. Denne ingrediens er vandopl\u00f8selig, nem at formulere i enhver typisk h\u00e5rplejeformel og kan endda bruges i h\u00e5rsprays.<\/p>","protected":false},"excerpt":{"rendered":"<p>Redensyl Unterst\u00fctzt Redensyl wirklich den Haarwuchs und hilft den&nbsp;Haarausfall&nbsp;zu reduzieren? Hier haben wir eine Zusammenfassung \u00fcber Redensyl f\u00fcr dich zusammengestellt. [&hellip;]<\/p>","protected":false},"author":1,"featured_media":8271,"comment_status":"closed","ping_status":"open","sticky":false,"template":"","format":"standard","meta":{"ub_ctt_via":"","_uag_custom_page_level_css":"","site-sidebar-layout":"default","site-content-layout":"default","ast-site-content-layout":"","site-content-style":"default","site-sidebar-style":"default","ast-global-header-display":"","ast-banner-title-visibility":"","ast-main-header-display":"","ast-hfb-above-header-display":"","ast-hfb-below-header-display":"","ast-hfb-mobile-header-display":"","site-post-title":"","ast-breadcrumbs-content":"","ast-featured-img":"","footer-sml-layout":"","theme-transparent-header-meta":"default","adv-header-id-meta":"","stick-header-meta":"default","header-above-stick-meta":"","header-main-stick-meta":"","header-below-stick-meta":"","astra-migrate-meta-layouts":"default","ast-page-background-enabled":"default","ast-page-background-meta":{"desktop":{"background-color":"","background-image":"","background-repeat":"repeat","background-position":"center center","background-size":"auto","background-attachment":"scroll","background-type":"","background-media":"","overlay-type":"","overlay-color":"","overlay-opacity":"","overlay-gradient":""},"tablet":{"background-color":"","background-image":"","background-repeat":"repeat","background-position":"center center","background-size":"auto","background-attachment":"scroll","background-type":"","background-media":"","overlay-type":"","overlay-color":"","overlay-opacity":"","overlay-gradient":""},"mobile":{"background-color":"","background-image":"","background-repeat":"repeat","background-position":"center center","background-size":"auto","background-attachment":"scroll","background-type":"","background-media":"","overlay-type":"","overlay-color":"","overlay-opacity":"","overlay-gradient":""}},"ast-content-background-meta":{"desktop":{"background-color":"var(--ast-global-color-5)","background-image":"","background-repeat":"repeat","background-position":"center center","background-size":"auto","background-attachment":"scroll","background-type":"","background-media":"","overlay-type":"","overlay-color":"","overlay-opacity":"","overlay-gradient":""},"tablet":{"background-color":"var(--ast-global-color-5)","background-image":"","background-repeat":"repeat","background-position":"center center","background-size":"auto","background-attachment":"scroll","background-type":"","background-media":"","overlay-type":"","overlay-color":"","overlay-opacity":"","overlay-gradient":""},"mobile":{"background-color":"var(--ast-global-color-5)","background-image":"","background-repeat":"repeat","background-position":"center center","background-size":"auto","background-attachment":"scroll","background-type":"","background-media":"","overlay-type":"","overlay-color":"","overlay-opacity":"","overlay-gradient":""}},"footnotes":""},"categories":[6329],"tags":[],"class_list":["post-8268","post","type-post","status-publish","format-standard","has-post-thumbnail","hentry","category-haarausfall"],"featured_image_src":"https:\/\/arbuti.com\/wp-content\/uploads\/2021\/03\/Redensyl.jpg","author_info":{"display_name":"admin","author_link":"https:\/\/arbuti.com\/da\/author\/admin\/"},"yoast_head":"<!-- This site is optimized with the Yoast SEO Premium plugin v25.3 (Yoast SEO v25.3) - https:\/\/yoast.com\/wordpress\/plugins\/seo\/ -->\n<title>Redensyl: Unterst\u00fctzt Redensyl Haarwuchs und stoppt Haarausfall?<\/title>\n<meta name=\"description\" content=\"Ist Redensyl eine alternative zu einer Haartransplantation? Ein kosmetischer Wirkstoff f\u00fcr die Haarpflege und Haarausfall. Redensyl und Haarwuchs.\" \/>\n<meta name=\"robots\" content=\"index, follow, max-snippet:-1, max-image-preview:large, max-video-preview:-1\" \/>\n<link rel=\"canonical\" href=\"https:\/\/arbuti.com\/da\/redensyl\/\" \/>\n<meta property=\"og:locale\" content=\"da_DK\" \/>\n<meta property=\"og:type\" content=\"article\" \/>\n<meta property=\"og:title\" content=\"Redensyl\" \/>\n<meta property=\"og:description\" content=\"Redensyl Unterst\u00fctzt Redensyl wirklich den Haarwuchs und hilft den&nbsp;Haarausfall&nbsp;zu reduzieren? Hier haben wir eine Zusammenfassung \u00fcber Redensyl\" \/>\n<meta property=\"og:url\" content=\"https:\/\/arbuti.com\/da\/redensyl\/\" \/>\n<meta property=\"og:site_name\" content=\"ARBUTI Hair Salon\" \/>\n<meta property=\"article:publisher\" content=\"https:\/\/www.facebook.com\/Arbutihairsalon\/\" \/>\n<meta property=\"article:published_time\" content=\"2021-03-11T09:57:11+00:00\" \/>\n<meta property=\"article:modified_time\" content=\"2023-01-17T12:00:03+00:00\" \/>\n<meta property=\"og:image\" content=\"https:\/\/arbuti.com\/wp-content\/uploads\/2021\/03\/Redensyl.jpg\" \/>\n\t<meta property=\"og:image:width\" content=\"1000\" \/>\n\t<meta property=\"og:image:height\" content=\"778\" \/>\n\t<meta property=\"og:image:type\" content=\"image\/jpeg\" \/>\n<meta name=\"author\" content=\"admin\" \/>\n<meta name=\"twitter:card\" content=\"summary_large_image\" \/>\n<meta name=\"twitter:label1\" content=\"Skrevet af\" \/>\n\t<meta name=\"twitter:data1\" content=\"admin\" \/>\n\t<meta name=\"twitter:label2\" content=\"Estimeret l\u00e6setid\" \/>\n\t<meta name=\"twitter:data2\" content=\"6 minutter\" \/>\n<script type=\"application\/ld+json\" class=\"yoast-schema-graph\">{\"@context\":\"https:\/\/schema.org\",\"@graph\":[{\"@type\":\"Article\",\"@id\":\"https:\/\/arbuti.com\/redensyl\/#article\",\"isPartOf\":{\"@id\":\"https:\/\/arbuti.com\/redensyl\/\"},\"author\":{\"name\":\"admin\",\"@id\":\"https:\/\/arbuti.com\/fr\/#\/schema\/person\/d85bbf7b442ca0f812c3aa0ed9eece8f\"},\"headline\":\"Redensyl\",\"datePublished\":\"2021-03-11T09:57:11+00:00\",\"dateModified\":\"2023-01-17T12:00:03+00:00\",\"mainEntityOfPage\":{\"@id\":\"https:\/\/arbuti.com\/redensyl\/\"},\"wordCount\":1015,\"publisher\":{\"@id\":\"https:\/\/arbuti.com\/fr\/#organization\"},\"image\":{\"@id\":\"https:\/\/arbuti.com\/redensyl\/#primaryimage\"},\"thumbnailUrl\":\"https:\/\/arbuti.com\/wp-content\/uploads\/2021\/03\/Redensyl.jpg\",\"articleSection\":[\"Haarausfall\"],\"inLanguage\":\"da-DK\"},{\"@type\":\"WebPage\",\"@id\":\"https:\/\/arbuti.com\/redensyl\/\",\"url\":\"https:\/\/arbuti.com\/redensyl\/\",\"name\":\"Redensyl: Unterst\u00fctzt Redensyl Haarwuchs und stoppt Haarausfall?\",\"isPartOf\":{\"@id\":\"https:\/\/arbuti.com\/fr\/#website\"},\"primaryImageOfPage\":{\"@id\":\"https:\/\/arbuti.com\/redensyl\/#primaryimage\"},\"image\":{\"@id\":\"https:\/\/arbuti.com\/redensyl\/#primaryimage\"},\"thumbnailUrl\":\"https:\/\/arbuti.com\/wp-content\/uploads\/2021\/03\/Redensyl.jpg\",\"datePublished\":\"2021-03-11T09:57:11+00:00\",\"dateModified\":\"2023-01-17T12:00:03+00:00\",\"description\":\"Ist Redensyl eine alternative zu einer Haartransplantation? Ein kosmetischer Wirkstoff f\u00fcr die Haarpflege und Haarausfall. Redensyl und Haarwuchs.\",\"breadcrumb\":{\"@id\":\"https:\/\/arbuti.com\/redensyl\/#breadcrumb\"},\"inLanguage\":\"da-DK\",\"potentialAction\":[{\"@type\":\"ReadAction\",\"target\":[\"https:\/\/arbuti.com\/redensyl\/\"]}]},{\"@type\":\"ImageObject\",\"inLanguage\":\"da-DK\",\"@id\":\"https:\/\/arbuti.com\/redensyl\/#primaryimage\",\"url\":\"https:\/\/arbuti.com\/wp-content\/uploads\/2021\/03\/Redensyl.jpg\",\"contentUrl\":\"https:\/\/arbuti.com\/wp-content\/uploads\/2021\/03\/Redensyl.jpg\",\"width\":1000,\"height\":778,\"caption\":\"Redensyl\"},{\"@type\":\"BreadcrumbList\",\"@id\":\"https:\/\/arbuti.com\/redensyl\/#breadcrumb\",\"itemListElement\":[{\"@type\":\"ListItem\",\"position\":1,\"name\":\"ARBUTI\",\"item\":\"https:\/\/arbuti.com\/\"},{\"@type\":\"ListItem\",\"position\":2,\"name\":\"Haarausfall\",\"item\":\"https:\/\/arbuti.com\/fr\/categorie\/haarausfall\/\"},{\"@type\":\"ListItem\",\"position\":3,\"name\":\"Redensyl\"}]},{\"@type\":\"WebSite\",\"@id\":\"https:\/\/arbuti.com\/fr\/#website\",\"url\":\"https:\/\/arbuti.com\/fr\/\",\"name\":\"ARBUTI Hair Salon\",\"description\":\"Friseur M\u00fcnchen\",\"publisher\":{\"@id\":\"https:\/\/arbuti.com\/fr\/#organization\"},\"alternateName\":\"ARBUTI\",\"potentialAction\":[{\"@type\":\"SearchAction\",\"target\":{\"@type\":\"EntryPoint\",\"urlTemplate\":\"https:\/\/arbuti.com\/fr\/?s={search_term_string}\"},\"query-input\":{\"@type\":\"PropertyValueSpecification\",\"valueRequired\":true,\"valueName\":\"search_term_string\"}}],\"inLanguage\":\"da-DK\"},{\"@type\":\"Organization\",\"@id\":\"https:\/\/arbuti.com\/fr\/#organization\",\"name\":\"ARBUTI Hair Salon\",\"alternateName\":\"ARBUTI\",\"url\":\"https:\/\/arbuti.com\/fr\/\",\"logo\":{\"@type\":\"ImageObject\",\"inLanguage\":\"da-DK\",\"@id\":\"https:\/\/arbuti.com\/fr\/#\/schema\/logo\/image\/\",\"url\":\"https:\/\/arbuti.com\/wp-content\/uploads\/2020\/04\/cropped-Arbuti-Friseur-Muenchen.jpg\",\"contentUrl\":\"https:\/\/arbuti.com\/wp-content\/uploads\/2020\/04\/cropped-Arbuti-Friseur-Muenchen.jpg\",\"width\":512,\"height\":512,\"caption\":\"ARBUTI Hair Salon\"},\"image\":{\"@id\":\"https:\/\/arbuti.com\/fr\/#\/schema\/logo\/image\/\"},\"sameAs\":[\"https:\/\/www.facebook.com\/Arbutihairsalon\/\",\"https:\/\/www.instagram.com\/arbutihairsalon\/\",\"https:\/\/www.pinterest.de\/arbutihairsalon\/arbuti-hair-salon\/\"]},{\"@type\":\"Person\",\"@id\":\"https:\/\/arbuti.com\/fr\/#\/schema\/person\/d85bbf7b442ca0f812c3aa0ed9eece8f\",\"name\":\"admin\",\"image\":{\"@type\":\"ImageObject\",\"inLanguage\":\"da-DK\",\"@id\":\"https:\/\/arbuti.com\/fr\/#\/schema\/person\/image\/\",\"url\":\"https:\/\/secure.gravatar.com\/avatar\/a5ca7376327017715559ffb9b376df51?s=96&d=mm&r=g\",\"contentUrl\":\"https:\/\/secure.gravatar.com\/avatar\/a5ca7376327017715559ffb9b376df51?s=96&d=mm&r=g\",\"caption\":\"admin\"}}]}<\/script>\n<!-- \/ Yoast SEO Premium plugin. -->","yoast_head_json":{"title":"Redensyl: Unterst\u00fctzt Redensyl Haarwuchs und stoppt Haarausfall?","description":"Ist Redensyl eine alternative zu einer Haartransplantation? Ein kosmetischer Wirkstoff f\u00fcr die Haarpflege und Haarausfall. Redensyl und Haarwuchs.","robots":{"index":"index","follow":"follow","max-snippet":"max-snippet:-1","max-image-preview":"max-image-preview:large","max-video-preview":"max-video-preview:-1"},"canonical":"https:\/\/arbuti.com\/da\/redensyl\/","og_locale":"da_DK","og_type":"article","og_title":"Redensyl","og_description":"Redensyl Unterst\u00fctzt Redensyl wirklich den Haarwuchs und hilft den&nbsp;Haarausfall&nbsp;zu reduzieren? Hier haben wir eine Zusammenfassung \u00fcber Redensyl","og_url":"https:\/\/arbuti.com\/da\/redensyl\/","og_site_name":"ARBUTI Hair Salon","article_publisher":"https:\/\/www.facebook.com\/Arbutihairsalon\/","article_published_time":"2021-03-11T09:57:11+00:00","article_modified_time":"2023-01-17T12:00:03+00:00","og_image":[{"width":1000,"height":778,"url":"https:\/\/arbuti.com\/wp-content\/uploads\/2021\/03\/Redensyl.jpg","type":"image\/jpeg"}],"author":"admin","twitter_card":"summary_large_image","twitter_misc":{"Skrevet af":"admin","Estimeret l\u00e6setid":"6 minutter"},"schema":{"@context":"https:\/\/schema.org","@graph":[{"@type":"Article","@id":"https:\/\/arbuti.com\/redensyl\/#article","isPartOf":{"@id":"https:\/\/arbuti.com\/redensyl\/"},"author":{"name":"admin","@id":"https:\/\/arbuti.com\/fr\/#\/schema\/person\/d85bbf7b442ca0f812c3aa0ed9eece8f"},"headline":"Redensyl","datePublished":"2021-03-11T09:57:11+00:00","dateModified":"2023-01-17T12:00:03+00:00","mainEntityOfPage":{"@id":"https:\/\/arbuti.com\/redensyl\/"},"wordCount":1015,"publisher":{"@id":"https:\/\/arbuti.com\/fr\/#organization"},"image":{"@id":"https:\/\/arbuti.com\/redensyl\/#primaryimage"},"thumbnailUrl":"https:\/\/arbuti.com\/wp-content\/uploads\/2021\/03\/Redensyl.jpg","articleSection":["Haarausfall"],"inLanguage":"da-DK"},{"@type":"WebPage","@id":"https:\/\/arbuti.com\/redensyl\/","url":"https:\/\/arbuti.com\/redensyl\/","name":"Redensyl: Unterst\u00fctzt Redensyl Haarwuchs und stoppt Haarausfall?","isPartOf":{"@id":"https:\/\/arbuti.com\/fr\/#website"},"primaryImageOfPage":{"@id":"https:\/\/arbuti.com\/redensyl\/#primaryimage"},"image":{"@id":"https:\/\/arbuti.com\/redensyl\/#primaryimage"},"thumbnailUrl":"https:\/\/arbuti.com\/wp-content\/uploads\/2021\/03\/Redensyl.jpg","datePublished":"2021-03-11T09:57:11+00:00","dateModified":"2023-01-17T12:00:03+00:00","description":"Ist Redensyl eine alternative zu einer Haartransplantation? Ein kosmetischer Wirkstoff f\u00fcr die Haarpflege und Haarausfall. Redensyl und Haarwuchs.","breadcrumb":{"@id":"https:\/\/arbuti.com\/redensyl\/#breadcrumb"},"inLanguage":"da-DK","potentialAction":[{"@type":"ReadAction","target":["https:\/\/arbuti.com\/redensyl\/"]}]},{"@type":"ImageObject","inLanguage":"da-DK","@id":"https:\/\/arbuti.com\/redensyl\/#primaryimage","url":"https:\/\/arbuti.com\/wp-content\/uploads\/2021\/03\/Redensyl.jpg","contentUrl":"https:\/\/arbuti.com\/wp-content\/uploads\/2021\/03\/Redensyl.jpg","width":1000,"height":778,"caption":"Redensyl"},{"@type":"BreadcrumbList","@id":"https:\/\/arbuti.com\/redensyl\/#breadcrumb","itemListElement":[{"@type":"ListItem","position":1,"name":"ARBUTI","item":"https:\/\/arbuti.com\/"},{"@type":"ListItem","position":2,"name":"Haarausfall","item":"https:\/\/arbuti.com\/fr\/categorie\/haarausfall\/"},{"@type":"ListItem","position":3,"name":"Redensyl"}]},{"@type":"WebSite","@id":"https:\/\/arbuti.com\/fr\/#website","url":"https:\/\/arbuti.com\/fr\/","name":"ARBUTI Hair Salon","description":"Friseur M\u00fcnchen","publisher":{"@id":"https:\/\/arbuti.com\/fr\/#organization"},"alternateName":"ARBUTI","potentialAction":[{"@type":"SearchAction","target":{"@type":"EntryPoint","urlTemplate":"https:\/\/arbuti.com\/fr\/?s={search_term_string}"},"query-input":{"@type":"PropertyValueSpecification","valueRequired":true,"valueName":"search_term_string"}}],"inLanguage":"da-DK"},{"@type":"Organization","@id":"https:\/\/arbuti.com\/fr\/#organization","name":"ARBUTI Hair Salon","alternateName":"ARBUTI","url":"https:\/\/arbuti.com\/fr\/","logo":{"@type":"ImageObject","inLanguage":"da-DK","@id":"https:\/\/arbuti.com\/fr\/#\/schema\/logo\/image\/","url":"https:\/\/arbuti.com\/wp-content\/uploads\/2020\/04\/cropped-Arbuti-Friseur-Muenchen.jpg","contentUrl":"https:\/\/arbuti.com\/wp-content\/uploads\/2020\/04\/cropped-Arbuti-Friseur-Muenchen.jpg","width":512,"height":512,"caption":"ARBUTI Hair Salon"},"image":{"@id":"https:\/\/arbuti.com\/fr\/#\/schema\/logo\/image\/"},"sameAs":["https:\/\/www.facebook.com\/Arbutihairsalon\/","https:\/\/www.instagram.com\/arbutihairsalon\/","https:\/\/www.pinterest.de\/arbutihairsalon\/arbuti-hair-salon\/"]},{"@type":"Person","@id":"https:\/\/arbuti.com\/fr\/#\/schema\/person\/d85bbf7b442ca0f812c3aa0ed9eece8f","name":"admin","image":{"@type":"ImageObject","inLanguage":"da-DK","@id":"https:\/\/arbuti.com\/fr\/#\/schema\/person\/image\/","url":"https:\/\/secure.gravatar.com\/avatar\/a5ca7376327017715559ffb9b376df51?s=96&d=mm&r=g","contentUrl":"https:\/\/secure.gravatar.com\/avatar\/a5ca7376327017715559ffb9b376df51?s=96&d=mm&r=g","caption":"admin"}}]}},"uagb_featured_image_src":{"full":["https:\/\/arbuti.com\/wp-content\/uploads\/2021\/03\/Redensyl.jpg",1000,778,false],"thumbnail":["https:\/\/arbuti.com\/wp-content\/uploads\/2021\/03\/Redensyl-150x150.jpg",150,150,true],"medium":["https:\/\/arbuti.com\/wp-content\/uploads\/2021\/03\/Redensyl-300x233.jpg",300,233,true],"medium_large":["https:\/\/arbuti.com\/wp-content\/uploads\/2021\/03\/Redensyl-768x598.jpg",768,598,true],"large":["https:\/\/arbuti.com\/wp-content\/uploads\/2021\/03\/Redensyl.jpg",1000,778,false],"1536x1536":["https:\/\/arbuti.com\/wp-content\/uploads\/2021\/03\/Redensyl.jpg",1000,778,false],"2048x2048":["https:\/\/arbuti.com\/wp-content\/uploads\/2021\/03\/Redensyl.jpg",1000,778,false],"trp-custom-language-flag":["https:\/\/arbuti.com\/wp-content\/uploads\/2021\/03\/Redensyl.jpg",15,12,false],"wp_review_large":["https:\/\/arbuti.com\/wp-content\/uploads\/2021\/03\/Redensyl-320x200.jpg",320,200,true],"wp_review_small":["https:\/\/arbuti.com\/wp-content\/uploads\/2021\/03\/Redensyl-65x65.jpg",65,65,true]},"uagb_author_info":{"display_name":"admin","author_link":"https:\/\/arbuti.com\/da\/author\/admin\/"},"uagb_comment_info":0,"uagb_excerpt":"Redensyl Unterst\u00fctzt Redensyl wirklich den Haarwuchs und hilft den&nbsp;Haarausfall&nbsp;zu reduzieren? Hier haben wir eine Zusammenfassung \u00fcber Redensyl f\u00fcr dich zusammengestellt. [&hellip;]","_links":{"self":[{"href":"https:\/\/arbuti.com\/da\/wp-json\/wp\/v2\/posts\/8268","targetHints":{"allow":["GET"]}}],"collection":[{"href":"https:\/\/arbuti.com\/da\/wp-json\/wp\/v2\/posts"}],"about":[{"href":"https:\/\/arbuti.com\/da\/wp-json\/wp\/v2\/types\/post"}],"author":[{"embeddable":true,"href":"https:\/\/arbuti.com\/da\/wp-json\/wp\/v2\/users\/1"}],"replies":[{"embeddable":true,"href":"https:\/\/arbuti.com\/da\/wp-json\/wp\/v2\/comments?post=8268"}],"version-history":[{"count":3,"href":"https:\/\/arbuti.com\/da\/wp-json\/wp\/v2\/posts\/8268\/revisions"}],"predecessor-version":[{"id":10920,"href":"https:\/\/arbuti.com\/da\/wp-json\/wp\/v2\/posts\/8268\/revisions\/10920"}],"wp:featuredmedia":[{"embeddable":true,"href":"https:\/\/arbuti.com\/da\/wp-json\/wp\/v2\/media\/8271"}],"wp:attachment":[{"href":"https:\/\/arbuti.com\/da\/wp-json\/wp\/v2\/media?parent=8268"}],"wp:term":[{"taxonomy":"category","embeddable":true,"href":"https:\/\/arbuti.com\/da\/wp-json\/wp\/v2\/categories?post=8268"},{"taxonomy":"post_tag","embeddable":true,"href":"https:\/\/arbuti.com\/da\/wp-json\/wp\/v2\/tags?post=8268"}],"curies":[{"name":"wp","href":"https:\/\/api.w.org\/{rel}","templated":true}]}}