{"id":8306,"date":"2021-03-11T11:51:15","date_gmt":"2021-03-11T11:51:15","guid":{"rendered":"https:\/\/arbuti.com\/?p=8306"},"modified":"2024-01-02T12:19:53","modified_gmt":"2024-01-02T12:19:53","slug":"haarausfall-frauen","status":"publish","type":"post","link":"https:\/\/arbuti.com\/cs\/vypadavani-vlasu-u-zen\/","title":{"rendered":"Vypad\u00e1v\u00e1n\u00ed vlas\u016f u \u017een"},"content":{"rendered":"<h1 class=\"wp-block-heading has-text-align-center\" id=\"h-haarausfall-bei-frauen\">Vypad\u00e1v\u00e1n\u00ed vlas\u016f u \u017een<\/h1>\n\n\n\n<p class=\"has-text-align-center\">Vypad\u00e1v\u00e1n\u00ed vlas\u016f u \u017een, naz\u00fdvan\u00e9 tak\u00e9 androgenetick\u00e1 alopecie. Co pom\u00e1h\u00e1 proti vypad\u00e1v\u00e1n\u00ed vlas\u016f u \u017een? Pod\u00edvejme se bl\u00ed\u017ee na mo\u017en\u00e9 zp\u016fsoby l\u00e9\u010dby a p\u0159\u00ed\u010diny.<\/p>\n\n\n\n\n\n\n<figure class=\"wp-block-image aligncenter size-large is-resized\"><img loading=\"lazy\" decoding=\"async\" width=\"1000\" height=\"778\" src=\"https:\/\/arbuti.com\/wp-content\/uploads\/2021\/03\/Haarausfall-Frauen.jpg\" alt=\"Vypad\u00e1v\u00e1n\u00ed vlas\u016f u \u017een\" class=\"wp-image-8308\" style=\"width:609px;height:auto\" srcset=\"https:\/\/arbuti.com\/wp-content\/uploads\/2021\/03\/Haarausfall-Frauen.jpg 1000w, https:\/\/arbuti.com\/wp-content\/uploads\/2021\/03\/Haarausfall-Frauen-300x233.jpg 300w, https:\/\/arbuti.com\/wp-content\/uploads\/2021\/03\/Haarausfall-Frauen-768x598.jpg 768w\" sizes=\"auto, (max-width: 1000px) 100vw, 1000px\" \/><\/figure>\n\n\n\n<h2 class=\"wp-block-heading\" id=\"h-was-ist-haarausfall-bei-frauen\">Co je to Vypad\u00e1v\u00e1n\u00ed Vlas\u016f u \u017een?<\/h2>\n\n\n\n<p>Vypad\u00e1v\u00e1n\u00ed vlas\u016f u \u017een je pr\u00e1v\u011b to - kdy\u017e \u017eena za\u017eije ne\u010dekan\u00e9, siln\u00e9 vypad\u00e1v\u00e1n\u00ed vlas\u016f. Obecn\u011b lid\u00e9 ztr\u00e1cej\u00ed 50 a\u017e 100 jednotliv\u00fdch vlas\u016f denn\u011b. Vypad\u00e1v\u00e1n\u00ed vlas\u016f je sou\u010d\u00e1st\u00ed p\u0159irozen\u00e9 rovnov\u00e1hy - n\u011bkter\u00e9 vlasy vypad\u00e1vaj\u00ed, jin\u00e9 dor\u016fstaj\u00ed. Kdy\u017e se rovnov\u00e1ha poru\u0161\u00ed - kdy\u017e vlasy vypad\u00e1vaj\u00ed a m\u00e9n\u011b jich dor\u016fst\u00e1 - doch\u00e1z\u00ed k vypad\u00e1v\u00e1n\u00ed vlas\u016f. Vypad\u00e1v\u00e1n\u00ed vlas\u016f se li\u0161\u00ed od alopecie. L\u00e9ka\u0159sk\u00fd term\u00edn pro vypad\u00e1v\u00e1n\u00ed vlas\u016f je \"alopecie\".<\/p>\n\n\n\n<p>Chloupky rostou t\u00e9m\u011b\u0159 na v\u0161ech povr\u0161\u00edch k\u016f\u017ee - nikoli na dlan\u00edch, chodidlech, rtech nebo o\u010dn\u00edch v\u00ed\u010dk\u00e1ch. Sv\u011btl\u00e9, jemn\u00e9 a kr\u00e1tk\u00e9 chloupky se naz\u00fdvaj\u00ed vellus hair. Termin\u00e1ln\u00ed \/ androgenn\u00ed chloupky jsou siln\u011bj\u0161\u00ed, tmav\u0161\u00ed a del\u0161\u00ed.<\/p>\n\n\n\n<h3 class=\"wp-block-heading\" id=\"what-are-the-cycles-of-hair-growth-\">Jak\u00e9 jsou cykly r\u016fstu vlas\u016f?<\/h3>\n\n\n\n<p>Vlasy proch\u00e1zej\u00ed t\u0159emi cykly:<\/p>\n\n\n\n<ul class=\"wp-block-list\">\n<li>Na str\u00e1nk\u00e1ch&nbsp;<strong>Anagenn\u00ed f\u00e1ze<\/strong>&nbsp;(f\u00e1ze r\u016fstu) m\u016f\u017ee trvat dva a\u017e osm let. Tato f\u00e1ze se obecn\u011b t\u00fdk\u00e1 p\u0159ibli\u017en\u011b 85% a\u017e 90% vlas\u016f na hlav\u011b.<\/li>\n\n\n\n<li>Na str\u00e1nk\u00e1ch&nbsp;<strong>Katagenn\u00ed f\u00e1ze<\/strong>&nbsp;(p\u0159echodn\u00e1 f\u00e1ze) je doba, b\u011bhem n\u00ed\u017e se <a href=\"https:\/\/arbuti.com\/cs\/vlasovy-folikul\/\">Vlasov\u00fd Folikul<\/a> zmen\u0161uj\u00ed a trvaj\u00ed p\u0159ibli\u017en\u011b dva a\u017e t\u0159i t\u00fddny.<\/li>\n\n\n\n<li>Na str\u00e1nk\u00e1ch&nbsp;<strong>Telogenn\u00ed f\u00e1ze<\/strong>&nbsp;(klidov\u00e1 f\u00e1ze) trv\u00e1 p\u0159ibli\u017en\u011b dva a\u017e \u010dty\u0159i m\u011bs\u00edce. Na konci t\u00e9to f\u00e1ze vlasy vypad\u00e1vaj\u00ed.<\/li>\n<\/ul>\n\n\n\n<p>Krat\u0161\u00ed chloupky, jako jsou \u0159asy, chloupky na rukou a nohou a obo\u010d\u00ed, maj\u00ed kr\u00e1tkou anagenn\u00ed f\u00e1zi - p\u0159ibli\u017en\u011b jeden m\u011bs\u00edc. Vlasy na hlav\u011b mohou vydr\u017eet a\u017e \u0161est let nebo i d\u00e9le.<\/p>\n\n\n\n<p>&gt;&gt; <a href=\"https:\/\/arbuti.com\/cs\/obnovovac-vlasu\/\">Nejlep\u0161\u00ed produkty pro R\u016fst Vlas\u016f pro \u017eeny v testu<\/a><\/p>\n\n\n\n<h3 class=\"wp-block-heading\" id=\"what-are-the-types-of-hair-loss-\">Jak\u00e9 jsou typy Vypad\u00e1v\u00e1n\u00ed Vlas\u016f?<\/h3>\n\n\n\n<p>Existuj\u00ed t\u0159i: anagenn\u00ed efluvium, telogenn\u00ed efluvium a FPHL.<\/p>\n\n\n\n<ul class=\"wp-block-list\">\n<li><strong>Anagenn\u00ed efluvium<\/strong>&nbsp;: P\u0159\u00ed\u010dinou jsou l\u00e9ky, kter\u00e9 otr\u00e1v\u00ed rostouc\u00ed vlasov\u00fd folikul (nap\u0159. chemoterapie).<\/li>\n\n\n\n<li><strong>Telogenn\u00ed effluvium<\/strong>&nbsp;: Toho je dosa\u017eeno zv\u00fd\u0161en\u00fdm po\u010dtem <a href=\"https:\/\/arbuti.com\/cs\/vlasovy-folikul\/\">Vlasov\u00e9 folikuly<\/a> a t\u00edm se dostanou do telogenn\u00ed f\u00e1ze, ve kter\u00e9 se chloupky&nbsp;<strong>odpadnout<\/strong>&nbsp;.<\/li>\n\n\n\n<li><strong>Androgenetick\u00e1 alopecie \/ \u017eensk\u00e1 alopecie \/ \u017eensk\u00e9 Vypad\u00e1v\u00e1n\u00ed Vlas\u016f (FPHL) \/ ple\u0161atost<\/strong>&nbsp;: Tento typ je nejb\u011b\u017en\u011bj\u0161\u00ed. Vlasy nad hlavou a po stran\u00e1ch \u0159\u00eddnou.<\/li>\n<\/ul>\n\n\n\n<h3 class=\"wp-block-heading\" id=\"how-common-is-hair-loss-in-women-\">Jak \u010dast\u00e9 je Vypad\u00e1v\u00e1n\u00ed Vlas\u016f u \u017een?<\/h3>\n\n\n\n<p>Mnoho lid\u00ed si mysl\u00ed, \u017ee Vypad\u00e1v\u00e1n\u00ed Vlas\u016f postihuje pouze mu\u017ee. Odhaduje se v\u0161ak, \u017ee u v\u00edce ne\u017e 50% \u017een dojde ke znateln\u00e9mu Vypad\u00e1v\u00e1n\u00ed Vlas\u016f. Nejv\u00fdznamn\u011bj\u0161\u00ed p\u0159\u00ed\u010dinou Vypad\u00e1v\u00e1n\u00ed Vlas\u016f u \u017een je Vypad\u00e1v\u00e1n\u00ed Vlas\u016f \u017eensk\u00e9ho typu (FPHL), kter\u00e9 postihuje p\u0159ibli\u017en\u011b t\u0159etinu n\u00e1chyln\u00fdch \u017een, tedy asi 30 milion\u016f \u017een v USA.<\/p>\n\n\n\n<h3 class=\"wp-block-heading\" id=\"which-women-are-likely-to-experience-hair-loss-\">U kter\u00fdch \u017een doch\u00e1z\u00ed k Vypad\u00e1v\u00e1n\u00ed Vlas\u016f?<\/h3>\n\n\n\n<p>Vypad\u00e1v\u00e1n\u00ed vlas\u016f m\u016f\u017ee postihnout ka\u017edou d\u00edvku nebo \u017eenu. Obvykle se v\u0161ak \u010dast\u011bji vyskytuje v:<\/p>\n\n\n\n<ul class=\"wp-block-list\">\n<li>\u017deny star\u0161\u00ed 40 let.<\/li>\n\n\n\n<li>\u017deny, kter\u00e9 pr\u00e1v\u011b porodily.<\/li>\n\n\n\n<li>\u017deny, kter\u00e9 podstoupily chemoterapii, a ty, kter\u00e9 byly ovlivn\u011bny jin\u00fdmi l\u00e9ky.<\/li>\n\n\n\n<li>\u017deny, kter\u00e9 \u010dasto nos\u00ed \u00fa\u010desy, kter\u00e9 vlasy tahaj\u00ed (nap\u0159. pevn\u00e9 cul\u00edky nebo pevn\u00e9 copy), nebo pou\u017e\u00edvaj\u00ed na vlasy drsn\u00e9 chemick\u00e9 prost\u0159edky.<\/li>\n\n\n\n<li>\u017deny v menopauze.<\/li>\n<\/ul>\n\n\n\n<h3 class=\"wp-block-heading\" id=\"what-are-the-myths-about-hair-loss-\">Jak\u00e9 jsou m\u00fdty o Vypad\u00e1v\u00e1n\u00ed Vlas\u016f?<\/h3>\n\n\n\n<p>M\u00fdty o Vypad\u00e1v\u00e1n\u00ed Vlas\u016f jsou velmi roz\u0161\u00ed\u0159en\u00e9. Nic z n\u00e1sleduj\u00edc\u00edho seznamu nen\u00ed pravda:<\/p>\n\n\n\n<ul class=\"wp-block-list\">\n<li>Vlasy v\u00e1m vypad\u00e1vaj\u00ed, proto\u017ee je p\u0159\u00edli\u0161 \u010dasto myjete \u0161amponem nebo proto\u017ee jste si je obarvili \u010di nechali ud\u011blat trvalou.<\/li>\n\n\n\n<li><a href=\"https:\/\/arbuti.com\/cs\/sampon-proti-lupum\/\">Bouda<\/a> zp\u016fsobuj\u00ed trval\u00e9 Vypad\u00e1v\u00e1n\u00ed Vlas\u016f u \u017een.<\/li>\n\n\n\n<li><a href=\"https:\/\/arbuti.com\/cs\/stres-z-vypadavani-vlasu\/\">Stres<\/a> zp\u016fsobuje trval\u00e9 Vypad\u00e1v\u00e1n\u00ed Vlas\u016f u \u017een.<\/li>\n\n\n\n<li>Kdy\u017e si ohol\u00edte hlavu, vlasy v\u00e1m dorostou dvakr\u00e1t siln\u011bj\u0161\u00ed.<\/li>\n\n\n\n<li>Kdy\u017e se postav\u00edte na hlavu, zv\u00fd\u0161\u00edte krevn\u00ed ob\u011bh a stimulujete <a href=\"https:\/\/arbuti.com\/cs\/obnovovac-vlasu\/\">r\u016fst vlas\u016f<\/a>.<\/li>\n\n\n\n<li>Pokud si vlasy kart\u00e1\u010dujete 100kr\u00e1t denn\u011b, budou zdrav\u011bj\u0161\u00ed.<\/li>\n\n\n\n<li>Klobouky a paruky zp\u016fsobuj\u00ed Vypad\u00e1v\u00e1n\u00ed Vlas\u016f u \u017een.<\/li>\n\n\n\n<li>Vypad\u00e1v\u00e1n\u00ed vlas\u016f postihuje pouze intelektu\u00e1ln\u00ed \u017eeny.<\/li>\n<\/ul>\n\n\n\n<h2 class=\"wp-block-heading\" id=\"symptoms-and-causes\">P\u0159\u00ed\u010diny Vypad\u00e1v\u00e1n\u00ed Vlas\u016f u \u017een<\/h2>\n\n\n\n<figure class=\"wp-block-image size-large is-resized\"><img loading=\"lazy\" decoding=\"async\" width=\"1000\" height=\"667\" src=\"https:\/\/arbuti.com\/wp-content\/uploads\/2019\/09\/haarausfall-frauen-3.jpg\" alt=\"Vypad\u00e1v\u00e1n\u00ed vlas\u016f u \u017een\" class=\"wp-image-3115\" style=\"width:523px;height:auto\" srcset=\"https:\/\/arbuti.com\/wp-content\/uploads\/2019\/09\/haarausfall-frauen-3.jpg 1000w, https:\/\/arbuti.com\/wp-content\/uploads\/2019\/09\/haarausfall-frauen-3-300x200.jpg 300w, https:\/\/arbuti.com\/wp-content\/uploads\/2019\/09\/haarausfall-frauen-3-768x512.jpg 768w, https:\/\/arbuti.com\/wp-content\/uploads\/2019\/09\/haarausfall-frauen-3-200x133.jpg 200w, https:\/\/arbuti.com\/wp-content\/uploads\/2019\/09\/haarausfall-frauen-3-400x267.jpg 400w, https:\/\/arbuti.com\/wp-content\/uploads\/2019\/09\/haarausfall-frauen-3-600x400.jpg 600w, https:\/\/arbuti.com\/wp-content\/uploads\/2019\/09\/haarausfall-frauen-3-800x534.jpg 800w\" sizes=\"auto, (max-width: 1000px) 100vw, 1000px\" \/><\/figure>\n\n\n\n<h3 class=\"wp-block-heading\" id=\"what-are-the-common-causes-of-hair-loss-in-women-\">Jak\u00e9 jsou nej\u010dast\u011bj\u0161\u00ed p\u0159\u00ed\u010diny Vypad\u00e1v\u00e1n\u00ed Vlas\u016f u \u017een?<\/h3>\n\n\n\n<p><strong>Co <a href=\"https:\/\/arbuti.com\/cs\/priciny-vypadavani-vlasu\/\">Zp\u016fsobuje Vypad\u00e1v\u00e1n\u00ed Vlas\u016f<\/a>?<\/strong><\/p>\n\n\n\n<ul class=\"wp-block-list\">\n<li>\u00da\u010des: \u00da\u010des m\u016f\u017ee zp\u016fsobit Vypad\u00e1v\u00e1n\u00ed Vlas\u016f, pokud jsou vlasy upraven\u00e9 tak, \u017ee tahaj\u00ed za ko\u0159\u00ednky, jako jsou pevn\u00e9 cul\u00edky, copy nebo drdoly. Tento typ Vypad\u00e1v\u00e1n\u00ed Vlas\u016f se naz\u00fdv\u00e1 <a href=\"https:\/\/arbuti.com\/cs\/trakcni-alopecie\/\">Trak\u010dn\u00ed alopecie<\/a> ozna\u010duje. Pokud dojde k po\u0161kozen\u00ed vlasov\u00fdch folikul\u016f, m\u016f\u017ee b\u00fdt ztr\u00e1ta vlas\u016f trval\u00e1.<\/li>\n\n\n\n<li>Nedostatek vitam\u00edn\u016f.<\/li>\n\n\n\n<li>Dieta (rychl\u00fd \u00fabytek hmotnosti).<\/li>\n\n\n\n<li>Omezuj\u00edc\u00ed diety.<\/li>\n\n\n\n<li>Nadm\u011brn\u011b zpracovan\u00e9 vlasy na hlav\u011b (l\u00e1mavost).<\/li>\n<\/ul>\n\n\n\n<p><strong>Co zp\u016fsobuje Vypad\u00e1v\u00e1n\u00ed Vlas\u016f anagen effluvium?<\/strong><\/p>\n\n\n\n<ul class=\"wp-block-list\">\n<li>Toxick\u00e9 l\u00e1tky, v\u010detn\u011b chemoterapie, radioterapie a n\u011bkter\u00fdch l\u00e9k\u016f. Ty zp\u016fsobuj\u00ed n\u00e1hl\u00e9 Vypad\u00e1v\u00e1n\u00ed Vlas\u016f, kter\u00e9 se m\u016f\u017ee objevit kdekoli na t\u011ble. St\u00e1v\u00e1 se to vlas\u016fm ve f\u00e1zi r\u016fstu. N\u011bkdy m\u016f\u017ee b\u00fdt tento typ Vypad\u00e1v\u00e1n\u00ed Vlas\u016f trval\u00fd, pokud jsou po\u0161kozeny vlasov\u00e9 folikuly.<\/li>\n<\/ul>\n\n\n\n<p><strong>Co zp\u016fsobuje Vypad\u00e1v\u00e1n\u00ed Vlas\u016f p\u0159i telogenn\u00edm efluvium?<\/strong><\/p>\n\n\n\n<ul class=\"wp-block-list\">\n<li>Extr\u00e9mn\u00ed fyzick\u00fd stres nebo \u0161ok pro va\u0161e t\u011blo: To zp\u016fsobuje do\u010dasn\u00e9 Vypad\u00e1v\u00e1n\u00ed Vlas\u016f. Do t\u00e9to kategorie pat\u0159\u00ed ud\u00e1losti, jako je zhubnut\u00ed, operace, an\u00e9mie, nemoc a narozen\u00ed d\u00edt\u011bte.<\/li>\n\n\n\n<li>Extr\u00e9mn\u00ed emocion\u00e1ln\u00ed stres: du\u0161evn\u00ed onemocn\u011bn\u00ed, \u00famrt\u00ed bl\u00edzk\u00e9 osoby atd.<\/li>\n\n\n\n<li>abnorm\u00e1ln\u00ed \u0161t\u00edtn\u00e1 \u017el\u00e1za.<\/li>\n\n\n\n<li>L\u00e9ky a potravinov\u00e9 dopl\u0148ky: l\u00e9ky na krevn\u00ed tlak, l\u00e9ky proti dn\u011b a vysok\u00e9 d\u00e1vky vitaminu A.<\/li>\n\n\n\n<li>Hormon\u00e1ln\u00ed zm\u011bny zp\u016fsoben\u00e9 t\u011bhotenstv\u00edm, <a href=\"https:\/\/arbuti.com\/cs\/vypadavani-vlasu-menopauza\/\">Menopauza<\/a> nebo antikoncep\u010dn\u00ed pilulky.<\/li>\n<\/ul>\n\n\n\n<p><strong>Co zp\u016fsobuje FPHL (Vypad\u00e1v\u00e1n\u00ed Vlas\u016f \u017eensk\u00e9ho typu)?<\/strong><\/p>\n\n\n\n<ul class=\"wp-block-list\">\n<li>Geny: Geny va\u0161\u00ed rodiny mohou zp\u016fsobovat Vypad\u00e1v\u00e1n\u00ed Vlas\u016f na temeni hlavy.<\/li>\n\n\n\n<li>St\u00e1rnut\u00ed: Hormon\u00e1ln\u00ed zm\u011bny ve st\u00e1\u0159\u00ed mohou v\u00e9st k ple\u0161atosti.<\/li>\n\n\n\n<li>Menopauza: Tento typ vypad\u00e1v\u00e1n\u00ed vlas\u016f se \u010dasto zhor\u0161uje p\u0159i ztr\u00e1t\u011b estrogenu b\u011bhem menopauzy.<\/li>\n<\/ul>\n\n\n\n<p><strong>Vypad\u00e1v\u00e1n\u00ed vlas\u016f ovliv\u0148uj\u00ed tak\u00e9 n\u011bkter\u00e9 stavy:<\/strong><\/p>\n\n\n\n<ul class=\"wp-block-list\">\n<li>Alopecia areata je autoimunitn\u00ed onemocn\u011bn\u00ed k\u016f\u017ee, kter\u00e9 zp\u016fsobuje vypad\u00e1v\u00e1n\u00ed vlas\u016f na hlav\u011b a p\u0159\u00edpadn\u011b i na jin\u00fdch \u010d\u00e1stech t\u011bla. Obvykle nen\u00ed trval\u00e1.<\/li>\n<\/ul>\n\n\n\n<h3 class=\"wp-block-heading\" id=\"what-is-the-relationship-between-hair-loss-in-women-and-menopause-\">Jak\u00fd je vztah mezi vypad\u00e1v\u00e1n\u00edm vlas\u016f u \u017een a menopauzou?<\/h3>\n\n\n\n<p>B\u011bhem menopauzy se s va\u0161imi vlasy m\u016f\u017ee st\u00e1t jedna ze dvou v\u011bc\u00ed. Mo\u017en\u00e1 v\u00e1m za\u010dnou r\u016fst vlasy i tam, kde p\u0159edt\u00edm nebyly. Nebo se v\u00e1m mohou za\u010d\u00edt objevovat vlasy, kter\u00e9 v\u00e1m \u0159\u00eddnou. Jednou z p\u0159\u00ed\u010din m\u016f\u017ee b\u00fdt zm\u011bna hladiny hormon\u016f b\u011bhem menopauzy. Hladiny estrogenu a progesteronu se sni\u017euj\u00ed, co\u017e znamen\u00e1, \u017ee se zvy\u0161uje \u00fa\u010dinek androgen\u016f, mu\u017esk\u00fdch hormon\u016f.<\/p>\n\n\n\n<p>B\u011bhem menopauzy a po n\u00ed mohou b\u00fdt vlasy jemn\u011bj\u0161\u00ed (ten\u010d\u00ed), proto\u017ee vlasov\u00e9 folikuly se zmen\u0161uj\u00ed. V t\u011bchto p\u0159\u00edpadech vlasy rostou pomaleji a snadn\u011bji vypad\u00e1vaj\u00ed.<\/p>\n\n\n\n<p>L\u00e9ka\u0159 v\u00e1s d\u016fkladn\u011b vy\u0161et\u0159\u00ed a odebere podrobnou anamn\u00e9zu, aby v\u00e1m pomohl s p\u0159\u00edpadn\u00fdmi zm\u011bnami v r\u016fstu vlas\u016f. M\u016f\u017eete b\u00fdt pou\u010deni, abyste si nechali vy\u0161et\u0159it hladinu \u017eeleza nebo hormon\u016f \u0161t\u00edtn\u00e9 \u017el\u00e1zy. Va\u0161e l\u00e9ky mohou b\u00fdt zm\u011bn\u011bny, pokud se zjist\u00ed, \u017ee jejich u\u017e\u00edv\u00e1n\u00ed ovliv\u0148uje vypad\u00e1v\u00e1n\u00ed nebo R\u016fst Vlas\u016f.<\/p>\n\n\n\n<h3 class=\"wp-block-heading\" id=\"what-are-the-signs-of-hair-loss-in-women-\">Jak\u00e9 jsou p\u0159\u00edznaky Vypad\u00e1v\u00e1n\u00ed Vlas\u016f u \u017een?<\/h3>\n\n\n\n<ul class=\"wp-block-list\">\n<li>Ka\u017ed\u00fd den vid\u00edte v\u00edce vypadan\u00fdch vlas\u016f, a\u0165 u\u017e na kart\u00e1\u010di, na podlaze, ve spr\u0161e, na pol\u0161t\u00e1\u0159\u00edch nebo v umyvadle.<\/li>\n\n\n\n<li>Vid\u00edte n\u00e1padn\u00e9 pro\u0159\u00eddl\u00e9 nebo chyb\u011bj\u00edc\u00ed vlasy, v\u010detn\u011b \u010d\u00e1sti na temeni hlavy, kter\u00e1 se roz\u0161i\u0159uje.<\/li>\n\n\n\n<li>Pohled na poko\u017eku hlavy p\u0159es vlasy<\/li>\n\n\n\n<li>S men\u0161\u00edmi cul\u00edky.<\/li>\n\n\n\n<li>Vid\u00edm, jak se vlasy l\u00e1mou.<\/li>\n<\/ul>\n\n\n\n<h2 class=\"wp-block-heading\" id=\"diagnosis-and-tests\">Diagnostika a test<\/h2>\n\n\n\n<figure class=\"wp-block-image size-large is-resized\"><img loading=\"lazy\" decoding=\"async\" width=\"750\" height=\"474\" src=\"https:\/\/arbuti.com\/wp-content\/uploads\/2019\/09\/Haarausfall-Frauen-Laduti.jpg\" alt=\"Vypad\u00e1v\u00e1n\u00ed vlas\u016f u \u017een\" class=\"wp-image-3101\" style=\"width:476px;height:auto\" srcset=\"https:\/\/arbuti.com\/wp-content\/uploads\/2019\/09\/Haarausfall-Frauen-Laduti.jpg 750w, https:\/\/arbuti.com\/wp-content\/uploads\/2019\/09\/Haarausfall-Frauen-Laduti-300x190.jpg 300w, https:\/\/arbuti.com\/wp-content\/uploads\/2019\/09\/Haarausfall-Frauen-Laduti-320x202.jpg 320w, https:\/\/arbuti.com\/wp-content\/uploads\/2019\/09\/Haarausfall-Frauen-Laduti-700x441.jpg 700w, https:\/\/arbuti.com\/wp-content\/uploads\/2019\/09\/Haarausfall-Frauen-Laduti-200x126.jpg 200w, https:\/\/arbuti.com\/wp-content\/uploads\/2019\/09\/Haarausfall-Frauen-Laduti-400x253.jpg 400w, https:\/\/arbuti.com\/wp-content\/uploads\/2019\/09\/Haarausfall-Frauen-Laduti-600x379.jpg 600w\" sizes=\"auto, (max-width: 750px) 100vw, 750px\" \/><\/figure>\n\n\n\n<h3 class=\"wp-block-heading\" id=\"how-will-a-healthcare-provider-diagnose-hair-loss-in-women-what-tests-are-done-\">Jak l\u00e9ka\u0159 diagnostikuje Vypad\u00e1v\u00e1n\u00ed Vlas\u016f u \u017een? Jak\u00e9 testy budou provedeny?<\/h3>\n\n\n\n<p>Testy prov\u00e1d\u011bn\u00e9 za \u00fa\u010delem diagnostiky Vypad\u00e1v\u00e1n\u00ed Vlas\u016f u \u017een mohou b\u00fdt jednoduch\u00e9 nebo slo\u017eit\u00e9:<\/p>\n\n\n\n<ul class=\"wp-block-list\">\n<li>Jemn\u011b zatahejte za vlasy a zjist\u011bte, kolik vlas\u016f z nich vypadne.<\/li>\n\n\n\n<li>Krevn\u00ed testy. Kontroluj\u00ed se hladiny vitam\u00edn\u016f a miner\u00e1l\u016f (nap\u0159. vitam\u00edn D, vitam\u00edn B, zinek a \u017eelezo) a hladiny hormon\u016f (v\u010detn\u011b hormon\u016f \u0161t\u00edtn\u00e9 \u017el\u00e1zy a pohlavn\u00edch hormon\u016f).<\/li>\n\n\n\n<li>Vy\u0161et\u0159en\u00ed k\u016f\u017ee hlavy pod mikroskopem a trichoskopie.<\/li>\n\n\n\n<li>Biopsie vlasov\u00e9 poko\u017eky k odebr\u00e1n\u00ed a vy\u0161et\u0159en\u00ed velmi mal\u00e9ho kousku vlasov\u00e9 poko\u017eky.<\/li>\n<\/ul>\n\n\n\n<h3 class=\"wp-block-heading\" id=\"what-questions-might-your-healthcare-provider-ask-to-diagnose-and-categorize-your-hair-loss-\">Jak\u00e9 ot\u00e1zky v\u00e1m m\u016f\u017ee l\u00e9ka\u0159 polo\u017eit, aby diagnostikoval a klasifikoval va\u0161e Vypad\u00e1v\u00e1n\u00ed Vlas\u016f?<\/h3>\n\n\n\n<p>L\u00e9ka\u0159 se v\u00e1s m\u016f\u017ee zeptat na va\u0161e zvyky:<\/p>\n\n\n\n<ul class=\"wp-block-list\">\n<li>Jak\u00e9 typy vlasov\u00fdch p\u0159\u00edpravk\u016f pou\u017e\u00edv\u00e1te?<\/li>\n\n\n\n<li>Jak\u00e9 \u00fa\u010desy nos\u00edte?<\/li>\n\n\n\n<li>Jak\u00e9 potraviny j\u00edte (pro R\u016fst Vlas\u016f jsou d\u016fle\u017eit\u00e9 b\u00edlkoviny)?<\/li>\n\n\n\n<li>M\u00e1te ve zvyku vytrh\u00e1vat si vlasy ( trichotillomanie )?<\/li>\n<\/ul>\n\n\n\n<p>M\u016f\u017eete se zeptat na sv\u016fj p\u0159\u00edb\u011bh:<\/p>\n\n\n\n<ul class=\"wp-block-list\">\n<li>Vypad\u00e1valy n\u011bkomu ve va\u0161\u00ed nejbli\u017e\u0161\u00ed rodin\u011b vlasy?<\/li>\n\n\n\n<li>D\u011bje se ve va\u0161em \u017eivot\u011b n\u011bco stresuj\u00edc\u00edho?<\/li>\n\n\n\n<li>Jak\u00e9 l\u00e9ky a dopl\u0148ky stravy denn\u011b u\u017e\u00edv\u00e1te?<\/li>\n\n\n\n<li>Za\u017eili jste n\u011bkdy Vypad\u00e1v\u00e1n\u00ed Vlas\u016f?<\/li>\n\n\n\n<li>Jak\u00e9 potraviny jsou ve va\u0161em j\u00eddeln\u00ed\u010dku?<\/li>\n<\/ul>\n\n\n\n<p>A mohli by se zeptat na va\u0161e pozorov\u00e1n\u00ed:<\/p>\n\n\n\n<ul class=\"wp-block-list\">\n<li>Jak dlouho v\u00e1m vypad\u00e1vaj\u00ed vlasy?<\/li>\n\n\n\n<li>U\u017e jste se zbavili dal\u0161\u00edch?<\/li>\n\n\n\n<li>Zaznamenali jste Vypad\u00e1v\u00e1n\u00ed Vlas\u016f i jinde ne\u017e na poko\u017ece hlavy, nap\u0159\u00edklad v obo\u010d\u00ed? Chlupy na nohou a rukou?<\/li>\n\n\n\n<li>Zhor\u0161uje n\u011bco va\u0161e Vypad\u00e1v\u00e1n\u00ed Vlas\u016f?<\/li>\n\n\n\n<li>Zlep\u0161uje n\u011bco va\u0161e Vypad\u00e1v\u00e1n\u00ed Vlas\u016f?<\/li>\n\n\n\n<li>Zaznamenali jste ob\u010dasn\u00e9 Vypad\u00e1v\u00e1n\u00ed Vlas\u016f, nebo pokra\u010duje bez p\u0159eru\u0161en\u00ed?<\/li>\n\n\n\n<li>V\u0161imli jste si, \u017ee va\u0161e <a href=\"https:\/\/arbuti.com\/cs\/obnovovac-vlasu\/\">R\u016fst Vlas\u016f<\/a> se zm\u011bnila?<\/li>\n\n\n\n<li>L\u00e1maly se v\u00e1m \u010dast\u011bji vlasy?<\/li>\n<\/ul>\n\n\n\n<h2 class=\"wp-block-heading\" id=\"management-and-treatment\">Co mohou \u017eeny d\u011blat proti Vypad\u00e1v\u00e1n\u00ed Vlas\u016f?<\/h2>\n\n\n\n<figure class=\"wp-block-image size-large is-resized\"><img loading=\"lazy\" decoding=\"async\" width=\"1000\" height=\"834\" src=\"https:\/\/arbuti.com\/wp-content\/uploads\/2019\/09\/Haarausfall-2.jpg\" alt=\"Vypad\u00e1v\u00e1n\u00ed vlas\u016f u \u017een\" class=\"wp-image-3112\" style=\"width:508px;height:auto\" srcset=\"https:\/\/arbuti.com\/wp-content\/uploads\/2019\/09\/Haarausfall-2.jpg 1000w, https:\/\/arbuti.com\/wp-content\/uploads\/2019\/09\/Haarausfall-2-300x250.jpg 300w, https:\/\/arbuti.com\/wp-content\/uploads\/2019\/09\/Haarausfall-2-768x641.jpg 768w, https:\/\/arbuti.com\/wp-content\/uploads\/2019\/09\/Haarausfall-2-200x167.jpg 200w, https:\/\/arbuti.com\/wp-content\/uploads\/2019\/09\/Haarausfall-2-400x334.jpg 400w, https:\/\/arbuti.com\/wp-content\/uploads\/2019\/09\/Haarausfall-2-600x500.jpg 600w, https:\/\/arbuti.com\/wp-content\/uploads\/2019\/09\/Haarausfall-2-800x667.jpg 800w\" sizes=\"auto, (max-width: 1000px) 100vw, 1000px\" \/><\/figure>\n\n\n\n<h3 class=\"wp-block-heading\" id=\"what-kind-of-healthcare-provider-treats-hair-loss-\">Kter\u00fd l\u00e9ka\u0159 l\u00e9\u010d\u00ed Vypad\u00e1v\u00e1n\u00ed Vlas\u016f?<\/h3>\n\n\n\n<p>M\u016f\u017ee je l\u00e9\u010dit dermatolog.<\/p>\n\n\n\n<h3 class=\"wp-block-heading\" id=\"how-is-hair-loss-in-women-treated-what-medicines-or-supplements-may-help-\">Jak se l\u00e9\u010d\u00ed Vypad\u00e1v\u00e1n\u00ed Vlas\u016f u \u017een? Jak\u00e9 l\u00e9ky nebo dopl\u0148ky stravy mohou pomoci?<\/h3>\n\n\n\n<p>L\u00e9\u010dba z\u00e1vis\u00ed na p\u0159\u00ed\u010din\u011b Vypad\u00e1v\u00e1n\u00ed Vlas\u016f.<\/p>\n\n\n\n<ul class=\"wp-block-list\">\n<li>V p\u0159\u00edpadech, kdy je ztr\u00e1ta zp\u016fsobena stresem nebo hormon\u00e1ln\u00edmi zm\u011bnami, jako je t\u011bhotenstv\u00ed, nemus\u00ed b\u00fdt l\u00e9\u010dba nutn\u00e1. Vypad\u00e1v\u00e1n\u00ed vlas\u016f se po ur\u010dit\u00e9 dob\u011b zastav\u00ed. <\/li>\n\n\n\n<li>V p\u0159\u00edpad\u011b Vypad\u00e1v\u00e1n\u00ed Vlas\u016f zp\u016fsoben\u00e9ho \u00fapravou vlas\u016f, jako jsou pevn\u00e9 cop\u00e1nky nebo cul\u00edky, nebo n\u011bkter\u00fdmi chemick\u00fdmi l\u00e1tkami, znamen\u00e1 l\u00e9\u010dba ukon\u010den\u00ed \u010dinnosti, kter\u00e1 zp\u016fsobila po\u0161kozen\u00ed. Zde m\u016f\u017eete <a href=\"https:\/\/arbuti.com\/cs\/obnovovac-vlasu\/\">Produkty pro R\u016fst Vlas\u016f<\/a> pomoc.<\/li>\n\n\n\n<li>V p\u0159\u00edpad\u011b nedostatku \u017eivin m\u016f\u017eete b\u00fdt po\u017e\u00e1d\u00e1ni o u\u017e\u00edv\u00e1n\u00ed dopl\u0148k\u016f stravy. M\u016f\u017eete b\u00fdt nap\u0159\u00edklad po\u017e\u00e1d\u00e1ni, abyste denn\u011b u\u017e\u00edvali multivitam\u00edn a t\u0159i a\u017e p\u011bt miligram\u016f vitaminu C. <a href=\"https:\/\/arbuti.com\/cs\/biotin-vypadavani-vlasu\/\">Biotin<\/a> vz\u00edt. Kapsle biotinu od <a href=\"https:\/\/amzn.to\/3t3Xv1q\" rel=\"nofollow\">Vitamaze<\/a> si r\u00e1di bereme sami. <\/li>\n\n\n\n<li>Doporu\u010dujeme p\u0159\u00edrodn\u00ed prost\u0159edky. M\u00e1me<a href=\"https:\/\/arbuti.com\/cs\/prostredky-proti-vypadavani-vlasu\/\"> nejlep\u0161\u00ed produkty proti vypad\u00e1v\u00e1n\u00ed vlas\u016f test<\/a> v na\u0161em salonu, kter\u00e9 opravdu funguj\u00ed.<\/li>\n<\/ul>\n\n\n\n<p>Dal\u0161\u00ed l\u00e9ky, kter\u00e9 byly zkoum\u00e1ny, ale nebyly schv\u00e1leny pro Vypad\u00e1v\u00e1n\u00ed Vlas\u016f u \u017een, jsou:<\/p>\n\n\n\n<ul class=\"wp-block-list\">\n<li>Spironolakton a dal\u0161\u00ed antiandrogeny.<\/li>\n\n\n\n<li>Finasterid a dal\u0161\u00ed inhibitory enzymu alfa-redukt\u00e1zy.<\/li>\n\n\n\n<li>Estrogeny.<\/li>\n\n\n\n<li>Analogy prostaglandin\u016f.<\/li>\n\n\n\n<li>Steroidy.<\/li>\n\n\n\n<li>Dal\u0161\u00ed o\u0161et\u0159en\u00ed sv\u011btlem.<\/li>\n<\/ul>\n\n\n\n<p>Je d\u016fle\u017eit\u00e9 si uv\u011bdomit, \u017ee \u017een\u00e1m nen\u00ed dovoleno m\u00edt <a href=\"https:\/\/arbuti.com\/cs\/vypadavani-vlasu-menopauza\/\">Menopauza<\/a> by nem\u011bly u\u017e\u00edvat l\u00e9ky na l\u00e9\u010dbu Vypad\u00e1v\u00e1n\u00ed Vlas\u016f bez antikoncepce. Mnoho l\u00e9k\u016f, v\u010detn\u011b <a href=\"https:\/\/arbuti.com\/cs\/minoxidil\/\">Minoxidil<\/a> a finasterid nejsou bezpe\u010dn\u00e9 pro t\u011bhotn\u00e9 \u017eeny nebo \u017eeny, kter\u00e9 cht\u011bj\u00ed ot\u011bhotn\u011bt.<\/p>\n\n\n\n<ul class=\"wp-block-list\">\n<li><a href=\"https:\/\/arbuti.com\/cs\/transplantace-vlasu\/\">Transplantace vlas\u016f<\/a> je dal\u0161\u00ed mo\u017enost\u00ed. Ze zadn\u00ed \u010d\u00e1sti hlavy se odeberou mal\u00e9 kousky vlasov\u00e9 poko\u017eky s vlasov\u00fdmi folikuly a p\u0159em\u00edst\u00ed se do \u0161t\u011brbin v m\u00edstech ple\u0161atosti. Mo\u017en\u00fdmi probl\u00e9my p\u0159i t\u00e9to l\u00e9\u010db\u011b jsou obvykl\u00e1 chirurgick\u00e1 rizika, jako jsou infekce,&nbsp;<a href=\"https:\/\/my.clevelandclinic.org\/health\/diseases\/17692-folliculitis-\">Folikulitida<\/a>&nbsp;a n\u00e1razov\u00e9 vypad\u00e1v\u00e1n\u00ed, kdy vlasy v oblasti transplantace vypad\u00e1vaj\u00ed. V p\u0159\u00edpadech, kdy jsou lysiny velk\u00e9, m\u016f\u017ee b\u00fdt obt\u00ed\u017en\u00e9 naj\u00edt dostatek vlas\u016f k transplantaci. Krom\u011b toho m\u016f\u017ee b\u00fdt operace n\u00e1kladn\u00e1 a obvykle nen\u00ed hrazena poji\u0161\u0165ovnou.<\/li>\n\n\n\n<li>Na podporu r\u016fstu vlas\u016f se tak\u00e9 prov\u00e1d\u011bj\u00ed injekce plazmy bohat\u00e9 na b\u00edlkoviny (PRP). PRP se obvykle vyr\u00e1b\u00ed z krve odebran\u00e9 pacientovi. Krevn\u00ed desti\u010dky jsou odebr\u00e1ny a koncentrov\u00e1ny a pot\u00e9 p\u0159id\u00e1ny zp\u011bt do krve k injek\u010dn\u00edmu pod\u00e1n\u00ed.<\/li>\n\n\n\n<li>Mikrojehli\u010dkov\u00e1n\u00ed poko\u017eky hlavy s pou\u017eit\u00edm minoxidilu a bez n\u011bj.<\/li>\n<\/ul>\n\n\n\n<h3 class=\"wp-block-heading\" id=\"are-there-complications-side-effects-of-treatment-\">Existuj\u00ed komplikace \/ vedlej\u0161\u00ed \u00fa\u010dinky l\u00e9\u010dby?<\/h3>\n\n\n\n<p>Minoxidil m\u016f\u017ee dr\u00e1\u017edit poko\u017eku hlavy a zp\u016fsobovat jej\u00ed suchost, \u0161upinat\u011bn\u00ed, sv\u011bd\u011bn\u00ed a\/nebo zarudnut\u00ed. V takov\u00e9m p\u0159\u00edpad\u011b se pora\u010fte se sv\u00fdm dermatologem. Proto doporu\u010dujeme p\u0159\u00edrodn\u00ed <a href=\"https:\/\/arbuti.com\/cs\/obnovovac-vlasu\/\">Produkty pro R\u016fst Vlas\u016f<\/a>.<\/p>\n\n\n\n<p>Minoxidil m\u016f\u017ee zp\u016fsobit r\u016fst chloupk\u016f i na jin\u00fdch m\u00edstech ne\u017e na poko\u017ece hlavy (nap\u0159. na tv\u00e1\u0159\u00edch a \u010dele). Po aplikaci minoxidilu si umyjte obli\u010dej a vyhn\u011bte se p\u0159i aplikaci jin\u00fdm oblastem.<\/p>\n\n\n\n<h2 class=\"wp-block-heading\" id=\"prevention\">Prevence<\/h2>\n\n\n\n<h3 class=\"wp-block-heading\" id=\"how-can-hair-loss-in-women-be-prevented-\">Jak lze zabr\u00e1nit Vypad\u00e1v\u00e1n\u00ed Vlas\u016f u \u017een?<\/h3>\n\n\n\n<p>Vypad\u00e1v\u00e1n\u00ed vlas\u016f nelze zabr\u00e1nit, pokud je zp\u016fsobeno nemoc\u00ed, st\u00e1rnut\u00edm, d\u011bdi\u010dnost\u00ed nebo fyzickou z\u00e1t\u011b\u017e\u00ed, nap\u0159\u00edklad \u00farazem. Vyh\u00fdb\u00e1n\u00edm se \u017e\u00edrav\u00fdm chemick\u00fdm l\u00e1tk\u00e1m nebo t\u011bsn\u00fdm \u00fa\u010des\u016fm m\u016f\u017eete p\u0159edej\u00edt Vypad\u00e1v\u00e1n\u00ed Vlas\u016f. Vypad\u00e1v\u00e1n\u00ed vlas\u016f m\u016f\u017eete p\u0159edej\u00edt zdravou stravou a p\u0159\u00edsunem pot\u0159ebn\u00fdch \u017eivin v podob\u011b vitam\u00edn\u016f, miner\u00e1l\u016f a b\u00edlkovin. M\u016f\u017eete p\u0159estat kou\u0159it.<\/p>\n\n\n\n<h2 class=\"wp-block-heading\" id=\"outlook--prognosis\">Outlook<\/h2>\n\n\n\n<h3 class=\"wp-block-heading\" id=\"what-is-the-prognosis-outlook-for-women-with-hair-loss-\">Jak\u00e1 je progn\u00f3za\/v\u00fdhled pro \u017eeny s vypad\u00e1v\u00e1n\u00edm vlas\u016f?<\/h3>\n\n\n\n<p>Va\u0161e diagn\u00f3za ur\u010duje progn\u00f3zu:<\/p>\n\n\n\n<ul class=\"wp-block-list\">\n<li>Rozd\u011blen\u00ed anagenu a telogenu se m\u016f\u017ee \u010dasem zastavit.<\/li>\n\n\n\n<li>L\u00e9\u010dba v\u0161ech stav\u016f spojen\u00fdch s vypad\u00e1v\u00e1n\u00edm vlas\u016f.<\/li>\n\n\n\n<li>Ztr\u00e1tu vlas\u016f zamaskujte nebo zakryjte parukou nebo kloboukem.<\/li>\n\n\n\n<li>V\u010dasn\u00e1 l\u00e9\u010dba alopecie m\u016f\u017ee sn\u00ed\u017eit rychlost \u0159\u00eddnut\u00ed a podpo\u0159it op\u011btovn\u00fd r\u016fst.<\/li>\n<\/ul>\n\n\n\n<p>I kdy\u017e vypad\u00e1v\u00e1n\u00ed vlas\u016f samo o sob\u011b nen\u00ed nebezpe\u010dn\u00e9, \u017eeny s vypad\u00e1v\u00e1n\u00edm vlas\u016f maj\u00ed tendenci c\u00edtit se velmi rozzloben\u011b kv\u016fli zm\u011bn\u00e1m sv\u00e9ho vzhledu. Tyto negativn\u00ed pocity mohou ovlivnit sebev\u011bdom\u00ed a spole\u010densk\u00fd \u017eivot. Ned\u00e1vn\u00e9 studie nazna\u010duj\u00ed, \u017ee FPHL m\u016f\u017ee souviset s onemocn\u011bn\u00edmi, jako je metabolick\u00fd syndrom, endokrinn\u00ed poruchy a diabetes.<\/p>\n\n\n\n<h2 class=\"wp-block-heading\" id=\"living-with\">Jak mohu \u017e\u00edt s vypad\u00e1v\u00e1n\u00edm vlas\u016f jako \u017eena?<\/h2>\n\n\n\n<figure class=\"wp-block-image size-large is-resized\"><img loading=\"lazy\" decoding=\"async\" width=\"600\" height=\"800\" src=\"https:\/\/arbuti.com\/wp-content\/uploads\/2019\/07\/Frauen.jpg\" alt=\"Vypad\u00e1v\u00e1n\u00ed vlas\u016f u \u017een\" class=\"wp-image-3100\" style=\"width:248px;height:auto\" srcset=\"https:\/\/arbuti.com\/wp-content\/uploads\/2019\/07\/Frauen.jpg 600w, https:\/\/arbuti.com\/wp-content\/uploads\/2019\/07\/Frauen-225x300.jpg 225w, https:\/\/arbuti.com\/wp-content\/uploads\/2019\/07\/Frauen-200x267.jpg 200w, https:\/\/arbuti.com\/wp-content\/uploads\/2019\/07\/Frauen-400x533.jpg 400w\" sizes=\"auto, (max-width: 600px) 100vw, 600px\" \/><\/figure>\n\n\n\n<h3 class=\"wp-block-heading\" id=\"what-are-some-tips-for-dealing-with-hair-loss-in-women-\">Jak\u00e9 jsou tipy pro \u0159e\u0161en\u00ed Vypad\u00e1v\u00e1n\u00ed Vlas\u016f u \u017een?<\/h3>\n\n\n\n<p>N\u011bkter\u00e9 v\u011bci m\u016f\u017eete ud\u011blat sami. M\u016f\u017eete se zeptat sv\u00e9ho stylisty nebo n\u011bkter\u00e9 z nich vyzkou\u0161et:<\/p>\n\n\n\n<ul class=\"wp-block-list\">\n<li>Barven\u00ed vlas\u016f dod\u00e1v\u00e1 pramen\u016fm objem a vlasy vypadaj\u00ed pln\u011bj\u0161\u00ed.<\/li>\n\n\n\n<li>Mas\u00e1\u017e hlavy, nap\u0159\u00edklad p\u0159i myt\u00ed vlas\u016f, m\u016f\u017ee stimulovat pr\u016ftok krve poko\u017ekou hlavy a vlasov\u00fdmi folikuly.<\/li>\n\n\n\n<li>Pokud se nech\u00e1te ost\u0159\u00edhat na krat\u0161\u00ed d\u00e9lku a p\u0159id\u00e1te vrstvy, mohou va\u0161e vlasy vypadat pln\u011bj\u0161\u00ed.<\/li>\n\n\n\n<li>N\u00e1pomocn\u00e9 m\u016f\u017ee b\u00fdt tak\u00e9 pou\u017e\u00edv\u00e1n\u00ed spr\u00e1vn\u00e9ho \u0161amponu. Hledejte \u0161ampon, kter\u00fd dod\u00e1 vlas\u016fm v\u011bt\u0161\u00ed objem bez pou\u017eit\u00ed sulf\u00e1tov\u00fdch detergent\u016f.<\/li>\n\n\n\n<li>N\u00e1pomocn\u00e9 m\u016f\u017ee b\u00fdt i pou\u017eit\u00ed spr\u00e1vn\u00e9ho typu p\u0159\u00edpravku ve spr\u00e1vn\u00fd \u010das. Existuj\u00ed p\u0159\u00edpravky, kter\u00e9 dodaj\u00ed vlas\u016fm objem je\u0161t\u011b za vlhka. Pou\u017eit\u00ed p\u0159\u00edli\u0161 velk\u00e9ho mno\u017estv\u00ed p\u0159\u00edpravku v\u0161ak m\u016f\u017ee zv\u00fd\u0161it hmotnost.<\/li>\n<\/ul>\n\n\n\n<h3 class=\"wp-block-heading\" id=\"when-should-i-see-my-healthcare-provider-\">Kdy m\u00e1m nav\u0161t\u00edvit sv\u00e9ho l\u00e9ka\u0159e?<\/h3>\n\n\n\n<p>Pokud zaznamen\u00e1te Vypad\u00e1v\u00e1n\u00ed Vlas\u016f, nav\u0161tivte co nejd\u0159\u00edve dermatologa. \u010c\u00edm d\u0159\u00edve se l\u00e9\u010d\u00edte, t\u00edm je l\u00e9\u010dba \u00fa\u010dinn\u011bj\u0161\u00ed.<\/p>\n\n\n\n<h3 class=\"wp-block-heading\" id=\"what-questions-should-i-ask-my-healthcare-provider-\">Jak\u00e9 ot\u00e1zky bych m\u011bl\/a polo\u017eit sv\u00e9mu l\u00e9ka\u0159i?<\/h3>\n\n\n\n<ul class=\"wp-block-list\">\n<li>Co je p\u0159\u00ed\u010dinou Vypad\u00e1v\u00e1n\u00ed Vlas\u016f?<\/li>\n\n\n\n<li>Kolik pramen\u016f vlas\u016f mi denn\u011b vypadne?<\/li>\n\n\n\n<li>Jak\u00fd druh Vypad\u00e1v\u00e1n\u00ed Vlas\u016f m\u00e1m?<\/li>\n\n\n\n<li>Bude Vypad\u00e1v\u00e1n\u00ed Vlas\u016f trval\u00e9?<\/li>\n\n\n\n<li>Jak\u00e1 l\u00e9\u010dba je pro m\u011b nejlep\u0161\u00ed?<\/li>\n<\/ul>\n\n\n\n<p>N\u00e1\u0161 p\u0159\u00edsp\u011bvek nem\u016f\u017ee nahradit n\u00e1v\u0161t\u011bvu l\u00e9ka\u0159e!<\/p>","protected":false},"excerpt":{"rendered":"<p>Haarausfall bei Frauen Der Haarausfall bei Frauen, auch androgenetische Alopezie genannt.&nbsp;Was hilft gegen Haarausfall bei Frauen? Welche m\u00f6glichen Behandlungen es [&hellip;]<\/p>","protected":false},"author":1,"featured_media":8308,"comment_status":"closed","ping_status":"open","sticky":false,"template":"","format":"standard","meta":{"ub_ctt_via":"","_uag_custom_page_level_css":"","site-sidebar-layout":"default","site-content-layout":"default","ast-site-content-layout":"default","site-content-style":"default","site-sidebar-style":"default","ast-global-header-display":"","ast-banner-title-visibility":"","ast-main-header-display":"","ast-hfb-above-header-display":"","ast-hfb-below-header-display":"","ast-hfb-mobile-header-display":"","site-post-title":"","ast-breadcrumbs-content":"","ast-featured-img":"","footer-sml-layout":"","theme-transparent-header-meta":"default","adv-header-id-meta":"","stick-header-meta":"default","header-above-stick-meta":"","header-main-stick-meta":"","header-below-stick-meta":"","astra-migrate-meta-layouts":"set","ast-page-background-enabled":"default","ast-page-background-meta":{"desktop":{"background-color":"","background-image":"","background-repeat":"repeat","background-position":"center center","background-size":"auto","background-attachment":"scroll","background-type":"","background-media":"","overlay-type":"","overlay-color":"","overlay-opacity":"","overlay-gradient":""},"tablet":{"background-color":"","background-image":"","background-repeat":"repeat","background-position":"center center","background-size":"auto","background-attachment":"scroll","background-type":"","background-media":"","overlay-type":"","overlay-color":"","overlay-opacity":"","overlay-gradient":""},"mobile":{"background-color":"","background-image":"","background-repeat":"repeat","background-position":"center center","background-size":"auto","background-attachment":"scroll","background-type":"","background-media":"","overlay-type":"","overlay-color":"","overlay-opacity":"","overlay-gradient":""}},"ast-content-background-meta":{"desktop":{"background-color":"var(--ast-global-color-5)","background-image":"","background-repeat":"repeat","background-position":"center center","background-size":"auto","background-attachment":"scroll","background-type":"","background-media":"","overlay-type":"","overlay-color":"","overlay-opacity":"","overlay-gradient":""},"tablet":{"background-color":"var(--ast-global-color-5)","background-image":"","background-repeat":"repeat","background-position":"center center","background-size":"auto","background-attachment":"scroll","background-type":"","background-media":"","overlay-type":"","overlay-color":"","overlay-opacity":"","overlay-gradient":""},"mobile":{"background-color":"var(--ast-global-color-5)","background-image":"","background-repeat":"repeat","background-position":"center center","background-size":"auto","background-attachment":"scroll","background-type":"","background-media":"","overlay-type":"","overlay-color":"","overlay-opacity":"","overlay-gradient":""}},"footnotes":""},"categories":[6329],"tags":[],"class_list":["post-8306","post","type-post","status-publish","format-standard","has-post-thumbnail","hentry","category-haarausfall"],"featured_image_src":"https:\/\/arbuti.com\/wp-content\/uploads\/2021\/03\/Haarausfall-Frauen.jpg","author_info":{"display_name":"admin","author_link":"https:\/\/arbuti.com\/cs\/author\/admin\/"},"yoast_head":"<!-- This site is optimized with the Yoast SEO Premium plugin v25.3 (Yoast SEO v25.3) - https:\/\/yoast.com\/wordpress\/plugins\/seo\/ -->\n<title>Haarausfall bei Frauen: Was sind die Ursachen und was hilft?<\/title>\n<meta name=\"description\" content=\"Haarausfall bei Frauen! Welche m\u00f6glichen Behandlungen es gibt und welche Ursachen dazu f\u00fchren, sehen wir uns genauer an.\" \/>\n<meta name=\"robots\" content=\"index, follow, max-snippet:-1, max-image-preview:large, max-video-preview:-1\" \/>\n<link rel=\"canonical\" href=\"https:\/\/arbuti.com\/cs\/vypadavani-vlasu-u-zen\/\" \/>\n<meta property=\"og:locale\" content=\"cs_CZ\" \/>\n<meta property=\"og:type\" content=\"article\" \/>\n<meta property=\"og:title\" content=\"Haarausfall bei Frauen\" \/>\n<meta property=\"og:description\" content=\"Haarausfall bei Frauen Der Haarausfall bei Frauen, auch androgenetische Alopezie genannt.&nbsp;Was hilft gegen Haarausfall bei Frauen? Welche m\u00f6glichen\" \/>\n<meta property=\"og:url\" content=\"https:\/\/arbuti.com\/cs\/vypadavani-vlasu-u-zen\/\" \/>\n<meta property=\"og:site_name\" content=\"ARBUTI Hair Salon\" \/>\n<meta property=\"article:publisher\" content=\"https:\/\/www.facebook.com\/Arbutihairsalon\/\" \/>\n<meta property=\"article:published_time\" content=\"2021-03-11T11:51:15+00:00\" \/>\n<meta property=\"article:modified_time\" content=\"2024-01-02T12:19:53+00:00\" \/>\n<meta property=\"og:image\" content=\"https:\/\/arbuti.com\/wp-content\/uploads\/2021\/03\/Haarausfall-Frauen.jpg\" \/>\n\t<meta property=\"og:image:width\" content=\"1000\" \/>\n\t<meta property=\"og:image:height\" content=\"778\" \/>\n\t<meta property=\"og:image:type\" content=\"image\/jpeg\" \/>\n<meta name=\"author\" content=\"admin\" \/>\n<meta name=\"twitter:card\" content=\"summary_large_image\" \/>\n<meta name=\"twitter:label1\" content=\"Napsal(a)\" \/>\n\t<meta name=\"twitter:data1\" content=\"admin\" \/>\n\t<meta name=\"twitter:label2\" content=\"Odhadovan\u00e1 doba \u010dten\u00ed\" \/>\n\t<meta name=\"twitter:data2\" content=\"1 minuta\" \/>\n<script type=\"application\/ld+json\" class=\"yoast-schema-graph\">{\"@context\":\"https:\/\/schema.org\",\"@graph\":[{\"@type\":\"Article\",\"@id\":\"https:\/\/arbuti.com\/haarausfall-frauen\/#article\",\"isPartOf\":{\"@id\":\"https:\/\/arbuti.com\/haarausfall-frauen\/\"},\"author\":{\"name\":\"admin\",\"@id\":\"https:\/\/arbuti.com\/fr\/#\/schema\/person\/d85bbf7b442ca0f812c3aa0ed9eece8f\"},\"headline\":\"Haarausfall bei Frauen\",\"datePublished\":\"2021-03-11T11:51:15+00:00\",\"dateModified\":\"2024-01-02T12:19:53+00:00\",\"mainEntityOfPage\":{\"@id\":\"https:\/\/arbuti.com\/haarausfall-frauen\/\"},\"wordCount\":2338,\"publisher\":{\"@id\":\"https:\/\/arbuti.com\/fr\/#organization\"},\"image\":{\"@id\":\"https:\/\/arbuti.com\/haarausfall-frauen\/#primaryimage\"},\"thumbnailUrl\":\"https:\/\/arbuti.com\/wp-content\/uploads\/2021\/03\/Haarausfall-Frauen.jpg\",\"articleSection\":[\"Haarausfall\"],\"inLanguage\":\"cs\"},{\"@type\":\"WebPage\",\"@id\":\"https:\/\/arbuti.com\/haarausfall-frauen\/\",\"url\":\"https:\/\/arbuti.com\/haarausfall-frauen\/\",\"name\":\"Haarausfall bei Frauen: Was sind die Ursachen und was hilft?\",\"isPartOf\":{\"@id\":\"https:\/\/arbuti.com\/fr\/#website\"},\"primaryImageOfPage\":{\"@id\":\"https:\/\/arbuti.com\/haarausfall-frauen\/#primaryimage\"},\"image\":{\"@id\":\"https:\/\/arbuti.com\/haarausfall-frauen\/#primaryimage\"},\"thumbnailUrl\":\"https:\/\/arbuti.com\/wp-content\/uploads\/2021\/03\/Haarausfall-Frauen.jpg\",\"datePublished\":\"2021-03-11T11:51:15+00:00\",\"dateModified\":\"2024-01-02T12:19:53+00:00\",\"description\":\"Haarausfall bei Frauen! Welche m\u00f6glichen Behandlungen es gibt und welche Ursachen dazu f\u00fchren, sehen wir uns genauer an.\",\"breadcrumb\":{\"@id\":\"https:\/\/arbuti.com\/haarausfall-frauen\/#breadcrumb\"},\"inLanguage\":\"cs\",\"potentialAction\":[{\"@type\":\"ReadAction\",\"target\":[\"https:\/\/arbuti.com\/haarausfall-frauen\/\"]}]},{\"@type\":\"ImageObject\",\"inLanguage\":\"cs\",\"@id\":\"https:\/\/arbuti.com\/haarausfall-frauen\/#primaryimage\",\"url\":\"https:\/\/arbuti.com\/wp-content\/uploads\/2021\/03\/Haarausfall-Frauen.jpg\",\"contentUrl\":\"https:\/\/arbuti.com\/wp-content\/uploads\/2021\/03\/Haarausfall-Frauen.jpg\",\"width\":1000,\"height\":778,\"caption\":\"Haarausfall-Frauen\"},{\"@type\":\"BreadcrumbList\",\"@id\":\"https:\/\/arbuti.com\/haarausfall-frauen\/#breadcrumb\",\"itemListElement\":[{\"@type\":\"ListItem\",\"position\":1,\"name\":\"ARBUTI\",\"item\":\"https:\/\/arbuti.com\/\"},{\"@type\":\"ListItem\",\"position\":2,\"name\":\"Haarausfall\",\"item\":\"https:\/\/arbuti.com\/fr\/categorie\/haarausfall\/\"},{\"@type\":\"ListItem\",\"position\":3,\"name\":\"Haarausfall bei Frauen\"}]},{\"@type\":\"WebSite\",\"@id\":\"https:\/\/arbuti.com\/fr\/#website\",\"url\":\"https:\/\/arbuti.com\/fr\/\",\"name\":\"ARBUTI Hair Salon\",\"description\":\"Friseur M\u00fcnchen\",\"publisher\":{\"@id\":\"https:\/\/arbuti.com\/fr\/#organization\"},\"alternateName\":\"ARBUTI\",\"potentialAction\":[{\"@type\":\"SearchAction\",\"target\":{\"@type\":\"EntryPoint\",\"urlTemplate\":\"https:\/\/arbuti.com\/fr\/?s={search_term_string}\"},\"query-input\":{\"@type\":\"PropertyValueSpecification\",\"valueRequired\":true,\"valueName\":\"search_term_string\"}}],\"inLanguage\":\"cs\"},{\"@type\":\"Organization\",\"@id\":\"https:\/\/arbuti.com\/fr\/#organization\",\"name\":\"ARBUTI Hair Salon\",\"alternateName\":\"ARBUTI\",\"url\":\"https:\/\/arbuti.com\/fr\/\",\"logo\":{\"@type\":\"ImageObject\",\"inLanguage\":\"cs\",\"@id\":\"https:\/\/arbuti.com\/fr\/#\/schema\/logo\/image\/\",\"url\":\"https:\/\/arbuti.com\/wp-content\/uploads\/2020\/04\/cropped-Arbuti-Friseur-Muenchen.jpg\",\"contentUrl\":\"https:\/\/arbuti.com\/wp-content\/uploads\/2020\/04\/cropped-Arbuti-Friseur-Muenchen.jpg\",\"width\":512,\"height\":512,\"caption\":\"ARBUTI Hair Salon\"},\"image\":{\"@id\":\"https:\/\/arbuti.com\/fr\/#\/schema\/logo\/image\/\"},\"sameAs\":[\"https:\/\/www.facebook.com\/Arbutihairsalon\/\",\"https:\/\/www.instagram.com\/arbutihairsalon\/\",\"https:\/\/www.pinterest.de\/arbutihairsalon\/arbuti-hair-salon\/\"]},{\"@type\":\"Person\",\"@id\":\"https:\/\/arbuti.com\/fr\/#\/schema\/person\/d85bbf7b442ca0f812c3aa0ed9eece8f\",\"name\":\"admin\",\"image\":{\"@type\":\"ImageObject\",\"inLanguage\":\"cs\",\"@id\":\"https:\/\/arbuti.com\/fr\/#\/schema\/person\/image\/\",\"url\":\"https:\/\/secure.gravatar.com\/avatar\/a5ca7376327017715559ffb9b376df51?s=96&d=mm&r=g\",\"contentUrl\":\"https:\/\/secure.gravatar.com\/avatar\/a5ca7376327017715559ffb9b376df51?s=96&d=mm&r=g\",\"caption\":\"admin\"}}]}<\/script>\n<!-- \/ Yoast SEO Premium plugin. -->","yoast_head_json":{"title":"Haarausfall bei Frauen: Was sind die Ursachen und was hilft?","description":"Haarausfall bei Frauen! Welche m\u00f6glichen Behandlungen es gibt und welche Ursachen dazu f\u00fchren, sehen wir uns genauer an.","robots":{"index":"index","follow":"follow","max-snippet":"max-snippet:-1","max-image-preview":"max-image-preview:large","max-video-preview":"max-video-preview:-1"},"canonical":"https:\/\/arbuti.com\/cs\/vypadavani-vlasu-u-zen\/","og_locale":"cs_CZ","og_type":"article","og_title":"Haarausfall bei Frauen","og_description":"Haarausfall bei Frauen Der Haarausfall bei Frauen, auch androgenetische Alopezie genannt.&nbsp;Was hilft gegen Haarausfall bei Frauen? Welche m\u00f6glichen","og_url":"https:\/\/arbuti.com\/cs\/vypadavani-vlasu-u-zen\/","og_site_name":"ARBUTI Hair Salon","article_publisher":"https:\/\/www.facebook.com\/Arbutihairsalon\/","article_published_time":"2021-03-11T11:51:15+00:00","article_modified_time":"2024-01-02T12:19:53+00:00","og_image":[{"width":1000,"height":778,"url":"https:\/\/arbuti.com\/wp-content\/uploads\/2021\/03\/Haarausfall-Frauen.jpg","type":"image\/jpeg"}],"author":"admin","twitter_card":"summary_large_image","twitter_misc":{"Napsal(a)":"admin","Odhadovan\u00e1 doba \u010dten\u00ed":"1 minuta"},"schema":{"@context":"https:\/\/schema.org","@graph":[{"@type":"Article","@id":"https:\/\/arbuti.com\/haarausfall-frauen\/#article","isPartOf":{"@id":"https:\/\/arbuti.com\/haarausfall-frauen\/"},"author":{"name":"admin","@id":"https:\/\/arbuti.com\/fr\/#\/schema\/person\/d85bbf7b442ca0f812c3aa0ed9eece8f"},"headline":"Haarausfall bei Frauen","datePublished":"2021-03-11T11:51:15+00:00","dateModified":"2024-01-02T12:19:53+00:00","mainEntityOfPage":{"@id":"https:\/\/arbuti.com\/haarausfall-frauen\/"},"wordCount":2338,"publisher":{"@id":"https:\/\/arbuti.com\/fr\/#organization"},"image":{"@id":"https:\/\/arbuti.com\/haarausfall-frauen\/#primaryimage"},"thumbnailUrl":"https:\/\/arbuti.com\/wp-content\/uploads\/2021\/03\/Haarausfall-Frauen.jpg","articleSection":["Haarausfall"],"inLanguage":"cs"},{"@type":"WebPage","@id":"https:\/\/arbuti.com\/haarausfall-frauen\/","url":"https:\/\/arbuti.com\/haarausfall-frauen\/","name":"Haarausfall bei Frauen: Was sind die Ursachen und was hilft?","isPartOf":{"@id":"https:\/\/arbuti.com\/fr\/#website"},"primaryImageOfPage":{"@id":"https:\/\/arbuti.com\/haarausfall-frauen\/#primaryimage"},"image":{"@id":"https:\/\/arbuti.com\/haarausfall-frauen\/#primaryimage"},"thumbnailUrl":"https:\/\/arbuti.com\/wp-content\/uploads\/2021\/03\/Haarausfall-Frauen.jpg","datePublished":"2021-03-11T11:51:15+00:00","dateModified":"2024-01-02T12:19:53+00:00","description":"Haarausfall bei Frauen! Welche m\u00f6glichen Behandlungen es gibt und welche Ursachen dazu f\u00fchren, sehen wir uns genauer an.","breadcrumb":{"@id":"https:\/\/arbuti.com\/haarausfall-frauen\/#breadcrumb"},"inLanguage":"cs","potentialAction":[{"@type":"ReadAction","target":["https:\/\/arbuti.com\/haarausfall-frauen\/"]}]},{"@type":"ImageObject","inLanguage":"cs","@id":"https:\/\/arbuti.com\/haarausfall-frauen\/#primaryimage","url":"https:\/\/arbuti.com\/wp-content\/uploads\/2021\/03\/Haarausfall-Frauen.jpg","contentUrl":"https:\/\/arbuti.com\/wp-content\/uploads\/2021\/03\/Haarausfall-Frauen.jpg","width":1000,"height":778,"caption":"Haarausfall-Frauen"},{"@type":"BreadcrumbList","@id":"https:\/\/arbuti.com\/haarausfall-frauen\/#breadcrumb","itemListElement":[{"@type":"ListItem","position":1,"name":"ARBUTI","item":"https:\/\/arbuti.com\/"},{"@type":"ListItem","position":2,"name":"Haarausfall","item":"https:\/\/arbuti.com\/fr\/categorie\/haarausfall\/"},{"@type":"ListItem","position":3,"name":"Haarausfall bei Frauen"}]},{"@type":"WebSite","@id":"https:\/\/arbuti.com\/fr\/#website","url":"https:\/\/arbuti.com\/fr\/","name":"ARBUTI Hair Salon","description":"Friseur M\u00fcnchen","publisher":{"@id":"https:\/\/arbuti.com\/fr\/#organization"},"alternateName":"ARBUTI","potentialAction":[{"@type":"SearchAction","target":{"@type":"EntryPoint","urlTemplate":"https:\/\/arbuti.com\/fr\/?s={search_term_string}"},"query-input":{"@type":"PropertyValueSpecification","valueRequired":true,"valueName":"search_term_string"}}],"inLanguage":"cs"},{"@type":"Organization","@id":"https:\/\/arbuti.com\/fr\/#organization","name":"ARBUTI Hair Salon","alternateName":"ARBUTI","url":"https:\/\/arbuti.com\/fr\/","logo":{"@type":"ImageObject","inLanguage":"cs","@id":"https:\/\/arbuti.com\/fr\/#\/schema\/logo\/image\/","url":"https:\/\/arbuti.com\/wp-content\/uploads\/2020\/04\/cropped-Arbuti-Friseur-Muenchen.jpg","contentUrl":"https:\/\/arbuti.com\/wp-content\/uploads\/2020\/04\/cropped-Arbuti-Friseur-Muenchen.jpg","width":512,"height":512,"caption":"ARBUTI Hair Salon"},"image":{"@id":"https:\/\/arbuti.com\/fr\/#\/schema\/logo\/image\/"},"sameAs":["https:\/\/www.facebook.com\/Arbutihairsalon\/","https:\/\/www.instagram.com\/arbutihairsalon\/","https:\/\/www.pinterest.de\/arbutihairsalon\/arbuti-hair-salon\/"]},{"@type":"Person","@id":"https:\/\/arbuti.com\/fr\/#\/schema\/person\/d85bbf7b442ca0f812c3aa0ed9eece8f","name":"admin","image":{"@type":"ImageObject","inLanguage":"cs","@id":"https:\/\/arbuti.com\/fr\/#\/schema\/person\/image\/","url":"https:\/\/secure.gravatar.com\/avatar\/a5ca7376327017715559ffb9b376df51?s=96&d=mm&r=g","contentUrl":"https:\/\/secure.gravatar.com\/avatar\/a5ca7376327017715559ffb9b376df51?s=96&d=mm&r=g","caption":"admin"}}]}},"uagb_featured_image_src":{"full":["https:\/\/arbuti.com\/wp-content\/uploads\/2021\/03\/Haarausfall-Frauen.jpg",1000,778,false],"thumbnail":["https:\/\/arbuti.com\/wp-content\/uploads\/2021\/03\/Haarausfall-Frauen-150x150.jpg",150,150,true],"medium":["https:\/\/arbuti.com\/wp-content\/uploads\/2021\/03\/Haarausfall-Frauen-300x233.jpg",300,233,true],"medium_large":["https:\/\/arbuti.com\/wp-content\/uploads\/2021\/03\/Haarausfall-Frauen-768x598.jpg",768,598,true],"large":["https:\/\/arbuti.com\/wp-content\/uploads\/2021\/03\/Haarausfall-Frauen.jpg",1000,778,false],"1536x1536":["https:\/\/arbuti.com\/wp-content\/uploads\/2021\/03\/Haarausfall-Frauen.jpg",1000,778,false],"2048x2048":["https:\/\/arbuti.com\/wp-content\/uploads\/2021\/03\/Haarausfall-Frauen.jpg",1000,778,false],"trp-custom-language-flag":["https:\/\/arbuti.com\/wp-content\/uploads\/2021\/03\/Haarausfall-Frauen.jpg",15,12,false],"wp_review_large":["https:\/\/arbuti.com\/wp-content\/uploads\/2021\/03\/Haarausfall-Frauen-320x200.jpg",320,200,true],"wp_review_small":["https:\/\/arbuti.com\/wp-content\/uploads\/2021\/03\/Haarausfall-Frauen-65x65.jpg",65,65,true]},"uagb_author_info":{"display_name":"admin","author_link":"https:\/\/arbuti.com\/cs\/author\/admin\/"},"uagb_comment_info":0,"uagb_excerpt":"Haarausfall bei Frauen Der Haarausfall bei Frauen, auch androgenetische Alopezie genannt.&nbsp;Was hilft gegen Haarausfall bei Frauen? Welche m\u00f6glichen Behandlungen es [&hellip;]","_links":{"self":[{"href":"https:\/\/arbuti.com\/cs\/wp-json\/wp\/v2\/posts\/8306","targetHints":{"allow":["GET"]}}],"collection":[{"href":"https:\/\/arbuti.com\/cs\/wp-json\/wp\/v2\/posts"}],"about":[{"href":"https:\/\/arbuti.com\/cs\/wp-json\/wp\/v2\/types\/post"}],"author":[{"embeddable":true,"href":"https:\/\/arbuti.com\/cs\/wp-json\/wp\/v2\/users\/1"}],"replies":[{"embeddable":true,"href":"https:\/\/arbuti.com\/cs\/wp-json\/wp\/v2\/comments?post=8306"}],"version-history":[{"count":10,"href":"https:\/\/arbuti.com\/cs\/wp-json\/wp\/v2\/posts\/8306\/revisions"}],"predecessor-version":[{"id":13444,"href":"https:\/\/arbuti.com\/cs\/wp-json\/wp\/v2\/posts\/8306\/revisions\/13444"}],"wp:featuredmedia":[{"embeddable":true,"href":"https:\/\/arbuti.com\/cs\/wp-json\/wp\/v2\/media\/8308"}],"wp:attachment":[{"href":"https:\/\/arbuti.com\/cs\/wp-json\/wp\/v2\/media?parent=8306"}],"wp:term":[{"taxonomy":"category","embeddable":true,"href":"https:\/\/arbuti.com\/cs\/wp-json\/wp\/v2\/categories?post=8306"},{"taxonomy":"post_tag","embeddable":true,"href":"https:\/\/arbuti.com\/cs\/wp-json\/wp\/v2\/tags?post=8306"}],"curies":[{"name":"wp","href":"https:\/\/api.w.org\/{rel}","templated":true}]}}