{"id":8004,"date":"2021-03-08T13:51:11","date_gmt":"2021-03-08T13:51:11","guid":{"rendered":"https:\/\/arbuti.com\/?p=8004"},"modified":"2024-04-18T06:51:30","modified_gmt":"2024-04-18T06:51:30","slug":"haarausfall-ursachen","status":"publish","type":"post","link":"https:\/\/arbuti.com\/cs\/priciny-vypadavani-vlasu\/","title":{"rendered":"P\u0159\u00ed\u010diny Vypad\u00e1v\u00e1n\u00ed Vlas\u016f"},"content":{"rendered":"<h1 class=\"wp-block-heading has-text-align-center\" id=\"h-haarausfall-ursachen\">P\u0159\u00ed\u010diny Vypad\u00e1v\u00e1n\u00ed Vlas\u016f<\/h1>\n\n\n\n<p class=\"has-text-align-center\">Nalezen\u00ed vlas\u016f v kart\u00e1\u010di je norm\u00e1ln\u00ed, pokud v\u0161ak \u010dlov\u011bk ztr\u00e1c\u00ed neobvykl\u00e9 mno\u017estv\u00ed vlas\u016f, m\u016f\u017ee to b\u00fdt d\u016fvod k obav\u00e1m. Shrnuli jsme p\u0159\u00ed\u010diny Vypad\u00e1v\u00e1n\u00ed Vlas\u016f u \u017een a mu\u017e\u016f.<\/p>\n\n\n\n\n\n\n<figure class=\"wp-block-image aligncenter size-large is-resized\"><img loading=\"lazy\" decoding=\"async\" width=\"1000\" height=\"778\" src=\"https:\/\/arbuti.com\/wp-content\/uploads\/2021\/03\/Haarausfall-Ursachen.jpg\" alt=\"P\u0159\u00ed\u010diny Vypad\u00e1v\u00e1n\u00ed Vlas\u016f\" class=\"wp-image-8005\" style=\"aspect-ratio:1.2882096069868996;width:596px;height:auto\" srcset=\"https:\/\/arbuti.com\/wp-content\/uploads\/2021\/03\/Haarausfall-Ursachen.jpg 1000w, https:\/\/arbuti.com\/wp-content\/uploads\/2021\/03\/Haarausfall-Ursachen-300x233.jpg 300w, https:\/\/arbuti.com\/wp-content\/uploads\/2021\/03\/Haarausfall-Ursachen-768x598.jpg 768w\" sizes=\"auto, (max-width: 1000px) 100vw, 1000px\" \/><\/figure>\n\n\n\n<div style=\"height:32px\" aria-hidden=\"true\" class=\"wp-block-spacer\"><\/div>\n\n\n\n<h2 class=\"wp-block-heading has-text-align-center has-text-color\" id=\"h-warum-fallen-mir-die-haare-aus\" style=\"color:#3a8182\">Pro\u010d mi vypad\u00e1vaj\u00ed vlasy?<\/h2>\n\n\n\n<p>Vypad\u00e1v\u00e1n\u00ed vlas\u016f obvykle nem\u00e1 velk\u00fd vliv na v\u00e1\u0161 vzhled nebo teplo, proto\u017ee va\u0161e hlava m\u00e1 mnohem v\u00edce kompenzovat ka\u017edodenn\u00ed ztr\u00e1tu . Kdy\u017e v\u0161ak za\u010dnete pozorovat Vypad\u00e1v\u00e1n\u00ed Vlas\u016f na hlav\u011b nebo ple\u0161at\u011bn\u00ed, m\u016f\u017ee to m\u00edt d\u016fle\u017eit\u011bj\u0161\u00ed p\u0159\u00ed\u010dinu.<\/p>\n\n\n\n<p>Kdy\u017e se \u0159ekne Vypad\u00e1v\u00e1n\u00ed Vlas\u016f, mo\u017en\u00e1 se v\u00e1m vybav\u00ed genetick\u00e9 faktory, nap\u0159\u00edklad Vypad\u00e1v\u00e1n\u00ed Vlas\u016f u mu\u017e\u016f. Vypad\u00e1v\u00e1n\u00ed vlas\u016f mohou zp\u016fsobovat tak\u00e9 hormony, probl\u00e9my se \u0161t\u00edtnou \u017el\u00e1zou a dal\u0161\u00ed onemocn\u011bn\u00ed.<\/p>\n\n\n\n<p>Jak\u00e9 jsou tedy tyto r\u016fzn\u00e9 p\u0159\u00ed\u010diny a jak zjist\u00edte, zda jsou zodpov\u011bdn\u00e9 za va\u0161e nadm\u011brn\u00e9 rozlit\u00ed?<\/p>\n\n\n\n<h2 class=\"wp-block-heading\" id=\"h-mogliche-haarausfall-ursachen\">Mo\u017en\u00e9 p\u0159\u00ed\u010diny Vypad\u00e1v\u00e1n\u00ed Vlas\u016f<\/h2>\n\n\n\n<h3 class=\"wp-block-heading\">Hormon\u00e1ln\u00ed zm\u011bny<\/h3>\n\n\n\n<p>\u017deny mohou p\u0159ij\u00edt o vlasy po porodu nebo b\u011bhem menopauzy . U \u017een s hormon\u00e1ln\u00ed nerovnov\u00e1hou m\u016f\u017ee doch\u00e1zet k Vypad\u00e1v\u00e1n\u00ed Vlas\u016f.<\/p>\n\n\n\n<p>Krom\u011b geneticky podm\u00edn\u011bn\u00e9 mu\u017esk\u00e9 ple\u0161atosti mohou mu\u017ei ztr\u00e1cet vlasy i v p\u0159\u00edpad\u011b, \u017ee se s v\u011bkem m\u011bn\u00ed jejich hormon\u00e1ln\u00ed slo\u017een\u00ed. Vypad\u00e1v\u00e1n\u00ed vlas\u016f je zp\u016fsobeno reakc\u00ed folikul\u016f na hormon dihydrotestosteron (DHT) .<\/p>\n\n\n\n<h3 class=\"wp-block-heading\">Onemocn\u011bn\u00ed \u0161t\u00edtn\u00e9 \u017el\u00e1zy<\/h3>\n\n\n\n<p>Jednou z nej\u010dast\u011bj\u0161\u00edch hormon\u00e1ln\u00edch p\u0159\u00ed\u010din Vypad\u00e1v\u00e1n\u00ed Vlas\u016f jsou pravd\u011bpodobn\u011b probl\u00e9my se \u0161t\u00edtnou \u017el\u00e1zou. Vypad\u00e1v\u00e1n\u00ed vlas\u016f m\u016f\u017ee zp\u016fsobovat jak p\u0159\u00edli\u0161 mnoho hormon\u016f \u0161t\u00edtn\u00e9 \u017el\u00e1zy ( hypertyre\u00f3za ), tak p\u0159\u00edli\u0161 m\u00e1lo ( hypotyre\u00f3za ). L\u00e9\u010dba onemocn\u011bn\u00ed \u0161t\u00edtn\u00e9 \u017el\u00e1zy m\u016f\u017ee \u010dasto zvr\u00e1tit Vypad\u00e1v\u00e1n\u00ed Vlas\u016f.<\/p>\n\n\n\n<h3 class=\"wp-block-heading\">Stres<\/h3>\n\n\n\n<p>Fyzick\u00fd a psychick\u00fd stres m\u016f\u017ee zp\u016fsobit vypad\u00e1v\u00e1n\u00ed vlas\u016f. Operace, vysok\u00e1 hore\u010dka a ztr\u00e1ta krve mohou sta\u010dit. <a href=\"https:\/\/arbuti.com\/cs\/stres-z-vypadavani-vlasu\/\">Stres<\/a> zp\u016fsobit nadm\u011brn\u00e9 <a href=\"https:\/\/arbuti.com\/cs\/sampon-proti-lupum\/\">Bouda<\/a> v\u00e9st. Porod m\u016f\u017ee v\u00e9st k Vypad\u00e1v\u00e1n\u00ed Vlas\u016f n\u011bkolik m\u011bs\u00edc\u016f po porodu.<\/p>\n\n\n\n<p>Ve vztahu k psychick\u00e9mu stresu je tento vztah h\u016f\u0159e definov\u00e1n . Mnoho lid\u00ed v\u0161ak hl\u00e1silo ztr\u00e1tu vlas\u016f v obdob\u00ed extr\u00e9mn\u00edho psychick\u00e9ho stresu nebo \u00fazkosti . A Vypad\u00e1v\u00e1n\u00ed Vlas\u016f z jin\u00fdch d\u016fvod\u016f m\u016f\u017ee b\u00fdt st\u00e1le stresuj\u00edc\u00ed.<\/p>\n\n\n\n<p>P\u0159\u00ed\u010diny fyzick\u00e9ho stresu jsou \u010dasto do\u010dasn\u00e9 a Vypad\u00e1v\u00e1n\u00ed Vlas\u016f ustupuje, jakmile se t\u011blo uzdrav\u00ed.<\/p>\n\n\n\n<p>Proti psychick\u00e9mu stresu m\u016f\u017eete bojovat zm\u011bnou \u017eivotn\u00edho stylu, nap\u0159\u00edklad.<\/p>\n\n\n\n<ul class=\"wp-block-list\">\n<li>ka\u017edodenn\u00ed cvi\u010den\u00ed<\/li>\n\n\n\n<li>spr\u00e1vn\u00e1 v\u00fd\u017eiva<\/li>\n\n\n\n<li>Meditace a dal\u0161\u00ed strategie zvl\u00e1d\u00e1n\u00ed stresu<\/li>\n\n\n\n<li>Odstran\u011bn\u00ed zn\u00e1m\u00fdch stresor\u016f z va\u0161eho \u017eivota<\/li>\n<\/ul>\n\n\n\n<h3 class=\"wp-block-heading\">L\u00e9ky<\/h3>\n\n\n\n<p>L\u00e9ky mohou b\u00fdt spojeny s dlouh\u00fdm seznamem ne\u017e\u00e1douc\u00edch \u00fa\u010dink\u016f, v\u010detn\u011b Vypad\u00e1v\u00e1n\u00ed Vlas\u016f. Nejzn\u00e1m\u011bj\u0161\u00ed p\u0159\u00ed\u010dinou je chemoterapie, ale mezi dal\u0161\u00ed pat\u0159\u00ed:<\/p>\n\n\n\n<ul class=\"wp-block-list\">\n<li>L\u00e9ky na \u0161t\u00edtnou \u017el\u00e1zu<\/li>\n\n\n\n<li>N\u011bkter\u00e1 peror\u00e1ln\u00ed antikoncepce<\/li>\n\n\n\n<li>Beta blok\u00e1tor<\/li>\n\n\n\n<li>Antikonvulziva<\/li>\n\n\n\n<li>Antidepresiva<\/li>\n\n\n\n<li>Antikoagulancia<\/li>\n<\/ul>\n\n\n\n<p>Tyto l\u00e9ky p\u016fsob\u00ed na lidi r\u016fzn\u011b a nemus\u00ed zp\u016fsobit Vypad\u00e1v\u00e1n\u00ed Vlas\u016f u ka\u017ed\u00e9ho.<\/p>\n\n\n\n<h3 class=\"wp-block-heading\">Podv\u00fd\u017eiva<\/h3>\n\n\n\n<p>Nedostatek zinku a \u017eeleza jsou nej\u010dast\u011bj\u0161\u00edmi nutri\u010dn\u00edmi p\u0159\u00ed\u010dinami vypad\u00e1v\u00e1n\u00ed vlas\u016f. N\u011bkter\u00e9 d\u016fkazy v\u0161ak nazna\u010duj\u00ed, \u017ee na vin\u011b m\u016f\u017ee b\u00fdt i n\u00edzk\u00fd p\u0159\u00edjem n\u00e1sleduj\u00edc\u00edch vitamin\u016f a \u017eivin:<\/p>\n\n\n\n<ul class=\"wp-block-list\">\n<li>Tuk<\/li>\n\n\n\n<li>Vitamin D<\/li>\n\n\n\n<li>Vitamin B-12<\/li>\n\n\n\n<li>Vitamin C<\/li>\n\n\n\n<li>Vitamin A.<\/li>\n\n\n\n<li>M\u011b\u010f<\/li>\n\n\n\n<li>Selen<\/li>\n\n\n\n<li><a href=\"https:\/\/arbuti.com\/cs\/biotin-vypadavani-vlasu\/\">Biotin<\/a><\/li>\n<\/ul>\n\n\n\n<h3 class=\"wp-block-heading\">Lupus<\/h3>\n\n\n\n<p>Lupus je autoimunitn\u00ed onemocn\u011bn\u00ed, kter\u00e9 m\u016f\u017ee zp\u016fsobovat Vypad\u00e1v\u00e1n\u00ed Vlas\u016f. Vypad\u00e1v\u00e1n\u00ed vlas\u016f je obvykle nerovnom\u011brn\u00e9 a doprov\u00e1zen\u00e9 l\u00e9zemi na poko\u017ece hlavy.<\/p>\n\n\n\n<p>Vypad\u00e1v\u00e1n\u00ed vlas\u016f mohou zp\u016fsobovat i n\u011bkter\u00e9 l\u00e9ky na lupus.<\/p>\n\n\n\n<h3 class=\"wp-block-heading\">Ostatn\u00ed nemoci<\/h3>\n\n\n\n<p>K abnorm\u00e1ln\u00ed ple\u0161atosti m\u016f\u017ee v\u00e9st mnoho dal\u0161\u00edch stav\u016f, v\u010detn\u011b:<\/p>\n\n\n\n<ul class=\"wp-block-list\">\n<li>Selh\u00e1n\u00ed ledvin<\/li>\n\n\n\n<li>Z\u00e1n\u011btliv\u00e9 onemocn\u011bn\u00ed st\u0159ev (IBD)<\/li>\n\n\n\n<li>Onemocn\u011bn\u00ed jater<\/li>\n\n\n\n<li>Diabetes<\/li>\n<\/ul>\n\n\n\n<p>Ko\u017en\u00ed onemocn\u011bn\u00ed, jako je lup\u00e9nka a dermatitida, se mohou vyskytovat na poko\u017ece hlavy a na k\u016f\u017ei. <a href=\"https:\/\/arbuti.com\/cs\/obnovovac-vlasu\/\">r\u016fst vlas\u016f<\/a> ovlivnit. Vypad\u00e1v\u00e1n\u00ed vlas\u016f mohou zp\u016fsobovat tak\u00e9 infekce, jako je p\u00e1sov\u00fd opar vlasov\u00e9 poko\u017eky a folikulitida.<\/p>\n\n\n\n<p>Hled\u00e1n\u00ed p\u0159\u00ed\u010din a mo\u017en\u00fdch zp\u016fsob\u016f l\u00e9\u010dby u lid\u00ed s vypad\u00e1v\u00e1n\u00edm vlas\u016f je pochopiteln\u00e9. V\u00fdzkumy spojuj\u00ed Vypad\u00e1v\u00e1n\u00ed Vlas\u016f se sn\u00ed\u017een\u00fdm sebev\u011bdom\u00edm, probl\u00e9my s t\u011blesnou viz\u00e1\u017e\u00ed a zv\u00fd\u0161enou \u00fazkost\u00ed. Na str\u00e1nk\u00e1ch&nbsp;<a href=\"https:\/\/www.sciencedirect.com\/science\/article\/pii\/S0190962214014364\" target=\"_blank\" rel=\"noreferrer noopener\">\u010casopis Americk\u00e9 dermatologick\u00e9 akademie<\/a>&nbsp;doporu\u010duje p\u0159i diagnostice Vypad\u00e1v\u00e1n\u00ed Vlas\u016f zkoumat \u00fazkost a stres.<\/p>\n\n\n\n<p>Mnoh\u00e9 z t\u011bchto negenetick\u00fdch p\u0159\u00ed\u010din Vypad\u00e1v\u00e1n\u00ed Vlas\u016f lze \u00fasp\u011b\u0161n\u011b l\u00e9\u010dit a Vypad\u00e1v\u00e1n\u00ed Vlas\u016f odvr\u00e1tit nebo dokonce zvr\u00e1tit.<\/p>\n\n\n\n<h2 class=\"wp-block-heading\">Z\u00e1v\u011br<\/h2>\n\n\n\n<p>Promluvte si se sv\u00fdm l\u00e9ka\u0159em o sv\u00fdch obav\u00e1ch a mo\u017en\u00fdch p\u0159\u00ed\u010din\u00e1ch vypad\u00e1v\u00e1n\u00ed vlas\u016f. Mohou v\u00e1m doporu\u010dit l\u00e9\u010dbu, kter\u00e1 v\u00e1m bude vyhovovat. M\u00e1me <a href=\"https:\/\/arbuti.com\/cs\/prostredky-proti-vypadavani-vlasu\/\">Nejlep\u0161\u00ed prost\u0159edky proti Vypad\u00e1v\u00e1n\u00ed Vlas\u016f<\/a> v testu.<\/p>\n\n\n\n<h2 class=\"wp-block-heading\" id=\"h-fragen-und-antworten\">Ot\u00e1zky a odpov\u011bdi<\/h2>\n\n\n\t\t<section\t\tclass=\"sc_fs_faq sc_card\"\n\t\t\t\t>\n\t\t\t\t<h3>Co je hlavn\u00ed p\u0159\u00ed\u010dinou Vypad\u00e1v\u00e1n\u00ed Vlas\u016f?<\/h3>\t\t\t\t<div>\n\t\t\t\t\t\t<div class=\"sc_fs_faq__content\">\n\t\t\t\t\n\n<p>Vypad\u00e1v\u00e1n\u00ed vlas\u016f obvykle souvis\u00ed s jedn\u00edm nebo v\u00edce z n\u00e1sleduj\u00edc\u00edch faktor\u016f: Rodinn\u00e1 anamn\u00e9za (d\u011bdi\u010dnost). Nej\u010dast\u011bj\u0161\u00ed p\u0159\u00ed\u010dinou Vypad\u00e1v\u00e1n\u00ed Vlas\u016f je d\u011bdi\u010dn\u00e9 onemocn\u011bn\u00ed spojen\u00e9 se st\u00e1rnut\u00edm. Tento stav se naz\u00fdv\u00e1 androgenn\u00ed alopecie, mu\u017esk\u00e1 ple\u0161atost a \u017eensk\u00e1 ple\u0161atost.<\/p>\n\n\t\t\t<\/div>\n\t\t<\/div>\n\t\t<\/section>\n\t\t\t\t<section\t\tclass=\"sc_fs_faq sc_card\"\n\t\t\t\t>\n\t\t\t\t<h3>Co je p\u0159\u00ed\u010dinou Vypad\u00e1v\u00e1n\u00ed Vlas\u016f u \u017een?<\/h3>\t\t\t\t<div>\n\t\t\t\t\t\t<div class=\"sc_fs_faq__content\">\n\t\t\t\t\n\n<p>Jednou z p\u0159\u00ed\u010din m\u016f\u017ee b\u00fdt zm\u011bna hladiny hormon\u016f b\u011bhem menopauzy. Hladiny estrogenu a progesteronu se sni\u017euj\u00ed, co\u017e znamen\u00e1, \u017ee se zvy\u0161uje \u00fa\u010dinek androgen\u016f, mu\u017esk\u00fdch hormon\u016f. B\u011bhem menopauzy a po n\u00ed mohou b\u00fdt vlasy jemn\u011bj\u0161\u00ed (\u0159id\u0161\u00ed), proto\u017ee <a href=\"https:\/\/arbuti.com\/cs\/vlasovy-folikul\/\">Vlasov\u00fd Folikul<\/a> smr\u0161\u0165ov\u00e1n\u00ed.<\/p>\n\n\t\t\t<\/div>\n\t\t<\/div>\n\t\t<\/section>\n\t\t\t\t<section\t\tclass=\"sc_fs_faq sc_card\"\n\t\t\t\t>\n\t\t\t\t<h3>M\u016f\u017ee b\u00fdt Vypad\u00e1v\u00e1n\u00ed Vlas\u016f p\u0159\u00edznakem n\u011b\u010deho v\u00e1\u017en\u00e9ho?<\/h3>\t\t\t\t<div>\n\t\t\t\t\t\t<div class=\"sc_fs_faq__content\">\n\t\t\t\t\n\n<p>Podle Americk\u00e9 dermatologick\u00e9 akademie trp\u00ed v USA 80 milion\u016f lid\u00ed vypad\u00e1v\u00e1n\u00edm vlas\u016f v souvislosti se st\u00e1rnut\u00edm nebo genetikou. Vypad\u00e1v\u00e1n\u00ed vlas\u016f v\u0161ak m\u016f\u017ee b\u00fdt tak\u00e9 p\u0159\u00edznakem v\u011bt\u0161\u00edho zdravotn\u00edho probl\u00e9mu, nap\u0159\u00edklad hypotyre\u00f3zy nebo lupusu.<\/p>\n\n\t\t\t<\/div>\n\t\t<\/div>\n\t\t<\/section>\n\t\t\n<script type=\"application\/ld+json\">{\n    \"@context\": \"https:\\\/\\\/schema.org\",\n    \"@type\": \"FAQPage\",\n    \"mainEntity\": [\n        {\n            \"@type\": \"Question\",\n            \"name\": \"Was ist die Haupt Ursache f\\u00fcr Haarausfall?\",\n            \"acceptedAnswer\": {\n                \"@type\": \"Answer\",\n                \"text\": \"<p>Haarausfall h\\u00e4ngt normalerweise mit einem oder mehreren der folgenden Faktoren zusammen: Familienanamnese (Vererbung). Die h\\u00e4ufigste Ursache f\\u00fcr Haarausfall ist eine Erbkrankheit, die mit dem Altern einhergeht. Dieser Zustand wird als androgene Alopezie, Kahlheit nach m\\u00e4nnlichem Muster und Kahlheit nach weiblichem Muster bezeichnet.<\\\/p>\"\n            }\n        },\n        {\n            \"@type\": \"Question\",\n            \"name\": \"Was ist die Ursache von Haarausfall bei Frauen?\",\n            \"acceptedAnswer\": {\n                \"@type\": \"Answer\",\n                \"text\": \"<p>Eine Ursache kann sein, dass sich der Hormonspiegel in den Wechseljahren \\u00e4ndert. Der \\u00d6strogen- und Progesteronspiegel sinkt, was bedeutet, dass die Wirkung der Androgene, der m\\u00e4nnlichen Hormone, erh\\u00f6ht ist. W\\u00e4hrend und nach den Wechseljahren kann das Haar feiner (d\\u00fcnner) werden, da die Haarfollikel schrumpfen.<\\\/p>\"\n            }\n        },\n        {\n            \"@type\": \"Question\",\n            \"name\": \"Kann Haarausfall ein Zeichen f\\u00fcr etwas Ernstes sein?\",\n            \"acceptedAnswer\": {\n                \"@type\": \"Answer\",\n                \"text\": \"<p>Laut der American Academy of Dermatology leiden in den USA 80 Millionen Menschen an Haarausfall im Zusammenhang mit Alterung oder Genetik. Haarausfall kann aber auch ein Symptom f\\u00fcr ein gr\\u00f6\\u00dferes medizinisches Problem sein, das eine Person haben kann, wie Hypothyreose oder Lupus.<\\\/p>\"\n            }\n        }\n    ]\n}<\/script>","protected":false},"excerpt":{"rendered":"<p>Haarausfall Ursachen Das Finden von Haaren in Ihrer B\u00fcrste ist normal: Wenn eine Person jedoch ungew\u00f6hnlich viele Haare verliert, kann [&hellip;]<\/p>","protected":false},"author":1,"featured_media":8005,"comment_status":"closed","ping_status":"open","sticky":false,"template":"","format":"standard","meta":{"ub_ctt_via":"","_uag_custom_page_level_css":"","site-sidebar-layout":"right-sidebar","site-content-layout":"default","ast-site-content-layout":"default","site-content-style":"default","site-sidebar-style":"default","ast-global-header-display":"","ast-banner-title-visibility":"","ast-main-header-display":"","ast-hfb-above-header-display":"","ast-hfb-below-header-display":"","ast-hfb-mobile-header-display":"","site-post-title":"","ast-breadcrumbs-content":"","ast-featured-img":"","footer-sml-layout":"","theme-transparent-header-meta":"default","adv-header-id-meta":"","stick-header-meta":"default","header-above-stick-meta":"","header-main-stick-meta":"","header-below-stick-meta":"","astra-migrate-meta-layouts":"set","ast-page-background-enabled":"default","ast-page-background-meta":{"desktop":{"background-color":"","background-image":"","background-repeat":"repeat","background-position":"center center","background-size":"auto","background-attachment":"scroll","background-type":"","background-media":"","overlay-type":"","overlay-color":"","overlay-opacity":"","overlay-gradient":""},"tablet":{"background-color":"","background-image":"","background-repeat":"repeat","background-position":"center center","background-size":"auto","background-attachment":"scroll","background-type":"","background-media":"","overlay-type":"","overlay-color":"","overlay-opacity":"","overlay-gradient":""},"mobile":{"background-color":"","background-image":"","background-repeat":"repeat","background-position":"center center","background-size":"auto","background-attachment":"scroll","background-type":"","background-media":"","overlay-type":"","overlay-color":"","overlay-opacity":"","overlay-gradient":""}},"ast-content-background-meta":{"desktop":{"background-color":"var(--ast-global-color-5)","background-image":"","background-repeat":"repeat","background-position":"center center","background-size":"auto","background-attachment":"scroll","background-type":"","background-media":"","overlay-type":"","overlay-color":"","overlay-opacity":"","overlay-gradient":""},"tablet":{"background-color":"var(--ast-global-color-5)","background-image":"","background-repeat":"repeat","background-position":"center center","background-size":"auto","background-attachment":"scroll","background-type":"","background-media":"","overlay-type":"","overlay-color":"","overlay-opacity":"","overlay-gradient":""},"mobile":{"background-color":"var(--ast-global-color-5)","background-image":"","background-repeat":"repeat","background-position":"center center","background-size":"auto","background-attachment":"scroll","background-type":"","background-media":"","overlay-type":"","overlay-color":"","overlay-opacity":"","overlay-gradient":""}},"footnotes":""},"categories":[6329],"tags":[],"class_list":["post-8004","post","type-post","status-publish","format-standard","has-post-thumbnail","hentry","category-haarausfall"],"featured_image_src":"https:\/\/arbuti.com\/wp-content\/uploads\/2021\/03\/Haarausfall-Ursachen.jpg","author_info":{"display_name":"admin","author_link":"https:\/\/arbuti.com\/cs\/author\/admin\/"},"yoast_head":"<!-- This site is optimized with the Yoast SEO Premium plugin v25.3 (Yoast SEO v25.3) - https:\/\/yoast.com\/wordpress\/plugins\/seo\/ -->\n<title>Haarausfall Ursachen: Was sind die Ursachen bei Frauen und M\u00e4nner?<\/title>\n<meta name=\"description\" content=\"Haarausfall Ursachen bei Frau und Mann. Du stellst dir die Frage &quot;Warum fallen mir die Haare aus?&quot; Wir haben m\u00f6gliche Ursachen.\" \/>\n<meta name=\"robots\" content=\"index, follow, max-snippet:-1, max-image-preview:large, max-video-preview:-1\" \/>\n<link rel=\"canonical\" href=\"https:\/\/arbuti.com\/cs\/priciny-vypadavani-vlasu\/\" \/>\n<meta property=\"og:locale\" content=\"cs_CZ\" \/>\n<meta property=\"og:type\" content=\"article\" \/>\n<meta property=\"og:title\" content=\"Haarausfall Ursachen\" \/>\n<meta property=\"og:description\" content=\"Haarausfall Ursachen Das Finden von Haaren in Ihrer B\u00fcrste ist normal: Wenn eine Person jedoch ungew\u00f6hnlich viele Haare verliert, kann dies Anlass zur\" \/>\n<meta property=\"og:url\" content=\"https:\/\/arbuti.com\/cs\/priciny-vypadavani-vlasu\/\" \/>\n<meta property=\"og:site_name\" content=\"ARBUTI Hair Salon\" \/>\n<meta property=\"article:publisher\" content=\"https:\/\/www.facebook.com\/Arbutihairsalon\/\" \/>\n<meta property=\"article:published_time\" content=\"2021-03-08T13:51:11+00:00\" \/>\n<meta property=\"article:modified_time\" content=\"2024-04-18T06:51:30+00:00\" \/>\n<meta property=\"og:image\" content=\"https:\/\/arbuti.com\/wp-content\/uploads\/2021\/03\/Haarausfall-Ursachen.jpg\" \/>\n\t<meta property=\"og:image:width\" content=\"1000\" \/>\n\t<meta property=\"og:image:height\" content=\"778\" \/>\n\t<meta property=\"og:image:type\" content=\"image\/jpeg\" \/>\n<meta name=\"author\" content=\"admin\" \/>\n<meta name=\"twitter:card\" content=\"summary_large_image\" \/>\n<meta name=\"twitter:label1\" content=\"Napsal(a)\" \/>\n\t<meta name=\"twitter:data1\" content=\"admin\" \/>\n\t<meta name=\"twitter:label2\" content=\"Odhadovan\u00e1 doba \u010dten\u00ed\" \/>\n\t<meta name=\"twitter:data2\" content=\"5 minut\" \/>\n<script type=\"application\/ld+json\" class=\"yoast-schema-graph\">{\"@context\":\"https:\/\/schema.org\",\"@graph\":[{\"@type\":\"Article\",\"@id\":\"https:\/\/arbuti.com\/haarausfall-ursachen\/#article\",\"isPartOf\":{\"@id\":\"https:\/\/arbuti.com\/haarausfall-ursachen\/\"},\"author\":{\"name\":\"admin\",\"@id\":\"https:\/\/arbuti.com\/fr\/#\/schema\/person\/d85bbf7b442ca0f812c3aa0ed9eece8f\"},\"headline\":\"Haarausfall Ursachen\",\"datePublished\":\"2021-03-08T13:51:11+00:00\",\"dateModified\":\"2024-04-18T06:51:30+00:00\",\"mainEntityOfPage\":{\"@id\":\"https:\/\/arbuti.com\/haarausfall-ursachen\/\"},\"wordCount\":909,\"publisher\":{\"@id\":\"https:\/\/arbuti.com\/fr\/#organization\"},\"image\":{\"@id\":\"https:\/\/arbuti.com\/haarausfall-ursachen\/#primaryimage\"},\"thumbnailUrl\":\"https:\/\/arbuti.com\/wp-content\/uploads\/2021\/03\/Haarausfall-Ursachen.jpg\",\"articleSection\":[\"Haarausfall\"],\"inLanguage\":\"cs\"},{\"@type\":\"WebPage\",\"@id\":\"https:\/\/arbuti.com\/haarausfall-ursachen\/\",\"url\":\"https:\/\/arbuti.com\/haarausfall-ursachen\/\",\"name\":\"Haarausfall Ursachen: Was sind die Ursachen bei Frauen und M\u00e4nner?\",\"isPartOf\":{\"@id\":\"https:\/\/arbuti.com\/fr\/#website\"},\"primaryImageOfPage\":{\"@id\":\"https:\/\/arbuti.com\/haarausfall-ursachen\/#primaryimage\"},\"image\":{\"@id\":\"https:\/\/arbuti.com\/haarausfall-ursachen\/#primaryimage\"},\"thumbnailUrl\":\"https:\/\/arbuti.com\/wp-content\/uploads\/2021\/03\/Haarausfall-Ursachen.jpg\",\"datePublished\":\"2021-03-08T13:51:11+00:00\",\"dateModified\":\"2024-04-18T06:51:30+00:00\",\"description\":\"Haarausfall Ursachen bei Frau und Mann. Du stellst dir die Frage \\\"Warum fallen mir die Haare aus?\\\" Wir haben m\u00f6gliche Ursachen.\",\"breadcrumb\":{\"@id\":\"https:\/\/arbuti.com\/haarausfall-ursachen\/#breadcrumb\"},\"inLanguage\":\"cs\",\"potentialAction\":[{\"@type\":\"ReadAction\",\"target\":[\"https:\/\/arbuti.com\/haarausfall-ursachen\/\"]}]},{\"@type\":\"ImageObject\",\"inLanguage\":\"cs\",\"@id\":\"https:\/\/arbuti.com\/haarausfall-ursachen\/#primaryimage\",\"url\":\"https:\/\/arbuti.com\/wp-content\/uploads\/2021\/03\/Haarausfall-Ursachen.jpg\",\"contentUrl\":\"https:\/\/arbuti.com\/wp-content\/uploads\/2021\/03\/Haarausfall-Ursachen.jpg\",\"width\":1000,\"height\":778,\"caption\":\"Haarausfall-Ursachen\"},{\"@type\":\"BreadcrumbList\",\"@id\":\"https:\/\/arbuti.com\/haarausfall-ursachen\/#breadcrumb\",\"itemListElement\":[{\"@type\":\"ListItem\",\"position\":1,\"name\":\"ARBUTI\",\"item\":\"https:\/\/arbuti.com\/\"},{\"@type\":\"ListItem\",\"position\":2,\"name\":\"Haarausfall\",\"item\":\"https:\/\/arbuti.com\/fr\/categorie\/haarausfall\/\"},{\"@type\":\"ListItem\",\"position\":3,\"name\":\"Haarausfall Ursachen\"}]},{\"@type\":\"WebSite\",\"@id\":\"https:\/\/arbuti.com\/fr\/#website\",\"url\":\"https:\/\/arbuti.com\/fr\/\",\"name\":\"ARBUTI Hair Salon\",\"description\":\"Friseur M\u00fcnchen\",\"publisher\":{\"@id\":\"https:\/\/arbuti.com\/fr\/#organization\"},\"alternateName\":\"ARBUTI\",\"potentialAction\":[{\"@type\":\"SearchAction\",\"target\":{\"@type\":\"EntryPoint\",\"urlTemplate\":\"https:\/\/arbuti.com\/fr\/?s={search_term_string}\"},\"query-input\":{\"@type\":\"PropertyValueSpecification\",\"valueRequired\":true,\"valueName\":\"search_term_string\"}}],\"inLanguage\":\"cs\"},{\"@type\":\"Organization\",\"@id\":\"https:\/\/arbuti.com\/fr\/#organization\",\"name\":\"ARBUTI Hair Salon\",\"alternateName\":\"ARBUTI\",\"url\":\"https:\/\/arbuti.com\/fr\/\",\"logo\":{\"@type\":\"ImageObject\",\"inLanguage\":\"cs\",\"@id\":\"https:\/\/arbuti.com\/fr\/#\/schema\/logo\/image\/\",\"url\":\"https:\/\/arbuti.com\/wp-content\/uploads\/2020\/04\/cropped-Arbuti-Friseur-Muenchen.jpg\",\"contentUrl\":\"https:\/\/arbuti.com\/wp-content\/uploads\/2020\/04\/cropped-Arbuti-Friseur-Muenchen.jpg\",\"width\":512,\"height\":512,\"caption\":\"ARBUTI Hair Salon\"},\"image\":{\"@id\":\"https:\/\/arbuti.com\/fr\/#\/schema\/logo\/image\/\"},\"sameAs\":[\"https:\/\/www.facebook.com\/Arbutihairsalon\/\",\"https:\/\/www.instagram.com\/arbutihairsalon\/\",\"https:\/\/www.pinterest.de\/arbutihairsalon\/arbuti-hair-salon\/\"]},{\"@type\":\"Person\",\"@id\":\"https:\/\/arbuti.com\/fr\/#\/schema\/person\/d85bbf7b442ca0f812c3aa0ed9eece8f\",\"name\":\"admin\",\"image\":{\"@type\":\"ImageObject\",\"inLanguage\":\"cs\",\"@id\":\"https:\/\/arbuti.com\/fr\/#\/schema\/person\/image\/\",\"url\":\"https:\/\/secure.gravatar.com\/avatar\/a5ca7376327017715559ffb9b376df51?s=96&d=mm&r=g\",\"contentUrl\":\"https:\/\/secure.gravatar.com\/avatar\/a5ca7376327017715559ffb9b376df51?s=96&d=mm&r=g\",\"caption\":\"admin\"}}]}<\/script>\n<!-- \/ Yoast SEO Premium plugin. -->","yoast_head_json":{"title":"Haarausfall Ursachen: Was sind die Ursachen bei Frauen und M\u00e4nner?","description":"Haarausfall Ursachen bei Frau und Mann. Du stellst dir die Frage \"Warum fallen mir die Haare aus?\" Wir haben m\u00f6gliche Ursachen.","robots":{"index":"index","follow":"follow","max-snippet":"max-snippet:-1","max-image-preview":"max-image-preview:large","max-video-preview":"max-video-preview:-1"},"canonical":"https:\/\/arbuti.com\/cs\/priciny-vypadavani-vlasu\/","og_locale":"cs_CZ","og_type":"article","og_title":"Haarausfall Ursachen","og_description":"Haarausfall Ursachen Das Finden von Haaren in Ihrer B\u00fcrste ist normal: Wenn eine Person jedoch ungew\u00f6hnlich viele Haare verliert, kann dies Anlass zur","og_url":"https:\/\/arbuti.com\/cs\/priciny-vypadavani-vlasu\/","og_site_name":"ARBUTI Hair Salon","article_publisher":"https:\/\/www.facebook.com\/Arbutihairsalon\/","article_published_time":"2021-03-08T13:51:11+00:00","article_modified_time":"2024-04-18T06:51:30+00:00","og_image":[{"width":1000,"height":778,"url":"https:\/\/arbuti.com\/wp-content\/uploads\/2021\/03\/Haarausfall-Ursachen.jpg","type":"image\/jpeg"}],"author":"admin","twitter_card":"summary_large_image","twitter_misc":{"Napsal(a)":"admin","Odhadovan\u00e1 doba \u010dten\u00ed":"5 minut"},"schema":{"@context":"https:\/\/schema.org","@graph":[{"@type":"Article","@id":"https:\/\/arbuti.com\/haarausfall-ursachen\/#article","isPartOf":{"@id":"https:\/\/arbuti.com\/haarausfall-ursachen\/"},"author":{"name":"admin","@id":"https:\/\/arbuti.com\/fr\/#\/schema\/person\/d85bbf7b442ca0f812c3aa0ed9eece8f"},"headline":"Haarausfall Ursachen","datePublished":"2021-03-08T13:51:11+00:00","dateModified":"2024-04-18T06:51:30+00:00","mainEntityOfPage":{"@id":"https:\/\/arbuti.com\/haarausfall-ursachen\/"},"wordCount":909,"publisher":{"@id":"https:\/\/arbuti.com\/fr\/#organization"},"image":{"@id":"https:\/\/arbuti.com\/haarausfall-ursachen\/#primaryimage"},"thumbnailUrl":"https:\/\/arbuti.com\/wp-content\/uploads\/2021\/03\/Haarausfall-Ursachen.jpg","articleSection":["Haarausfall"],"inLanguage":"cs"},{"@type":"WebPage","@id":"https:\/\/arbuti.com\/haarausfall-ursachen\/","url":"https:\/\/arbuti.com\/haarausfall-ursachen\/","name":"Haarausfall Ursachen: Was sind die Ursachen bei Frauen und M\u00e4nner?","isPartOf":{"@id":"https:\/\/arbuti.com\/fr\/#website"},"primaryImageOfPage":{"@id":"https:\/\/arbuti.com\/haarausfall-ursachen\/#primaryimage"},"image":{"@id":"https:\/\/arbuti.com\/haarausfall-ursachen\/#primaryimage"},"thumbnailUrl":"https:\/\/arbuti.com\/wp-content\/uploads\/2021\/03\/Haarausfall-Ursachen.jpg","datePublished":"2021-03-08T13:51:11+00:00","dateModified":"2024-04-18T06:51:30+00:00","description":"Haarausfall Ursachen bei Frau und Mann. Du stellst dir die Frage \"Warum fallen mir die Haare aus?\" Wir haben m\u00f6gliche Ursachen.","breadcrumb":{"@id":"https:\/\/arbuti.com\/haarausfall-ursachen\/#breadcrumb"},"inLanguage":"cs","potentialAction":[{"@type":"ReadAction","target":["https:\/\/arbuti.com\/haarausfall-ursachen\/"]}]},{"@type":"ImageObject","inLanguage":"cs","@id":"https:\/\/arbuti.com\/haarausfall-ursachen\/#primaryimage","url":"https:\/\/arbuti.com\/wp-content\/uploads\/2021\/03\/Haarausfall-Ursachen.jpg","contentUrl":"https:\/\/arbuti.com\/wp-content\/uploads\/2021\/03\/Haarausfall-Ursachen.jpg","width":1000,"height":778,"caption":"Haarausfall-Ursachen"},{"@type":"BreadcrumbList","@id":"https:\/\/arbuti.com\/haarausfall-ursachen\/#breadcrumb","itemListElement":[{"@type":"ListItem","position":1,"name":"ARBUTI","item":"https:\/\/arbuti.com\/"},{"@type":"ListItem","position":2,"name":"Haarausfall","item":"https:\/\/arbuti.com\/fr\/categorie\/haarausfall\/"},{"@type":"ListItem","position":3,"name":"Haarausfall Ursachen"}]},{"@type":"WebSite","@id":"https:\/\/arbuti.com\/fr\/#website","url":"https:\/\/arbuti.com\/fr\/","name":"ARBUTI Hair Salon","description":"Friseur M\u00fcnchen","publisher":{"@id":"https:\/\/arbuti.com\/fr\/#organization"},"alternateName":"ARBUTI","potentialAction":[{"@type":"SearchAction","target":{"@type":"EntryPoint","urlTemplate":"https:\/\/arbuti.com\/fr\/?s={search_term_string}"},"query-input":{"@type":"PropertyValueSpecification","valueRequired":true,"valueName":"search_term_string"}}],"inLanguage":"cs"},{"@type":"Organization","@id":"https:\/\/arbuti.com\/fr\/#organization","name":"ARBUTI Hair Salon","alternateName":"ARBUTI","url":"https:\/\/arbuti.com\/fr\/","logo":{"@type":"ImageObject","inLanguage":"cs","@id":"https:\/\/arbuti.com\/fr\/#\/schema\/logo\/image\/","url":"https:\/\/arbuti.com\/wp-content\/uploads\/2020\/04\/cropped-Arbuti-Friseur-Muenchen.jpg","contentUrl":"https:\/\/arbuti.com\/wp-content\/uploads\/2020\/04\/cropped-Arbuti-Friseur-Muenchen.jpg","width":512,"height":512,"caption":"ARBUTI Hair Salon"},"image":{"@id":"https:\/\/arbuti.com\/fr\/#\/schema\/logo\/image\/"},"sameAs":["https:\/\/www.facebook.com\/Arbutihairsalon\/","https:\/\/www.instagram.com\/arbutihairsalon\/","https:\/\/www.pinterest.de\/arbutihairsalon\/arbuti-hair-salon\/"]},{"@type":"Person","@id":"https:\/\/arbuti.com\/fr\/#\/schema\/person\/d85bbf7b442ca0f812c3aa0ed9eece8f","name":"admin","image":{"@type":"ImageObject","inLanguage":"cs","@id":"https:\/\/arbuti.com\/fr\/#\/schema\/person\/image\/","url":"https:\/\/secure.gravatar.com\/avatar\/a5ca7376327017715559ffb9b376df51?s=96&d=mm&r=g","contentUrl":"https:\/\/secure.gravatar.com\/avatar\/a5ca7376327017715559ffb9b376df51?s=96&d=mm&r=g","caption":"admin"}}]}},"uagb_featured_image_src":{"full":["https:\/\/arbuti.com\/wp-content\/uploads\/2021\/03\/Haarausfall-Ursachen.jpg",1000,778,false],"thumbnail":["https:\/\/arbuti.com\/wp-content\/uploads\/2021\/03\/Haarausfall-Ursachen-150x150.jpg",150,150,true],"medium":["https:\/\/arbuti.com\/wp-content\/uploads\/2021\/03\/Haarausfall-Ursachen-300x233.jpg",300,233,true],"medium_large":["https:\/\/arbuti.com\/wp-content\/uploads\/2021\/03\/Haarausfall-Ursachen-768x598.jpg",768,598,true],"large":["https:\/\/arbuti.com\/wp-content\/uploads\/2021\/03\/Haarausfall-Ursachen.jpg",1000,778,false],"1536x1536":["https:\/\/arbuti.com\/wp-content\/uploads\/2021\/03\/Haarausfall-Ursachen.jpg",1000,778,false],"2048x2048":["https:\/\/arbuti.com\/wp-content\/uploads\/2021\/03\/Haarausfall-Ursachen.jpg",1000,778,false],"trp-custom-language-flag":["https:\/\/arbuti.com\/wp-content\/uploads\/2021\/03\/Haarausfall-Ursachen.jpg",15,12,false],"wp_review_large":["https:\/\/arbuti.com\/wp-content\/uploads\/2021\/03\/Haarausfall-Ursachen-320x200.jpg",320,200,true],"wp_review_small":["https:\/\/arbuti.com\/wp-content\/uploads\/2021\/03\/Haarausfall-Ursachen-65x65.jpg",65,65,true]},"uagb_author_info":{"display_name":"admin","author_link":"https:\/\/arbuti.com\/cs\/author\/admin\/"},"uagb_comment_info":0,"uagb_excerpt":"Haarausfall Ursachen Das Finden von Haaren in Ihrer B\u00fcrste ist normal: Wenn eine Person jedoch ungew\u00f6hnlich viele Haare verliert, kann [&hellip;]","_links":{"self":[{"href":"https:\/\/arbuti.com\/cs\/wp-json\/wp\/v2\/posts\/8004","targetHints":{"allow":["GET"]}}],"collection":[{"href":"https:\/\/arbuti.com\/cs\/wp-json\/wp\/v2\/posts"}],"about":[{"href":"https:\/\/arbuti.com\/cs\/wp-json\/wp\/v2\/types\/post"}],"author":[{"embeddable":true,"href":"https:\/\/arbuti.com\/cs\/wp-json\/wp\/v2\/users\/1"}],"replies":[{"embeddable":true,"href":"https:\/\/arbuti.com\/cs\/wp-json\/wp\/v2\/comments?post=8004"}],"version-history":[{"count":10,"href":"https:\/\/arbuti.com\/cs\/wp-json\/wp\/v2\/posts\/8004\/revisions"}],"predecessor-version":[{"id":13716,"href":"https:\/\/arbuti.com\/cs\/wp-json\/wp\/v2\/posts\/8004\/revisions\/13716"}],"wp:featuredmedia":[{"embeddable":true,"href":"https:\/\/arbuti.com\/cs\/wp-json\/wp\/v2\/media\/8005"}],"wp:attachment":[{"href":"https:\/\/arbuti.com\/cs\/wp-json\/wp\/v2\/media?parent=8004"}],"wp:term":[{"taxonomy":"category","embeddable":true,"href":"https:\/\/arbuti.com\/cs\/wp-json\/wp\/v2\/categories?post=8004"},{"taxonomy":"post_tag","embeddable":true,"href":"https:\/\/arbuti.com\/cs\/wp-json\/wp\/v2\/tags?post=8004"}],"curies":[{"name":"wp","href":"https:\/\/api.w.org\/{rel}","templated":true}]}}