{"id":7145,"date":"2021-02-07T14:28:12","date_gmt":"2021-02-07T14:28:12","guid":{"rendered":"https:\/\/arbuti.com\/?p=7145"},"modified":"2023-01-17T12:09:08","modified_gmt":"2023-01-17T12:09:08","slug":"gesuendere-vollere-haare","status":"publish","type":"post","link":"https:\/\/arbuti.com\/cs\/zdravejsi-plnejsi-vlasy\/","title":{"rendered":"Tipy pro zdrav\u011bj\u0161\u00ed a pln\u011bj\u0161\u00ed vlasy"},"content":{"rendered":"<h1 class=\"has-text-align-center wp-block-heading\" id=\"h-9-tipps-f-r-ges-ndere-vollere-haare\">9 tip\u016f pro zdrav\u011bj\u0161\u00ed a pln\u011bj\u0161\u00ed vlasy<\/h1>\n\n\n\n<p>Kl\u00ed\u010dovou roli hraje genetika, ale tak\u00e9 va\u0161e strava, po\u010das\u00ed, zne\u010di\u0161t\u011bn\u00ed a v\u00e1\u0161 celkov\u00fd p\u0159\u00edstup k \u017eivotu. <a href=\"https:\/\/arbuti.com\/cs\/produkty-pro-peci-o-vlasy\/\">P\u00e9\u010de o vlasy<\/a> z\u00e1sadn\u00ed pro udr\u017een\u00ed va\u0161\u00ed sl\u00e1vy. Zjist\u011bte, jak zdrav\u00e1 strava a spr\u00e1vn\u00e1 p\u00e9\u010de mohou udr\u017eet va\u0161i h\u0159\u00edvu nad ostatn\u00edmi.<\/p>\n\n\n\n\n\n\n<figure class=\"wp-block-image aligncenter size-large is-resized\"><img loading=\"lazy\" decoding=\"async\" src=\"https:\/\/arbuti.com\/wp-content\/uploads\/2021\/02\/gesuendere-vollere-Haare.jpg\" alt=\"zdrav\u011bj\u0161\u00ed-pln\u011bj\u0161\u00ed-vlasy\" class=\"wp-image-7146\" width=\"617\" height=\"480\" srcset=\"https:\/\/arbuti.com\/wp-content\/uploads\/2021\/02\/gesuendere-vollere-Haare.jpg 1000w, https:\/\/arbuti.com\/wp-content\/uploads\/2021\/02\/gesuendere-vollere-Haare-300x233.jpg 300w, https:\/\/arbuti.com\/wp-content\/uploads\/2021\/02\/gesuendere-vollere-Haare-768x598.jpg 768w, https:\/\/arbuti.com\/wp-content\/uploads\/2021\/02\/gesuendere-vollere-Haare-200x156.jpg 200w, https:\/\/arbuti.com\/wp-content\/uploads\/2021\/02\/gesuendere-vollere-Haare-400x311.jpg 400w, https:\/\/arbuti.com\/wp-content\/uploads\/2021\/02\/gesuendere-vollere-Haare-600x467.jpg 600w, https:\/\/arbuti.com\/wp-content\/uploads\/2021\/02\/gesuendere-vollere-Haare-800x622.jpg 800w\" sizes=\"auto, (max-width: 617px) 100vw, 617px\" \/><\/figure>\n\n\n\n<h2 class=\"wp-block-heading\">1. zv\u00fd\u0161it mno\u017estv\u00ed b\u00edlkovin<\/h2>\n\n\n\n<p>Vyv\u00e1\u017een\u00e1 strava je d\u016fle\u017eit\u00fdm faktorem pro zdrav\u00ed vlas\u016f a vlasov\u00e9 poko\u017eky. Vlasy se skl\u00e1daj\u00ed p\u0159ev\u00e1\u017en\u011b z b\u00edlkovin. Denn\u011b proto sn\u011bzte alespo\u0148 45 gram\u016f b\u00edlkovin. Dobr\u00fdmi zdroji jsou:<\/p>\n\n\n\n<ul class=\"wp-block-list\">\n<li>libov\u00e9 maso<\/li>\n\n\n\n<li>Dr\u016fbe\u017e<\/li>\n\n\n\n<li>Ryby<\/li>\n\n\n\n<li>Fazole<\/li>\n\n\n\n<li>n\u00edzkotu\u010dn\u00e9 ml\u00e9\u010dn\u00e9 v\u00fdrobky<\/li>\n\n\n\n<li>Vejce<\/li>\n<\/ul>\n\n\n\n<p>Strava s nedostatkem b\u00edlkovin m\u016f\u017ee v\u00e9st ke slab\u00fdm a l\u00e1mav\u00fdm vlas\u016fm, ztr\u00e1t\u011b barvy vlas\u016f i k jejich vypad\u00e1v\u00e1n\u00ed.<\/p>\n\n\n\n<h2 class=\"wp-block-heading\">2. v\u00fd\u0161e uveden\u00fd zinek<\/h2>\n\n\n\n<p>Nedostatek zinku m\u016f\u017ee v\u00e9st k Vypad\u00e1v\u00e1n\u00ed Vlas\u016f. Za\u0159a\u010fte do sv\u00e9ho j\u00eddeln\u00ed\u010dku o\u0159echy, jako jsou para o\u0159echy, vla\u0161sk\u00e9 o\u0159echy, pekanov\u00e9 o\u0159echy, ke\u0161u o\u0159echy a mandle, abyste zv\u00fd\u0161ili <a href=\"https:\/\/arbuti.com\/cs\/sampon-proti-lupum\/\">Bouda<\/a> bojovat.<\/p>\n\n\n\n<p>Jezte a pijte v hojn\u00e9m mno\u017estv\u00ed:<\/p>\n\n\n\n<ul class=\"wp-block-list\">\n<li>Zelenina<\/li>\n\n\n\n<li>Ovoce<\/li>\n\n\n\n<li>zelen\u00e9 listov\u00e9 sal\u00e1ty<\/li>\n\n\n\n<li>hodn\u011b \u010dist\u00e9, filtrovan\u00e9 vody<\/li>\n<\/ul>\n\n\n\n<p>V p\u0159\u00edpad\u011b pot\u0159eby m\u016f\u017ee va\u0161i stravu vylep\u0161it multivitam\u00edn nebo dopln\u011bk zinku.<\/p>\n\n\n\n<h2 class=\"wp-block-heading\">3. omega pro kr\u00e1sn\u011bj\u0161\u00ed vlasy<\/h2>\n\n\n\n<p>Zv\u00fd\u0161en\u00ed p\u0159\u00edjmu omega-3 mastn\u00fdch kyselin m\u016f\u017ee zv\u00fd\u0161it v\u00e1\u0161 krevn\u00ed tlak. <a href=\"https:\/\/arbuti.com\/cs\/vlasovy-folikul\/\">Vlasov\u00fd Folikul<\/a> a stimuluj\u00ed mazov\u00e9 \u017el\u00e1zy. To sice nezp\u016fsob\u00ed R\u016fst Vlas\u016f, ale m\u016f\u017ee to zlep\u0161it zdrav\u00ed poko\u017eky hlavy.<\/p>\n\n\n\n<p>Omega-3 mastn\u00e9 kyseliny se nach\u00e1zej\u00ed ve studenovodn\u00edch ryb\u00e1ch, jako je losos, sardinky a sle\u010f. Dal\u0161\u00ed dobr\u00e9 zdroje jsou:<\/p>\n\n\n\n<ul class=\"wp-block-list\">\n<li>Ln\u011bn\u00e9 sem\u00ednko<\/li>\n\n\n\n<li>Jogurt<\/li>\n\n\n\n<li>Tvaroh<\/li>\n\n\n\n<li>Sal\u00e1t<\/li>\n\n\n\n<li>M\u00fcsli<\/li>\n<\/ul>\n\n\n\n<h2 class=\"wp-block-heading\">4. poznejte sv\u00e9 vlasy<\/h2>\n\n\n\n<p>N\u00e1zory na to, jak \u010dasto je t\u0159eba vlasy m\u00fdt \u0161amponem, se r\u016fzn\u00ed. V\u0161e z\u00e1le\u017e\u00ed na osobn\u00edch preferenc\u00edch a individu\u00e1ln\u00edch pot\u0159eb\u00e1ch, kter\u00e9 z\u00e1vis\u00ed na:<\/p>\n\n\n\n<ul class=\"wp-block-list\">\n<li>Typ a struktura va\u0161ich vlas\u016f<\/li>\n\n\n\n<li>Jak \u010dasto pou\u017e\u00edv\u00e1te p\u0159\u00edpravky na vlasy<\/li>\n\n\n\n<li>\u00darove\u0148 va\u0161\u00ed aktivity<\/li>\n<\/ul>\n\n\n\n<p>Nap\u0159\u00edklad lid\u00e9 s mastn\u00fdmi vlasy mohou pot\u0159ebovat \u0161ampon ka\u017ed\u00fd den, zat\u00edmco lid\u00e9 se such\u00fdmi vlasy mohou pot\u0159ebovat \u0161ampon m\u00e9n\u011b \u010dasto.<\/p>\n\n\n\n<h2 class=\"wp-block-heading\">5. vyberte si spr\u00e1vn\u00fd \u0161ampon<\/h2>\n\n\n\n<p>Pou\u017e\u00edv\u00e1n\u00ed nespr\u00e1vn\u00e9ho \u0161amponu a stylingu m\u016f\u017ee zp\u016fsobit zna\u010dn\u00e9 po\u0161kozen\u00ed vlas\u016f. Hledejte produkty, kter\u00e9 jsou vhodn\u00e9 pro v\u00e1\u0161 typ vlas\u016f - mastn\u00e9 , norm\u00e1ln\u00ed nebo such\u00e9 - a zam\u011b\u0159uj\u00ed se na va\u0161e probl\u00e9my, jako jsou lupy .<\/p>\n\n\n\n<p>Pro rychl\u00fd efekt m\u016f\u017eete tak\u00e9 <a href=\"https:\/\/arbuti.com\/cs\/obnovovac-vlasu\/\">Produkty pro R\u016fst Vlas\u016f<\/a> pou\u017eit\u00ed, tyto stimuluj\u00ed <a href=\"https:\/\/arbuti.com\/cs\/obnovovac-vlasu\/\">r\u016fst vlas\u016f<\/a> a vy\u017eivovat <a href=\"https:\/\/arbuti.com\/cs\/vlasovy-folikul\/\">Vlasov\u00fd folikul<\/a>.<\/p>\n\n\n\n<p>Vyhn\u011bte se \u0161ampon\u016fm s drsn\u00fdmi slo\u017ekami, jako je lauryls\u00edran amonn\u00fd nebo lauryls\u00edran sodn\u00fd. A nezapome\u0148te, \u017ee kvalita nen\u00ed d\u00e1na cenou. <a href=\"https:\/\/arbuti.com\/cs\/produkty-pro-upravu-vlasu\/\">Produkty pro \u00fapravu vlas\u016f<\/a> nebo <a href=\"https:\/\/arbuti.com\/cs\/produkty-pro-peci-o-vlasy\/\">Produkty pro p\u00e9\u010di o vlasy<\/a> ale ingredience.<\/p>\n\n\n\n<h2 class=\"wp-block-heading\">6. kondicion\u00e9r<\/h2>\n\n\n\n<p>Po umyt\u00ed se <a href=\"https:\/\/arbuti.com\/cs\/kondicioner\/\">Kondicion\u00e9r<\/a> pro vlasy je d\u016fle\u017eit\u00fdm krokem k tomu, aby va\u0161e vlasy byly jemn\u00e9, leskl\u00e9 a poddajn\u00e9. M\u016f\u017eete si vybrat samostatn\u00fd kondicion\u00e9r nebo \u0161ampon s dopl\u0148kov\u00fdm kondicion\u00e9rem.<\/p>\n\n\n\n<p>Pro rovnom\u011brn\u00e9 rozet\u0159en\u00ed kondicion\u00e9ru jej pro\u010de\u0161te. P\u0159ed opl\u00e1chnut\u00edm ji nechte ve vlasech dv\u011b a\u017e t\u0159i minuty.<\/p>\n\n\n\n<p>Stejn\u011b jako p\u0159i myt\u00ed vlas\u016f nemus\u00ed ka\u017ed\u00fd pou\u017e\u00edvat kondicion\u00e9r p\u0159i ka\u017ed\u00e9m myt\u00ed vlas\u016f. Experimentujte a zjist\u011bte, co v\u00e1m nejl\u00e9pe vyhovuje.<\/p>\n\n\n\n<h2 class=\"wp-block-heading\">7. smyjte a nat\u0159ete \u0161t\u011btcem<\/h2>\n\n\n\n<p>Odborn\u00edci nazna\u010duj\u00ed, \u017ee mnoho lid\u00ed \u0161amponuje nebo \u0161amponuje nespr\u00e1vn\u011b. Standardn\u00ed pravidla jsou n\u00e1sleduj\u00edc\u00ed:<\/p>\n\n\n\n<ul class=\"wp-block-list\">\n<li>Nemyjte si vlasy \u010dast\u011bji ne\u017e jednou denn\u011b.<\/li>\n\n\n\n<li>Pou\u017eijte pouze tolik p\u0159\u00edpravku, aby pokryl va\u0161e vlasy.<\/li>\n\n\n\n<li>Vyhn\u011bte se velmi hork\u00e9 nebo velmi studen\u00e9 vod\u011b.<\/li>\n<\/ul>\n\n\n\n<p>S mokr\u00fdmi vlasy zach\u00e1zejte \u0161etrn\u011b - jsou t\u0159ikr\u00e1t n\u00e1chyln\u011bj\u0161\u00ed k l\u00e1m\u00e1n\u00ed. Mokr\u00e9 vlasy p\u0159\u00edli\u0161 net\u0159ete ru\u010dn\u00edkem. K roz\u010des\u00e1v\u00e1n\u00ed pou\u017e\u00edvejte h\u0159eben se \u0161irok\u00fdmi zuby, ale mokr\u00e9 vlasy p\u0159\u00edli\u0161 neroz\u010des\u00e1vejte ani nekart\u00e1\u010dujte.<\/p>\n\n\n\n<h2 class=\"wp-block-heading\">8. tipy pro p\u00e9\u010di o vlasy<\/h2>\n\n\n\n<p>Postupujte podle t\u011bchto tip\u016f pro zdrav\u00e9 vlasy:<\/p>\n\n\n\n<ul class=\"wp-block-list\">\n<li>Za\u010dn\u011bte s <a href=\"https:\/\/arbuti.com\/cs\/foehn\/\">F\u00e9nov\u00e1n\u00ed<\/a> s nejni\u017e\u0161\u00edm stupn\u011bm oh\u0159evu a podle pot\u0159eby postupn\u011b zvy\u0161ujte teplotu.<\/li>\n\n\n\n<li>Kdykoli je to mo\u017en\u00e9, nechte vlasy uschnout na vzduchu.<\/li>\n\n\n\n<li>Zm\u011b\u0148te polohu um\u00edst\u011bn\u00ed kol\u00edk\u016f a sponek tak, aby nedo\u0161lo k lok\u00e1ln\u00edmu p\u0159eru\u0161en\u00ed.<\/li>\n\n\n\n<li>P\u0159i barven\u00ed vlas\u016f zvolte odst\u00edn, kter\u00fd je v rozmez\u00ed t\u0159\u00ed odst\u00edn\u016f va\u0161\u00ed p\u0159irozen\u00e9 barvy.<\/li>\n\n\n\n<li>\u010casto mas\u00edrujte poko\u017eku hlavy, abyste podpo\u0159ili R\u016fst Vlas\u016f a zv\u00fd\u0161ili jejich prokrven\u00ed.<\/li>\n\n\n\n<li>Pravideln\u011b se nech\u00e1vejte st\u0159\u00edhat - ka\u017ed\u00fdch 10 a\u017e 12 t\u00fddn\u016f - abyste udr\u017eeli vlasy zdrav\u00e9 a zabr\u00e1nili rozt\u0159epen\u00fdm kone\u010dk\u016fm.<\/li>\n<\/ul>\n\n\n\n<h2 class=\"wp-block-heading\">9. vyst\u0159ihnout<\/h2>\n\n\n\n<p>Tvrd\u00fd \u0161ampon, o\u0161et\u0159en\u00ed vlas\u016f, <a href=\"https:\/\/arbuti.com\/cs\/produkty-pro-upravu-vlasu\/\">Produkty pro \u00fapravu vlas\u016f<\/a> a nadm\u011brn\u00e9 kart\u00e1\u010dov\u00e1n\u00ed kart\u00e1\u010di na vlasy nejv\u00edce p\u0159isp\u00edvaj\u00ed ke \u0161patn\u00e9mu stavu vlas\u016f. Dal\u0161\u00edmi vin\u00edky jsou v\u0161ak:<\/p>\n\n\n\n<ul class=\"wp-block-list\">\n<li>Nadm\u011brn\u00e1 konzumace alkoholu<\/li>\n\n\n\n<li>N\u00edzkokalorick\u00e9 a n\u00e1razov\u00e9 diety<\/li>\n\n\n\n<li>Sn\u00ed\u017een\u00e1 hladina hormon\u016f \u0161t\u00edtn\u00e9 \u017el\u00e1zy<\/li>\n\n\n\n<li>nadm\u011brn\u00e9 <a href=\"https:\/\/arbuti.com\/cs\/stres-z-vypadavani-vlasu\/\">Stres<\/a><\/li>\n\n\n\n<li>\u0158edidlo krve<\/li>\n\n\n\n<li>N\u011bkter\u00e9 l\u00e9ky na p\u0159edpis na srde\u010dn\u00ed pot\u00ed\u017ee, depresi, vysok\u00fd krevn\u00ed tlak a artritidu.<\/li>\n<\/ul>\n\n\n\n<div style=\"height:35px\" aria-hidden=\"true\" class=\"wp-block-spacer\"><\/div>\n\n\n\n<h2 class=\"wp-block-heading\" id=\"h-faq-fragen-und-antworten\">FAQ: Ot\u00e1zky a odpov\u011bdi<\/h2>\n\n\n\t\t<section\t\tclass=\"sc_fs_faq sc_card\"\n\t\t\t\t>\n\t\t\t\t<h3>Jak\u00fd je nejlep\u0161\u00ed \u00fa\u010des pro jemn\u00e9 \u0159\u00eddk\u00e9 vlasy?<\/h3>\t\t\t\t<div>\n\t\t\t\t\t\t<div class=\"sc_fs_faq__content\">\n\t\t\t\t\n\n<p>Jednodlouh\u00fd tup\u00fd bob s hust\u00fdmi t\u0159\u00e1sn\u011bmi nebo bez nich. Elegantn\u00ed tup\u00fd bob nebo lob je jedn\u00edm z nejlep\u0161\u00edch a nejstrategi\u010dt\u011bj\u0161\u00edch \u00fa\u010des\u016f pro osoby s \u0159\u00eddk\u00fdmi nebo jemn\u00fdmi vlasy. Op\u011bt v\u0161ak m\u00e1te ur\u010ditou flexibilitu, pokud jde o d\u00e9lku, a Maldonado doporu\u010duje hladk\u00fd, rovn\u00fd st\u0159ih na brad\u011b, krku nebo dokonce kl\u00ed\u010dn\u00ed kosti.<\/p>\n\n\t\t\t<\/div>\n\t\t<\/div>\n\t\t<\/section>\n\t\t\t\t<section\t\tclass=\"sc_fs_faq sc_card\"\n\t\t\t\t>\n\t\t\t\t<h3>Pro\u010d m\u00e1m tak \u0159\u00eddk\u00e9 vlasy?<\/h3>\t\t\t\t<div>\n\t\t\t\t\t\t<div class=\"sc_fs_faq__content\">\n\t\t\t\t\n\n<p>Vypad\u00e1v\u00e1n\u00ed vlas\u016f m\u016f\u017ee b\u00fdt zp\u016fsobeno mnoha faktory, v\u010detn\u011b gen\u016f, stravy, stresu a nemoc\u00ed, \u0159\u00edk\u00e1 Lisa Salmon. Vypad\u00e1v\u00e1n\u00ed vlas\u016f nen\u00ed jen probl\u00e9mem mu\u017e\u016f. I \u017eeny p\u0159ich\u00e1zej\u00ed o vlasy, a i kdy\u017e je to \u010dasto v mnohem men\u0161\u00ed m\u00ed\u0159e, m\u016f\u017ee to b\u00fdt stejn\u011b stresuj\u00edc\u00ed.<\/p>\n\n\t\t\t<\/div>\n\t\t<\/div>\n\t\t<\/section>\n\t\t\t\t<section\t\tclass=\"sc_fs_faq sc_card\"\n\t\t\t\t>\n\t\t\t\t<h3>Je pro jemn\u00e9 vlasy lep\u0161\u00ed kr\u00e9m nebo gel na vlasy?<\/h3>\t\t\t\t<div>\n\t\t\t\t\t\t<div class=\"sc_fs_faq__content\">\n\t\t\t\t\n\n<p>Jedn\u00e1 se o techniku nebo aplikaci produktu, pokud jde o <a href=\"https:\/\/arbuti.com\/cs\/krem-na-vlasy\/\">Kr\u00e9m na vlasy<\/a> proti <a href=\"https:\/\/arbuti.com\/cs\/gel-na-vlasy\/\">Gel na vlasy<\/a> to je rozd\u00edl. Pokud jde o tenk\u00e9 vlasy nebo vlasy typu 3a, m\u016f\u017ee b\u00fdt lep\u0161\u00ed volbou kr\u00e9m. Je lehk\u00fd a dok\u00e1\u017ee va\u0161im vlas\u016fm dodat pot\u0159ebnou tvarovac\u00ed schopnost, aby se staly vlnit\u00fdmi nebo kudrnat\u00fdmi.<\/p>\n\n\t\t\t<\/div>\n\t\t<\/div>\n\t\t<\/section>\n\t\t\n<script type=\"application\/ld+json\">{\n    \"@context\": \"https:\\\/\\\/schema.org\",\n    \"@type\": \"FAQPage\",\n    \"mainEntity\": [\n        {\n            \"@type\": \"Question\",\n            \"name\": \"Was ist der beste Haarschnitt f\\u00fcr feines d\\u00fcnnes Haar?\",\n            \"acceptedAnswer\": {\n                \"@type\": \"Answer\",\n                \"text\": \"<p>One-Length Blunt Bob, mit oder ohne dicken Pony. Ein schicker stumpfer Bob oder Lob ist einer der besten und strategischsten Haarschnitte f\\u00fcr diejenigen mit d\\u00fcnnem oder feinem Haar. Aber auch hier haben Sie eine gewisse Flexibilit\\u00e4t in Bezug auf die L\\u00e4nge, und Maldonado empfiehlt einen glatten, geraden Schnitt am Kinn, am Hals oder sogar am Schl\\u00fcsselbein.<\\\/p>\"\n            }\n        },\n        {\n            \"@type\": \"Question\",\n            \"name\": \"Warum sind meine Haare so d\\u00fcnn?\",\n            \"acceptedAnswer\": {\n                \"@type\": \"Answer\",\n                \"text\": \"<p>Haarausfall kann durch viele Faktoren verursacht werden, darunter Gene, Ern\\u00e4hrung, Stress und Krankheit, sagt Lisa Salmon. Haarausfall ist nicht nur ein Problem, unter dem M\\u00e4nner leiden. Frauen verlieren auch ihre Haare, und obwohl dies oft in viel geringerem Ma\\u00dfe der Fall ist, kann es genauso belastend sein, damit umzugehen.<\\\/p>\"\n            }\n        },\n        {\n            \"@type\": \"Question\",\n            \"name\": \"Ist eine Haarecreme oder Haargel besser f\\u00fcr feines Haar?\",\n            \"acceptedAnswer\": {\n                \"@type\": \"Answer\",\n                \"text\": \"<p>Es ist die Technik oder Anwendung des Produkts, wenn es um Haarcreme gegen Haargel geht, die den Unterschied macht. Wenn es um d\\u00fcnnes oder Typ 3a Haar geht, ist eine Creme m\\u00f6glicherweise die bessere Option. Es ist leicht und kann Ihrem Haar die zus\\u00e4tzliche Formungsf\\u00e4higkeit verleihen, die es ben\\u00f6tigt, um entweder wellig oder lockig zu werden.<\\\/p>\"\n            }\n        }\n    ]\n}<\/script>","protected":false},"excerpt":{"rendered":"<p>9 Tipps f\u00fcr ges\u00fcndere, vollere Haare W\u00e4hrend die Genetik eine Schl\u00fcsselrolle spielt, sind Ihre Ern\u00e4hrung, das Wetter, die Umweltverschmutzung und [&hellip;]<\/p>","protected":false},"author":1,"featured_media":7146,"comment_status":"closed","ping_status":"open","sticky":false,"template":"","format":"standard","meta":{"ub_ctt_via":"","_uag_custom_page_level_css":"","site-sidebar-layout":"default","site-content-layout":"default","ast-site-content-layout":"","site-content-style":"default","site-sidebar-style":"default","ast-global-header-display":"","ast-banner-title-visibility":"","ast-main-header-display":"","ast-hfb-above-header-display":"","ast-hfb-below-header-display":"","ast-hfb-mobile-header-display":"","site-post-title":"","ast-breadcrumbs-content":"","ast-featured-img":"","footer-sml-layout":"","theme-transparent-header-meta":"default","adv-header-id-meta":"","stick-header-meta":"default","header-above-stick-meta":"","header-main-stick-meta":"","header-below-stick-meta":"","astra-migrate-meta-layouts":"default","ast-page-background-enabled":"default","ast-page-background-meta":{"desktop":{"background-color":"","background-image":"","background-repeat":"repeat","background-position":"center center","background-size":"auto","background-attachment":"scroll","background-type":"","background-media":"","overlay-type":"","overlay-color":"","overlay-opacity":"","overlay-gradient":""},"tablet":{"background-color":"","background-image":"","background-repeat":"repeat","background-position":"center center","background-size":"auto","background-attachment":"scroll","background-type":"","background-media":"","overlay-type":"","overlay-color":"","overlay-opacity":"","overlay-gradient":""},"mobile":{"background-color":"","background-image":"","background-repeat":"repeat","background-position":"center center","background-size":"auto","background-attachment":"scroll","background-type":"","background-media":"","overlay-type":"","overlay-color":"","overlay-opacity":"","overlay-gradient":""}},"ast-content-background-meta":{"desktop":{"background-color":"var(--ast-global-color-5)","background-image":"","background-repeat":"repeat","background-position":"center center","background-size":"auto","background-attachment":"scroll","background-type":"","background-media":"","overlay-type":"","overlay-color":"","overlay-opacity":"","overlay-gradient":""},"tablet":{"background-color":"var(--ast-global-color-5)","background-image":"","background-repeat":"repeat","background-position":"center center","background-size":"auto","background-attachment":"scroll","background-type":"","background-media":"","overlay-type":"","overlay-color":"","overlay-opacity":"","overlay-gradient":""},"mobile":{"background-color":"var(--ast-global-color-5)","background-image":"","background-repeat":"repeat","background-position":"center center","background-size":"auto","background-attachment":"scroll","background-type":"","background-media":"","overlay-type":"","overlay-color":"","overlay-opacity":"","overlay-gradient":""}},"footnotes":""},"categories":[6329,6322],"tags":[],"class_list":["post-7145","post","type-post","status-publish","format-standard","has-post-thumbnail","hentry","category-haarausfall","category-haarstyling"],"featured_image_src":"https:\/\/arbuti.com\/wp-content\/uploads\/2021\/02\/gesuendere-vollere-Haare.jpg","author_info":{"display_name":"admin","author_link":"https:\/\/arbuti.com\/cs\/author\/admin\/"},"yoast_head":"<!-- This site is optimized with the Yoast SEO Premium plugin v25.3 (Yoast SEO v25.3) - https:\/\/yoast.com\/wordpress\/plugins\/seo\/ -->\n<title>9 Tipps f\u00fcr ges\u00fcndere, vollere Haare: Besten Tricks f\u00fcr gesunde Haare!<\/title>\n<meta name=\"description\" content=\"Wie kriege ich ges\u00fcndere und vollere Haare? Wir haben die 9 besten Tricks f\u00fcr gesunde und volle Haare. Ern\u00e4hrung bis Stylinprodukte.\" \/>\n<meta name=\"robots\" content=\"index, follow, max-snippet:-1, max-image-preview:large, max-video-preview:-1\" \/>\n<link rel=\"canonical\" href=\"https:\/\/arbuti.com\/cs\/zdravejsi-plnejsi-vlasy\/\" \/>\n<meta property=\"og:locale\" content=\"cs_CZ\" \/>\n<meta property=\"og:type\" content=\"article\" \/>\n<meta property=\"og:title\" content=\"Tipps f\u00fcr ges\u00fcndere, vollere Haare\" \/>\n<meta property=\"og:description\" content=\"9 Tipps f\u00fcr ges\u00fcndere, vollere Haare W\u00e4hrend die Genetik eine Schl\u00fcsselrolle spielt, sind Ihre Ern\u00e4hrung, das Wetter, die Umweltverschmutzung und Ihr\" \/>\n<meta property=\"og:url\" content=\"https:\/\/arbuti.com\/cs\/zdravejsi-plnejsi-vlasy\/\" \/>\n<meta property=\"og:site_name\" content=\"ARBUTI Hair Salon\" \/>\n<meta property=\"article:publisher\" content=\"https:\/\/www.facebook.com\/Arbutihairsalon\/\" \/>\n<meta property=\"article:published_time\" content=\"2021-02-07T14:28:12+00:00\" \/>\n<meta property=\"article:modified_time\" content=\"2023-01-17T12:09:08+00:00\" \/>\n<meta property=\"og:image\" content=\"https:\/\/arbuti.com\/wp-content\/uploads\/2021\/02\/gesuendere-vollere-Haare.jpg\" \/>\n\t<meta property=\"og:image:width\" content=\"1000\" \/>\n\t<meta property=\"og:image:height\" content=\"778\" \/>\n\t<meta property=\"og:image:type\" content=\"image\/jpeg\" \/>\n<meta name=\"author\" content=\"admin\" \/>\n<meta name=\"twitter:card\" content=\"summary_large_image\" \/>\n<meta name=\"twitter:label1\" content=\"Napsal(a)\" \/>\n\t<meta name=\"twitter:data1\" content=\"admin\" \/>\n\t<meta name=\"twitter:label2\" content=\"Odhadovan\u00e1 doba \u010dten\u00ed\" \/>\n\t<meta name=\"twitter:data2\" content=\"5 minut\" \/>\n<script type=\"application\/ld+json\" class=\"yoast-schema-graph\">{\"@context\":\"https:\/\/schema.org\",\"@graph\":[{\"@type\":\"Article\",\"@id\":\"https:\/\/arbuti.com\/gesuendere-vollere-haare\/#article\",\"isPartOf\":{\"@id\":\"https:\/\/arbuti.com\/gesuendere-vollere-haare\/\"},\"author\":{\"name\":\"admin\",\"@id\":\"https:\/\/arbuti.com\/fr\/#\/schema\/person\/d85bbf7b442ca0f812c3aa0ed9eece8f\"},\"headline\":\"Tipps f\u00fcr ges\u00fcndere, vollere Haare\",\"datePublished\":\"2021-02-07T14:28:12+00:00\",\"dateModified\":\"2023-01-17T12:09:08+00:00\",\"mainEntityOfPage\":{\"@id\":\"https:\/\/arbuti.com\/gesuendere-vollere-haare\/\"},\"wordCount\":1008,\"publisher\":{\"@id\":\"https:\/\/arbuti.com\/fr\/#organization\"},\"image\":{\"@id\":\"https:\/\/arbuti.com\/gesuendere-vollere-haare\/#primaryimage\"},\"thumbnailUrl\":\"https:\/\/arbuti.com\/wp-content\/uploads\/2021\/02\/gesuendere-vollere-Haare.jpg\",\"articleSection\":[\"Haarausfall\",\"Haarstyling\"],\"inLanguage\":\"cs\"},{\"@type\":\"WebPage\",\"@id\":\"https:\/\/arbuti.com\/gesuendere-vollere-haare\/\",\"url\":\"https:\/\/arbuti.com\/gesuendere-vollere-haare\/\",\"name\":\"9 Tipps f\u00fcr ges\u00fcndere, vollere Haare: Besten Tricks f\u00fcr gesunde Haare!\",\"isPartOf\":{\"@id\":\"https:\/\/arbuti.com\/fr\/#website\"},\"primaryImageOfPage\":{\"@id\":\"https:\/\/arbuti.com\/gesuendere-vollere-haare\/#primaryimage\"},\"image\":{\"@id\":\"https:\/\/arbuti.com\/gesuendere-vollere-haare\/#primaryimage\"},\"thumbnailUrl\":\"https:\/\/arbuti.com\/wp-content\/uploads\/2021\/02\/gesuendere-vollere-Haare.jpg\",\"datePublished\":\"2021-02-07T14:28:12+00:00\",\"dateModified\":\"2023-01-17T12:09:08+00:00\",\"description\":\"Wie kriege ich ges\u00fcndere und vollere Haare? Wir haben die 9 besten Tricks f\u00fcr gesunde und volle Haare. Ern\u00e4hrung bis Stylinprodukte.\",\"breadcrumb\":{\"@id\":\"https:\/\/arbuti.com\/gesuendere-vollere-haare\/#breadcrumb\"},\"inLanguage\":\"cs\",\"potentialAction\":[{\"@type\":\"ReadAction\",\"target\":[\"https:\/\/arbuti.com\/gesuendere-vollere-haare\/\"]}]},{\"@type\":\"ImageObject\",\"inLanguage\":\"cs\",\"@id\":\"https:\/\/arbuti.com\/gesuendere-vollere-haare\/#primaryimage\",\"url\":\"https:\/\/arbuti.com\/wp-content\/uploads\/2021\/02\/gesuendere-vollere-Haare.jpg\",\"contentUrl\":\"https:\/\/arbuti.com\/wp-content\/uploads\/2021\/02\/gesuendere-vollere-Haare.jpg\",\"width\":1000,\"height\":778,\"caption\":\"gesuendere-vollere-Haare\"},{\"@type\":\"BreadcrumbList\",\"@id\":\"https:\/\/arbuti.com\/gesuendere-vollere-haare\/#breadcrumb\",\"itemListElement\":[{\"@type\":\"ListItem\",\"position\":1,\"name\":\"ARBUTI\",\"item\":\"https:\/\/arbuti.com\/\"},{\"@type\":\"ListItem\",\"position\":2,\"name\":\"Haarstyling\",\"item\":\"https:\/\/arbuti.com\/fr\/categorie\/haarstyling\/\"},{\"@type\":\"ListItem\",\"position\":3,\"name\":\"Tipps f\u00fcr ges\u00fcndere, vollere Haare\"}]},{\"@type\":\"WebSite\",\"@id\":\"https:\/\/arbuti.com\/fr\/#website\",\"url\":\"https:\/\/arbuti.com\/fr\/\",\"name\":\"ARBUTI Hair Salon\",\"description\":\"Friseur M\u00fcnchen\",\"publisher\":{\"@id\":\"https:\/\/arbuti.com\/fr\/#organization\"},\"alternateName\":\"ARBUTI\",\"potentialAction\":[{\"@type\":\"SearchAction\",\"target\":{\"@type\":\"EntryPoint\",\"urlTemplate\":\"https:\/\/arbuti.com\/fr\/?s={search_term_string}\"},\"query-input\":{\"@type\":\"PropertyValueSpecification\",\"valueRequired\":true,\"valueName\":\"search_term_string\"}}],\"inLanguage\":\"cs\"},{\"@type\":\"Organization\",\"@id\":\"https:\/\/arbuti.com\/fr\/#organization\",\"name\":\"ARBUTI Hair Salon\",\"alternateName\":\"ARBUTI\",\"url\":\"https:\/\/arbuti.com\/fr\/\",\"logo\":{\"@type\":\"ImageObject\",\"inLanguage\":\"cs\",\"@id\":\"https:\/\/arbuti.com\/fr\/#\/schema\/logo\/image\/\",\"url\":\"https:\/\/arbuti.com\/wp-content\/uploads\/2020\/04\/cropped-Arbuti-Friseur-Muenchen.jpg\",\"contentUrl\":\"https:\/\/arbuti.com\/wp-content\/uploads\/2020\/04\/cropped-Arbuti-Friseur-Muenchen.jpg\",\"width\":512,\"height\":512,\"caption\":\"ARBUTI Hair Salon\"},\"image\":{\"@id\":\"https:\/\/arbuti.com\/fr\/#\/schema\/logo\/image\/\"},\"sameAs\":[\"https:\/\/www.facebook.com\/Arbutihairsalon\/\",\"https:\/\/www.instagram.com\/arbutihairsalon\/\",\"https:\/\/www.pinterest.de\/arbutihairsalon\/arbuti-hair-salon\/\"]},{\"@type\":\"Person\",\"@id\":\"https:\/\/arbuti.com\/fr\/#\/schema\/person\/d85bbf7b442ca0f812c3aa0ed9eece8f\",\"name\":\"admin\",\"image\":{\"@type\":\"ImageObject\",\"inLanguage\":\"cs\",\"@id\":\"https:\/\/arbuti.com\/fr\/#\/schema\/person\/image\/\",\"url\":\"https:\/\/secure.gravatar.com\/avatar\/a5ca7376327017715559ffb9b376df51?s=96&d=mm&r=g\",\"contentUrl\":\"https:\/\/secure.gravatar.com\/avatar\/a5ca7376327017715559ffb9b376df51?s=96&d=mm&r=g\",\"caption\":\"admin\"}}]}<\/script>\n<!-- \/ Yoast SEO Premium plugin. -->","yoast_head_json":{"title":"9 Tipps f\u00fcr ges\u00fcndere, vollere Haare: Besten Tricks f\u00fcr gesunde Haare!","description":"Wie kriege ich ges\u00fcndere und vollere Haare? Wir haben die 9 besten Tricks f\u00fcr gesunde und volle Haare. Ern\u00e4hrung bis Stylinprodukte.","robots":{"index":"index","follow":"follow","max-snippet":"max-snippet:-1","max-image-preview":"max-image-preview:large","max-video-preview":"max-video-preview:-1"},"canonical":"https:\/\/arbuti.com\/cs\/zdravejsi-plnejsi-vlasy\/","og_locale":"cs_CZ","og_type":"article","og_title":"Tipps f\u00fcr ges\u00fcndere, vollere Haare","og_description":"9 Tipps f\u00fcr ges\u00fcndere, vollere Haare W\u00e4hrend die Genetik eine Schl\u00fcsselrolle spielt, sind Ihre Ern\u00e4hrung, das Wetter, die Umweltverschmutzung und Ihr","og_url":"https:\/\/arbuti.com\/cs\/zdravejsi-plnejsi-vlasy\/","og_site_name":"ARBUTI Hair Salon","article_publisher":"https:\/\/www.facebook.com\/Arbutihairsalon\/","article_published_time":"2021-02-07T14:28:12+00:00","article_modified_time":"2023-01-17T12:09:08+00:00","og_image":[{"width":1000,"height":778,"url":"https:\/\/arbuti.com\/wp-content\/uploads\/2021\/02\/gesuendere-vollere-Haare.jpg","type":"image\/jpeg"}],"author":"admin","twitter_card":"summary_large_image","twitter_misc":{"Napsal(a)":"admin","Odhadovan\u00e1 doba \u010dten\u00ed":"5 minut"},"schema":{"@context":"https:\/\/schema.org","@graph":[{"@type":"Article","@id":"https:\/\/arbuti.com\/gesuendere-vollere-haare\/#article","isPartOf":{"@id":"https:\/\/arbuti.com\/gesuendere-vollere-haare\/"},"author":{"name":"admin","@id":"https:\/\/arbuti.com\/fr\/#\/schema\/person\/d85bbf7b442ca0f812c3aa0ed9eece8f"},"headline":"Tipps f\u00fcr ges\u00fcndere, vollere Haare","datePublished":"2021-02-07T14:28:12+00:00","dateModified":"2023-01-17T12:09:08+00:00","mainEntityOfPage":{"@id":"https:\/\/arbuti.com\/gesuendere-vollere-haare\/"},"wordCount":1008,"publisher":{"@id":"https:\/\/arbuti.com\/fr\/#organization"},"image":{"@id":"https:\/\/arbuti.com\/gesuendere-vollere-haare\/#primaryimage"},"thumbnailUrl":"https:\/\/arbuti.com\/wp-content\/uploads\/2021\/02\/gesuendere-vollere-Haare.jpg","articleSection":["Haarausfall","Haarstyling"],"inLanguage":"cs"},{"@type":"WebPage","@id":"https:\/\/arbuti.com\/gesuendere-vollere-haare\/","url":"https:\/\/arbuti.com\/gesuendere-vollere-haare\/","name":"9 Tipps f\u00fcr ges\u00fcndere, vollere Haare: Besten Tricks f\u00fcr gesunde Haare!","isPartOf":{"@id":"https:\/\/arbuti.com\/fr\/#website"},"primaryImageOfPage":{"@id":"https:\/\/arbuti.com\/gesuendere-vollere-haare\/#primaryimage"},"image":{"@id":"https:\/\/arbuti.com\/gesuendere-vollere-haare\/#primaryimage"},"thumbnailUrl":"https:\/\/arbuti.com\/wp-content\/uploads\/2021\/02\/gesuendere-vollere-Haare.jpg","datePublished":"2021-02-07T14:28:12+00:00","dateModified":"2023-01-17T12:09:08+00:00","description":"Wie kriege ich ges\u00fcndere und vollere Haare? Wir haben die 9 besten Tricks f\u00fcr gesunde und volle Haare. Ern\u00e4hrung bis Stylinprodukte.","breadcrumb":{"@id":"https:\/\/arbuti.com\/gesuendere-vollere-haare\/#breadcrumb"},"inLanguage":"cs","potentialAction":[{"@type":"ReadAction","target":["https:\/\/arbuti.com\/gesuendere-vollere-haare\/"]}]},{"@type":"ImageObject","inLanguage":"cs","@id":"https:\/\/arbuti.com\/gesuendere-vollere-haare\/#primaryimage","url":"https:\/\/arbuti.com\/wp-content\/uploads\/2021\/02\/gesuendere-vollere-Haare.jpg","contentUrl":"https:\/\/arbuti.com\/wp-content\/uploads\/2021\/02\/gesuendere-vollere-Haare.jpg","width":1000,"height":778,"caption":"gesuendere-vollere-Haare"},{"@type":"BreadcrumbList","@id":"https:\/\/arbuti.com\/gesuendere-vollere-haare\/#breadcrumb","itemListElement":[{"@type":"ListItem","position":1,"name":"ARBUTI","item":"https:\/\/arbuti.com\/"},{"@type":"ListItem","position":2,"name":"Haarstyling","item":"https:\/\/arbuti.com\/fr\/categorie\/haarstyling\/"},{"@type":"ListItem","position":3,"name":"Tipps f\u00fcr ges\u00fcndere, vollere Haare"}]},{"@type":"WebSite","@id":"https:\/\/arbuti.com\/fr\/#website","url":"https:\/\/arbuti.com\/fr\/","name":"ARBUTI Hair Salon","description":"Friseur M\u00fcnchen","publisher":{"@id":"https:\/\/arbuti.com\/fr\/#organization"},"alternateName":"ARBUTI","potentialAction":[{"@type":"SearchAction","target":{"@type":"EntryPoint","urlTemplate":"https:\/\/arbuti.com\/fr\/?s={search_term_string}"},"query-input":{"@type":"PropertyValueSpecification","valueRequired":true,"valueName":"search_term_string"}}],"inLanguage":"cs"},{"@type":"Organization","@id":"https:\/\/arbuti.com\/fr\/#organization","name":"ARBUTI Hair Salon","alternateName":"ARBUTI","url":"https:\/\/arbuti.com\/fr\/","logo":{"@type":"ImageObject","inLanguage":"cs","@id":"https:\/\/arbuti.com\/fr\/#\/schema\/logo\/image\/","url":"https:\/\/arbuti.com\/wp-content\/uploads\/2020\/04\/cropped-Arbuti-Friseur-Muenchen.jpg","contentUrl":"https:\/\/arbuti.com\/wp-content\/uploads\/2020\/04\/cropped-Arbuti-Friseur-Muenchen.jpg","width":512,"height":512,"caption":"ARBUTI Hair Salon"},"image":{"@id":"https:\/\/arbuti.com\/fr\/#\/schema\/logo\/image\/"},"sameAs":["https:\/\/www.facebook.com\/Arbutihairsalon\/","https:\/\/www.instagram.com\/arbutihairsalon\/","https:\/\/www.pinterest.de\/arbutihairsalon\/arbuti-hair-salon\/"]},{"@type":"Person","@id":"https:\/\/arbuti.com\/fr\/#\/schema\/person\/d85bbf7b442ca0f812c3aa0ed9eece8f","name":"admin","image":{"@type":"ImageObject","inLanguage":"cs","@id":"https:\/\/arbuti.com\/fr\/#\/schema\/person\/image\/","url":"https:\/\/secure.gravatar.com\/avatar\/a5ca7376327017715559ffb9b376df51?s=96&d=mm&r=g","contentUrl":"https:\/\/secure.gravatar.com\/avatar\/a5ca7376327017715559ffb9b376df51?s=96&d=mm&r=g","caption":"admin"}}]}},"uagb_featured_image_src":{"full":["https:\/\/arbuti.com\/wp-content\/uploads\/2021\/02\/gesuendere-vollere-Haare.jpg",1000,778,false],"thumbnail":["https:\/\/arbuti.com\/wp-content\/uploads\/2021\/02\/gesuendere-vollere-Haare-150x150.jpg",150,150,true],"medium":["https:\/\/arbuti.com\/wp-content\/uploads\/2021\/02\/gesuendere-vollere-Haare-300x233.jpg",300,233,true],"medium_large":["https:\/\/arbuti.com\/wp-content\/uploads\/2021\/02\/gesuendere-vollere-Haare-768x598.jpg",768,598,true],"large":["https:\/\/arbuti.com\/wp-content\/uploads\/2021\/02\/gesuendere-vollere-Haare.jpg",1000,778,false],"1536x1536":["https:\/\/arbuti.com\/wp-content\/uploads\/2021\/02\/gesuendere-vollere-Haare.jpg",1000,778,false],"2048x2048":["https:\/\/arbuti.com\/wp-content\/uploads\/2021\/02\/gesuendere-vollere-Haare.jpg",1000,778,false],"trp-custom-language-flag":["https:\/\/arbuti.com\/wp-content\/uploads\/2021\/02\/gesuendere-vollere-Haare.jpg",15,12,false],"wp_review_large":["https:\/\/arbuti.com\/wp-content\/uploads\/2021\/02\/gesuendere-vollere-Haare-320x200.jpg",320,200,true],"wp_review_small":["https:\/\/arbuti.com\/wp-content\/uploads\/2021\/02\/gesuendere-vollere-Haare-65x65.jpg",65,65,true]},"uagb_author_info":{"display_name":"admin","author_link":"https:\/\/arbuti.com\/cs\/author\/admin\/"},"uagb_comment_info":0,"uagb_excerpt":"9 Tipps f\u00fcr ges\u00fcndere, vollere Haare W\u00e4hrend die Genetik eine Schl\u00fcsselrolle spielt, sind Ihre Ern\u00e4hrung, das Wetter, die Umweltverschmutzung und [&hellip;]","_links":{"self":[{"href":"https:\/\/arbuti.com\/cs\/wp-json\/wp\/v2\/posts\/7145","targetHints":{"allow":["GET"]}}],"collection":[{"href":"https:\/\/arbuti.com\/cs\/wp-json\/wp\/v2\/posts"}],"about":[{"href":"https:\/\/arbuti.com\/cs\/wp-json\/wp\/v2\/types\/post"}],"author":[{"embeddable":true,"href":"https:\/\/arbuti.com\/cs\/wp-json\/wp\/v2\/users\/1"}],"replies":[{"embeddable":true,"href":"https:\/\/arbuti.com\/cs\/wp-json\/wp\/v2\/comments?post=7145"}],"version-history":[{"count":9,"href":"https:\/\/arbuti.com\/cs\/wp-json\/wp\/v2\/posts\/7145\/revisions"}],"predecessor-version":[{"id":10947,"href":"https:\/\/arbuti.com\/cs\/wp-json\/wp\/v2\/posts\/7145\/revisions\/10947"}],"wp:featuredmedia":[{"embeddable":true,"href":"https:\/\/arbuti.com\/cs\/wp-json\/wp\/v2\/media\/7146"}],"wp:attachment":[{"href":"https:\/\/arbuti.com\/cs\/wp-json\/wp\/v2\/media?parent=7145"}],"wp:term":[{"taxonomy":"category","embeddable":true,"href":"https:\/\/arbuti.com\/cs\/wp-json\/wp\/v2\/categories?post=7145"},{"taxonomy":"post_tag","embeddable":true,"href":"https:\/\/arbuti.com\/cs\/wp-json\/wp\/v2\/tags?post=7145"}],"curies":[{"name":"wp","href":"https:\/\/api.w.org\/{rel}","templated":true}]}}