{"id":6574,"date":"2021-01-09T09:02:14","date_gmt":"2021-01-09T09:02:14","guid":{"rendered":"https:\/\/arbuti.com\/?p=6574"},"modified":"2021-04-07T14:18:01","modified_gmt":"2021-04-07T14:18:01","slug":"beste-brauthaarfarbe","status":"publish","type":"post","link":"https:\/\/arbuti.com\/cs\/nejlepsi-svatebni-barva-vlasu\/","title":{"rendered":"Nejlep\u0161\u00ed barva svatebn\u00edch vlas\u016f"},"content":{"rendered":"<h1 class=\"wp-block-heading\" id=\"h-so-stellen-sie-sicher-dass-sie-die-perfekte-haarfarbe-f-r-ihre-hochzeit-haben\">Jak si zajistit dokonalou barvu vlas\u016f na svatbu?<\/h1>\n\n\n\n<figure class=\"wp-block-image size-large is-resized\"><img loading=\"lazy\" decoding=\"async\" src=\"https:\/\/arbuti.com\/wp-content\/uploads\/2021\/01\/brauthaarfarbe.jpg\" alt=\"barva svatebn\u00edch vlas\u016f\" class=\"wp-image-6586\" width=\"471\" height=\"493\" srcset=\"https:\/\/arbuti.com\/wp-content\/uploads\/2021\/01\/brauthaarfarbe.jpg 860w, https:\/\/arbuti.com\/wp-content\/uploads\/2021\/01\/brauthaarfarbe-287x300.jpg 287w, https:\/\/arbuti.com\/wp-content\/uploads\/2021\/01\/brauthaarfarbe-768x804.jpg 768w, https:\/\/arbuti.com\/wp-content\/uploads\/2021\/01\/brauthaarfarbe-200x209.jpg 200w, https:\/\/arbuti.com\/wp-content\/uploads\/2021\/01\/brauthaarfarbe-400x419.jpg 400w, https:\/\/arbuti.com\/wp-content\/uploads\/2021\/01\/brauthaarfarbe-600x628.jpg 600w, https:\/\/arbuti.com\/wp-content\/uploads\/2021\/01\/brauthaarfarbe-800x837.jpg 800w\" sizes=\"auto, (max-width: 471px) 100vw, 471px\" \/><\/figure>\n\n\n\n<p id=\"mntl-sc-block_1-0\">P\u0159i pl\u00e1nov\u00e1n\u00ed svatebn\u00edho dne je t\u0159eba po\u010d\u00edtat s mnoha detaily: \u00daprava stol\u016f, hudba, j\u00eddlo a pit\u00ed... kr\u00e1sa je jen zlomek drobnost\u00ed, kter\u00e9 tvo\u0159\u00ed sou\u010det va\u0161eho detailn\u00edho \u00fasil\u00ed. A\u0165 u\u017e jste p\u0159ipraveni, nebo ne, mus\u00edte se rozhodnout a mezit\u00edm se samoz\u0159ejm\u011b sna\u017e\u00edte, aby cesta byla z\u00e1bavn\u011bj\u0161\u00ed a m\u00e9n\u011b nudn\u00e1.<\/p>\n\n\n\n<p id=\"mntl-sc-block_1-0-1\">Samotn\u00e9 vlasy vy\u017eaduj\u00ed n\u011bkolik r\u016fzn\u00fdch \u00favah. Jsme tu proto, abychom v\u00e1m pomohli stanovit va\u0161e svatebn\u00ed c\u00edle a zajistili v\u00e1m nejen tu nejlep\u0161\u00ed barvu ve v\u00e1\u0161 svatebn\u00ed den, ale tak\u00e9 celkov\u011b zdravou h\u0159\u00edvu pro jeden z nejlep\u0161\u00edch, ne-li nejlep\u0161\u00ed svatebn\u00ed den.&nbsp;<em>.<\/em>&nbsp;nejfotografovan\u011bj\u0161\u00ed dny va\u0161eho \u017eivota.<\/p>\n\n\n\n<figure class=\"wp-block-embed aligncenter is-type-rich is-provider-instagram wp-block-embed-instagram\"><div class=\"wp-block-embed__wrapper\">\nhttps:\/\/www.instagram.com\/p\/BxpSQUznyxc\/?utm_source=ig_embed\n<\/div><\/figure>\n\n\n\n<h2 class=\"wp-block-heading\" id=\"mntl-sc-block_2-0\">Kdy by m\u011bla b\u00fdt barva p\u0159ipravena?<\/h2>\n\n\n\n<figure class=\"wp-block-embed aligncenter is-type-rich is-provider-instagram wp-block-embed-instagram\"><div class=\"wp-block-embed__wrapper\">\nhttps:\/\/www.instagram.com\/p\/B6_2WuCAnRZ\/?utm_source=ig_embed\n<\/div><\/figure>\n\n\n\n<p id=\"mntl-sc-block_2-0-2\">Pokud pracujete s mel\u00edrem, rozhodn\u011bte se pro n\u011bj dva a\u017e t\u0159i t\u00fddny p\u0159ed velk\u00fdm dnem. V tomto okam\u017eiku je st\u00e1le sv\u011b\u017e\u00ed a nep\u016fsob\u00ed p\u0159\u00edli\u0161 sv\u011btle u ko\u0159\u00ednk\u016f nebo na obli\u010deji.<\/p>\n\n\n\n<p id=\"mntl-sc-block_2-0-3\">Chcete-li z\u00edskat sytou celoplo\u0161nou barvu na tmav\u0161\u00ed stran\u011b, m\u016f\u017eete ji bez obav pou\u017e\u00edt t\u00fdden nebo dva p\u0159ed velk\u00fdm dnem. Obecn\u011b plat\u00ed, \u017ee tmav\u0161\u00ed barvy blednou t\u00edm rychleji, \u010d\u00edm v\u00edce \u0161ampon\u016f absolvujete, tak\u017ee se m\u016f\u017eete trochu p\u0159ibl\u00ed\u017eit dat\u016fm. To plat\u00ed i pro sv\u011btla. Pokud p\u0159id\u00e1te do\u010dasnou barvu (nap\u0159. st\u0159\u00edknut\u00ed barvy se siln\u011bj\u0161\u00ed sytost\u00ed nebo dokonce polopermanentn\u00ed barvu), tato barva s ka\u017ed\u00fdm umyt\u00edm vybledne. Proto nepou\u017e\u00edvejte v\u011bci, kter\u00e9 tam nejsou.<\/p>\n\n\n\n<p id=\"mntl-sc-block_2-0-4\">Dva t\u00fddny jsou pro barven\u00ed vlas\u016f p\u0159ed svatbou opravdu ide\u00e1ln\u00ed doba: od odchodu ze salonu jste si vlasy n\u011bkolikr\u00e1t umyli, ale ne tolik, aby se na nich projevily zn\u00e1mky opot\u0159eben\u00ed. Je to dost \u010dasu na to, abyste si zvykli na zm\u011bny.<\/p>\n\n\n\n<h2 class=\"wp-block-heading\" id=\"mntl-sc-block_2-0-5\">Jak\u00e1 rizika NEpodstupovat<\/h2>\n\n\n\n<figure class=\"wp-block-embed aligncenter is-type-rich is-provider-instagram wp-block-embed-instagram\"><div class=\"wp-block-embed__wrapper\">\nhttps:\/\/www.instagram.com\/p\/BynpZuTAjko\/?utm_source=ig_embed\n<\/div><\/figure>\n\n\n\n<p id=\"mntl-sc-block_2-0-7\">Oslovili jsme Tiffany Fodorovou z New Yorku , redak\u010dn\u00ed stylistku a guru svatebn\u00edch \u00fa\u010des\u016f, abychom zjistili, jak\u00e9 m\u00e1 k tomuto t\u00e9matu n\u00e1zory, co se j\u00ed&nbsp;<em>ne<\/em>&nbsp;by m\u011bl ud\u011blat. \"&nbsp;<strong>Nepokou\u0161ejte se o hloubkov\u00e9 o\u0161et\u0159en\u00ed, s n\u00edm\u017e m\u016f\u017eete<\/strong>&nbsp;t\u00fdden p\u0159ed svatbou ne&nbsp;<strong>Zn\u00e1m\u00e9<\/strong>&nbsp;Jednou jsem m\u011bla klientku, kter\u00e1 to sama vyzkou\u0161ela p\u0159ed sv\u00fdm svatebn\u00edm dnem, a jej\u00ed vlasy byly nadm\u00edru mastn\u00e9, proto\u017ee p\u0159\u00edpravek ne\u0161el ven ani po n\u011bkolika \u0161amponech.\"&nbsp;<\/p>\n\n\n\n<p id=\"mntl-sc-block_2-0-8\">Dal\u0161\u00ed zm\u011bnou, kterou nechcete ud\u011blat na posledn\u00ed chv\u00edli, je zm\u011bna koloristy. \"&nbsp;<strong>Nezkou\u0161ejte novou osobu nebo nov\u00fd vzhled n\u011bkolik t\u00fddn\u016f p\u0159ed svatebn\u00edm dnem.<\/strong>&nbsp;\", \u0159\u00edk\u00e1 Fodor. Ka\u017ed\u00e1 barva vlas\u016f m\u00e1 sv\u00e9 vlastn\u00ed techniky, a dokud nen\u00ed pozd\u011b, nepozn\u00e1te, jestli maj\u00ed na va\u0161e vlasy talent. \"Pokud chcete prov\u00e9st velkou zm\u011bnu barvy (nap\u0159. ze sv\u011btl\u00e9 na tmavou nebo tmavou), ur\u010dit\u011b se na tyto barevn\u00e9 zm\u011bny pod\u00edvejte. Neo\u010dek\u00e1vejte, \u017ee se tak stane ze dne na den, proto\u017ee ne v\u017edy si to m\u016f\u017eete na posledn\u00ed chv\u00edli rozmyslet, ani\u017e by to m\u011blo vliv na va\u0161e vlasy.<\/p>\n\n\n\n<h2 class=\"wp-block-heading\" id=\"mntl-sc-block_2-0-9\">Jak pe\u010dovat o barvu<\/h2>\n\n\n\n<figure class=\"wp-block-embed aligncenter is-type-rich is-provider-instagram wp-block-embed-instagram\"><div class=\"wp-block-embed__wrapper\">\nhttps:\/\/www.instagram.com\/p\/BiQGb-uH5fY\/?utm_source=ig_embed\n<\/div><\/figure>\n\n\n\n<p id=\"mntl-sc-block_2-0-11\">Pou\u017e\u00edv\u00e1te-li \u0161ampony pro \u00fasporu barvy, <a href=\"https:\/\/arbuti.com\/cs\/loupani-pokozky-hlavy\/\">Peelingy poko\u017eky hlavy<\/a>, bezpe\u010dn\u00e1 barva <a href=\"https:\/\/arbuti.com\/cs\/kondicioner\/\">Kondicion\u00e9r<\/a> a studenou vodou, z\u00edsk\u00e1te dokonal\u00fd koktejl pro ide\u00e1ln\u00ed p\u00e9\u010di o barvu. Nyn\u00ed si to shr\u0148me.&nbsp;<\/p>\n\n\n\n<p id=\"mntl-sc-block_2-0-12\">\u0160ampony pro \u00fasporu barvy jsou samoz\u0159ejmost\u00ed. Jsou vyrobeny bez sulf\u00e1t\u016f, aby va\u0161e prameny neztratily sv\u016fj nov\u011b zabydlen\u00fd t\u00f3n. M\u00edsto toho obsahuj\u00ed kondicion\u00e9ry, kter\u00e9 udr\u017euj\u00ed poko\u017eku hedv\u00e1bn\u011b hladkou.&nbsp;<\/p>\n\n\n\n<p id=\"mntl-sc-block_2-0-13\">Peelingy na poko\u017eku hlavy zabr\u00e1n\u00ed odlupov\u00e1n\u00ed nebo <a href=\"https:\/\/arbuti.com\/cs\/sampon-proti-lupum\/\">Bouda<\/a> a to bez vlivu na barvu. Jejich \u00fa\u010delem je obnovit rovnov\u00e1hu vlasov\u00e9 poko\u017eky a odstranit ne\u017e\u00e1douc\u00ed n\u00e1nosy. Vmas\u00edrov\u00e1n\u00edm kvalitn\u00edho peelingu do poko\u017eky hlavy pod vlasy o\u0161et\u0159\u00edte poko\u017eku, ani\u017e byste ovlivnili barvu sv\u00fdch pramen\u016f.<\/p>\n\n\n\n<p id=\"mntl-sc-block_2-0-14\">Jak ji\u017e bylo zm\u00edn\u011bno, kondicion\u00e9ry mohou vlasy p\u0159\u00edli\u0161 zat\u00ed\u017eit. M\u00edsto toho zvolte kondicion\u00e9r, kter\u00fd je \u0161etrn\u00fd k barv\u00e1m, abyste zabr\u00e1nili ne\u017e\u00e1douc\u00edm t\u00f3n\u016fm. A nakonec se sna\u017ete vyh\u00fdbat hork\u00e9 vod\u011b. V\u00edme, \u017ee hork\u00e1 sprcha m\u016f\u017ee b\u00fdt pro n\u011bkoho obl\u00edbenou kratochv\u00edl\u00ed, ale teplo v\u017edy m\u011bn\u00ed p\u00f3rovitost vlas\u016f, kter\u00e9 jsou pak such\u00e9 a k\u0159ehk\u00e9 a mohou m\u00edt \u010d\u00e1ste\u010dn\u011b odbarvenou barvu. Nebojte se, neznamen\u00e1 to, \u017ee se mus\u00edte sprchovat velmi studenou vodou - jen se sna\u017ete udr\u017eovat teplotu na vla\u017en\u00e9 stran\u011b.<\/p>\n\n\n\n<h2 class=\"wp-block-heading\" id=\"mntl-sc-block_2-0-15\">Kdy se nechat ost\u0159\u00edhat<\/h2>\n\n\n\n<figure class=\"wp-block-embed aligncenter is-type-rich is-provider-instagram wp-block-embed-instagram\"><div class=\"wp-block-embed__wrapper\">\nhttps:\/\/www.instagram.com\/p\/B6_fgOEBDX6\/?utm_source=ig_embed\n<\/div><\/figure>\n\n\n\n<p id=\"mntl-sc-block_2-0-17\">\u00da\u010desy jsou z\u00e1sadn\u00ed sou\u010d\u00e1st\u00ed svatebn\u00edho vzhledu. Nejen\u017ee poskytuj\u00ed dokonale or\u00e1movan\u00e9 pruhy na v\u0161ech spr\u00e1vn\u00fdch m\u00edstech, ale tak\u00e9 dobrou <a href=\"https:\/\/arbuti.com\/cs\/strihaci-strojky-na-vlasy\/\">\u00da\u010des<\/a> tak\u00e9 pom\u016f\u017ee va\u0161emu koloristovi se sv\u011b\u017e\u00edm a hotov\u00fdm pl\u00e1tnem.<\/p>\n\n\n\n<p id=\"mntl-sc-block_2-0-18\">Ale p\u0159edstavte si toto: Pr\u00e1v\u011b jste vyhodili velk\u00e9 pen\u00edze za barven\u00ed vlas\u016f v kade\u0159nictv\u00ed. M\u00e1te p\u0159irozenou kask\u00e1du <a href=\"https:\/\/arbuti.com\/cs\/co-je-baletni-kadernik-munich\/\">Balayage<\/a>kter\u00e1 kape do dokonale odleh\u010den\u00fdch konc\u016f.&nbsp;<em>Pak<\/em>&nbsp;nech\u00e1te se ost\u0159\u00edhat a v\u0161echny ty dokonale um\u00edst\u011bn\u00e9 prou\u017eky a f\u00f3lie jsou ust\u0159i\u017een\u00e9 a z\u00edraj\u00ed na v\u00e1s z podlahy. Omlouv\u00e1me se za \u00fazkost, ale tomuto pocitu pln\u00e9mu \u00fazkosti v\u00e1m chceme pomoci se ve v\u00e1\u0161 svatebn\u00ed den vyhnout. Pou\u010den\u00ed: nechte si vlasy&nbsp;<em>z<\/em>&nbsp;St\u0159\u00edhejte barvu, ne a\u017e po n\u00ed.<\/p>\n\n\n\n<p id=\"mntl-sc-block_2-0-19\">Dal\u0161\u00ed v\u011bc, kterou je t\u0159eba m\u00edt na pam\u011bti, je, \u017ee p\u0159ed sch\u016fzkou p\u0159ed svatbou si mus\u00edte b\u00fdt naprosto jisti, jak\u00fd svatebn\u00ed \u00fa\u010des budete m\u00edt. Bude to nahoru nebo dol\u016f? Rozd\u011bl\u00edte se na strany nebo doprost\u0159ed? Stylista a kolorista tak mohou zajistit, \u017ee to, co vytvo\u0159\u00ed, bude v\u00fdsledkem spolupr\u00e1ce a pln\u011b podpo\u0159\u00ed v\u00e1\u0161 vzhled ve svatebn\u00ed den.&nbsp;<\/p>\n\n\n\n<p id=\"mntl-sc-block_2-0-20\">Pokud se c\u00edt\u00edte odv\u00e1\u017en\u011b, zm\u011bna \u00fa\u010desu, jako je tup\u00fd bob nebo sv\u011b\u017e\u00ed t\u0159\u00e1sn\u011b, m\u016f\u017ee fungovat jako svatebn\u00ed \u00fa\u010des sama o sob\u011b, ale ujist\u011bte se, \u017ee si ud\u011bl\u00e1te nov\u00fd,&nbsp;<em>p\u0159ed<\/em>&nbsp;jd\u011bte ke sv\u00e9mu koloristovi.<\/p>\n\n\n\n<h2 class=\"wp-block-heading\" id=\"mntl-sc-block_2-0-21\">Napl\u00e1nujte si odb\u011br vzorku vlas\u016f<\/h2>\n\n\n\n<figure class=\"wp-block-embed aligncenter is-type-rich is-provider-instagram wp-block-embed-instagram\"><div class=\"wp-block-embed__wrapper\">\nhttps:\/\/www.instagram.com\/p\/BhZO1XNgD4O\/?utm_source=ig_embed\n<\/div><\/figure>\n\n\n\n<p id=\"mntl-sc-block_2-0-23\">Je to obrovsk\u00fd \u00fasp\u011bch. P\u0159edchoz\u00ed sch\u016fzka se stylistou v\u00e1m nejen zajist\u00ed dobr\u00fd vzhled pro v\u00e1\u0161 svatebn\u00ed den, ale tak\u00e9 pom\u016f\u017ee dodat spr\u00e1vnou energii. Tak\u00e9 ne v\u017edy chceme to, co si mysl\u00edme, \u017ee chceme. M\u00e1me tendenci b\u00fdt p\u0159itahov\u00e1ni v\u011bcmi, kter\u00e9 jsou mimo na\u0161i z\u00f3nu pohodl\u00ed. Vyzkou\u0161en\u00edm co nejv\u011bt\u0161\u00edho po\u010dtu \u00fa\u010des\u016f se ujist\u00edte nejen o tom, \u017ee d\u016fv\u011b\u0159ujete vybran\u00e9mu vzhledu a kade\u0159n\u00edkovi, ale tak\u00e9 o tom, jak\u00fd vliv m\u00e1 va\u0161e barva vlas\u016f.<\/p>\n\n\n\n<p id=\"mntl-sc-block_2-0-24\">Mo\u017en\u00e1 nen\u00ed zrovna nejlichotiv\u011bj\u0161\u00edm krokem pro va\u0161e \u010derstv\u011b nalakovan\u00e9 prameny, kdy\u017e si nech\u00e1te ud\u011blat nov\u00fd mel\u00edr a pak zm\u011bn\u00edte p\u0159irozen\u00e9 rozd\u011blen\u00ed vlas\u016f do stran. Chcete, aby va\u0161e barva vypadala co nejl\u00e9pe ve zvolen\u00e9m tvaru a struktu\u0159e va\u0161eho svatebn\u00edho \u00fa\u010desu, a pokud se rozhodnete pou\u017e\u00edt prodlou\u017een\u00e9 vlasy k prodlou\u017een\u00ed nebo dopln\u011bn\u00ed svatebn\u00edch pramen\u016f, zva\u017ete, zda si k barv\u00ed\u0159i vezmete proutky, aby je mohl p\u0159izp\u016fsobit va\u0161\u00ed barv\u011b.<\/p>\n\n\n\n<figure class=\"wp-block-pullquote\" style=\"border-color:#f78da7\"><blockquote><p>Spolupracujte se sv\u00fdm kade\u0159n\u00edkem, abyste na\u0161li nejlep\u0161\u00ed typ prodlou\u017een\u00fdch vlas\u016f pro v\u00e1\u0161 typ vlas\u016f a \u017eivotn\u00ed styl. Prodlu\u017eov\u00e1n\u00ed pomoc\u00ed p\u00e1sk\u016f a \u0161it\u00ed je velk\u00fd z\u00e1vazek, a pokud jde o clip-ony, mus\u00edte si na svatebn\u00ed den najmout stylistu, kter\u00fd je s nimi obezn\u00e1men, aby je mohl p\u0159irozen\u011b za\u010dlenit.<\/p><\/blockquote><\/figure>\n\n\n\n<p id=\"mntl-sc-block_2-0-26\">Pokud si p\u0159ejete drasticky zm\u011bnit barvu, nen\u00ed kade\u0159n\u00edk jedin\u00fd, kdo v\u00e1s na to p\u0159ed velk\u00fdm dnem upozorn\u00ed: Informujte sv\u00e9ho viz\u00e1\u017eistu o zm\u011bn\u011b barvy a domluvte si s n\u00edm p\u0159edem zkou\u0161ku nov\u00e9ho vzhledu. Barva vlas\u016f m\u016f\u017ee zm\u011bnit va\u0161i celkovou barvu, co\u017e m\u016f\u017ee ovlivnit v\u00fdb\u011br make-upu na v\u00e1\u0161 svatebn\u00ed den. Jakmile bude v\u00e1\u0161 viz\u00e1\u017eista informov\u00e1n a uvid\u00ed v\u00e1s nejl\u00e9pe s novou zm\u011bnou barvy, m\u016f\u017ee v\u00e1m uk\u00e1zat spr\u00e1vn\u00e9 barvy a n\u00e1stroje ve sv\u00e9 sad\u011b, aby v\u00e1m zajistil to nejlep\u0161\u00ed, co m\u016f\u017ee nab\u00eddnout.<\/p>","protected":false},"excerpt":{"rendered":"<p>So stellen Sie sicher, dass Sie die perfekte Haarfarbe f\u00fcr Ihre Hochzeit haben Es gibt viele Details, die in die [&hellip;]<\/p>","protected":false},"author":1,"featured_media":6586,"comment_status":"closed","ping_status":"open","sticky":false,"template":"","format":"standard","meta":{"ub_ctt_via":"","_uag_custom_page_level_css":"","site-sidebar-layout":"default","site-content-layout":"default","ast-site-content-layout":"","site-content-style":"default","site-sidebar-style":"default","ast-global-header-display":"","ast-banner-title-visibility":"","ast-main-header-display":"","ast-hfb-above-header-display":"","ast-hfb-below-header-display":"","ast-hfb-mobile-header-display":"","site-post-title":"","ast-breadcrumbs-content":"","ast-featured-img":"","footer-sml-layout":"","theme-transparent-header-meta":"default","adv-header-id-meta":"","stick-header-meta":"default","header-above-stick-meta":"","header-main-stick-meta":"","header-below-stick-meta":"","astra-migrate-meta-layouts":"default","ast-page-background-enabled":"default","ast-page-background-meta":{"desktop":{"background-color":"","background-image":"","background-repeat":"repeat","background-position":"center center","background-size":"auto","background-attachment":"scroll","background-type":"","background-media":"","overlay-type":"","overlay-color":"","overlay-opacity":"","overlay-gradient":""},"tablet":{"background-color":"","background-image":"","background-repeat":"repeat","background-position":"center center","background-size":"auto","background-attachment":"scroll","background-type":"","background-media":"","overlay-type":"","overlay-color":"","overlay-opacity":"","overlay-gradient":""},"mobile":{"background-color":"","background-image":"","background-repeat":"repeat","background-position":"center center","background-size":"auto","background-attachment":"scroll","background-type":"","background-media":"","overlay-type":"","overlay-color":"","overlay-opacity":"","overlay-gradient":""}},"ast-content-background-meta":{"desktop":{"background-color":"var(--ast-global-color-5)","background-image":"","background-repeat":"repeat","background-position":"center center","background-size":"auto","background-attachment":"scroll","background-type":"","background-media":"","overlay-type":"","overlay-color":"","overlay-opacity":"","overlay-gradient":""},"tablet":{"background-color":"var(--ast-global-color-5)","background-image":"","background-repeat":"repeat","background-position":"center center","background-size":"auto","background-attachment":"scroll","background-type":"","background-media":"","overlay-type":"","overlay-color":"","overlay-opacity":"","overlay-gradient":""},"mobile":{"background-color":"var(--ast-global-color-5)","background-image":"","background-repeat":"repeat","background-position":"center center","background-size":"auto","background-attachment":"scroll","background-type":"","background-media":"","overlay-type":"","overlay-color":"","overlay-opacity":"","overlay-gradient":""}},"footnotes":""},"categories":[6322],"tags":[],"class_list":["post-6574","post","type-post","status-publish","format-standard","has-post-thumbnail","hentry","category-haarstyling"],"featured_image_src":"https:\/\/arbuti.com\/wp-content\/uploads\/2021\/01\/brauthaarfarbe.jpg","author_info":{"display_name":"admin","author_link":"https:\/\/arbuti.com\/cs\/author\/admin\/"},"yoast_head":"<!-- This site is optimized with the Yoast SEO Premium plugin v25.3 (Yoast SEO v25.3) - https:\/\/yoast.com\/wordpress\/plugins\/seo\/ -->\n<title>Beste Brauthaarfarbe - Die beste Haarfarbe f\u00fcr deine Hochzeit<\/title>\n<meta name=\"description\" content=\"So stellst du sicher, dass du die perfekte Haarfarbe f\u00fcr deine Hochzeit hast. Welche Haarfarbe passt zu mir? Hier sind die neuen Trends!\" \/>\n<meta name=\"robots\" content=\"index, follow, max-snippet:-1, max-image-preview:large, max-video-preview:-1\" \/>\n<link rel=\"canonical\" href=\"https:\/\/arbuti.com\/cs\/meilleure-teinture-pour-cheveux-de-mariee\/\" \/>\n<meta property=\"og:locale\" content=\"cs_CZ\" \/>\n<meta property=\"og:type\" content=\"article\" \/>\n<meta property=\"og:title\" content=\"Beste Brauthaarfarbe\" \/>\n<meta property=\"og:description\" content=\"So stellen Sie sicher, dass Sie die perfekte Haarfarbe f\u00fcr Ihre Hochzeit haben Es gibt viele Details, die in die Planung Ihres Hochzeitstags einflie\u00dfen:\" \/>\n<meta property=\"og:url\" content=\"https:\/\/arbuti.com\/cs\/meilleure-teinture-pour-cheveux-de-mariee\/\" \/>\n<meta property=\"og:site_name\" content=\"ARBUTI Hair Salon\" \/>\n<meta property=\"article:publisher\" content=\"https:\/\/www.facebook.com\/Arbutihairsalon\/\" \/>\n<meta property=\"article:published_time\" content=\"2021-01-09T09:02:14+00:00\" \/>\n<meta property=\"article:modified_time\" content=\"2021-04-07T14:18:01+00:00\" \/>\n<meta property=\"og:image\" content=\"https:\/\/arbuti.com\/wp-content\/uploads\/2021\/01\/brauthaarfarbe.jpg\" \/>\n\t<meta property=\"og:image:width\" content=\"860\" \/>\n\t<meta property=\"og:image:height\" content=\"900\" \/>\n\t<meta property=\"og:image:type\" content=\"image\/jpeg\" \/>\n<meta name=\"author\" content=\"admin\" \/>\n<meta name=\"twitter:card\" content=\"summary_large_image\" \/>\n<meta name=\"twitter:label1\" content=\"Napsal(a)\" \/>\n\t<meta name=\"twitter:data1\" content=\"admin\" \/>\n\t<meta name=\"twitter:label2\" content=\"Odhadovan\u00e1 doba \u010dten\u00ed\" \/>\n\t<meta name=\"twitter:data2\" content=\"6 minut\" \/>\n<script type=\"application\/ld+json\" class=\"yoast-schema-graph\">{\"@context\":\"https:\/\/schema.org\",\"@graph\":[{\"@type\":\"Article\",\"@id\":\"https:\/\/arbuti.com\/fr\/meilleure-teinture-pour-cheveux-de-mariee\/#article\",\"isPartOf\":{\"@id\":\"https:\/\/arbuti.com\/fr\/meilleure-teinture-pour-cheveux-de-mariee\/\"},\"author\":{\"name\":\"admin\",\"@id\":\"https:\/\/arbuti.com\/fr\/#\/schema\/person\/d85bbf7b442ca0f812c3aa0ed9eece8f\"},\"headline\":\"Beste Brauthaarfarbe\",\"datePublished\":\"2021-01-09T09:02:14+00:00\",\"dateModified\":\"2021-04-07T14:18:01+00:00\",\"mainEntityOfPage\":{\"@id\":\"https:\/\/arbuti.com\/fr\/meilleure-teinture-pour-cheveux-de-mariee\/\"},\"wordCount\":1477,\"publisher\":{\"@id\":\"https:\/\/arbuti.com\/fr\/#organization\"},\"image\":{\"@id\":\"https:\/\/arbuti.com\/fr\/meilleure-teinture-pour-cheveux-de-mariee\/#primaryimage\"},\"thumbnailUrl\":\"https:\/\/arbuti.com\/wp-content\/uploads\/2021\/01\/brauthaarfarbe.jpg\",\"articleSection\":[\"Haarstyling\"],\"inLanguage\":\"cs\"},{\"@type\":\"WebPage\",\"@id\":\"https:\/\/arbuti.com\/fr\/meilleure-teinture-pour-cheveux-de-mariee\/\",\"url\":\"https:\/\/arbuti.com\/fr\/meilleure-teinture-pour-cheveux-de-mariee\/\",\"name\":\"Beste Brauthaarfarbe - Die beste Haarfarbe f\u00fcr deine Hochzeit\",\"isPartOf\":{\"@id\":\"https:\/\/arbuti.com\/fr\/#website\"},\"primaryImageOfPage\":{\"@id\":\"https:\/\/arbuti.com\/fr\/meilleure-teinture-pour-cheveux-de-mariee\/#primaryimage\"},\"image\":{\"@id\":\"https:\/\/arbuti.com\/fr\/meilleure-teinture-pour-cheveux-de-mariee\/#primaryimage\"},\"thumbnailUrl\":\"https:\/\/arbuti.com\/wp-content\/uploads\/2021\/01\/brauthaarfarbe.jpg\",\"datePublished\":\"2021-01-09T09:02:14+00:00\",\"dateModified\":\"2021-04-07T14:18:01+00:00\",\"description\":\"So stellst du sicher, dass du die perfekte Haarfarbe f\u00fcr deine Hochzeit hast. Welche Haarfarbe passt zu mir? Hier sind die neuen Trends!\",\"breadcrumb\":{\"@id\":\"https:\/\/arbuti.com\/fr\/meilleure-teinture-pour-cheveux-de-mariee\/#breadcrumb\"},\"inLanguage\":\"cs\",\"potentialAction\":[{\"@type\":\"ReadAction\",\"target\":[\"https:\/\/arbuti.com\/fr\/meilleure-teinture-pour-cheveux-de-mariee\/\"]}]},{\"@type\":\"ImageObject\",\"inLanguage\":\"cs\",\"@id\":\"https:\/\/arbuti.com\/fr\/meilleure-teinture-pour-cheveux-de-mariee\/#primaryimage\",\"url\":\"https:\/\/arbuti.com\/wp-content\/uploads\/2021\/01\/brauthaarfarbe.jpg\",\"contentUrl\":\"https:\/\/arbuti.com\/wp-content\/uploads\/2021\/01\/brauthaarfarbe.jpg\",\"width\":860,\"height\":900,\"caption\":\"brauthaarfarbe\"},{\"@type\":\"BreadcrumbList\",\"@id\":\"https:\/\/arbuti.com\/fr\/meilleure-teinture-pour-cheveux-de-mariee\/#breadcrumb\",\"itemListElement\":[{\"@type\":\"ListItem\",\"position\":1,\"name\":\"ARBUTI\",\"item\":\"https:\/\/arbuti.com\/\"},{\"@type\":\"ListItem\",\"position\":2,\"name\":\"Haarstyling\",\"item\":\"https:\/\/arbuti.com\/fr\/categorie\/haarstyling\/\"},{\"@type\":\"ListItem\",\"position\":3,\"name\":\"Beste Brauthaarfarbe\"}]},{\"@type\":\"WebSite\",\"@id\":\"https:\/\/arbuti.com\/fr\/#website\",\"url\":\"https:\/\/arbuti.com\/fr\/\",\"name\":\"ARBUTI Hair Salon\",\"description\":\"Friseur M\u00fcnchen\",\"publisher\":{\"@id\":\"https:\/\/arbuti.com\/fr\/#organization\"},\"alternateName\":\"ARBUTI\",\"potentialAction\":[{\"@type\":\"SearchAction\",\"target\":{\"@type\":\"EntryPoint\",\"urlTemplate\":\"https:\/\/arbuti.com\/fr\/?s={search_term_string}\"},\"query-input\":{\"@type\":\"PropertyValueSpecification\",\"valueRequired\":true,\"valueName\":\"search_term_string\"}}],\"inLanguage\":\"cs\"},{\"@type\":\"Organization\",\"@id\":\"https:\/\/arbuti.com\/fr\/#organization\",\"name\":\"ARBUTI Hair Salon\",\"alternateName\":\"ARBUTI\",\"url\":\"https:\/\/arbuti.com\/fr\/\",\"logo\":{\"@type\":\"ImageObject\",\"inLanguage\":\"cs\",\"@id\":\"https:\/\/arbuti.com\/fr\/#\/schema\/logo\/image\/\",\"url\":\"https:\/\/arbuti.com\/wp-content\/uploads\/2020\/04\/cropped-Arbuti-Friseur-Muenchen.jpg\",\"contentUrl\":\"https:\/\/arbuti.com\/wp-content\/uploads\/2020\/04\/cropped-Arbuti-Friseur-Muenchen.jpg\",\"width\":512,\"height\":512,\"caption\":\"ARBUTI Hair Salon\"},\"image\":{\"@id\":\"https:\/\/arbuti.com\/fr\/#\/schema\/logo\/image\/\"},\"sameAs\":[\"https:\/\/www.facebook.com\/Arbutihairsalon\/\",\"https:\/\/www.instagram.com\/arbutihairsalon\/\",\"https:\/\/www.pinterest.de\/arbutihairsalon\/arbuti-hair-salon\/\"]},{\"@type\":\"Person\",\"@id\":\"https:\/\/arbuti.com\/fr\/#\/schema\/person\/d85bbf7b442ca0f812c3aa0ed9eece8f\",\"name\":\"admin\",\"image\":{\"@type\":\"ImageObject\",\"inLanguage\":\"cs\",\"@id\":\"https:\/\/arbuti.com\/fr\/#\/schema\/person\/image\/\",\"url\":\"https:\/\/secure.gravatar.com\/avatar\/a5ca7376327017715559ffb9b376df51?s=96&d=mm&r=g\",\"contentUrl\":\"https:\/\/secure.gravatar.com\/avatar\/a5ca7376327017715559ffb9b376df51?s=96&d=mm&r=g\",\"caption\":\"admin\"}}]}<\/script>\n<!-- \/ Yoast SEO Premium plugin. -->","yoast_head_json":{"title":"Beste Brauthaarfarbe - Die beste Haarfarbe f\u00fcr deine Hochzeit","description":"So stellst du sicher, dass du die perfekte Haarfarbe f\u00fcr deine Hochzeit hast. Welche Haarfarbe passt zu mir? Hier sind die neuen Trends!","robots":{"index":"index","follow":"follow","max-snippet":"max-snippet:-1","max-image-preview":"max-image-preview:large","max-video-preview":"max-video-preview:-1"},"canonical":"https:\/\/arbuti.com\/cs\/meilleure-teinture-pour-cheveux-de-mariee\/","og_locale":"cs_CZ","og_type":"article","og_title":"Beste Brauthaarfarbe","og_description":"So stellen Sie sicher, dass Sie die perfekte Haarfarbe f\u00fcr Ihre Hochzeit haben Es gibt viele Details, die in die Planung Ihres Hochzeitstags einflie\u00dfen:","og_url":"https:\/\/arbuti.com\/cs\/meilleure-teinture-pour-cheveux-de-mariee\/","og_site_name":"ARBUTI Hair Salon","article_publisher":"https:\/\/www.facebook.com\/Arbutihairsalon\/","article_published_time":"2021-01-09T09:02:14+00:00","article_modified_time":"2021-04-07T14:18:01+00:00","og_image":[{"width":860,"height":900,"url":"https:\/\/arbuti.com\/wp-content\/uploads\/2021\/01\/brauthaarfarbe.jpg","type":"image\/jpeg"}],"author":"admin","twitter_card":"summary_large_image","twitter_misc":{"Napsal(a)":"admin","Odhadovan\u00e1 doba \u010dten\u00ed":"6 minut"},"schema":{"@context":"https:\/\/schema.org","@graph":[{"@type":"Article","@id":"https:\/\/arbuti.com\/fr\/meilleure-teinture-pour-cheveux-de-mariee\/#article","isPartOf":{"@id":"https:\/\/arbuti.com\/fr\/meilleure-teinture-pour-cheveux-de-mariee\/"},"author":{"name":"admin","@id":"https:\/\/arbuti.com\/fr\/#\/schema\/person\/d85bbf7b442ca0f812c3aa0ed9eece8f"},"headline":"Beste Brauthaarfarbe","datePublished":"2021-01-09T09:02:14+00:00","dateModified":"2021-04-07T14:18:01+00:00","mainEntityOfPage":{"@id":"https:\/\/arbuti.com\/fr\/meilleure-teinture-pour-cheveux-de-mariee\/"},"wordCount":1477,"publisher":{"@id":"https:\/\/arbuti.com\/fr\/#organization"},"image":{"@id":"https:\/\/arbuti.com\/fr\/meilleure-teinture-pour-cheveux-de-mariee\/#primaryimage"},"thumbnailUrl":"https:\/\/arbuti.com\/wp-content\/uploads\/2021\/01\/brauthaarfarbe.jpg","articleSection":["Haarstyling"],"inLanguage":"cs"},{"@type":"WebPage","@id":"https:\/\/arbuti.com\/fr\/meilleure-teinture-pour-cheveux-de-mariee\/","url":"https:\/\/arbuti.com\/fr\/meilleure-teinture-pour-cheveux-de-mariee\/","name":"Beste Brauthaarfarbe - Die beste Haarfarbe f\u00fcr deine Hochzeit","isPartOf":{"@id":"https:\/\/arbuti.com\/fr\/#website"},"primaryImageOfPage":{"@id":"https:\/\/arbuti.com\/fr\/meilleure-teinture-pour-cheveux-de-mariee\/#primaryimage"},"image":{"@id":"https:\/\/arbuti.com\/fr\/meilleure-teinture-pour-cheveux-de-mariee\/#primaryimage"},"thumbnailUrl":"https:\/\/arbuti.com\/wp-content\/uploads\/2021\/01\/brauthaarfarbe.jpg","datePublished":"2021-01-09T09:02:14+00:00","dateModified":"2021-04-07T14:18:01+00:00","description":"So stellst du sicher, dass du die perfekte Haarfarbe f\u00fcr deine Hochzeit hast. Welche Haarfarbe passt zu mir? Hier sind die neuen Trends!","breadcrumb":{"@id":"https:\/\/arbuti.com\/fr\/meilleure-teinture-pour-cheveux-de-mariee\/#breadcrumb"},"inLanguage":"cs","potentialAction":[{"@type":"ReadAction","target":["https:\/\/arbuti.com\/fr\/meilleure-teinture-pour-cheveux-de-mariee\/"]}]},{"@type":"ImageObject","inLanguage":"cs","@id":"https:\/\/arbuti.com\/fr\/meilleure-teinture-pour-cheveux-de-mariee\/#primaryimage","url":"https:\/\/arbuti.com\/wp-content\/uploads\/2021\/01\/brauthaarfarbe.jpg","contentUrl":"https:\/\/arbuti.com\/wp-content\/uploads\/2021\/01\/brauthaarfarbe.jpg","width":860,"height":900,"caption":"brauthaarfarbe"},{"@type":"BreadcrumbList","@id":"https:\/\/arbuti.com\/fr\/meilleure-teinture-pour-cheveux-de-mariee\/#breadcrumb","itemListElement":[{"@type":"ListItem","position":1,"name":"ARBUTI","item":"https:\/\/arbuti.com\/"},{"@type":"ListItem","position":2,"name":"Haarstyling","item":"https:\/\/arbuti.com\/fr\/categorie\/haarstyling\/"},{"@type":"ListItem","position":3,"name":"Beste Brauthaarfarbe"}]},{"@type":"WebSite","@id":"https:\/\/arbuti.com\/fr\/#website","url":"https:\/\/arbuti.com\/fr\/","name":"ARBUTI Hair Salon","description":"Friseur M\u00fcnchen","publisher":{"@id":"https:\/\/arbuti.com\/fr\/#organization"},"alternateName":"ARBUTI","potentialAction":[{"@type":"SearchAction","target":{"@type":"EntryPoint","urlTemplate":"https:\/\/arbuti.com\/fr\/?s={search_term_string}"},"query-input":{"@type":"PropertyValueSpecification","valueRequired":true,"valueName":"search_term_string"}}],"inLanguage":"cs"},{"@type":"Organization","@id":"https:\/\/arbuti.com\/fr\/#organization","name":"ARBUTI Hair Salon","alternateName":"ARBUTI","url":"https:\/\/arbuti.com\/fr\/","logo":{"@type":"ImageObject","inLanguage":"cs","@id":"https:\/\/arbuti.com\/fr\/#\/schema\/logo\/image\/","url":"https:\/\/arbuti.com\/wp-content\/uploads\/2020\/04\/cropped-Arbuti-Friseur-Muenchen.jpg","contentUrl":"https:\/\/arbuti.com\/wp-content\/uploads\/2020\/04\/cropped-Arbuti-Friseur-Muenchen.jpg","width":512,"height":512,"caption":"ARBUTI Hair Salon"},"image":{"@id":"https:\/\/arbuti.com\/fr\/#\/schema\/logo\/image\/"},"sameAs":["https:\/\/www.facebook.com\/Arbutihairsalon\/","https:\/\/www.instagram.com\/arbutihairsalon\/","https:\/\/www.pinterest.de\/arbutihairsalon\/arbuti-hair-salon\/"]},{"@type":"Person","@id":"https:\/\/arbuti.com\/fr\/#\/schema\/person\/d85bbf7b442ca0f812c3aa0ed9eece8f","name":"admin","image":{"@type":"ImageObject","inLanguage":"cs","@id":"https:\/\/arbuti.com\/fr\/#\/schema\/person\/image\/","url":"https:\/\/secure.gravatar.com\/avatar\/a5ca7376327017715559ffb9b376df51?s=96&d=mm&r=g","contentUrl":"https:\/\/secure.gravatar.com\/avatar\/a5ca7376327017715559ffb9b376df51?s=96&d=mm&r=g","caption":"admin"}}]}},"uagb_featured_image_src":{"full":["https:\/\/arbuti.com\/wp-content\/uploads\/2021\/01\/brauthaarfarbe.jpg",860,900,false],"thumbnail":["https:\/\/arbuti.com\/wp-content\/uploads\/2021\/01\/brauthaarfarbe-150x150.jpg",150,150,true],"medium":["https:\/\/arbuti.com\/wp-content\/uploads\/2021\/01\/brauthaarfarbe-287x300.jpg",287,300,true],"medium_large":["https:\/\/arbuti.com\/wp-content\/uploads\/2021\/01\/brauthaarfarbe-768x804.jpg",768,804,true],"large":["https:\/\/arbuti.com\/wp-content\/uploads\/2021\/01\/brauthaarfarbe.jpg",860,900,false],"1536x1536":["https:\/\/arbuti.com\/wp-content\/uploads\/2021\/01\/brauthaarfarbe.jpg",860,900,false],"2048x2048":["https:\/\/arbuti.com\/wp-content\/uploads\/2021\/01\/brauthaarfarbe.jpg",860,900,false],"trp-custom-language-flag":["https:\/\/arbuti.com\/wp-content\/uploads\/2021\/01\/brauthaarfarbe.jpg",11,12,false],"wp_review_large":["https:\/\/arbuti.com\/wp-content\/uploads\/2021\/01\/brauthaarfarbe-320x200.jpg",320,200,true],"wp_review_small":["https:\/\/arbuti.com\/wp-content\/uploads\/2021\/01\/brauthaarfarbe-65x65.jpg",65,65,true]},"uagb_author_info":{"display_name":"admin","author_link":"https:\/\/arbuti.com\/cs\/author\/admin\/"},"uagb_comment_info":0,"uagb_excerpt":"So stellen Sie sicher, dass Sie die perfekte Haarfarbe f\u00fcr Ihre Hochzeit haben Es gibt viele Details, die in die [&hellip;]","_links":{"self":[{"href":"https:\/\/arbuti.com\/cs\/wp-json\/wp\/v2\/posts\/6574","targetHints":{"allow":["GET"]}}],"collection":[{"href":"https:\/\/arbuti.com\/cs\/wp-json\/wp\/v2\/posts"}],"about":[{"href":"https:\/\/arbuti.com\/cs\/wp-json\/wp\/v2\/types\/post"}],"author":[{"embeddable":true,"href":"https:\/\/arbuti.com\/cs\/wp-json\/wp\/v2\/users\/1"}],"replies":[{"embeddable":true,"href":"https:\/\/arbuti.com\/cs\/wp-json\/wp\/v2\/comments?post=6574"}],"version-history":[{"count":14,"href":"https:\/\/arbuti.com\/cs\/wp-json\/wp\/v2\/posts\/6574\/revisions"}],"predecessor-version":[{"id":9431,"href":"https:\/\/arbuti.com\/cs\/wp-json\/wp\/v2\/posts\/6574\/revisions\/9431"}],"wp:featuredmedia":[{"embeddable":true,"href":"https:\/\/arbuti.com\/cs\/wp-json\/wp\/v2\/media\/6586"}],"wp:attachment":[{"href":"https:\/\/arbuti.com\/cs\/wp-json\/wp\/v2\/media?parent=6574"}],"wp:term":[{"taxonomy":"category","embeddable":true,"href":"https:\/\/arbuti.com\/cs\/wp-json\/wp\/v2\/categories?post=6574"},{"taxonomy":"post_tag","embeddable":true,"href":"https:\/\/arbuti.com\/cs\/wp-json\/wp\/v2\/tags?post=6574"}],"curies":[{"name":"wp","href":"https:\/\/api.w.org\/{rel}","templated":true}]}}