{"id":12060,"date":"2023-03-31T07:00:23","date_gmt":"2023-03-31T07:00:23","guid":{"rendered":"https:\/\/arbuti.com\/?p=12060"},"modified":"2025-04-01T06:59:57","modified_gmt":"2025-04-01T06:59:57","slug":"haarwachs","status":"publish","type":"post","link":"https:\/\/arbuti.com\/cs\/vosk-na-vlasy\/","title":{"rendered":"Vosk na vlasy"},"content":{"rendered":"<h1 class=\"wp-block-heading has-text-align-center\" id=\"h-die-10-besten-haarwachs-im-test-2025-unsere-erfahrungen-und-empfehlungen\">10 nejlep\u0161\u00edch vlasov\u00fdch vosk\u016f v testu 2025 \u2013 Na\u0161e zku\u0161enosti a doporu\u010den\u00ed!<\/h1>\n\n\n\n<p class=\"has-text-align-center\">Haarwachs ist ein unverzichtbares Styling-Produkt f\u00fcr M\u00e4nner und Frauen, um das Haar in Form zu bringen und einen perfekten Look zu erzielen. Wir haben uns auf die Suche nach den besten Haarwachsen auf dem Markt gemacht und diese einem umfangreichen Test unterzogen. In diesem Artikel stellen wir Ihnen die Top 10 Haarwachse f\u00fcr 2025 vor.<\/p>\n\n\n\n\n\n\n<figure class=\"wp-block-image aligncenter size-large is-resized\"><a href=\"https:\/\/arbuti.com\/wp-content\/uploads\/2023\/03\/Haarwachs.jpeg\"><img loading=\"lazy\" decoding=\"async\" width=\"1024\" height=\"797\" src=\"https:\/\/arbuti.com\/wp-content\/uploads\/2023\/03\/Haarwachs-1024x797.jpeg\" alt=\"Vosk na vlasy \" class=\"wp-image-12267\" style=\"aspect-ratio:1.2857142857142858;width:808px;height:auto\" srcset=\"https:\/\/arbuti.com\/wp-content\/uploads\/2023\/03\/Haarwachs-1024x797.jpeg 1024w, https:\/\/arbuti.com\/wp-content\/uploads\/2023\/03\/Haarwachs-300x234.jpeg 300w, https:\/\/arbuti.com\/wp-content\/uploads\/2023\/03\/Haarwachs-768x598.jpeg 768w, https:\/\/arbuti.com\/wp-content\/uploads\/2023\/03\/Haarwachs-15x12.jpeg 15w, https:\/\/arbuti.com\/wp-content\/uploads\/2023\/03\/Haarwachs.jpeg 1200w\" sizes=\"auto, (max-width: 1024px) 100vw, 1024px\" \/><\/a><\/figure>\n\n\n\n<h2 class=\"wp-block-heading\">Pro\u010d je vosk na vlasy pro mu\u017ee a \u017eeny nezbytnost\u00ed?<\/h2>\n\n\n\n<p>Vosk na vlasy je z\u00e1kladn\u00edm produktem pro mu\u017ee a \u017eeny, kte\u0159\u00ed si cht\u011bj\u00ed upravit vlasy. Pom\u00e1h\u00e1 tvarovat vlasy a dos\u00e1hnout po\u017eadovan\u00e9ho vzhledu. V porovn\u00e1n\u00ed s jin\u00fdmi stylingov\u00fdmi produkty, jako jsou nap\u0159. <a href=\"https:\/\/arbuti.com\/cs\/gel-na-vlasy\/\">Gel na vlasy<\/a> nebo <a href=\"https:\/\/arbuti.com\/cs\/lak-na-vlasy\/\">Lak na vlasy<\/a> vosk na vlasy m\u00e1 tu v\u00fdhodu, \u017ee se nelep\u00ed na vlasy a udr\u017euje je pru\u017en\u00e9. To znamen\u00e1, \u017ee m\u016f\u017eete snadno m\u011bnit \u00fa\u010des a upravovat vlasy v pr\u016fb\u011bhu dne.<\/p>\n\n\n\n<h2 class=\"wp-block-heading\">\u010c\u00edm se vyzna\u010duje dobr\u00fd vosk na vlasy?<\/h2>\n\n\n\n<p>Dobr\u00fd vosk na vlasy se vyzna\u010duje r\u016fzn\u00fdmi vlastnostmi. M\u011bl by m\u00edt dobrou strukturu a konzistenci, aby optim\u00e1ln\u011b upravoval vlasy a udr\u017eoval jejich pru\u017enost. Nem\u011bl by tak\u00e9 obsahovat \u017e\u00e1dn\u00e9 \u0161kodliv\u00e9 slo\u017eky a nem\u011bl by vlasy vysu\u0161ovat ani po\u0161kozovat. D\u016fle\u017eitou roli p\u0159i v\u00fdb\u011bru spr\u00e1vn\u00e9ho vosku na vlasy hraje tak\u00e9 v\u016fn\u011b a v\u00fdt\u011b\u017enost.<\/p>\n\n\n\n<h2 class=\"wp-block-heading\" id=\"h-top-10-haarwachs-im-test-2025\">Top 10 Haarwachs im Test 2025<\/h2>\n\n\n\n<h3 class=\"wp-block-heading\">1. m\u00edsto: American Crew Fiber<\/h3>\n\n\n\n<figure class=\"wp-block-image size-large is-resized\"><a href=\"https:\/\/amzn.to\/3nxEAyy\" target=\"_blank\" rel=\"noreferrer noopener\"><img loading=\"lazy\" decoding=\"async\" width=\"1024\" height=\"1024\" src=\"https:\/\/arbuti.com\/wp-content\/uploads\/2023\/03\/Haarwachs-1-1024x1024.jpg\" alt=\"Vosk na vlasy\" class=\"wp-image-12144\" style=\"width:406px;height:auto\" srcset=\"https:\/\/arbuti.com\/wp-content\/uploads\/2023\/03\/Haarwachs-1-1024x1024.jpg 1024w, https:\/\/arbuti.com\/wp-content\/uploads\/2023\/03\/Haarwachs-1-300x300.jpg 300w, https:\/\/arbuti.com\/wp-content\/uploads\/2023\/03\/Haarwachs-1-150x150.jpg 150w, https:\/\/arbuti.com\/wp-content\/uploads\/2023\/03\/Haarwachs-1-768x768.jpg 768w, https:\/\/arbuti.com\/wp-content\/uploads\/2023\/03\/Haarwachs-1-12x12.jpg 12w, https:\/\/arbuti.com\/wp-content\/uploads\/2023\/03\/Haarwachs-1-65x65.jpg 65w, https:\/\/arbuti.com\/wp-content\/uploads\/2023\/03\/Haarwachs-1.jpg 1500w\" sizes=\"auto, (max-width: 1024px) 100vw, 1024px\" \/><\/a><\/figure>\n\n\n\n<p>Vosk na vlasy American Crew Fiber je klasikou mezi vosky na vlasy a p\u0159esv\u011bd\u010dil n\u00e1s v testu. M\u00e1 p\u0159\u00edjemnou texturu, mu\u017enou v\u016fni a snadno se zapracov\u00e1v\u00e1 do vlas\u016f. Vosk na vlasy je velmi \u00fasporn\u00fd a udr\u017euje vlasy ve tvaru po cel\u00fd den.<\/p>\n\n\n\n<div class=\"wp-block-buttons is-layout-flex wp-block-buttons-is-layout-flex\">\n<div class=\"wp-block-button\"><a class=\"wp-block-button__link wp-element-button\" href=\"\" target=\"_blank\" rel=\"noreferrer noopener\">Amazon<\/a><\/div>\n<\/div>\n\n\n\n<hr class=\"wp-block-separator has-alpha-channel-opacity is-style-wide\"\/>\n\n\n\n<div style=\"height:58px\" aria-hidden=\"true\" class=\"wp-block-spacer\"><\/div>\n\n\n\n<h3 class=\"wp-block-heading\">2. m\u00edsto: Schwarzkopf 3 Weather Taft Power Wax<\/h3>\n\n\n\n<figure class=\"wp-block-image size-large is-resized\"><a href=\"https:\/\/amzn.to\/40G6WFT\" target=\"_blank\" rel=\"noreferrer noopener\"><img loading=\"lazy\" decoding=\"async\" width=\"1024\" height=\"521\" src=\"https:\/\/arbuti.com\/wp-content\/uploads\/2023\/03\/Haarwachs-2-1024x521.jpg\" alt=\"Vosk na vlasy\" class=\"wp-image-12145\" style=\"width:385px;height:196px\" srcset=\"https:\/\/arbuti.com\/wp-content\/uploads\/2023\/03\/Haarwachs-2-1024x521.jpg 1024w, https:\/\/arbuti.com\/wp-content\/uploads\/2023\/03\/Haarwachs-2-300x153.jpg 300w, https:\/\/arbuti.com\/wp-content\/uploads\/2023\/03\/Haarwachs-2-768x391.jpg 768w, https:\/\/arbuti.com\/wp-content\/uploads\/2023\/03\/Haarwachs-2-18x9.jpg 18w, https:\/\/arbuti.com\/wp-content\/uploads\/2023\/03\/Haarwachs-2.jpg 1500w\" sizes=\"auto, (max-width: 1024px) 100vw, 1024px\" \/><\/a><\/figure>\n\n\n\n<p>Schwarzkopf 3 Weather Taft Power Wax je vysoce kvalitn\u00ed vosk na vlasy, kter\u00fd je vhodn\u00fd zejm\u00e9na pro kr\u00e1tk\u00e9 a\u017e st\u0159edn\u011b dlouh\u00e9 vlasy. M\u00e1 lehkou texturu a p\u0159\u00edjemnou v\u016fni. Vosk na vlasy se snadno nan\u00e1\u0161\u00ed a poskytuje silnou fixaci.<\/p>\n\n\n\n<div class=\"wp-block-buttons is-layout-flex wp-block-buttons-is-layout-flex\">\n<div class=\"wp-block-button\"><a class=\"wp-block-button__link wp-element-button\" href=\"https:\/\/amzn.to\/40G6WFT\" target=\"_blank\" rel=\"noreferrer noopener\">Amazon<\/a><\/div>\n<\/div>\n\n\n\n<hr class=\"wp-block-separator has-alpha-channel-opacity is-style-wide\"\/>\n\n\n\n<div style=\"height:58px\" aria-hidden=\"true\" class=\"wp-block-spacer\"><\/div>\n\n\n\n<h3 class=\"wp-block-heading\">3. m\u00edsto: Wella Eimi Texture Touch<\/h3>\n\n\n\n<figure class=\"wp-block-image size-full is-resized\"><a href=\"https:\/\/amzn.to\/40G7885\" target=\"_blank\" rel=\"noreferrer noopener\"><img loading=\"lazy\" decoding=\"async\" width=\"764\" height=\"557\" src=\"https:\/\/arbuti.com\/wp-content\/uploads\/2023\/03\/Haarwachs-3.jpg\" alt=\"Vosk na vlasy\" class=\"wp-image-12146\" style=\"width:382px;height:279px\" srcset=\"https:\/\/arbuti.com\/wp-content\/uploads\/2023\/03\/Haarwachs-3.jpg 764w, https:\/\/arbuti.com\/wp-content\/uploads\/2023\/03\/Haarwachs-3-300x219.jpg 300w, https:\/\/arbuti.com\/wp-content\/uploads\/2023\/03\/Haarwachs-3-16x12.jpg 16w\" sizes=\"auto, (max-width: 764px) 100vw, 764px\" \/><\/a><\/figure>\n\n\n\n<p>Vosk na vlasy Wella Eimi Texture Touch je ide\u00e1ln\u00ed stylingov\u00fd p\u0159\u00edpravek pro mu\u017ee a \u017eeny s kr\u00e1tk\u00fdmi a\u017e st\u0159edn\u011b dlouh\u00fdmi vlasy. M\u00e1 p\u0159\u00edjemnou texturu a sv\u011b\u017e\u00ed v\u016fni. Vosk na vlasy poskytuje silnou fixaci a snadno se vym\u00fdv\u00e1.<\/p>\n\n\n\n<div class=\"wp-block-buttons is-layout-flex wp-block-buttons-is-layout-flex\">\n<div class=\"wp-block-button\"><a class=\"wp-block-button__link wp-element-button\" href=\"https:\/\/amzn.to\/40G7885\" target=\"_blank\" rel=\"noreferrer noopener\">Amazon<\/a><\/div>\n<\/div>\n\n\n\n<hr class=\"wp-block-separator has-alpha-channel-opacity is-style-wide\"\/>\n\n\n\n<div style=\"height:58px\" aria-hidden=\"true\" class=\"wp-block-spacer\"><\/div>\n\n\n\n<h3 class=\"wp-block-heading\">4. Platz: L&#8217;Or\u00e9al Paris Studio Line Matt &amp; Messy<\/h3>\n\n\n\n<figure class=\"wp-block-image size-large is-resized\"><a href=\"https:\/\/amzn.to\/3nubIrb\" target=\"_blank\" rel=\"noreferrer noopener\"><img loading=\"lazy\" decoding=\"async\" width=\"1024\" height=\"703\" src=\"https:\/\/arbuti.com\/wp-content\/uploads\/2023\/03\/Haarwachs-4-1024x703.jpg\" alt=\"Vosk na vlasy\" class=\"wp-image-12147\" style=\"width:374px;height:257px\" srcset=\"https:\/\/arbuti.com\/wp-content\/uploads\/2023\/03\/Haarwachs-4-1024x703.jpg 1024w, https:\/\/arbuti.com\/wp-content\/uploads\/2023\/03\/Haarwachs-4-300x206.jpg 300w, https:\/\/arbuti.com\/wp-content\/uploads\/2023\/03\/Haarwachs-4-768x527.jpg 768w, https:\/\/arbuti.com\/wp-content\/uploads\/2023\/03\/Haarwachs-4-1536x1054.jpg 1536w, https:\/\/arbuti.com\/wp-content\/uploads\/2023\/03\/Haarwachs-4-18x12.jpg 18w, https:\/\/arbuti.com\/wp-content\/uploads\/2023\/03\/Haarwachs-4.jpg 2000w\" sizes=\"auto, (max-width: 1024px) 100vw, 1024px\" \/><\/a><\/figure>\n\n\n\n<p>Das L&#8217;Or\u00e9al Paris Studio Line Matt &amp; Messy Haarwachs ist ideal f\u00fcr M\u00e4nner und Frauen, die einen l\u00e4ssigen und nat\u00fcrlichen Look bevorzugen. Es hat eine leichte Textur und einen dezenten Duft. Das Haarwachs l\u00e4sst sich einfach auftragen und bietet einen flexiblen Halt.<\/p>\n\n\n\n<div class=\"wp-block-buttons is-layout-flex wp-block-buttons-is-layout-flex\">\n<div class=\"wp-block-button\"><a class=\"wp-block-button__link wp-element-button\" href=\"https:\/\/amzn.to\/3nubIrb\" target=\"_blank\" rel=\"noreferrer noopener\">Amazon<\/a><\/div>\n<\/div>\n\n\n\n<hr class=\"wp-block-separator has-alpha-channel-opacity is-style-wide\"\/>\n\n\n\n<div style=\"height:58px\" aria-hidden=\"true\" class=\"wp-block-spacer\"><\/div>\n\n\n\n<h3 class=\"wp-block-heading\">5. m\u00edsto: got2b beach mat surfer look<\/h3>\n\n\n\n<figure class=\"wp-block-image size-full is-resized\"><a href=\"https:\/\/amzn.to\/40IfyeD\" target=\"_blank\" rel=\"noreferrer noopener\"><img loading=\"lazy\" decoding=\"async\" width=\"362\" height=\"500\" src=\"https:\/\/arbuti.com\/wp-content\/uploads\/2023\/03\/Haarwachs-5.jpg\" alt=\"Vosk na vlasy\" class=\"wp-image-12148\" style=\"width:305px;height:421px\" srcset=\"https:\/\/arbuti.com\/wp-content\/uploads\/2023\/03\/Haarwachs-5.jpg 362w, https:\/\/arbuti.com\/wp-content\/uploads\/2023\/03\/Haarwachs-5-217x300.jpg 217w, https:\/\/arbuti.com\/wp-content\/uploads\/2023\/03\/Haarwachs-5-9x12.jpg 9w\" sizes=\"auto, (max-width: 362px) 100vw, 362px\" \/><\/a><\/figure>\n\n\n\n<p>Vosk na vlasy got2b beach matte surfer look je ide\u00e1ln\u00ed pro mu\u017ee a \u017eeny, kte\u0159\u00ed d\u00e1vaj\u00ed p\u0159ednost le\u017e\u00e9rn\u00edmu pl\u00e1\u017eov\u00e9mu vzhledu. M\u00e1 lehkou texturu a osv\u011b\u017euj\u00edc\u00ed v\u016fni. Vosk na vlasy se snadno zapracov\u00e1v\u00e1 do vlas\u016f a nab\u00edz\u00ed flexibiln\u00ed dr\u017een\u00ed.<\/p>\n\n\n\n<div class=\"wp-block-buttons is-layout-flex wp-block-buttons-is-layout-flex\">\n<div class=\"wp-block-button\"><a class=\"wp-block-button__link wp-element-button\" href=\"https:\/\/amzn.to\/40IfyeD\" target=\"_blank\" rel=\"noreferrer noopener\">Amazon<\/a><\/div>\n<\/div>\n\n\n\n<hr class=\"wp-block-separator has-alpha-channel-opacity is-style-wide\"\/>\n\n\n\n<div style=\"height:58px\" aria-hidden=\"true\" class=\"wp-block-spacer\"><\/div>\n\n\n\n<h3 class=\"wp-block-heading\">6. m\u00edsto: Redken Brews Clay Pomade<\/h3>\n\n\n\n<figure class=\"wp-block-image size-large is-resized\"><a href=\"https:\/\/amzn.to\/3nu0DX0\" target=\"_blank\" rel=\"noreferrer noopener\"><img loading=\"lazy\" decoding=\"async\" width=\"1024\" height=\"677\" src=\"https:\/\/arbuti.com\/wp-content\/uploads\/2023\/03\/Haarwachs-6-1024x677.jpg\" alt=\"Vosk na vlasy\" class=\"wp-image-12149\" style=\"width:416px;height:276px\" srcset=\"https:\/\/arbuti.com\/wp-content\/uploads\/2023\/03\/Haarwachs-6-1024x677.jpg 1024w, https:\/\/arbuti.com\/wp-content\/uploads\/2023\/03\/Haarwachs-6-300x198.jpg 300w, https:\/\/arbuti.com\/wp-content\/uploads\/2023\/03\/Haarwachs-6-768x507.jpg 768w, https:\/\/arbuti.com\/wp-content\/uploads\/2023\/03\/Haarwachs-6-18x12.jpg 18w, https:\/\/arbuti.com\/wp-content\/uploads\/2023\/03\/Haarwachs-6.jpg 1500w\" sizes=\"auto, (max-width: 1024px) 100vw, 1024px\" \/><\/a><\/figure>\n\n\n\n<p>Vosk na vlasy Redken Brews Clay Pomade je vysoce kvalitn\u00ed stylingov\u00fd p\u0159\u00edpravek pro mu\u017ee s kr\u00e1tk\u00fdmi a\u017e st\u0159edn\u011b dlouh\u00fdmi vlasy. M\u00e1 p\u0159\u00edjemnou texturu a mu\u017enou v\u016fni. Vosk na vlasy poskytuje silnou fixaci a snadno se vym\u00fdv\u00e1.<\/p>\n\n\n\n<div class=\"wp-block-buttons is-layout-flex wp-block-buttons-is-layout-flex\">\n<div class=\"wp-block-button\"><a class=\"wp-block-button__link wp-element-button\" href=\"https:\/\/amzn.to\/3nu0DX0\" target=\"_blank\" rel=\"noreferrer noopener\">Amazon<\/a><\/div>\n<\/div>\n\n\n\n<hr class=\"wp-block-separator has-alpha-channel-opacity is-style-wide\"\/>\n\n\n\n<div style=\"height:58px\" aria-hidden=\"true\" class=\"wp-block-spacer\"><\/div>\n\n\n\n<h3 class=\"wp-block-heading\">7. m\u00edsto: TIGI Bed Head Manipulator Matte<\/h3>\n\n\n\n<figure class=\"wp-block-image size-full is-resized\"><a href=\"https:\/\/amzn.to\/3JVJqND\" target=\"_blank\" rel=\"noreferrer noopener\"><img loading=\"lazy\" decoding=\"async\" width=\"812\" height=\"460\" src=\"https:\/\/arbuti.com\/wp-content\/uploads\/2023\/03\/Haarwachs-7.jpg\" alt=\"Test vosku na vlasy\" class=\"wp-image-12150\" style=\"width:406px;height:230px\" srcset=\"https:\/\/arbuti.com\/wp-content\/uploads\/2023\/03\/Haarwachs-7.jpg 812w, https:\/\/arbuti.com\/wp-content\/uploads\/2023\/03\/Haarwachs-7-300x170.jpg 300w, https:\/\/arbuti.com\/wp-content\/uploads\/2023\/03\/Haarwachs-7-768x435.jpg 768w, https:\/\/arbuti.com\/wp-content\/uploads\/2023\/03\/Haarwachs-7-18x10.jpg 18w\" sizes=\"auto, (max-width: 812px) 100vw, 812px\" \/><\/a><\/figure>\n\n\n\n<p>Vosk na vlasy TIGI Bed Head Manipulator Matte je ide\u00e1ln\u00ed pro mu\u017ee a \u017eeny s kr\u00e1tk\u00fdmi a\u017e st\u0159edn\u011b dlouh\u00fdmi vlasy, kte\u0159\u00ed d\u00e1vaj\u00ed p\u0159ednost p\u0159irozen\u00e9mu vzhledu. M\u00e1 lehkou texturu a sv\u011b\u017e\u00ed v\u016fni. Vosk na vlasy nab\u00edz\u00ed flexibiln\u00ed fixaci a snadno se vym\u00fdv\u00e1.<\/p>\n\n\n\n<div class=\"wp-block-buttons is-layout-flex wp-block-buttons-is-layout-flex\">\n<div class=\"wp-block-button\"><a class=\"wp-block-button__link wp-element-button\" href=\"https:\/\/amzn.to\/3JVJqND\" target=\"_blank\" rel=\"noreferrer noopener\">Amazon<\/a><\/div>\n<\/div>\n\n\n\n<hr class=\"wp-block-separator has-alpha-channel-opacity is-style-wide\"\/>\n\n\n\n<div style=\"height:58px\" aria-hidden=\"true\" class=\"wp-block-spacer\"><\/div>\n\n\n\n<h3 class=\"wp-block-heading\">8. m\u00edsto: Fudge Urban Matte Wax<\/h3>\n\n\n\n<figure class=\"wp-block-image size-large is-resized\"><a href=\"https:\/\/amzn.to\/3JXBOKu\" target=\"_blank\" rel=\"noreferrer noopener\"><img loading=\"lazy\" decoding=\"async\" width=\"704\" height=\"1024\" src=\"https:\/\/arbuti.com\/wp-content\/uploads\/2023\/03\/Haarwachs-8-704x1024.jpg\" alt=\"Test vosku na vlasy\" class=\"wp-image-12151\" style=\"width:352px;height:512px\" srcset=\"https:\/\/arbuti.com\/wp-content\/uploads\/2023\/03\/Haarwachs-8-704x1024.jpg 704w, https:\/\/arbuti.com\/wp-content\/uploads\/2023\/03\/Haarwachs-8-206x300.jpg 206w, https:\/\/arbuti.com\/wp-content\/uploads\/2023\/03\/Haarwachs-8-768x1117.jpg 768w, https:\/\/arbuti.com\/wp-content\/uploads\/2023\/03\/Haarwachs-8-8x12.jpg 8w, https:\/\/arbuti.com\/wp-content\/uploads\/2023\/03\/Haarwachs-8.jpg 792w\" sizes=\"auto, (max-width: 704px) 100vw, 704px\" \/><\/a><\/figure>\n\n\n\n<p>Vosk na vlasy Fudge Urban Matte Wax je stylingov\u00fd p\u0159\u00edpravek pro mu\u017ee a \u017eeny s kr\u00e1tk\u00fdmi a\u017e st\u0159edn\u011b dlouh\u00fdmi vlasy. M\u00e1 lehkou texturu a p\u0159\u00edjemnou v\u016fni. Vosk na vlasy nab\u00edz\u00ed flexibiln\u00ed fixaci a snadno se vym\u00fdv\u00e1.<\/p>\n\n\n\n<div class=\"wp-block-buttons is-layout-flex wp-block-buttons-is-layout-flex\">\n<div class=\"wp-block-button\"><a class=\"wp-block-button__link wp-element-button\" href=\"https:\/\/amzn.to\/3JXBOKu\" target=\"_blank\" rel=\"noreferrer noopener\">Amazon<\/a><\/div>\n<\/div>\n\n\n\n<hr class=\"wp-block-separator has-alpha-channel-opacity is-style-wide\"\/>\n\n\n\n<div style=\"height:58px\" aria-hidden=\"true\" class=\"wp-block-spacer\"><\/div>\n\n\n\n<h3 class=\"wp-block-heading\">9. m\u00edsto: Goldwell StyleSign Creative Texture Roughman<\/h3>\n\n\n\n<figure class=\"wp-block-image size-large is-resized\"><a href=\"https:\/\/amzn.to\/3G2Hwts\" target=\"_blank\" rel=\"noreferrer noopener\"><img loading=\"lazy\" decoding=\"async\" width=\"323\" height=\"1024\" src=\"https:\/\/arbuti.com\/wp-content\/uploads\/2023\/03\/Haarwachs-9-323x1024.jpg\" alt=\"Test vosku na vlasy\" class=\"wp-image-12152\" style=\"width:162px;height:512px\" srcset=\"https:\/\/arbuti.com\/wp-content\/uploads\/2023\/03\/Haarwachs-9-323x1024.jpg 323w, https:\/\/arbuti.com\/wp-content\/uploads\/2023\/03\/Haarwachs-9-95x300.jpg 95w, https:\/\/arbuti.com\/wp-content\/uploads\/2023\/03\/Haarwachs-9-4x12.jpg 4w, https:\/\/arbuti.com\/wp-content\/uploads\/2023\/03\/Haarwachs-9.jpg 437w\" sizes=\"auto, (max-width: 323px) 100vw, 323px\" \/><\/a><\/figure>\n\n\n\n<p>Vosk na vlasy Goldwell StyleSign Creative Texture Roughman je ide\u00e1ln\u00ed pro mu\u017ee s kr\u00e1tk\u00fdmi a\u017e st\u0159edn\u011b dlouh\u00fdmi vlasy. M\u00e1 p\u0159\u00edjemnou texturu a jemnou v\u016fni. Vosk na vlasy poskytuje silnou fixaci a snadno se vym\u00fdv\u00e1.<\/p>\n\n\n\n<div class=\"wp-block-buttons is-layout-flex wp-block-buttons-is-layout-flex\">\n<div class=\"wp-block-button\"><a class=\"wp-block-button__link wp-element-button\" href=\"https:\/\/amzn.to\/3G2Hwts\" target=\"_blank\" rel=\"noreferrer noopener\">Amazon<\/a><\/div>\n<\/div>\n\n\n\n<hr class=\"wp-block-separator has-alpha-channel-opacity is-style-wide\"\/>\n\n\n\n<div style=\"height:58px\" aria-hidden=\"true\" class=\"wp-block-spacer\"><\/div>\n\n\n\n<h3 class=\"wp-block-heading\">10. m\u00edsto: Label.m Matte Paste<\/h3>\n\n\n\n<figure class=\"wp-block-image size-full is-resized\"><a href=\"https:\/\/amzn.to\/3JWOAsH\" target=\"_blank\" rel=\"noreferrer noopener\"><img loading=\"lazy\" decoding=\"async\" width=\"1000\" height=\"928\" src=\"https:\/\/arbuti.com\/wp-content\/uploads\/2023\/03\/Haarwachs-10.jpg\" alt=\"Test vosku na vlasy\" class=\"wp-image-12153\" style=\"width:355px;height:329px\" srcset=\"https:\/\/arbuti.com\/wp-content\/uploads\/2023\/03\/Haarwachs-10.jpg 1000w, https:\/\/arbuti.com\/wp-content\/uploads\/2023\/03\/Haarwachs-10-300x278.jpg 300w, https:\/\/arbuti.com\/wp-content\/uploads\/2023\/03\/Haarwachs-10-768x713.jpg 768w, https:\/\/arbuti.com\/wp-content\/uploads\/2023\/03\/Haarwachs-10-13x12.jpg 13w\" sizes=\"auto, (max-width: 1000px) 100vw, 1000px\" \/><\/a><\/figure>\n\n\n\n<p>Vosk na vlasy Label.m Matte Paste je vysoce kvalitn\u00ed stylingov\u00fd p\u0159\u00edpravek pro mu\u017ee a \u017eeny s kr\u00e1tk\u00fdmi a\u017e st\u0159edn\u011b dlouh\u00fdmi vlasy. M\u00e1 p\u0159\u00edjemnou texturu a sv\u011b\u017e\u00ed v\u016fni. Vosk na vlasy poskytuje flexibiln\u00ed fixaci a snadno se vym\u00fdv\u00e1.<\/p>\n\n\n\n<div class=\"wp-block-buttons is-layout-flex wp-block-buttons-is-layout-flex\">\n<div class=\"wp-block-button\"><a class=\"wp-block-button__link wp-element-button\" href=\"https:\/\/amzn.to\/3JWOAsH\" target=\"_blank\" rel=\"noreferrer noopener\">Amazon<\/a><\/div>\n<\/div>\n\n\n\n<hr class=\"wp-block-separator has-alpha-channel-opacity is-style-wide\"\/>\n\n\n\n<div style=\"height:58px\" aria-hidden=\"true\" class=\"wp-block-spacer\"><\/div>\n\n\n\n<h2 class=\"wp-block-heading\">Z\u00e1v\u011br<\/h2>\n\n\n\n<p>Vosk na vlasy je nepostradateln\u00fdm p\u0159\u00edpravkem pro mu\u017ee i \u017eeny, kter\u00fd umo\u017e\u0148uje tvarovat vlasy a dos\u00e1hnout po\u017eadovan\u00e9ho vzhledu. V na\u0161em testu jsme vybrali nejlep\u0161\u00ed vosky na vlasy na trhu a p\u0159edstavili v\u00e1m je v na\u0161em seznamu 10 nejlep\u0161\u00edch. A\u0165 u\u017e d\u00e1v\u00e1te p\u0159ednost siln\u00e9mu zpevn\u011bn\u00ed nebo p\u0159irozen\u00e9mu vzhledu, z nab\u00eddky si vybere ka\u017ed\u00fd.<\/p>\n\n\n\n<h2 class=\"wp-block-heading\">Tipy pro pou\u017eit\u00ed vosku na vlasy<\/h2>\n\n\n\n<ul class=\"wp-block-list\">\n<li>Pou\u017eijte pouze mal\u00e9 mno\u017estv\u00ed vosku na vlasy a rovnom\u011brn\u011b jej naneste na vlasy.<\/li>\n\n\n\n<li>Vosk rovnom\u011brn\u011b rozet\u0159ete po vlasech a dbejte na to, aby se neslepil.<\/li>\n\n\n\n<li>Za\u010dn\u011bte s mal\u00fdm mno\u017estv\u00edm vosku na vlasy a v p\u0159\u00edpad\u011b pot\u0159eby p\u0159idejte dal\u0161\u00ed.<\/li>\n\n\n\n<li>Vlasy roz\u010desejte nebo vykart\u00e1\u010dujte, aby se vosk rovnom\u011brn\u011b rozprost\u0159el.<\/li>\n\n\n\n<li>Pro dosa\u017een\u00ed nejlep\u0161\u00edch v\u00fdsledk\u016f pou\u017e\u00edvejte vosk pouze na such\u00e9 vlasy.<\/li>\n<\/ul>\n\n\n\n<h2 class=\"wp-block-heading\">Ot\u00e1zky a odpov\u011bdi<\/h2>\n\n\n\t\t<section\t\tclass=\"sc_fs_faq sc_card\"\n\t\t\t\t>\n\t\t\t\t<h3>M\u016f\u017ee vosk na vlasy po\u0161kodit vlasy?<\/h3>\t\t\t\t<div>\n\t\t\t\t\t\t<div class=\"sc_fs_faq__content\">\n\t\t\t\t\n\n<p>Ne, vosk na vlasy by nem\u011bl po\u0161kodit vlasy, pokud neobsahuje \u0161kodliv\u00e9 slo\u017eky a je pou\u017e\u00edv\u00e1n spr\u00e1vn\u011b.<\/p>\n\n\t\t\t<\/div>\n\t\t<\/div>\n\t\t<\/section>\n\t\t\t\t<section\t\tclass=\"sc_fs_faq sc_card\"\n\t\t\t\t>\n\t\t\t\t<h3>Lze vosk na vlasy pou\u017e\u00edt pro v\u0161echny typy vlas\u016f?<\/h3>\t\t\t\t<div>\n\t\t\t\t\t\t<div class=\"sc_fs_faq__content\">\n\t\t\t\t\n\n<p>Ano, existuj\u00ed vosky na vlasy pro v\u0161echny typy a d\u00e9lky vlas\u016f. P\u0159i v\u00fdb\u011bru vosku na vlasy v\u011bnujte pozornost vlastnostem v\u00fdrobku a doporu\u010den\u00edm.<\/p>\n\n\t\t\t<\/div>\n\t\t<\/div>\n\t\t<\/section>\n\t\t\t\t<section\t\tclass=\"sc_fs_faq sc_card\"\n\t\t\t\t>\n\t\t\t\t<h3>M\u016f\u017ee vosk na vlasy vydr\u017eet cel\u00fd den?<\/h3>\t\t\t\t<div>\n\t\t\t\t\t\t<div class=\"sc_fs_faq__content\">\n\t\t\t\t\n\n<p>Ano, kvalitn\u00ed vosky na vlasy dok\u00e1\u017e\u00ed udr\u017eet vlasy ve tvaru po cel\u00fd den. V z\u00e1vislosti na typu a d\u00e9lce vlas\u016f v\u0161ak m\u016f\u017ee b\u00fdt nutn\u00e9 je obnovovat nebo znovu nan\u00e1\u0161et.<\/p>\n\n\t\t\t<\/div>\n\t\t<\/div>\n\t\t<\/section>\n\t\t\t\t<section\t\tclass=\"sc_fs_faq sc_card\"\n\t\t\t\t>\n\t\t\t\t<h3>Lze vosk na vlasy sm\u00fdt?<\/h3>\t\t\t\t<div>\n\t\t\t\t\t\t<div class=\"sc_fs_faq__content\">\n\t\t\t\t\n\n<p>Ano, vosk na vlasy lze sm\u00fdt. K d\u016fkladn\u00e9mu umyt\u00ed vlas\u016f pou\u017eijte jemn\u00fd \u0161ampon.<\/p>\n\n\t\t\t<\/div>\n\t\t<\/div>\n\t\t<\/section>\n\t\t\t\t<section\t\tclass=\"sc_fs_faq sc_card\"\n\t\t\t\t>\n\t\t\t\t<h3>Kolik vosku na vlasy m\u00e1m pou\u017e\u00edt?<\/h3>\t\t\t\t<div>\n\t\t\t\t\t\t<div class=\"sc_fs_faq__content\">\n\t\t\t\t\n\n<p>Pou\u017eijte mal\u00e9 mno\u017estv\u00ed vosku na vlasy a v p\u0159\u00edpad\u011b pot\u0159eby p\u0159idejte dal\u0161\u00ed. Je lep\u0161\u00ed za\u010d\u00edt s mal\u00fdm mno\u017estv\u00edm a v p\u0159\u00edpad\u011b pot\u0159eby p\u0159idat v\u00edce, ne\u017e pou\u017e\u00edt p\u0159\u00edli\u0161 mnoho vosku na vlasy a vlasy zat\u00ed\u017eit.<\/p>\n\n\t\t\t<\/div>\n\t\t<\/div>\n\t\t<\/section>\n\t\t\n<script type=\"application\/ld+json\">{\n    \"@context\": \"https:\\\/\\\/schema.org\",\n    \"@type\": \"FAQPage\",\n    \"mainEntity\": [\n        {\n            \"@type\": \"Question\",\n            \"name\": \"Kann Haarwachs das Haar besch\\u00e4digen?\",\n            \"acceptedAnswer\": {\n                \"@type\": \"Answer\",\n                \"text\": \"<p>Nein, Haarwachs sollte das Haar nicht besch\\u00e4digen, solange es keine sch\\u00e4dlichen Inhaltsstoffe enth\\u00e4lt und korrekt angewendet wird.<\\\/p>\"\n            }\n        },\n        {\n            \"@type\": \"Question\",\n            \"name\": \"Kann Haarwachs f\\u00fcr alle Haartypen verwendet werden?\",\n            \"acceptedAnswer\": {\n                \"@type\": \"Answer\",\n                \"text\": \"<p>Ja, es gibt Haarwachse f\\u00fcr alle Haartypen und -l\\u00e4ngen. Achten Sie bei der Auswahl des Haarwachses auf die Eigenschaften und Empfehlungen des Produkts.<\\\/p>\"\n            }\n        },\n        {\n            \"@type\": \"Question\",\n            \"name\": \"Kann Haarwachs den ganzen Tag \\u00fcber halten?\",\n            \"acceptedAnswer\": {\n                \"@type\": \"Answer\",\n                \"text\": \"<p>Ja, hochwertige Haarwachse k\\u00f6nnen das Haar den ganzen Tag \\u00fcber in Form halten. Je nach Haartyp und -l\\u00e4nge kann jedoch eine Auffrischung oder Neuanwendung erforderlich sein.<\\\/p>\"\n            }\n        },\n        {\n            \"@type\": \"Question\",\n            \"name\": \"Kann Haarwachs ausgewaschen werden?\",\n            \"acceptedAnswer\": {\n                \"@type\": \"Answer\",\n                \"text\": \"<p>Ja, Haarwachs kann ausgewaschen werden. Verwenden Sie ein mildes Shampoo, um das Haar gr\\u00fcndlich zu reinigen.<\\\/p>\"\n            }\n        },\n        {\n            \"@type\": \"Question\",\n            \"name\": \"Wie viel Haarwachs sollte ich verwenden?\",\n            \"acceptedAnswer\": {\n                \"@type\": \"Answer\",\n                \"text\": \"<p>Verwenden Sie eine kleine Menge Haarwachs und f\\u00fcgen Sie bei Bedarf mehr hinzu. Es ist besser, mit einer kleinen Menge zu beginnen und bei Bedarf mehr hinzuzuf\\u00fcgen, als zu viel Haarwachs zu verwenden und das Haar zu beschweren.<\\\/p>\"\n            }\n        }\n    ]\n}<\/script>","protected":false},"excerpt":{"rendered":"<p>Die 10 besten Haarwachs im Test 2025 \u2013 Unsere Erfahrungen und Empfehlungen! Haarwachs ist ein unverzichtbares Styling-Produkt f\u00fcr M\u00e4nner und [&hellip;]<\/p>","protected":false},"author":6,"featured_media":12267,"comment_status":"closed","ping_status":"open","sticky":false,"template":"","format":"standard","meta":{"ub_ctt_via":"","_uag_custom_page_level_css":"","site-sidebar-layout":"default","site-content-layout":"","ast-site-content-layout":"default","site-content-style":"default","site-sidebar-style":"default","ast-global-header-display":"","ast-banner-title-visibility":"","ast-main-header-display":"","ast-hfb-above-header-display":"","ast-hfb-below-header-display":"","ast-hfb-mobile-header-display":"","site-post-title":"","ast-breadcrumbs-content":"","ast-featured-img":"","footer-sml-layout":"","theme-transparent-header-meta":"","adv-header-id-meta":"","stick-header-meta":"","header-above-stick-meta":"","header-main-stick-meta":"","header-below-stick-meta":"","astra-migrate-meta-layouts":"set","ast-page-background-enabled":"default","ast-page-background-meta":{"desktop":{"background-color":"","background-image":"","background-repeat":"repeat","background-position":"center center","background-size":"auto","background-attachment":"scroll","background-type":"","background-media":"","overlay-type":"","overlay-color":"","overlay-opacity":"","overlay-gradient":""},"tablet":{"background-color":"","background-image":"","background-repeat":"repeat","background-position":"center center","background-size":"auto","background-attachment":"scroll","background-type":"","background-media":"","overlay-type":"","overlay-color":"","overlay-opacity":"","overlay-gradient":""},"mobile":{"background-color":"","background-image":"","background-repeat":"repeat","background-position":"center center","background-size":"auto","background-attachment":"scroll","background-type":"","background-media":"","overlay-type":"","overlay-color":"","overlay-opacity":"","overlay-gradient":""}},"ast-content-background-meta":{"desktop":{"background-color":"var(--ast-global-color-5)","background-image":"","background-repeat":"repeat","background-position":"center center","background-size":"auto","background-attachment":"scroll","background-type":"","background-media":"","overlay-type":"","overlay-color":"","overlay-opacity":"","overlay-gradient":""},"tablet":{"background-color":"var(--ast-global-color-5)","background-image":"","background-repeat":"repeat","background-position":"center center","background-size":"auto","background-attachment":"scroll","background-type":"","background-media":"","overlay-type":"","overlay-color":"","overlay-opacity":"","overlay-gradient":""},"mobile":{"background-color":"var(--ast-global-color-5)","background-image":"","background-repeat":"repeat","background-position":"center center","background-size":"auto","background-attachment":"scroll","background-type":"","background-media":"","overlay-type":"","overlay-color":"","overlay-opacity":"","overlay-gradient":""}},"footnotes":""},"categories":[6322],"tags":[],"class_list":["post-12060","post","type-post","status-publish","format-standard","has-post-thumbnail","hentry","category-haarstyling"],"featured_image_src":"https:\/\/arbuti.com\/wp-content\/uploads\/2023\/03\/Haarwachs.jpeg","author_info":{"display_name":"A. Gladon","author_link":"https:\/\/arbuti.com\/cs\/author\/a-gladon\/"},"yoast_head":"<!-- This site is optimized with the Yoast SEO Premium plugin v25.3 (Yoast SEO v25.3) - https:\/\/yoast.com\/wordpress\/plugins\/seo\/ -->\n<title>Top 10 Haarwachs im Test 2025 \u2013 Die besten Produkte f\u00fcr M\u00e4nner und Frauen<\/title>\n<meta name=\"description\" content=\"Erfahren Sie in unserem umfangreichen Test, welche Haarwachse 2025 die besten f\u00fcr M\u00e4nner und Frauen sind. Unsere Top 10 Liste zeigt Ihnen die besten Produkte auf dem Markt.\" \/>\n<meta name=\"robots\" content=\"index, follow, max-snippet:-1, max-image-preview:large, max-video-preview:-1\" \/>\n<link rel=\"canonical\" href=\"https:\/\/arbuti.com\/cs\/vosk-na-vlasy\/\" \/>\n<meta property=\"og:locale\" content=\"cs_CZ\" \/>\n<meta property=\"og:type\" content=\"article\" \/>\n<meta property=\"og:title\" content=\"Haarwachs\" \/>\n<meta property=\"og:description\" content=\"Die 10 besten Haarwachs im Test 2025 \u2013 Unsere Erfahrungen und Empfehlungen! Haarwachs ist ein unverzichtbares Styling-Produkt f\u00fcr M\u00e4nner und Frauen, um\" \/>\n<meta property=\"og:url\" content=\"https:\/\/arbuti.com\/cs\/vosk-na-vlasy\/\" \/>\n<meta property=\"og:site_name\" content=\"ARBUTI Hair Salon\" \/>\n<meta property=\"article:publisher\" content=\"https:\/\/www.facebook.com\/Arbutihairsalon\/\" \/>\n<meta property=\"article:published_time\" content=\"2023-03-31T07:00:23+00:00\" \/>\n<meta property=\"article:modified_time\" content=\"2025-04-01T06:59:57+00:00\" \/>\n<meta property=\"og:image\" content=\"https:\/\/arbuti.com\/wp-content\/uploads\/2023\/03\/Haarwachs.jpeg\" \/>\n\t<meta property=\"og:image:width\" content=\"1200\" \/>\n\t<meta property=\"og:image:height\" content=\"934\" \/>\n\t<meta property=\"og:image:type\" content=\"image\/jpeg\" \/>\n<meta name=\"author\" content=\"A. Gladon\" \/>\n<meta name=\"twitter:card\" content=\"summary_large_image\" \/>\n<meta name=\"twitter:label1\" content=\"Napsal(a)\" \/>\n\t<meta name=\"twitter:data1\" content=\"A. Gladon\" \/>\n\t<meta name=\"twitter:label2\" content=\"Odhadovan\u00e1 doba \u010dten\u00ed\" \/>\n\t<meta name=\"twitter:data2\" content=\"8 minut\" \/>\n<script type=\"application\/ld+json\" class=\"yoast-schema-graph\">{\"@context\":\"https:\/\/schema.org\",\"@graph\":[{\"@type\":\"Article\",\"@id\":\"https:\/\/arbuti.com\/haarwachs\/#article\",\"isPartOf\":{\"@id\":\"https:\/\/arbuti.com\/haarwachs\/\"},\"author\":{\"name\":\"A. Gladon\",\"@id\":\"https:\/\/arbuti.com\/fr\/#\/schema\/person\/619bba0ce387727cdcf0142253bad655\"},\"headline\":\"Haarwachs\",\"datePublished\":\"2023-03-31T07:00:23+00:00\",\"dateModified\":\"2025-04-01T06:59:57+00:00\",\"mainEntityOfPage\":{\"@id\":\"https:\/\/arbuti.com\/haarwachs\/\"},\"wordCount\":1003,\"publisher\":{\"@id\":\"https:\/\/arbuti.com\/fr\/#organization\"},\"image\":{\"@id\":\"https:\/\/arbuti.com\/haarwachs\/#primaryimage\"},\"thumbnailUrl\":\"https:\/\/arbuti.com\/wp-content\/uploads\/2023\/03\/Haarwachs.jpeg\",\"articleSection\":[\"Haarstyling\"],\"inLanguage\":\"cs\"},{\"@type\":\"WebPage\",\"@id\":\"https:\/\/arbuti.com\/haarwachs\/\",\"url\":\"https:\/\/arbuti.com\/haarwachs\/\",\"name\":\"Top 10 Haarwachs im Test 2025 \u2013 Die besten Produkte f\u00fcr M\u00e4nner und Frauen\",\"isPartOf\":{\"@id\":\"https:\/\/arbuti.com\/fr\/#website\"},\"primaryImageOfPage\":{\"@id\":\"https:\/\/arbuti.com\/haarwachs\/#primaryimage\"},\"image\":{\"@id\":\"https:\/\/arbuti.com\/haarwachs\/#primaryimage\"},\"thumbnailUrl\":\"https:\/\/arbuti.com\/wp-content\/uploads\/2023\/03\/Haarwachs.jpeg\",\"datePublished\":\"2023-03-31T07:00:23+00:00\",\"dateModified\":\"2025-04-01T06:59:57+00:00\",\"description\":\"Erfahren Sie in unserem umfangreichen Test, welche Haarwachse 2025 die besten f\u00fcr M\u00e4nner und Frauen sind. Unsere Top 10 Liste zeigt Ihnen die besten Produkte auf dem Markt.\",\"breadcrumb\":{\"@id\":\"https:\/\/arbuti.com\/haarwachs\/#breadcrumb\"},\"inLanguage\":\"cs\",\"potentialAction\":[{\"@type\":\"ReadAction\",\"target\":[\"https:\/\/arbuti.com\/haarwachs\/\"]}]},{\"@type\":\"ImageObject\",\"inLanguage\":\"cs\",\"@id\":\"https:\/\/arbuti.com\/haarwachs\/#primaryimage\",\"url\":\"https:\/\/arbuti.com\/wp-content\/uploads\/2023\/03\/Haarwachs.jpeg\",\"contentUrl\":\"https:\/\/arbuti.com\/wp-content\/uploads\/2023\/03\/Haarwachs.jpeg\",\"width\":1200,\"height\":934,\"caption\":\"Haarwachs\"},{\"@type\":\"BreadcrumbList\",\"@id\":\"https:\/\/arbuti.com\/haarwachs\/#breadcrumb\",\"itemListElement\":[{\"@type\":\"ListItem\",\"position\":1,\"name\":\"ARBUTI\",\"item\":\"https:\/\/arbuti.com\/\"},{\"@type\":\"ListItem\",\"position\":2,\"name\":\"Haarstyling\",\"item\":\"https:\/\/arbuti.com\/fr\/categorie\/haarstyling\/\"},{\"@type\":\"ListItem\",\"position\":3,\"name\":\"Haarwachs\"}]},{\"@type\":\"WebSite\",\"@id\":\"https:\/\/arbuti.com\/fr\/#website\",\"url\":\"https:\/\/arbuti.com\/fr\/\",\"name\":\"ARBUTI Hair Salon\",\"description\":\"Friseur M\u00fcnchen\",\"publisher\":{\"@id\":\"https:\/\/arbuti.com\/fr\/#organization\"},\"alternateName\":\"ARBUTI\",\"potentialAction\":[{\"@type\":\"SearchAction\",\"target\":{\"@type\":\"EntryPoint\",\"urlTemplate\":\"https:\/\/arbuti.com\/fr\/?s={search_term_string}\"},\"query-input\":{\"@type\":\"PropertyValueSpecification\",\"valueRequired\":true,\"valueName\":\"search_term_string\"}}],\"inLanguage\":\"cs\"},{\"@type\":\"Organization\",\"@id\":\"https:\/\/arbuti.com\/fr\/#organization\",\"name\":\"ARBUTI Hair Salon\",\"alternateName\":\"ARBUTI\",\"url\":\"https:\/\/arbuti.com\/fr\/\",\"logo\":{\"@type\":\"ImageObject\",\"inLanguage\":\"cs\",\"@id\":\"https:\/\/arbuti.com\/fr\/#\/schema\/logo\/image\/\",\"url\":\"https:\/\/arbuti.com\/wp-content\/uploads\/2020\/04\/cropped-Arbuti-Friseur-Muenchen.jpg\",\"contentUrl\":\"https:\/\/arbuti.com\/wp-content\/uploads\/2020\/04\/cropped-Arbuti-Friseur-Muenchen.jpg\",\"width\":512,\"height\":512,\"caption\":\"ARBUTI Hair Salon\"},\"image\":{\"@id\":\"https:\/\/arbuti.com\/fr\/#\/schema\/logo\/image\/\"},\"sameAs\":[\"https:\/\/www.facebook.com\/Arbutihairsalon\/\",\"https:\/\/www.instagram.com\/arbutihairsalon\/\",\"https:\/\/www.pinterest.de\/arbutihairsalon\/arbuti-hair-salon\/\"]},{\"@type\":\"Person\",\"@id\":\"https:\/\/arbuti.com\/fr\/#\/schema\/person\/619bba0ce387727cdcf0142253bad655\",\"name\":\"A. Gladon\",\"image\":{\"@type\":\"ImageObject\",\"inLanguage\":\"cs\",\"@id\":\"https:\/\/arbuti.com\/fr\/#\/schema\/person\/image\/\",\"url\":\"https:\/\/secure.gravatar.com\/avatar\/01d0389447fdb53dfe70fcb247b9714b?s=96&d=mm&r=g\",\"contentUrl\":\"https:\/\/secure.gravatar.com\/avatar\/01d0389447fdb53dfe70fcb247b9714b?s=96&d=mm&r=g\",\"caption\":\"A. Gladon\"}}]}<\/script>\n<!-- \/ Yoast SEO Premium plugin. -->","yoast_head_json":{"title":"Top 10 Haarwachs im Test 2025 \u2013 Die besten Produkte f\u00fcr M\u00e4nner und Frauen","description":"Erfahren Sie in unserem umfangreichen Test, welche Haarwachse 2025 die besten f\u00fcr M\u00e4nner und Frauen sind. Unsere Top 10 Liste zeigt Ihnen die besten Produkte auf dem Markt.","robots":{"index":"index","follow":"follow","max-snippet":"max-snippet:-1","max-image-preview":"max-image-preview:large","max-video-preview":"max-video-preview:-1"},"canonical":"https:\/\/arbuti.com\/cs\/vosk-na-vlasy\/","og_locale":"cs_CZ","og_type":"article","og_title":"Haarwachs","og_description":"Die 10 besten Haarwachs im Test 2025 \u2013 Unsere Erfahrungen und Empfehlungen! Haarwachs ist ein unverzichtbares Styling-Produkt f\u00fcr M\u00e4nner und Frauen, um","og_url":"https:\/\/arbuti.com\/cs\/vosk-na-vlasy\/","og_site_name":"ARBUTI Hair Salon","article_publisher":"https:\/\/www.facebook.com\/Arbutihairsalon\/","article_published_time":"2023-03-31T07:00:23+00:00","article_modified_time":"2025-04-01T06:59:57+00:00","og_image":[{"width":1200,"height":934,"url":"https:\/\/arbuti.com\/wp-content\/uploads\/2023\/03\/Haarwachs.jpeg","type":"image\/jpeg"}],"author":"A. Gladon","twitter_card":"summary_large_image","twitter_misc":{"Napsal(a)":"A. Gladon","Odhadovan\u00e1 doba \u010dten\u00ed":"8 minut"},"schema":{"@context":"https:\/\/schema.org","@graph":[{"@type":"Article","@id":"https:\/\/arbuti.com\/haarwachs\/#article","isPartOf":{"@id":"https:\/\/arbuti.com\/haarwachs\/"},"author":{"name":"A. Gladon","@id":"https:\/\/arbuti.com\/fr\/#\/schema\/person\/619bba0ce387727cdcf0142253bad655"},"headline":"Haarwachs","datePublished":"2023-03-31T07:00:23+00:00","dateModified":"2025-04-01T06:59:57+00:00","mainEntityOfPage":{"@id":"https:\/\/arbuti.com\/haarwachs\/"},"wordCount":1003,"publisher":{"@id":"https:\/\/arbuti.com\/fr\/#organization"},"image":{"@id":"https:\/\/arbuti.com\/haarwachs\/#primaryimage"},"thumbnailUrl":"https:\/\/arbuti.com\/wp-content\/uploads\/2023\/03\/Haarwachs.jpeg","articleSection":["Haarstyling"],"inLanguage":"cs"},{"@type":"WebPage","@id":"https:\/\/arbuti.com\/haarwachs\/","url":"https:\/\/arbuti.com\/haarwachs\/","name":"Top 10 Haarwachs im Test 2025 \u2013 Die besten Produkte f\u00fcr M\u00e4nner und Frauen","isPartOf":{"@id":"https:\/\/arbuti.com\/fr\/#website"},"primaryImageOfPage":{"@id":"https:\/\/arbuti.com\/haarwachs\/#primaryimage"},"image":{"@id":"https:\/\/arbuti.com\/haarwachs\/#primaryimage"},"thumbnailUrl":"https:\/\/arbuti.com\/wp-content\/uploads\/2023\/03\/Haarwachs.jpeg","datePublished":"2023-03-31T07:00:23+00:00","dateModified":"2025-04-01T06:59:57+00:00","description":"Erfahren Sie in unserem umfangreichen Test, welche Haarwachse 2025 die besten f\u00fcr M\u00e4nner und Frauen sind. Unsere Top 10 Liste zeigt Ihnen die besten Produkte auf dem Markt.","breadcrumb":{"@id":"https:\/\/arbuti.com\/haarwachs\/#breadcrumb"},"inLanguage":"cs","potentialAction":[{"@type":"ReadAction","target":["https:\/\/arbuti.com\/haarwachs\/"]}]},{"@type":"ImageObject","inLanguage":"cs","@id":"https:\/\/arbuti.com\/haarwachs\/#primaryimage","url":"https:\/\/arbuti.com\/wp-content\/uploads\/2023\/03\/Haarwachs.jpeg","contentUrl":"https:\/\/arbuti.com\/wp-content\/uploads\/2023\/03\/Haarwachs.jpeg","width":1200,"height":934,"caption":"Haarwachs"},{"@type":"BreadcrumbList","@id":"https:\/\/arbuti.com\/haarwachs\/#breadcrumb","itemListElement":[{"@type":"ListItem","position":1,"name":"ARBUTI","item":"https:\/\/arbuti.com\/"},{"@type":"ListItem","position":2,"name":"Haarstyling","item":"https:\/\/arbuti.com\/fr\/categorie\/haarstyling\/"},{"@type":"ListItem","position":3,"name":"Haarwachs"}]},{"@type":"WebSite","@id":"https:\/\/arbuti.com\/fr\/#website","url":"https:\/\/arbuti.com\/fr\/","name":"ARBUTI Hair Salon","description":"Friseur M\u00fcnchen","publisher":{"@id":"https:\/\/arbuti.com\/fr\/#organization"},"alternateName":"ARBUTI","potentialAction":[{"@type":"SearchAction","target":{"@type":"EntryPoint","urlTemplate":"https:\/\/arbuti.com\/fr\/?s={search_term_string}"},"query-input":{"@type":"PropertyValueSpecification","valueRequired":true,"valueName":"search_term_string"}}],"inLanguage":"cs"},{"@type":"Organization","@id":"https:\/\/arbuti.com\/fr\/#organization","name":"ARBUTI Hair Salon","alternateName":"ARBUTI","url":"https:\/\/arbuti.com\/fr\/","logo":{"@type":"ImageObject","inLanguage":"cs","@id":"https:\/\/arbuti.com\/fr\/#\/schema\/logo\/image\/","url":"https:\/\/arbuti.com\/wp-content\/uploads\/2020\/04\/cropped-Arbuti-Friseur-Muenchen.jpg","contentUrl":"https:\/\/arbuti.com\/wp-content\/uploads\/2020\/04\/cropped-Arbuti-Friseur-Muenchen.jpg","width":512,"height":512,"caption":"ARBUTI Hair Salon"},"image":{"@id":"https:\/\/arbuti.com\/fr\/#\/schema\/logo\/image\/"},"sameAs":["https:\/\/www.facebook.com\/Arbutihairsalon\/","https:\/\/www.instagram.com\/arbutihairsalon\/","https:\/\/www.pinterest.de\/arbutihairsalon\/arbuti-hair-salon\/"]},{"@type":"Person","@id":"https:\/\/arbuti.com\/fr\/#\/schema\/person\/619bba0ce387727cdcf0142253bad655","name":"A. Gladon","image":{"@type":"ImageObject","inLanguage":"cs","@id":"https:\/\/arbuti.com\/fr\/#\/schema\/person\/image\/","url":"https:\/\/secure.gravatar.com\/avatar\/01d0389447fdb53dfe70fcb247b9714b?s=96&d=mm&r=g","contentUrl":"https:\/\/secure.gravatar.com\/avatar\/01d0389447fdb53dfe70fcb247b9714b?s=96&d=mm&r=g","caption":"A. Gladon"}}]}},"uagb_featured_image_src":{"full":["https:\/\/arbuti.com\/wp-content\/uploads\/2023\/03\/Haarwachs.jpeg",1200,934,false],"thumbnail":["https:\/\/arbuti.com\/wp-content\/uploads\/2023\/03\/Haarwachs-150x150.jpeg",150,150,true],"medium":["https:\/\/arbuti.com\/wp-content\/uploads\/2023\/03\/Haarwachs-300x234.jpeg",300,234,true],"medium_large":["https:\/\/arbuti.com\/wp-content\/uploads\/2023\/03\/Haarwachs-768x598.jpeg",768,598,true],"large":["https:\/\/arbuti.com\/wp-content\/uploads\/2023\/03\/Haarwachs-1024x797.jpeg",1024,797,true],"1536x1536":["https:\/\/arbuti.com\/wp-content\/uploads\/2023\/03\/Haarwachs.jpeg",1200,934,false],"2048x2048":["https:\/\/arbuti.com\/wp-content\/uploads\/2023\/03\/Haarwachs.jpeg",1200,934,false],"trp-custom-language-flag":["https:\/\/arbuti.com\/wp-content\/uploads\/2023\/03\/Haarwachs-15x12.jpeg",15,12,true],"wp_review_large":["https:\/\/arbuti.com\/wp-content\/uploads\/2023\/03\/Haarwachs-320x200.jpeg",320,200,true],"wp_review_small":["https:\/\/arbuti.com\/wp-content\/uploads\/2023\/03\/Haarwachs-65x65.jpeg",65,65,true]},"uagb_author_info":{"display_name":"A. Gladon","author_link":"https:\/\/arbuti.com\/cs\/author\/a-gladon\/"},"uagb_comment_info":0,"uagb_excerpt":"Die 10 besten Haarwachs im Test 2025 \u2013 Unsere Erfahrungen und Empfehlungen! Haarwachs ist ein unverzichtbares Styling-Produkt f\u00fcr M\u00e4nner und [&hellip;]","_links":{"self":[{"href":"https:\/\/arbuti.com\/cs\/wp-json\/wp\/v2\/posts\/12060","targetHints":{"allow":["GET"]}}],"collection":[{"href":"https:\/\/arbuti.com\/cs\/wp-json\/wp\/v2\/posts"}],"about":[{"href":"https:\/\/arbuti.com\/cs\/wp-json\/wp\/v2\/types\/post"}],"author":[{"embeddable":true,"href":"https:\/\/arbuti.com\/cs\/wp-json\/wp\/v2\/users\/6"}],"replies":[{"embeddable":true,"href":"https:\/\/arbuti.com\/cs\/wp-json\/wp\/v2\/comments?post=12060"}],"version-history":[{"count":7,"href":"https:\/\/arbuti.com\/cs\/wp-json\/wp\/v2\/posts\/12060\/revisions"}],"predecessor-version":[{"id":14332,"href":"https:\/\/arbuti.com\/cs\/wp-json\/wp\/v2\/posts\/12060\/revisions\/14332"}],"wp:featuredmedia":[{"embeddable":true,"href":"https:\/\/arbuti.com\/cs\/wp-json\/wp\/v2\/media\/12267"}],"wp:attachment":[{"href":"https:\/\/arbuti.com\/cs\/wp-json\/wp\/v2\/media?parent=12060"}],"wp:term":[{"taxonomy":"category","embeddable":true,"href":"https:\/\/arbuti.com\/cs\/wp-json\/wp\/v2\/categories?post=12060"},{"taxonomy":"post_tag","embeddable":true,"href":"https:\/\/arbuti.com\/cs\/wp-json\/wp\/v2\/tags?post=12060"}],"curies":[{"name":"wp","href":"https:\/\/api.w.org\/{rel}","templated":true}]}}